{"id":95512,"date":"2025-05-24T14:56:00","date_gmt":"2025-05-24T11:56:00","guid":{"rendered":"https:\/\/denizcankizil.tr\/uncategorized-tr\/yargitay-17-hukuk-dairesinin-2016-1644-e-2018-11686-k-sayili-karari\/"},"modified":"2025-05-24T14:56:00","modified_gmt":"2025-05-24T11:56:00","slug":"yargitay-17-hukuk-dairesinin-2016-1644-e-2018-11686-k-sayili-karari","status":"publish","type":"post","link":"https:\/\/denizcankizil.tr\/ru\/hukukihaber\/yargitay-17-hukuk-dairesinin-2016-1644-e-2018-11686-k-sayili-karari\/","title":{"rendered":"Yarg\u0131tay 17. Hukuk Dairesi\u2019nin 2016\/1644 E., 2018\/11686 K. say\u0131l\u0131 karar\u0131"},"content":{"rendered":"<p>T.C.<\/p>\n<p>Yarg\u0131tay <\/p>\n<p>17. Hukuk Dairesi<\/p>\n<p>2016\/1644 E., 2018\/11686 K.<\/p>\n<p>&#8220;\u0130\u00e7tihat Metni&#8221;<\/p>\n<p>MAHKEMES\u0130 :Ticaret Mahkemesi<\/p>\n<p>Taraflar aras\u0131ndaki, trafik kazas\u0131 nedeniyle maddi tazminat davas\u0131 \u00fczerine yap\u0131lan yarg\u0131lama sonunda, kararda yaz\u0131l\u0131 nedenlerle, davan\u0131n reddine ili\u015fkin verilen h\u00fck\u00fcm, davac\u0131 vekili taraf\u0131ndan s\u00fcresi i\u00e7inde temyiz edilmekle, dosya incelendi, gere\u011fi d\u00fc\u015f\u00fcn\u00fcld\u00fc:<\/p>\n<p>-K A R A R-<\/p>\n<p>Davac\u0131 vekili, &#8230; 18.09.2012 tarihinde ger\u00e7ekle\u015fen ter\u00f6r olay\u0131 nedeniyle &#8230; plakal\u0131 otob\u00fcs\u00fcn i\u00e7inde \u015fehit oldu\u011funu, zorunlu ferdi koltuk kaza sigortas\u0131 nedeniyle daval\u0131n\u0131n sorumlulu\u011fu bulundu\u011funu, daval\u0131ya yap\u0131lan ba\u015fvurunun reddedilmesi nedeniyle 150.000,00 TL tutar\u0131nda icra takibi ba\u015flatt\u0131klar\u0131n\u0131 belirterek; itiraz\u0131n 10.000,00 TL&#8217;lik k\u0131s\u0131m i\u00e7in iptali ile takibin devam\u0131n\u0131 talep etmi\u015ftir.<\/p>\n<p>Daval\u0131 vekili, ter\u00f6r olaylar\u0131n\u0131n poli\u00e7e teminat\u0131 d\u0131\u015f\u0131nda oldu\u011funu belirterek davan\u0131n reddini talep etmi\u015ftir.<\/p>\n<p>Mahkemece; davan\u0131n hukuki yarar yoklu\u011fu nedeniyle usulden reddine karar verilmi\u015f, h\u00fck\u00fcm s\u00fcresi i\u00e7erisinde davac\u0131 vekili taraf\u0131ndan temyiz edilmi\u015ftir.<br \/>\nDava trafik kazas\u0131 nedeniyle maddi tazminat alaca\u011f\u0131 i\u00e7in ba\u015flat\u0131lan icra takibine yap\u0131lan itiraz\u0131n iptaline ili\u015fkindir. Alaca\u011f\u0131n yaln\u0131zca bir b\u00f6l\u00fcm\u00fc i\u00e7in a\u00e7\u0131lan davaya k\u0131smi dava denir. Bir davan\u0131n k\u0131smi dava olarak nitelendirilebilmesi i\u00e7in, alaca\u011f\u0131n t\u00fcm\u00fcn\u00fcn ayn\u0131 hukuki ili\u015fkiden do\u011fmu\u015f olmas\u0131 ve alaca\u011f\u0131n \u015fimdilik belirli bir kesiminin dava edilmesi gerekir. Di\u011fer bir s\u00f6yleyi\u015fle, bir alacak hakk\u0131nda daha fazla bir miktar i\u00e7in tam dava a\u00e7ma imk\u00e2n\u0131 bulunmas\u0131na ra\u011fmen,<br \/>\nalaca\u011f\u0131n bir kesimi i\u00e7in a\u00e7\u0131lan davaya, k\u0131smi dava denir. K\u0131smi dava a\u00e7\u0131labilmesi i\u00e7in talep konusunun b\u00f6l\u00fcnebilir olmas\u0131 gerekli olup, a\u00e7\u0131lan davan\u0131n k\u0131smi dava oldu\u011funun dava dilek\u00e7esinde a\u00e7\u0131k\u00e7a yaz\u0131lmas\u0131 gerekmez. Dava dilek\u00e7esindeki a\u00e7\u0131klamalardan davac\u0131n\u0131n alaca\u011f\u0131n\u0131n daha fazla oldu\u011fu ve istem b\u00f6l\u00fcm\u00fcnde &#8220;fazlaya ili\u015fkin haklar\u0131n\u0131 sakl\u0131 tutmas\u0131&#8221; ya da &#8220;alaca\u011f\u0131n \u015fimdilik \u015fu kadar\u0131n\u0131 dava ediyorum&#8221; demesi, kural olarak yeterlidir.<\/p>\n<p>HMK 109. maddesinde ise, birinci f\u0131kras\u0131nda; talep konusunun niteli\u011fi itibar\u0131yla b\u00f6l\u00fcnebilir oldu\u011fu durumlarda, sadece bir k\u0131sm\u0131n\u0131n da dava yoluyla ileri s\u00fcr\u00fclebilece\u011fi; ikinci f\u0131kras\u0131nda ise; talep konusunun miktar\u0131, taraflar aras\u0131nda tart\u0131\u015fmas\u0131z veya a\u00e7\u0131k\u00e7a belirli ise k\u0131smi dava a\u00e7\u0131lamayaca\u011f\u0131 belirtilmi\u015ftir. \u0130kinci f\u0131kra h\u00fckm\u00fc 20.05.2015 tarihinde iptal edilmi\u015ftir.<\/p>\n<p>Somut olayda davac\u0131 vekili 150.000,00 TL tutar\u0131nda ba\u015flatm\u0131\u015f oldu\u011fu icra takibine yap\u0131lan itiraz\u0131n \u015fimdilik 10.000,00 TL&#8217;lik k\u0131sm\u0131n\u0131n iptalini talep etmi\u015ftir. Bu durumda davac\u0131 alaca\u011f\u0131n\u0131 150.000,00 TL olarak belirlemi\u015f ancak bunun 10.000,00 TL&#8217;lik k\u0131sm\u0131 i\u00e7in takibini devam ettirmek isteyerek alaca\u011f\u0131n bir k\u0131sm\u0131n\u0131 davaya konu etmi\u015f ve yukar\u0131daki a\u00e7\u0131klamalarda da belirtildi\u011fi \u015fekilde k\u0131smi dava a\u00e7m\u0131\u015ft\u0131r. Bu nedenle davac\u0131n\u0131n k\u0131smi dava a\u00e7makta hukuki menfaati bulundu\u011fu g\u00f6zetilmeden yaz\u0131l\u0131 oldu\u011fu \u015fekilde i\u015fin esas\u0131na girmeyerek davan\u0131n reddine karar verilmesi do\u011fru g\u00f6r\u00fclmemi\u015ftir.<\/p>\n<p>SONU\u00c7: Yukar\u0131da a\u00e7\u0131klanan nedenlerle davac\u0131 vekilinin temyiz itirazlar\u0131n\u0131n kabul\u00fc ile h\u00fckm\u00fcn BOZULMASINA, pe\u015fin al\u0131nan harc\u0131n istek halinde temyiz eden davac\u0131ya geri verilmesine 04\/12\/2018 g\u00fcn\u00fcnde oybirli\u011fiyle karar verildi.<\/p>\n<p>\u200bYarg\u0131tay 17. Hukuk Dairesi\u2019nin 04\/12\/2018 tarihli, 2016\/1644 E., 2018\/11686 K. say\u0131l\u0131 karar\u0131\u00a0Hukuki Haber<\/p>\n<p>Haberin Al\u0131nt\u0131land\u0131\u011f\u0131 Kaynak: www.hukukihaber.net<\/p>","protected":false},"excerpt":{"rendered":"<p>T.C. Yarg\u0131tay 17. Hukuk Dairesi 2016\/1644 E., 2018\/11686 K. &#8220;\u0130\u00e7tihat Metni&#8221; MAHKEMES\u0130 :Ticaret Mahkemesi Taraflar aras\u0131ndaki, trafik kazas\u0131 nedeniyle maddi tazminat davas\u0131 \u00fczerine yap\u0131lan yarg\u0131lama sonunda, kararda yaz\u0131l\u0131 nedenlerle, davan\u0131n reddine ili\u015fkin verilen h\u00fck\u00fcm, davac\u0131 vekili taraf\u0131ndan s\u00fcresi i\u00e7inde temyiz edilmekle, dosya incelendi, gere\u011fi d\u00fc\u015f\u00fcn\u00fcld\u00fc: -K A R A R- Davac\u0131 vekili, &#8230; 18.09.2012 tarihinde ger\u00e7ekle\u015fen ter\u00f6r olay\u0131 nedeniyle &#8230; plakal\u0131 otob\u00fcs\u00fcn i\u00e7inde \u015fehit oldu\u011funu, zorunlu ferdi koltuk kaza sigortas\u0131 nedeniyle daval\u0131n\u0131n sorumlulu\u011fu bulundu\u011funu, daval\u0131ya yap\u0131lan ba\u015fvurunun reddedilmesi nedeniyle 150.000,00 TL tutar\u0131nda icra takibi ba\u015flatt\u0131klar\u0131n\u0131 belirterek; itiraz\u0131n 10.000,00 TL&#8217;lik k\u0131s\u0131m i\u00e7in iptali ile takibin devam\u0131n\u0131 talep etmi\u015ftir. Daval\u0131 vekili, ter\u00f6r olaylar\u0131n\u0131n poli\u00e7e teminat\u0131 d\u0131\u015f\u0131nda oldu\u011funu belirterek davan\u0131n reddini talep etmi\u015ftir. Mahkemece; davan\u0131n hukuki yarar yoklu\u011fu nedeniyle usulden reddine karar verilmi\u015f, h\u00fck\u00fcm s\u00fcresi i\u00e7erisinde davac\u0131 vekili taraf\u0131ndan temyiz edilmi\u015ftir. Dava trafik kazas\u0131 nedeniyle maddi tazminat alaca\u011f\u0131 i\u00e7in ba\u015flat\u0131lan icra takibine yap\u0131lan itiraz\u0131n iptaline ili\u015fkindir. Alaca\u011f\u0131n yaln\u0131zca bir b\u00f6l\u00fcm\u00fc i\u00e7in a\u00e7\u0131lan davaya k\u0131smi dava denir. Bir davan\u0131n k\u0131smi dava olarak nitelendirilebilmesi i\u00e7in, alaca\u011f\u0131n t\u00fcm\u00fcn\u00fcn ayn\u0131 hukuki ili\u015fkiden do\u011fmu\u015f olmas\u0131 ve alaca\u011f\u0131n \u015fimdilik belirli bir kesiminin dava edilmesi gerekir. Di\u011fer bir s\u00f6yleyi\u015fle, bir alacak hakk\u0131nda daha fazla bir miktar i\u00e7in tam dava a\u00e7ma imk\u00e2n\u0131 bulunmas\u0131na ra\u011fmen, alaca\u011f\u0131n bir kesimi i\u00e7in a\u00e7\u0131lan davaya, k\u0131smi &hellip;<\/p>","protected":false},"author":3,"featured_media":0,"comment_status":"","ping_status":"open","sticky":false,"template":"","format":"standard","meta":{"_acf_changed":false,"footnotes":""},"categories":[27],"tags":[],"class_list":["post-95512","post","type-post","status-publish","format-standard","has-post-thumbnail","hentry","category-hukukihaber"],"acf":[],"yoast_head":"<!-- This site is optimized with the Yoast SEO Premium plugin v26.6 (Yoast SEO v27.1.1) - https:\/\/yoast.com\/product\/yoast-seo-premium-wordpress\/ -->\n<title>Yarg\u0131tay 17. Hukuk Dairesi\u2019nin 2016\/1644 E., 2018\/11686 K. say\u0131l\u0131 karar\u0131 - Av. Deniz Can K\u0131z\u0131l<\/title>\n<meta name=\"robots\" content=\"index, follow, max-snippet:-1, max-image-preview:large, max-video-preview:-1\" \/>\n<link rel=\"canonical\" href=\"https:\/\/denizcankizil.tr\/ru\/hukukihaber\/yargitay-17-hukuk-dairesinin-2016-1644-e-2018-11686-k-sayili-karari\/\" \/>\n<meta property=\"og:locale\" content=\"ru_RU\" \/>\n<meta property=\"og:type\" content=\"article\" \/>\n<meta property=\"og:title\" content=\"Yarg\u0131tay 17. Hukuk Dairesi\u2019nin 2016\/1644 E., 2018\/11686 K. say\u0131l\u0131 karar\u0131\" \/>\n<meta property=\"og:description\" content=\"T.C. Yarg\u0131tay 17. Hukuk Dairesi 2016\/1644 E., 2018\/11686 K. &#8220;\u0130\u00e7tihat Metni&#8221; MAHKEMES\u0130 :Ticaret Mahkemesi Taraflar aras\u0131ndaki, trafik kazas\u0131 nedeniyle maddi tazminat davas\u0131 \u00fczerine yap\u0131lan yarg\u0131lama sonunda, kararda yaz\u0131l\u0131 nedenlerle, davan\u0131n reddine ili\u015fkin verilen h\u00fck\u00fcm, davac\u0131 vekili taraf\u0131ndan s\u00fcresi i\u00e7inde temyiz edilmekle, dosya incelendi, gere\u011fi d\u00fc\u015f\u00fcn\u00fcld\u00fc: -K A R A R- Davac\u0131 vekili, &#8230; 18.09.2012 tarihinde ger\u00e7ekle\u015fen ter\u00f6r olay\u0131 nedeniyle &#8230; plakal\u0131 otob\u00fcs\u00fcn i\u00e7inde \u015fehit oldu\u011funu, zorunlu ferdi koltuk kaza sigortas\u0131 nedeniyle daval\u0131n\u0131n sorumlulu\u011fu bulundu\u011funu, daval\u0131ya yap\u0131lan ba\u015fvurunun reddedilmesi nedeniyle 150.000,00 TL tutar\u0131nda icra takibi ba\u015flatt\u0131klar\u0131n\u0131 belirterek; itiraz\u0131n 10.000,00 TL&#8217;lik k\u0131s\u0131m i\u00e7in iptali ile takibin devam\u0131n\u0131 talep etmi\u015ftir. Daval\u0131 vekili, ter\u00f6r olaylar\u0131n\u0131n poli\u00e7e teminat\u0131 d\u0131\u015f\u0131nda oldu\u011funu belirterek davan\u0131n reddini talep etmi\u015ftir. Mahkemece; davan\u0131n hukuki yarar yoklu\u011fu nedeniyle usulden reddine karar verilmi\u015f, h\u00fck\u00fcm s\u00fcresi i\u00e7erisinde davac\u0131 vekili taraf\u0131ndan temyiz edilmi\u015ftir. Dava trafik kazas\u0131 nedeniyle maddi tazminat alaca\u011f\u0131 i\u00e7in ba\u015flat\u0131lan icra takibine yap\u0131lan itiraz\u0131n iptaline ili\u015fkindir. Alaca\u011f\u0131n yaln\u0131zca bir b\u00f6l\u00fcm\u00fc i\u00e7in a\u00e7\u0131lan davaya k\u0131smi dava denir. Bir davan\u0131n k\u0131smi dava olarak nitelendirilebilmesi i\u00e7in, alaca\u011f\u0131n t\u00fcm\u00fcn\u00fcn ayn\u0131 hukuki ili\u015fkiden do\u011fmu\u015f olmas\u0131 ve alaca\u011f\u0131n \u015fimdilik belirli bir kesiminin dava edilmesi gerekir. Di\u011fer bir s\u00f6yleyi\u015fle, bir alacak hakk\u0131nda daha fazla bir miktar i\u00e7in tam dava a\u00e7ma imk\u00e2n\u0131 bulunmas\u0131na ra\u011fmen, alaca\u011f\u0131n bir kesimi i\u00e7in a\u00e7\u0131lan davaya, k\u0131smi &hellip;\" \/>\n<meta property=\"og:url\" content=\"https:\/\/denizcankizil.tr\/ru\/hukukihaber\/yargitay-17-hukuk-dairesinin-2016-1644-e-2018-11686-k-sayili-karari\/\" \/>\n<meta property=\"og:site_name\" content=\"Av. Deniz Can K\u0131z\u0131l\" \/>\n<meta property=\"article:published_time\" content=\"2025-05-24T11:56:00+00:00\" \/>\n<meta name=\"author\" content=\"Hukuki Haber.net\" \/>\n<meta name=\"twitter:card\" content=\"summary_large_image\" \/>\n<meta name=\"twitter:label1\" content=\"\u041d\u0430\u043f\u0438\u0441\u0430\u043d\u043e \u0430\u0432\u0442\u043e\u0440\u043e\u043c\" \/>\n\t<meta name=\"twitter:data1\" content=\"Hukuki Haber.net\" \/>\n\t<meta name=\"twitter:label2\" content=\"\u041f\u0440\u0438\u043c\u0435\u0440\u043d\u043e\u0435 \u0432\u0440\u0435\u043c\u044f \u0434\u043b\u044f \u0447\u0442\u0435\u043d\u0438\u044f\" \/>\n\t<meta name=\"twitter:data2\" content=\"3 \u043c\u0438\u043d\u0443\u0442\u044b\" \/>\n<script type=\"application\/ld+json\" class=\"yoast-schema-graph\">{\"@context\":\"https:\/\/schema.org\",\"@graph\":[{\"@type\":\"Article\",\"@id\":\"https:\/\/denizcankizil.tr\/ru\/hukukihaber\/yargitay-17-hukuk-dairesinin-2016-1644-e-2018-11686-k-sayili-karari\/#article\",\"isPartOf\":{\"@id\":\"https:\/\/denizcankizil.tr\/ru\/hukukihaber\/yargitay-17-hukuk-dairesinin-2016-1644-e-2018-11686-k-sayili-karari\/\"},\"author\":{\"name\":\"Hukuki Haber.net\",\"@id\":\"https:\/\/denizcankizil.tr\/de\/#\/schema\/person\/001a271de994a0aa3f90eea084424822\"},\"headline\":\"Yarg\u0131tay 17. Hukuk Dairesi\u2019nin 2016\/1644 E., 2018\/11686 K. say\u0131l\u0131 karar\u0131\",\"datePublished\":\"2025-05-24T11:56:00+00:00\",\"mainEntityOfPage\":{\"@id\":\"https:\/\/denizcankizil.tr\/ru\/hukukihaber\/yargitay-17-hukuk-dairesinin-2016-1644-e-2018-11686-k-sayili-karari\/\"},\"wordCount\":611,\"publisher\":{\"@id\":\"https:\/\/denizcankizil.tr\/de\/#organization\"},\"articleSection\":[\"Hukuki Haberler\"],\"inLanguage\":\"ru-RU\"},{\"@type\":\"WebPage\",\"@id\":\"https:\/\/denizcankizil.tr\/ru\/hukukihaber\/yargitay-17-hukuk-dairesinin-2016-1644-e-2018-11686-k-sayili-karari\/\",\"url\":\"https:\/\/denizcankizil.tr\/ru\/hukukihaber\/yargitay-17-hukuk-dairesinin-2016-1644-e-2018-11686-k-sayili-karari\/\",\"name\":\"Yarg\u0131tay 17. Hukuk Dairesi\u2019nin 2016\/1644 E., 2018\/11686 K. say\u0131l\u0131 karar\u0131 - Av. Deniz Can K\u0131z\u0131l\",\"isPartOf\":{\"@id\":\"https:\/\/denizcankizil.tr\/de\/#website\"},\"datePublished\":\"2025-05-24T11:56:00+00:00\",\"breadcrumb\":{\"@id\":\"https:\/\/denizcankizil.tr\/ru\/hukukihaber\/yargitay-17-hukuk-dairesinin-2016-1644-e-2018-11686-k-sayili-karari\/#breadcrumb\"},\"inLanguage\":\"ru-RU\",\"potentialAction\":[{\"@type\":\"ReadAction\",\"target\":[\"https:\/\/denizcankizil.tr\/ru\/hukukihaber\/yargitay-17-hukuk-dairesinin-2016-1644-e-2018-11686-k-sayili-karari\/\"]}]},{\"@type\":\"BreadcrumbList\",\"@id\":\"https:\/\/denizcankizil.tr\/ru\/hukukihaber\/yargitay-17-hukuk-dairesinin-2016-1644-e-2018-11686-k-sayili-karari\/#breadcrumb\",\"itemListElement\":[{\"@type\":\"ListItem\",\"position\":1,\"name\":\"Home\",\"item\":\"https:\/\/denizcankizil.tr\/de\/\"},{\"@type\":\"ListItem\",\"position\":2,\"name\":\"Yarg\u0131tay 17. Hukuk Dairesi\u2019nin 2016\/1644 E., 2018\/11686 K. say\u0131l\u0131 karar\u0131\"}]},{\"@type\":\"WebSite\",\"@id\":\"https:\/\/denizcankizil.tr\/de\/#website\",\"url\":\"https:\/\/denizcankizil.tr\/de\/\",\"name\":\"Av. Deniz Can K\u0131z\u0131l\",\"description\":\"Avukat Deniz Can K\u0131z\u0131l Antalya Barosu\",\"publisher\":{\"@id\":\"https:\/\/denizcankizil.tr\/de\/#organization\"},\"potentialAction\":[{\"@type\":\"SearchAction\",\"target\":{\"@type\":\"EntryPoint\",\"urlTemplate\":\"https:\/\/denizcankizil.tr\/de\/?s={search_term_string}\"},\"query-input\":{\"@type\":\"PropertyValueSpecification\",\"valueRequired\":true,\"valueName\":\"search_term_string\"}}],\"inLanguage\":\"ru-RU\"},{\"@type\":\"Organization\",\"@id\":\"https:\/\/denizcankizil.tr\/de\/#organization\",\"name\":\"Av. Deniz Can K\u0131z\u0131l\",\"url\":\"https:\/\/denizcankizil.tr\/de\/\",\"logo\":{\"@type\":\"ImageObject\",\"inLanguage\":\"ru-RU\",\"@id\":\"https:\/\/denizcankizil.tr\/de\/#\/schema\/logo\/image\/\",\"url\":\"https:\/\/denizcankizil.tr\/wp-content\/uploads\/2024\/10\/siyah-logo-svg.svg\",\"contentUrl\":\"https:\/\/denizcankizil.tr\/wp-content\/uploads\/2024\/10\/siyah-logo-svg.svg\",\"width\":1080,\"height\":1080,\"caption\":\"Av. Deniz Can K\u0131z\u0131l\"},\"image\":{\"@id\":\"https:\/\/denizcankizil.tr\/de\/#\/schema\/logo\/image\/\"}},{\"@type\":\"Person\",\"@id\":\"https:\/\/denizcankizil.tr\/de\/#\/schema\/person\/001a271de994a0aa3f90eea084424822\",\"name\":\"Hukuki Haber.net\",\"image\":{\"@type\":\"ImageObject\",\"inLanguage\":\"ru-RU\",\"@id\":\"https:\/\/denizcankizil.tr\/de\/#\/schema\/person\/image\/\",\"url\":\"https:\/\/secure.gravatar.com\/avatar\/57d8a49151495586611a149d29fc42865b951dc053a84709a3172ccb5abf3118?s=96&d=mm&r=g\",\"contentUrl\":\"https:\/\/secure.gravatar.com\/avatar\/57d8a49151495586611a149d29fc42865b951dc053a84709a3172ccb5abf3118?s=96&d=mm&r=g\",\"caption\":\"Hukuki Haber.net\"},\"sameAs\":[\"http:\/\/www.hukukihaber.net\"],\"url\":\"https:\/\/denizcankizil.tr\/ru\/author\/hukukihabernet\/\"}]}<\/script>\n<!-- \/ Yoast SEO Premium plugin. -->","yoast_head_json":{"title":"Yarg\u0131tay 17. Hukuk Dairesi\u2019nin 2016\/1644 E., 2018\/11686 K. say\u0131l\u0131 karar\u0131 - Av. Deniz Can K\u0131z\u0131l","robots":{"index":"index","follow":"follow","max-snippet":"max-snippet:-1","max-image-preview":"max-image-preview:large","max-video-preview":"max-video-preview:-1"},"canonical":"https:\/\/denizcankizil.tr\/ru\/hukukihaber\/yargitay-17-hukuk-dairesinin-2016-1644-e-2018-11686-k-sayili-karari\/","og_locale":"ru_RU","og_type":"article","og_title":"Yarg\u0131tay 17. Hukuk Dairesi\u2019nin 2016\/1644 E., 2018\/11686 K. say\u0131l\u0131 karar\u0131","og_description":"T.C. Yarg\u0131tay 17. Hukuk Dairesi 2016\/1644 E., 2018\/11686 K. &#8220;\u0130\u00e7tihat Metni&#8221; MAHKEMES\u0130 :Ticaret Mahkemesi Taraflar aras\u0131ndaki, trafik kazas\u0131 nedeniyle maddi tazminat davas\u0131 \u00fczerine yap\u0131lan yarg\u0131lama sonunda, kararda yaz\u0131l\u0131 nedenlerle, davan\u0131n reddine ili\u015fkin verilen h\u00fck\u00fcm, davac\u0131 vekili taraf\u0131ndan s\u00fcresi i\u00e7inde temyiz edilmekle, dosya incelendi, gere\u011fi d\u00fc\u015f\u00fcn\u00fcld\u00fc: -K A R A R- Davac\u0131 vekili, &#8230; 18.09.2012 tarihinde ger\u00e7ekle\u015fen ter\u00f6r olay\u0131 nedeniyle &#8230; plakal\u0131 otob\u00fcs\u00fcn i\u00e7inde \u015fehit oldu\u011funu, zorunlu ferdi koltuk kaza sigortas\u0131 nedeniyle daval\u0131n\u0131n sorumlulu\u011fu bulundu\u011funu, daval\u0131ya yap\u0131lan ba\u015fvurunun reddedilmesi nedeniyle 150.000,00 TL tutar\u0131nda icra takibi ba\u015flatt\u0131klar\u0131n\u0131 belirterek; itiraz\u0131n 10.000,00 TL&#8217;lik k\u0131s\u0131m i\u00e7in iptali ile takibin devam\u0131n\u0131 talep etmi\u015ftir. Daval\u0131 vekili, ter\u00f6r olaylar\u0131n\u0131n poli\u00e7e teminat\u0131 d\u0131\u015f\u0131nda oldu\u011funu belirterek davan\u0131n reddini talep etmi\u015ftir. Mahkemece; davan\u0131n hukuki yarar yoklu\u011fu nedeniyle usulden reddine karar verilmi\u015f, h\u00fck\u00fcm s\u00fcresi i\u00e7erisinde davac\u0131 vekili taraf\u0131ndan temyiz edilmi\u015ftir. Dava trafik kazas\u0131 nedeniyle maddi tazminat alaca\u011f\u0131 i\u00e7in ba\u015flat\u0131lan icra takibine yap\u0131lan itiraz\u0131n iptaline ili\u015fkindir. Alaca\u011f\u0131n yaln\u0131zca bir b\u00f6l\u00fcm\u00fc i\u00e7in a\u00e7\u0131lan davaya k\u0131smi dava denir. Bir davan\u0131n k\u0131smi dava olarak nitelendirilebilmesi i\u00e7in, alaca\u011f\u0131n t\u00fcm\u00fcn\u00fcn ayn\u0131 hukuki ili\u015fkiden do\u011fmu\u015f olmas\u0131 ve alaca\u011f\u0131n \u015fimdilik belirli bir kesiminin dava edilmesi gerekir. Di\u011fer bir s\u00f6yleyi\u015fle, bir alacak hakk\u0131nda daha fazla bir miktar i\u00e7in tam dava a\u00e7ma imk\u00e2n\u0131 bulunmas\u0131na ra\u011fmen, alaca\u011f\u0131n bir kesimi i\u00e7in a\u00e7\u0131lan davaya, k\u0131smi &hellip;","og_url":"https:\/\/denizcankizil.tr\/ru\/hukukihaber\/yargitay-17-hukuk-dairesinin-2016-1644-e-2018-11686-k-sayili-karari\/","og_site_name":"Av. Deniz Can K\u0131z\u0131l","article_published_time":"2025-05-24T11:56:00+00:00","author":"Hukuki Haber.net","twitter_card":"summary_large_image","twitter_misc":{"\u041d\u0430\u043f\u0438\u0441\u0430\u043d\u043e \u0430\u0432\u0442\u043e\u0440\u043e\u043c":"Hukuki Haber.net","\u041f\u0440\u0438\u043c\u0435\u0440\u043d\u043e\u0435 \u0432\u0440\u0435\u043c\u044f \u0434\u043b\u044f \u0447\u0442\u0435\u043d\u0438\u044f":"3 \u043c\u0438\u043d\u0443\u0442\u044b"},"schema":{"@context":"https:\/\/schema.org","@graph":[{"@type":"Article","@id":"https:\/\/denizcankizil.tr\/ru\/hukukihaber\/yargitay-17-hukuk-dairesinin-2016-1644-e-2018-11686-k-sayili-karari\/#article","isPartOf":{"@id":"https:\/\/denizcankizil.tr\/ru\/hukukihaber\/yargitay-17-hukuk-dairesinin-2016-1644-e-2018-11686-k-sayili-karari\/"},"author":{"name":"Hukuki Haber.net","@id":"https:\/\/denizcankizil.tr\/de\/#\/schema\/person\/001a271de994a0aa3f90eea084424822"},"headline":"Yarg\u0131tay 17. Hukuk Dairesi\u2019nin 2016\/1644 E., 2018\/11686 K. say\u0131l\u0131 karar\u0131","datePublished":"2025-05-24T11:56:00+00:00","mainEntityOfPage":{"@id":"https:\/\/denizcankizil.tr\/ru\/hukukihaber\/yargitay-17-hukuk-dairesinin-2016-1644-e-2018-11686-k-sayili-karari\/"},"wordCount":611,"publisher":{"@id":"https:\/\/denizcankizil.tr\/de\/#organization"},"articleSection":["Hukuki Haberler"],"inLanguage":"ru-RU"},{"@type":"WebPage","@id":"https:\/\/denizcankizil.tr\/ru\/hukukihaber\/yargitay-17-hukuk-dairesinin-2016-1644-e-2018-11686-k-sayili-karari\/","url":"https:\/\/denizcankizil.tr\/ru\/hukukihaber\/yargitay-17-hukuk-dairesinin-2016-1644-e-2018-11686-k-sayili-karari\/","name":"Yarg\u0131tay 17. Hukuk Dairesi\u2019nin 2016\/1644 E., 2018\/11686 K. say\u0131l\u0131 karar\u0131 - Av. Deniz Can K\u0131z\u0131l","isPartOf":{"@id":"https:\/\/denizcankizil.tr\/de\/#website"},"datePublished":"2025-05-24T11:56:00+00:00","breadcrumb":{"@id":"https:\/\/denizcankizil.tr\/ru\/hukukihaber\/yargitay-17-hukuk-dairesinin-2016-1644-e-2018-11686-k-sayili-karari\/#breadcrumb"},"inLanguage":"ru-RU","potentialAction":[{"@type":"ReadAction","target":["https:\/\/denizcankizil.tr\/ru\/hukukihaber\/yargitay-17-hukuk-dairesinin-2016-1644-e-2018-11686-k-sayili-karari\/"]}]},{"@type":"BreadcrumbList","@id":"https:\/\/denizcankizil.tr\/ru\/hukukihaber\/yargitay-17-hukuk-dairesinin-2016-1644-e-2018-11686-k-sayili-karari\/#breadcrumb","itemListElement":[{"@type":"ListItem","position":1,"name":"Home","item":"https:\/\/denizcankizil.tr\/de\/"},{"@type":"ListItem","position":2,"name":"Yarg\u0131tay 17. Hukuk Dairesi\u2019nin 2016\/1644 E., 2018\/11686 K. say\u0131l\u0131 karar\u0131"}]},{"@type":"WebSite","@id":"https:\/\/denizcankizil.tr\/de\/#website","url":"https:\/\/denizcankizil.tr\/de\/","name":"Av. Deniz Can K\u0131z\u0131l","description":"Avukat Deniz Can K\u0131z\u0131l Antalya Barosu","publisher":{"@id":"https:\/\/denizcankizil.tr\/de\/#organization"},"potentialAction":[{"@type":"SearchAction","target":{"@type":"EntryPoint","urlTemplate":"https:\/\/denizcankizil.tr\/de\/?s={search_term_string}"},"query-input":{"@type":"PropertyValueSpecification","valueRequired":true,"valueName":"search_term_string"}}],"inLanguage":"ru-RU"},{"@type":"Organization","@id":"https:\/\/denizcankizil.tr\/de\/#organization","name":"Av. Deniz Can K\u0131z\u0131l","url":"https:\/\/denizcankizil.tr\/de\/","logo":{"@type":"ImageObject","inLanguage":"ru-RU","@id":"https:\/\/denizcankizil.tr\/de\/#\/schema\/logo\/image\/","url":"https:\/\/denizcankizil.tr\/wp-content\/uploads\/2024\/10\/siyah-logo-svg.svg","contentUrl":"https:\/\/denizcankizil.tr\/wp-content\/uploads\/2024\/10\/siyah-logo-svg.svg","width":1080,"height":1080,"caption":"Av. Deniz Can K\u0131z\u0131l"},"image":{"@id":"https:\/\/denizcankizil.tr\/de\/#\/schema\/logo\/image\/"}},{"@type":"Person","@id":"https:\/\/denizcankizil.tr\/de\/#\/schema\/person\/001a271de994a0aa3f90eea084424822","name":"Hukuki Haber.net","image":{"@type":"ImageObject","inLanguage":"ru-RU","@id":"https:\/\/denizcankizil.tr\/de\/#\/schema\/person\/image\/","url":"https:\/\/secure.gravatar.com\/avatar\/57d8a49151495586611a149d29fc42865b951dc053a84709a3172ccb5abf3118?s=96&d=mm&r=g","contentUrl":"https:\/\/secure.gravatar.com\/avatar\/57d8a49151495586611a149d29fc42865b951dc053a84709a3172ccb5abf3118?s=96&d=mm&r=g","caption":"Hukuki Haber.net"},"sameAs":["http:\/\/www.hukukihaber.net"],"url":"https:\/\/denizcankizil.tr\/ru\/author\/hukukihabernet\/"}]}},"_links":{"self":[{"href":"https:\/\/denizcankizil.tr\/ru\/wp-json\/wp\/v2\/posts\/95512","targetHints":{"allow":["GET"]}}],"collection":[{"href":"https:\/\/denizcankizil.tr\/ru\/wp-json\/wp\/v2\/posts"}],"about":[{"href":"https:\/\/denizcankizil.tr\/ru\/wp-json\/wp\/v2\/types\/post"}],"author":[{"embeddable":true,"href":"https:\/\/denizcankizil.tr\/ru\/wp-json\/wp\/v2\/users\/3"}],"replies":[{"embeddable":true,"href":"https:\/\/denizcankizil.tr\/ru\/wp-json\/wp\/v2\/comments?post=95512"}],"version-history":[{"count":0,"href":"https:\/\/denizcankizil.tr\/ru\/wp-json\/wp\/v2\/posts\/95512\/revisions"}],"wp:attachment":[{"href":"https:\/\/denizcankizil.tr\/ru\/wp-json\/wp\/v2\/media?parent=95512"}],"wp:term":[{"taxonomy":"category","embeddable":true,"href":"https:\/\/denizcankizil.tr\/ru\/wp-json\/wp\/v2\/categories?post=95512"},{"taxonomy":"post_tag","embeddable":true,"href":"https:\/\/denizcankizil.tr\/ru\/wp-json\/wp\/v2\/tags?post=95512"}],"curies":[{"name":"wp","href":"https:\/\/api.w.org\/{rel}","templated":true}]}}