{"id":95503,"date":"2025-05-24T15:39:52","date_gmt":"2025-05-24T12:39:52","guid":{"rendered":"https:\/\/denizcankizil.tr\/uncategorized-tr\/ilac-ureticisinin-hukuki-sorumlulugu-tuketici-ve-borclar-hukuku\/"},"modified":"2025-05-24T15:39:52","modified_gmt":"2025-05-24T12:39:52","slug":"ilac-ureticisinin-hukuki-sorumlulugu-tuketici-ve-borclar-hukuku","status":"publish","type":"post","link":"https:\/\/denizcankizil.tr\/ru\/koseyazilari\/degerlendirme\/ilac-ureticisinin-hukuki-sorumlulugu-tuketici-ve-borclar-hukuku\/","title":{"rendered":"\u0130la\u00e7 \u00dcreticisinin Hukuki Sorumlulu\u011fu: T\u00fcketici ve Bor\u00e7lar Hukuku"},"content":{"rendered":"<p> <strong>\u0130la\u00e7 \u00dcreticisinin Hukuki Sorumlulu\u011fu: T\u00fcketici ve Bor\u00e7lar Hukuku<\/strong><\/p>\n<p>\u0130la\u00e7 \u00fcreticileri, sa\u011fl\u0131k alan\u0131nda kritik\u200c bir rol \u00fcstlenmekte olup, \u00fcrettikleri \u200bila\u00e7lar\u0131n g\u00fcvenli\u011fi \u200dve etkinli\u011fi hususunda \u200b\u00f6nemli \u2063bir sorumluluk ta\u015f\u0131maktad\u0131rlar. T\u00fcketici sa\u011fl\u0131\u011f\u0131n\u0131 do\u011frudan etkileyen bu sorumluluk, hem t\u00fcketici hukuku hem\u2063 de\u2062 <a href=\"https:\/\/denizcankizil.tr\/ru\/koseyazilari\/degerlendirme\/akilli-sozlesmelerin-turk-borclar-hukuku-baglaminda-ifasi\/\" title=\"Ak\u0131ll\u0131 S\u00f6zle\u015fmelerin T\u00fcrk Bor\u00e7lar Hukuku Ba\u011flam\u0131nda \u0130fas\u0131\">bor\u00e7lar hukuku \u00e7er\u00e7evesinde<\/a> ele al\u0131nmas\u0131 gereken karma\u015f\u0131k bir \u2063meseledir. T\u00fcketicilerin, ila\u00e7lar\u0131n yan\u200d etkileri \u2062veya \u2064beklenmedik sonu\u00e7lar\u0131 ile kar\u015f\u0131la\u015fmalar\u0131 durumunda, \u00fcreticilerin\u2064 hukuki sorumlulu\u011fu g\u00fcndeme gelmektedir. \u200cBu ba\u011flamda, ila\u00e7\u2064 \u00fcreticilerinin, \u00fcr\u00fcnlerinin g\u00fcvenli\u011fini sa\u011flama y\u00fck\u00fcml\u00fcl\u00fc\u011f\u00fc \u2062ve bu y\u00fck\u00fcml\u00fcl\u00fc\u011f\u00fcn ihlali durumunda ortaya \u00e7\u0131kan hukuki sonu\u00e7lar,\u2064 hem \u200bbireysel hem de toplumsal a\u00e7\u0131dan b\u00fcy\u00fck \u00f6nem arz etmektedir.Bu makalede, <a href=\"https:\/\/denizcankizil.tr\/ru\/hukukihaber\/ilac-ureticisinin-hukuki-sorumlulugu-tuketici-hukuku-ve-borclar-hukuku-perspektifinden-ayipli-urunler-ve-tazminat-hukumleri\/\" title=\"\u0130LA\u00c7 \u00dcRET\u0130C\u0130S\u0130N\u0130N HUKUK\u0130 SORUMLULU\u011eU: T\u00dcKET\u0130C\u0130 HUKUKU VE BOR\u00c7LAR HUKUKU PERSPEKT\u0130F\u0130NDEN AYIPLI \u00dcR\u00dcNLER VE TAZM\u0130NAT H\u00dcK\u00dcMLER\u0130\">ila\u00e7 \u00fcreticisinin hukuki sorumlulu\u011fu<\/a>, t\u00fcketici ve bor\u00e7lar hukuku \u200dperspektifinden incelenecek, ilgili mevzuat ve Yarg\u0131tay i\u00e7tihatlar\u0131 \u0131\u015f\u0131\u011f\u0131nda de\u011ferlendirmeler \u2064yap\u0131lacakt\u0131r.<br \/><img decoding=\"async\" class=\"kimage_class lazyload\" data-src=\"https:\/\/denizcankizil.tr\/wp-content\/uploads\/2024\/10\/bJieI-253D.jpg\" alt=\"\u0130la\u00e7 \u00dcreticisinin Hukuki\u200d Sorumlulu\u011fu ve T\u00fcketici Haklar\u0131\" src=\"data:image\/svg+xml;base64,PHN2ZyB3aWR0aD0iMSIgaGVpZ2h0PSIxIiB4bWxucz0iaHR0cDovL3d3dy53My5vcmcvMjAwMC9zdmciPjwvc3ZnPg==\"><\/p>\n<h2 id=\"ilac-ureticisinin-hukuki-sorumlulugu-ve-tuketici-haklari\">\u0130la\u00e7 \u00dcreticisinin Hukuki Sorumlulu\u011fu ve T\u00fcketici Haklar\u0131<\/h2>\n<p>\u0130la\u00e7 \u00fcreticilerinin hukuki\u2062 sorumlulu\u011fu, hem t\u00fcketici haklar\u0131 hem de bor\u00e7lar hukuku a\u00e7\u0131s\u0131ndan \u00f6nemli bir\u2063 konudur. \u0130la\u00e7lar\u0131n g\u00fcvenli\u011fi ve\u200b etkinli\u011fi, t\u00fcketicilerin sa\u011fl\u0131\u011f\u0131n\u0131 do\u011frudan etkileyen \u200dunsurlar aras\u0131nda yer almaktad\u0131r. bu ba\u011flamda, ila\u00e7 \u00fcreticileri, \u00fcrettikleri \u00fcr\u00fcnlerin kalitesinden ve g\u00fcvenli\u011finden sorumlu tutulmaktad\u0131r.\u2063 T\u00fcketicilerin, ila\u00e7lar\u0131n\u2063 yan\u200c etkileri ve olas\u0131 \u2062zararlar\u0131 hakk\u0131nda \u2063yeterli bilgiye sahip olmalar\u0131 gerekmektedir.<\/p>\n<p>\u0130la\u00e7 \u00fcreticisinin sorumlulu\u011fu, a\u015fa\u011f\u0131daki unsurlar\u0131 \u2062i\u00e7ermektedir:<\/p>\n<ul>\n<li><strong>\u00dcr\u00fcn \u200bG\u00fcvenli\u011fi:<\/strong> \u0130la\u00e7lar\u0131n, piyasaya s\u00fcr\u00fclmeden \u00f6nce \u2063gerekli testlerden\u2064 ge\u00e7irilmesi ve g\u00fcvenli\u2062 oldu\u011funun kan\u0131tlanmas\u0131 gerekmektedir.<\/li>\n<li><strong>Bilgilendirme Y\u00fck\u00fcml\u00fcl\u00fc\u011f\u00fc:<\/strong> \u2062T\u00fcketicilere, ila\u00e7lar\u0131n\u2063 kullan\u0131m\u0131yla ilgili do\u011fru ve\u200b eksiksiz bilgi sa\u011flanmas\u0131\u2064 zorunludur.<\/li>\n<li><strong>Yan Etkiler \u200bve \u200bRiskler:<\/strong> \u200c\u0130la\u00e7lar\u0131n olas\u0131 yan etkileri ve riskleri hakk\u0131nda t\u00fcketicilerin \u200cbilgilendirilmesi, \u00fcreticinin sorumlulu\u011fundad\u0131r.<\/li>\n<\/ul>\n<p>T\u00fcketiciler,ila\u00e7lar\u0131n\u2064 neden oldu\u011fu zararlar \u2063i\u00e7in \u00fcreticilere kar\u015f\u0131 \u2064hukuki\u2064 yollara ba\u015fvurabilirler. Bu durumda, bor\u00e7lar hukuku \u00e7er\u00e7evesinde, zarar\u0131n tazmini talep edilebilir. \u0130la\u00e7 \u00fcreticileri, \u00fcr\u00fcnlerinin g\u00fcvenli\u011fini sa\u011flamakla y\u00fck\u00fcml\u00fc olduklar\u0131ndan, bu y\u00fck\u00fcml\u00fcl\u00fcklerini yerine getirmedikleri takdirde hukuki \u2063sonu\u00e7larla kar\u015f\u0131la\u015fabilirler.\u2063 Dolay\u0131s\u0131yla, ila\u00e7 \u00fcreticilerinin\u200c sorumlulu\u011fu, hem t\u00fcketici \u200bhaklar\u0131n\u0131n \u2063korunmas\u0131 hem de sa\u011fl\u0131k g\u00fcvenli\u011finin sa\u011flanmas\u0131 a\u00e7\u0131s\u0131ndan kritik bir \u00f6neme sahiptir.<\/p>\n<p><img decoding=\"async\" class=\"kimage_class lazyload\" data-src=\"https:\/\/denizcankizil.tr\/wp-content\/uploads\/2024\/10\/Ntgv4-253D.jpg\" alt=\"Bor\u00e7lar Hukuku Kapsam\u0131nda \u0130la\u00e7 \u00dcreticisinin Sorumlulu\u011fu\" src=\"data:image\/svg+xml;base64,PHN2ZyB3aWR0aD0iMSIgaGVpZ2h0PSIxIiB4bWxucz0iaHR0cDovL3d3dy53My5vcmcvMjAwMC9zdmciPjwvc3ZnPg==\"><\/p>\n<h2 id=\"borclar-hukuku-kapsaminda-ilac-ureticisinin-sorumlulugu\">Bor\u00e7lar Hukuku Kapsam\u0131nda \u0130la\u00e7 \u00dcreticisinin Sorumlulu\u011fu<\/h2>\n<p>\u0130la\u00e7 \u00fcreticilerinin sorumlulu\u011fu, Bor\u00e7lar Hukuku \u00e7er\u00e7evesinde \u00f6nemli bir yer tutmaktad\u0131r. Bu sorumluluk, \u00fcreticinin piyasaya s\u00fcrd\u00fc\u011f\u00fc \u2062ila\u00e7lar\u0131n g\u00fcvenli\u011fi ve etkinli\u011fi ile do\u011frudan ili\u015fkilidir. \u0130la\u00e7lar\u0131n, t\u00fcketicilere zarar vermemesi i\u00e7in \u200bgerekli t\u00fcm \u00f6nlemlerin \u2063al\u0131nmas\u0131 gerekmektedir.aksi takdirde, \u00fcretici, t\u00fcketicilere \u2064kar\u015f\u0131\u2062 hukuki \u2064sorumluluk ta\u015f\u0131maktad\u0131r.<\/p>\n<p>\u0130la\u00e7\u200d \u00fcreticisinin sorumlulu\u011fu, \u2064genel olarak a\u015fa\u011f\u0131daki \u2063unsurlar\u0131 i\u00e7ermektedir:<\/p>\n<ul>\n<li><strong>\u00dcr\u00fcn G\u00fcvenli\u011fi:<\/strong> \u00dcretici, piyasaya s\u00fcrd\u00fc\u011f\u00fc ila\u00e7lar\u0131n\u2064 g\u00fcvenli\u011fini sa\u011flamakla y\u00fck\u00fcml\u00fcd\u00fcr.<\/li>\n<li><strong>Bilgilendirme Y\u00fck\u00fcml\u00fcl\u00fc\u011f\u00fc:<\/strong> \u0130la\u00e7lar\u0131n \u2063yan etkileri ve kullan\u0131m talimatlar\u0131\u200b hakk\u0131nda t\u00fcketicileri\u2064 do\u011fru \u2062bir \u015fekilde\u200c bilgilendirmek\u200c zorundad\u0131r.<\/li>\n<li><strong>\u0130zleme ve Raporlama:<\/strong> \u00dcretici, \u200bila\u00e7lar\u0131n piyasada kullan\u0131m\u0131n\u0131 izlemek\u2064 ve \u2064olumsuz etkileri raporlamakla \u2062y\u00fck\u00fcml\u00fcd\u00fcr.<\/li>\n<\/ul>\n<p>Bu ba\u011flamda,\u200c ila\u00e7 \u00fcreticileri, t\u00fcketicilerin sa\u011fl\u0131klar\u0131n\u0131 korumak amac\u0131yla gerekli t\u00fcm tedbirleri almak \u2064zorundad\u0131r.Aksi\u200c takdirde, meydana gelen zararlar i\u00e7in tazminat talep edilebilir. Bor\u00e7lar \u200dHukuku, bu t\u00fcr\u200d durumlarda t\u00fcketicilerin haklar\u0131n\u0131 korumak\u2063 i\u00e7in \u00f6nemli \u2064bir zemin \u2063sunmaktad\u0131r.<\/p>\n<p><img decoding=\"async\" class=\"kimage_class lazyload\" data-src=\"https:\/\/denizcankizil.tr\/wp-content\/uploads\/2024\/10\/1LHFk-253D.jpg\" alt=\"\u0130la\u00e7lar\u0131n G\u00fcvenli\u011fi ve \u00dcretici Sorumlulu\u011fu\" src=\"data:image\/svg+xml;base64,PHN2ZyB3aWR0aD0iMSIgaGVpZ2h0PSIxIiB4bWxucz0iaHR0cDovL3d3dy53My5vcmcvMjAwMC9zdmciPjwvc3ZnPg==\"><\/p>\n<h2 id=\"ilaclarin-guvenligi-ve-uretici-sorumlulugu\">\u0130la\u00e7lar\u0131n \u200bG\u00fcvenli\u011fi ve \u00dcretici Sorumlulu\u011fu<\/h2>\n<section>\n<p>\u0130la\u00e7lar\u0131n g\u00fcvenli\u011fi, \u2064hem sa\u011fl\u0131k sisteminin etkinli\u011fi hem de halk sa\u011fl\u0131\u011f\u0131 a\u00e7\u0131s\u0131ndan\u2062 b\u00fcy\u00fck bir \u2063\u00f6neme \u2063sahiptir. \u0130la\u00e7 \u00fcreticileri, \u00fcrettikleri \u00fcr\u00fcnlerin g\u00fcvenli\u011fini sa\u011flamakla y\u00fck\u00fcml\u00fcd\u00fcr. Bu ba\u011flamda, \u00fcreticilerin sorumlulu\u011fu,\u2064 yaln\u0131zca \u00fcr\u00fcn\u00fcn \u2062etkinli\u011fi \u200dile s\u0131n\u0131rl\u0131\u200c kalmay\u0131p, ayn\u0131 zamanda olas\u0131 \u2063yan etkiler\u200d ve\u200d t\u00fcketici \u2064sa\u011fl\u0131\u011f\u0131 \u00fczerindeki etkileriyle de ilgilidir.<\/p>\n<p>\u00dcreticilerin sorumlulu\u011fu,<strong>t\u00fcketici hukuku<\/strong> \u0432\u0435 <strong>bor\u00e7lar hukuku<\/strong> \u00e7er\u00e7evesinde \u015fekillenir. \u200bBu kapsamda,ila\u00e7lar\u0131n g\u00fcvenli bir \u015fekilde \u00fcretilmesi ve piyasaya sunulmas\u0131\u2062 i\u00e7in gerekli olan standartlara uyulmas\u0131 gerekmektedir. Aksi takdirde, \u00fcreticiler, t\u00fcketicilere\u200c kar\u015f\u0131 \u200bhukuki sorumluluk \u200dta\u015f\u0131yabilirler.\u2062 \u0130la\u00e7lar\u0131n g\u00fcvenli\u011fi ile ilgili olarak \u200cdikkate al\u0131nmas\u0131 \u2062gereken baz\u0131 \u00f6nemli noktalar \u015funlard\u0131r:<\/p>\n<ul>\n<li><strong>\u00dcr\u00fcn Testleri:<\/strong> \u2062\u0130la\u00e7lar\u0131n \u200cpiyasaya\u2064 s\u00fcr\u00fclmeden \u00f6nce kapsaml\u0131\u2064 testlerden ge\u00e7irilmesi gerekmektedir.<\/li>\n<li><strong>Yan\u2064 Etkilerin Bildirilmesi:<\/strong> \u200c\u00dcreticiler, ila\u00e7lar\u0131n yan etkilerini a\u00e7\u0131k\u00e7a belirtmeli ve\u2062 bu bilgileri t\u00fcketicilere \u2062sunmal\u0131d\u0131r.<\/li>\n<li><strong>Geri \u00c7ekme Prosed\u00fcrleri:<\/strong> \u2062G\u00fcvenlik \u2062sorunlar\u0131 ortaya \u00e7\u0131kt\u0131\u011f\u0131nda, ila\u00e7lar\u0131n geri \u00e7ekilmesi i\u00e7in etkili \u2063prosed\u00fcrler olu\u015fturulmal\u0131d\u0131r.<\/li>\n<\/ul>\n<p>Sonu\u00e7 olarak, ila\u00e7 \u00fcreticileri, \u00fcr\u00fcnlerinin g\u00fcvenli\u011fini\u2062 sa\u011flamakla y\u00fck\u00fcml\u00fc\u200d olup, bu y\u00fck\u00fcml\u00fcl\u00fcklerini yerine getirmedikleri takdirde hukuki sonu\u00e7larla kar\u015f\u0131la\u015fabilirler. T\u00fcketicilerin sa\u011fl\u0131\u011f\u0131n\u0131 korumak\u2062 amac\u0131yla, \u2062\u00fcreticilerin sorumluluklar\u0131 ve \u200dy\u00fck\u00fcml\u00fcl\u00fckleri, sa\u011fl\u0131k\u2062 hukuku \u00e7er\u00e7evesinde titizlikle denetlenmelidir.<\/p>\n<\/section>\n<p><img decoding=\"async\" class=\"kimage_class lazyload\" data-src=\"https:\/\/denizcankizil.tr\/wp-content\/uploads\/2024\/10\/4698-d180d0bed0bbd18c-d0b0d0b4d0b2d0bed0bad0b0d182d0b0-d0b2-d0b4d0b5d0bbd0b0d185-d0be-d0b3d180d0b0d0b6d0b4d0b0d0bdd181d182d0b2d0b5-d0b8-d0b8.jpg\" alt=\"T\u00fcketici Koruma Kanunu ve \u0130la\u00e7 \u200b\u00dcreticilerinin\u2064 Y\u00fck\u00fcml\u00fcl\u00fckleri\" src=\"data:image\/svg+xml;base64,PHN2ZyB3aWR0aD0iMSIgaGVpZ2h0PSIxIiB4bWxucz0iaHR0cDovL3d3dy53My5vcmcvMjAwMC9zdmciPjwvc3ZnPg==\"><\/p>\n<h2 id=\"tuketici-koruma-kanunu-ve-ilac-ureticilerinin-yukumlulukleri\">T\u00fcketici\u2064 Koruma Kanunu ve \u0130la\u00e7 \u00dcreticilerinin Y\u00fck\u00fcml\u00fcl\u00fckleri<\/h2>\n<section>\n<p>T\u00fcketici Koruma Kanunu, t\u00fcketicilerin haklar\u0131n\u0131 korumak amac\u0131yla olu\u015fturulmu\u015f \u2064bir d\u00fczenlemedir. \u2063Bu kanun, \u200dila\u00e7 \u2063\u00fcreticilerinin de belirli \u2062y\u00fck\u00fcml\u00fcl\u00fckler\u200b \u00fcstlenmesini gerektirmektedir. \u0130la\u00e7 \u00fcreticileri, \u00fcrettikleri \u00fcr\u00fcnlerin g\u00fcvenli\u011fini ve etkinli\u011fini sa\u011flamakla y\u00fck\u00fcml\u00fcd\u00fcr.Bu ba\u011flamda, <a href=\"https:\/\/denizcankizil.tr\/ru\/koseyazilari\/degerlendirme\/vergi-kacirmanin-hukuksal-boyutlari-ve-cezai-sonuclari\/\" title=\"Vergi Ka\u00e7\u0131rman\u0131n Hukuksal Boyutlar\u0131 ve Cezai Sonu\u00e7lar\u0131\">a\u015fa\u011f\u0131daki hususlar \u00f6nem arz etmektedir<\/a>:<\/p>\n<ul>\n<li><strong>\u00dcr\u00fcn G\u00fcvenli\u011fi:<\/strong> \u0130la\u00e7lar\u0131n, insan sa\u011fl\u0131\u011f\u0131na\u2062 zarar vermemesi i\u00e7in gerekli testlerden ge\u00e7irilmesi \u200dve\u200b onay s\u00fcre\u00e7lerinin tamamlanmas\u0131 gerekmektedir.<\/li>\n<li><strong>Do\u011fru \u2063Bilgilendirme:<\/strong> \u00dcreticiler, ila\u00e7lar\u0131n yan etkileri, kullan\u0131m \u015fekli ve di\u011fer \u00f6nemli bilgileri t\u00fcketicilere \u200ba\u00e7\u0131k bir \u015fekilde sunmak zorundad\u0131r.<\/li>\n<li><strong>\u0130ade ve De\u011fi\u015fim Politikalar\u0131:<\/strong> \u2064T\u00fcketicilerin,sat\u0131n ald\u0131klar\u0131 ila\u00e7larla ilgili sorun ya\u015famalar\u0131 durumunda iade veya de\u011fi\u015fim yapabilme\u200c haklar\u0131 bulunmaktad\u0131r.<\/li>\n<\/ul>\n<p>Bu \u2063y\u00fck\u00fcml\u00fcl\u00fckler,ila\u00e7 \u00fcreticilerinin\u200b yaln\u0131zca yasal\u200b sorumluluklar\u0131n\u0131 de\u011fil,ayn\u0131 zamanda etik sorumluluklar\u0131n\u0131 da kapsamaktad\u0131r. T\u00fcketicilerin \u2062sa\u011fl\u0131\u011f\u0131n\u0131 korumak ve \u2062g\u00fcvenli bir \u015fekilde ila\u00e7 temin \u200betmelerini sa\u011flamak, \u00fcreticilerin \u00f6ncelikli hedefleri aras\u0131nda yer \u2064almal\u0131d\u0131r. Dolay\u0131s\u0131yla, \u200dT\u00fcketici Koruma\u2063 Kanunu \u00e7er\u00e7evesinde belirlenen y\u00fck\u00fcml\u00fcl\u00fcklere uyulmas\u0131, hem \u200bhukuki hem de sosyal bir gereklilik olarak de\u011ferlendirilmektedir.<\/p>\n<\/section>\n<p><img decoding=\"async\" class=\"kimage_class lazyload\" data-src=\"https:\/\/denizcankizil.tr\/wp-content\/uploads\/2024\/10\/YhAY-253D.jpg\" alt=\"Hukuki\u200c Sorumluluk T\u00fcrleri: Kusur ve S\u0131k\u0131 Sorumluluk\" src=\"data:image\/svg+xml;base64,PHN2ZyB3aWR0aD0iMSIgaGVpZ2h0PSIxIiB4bWxucz0iaHR0cDovL3d3dy53My5vcmcvMjAwMC9zdmciPjwvc3ZnPg==\"><\/p>\n<h2 id=\"hukuki-sorumluluk-turleri-kusur-ve-siki-sorumluluk\">Hukuki Sorumluluk T\u00fcrleri: Kusur ve S\u0131k\u0131 Sorumluluk<\/h2>\n<p>Hukuki sorumluluk,\u200c bireylerin veya kurulu\u015flar\u0131n, eylem \u2062veya ihmalleri \u2064sonucunda ba\u015fkalar\u0131na verdikleri zararlar i\u00e7in \u00fcstlendikleri y\u00fck\u00fcml\u00fcl\u00fckleri ifade eder. Bu ba\u011flamda, sorumluluk t\u00fcrleri\u2063 genel olarak iki \u200bana kategoriye \u200bayr\u0131lmaktad\u0131r: <strong>kusur sorumlulu\u011fu<\/strong> \u200d ve <strong>s\u0131k\u0131 \u200csorumluluk<\/strong>.<\/p>\n<p><strong>Kusur sorumlulu\u011fu<\/strong>, bir ki\u015finin zarar \u200cvermesi i\u00e7in gerekli olan kusurlu bir\u2063 davran\u0131\u015f sergilemesi durumunda \u200cortaya \u00e7\u0131kar. Bu \u2062t\u00fcr sorumlulukta, \u2063zarar g\u00f6ren taraf\u0131n, zarar verenin \u200ckusurunu ispatlamas\u0131 gerekmektedir. Kusur, \u200dgenellikle ihmal, dikkatsizlik veya\u2063 k\u00f6t\u00fc niyet\u200d gibi unsurlar\u0131 i\u00e7ermektedir.\u00d6rne\u011fin, \u2064bir ila\u00e7 \u00fcreticisinin, \u00fcr\u00fcnlerinin g\u00fcvenli\u011fini sa\u011flamak\u200b i\u00e7in gerekli \u2064\u00f6nlemleri\u2063 almamas\u0131 durumunda, bu kusur\u200d nedeniyle t\u00fcketicilere zarar vermesi halinde sorumlu tutulabilir.<\/p>\n<p>Di\u011fer yandan,<strong>s\u0131k\u0131 sorumluluk<\/strong;>,zarar verenin\u2063 kusurunun ispatlanmas\u0131na \u200cgerek olmaks\u0131z\u0131n,belirli durumlarda otomatik olarak sorumluluk do\u011furan bir \u200csistemdir.Bu t\u00fcr sorumluluk, \u2062genellikle tehlikeli faaliyetler veya \u2063\u00fcr\u00fcnlerin \u00fcretimi gibi alanlarda ge\u00e7erlidir. \u2063\u0130la\u00e7 \u00fcreticileri, \u2062\u00fcrettikleri ila\u00e7lar\u0131n\u2062 yan etkileri\u200c veya g\u00fcvenlik sorunlar\u0131 nedeniyle s\u0131k\u0131 sorumluluk kapsam\u0131nda de\u011ferlendirilebilir. Bu\u200c durumda, t\u00fcketicilerin zarar g\u00f6rmesi halinde, \u00fcreticinin kusuru\u200c olmaks\u0131z\u0131n sorumlu tutulmas\u0131 s\u00f6z \u200ckonusu olabilir.<\/p>\n<p>Sonu\u00e7 olarak,\u2063 ila\u00e7 \u200d\u00fcreticilerinin hukuki sorumlulu\u011fu, hem kusur hem de s\u0131k\u0131 sorumluluk\u2063 ilkeleri \u00e7er\u00e7evesinde de\u011ferlendirilmelidir. T\u00fcketicilerin \u200ckorunmas\u0131 amac\u0131yla, bu t\u00fcr sorumluluklar\u0131n belirlenmesi ve \u2064uygulanmas\u0131, sa\u011fl\u0131k ve g\u00fcvenlik\u2062 a\u00e7\u0131s\u0131ndan b\u00fcy\u00fck \u00f6nem ta\u015f\u0131maktad\u0131r.<\/p>\n<p><img decoding=\"async\" class=\"kimage_class lazyload\" data-src=\"https:\/\/denizcankizil.tr\/wp-content\/uploads\/2024\/10\/4380-antalyada-sahtecilik-suclarina-bakan-avukat-ve-mahkemeler.jpg\" alt=\"Yarg\u0131tay\u2064 Kararlar\u0131 I\u015f\u0131\u011f\u0131nda \u0130la\u00e7\u200d \u00dcreticisinin Sorumlulu\u011fu\" src=\"data:image\/svg+xml;base64,PHN2ZyB3aWR0aD0iMSIgaGVpZ2h0PSIxIiB4bWxucz0iaHR0cDovL3d3dy53My5vcmcvMjAwMC9zdmciPjwvc3ZnPg==\"><\/p>\n<h2 id=\"yargitay-kararlari-isiginda-ilac-ureticisinin-sorumlulugu\">Yarg\u0131tay Kararlar\u0131 I\u015f\u0131\u011f\u0131nda \u0130la\u00e7 \u2062\u00dcreticisinin Sorumlulu\u011fu<\/h2>\n<section>\n<p>\u0130la\u00e7 \u00fcreticilerinin\u200b hukuki\u2062 sorumlulu\u011fu, hem t\u00fcketici hukuku hem de bor\u00e7lar hukuku \u00e7er\u00e7evesinde \u00f6nemli \u200bbir yer tutmaktad\u0131r.yarg\u0131tay kararlar\u0131, bu \u200dsorumlulu\u011fun kapsam\u0131n\u0131 ve s\u0131n\u0131rlar\u0131n\u0131 belirlemede \u2064kritik\u2064 bir rol oynamaktad\u0131r.\u2063 \u0130la\u00e7lar\u0131n g\u00fcvenli\u011fi ve \u200detkinli\u011fi, \u00fcreticilerin\u2062 y\u00fck\u00fcml\u00fcl\u00fckleri aras\u0131nda yer \u2062almakta olup, bu \u200cy\u00fck\u00fcml\u00fcl\u00fcklerin ihlali durumunda ortaya\u2063 \u00e7\u0131kabilecek sonu\u00e7lar, hukuki s\u00fcre\u00e7ler\u200b a\u00e7\u0131s\u0131ndan dikkate al\u0131nmal\u0131d\u0131r.<\/p>\n<p>Yarg\u0131tay,\u2064 ila\u00e7\u2063 \u00fcreticilerinin sorumlulu\u011funu\u200c de\u011ferlendirirken a\u015fa\u011f\u0131daki\u200d unsurlar\u0131 g\u00f6z \u2064\u00f6n\u00fcnde bulundurmaktad\u0131r:<\/p>\n<ul>\n<li><strong>\u00dcr\u00fcn G\u00fcvenli\u011fi:<\/strong> \u2062\u0130la\u00e7lar\u0131n, piyasaya \u200bs\u00fcr\u00fclmeden \u00f6nce gerekli \u2064testlerden ge\u00e7irilmesi ve g\u00fcvenli oldu\u011funun kan\u0131tlanmas\u0131\u200d gerekmektedir.<\/li>\n<li><strong>Bilgilendirme Y\u00fck\u00fcml\u00fcl\u00fc\u011f\u00fc:<\/strong> \u00dcreticiler, t\u00fcketicilere\u2063 ila\u00e7lar\u0131n olas\u0131 yan etkileri ve kullan\u0131m\u0131 hakk\u0131nda yeterli bilgi sa\u011flamakla y\u00fck\u00fcml\u00fcd\u00fcr.<\/li>\n<li><strong>\u0130zleme ve Raporlama:<\/strong> \u200d \u0130la\u00e7lar\u0131n piyasada kullan\u0131m s\u00fcrecinde, olumsuz etkilerin izlenmesi ve gerekti\u011finde raporlanmas\u0131 gerekmektedir.<\/li>\n<\/ul>\n<p>Bu unsurlar\u0131n\u2064 ihlali, ila\u00e7 \u00fcreticisinin sorumlulu\u011funu do\u011furmakta ve ma\u011fdur olan t\u00fcketicilerin tazminat taleplerine \u2064zemin haz\u0131rlamaktad\u0131r. Yarg\u0131tay, \u2062bu t\u00fcr \u200bdavalarda, \u00fcreticilerin sorumlulu\u011funu\u200b belirlerken, hem s\u00f6zle\u015fmesel hem de haks\u0131z \u2064fiil \u2062h\u00fck\u00fcmlerini dikkate \u200dalarak karar vermektedir.Dolay\u0131s\u0131yla, ila\u00e7 \u00fcreticilerinin hukuki \u200bsorumlulu\u011fu, yaln\u0131zca \u200b\u00fcr\u00fcn\u00fcn kalitesi\u2062 ile de\u011fil, ayn\u0131 zamanda t\u00fcketicilere\u2062 sa\u011flanan bilgilendirme\u2062 ve g\u00fcvenlik \u00f6nlemleri ile de do\u011frudan ili\u015fkilidir.<\/p>\n<\/section>\n<p>Sonu\u00e7 olarak,\u200b ila\u00e7 \u00fcreticisinin hukuki sorumlulu\u011fu, \u2064hem t\u00fcketici hukuku \u2063hem de bor\u00e7lar\u2064 hukuku \u00e7er\u00e7evesinde \u00f6nemli bir yer\u2063 tutmaktad\u0131r. \u2062\u0130la\u00e7lar\u0131n g\u00fcvenli\u011fi ve etkinli\u011fi, yaln\u0131zca \u00fcreticilerin de\u011fil, ayn\u0131 zamanda sa\u011fl\u0131k otoritelerinin\u200c ve di\u011fer payda\u015flar\u0131n\u2064 da sorumlulu\u011fundad\u0131r. T\u00fcketicilerin korunmas\u0131, sa\u011fl\u0131k hizmetlerinin kalitesinin art\u0131r\u0131lmas\u0131 ve ila\u00e7 sekt\u00f6r\u00fcndeki g\u00fcvenin\u200d tesis edilmesi a\u00e7\u0131s\u0131ndan\u200d kritik bir \u00f6neme sahiptir. Bu ba\u011flamda, ila\u00e7 \u00fcreticilerinin, \u200c\u00fcr\u00fcnlerinin g\u00fcvenli\u011fini sa\u011flamak ve olas\u0131 zararlar\u0131 \u00f6nlemek amac\u0131yla \u2063gerekli \u00f6nlemleri almas\u0131\u2064 gerekmektedir. Ayr\u0131ca, hukuki d\u00fczenlemelerin etkin bir \u015fekilde uygulanmas\u0131, \u2063t\u00fcketicilerin haklar\u0131n\u0131n\u200c korunmas\u0131 ve adaletin sa\u011flanmas\u0131 a\u00e7\u0131s\u0131ndan b\u00fcy\u00fck \u00f6nem ta\u015f\u0131maktad\u0131r. Gelecekte, bu alandaki hukuki sorumluluklar\u0131n daha da netle\u015ftirilmesi ve \u2062geli\u015ftirilmesi, hem \u00fcreticilerin hem de t\u00fcketicilerin menfaatlerini koruyacak bir \u00e7er\u00e7eve\u2062 olu\u015fturacakt\u0131r. Bu nedenle, ila\u00e7 \u00fcreticilerinin hukuki\u2064 sorumluluklar\u0131 \u00fczerine yap\u0131lan \u200d\u00e7al\u0131\u015fmalar,\u200b hem akademik hem de pratik a\u00e7\u0131dan dikkate de\u011fer bir \u00f6nem \u2062arz etmektedir. <\/p>","protected":false},"excerpt":{"rendered":"<p>\u0130la\u00e7 \u00fcreticisinin hukuki sorumlulu\u011fu, t\u00fcketici ve bor\u00e7lar hukuku \u00e7er\u00e7evesinde \u00f6nemli bir yer tutar. \u00dcreticiler, \u00fcrettikleri ila\u00e7lar\u0131n g\u00fcvenli\u011finden ve etkinli\u011finden sorumlu olup, olas\u0131 zararlar kar\u015f\u0131s\u0131nda t\u00fcketicilere kar\u015f\u0131 y\u00fck\u00fcml\u00fcl\u00fck ta\u015f\u0131maktad\u0131r.<\/p>","protected":false},"author":4,"featured_media":0,"comment_status":"open","ping_status":"open","sticky":false,"template":"","format":"standard","meta":{"_acf_changed":false,"footnotes":""},"categories":[22],"tags":[],"class_list":["post-95503","post","type-post","status-publish","format-standard","hentry","category-degerlendirme"],"acf":[],"yoast_head":"<!-- This site is optimized with the Yoast SEO Premium plugin v26.6 (Yoast SEO v27.1.1) - https:\/\/yoast.com\/product\/yoast-seo-premium-wordpress\/ -->\n<title>\u0130la\u00e7 \u00dcreticisinin Hukuki Sorumlulu\u011fu: T\u00fcketici ve Bor\u00e7lar Hukuku - Av. Deniz Can K\u0131z\u0131l<\/title>\n<meta name=\"robots\" content=\"index, follow, max-snippet:-1, max-image-preview:large, max-video-preview:-1\" \/>\n<link rel=\"canonical\" href=\"https:\/\/denizcankizil.tr\/ru\/koseyazilari\/degerlendirme\/ilac-ureticisinin-hukuki-sorumlulugu-tuketici-ve-borclar-hukuku\/\" \/>\n<meta property=\"og:locale\" content=\"ru_RU\" \/>\n<meta property=\"og:type\" content=\"article\" \/>\n<meta property=\"og:title\" content=\"\u0130la\u00e7 \u00dcreticisinin Hukuki Sorumlulu\u011fu: T\u00fcketici ve Bor\u00e7lar Hukuku\" \/>\n<meta property=\"og:description\" content=\"\u0130la\u00e7 \u00fcreticisinin hukuki sorumlulu\u011fu, t\u00fcketici ve bor\u00e7lar hukuku \u00e7er\u00e7evesinde \u00f6nemli bir yer tutar. \u00dcreticiler, \u00fcrettikleri ila\u00e7lar\u0131n g\u00fcvenli\u011finden ve etkinli\u011finden sorumlu olup, olas\u0131 zararlar kar\u015f\u0131s\u0131nda t\u00fcketicilere kar\u015f\u0131 y\u00fck\u00fcml\u00fcl\u00fck ta\u015f\u0131maktad\u0131r.\" \/>\n<meta property=\"og:url\" content=\"https:\/\/denizcankizil.tr\/ru\/koseyazilari\/degerlendirme\/ilac-ureticisinin-hukuki-sorumlulugu-tuketici-ve-borclar-hukuku\/\" \/>\n<meta property=\"og:site_name\" content=\"Av. Deniz Can K\u0131z\u0131l\" \/>\n<meta property=\"article:published_time\" content=\"2025-05-24T12:39:52+00:00\" \/>\n<meta property=\"og:image\" content=\"https:\/\/denizcankizil.tr\/wp-content\/uploads\/2024\/10\/bJieI-253D.jpg\" \/>\n<meta name=\"author\" content=\"Av. Deniz Can K\u0131z\u0131l\" \/>\n<meta name=\"twitter:card\" content=\"summary_large_image\" \/>\n<meta name=\"twitter:label1\" content=\"\u041d\u0430\u043f\u0438\u0441\u0430\u043d\u043e \u0430\u0432\u0442\u043e\u0440\u043e\u043c\" \/>\n\t<meta name=\"twitter:data1\" content=\"Av. Deniz Can K\u0131z\u0131l\" \/>\n\t<meta name=\"twitter:label2\" content=\"\u041f\u0440\u0438\u043c\u0435\u0440\u043d\u043e\u0435 \u0432\u0440\u0435\u043c\u044f \u0434\u043b\u044f \u0447\u0442\u0435\u043d\u0438\u044f\" \/>\n\t<meta name=\"twitter:data2\" content=\"9 \u043c\u0438\u043d\u0443\u0442\" \/>\n<script type=\"application\/ld+json\" class=\"yoast-schema-graph\">{\"@context\":\"https:\/\/schema.org\",\"@graph\":[{\"@type\":\"Article\",\"@id\":\"https:\/\/denizcankizil.tr\/ru\/koseyazilari\/degerlendirme\/ilac-ureticisinin-hukuki-sorumlulugu-tuketici-ve-borclar-hukuku\/#article\",\"isPartOf\":{\"@id\":\"https:\/\/denizcankizil.tr\/ru\/koseyazilari\/degerlendirme\/ilac-ureticisinin-hukuki-sorumlulugu-tuketici-ve-borclar-hukuku\/\"},\"author\":{\"name\":\"Av. Deniz Can K\u0131z\u0131l\",\"@id\":\"https:\/\/denizcankizil.tr\/de\/#\/schema\/person\/5dc1b22991bd7ac833867c10afc9b0ff\"},\"headline\":\"\u0130la\u00e7 \u00dcreticisinin Hukuki Sorumlulu\u011fu: T\u00fcketici ve Bor\u00e7lar Hukuku\",\"datePublished\":\"2025-05-24T12:39:52+00:00\",\"mainEntityOfPage\":{\"@id\":\"https:\/\/denizcankizil.tr\/ru\/koseyazilari\/degerlendirme\/ilac-ureticisinin-hukuki-sorumlulugu-tuketici-ve-borclar-hukuku\/\"},\"wordCount\":1814,\"commentCount\":0,\"publisher\":{\"@id\":\"https:\/\/denizcankizil.tr\/de\/#organization\"},\"image\":{\"@id\":\"https:\/\/denizcankizil.tr\/ru\/koseyazilari\/degerlendirme\/ilac-ureticisinin-hukuki-sorumlulugu-tuketici-ve-borclar-hukuku\/#primaryimage\"},\"thumbnailUrl\":\"https:\/\/denizcankizil.tr\/wp-content\/uploads\/2024\/10\/bJieI-253D.jpg\",\"articleSection\":[\"De\u011ferlendirme\"],\"inLanguage\":\"ru-RU\",\"potentialAction\":[{\"@type\":\"CommentAction\",\"name\":\"Comment\",\"target\":[\"https:\/\/denizcankizil.tr\/ru\/koseyazilari\/degerlendirme\/ilac-ureticisinin-hukuki-sorumlulugu-tuketici-ve-borclar-hukuku\/#respond\"]}]},{\"@type\":\"WebPage\",\"@id\":\"https:\/\/denizcankizil.tr\/ru\/koseyazilari\/degerlendirme\/ilac-ureticisinin-hukuki-sorumlulugu-tuketici-ve-borclar-hukuku\/\",\"url\":\"https:\/\/denizcankizil.tr\/ru\/koseyazilari\/degerlendirme\/ilac-ureticisinin-hukuki-sorumlulugu-tuketici-ve-borclar-hukuku\/\",\"name\":\"\u0130la\u00e7 \u00dcreticisinin Hukuki Sorumlulu\u011fu: T\u00fcketici ve Bor\u00e7lar Hukuku - Av. Deniz Can K\u0131z\u0131l\",\"isPartOf\":{\"@id\":\"https:\/\/denizcankizil.tr\/de\/#website\"},\"primaryImageOfPage\":{\"@id\":\"https:\/\/denizcankizil.tr\/ru\/koseyazilari\/degerlendirme\/ilac-ureticisinin-hukuki-sorumlulugu-tuketici-ve-borclar-hukuku\/#primaryimage\"},\"image\":{\"@id\":\"https:\/\/denizcankizil.tr\/ru\/koseyazilari\/degerlendirme\/ilac-ureticisinin-hukuki-sorumlulugu-tuketici-ve-borclar-hukuku\/#primaryimage\"},\"thumbnailUrl\":\"https:\/\/denizcankizil.tr\/wp-content\/uploads\/2024\/10\/bJieI-253D.jpg\",\"datePublished\":\"2025-05-24T12:39:52+00:00\",\"breadcrumb\":{\"@id\":\"https:\/\/denizcankizil.tr\/ru\/koseyazilari\/degerlendirme\/ilac-ureticisinin-hukuki-sorumlulugu-tuketici-ve-borclar-hukuku\/#breadcrumb\"},\"inLanguage\":\"ru-RU\",\"potentialAction\":[{\"@type\":\"ReadAction\",\"target\":[\"https:\/\/denizcankizil.tr\/ru\/koseyazilari\/degerlendirme\/ilac-ureticisinin-hukuki-sorumlulugu-tuketici-ve-borclar-hukuku\/\"]}]},{\"@type\":\"ImageObject\",\"inLanguage\":\"ru-RU\",\"@id\":\"https:\/\/denizcankizil.tr\/ru\/koseyazilari\/degerlendirme\/ilac-ureticisinin-hukuki-sorumlulugu-tuketici-ve-borclar-hukuku\/#primaryimage\",\"url\":\"https:\/\/denizcankizil.tr\/wp-content\/uploads\/2024\/10\/bJieI-253D.jpg\",\"contentUrl\":\"https:\/\/denizcankizil.tr\/wp-content\/uploads\/2024\/10\/bJieI-253D.jpg\"},{\"@type\":\"BreadcrumbList\",\"@id\":\"https:\/\/denizcankizil.tr\/ru\/koseyazilari\/degerlendirme\/ilac-ureticisinin-hukuki-sorumlulugu-tuketici-ve-borclar-hukuku\/#breadcrumb\",\"itemListElement\":[{\"@type\":\"ListItem\",\"position\":1,\"name\":\"Home\",\"item\":\"https:\/\/denizcankizil.tr\/de\/\"},{\"@type\":\"ListItem\",\"position\":2,\"name\":\"\u0130la\u00e7 \u00dcreticisinin Hukuki Sorumlulu\u011fu: T\u00fcketici ve Bor\u00e7lar Hukuku\"}]},{\"@type\":\"WebSite\",\"@id\":\"https:\/\/denizcankizil.tr\/de\/#website\",\"url\":\"https:\/\/denizcankizil.tr\/de\/\",\"name\":\"Av. Deniz Can K\u0131z\u0131l\",\"description\":\"Avukat Deniz Can K\u0131z\u0131l Antalya Barosu\",\"publisher\":{\"@id\":\"https:\/\/denizcankizil.tr\/de\/#organization\"},\"potentialAction\":[{\"@type\":\"SearchAction\",\"target\":{\"@type\":\"EntryPoint\",\"urlTemplate\":\"https:\/\/denizcankizil.tr\/de\/?s={search_term_string}\"},\"query-input\":{\"@type\":\"PropertyValueSpecification\",\"valueRequired\":true,\"valueName\":\"search_term_string\"}}],\"inLanguage\":\"ru-RU\"},{\"@type\":\"Organization\",\"@id\":\"https:\/\/denizcankizil.tr\/de\/#organization\",\"name\":\"Av. Deniz Can K\u0131z\u0131l\",\"url\":\"https:\/\/denizcankizil.tr\/de\/\",\"logo\":{\"@type\":\"ImageObject\",\"inLanguage\":\"ru-RU\",\"@id\":\"https:\/\/denizcankizil.tr\/de\/#\/schema\/logo\/image\/\",\"url\":\"https:\/\/denizcankizil.tr\/wp-content\/uploads\/2024\/10\/siyah-logo-svg.svg\",\"contentUrl\":\"https:\/\/denizcankizil.tr\/wp-content\/uploads\/2024\/10\/siyah-logo-svg.svg\",\"width\":1080,\"height\":1080,\"caption\":\"Av. Deniz Can K\u0131z\u0131l\"},\"image\":{\"@id\":\"https:\/\/denizcankizil.tr\/de\/#\/schema\/logo\/image\/\"}},{\"@type\":\"Person\",\"@id\":\"https:\/\/denizcankizil.tr\/de\/#\/schema\/person\/5dc1b22991bd7ac833867c10afc9b0ff\",\"name\":\"Av. Deniz Can K\u0131z\u0131l\",\"image\":{\"@type\":\"ImageObject\",\"inLanguage\":\"ru-RU\",\"@id\":\"https:\/\/denizcankizil.tr\/de\/#\/schema\/person\/image\/\",\"url\":\"https:\/\/secure.gravatar.com\/avatar\/a0b128fb9855c79efc976d5640eedb31dc35ec297594d6016d2cf7c60e975bb6?s=96&d=mm&r=g\",\"contentUrl\":\"https:\/\/secure.gravatar.com\/avatar\/a0b128fb9855c79efc976d5640eedb31dc35ec297594d6016d2cf7c60e975bb6?s=96&d=mm&r=g\",\"caption\":\"Av. Deniz Can K\u0131z\u0131l\"},\"sameAs\":[\"http:\/\/www.denizcankizil.tr\"],\"url\":\"https:\/\/denizcankizil.tr\/ru\/author\/denizcankizil\/\"}]}<\/script>\n<!-- \/ Yoast SEO Premium plugin. -->","yoast_head_json":{"title":"\u0130la\u00e7 \u00dcreticisinin Hukuki Sorumlulu\u011fu: T\u00fcketici ve Bor\u00e7lar Hukuku - Av. Deniz Can K\u0131z\u0131l","robots":{"index":"index","follow":"follow","max-snippet":"max-snippet:-1","max-image-preview":"max-image-preview:large","max-video-preview":"max-video-preview:-1"},"canonical":"https:\/\/denizcankizil.tr\/ru\/koseyazilari\/degerlendirme\/ilac-ureticisinin-hukuki-sorumlulugu-tuketici-ve-borclar-hukuku\/","og_locale":"ru_RU","og_type":"article","og_title":"\u0130la\u00e7 \u00dcreticisinin Hukuki Sorumlulu\u011fu: T\u00fcketici ve Bor\u00e7lar Hukuku","og_description":"\u0130la\u00e7 \u00fcreticisinin hukuki sorumlulu\u011fu, t\u00fcketici ve bor\u00e7lar hukuku \u00e7er\u00e7evesinde \u00f6nemli bir yer tutar. \u00dcreticiler, \u00fcrettikleri ila\u00e7lar\u0131n g\u00fcvenli\u011finden ve etkinli\u011finden sorumlu olup, olas\u0131 zararlar kar\u015f\u0131s\u0131nda t\u00fcketicilere kar\u015f\u0131 y\u00fck\u00fcml\u00fcl\u00fck ta\u015f\u0131maktad\u0131r.","og_url":"https:\/\/denizcankizil.tr\/ru\/koseyazilari\/degerlendirme\/ilac-ureticisinin-hukuki-sorumlulugu-tuketici-ve-borclar-hukuku\/","og_site_name":"Av. Deniz Can K\u0131z\u0131l","article_published_time":"2025-05-24T12:39:52+00:00","og_image":[{"url":"https:\/\/denizcankizil.tr\/wp-content\/uploads\/2024\/10\/bJieI-253D.jpg","type":"","width":"","height":""}],"author":"Av. Deniz Can K\u0131z\u0131l","twitter_card":"summary_large_image","twitter_misc":{"\u041d\u0430\u043f\u0438\u0441\u0430\u043d\u043e \u0430\u0432\u0442\u043e\u0440\u043e\u043c":"Av. Deniz Can K\u0131z\u0131l","\u041f\u0440\u0438\u043c\u0435\u0440\u043d\u043e\u0435 \u0432\u0440\u0435\u043c\u044f \u0434\u043b\u044f \u0447\u0442\u0435\u043d\u0438\u044f":"9 \u043c\u0438\u043d\u0443\u0442"},"schema":{"@context":"https:\/\/schema.org","@graph":[{"@type":"Article","@id":"https:\/\/denizcankizil.tr\/ru\/koseyazilari\/degerlendirme\/ilac-ureticisinin-hukuki-sorumlulugu-tuketici-ve-borclar-hukuku\/#article","isPartOf":{"@id":"https:\/\/denizcankizil.tr\/ru\/koseyazilari\/degerlendirme\/ilac-ureticisinin-hukuki-sorumlulugu-tuketici-ve-borclar-hukuku\/"},"author":{"name":"Av. Deniz Can K\u0131z\u0131l","@id":"https:\/\/denizcankizil.tr\/de\/#\/schema\/person\/5dc1b22991bd7ac833867c10afc9b0ff"},"headline":"\u0130la\u00e7 \u00dcreticisinin Hukuki Sorumlulu\u011fu: T\u00fcketici ve Bor\u00e7lar Hukuku","datePublished":"2025-05-24T12:39:52+00:00","mainEntityOfPage":{"@id":"https:\/\/denizcankizil.tr\/ru\/koseyazilari\/degerlendirme\/ilac-ureticisinin-hukuki-sorumlulugu-tuketici-ve-borclar-hukuku\/"},"wordCount":1814,"commentCount":0,"publisher":{"@id":"https:\/\/denizcankizil.tr\/de\/#organization"},"image":{"@id":"https:\/\/denizcankizil.tr\/ru\/koseyazilari\/degerlendirme\/ilac-ureticisinin-hukuki-sorumlulugu-tuketici-ve-borclar-hukuku\/#primaryimage"},"thumbnailUrl":"https:\/\/denizcankizil.tr\/wp-content\/uploads\/2024\/10\/bJieI-253D.jpg","articleSection":["De\u011ferlendirme"],"inLanguage":"ru-RU","potentialAction":[{"@type":"CommentAction","name":"Comment","target":["https:\/\/denizcankizil.tr\/ru\/koseyazilari\/degerlendirme\/ilac-ureticisinin-hukuki-sorumlulugu-tuketici-ve-borclar-hukuku\/#respond"]}]},{"@type":"WebPage","@id":"https:\/\/denizcankizil.tr\/ru\/koseyazilari\/degerlendirme\/ilac-ureticisinin-hukuki-sorumlulugu-tuketici-ve-borclar-hukuku\/","url":"https:\/\/denizcankizil.tr\/ru\/koseyazilari\/degerlendirme\/ilac-ureticisinin-hukuki-sorumlulugu-tuketici-ve-borclar-hukuku\/","name":"\u0130la\u00e7 \u00dcreticisinin Hukuki Sorumlulu\u011fu: T\u00fcketici ve Bor\u00e7lar Hukuku - Av. Deniz Can K\u0131z\u0131l","isPartOf":{"@id":"https:\/\/denizcankizil.tr\/de\/#website"},"primaryImageOfPage":{"@id":"https:\/\/denizcankizil.tr\/ru\/koseyazilari\/degerlendirme\/ilac-ureticisinin-hukuki-sorumlulugu-tuketici-ve-borclar-hukuku\/#primaryimage"},"image":{"@id":"https:\/\/denizcankizil.tr\/ru\/koseyazilari\/degerlendirme\/ilac-ureticisinin-hukuki-sorumlulugu-tuketici-ve-borclar-hukuku\/#primaryimage"},"thumbnailUrl":"https:\/\/denizcankizil.tr\/wp-content\/uploads\/2024\/10\/bJieI-253D.jpg","datePublished":"2025-05-24T12:39:52+00:00","breadcrumb":{"@id":"https:\/\/denizcankizil.tr\/ru\/koseyazilari\/degerlendirme\/ilac-ureticisinin-hukuki-sorumlulugu-tuketici-ve-borclar-hukuku\/#breadcrumb"},"inLanguage":"ru-RU","potentialAction":[{"@type":"ReadAction","target":["https:\/\/denizcankizil.tr\/ru\/koseyazilari\/degerlendirme\/ilac-ureticisinin-hukuki-sorumlulugu-tuketici-ve-borclar-hukuku\/"]}]},{"@type":"ImageObject","inLanguage":"ru-RU","@id":"https:\/\/denizcankizil.tr\/ru\/koseyazilari\/degerlendirme\/ilac-ureticisinin-hukuki-sorumlulugu-tuketici-ve-borclar-hukuku\/#primaryimage","url":"https:\/\/denizcankizil.tr\/wp-content\/uploads\/2024\/10\/bJieI-253D.jpg","contentUrl":"https:\/\/denizcankizil.tr\/wp-content\/uploads\/2024\/10\/bJieI-253D.jpg"},{"@type":"BreadcrumbList","@id":"https:\/\/denizcankizil.tr\/ru\/koseyazilari\/degerlendirme\/ilac-ureticisinin-hukuki-sorumlulugu-tuketici-ve-borclar-hukuku\/#breadcrumb","itemListElement":[{"@type":"ListItem","position":1,"name":"Home","item":"https:\/\/denizcankizil.tr\/de\/"},{"@type":"ListItem","position":2,"name":"\u0130la\u00e7 \u00dcreticisinin Hukuki Sorumlulu\u011fu: T\u00fcketici ve Bor\u00e7lar Hukuku"}]},{"@type":"WebSite","@id":"https:\/\/denizcankizil.tr\/de\/#website","url":"https:\/\/denizcankizil.tr\/de\/","name":"Av. Deniz Can K\u0131z\u0131l","description":"Avukat Deniz Can K\u0131z\u0131l Antalya Barosu","publisher":{"@id":"https:\/\/denizcankizil.tr\/de\/#organization"},"potentialAction":[{"@type":"SearchAction","target":{"@type":"EntryPoint","urlTemplate":"https:\/\/denizcankizil.tr\/de\/?s={search_term_string}"},"query-input":{"@type":"PropertyValueSpecification","valueRequired":true,"valueName":"search_term_string"}}],"inLanguage":"ru-RU"},{"@type":"Organization","@id":"https:\/\/denizcankizil.tr\/de\/#organization","name":"Av. Deniz Can K\u0131z\u0131l","url":"https:\/\/denizcankizil.tr\/de\/","logo":{"@type":"ImageObject","inLanguage":"ru-RU","@id":"https:\/\/denizcankizil.tr\/de\/#\/schema\/logo\/image\/","url":"https:\/\/denizcankizil.tr\/wp-content\/uploads\/2024\/10\/siyah-logo-svg.svg","contentUrl":"https:\/\/denizcankizil.tr\/wp-content\/uploads\/2024\/10\/siyah-logo-svg.svg","width":1080,"height":1080,"caption":"Av. Deniz Can K\u0131z\u0131l"},"image":{"@id":"https:\/\/denizcankizil.tr\/de\/#\/schema\/logo\/image\/"}},{"@type":"Person","@id":"https:\/\/denizcankizil.tr\/de\/#\/schema\/person\/5dc1b22991bd7ac833867c10afc9b0ff","name":"Av. Deniz Can K\u0131z\u0131l","image":{"@type":"ImageObject","inLanguage":"ru-RU","@id":"https:\/\/denizcankizil.tr\/de\/#\/schema\/person\/image\/","url":"https:\/\/secure.gravatar.com\/avatar\/a0b128fb9855c79efc976d5640eedb31dc35ec297594d6016d2cf7c60e975bb6?s=96&d=mm&r=g","contentUrl":"https:\/\/secure.gravatar.com\/avatar\/a0b128fb9855c79efc976d5640eedb31dc35ec297594d6016d2cf7c60e975bb6?s=96&d=mm&r=g","caption":"Av. Deniz Can K\u0131z\u0131l"},"sameAs":["http:\/\/www.denizcankizil.tr"],"url":"https:\/\/denizcankizil.tr\/ru\/author\/denizcankizil\/"}]}},"_links":{"self":[{"href":"https:\/\/denizcankizil.tr\/ru\/wp-json\/wp\/v2\/posts\/95503","targetHints":{"allow":["GET"]}}],"collection":[{"href":"https:\/\/denizcankizil.tr\/ru\/wp-json\/wp\/v2\/posts"}],"about":[{"href":"https:\/\/denizcankizil.tr\/ru\/wp-json\/wp\/v2\/types\/post"}],"author":[{"embeddable":true,"href":"https:\/\/denizcankizil.tr\/ru\/wp-json\/wp\/v2\/users\/4"}],"replies":[{"embeddable":true,"href":"https:\/\/denizcankizil.tr\/ru\/wp-json\/wp\/v2\/comments?post=95503"}],"version-history":[{"count":0,"href":"https:\/\/denizcankizil.tr\/ru\/wp-json\/wp\/v2\/posts\/95503\/revisions"}],"wp:attachment":[{"href":"https:\/\/denizcankizil.tr\/ru\/wp-json\/wp\/v2\/media?parent=95503"}],"wp:term":[{"taxonomy":"category","embeddable":true,"href":"https:\/\/denizcankizil.tr\/ru\/wp-json\/wp\/v2\/categories?post=95503"},{"taxonomy":"post_tag","embeddable":true,"href":"https:\/\/denizcankizil.tr\/ru\/wp-json\/wp\/v2\/tags?post=95503"}],"curies":[{"name":"wp","href":"https:\/\/api.w.org\/{rel}","templated":true}]}}