{"id":95372,"date":"2025-05-24T11:41:13","date_gmt":"2025-05-24T08:41:13","guid":{"rendered":"https:\/\/denizcankizil.tr\/uncategorized-tr\/konyaalti-sahilinde-caretta-surprizi\/"},"modified":"2025-05-24T11:41:13","modified_gmt":"2025-05-24T08:41:13","slug":"konyaalti-sahilinde-caretta-surprizi","status":"publish","type":"post","link":"https:\/\/denizcankizil.tr\/ru\/haberler\/antalya\/konyaalti-sahilinde-caretta-surprizi\/","title":{"rendered":"Konyaalt\u0131 Sahili&#8217;nde caretta s\u00fcrprizi"},"content":{"rendered":"<p>D\u00fcnya Do\u011fay\u0131 Koruma Birli\u011fi&#8217;nin (IUCN) nesli tehlike alt\u0131ndaki t\u00fcrler listesinde yer alan &#8216;caretta caretta&#8217; deniz kaplumba\u011falar\u0131, yuvalama sezonu boyunca \u00f6zellikle Antalya k\u0131y\u0131lar\u0131nda bir\u00e7ok noktay\u0131 tercih ediyor. \u00d6nceki gece Konyaalt\u0131 Sahili&#8217;ne gelen bir caretta caretta, kumluk alanda a\u00e7t\u0131\u011f\u0131 yuvaya yumurtalar\u0131n\u0131 b\u0131rakt\u0131.<\/p>\n<p>KAMERAYI \u0130NCELED\u0130LER<\/p>\n<p>Sahildeki bir i\u015fletmenin \u00e7al\u0131\u015fan\u0131 Fatih Ardil, sabah saatlerinde i\u015f yerine geldi\u011finde kumluk alanda 4 \u00e7ukur fark etti. \u00c7ukurlar\u0131 inceleyen Ardil, yumurtalar oldu\u011funu g\u00f6rd\u00fc. Bunun \u00fczerine g\u00fcvenlik kameras\u0131 g\u00f6r\u00fcnt\u00fcs\u00fcn\u00fc inceleyen \u00e7al\u0131\u015fanlar, \u00e7ukurlar\u0131n bir deniz kaplumba\u011fas\u0131 taraf\u0131ndan a\u00e7\u0131ld\u0131\u011f\u0131n\u0131 anlad\u0131. Nesli tehlike alt\u0131ndaki t\u00fcr\u00fcn yumurtalar\u0131 oldu\u011funu fark eden \u00e7al\u0131\u015fanlar, tahta par\u00e7alar\u0131na \u015feritler \u00e7ekerek, yuvalar\u0131 koruma alt\u0131na ald\u0131.<\/p>\n<p>&#8216;G\u00d6Z\u00dcM\u00dcZ\u00dc YUVADAN AYIRMIYORUZ&#8217;<\/p>\n<p>\u0130\u015fletme \u00e7al\u0131\u015fan\u0131 Fatih Ardil, &#8220;Sabah i\u015fe geldi\u011fimizde burada \u00e7ukurlar\u0131n kaz\u0131ld\u0131\u011f\u0131n\u0131 g\u00f6rd\u00fck. S\u00fcr\u00fcnme izlerini fark ettik. Bu izlerin caretta carettaya ait olabilece\u011fini d\u00fc\u015f\u00fcnd\u00fck. Biraz bakt\u0131\u011f\u0131mda \u00e7ukurlar\u0131n i\u00e7inde yumurtalar oldu\u011funu g\u00f6rd\u00fck. Nesli t\u00fckenme tehlikesi alt\u0131nda oldu\u011funu bildi\u011fimiz i\u00e7in hemen m\u00fcdahale ettik. Yuvalar\u0131n etraf\u0131n\u0131 \u00e7evirdik. Caretta carettalar insan tehdidi alt\u0131nda. Bu yuvalara kar\u015f\u0131 daha duyarl\u0131 olmam\u0131z gerekiyor. Bu sahilde \u00e7ok g\u00f6z\u00fckm\u00fcyor, nadiren yuva yap\u0131yorlar. G\u00f6z\u00fcm\u00fcz\u00fc yuvadan ay\u0131rm\u0131yoruz&#8221; dedi.<\/p>\n<p>&#8216;GENELDE BU B\u00d6LGEY\u0130 TERC\u0130H ETM\u0130YOR&#8217;<\/p>\n<p>Akdeniz \u00dcniversitesi Su \u00dcr\u00fcnleri Fak\u00fcltesi \u00d6\u011fretim \u00dcyesi Prof. Dr. Mehmet G\u00f6ko\u011flu, &#8220;Konyaalt\u0131 Sahili&#8217;nde \u00e7ok nadir g\u00f6r\u00fclen bir olay. Caretta carettalar genelde ta\u015fl\u0131k oldu\u011fu i\u00e7in bu b\u00f6lgeyi tercih etmiyor. Sahildeki vatanda\u015flar\u0131n yuvalara yana\u015fmamas\u0131 gerekir&#8221; diye konu\u015ftu.<\/p>\n<p>Kaynak: www.kanalv.com.tr Haber Sitesinden Al\u0131nm\u0131\u015ft\u0131r.<\/p>","protected":false},"excerpt":{"rendered":"<p>D\u00fcnya Do\u011fay\u0131 Koruma Birli\u011fi&#8217;nin (IUCN) nesli tehlike alt\u0131ndaki t\u00fcrler listesinde yer alan &#8216;caretta caretta&#8217; deniz kaplumba\u011falar\u0131, yuvalama sezonu boyunca \u00f6zellikle Antalya k\u0131y\u0131lar\u0131nda bir\u00e7ok noktay\u0131 tercih ediyor. \u00d6nceki gece Konyaalt\u0131 Sahili&#8217;ne gelen bir caretta caretta, kumluk alanda a\u00e7t\u0131\u011f\u0131 yuvaya yumurtalar\u0131n\u0131 b\u0131rakt\u0131. KAMERAYI \u0130NCELED\u0130LER Sahildeki bir i\u015fletmenin \u00e7al\u0131\u015fan\u0131 Fatih Ardil, sabah saatlerinde i\u015f yerine geldi\u011finde kumluk alanda 4 \u00e7ukur fark etti. \u00c7ukurlar\u0131 inceleyen Ardil, yumurtalar oldu\u011funu g\u00f6rd\u00fc. Bunun \u00fczerine g\u00fcvenlik kameras\u0131 g\u00f6r\u00fcnt\u00fcs\u00fcn\u00fc inceleyen \u00e7al\u0131\u015fanlar, \u00e7ukurlar\u0131n bir deniz kaplumba\u011fas\u0131 taraf\u0131ndan a\u00e7\u0131ld\u0131\u011f\u0131n\u0131 anlad\u0131. Nesli tehlike alt\u0131ndaki t\u00fcr\u00fcn yumurtalar\u0131 oldu\u011funu fark eden \u00e7al\u0131\u015fanlar, tahta par\u00e7alar\u0131na \u015feritler \u00e7ekerek, yuvalar\u0131 koruma alt\u0131na ald\u0131. &#8216;G\u00d6Z\u00dcM\u00dcZ\u00dc YUVADAN AYIRMIYORUZ&#8217; \u0130\u015fletme \u00e7al\u0131\u015fan\u0131 Fatih Ardil, &#8220;Sabah i\u015fe geldi\u011fimizde burada \u00e7ukurlar\u0131n kaz\u0131ld\u0131\u011f\u0131n\u0131 g\u00f6rd\u00fck. S\u00fcr\u00fcnme izlerini fark ettik. Bu izlerin caretta carettaya ait olabilece\u011fini d\u00fc\u015f\u00fcnd\u00fck. Biraz bakt\u0131\u011f\u0131mda \u00e7ukurlar\u0131n i\u00e7inde yumurtalar oldu\u011funu g\u00f6rd\u00fck. Nesli t\u00fckenme tehlikesi alt\u0131nda oldu\u011funu bildi\u011fimiz i\u00e7in hemen m\u00fcdahale ettik. Yuvalar\u0131n etraf\u0131n\u0131 \u00e7evirdik. Caretta carettalar insan tehdidi alt\u0131nda. Bu yuvalara kar\u015f\u0131 daha duyarl\u0131 olmam\u0131z gerekiyor. Bu sahilde \u00e7ok g\u00f6z\u00fckm\u00fcyor, nadiren yuva yap\u0131yorlar. G\u00f6z\u00fcm\u00fcz\u00fc yuvadan ay\u0131rm\u0131yoruz&#8221; dedi. &#8216;GENELDE BU B\u00d6LGEY\u0130 TERC\u0130H ETM\u0130YOR&#8217; Akdeniz \u00dcniversitesi Su \u00dcr\u00fcnleri Fak\u00fcltesi \u00d6\u011fretim \u00dcyesi Prof. Dr. Mehmet G\u00f6ko\u011flu, &#8220;Konyaalt\u0131 Sahili&#8217;nde \u00e7ok nadir g\u00f6r\u00fclen bir olay. Caretta carettalar genelde ta\u015fl\u0131k oldu\u011fu i\u00e7in bu b\u00f6lgeyi tercih etmiyor. Sahildeki vatanda\u015flar\u0131n yuvalara &hellip;<\/p>","protected":false},"author":4,"featured_media":0,"comment_status":"","ping_status":"open","sticky":false,"template":"","format":"standard","meta":{"_acf_changed":false,"footnotes":""},"categories":[26],"tags":[],"class_list":["post-95372","post","type-post","status-publish","format-standard","hentry","category-antalya"],"acf":[],"yoast_head":"<!-- This site is optimized with the Yoast SEO Premium plugin v26.6 (Yoast SEO v27.1.1) - https:\/\/yoast.com\/product\/yoast-seo-premium-wordpress\/ -->\n<title>Konyaalt\u0131 Sahili&#039;nde caretta s\u00fcrprizi - Av. Deniz Can K\u0131z\u0131l<\/title>\n<meta name=\"robots\" content=\"index, follow, max-snippet:-1, max-image-preview:large, max-video-preview:-1\" \/>\n<link rel=\"canonical\" href=\"https:\/\/denizcankizil.tr\/ru\/haberler\/antalya\/konyaalti-sahilinde-caretta-surprizi\/\" \/>\n<meta property=\"og:locale\" content=\"ru_RU\" \/>\n<meta property=\"og:type\" content=\"article\" \/>\n<meta property=\"og:title\" content=\"Konyaalt\u0131 Sahili&#039;nde caretta s\u00fcrprizi\" \/>\n<meta property=\"og:description\" content=\"D\u00fcnya Do\u011fay\u0131 Koruma Birli\u011fi&#8217;nin (IUCN) nesli tehlike alt\u0131ndaki t\u00fcrler listesinde yer alan &#8216;caretta caretta&#8217; deniz kaplumba\u011falar\u0131, yuvalama sezonu boyunca \u00f6zellikle Antalya k\u0131y\u0131lar\u0131nda bir\u00e7ok noktay\u0131 tercih ediyor. \u00d6nceki gece Konyaalt\u0131 Sahili&#8217;ne gelen bir caretta caretta, kumluk alanda a\u00e7t\u0131\u011f\u0131 yuvaya yumurtalar\u0131n\u0131 b\u0131rakt\u0131. KAMERAYI \u0130NCELED\u0130LER Sahildeki bir i\u015fletmenin \u00e7al\u0131\u015fan\u0131 Fatih Ardil, sabah saatlerinde i\u015f yerine geldi\u011finde kumluk alanda 4 \u00e7ukur fark etti. \u00c7ukurlar\u0131 inceleyen Ardil, yumurtalar oldu\u011funu g\u00f6rd\u00fc. Bunun \u00fczerine g\u00fcvenlik kameras\u0131 g\u00f6r\u00fcnt\u00fcs\u00fcn\u00fc inceleyen \u00e7al\u0131\u015fanlar, \u00e7ukurlar\u0131n bir deniz kaplumba\u011fas\u0131 taraf\u0131ndan a\u00e7\u0131ld\u0131\u011f\u0131n\u0131 anlad\u0131. Nesli tehlike alt\u0131ndaki t\u00fcr\u00fcn yumurtalar\u0131 oldu\u011funu fark eden \u00e7al\u0131\u015fanlar, tahta par\u00e7alar\u0131na \u015feritler \u00e7ekerek, yuvalar\u0131 koruma alt\u0131na ald\u0131. &#8216;G\u00d6Z\u00dcM\u00dcZ\u00dc YUVADAN AYIRMIYORUZ&#8217; \u0130\u015fletme \u00e7al\u0131\u015fan\u0131 Fatih Ardil, &#8220;Sabah i\u015fe geldi\u011fimizde burada \u00e7ukurlar\u0131n kaz\u0131ld\u0131\u011f\u0131n\u0131 g\u00f6rd\u00fck. S\u00fcr\u00fcnme izlerini fark ettik. Bu izlerin caretta carettaya ait olabilece\u011fini d\u00fc\u015f\u00fcnd\u00fck. Biraz bakt\u0131\u011f\u0131mda \u00e7ukurlar\u0131n i\u00e7inde yumurtalar oldu\u011funu g\u00f6rd\u00fck. Nesli t\u00fckenme tehlikesi alt\u0131nda oldu\u011funu bildi\u011fimiz i\u00e7in hemen m\u00fcdahale ettik. Yuvalar\u0131n etraf\u0131n\u0131 \u00e7evirdik. Caretta carettalar insan tehdidi alt\u0131nda. Bu yuvalara kar\u015f\u0131 daha duyarl\u0131 olmam\u0131z gerekiyor. Bu sahilde \u00e7ok g\u00f6z\u00fckm\u00fcyor, nadiren yuva yap\u0131yorlar. G\u00f6z\u00fcm\u00fcz\u00fc yuvadan ay\u0131rm\u0131yoruz&#8221; dedi. &#8216;GENELDE BU B\u00d6LGEY\u0130 TERC\u0130H ETM\u0130YOR&#8217; Akdeniz \u00dcniversitesi Su \u00dcr\u00fcnleri Fak\u00fcltesi \u00d6\u011fretim \u00dcyesi Prof. Dr. Mehmet G\u00f6ko\u011flu, &#8220;Konyaalt\u0131 Sahili&#8217;nde \u00e7ok nadir g\u00f6r\u00fclen bir olay. Caretta carettalar genelde ta\u015fl\u0131k oldu\u011fu i\u00e7in bu b\u00f6lgeyi tercih etmiyor. Sahildeki vatanda\u015flar\u0131n yuvalara &hellip;\" \/>\n<meta property=\"og:url\" content=\"https:\/\/denizcankizil.tr\/ru\/haberler\/antalya\/konyaalti-sahilinde-caretta-surprizi\/\" \/>\n<meta property=\"og:site_name\" content=\"Av. Deniz Can K\u0131z\u0131l\" \/>\n<meta property=\"article:published_time\" content=\"2025-05-24T08:41:13+00:00\" \/>\n<meta name=\"author\" content=\"Av. Deniz Can K\u0131z\u0131l\" \/>\n<meta name=\"twitter:card\" content=\"summary_large_image\" \/>\n<meta name=\"twitter:label1\" content=\"\u041d\u0430\u043f\u0438\u0441\u0430\u043d\u043e \u0430\u0432\u0442\u043e\u0440\u043e\u043c\" \/>\n\t<meta name=\"twitter:data1\" content=\"Av. Deniz Can K\u0131z\u0131l\" \/>\n\t<meta name=\"twitter:label2\" content=\"\u041f\u0440\u0438\u043c\u0435\u0440\u043d\u043e\u0435 \u0432\u0440\u0435\u043c\u044f \u0434\u043b\u044f \u0447\u0442\u0435\u043d\u0438\u044f\" \/>\n\t<meta name=\"twitter:data2\" content=\"2 \u043c\u0438\u043d\u0443\u0442\u044b\" \/>\n<script type=\"application\/ld+json\" class=\"yoast-schema-graph\">{\"@context\":\"https:\/\/schema.org\",\"@graph\":[{\"@type\":\"Article\",\"@id\":\"https:\/\/denizcankizil.tr\/ru\/haberler\/antalya\/konyaalti-sahilinde-caretta-surprizi\/#article\",\"isPartOf\":{\"@id\":\"https:\/\/denizcankizil.tr\/ru\/haberler\/antalya\/konyaalti-sahilinde-caretta-surprizi\/\"},\"author\":{\"name\":\"Av. Deniz Can K\u0131z\u0131l\",\"@id\":\"https:\/\/denizcankizil.tr\/de\/#\/schema\/person\/5dc1b22991bd7ac833867c10afc9b0ff\"},\"headline\":\"Konyaalt\u0131 Sahili&#8217;nde caretta s\u00fcrprizi\",\"datePublished\":\"2025-05-24T08:41:13+00:00\",\"mainEntityOfPage\":{\"@id\":\"https:\/\/denizcankizil.tr\/ru\/haberler\/antalya\/konyaalti-sahilinde-caretta-surprizi\/\"},\"wordCount\":320,\"publisher\":{\"@id\":\"https:\/\/denizcankizil.tr\/de\/#organization\"},\"articleSection\":[\"Antalya\"],\"inLanguage\":\"ru-RU\"},{\"@type\":\"WebPage\",\"@id\":\"https:\/\/denizcankizil.tr\/ru\/haberler\/antalya\/konyaalti-sahilinde-caretta-surprizi\/\",\"url\":\"https:\/\/denizcankizil.tr\/ru\/haberler\/antalya\/konyaalti-sahilinde-caretta-surprizi\/\",\"name\":\"Konyaalt\u0131 Sahili'nde caretta s\u00fcrprizi - Av. Deniz Can K\u0131z\u0131l\",\"isPartOf\":{\"@id\":\"https:\/\/denizcankizil.tr\/de\/#website\"},\"datePublished\":\"2025-05-24T08:41:13+00:00\",\"breadcrumb\":{\"@id\":\"https:\/\/denizcankizil.tr\/ru\/haberler\/antalya\/konyaalti-sahilinde-caretta-surprizi\/#breadcrumb\"},\"inLanguage\":\"ru-RU\",\"potentialAction\":[{\"@type\":\"ReadAction\",\"target\":[\"https:\/\/denizcankizil.tr\/ru\/haberler\/antalya\/konyaalti-sahilinde-caretta-surprizi\/\"]}]},{\"@type\":\"BreadcrumbList\",\"@id\":\"https:\/\/denizcankizil.tr\/ru\/haberler\/antalya\/konyaalti-sahilinde-caretta-surprizi\/#breadcrumb\",\"itemListElement\":[{\"@type\":\"ListItem\",\"position\":1,\"name\":\"Home\",\"item\":\"https:\/\/denizcankizil.tr\/de\/\"},{\"@type\":\"ListItem\",\"position\":2,\"name\":\"Konyaalt\u0131 Sahili&#8217;nde caretta s\u00fcrprizi\"}]},{\"@type\":\"WebSite\",\"@id\":\"https:\/\/denizcankizil.tr\/de\/#website\",\"url\":\"https:\/\/denizcankizil.tr\/de\/\",\"name\":\"Av. Deniz Can K\u0131z\u0131l\",\"description\":\"Avukat Deniz Can K\u0131z\u0131l Antalya Barosu\",\"publisher\":{\"@id\":\"https:\/\/denizcankizil.tr\/de\/#organization\"},\"potentialAction\":[{\"@type\":\"SearchAction\",\"target\":{\"@type\":\"EntryPoint\",\"urlTemplate\":\"https:\/\/denizcankizil.tr\/de\/?s={search_term_string}\"},\"query-input\":{\"@type\":\"PropertyValueSpecification\",\"valueRequired\":true,\"valueName\":\"search_term_string\"}}],\"inLanguage\":\"ru-RU\"},{\"@type\":\"Organization\",\"@id\":\"https:\/\/denizcankizil.tr\/de\/#organization\",\"name\":\"Av. Deniz Can K\u0131z\u0131l\",\"url\":\"https:\/\/denizcankizil.tr\/de\/\",\"logo\":{\"@type\":\"ImageObject\",\"inLanguage\":\"ru-RU\",\"@id\":\"https:\/\/denizcankizil.tr\/de\/#\/schema\/logo\/image\/\",\"url\":\"https:\/\/denizcankizil.tr\/wp-content\/uploads\/2024\/10\/siyah-logo-svg.svg\",\"contentUrl\":\"https:\/\/denizcankizil.tr\/wp-content\/uploads\/2024\/10\/siyah-logo-svg.svg\",\"width\":1080,\"height\":1080,\"caption\":\"Av. Deniz Can K\u0131z\u0131l\"},\"image\":{\"@id\":\"https:\/\/denizcankizil.tr\/de\/#\/schema\/logo\/image\/\"}},{\"@type\":\"Person\",\"@id\":\"https:\/\/denizcankizil.tr\/de\/#\/schema\/person\/5dc1b22991bd7ac833867c10afc9b0ff\",\"name\":\"Av. Deniz Can K\u0131z\u0131l\",\"image\":{\"@type\":\"ImageObject\",\"inLanguage\":\"ru-RU\",\"@id\":\"https:\/\/denizcankizil.tr\/de\/#\/schema\/person\/image\/\",\"url\":\"https:\/\/secure.gravatar.com\/avatar\/a0b128fb9855c79efc976d5640eedb31dc35ec297594d6016d2cf7c60e975bb6?s=96&d=mm&r=g\",\"contentUrl\":\"https:\/\/secure.gravatar.com\/avatar\/a0b128fb9855c79efc976d5640eedb31dc35ec297594d6016d2cf7c60e975bb6?s=96&d=mm&r=g\",\"caption\":\"Av. Deniz Can K\u0131z\u0131l\"},\"sameAs\":[\"http:\/\/www.denizcankizil.tr\"],\"url\":\"https:\/\/denizcankizil.tr\/ru\/author\/denizcankizil\/\"}]}<\/script>\n<!-- \/ Yoast SEO Premium plugin. -->","yoast_head_json":{"title":"Konyaalt\u0131 Sahili'nde caretta s\u00fcrprizi - Av. Deniz Can K\u0131z\u0131l","robots":{"index":"index","follow":"follow","max-snippet":"max-snippet:-1","max-image-preview":"max-image-preview:large","max-video-preview":"max-video-preview:-1"},"canonical":"https:\/\/denizcankizil.tr\/ru\/haberler\/antalya\/konyaalti-sahilinde-caretta-surprizi\/","og_locale":"ru_RU","og_type":"article","og_title":"Konyaalt\u0131 Sahili'nde caretta s\u00fcrprizi","og_description":"D\u00fcnya Do\u011fay\u0131 Koruma Birli\u011fi&#8217;nin (IUCN) nesli tehlike alt\u0131ndaki t\u00fcrler listesinde yer alan &#8216;caretta caretta&#8217; deniz kaplumba\u011falar\u0131, yuvalama sezonu boyunca \u00f6zellikle Antalya k\u0131y\u0131lar\u0131nda bir\u00e7ok noktay\u0131 tercih ediyor. \u00d6nceki gece Konyaalt\u0131 Sahili&#8217;ne gelen bir caretta caretta, kumluk alanda a\u00e7t\u0131\u011f\u0131 yuvaya yumurtalar\u0131n\u0131 b\u0131rakt\u0131. KAMERAYI \u0130NCELED\u0130LER Sahildeki bir i\u015fletmenin \u00e7al\u0131\u015fan\u0131 Fatih Ardil, sabah saatlerinde i\u015f yerine geldi\u011finde kumluk alanda 4 \u00e7ukur fark etti. \u00c7ukurlar\u0131 inceleyen Ardil, yumurtalar oldu\u011funu g\u00f6rd\u00fc. Bunun \u00fczerine g\u00fcvenlik kameras\u0131 g\u00f6r\u00fcnt\u00fcs\u00fcn\u00fc inceleyen \u00e7al\u0131\u015fanlar, \u00e7ukurlar\u0131n bir deniz kaplumba\u011fas\u0131 taraf\u0131ndan a\u00e7\u0131ld\u0131\u011f\u0131n\u0131 anlad\u0131. Nesli tehlike alt\u0131ndaki t\u00fcr\u00fcn yumurtalar\u0131 oldu\u011funu fark eden \u00e7al\u0131\u015fanlar, tahta par\u00e7alar\u0131na \u015feritler \u00e7ekerek, yuvalar\u0131 koruma alt\u0131na ald\u0131. &#8216;G\u00d6Z\u00dcM\u00dcZ\u00dc YUVADAN AYIRMIYORUZ&#8217; \u0130\u015fletme \u00e7al\u0131\u015fan\u0131 Fatih Ardil, &#8220;Sabah i\u015fe geldi\u011fimizde burada \u00e7ukurlar\u0131n kaz\u0131ld\u0131\u011f\u0131n\u0131 g\u00f6rd\u00fck. S\u00fcr\u00fcnme izlerini fark ettik. Bu izlerin caretta carettaya ait olabilece\u011fini d\u00fc\u015f\u00fcnd\u00fck. Biraz bakt\u0131\u011f\u0131mda \u00e7ukurlar\u0131n i\u00e7inde yumurtalar oldu\u011funu g\u00f6rd\u00fck. Nesli t\u00fckenme tehlikesi alt\u0131nda oldu\u011funu bildi\u011fimiz i\u00e7in hemen m\u00fcdahale ettik. Yuvalar\u0131n etraf\u0131n\u0131 \u00e7evirdik. Caretta carettalar insan tehdidi alt\u0131nda. Bu yuvalara kar\u015f\u0131 daha duyarl\u0131 olmam\u0131z gerekiyor. Bu sahilde \u00e7ok g\u00f6z\u00fckm\u00fcyor, nadiren yuva yap\u0131yorlar. G\u00f6z\u00fcm\u00fcz\u00fc yuvadan ay\u0131rm\u0131yoruz&#8221; dedi. &#8216;GENELDE BU B\u00d6LGEY\u0130 TERC\u0130H ETM\u0130YOR&#8217; Akdeniz \u00dcniversitesi Su \u00dcr\u00fcnleri Fak\u00fcltesi \u00d6\u011fretim \u00dcyesi Prof. Dr. Mehmet G\u00f6ko\u011flu, &#8220;Konyaalt\u0131 Sahili&#8217;nde \u00e7ok nadir g\u00f6r\u00fclen bir olay. Caretta carettalar genelde ta\u015fl\u0131k oldu\u011fu i\u00e7in bu b\u00f6lgeyi tercih etmiyor. Sahildeki vatanda\u015flar\u0131n yuvalara &hellip;","og_url":"https:\/\/denizcankizil.tr\/ru\/haberler\/antalya\/konyaalti-sahilinde-caretta-surprizi\/","og_site_name":"Av. Deniz Can K\u0131z\u0131l","article_published_time":"2025-05-24T08:41:13+00:00","author":"Av. Deniz Can K\u0131z\u0131l","twitter_card":"summary_large_image","twitter_misc":{"\u041d\u0430\u043f\u0438\u0441\u0430\u043d\u043e \u0430\u0432\u0442\u043e\u0440\u043e\u043c":"Av. Deniz Can K\u0131z\u0131l","\u041f\u0440\u0438\u043c\u0435\u0440\u043d\u043e\u0435 \u0432\u0440\u0435\u043c\u044f \u0434\u043b\u044f \u0447\u0442\u0435\u043d\u0438\u044f":"2 \u043c\u0438\u043d\u0443\u0442\u044b"},"schema":{"@context":"https:\/\/schema.org","@graph":[{"@type":"Article","@id":"https:\/\/denizcankizil.tr\/ru\/haberler\/antalya\/konyaalti-sahilinde-caretta-surprizi\/#article","isPartOf":{"@id":"https:\/\/denizcankizil.tr\/ru\/haberler\/antalya\/konyaalti-sahilinde-caretta-surprizi\/"},"author":{"name":"Av. Deniz Can K\u0131z\u0131l","@id":"https:\/\/denizcankizil.tr\/de\/#\/schema\/person\/5dc1b22991bd7ac833867c10afc9b0ff"},"headline":"Konyaalt\u0131 Sahili&#8217;nde caretta s\u00fcrprizi","datePublished":"2025-05-24T08:41:13+00:00","mainEntityOfPage":{"@id":"https:\/\/denizcankizil.tr\/ru\/haberler\/antalya\/konyaalti-sahilinde-caretta-surprizi\/"},"wordCount":320,"publisher":{"@id":"https:\/\/denizcankizil.tr\/de\/#organization"},"articleSection":["Antalya"],"inLanguage":"ru-RU"},{"@type":"WebPage","@id":"https:\/\/denizcankizil.tr\/ru\/haberler\/antalya\/konyaalti-sahilinde-caretta-surprizi\/","url":"https:\/\/denizcankizil.tr\/ru\/haberler\/antalya\/konyaalti-sahilinde-caretta-surprizi\/","name":"Konyaalt\u0131 Sahili'nde caretta s\u00fcrprizi - Av. Deniz Can K\u0131z\u0131l","isPartOf":{"@id":"https:\/\/denizcankizil.tr\/de\/#website"},"datePublished":"2025-05-24T08:41:13+00:00","breadcrumb":{"@id":"https:\/\/denizcankizil.tr\/ru\/haberler\/antalya\/konyaalti-sahilinde-caretta-surprizi\/#breadcrumb"},"inLanguage":"ru-RU","potentialAction":[{"@type":"ReadAction","target":["https:\/\/denizcankizil.tr\/ru\/haberler\/antalya\/konyaalti-sahilinde-caretta-surprizi\/"]}]},{"@type":"BreadcrumbList","@id":"https:\/\/denizcankizil.tr\/ru\/haberler\/antalya\/konyaalti-sahilinde-caretta-surprizi\/#breadcrumb","itemListElement":[{"@type":"ListItem","position":1,"name":"Home","item":"https:\/\/denizcankizil.tr\/de\/"},{"@type":"ListItem","position":2,"name":"Konyaalt\u0131 Sahili&#8217;nde caretta s\u00fcrprizi"}]},{"@type":"WebSite","@id":"https:\/\/denizcankizil.tr\/de\/#website","url":"https:\/\/denizcankizil.tr\/de\/","name":"Av. Deniz Can K\u0131z\u0131l","description":"Avukat Deniz Can K\u0131z\u0131l Antalya Barosu","publisher":{"@id":"https:\/\/denizcankizil.tr\/de\/#organization"},"potentialAction":[{"@type":"SearchAction","target":{"@type":"EntryPoint","urlTemplate":"https:\/\/denizcankizil.tr\/de\/?s={search_term_string}"},"query-input":{"@type":"PropertyValueSpecification","valueRequired":true,"valueName":"search_term_string"}}],"inLanguage":"ru-RU"},{"@type":"Organization","@id":"https:\/\/denizcankizil.tr\/de\/#organization","name":"Av. Deniz Can K\u0131z\u0131l","url":"https:\/\/denizcankizil.tr\/de\/","logo":{"@type":"ImageObject","inLanguage":"ru-RU","@id":"https:\/\/denizcankizil.tr\/de\/#\/schema\/logo\/image\/","url":"https:\/\/denizcankizil.tr\/wp-content\/uploads\/2024\/10\/siyah-logo-svg.svg","contentUrl":"https:\/\/denizcankizil.tr\/wp-content\/uploads\/2024\/10\/siyah-logo-svg.svg","width":1080,"height":1080,"caption":"Av. Deniz Can K\u0131z\u0131l"},"image":{"@id":"https:\/\/denizcankizil.tr\/de\/#\/schema\/logo\/image\/"}},{"@type":"Person","@id":"https:\/\/denizcankizil.tr\/de\/#\/schema\/person\/5dc1b22991bd7ac833867c10afc9b0ff","name":"Av. Deniz Can K\u0131z\u0131l","image":{"@type":"ImageObject","inLanguage":"ru-RU","@id":"https:\/\/denizcankizil.tr\/de\/#\/schema\/person\/image\/","url":"https:\/\/secure.gravatar.com\/avatar\/a0b128fb9855c79efc976d5640eedb31dc35ec297594d6016d2cf7c60e975bb6?s=96&d=mm&r=g","contentUrl":"https:\/\/secure.gravatar.com\/avatar\/a0b128fb9855c79efc976d5640eedb31dc35ec297594d6016d2cf7c60e975bb6?s=96&d=mm&r=g","caption":"Av. Deniz Can K\u0131z\u0131l"},"sameAs":["http:\/\/www.denizcankizil.tr"],"url":"https:\/\/denizcankizil.tr\/ru\/author\/denizcankizil\/"}]}},"_links":{"self":[{"href":"https:\/\/denizcankizil.tr\/ru\/wp-json\/wp\/v2\/posts\/95372","targetHints":{"allow":["GET"]}}],"collection":[{"href":"https:\/\/denizcankizil.tr\/ru\/wp-json\/wp\/v2\/posts"}],"about":[{"href":"https:\/\/denizcankizil.tr\/ru\/wp-json\/wp\/v2\/types\/post"}],"author":[{"embeddable":true,"href":"https:\/\/denizcankizil.tr\/ru\/wp-json\/wp\/v2\/users\/4"}],"replies":[{"embeddable":true,"href":"https:\/\/denizcankizil.tr\/ru\/wp-json\/wp\/v2\/comments?post=95372"}],"version-history":[{"count":0,"href":"https:\/\/denizcankizil.tr\/ru\/wp-json\/wp\/v2\/posts\/95372\/revisions"}],"wp:attachment":[{"href":"https:\/\/denizcankizil.tr\/ru\/wp-json\/wp\/v2\/media?parent=95372"}],"wp:term":[{"taxonomy":"category","embeddable":true,"href":"https:\/\/denizcankizil.tr\/ru\/wp-json\/wp\/v2\/categories?post=95372"},{"taxonomy":"post_tag","embeddable":true,"href":"https:\/\/denizcankizil.tr\/ru\/wp-json\/wp\/v2\/tags?post=95372"}],"curies":[{"name":"wp","href":"https:\/\/api.w.org\/{rel}","templated":true}]}}