{"id":9499,"date":"2024-10-28T15:42:43","date_gmt":"2024-10-28T12:42:43","guid":{"rendered":"https:\/\/denizcankizil.tr\/uncategorized-tr\/guzelbahcede-atanin-huzuruna-celenk-sunuldu\/"},"modified":"2024-10-28T15:42:43","modified_gmt":"2024-10-28T12:42:43","slug":"guzelbahcede-atanin-huzuruna-celenk-sunuldu","status":"publish","type":"post","link":"https:\/\/denizcankizil.tr\/ru\/haberler\/gundem\/guzelbahcede-atanin-huzuruna-celenk-sunuldu\/","title":{"rendered":"G\u00fczelbah\u00e7e\u2019de Ata\u2019n\u0131n Huzuruna \u00c7elenk Sunuldu"},"content":{"rendered":"<p>G\u00fczelbah\u00e7e\u2019de 29 Ekim Cumhuriyet Bayram\u0131 Atat\u00fcrk\u2019\u00fcn huzuruna \u00e7elenk sunuldu, sayg\u0131 duru\u015fu ve istiklal mar\u015f\u0131 okundu.\u00a0<\/p>\n<p>\u200bG\u00fczelbah\u00e7e\u2019de 29 Ekim Cumhuriyet Bayram\u0131 Atat\u00fcrk\u2019\u00fcn huzuruna \u00e7elenk sunuldu, sayg\u0131 duru\u015fu ve istiklal mar\u015f\u0131 okundu.\u00a0\u00a0<\/p>\n<p>\u200bHaberin Al\u0131nt\u0131land\u0131\u011f\u0131 Kaynak: www.iskenderun.org<\/p>","protected":false},"excerpt":{"rendered":"<p>G\u00fczelbah\u00e7e\u2019de 29 Ekim Cumhuriyet Bayram\u0131 Atat\u00fcrk\u2019\u00fcn huzuruna \u00e7elenk sunuldu, sayg\u0131 duru\u015fu ve istiklal mar\u015f\u0131 okundu.\u00a0 \u200bG\u00fczelbah\u00e7e\u2019de 29 Ekim Cumhuriyet Bayram\u0131 Atat\u00fcrk\u2019\u00fcn huzuruna \u00e7elenk sunuldu, sayg\u0131 duru\u015fu ve istiklal mar\u015f\u0131 okundu.\u00a0\u00a0 \u200bHaberin Al\u0131nt\u0131land\u0131\u011f\u0131 Kaynak: www.iskenderun.org<\/p>","protected":false},"author":0,"featured_media":0,"comment_status":"open","ping_status":"open","sticky":false,"template":"","format":"standard","meta":{"_acf_changed":false,"footnotes":""},"categories":[24,535],"tags":[],"class_list":["post-9499","post","type-post","status-publish","format-standard","has-post-thumbnail","hentry","category-gundem","category-uncategorized-tr"],"acf":[],"yoast_head":"<!-- This site is optimized with the Yoast SEO Premium plugin v26.6 (Yoast SEO v27.1.1) - https:\/\/yoast.com\/product\/yoast-seo-premium-wordpress\/ -->\n<title>G\u00fczelbah\u00e7e\u2019de Ata\u2019n\u0131n Huzuruna \u00c7elenk Sunuldu - Av. Deniz Can K\u0131z\u0131l<\/title>\n<meta name=\"robots\" content=\"index, follow, max-snippet:-1, max-image-preview:large, max-video-preview:-1\" \/>\n<link rel=\"canonical\" href=\"https:\/\/denizcankizil.tr\/ru\/haberler\/gundem\/guzelbahcede-atanin-huzuruna-celenk-sunuldu\/\" \/>\n<meta property=\"og:locale\" content=\"ru_RU\" \/>\n<meta property=\"og:type\" content=\"article\" \/>\n<meta property=\"og:title\" content=\"G\u00fczelbah\u00e7e\u2019de Ata\u2019n\u0131n Huzuruna \u00c7elenk Sunuldu\" \/>\n<meta property=\"og:description\" content=\"G\u00fczelbah\u00e7e\u2019de 29 Ekim Cumhuriyet Bayram\u0131 Atat\u00fcrk\u2019\u00fcn huzuruna \u00e7elenk sunuldu, sayg\u0131 duru\u015fu ve istiklal mar\u015f\u0131 okundu.\u00a0 \u200bG\u00fczelbah\u00e7e\u2019de 29 Ekim Cumhuriyet Bayram\u0131 Atat\u00fcrk\u2019\u00fcn huzuruna \u00e7elenk sunuldu, sayg\u0131 duru\u015fu ve istiklal mar\u015f\u0131 okundu.\u00a0\u00a0 \u200bHaberin Al\u0131nt\u0131land\u0131\u011f\u0131 Kaynak: www.iskenderun.org\" \/>\n<meta property=\"og:url\" content=\"https:\/\/denizcankizil.tr\/ru\/haberler\/gundem\/guzelbahcede-atanin-huzuruna-celenk-sunuldu\/\" \/>\n<meta property=\"og:site_name\" content=\"Av. Deniz Can K\u0131z\u0131l\" \/>\n<meta property=\"article:published_time\" content=\"2024-10-28T12:42:43+00:00\" \/>\n<meta name=\"twitter:card\" content=\"summary_large_image\" \/>\n<script type=\"application\/ld+json\" class=\"yoast-schema-graph\">{\"@context\":\"https:\/\/schema.org\",\"@graph\":[{\"@type\":\"Article\",\"@id\":\"https:\/\/denizcankizil.tr\/ru\/haberler\/gundem\/guzelbahcede-atanin-huzuruna-celenk-sunuldu\/#article\",\"isPartOf\":{\"@id\":\"https:\/\/denizcankizil.tr\/ru\/haberler\/gundem\/guzelbahcede-atanin-huzuruna-celenk-sunuldu\/\"},\"author\":{\"name\":\"\",\"@id\":\"\"},\"headline\":\"G\u00fczelbah\u00e7e\u2019de Ata\u2019n\u0131n Huzuruna \u00c7elenk Sunuldu\",\"datePublished\":\"2024-10-28T12:42:43+00:00\",\"mainEntityOfPage\":{\"@id\":\"https:\/\/denizcankizil.tr\/ru\/haberler\/gundem\/guzelbahcede-atanin-huzuruna-celenk-sunuldu\/\"},\"wordCount\":58,\"commentCount\":0,\"publisher\":{\"@id\":\"https:\/\/denizcankizil.tr\/#organization\"},\"articleSection\":[\"G\u00fcndem\",\"Uncategorized\"],\"inLanguage\":\"ru-RU\",\"potentialAction\":[{\"@type\":\"CommentAction\",\"name\":\"Comment\",\"target\":[\"https:\/\/denizcankizil.tr\/ru\/haberler\/gundem\/guzelbahcede-atanin-huzuruna-celenk-sunuldu\/#respond\"]}]},{\"@type\":\"WebPage\",\"@id\":\"https:\/\/denizcankizil.tr\/ru\/haberler\/gundem\/guzelbahcede-atanin-huzuruna-celenk-sunuldu\/\",\"url\":\"https:\/\/denizcankizil.tr\/ru\/haberler\/gundem\/guzelbahcede-atanin-huzuruna-celenk-sunuldu\/\",\"name\":\"G\u00fczelbah\u00e7e\u2019de Ata\u2019n\u0131n Huzuruna \u00c7elenk Sunuldu - Av. Deniz Can K\u0131z\u0131l\",\"isPartOf\":{\"@id\":\"https:\/\/denizcankizil.tr\/#website\"},\"datePublished\":\"2024-10-28T12:42:43+00:00\",\"breadcrumb\":{\"@id\":\"https:\/\/denizcankizil.tr\/ru\/haberler\/gundem\/guzelbahcede-atanin-huzuruna-celenk-sunuldu\/#breadcrumb\"},\"inLanguage\":\"ru-RU\",\"potentialAction\":[{\"@type\":\"ReadAction\",\"target\":[\"https:\/\/denizcankizil.tr\/ru\/haberler\/gundem\/guzelbahcede-atanin-huzuruna-celenk-sunuldu\/\"]}]},{\"@type\":\"BreadcrumbList\",\"@id\":\"https:\/\/denizcankizil.tr\/ru\/haberler\/gundem\/guzelbahcede-atanin-huzuruna-celenk-sunuldu\/#breadcrumb\",\"itemListElement\":[{\"@type\":\"ListItem\",\"position\":1,\"name\":\"Home\",\"item\":\"https:\/\/denizcankizil.tr\/uk\/\"},{\"@type\":\"ListItem\",\"position\":2,\"name\":\"G\u00fczelbah\u00e7e\u2019de Ata\u2019n\u0131n Huzuruna \u00c7elenk Sunuldu\"}]},{\"@type\":\"WebSite\",\"@id\":\"https:\/\/denizcankizil.tr\/#website\",\"url\":\"https:\/\/denizcankizil.tr\/\",\"name\":\"Av. Deniz Can K\u0131z\u0131l\",\"description\":\"Avukat Deniz Can K\u0131z\u0131l Antalya Barosu\",\"publisher\":{\"@id\":\"https:\/\/denizcankizil.tr\/#organization\"},\"potentialAction\":[{\"@type\":\"SearchAction\",\"target\":{\"@type\":\"EntryPoint\",\"urlTemplate\":\"https:\/\/denizcankizil.tr\/?s={search_term_string}\"},\"query-input\":{\"@type\":\"PropertyValueSpecification\",\"valueRequired\":true,\"valueName\":\"search_term_string\"}}],\"inLanguage\":\"ru-RU\"},{\"@type\":\"Organization\",\"@id\":\"https:\/\/denizcankizil.tr\/#organization\",\"name\":\"Av. Deniz Can K\u0131z\u0131l\",\"url\":\"https:\/\/denizcankizil.tr\/\",\"logo\":{\"@type\":\"ImageObject\",\"inLanguage\":\"ru-RU\",\"@id\":\"https:\/\/denizcankizil.tr\/#\/schema\/logo\/image\/\",\"url\":\"https:\/\/denizcankizil.tr\/wp-content\/uploads\/2024\/10\/siyah-logo-svg.svg\",\"contentUrl\":\"https:\/\/denizcankizil.tr\/wp-content\/uploads\/2024\/10\/siyah-logo-svg.svg\",\"width\":1080,\"height\":1080,\"caption\":\"Av. Deniz Can K\u0131z\u0131l\"},\"image\":{\"@id\":\"https:\/\/denizcankizil.tr\/#\/schema\/logo\/image\/\"}}]}<\/script>\n<!-- \/ Yoast SEO Premium plugin. -->","yoast_head_json":{"title":"G\u00fczelbah\u00e7e\u2019de Ata\u2019n\u0131n Huzuruna \u00c7elenk Sunuldu - Av. Deniz Can K\u0131z\u0131l","robots":{"index":"index","follow":"follow","max-snippet":"max-snippet:-1","max-image-preview":"max-image-preview:large","max-video-preview":"max-video-preview:-1"},"canonical":"https:\/\/denizcankizil.tr\/ru\/haberler\/gundem\/guzelbahcede-atanin-huzuruna-celenk-sunuldu\/","og_locale":"ru_RU","og_type":"article","og_title":"G\u00fczelbah\u00e7e\u2019de Ata\u2019n\u0131n Huzuruna \u00c7elenk Sunuldu","og_description":"G\u00fczelbah\u00e7e\u2019de 29 Ekim Cumhuriyet Bayram\u0131 Atat\u00fcrk\u2019\u00fcn huzuruna \u00e7elenk sunuldu, sayg\u0131 duru\u015fu ve istiklal mar\u015f\u0131 okundu.\u00a0 \u200bG\u00fczelbah\u00e7e\u2019de 29 Ekim Cumhuriyet Bayram\u0131 Atat\u00fcrk\u2019\u00fcn huzuruna \u00e7elenk sunuldu, sayg\u0131 duru\u015fu ve istiklal mar\u015f\u0131 okundu.\u00a0\u00a0 \u200bHaberin Al\u0131nt\u0131land\u0131\u011f\u0131 Kaynak: www.iskenderun.org","og_url":"https:\/\/denizcankizil.tr\/ru\/haberler\/gundem\/guzelbahcede-atanin-huzuruna-celenk-sunuldu\/","og_site_name":"Av. Deniz Can K\u0131z\u0131l","article_published_time":"2024-10-28T12:42:43+00:00","twitter_card":"summary_large_image","schema":{"@context":"https:\/\/schema.org","@graph":[{"@type":"Article","@id":"https:\/\/denizcankizil.tr\/ru\/haberler\/gundem\/guzelbahcede-atanin-huzuruna-celenk-sunuldu\/#article","isPartOf":{"@id":"https:\/\/denizcankizil.tr\/ru\/haberler\/gundem\/guzelbahcede-atanin-huzuruna-celenk-sunuldu\/"},"author":{"name":"","@id":""},"headline":"G\u00fczelbah\u00e7e\u2019de Ata\u2019n\u0131n Huzuruna \u00c7elenk Sunuldu","datePublished":"2024-10-28T12:42:43+00:00","mainEntityOfPage":{"@id":"https:\/\/denizcankizil.tr\/ru\/haberler\/gundem\/guzelbahcede-atanin-huzuruna-celenk-sunuldu\/"},"wordCount":58,"commentCount":0,"publisher":{"@id":"https:\/\/denizcankizil.tr\/#organization"},"articleSection":["G\u00fcndem","Uncategorized"],"inLanguage":"ru-RU","potentialAction":[{"@type":"CommentAction","name":"Comment","target":["https:\/\/denizcankizil.tr\/ru\/haberler\/gundem\/guzelbahcede-atanin-huzuruna-celenk-sunuldu\/#respond"]}]},{"@type":"WebPage","@id":"https:\/\/denizcankizil.tr\/ru\/haberler\/gundem\/guzelbahcede-atanin-huzuruna-celenk-sunuldu\/","url":"https:\/\/denizcankizil.tr\/ru\/haberler\/gundem\/guzelbahcede-atanin-huzuruna-celenk-sunuldu\/","name":"G\u00fczelbah\u00e7e\u2019de Ata\u2019n\u0131n Huzuruna \u00c7elenk Sunuldu - Av. Deniz Can K\u0131z\u0131l","isPartOf":{"@id":"https:\/\/denizcankizil.tr\/#website"},"datePublished":"2024-10-28T12:42:43+00:00","breadcrumb":{"@id":"https:\/\/denizcankizil.tr\/ru\/haberler\/gundem\/guzelbahcede-atanin-huzuruna-celenk-sunuldu\/#breadcrumb"},"inLanguage":"ru-RU","potentialAction":[{"@type":"ReadAction","target":["https:\/\/denizcankizil.tr\/ru\/haberler\/gundem\/guzelbahcede-atanin-huzuruna-celenk-sunuldu\/"]}]},{"@type":"BreadcrumbList","@id":"https:\/\/denizcankizil.tr\/ru\/haberler\/gundem\/guzelbahcede-atanin-huzuruna-celenk-sunuldu\/#breadcrumb","itemListElement":[{"@type":"ListItem","position":1,"name":"Home","item":"https:\/\/denizcankizil.tr\/uk\/"},{"@type":"ListItem","position":2,"name":"G\u00fczelbah\u00e7e\u2019de Ata\u2019n\u0131n Huzuruna \u00c7elenk Sunuldu"}]},{"@type":"WebSite","@id":"https:\/\/denizcankizil.tr\/#website","url":"https:\/\/denizcankizil.tr\/","name":"Av. Deniz Can K\u0131z\u0131l","description":"Avukat Deniz Can K\u0131z\u0131l Antalya Barosu","publisher":{"@id":"https:\/\/denizcankizil.tr\/#organization"},"potentialAction":[{"@type":"SearchAction","target":{"@type":"EntryPoint","urlTemplate":"https:\/\/denizcankizil.tr\/?s={search_term_string}"},"query-input":{"@type":"PropertyValueSpecification","valueRequired":true,"valueName":"search_term_string"}}],"inLanguage":"ru-RU"},{"@type":"Organization","@id":"https:\/\/denizcankizil.tr\/#organization","name":"Av. Deniz Can K\u0131z\u0131l","url":"https:\/\/denizcankizil.tr\/","logo":{"@type":"ImageObject","inLanguage":"ru-RU","@id":"https:\/\/denizcankizil.tr\/#\/schema\/logo\/image\/","url":"https:\/\/denizcankizil.tr\/wp-content\/uploads\/2024\/10\/siyah-logo-svg.svg","contentUrl":"https:\/\/denizcankizil.tr\/wp-content\/uploads\/2024\/10\/siyah-logo-svg.svg","width":1080,"height":1080,"caption":"Av. Deniz Can K\u0131z\u0131l"},"image":{"@id":"https:\/\/denizcankizil.tr\/#\/schema\/logo\/image\/"}}]}},"_links":{"self":[{"href":"https:\/\/denizcankizil.tr\/ru\/wp-json\/wp\/v2\/posts\/9499","targetHints":{"allow":["GET"]}}],"collection":[{"href":"https:\/\/denizcankizil.tr\/ru\/wp-json\/wp\/v2\/posts"}],"about":[{"href":"https:\/\/denizcankizil.tr\/ru\/wp-json\/wp\/v2\/types\/post"}],"replies":[{"embeddable":true,"href":"https:\/\/denizcankizil.tr\/ru\/wp-json\/wp\/v2\/comments?post=9499"}],"version-history":[{"count":0,"href":"https:\/\/denizcankizil.tr\/ru\/wp-json\/wp\/v2\/posts\/9499\/revisions"}],"wp:attachment":[{"href":"https:\/\/denizcankizil.tr\/ru\/wp-json\/wp\/v2\/media?parent=9499"}],"wp:term":[{"taxonomy":"category","embeddable":true,"href":"https:\/\/denizcankizil.tr\/ru\/wp-json\/wp\/v2\/categories?post=9499"},{"taxonomy":"post_tag","embeddable":true,"href":"https:\/\/denizcankizil.tr\/ru\/wp-json\/wp\/v2\/tags?post=9499"}],"curies":[{"name":"wp","href":"https:\/\/api.w.org\/{rel}","templated":true}]}}