{"id":94807,"date":"2025-05-23T15:42:23","date_gmt":"2025-05-23T12:42:23","guid":{"rendered":"https:\/\/denizcankizil.tr\/uncategorized-tr\/kocaeli-buyuksehir-bolgesel-afad-tatbikatinda-etkin-rol-aldi\/"},"modified":"2025-05-23T15:42:23","modified_gmt":"2025-05-23T12:42:23","slug":"kocaeli-buyuksehir-bolgesel-afad-tatbikatinda-etkin-rol-aldi","status":"publish","type":"post","link":"https:\/\/denizcankizil.tr\/ru\/haberler\/gundem\/kocaeli-buyuksehir-bolgesel-afad-tatbikatinda-etkin-rol-aldi\/","title":{"rendered":"Kocaeli B\u00fcy\u00fck\u015fehir, b\u00f6lgesel AFAD tatbikat\u0131nda etkin rol ald\u0131"},"content":{"rendered":"<p>Kocaeli B\u00fcy\u00fck\u015fehir Belediyesi, Kocaeli\u2019nde 7.2 b\u00fcy\u00fckl\u00fc\u011f\u00fcnde bir deprem senaryosuyla ger\u00e7ekle\u015ftirilen tatbikatta etkin rol oynad\u0131.KOCAEL\u0130 (\u0130GFA) &#8211; Kocaeli B\u00fcy\u00fck\u015fehir Belediyesi, AFAD koordinasyonunda ger\u00e7ekle\u015ftirilen \u201cTAMP Kocaeli B\u00f6lge D\u00fczeyi Saha ve Masaba\u015f\u0131 Tatbikat\u0131nda\u201d kritik g\u00f6revler \u00fcstlendi. Tatbikat\u0131n planlama ve uygulama s\u00fcre\u00e7lerinde aktif rol alan B\u00fcy\u00fck\u015fehir, hem operasyonel destek hem de lojistik katk\u0131 sa\u011flayarak tecr\u00fcbesini konu\u015fturdu.<br \/>\nKAPSAMLI DEPREM TATB\u0130KATI<br \/>\nKocaeli B\u00fcy\u00fck\u015fehir Belediyesi Afet \u0130\u015fleri Dairesi Ba\u015fkanl\u0131\u011f\u0131, T\u00fcrkiye Afet M\u00fcdahale Plan\u0131 (TAMP) \u00e7er\u00e7evesinde yap\u0131lan ve 14 ilin destek verdi\u011fi kapsaml\u0131 deprem tatbikat\u0131nda etkin rol oynad\u0131. Bu ba\u011flamda B\u00fcy\u00fck\u015fehir ekipleri, Plastik\u00e7iler OSB ve TOSB OSB b\u00f6lgelerinde KBRN (Kimyasal, Biyolojik, Radyolojik, N\u00fckleer) m\u00fcdahale ba\u015fl\u0131\u011f\u0131nda g\u00f6rev alarak, sanayi b\u00f6lgelerinde meydana gelebilecek kimyasal tehlikelere kar\u015f\u0131 senaryo uygulamalar\u0131n\u0131 ba\u015far\u0131yla y\u00fcr\u00fctt\u00fc. B\u00fcy\u00fck\u015fehir \u0130tfaiyesi de olay yerinde s\u0131z\u0131nt\u0131 kontrol\u00fc, dekontaminasyon ve alan g\u00fcvenli\u011fi sa\u011fland\u0131. MKE Seymen Geri D\u00f6n\u00fc\u015f\u00fcm Sahas\u0131 ile Derince il\u00e7esinde ger\u00e7ekle\u015ftirilen yang\u0131n m\u00fcdahale tatbikatlar\u0131nda \u201cYang\u0131n Hizmet Grubu\u201d \u00e7at\u0131s\u0131 alt\u0131nda aktif rol oynayan B\u00fcy\u00fck\u015fehir \u0130tfaiyesi ekipleri, ger\u00e7ek zamanl\u0131 yang\u0131n s\u00f6nd\u00fcrme uygulamalar\u0131yla birlikte ekiplerin koordinasyon ve reflekslerini test etti.<br \/>\n\u00c7OK Y\u00d6NL\u00dc OPERASYONLAR<br \/>\nKOB\u0130TEM E\u011fitim Alan\u0131\u2019nda ise arama kurtarma ba\u015fl\u0131\u011f\u0131 alt\u0131nda yo\u011fun bir senaryo uygulamas\u0131 ger\u00e7ekle\u015ftirildi. Enkaz alt\u0131nda kalan vatanda\u015flar\u0131n kurtar\u0131lmas\u0131, ilk m\u00fcdahale, tahliye ve lojistik destek gibi \u00e7ok y\u00f6nl\u00fc operasyonlar ba\u015far\u0131yla sim\u00fcle edildi. Tatbikat\u0131n genel organizasyonuna da katk\u0131 sa\u011flayan B\u00fcy\u00fck\u015fehir, \u00e7ok say\u0131da tatbikat sahas\u0131n\u0131n kurulumu, sahadaki lojistik d\u00fczenlemeler ve teknik altyap\u0131n\u0131n sa\u011flanmas\u0131 konular\u0131nda aktif g\u00f6rev \u00fcstlendi.<br \/>\n B\u00dcY\u00dcK\u015eEH\u0130R KR\u0130T\u0130K ROL \u00dcSTLEND\u0130<br \/>\nAmbulans ve ula\u015f\u0131m destekleriyle sa\u011fl\u0131k ve tahliye hizmetlerinin aksamadan y\u00fcr\u00fct\u00fclmesine katk\u0131 sunan B\u00fcy\u00fck\u015fehir ekipleri, senaryo kapsam\u0131nda farkl\u0131 il\u00e7eler aras\u0131 personel ve ekipman naklinde \u00f6nemli bir koordinasyon g\u00fcc\u00fc g\u00f6sterdi. B\u00fcy\u00fck\u015fehir Belediyesi\u2019nin afetlere haz\u0131rl\u0131k ve m\u00fcdahale kapasitesinin sergilenmesi a\u00e7\u0131s\u0131ndan b\u00fcy\u00fck \u00f6nem ta\u015f\u0131yan tatbikatta g\u00f6sterdi\u011fi performans, yerel y\u00f6netimlerin afet y\u00f6netimi s\u00fcre\u00e7lerindeki kritik rol\u00fcn\u00fc bir kez daha ortaya koydu.<br \/>\n\u201cOLASI B\u0130R AFETE HER AN HAZIRIZ\u201d<br \/>\nAfet \u0130\u015fleri Dairesi Ba\u015fkan\u0131 \u015eemsettin Y\u0131ld\u0131r\u0131m, tatbikat\u0131n ard\u0131ndan yapt\u0131\u011f\u0131 a\u00e7\u0131klamada, \u201cOlas\u0131 bir afete her an haz\u0131r olmak i\u00e7in altyap\u0131m\u0131z\u0131, insan kayna\u011f\u0131m\u0131z\u0131 ve ekipmanlar\u0131m\u0131z\u0131 s\u00fcrekli g\u00fcncelliyoruz. Tatbikatlar, bu haz\u0131rl\u0131\u011f\u0131n sahada test edilmesi ve i\u015f birli\u011fi k\u00fclt\u00fcr\u00fcn\u00fcn peki\u015ftirilmesi i\u00e7in b\u00fcy\u00fck f\u0131rsatlar sunuyor\u201d ifadelerini kulland\u0131.<br \/>\n TATB\u0130KATA 14 \u0130L DESTEK VERD\u0130<br \/>\nKocaeli Valisi \u0130lhami Akta\u015f ve AFAD Ba\u015fkan\u0131 Ali Hamza Pehlivan\u2019\u0131n koordinasyonunda icra edilen tatbikata 14 il aktif destek verdi. Kocaeli AADYM\u2019de (Afet ve Acil Durum Y\u00f6netim Merkezi) ger\u00e7ekle\u015ftirilen tatbikata, ildeki 23 afet grubunu temsil eden t\u00fcm kamu kurum ve kurulu\u015flar\u0131 eksiksiz kat\u0131l\u0131m sa\u011flad\u0131. Kocaeli B\u00fcy\u00fck\u015fehir Belediyesi\u2019ni temsilen tatbikata Genel Sekreter Yard\u0131mc\u0131s\u0131 Ebubekir Ard\u0131\u00e7, Afet \u0130\u015fleri Dairesi Ba\u015fkan\u0131 \u015eemsettin Y\u0131ld\u0131r\u0131m, \u0130tfaiye Dairesi Ba\u015fkan\u0131 \u00d6mer \u0130slamo\u011flu, Park ve Bah\u00e7eler Dairesi Ba\u015fkan\u0131 Cenan Turan ve \u0130SU Genel M\u00fcd\u00fcr Yard\u0131mc\u0131s\u0131 Sinan Sokur kriz merkezinde aktif olarak g\u00f6rev ald\u0131.<\/p>\n<p>\u200bKocaeli B\u00fcy\u00fck\u015fehir Belediyesi, Kocaeli\u2019nde 7.2 b\u00fcy\u00fckl\u00fc\u011f\u00fcnde bir deprem senaryosuyla ger\u00e7ekle\u015ftirilen tatbikatta etkin rol oynad\u0131.KOCAEL\u0130 (\u0130GFA) &#8211; Kocaeli B\u00fcy\u00fck\u015fehir Belediyesi, AFAD koordinasyonunda ger\u00e7ekle\u015ftirilen \u201cTAMP Kocaeli B\u00f6lge D\u00fczeyi Saha ve Masaba\u015f\u0131 Tatbikat\u0131nda\u201d kritik g\u00f6revler \u00fcstlendi. Tatbikat\u0131n planlama ve uygulama s\u00fcre\u00e7lerinde aktif rol alan B\u00fcy\u00fck\u015fehir, hem operasyonel destek hem de lojistik katk\u0131 sa\u011flayarak tecr\u00fcbesini konu\u015fturdu.<br \/>\nKAPSAMLI DEPREM TATB\u0130KATI<br \/>\nKocaeli B\u00fcy\u00fck\u015fehir Belediyesi Afet \u0130\u015fleri Dairesi Ba\u015fkanl\u0131\u011f\u0131, T\u00fcrkiye Afet M\u00fcdahale Plan\u0131 (TAMP) \u00e7er\u00e7evesinde yap\u0131lan ve 14 ilin destek verdi\u011fi kapsaml\u0131 deprem tatbikat\u0131nda etkin rol oynad\u0131. Bu ba\u011flamda B\u00fcy\u00fck\u015fehir ekipleri, Plastik\u00e7iler OSB ve TOSB OSB b\u00f6lgelerinde KBRN (Kimyasal, Biyolojik, Radyolojik, N\u00fckleer) m\u00fcdahale ba\u015fl\u0131\u011f\u0131nda g\u00f6rev alarak, sanayi b\u00f6lgelerinde meydana gelebilecek kimyasal tehlikelere kar\u015f\u0131 senaryo uygulamalar\u0131n\u0131 ba\u015far\u0131yla y\u00fcr\u00fctt\u00fc. B\u00fcy\u00fck\u015fehir \u0130tfaiyesi de olay yerinde s\u0131z\u0131nt\u0131 kontrol\u00fc, dekontaminasyon ve alan g\u00fcvenli\u011fi sa\u011fland\u0131. MKE Seymen Geri D\u00f6n\u00fc\u015f\u00fcm Sahas\u0131 ile Derince il\u00e7esinde ger\u00e7ekle\u015ftirilen yang\u0131n m\u00fcdahale tatbikatlar\u0131nda \u201cYang\u0131n Hizmet Grubu\u201d \u00e7at\u0131s\u0131 alt\u0131nda aktif rol oynayan B\u00fcy\u00fck\u015fehir \u0130tfaiyesi ekipleri, ger\u00e7ek zamanl\u0131 yang\u0131n s\u00f6nd\u00fcrme uygulamalar\u0131yla birlikte ekiplerin koordinasyon ve reflekslerini test etti.<br \/>\n\u00c7OK Y\u00d6NL\u00dc OPERASYONLAR<br \/>\nKOB\u0130TEM E\u011fitim Alan\u0131\u2019nda ise arama kurtarma ba\u015fl\u0131\u011f\u0131 alt\u0131nda yo\u011fun bir senaryo uygulamas\u0131 ger\u00e7ekle\u015ftirildi. Enkaz alt\u0131nda kalan vatanda\u015flar\u0131n kurtar\u0131lmas\u0131, ilk m\u00fcdahale, tahliye ve lojistik destek gibi \u00e7ok y\u00f6nl\u00fc operasyonlar ba\u015far\u0131yla sim\u00fcle edildi. Tatbikat\u0131n genel organizasyonuna da katk\u0131 sa\u011flayan B\u00fcy\u00fck\u015fehir, \u00e7ok say\u0131da tatbikat sahas\u0131n\u0131n kurulumu, sahadaki lojistik d\u00fczenlemeler ve teknik altyap\u0131n\u0131n sa\u011flanmas\u0131 konular\u0131nda aktif g\u00f6rev \u00fcstlendi.<br \/>\n B\u00dcY\u00dcK\u015eEH\u0130R KR\u0130T\u0130K ROL \u00dcSTLEND\u0130<br \/>\nAmbulans ve ula\u015f\u0131m destekleriyle sa\u011fl\u0131k ve tahliye hizmetlerinin aksamadan y\u00fcr\u00fct\u00fclmesine katk\u0131 sunan B\u00fcy\u00fck\u015fehir ekipleri, senaryo kapsam\u0131nda farkl\u0131 il\u00e7eler aras\u0131 personel ve ekipman naklinde \u00f6nemli bir koordinasyon g\u00fcc\u00fc g\u00f6sterdi. B\u00fcy\u00fck\u015fehir Belediyesi\u2019nin afetlere haz\u0131rl\u0131k ve m\u00fcdahale kapasitesinin sergilenmesi a\u00e7\u0131s\u0131ndan b\u00fcy\u00fck \u00f6nem ta\u015f\u0131yan tatbikatta g\u00f6sterdi\u011fi performans, yerel y\u00f6netimlerin afet y\u00f6netimi s\u00fcre\u00e7lerindeki kritik rol\u00fcn\u00fc bir kez daha ortaya koydu.<br \/>\n\u201cOLASI B\u0130R AFETE HER AN HAZIRIZ\u201d<br \/>\nAfet \u0130\u015fleri Dairesi Ba\u015fkan\u0131 \u015eemsettin Y\u0131ld\u0131r\u0131m, tatbikat\u0131n ard\u0131ndan yapt\u0131\u011f\u0131 a\u00e7\u0131klamada, \u201cOlas\u0131 bir afete her an haz\u0131r olmak i\u00e7in altyap\u0131m\u0131z\u0131, insan kayna\u011f\u0131m\u0131z\u0131 ve ekipmanlar\u0131m\u0131z\u0131 s\u00fcrekli g\u00fcncelliyoruz. Tatbikatlar, bu haz\u0131rl\u0131\u011f\u0131n sahada test edilmesi ve i\u015f birli\u011fi k\u00fclt\u00fcr\u00fcn\u00fcn peki\u015ftirilmesi i\u00e7in b\u00fcy\u00fck f\u0131rsatlar sunuyor\u201d ifadelerini kulland\u0131.<br \/>\n TATB\u0130KATA 14 \u0130L DESTEK VERD\u0130<br \/>\nKocaeli Valisi \u0130lhami Akta\u015f ve AFAD Ba\u015fkan\u0131 Ali Hamza Pehlivan\u2019\u0131n koordinasyonunda icra edilen tatbikata 14 il aktif destek verdi. Kocaeli AADYM\u2019de (Afet ve Acil Durum Y\u00f6netim Merkezi) ger\u00e7ekle\u015ftirilen tatbikata, ildeki 23 afet grubunu temsil eden t\u00fcm kamu kurum ve kurulu\u015flar\u0131 eksiksiz kat\u0131l\u0131m sa\u011flad\u0131. Kocaeli B\u00fcy\u00fck\u015fehir Belediyesi\u2019ni temsilen tatbikata Genel Sekreter Yard\u0131mc\u0131s\u0131 Ebubekir Ard\u0131\u00e7, Afet \u0130\u015fleri Dairesi Ba\u015fkan\u0131 \u015eemsettin Y\u0131ld\u0131r\u0131m, \u0130tfaiye Dairesi Ba\u015fkan\u0131 \u00d6mer \u0130slamo\u011flu, Park ve Bah\u00e7eler Dairesi Ba\u015fkan\u0131 Cenan Turan ve \u0130SU Genel M\u00fcd\u00fcr Yard\u0131mc\u0131s\u0131 Sinan Sokur kriz merkezinde aktif olarak g\u00f6rev ald\u0131.\u00a0<\/p>\n<p>\u200bHaberin Al\u0131nt\u0131land\u0131\u011f\u0131 Kaynak: www.iskenderun.org<\/p>","protected":false},"excerpt":{"rendered":"<p>Kocaeli B\u00fcy\u00fck\u015fehir Belediyesi, Kocaeli\u2019nde 7.2 b\u00fcy\u00fckl\u00fc\u011f\u00fcnde bir deprem senaryosuyla ger\u00e7ekle\u015ftirilen tatbikatta etkin rol oynad\u0131.KOCAEL\u0130 (\u0130GFA) &#8211; Kocaeli B\u00fcy\u00fck\u015fehir Belediyesi, AFAD koordinasyonunda ger\u00e7ekle\u015ftirilen \u201cTAMP Kocaeli B\u00f6lge D\u00fczeyi Saha ve Masaba\u015f\u0131 Tatbikat\u0131nda\u201d kritik g\u00f6revler \u00fcstlendi. Tatbikat\u0131n planlama ve uygulama s\u00fcre\u00e7lerinde aktif rol alan B\u00fcy\u00fck\u015fehir, hem operasyonel destek hem de lojistik katk\u0131 sa\u011flayarak tecr\u00fcbesini konu\u015fturdu. KAPSAMLI DEPREM TATB\u0130KATI Kocaeli B\u00fcy\u00fck\u015fehir Belediyesi Afet \u0130\u015fleri Dairesi Ba\u015fkanl\u0131\u011f\u0131, T\u00fcrkiye Afet M\u00fcdahale Plan\u0131 (TAMP) \u00e7er\u00e7evesinde yap\u0131lan ve 14 ilin destek verdi\u011fi kapsaml\u0131 deprem tatbikat\u0131nda etkin rol oynad\u0131. Bu ba\u011flamda B\u00fcy\u00fck\u015fehir ekipleri, Plastik\u00e7iler OSB ve TOSB OSB b\u00f6lgelerinde KBRN (Kimyasal, Biyolojik, Radyolojik, N\u00fckleer) m\u00fcdahale ba\u015fl\u0131\u011f\u0131nda g\u00f6rev alarak, sanayi b\u00f6lgelerinde meydana gelebilecek kimyasal tehlikelere kar\u015f\u0131 senaryo uygulamalar\u0131n\u0131 ba\u015far\u0131yla y\u00fcr\u00fctt\u00fc. B\u00fcy\u00fck\u015fehir \u0130tfaiyesi de olay yerinde s\u0131z\u0131nt\u0131 kontrol\u00fc, dekontaminasyon ve alan g\u00fcvenli\u011fi sa\u011fland\u0131. MKE Seymen Geri D\u00f6n\u00fc\u015f\u00fcm Sahas\u0131 ile Derince il\u00e7esinde ger\u00e7ekle\u015ftirilen yang\u0131n m\u00fcdahale tatbikatlar\u0131nda \u201cYang\u0131n Hizmet Grubu\u201d \u00e7at\u0131s\u0131 alt\u0131nda aktif rol oynayan B\u00fcy\u00fck\u015fehir \u0130tfaiyesi ekipleri, ger\u00e7ek zamanl\u0131 yang\u0131n s\u00f6nd\u00fcrme uygulamalar\u0131yla birlikte ekiplerin koordinasyon ve reflekslerini test etti. \u00c7OK Y\u00d6NL\u00dc OPERASYONLAR KOB\u0130TEM E\u011fitim Alan\u0131\u2019nda ise arama kurtarma ba\u015fl\u0131\u011f\u0131 alt\u0131nda yo\u011fun bir senaryo uygulamas\u0131 ger\u00e7ekle\u015ftirildi. Enkaz alt\u0131nda kalan vatanda\u015flar\u0131n kurtar\u0131lmas\u0131, ilk m\u00fcdahale, tahliye ve lojistik destek gibi \u00e7ok y\u00f6nl\u00fc operasyonlar ba\u015far\u0131yla sim\u00fcle edildi. Tatbikat\u0131n genel organizasyonuna da katk\u0131 sa\u011flayan B\u00fcy\u00fck\u015fehir, \u00e7ok say\u0131da &hellip;<\/p>","protected":false},"author":1,"featured_media":0,"comment_status":"","ping_status":"open","sticky":false,"template":"","format":"standard","meta":{"_acf_changed":false,"footnotes":""},"categories":[24],"tags":[],"class_list":["post-94807","post","type-post","status-publish","format-standard","has-post-thumbnail","hentry","category-gundem"],"acf":[],"yoast_head":"<!-- This site is optimized with the Yoast SEO Premium plugin v26.6 (Yoast SEO v27.1.1) - https:\/\/yoast.com\/product\/yoast-seo-premium-wordpress\/ -->\n<title>Kocaeli B\u00fcy\u00fck\u015fehir, b\u00f6lgesel AFAD tatbikat\u0131nda etkin rol ald\u0131 - Av. Deniz Can K\u0131z\u0131l<\/title>\n<meta name=\"robots\" content=\"index, follow, max-snippet:-1, max-image-preview:large, max-video-preview:-1\" \/>\n<link rel=\"canonical\" href=\"https:\/\/denizcankizil.tr\/ru\/haberler\/gundem\/kocaeli-buyuksehir-bolgesel-afad-tatbikatinda-etkin-rol-aldi\/\" \/>\n<meta property=\"og:locale\" content=\"ru_RU\" \/>\n<meta property=\"og:type\" content=\"article\" \/>\n<meta property=\"og:title\" content=\"Kocaeli B\u00fcy\u00fck\u015fehir, b\u00f6lgesel AFAD tatbikat\u0131nda etkin rol ald\u0131\" \/>\n<meta property=\"og:description\" content=\"Kocaeli B\u00fcy\u00fck\u015fehir Belediyesi, Kocaeli\u2019nde 7.2 b\u00fcy\u00fckl\u00fc\u011f\u00fcnde bir deprem senaryosuyla ger\u00e7ekle\u015ftirilen tatbikatta etkin rol oynad\u0131.KOCAEL\u0130 (\u0130GFA) &#8211; Kocaeli B\u00fcy\u00fck\u015fehir Belediyesi, AFAD koordinasyonunda ger\u00e7ekle\u015ftirilen \u201cTAMP Kocaeli B\u00f6lge D\u00fczeyi Saha ve Masaba\u015f\u0131 Tatbikat\u0131nda\u201d kritik g\u00f6revler \u00fcstlendi. Tatbikat\u0131n planlama ve uygulama s\u00fcre\u00e7lerinde aktif rol alan B\u00fcy\u00fck\u015fehir, hem operasyonel destek hem de lojistik katk\u0131 sa\u011flayarak tecr\u00fcbesini konu\u015fturdu. KAPSAMLI DEPREM TATB\u0130KATI Kocaeli B\u00fcy\u00fck\u015fehir Belediyesi Afet \u0130\u015fleri Dairesi Ba\u015fkanl\u0131\u011f\u0131, T\u00fcrkiye Afet M\u00fcdahale Plan\u0131 (TAMP) \u00e7er\u00e7evesinde yap\u0131lan ve 14 ilin destek verdi\u011fi kapsaml\u0131 deprem tatbikat\u0131nda etkin rol oynad\u0131. Bu ba\u011flamda B\u00fcy\u00fck\u015fehir ekipleri, Plastik\u00e7iler OSB ve TOSB OSB b\u00f6lgelerinde KBRN (Kimyasal, Biyolojik, Radyolojik, N\u00fckleer) m\u00fcdahale ba\u015fl\u0131\u011f\u0131nda g\u00f6rev alarak, sanayi b\u00f6lgelerinde meydana gelebilecek kimyasal tehlikelere kar\u015f\u0131 senaryo uygulamalar\u0131n\u0131 ba\u015far\u0131yla y\u00fcr\u00fctt\u00fc. B\u00fcy\u00fck\u015fehir \u0130tfaiyesi de olay yerinde s\u0131z\u0131nt\u0131 kontrol\u00fc, dekontaminasyon ve alan g\u00fcvenli\u011fi sa\u011fland\u0131. MKE Seymen Geri D\u00f6n\u00fc\u015f\u00fcm Sahas\u0131 ile Derince il\u00e7esinde ger\u00e7ekle\u015ftirilen yang\u0131n m\u00fcdahale tatbikatlar\u0131nda \u201cYang\u0131n Hizmet Grubu\u201d \u00e7at\u0131s\u0131 alt\u0131nda aktif rol oynayan B\u00fcy\u00fck\u015fehir \u0130tfaiyesi ekipleri, ger\u00e7ek zamanl\u0131 yang\u0131n s\u00f6nd\u00fcrme uygulamalar\u0131yla birlikte ekiplerin koordinasyon ve reflekslerini test etti. \u00c7OK Y\u00d6NL\u00dc OPERASYONLAR KOB\u0130TEM E\u011fitim Alan\u0131\u2019nda ise arama kurtarma ba\u015fl\u0131\u011f\u0131 alt\u0131nda yo\u011fun bir senaryo uygulamas\u0131 ger\u00e7ekle\u015ftirildi. Enkaz alt\u0131nda kalan vatanda\u015flar\u0131n kurtar\u0131lmas\u0131, ilk m\u00fcdahale, tahliye ve lojistik destek gibi \u00e7ok y\u00f6nl\u00fc operasyonlar ba\u015far\u0131yla sim\u00fcle edildi. Tatbikat\u0131n genel organizasyonuna da katk\u0131 sa\u011flayan B\u00fcy\u00fck\u015fehir, \u00e7ok say\u0131da &hellip;\" \/>\n<meta property=\"og:url\" content=\"https:\/\/denizcankizil.tr\/ru\/haberler\/gundem\/kocaeli-buyuksehir-bolgesel-afad-tatbikatinda-etkin-rol-aldi\/\" \/>\n<meta property=\"og:site_name\" content=\"Av. Deniz Can K\u0131z\u0131l\" \/>\n<meta property=\"article:published_time\" content=\"2025-05-23T12:42:23+00:00\" \/>\n<meta name=\"author\" content=\"admin\" \/>\n<meta name=\"twitter:card\" content=\"summary_large_image\" \/>\n<meta name=\"twitter:label1\" content=\"\u041d\u0430\u043f\u0438\u0441\u0430\u043d\u043e \u0430\u0432\u0442\u043e\u0440\u043e\u043c\" \/>\n\t<meta name=\"twitter:data1\" content=\"admin\" \/>\n\t<meta name=\"twitter:label2\" content=\"\u041f\u0440\u0438\u043c\u0435\u0440\u043d\u043e\u0435 \u0432\u0440\u0435\u043c\u044f \u0434\u043b\u044f \u0447\u0442\u0435\u043d\u0438\u044f\" \/>\n\t<meta name=\"twitter:data2\" content=\"6 \u043c\u0438\u043d\u0443\u0442\" \/>\n<script type=\"application\/ld+json\" class=\"yoast-schema-graph\">{\"@context\":\"https:\/\/schema.org\",\"@graph\":[{\"@type\":\"Article\",\"@id\":\"https:\/\/denizcankizil.tr\/ru\/haberler\/gundem\/kocaeli-buyuksehir-bolgesel-afad-tatbikatinda-etkin-rol-aldi\/#article\",\"isPartOf\":{\"@id\":\"https:\/\/denizcankizil.tr\/ru\/haberler\/gundem\/kocaeli-buyuksehir-bolgesel-afad-tatbikatinda-etkin-rol-aldi\/\"},\"author\":{\"name\":\"admin\",\"@id\":\"https:\/\/denizcankizil.tr\/de\/#\/schema\/person\/be3c05fe6a12686905512445d8185489\"},\"headline\":\"Kocaeli B\u00fcy\u00fck\u015fehir, b\u00f6lgesel AFAD tatbikat\u0131nda etkin rol ald\u0131\",\"datePublished\":\"2025-05-23T12:42:23+00:00\",\"mainEntityOfPage\":{\"@id\":\"https:\/\/denizcankizil.tr\/ru\/haberler\/gundem\/kocaeli-buyuksehir-bolgesel-afad-tatbikatinda-etkin-rol-aldi\/\"},\"wordCount\":1259,\"publisher\":{\"@id\":\"https:\/\/denizcankizil.tr\/de\/#organization\"},\"articleSection\":[\"G\u00fcndem\"],\"inLanguage\":\"ru-RU\"},{\"@type\":\"WebPage\",\"@id\":\"https:\/\/denizcankizil.tr\/ru\/haberler\/gundem\/kocaeli-buyuksehir-bolgesel-afad-tatbikatinda-etkin-rol-aldi\/\",\"url\":\"https:\/\/denizcankizil.tr\/ru\/haberler\/gundem\/kocaeli-buyuksehir-bolgesel-afad-tatbikatinda-etkin-rol-aldi\/\",\"name\":\"Kocaeli B\u00fcy\u00fck\u015fehir, b\u00f6lgesel AFAD tatbikat\u0131nda etkin rol ald\u0131 - Av. Deniz Can K\u0131z\u0131l\",\"isPartOf\":{\"@id\":\"https:\/\/denizcankizil.tr\/de\/#website\"},\"datePublished\":\"2025-05-23T12:42:23+00:00\",\"breadcrumb\":{\"@id\":\"https:\/\/denizcankizil.tr\/ru\/haberler\/gundem\/kocaeli-buyuksehir-bolgesel-afad-tatbikatinda-etkin-rol-aldi\/#breadcrumb\"},\"inLanguage\":\"ru-RU\",\"potentialAction\":[{\"@type\":\"ReadAction\",\"target\":[\"https:\/\/denizcankizil.tr\/ru\/haberler\/gundem\/kocaeli-buyuksehir-bolgesel-afad-tatbikatinda-etkin-rol-aldi\/\"]}]},{\"@type\":\"BreadcrumbList\",\"@id\":\"https:\/\/denizcankizil.tr\/ru\/haberler\/gundem\/kocaeli-buyuksehir-bolgesel-afad-tatbikatinda-etkin-rol-aldi\/#breadcrumb\",\"itemListElement\":[{\"@type\":\"ListItem\",\"position\":1,\"name\":\"Home\",\"item\":\"https:\/\/denizcankizil.tr\/de\/\"},{\"@type\":\"ListItem\",\"position\":2,\"name\":\"Kocaeli B\u00fcy\u00fck\u015fehir, b\u00f6lgesel AFAD tatbikat\u0131nda etkin rol ald\u0131\"}]},{\"@type\":\"WebSite\",\"@id\":\"https:\/\/denizcankizil.tr\/de\/#website\",\"url\":\"https:\/\/denizcankizil.tr\/de\/\",\"name\":\"Av. Deniz Can K\u0131z\u0131l\",\"description\":\"Avukat Deniz Can K\u0131z\u0131l Antalya Barosu\",\"publisher\":{\"@id\":\"https:\/\/denizcankizil.tr\/de\/#organization\"},\"potentialAction\":[{\"@type\":\"SearchAction\",\"target\":{\"@type\":\"EntryPoint\",\"urlTemplate\":\"https:\/\/denizcankizil.tr\/de\/?s={search_term_string}\"},\"query-input\":{\"@type\":\"PropertyValueSpecification\",\"valueRequired\":true,\"valueName\":\"search_term_string\"}}],\"inLanguage\":\"ru-RU\"},{\"@type\":\"Organization\",\"@id\":\"https:\/\/denizcankizil.tr\/de\/#organization\",\"name\":\"Av. Deniz Can K\u0131z\u0131l\",\"url\":\"https:\/\/denizcankizil.tr\/de\/\",\"logo\":{\"@type\":\"ImageObject\",\"inLanguage\":\"ru-RU\",\"@id\":\"https:\/\/denizcankizil.tr\/de\/#\/schema\/logo\/image\/\",\"url\":\"https:\/\/denizcankizil.tr\/wp-content\/uploads\/2024\/10\/siyah-logo-svg.svg\",\"contentUrl\":\"https:\/\/denizcankizil.tr\/wp-content\/uploads\/2024\/10\/siyah-logo-svg.svg\",\"width\":1080,\"height\":1080,\"caption\":\"Av. Deniz Can K\u0131z\u0131l\"},\"image\":{\"@id\":\"https:\/\/denizcankizil.tr\/de\/#\/schema\/logo\/image\/\"}},{\"@type\":\"Person\",\"@id\":\"https:\/\/denizcankizil.tr\/de\/#\/schema\/person\/be3c05fe6a12686905512445d8185489\",\"name\":\"admin\",\"image\":{\"@type\":\"ImageObject\",\"inLanguage\":\"ru-RU\",\"@id\":\"https:\/\/denizcankizil.tr\/de\/#\/schema\/person\/image\/\",\"url\":\"https:\/\/secure.gravatar.com\/avatar\/c1fce94c830dc79107e174f890d7210541c4a63e8e5d816341794a2151c9d58c?s=96&d=mm&r=g\",\"contentUrl\":\"https:\/\/secure.gravatar.com\/avatar\/c1fce94c830dc79107e174f890d7210541c4a63e8e5d816341794a2151c9d58c?s=96&d=mm&r=g\",\"caption\":\"admin\"},\"sameAs\":[\"http:\/\/denizcankizil.tr\"],\"url\":\"https:\/\/www.iskenderun.org\/kocaeli-buyuksehir-bolgesel-afad-tatbikatinda-etkin-rol-aldi\"}]}<\/script>\n<!-- \/ Yoast SEO Premium plugin. -->","yoast_head_json":{"title":"Kocaeli B\u00fcy\u00fck\u015fehir, b\u00f6lgesel AFAD tatbikat\u0131nda etkin rol ald\u0131 - Av. Deniz Can K\u0131z\u0131l","robots":{"index":"index","follow":"follow","max-snippet":"max-snippet:-1","max-image-preview":"max-image-preview:large","max-video-preview":"max-video-preview:-1"},"canonical":"https:\/\/denizcankizil.tr\/ru\/haberler\/gundem\/kocaeli-buyuksehir-bolgesel-afad-tatbikatinda-etkin-rol-aldi\/","og_locale":"ru_RU","og_type":"article","og_title":"Kocaeli B\u00fcy\u00fck\u015fehir, b\u00f6lgesel AFAD tatbikat\u0131nda etkin rol ald\u0131","og_description":"Kocaeli B\u00fcy\u00fck\u015fehir Belediyesi, Kocaeli\u2019nde 7.2 b\u00fcy\u00fckl\u00fc\u011f\u00fcnde bir deprem senaryosuyla ger\u00e7ekle\u015ftirilen tatbikatta etkin rol oynad\u0131.KOCAEL\u0130 (\u0130GFA) &#8211; Kocaeli B\u00fcy\u00fck\u015fehir Belediyesi, AFAD koordinasyonunda ger\u00e7ekle\u015ftirilen \u201cTAMP Kocaeli B\u00f6lge D\u00fczeyi Saha ve Masaba\u015f\u0131 Tatbikat\u0131nda\u201d kritik g\u00f6revler \u00fcstlendi. Tatbikat\u0131n planlama ve uygulama s\u00fcre\u00e7lerinde aktif rol alan B\u00fcy\u00fck\u015fehir, hem operasyonel destek hem de lojistik katk\u0131 sa\u011flayarak tecr\u00fcbesini konu\u015fturdu. KAPSAMLI DEPREM TATB\u0130KATI Kocaeli B\u00fcy\u00fck\u015fehir Belediyesi Afet \u0130\u015fleri Dairesi Ba\u015fkanl\u0131\u011f\u0131, T\u00fcrkiye Afet M\u00fcdahale Plan\u0131 (TAMP) \u00e7er\u00e7evesinde yap\u0131lan ve 14 ilin destek verdi\u011fi kapsaml\u0131 deprem tatbikat\u0131nda etkin rol oynad\u0131. Bu ba\u011flamda B\u00fcy\u00fck\u015fehir ekipleri, Plastik\u00e7iler OSB ve TOSB OSB b\u00f6lgelerinde KBRN (Kimyasal, Biyolojik, Radyolojik, N\u00fckleer) m\u00fcdahale ba\u015fl\u0131\u011f\u0131nda g\u00f6rev alarak, sanayi b\u00f6lgelerinde meydana gelebilecek kimyasal tehlikelere kar\u015f\u0131 senaryo uygulamalar\u0131n\u0131 ba\u015far\u0131yla y\u00fcr\u00fctt\u00fc. B\u00fcy\u00fck\u015fehir \u0130tfaiyesi de olay yerinde s\u0131z\u0131nt\u0131 kontrol\u00fc, dekontaminasyon ve alan g\u00fcvenli\u011fi sa\u011fland\u0131. MKE Seymen Geri D\u00f6n\u00fc\u015f\u00fcm Sahas\u0131 ile Derince il\u00e7esinde ger\u00e7ekle\u015ftirilen yang\u0131n m\u00fcdahale tatbikatlar\u0131nda \u201cYang\u0131n Hizmet Grubu\u201d \u00e7at\u0131s\u0131 alt\u0131nda aktif rol oynayan B\u00fcy\u00fck\u015fehir \u0130tfaiyesi ekipleri, ger\u00e7ek zamanl\u0131 yang\u0131n s\u00f6nd\u00fcrme uygulamalar\u0131yla birlikte ekiplerin koordinasyon ve reflekslerini test etti. \u00c7OK Y\u00d6NL\u00dc OPERASYONLAR KOB\u0130TEM E\u011fitim Alan\u0131\u2019nda ise arama kurtarma ba\u015fl\u0131\u011f\u0131 alt\u0131nda yo\u011fun bir senaryo uygulamas\u0131 ger\u00e7ekle\u015ftirildi. Enkaz alt\u0131nda kalan vatanda\u015flar\u0131n kurtar\u0131lmas\u0131, ilk m\u00fcdahale, tahliye ve lojistik destek gibi \u00e7ok y\u00f6nl\u00fc operasyonlar ba\u015far\u0131yla sim\u00fcle edildi. Tatbikat\u0131n genel organizasyonuna da katk\u0131 sa\u011flayan B\u00fcy\u00fck\u015fehir, \u00e7ok say\u0131da &hellip;","og_url":"https:\/\/denizcankizil.tr\/ru\/haberler\/gundem\/kocaeli-buyuksehir-bolgesel-afad-tatbikatinda-etkin-rol-aldi\/","og_site_name":"Av. Deniz Can K\u0131z\u0131l","article_published_time":"2025-05-23T12:42:23+00:00","author":"admin","twitter_card":"summary_large_image","twitter_misc":{"\u041d\u0430\u043f\u0438\u0441\u0430\u043d\u043e \u0430\u0432\u0442\u043e\u0440\u043e\u043c":"admin","\u041f\u0440\u0438\u043c\u0435\u0440\u043d\u043e\u0435 \u0432\u0440\u0435\u043c\u044f \u0434\u043b\u044f \u0447\u0442\u0435\u043d\u0438\u044f":"6 \u043c\u0438\u043d\u0443\u0442"},"schema":{"@context":"https:\/\/schema.org","@graph":[{"@type":"Article","@id":"https:\/\/denizcankizil.tr\/ru\/haberler\/gundem\/kocaeli-buyuksehir-bolgesel-afad-tatbikatinda-etkin-rol-aldi\/#article","isPartOf":{"@id":"https:\/\/denizcankizil.tr\/ru\/haberler\/gundem\/kocaeli-buyuksehir-bolgesel-afad-tatbikatinda-etkin-rol-aldi\/"},"author":{"name":"admin","@id":"https:\/\/denizcankizil.tr\/de\/#\/schema\/person\/be3c05fe6a12686905512445d8185489"},"headline":"Kocaeli B\u00fcy\u00fck\u015fehir, b\u00f6lgesel AFAD tatbikat\u0131nda etkin rol ald\u0131","datePublished":"2025-05-23T12:42:23+00:00","mainEntityOfPage":{"@id":"https:\/\/denizcankizil.tr\/ru\/haberler\/gundem\/kocaeli-buyuksehir-bolgesel-afad-tatbikatinda-etkin-rol-aldi\/"},"wordCount":1259,"publisher":{"@id":"https:\/\/denizcankizil.tr\/de\/#organization"},"articleSection":["G\u00fcndem"],"inLanguage":"ru-RU"},{"@type":"WebPage","@id":"https:\/\/denizcankizil.tr\/ru\/haberler\/gundem\/kocaeli-buyuksehir-bolgesel-afad-tatbikatinda-etkin-rol-aldi\/","url":"https:\/\/denizcankizil.tr\/ru\/haberler\/gundem\/kocaeli-buyuksehir-bolgesel-afad-tatbikatinda-etkin-rol-aldi\/","name":"Kocaeli B\u00fcy\u00fck\u015fehir, b\u00f6lgesel AFAD tatbikat\u0131nda etkin rol ald\u0131 - Av. Deniz Can K\u0131z\u0131l","isPartOf":{"@id":"https:\/\/denizcankizil.tr\/de\/#website"},"datePublished":"2025-05-23T12:42:23+00:00","breadcrumb":{"@id":"https:\/\/denizcankizil.tr\/ru\/haberler\/gundem\/kocaeli-buyuksehir-bolgesel-afad-tatbikatinda-etkin-rol-aldi\/#breadcrumb"},"inLanguage":"ru-RU","potentialAction":[{"@type":"ReadAction","target":["https:\/\/denizcankizil.tr\/ru\/haberler\/gundem\/kocaeli-buyuksehir-bolgesel-afad-tatbikatinda-etkin-rol-aldi\/"]}]},{"@type":"BreadcrumbList","@id":"https:\/\/denizcankizil.tr\/ru\/haberler\/gundem\/kocaeli-buyuksehir-bolgesel-afad-tatbikatinda-etkin-rol-aldi\/#breadcrumb","itemListElement":[{"@type":"ListItem","position":1,"name":"Home","item":"https:\/\/denizcankizil.tr\/de\/"},{"@type":"ListItem","position":2,"name":"Kocaeli B\u00fcy\u00fck\u015fehir, b\u00f6lgesel AFAD tatbikat\u0131nda etkin rol ald\u0131"}]},{"@type":"WebSite","@id":"https:\/\/denizcankizil.tr\/de\/#website","url":"https:\/\/denizcankizil.tr\/de\/","name":"Av. Deniz Can K\u0131z\u0131l","description":"Avukat Deniz Can K\u0131z\u0131l Antalya Barosu","publisher":{"@id":"https:\/\/denizcankizil.tr\/de\/#organization"},"potentialAction":[{"@type":"SearchAction","target":{"@type":"EntryPoint","urlTemplate":"https:\/\/denizcankizil.tr\/de\/?s={search_term_string}"},"query-input":{"@type":"PropertyValueSpecification","valueRequired":true,"valueName":"search_term_string"}}],"inLanguage":"ru-RU"},{"@type":"Organization","@id":"https:\/\/denizcankizil.tr\/de\/#organization","name":"Av. Deniz Can K\u0131z\u0131l","url":"https:\/\/denizcankizil.tr\/de\/","logo":{"@type":"ImageObject","inLanguage":"ru-RU","@id":"https:\/\/denizcankizil.tr\/de\/#\/schema\/logo\/image\/","url":"https:\/\/denizcankizil.tr\/wp-content\/uploads\/2024\/10\/siyah-logo-svg.svg","contentUrl":"https:\/\/denizcankizil.tr\/wp-content\/uploads\/2024\/10\/siyah-logo-svg.svg","width":1080,"height":1080,"caption":"Av. Deniz Can K\u0131z\u0131l"},"image":{"@id":"https:\/\/denizcankizil.tr\/de\/#\/schema\/logo\/image\/"}},{"@type":"Person","@id":"https:\/\/denizcankizil.tr\/de\/#\/schema\/person\/be3c05fe6a12686905512445d8185489","name":"\u0430\u0434\u043c\u0438\u043d","image":{"@type":"ImageObject","inLanguage":"ru-RU","@id":"https:\/\/denizcankizil.tr\/de\/#\/schema\/person\/image\/","url":"https:\/\/secure.gravatar.com\/avatar\/c1fce94c830dc79107e174f890d7210541c4a63e8e5d816341794a2151c9d58c?s=96&d=mm&r=g","contentUrl":"https:\/\/secure.gravatar.com\/avatar\/c1fce94c830dc79107e174f890d7210541c4a63e8e5d816341794a2151c9d58c?s=96&d=mm&r=g","caption":"admin"},"sameAs":["http:\/\/denizcankizil.tr"],"url":"https:\/\/www.iskenderun.org\/kocaeli-buyuksehir-bolgesel-afad-tatbikatinda-etkin-rol-aldi"}]}},"_links":{"self":[{"href":"https:\/\/denizcankizil.tr\/ru\/wp-json\/wp\/v2\/posts\/94807","targetHints":{"allow":["GET"]}}],"collection":[{"href":"https:\/\/denizcankizil.tr\/ru\/wp-json\/wp\/v2\/posts"}],"about":[{"href":"https:\/\/denizcankizil.tr\/ru\/wp-json\/wp\/v2\/types\/post"}],"author":[{"embeddable":true,"href":"https:\/\/denizcankizil.tr\/ru\/wp-json\/wp\/v2\/users\/1"}],"replies":[{"embeddable":true,"href":"https:\/\/denizcankizil.tr\/ru\/wp-json\/wp\/v2\/comments?post=94807"}],"version-history":[{"count":0,"href":"https:\/\/denizcankizil.tr\/ru\/wp-json\/wp\/v2\/posts\/94807\/revisions"}],"wp:attachment":[{"href":"https:\/\/denizcankizil.tr\/ru\/wp-json\/wp\/v2\/media?parent=94807"}],"wp:term":[{"taxonomy":"category","embeddable":true,"href":"https:\/\/denizcankizil.tr\/ru\/wp-json\/wp\/v2\/categories?post=94807"},{"taxonomy":"post_tag","embeddable":true,"href":"https:\/\/denizcankizil.tr\/ru\/wp-json\/wp\/v2\/tags?post=94807"}],"curies":[{"name":"wp","href":"https:\/\/api.w.org\/{rel}","templated":true}]}}