{"id":94744,"date":"2025-05-23T14:43:39","date_gmt":"2025-05-23T11:43:39","guid":{"rendered":"https:\/\/denizcankizil.tr\/uncategorized-tr\/4-gunluk-bayram-izni-10-gune-cikartildi-mi-iste-iletisim-baskanligindan-yanit\/"},"modified":"2025-05-23T14:43:39","modified_gmt":"2025-05-23T11:43:39","slug":"4-gunluk-bayram-izni-10-gune-cikartildi-mi-iste-iletisim-baskanligindan-yanit","status":"publish","type":"post","link":"https:\/\/denizcankizil.tr\/ru\/haberler\/gundem\/4-gunluk-bayram-izni-10-gune-cikartildi-mi-iste-iletisim-baskanligindan-yanit\/","title":{"rendered":"4 g\u00fcnl\u00fck bayram izni 10 g\u00fcne \u00e7\u0131kart\u0131ld\u0131 m\u0131? \u0130\u015fte \u0130leti\u015fim Ba\u015fkanl\u0131\u011f\u0131&#8217;ndan yan\u0131t!"},"content":{"rendered":"<p>Ge\u00e7ti\u011fimiz Ramazan Bayram\u0131&#8217;nda son dakika karar\u0131yla tatilin 10 g\u00fcne \u00e7\u0131kart\u0131lmas\u0131n\u0131n ard\u0131ndan g\u00f6zler Kurban Bayram\u0131&#8217;na \u00e7evrilmi\u015fti. Milyonlarca vatanda\u015f, 2025 y\u0131l\u0131 Kurban Bayram\u0131 tatilinin uzat\u0131l\u0131p uzat\u0131lmayaca\u011f\u0131n\u0131 merek ederken, beklenen a\u00e7\u0131klama geldi. Cumhurba\u015fkanl\u0131\u011f\u0131 \u0130leti\u015fim Ba\u015fkan\u0131 Fahrettin Altun, Kurban Bayram\u0131 tatilinin 4 g\u00fcn s\u00fcrece\u011fini ve herhangi bir uzatma karar\u0131 al\u0131nmad\u0131\u011f\u0131n\u0131 duyurdu.<\/p>\n<p>10 HAZ\u0130RAN G\u00dcN\u00dc MESA\u0130YE D\u00d6N\u00dc\u015e YAPILACAK <\/p>\n<p>Haziran ay\u0131 ba\u015f\u0131ndaki Kurban Bayram\u0131\u2019nda tatilin ka\u00e7 g\u00fcn olaca\u011f\u0131na dair a\u00e7\u0131klama beklenirken Cumhurba\u015fkanl\u0131\u011f\u0131 \u0130leti\u015fi Ba\u015fkan\u0131 Fahrettin Altun taraf\u0131ndan kamu \u00e7al\u0131\u015fanlar\u0131na dair bilgilendirme yap\u0131ld\u0131. Altun, Kurban Bayram\u0131 tatilinin uzat\u0131lmad\u0131\u011f\u0131na i\u015faret eden a\u00e7\u0131klamas\u0131nda, kamu \u00e7al\u0131\u015fanlar\u0131n\u0131n 5 Haziran Per\u015fembe g\u00fcn\u00fc \u00f6\u011flenden ba\u015flamak \u00fczere 9 Haziran\u2019a kadar idari izinli say\u0131laca\u011f\u0131n\u0131 s\u00f6yledi.<\/p>\n<p>Altun\u2019un, konuyla ilgili X hesab\u0131ndan yapt\u0131\u011f\u0131 payla\u015f\u0131m \u015f\u00f6yle:<\/p>\n<p>&#8220;Yak\u0131n zamanda idrak edece\u011fimiz m\u00fcbarek Kurban Bayram\u0131 m\u00fcnasebetiyle, 5 Haziran Per\u015fembe (Arefe) g\u00fcn\u00fc \u00f6\u011fleden sonra ba\u015flamak \u00fczere, 6-7-8-9 Haziran 2025 tarihlerinde (Bayram\u0131n 1\u2019inci, 2\u2019nci, 3\u2019\u00fcnc\u00fc ve 4\u2019\u00fcnc\u00fc g\u00fcn\u00fc) kamu \u00e7al\u0131\u015fanlar\u0131m\u0131z idari izinli say\u0131lacakt\u0131r. Kamuda normal mesai d\u00fczenine 10 Haziran Sal\u0131 g\u00fcn\u00fc d\u00f6n\u00fclecektir. Kurban Bayram\u0131m\u0131z\u0131n \u015fimdiden m\u00fcbarek olmas\u0131n\u0131, birli\u011fimizi, beraberli\u011fimizi peki\u015ftirmesini Allah\u2019tan niyaz ediyor, bayram vesilesiyle yola \u00e7\u0131kacak t\u00fcm vatanda\u015flar\u0131m\u0131za hay\u0131rl\u0131 ve sa\u011f salim yolculuklar diliyoruz.&#8221;<\/p>\n<p>Yak\u0131n zamanda idrak edece\u011fimiz m\u00fcbarek Kurban Bayram\u0131 m\u00fcnasebetiyle, 5 Haziran Per\u015fembe (Arefe) g\u00fcn\u00fc \u00f6\u011fleden sonra ba\u015flamak \u00fczere, 6-7-8-9 Haziran 2025 tarihlerinde (Bayram\u0131n 1\u2019inci, 2\u2019nci, 3\u2019\u00fcnc\u00fc ve 4\u2019\u00fcnc\u00fc g\u00fcn\u00fc) kamu \u00e7al\u0131\u015fanlar\u0131m\u0131z idari izinli say\u0131lacakt\u0131r.<\/p>\n<p>Kamuda normal\u2026<br \/>\n\u2014 Fahrettin Altun (@fahrettinaltun) May 23, 2025<\/p>\n<p>\u200bKurban Bayram\u0131 tatili Ramazan&#8217;daki gibi uzayacak m\u0131? G\u00f6zler Haziran ay\u0131na \u00e7evrilmi\u015fken, milyonlar\u0131n merak etti\u011fi o soruya yan\u0131t \u0130leti\u015fim Ba\u015fkan\u0131 Fahrettin Altun yan\u0131t verdi.\u00a0<\/p>\n<p>\u200bHaberin Al\u0131nt\u0131land\u0131\u011f\u0131 Kaynak: www.antalyakorfez.com<\/p>","protected":false},"excerpt":{"rendered":"<p>Ge\u00e7ti\u011fimiz Ramazan Bayram\u0131&#8217;nda son dakika karar\u0131yla tatilin 10 g\u00fcne \u00e7\u0131kart\u0131lmas\u0131n\u0131n ard\u0131ndan g\u00f6zler Kurban Bayram\u0131&#8217;na \u00e7evrilmi\u015fti. Milyonlarca vatanda\u015f, 2025 y\u0131l\u0131 Kurban Bayram\u0131 tatilinin uzat\u0131l\u0131p uzat\u0131lmayaca\u011f\u0131n\u0131 merek ederken, beklenen a\u00e7\u0131klama geldi. Cumhurba\u015fkanl\u0131\u011f\u0131 \u0130leti\u015fim Ba\u015fkan\u0131 Fahrettin Altun, Kurban Bayram\u0131 tatilinin 4 g\u00fcn s\u00fcrece\u011fini ve herhangi bir uzatma karar\u0131 al\u0131nmad\u0131\u011f\u0131n\u0131 duyurdu. 10 HAZ\u0130RAN G\u00dcN\u00dc MESA\u0130YE D\u00d6N\u00dc\u015e YAPILACAK Haziran ay\u0131 ba\u015f\u0131ndaki Kurban Bayram\u0131\u2019nda tatilin ka\u00e7 g\u00fcn olaca\u011f\u0131na dair a\u00e7\u0131klama beklenirken Cumhurba\u015fkanl\u0131\u011f\u0131 \u0130leti\u015fi Ba\u015fkan\u0131 Fahrettin Altun taraf\u0131ndan kamu \u00e7al\u0131\u015fanlar\u0131na dair bilgilendirme yap\u0131ld\u0131. Altun, Kurban Bayram\u0131 tatilinin uzat\u0131lmad\u0131\u011f\u0131na i\u015faret eden a\u00e7\u0131klamas\u0131nda, kamu \u00e7al\u0131\u015fanlar\u0131n\u0131n 5 Haziran Per\u015fembe g\u00fcn\u00fc \u00f6\u011flenden ba\u015flamak \u00fczere 9 Haziran\u2019a kadar idari izinli say\u0131laca\u011f\u0131n\u0131 s\u00f6yledi. Altun\u2019un, konuyla ilgili X hesab\u0131ndan yapt\u0131\u011f\u0131 payla\u015f\u0131m \u015f\u00f6yle: &#8220;Yak\u0131n zamanda idrak edece\u011fimiz m\u00fcbarek Kurban Bayram\u0131 m\u00fcnasebetiyle, 5 Haziran Per\u015fembe (Arefe) g\u00fcn\u00fc \u00f6\u011fleden sonra ba\u015flamak \u00fczere, 6-7-8-9 Haziran 2025 tarihlerinde (Bayram\u0131n 1\u2019inci, 2\u2019nci, 3\u2019\u00fcnc\u00fc ve 4\u2019\u00fcnc\u00fc g\u00fcn\u00fc) kamu \u00e7al\u0131\u015fanlar\u0131m\u0131z idari izinli say\u0131lacakt\u0131r. Kamuda normal mesai d\u00fczenine 10 Haziran Sal\u0131 g\u00fcn\u00fc d\u00f6n\u00fclecektir. Kurban Bayram\u0131m\u0131z\u0131n \u015fimdiden m\u00fcbarek olmas\u0131n\u0131, birli\u011fimizi, beraberli\u011fimizi peki\u015ftirmesini Allah\u2019tan niyaz ediyor, bayram vesilesiyle yola \u00e7\u0131kacak t\u00fcm vatanda\u015flar\u0131m\u0131za hay\u0131rl\u0131 ve sa\u011f salim yolculuklar diliyoruz.&#8221; Yak\u0131n zamanda idrak edece\u011fimiz m\u00fcbarek Kurban Bayram\u0131 m\u00fcnasebetiyle, 5 Haziran Per\u015fembe (Arefe) g\u00fcn\u00fc \u00f6\u011fleden sonra ba\u015flamak \u00fczere, 6-7-8-9 Haziran 2025 tarihlerinde (Bayram\u0131n 1\u2019inci, 2\u2019nci, 3\u2019\u00fcnc\u00fc ve 4\u2019\u00fcnc\u00fc &hellip;<\/p>","protected":false},"author":5,"featured_media":0,"comment_status":"","ping_status":"open","sticky":false,"template":"","format":"standard","meta":{"_acf_changed":false,"footnotes":""},"categories":[24],"tags":[],"class_list":["post-94744","post","type-post","status-publish","format-standard","has-post-thumbnail","hentry","category-gundem"],"acf":[],"yoast_head":"<!-- This site is optimized with the Yoast SEO Premium plugin v26.6 (Yoast SEO v27.1.1) - https:\/\/yoast.com\/product\/yoast-seo-premium-wordpress\/ -->\n<title>4 g\u00fcnl\u00fck bayram izni 10 g\u00fcne \u00e7\u0131kart\u0131ld\u0131 m\u0131? \u0130\u015fte \u0130leti\u015fim Ba\u015fkanl\u0131\u011f\u0131&#039;ndan yan\u0131t! - Av. Deniz Can K\u0131z\u0131l<\/title>\n<meta name=\"robots\" content=\"index, follow, max-snippet:-1, max-image-preview:large, max-video-preview:-1\" \/>\n<link rel=\"canonical\" href=\"https:\/\/denizcankizil.tr\/ru\/haberler\/gundem\/4-gunluk-bayram-izni-10-gune-cikartildi-mi-iste-iletisim-baskanligindan-yanit\/\" \/>\n<meta property=\"og:locale\" content=\"ru_RU\" \/>\n<meta property=\"og:type\" content=\"article\" \/>\n<meta property=\"og:title\" content=\"4 g\u00fcnl\u00fck bayram izni 10 g\u00fcne \u00e7\u0131kart\u0131ld\u0131 m\u0131? \u0130\u015fte \u0130leti\u015fim Ba\u015fkanl\u0131\u011f\u0131&#039;ndan yan\u0131t!\" \/>\n<meta property=\"og:description\" content=\"Ge\u00e7ti\u011fimiz Ramazan Bayram\u0131&#8217;nda son dakika karar\u0131yla tatilin 10 g\u00fcne \u00e7\u0131kart\u0131lmas\u0131n\u0131n ard\u0131ndan g\u00f6zler Kurban Bayram\u0131&#8217;na \u00e7evrilmi\u015fti. Milyonlarca vatanda\u015f, 2025 y\u0131l\u0131 Kurban Bayram\u0131 tatilinin uzat\u0131l\u0131p uzat\u0131lmayaca\u011f\u0131n\u0131 merek ederken, beklenen a\u00e7\u0131klama geldi. Cumhurba\u015fkanl\u0131\u011f\u0131 \u0130leti\u015fim Ba\u015fkan\u0131 Fahrettin Altun, Kurban Bayram\u0131 tatilinin 4 g\u00fcn s\u00fcrece\u011fini ve herhangi bir uzatma karar\u0131 al\u0131nmad\u0131\u011f\u0131n\u0131 duyurdu. 10 HAZ\u0130RAN G\u00dcN\u00dc MESA\u0130YE D\u00d6N\u00dc\u015e YAPILACAK Haziran ay\u0131 ba\u015f\u0131ndaki Kurban Bayram\u0131\u2019nda tatilin ka\u00e7 g\u00fcn olaca\u011f\u0131na dair a\u00e7\u0131klama beklenirken Cumhurba\u015fkanl\u0131\u011f\u0131 \u0130leti\u015fi Ba\u015fkan\u0131 Fahrettin Altun taraf\u0131ndan kamu \u00e7al\u0131\u015fanlar\u0131na dair bilgilendirme yap\u0131ld\u0131. Altun, Kurban Bayram\u0131 tatilinin uzat\u0131lmad\u0131\u011f\u0131na i\u015faret eden a\u00e7\u0131klamas\u0131nda, kamu \u00e7al\u0131\u015fanlar\u0131n\u0131n 5 Haziran Per\u015fembe g\u00fcn\u00fc \u00f6\u011flenden ba\u015flamak \u00fczere 9 Haziran\u2019a kadar idari izinli say\u0131laca\u011f\u0131n\u0131 s\u00f6yledi. Altun\u2019un, konuyla ilgili X hesab\u0131ndan yapt\u0131\u011f\u0131 payla\u015f\u0131m \u015f\u00f6yle: &#8220;Yak\u0131n zamanda idrak edece\u011fimiz m\u00fcbarek Kurban Bayram\u0131 m\u00fcnasebetiyle, 5 Haziran Per\u015fembe (Arefe) g\u00fcn\u00fc \u00f6\u011fleden sonra ba\u015flamak \u00fczere, 6-7-8-9 Haziran 2025 tarihlerinde (Bayram\u0131n 1\u2019inci, 2\u2019nci, 3\u2019\u00fcnc\u00fc ve 4\u2019\u00fcnc\u00fc g\u00fcn\u00fc) kamu \u00e7al\u0131\u015fanlar\u0131m\u0131z idari izinli say\u0131lacakt\u0131r. Kamuda normal mesai d\u00fczenine 10 Haziran Sal\u0131 g\u00fcn\u00fc d\u00f6n\u00fclecektir. Kurban Bayram\u0131m\u0131z\u0131n \u015fimdiden m\u00fcbarek olmas\u0131n\u0131, birli\u011fimizi, beraberli\u011fimizi peki\u015ftirmesini Allah\u2019tan niyaz ediyor, bayram vesilesiyle yola \u00e7\u0131kacak t\u00fcm vatanda\u015flar\u0131m\u0131za hay\u0131rl\u0131 ve sa\u011f salim yolculuklar diliyoruz.&#8221; Yak\u0131n zamanda idrak edece\u011fimiz m\u00fcbarek Kurban Bayram\u0131 m\u00fcnasebetiyle, 5 Haziran Per\u015fembe (Arefe) g\u00fcn\u00fc \u00f6\u011fleden sonra ba\u015flamak \u00fczere, 6-7-8-9 Haziran 2025 tarihlerinde (Bayram\u0131n 1\u2019inci, 2\u2019nci, 3\u2019\u00fcnc\u00fc ve 4\u2019\u00fcnc\u00fc &hellip;\" \/>\n<meta property=\"og:url\" content=\"https:\/\/denizcankizil.tr\/ru\/haberler\/gundem\/4-gunluk-bayram-izni-10-gune-cikartildi-mi-iste-iletisim-baskanligindan-yanit\/\" \/>\n<meta property=\"og:site_name\" content=\"Av. Deniz Can K\u0131z\u0131l\" \/>\n<meta property=\"article:published_time\" content=\"2025-05-23T11:43:39+00:00\" \/>\n<meta name=\"author\" content=\"Antalya K\u00f6rfez\" \/>\n<meta name=\"twitter:card\" content=\"summary_large_image\" \/>\n<meta name=\"twitter:label1\" content=\"\u041d\u0430\u043f\u0438\u0441\u0430\u043d\u043e \u0430\u0432\u0442\u043e\u0440\u043e\u043c\" \/>\n\t<meta name=\"twitter:data1\" content=\"Antalya K\u00f6rfez\" \/>\n\t<meta name=\"twitter:label2\" content=\"\u041f\u0440\u0438\u043c\u0435\u0440\u043d\u043e\u0435 \u0432\u0440\u0435\u043c\u044f \u0434\u043b\u044f \u0447\u0442\u0435\u043d\u0438\u044f\" \/>\n\t<meta name=\"twitter:data2\" content=\"2 \u043c\u0438\u043d\u0443\u0442\u044b\" \/>\n<script type=\"application\/ld+json\" class=\"yoast-schema-graph\">{\"@context\":\"https:\/\/schema.org\",\"@graph\":[{\"@type\":\"Article\",\"@id\":\"https:\/\/denizcankizil.tr\/ru\/haberler\/gundem\/4-gunluk-bayram-izni-10-gune-cikartildi-mi-iste-iletisim-baskanligindan-yanit\/#article\",\"isPartOf\":{\"@id\":\"https:\/\/denizcankizil.tr\/ru\/haberler\/gundem\/4-gunluk-bayram-izni-10-gune-cikartildi-mi-iste-iletisim-baskanligindan-yanit\/\"},\"author\":{\"name\":\"Antalya K\u00f6rfez\",\"@id\":\"https:\/\/denizcankizil.tr\/de\/#\/schema\/person\/e1eb71bb4dd684d46563f0af307e1234\"},\"headline\":\"4 g\u00fcnl\u00fck bayram izni 10 g\u00fcne \u00e7\u0131kart\u0131ld\u0131 m\u0131? \u0130\u015fte \u0130leti\u015fim Ba\u015fkanl\u0131\u011f\u0131&#8217;ndan yan\u0131t!\",\"datePublished\":\"2025-05-23T11:43:39+00:00\",\"mainEntityOfPage\":{\"@id\":\"https:\/\/denizcankizil.tr\/ru\/haberler\/gundem\/4-gunluk-bayram-izni-10-gune-cikartildi-mi-iste-iletisim-baskanligindan-yanit\/\"},\"wordCount\":370,\"publisher\":{\"@id\":\"https:\/\/denizcankizil.tr\/de\/#organization\"},\"articleSection\":[\"G\u00fcndem\"],\"inLanguage\":\"ru-RU\"},{\"@type\":\"WebPage\",\"@id\":\"https:\/\/denizcankizil.tr\/ru\/haberler\/gundem\/4-gunluk-bayram-izni-10-gune-cikartildi-mi-iste-iletisim-baskanligindan-yanit\/\",\"url\":\"https:\/\/denizcankizil.tr\/ru\/haberler\/gundem\/4-gunluk-bayram-izni-10-gune-cikartildi-mi-iste-iletisim-baskanligindan-yanit\/\",\"name\":\"4 g\u00fcnl\u00fck bayram izni 10 g\u00fcne \u00e7\u0131kart\u0131ld\u0131 m\u0131? \u0130\u015fte \u0130leti\u015fim Ba\u015fkanl\u0131\u011f\u0131'ndan yan\u0131t! - Av. Deniz Can K\u0131z\u0131l\",\"isPartOf\":{\"@id\":\"https:\/\/denizcankizil.tr\/de\/#website\"},\"datePublished\":\"2025-05-23T11:43:39+00:00\",\"breadcrumb\":{\"@id\":\"https:\/\/denizcankizil.tr\/ru\/haberler\/gundem\/4-gunluk-bayram-izni-10-gune-cikartildi-mi-iste-iletisim-baskanligindan-yanit\/#breadcrumb\"},\"inLanguage\":\"ru-RU\",\"potentialAction\":[{\"@type\":\"ReadAction\",\"target\":[\"https:\/\/denizcankizil.tr\/ru\/haberler\/gundem\/4-gunluk-bayram-izni-10-gune-cikartildi-mi-iste-iletisim-baskanligindan-yanit\/\"]}]},{\"@type\":\"BreadcrumbList\",\"@id\":\"https:\/\/denizcankizil.tr\/ru\/haberler\/gundem\/4-gunluk-bayram-izni-10-gune-cikartildi-mi-iste-iletisim-baskanligindan-yanit\/#breadcrumb\",\"itemListElement\":[{\"@type\":\"ListItem\",\"position\":1,\"name\":\"Home\",\"item\":\"https:\/\/denizcankizil.tr\/de\/\"},{\"@type\":\"ListItem\",\"position\":2,\"name\":\"4 g\u00fcnl\u00fck bayram izni 10 g\u00fcne \u00e7\u0131kart\u0131ld\u0131 m\u0131? \u0130\u015fte \u0130leti\u015fim Ba\u015fkanl\u0131\u011f\u0131&#8217;ndan yan\u0131t!\"}]},{\"@type\":\"WebSite\",\"@id\":\"https:\/\/denizcankizil.tr\/de\/#website\",\"url\":\"https:\/\/denizcankizil.tr\/de\/\",\"name\":\"Av. Deniz Can K\u0131z\u0131l\",\"description\":\"Avukat Deniz Can K\u0131z\u0131l Antalya Barosu\",\"publisher\":{\"@id\":\"https:\/\/denizcankizil.tr\/de\/#organization\"},\"potentialAction\":[{\"@type\":\"SearchAction\",\"target\":{\"@type\":\"EntryPoint\",\"urlTemplate\":\"https:\/\/denizcankizil.tr\/de\/?s={search_term_string}\"},\"query-input\":{\"@type\":\"PropertyValueSpecification\",\"valueRequired\":true,\"valueName\":\"search_term_string\"}}],\"inLanguage\":\"ru-RU\"},{\"@type\":\"Organization\",\"@id\":\"https:\/\/denizcankizil.tr\/de\/#organization\",\"name\":\"Av. Deniz Can K\u0131z\u0131l\",\"url\":\"https:\/\/denizcankizil.tr\/de\/\",\"logo\":{\"@type\":\"ImageObject\",\"inLanguage\":\"ru-RU\",\"@id\":\"https:\/\/denizcankizil.tr\/de\/#\/schema\/logo\/image\/\",\"url\":\"https:\/\/denizcankizil.tr\/wp-content\/uploads\/2024\/10\/siyah-logo-svg.svg\",\"contentUrl\":\"https:\/\/denizcankizil.tr\/wp-content\/uploads\/2024\/10\/siyah-logo-svg.svg\",\"width\":1080,\"height\":1080,\"caption\":\"Av. Deniz Can K\u0131z\u0131l\"},\"image\":{\"@id\":\"https:\/\/denizcankizil.tr\/de\/#\/schema\/logo\/image\/\"}},{\"@type\":\"Person\",\"@id\":\"https:\/\/denizcankizil.tr\/de\/#\/schema\/person\/e1eb71bb4dd684d46563f0af307e1234\",\"name\":\"Antalya K\u00f6rfez\",\"image\":{\"@type\":\"ImageObject\",\"inLanguage\":\"ru-RU\",\"@id\":\"https:\/\/denizcankizil.tr\/de\/#\/schema\/person\/image\/\",\"url\":\"https:\/\/secure.gravatar.com\/avatar\/42b01982558a48a0b501fdcab6a408d3717ea5919095ee2e67b0e521799c5905?s=96&d=mm&r=g\",\"contentUrl\":\"https:\/\/secure.gravatar.com\/avatar\/42b01982558a48a0b501fdcab6a408d3717ea5919095ee2e67b0e521799c5905?s=96&d=mm&r=g\",\"caption\":\"Antalya K\u00f6rfez\"},\"sameAs\":[\"http:\/\/www.antalyakorfez.com\"],\"url\":\"https:\/\/www.antalyakorfez.com\/4-gunluk-bayram-izni-10-gune-cikartildi-mi-iste-iletisim-baskanligindan-yanit\"}]}<\/script>\n<!-- \/ Yoast SEO Premium plugin. -->","yoast_head_json":{"title":"4 g\u00fcnl\u00fck bayram izni 10 g\u00fcne \u00e7\u0131kart\u0131ld\u0131 m\u0131? \u0130\u015fte \u0130leti\u015fim Ba\u015fkanl\u0131\u011f\u0131'ndan yan\u0131t! - Av. Deniz Can K\u0131z\u0131l","robots":{"index":"index","follow":"follow","max-snippet":"max-snippet:-1","max-image-preview":"max-image-preview:large","max-video-preview":"max-video-preview:-1"},"canonical":"https:\/\/denizcankizil.tr\/ru\/haberler\/gundem\/4-gunluk-bayram-izni-10-gune-cikartildi-mi-iste-iletisim-baskanligindan-yanit\/","og_locale":"ru_RU","og_type":"article","og_title":"4 g\u00fcnl\u00fck bayram izni 10 g\u00fcne \u00e7\u0131kart\u0131ld\u0131 m\u0131? \u0130\u015fte \u0130leti\u015fim Ba\u015fkanl\u0131\u011f\u0131'ndan yan\u0131t!","og_description":"Ge\u00e7ti\u011fimiz Ramazan Bayram\u0131&#8217;nda son dakika karar\u0131yla tatilin 10 g\u00fcne \u00e7\u0131kart\u0131lmas\u0131n\u0131n ard\u0131ndan g\u00f6zler Kurban Bayram\u0131&#8217;na \u00e7evrilmi\u015fti. Milyonlarca vatanda\u015f, 2025 y\u0131l\u0131 Kurban Bayram\u0131 tatilinin uzat\u0131l\u0131p uzat\u0131lmayaca\u011f\u0131n\u0131 merek ederken, beklenen a\u00e7\u0131klama geldi. Cumhurba\u015fkanl\u0131\u011f\u0131 \u0130leti\u015fim Ba\u015fkan\u0131 Fahrettin Altun, Kurban Bayram\u0131 tatilinin 4 g\u00fcn s\u00fcrece\u011fini ve herhangi bir uzatma karar\u0131 al\u0131nmad\u0131\u011f\u0131n\u0131 duyurdu. 10 HAZ\u0130RAN G\u00dcN\u00dc MESA\u0130YE D\u00d6N\u00dc\u015e YAPILACAK Haziran ay\u0131 ba\u015f\u0131ndaki Kurban Bayram\u0131\u2019nda tatilin ka\u00e7 g\u00fcn olaca\u011f\u0131na dair a\u00e7\u0131klama beklenirken Cumhurba\u015fkanl\u0131\u011f\u0131 \u0130leti\u015fi Ba\u015fkan\u0131 Fahrettin Altun taraf\u0131ndan kamu \u00e7al\u0131\u015fanlar\u0131na dair bilgilendirme yap\u0131ld\u0131. Altun, Kurban Bayram\u0131 tatilinin uzat\u0131lmad\u0131\u011f\u0131na i\u015faret eden a\u00e7\u0131klamas\u0131nda, kamu \u00e7al\u0131\u015fanlar\u0131n\u0131n 5 Haziran Per\u015fembe g\u00fcn\u00fc \u00f6\u011flenden ba\u015flamak \u00fczere 9 Haziran\u2019a kadar idari izinli say\u0131laca\u011f\u0131n\u0131 s\u00f6yledi. Altun\u2019un, konuyla ilgili X hesab\u0131ndan yapt\u0131\u011f\u0131 payla\u015f\u0131m \u015f\u00f6yle: &#8220;Yak\u0131n zamanda idrak edece\u011fimiz m\u00fcbarek Kurban Bayram\u0131 m\u00fcnasebetiyle, 5 Haziran Per\u015fembe (Arefe) g\u00fcn\u00fc \u00f6\u011fleden sonra ba\u015flamak \u00fczere, 6-7-8-9 Haziran 2025 tarihlerinde (Bayram\u0131n 1\u2019inci, 2\u2019nci, 3\u2019\u00fcnc\u00fc ve 4\u2019\u00fcnc\u00fc g\u00fcn\u00fc) kamu \u00e7al\u0131\u015fanlar\u0131m\u0131z idari izinli say\u0131lacakt\u0131r. Kamuda normal mesai d\u00fczenine 10 Haziran Sal\u0131 g\u00fcn\u00fc d\u00f6n\u00fclecektir. Kurban Bayram\u0131m\u0131z\u0131n \u015fimdiden m\u00fcbarek olmas\u0131n\u0131, birli\u011fimizi, beraberli\u011fimizi peki\u015ftirmesini Allah\u2019tan niyaz ediyor, bayram vesilesiyle yola \u00e7\u0131kacak t\u00fcm vatanda\u015flar\u0131m\u0131za hay\u0131rl\u0131 ve sa\u011f salim yolculuklar diliyoruz.&#8221; Yak\u0131n zamanda idrak edece\u011fimiz m\u00fcbarek Kurban Bayram\u0131 m\u00fcnasebetiyle, 5 Haziran Per\u015fembe (Arefe) g\u00fcn\u00fc \u00f6\u011fleden sonra ba\u015flamak \u00fczere, 6-7-8-9 Haziran 2025 tarihlerinde (Bayram\u0131n 1\u2019inci, 2\u2019nci, 3\u2019\u00fcnc\u00fc ve 4\u2019\u00fcnc\u00fc &hellip;","og_url":"https:\/\/denizcankizil.tr\/ru\/haberler\/gundem\/4-gunluk-bayram-izni-10-gune-cikartildi-mi-iste-iletisim-baskanligindan-yanit\/","og_site_name":"Av. Deniz Can K\u0131z\u0131l","article_published_time":"2025-05-23T11:43:39+00:00","author":"Antalya K\u00f6rfez","twitter_card":"summary_large_image","twitter_misc":{"\u041d\u0430\u043f\u0438\u0441\u0430\u043d\u043e \u0430\u0432\u0442\u043e\u0440\u043e\u043c":"Antalya K\u00f6rfez","\u041f\u0440\u0438\u043c\u0435\u0440\u043d\u043e\u0435 \u0432\u0440\u0435\u043c\u044f \u0434\u043b\u044f \u0447\u0442\u0435\u043d\u0438\u044f":"2 \u043c\u0438\u043d\u0443\u0442\u044b"},"schema":{"@context":"https:\/\/schema.org","@graph":[{"@type":"Article","@id":"https:\/\/denizcankizil.tr\/ru\/haberler\/gundem\/4-gunluk-bayram-izni-10-gune-cikartildi-mi-iste-iletisim-baskanligindan-yanit\/#article","isPartOf":{"@id":"https:\/\/denizcankizil.tr\/ru\/haberler\/gundem\/4-gunluk-bayram-izni-10-gune-cikartildi-mi-iste-iletisim-baskanligindan-yanit\/"},"author":{"name":"Antalya K\u00f6rfez","@id":"https:\/\/denizcankizil.tr\/de\/#\/schema\/person\/e1eb71bb4dd684d46563f0af307e1234"},"headline":"4 g\u00fcnl\u00fck bayram izni 10 g\u00fcne \u00e7\u0131kart\u0131ld\u0131 m\u0131? \u0130\u015fte \u0130leti\u015fim Ba\u015fkanl\u0131\u011f\u0131&#8217;ndan yan\u0131t!","datePublished":"2025-05-23T11:43:39+00:00","mainEntityOfPage":{"@id":"https:\/\/denizcankizil.tr\/ru\/haberler\/gundem\/4-gunluk-bayram-izni-10-gune-cikartildi-mi-iste-iletisim-baskanligindan-yanit\/"},"wordCount":370,"publisher":{"@id":"https:\/\/denizcankizil.tr\/de\/#organization"},"articleSection":["G\u00fcndem"],"inLanguage":"ru-RU"},{"@type":"WebPage","@id":"https:\/\/denizcankizil.tr\/ru\/haberler\/gundem\/4-gunluk-bayram-izni-10-gune-cikartildi-mi-iste-iletisim-baskanligindan-yanit\/","url":"https:\/\/denizcankizil.tr\/ru\/haberler\/gundem\/4-gunluk-bayram-izni-10-gune-cikartildi-mi-iste-iletisim-baskanligindan-yanit\/","name":"4 g\u00fcnl\u00fck bayram izni 10 g\u00fcne \u00e7\u0131kart\u0131ld\u0131 m\u0131? \u0130\u015fte \u0130leti\u015fim Ba\u015fkanl\u0131\u011f\u0131'ndan yan\u0131t! - Av. Deniz Can K\u0131z\u0131l","isPartOf":{"@id":"https:\/\/denizcankizil.tr\/de\/#website"},"datePublished":"2025-05-23T11:43:39+00:00","breadcrumb":{"@id":"https:\/\/denizcankizil.tr\/ru\/haberler\/gundem\/4-gunluk-bayram-izni-10-gune-cikartildi-mi-iste-iletisim-baskanligindan-yanit\/#breadcrumb"},"inLanguage":"ru-RU","potentialAction":[{"@type":"ReadAction","target":["https:\/\/denizcankizil.tr\/ru\/haberler\/gundem\/4-gunluk-bayram-izni-10-gune-cikartildi-mi-iste-iletisim-baskanligindan-yanit\/"]}]},{"@type":"BreadcrumbList","@id":"https:\/\/denizcankizil.tr\/ru\/haberler\/gundem\/4-gunluk-bayram-izni-10-gune-cikartildi-mi-iste-iletisim-baskanligindan-yanit\/#breadcrumb","itemListElement":[{"@type":"ListItem","position":1,"name":"Home","item":"https:\/\/denizcankizil.tr\/de\/"},{"@type":"ListItem","position":2,"name":"4 g\u00fcnl\u00fck bayram izni 10 g\u00fcne \u00e7\u0131kart\u0131ld\u0131 m\u0131? \u0130\u015fte \u0130leti\u015fim Ba\u015fkanl\u0131\u011f\u0131&#8217;ndan yan\u0131t!"}]},{"@type":"WebSite","@id":"https:\/\/denizcankizil.tr\/de\/#website","url":"https:\/\/denizcankizil.tr\/de\/","name":"Av. Deniz Can K\u0131z\u0131l","description":"Avukat Deniz Can K\u0131z\u0131l Antalya Barosu","publisher":{"@id":"https:\/\/denizcankizil.tr\/de\/#organization"},"potentialAction":[{"@type":"SearchAction","target":{"@type":"EntryPoint","urlTemplate":"https:\/\/denizcankizil.tr\/de\/?s={search_term_string}"},"query-input":{"@type":"PropertyValueSpecification","valueRequired":true,"valueName":"search_term_string"}}],"inLanguage":"ru-RU"},{"@type":"Organization","@id":"https:\/\/denizcankizil.tr\/de\/#organization","name":"Av. Deniz Can K\u0131z\u0131l","url":"https:\/\/denizcankizil.tr\/de\/","logo":{"@type":"ImageObject","inLanguage":"ru-RU","@id":"https:\/\/denizcankizil.tr\/de\/#\/schema\/logo\/image\/","url":"https:\/\/denizcankizil.tr\/wp-content\/uploads\/2024\/10\/siyah-logo-svg.svg","contentUrl":"https:\/\/denizcankizil.tr\/wp-content\/uploads\/2024\/10\/siyah-logo-svg.svg","width":1080,"height":1080,"caption":"Av. Deniz Can K\u0131z\u0131l"},"image":{"@id":"https:\/\/denizcankizil.tr\/de\/#\/schema\/logo\/image\/"}},{"@type":"Person","@id":"https:\/\/denizcankizil.tr\/de\/#\/schema\/person\/e1eb71bb4dd684d46563f0af307e1234","name":"Antalya K\u00f6rfez","image":{"@type":"ImageObject","inLanguage":"ru-RU","@id":"https:\/\/denizcankizil.tr\/de\/#\/schema\/person\/image\/","url":"https:\/\/secure.gravatar.com\/avatar\/42b01982558a48a0b501fdcab6a408d3717ea5919095ee2e67b0e521799c5905?s=96&d=mm&r=g","contentUrl":"https:\/\/secure.gravatar.com\/avatar\/42b01982558a48a0b501fdcab6a408d3717ea5919095ee2e67b0e521799c5905?s=96&d=mm&r=g","caption":"Antalya K\u00f6rfez"},"sameAs":["http:\/\/www.antalyakorfez.com"],"url":"https:\/\/www.antalyakorfez.com\/4-gunluk-bayram-izni-10-gune-cikartildi-mi-iste-iletisim-baskanligindan-yanit"}]}},"_links":{"self":[{"href":"https:\/\/denizcankizil.tr\/ru\/wp-json\/wp\/v2\/posts\/94744","targetHints":{"allow":["GET"]}}],"collection":[{"href":"https:\/\/denizcankizil.tr\/ru\/wp-json\/wp\/v2\/posts"}],"about":[{"href":"https:\/\/denizcankizil.tr\/ru\/wp-json\/wp\/v2\/types\/post"}],"author":[{"embeddable":true,"href":"https:\/\/denizcankizil.tr\/ru\/wp-json\/wp\/v2\/users\/5"}],"replies":[{"embeddable":true,"href":"https:\/\/denizcankizil.tr\/ru\/wp-json\/wp\/v2\/comments?post=94744"}],"version-history":[{"count":0,"href":"https:\/\/denizcankizil.tr\/ru\/wp-json\/wp\/v2\/posts\/94744\/revisions"}],"wp:attachment":[{"href":"https:\/\/denizcankizil.tr\/ru\/wp-json\/wp\/v2\/media?parent=94744"}],"wp:term":[{"taxonomy":"category","embeddable":true,"href":"https:\/\/denizcankizil.tr\/ru\/wp-json\/wp\/v2\/categories?post=94744"},{"taxonomy":"post_tag","embeddable":true,"href":"https:\/\/denizcankizil.tr\/ru\/wp-json\/wp\/v2\/tags?post=94744"}],"curies":[{"name":"wp","href":"https:\/\/api.w.org\/{rel}","templated":true}]}}