{"id":94687,"date":"2025-05-23T12:41:23","date_gmt":"2025-05-23T09:41:23","guid":{"rendered":"https:\/\/denizcankizil.tr\/uncategorized-tr\/arkadaslari-yalniz-birakmadi\/"},"modified":"2025-05-23T12:41:23","modified_gmt":"2025-05-23T09:41:23","slug":"arkadaslari-yalniz-birakmadi","status":"publish","type":"post","link":"https:\/\/denizcankizil.tr\/ru\/haberler\/antalya\/arkadaslari-yalniz-birakmadi\/","title":{"rendered":"Arkada\u015flar\u0131 yaln\u0131z b\u0131rakmad\u0131"},"content":{"rendered":"<p>Kaza, saat 15.30 s\u0131ralar\u0131nda Manavgat il\u00e7esi Antalya Caddesi&#8217;nde, Sar\u0131 K\u00f6pr\u00fc istikametine do\u011fru meydana geldi. Edinilen bilgilere g\u00f6re, Murat Can P. idaresindeki 07 BUE 095 plakal\u0131 motosiklet, ayn\u0131 y\u00f6nde ilerleyen ve yaya ge\u00e7idindeki yayalara yol vermek i\u00e7in yava\u015flayan iki yolcu minib\u00fcs\u00fcn\u00fcn aras\u0131ndan ge\u00e7meye \u00e7al\u0131\u015f\u0131rken, 07 LRR 72 plakal\u0131 minib\u00fcse arkadan \u00e7arpt\u0131. \u00c7arpman\u0131n etkisiyle motosiklet, minib\u00fcslerin aras\u0131na savruldu. Kazay\u0131 g\u00f6renlerin ihbar\u0131 \u00fczerine olay yerine polis ve sa\u011fl\u0131k ekipleri sevk edildi. Sa\u011fl\u0131k ekiplerinin yapt\u0131\u011f\u0131 ilk kontrollerde, motosiklet s\u00fcr\u00fcc\u00fcs\u00fcn\u00fcn sa\u011fl\u0131k durumunun iyi oldu\u011fu ve kazay\u0131 hafif s\u0131yr\u0131klarla atlatt\u0131\u011f\u0131 belirlendi. \u00d6te yandan, kazan\u0131n ard\u0131ndan k\u0131sa s\u00fcre i\u00e7inde \u00e7ok say\u0131da moto kurye olay yerine gelerek kazaya kar\u0131\u015fan arkada\u015flar\u0131yla ilgilendi. Polis ekipleri kazayla ilgili inceleme ba\u015flatt\u0131.<\/p>\n<p>Kaynak: www.kanalv.com.tr Haber Sitesinden Al\u0131nm\u0131\u015ft\u0131r.<\/p>","protected":false},"excerpt":{"rendered":"<p>Kaza, saat 15.30 s\u0131ralar\u0131nda Manavgat il\u00e7esi Antalya Caddesi&#8217;nde, Sar\u0131 K\u00f6pr\u00fc istikametine do\u011fru meydana geldi. Edinilen bilgilere g\u00f6re, Murat Can P. idaresindeki 07 BUE 095 plakal\u0131 motosiklet, ayn\u0131 y\u00f6nde ilerleyen ve yaya ge\u00e7idindeki yayalara yol vermek i\u00e7in yava\u015flayan iki yolcu minib\u00fcs\u00fcn\u00fcn aras\u0131ndan ge\u00e7meye \u00e7al\u0131\u015f\u0131rken, 07 LRR 72 plakal\u0131 minib\u00fcse arkadan \u00e7arpt\u0131. \u00c7arpman\u0131n etkisiyle motosiklet, minib\u00fcslerin aras\u0131na savruldu. Kazay\u0131 g\u00f6renlerin ihbar\u0131 \u00fczerine olay yerine polis ve sa\u011fl\u0131k ekipleri sevk edildi. Sa\u011fl\u0131k ekiplerinin yapt\u0131\u011f\u0131 ilk kontrollerde, motosiklet s\u00fcr\u00fcc\u00fcs\u00fcn\u00fcn sa\u011fl\u0131k durumunun iyi oldu\u011fu ve kazay\u0131 hafif s\u0131yr\u0131klarla atlatt\u0131\u011f\u0131 belirlendi. \u00d6te yandan, kazan\u0131n ard\u0131ndan k\u0131sa s\u00fcre i\u00e7inde \u00e7ok say\u0131da moto kurye olay yerine gelerek kazaya kar\u0131\u015fan arkada\u015flar\u0131yla ilgilendi. Polis ekipleri kazayla ilgili inceleme ba\u015flatt\u0131. Kaynak: www.kanalv.com.tr Haber Sitesinden Al\u0131nm\u0131\u015ft\u0131r.<\/p>","protected":false},"author":4,"featured_media":0,"comment_status":"","ping_status":"open","sticky":false,"template":"","format":"standard","meta":{"_acf_changed":false,"footnotes":""},"categories":[26],"tags":[],"class_list":["post-94687","post","type-post","status-publish","format-standard","hentry","category-antalya"],"acf":[],"yoast_head":"<!-- This site is optimized with the Yoast SEO Premium plugin v26.6 (Yoast SEO v27.1.1) - https:\/\/yoast.com\/product\/yoast-seo-premium-wordpress\/ -->\n<title>Arkada\u015flar\u0131 yaln\u0131z b\u0131rakmad\u0131 - Av. Deniz Can K\u0131z\u0131l<\/title>\n<meta name=\"robots\" content=\"index, follow, max-snippet:-1, max-image-preview:large, max-video-preview:-1\" \/>\n<link rel=\"canonical\" href=\"https:\/\/denizcankizil.tr\/ru\/haberler\/antalya\/arkadaslari-yalniz-birakmadi\/\" \/>\n<meta property=\"og:locale\" content=\"ru_RU\" \/>\n<meta property=\"og:type\" content=\"article\" \/>\n<meta property=\"og:title\" content=\"Arkada\u015flar\u0131 yaln\u0131z b\u0131rakmad\u0131\" \/>\n<meta property=\"og:description\" content=\"Kaza, saat 15.30 s\u0131ralar\u0131nda Manavgat il\u00e7esi Antalya Caddesi&#8217;nde, Sar\u0131 K\u00f6pr\u00fc istikametine do\u011fru meydana geldi. Edinilen bilgilere g\u00f6re, Murat Can P. idaresindeki 07 BUE 095 plakal\u0131 motosiklet, ayn\u0131 y\u00f6nde ilerleyen ve yaya ge\u00e7idindeki yayalara yol vermek i\u00e7in yava\u015flayan iki yolcu minib\u00fcs\u00fcn\u00fcn aras\u0131ndan ge\u00e7meye \u00e7al\u0131\u015f\u0131rken, 07 LRR 72 plakal\u0131 minib\u00fcse arkadan \u00e7arpt\u0131. \u00c7arpman\u0131n etkisiyle motosiklet, minib\u00fcslerin aras\u0131na savruldu. Kazay\u0131 g\u00f6renlerin ihbar\u0131 \u00fczerine olay yerine polis ve sa\u011fl\u0131k ekipleri sevk edildi. Sa\u011fl\u0131k ekiplerinin yapt\u0131\u011f\u0131 ilk kontrollerde, motosiklet s\u00fcr\u00fcc\u00fcs\u00fcn\u00fcn sa\u011fl\u0131k durumunun iyi oldu\u011fu ve kazay\u0131 hafif s\u0131yr\u0131klarla atlatt\u0131\u011f\u0131 belirlendi. \u00d6te yandan, kazan\u0131n ard\u0131ndan k\u0131sa s\u00fcre i\u00e7inde \u00e7ok say\u0131da moto kurye olay yerine gelerek kazaya kar\u0131\u015fan arkada\u015flar\u0131yla ilgilendi. Polis ekipleri kazayla ilgili inceleme ba\u015flatt\u0131. Kaynak: www.kanalv.com.tr Haber Sitesinden Al\u0131nm\u0131\u015ft\u0131r.\" \/>\n<meta property=\"og:url\" content=\"https:\/\/denizcankizil.tr\/ru\/haberler\/antalya\/arkadaslari-yalniz-birakmadi\/\" \/>\n<meta property=\"og:site_name\" content=\"Av. Deniz Can K\u0131z\u0131l\" \/>\n<meta property=\"article:published_time\" content=\"2025-05-23T09:41:23+00:00\" \/>\n<meta name=\"author\" content=\"Av. Deniz Can K\u0131z\u0131l\" \/>\n<meta name=\"twitter:card\" content=\"summary_large_image\" \/>\n<meta name=\"twitter:label1\" content=\"\u041d\u0430\u043f\u0438\u0441\u0430\u043d\u043e \u0430\u0432\u0442\u043e\u0440\u043e\u043c\" \/>\n\t<meta name=\"twitter:data1\" content=\"Av. Deniz Can K\u0131z\u0131l\" \/>\n\t<meta name=\"twitter:label2\" content=\"\u041f\u0440\u0438\u043c\u0435\u0440\u043d\u043e\u0435 \u0432\u0440\u0435\u043c\u044f \u0434\u043b\u044f \u0447\u0442\u0435\u043d\u0438\u044f\" \/>\n\t<meta name=\"twitter:data2\" content=\"1 \u043c\u0438\u043d\u0443\u0442\u0430\" \/>\n<script type=\"application\/ld+json\" class=\"yoast-schema-graph\">{\"@context\":\"https:\/\/schema.org\",\"@graph\":[{\"@type\":\"Article\",\"@id\":\"https:\/\/denizcankizil.tr\/ru\/haberler\/antalya\/arkadaslari-yalniz-birakmadi\/#article\",\"isPartOf\":{\"@id\":\"https:\/\/denizcankizil.tr\/ru\/haberler\/antalya\/arkadaslari-yalniz-birakmadi\/\"},\"author\":{\"name\":\"Av. Deniz Can K\u0131z\u0131l\",\"@id\":\"https:\/\/denizcankizil.tr\/de\/#\/schema\/person\/5dc1b22991bd7ac833867c10afc9b0ff\"},\"headline\":\"Arkada\u015flar\u0131 yaln\u0131z b\u0131rakmad\u0131\",\"datePublished\":\"2025-05-23T09:41:23+00:00\",\"mainEntityOfPage\":{\"@id\":\"https:\/\/denizcankizil.tr\/ru\/haberler\/antalya\/arkadaslari-yalniz-birakmadi\/\"},\"wordCount\":167,\"publisher\":{\"@id\":\"https:\/\/denizcankizil.tr\/de\/#organization\"},\"articleSection\":[\"Antalya\"],\"inLanguage\":\"ru-RU\"},{\"@type\":\"WebPage\",\"@id\":\"https:\/\/denizcankizil.tr\/ru\/haberler\/antalya\/arkadaslari-yalniz-birakmadi\/\",\"url\":\"https:\/\/denizcankizil.tr\/ru\/haberler\/antalya\/arkadaslari-yalniz-birakmadi\/\",\"name\":\"Arkada\u015flar\u0131 yaln\u0131z b\u0131rakmad\u0131 - Av. Deniz Can K\u0131z\u0131l\",\"isPartOf\":{\"@id\":\"https:\/\/denizcankizil.tr\/de\/#website\"},\"datePublished\":\"2025-05-23T09:41:23+00:00\",\"breadcrumb\":{\"@id\":\"https:\/\/denizcankizil.tr\/ru\/haberler\/antalya\/arkadaslari-yalniz-birakmadi\/#breadcrumb\"},\"inLanguage\":\"ru-RU\",\"potentialAction\":[{\"@type\":\"ReadAction\",\"target\":[\"https:\/\/denizcankizil.tr\/ru\/haberler\/antalya\/arkadaslari-yalniz-birakmadi\/\"]}]},{\"@type\":\"BreadcrumbList\",\"@id\":\"https:\/\/denizcankizil.tr\/ru\/haberler\/antalya\/arkadaslari-yalniz-birakmadi\/#breadcrumb\",\"itemListElement\":[{\"@type\":\"ListItem\",\"position\":1,\"name\":\"Home\",\"item\":\"https:\/\/denizcankizil.tr\/de\/\"},{\"@type\":\"ListItem\",\"position\":2,\"name\":\"Arkada\u015flar\u0131 yaln\u0131z b\u0131rakmad\u0131\"}]},{\"@type\":\"WebSite\",\"@id\":\"https:\/\/denizcankizil.tr\/de\/#website\",\"url\":\"https:\/\/denizcankizil.tr\/de\/\",\"name\":\"Av. Deniz Can K\u0131z\u0131l\",\"description\":\"Avukat Deniz Can K\u0131z\u0131l Antalya Barosu\",\"publisher\":{\"@id\":\"https:\/\/denizcankizil.tr\/de\/#organization\"},\"potentialAction\":[{\"@type\":\"SearchAction\",\"target\":{\"@type\":\"EntryPoint\",\"urlTemplate\":\"https:\/\/denizcankizil.tr\/de\/?s={search_term_string}\"},\"query-input\":{\"@type\":\"PropertyValueSpecification\",\"valueRequired\":true,\"valueName\":\"search_term_string\"}}],\"inLanguage\":\"ru-RU\"},{\"@type\":\"Organization\",\"@id\":\"https:\/\/denizcankizil.tr\/de\/#organization\",\"name\":\"Av. Deniz Can K\u0131z\u0131l\",\"url\":\"https:\/\/denizcankizil.tr\/de\/\",\"logo\":{\"@type\":\"ImageObject\",\"inLanguage\":\"ru-RU\",\"@id\":\"https:\/\/denizcankizil.tr\/de\/#\/schema\/logo\/image\/\",\"url\":\"https:\/\/denizcankizil.tr\/wp-content\/uploads\/2024\/10\/siyah-logo-svg.svg\",\"contentUrl\":\"https:\/\/denizcankizil.tr\/wp-content\/uploads\/2024\/10\/siyah-logo-svg.svg\",\"width\":1080,\"height\":1080,\"caption\":\"Av. Deniz Can K\u0131z\u0131l\"},\"image\":{\"@id\":\"https:\/\/denizcankizil.tr\/de\/#\/schema\/logo\/image\/\"}},{\"@type\":\"Person\",\"@id\":\"https:\/\/denizcankizil.tr\/de\/#\/schema\/person\/5dc1b22991bd7ac833867c10afc9b0ff\",\"name\":\"Av. Deniz Can K\u0131z\u0131l\",\"image\":{\"@type\":\"ImageObject\",\"inLanguage\":\"ru-RU\",\"@id\":\"https:\/\/denizcankizil.tr\/de\/#\/schema\/person\/image\/\",\"url\":\"https:\/\/secure.gravatar.com\/avatar\/a0b128fb9855c79efc976d5640eedb31dc35ec297594d6016d2cf7c60e975bb6?s=96&d=mm&r=g\",\"contentUrl\":\"https:\/\/secure.gravatar.com\/avatar\/a0b128fb9855c79efc976d5640eedb31dc35ec297594d6016d2cf7c60e975bb6?s=96&d=mm&r=g\",\"caption\":\"Av. Deniz Can K\u0131z\u0131l\"},\"sameAs\":[\"http:\/\/www.denizcankizil.tr\"],\"url\":\"https:\/\/denizcankizil.tr\/ru\/author\/denizcankizil\/\"}]}<\/script>\n<!-- \/ Yoast SEO Premium plugin. -->","yoast_head_json":{"title":"Arkada\u015flar\u0131 yaln\u0131z b\u0131rakmad\u0131 - Av. Deniz Can K\u0131z\u0131l","robots":{"index":"index","follow":"follow","max-snippet":"max-snippet:-1","max-image-preview":"max-image-preview:large","max-video-preview":"max-video-preview:-1"},"canonical":"https:\/\/denizcankizil.tr\/ru\/haberler\/antalya\/arkadaslari-yalniz-birakmadi\/","og_locale":"ru_RU","og_type":"article","og_title":"Arkada\u015flar\u0131 yaln\u0131z b\u0131rakmad\u0131","og_description":"Kaza, saat 15.30 s\u0131ralar\u0131nda Manavgat il\u00e7esi Antalya Caddesi&#8217;nde, Sar\u0131 K\u00f6pr\u00fc istikametine do\u011fru meydana geldi. Edinilen bilgilere g\u00f6re, Murat Can P. idaresindeki 07 BUE 095 plakal\u0131 motosiklet, ayn\u0131 y\u00f6nde ilerleyen ve yaya ge\u00e7idindeki yayalara yol vermek i\u00e7in yava\u015flayan iki yolcu minib\u00fcs\u00fcn\u00fcn aras\u0131ndan ge\u00e7meye \u00e7al\u0131\u015f\u0131rken, 07 LRR 72 plakal\u0131 minib\u00fcse arkadan \u00e7arpt\u0131. \u00c7arpman\u0131n etkisiyle motosiklet, minib\u00fcslerin aras\u0131na savruldu. Kazay\u0131 g\u00f6renlerin ihbar\u0131 \u00fczerine olay yerine polis ve sa\u011fl\u0131k ekipleri sevk edildi. Sa\u011fl\u0131k ekiplerinin yapt\u0131\u011f\u0131 ilk kontrollerde, motosiklet s\u00fcr\u00fcc\u00fcs\u00fcn\u00fcn sa\u011fl\u0131k durumunun iyi oldu\u011fu ve kazay\u0131 hafif s\u0131yr\u0131klarla atlatt\u0131\u011f\u0131 belirlendi. \u00d6te yandan, kazan\u0131n ard\u0131ndan k\u0131sa s\u00fcre i\u00e7inde \u00e7ok say\u0131da moto kurye olay yerine gelerek kazaya kar\u0131\u015fan arkada\u015flar\u0131yla ilgilendi. Polis ekipleri kazayla ilgili inceleme ba\u015flatt\u0131. Kaynak: www.kanalv.com.tr Haber Sitesinden Al\u0131nm\u0131\u015ft\u0131r.","og_url":"https:\/\/denizcankizil.tr\/ru\/haberler\/antalya\/arkadaslari-yalniz-birakmadi\/","og_site_name":"Av. Deniz Can K\u0131z\u0131l","article_published_time":"2025-05-23T09:41:23+00:00","author":"Av. Deniz Can K\u0131z\u0131l","twitter_card":"summary_large_image","twitter_misc":{"\u041d\u0430\u043f\u0438\u0441\u0430\u043d\u043e \u0430\u0432\u0442\u043e\u0440\u043e\u043c":"Av. Deniz Can K\u0131z\u0131l","\u041f\u0440\u0438\u043c\u0435\u0440\u043d\u043e\u0435 \u0432\u0440\u0435\u043c\u044f \u0434\u043b\u044f \u0447\u0442\u0435\u043d\u0438\u044f":"1 \u043c\u0438\u043d\u0443\u0442\u0430"},"schema":{"@context":"https:\/\/schema.org","@graph":[{"@type":"Article","@id":"https:\/\/denizcankizil.tr\/ru\/haberler\/antalya\/arkadaslari-yalniz-birakmadi\/#article","isPartOf":{"@id":"https:\/\/denizcankizil.tr\/ru\/haberler\/antalya\/arkadaslari-yalniz-birakmadi\/"},"author":{"name":"Av. Deniz Can K\u0131z\u0131l","@id":"https:\/\/denizcankizil.tr\/de\/#\/schema\/person\/5dc1b22991bd7ac833867c10afc9b0ff"},"headline":"Arkada\u015flar\u0131 yaln\u0131z b\u0131rakmad\u0131","datePublished":"2025-05-23T09:41:23+00:00","mainEntityOfPage":{"@id":"https:\/\/denizcankizil.tr\/ru\/haberler\/antalya\/arkadaslari-yalniz-birakmadi\/"},"wordCount":167,"publisher":{"@id":"https:\/\/denizcankizil.tr\/de\/#organization"},"articleSection":["Antalya"],"inLanguage":"ru-RU"},{"@type":"WebPage","@id":"https:\/\/denizcankizil.tr\/ru\/haberler\/antalya\/arkadaslari-yalniz-birakmadi\/","url":"https:\/\/denizcankizil.tr\/ru\/haberler\/antalya\/arkadaslari-yalniz-birakmadi\/","name":"Arkada\u015flar\u0131 yaln\u0131z b\u0131rakmad\u0131 - Av. Deniz Can K\u0131z\u0131l","isPartOf":{"@id":"https:\/\/denizcankizil.tr\/de\/#website"},"datePublished":"2025-05-23T09:41:23+00:00","breadcrumb":{"@id":"https:\/\/denizcankizil.tr\/ru\/haberler\/antalya\/arkadaslari-yalniz-birakmadi\/#breadcrumb"},"inLanguage":"ru-RU","potentialAction":[{"@type":"ReadAction","target":["https:\/\/denizcankizil.tr\/ru\/haberler\/antalya\/arkadaslari-yalniz-birakmadi\/"]}]},{"@type":"BreadcrumbList","@id":"https:\/\/denizcankizil.tr\/ru\/haberler\/antalya\/arkadaslari-yalniz-birakmadi\/#breadcrumb","itemListElement":[{"@type":"ListItem","position":1,"name":"Home","item":"https:\/\/denizcankizil.tr\/de\/"},{"@type":"ListItem","position":2,"name":"Arkada\u015flar\u0131 yaln\u0131z b\u0131rakmad\u0131"}]},{"@type":"WebSite","@id":"https:\/\/denizcankizil.tr\/de\/#website","url":"https:\/\/denizcankizil.tr\/de\/","name":"Av. Deniz Can K\u0131z\u0131l","description":"Avukat Deniz Can K\u0131z\u0131l Antalya Barosu","publisher":{"@id":"https:\/\/denizcankizil.tr\/de\/#organization"},"potentialAction":[{"@type":"SearchAction","target":{"@type":"EntryPoint","urlTemplate":"https:\/\/denizcankizil.tr\/de\/?s={search_term_string}"},"query-input":{"@type":"PropertyValueSpecification","valueRequired":true,"valueName":"search_term_string"}}],"inLanguage":"ru-RU"},{"@type":"Organization","@id":"https:\/\/denizcankizil.tr\/de\/#organization","name":"Av. Deniz Can K\u0131z\u0131l","url":"https:\/\/denizcankizil.tr\/de\/","logo":{"@type":"ImageObject","inLanguage":"ru-RU","@id":"https:\/\/denizcankizil.tr\/de\/#\/schema\/logo\/image\/","url":"https:\/\/denizcankizil.tr\/wp-content\/uploads\/2024\/10\/siyah-logo-svg.svg","contentUrl":"https:\/\/denizcankizil.tr\/wp-content\/uploads\/2024\/10\/siyah-logo-svg.svg","width":1080,"height":1080,"caption":"Av. Deniz Can K\u0131z\u0131l"},"image":{"@id":"https:\/\/denizcankizil.tr\/de\/#\/schema\/logo\/image\/"}},{"@type":"Person","@id":"https:\/\/denizcankizil.tr\/de\/#\/schema\/person\/5dc1b22991bd7ac833867c10afc9b0ff","name":"Av. Deniz Can K\u0131z\u0131l","image":{"@type":"ImageObject","inLanguage":"ru-RU","@id":"https:\/\/denizcankizil.tr\/de\/#\/schema\/person\/image\/","url":"https:\/\/secure.gravatar.com\/avatar\/a0b128fb9855c79efc976d5640eedb31dc35ec297594d6016d2cf7c60e975bb6?s=96&d=mm&r=g","contentUrl":"https:\/\/secure.gravatar.com\/avatar\/a0b128fb9855c79efc976d5640eedb31dc35ec297594d6016d2cf7c60e975bb6?s=96&d=mm&r=g","caption":"Av. Deniz Can K\u0131z\u0131l"},"sameAs":["http:\/\/www.denizcankizil.tr"],"url":"https:\/\/denizcankizil.tr\/ru\/author\/denizcankizil\/"}]}},"_links":{"self":[{"href":"https:\/\/denizcankizil.tr\/ru\/wp-json\/wp\/v2\/posts\/94687","targetHints":{"allow":["GET"]}}],"collection":[{"href":"https:\/\/denizcankizil.tr\/ru\/wp-json\/wp\/v2\/posts"}],"about":[{"href":"https:\/\/denizcankizil.tr\/ru\/wp-json\/wp\/v2\/types\/post"}],"author":[{"embeddable":true,"href":"https:\/\/denizcankizil.tr\/ru\/wp-json\/wp\/v2\/users\/4"}],"replies":[{"embeddable":true,"href":"https:\/\/denizcankizil.tr\/ru\/wp-json\/wp\/v2\/comments?post=94687"}],"version-history":[{"count":0,"href":"https:\/\/denizcankizil.tr\/ru\/wp-json\/wp\/v2\/posts\/94687\/revisions"}],"wp:attachment":[{"href":"https:\/\/denizcankizil.tr\/ru\/wp-json\/wp\/v2\/media?parent=94687"}],"wp:term":[{"taxonomy":"category","embeddable":true,"href":"https:\/\/denizcankizil.tr\/ru\/wp-json\/wp\/v2\/categories?post=94687"},{"taxonomy":"post_tag","embeddable":true,"href":"https:\/\/denizcankizil.tr\/ru\/wp-json\/wp\/v2\/tags?post=94687"}],"curies":[{"name":"wp","href":"https:\/\/api.w.org\/{rel}","templated":true}]}}