{"id":94578,"date":"2025-05-23T07:43:07","date_gmt":"2025-05-23T04:43:07","guid":{"rendered":"https:\/\/denizcankizil.tr\/uncategorized-tr\/sgk-uyardi\/"},"modified":"2025-05-23T07:43:07","modified_gmt":"2025-05-23T04:43:07","slug":"sgk-uyardi","status":"publish","type":"post","link":"https:\/\/denizcankizil.tr\/ru\/haberler\/gundem\/sgk-uyardi\/","title":{"rendered":"SGK Uyard\u0131"},"content":{"rendered":"<p>Sosyal G\u00fcvenlik Kurumu (SGK), bo\u015fand\u0131\u011f\u0131 fiilen birlikte ya\u015famaya devam eden ki\u015filere ba\u011flanan dul ve yetim ayl\u0131klar\u0131n\u0131n kesilece\u011fini duyurdu. SGK, bu durumun g\u00fcvenlik mevzuat\u0131na ayk\u0131r\u0131 oldu\u011funu belirterek, yap\u0131lan denetimlerde tespit edilen usuls\u00fczl\u00fckler nedeniyle hem \u00f6demelerin durdurulaca\u011f\u0131 hem de kamu zarar\u0131na y\u00f6nelik cezai i\u015flem uygulanaca\u011f\u0131 bildirildi.<\/p>\n<p>\u200bSosyal G\u00fcvenlik Kurumu (SGK), bo\u015fand\u0131\u011f\u0131 fiilen birlikte ya\u015famaya devam eden ki\u015filere ba\u011flanan dul ve yetim ayl\u0131klar\u0131n\u0131n kesilece\u011fini duyurdu. SGK, bu durumun g\u00fcvenlik mevzuat\u0131na ayk\u0131r\u0131 oldu\u011funu belirterek, yap\u0131lan denetimlerde tespit edilen usuls\u00fczl\u00fckler nedeniyle hem \u00f6demelerin durdurulaca\u011f\u0131 hem de kamu zarar\u0131na y\u00f6nelik cezai i\u015flem uygulanaca\u011f\u0131 bildirildi.\u00a0<\/p>\n<p>\u200bHaberin Al\u0131nt\u0131land\u0131\u011f\u0131 Kaynak: www.iskenderun.org<\/p>","protected":false},"excerpt":{"rendered":"<p>Sosyal G\u00fcvenlik Kurumu (SGK), bo\u015fand\u0131\u011f\u0131 fiilen birlikte ya\u015famaya devam eden ki\u015filere ba\u011flanan dul ve yetim ayl\u0131klar\u0131n\u0131n kesilece\u011fini duyurdu. SGK, bu durumun g\u00fcvenlik mevzuat\u0131na ayk\u0131r\u0131 oldu\u011funu belirterek, yap\u0131lan denetimlerde tespit edilen usuls\u00fczl\u00fckler nedeniyle hem \u00f6demelerin durdurulaca\u011f\u0131 hem de kamu zarar\u0131na y\u00f6nelik cezai i\u015flem uygulanaca\u011f\u0131 bildirildi. \u200bSosyal G\u00fcvenlik Kurumu (SGK), bo\u015fand\u0131\u011f\u0131 fiilen birlikte ya\u015famaya devam eden ki\u015filere ba\u011flanan dul ve yetim ayl\u0131klar\u0131n\u0131n kesilece\u011fini duyurdu. SGK, bu durumun g\u00fcvenlik mevzuat\u0131na ayk\u0131r\u0131 oldu\u011funu belirterek, yap\u0131lan denetimlerde tespit edilen usuls\u00fczl\u00fckler nedeniyle hem \u00f6demelerin durdurulaca\u011f\u0131 hem de kamu zarar\u0131na y\u00f6nelik cezai i\u015flem uygulanaca\u011f\u0131 bildirildi.\u00a0 \u200bHaberin Al\u0131nt\u0131land\u0131\u011f\u0131 Kaynak: www.iskenderun.org<\/p>","protected":false},"author":1,"featured_media":0,"comment_status":"","ping_status":"open","sticky":false,"template":"","format":"standard","meta":{"_acf_changed":false,"footnotes":""},"categories":[24],"tags":[],"class_list":["post-94578","post","type-post","status-publish","format-standard","has-post-thumbnail","hentry","category-gundem"],"acf":[],"yoast_head":"<!-- This site is optimized with the Yoast SEO Premium plugin v26.6 (Yoast SEO v27.1.1) - https:\/\/yoast.com\/product\/yoast-seo-premium-wordpress\/ -->\n<title>SGK Uyard\u0131 - Av. Deniz Can K\u0131z\u0131l<\/title>\n<meta name=\"robots\" content=\"index, follow, max-snippet:-1, max-image-preview:large, max-video-preview:-1\" \/>\n<link rel=\"canonical\" href=\"https:\/\/denizcankizil.tr\/ru\/haberler\/gundem\/sgk-uyardi\/\" \/>\n<meta property=\"og:locale\" content=\"ru_RU\" \/>\n<meta property=\"og:type\" content=\"article\" \/>\n<meta property=\"og:title\" content=\"SGK Uyard\u0131\" \/>\n<meta property=\"og:description\" content=\"Sosyal G\u00fcvenlik Kurumu (SGK), bo\u015fand\u0131\u011f\u0131 fiilen birlikte ya\u015famaya devam eden ki\u015filere ba\u011flanan dul ve yetim ayl\u0131klar\u0131n\u0131n kesilece\u011fini duyurdu. SGK, bu durumun g\u00fcvenlik mevzuat\u0131na ayk\u0131r\u0131 oldu\u011funu belirterek, yap\u0131lan denetimlerde tespit edilen usuls\u00fczl\u00fckler nedeniyle hem \u00f6demelerin durdurulaca\u011f\u0131 hem de kamu zarar\u0131na y\u00f6nelik cezai i\u015flem uygulanaca\u011f\u0131 bildirildi. \u200bSosyal G\u00fcvenlik Kurumu (SGK), bo\u015fand\u0131\u011f\u0131 fiilen birlikte ya\u015famaya devam eden ki\u015filere ba\u011flanan dul ve yetim ayl\u0131klar\u0131n\u0131n kesilece\u011fini duyurdu. SGK, bu durumun g\u00fcvenlik mevzuat\u0131na ayk\u0131r\u0131 oldu\u011funu belirterek, yap\u0131lan denetimlerde tespit edilen usuls\u00fczl\u00fckler nedeniyle hem \u00f6demelerin durdurulaca\u011f\u0131 hem de kamu zarar\u0131na y\u00f6nelik cezai i\u015flem uygulanaca\u011f\u0131 bildirildi.\u00a0 \u200bHaberin Al\u0131nt\u0131land\u0131\u011f\u0131 Kaynak: www.iskenderun.org\" \/>\n<meta property=\"og:url\" content=\"https:\/\/denizcankizil.tr\/ru\/haberler\/gundem\/sgk-uyardi\/\" \/>\n<meta property=\"og:site_name\" content=\"Av. Deniz Can K\u0131z\u0131l\" \/>\n<meta property=\"article:published_time\" content=\"2025-05-23T04:43:07+00:00\" \/>\n<meta name=\"author\" content=\"admin\" \/>\n<meta name=\"twitter:card\" content=\"summary_large_image\" \/>\n<meta name=\"twitter:label1\" content=\"\u041d\u0430\u043f\u0438\u0441\u0430\u043d\u043e \u0430\u0432\u0442\u043e\u0440\u043e\u043c\" \/>\n\t<meta name=\"twitter:data1\" content=\"admin\" \/>\n\t<meta name=\"twitter:label2\" content=\"\u041f\u0440\u0438\u043c\u0435\u0440\u043d\u043e\u0435 \u0432\u0440\u0435\u043c\u044f \u0434\u043b\u044f \u0447\u0442\u0435\u043d\u0438\u044f\" \/>\n\t<meta name=\"twitter:data2\" content=\"1 \u043c\u0438\u043d\u0443\u0442\u0430\" \/>\n<script type=\"application\/ld+json\" class=\"yoast-schema-graph\">{\"@context\":\"https:\/\/schema.org\",\"@graph\":[{\"@type\":\"Article\",\"@id\":\"https:\/\/denizcankizil.tr\/ru\/haberler\/gundem\/sgk-uyardi\/#article\",\"isPartOf\":{\"@id\":\"https:\/\/denizcankizil.tr\/ru\/haberler\/gundem\/sgk-uyardi\/\"},\"author\":{\"name\":\"admin\",\"@id\":\"https:\/\/denizcankizil.tr\/#\/schema\/person\/be3c05fe6a12686905512445d8185489\"},\"headline\":\"SGK Uyard\u0131\",\"datePublished\":\"2025-05-23T04:43:07+00:00\",\"mainEntityOfPage\":{\"@id\":\"https:\/\/denizcankizil.tr\/ru\/haberler\/gundem\/sgk-uyardi\/\"},\"wordCount\":136,\"publisher\":{\"@id\":\"https:\/\/denizcankizil.tr\/#organization\"},\"articleSection\":[\"G\u00fcndem\"],\"inLanguage\":\"ru-RU\"},{\"@type\":\"WebPage\",\"@id\":\"https:\/\/denizcankizil.tr\/ru\/haberler\/gundem\/sgk-uyardi\/\",\"url\":\"https:\/\/denizcankizil.tr\/ru\/haberler\/gundem\/sgk-uyardi\/\",\"name\":\"SGK Uyard\u0131 - Av. Deniz Can K\u0131z\u0131l\",\"isPartOf\":{\"@id\":\"https:\/\/denizcankizil.tr\/#website\"},\"datePublished\":\"2025-05-23T04:43:07+00:00\",\"breadcrumb\":{\"@id\":\"https:\/\/denizcankizil.tr\/ru\/haberler\/gundem\/sgk-uyardi\/#breadcrumb\"},\"inLanguage\":\"ru-RU\",\"potentialAction\":[{\"@type\":\"ReadAction\",\"target\":[\"https:\/\/denizcankizil.tr\/ru\/haberler\/gundem\/sgk-uyardi\/\"]}]},{\"@type\":\"BreadcrumbList\",\"@id\":\"https:\/\/denizcankizil.tr\/ru\/haberler\/gundem\/sgk-uyardi\/#breadcrumb\",\"itemListElement\":[{\"@type\":\"ListItem\",\"position\":1,\"name\":\"Home\",\"item\":\"https:\/\/denizcankizil.tr\/de\/\"},{\"@type\":\"ListItem\",\"position\":2,\"name\":\"SGK Uyard\u0131\"}]},{\"@type\":\"WebSite\",\"@id\":\"https:\/\/denizcankizil.tr\/#website\",\"url\":\"https:\/\/denizcankizil.tr\/\",\"name\":\"Av. Deniz Can K\u0131z\u0131l\",\"description\":\"Avukat Deniz Can K\u0131z\u0131l Antalya Barosu\",\"publisher\":{\"@id\":\"https:\/\/denizcankizil.tr\/#organization\"},\"potentialAction\":[{\"@type\":\"SearchAction\",\"target\":{\"@type\":\"EntryPoint\",\"urlTemplate\":\"https:\/\/denizcankizil.tr\/?s={search_term_string}\"},\"query-input\":{\"@type\":\"PropertyValueSpecification\",\"valueRequired\":true,\"valueName\":\"search_term_string\"}}],\"inLanguage\":\"ru-RU\"},{\"@type\":\"Organization\",\"@id\":\"https:\/\/denizcankizil.tr\/#organization\",\"name\":\"Av. Deniz Can K\u0131z\u0131l\",\"url\":\"https:\/\/denizcankizil.tr\/\",\"logo\":{\"@type\":\"ImageObject\",\"inLanguage\":\"ru-RU\",\"@id\":\"https:\/\/denizcankizil.tr\/#\/schema\/logo\/image\/\",\"url\":\"https:\/\/denizcankizil.tr\/wp-content\/uploads\/2024\/10\/siyah-logo-svg.svg\",\"contentUrl\":\"https:\/\/denizcankizil.tr\/wp-content\/uploads\/2024\/10\/siyah-logo-svg.svg\",\"width\":1080,\"height\":1080,\"caption\":\"Av. Deniz Can K\u0131z\u0131l\"},\"image\":{\"@id\":\"https:\/\/denizcankizil.tr\/#\/schema\/logo\/image\/\"}},{\"@type\":\"Person\",\"@id\":\"https:\/\/denizcankizil.tr\/#\/schema\/person\/be3c05fe6a12686905512445d8185489\",\"name\":\"admin\",\"image\":{\"@type\":\"ImageObject\",\"inLanguage\":\"ru-RU\",\"@id\":\"https:\/\/denizcankizil.tr\/#\/schema\/person\/image\/\",\"url\":\"https:\/\/secure.gravatar.com\/avatar\/c1fce94c830dc79107e174f890d7210541c4a63e8e5d816341794a2151c9d58c?s=96&d=mm&r=g\",\"contentUrl\":\"https:\/\/secure.gravatar.com\/avatar\/c1fce94c830dc79107e174f890d7210541c4a63e8e5d816341794a2151c9d58c?s=96&d=mm&r=g\",\"caption\":\"admin\"},\"sameAs\":[\"http:\/\/denizcankizil.tr\"],\"url\":\"https:\/\/www.iskenderun.org\/sgk-uyardi\"}]}<\/script>\n<!-- \/ Yoast SEO Premium plugin. -->","yoast_head_json":{"title":"SGK Uyard\u0131 - Av. Deniz Can K\u0131z\u0131l","robots":{"index":"index","follow":"follow","max-snippet":"max-snippet:-1","max-image-preview":"max-image-preview:large","max-video-preview":"max-video-preview:-1"},"canonical":"https:\/\/denizcankizil.tr\/ru\/haberler\/gundem\/sgk-uyardi\/","og_locale":"ru_RU","og_type":"article","og_title":"SGK Uyard\u0131","og_description":"Sosyal G\u00fcvenlik Kurumu (SGK), bo\u015fand\u0131\u011f\u0131 fiilen birlikte ya\u015famaya devam eden ki\u015filere ba\u011flanan dul ve yetim ayl\u0131klar\u0131n\u0131n kesilece\u011fini duyurdu. SGK, bu durumun g\u00fcvenlik mevzuat\u0131na ayk\u0131r\u0131 oldu\u011funu belirterek, yap\u0131lan denetimlerde tespit edilen usuls\u00fczl\u00fckler nedeniyle hem \u00f6demelerin durdurulaca\u011f\u0131 hem de kamu zarar\u0131na y\u00f6nelik cezai i\u015flem uygulanaca\u011f\u0131 bildirildi. \u200bSosyal G\u00fcvenlik Kurumu (SGK), bo\u015fand\u0131\u011f\u0131 fiilen birlikte ya\u015famaya devam eden ki\u015filere ba\u011flanan dul ve yetim ayl\u0131klar\u0131n\u0131n kesilece\u011fini duyurdu. SGK, bu durumun g\u00fcvenlik mevzuat\u0131na ayk\u0131r\u0131 oldu\u011funu belirterek, yap\u0131lan denetimlerde tespit edilen usuls\u00fczl\u00fckler nedeniyle hem \u00f6demelerin durdurulaca\u011f\u0131 hem de kamu zarar\u0131na y\u00f6nelik cezai i\u015flem uygulanaca\u011f\u0131 bildirildi.\u00a0 \u200bHaberin Al\u0131nt\u0131land\u0131\u011f\u0131 Kaynak: www.iskenderun.org","og_url":"https:\/\/denizcankizil.tr\/ru\/haberler\/gundem\/sgk-uyardi\/","og_site_name":"Av. Deniz Can K\u0131z\u0131l","article_published_time":"2025-05-23T04:43:07+00:00","author":"admin","twitter_card":"summary_large_image","twitter_misc":{"\u041d\u0430\u043f\u0438\u0441\u0430\u043d\u043e \u0430\u0432\u0442\u043e\u0440\u043e\u043c":"admin","\u041f\u0440\u0438\u043c\u0435\u0440\u043d\u043e\u0435 \u0432\u0440\u0435\u043c\u044f \u0434\u043b\u044f \u0447\u0442\u0435\u043d\u0438\u044f":"1 \u043c\u0438\u043d\u0443\u0442\u0430"},"schema":{"@context":"https:\/\/schema.org","@graph":[{"@type":"Article","@id":"https:\/\/denizcankizil.tr\/ru\/haberler\/gundem\/sgk-uyardi\/#article","isPartOf":{"@id":"https:\/\/denizcankizil.tr\/ru\/haberler\/gundem\/sgk-uyardi\/"},"author":{"name":"admin","@id":"https:\/\/denizcankizil.tr\/#\/schema\/person\/be3c05fe6a12686905512445d8185489"},"headline":"SGK Uyard\u0131","datePublished":"2025-05-23T04:43:07+00:00","mainEntityOfPage":{"@id":"https:\/\/denizcankizil.tr\/ru\/haberler\/gundem\/sgk-uyardi\/"},"wordCount":136,"publisher":{"@id":"https:\/\/denizcankizil.tr\/#organization"},"articleSection":["G\u00fcndem"],"inLanguage":"ru-RU"},{"@type":"WebPage","@id":"https:\/\/denizcankizil.tr\/ru\/haberler\/gundem\/sgk-uyardi\/","url":"https:\/\/denizcankizil.tr\/ru\/haberler\/gundem\/sgk-uyardi\/","name":"SGK Uyard\u0131 - Av. Deniz Can K\u0131z\u0131l","isPartOf":{"@id":"https:\/\/denizcankizil.tr\/#website"},"datePublished":"2025-05-23T04:43:07+00:00","breadcrumb":{"@id":"https:\/\/denizcankizil.tr\/ru\/haberler\/gundem\/sgk-uyardi\/#breadcrumb"},"inLanguage":"ru-RU","potentialAction":[{"@type":"ReadAction","target":["https:\/\/denizcankizil.tr\/ru\/haberler\/gundem\/sgk-uyardi\/"]}]},{"@type":"BreadcrumbList","@id":"https:\/\/denizcankizil.tr\/ru\/haberler\/gundem\/sgk-uyardi\/#breadcrumb","itemListElement":[{"@type":"ListItem","position":1,"name":"Home","item":"https:\/\/denizcankizil.tr\/de\/"},{"@type":"ListItem","position":2,"name":"SGK Uyard\u0131"}]},{"@type":"WebSite","@id":"https:\/\/denizcankizil.tr\/#website","url":"https:\/\/denizcankizil.tr\/","name":"Av. Deniz Can K\u0131z\u0131l","description":"Avukat Deniz Can K\u0131z\u0131l Antalya Barosu","publisher":{"@id":"https:\/\/denizcankizil.tr\/#organization"},"potentialAction":[{"@type":"SearchAction","target":{"@type":"EntryPoint","urlTemplate":"https:\/\/denizcankizil.tr\/?s={search_term_string}"},"query-input":{"@type":"PropertyValueSpecification","valueRequired":true,"valueName":"search_term_string"}}],"inLanguage":"ru-RU"},{"@type":"Organization","@id":"https:\/\/denizcankizil.tr\/#organization","name":"Av. Deniz Can K\u0131z\u0131l","url":"https:\/\/denizcankizil.tr\/","logo":{"@type":"ImageObject","inLanguage":"ru-RU","@id":"https:\/\/denizcankizil.tr\/#\/schema\/logo\/image\/","url":"https:\/\/denizcankizil.tr\/wp-content\/uploads\/2024\/10\/siyah-logo-svg.svg","contentUrl":"https:\/\/denizcankizil.tr\/wp-content\/uploads\/2024\/10\/siyah-logo-svg.svg","width":1080,"height":1080,"caption":"Av. Deniz Can K\u0131z\u0131l"},"image":{"@id":"https:\/\/denizcankizil.tr\/#\/schema\/logo\/image\/"}},{"@type":"Person","@id":"https:\/\/denizcankizil.tr\/#\/schema\/person\/be3c05fe6a12686905512445d8185489","name":"\u0430\u0434\u043c\u0438\u043d","image":{"@type":"ImageObject","inLanguage":"ru-RU","@id":"https:\/\/denizcankizil.tr\/#\/schema\/person\/image\/","url":"https:\/\/secure.gravatar.com\/avatar\/c1fce94c830dc79107e174f890d7210541c4a63e8e5d816341794a2151c9d58c?s=96&d=mm&r=g","contentUrl":"https:\/\/secure.gravatar.com\/avatar\/c1fce94c830dc79107e174f890d7210541c4a63e8e5d816341794a2151c9d58c?s=96&d=mm&r=g","caption":"admin"},"sameAs":["http:\/\/denizcankizil.tr"],"url":"https:\/\/www.iskenderun.org\/sgk-uyardi"}]}},"_links":{"self":[{"href":"https:\/\/denizcankizil.tr\/ru\/wp-json\/wp\/v2\/posts\/94578","targetHints":{"allow":["GET"]}}],"collection":[{"href":"https:\/\/denizcankizil.tr\/ru\/wp-json\/wp\/v2\/posts"}],"about":[{"href":"https:\/\/denizcankizil.tr\/ru\/wp-json\/wp\/v2\/types\/post"}],"author":[{"embeddable":true,"href":"https:\/\/denizcankizil.tr\/ru\/wp-json\/wp\/v2\/users\/1"}],"replies":[{"embeddable":true,"href":"https:\/\/denizcankizil.tr\/ru\/wp-json\/wp\/v2\/comments?post=94578"}],"version-history":[{"count":0,"href":"https:\/\/denizcankizil.tr\/ru\/wp-json\/wp\/v2\/posts\/94578\/revisions"}],"wp:attachment":[{"href":"https:\/\/denizcankizil.tr\/ru\/wp-json\/wp\/v2\/media?parent=94578"}],"wp:term":[{"taxonomy":"category","embeddable":true,"href":"https:\/\/denizcankizil.tr\/ru\/wp-json\/wp\/v2\/categories?post=94578"},{"taxonomy":"post_tag","embeddable":true,"href":"https:\/\/denizcankizil.tr\/ru\/wp-json\/wp\/v2\/tags?post=94578"}],"curies":[{"name":"wp","href":"https:\/\/api.w.org\/{rel}","templated":true}]}}