{"id":9440,"date":"2024-10-28T13:41:22","date_gmt":"2024-10-28T10:41:22","guid":{"rendered":"https:\/\/denizcankizil.tr\/uncategorized-tr\/medeniyetler-korosundan-deprem-illerinde-konser\/"},"modified":"2024-10-28T13:41:22","modified_gmt":"2024-10-28T10:41:22","slug":"medeniyetler-korosundan-deprem-illerinde-konser","status":"publish","type":"post","link":"https:\/\/denizcankizil.tr\/ru\/haberler\/gundem\/medeniyetler-korosundan-deprem-illerinde-konser\/","title":{"rendered":"Medeniyetler Korosu\u2019ndan, Deprem \u0130llerinde Konser\u2026"},"content":{"rendered":"<p>Ancak, 6 \u015eubat 2023 tarihinde ya\u015fanan depremler, koronun 7 \u00fcyesinin hayat\u0131n\u0131 kaybetmesine neden oldu. Bu ac\u0131 kay\u0131plar\u0131 unutturmamak ad\u0131na koro, Aral\u0131k ay\u0131ndan itibaren 11 ilde konser vermeye ba\u015flayacak.<\/p>\n<p>\u0130lk konserini \u0130skenderun Rum Ortodoks Kilisesi\u2019nin restorasyon t\u00f6reninde ger\u00e7ekle\u015ftiren koro, depremle ilgili duygusal bir performans sergiledi. Koro \u015fefi Y\u0131lmaz \u00d6zf\u0131rat, \u2018Derdin ne Hatay\u2019 eseri seslendirirken, \u2018Sesimi Duyan Var m\u0131?\u2019 s\u00f6zleriyle de deprem sonras\u0131 ya\u015fanan ac\u0131lar\u0131 bir kez daha haf\u0131zalara ta\u015f\u0131d\u0131 ve bu konserlerin amac\u0131n\u0131n, depremin hat\u0131ras\u0131n\u0131 ya\u015fatmak oldu\u011funu vurgulad\u0131.<\/p>\n<p>Konser s\u0131ras\u0131nda konu\u015fan \u015eef \u00d6zf\u0131rat, depremin etkilerini aktarman\u0131n zorlu\u011funa dikkat \u00e7ekerek, \u201cBazen d\u0131\u015far\u0131da bize soruyorlar, derdiniz ne, ne kadar b\u00fcy\u00fck olabilir bir deprem diyorlar. O geceyi ya\u015famayana anlatam\u0131yorsunuz. Daha sonra buray\u0131 gelip g\u00f6rmeyene de anlatam\u0131yorsunuz. Biz depremden sonra depremin sesi olmaya \u00e7al\u0131\u015ft\u0131k. Sizlerin sesi olmaya \u00e7al\u0131\u015ft\u0131k\u201d dedi.<\/p>\n<p>Antakya Medeniyetler Korosu, konserleriyle duygulu anlar ya\u015fat\u0131rken, \u015eef \u00d6zf\u0131rat, &#8220;Sesimizi duydunuz, bizi unutmad\u0131n\u0131z ve bug\u00fcn bizimle birlikte oldunuz, t\u00fcm konuklara te\u015fekk\u00fcr ediyorum. Ayr\u0131ca, toplum depremi h\u0131zl\u0131 bir \u015fekilde unuttu\u011funa \u015fahit oluyoruz, zaman ge\u00e7ti, \u00e7ok \u00e7abuk unutulduk. Ama unutmayanlar da var. O y\u00fczden bizler unutturmamaya \u00e7al\u0131\u015f\u0131yoruz\u201d diye konu\u015ftu.<\/p>\n<p>Koro \u015fefi, bu konserlerin sadece m\u00fczik de\u011fil, ayn\u0131 zamanda bir dayan\u0131\u015fma ve hat\u0131rlatma \u00e7abas\u0131 oldu\u011funu vurgulayarak, dinler aras\u0131 birlikteli\u011fe de de\u011finerek \u015funlar\u0131 s\u00f6yledi: \u201c\u0130ster Hristiyan olsun, ister Yahudi, ister M\u00fcsl\u00fcman; hepimiz tek bir Allah&#8217;\u0131n kuluyuz. \u0130nsanlar bunu unuttu\u011fu i\u00e7in belki de bu sorunlar\u0131 ya\u015f\u0131yoruz. Bu nedenle, \u2018Yarad\u0131lan\u0131 seviyorum, Yaradandan \u00f6t\u00fcr\u00fc\u2019 anlay\u0131\u015f\u0131n\u0131 benimsemeliyiz.\u201d<\/p>\n<p>Antakya Medeniyetler Korosu, Aral\u0131k ay\u0131ndan itibaren ger\u00e7ekle\u015ftirece\u011fi konserlerle, hem depremde ya\u015fanan kay\u0131plar\u0131 anacak hem de dayan\u0131\u015fma duygusunu peki\u015ftirecek. Bu konserler, sadece m\u00fczik arac\u0131l\u0131\u011f\u0131yla de\u011fil, ayn\u0131 zamanda toplumsal haf\u0131zay\u0131 canl\u0131 tutarak, birlikte ya\u015fama k\u00fclt\u00fcr\u00fcn\u00fc yeniden hat\u0131rlatmay\u0131 hedefliyor.<\/p>\n<p>\u200b\u00dc\u00e7 semavi din ve farkl\u0131 mezhepten bireylerin bir araya gelmesiyle, 2007 y\u0131l\u0131nda kurulan Antakya Medeniyetler Korosu, Hatay&#8217;da birlikte ya\u015fama k\u00fclt\u00fcr\u00fcn\u00fc tan\u0131tmak amac\u0131yla konserler d\u00fczenliyor.\u00a0<\/p>\n<p>\u200bHaberin Al\u0131nt\u0131land\u0131\u011f\u0131 Kaynak: www.iskenderun.org<\/p>","protected":false},"excerpt":{"rendered":"<p>Ancak, 6 \u015eubat 2023 tarihinde ya\u015fanan depremler, koronun 7 \u00fcyesinin hayat\u0131n\u0131 kaybetmesine neden oldu. Bu ac\u0131 kay\u0131plar\u0131 unutturmamak ad\u0131na koro, Aral\u0131k ay\u0131ndan itibaren 11 ilde konser vermeye ba\u015flayacak. \u0130lk konserini \u0130skenderun Rum Ortodoks Kilisesi\u2019nin restorasyon t\u00f6reninde ger\u00e7ekle\u015ftiren koro, depremle ilgili duygusal bir performans sergiledi. Koro \u015fefi Y\u0131lmaz \u00d6zf\u0131rat, \u2018Derdin ne Hatay\u2019 eseri seslendirirken, \u2018Sesimi Duyan Var m\u0131?\u2019 s\u00f6zleriyle de deprem sonras\u0131 ya\u015fanan ac\u0131lar\u0131 bir kez daha haf\u0131zalara ta\u015f\u0131d\u0131 ve bu konserlerin amac\u0131n\u0131n, depremin hat\u0131ras\u0131n\u0131 ya\u015fatmak oldu\u011funu vurgulad\u0131. Konser s\u0131ras\u0131nda konu\u015fan \u015eef \u00d6zf\u0131rat, depremin etkilerini aktarman\u0131n zorlu\u011funa dikkat \u00e7ekerek, \u201cBazen d\u0131\u015far\u0131da bize soruyorlar, derdiniz ne, ne kadar b\u00fcy\u00fck olabilir bir deprem diyorlar. O geceyi ya\u015famayana anlatam\u0131yorsunuz. Daha sonra buray\u0131 gelip g\u00f6rmeyene de anlatam\u0131yorsunuz. Biz depremden sonra depremin sesi olmaya \u00e7al\u0131\u015ft\u0131k. Sizlerin sesi olmaya \u00e7al\u0131\u015ft\u0131k\u201d dedi. Antakya Medeniyetler Korosu, konserleriyle duygulu anlar ya\u015fat\u0131rken, \u015eef \u00d6zf\u0131rat, &#8220;Sesimizi duydunuz, bizi unutmad\u0131n\u0131z ve bug\u00fcn bizimle birlikte oldunuz, t\u00fcm konuklara te\u015fekk\u00fcr ediyorum. Ayr\u0131ca, toplum depremi h\u0131zl\u0131 bir \u015fekilde unuttu\u011funa \u015fahit oluyoruz, zaman ge\u00e7ti, \u00e7ok \u00e7abuk unutulduk. Ama unutmayanlar da var. O y\u00fczden bizler unutturmamaya \u00e7al\u0131\u015f\u0131yoruz\u201d diye konu\u015ftu. Koro \u015fefi, bu konserlerin sadece m\u00fczik de\u011fil, ayn\u0131 zamanda bir dayan\u0131\u015fma ve hat\u0131rlatma \u00e7abas\u0131 oldu\u011funu vurgulayarak, dinler aras\u0131 birlikteli\u011fe de de\u011finerek \u015funlar\u0131 s\u00f6yledi: \u201c\u0130ster Hristiyan olsun, ister Yahudi, ister &hellip;<\/p>","protected":false},"author":0,"featured_media":0,"comment_status":"open","ping_status":"open","sticky":false,"template":"","format":"standard","meta":{"_acf_changed":false,"footnotes":""},"categories":[24,535],"tags":[],"class_list":["post-9440","post","type-post","status-publish","format-standard","has-post-thumbnail","hentry","category-gundem","category-uncategorized-tr"],"acf":[],"yoast_head":"<!-- This site is optimized with the Yoast SEO Premium plugin v26.6 (Yoast SEO v27.1.1) - https:\/\/yoast.com\/product\/yoast-seo-premium-wordpress\/ -->\n<title>Medeniyetler Korosu\u2019ndan, Deprem \u0130llerinde Konser\u2026 - Av. Deniz Can K\u0131z\u0131l<\/title>\n<meta name=\"robots\" content=\"index, follow, max-snippet:-1, max-image-preview:large, max-video-preview:-1\" \/>\n<link rel=\"canonical\" href=\"https:\/\/denizcankizil.tr\/ru\/haberler\/gundem\/medeniyetler-korosundan-deprem-illerinde-konser\/\" \/>\n<meta property=\"og:locale\" content=\"ru_RU\" \/>\n<meta property=\"og:type\" content=\"article\" \/>\n<meta property=\"og:title\" content=\"Medeniyetler Korosu\u2019ndan, Deprem \u0130llerinde Konser\u2026\" \/>\n<meta property=\"og:description\" content=\"Ancak, 6 \u015eubat 2023 tarihinde ya\u015fanan depremler, koronun 7 \u00fcyesinin hayat\u0131n\u0131 kaybetmesine neden oldu. Bu ac\u0131 kay\u0131plar\u0131 unutturmamak ad\u0131na koro, Aral\u0131k ay\u0131ndan itibaren 11 ilde konser vermeye ba\u015flayacak. \u0130lk konserini \u0130skenderun Rum Ortodoks Kilisesi\u2019nin restorasyon t\u00f6reninde ger\u00e7ekle\u015ftiren koro, depremle ilgili duygusal bir performans sergiledi. Koro \u015fefi Y\u0131lmaz \u00d6zf\u0131rat, \u2018Derdin ne Hatay\u2019 eseri seslendirirken, \u2018Sesimi Duyan Var m\u0131?\u2019 s\u00f6zleriyle de deprem sonras\u0131 ya\u015fanan ac\u0131lar\u0131 bir kez daha haf\u0131zalara ta\u015f\u0131d\u0131 ve bu konserlerin amac\u0131n\u0131n, depremin hat\u0131ras\u0131n\u0131 ya\u015fatmak oldu\u011funu vurgulad\u0131. Konser s\u0131ras\u0131nda konu\u015fan \u015eef \u00d6zf\u0131rat, depremin etkilerini aktarman\u0131n zorlu\u011funa dikkat \u00e7ekerek, \u201cBazen d\u0131\u015far\u0131da bize soruyorlar, derdiniz ne, ne kadar b\u00fcy\u00fck olabilir bir deprem diyorlar. O geceyi ya\u015famayana anlatam\u0131yorsunuz. Daha sonra buray\u0131 gelip g\u00f6rmeyene de anlatam\u0131yorsunuz. Biz depremden sonra depremin sesi olmaya \u00e7al\u0131\u015ft\u0131k. Sizlerin sesi olmaya \u00e7al\u0131\u015ft\u0131k\u201d dedi. Antakya Medeniyetler Korosu, konserleriyle duygulu anlar ya\u015fat\u0131rken, \u015eef \u00d6zf\u0131rat, &#8220;Sesimizi duydunuz, bizi unutmad\u0131n\u0131z ve bug\u00fcn bizimle birlikte oldunuz, t\u00fcm konuklara te\u015fekk\u00fcr ediyorum. Ayr\u0131ca, toplum depremi h\u0131zl\u0131 bir \u015fekilde unuttu\u011funa \u015fahit oluyoruz, zaman ge\u00e7ti, \u00e7ok \u00e7abuk unutulduk. Ama unutmayanlar da var. O y\u00fczden bizler unutturmamaya \u00e7al\u0131\u015f\u0131yoruz\u201d diye konu\u015ftu. Koro \u015fefi, bu konserlerin sadece m\u00fczik de\u011fil, ayn\u0131 zamanda bir dayan\u0131\u015fma ve hat\u0131rlatma \u00e7abas\u0131 oldu\u011funu vurgulayarak, dinler aras\u0131 birlikteli\u011fe de de\u011finerek \u015funlar\u0131 s\u00f6yledi: \u201c\u0130ster Hristiyan olsun, ister Yahudi, ister &hellip;\" \/>\n<meta property=\"og:url\" content=\"https:\/\/denizcankizil.tr\/ru\/haberler\/gundem\/medeniyetler-korosundan-deprem-illerinde-konser\/\" \/>\n<meta property=\"og:site_name\" content=\"Av. Deniz Can K\u0131z\u0131l\" \/>\n<meta property=\"article:published_time\" content=\"2024-10-28T10:41:22+00:00\" \/>\n<meta name=\"twitter:card\" content=\"summary_large_image\" \/>\n<meta name=\"twitter:label1\" content=\"\u041f\u0440\u0438\u043c\u0435\u0440\u043d\u043e\u0435 \u0432\u0440\u0435\u043c\u044f \u0434\u043b\u044f \u0447\u0442\u0435\u043d\u0438\u044f\" \/>\n\t<meta name=\"twitter:data1\" content=\"2 \u043c\u0438\u043d\u0443\u0442\u044b\" \/>\n<script type=\"application\/ld+json\" class=\"yoast-schema-graph\">{\"@context\":\"https:\/\/schema.org\",\"@graph\":[{\"@type\":\"Article\",\"@id\":\"https:\/\/denizcankizil.tr\/en\/haberler\/gundem\/medeniyetler-korosundan-deprem-illerinde-konser\/#article\",\"isPartOf\":{\"@id\":\"https:\/\/denizcankizil.tr\/en\/haberler\/gundem\/medeniyetler-korosundan-deprem-illerinde-konser\/\"},\"author\":{\"name\":\"\",\"@id\":\"\"},\"headline\":\"Medeniyetler Korosu\u2019ndan, Deprem \u0130llerinde Konser\u2026\",\"datePublished\":\"2024-10-28T10:41:22+00:00\",\"mainEntityOfPage\":{\"@id\":\"https:\/\/denizcankizil.tr\/en\/haberler\/gundem\/medeniyetler-korosundan-deprem-illerinde-konser\/\"},\"wordCount\":395,\"commentCount\":0,\"publisher\":{\"@id\":\"https:\/\/denizcankizil.tr\/de\/#organization\"},\"articleSection\":[\"G\u00fcndem\",\"Uncategorized\"],\"inLanguage\":\"ru-RU\",\"potentialAction\":[{\"@type\":\"CommentAction\",\"name\":\"Comment\",\"target\":[\"https:\/\/denizcankizil.tr\/en\/haberler\/gundem\/medeniyetler-korosundan-deprem-illerinde-konser\/#respond\"]}]},{\"@type\":\"WebPage\",\"@id\":\"https:\/\/denizcankizil.tr\/en\/haberler\/gundem\/medeniyetler-korosundan-deprem-illerinde-konser\/\",\"url\":\"https:\/\/denizcankizil.tr\/en\/haberler\/gundem\/medeniyetler-korosundan-deprem-illerinde-konser\/\",\"name\":\"Medeniyetler Korosu\u2019ndan, Deprem \u0130llerinde Konser\u2026 - Av. Deniz Can K\u0131z\u0131l\",\"isPartOf\":{\"@id\":\"https:\/\/denizcankizil.tr\/de\/#website\"},\"datePublished\":\"2024-10-28T10:41:22+00:00\",\"breadcrumb\":{\"@id\":\"https:\/\/denizcankizil.tr\/en\/haberler\/gundem\/medeniyetler-korosundan-deprem-illerinde-konser\/#breadcrumb\"},\"inLanguage\":\"ru-RU\",\"potentialAction\":[{\"@type\":\"ReadAction\",\"target\":[\"https:\/\/denizcankizil.tr\/en\/haberler\/gundem\/medeniyetler-korosundan-deprem-illerinde-konser\/\"]}]},{\"@type\":\"BreadcrumbList\",\"@id\":\"https:\/\/denizcankizil.tr\/en\/haberler\/gundem\/medeniyetler-korosundan-deprem-illerinde-konser\/#breadcrumb\",\"itemListElement\":[{\"@type\":\"ListItem\",\"position\":1,\"name\":\"Home\",\"item\":\"https:\/\/denizcankizil.tr\/de\/\"},{\"@type\":\"ListItem\",\"position\":2,\"name\":\"Medeniyetler Korosu\u2019ndan, Deprem \u0130llerinde Konser\u2026\"}]},{\"@type\":\"WebSite\",\"@id\":\"https:\/\/denizcankizil.tr\/de\/#website\",\"url\":\"https:\/\/denizcankizil.tr\/de\/\",\"name\":\"Av. Deniz Can K\u0131z\u0131l\",\"description\":\"Avukat Deniz Can K\u0131z\u0131l Antalya Barosu\",\"publisher\":{\"@id\":\"https:\/\/denizcankizil.tr\/de\/#organization\"},\"potentialAction\":[{\"@type\":\"SearchAction\",\"target\":{\"@type\":\"EntryPoint\",\"urlTemplate\":\"https:\/\/denizcankizil.tr\/de\/?s={search_term_string}\"},\"query-input\":{\"@type\":\"PropertyValueSpecification\",\"valueRequired\":true,\"valueName\":\"search_term_string\"}}],\"inLanguage\":\"ru-RU\"},{\"@type\":\"Organization\",\"@id\":\"https:\/\/denizcankizil.tr\/de\/#organization\",\"name\":\"Av. Deniz Can K\u0131z\u0131l\",\"url\":\"https:\/\/denizcankizil.tr\/de\/\",\"logo\":{\"@type\":\"ImageObject\",\"inLanguage\":\"ru-RU\",\"@id\":\"https:\/\/denizcankizil.tr\/de\/#\/schema\/logo\/image\/\",\"url\":\"https:\/\/denizcankizil.tr\/wp-content\/uploads\/2024\/10\/siyah-logo-svg.svg\",\"contentUrl\":\"https:\/\/denizcankizil.tr\/wp-content\/uploads\/2024\/10\/siyah-logo-svg.svg\",\"width\":1080,\"height\":1080,\"caption\":\"Av. Deniz Can K\u0131z\u0131l\"},\"image\":{\"@id\":\"https:\/\/denizcankizil.tr\/de\/#\/schema\/logo\/image\/\"}}]}<\/script>\n<!-- \/ Yoast SEO Premium plugin. -->","yoast_head_json":{"title":"Medeniyetler Korosu\u2019ndan, Deprem \u0130llerinde Konser\u2026 - Av. Deniz Can K\u0131z\u0131l","robots":{"index":"index","follow":"follow","max-snippet":"max-snippet:-1","max-image-preview":"max-image-preview:large","max-video-preview":"max-video-preview:-1"},"canonical":"https:\/\/denizcankizil.tr\/ru\/haberler\/gundem\/medeniyetler-korosundan-deprem-illerinde-konser\/","og_locale":"ru_RU","og_type":"article","og_title":"Medeniyetler Korosu\u2019ndan, Deprem \u0130llerinde Konser\u2026","og_description":"Ancak, 6 \u015eubat 2023 tarihinde ya\u015fanan depremler, koronun 7 \u00fcyesinin hayat\u0131n\u0131 kaybetmesine neden oldu. Bu ac\u0131 kay\u0131plar\u0131 unutturmamak ad\u0131na koro, Aral\u0131k ay\u0131ndan itibaren 11 ilde konser vermeye ba\u015flayacak. \u0130lk konserini \u0130skenderun Rum Ortodoks Kilisesi\u2019nin restorasyon t\u00f6reninde ger\u00e7ekle\u015ftiren koro, depremle ilgili duygusal bir performans sergiledi. Koro \u015fefi Y\u0131lmaz \u00d6zf\u0131rat, \u2018Derdin ne Hatay\u2019 eseri seslendirirken, \u2018Sesimi Duyan Var m\u0131?\u2019 s\u00f6zleriyle de deprem sonras\u0131 ya\u015fanan ac\u0131lar\u0131 bir kez daha haf\u0131zalara ta\u015f\u0131d\u0131 ve bu konserlerin amac\u0131n\u0131n, depremin hat\u0131ras\u0131n\u0131 ya\u015fatmak oldu\u011funu vurgulad\u0131. Konser s\u0131ras\u0131nda konu\u015fan \u015eef \u00d6zf\u0131rat, depremin etkilerini aktarman\u0131n zorlu\u011funa dikkat \u00e7ekerek, \u201cBazen d\u0131\u015far\u0131da bize soruyorlar, derdiniz ne, ne kadar b\u00fcy\u00fck olabilir bir deprem diyorlar. O geceyi ya\u015famayana anlatam\u0131yorsunuz. Daha sonra buray\u0131 gelip g\u00f6rmeyene de anlatam\u0131yorsunuz. Biz depremden sonra depremin sesi olmaya \u00e7al\u0131\u015ft\u0131k. Sizlerin sesi olmaya \u00e7al\u0131\u015ft\u0131k\u201d dedi. Antakya Medeniyetler Korosu, konserleriyle duygulu anlar ya\u015fat\u0131rken, \u015eef \u00d6zf\u0131rat, &#8220;Sesimizi duydunuz, bizi unutmad\u0131n\u0131z ve bug\u00fcn bizimle birlikte oldunuz, t\u00fcm konuklara te\u015fekk\u00fcr ediyorum. Ayr\u0131ca, toplum depremi h\u0131zl\u0131 bir \u015fekilde unuttu\u011funa \u015fahit oluyoruz, zaman ge\u00e7ti, \u00e7ok \u00e7abuk unutulduk. Ama unutmayanlar da var. O y\u00fczden bizler unutturmamaya \u00e7al\u0131\u015f\u0131yoruz\u201d diye konu\u015ftu. Koro \u015fefi, bu konserlerin sadece m\u00fczik de\u011fil, ayn\u0131 zamanda bir dayan\u0131\u015fma ve hat\u0131rlatma \u00e7abas\u0131 oldu\u011funu vurgulayarak, dinler aras\u0131 birlikteli\u011fe de de\u011finerek \u015funlar\u0131 s\u00f6yledi: \u201c\u0130ster Hristiyan olsun, ister Yahudi, ister &hellip;","og_url":"https:\/\/denizcankizil.tr\/ru\/haberler\/gundem\/medeniyetler-korosundan-deprem-illerinde-konser\/","og_site_name":"Av. Deniz Can K\u0131z\u0131l","article_published_time":"2024-10-28T10:41:22+00:00","twitter_card":"summary_large_image","twitter_misc":{"\u041f\u0440\u0438\u043c\u0435\u0440\u043d\u043e\u0435 \u0432\u0440\u0435\u043c\u044f \u0434\u043b\u044f \u0447\u0442\u0435\u043d\u0438\u044f":"2 \u043c\u0438\u043d\u0443\u0442\u044b"},"schema":{"@context":"https:\/\/schema.org","@graph":[{"@type":"Article","@id":"https:\/\/denizcankizil.tr\/en\/haberler\/gundem\/medeniyetler-korosundan-deprem-illerinde-konser\/#article","isPartOf":{"@id":"https:\/\/denizcankizil.tr\/en\/haberler\/gundem\/medeniyetler-korosundan-deprem-illerinde-konser\/"},"author":{"name":"","@id":""},"headline":"Medeniyetler Korosu\u2019ndan, Deprem \u0130llerinde Konser\u2026","datePublished":"2024-10-28T10:41:22+00:00","mainEntityOfPage":{"@id":"https:\/\/denizcankizil.tr\/en\/haberler\/gundem\/medeniyetler-korosundan-deprem-illerinde-konser\/"},"wordCount":395,"commentCount":0,"publisher":{"@id":"https:\/\/denizcankizil.tr\/de\/#organization"},"articleSection":["G\u00fcndem","Uncategorized"],"inLanguage":"ru-RU","potentialAction":[{"@type":"CommentAction","name":"Comment","target":["https:\/\/denizcankizil.tr\/en\/haberler\/gundem\/medeniyetler-korosundan-deprem-illerinde-konser\/#respond"]}]},{"@type":"WebPage","@id":"https:\/\/denizcankizil.tr\/en\/haberler\/gundem\/medeniyetler-korosundan-deprem-illerinde-konser\/","url":"https:\/\/denizcankizil.tr\/en\/haberler\/gundem\/medeniyetler-korosundan-deprem-illerinde-konser\/","name":"Medeniyetler Korosu\u2019ndan, Deprem \u0130llerinde Konser\u2026 - Av. Deniz Can K\u0131z\u0131l","isPartOf":{"@id":"https:\/\/denizcankizil.tr\/de\/#website"},"datePublished":"2024-10-28T10:41:22+00:00","breadcrumb":{"@id":"https:\/\/denizcankizil.tr\/en\/haberler\/gundem\/medeniyetler-korosundan-deprem-illerinde-konser\/#breadcrumb"},"inLanguage":"ru-RU","potentialAction":[{"@type":"ReadAction","target":["https:\/\/denizcankizil.tr\/en\/haberler\/gundem\/medeniyetler-korosundan-deprem-illerinde-konser\/"]}]},{"@type":"BreadcrumbList","@id":"https:\/\/denizcankizil.tr\/en\/haberler\/gundem\/medeniyetler-korosundan-deprem-illerinde-konser\/#breadcrumb","itemListElement":[{"@type":"ListItem","position":1,"name":"Home","item":"https:\/\/denizcankizil.tr\/de\/"},{"@type":"ListItem","position":2,"name":"Medeniyetler Korosu\u2019ndan, Deprem \u0130llerinde Konser\u2026"}]},{"@type":"WebSite","@id":"https:\/\/denizcankizil.tr\/de\/#website","url":"https:\/\/denizcankizil.tr\/de\/","name":"Av. Deniz Can K\u0131z\u0131l","description":"Avukat Deniz Can K\u0131z\u0131l Antalya Barosu","publisher":{"@id":"https:\/\/denizcankizil.tr\/de\/#organization"},"potentialAction":[{"@type":"SearchAction","target":{"@type":"EntryPoint","urlTemplate":"https:\/\/denizcankizil.tr\/de\/?s={search_term_string}"},"query-input":{"@type":"PropertyValueSpecification","valueRequired":true,"valueName":"search_term_string"}}],"inLanguage":"ru-RU"},{"@type":"Organization","@id":"https:\/\/denizcankizil.tr\/de\/#organization","name":"Av. Deniz Can K\u0131z\u0131l","url":"https:\/\/denizcankizil.tr\/de\/","logo":{"@type":"ImageObject","inLanguage":"ru-RU","@id":"https:\/\/denizcankizil.tr\/de\/#\/schema\/logo\/image\/","url":"https:\/\/denizcankizil.tr\/wp-content\/uploads\/2024\/10\/siyah-logo-svg.svg","contentUrl":"https:\/\/denizcankizil.tr\/wp-content\/uploads\/2024\/10\/siyah-logo-svg.svg","width":1080,"height":1080,"caption":"Av. Deniz Can K\u0131z\u0131l"},"image":{"@id":"https:\/\/denizcankizil.tr\/de\/#\/schema\/logo\/image\/"}}]}},"_links":{"self":[{"href":"https:\/\/denizcankizil.tr\/ru\/wp-json\/wp\/v2\/posts\/9440","targetHints":{"allow":["GET"]}}],"collection":[{"href":"https:\/\/denizcankizil.tr\/ru\/wp-json\/wp\/v2\/posts"}],"about":[{"href":"https:\/\/denizcankizil.tr\/ru\/wp-json\/wp\/v2\/types\/post"}],"replies":[{"embeddable":true,"href":"https:\/\/denizcankizil.tr\/ru\/wp-json\/wp\/v2\/comments?post=9440"}],"version-history":[{"count":0,"href":"https:\/\/denizcankizil.tr\/ru\/wp-json\/wp\/v2\/posts\/9440\/revisions"}],"wp:attachment":[{"href":"https:\/\/denizcankizil.tr\/ru\/wp-json\/wp\/v2\/media?parent=9440"}],"wp:term":[{"taxonomy":"category","embeddable":true,"href":"https:\/\/denizcankizil.tr\/ru\/wp-json\/wp\/v2\/categories?post=9440"},{"taxonomy":"post_tag","embeddable":true,"href":"https:\/\/denizcankizil.tr\/ru\/wp-json\/wp\/v2\/tags?post=9440"}],"curies":[{"name":"wp","href":"https:\/\/api.w.org\/{rel}","templated":true}]}}