{"id":9426,"date":"2024-10-28T12:41:25","date_gmt":"2024-10-28T09:41:25","guid":{"rendered":"https:\/\/denizcankizil.tr\/uncategorized-tr\/rizede-heyelan-riskinden-dolayi-16-konuta-tedbiren-tahliye\/"},"modified":"2024-10-28T12:41:25","modified_gmt":"2024-10-28T09:41:25","slug":"rizede-heyelan-riskinden-dolayi-16-konuta-tedbiren-tahliye","status":"publish","type":"post","link":"https:\/\/denizcankizil.tr\/ru\/haberler\/gundem\/rizede-heyelan-riskinden-dolayi-16-konuta-tedbiren-tahliye\/","title":{"rendered":"Rize&#8217;de heyelan riskinden dolay\u0131 16 konuta tedbiren tahliye"},"content":{"rendered":"<p>Rize&#8217;de sa\u011fanak sonras\u0131 heyelan riski ta\u015f\u0131yan evde mahsur kalan 5 ki\u015filik aile, AFAD koordinasyonunda AFAD, Jandarma, JAK ve AKUT ekiplerince g\u00fcvenli b\u00f6lgeye al\u0131n\u0131rken, 16 konut tedbir ama\u00e7l\u0131 tahliye edildi.R\u0130ZE (\u0130GFA) &#8211; Rize&#8217;de aral\u0131klarla s\u00fcren etkili sa\u011fanak, g\u00fcnl\u00fck ya\u015fam\u0131 olumsuz etkiledi. Sa\u011fanak bir\u00e7ok noktada irili ufakl\u0131 heyelanlara neden olurken, baz\u0131 ev ve i\u015f yerlerini de su bast\u0131.<br \/>\nArde\u015fen il\u00e7esi Ho\u015fdere k\u00f6y\u00fcnde heyelan riski nedeniyle evinde mahsur kalan 5 ki\u015filik aile, AFAD ekiplerince g\u00fcvenli b\u00f6lgeye tahliye edildi.<\/p>\n<p>Aile fertlerinden ya\u015fl\u0131 hasta da ekipler taraf\u0131ndan sedye ile ta\u015f\u0131n\u0131rken, son 24 saat i\u00e7erisinde baz\u0131 b\u00f6lgelerde metrekareye 100 milimetre \u00fczerinde ya\u011fmur ya\u011fd\u0131\u011f\u0131 tespit edilen kent genelinde sa\u011fanak ve heyelan riskine kar\u015f\u0131 16 konut da tedbir ama\u00e7l\u0131 bo\u015falt\u0131ld\u0131.<br \/>\nBu arada Rize Valili\u011fi ise yapt\u0131\u011f\u0131 yaz\u0131l\u0131 a\u00e7\u0131klamada \u015fiddetli ya\u011f\u0131\u015f nedeniyle baz\u0131 b\u00f6lgelerde su bask\u0131n\u0131 ve toprak kayma riskinin artt\u0131\u011f\u0131n\u0131 bildirerek, uyar\u0131larda bulundu.<\/p>\n<p>\u200bRize&#8217;de sa\u011fanak sonras\u0131 heyelan riski ta\u015f\u0131yan evde mahsur kalan 5 ki\u015filik aile, AFAD koordinasyonunda AFAD, Jandarma, JAK ve AKUT ekiplerince g\u00fcvenli b\u00f6lgeye al\u0131n\u0131rken, 16 konut tedbir ama\u00e7l\u0131 tahliye edildi\u00a0<\/p>\n<p>\u200bHaberin Al\u0131nt\u0131land\u0131\u011f\u0131 Kaynak: www.iskenderun.org<\/p>","protected":false},"excerpt":{"rendered":"<p>Rize&#8217;de sa\u011fanak sonras\u0131 heyelan riski ta\u015f\u0131yan evde mahsur kalan 5 ki\u015filik aile, AFAD koordinasyonunda AFAD, Jandarma, JAK ve AKUT ekiplerince g\u00fcvenli b\u00f6lgeye al\u0131n\u0131rken, 16 konut tedbir ama\u00e7l\u0131 tahliye edildi.R\u0130ZE (\u0130GFA) &#8211; Rize&#8217;de aral\u0131klarla s\u00fcren etkili sa\u011fanak, g\u00fcnl\u00fck ya\u015fam\u0131 olumsuz etkiledi. Sa\u011fanak bir\u00e7ok noktada irili ufakl\u0131 heyelanlara neden olurken, baz\u0131 ev ve i\u015f yerlerini de su bast\u0131. Arde\u015fen il\u00e7esi Ho\u015fdere k\u00f6y\u00fcnde heyelan riski nedeniyle evinde mahsur kalan 5 ki\u015filik aile, AFAD ekiplerince g\u00fcvenli b\u00f6lgeye tahliye edildi. Aile fertlerinden ya\u015fl\u0131 hasta da ekipler taraf\u0131ndan sedye ile ta\u015f\u0131n\u0131rken, son 24 saat i\u00e7erisinde baz\u0131 b\u00f6lgelerde metrekareye 100 milimetre \u00fczerinde ya\u011fmur ya\u011fd\u0131\u011f\u0131 tespit edilen kent genelinde sa\u011fanak ve heyelan riskine kar\u015f\u0131 16 konut da tedbir ama\u00e7l\u0131 bo\u015falt\u0131ld\u0131. Bu arada Rize Valili\u011fi ise yapt\u0131\u011f\u0131 yaz\u0131l\u0131 a\u00e7\u0131klamada \u015fiddetli ya\u011f\u0131\u015f nedeniyle baz\u0131 b\u00f6lgelerde su bask\u0131n\u0131 ve toprak kayma riskinin artt\u0131\u011f\u0131n\u0131 bildirerek, uyar\u0131larda bulundu. \u200bRize&#8217;de sa\u011fanak sonras\u0131 heyelan riski ta\u015f\u0131yan evde mahsur kalan 5 ki\u015filik aile, AFAD koordinasyonunda AFAD, Jandarma, JAK ve AKUT ekiplerince g\u00fcvenli b\u00f6lgeye al\u0131n\u0131rken, 16 konut tedbir ama\u00e7l\u0131 tahliye edildi\u00a0 \u200bHaberin Al\u0131nt\u0131land\u0131\u011f\u0131 Kaynak: www.iskenderun.org<\/p>","protected":false},"author":0,"featured_media":0,"comment_status":"open","ping_status":"open","sticky":false,"template":"","format":"standard","meta":{"_acf_changed":false,"footnotes":""},"categories":[24,535],"tags":[],"class_list":["post-9426","post","type-post","status-publish","format-standard","has-post-thumbnail","hentry","category-gundem","category-uncategorized-tr"],"acf":[],"yoast_head":"<!-- This site is optimized with the Yoast SEO Premium plugin v26.6 (Yoast SEO v27.1.1) - https:\/\/yoast.com\/product\/yoast-seo-premium-wordpress\/ -->\n<title>Rize&#039;de heyelan riskinden dolay\u0131 16 konuta tedbiren tahliye - Av. Deniz Can K\u0131z\u0131l<\/title>\n<meta name=\"robots\" content=\"index, follow, max-snippet:-1, max-image-preview:large, max-video-preview:-1\" \/>\n<link rel=\"canonical\" href=\"https:\/\/denizcankizil.tr\/ru\/haberler\/gundem\/rizede-heyelan-riskinden-dolayi-16-konuta-tedbiren-tahliye\/\" \/>\n<meta property=\"og:locale\" content=\"ru_RU\" \/>\n<meta property=\"og:type\" content=\"article\" \/>\n<meta property=\"og:title\" content=\"Rize&#039;de heyelan riskinden dolay\u0131 16 konuta tedbiren tahliye\" \/>\n<meta property=\"og:description\" content=\"Rize&#8217;de sa\u011fanak sonras\u0131 heyelan riski ta\u015f\u0131yan evde mahsur kalan 5 ki\u015filik aile, AFAD koordinasyonunda AFAD, Jandarma, JAK ve AKUT ekiplerince g\u00fcvenli b\u00f6lgeye al\u0131n\u0131rken, 16 konut tedbir ama\u00e7l\u0131 tahliye edildi.R\u0130ZE (\u0130GFA) &#8211; Rize&#8217;de aral\u0131klarla s\u00fcren etkili sa\u011fanak, g\u00fcnl\u00fck ya\u015fam\u0131 olumsuz etkiledi. Sa\u011fanak bir\u00e7ok noktada irili ufakl\u0131 heyelanlara neden olurken, baz\u0131 ev ve i\u015f yerlerini de su bast\u0131. Arde\u015fen il\u00e7esi Ho\u015fdere k\u00f6y\u00fcnde heyelan riski nedeniyle evinde mahsur kalan 5 ki\u015filik aile, AFAD ekiplerince g\u00fcvenli b\u00f6lgeye tahliye edildi. Aile fertlerinden ya\u015fl\u0131 hasta da ekipler taraf\u0131ndan sedye ile ta\u015f\u0131n\u0131rken, son 24 saat i\u00e7erisinde baz\u0131 b\u00f6lgelerde metrekareye 100 milimetre \u00fczerinde ya\u011fmur ya\u011fd\u0131\u011f\u0131 tespit edilen kent genelinde sa\u011fanak ve heyelan riskine kar\u015f\u0131 16 konut da tedbir ama\u00e7l\u0131 bo\u015falt\u0131ld\u0131. Bu arada Rize Valili\u011fi ise yapt\u0131\u011f\u0131 yaz\u0131l\u0131 a\u00e7\u0131klamada \u015fiddetli ya\u011f\u0131\u015f nedeniyle baz\u0131 b\u00f6lgelerde su bask\u0131n\u0131 ve toprak kayma riskinin artt\u0131\u011f\u0131n\u0131 bildirerek, uyar\u0131larda bulundu. \u200bRize&#8217;de sa\u011fanak sonras\u0131 heyelan riski ta\u015f\u0131yan evde mahsur kalan 5 ki\u015filik aile, AFAD koordinasyonunda AFAD, Jandarma, JAK ve AKUT ekiplerince g\u00fcvenli b\u00f6lgeye al\u0131n\u0131rken, 16 konut tedbir ama\u00e7l\u0131 tahliye edildi\u00a0 \u200bHaberin Al\u0131nt\u0131land\u0131\u011f\u0131 Kaynak: www.iskenderun.org\" \/>\n<meta property=\"og:url\" content=\"https:\/\/denizcankizil.tr\/ru\/haberler\/gundem\/rizede-heyelan-riskinden-dolayi-16-konuta-tedbiren-tahliye\/\" \/>\n<meta property=\"og:site_name\" content=\"Av. Deniz Can K\u0131z\u0131l\" \/>\n<meta property=\"article:published_time\" content=\"2024-10-28T09:41:25+00:00\" \/>\n<meta name=\"twitter:card\" content=\"summary_large_image\" \/>\n<meta name=\"twitter:label1\" content=\"\u041f\u0440\u0438\u043c\u0435\u0440\u043d\u043e\u0435 \u0432\u0440\u0435\u043c\u044f \u0434\u043b\u044f \u0447\u0442\u0435\u043d\u0438\u044f\" \/>\n\t<meta name=\"twitter:data1\" content=\"1 \u043c\u0438\u043d\u0443\u0442\u0430\" \/>\n<script type=\"application\/ld+json\" class=\"yoast-schema-graph\">{\"@context\":\"https:\/\/schema.org\",\"@graph\":[{\"@type\":\"Article\",\"@id\":\"https:\/\/denizcankizil.tr\/ru\/haberler\/gundem\/rizede-heyelan-riskinden-dolayi-16-konuta-tedbiren-tahliye\/#article\",\"isPartOf\":{\"@id\":\"https:\/\/denizcankizil.tr\/ru\/haberler\/gundem\/rizede-heyelan-riskinden-dolayi-16-konuta-tedbiren-tahliye\/\"},\"author\":{\"name\":\"\",\"@id\":\"\"},\"headline\":\"Rize&#8217;de heyelan riskinden dolay\u0131 16 konuta tedbiren tahliye\",\"datePublished\":\"2024-10-28T09:41:25+00:00\",\"mainEntityOfPage\":{\"@id\":\"https:\/\/denizcankizil.tr\/ru\/haberler\/gundem\/rizede-heyelan-riskinden-dolayi-16-konuta-tedbiren-tahliye\/\"},\"wordCount\":228,\"commentCount\":0,\"publisher\":{\"@id\":\"https:\/\/denizcankizil.tr\/#organization\"},\"articleSection\":[\"G\u00fcndem\",\"Uncategorized\"],\"inLanguage\":\"ru-RU\",\"potentialAction\":[{\"@type\":\"CommentAction\",\"name\":\"Comment\",\"target\":[\"https:\/\/denizcankizil.tr\/ru\/haberler\/gundem\/rizede-heyelan-riskinden-dolayi-16-konuta-tedbiren-tahliye\/#respond\"]}]},{\"@type\":\"WebPage\",\"@id\":\"https:\/\/denizcankizil.tr\/ru\/haberler\/gundem\/rizede-heyelan-riskinden-dolayi-16-konuta-tedbiren-tahliye\/\",\"url\":\"https:\/\/denizcankizil.tr\/ru\/haberler\/gundem\/rizede-heyelan-riskinden-dolayi-16-konuta-tedbiren-tahliye\/\",\"name\":\"Rize'de heyelan riskinden dolay\u0131 16 konuta tedbiren tahliye - Av. Deniz Can K\u0131z\u0131l\",\"isPartOf\":{\"@id\":\"https:\/\/denizcankizil.tr\/#website\"},\"datePublished\":\"2024-10-28T09:41:25+00:00\",\"breadcrumb\":{\"@id\":\"https:\/\/denizcankizil.tr\/ru\/haberler\/gundem\/rizede-heyelan-riskinden-dolayi-16-konuta-tedbiren-tahliye\/#breadcrumb\"},\"inLanguage\":\"ru-RU\",\"potentialAction\":[{\"@type\":\"ReadAction\",\"target\":[\"https:\/\/denizcankizil.tr\/ru\/haberler\/gundem\/rizede-heyelan-riskinden-dolayi-16-konuta-tedbiren-tahliye\/\"]}]},{\"@type\":\"BreadcrumbList\",\"@id\":\"https:\/\/denizcankizil.tr\/ru\/haberler\/gundem\/rizede-heyelan-riskinden-dolayi-16-konuta-tedbiren-tahliye\/#breadcrumb\",\"itemListElement\":[{\"@type\":\"ListItem\",\"position\":1,\"name\":\"Home\",\"item\":\"https:\/\/denizcankizil.tr\/uk\/\"},{\"@type\":\"ListItem\",\"position\":2,\"name\":\"Rize&#8217;de heyelan riskinden dolay\u0131 16 konuta tedbiren tahliye\"}]},{\"@type\":\"WebSite\",\"@id\":\"https:\/\/denizcankizil.tr\/#website\",\"url\":\"https:\/\/denizcankizil.tr\/\",\"name\":\"Av. Deniz Can K\u0131z\u0131l\",\"description\":\"Avukat Deniz Can K\u0131z\u0131l Antalya Barosu\",\"publisher\":{\"@id\":\"https:\/\/denizcankizil.tr\/#organization\"},\"potentialAction\":[{\"@type\":\"SearchAction\",\"target\":{\"@type\":\"EntryPoint\",\"urlTemplate\":\"https:\/\/denizcankizil.tr\/?s={search_term_string}\"},\"query-input\":{\"@type\":\"PropertyValueSpecification\",\"valueRequired\":true,\"valueName\":\"search_term_string\"}}],\"inLanguage\":\"ru-RU\"},{\"@type\":\"Organization\",\"@id\":\"https:\/\/denizcankizil.tr\/#organization\",\"name\":\"Av. Deniz Can K\u0131z\u0131l\",\"url\":\"https:\/\/denizcankizil.tr\/\",\"logo\":{\"@type\":\"ImageObject\",\"inLanguage\":\"ru-RU\",\"@id\":\"https:\/\/denizcankizil.tr\/#\/schema\/logo\/image\/\",\"url\":\"https:\/\/denizcankizil.tr\/wp-content\/uploads\/2024\/10\/siyah-logo-svg.svg\",\"contentUrl\":\"https:\/\/denizcankizil.tr\/wp-content\/uploads\/2024\/10\/siyah-logo-svg.svg\",\"width\":1080,\"height\":1080,\"caption\":\"Av. Deniz Can K\u0131z\u0131l\"},\"image\":{\"@id\":\"https:\/\/denizcankizil.tr\/#\/schema\/logo\/image\/\"}}]}<\/script>\n<!-- \/ Yoast SEO Premium plugin. -->","yoast_head_json":{"title":"Rize'de heyelan riskinden dolay\u0131 16 konuta tedbiren tahliye - Av. Deniz Can K\u0131z\u0131l","robots":{"index":"index","follow":"follow","max-snippet":"max-snippet:-1","max-image-preview":"max-image-preview:large","max-video-preview":"max-video-preview:-1"},"canonical":"https:\/\/denizcankizil.tr\/ru\/haberler\/gundem\/rizede-heyelan-riskinden-dolayi-16-konuta-tedbiren-tahliye\/","og_locale":"ru_RU","og_type":"article","og_title":"Rize'de heyelan riskinden dolay\u0131 16 konuta tedbiren tahliye","og_description":"Rize&#8217;de sa\u011fanak sonras\u0131 heyelan riski ta\u015f\u0131yan evde mahsur kalan 5 ki\u015filik aile, AFAD koordinasyonunda AFAD, Jandarma, JAK ve AKUT ekiplerince g\u00fcvenli b\u00f6lgeye al\u0131n\u0131rken, 16 konut tedbir ama\u00e7l\u0131 tahliye edildi.R\u0130ZE (\u0130GFA) &#8211; Rize&#8217;de aral\u0131klarla s\u00fcren etkili sa\u011fanak, g\u00fcnl\u00fck ya\u015fam\u0131 olumsuz etkiledi. Sa\u011fanak bir\u00e7ok noktada irili ufakl\u0131 heyelanlara neden olurken, baz\u0131 ev ve i\u015f yerlerini de su bast\u0131. Arde\u015fen il\u00e7esi Ho\u015fdere k\u00f6y\u00fcnde heyelan riski nedeniyle evinde mahsur kalan 5 ki\u015filik aile, AFAD ekiplerince g\u00fcvenli b\u00f6lgeye tahliye edildi. Aile fertlerinden ya\u015fl\u0131 hasta da ekipler taraf\u0131ndan sedye ile ta\u015f\u0131n\u0131rken, son 24 saat i\u00e7erisinde baz\u0131 b\u00f6lgelerde metrekareye 100 milimetre \u00fczerinde ya\u011fmur ya\u011fd\u0131\u011f\u0131 tespit edilen kent genelinde sa\u011fanak ve heyelan riskine kar\u015f\u0131 16 konut da tedbir ama\u00e7l\u0131 bo\u015falt\u0131ld\u0131. Bu arada Rize Valili\u011fi ise yapt\u0131\u011f\u0131 yaz\u0131l\u0131 a\u00e7\u0131klamada \u015fiddetli ya\u011f\u0131\u015f nedeniyle baz\u0131 b\u00f6lgelerde su bask\u0131n\u0131 ve toprak kayma riskinin artt\u0131\u011f\u0131n\u0131 bildirerek, uyar\u0131larda bulundu. \u200bRize&#8217;de sa\u011fanak sonras\u0131 heyelan riski ta\u015f\u0131yan evde mahsur kalan 5 ki\u015filik aile, AFAD koordinasyonunda AFAD, Jandarma, JAK ve AKUT ekiplerince g\u00fcvenli b\u00f6lgeye al\u0131n\u0131rken, 16 konut tedbir ama\u00e7l\u0131 tahliye edildi\u00a0 \u200bHaberin Al\u0131nt\u0131land\u0131\u011f\u0131 Kaynak: www.iskenderun.org","og_url":"https:\/\/denizcankizil.tr\/ru\/haberler\/gundem\/rizede-heyelan-riskinden-dolayi-16-konuta-tedbiren-tahliye\/","og_site_name":"Av. Deniz Can K\u0131z\u0131l","article_published_time":"2024-10-28T09:41:25+00:00","twitter_card":"summary_large_image","twitter_misc":{"\u041f\u0440\u0438\u043c\u0435\u0440\u043d\u043e\u0435 \u0432\u0440\u0435\u043c\u044f \u0434\u043b\u044f \u0447\u0442\u0435\u043d\u0438\u044f":"1 \u043c\u0438\u043d\u0443\u0442\u0430"},"schema":{"@context":"https:\/\/schema.org","@graph":[{"@type":"Article","@id":"https:\/\/denizcankizil.tr\/ru\/haberler\/gundem\/rizede-heyelan-riskinden-dolayi-16-konuta-tedbiren-tahliye\/#article","isPartOf":{"@id":"https:\/\/denizcankizil.tr\/ru\/haberler\/gundem\/rizede-heyelan-riskinden-dolayi-16-konuta-tedbiren-tahliye\/"},"author":{"name":"","@id":""},"headline":"Rize&#8217;de heyelan riskinden dolay\u0131 16 konuta tedbiren tahliye","datePublished":"2024-10-28T09:41:25+00:00","mainEntityOfPage":{"@id":"https:\/\/denizcankizil.tr\/ru\/haberler\/gundem\/rizede-heyelan-riskinden-dolayi-16-konuta-tedbiren-tahliye\/"},"wordCount":228,"commentCount":0,"publisher":{"@id":"https:\/\/denizcankizil.tr\/#organization"},"articleSection":["G\u00fcndem","Uncategorized"],"inLanguage":"ru-RU","potentialAction":[{"@type":"CommentAction","name":"Comment","target":["https:\/\/denizcankizil.tr\/ru\/haberler\/gundem\/rizede-heyelan-riskinden-dolayi-16-konuta-tedbiren-tahliye\/#respond"]}]},{"@type":"WebPage","@id":"https:\/\/denizcankizil.tr\/ru\/haberler\/gundem\/rizede-heyelan-riskinden-dolayi-16-konuta-tedbiren-tahliye\/","url":"https:\/\/denizcankizil.tr\/ru\/haberler\/gundem\/rizede-heyelan-riskinden-dolayi-16-konuta-tedbiren-tahliye\/","name":"Rize'de heyelan riskinden dolay\u0131 16 konuta tedbiren tahliye - Av. Deniz Can K\u0131z\u0131l","isPartOf":{"@id":"https:\/\/denizcankizil.tr\/#website"},"datePublished":"2024-10-28T09:41:25+00:00","breadcrumb":{"@id":"https:\/\/denizcankizil.tr\/ru\/haberler\/gundem\/rizede-heyelan-riskinden-dolayi-16-konuta-tedbiren-tahliye\/#breadcrumb"},"inLanguage":"ru-RU","potentialAction":[{"@type":"ReadAction","target":["https:\/\/denizcankizil.tr\/ru\/haberler\/gundem\/rizede-heyelan-riskinden-dolayi-16-konuta-tedbiren-tahliye\/"]}]},{"@type":"BreadcrumbList","@id":"https:\/\/denizcankizil.tr\/ru\/haberler\/gundem\/rizede-heyelan-riskinden-dolayi-16-konuta-tedbiren-tahliye\/#breadcrumb","itemListElement":[{"@type":"ListItem","position":1,"name":"Home","item":"https:\/\/denizcankizil.tr\/uk\/"},{"@type":"ListItem","position":2,"name":"Rize&#8217;de heyelan riskinden dolay\u0131 16 konuta tedbiren tahliye"}]},{"@type":"WebSite","@id":"https:\/\/denizcankizil.tr\/#website","url":"https:\/\/denizcankizil.tr\/","name":"Av. Deniz Can K\u0131z\u0131l","description":"Avukat Deniz Can K\u0131z\u0131l Antalya Barosu","publisher":{"@id":"https:\/\/denizcankizil.tr\/#organization"},"potentialAction":[{"@type":"SearchAction","target":{"@type":"EntryPoint","urlTemplate":"https:\/\/denizcankizil.tr\/?s={search_term_string}"},"query-input":{"@type":"PropertyValueSpecification","valueRequired":true,"valueName":"search_term_string"}}],"inLanguage":"ru-RU"},{"@type":"Organization","@id":"https:\/\/denizcankizil.tr\/#organization","name":"Av. Deniz Can K\u0131z\u0131l","url":"https:\/\/denizcankizil.tr\/","logo":{"@type":"ImageObject","inLanguage":"ru-RU","@id":"https:\/\/denizcankizil.tr\/#\/schema\/logo\/image\/","url":"https:\/\/denizcankizil.tr\/wp-content\/uploads\/2024\/10\/siyah-logo-svg.svg","contentUrl":"https:\/\/denizcankizil.tr\/wp-content\/uploads\/2024\/10\/siyah-logo-svg.svg","width":1080,"height":1080,"caption":"Av. Deniz Can K\u0131z\u0131l"},"image":{"@id":"https:\/\/denizcankizil.tr\/#\/schema\/logo\/image\/"}}]}},"_links":{"self":[{"href":"https:\/\/denizcankizil.tr\/ru\/wp-json\/wp\/v2\/posts\/9426","targetHints":{"allow":["GET"]}}],"collection":[{"href":"https:\/\/denizcankizil.tr\/ru\/wp-json\/wp\/v2\/posts"}],"about":[{"href":"https:\/\/denizcankizil.tr\/ru\/wp-json\/wp\/v2\/types\/post"}],"replies":[{"embeddable":true,"href":"https:\/\/denizcankizil.tr\/ru\/wp-json\/wp\/v2\/comments?post=9426"}],"version-history":[{"count":0,"href":"https:\/\/denizcankizil.tr\/ru\/wp-json\/wp\/v2\/posts\/9426\/revisions"}],"wp:attachment":[{"href":"https:\/\/denizcankizil.tr\/ru\/wp-json\/wp\/v2\/media?parent=9426"}],"wp:term":[{"taxonomy":"category","embeddable":true,"href":"https:\/\/denizcankizil.tr\/ru\/wp-json\/wp\/v2\/categories?post=9426"},{"taxonomy":"post_tag","embeddable":true,"href":"https:\/\/denizcankizil.tr\/ru\/wp-json\/wp\/v2\/tags?post=9426"}],"curies":[{"name":"wp","href":"https:\/\/api.w.org\/{rel}","templated":true}]}}