{"id":94249,"date":"2025-05-22T16:42:21","date_gmt":"2025-05-22T13:42:21","guid":{"rendered":"https:\/\/denizcankizil.tr\/uncategorized-tr\/fahrettin-altun-hakikat-odakli-habercilikte-is-birligi-sart\/"},"modified":"2025-05-22T16:42:21","modified_gmt":"2025-05-22T13:42:21","slug":"fahrettin-altun-hakikat-odakli-habercilikte-is-birligi-sart","status":"publish","type":"post","link":"https:\/\/denizcankizil.tr\/ru\/haberler\/gundem\/fahrettin-altun-hakikat-odakli-habercilikte-is-birligi-sart\/","title":{"rendered":"Fahrettin Altun: Hakikat odakl\u0131 habercilikte i\u015f birli\u011fi \u015fart"},"content":{"rendered":"<p>Cumhurba\u015fkanl\u0131\u011f\u0131 \u0130leti\u015fim Ba\u015fkan\u0131 Fahrettin Altun, Asya Yay\u0131nc\u0131lar Birli\u011fi (ABU) Haber Grubu Toplant\u0131s\u0131 ve K\u00fcresel Haber Forumu\u2019nda, adaletsiz medya d\u00fczeni ve algoritma diktat\u00f6rl\u00fc\u011f\u00fcne kar\u015f\u0131 hakikat odakl\u0131 habercilik i\u00e7in i\u015f birli\u011fi \u00e7a\u011fr\u0131s\u0131 yapt\u0131. Filistin\u2019deki soyk\u0131r\u0131m\u0131 \u201cyapay zek\u00e2 destekli\u201d olarak niteledi.\u0130STANBUL (\u0130GFA) &#8211;  \u0130stanbul\u2019da d\u00fczenlenen Asya Yay\u0131nc\u0131lar Birli\u011fi (ABU) Haber Grubu Toplant\u0131s\u0131 ve K\u00fcresel Haber Forumu\u2019nda konu\u015fan Cumhurba\u015fkanl\u0131\u011f\u0131 \u0130leti\u015fim Ba\u015fkan\u0131 Fahrettin Altun, k\u00fcresel medyan\u0131n hakikati merkeze alan bir habercilik anlay\u0131\u015f\u0131na ihtiyac\u0131 oldu\u011funu vurgulad\u0131.<br \/>\n4 milyar insana ula\u015fan ABU\u2019nun bu ihtiyac\u0131 kar\u015f\u0131layabilecek \u00f6nemli bir platform oldu\u011funu belirtti.<\/p>\n<p>\u201cBATI MERKEZL\u0130 MEDYA BARI\u015eI ENGELL\u0130YOR\u201d<br \/>\nFahrettin Altun, 19. y\u00fczy\u0131ldan beri Bat\u0131 merkezli tek y\u00f6nl\u00fc enformasyon ak\u0131\u015f\u0131n\u0131n kal\u0131p yarg\u0131lar ve \u00e7at\u0131\u015fmalar olu\u015fturdu\u011funu belirterek, bat\u0131l\u0131 sosyal medya \u015firketlerinin \u201calgoritma diktat\u00f6rl\u00fc\u011f\u00fc\u201d ile tahakk\u00fcm kurdu\u011funu, g\u00fcd\u00fcml\u00fc i\u00e7eriklerle zul\u00fcm politikalar\u0131n\u0131 kal\u0131c\u0131 hale getirmeye \u00e7al\u0131\u015ft\u0131\u011f\u0131n\u0131 ifade ederek, &#8220;Bu adaletsiz d\u00fczeni if\u015fa etmeli, hakikatin sesini duyurmal\u0131y\u0131z\u201d dedi.<br \/>\n\u201cF\u0130L\u0130ST\u0130N\u2019DEK\u0130 SOYKIRIM YAPAY ZEK\u00c2 DESTEKL\u0130\u201d<br \/>\nBu arada Filistin\u2019deki \u0130srail katliamlar\u0131n\u0131 \u201cyapay zek\u00e2 destekli tarihteki ilk soyk\u0131r\u0131m\u201d olarak niteleyen Altun, binlerce masumun \u00f6ld\u00fcr\u00fcld\u00fc\u011f\u00fcn\u00fc hat\u0131rlatt\u0131.<br \/>\n\u0130srail\u2019in Cenin\u2019de T\u00fcrk diplomatlara ate\u015f a\u00e7mas\u0131n\u0131 \u201chukuksuzluk ve zorbal\u0131k\u201d olarak k\u0131nayan Altun, gazetecilerin canlar\u0131 pahas\u0131na hakikati duyurma sorumlulu\u011fu ta\u015f\u0131d\u0131\u011f\u0131n\u0131 vurgulad\u0131.<\/p>\n<p>\u200bCumhurba\u015fkanl\u0131\u011f\u0131 \u0130leti\u015fim Ba\u015fkan\u0131 Fahrettin Altun, Asya Yay\u0131nc\u0131lar Birli\u011fi (ABU) Haber Grubu Toplant\u0131s\u0131 ve K\u00fcresel Haber Forumu\u2019nda, adaletsiz medya d\u00fczeni ve algoritma diktat\u00f6rl\u00fc\u011f\u00fcne kar\u015f\u0131 hakikat odakl\u0131 habercilik i\u00e7in i\u015f birli\u011fi \u00e7a\u011fr\u0131s\u0131 yapt\u0131. Filistin\u2019deki soyk\u0131r\u0131m\u0131 \u201cyapay zek\u00e2 destekli\u201d olarak niteledi.\u0130STANBUL (\u0130GFA) &#8211;  \u0130stanbul\u2019da d\u00fczenlenen Asya Yay\u0131nc\u0131lar Birli\u011fi (ABU) Haber Grubu Toplant\u0131s\u0131 ve K\u00fcresel Haber Forumu\u2019nda konu\u015fan Cumhurba\u015fkanl\u0131\u011f\u0131 \u0130leti\u015fim Ba\u015fkan\u0131 Fahrettin Altun, k\u00fcresel medyan\u0131n hakikati merkeze alan bir habercilik anlay\u0131\u015f\u0131na ihtiyac\u0131 oldu\u011funu vurgulad\u0131.<br \/>\n4 milyar insana ula\u015fan ABU\u2019nun bu ihtiyac\u0131 kar\u015f\u0131layabilecek \u00f6nemli bir platform oldu\u011funu belirtti.<\/p>\n<p>\u201cBATI MERKEZL\u0130 MEDYA BARI\u015eI ENGELL\u0130YOR\u201d<br \/>\nFahrettin Altun, 19. y\u00fczy\u0131ldan beri Bat\u0131 merkezli tek y\u00f6nl\u00fc enformasyon ak\u0131\u015f\u0131n\u0131n kal\u0131p yarg\u0131lar ve \u00e7at\u0131\u015fmalar olu\u015fturdu\u011funu belirterek, bat\u0131l\u0131 sosyal medya \u015firketlerinin \u201calgoritma diktat\u00f6rl\u00fc\u011f\u00fc\u201d ile tahakk\u00fcm kurdu\u011funu, g\u00fcd\u00fcml\u00fc i\u00e7eriklerle zul\u00fcm politikalar\u0131n\u0131 kal\u0131c\u0131 hale getirmeye \u00e7al\u0131\u015ft\u0131\u011f\u0131n\u0131 ifade ederek, &#8220;Bu adaletsiz d\u00fczeni if\u015fa etmeli, hakikatin sesini duyurmal\u0131y\u0131z\u201d dedi.<br \/>\n\u201cF\u0130L\u0130ST\u0130N\u2019DEK\u0130 SOYKIRIM YAPAY ZEK\u00c2 DESTEKL\u0130\u201d<br \/>\nBu arada Filistin\u2019deki \u0130srail katliamlar\u0131n\u0131 \u201cyapay zek\u00e2 destekli tarihteki ilk soyk\u0131r\u0131m\u201d olarak niteleyen Altun, binlerce masumun \u00f6ld\u00fcr\u00fcld\u00fc\u011f\u00fcn\u00fc hat\u0131rlatt\u0131.<br \/>\n\u0130srail\u2019in Cenin\u2019de T\u00fcrk diplomatlara ate\u015f a\u00e7mas\u0131n\u0131 \u201chukuksuzluk ve zorbal\u0131k\u201d olarak k\u0131nayan Altun, gazetecilerin canlar\u0131 pahas\u0131na hakikati duyurma sorumlulu\u011fu ta\u015f\u0131d\u0131\u011f\u0131n\u0131 vurgulad\u0131.\u00a0<\/p>\n<p>\u200bHaberin Al\u0131nt\u0131land\u0131\u011f\u0131 Kaynak: www.iskenderun.org<\/p>","protected":false},"excerpt":{"rendered":"<p>Cumhurba\u015fkanl\u0131\u011f\u0131 \u0130leti\u015fim Ba\u015fkan\u0131 Fahrettin Altun, Asya Yay\u0131nc\u0131lar Birli\u011fi (ABU) Haber Grubu Toplant\u0131s\u0131 ve K\u00fcresel Haber Forumu\u2019nda, adaletsiz medya d\u00fczeni ve algoritma diktat\u00f6rl\u00fc\u011f\u00fcne kar\u015f\u0131 hakikat odakl\u0131 habercilik i\u00e7in i\u015f birli\u011fi \u00e7a\u011fr\u0131s\u0131 yapt\u0131. Filistin\u2019deki soyk\u0131r\u0131m\u0131 \u201cyapay zek\u00e2 destekli\u201d olarak niteledi.\u0130STANBUL (\u0130GFA) &#8211; \u0130stanbul\u2019da d\u00fczenlenen Asya Yay\u0131nc\u0131lar Birli\u011fi (ABU) Haber Grubu Toplant\u0131s\u0131 ve K\u00fcresel Haber Forumu\u2019nda konu\u015fan Cumhurba\u015fkanl\u0131\u011f\u0131 \u0130leti\u015fim Ba\u015fkan\u0131 Fahrettin Altun, k\u00fcresel medyan\u0131n hakikati merkeze alan bir habercilik anlay\u0131\u015f\u0131na ihtiyac\u0131 oldu\u011funu vurgulad\u0131. 4 milyar insana ula\u015fan ABU\u2019nun bu ihtiyac\u0131 kar\u015f\u0131layabilecek \u00f6nemli bir platform oldu\u011funu belirtti. \u201cBATI MERKEZL\u0130 MEDYA BARI\u015eI ENGELL\u0130YOR\u201d Fahrettin Altun, 19. y\u00fczy\u0131ldan beri Bat\u0131 merkezli tek y\u00f6nl\u00fc enformasyon ak\u0131\u015f\u0131n\u0131n kal\u0131p yarg\u0131lar ve \u00e7at\u0131\u015fmalar olu\u015fturdu\u011funu belirterek, bat\u0131l\u0131 sosyal medya \u015firketlerinin \u201calgoritma diktat\u00f6rl\u00fc\u011f\u00fc\u201d ile tahakk\u00fcm kurdu\u011funu, g\u00fcd\u00fcml\u00fc i\u00e7eriklerle zul\u00fcm politikalar\u0131n\u0131 kal\u0131c\u0131 hale getirmeye \u00e7al\u0131\u015ft\u0131\u011f\u0131n\u0131 ifade ederek, &#8220;Bu adaletsiz d\u00fczeni if\u015fa etmeli, hakikatin sesini duyurmal\u0131y\u0131z\u201d dedi. \u201cF\u0130L\u0130ST\u0130N\u2019DEK\u0130 SOYKIRIM YAPAY ZEK\u00c2 DESTEKL\u0130\u201d Bu arada Filistin\u2019deki \u0130srail katliamlar\u0131n\u0131 \u201cyapay zek\u00e2 destekli tarihteki ilk soyk\u0131r\u0131m\u201d olarak niteleyen Altun, binlerce masumun \u00f6ld\u00fcr\u00fcld\u00fc\u011f\u00fcn\u00fc hat\u0131rlatt\u0131. \u0130srail\u2019in Cenin\u2019de T\u00fcrk diplomatlara ate\u015f a\u00e7mas\u0131n\u0131 \u201chukuksuzluk ve zorbal\u0131k\u201d olarak k\u0131nayan Altun, gazetecilerin canlar\u0131 pahas\u0131na hakikati duyurma sorumlulu\u011fu ta\u015f\u0131d\u0131\u011f\u0131n\u0131 vurgulad\u0131. \u200bCumhurba\u015fkanl\u0131\u011f\u0131 \u0130leti\u015fim Ba\u015fkan\u0131 Fahrettin Altun, Asya Yay\u0131nc\u0131lar Birli\u011fi (ABU) Haber Grubu Toplant\u0131s\u0131 ve K\u00fcresel Haber Forumu\u2019nda, adaletsiz medya d\u00fczeni ve algoritma diktat\u00f6rl\u00fc\u011f\u00fcne kar\u015f\u0131 hakikat &hellip;<\/p>","protected":false},"author":1,"featured_media":0,"comment_status":"","ping_status":"open","sticky":false,"template":"","format":"standard","meta":{"_acf_changed":false,"footnotes":""},"categories":[24],"tags":[],"class_list":["post-94249","post","type-post","status-publish","format-standard","has-post-thumbnail","hentry","category-gundem"],"acf":[],"yoast_head":"<!-- This site is optimized with the Yoast SEO Premium plugin v26.6 (Yoast SEO v27.1.1) - https:\/\/yoast.com\/product\/yoast-seo-premium-wordpress\/ -->\n<title>Fahrettin Altun: Hakikat odakl\u0131 habercilikte i\u015f birli\u011fi \u015fart - Av. Deniz Can K\u0131z\u0131l<\/title>\n<meta name=\"robots\" content=\"index, follow, max-snippet:-1, max-image-preview:large, max-video-preview:-1\" \/>\n<link rel=\"canonical\" href=\"https:\/\/denizcankizil.tr\/ru\/haberler\/gundem\/fahrettin-altun-hakikat-odakli-habercilikte-is-birligi-sart\/\" \/>\n<meta property=\"og:locale\" content=\"ru_RU\" \/>\n<meta property=\"og:type\" content=\"article\" \/>\n<meta property=\"og:title\" content=\"Fahrettin Altun: Hakikat odakl\u0131 habercilikte i\u015f birli\u011fi \u015fart\" \/>\n<meta property=\"og:description\" content=\"Cumhurba\u015fkanl\u0131\u011f\u0131 \u0130leti\u015fim Ba\u015fkan\u0131 Fahrettin Altun, Asya Yay\u0131nc\u0131lar Birli\u011fi (ABU) Haber Grubu Toplant\u0131s\u0131 ve K\u00fcresel Haber Forumu\u2019nda, adaletsiz medya d\u00fczeni ve algoritma diktat\u00f6rl\u00fc\u011f\u00fcne kar\u015f\u0131 hakikat odakl\u0131 habercilik i\u00e7in i\u015f birli\u011fi \u00e7a\u011fr\u0131s\u0131 yapt\u0131. Filistin\u2019deki soyk\u0131r\u0131m\u0131 \u201cyapay zek\u00e2 destekli\u201d olarak niteledi.\u0130STANBUL (\u0130GFA) &#8211; \u0130stanbul\u2019da d\u00fczenlenen Asya Yay\u0131nc\u0131lar Birli\u011fi (ABU) Haber Grubu Toplant\u0131s\u0131 ve K\u00fcresel Haber Forumu\u2019nda konu\u015fan Cumhurba\u015fkanl\u0131\u011f\u0131 \u0130leti\u015fim Ba\u015fkan\u0131 Fahrettin Altun, k\u00fcresel medyan\u0131n hakikati merkeze alan bir habercilik anlay\u0131\u015f\u0131na ihtiyac\u0131 oldu\u011funu vurgulad\u0131. 4 milyar insana ula\u015fan ABU\u2019nun bu ihtiyac\u0131 kar\u015f\u0131layabilecek \u00f6nemli bir platform oldu\u011funu belirtti. \u201cBATI MERKEZL\u0130 MEDYA BARI\u015eI ENGELL\u0130YOR\u201d Fahrettin Altun, 19. y\u00fczy\u0131ldan beri Bat\u0131 merkezli tek y\u00f6nl\u00fc enformasyon ak\u0131\u015f\u0131n\u0131n kal\u0131p yarg\u0131lar ve \u00e7at\u0131\u015fmalar olu\u015fturdu\u011funu belirterek, bat\u0131l\u0131 sosyal medya \u015firketlerinin \u201calgoritma diktat\u00f6rl\u00fc\u011f\u00fc\u201d ile tahakk\u00fcm kurdu\u011funu, g\u00fcd\u00fcml\u00fc i\u00e7eriklerle zul\u00fcm politikalar\u0131n\u0131 kal\u0131c\u0131 hale getirmeye \u00e7al\u0131\u015ft\u0131\u011f\u0131n\u0131 ifade ederek, &#8220;Bu adaletsiz d\u00fczeni if\u015fa etmeli, hakikatin sesini duyurmal\u0131y\u0131z\u201d dedi. \u201cF\u0130L\u0130ST\u0130N\u2019DEK\u0130 SOYKIRIM YAPAY ZEK\u00c2 DESTEKL\u0130\u201d Bu arada Filistin\u2019deki \u0130srail katliamlar\u0131n\u0131 \u201cyapay zek\u00e2 destekli tarihteki ilk soyk\u0131r\u0131m\u201d olarak niteleyen Altun, binlerce masumun \u00f6ld\u00fcr\u00fcld\u00fc\u011f\u00fcn\u00fc hat\u0131rlatt\u0131. \u0130srail\u2019in Cenin\u2019de T\u00fcrk diplomatlara ate\u015f a\u00e7mas\u0131n\u0131 \u201chukuksuzluk ve zorbal\u0131k\u201d olarak k\u0131nayan Altun, gazetecilerin canlar\u0131 pahas\u0131na hakikati duyurma sorumlulu\u011fu ta\u015f\u0131d\u0131\u011f\u0131n\u0131 vurgulad\u0131. \u200bCumhurba\u015fkanl\u0131\u011f\u0131 \u0130leti\u015fim Ba\u015fkan\u0131 Fahrettin Altun, Asya Yay\u0131nc\u0131lar Birli\u011fi (ABU) Haber Grubu Toplant\u0131s\u0131 ve K\u00fcresel Haber Forumu\u2019nda, adaletsiz medya d\u00fczeni ve algoritma diktat\u00f6rl\u00fc\u011f\u00fcne kar\u015f\u0131 hakikat &hellip;\" \/>\n<meta property=\"og:url\" content=\"https:\/\/denizcankizil.tr\/ru\/haberler\/gundem\/fahrettin-altun-hakikat-odakli-habercilikte-is-birligi-sart\/\" \/>\n<meta property=\"og:site_name\" content=\"Av. Deniz Can K\u0131z\u0131l\" \/>\n<meta property=\"article:published_time\" content=\"2025-05-22T13:42:21+00:00\" \/>\n<meta name=\"author\" content=\"admin\" \/>\n<meta name=\"twitter:card\" content=\"summary_large_image\" \/>\n<meta name=\"twitter:label1\" content=\"\u041d\u0430\u043f\u0438\u0441\u0430\u043d\u043e \u0430\u0432\u0442\u043e\u0440\u043e\u043c\" \/>\n\t<meta name=\"twitter:data1\" content=\"admin\" \/>\n\t<meta name=\"twitter:label2\" content=\"\u041f\u0440\u0438\u043c\u0435\u0440\u043d\u043e\u0435 \u0432\u0440\u0435\u043c\u044f \u0434\u043b\u044f \u0447\u0442\u0435\u043d\u0438\u044f\" \/>\n\t<meta name=\"twitter:data2\" content=\"3 \u043c\u0438\u043d\u0443\u0442\u044b\" \/>\n<script type=\"application\/ld+json\" class=\"yoast-schema-graph\">{\"@context\":\"https:\/\/schema.org\",\"@graph\":[{\"@type\":\"Article\",\"@id\":\"https:\/\/denizcankizil.tr\/ru\/haberler\/gundem\/fahrettin-altun-hakikat-odakli-habercilikte-is-birligi-sart\/#article\",\"isPartOf\":{\"@id\":\"https:\/\/denizcankizil.tr\/ru\/haberler\/gundem\/fahrettin-altun-hakikat-odakli-habercilikte-is-birligi-sart\/\"},\"author\":{\"name\":\"admin\",\"@id\":\"https:\/\/denizcankizil.tr\/de\/#\/schema\/person\/be3c05fe6a12686905512445d8185489\"},\"headline\":\"Fahrettin Altun: Hakikat odakl\u0131 habercilikte i\u015f birli\u011fi \u015fart\",\"datePublished\":\"2025-05-22T13:42:21+00:00\",\"mainEntityOfPage\":{\"@id\":\"https:\/\/denizcankizil.tr\/ru\/haberler\/gundem\/fahrettin-altun-hakikat-odakli-habercilikte-is-birligi-sart\/\"},\"wordCount\":547,\"publisher\":{\"@id\":\"https:\/\/denizcankizil.tr\/de\/#organization\"},\"articleSection\":[\"G\u00fcndem\"],\"inLanguage\":\"ru-RU\"},{\"@type\":\"WebPage\",\"@id\":\"https:\/\/denizcankizil.tr\/ru\/haberler\/gundem\/fahrettin-altun-hakikat-odakli-habercilikte-is-birligi-sart\/\",\"url\":\"https:\/\/denizcankizil.tr\/ru\/haberler\/gundem\/fahrettin-altun-hakikat-odakli-habercilikte-is-birligi-sart\/\",\"name\":\"Fahrettin Altun: Hakikat odakl\u0131 habercilikte i\u015f birli\u011fi \u015fart - Av. Deniz Can K\u0131z\u0131l\",\"isPartOf\":{\"@id\":\"https:\/\/denizcankizil.tr\/de\/#website\"},\"datePublished\":\"2025-05-22T13:42:21+00:00\",\"breadcrumb\":{\"@id\":\"https:\/\/denizcankizil.tr\/ru\/haberler\/gundem\/fahrettin-altun-hakikat-odakli-habercilikte-is-birligi-sart\/#breadcrumb\"},\"inLanguage\":\"ru-RU\",\"potentialAction\":[{\"@type\":\"ReadAction\",\"target\":[\"https:\/\/denizcankizil.tr\/ru\/haberler\/gundem\/fahrettin-altun-hakikat-odakli-habercilikte-is-birligi-sart\/\"]}]},{\"@type\":\"BreadcrumbList\",\"@id\":\"https:\/\/denizcankizil.tr\/ru\/haberler\/gundem\/fahrettin-altun-hakikat-odakli-habercilikte-is-birligi-sart\/#breadcrumb\",\"itemListElement\":[{\"@type\":\"ListItem\",\"position\":1,\"name\":\"Home\",\"item\":\"https:\/\/denizcankizil.tr\/de\/\"},{\"@type\":\"ListItem\",\"position\":2,\"name\":\"Fahrettin Altun: Hakikat odakl\u0131 habercilikte i\u015f birli\u011fi \u015fart\"}]},{\"@type\":\"WebSite\",\"@id\":\"https:\/\/denizcankizil.tr\/de\/#website\",\"url\":\"https:\/\/denizcankizil.tr\/de\/\",\"name\":\"Av. Deniz Can K\u0131z\u0131l\",\"description\":\"Avukat Deniz Can K\u0131z\u0131l Antalya Barosu\",\"publisher\":{\"@id\":\"https:\/\/denizcankizil.tr\/de\/#organization\"},\"potentialAction\":[{\"@type\":\"SearchAction\",\"target\":{\"@type\":\"EntryPoint\",\"urlTemplate\":\"https:\/\/denizcankizil.tr\/de\/?s={search_term_string}\"},\"query-input\":{\"@type\":\"PropertyValueSpecification\",\"valueRequired\":true,\"valueName\":\"search_term_string\"}}],\"inLanguage\":\"ru-RU\"},{\"@type\":\"Organization\",\"@id\":\"https:\/\/denizcankizil.tr\/de\/#organization\",\"name\":\"Av. Deniz Can K\u0131z\u0131l\",\"url\":\"https:\/\/denizcankizil.tr\/de\/\",\"logo\":{\"@type\":\"ImageObject\",\"inLanguage\":\"ru-RU\",\"@id\":\"https:\/\/denizcankizil.tr\/de\/#\/schema\/logo\/image\/\",\"url\":\"https:\/\/denizcankizil.tr\/wp-content\/uploads\/2024\/10\/siyah-logo-svg.svg\",\"contentUrl\":\"https:\/\/denizcankizil.tr\/wp-content\/uploads\/2024\/10\/siyah-logo-svg.svg\",\"width\":1080,\"height\":1080,\"caption\":\"Av. Deniz Can K\u0131z\u0131l\"},\"image\":{\"@id\":\"https:\/\/denizcankizil.tr\/de\/#\/schema\/logo\/image\/\"}},{\"@type\":\"Person\",\"@id\":\"https:\/\/denizcankizil.tr\/de\/#\/schema\/person\/be3c05fe6a12686905512445d8185489\",\"name\":\"admin\",\"image\":{\"@type\":\"ImageObject\",\"inLanguage\":\"ru-RU\",\"@id\":\"https:\/\/denizcankizil.tr\/de\/#\/schema\/person\/image\/\",\"url\":\"https:\/\/secure.gravatar.com\/avatar\/c1fce94c830dc79107e174f890d7210541c4a63e8e5d816341794a2151c9d58c?s=96&d=mm&r=g\",\"contentUrl\":\"https:\/\/secure.gravatar.com\/avatar\/c1fce94c830dc79107e174f890d7210541c4a63e8e5d816341794a2151c9d58c?s=96&d=mm&r=g\",\"caption\":\"admin\"},\"sameAs\":[\"http:\/\/denizcankizil.tr\"],\"url\":\"https:\/\/www.iskenderun.org\/fahrettin-altun-hakikat-odakli-habercilikte-is-birligi-sart\"}]}<\/script>\n<!-- \/ Yoast SEO Premium plugin. -->","yoast_head_json":{"title":"Fahrettin Altun: Hakikat odakl\u0131 habercilikte i\u015f birli\u011fi \u015fart - Av. Deniz Can K\u0131z\u0131l","robots":{"index":"index","follow":"follow","max-snippet":"max-snippet:-1","max-image-preview":"max-image-preview:large","max-video-preview":"max-video-preview:-1"},"canonical":"https:\/\/denizcankizil.tr\/ru\/haberler\/gundem\/fahrettin-altun-hakikat-odakli-habercilikte-is-birligi-sart\/","og_locale":"ru_RU","og_type":"article","og_title":"Fahrettin Altun: Hakikat odakl\u0131 habercilikte i\u015f birli\u011fi \u015fart","og_description":"Cumhurba\u015fkanl\u0131\u011f\u0131 \u0130leti\u015fim Ba\u015fkan\u0131 Fahrettin Altun, Asya Yay\u0131nc\u0131lar Birli\u011fi (ABU) Haber Grubu Toplant\u0131s\u0131 ve K\u00fcresel Haber Forumu\u2019nda, adaletsiz medya d\u00fczeni ve algoritma diktat\u00f6rl\u00fc\u011f\u00fcne kar\u015f\u0131 hakikat odakl\u0131 habercilik i\u00e7in i\u015f birli\u011fi \u00e7a\u011fr\u0131s\u0131 yapt\u0131. Filistin\u2019deki soyk\u0131r\u0131m\u0131 \u201cyapay zek\u00e2 destekli\u201d olarak niteledi.\u0130STANBUL (\u0130GFA) &#8211; \u0130stanbul\u2019da d\u00fczenlenen Asya Yay\u0131nc\u0131lar Birli\u011fi (ABU) Haber Grubu Toplant\u0131s\u0131 ve K\u00fcresel Haber Forumu\u2019nda konu\u015fan Cumhurba\u015fkanl\u0131\u011f\u0131 \u0130leti\u015fim Ba\u015fkan\u0131 Fahrettin Altun, k\u00fcresel medyan\u0131n hakikati merkeze alan bir habercilik anlay\u0131\u015f\u0131na ihtiyac\u0131 oldu\u011funu vurgulad\u0131. 4 milyar insana ula\u015fan ABU\u2019nun bu ihtiyac\u0131 kar\u015f\u0131layabilecek \u00f6nemli bir platform oldu\u011funu belirtti. \u201cBATI MERKEZL\u0130 MEDYA BARI\u015eI ENGELL\u0130YOR\u201d Fahrettin Altun, 19. y\u00fczy\u0131ldan beri Bat\u0131 merkezli tek y\u00f6nl\u00fc enformasyon ak\u0131\u015f\u0131n\u0131n kal\u0131p yarg\u0131lar ve \u00e7at\u0131\u015fmalar olu\u015fturdu\u011funu belirterek, bat\u0131l\u0131 sosyal medya \u015firketlerinin \u201calgoritma diktat\u00f6rl\u00fc\u011f\u00fc\u201d ile tahakk\u00fcm kurdu\u011funu, g\u00fcd\u00fcml\u00fc i\u00e7eriklerle zul\u00fcm politikalar\u0131n\u0131 kal\u0131c\u0131 hale getirmeye \u00e7al\u0131\u015ft\u0131\u011f\u0131n\u0131 ifade ederek, &#8220;Bu adaletsiz d\u00fczeni if\u015fa etmeli, hakikatin sesini duyurmal\u0131y\u0131z\u201d dedi. \u201cF\u0130L\u0130ST\u0130N\u2019DEK\u0130 SOYKIRIM YAPAY ZEK\u00c2 DESTEKL\u0130\u201d Bu arada Filistin\u2019deki \u0130srail katliamlar\u0131n\u0131 \u201cyapay zek\u00e2 destekli tarihteki ilk soyk\u0131r\u0131m\u201d olarak niteleyen Altun, binlerce masumun \u00f6ld\u00fcr\u00fcld\u00fc\u011f\u00fcn\u00fc hat\u0131rlatt\u0131. \u0130srail\u2019in Cenin\u2019de T\u00fcrk diplomatlara ate\u015f a\u00e7mas\u0131n\u0131 \u201chukuksuzluk ve zorbal\u0131k\u201d olarak k\u0131nayan Altun, gazetecilerin canlar\u0131 pahas\u0131na hakikati duyurma sorumlulu\u011fu ta\u015f\u0131d\u0131\u011f\u0131n\u0131 vurgulad\u0131. \u200bCumhurba\u015fkanl\u0131\u011f\u0131 \u0130leti\u015fim Ba\u015fkan\u0131 Fahrettin Altun, Asya Yay\u0131nc\u0131lar Birli\u011fi (ABU) Haber Grubu Toplant\u0131s\u0131 ve K\u00fcresel Haber Forumu\u2019nda, adaletsiz medya d\u00fczeni ve algoritma diktat\u00f6rl\u00fc\u011f\u00fcne kar\u015f\u0131 hakikat &hellip;","og_url":"https:\/\/denizcankizil.tr\/ru\/haberler\/gundem\/fahrettin-altun-hakikat-odakli-habercilikte-is-birligi-sart\/","og_site_name":"Av. Deniz Can K\u0131z\u0131l","article_published_time":"2025-05-22T13:42:21+00:00","author":"admin","twitter_card":"summary_large_image","twitter_misc":{"\u041d\u0430\u043f\u0438\u0441\u0430\u043d\u043e \u0430\u0432\u0442\u043e\u0440\u043e\u043c":"admin","\u041f\u0440\u0438\u043c\u0435\u0440\u043d\u043e\u0435 \u0432\u0440\u0435\u043c\u044f \u0434\u043b\u044f \u0447\u0442\u0435\u043d\u0438\u044f":"3 \u043c\u0438\u043d\u0443\u0442\u044b"},"schema":{"@context":"https:\/\/schema.org","@graph":[{"@type":"Article","@id":"https:\/\/denizcankizil.tr\/ru\/haberler\/gundem\/fahrettin-altun-hakikat-odakli-habercilikte-is-birligi-sart\/#article","isPartOf":{"@id":"https:\/\/denizcankizil.tr\/ru\/haberler\/gundem\/fahrettin-altun-hakikat-odakli-habercilikte-is-birligi-sart\/"},"author":{"name":"admin","@id":"https:\/\/denizcankizil.tr\/de\/#\/schema\/person\/be3c05fe6a12686905512445d8185489"},"headline":"Fahrettin Altun: Hakikat odakl\u0131 habercilikte i\u015f birli\u011fi \u015fart","datePublished":"2025-05-22T13:42:21+00:00","mainEntityOfPage":{"@id":"https:\/\/denizcankizil.tr\/ru\/haberler\/gundem\/fahrettin-altun-hakikat-odakli-habercilikte-is-birligi-sart\/"},"wordCount":547,"publisher":{"@id":"https:\/\/denizcankizil.tr\/de\/#organization"},"articleSection":["G\u00fcndem"],"inLanguage":"ru-RU"},{"@type":"WebPage","@id":"https:\/\/denizcankizil.tr\/ru\/haberler\/gundem\/fahrettin-altun-hakikat-odakli-habercilikte-is-birligi-sart\/","url":"https:\/\/denizcankizil.tr\/ru\/haberler\/gundem\/fahrettin-altun-hakikat-odakli-habercilikte-is-birligi-sart\/","name":"Fahrettin Altun: Hakikat odakl\u0131 habercilikte i\u015f birli\u011fi \u015fart - Av. Deniz Can K\u0131z\u0131l","isPartOf":{"@id":"https:\/\/denizcankizil.tr\/de\/#website"},"datePublished":"2025-05-22T13:42:21+00:00","breadcrumb":{"@id":"https:\/\/denizcankizil.tr\/ru\/haberler\/gundem\/fahrettin-altun-hakikat-odakli-habercilikte-is-birligi-sart\/#breadcrumb"},"inLanguage":"ru-RU","potentialAction":[{"@type":"ReadAction","target":["https:\/\/denizcankizil.tr\/ru\/haberler\/gundem\/fahrettin-altun-hakikat-odakli-habercilikte-is-birligi-sart\/"]}]},{"@type":"BreadcrumbList","@id":"https:\/\/denizcankizil.tr\/ru\/haberler\/gundem\/fahrettin-altun-hakikat-odakli-habercilikte-is-birligi-sart\/#breadcrumb","itemListElement":[{"@type":"ListItem","position":1,"name":"Home","item":"https:\/\/denizcankizil.tr\/de\/"},{"@type":"ListItem","position":2,"name":"Fahrettin Altun: Hakikat odakl\u0131 habercilikte i\u015f birli\u011fi \u015fart"}]},{"@type":"WebSite","@id":"https:\/\/denizcankizil.tr\/de\/#website","url":"https:\/\/denizcankizil.tr\/de\/","name":"Av. Deniz Can K\u0131z\u0131l","description":"Avukat Deniz Can K\u0131z\u0131l Antalya Barosu","publisher":{"@id":"https:\/\/denizcankizil.tr\/de\/#organization"},"potentialAction":[{"@type":"SearchAction","target":{"@type":"EntryPoint","urlTemplate":"https:\/\/denizcankizil.tr\/de\/?s={search_term_string}"},"query-input":{"@type":"PropertyValueSpecification","valueRequired":true,"valueName":"search_term_string"}}],"inLanguage":"ru-RU"},{"@type":"Organization","@id":"https:\/\/denizcankizil.tr\/de\/#organization","name":"Av. Deniz Can K\u0131z\u0131l","url":"https:\/\/denizcankizil.tr\/de\/","logo":{"@type":"ImageObject","inLanguage":"ru-RU","@id":"https:\/\/denizcankizil.tr\/de\/#\/schema\/logo\/image\/","url":"https:\/\/denizcankizil.tr\/wp-content\/uploads\/2024\/10\/siyah-logo-svg.svg","contentUrl":"https:\/\/denizcankizil.tr\/wp-content\/uploads\/2024\/10\/siyah-logo-svg.svg","width":1080,"height":1080,"caption":"Av. Deniz Can K\u0131z\u0131l"},"image":{"@id":"https:\/\/denizcankizil.tr\/de\/#\/schema\/logo\/image\/"}},{"@type":"Person","@id":"https:\/\/denizcankizil.tr\/de\/#\/schema\/person\/be3c05fe6a12686905512445d8185489","name":"\u0430\u0434\u043c\u0438\u043d","image":{"@type":"ImageObject","inLanguage":"ru-RU","@id":"https:\/\/denizcankizil.tr\/de\/#\/schema\/person\/image\/","url":"https:\/\/secure.gravatar.com\/avatar\/c1fce94c830dc79107e174f890d7210541c4a63e8e5d816341794a2151c9d58c?s=96&d=mm&r=g","contentUrl":"https:\/\/secure.gravatar.com\/avatar\/c1fce94c830dc79107e174f890d7210541c4a63e8e5d816341794a2151c9d58c?s=96&d=mm&r=g","caption":"admin"},"sameAs":["http:\/\/denizcankizil.tr"],"url":"https:\/\/www.iskenderun.org\/fahrettin-altun-hakikat-odakli-habercilikte-is-birligi-sart"}]}},"_links":{"self":[{"href":"https:\/\/denizcankizil.tr\/ru\/wp-json\/wp\/v2\/posts\/94249","targetHints":{"allow":["GET"]}}],"collection":[{"href":"https:\/\/denizcankizil.tr\/ru\/wp-json\/wp\/v2\/posts"}],"about":[{"href":"https:\/\/denizcankizil.tr\/ru\/wp-json\/wp\/v2\/types\/post"}],"author":[{"embeddable":true,"href":"https:\/\/denizcankizil.tr\/ru\/wp-json\/wp\/v2\/users\/1"}],"replies":[{"embeddable":true,"href":"https:\/\/denizcankizil.tr\/ru\/wp-json\/wp\/v2\/comments?post=94249"}],"version-history":[{"count":0,"href":"https:\/\/denizcankizil.tr\/ru\/wp-json\/wp\/v2\/posts\/94249\/revisions"}],"wp:attachment":[{"href":"https:\/\/denizcankizil.tr\/ru\/wp-json\/wp\/v2\/media?parent=94249"}],"wp:term":[{"taxonomy":"category","embeddable":true,"href":"https:\/\/denizcankizil.tr\/ru\/wp-json\/wp\/v2\/categories?post=94249"},{"taxonomy":"post_tag","embeddable":true,"href":"https:\/\/denizcankizil.tr\/ru\/wp-json\/wp\/v2\/tags?post=94249"}],"curies":[{"name":"wp","href":"https:\/\/api.w.org\/{rel}","templated":true}]}}