{"id":94160,"date":"2025-05-22T14:41:29","date_gmt":"2025-05-22T11:41:29","guid":{"rendered":"https:\/\/denizcankizil.tr\/uncategorized-tr\/antalyada-kaldirimlar-isgal-altinda\/"},"modified":"2025-05-22T14:41:29","modified_gmt":"2025-05-22T11:41:29","slug":"antalyada-kaldirimlar-isgal-altinda","status":"publish","type":"post","link":"https:\/\/denizcankizil.tr\/ru\/haberler\/gundem\/antalyada-kaldirimlar-isgal-altinda\/","title":{"rendered":"Antalya&#8217;da kald\u0131r\u0131mlar i\u015fgal alt\u0131nda"},"content":{"rendered":"<p>Antalya\u2019n\u0131n i\u015flek caddelerinde bulunan restoran ve lokantalar\u0131n yayalar\u0131n ge\u00e7i\u015fin engelleyecek \u015fekilde masa ve sandalye bulundurmas\u0131 tepkilere yol a\u00e7t\u0131. Muratpa\u015fa \u0130l\u00e7esi \u0130smetpa\u015fa caddesinde bulunan bir lokantan\u0131n d\u0131\u015f b\u00f6l\u00fcmde kulland\u0131\u011f\u0131 masa sandalye say\u0131s\u0131 dikkatlerden ka\u00e7mad\u0131. \u0130\u015fletme sahibinin i\u015fgaliye bedeli \u00f6deyip \u00f6demedi\u011fi bilinmezken belediyelerin y\u00f6netmeliklerinde \u2018i\u015fyeri \u00f6nlerine i\u015fyeri cephesini ta\u015fmayacak ve yaya ge\u00e7i\u015fini engellemeyecek \u015fekilde ve say\u0131da tabela, masa, sandalye vs. konulmas\u0131na izin verilebilece\u011fi biliniyor.<\/p>\n<p>CEZA UYGULANACAK MI? <\/p>\n<p>Antalya K\u00f6rfez Gazetesi muhabiri Murat \u015eent\u00fcrk&#8217;\u00fcn haberine g\u00f6re; i\u015fletmelerin kald\u0131r\u0131m \u00fczerine ta\u015fan alanlar\u0131 kullanabilmesi i\u00e7in, genellikle belediyelerden al\u0131nacak bir izin gerekiyor. T\u00fcrkiye&#8217;de her belediyenin, kald\u0131r\u0131m kullan\u0131m\u0131 ile ilgili ayr\u0131 y\u00f6netmelikleri bulunuyor. Bu y\u00f6netmelikler, i\u015fletmelerin kald\u0131r\u0131mda hangi t\u00fcr faaliyetlerde bulunabilece\u011fini, hangi alan\u0131n kullan\u0131laca\u011f\u0131n\u0131 ve ne \u015fekilde kullan\u0131m yap\u0131lmas\u0131 gerekti\u011fini belirliyor. B\u00fcy\u00fck\u015fehir Belediyesi zab\u0131ta ekipleri ana arterler ve caddelerdeki i\u015fletmeleri denetliyor. \u0130l\u00e7e belediyeleri ise di\u011fer b\u00f6lgelerdeki i\u015fletmeler ve kald\u0131r\u0131mlardaki i\u015fgallerden sorumlu bulunuyor.<\/p>\n<p>\u200bTurizm sezonunun hareketlenmesiyle birlikte Antalya\u2019n\u0131n kent merkezindeki esnaf, daha fazla m\u00fc\u015fteri \u00e7ekebilmek i\u00e7in yayalar\u0131n ge\u00e7i\u015fini engelleyecek \u015fekilde kald\u0131r\u0131mlar\u0131 i\u015fgal etmeye ba\u015flad\u0131.\u00a0<\/p>\n<p>\u200bHaberin Al\u0131nt\u0131land\u0131\u011f\u0131 Kaynak: www.antalyakorfez.com<\/p>","protected":false},"excerpt":{"rendered":"<p>Antalya\u2019n\u0131n i\u015flek caddelerinde bulunan restoran ve lokantalar\u0131n yayalar\u0131n ge\u00e7i\u015fin engelleyecek \u015fekilde masa ve sandalye bulundurmas\u0131 tepkilere yol a\u00e7t\u0131. Muratpa\u015fa \u0130l\u00e7esi \u0130smetpa\u015fa caddesinde bulunan bir lokantan\u0131n d\u0131\u015f b\u00f6l\u00fcmde kulland\u0131\u011f\u0131 masa sandalye say\u0131s\u0131 dikkatlerden ka\u00e7mad\u0131. \u0130\u015fletme sahibinin i\u015fgaliye bedeli \u00f6deyip \u00f6demedi\u011fi bilinmezken belediyelerin y\u00f6netmeliklerinde \u2018i\u015fyeri \u00f6nlerine i\u015fyeri cephesini ta\u015fmayacak ve yaya ge\u00e7i\u015fini engellemeyecek \u015fekilde ve say\u0131da tabela, masa, sandalye vs. konulmas\u0131na izin verilebilece\u011fi biliniyor. CEZA UYGULANACAK MI? Antalya K\u00f6rfez Gazetesi muhabiri Murat \u015eent\u00fcrk&#8217;\u00fcn haberine g\u00f6re; i\u015fletmelerin kald\u0131r\u0131m \u00fczerine ta\u015fan alanlar\u0131 kullanabilmesi i\u00e7in, genellikle belediyelerden al\u0131nacak bir izin gerekiyor. T\u00fcrkiye&#8217;de her belediyenin, kald\u0131r\u0131m kullan\u0131m\u0131 ile ilgili ayr\u0131 y\u00f6netmelikleri bulunuyor. Bu y\u00f6netmelikler, i\u015fletmelerin kald\u0131r\u0131mda hangi t\u00fcr faaliyetlerde bulunabilece\u011fini, hangi alan\u0131n kullan\u0131laca\u011f\u0131n\u0131 ve ne \u015fekilde kullan\u0131m yap\u0131lmas\u0131 gerekti\u011fini belirliyor. B\u00fcy\u00fck\u015fehir Belediyesi zab\u0131ta ekipleri ana arterler ve caddelerdeki i\u015fletmeleri denetliyor. \u0130l\u00e7e belediyeleri ise di\u011fer b\u00f6lgelerdeki i\u015fletmeler ve kald\u0131r\u0131mlardaki i\u015fgallerden sorumlu bulunuyor. \u200bTurizm sezonunun hareketlenmesiyle birlikte Antalya\u2019n\u0131n kent merkezindeki esnaf, daha fazla m\u00fc\u015fteri \u00e7ekebilmek i\u00e7in yayalar\u0131n ge\u00e7i\u015fini engelleyecek \u015fekilde kald\u0131r\u0131mlar\u0131 i\u015fgal etmeye ba\u015flad\u0131.\u00a0 \u200bHaberin Al\u0131nt\u0131land\u0131\u011f\u0131 Kaynak: www.antalyakorfez.com<\/p>","protected":false},"author":5,"featured_media":0,"comment_status":"","ping_status":"open","sticky":false,"template":"","format":"standard","meta":{"_acf_changed":false,"footnotes":""},"categories":[24],"tags":[],"class_list":["post-94160","post","type-post","status-publish","format-standard","has-post-thumbnail","hentry","category-gundem"],"acf":[],"yoast_head":"<!-- This site is optimized with the Yoast SEO Premium plugin v26.6 (Yoast SEO v27.1.1) - https:\/\/yoast.com\/product\/yoast-seo-premium-wordpress\/ -->\n<title>Antalya&#039;da kald\u0131r\u0131mlar i\u015fgal alt\u0131nda - Av. Deniz Can K\u0131z\u0131l<\/title>\n<meta name=\"robots\" content=\"index, follow, max-snippet:-1, max-image-preview:large, max-video-preview:-1\" \/>\n<link rel=\"canonical\" href=\"https:\/\/denizcankizil.tr\/ru\/haberler\/gundem\/antalyada-kaldirimlar-isgal-altinda\/\" \/>\n<meta property=\"og:locale\" content=\"ru_RU\" \/>\n<meta property=\"og:type\" content=\"article\" \/>\n<meta property=\"og:title\" content=\"Antalya&#039;da kald\u0131r\u0131mlar i\u015fgal alt\u0131nda\" \/>\n<meta property=\"og:description\" content=\"Antalya\u2019n\u0131n i\u015flek caddelerinde bulunan restoran ve lokantalar\u0131n yayalar\u0131n ge\u00e7i\u015fin engelleyecek \u015fekilde masa ve sandalye bulundurmas\u0131 tepkilere yol a\u00e7t\u0131. Muratpa\u015fa \u0130l\u00e7esi \u0130smetpa\u015fa caddesinde bulunan bir lokantan\u0131n d\u0131\u015f b\u00f6l\u00fcmde kulland\u0131\u011f\u0131 masa sandalye say\u0131s\u0131 dikkatlerden ka\u00e7mad\u0131. \u0130\u015fletme sahibinin i\u015fgaliye bedeli \u00f6deyip \u00f6demedi\u011fi bilinmezken belediyelerin y\u00f6netmeliklerinde \u2018i\u015fyeri \u00f6nlerine i\u015fyeri cephesini ta\u015fmayacak ve yaya ge\u00e7i\u015fini engellemeyecek \u015fekilde ve say\u0131da tabela, masa, sandalye vs. konulmas\u0131na izin verilebilece\u011fi biliniyor. CEZA UYGULANACAK MI? Antalya K\u00f6rfez Gazetesi muhabiri Murat \u015eent\u00fcrk&#8217;\u00fcn haberine g\u00f6re; i\u015fletmelerin kald\u0131r\u0131m \u00fczerine ta\u015fan alanlar\u0131 kullanabilmesi i\u00e7in, genellikle belediyelerden al\u0131nacak bir izin gerekiyor. T\u00fcrkiye&#8217;de her belediyenin, kald\u0131r\u0131m kullan\u0131m\u0131 ile ilgili ayr\u0131 y\u00f6netmelikleri bulunuyor. Bu y\u00f6netmelikler, i\u015fletmelerin kald\u0131r\u0131mda hangi t\u00fcr faaliyetlerde bulunabilece\u011fini, hangi alan\u0131n kullan\u0131laca\u011f\u0131n\u0131 ve ne \u015fekilde kullan\u0131m yap\u0131lmas\u0131 gerekti\u011fini belirliyor. B\u00fcy\u00fck\u015fehir Belediyesi zab\u0131ta ekipleri ana arterler ve caddelerdeki i\u015fletmeleri denetliyor. \u0130l\u00e7e belediyeleri ise di\u011fer b\u00f6lgelerdeki i\u015fletmeler ve kald\u0131r\u0131mlardaki i\u015fgallerden sorumlu bulunuyor. \u200bTurizm sezonunun hareketlenmesiyle birlikte Antalya\u2019n\u0131n kent merkezindeki esnaf, daha fazla m\u00fc\u015fteri \u00e7ekebilmek i\u00e7in yayalar\u0131n ge\u00e7i\u015fini engelleyecek \u015fekilde kald\u0131r\u0131mlar\u0131 i\u015fgal etmeye ba\u015flad\u0131.\u00a0 \u200bHaberin Al\u0131nt\u0131land\u0131\u011f\u0131 Kaynak: www.antalyakorfez.com\" \/>\n<meta property=\"og:url\" content=\"https:\/\/denizcankizil.tr\/ru\/haberler\/gundem\/antalyada-kaldirimlar-isgal-altinda\/\" \/>\n<meta property=\"og:site_name\" content=\"Av. Deniz Can K\u0131z\u0131l\" \/>\n<meta property=\"article:published_time\" content=\"2025-05-22T11:41:29+00:00\" \/>\n<meta name=\"author\" content=\"Antalya K\u00f6rfez\" \/>\n<meta name=\"twitter:card\" content=\"summary_large_image\" \/>\n<meta name=\"twitter:label1\" content=\"\u041d\u0430\u043f\u0438\u0441\u0430\u043d\u043e \u0430\u0432\u0442\u043e\u0440\u043e\u043c\" \/>\n\t<meta name=\"twitter:data1\" content=\"Antalya K\u00f6rfez\" \/>\n\t<meta name=\"twitter:label2\" content=\"\u041f\u0440\u0438\u043c\u0435\u0440\u043d\u043e\u0435 \u0432\u0440\u0435\u043c\u044f \u0434\u043b\u044f \u0447\u0442\u0435\u043d\u0438\u044f\" \/>\n\t<meta name=\"twitter:data2\" content=\"1 \u043c\u0438\u043d\u0443\u0442\u0430\" \/>\n<script type=\"application\/ld+json\" class=\"yoast-schema-graph\">{\"@context\":\"https:\/\/schema.org\",\"@graph\":[{\"@type\":\"Article\",\"@id\":\"https:\/\/denizcankizil.tr\/ru\/haberler\/gundem\/antalyada-kaldirimlar-isgal-altinda\/#article\",\"isPartOf\":{\"@id\":\"https:\/\/denizcankizil.tr\/ru\/haberler\/gundem\/antalyada-kaldirimlar-isgal-altinda\/\"},\"author\":{\"name\":\"Antalya K\u00f6rfez\",\"@id\":\"https:\/\/denizcankizil.tr\/de\/#\/schema\/person\/e1eb71bb4dd684d46563f0af307e1234\"},\"headline\":\"Antalya&#8217;da kald\u0131r\u0131mlar i\u015fgal alt\u0131nda\",\"datePublished\":\"2025-05-22T11:41:29+00:00\",\"mainEntityOfPage\":{\"@id\":\"https:\/\/denizcankizil.tr\/ru\/haberler\/gundem\/antalyada-kaldirimlar-isgal-altinda\/\"},\"wordCount\":251,\"publisher\":{\"@id\":\"https:\/\/denizcankizil.tr\/de\/#organization\"},\"articleSection\":[\"G\u00fcndem\"],\"inLanguage\":\"ru-RU\"},{\"@type\":\"WebPage\",\"@id\":\"https:\/\/denizcankizil.tr\/ru\/haberler\/gundem\/antalyada-kaldirimlar-isgal-altinda\/\",\"url\":\"https:\/\/denizcankizil.tr\/ru\/haberler\/gundem\/antalyada-kaldirimlar-isgal-altinda\/\",\"name\":\"Antalya'da kald\u0131r\u0131mlar i\u015fgal alt\u0131nda - Av. Deniz Can K\u0131z\u0131l\",\"isPartOf\":{\"@id\":\"https:\/\/denizcankizil.tr\/de\/#website\"},\"datePublished\":\"2025-05-22T11:41:29+00:00\",\"breadcrumb\":{\"@id\":\"https:\/\/denizcankizil.tr\/ru\/haberler\/gundem\/antalyada-kaldirimlar-isgal-altinda\/#breadcrumb\"},\"inLanguage\":\"ru-RU\",\"potentialAction\":[{\"@type\":\"ReadAction\",\"target\":[\"https:\/\/denizcankizil.tr\/ru\/haberler\/gundem\/antalyada-kaldirimlar-isgal-altinda\/\"]}]},{\"@type\":\"BreadcrumbList\",\"@id\":\"https:\/\/denizcankizil.tr\/ru\/haberler\/gundem\/antalyada-kaldirimlar-isgal-altinda\/#breadcrumb\",\"itemListElement\":[{\"@type\":\"ListItem\",\"position\":1,\"name\":\"Home\",\"item\":\"https:\/\/denizcankizil.tr\/de\/\"},{\"@type\":\"ListItem\",\"position\":2,\"name\":\"Antalya&#8217;da kald\u0131r\u0131mlar i\u015fgal alt\u0131nda\"}]},{\"@type\":\"WebSite\",\"@id\":\"https:\/\/denizcankizil.tr\/de\/#website\",\"url\":\"https:\/\/denizcankizil.tr\/de\/\",\"name\":\"Av. Deniz Can K\u0131z\u0131l\",\"description\":\"Avukat Deniz Can K\u0131z\u0131l Antalya Barosu\",\"publisher\":{\"@id\":\"https:\/\/denizcankizil.tr\/de\/#organization\"},\"potentialAction\":[{\"@type\":\"SearchAction\",\"target\":{\"@type\":\"EntryPoint\",\"urlTemplate\":\"https:\/\/denizcankizil.tr\/de\/?s={search_term_string}\"},\"query-input\":{\"@type\":\"PropertyValueSpecification\",\"valueRequired\":true,\"valueName\":\"search_term_string\"}}],\"inLanguage\":\"ru-RU\"},{\"@type\":\"Organization\",\"@id\":\"https:\/\/denizcankizil.tr\/de\/#organization\",\"name\":\"Av. Deniz Can K\u0131z\u0131l\",\"url\":\"https:\/\/denizcankizil.tr\/de\/\",\"logo\":{\"@type\":\"ImageObject\",\"inLanguage\":\"ru-RU\",\"@id\":\"https:\/\/denizcankizil.tr\/de\/#\/schema\/logo\/image\/\",\"url\":\"https:\/\/denizcankizil.tr\/wp-content\/uploads\/2024\/10\/siyah-logo-svg.svg\",\"contentUrl\":\"https:\/\/denizcankizil.tr\/wp-content\/uploads\/2024\/10\/siyah-logo-svg.svg\",\"width\":1080,\"height\":1080,\"caption\":\"Av. Deniz Can K\u0131z\u0131l\"},\"image\":{\"@id\":\"https:\/\/denizcankizil.tr\/de\/#\/schema\/logo\/image\/\"}},{\"@type\":\"Person\",\"@id\":\"https:\/\/denizcankizil.tr\/de\/#\/schema\/person\/e1eb71bb4dd684d46563f0af307e1234\",\"name\":\"Antalya K\u00f6rfez\",\"image\":{\"@type\":\"ImageObject\",\"inLanguage\":\"ru-RU\",\"@id\":\"https:\/\/denizcankizil.tr\/de\/#\/schema\/person\/image\/\",\"url\":\"https:\/\/secure.gravatar.com\/avatar\/42b01982558a48a0b501fdcab6a408d3717ea5919095ee2e67b0e521799c5905?s=96&d=mm&r=g\",\"contentUrl\":\"https:\/\/secure.gravatar.com\/avatar\/42b01982558a48a0b501fdcab6a408d3717ea5919095ee2e67b0e521799c5905?s=96&d=mm&r=g\",\"caption\":\"Antalya K\u00f6rfez\"},\"sameAs\":[\"http:\/\/www.antalyakorfez.com\"],\"url\":\"https:\/\/www.antalyakorfez.com\/antalyada-kaldirimlar-isgal-altinda-1\"}]}<\/script>\n<!-- \/ Yoast SEO Premium plugin. -->","yoast_head_json":{"title":"Antalya'da kald\u0131r\u0131mlar i\u015fgal alt\u0131nda - Av. Deniz Can K\u0131z\u0131l","robots":{"index":"index","follow":"follow","max-snippet":"max-snippet:-1","max-image-preview":"max-image-preview:large","max-video-preview":"max-video-preview:-1"},"canonical":"https:\/\/denizcankizil.tr\/ru\/haberler\/gundem\/antalyada-kaldirimlar-isgal-altinda\/","og_locale":"ru_RU","og_type":"article","og_title":"Antalya'da kald\u0131r\u0131mlar i\u015fgal alt\u0131nda","og_description":"Antalya\u2019n\u0131n i\u015flek caddelerinde bulunan restoran ve lokantalar\u0131n yayalar\u0131n ge\u00e7i\u015fin engelleyecek \u015fekilde masa ve sandalye bulundurmas\u0131 tepkilere yol a\u00e7t\u0131. Muratpa\u015fa \u0130l\u00e7esi \u0130smetpa\u015fa caddesinde bulunan bir lokantan\u0131n d\u0131\u015f b\u00f6l\u00fcmde kulland\u0131\u011f\u0131 masa sandalye say\u0131s\u0131 dikkatlerden ka\u00e7mad\u0131. \u0130\u015fletme sahibinin i\u015fgaliye bedeli \u00f6deyip \u00f6demedi\u011fi bilinmezken belediyelerin y\u00f6netmeliklerinde \u2018i\u015fyeri \u00f6nlerine i\u015fyeri cephesini ta\u015fmayacak ve yaya ge\u00e7i\u015fini engellemeyecek \u015fekilde ve say\u0131da tabela, masa, sandalye vs. konulmas\u0131na izin verilebilece\u011fi biliniyor. CEZA UYGULANACAK MI? Antalya K\u00f6rfez Gazetesi muhabiri Murat \u015eent\u00fcrk&#8217;\u00fcn haberine g\u00f6re; i\u015fletmelerin kald\u0131r\u0131m \u00fczerine ta\u015fan alanlar\u0131 kullanabilmesi i\u00e7in, genellikle belediyelerden al\u0131nacak bir izin gerekiyor. T\u00fcrkiye&#8217;de her belediyenin, kald\u0131r\u0131m kullan\u0131m\u0131 ile ilgili ayr\u0131 y\u00f6netmelikleri bulunuyor. Bu y\u00f6netmelikler, i\u015fletmelerin kald\u0131r\u0131mda hangi t\u00fcr faaliyetlerde bulunabilece\u011fini, hangi alan\u0131n kullan\u0131laca\u011f\u0131n\u0131 ve ne \u015fekilde kullan\u0131m yap\u0131lmas\u0131 gerekti\u011fini belirliyor. B\u00fcy\u00fck\u015fehir Belediyesi zab\u0131ta ekipleri ana arterler ve caddelerdeki i\u015fletmeleri denetliyor. \u0130l\u00e7e belediyeleri ise di\u011fer b\u00f6lgelerdeki i\u015fletmeler ve kald\u0131r\u0131mlardaki i\u015fgallerden sorumlu bulunuyor. \u200bTurizm sezonunun hareketlenmesiyle birlikte Antalya\u2019n\u0131n kent merkezindeki esnaf, daha fazla m\u00fc\u015fteri \u00e7ekebilmek i\u00e7in yayalar\u0131n ge\u00e7i\u015fini engelleyecek \u015fekilde kald\u0131r\u0131mlar\u0131 i\u015fgal etmeye ba\u015flad\u0131.\u00a0 \u200bHaberin Al\u0131nt\u0131land\u0131\u011f\u0131 Kaynak: www.antalyakorfez.com","og_url":"https:\/\/denizcankizil.tr\/ru\/haberler\/gundem\/antalyada-kaldirimlar-isgal-altinda\/","og_site_name":"Av. Deniz Can K\u0131z\u0131l","article_published_time":"2025-05-22T11:41:29+00:00","author":"Antalya K\u00f6rfez","twitter_card":"summary_large_image","twitter_misc":{"\u041d\u0430\u043f\u0438\u0441\u0430\u043d\u043e \u0430\u0432\u0442\u043e\u0440\u043e\u043c":"Antalya K\u00f6rfez","\u041f\u0440\u0438\u043c\u0435\u0440\u043d\u043e\u0435 \u0432\u0440\u0435\u043c\u044f \u0434\u043b\u044f \u0447\u0442\u0435\u043d\u0438\u044f":"1 \u043c\u0438\u043d\u0443\u0442\u0430"},"schema":{"@context":"https:\/\/schema.org","@graph":[{"@type":"Article","@id":"https:\/\/denizcankizil.tr\/ru\/haberler\/gundem\/antalyada-kaldirimlar-isgal-altinda\/#article","isPartOf":{"@id":"https:\/\/denizcankizil.tr\/ru\/haberler\/gundem\/antalyada-kaldirimlar-isgal-altinda\/"},"author":{"name":"Antalya K\u00f6rfez","@id":"https:\/\/denizcankizil.tr\/de\/#\/schema\/person\/e1eb71bb4dd684d46563f0af307e1234"},"headline":"Antalya&#8217;da kald\u0131r\u0131mlar i\u015fgal alt\u0131nda","datePublished":"2025-05-22T11:41:29+00:00","mainEntityOfPage":{"@id":"https:\/\/denizcankizil.tr\/ru\/haberler\/gundem\/antalyada-kaldirimlar-isgal-altinda\/"},"wordCount":251,"publisher":{"@id":"https:\/\/denizcankizil.tr\/de\/#organization"},"articleSection":["G\u00fcndem"],"inLanguage":"ru-RU"},{"@type":"WebPage","@id":"https:\/\/denizcankizil.tr\/ru\/haberler\/gundem\/antalyada-kaldirimlar-isgal-altinda\/","url":"https:\/\/denizcankizil.tr\/ru\/haberler\/gundem\/antalyada-kaldirimlar-isgal-altinda\/","name":"Antalya'da kald\u0131r\u0131mlar i\u015fgal alt\u0131nda - Av. Deniz Can K\u0131z\u0131l","isPartOf":{"@id":"https:\/\/denizcankizil.tr\/de\/#website"},"datePublished":"2025-05-22T11:41:29+00:00","breadcrumb":{"@id":"https:\/\/denizcankizil.tr\/ru\/haberler\/gundem\/antalyada-kaldirimlar-isgal-altinda\/#breadcrumb"},"inLanguage":"ru-RU","potentialAction":[{"@type":"ReadAction","target":["https:\/\/denizcankizil.tr\/ru\/haberler\/gundem\/antalyada-kaldirimlar-isgal-altinda\/"]}]},{"@type":"BreadcrumbList","@id":"https:\/\/denizcankizil.tr\/ru\/haberler\/gundem\/antalyada-kaldirimlar-isgal-altinda\/#breadcrumb","itemListElement":[{"@type":"ListItem","position":1,"name":"Home","item":"https:\/\/denizcankizil.tr\/de\/"},{"@type":"ListItem","position":2,"name":"Antalya&#8217;da kald\u0131r\u0131mlar i\u015fgal alt\u0131nda"}]},{"@type":"WebSite","@id":"https:\/\/denizcankizil.tr\/de\/#website","url":"https:\/\/denizcankizil.tr\/de\/","name":"Av. Deniz Can K\u0131z\u0131l","description":"Avukat Deniz Can K\u0131z\u0131l Antalya Barosu","publisher":{"@id":"https:\/\/denizcankizil.tr\/de\/#organization"},"potentialAction":[{"@type":"SearchAction","target":{"@type":"EntryPoint","urlTemplate":"https:\/\/denizcankizil.tr\/de\/?s={search_term_string}"},"query-input":{"@type":"PropertyValueSpecification","valueRequired":true,"valueName":"search_term_string"}}],"inLanguage":"ru-RU"},{"@type":"Organization","@id":"https:\/\/denizcankizil.tr\/de\/#organization","name":"Av. Deniz Can K\u0131z\u0131l","url":"https:\/\/denizcankizil.tr\/de\/","logo":{"@type":"ImageObject","inLanguage":"ru-RU","@id":"https:\/\/denizcankizil.tr\/de\/#\/schema\/logo\/image\/","url":"https:\/\/denizcankizil.tr\/wp-content\/uploads\/2024\/10\/siyah-logo-svg.svg","contentUrl":"https:\/\/denizcankizil.tr\/wp-content\/uploads\/2024\/10\/siyah-logo-svg.svg","width":1080,"height":1080,"caption":"Av. Deniz Can K\u0131z\u0131l"},"image":{"@id":"https:\/\/denizcankizil.tr\/de\/#\/schema\/logo\/image\/"}},{"@type":"Person","@id":"https:\/\/denizcankizil.tr\/de\/#\/schema\/person\/e1eb71bb4dd684d46563f0af307e1234","name":"Antalya K\u00f6rfez","image":{"@type":"ImageObject","inLanguage":"ru-RU","@id":"https:\/\/denizcankizil.tr\/de\/#\/schema\/person\/image\/","url":"https:\/\/secure.gravatar.com\/avatar\/42b01982558a48a0b501fdcab6a408d3717ea5919095ee2e67b0e521799c5905?s=96&d=mm&r=g","contentUrl":"https:\/\/secure.gravatar.com\/avatar\/42b01982558a48a0b501fdcab6a408d3717ea5919095ee2e67b0e521799c5905?s=96&d=mm&r=g","caption":"Antalya K\u00f6rfez"},"sameAs":["http:\/\/www.antalyakorfez.com"],"url":"https:\/\/www.antalyakorfez.com\/antalyada-kaldirimlar-isgal-altinda-1"}]}},"_links":{"self":[{"href":"https:\/\/denizcankizil.tr\/ru\/wp-json\/wp\/v2\/posts\/94160","targetHints":{"allow":["GET"]}}],"collection":[{"href":"https:\/\/denizcankizil.tr\/ru\/wp-json\/wp\/v2\/posts"}],"about":[{"href":"https:\/\/denizcankizil.tr\/ru\/wp-json\/wp\/v2\/types\/post"}],"author":[{"embeddable":true,"href":"https:\/\/denizcankizil.tr\/ru\/wp-json\/wp\/v2\/users\/5"}],"replies":[{"embeddable":true,"href":"https:\/\/denizcankizil.tr\/ru\/wp-json\/wp\/v2\/comments?post=94160"}],"version-history":[{"count":0,"href":"https:\/\/denizcankizil.tr\/ru\/wp-json\/wp\/v2\/posts\/94160\/revisions"}],"wp:attachment":[{"href":"https:\/\/denizcankizil.tr\/ru\/wp-json\/wp\/v2\/media?parent=94160"}],"wp:term":[{"taxonomy":"category","embeddable":true,"href":"https:\/\/denizcankizil.tr\/ru\/wp-json\/wp\/v2\/categories?post=94160"},{"taxonomy":"post_tag","embeddable":true,"href":"https:\/\/denizcankizil.tr\/ru\/wp-json\/wp\/v2\/tags?post=94160"}],"curies":[{"name":"wp","href":"https:\/\/api.w.org\/{rel}","templated":true}]}}