{"id":94075,"date":"2025-05-22T10:42:18","date_gmt":"2025-05-22T07:42:18","guid":{"rendered":"https:\/\/denizcankizil.tr\/uncategorized-tr\/izmit-belediye-baskani-hurriyet-komisyon-uyeligini-korudu\/"},"modified":"2025-05-22T10:42:18","modified_gmt":"2025-05-22T07:42:18","slug":"izmit-belediye-baskani-hurriyet-komisyon-uyeligini-korudu","status":"publish","type":"post","link":"https:\/\/denizcankizil.tr\/ru\/haberler\/gundem\/izmit-belediye-baskani-hurriyet-komisyon-uyeligini-korudu\/","title":{"rendered":"\u0130zmit Belediye Ba\u015fkan\u0131 H\u00fcrriyet, komisyon \u00fcyeli\u011fini korudu"},"content":{"rendered":"<p>Kocaeli \u0130zmit Belediye Ba\u015fkan\u0131 Fatma Kaplan H\u00fcrriyet, Tarihi Kentler Birli\u011fi\u2019nin Plan ve B\u00fct\u00e7e Komisyonu \u00fcyeli\u011fine oybirli\u011fiyle yeniden se\u00e7ildi.KOCAEL\u0130 (\u0130GFA) &#8211; Tarihi Kentler Birli\u011fi\u2019nin Ola\u011fan 1. Birlik Meclisi Toplant\u0131s\u0131, \u201cMilli M\u00fccadele Rotas\u0131 Kongresi\u201d kapsam\u0131nda Konya\u2019n\u0131n Ak\u015fehir il\u00e7esinde ger\u00e7ekle\u015ftirildi.  T\u00fcrkiye\u2019nin d\u00f6rt bir yan\u0131ndan belediye ba\u015fkanlar\u0131 ve yerel y\u00f6neticilerin kat\u0131ld\u0131\u011f\u0131 toplant\u0131da, birli\u011fin yeni d\u00f6nem \u00e7al\u0131\u015fmalar\u0131 \u015fekillendirilirken b, komisyon \u00fcyelikleri de yeniden belirlendi.<br \/>\nH\u00dcRR\u0130YET YEN\u0130DEN SORUMLULUK \u00dcSTLEND\u0130<br \/>\nToplant\u0131da \u0130zmit Belediye Ba\u015fkan\u0131 Fatma Kaplan H\u00fcrriyet, Tarihi Kentler Birli\u011fi\u2019nin Plan ve B\u00fct\u00e7e Komisyonu \u00fcyeli\u011fine oybirli\u011fiyle yeniden se\u00e7ildi.  Daha \u00f6nceki d\u00f6nemde de ayn\u0131 komisyonda g\u00f6rev alan Ba\u015fkan H\u00fcrriyet, yerel y\u00f6netim tecr\u00fcbesi ve mali disiplindeki kararl\u0131 duru\u015fuyla birli\u011fin en \u00f6nemli komisyonlar\u0131ndan birinde yeniden sorumluluk \u00fcstlenmi\u015f oldu.<\/p>\n<p>\u200bKocaeli \u0130zmit Belediye Ba\u015fkan\u0131 Fatma Kaplan H\u00fcrriyet, Tarihi Kentler Birli\u011fi\u2019nin Plan ve B\u00fct\u00e7e Komisyonu \u00fcyeli\u011fine oybirli\u011fiyle yeniden se\u00e7ildi.KOCAEL\u0130 (\u0130GFA) &#8211; Tarihi Kentler Birli\u011fi\u2019nin Ola\u011fan 1. Birlik Meclisi Toplant\u0131s\u0131, \u201cMilli M\u00fccadele Rotas\u0131 Kongresi\u201d kapsam\u0131nda Konya\u2019n\u0131n Ak\u015fehir il\u00e7esinde ger\u00e7ekle\u015ftirildi.  T\u00fcrkiye\u2019nin d\u00f6rt bir yan\u0131ndan belediye ba\u015fkanlar\u0131 ve yerel y\u00f6neticilerin kat\u0131ld\u0131\u011f\u0131 toplant\u0131da, birli\u011fin yeni d\u00f6nem \u00e7al\u0131\u015fmalar\u0131 \u015fekillendirilirken b, komisyon \u00fcyelikleri de yeniden belirlendi.<br \/>\nH\u00dcRR\u0130YET YEN\u0130DEN SORUMLULUK \u00dcSTLEND\u0130<br \/>\nToplant\u0131da \u0130zmit Belediye Ba\u015fkan\u0131 Fatma Kaplan H\u00fcrriyet, Tarihi Kentler Birli\u011fi\u2019nin Plan ve B\u00fct\u00e7e Komisyonu \u00fcyeli\u011fine oybirli\u011fiyle yeniden se\u00e7ildi.  Daha \u00f6nceki d\u00f6nemde de ayn\u0131 komisyonda g\u00f6rev alan Ba\u015fkan H\u00fcrriyet, yerel y\u00f6netim tecr\u00fcbesi ve mali disiplindeki kararl\u0131 duru\u015fuyla birli\u011fin en \u00f6nemli komisyonlar\u0131ndan birinde yeniden sorumluluk \u00fcstlenmi\u015f oldu.\u00a0<\/p>\n<p>\u200bHaberin Al\u0131nt\u0131land\u0131\u011f\u0131 Kaynak: www.iskenderun.org<\/p>","protected":false},"excerpt":{"rendered":"<p>Kocaeli \u0130zmit Belediye Ba\u015fkan\u0131 Fatma Kaplan H\u00fcrriyet, Tarihi Kentler Birli\u011fi\u2019nin Plan ve B\u00fct\u00e7e Komisyonu \u00fcyeli\u011fine oybirli\u011fiyle yeniden se\u00e7ildi.KOCAEL\u0130 (\u0130GFA) &#8211; Tarihi Kentler Birli\u011fi\u2019nin Ola\u011fan 1. Birlik Meclisi Toplant\u0131s\u0131, \u201cMilli M\u00fccadele Rotas\u0131 Kongresi\u201d kapsam\u0131nda Konya\u2019n\u0131n Ak\u015fehir il\u00e7esinde ger\u00e7ekle\u015ftirildi. T\u00fcrkiye\u2019nin d\u00f6rt bir yan\u0131ndan belediye ba\u015fkanlar\u0131 ve yerel y\u00f6neticilerin kat\u0131ld\u0131\u011f\u0131 toplant\u0131da, birli\u011fin yeni d\u00f6nem \u00e7al\u0131\u015fmalar\u0131 \u015fekillendirilirken b, komisyon \u00fcyelikleri de yeniden belirlendi. H\u00dcRR\u0130YET YEN\u0130DEN SORUMLULUK \u00dcSTLEND\u0130 Toplant\u0131da \u0130zmit Belediye Ba\u015fkan\u0131 Fatma Kaplan H\u00fcrriyet, Tarihi Kentler Birli\u011fi\u2019nin Plan ve B\u00fct\u00e7e Komisyonu \u00fcyeli\u011fine oybirli\u011fiyle yeniden se\u00e7ildi. Daha \u00f6nceki d\u00f6nemde de ayn\u0131 komisyonda g\u00f6rev alan Ba\u015fkan H\u00fcrriyet, yerel y\u00f6netim tecr\u00fcbesi ve mali disiplindeki kararl\u0131 duru\u015fuyla birli\u011fin en \u00f6nemli komisyonlar\u0131ndan birinde yeniden sorumluluk \u00fcstlenmi\u015f oldu. \u200bKocaeli \u0130zmit Belediye Ba\u015fkan\u0131 Fatma Kaplan H\u00fcrriyet, Tarihi Kentler Birli\u011fi\u2019nin Plan ve B\u00fct\u00e7e Komisyonu \u00fcyeli\u011fine oybirli\u011fiyle yeniden se\u00e7ildi.KOCAEL\u0130 (\u0130GFA) &#8211; Tarihi Kentler Birli\u011fi\u2019nin Ola\u011fan 1. Birlik Meclisi Toplant\u0131s\u0131, \u201cMilli M\u00fccadele Rotas\u0131 Kongresi\u201d kapsam\u0131nda Konya\u2019n\u0131n Ak\u015fehir il\u00e7esinde ger\u00e7ekle\u015ftirildi. T\u00fcrkiye\u2019nin d\u00f6rt bir yan\u0131ndan belediye ba\u015fkanlar\u0131 ve yerel y\u00f6neticilerin kat\u0131ld\u0131\u011f\u0131 toplant\u0131da, birli\u011fin yeni d\u00f6nem \u00e7al\u0131\u015fmalar\u0131 \u015fekillendirilirken b, komisyon \u00fcyelikleri de yeniden belirlendi. H\u00dcRR\u0130YET YEN\u0130DEN SORUMLULUK \u00dcSTLEND\u0130 Toplant\u0131da \u0130zmit Belediye Ba\u015fkan\u0131 Fatma Kaplan H\u00fcrriyet, Tarihi Kentler Birli\u011fi\u2019nin Plan ve B\u00fct\u00e7e Komisyonu \u00fcyeli\u011fine oybirli\u011fiyle yeniden se\u00e7ildi. Daha \u00f6nceki d\u00f6nemde de ayn\u0131 komisyonda g\u00f6rev alan Ba\u015fkan H\u00fcrriyet, yerel &hellip;<\/p>","protected":false},"author":1,"featured_media":0,"comment_status":"","ping_status":"open","sticky":false,"template":"","format":"standard","meta":{"_acf_changed":false,"footnotes":""},"categories":[24],"tags":[],"class_list":["post-94075","post","type-post","status-publish","format-standard","has-post-thumbnail","hentry","category-gundem"],"acf":[],"yoast_head":"<!-- This site is optimized with the Yoast SEO Premium plugin v26.6 (Yoast SEO v27.1.1) - https:\/\/yoast.com\/product\/yoast-seo-premium-wordpress\/ -->\n<title>\u0130zmit Belediye Ba\u015fkan\u0131 H\u00fcrriyet, komisyon \u00fcyeli\u011fini korudu - Av. Deniz Can K\u0131z\u0131l<\/title>\n<meta name=\"robots\" content=\"index, follow, max-snippet:-1, max-image-preview:large, max-video-preview:-1\" \/>\n<link rel=\"canonical\" href=\"https:\/\/denizcankizil.tr\/ru\/haberler\/gundem\/izmit-belediye-baskani-hurriyet-komisyon-uyeligini-korudu\/\" \/>\n<meta property=\"og:locale\" content=\"ru_RU\" \/>\n<meta property=\"og:type\" content=\"article\" \/>\n<meta property=\"og:title\" content=\"\u0130zmit Belediye Ba\u015fkan\u0131 H\u00fcrriyet, komisyon \u00fcyeli\u011fini korudu\" \/>\n<meta property=\"og:description\" content=\"Kocaeli \u0130zmit Belediye Ba\u015fkan\u0131 Fatma Kaplan H\u00fcrriyet, Tarihi Kentler Birli\u011fi\u2019nin Plan ve B\u00fct\u00e7e Komisyonu \u00fcyeli\u011fine oybirli\u011fiyle yeniden se\u00e7ildi.KOCAEL\u0130 (\u0130GFA) &#8211; Tarihi Kentler Birli\u011fi\u2019nin Ola\u011fan 1. Birlik Meclisi Toplant\u0131s\u0131, \u201cMilli M\u00fccadele Rotas\u0131 Kongresi\u201d kapsam\u0131nda Konya\u2019n\u0131n Ak\u015fehir il\u00e7esinde ger\u00e7ekle\u015ftirildi. T\u00fcrkiye\u2019nin d\u00f6rt bir yan\u0131ndan belediye ba\u015fkanlar\u0131 ve yerel y\u00f6neticilerin kat\u0131ld\u0131\u011f\u0131 toplant\u0131da, birli\u011fin yeni d\u00f6nem \u00e7al\u0131\u015fmalar\u0131 \u015fekillendirilirken b, komisyon \u00fcyelikleri de yeniden belirlendi. H\u00dcRR\u0130YET YEN\u0130DEN SORUMLULUK \u00dcSTLEND\u0130 Toplant\u0131da \u0130zmit Belediye Ba\u015fkan\u0131 Fatma Kaplan H\u00fcrriyet, Tarihi Kentler Birli\u011fi\u2019nin Plan ve B\u00fct\u00e7e Komisyonu \u00fcyeli\u011fine oybirli\u011fiyle yeniden se\u00e7ildi. Daha \u00f6nceki d\u00f6nemde de ayn\u0131 komisyonda g\u00f6rev alan Ba\u015fkan H\u00fcrriyet, yerel y\u00f6netim tecr\u00fcbesi ve mali disiplindeki kararl\u0131 duru\u015fuyla birli\u011fin en \u00f6nemli komisyonlar\u0131ndan birinde yeniden sorumluluk \u00fcstlenmi\u015f oldu. \u200bKocaeli \u0130zmit Belediye Ba\u015fkan\u0131 Fatma Kaplan H\u00fcrriyet, Tarihi Kentler Birli\u011fi\u2019nin Plan ve B\u00fct\u00e7e Komisyonu \u00fcyeli\u011fine oybirli\u011fiyle yeniden se\u00e7ildi.KOCAEL\u0130 (\u0130GFA) &#8211; Tarihi Kentler Birli\u011fi\u2019nin Ola\u011fan 1. Birlik Meclisi Toplant\u0131s\u0131, \u201cMilli M\u00fccadele Rotas\u0131 Kongresi\u201d kapsam\u0131nda Konya\u2019n\u0131n Ak\u015fehir il\u00e7esinde ger\u00e7ekle\u015ftirildi. T\u00fcrkiye\u2019nin d\u00f6rt bir yan\u0131ndan belediye ba\u015fkanlar\u0131 ve yerel y\u00f6neticilerin kat\u0131ld\u0131\u011f\u0131 toplant\u0131da, birli\u011fin yeni d\u00f6nem \u00e7al\u0131\u015fmalar\u0131 \u015fekillendirilirken b, komisyon \u00fcyelikleri de yeniden belirlendi. H\u00dcRR\u0130YET YEN\u0130DEN SORUMLULUK \u00dcSTLEND\u0130 Toplant\u0131da \u0130zmit Belediye Ba\u015fkan\u0131 Fatma Kaplan H\u00fcrriyet, Tarihi Kentler Birli\u011fi\u2019nin Plan ve B\u00fct\u00e7e Komisyonu \u00fcyeli\u011fine oybirli\u011fiyle yeniden se\u00e7ildi. Daha \u00f6nceki d\u00f6nemde de ayn\u0131 komisyonda g\u00f6rev alan Ba\u015fkan H\u00fcrriyet, yerel &hellip;\" \/>\n<meta property=\"og:url\" content=\"https:\/\/denizcankizil.tr\/ru\/haberler\/gundem\/izmit-belediye-baskani-hurriyet-komisyon-uyeligini-korudu\/\" \/>\n<meta property=\"og:site_name\" content=\"Av. Deniz Can K\u0131z\u0131l\" \/>\n<meta property=\"article:published_time\" content=\"2025-05-22T07:42:18+00:00\" \/>\n<meta name=\"author\" content=\"admin\" \/>\n<meta name=\"twitter:card\" content=\"summary_large_image\" \/>\n<meta name=\"twitter:label1\" content=\"\u041d\u0430\u043f\u0438\u0441\u0430\u043d\u043e \u0430\u0432\u0442\u043e\u0440\u043e\u043c\" \/>\n\t<meta name=\"twitter:data1\" content=\"admin\" \/>\n\t<meta name=\"twitter:label2\" content=\"\u041f\u0440\u0438\u043c\u0435\u0440\u043d\u043e\u0435 \u0432\u0440\u0435\u043c\u044f \u0434\u043b\u044f \u0447\u0442\u0435\u043d\u0438\u044f\" \/>\n\t<meta name=\"twitter:data2\" content=\"2 \u043c\u0438\u043d\u0443\u0442\u044b\" \/>\n<script type=\"application\/ld+json\" class=\"yoast-schema-graph\">{\"@context\":\"https:\/\/schema.org\",\"@graph\":[{\"@type\":\"Article\",\"@id\":\"https:\/\/denizcankizil.tr\/ru\/haberler\/gundem\/izmit-belediye-baskani-hurriyet-komisyon-uyeligini-korudu\/#article\",\"isPartOf\":{\"@id\":\"https:\/\/denizcankizil.tr\/ru\/haberler\/gundem\/izmit-belediye-baskani-hurriyet-komisyon-uyeligini-korudu\/\"},\"author\":{\"name\":\"admin\",\"@id\":\"https:\/\/denizcankizil.tr\/de\/#\/schema\/person\/be3c05fe6a12686905512445d8185489\"},\"headline\":\"\u0130zmit Belediye Ba\u015fkan\u0131 H\u00fcrriyet, komisyon \u00fcyeli\u011fini korudu\",\"datePublished\":\"2025-05-22T07:42:18+00:00\",\"mainEntityOfPage\":{\"@id\":\"https:\/\/denizcankizil.tr\/ru\/haberler\/gundem\/izmit-belediye-baskani-hurriyet-komisyon-uyeligini-korudu\/\"},\"wordCount\":342,\"publisher\":{\"@id\":\"https:\/\/denizcankizil.tr\/de\/#organization\"},\"articleSection\":[\"G\u00fcndem\"],\"inLanguage\":\"ru-RU\"},{\"@type\":\"WebPage\",\"@id\":\"https:\/\/denizcankizil.tr\/ru\/haberler\/gundem\/izmit-belediye-baskani-hurriyet-komisyon-uyeligini-korudu\/\",\"url\":\"https:\/\/denizcankizil.tr\/ru\/haberler\/gundem\/izmit-belediye-baskani-hurriyet-komisyon-uyeligini-korudu\/\",\"name\":\"\u0130zmit Belediye Ba\u015fkan\u0131 H\u00fcrriyet, komisyon \u00fcyeli\u011fini korudu - Av. Deniz Can K\u0131z\u0131l\",\"isPartOf\":{\"@id\":\"https:\/\/denizcankizil.tr\/de\/#website\"},\"datePublished\":\"2025-05-22T07:42:18+00:00\",\"breadcrumb\":{\"@id\":\"https:\/\/denizcankizil.tr\/ru\/haberler\/gundem\/izmit-belediye-baskani-hurriyet-komisyon-uyeligini-korudu\/#breadcrumb\"},\"inLanguage\":\"ru-RU\",\"potentialAction\":[{\"@type\":\"ReadAction\",\"target\":[\"https:\/\/denizcankizil.tr\/ru\/haberler\/gundem\/izmit-belediye-baskani-hurriyet-komisyon-uyeligini-korudu\/\"]}]},{\"@type\":\"BreadcrumbList\",\"@id\":\"https:\/\/denizcankizil.tr\/ru\/haberler\/gundem\/izmit-belediye-baskani-hurriyet-komisyon-uyeligini-korudu\/#breadcrumb\",\"itemListElement\":[{\"@type\":\"ListItem\",\"position\":1,\"name\":\"Home\",\"item\":\"https:\/\/denizcankizil.tr\/de\/\"},{\"@type\":\"ListItem\",\"position\":2,\"name\":\"\u0130zmit Belediye Ba\u015fkan\u0131 H\u00fcrriyet, komisyon \u00fcyeli\u011fini korudu\"}]},{\"@type\":\"WebSite\",\"@id\":\"https:\/\/denizcankizil.tr\/de\/#website\",\"url\":\"https:\/\/denizcankizil.tr\/de\/\",\"name\":\"Av. Deniz Can K\u0131z\u0131l\",\"description\":\"Avukat Deniz Can K\u0131z\u0131l Antalya Barosu\",\"publisher\":{\"@id\":\"https:\/\/denizcankizil.tr\/de\/#organization\"},\"potentialAction\":[{\"@type\":\"SearchAction\",\"target\":{\"@type\":\"EntryPoint\",\"urlTemplate\":\"https:\/\/denizcankizil.tr\/de\/?s={search_term_string}\"},\"query-input\":{\"@type\":\"PropertyValueSpecification\",\"valueRequired\":true,\"valueName\":\"search_term_string\"}}],\"inLanguage\":\"ru-RU\"},{\"@type\":\"Organization\",\"@id\":\"https:\/\/denizcankizil.tr\/de\/#organization\",\"name\":\"Av. Deniz Can K\u0131z\u0131l\",\"url\":\"https:\/\/denizcankizil.tr\/de\/\",\"logo\":{\"@type\":\"ImageObject\",\"inLanguage\":\"ru-RU\",\"@id\":\"https:\/\/denizcankizil.tr\/de\/#\/schema\/logo\/image\/\",\"url\":\"https:\/\/denizcankizil.tr\/wp-content\/uploads\/2024\/10\/siyah-logo-svg.svg\",\"contentUrl\":\"https:\/\/denizcankizil.tr\/wp-content\/uploads\/2024\/10\/siyah-logo-svg.svg\",\"width\":1080,\"height\":1080,\"caption\":\"Av. Deniz Can K\u0131z\u0131l\"},\"image\":{\"@id\":\"https:\/\/denizcankizil.tr\/de\/#\/schema\/logo\/image\/\"}},{\"@type\":\"Person\",\"@id\":\"https:\/\/denizcankizil.tr\/de\/#\/schema\/person\/be3c05fe6a12686905512445d8185489\",\"name\":\"admin\",\"image\":{\"@type\":\"ImageObject\",\"inLanguage\":\"ru-RU\",\"@id\":\"https:\/\/denizcankizil.tr\/de\/#\/schema\/person\/image\/\",\"url\":\"https:\/\/secure.gravatar.com\/avatar\/c1fce94c830dc79107e174f890d7210541c4a63e8e5d816341794a2151c9d58c?s=96&d=mm&r=g\",\"contentUrl\":\"https:\/\/secure.gravatar.com\/avatar\/c1fce94c830dc79107e174f890d7210541c4a63e8e5d816341794a2151c9d58c?s=96&d=mm&r=g\",\"caption\":\"admin\"},\"sameAs\":[\"http:\/\/denizcankizil.tr\"],\"url\":\"https:\/\/www.iskenderun.org\/izmit-belediye-baskani-hurriyet-komisyon-uyeligini-korudu\"}]}<\/script>\n<!-- \/ Yoast SEO Premium plugin. -->","yoast_head_json":{"title":"\u0130zmit Belediye Ba\u015fkan\u0131 H\u00fcrriyet, komisyon \u00fcyeli\u011fini korudu - Av. Deniz Can K\u0131z\u0131l","robots":{"index":"index","follow":"follow","max-snippet":"max-snippet:-1","max-image-preview":"max-image-preview:large","max-video-preview":"max-video-preview:-1"},"canonical":"https:\/\/denizcankizil.tr\/ru\/haberler\/gundem\/izmit-belediye-baskani-hurriyet-komisyon-uyeligini-korudu\/","og_locale":"ru_RU","og_type":"article","og_title":"\u0130zmit Belediye Ba\u015fkan\u0131 H\u00fcrriyet, komisyon \u00fcyeli\u011fini korudu","og_description":"Kocaeli \u0130zmit Belediye Ba\u015fkan\u0131 Fatma Kaplan H\u00fcrriyet, Tarihi Kentler Birli\u011fi\u2019nin Plan ve B\u00fct\u00e7e Komisyonu \u00fcyeli\u011fine oybirli\u011fiyle yeniden se\u00e7ildi.KOCAEL\u0130 (\u0130GFA) &#8211; Tarihi Kentler Birli\u011fi\u2019nin Ola\u011fan 1. Birlik Meclisi Toplant\u0131s\u0131, \u201cMilli M\u00fccadele Rotas\u0131 Kongresi\u201d kapsam\u0131nda Konya\u2019n\u0131n Ak\u015fehir il\u00e7esinde ger\u00e7ekle\u015ftirildi. T\u00fcrkiye\u2019nin d\u00f6rt bir yan\u0131ndan belediye ba\u015fkanlar\u0131 ve yerel y\u00f6neticilerin kat\u0131ld\u0131\u011f\u0131 toplant\u0131da, birli\u011fin yeni d\u00f6nem \u00e7al\u0131\u015fmalar\u0131 \u015fekillendirilirken b, komisyon \u00fcyelikleri de yeniden belirlendi. H\u00dcRR\u0130YET YEN\u0130DEN SORUMLULUK \u00dcSTLEND\u0130 Toplant\u0131da \u0130zmit Belediye Ba\u015fkan\u0131 Fatma Kaplan H\u00fcrriyet, Tarihi Kentler Birli\u011fi\u2019nin Plan ve B\u00fct\u00e7e Komisyonu \u00fcyeli\u011fine oybirli\u011fiyle yeniden se\u00e7ildi. Daha \u00f6nceki d\u00f6nemde de ayn\u0131 komisyonda g\u00f6rev alan Ba\u015fkan H\u00fcrriyet, yerel y\u00f6netim tecr\u00fcbesi ve mali disiplindeki kararl\u0131 duru\u015fuyla birli\u011fin en \u00f6nemli komisyonlar\u0131ndan birinde yeniden sorumluluk \u00fcstlenmi\u015f oldu. \u200bKocaeli \u0130zmit Belediye Ba\u015fkan\u0131 Fatma Kaplan H\u00fcrriyet, Tarihi Kentler Birli\u011fi\u2019nin Plan ve B\u00fct\u00e7e Komisyonu \u00fcyeli\u011fine oybirli\u011fiyle yeniden se\u00e7ildi.KOCAEL\u0130 (\u0130GFA) &#8211; Tarihi Kentler Birli\u011fi\u2019nin Ola\u011fan 1. Birlik Meclisi Toplant\u0131s\u0131, \u201cMilli M\u00fccadele Rotas\u0131 Kongresi\u201d kapsam\u0131nda Konya\u2019n\u0131n Ak\u015fehir il\u00e7esinde ger\u00e7ekle\u015ftirildi. T\u00fcrkiye\u2019nin d\u00f6rt bir yan\u0131ndan belediye ba\u015fkanlar\u0131 ve yerel y\u00f6neticilerin kat\u0131ld\u0131\u011f\u0131 toplant\u0131da, birli\u011fin yeni d\u00f6nem \u00e7al\u0131\u015fmalar\u0131 \u015fekillendirilirken b, komisyon \u00fcyelikleri de yeniden belirlendi. H\u00dcRR\u0130YET YEN\u0130DEN SORUMLULUK \u00dcSTLEND\u0130 Toplant\u0131da \u0130zmit Belediye Ba\u015fkan\u0131 Fatma Kaplan H\u00fcrriyet, Tarihi Kentler Birli\u011fi\u2019nin Plan ve B\u00fct\u00e7e Komisyonu \u00fcyeli\u011fine oybirli\u011fiyle yeniden se\u00e7ildi. Daha \u00f6nceki d\u00f6nemde de ayn\u0131 komisyonda g\u00f6rev alan Ba\u015fkan H\u00fcrriyet, yerel &hellip;","og_url":"https:\/\/denizcankizil.tr\/ru\/haberler\/gundem\/izmit-belediye-baskani-hurriyet-komisyon-uyeligini-korudu\/","og_site_name":"Av. Deniz Can K\u0131z\u0131l","article_published_time":"2025-05-22T07:42:18+00:00","author":"admin","twitter_card":"summary_large_image","twitter_misc":{"\u041d\u0430\u043f\u0438\u0441\u0430\u043d\u043e \u0430\u0432\u0442\u043e\u0440\u043e\u043c":"admin","\u041f\u0440\u0438\u043c\u0435\u0440\u043d\u043e\u0435 \u0432\u0440\u0435\u043c\u044f \u0434\u043b\u044f \u0447\u0442\u0435\u043d\u0438\u044f":"2 \u043c\u0438\u043d\u0443\u0442\u044b"},"schema":{"@context":"https:\/\/schema.org","@graph":[{"@type":"Article","@id":"https:\/\/denizcankizil.tr\/ru\/haberler\/gundem\/izmit-belediye-baskani-hurriyet-komisyon-uyeligini-korudu\/#article","isPartOf":{"@id":"https:\/\/denizcankizil.tr\/ru\/haberler\/gundem\/izmit-belediye-baskani-hurriyet-komisyon-uyeligini-korudu\/"},"author":{"name":"admin","@id":"https:\/\/denizcankizil.tr\/de\/#\/schema\/person\/be3c05fe6a12686905512445d8185489"},"headline":"\u0130zmit Belediye Ba\u015fkan\u0131 H\u00fcrriyet, komisyon \u00fcyeli\u011fini korudu","datePublished":"2025-05-22T07:42:18+00:00","mainEntityOfPage":{"@id":"https:\/\/denizcankizil.tr\/ru\/haberler\/gundem\/izmit-belediye-baskani-hurriyet-komisyon-uyeligini-korudu\/"},"wordCount":342,"publisher":{"@id":"https:\/\/denizcankizil.tr\/de\/#organization"},"articleSection":["G\u00fcndem"],"inLanguage":"ru-RU"},{"@type":"WebPage","@id":"https:\/\/denizcankizil.tr\/ru\/haberler\/gundem\/izmit-belediye-baskani-hurriyet-komisyon-uyeligini-korudu\/","url":"https:\/\/denizcankizil.tr\/ru\/haberler\/gundem\/izmit-belediye-baskani-hurriyet-komisyon-uyeligini-korudu\/","name":"\u0130zmit Belediye Ba\u015fkan\u0131 H\u00fcrriyet, komisyon \u00fcyeli\u011fini korudu - Av. Deniz Can K\u0131z\u0131l","isPartOf":{"@id":"https:\/\/denizcankizil.tr\/de\/#website"},"datePublished":"2025-05-22T07:42:18+00:00","breadcrumb":{"@id":"https:\/\/denizcankizil.tr\/ru\/haberler\/gundem\/izmit-belediye-baskani-hurriyet-komisyon-uyeligini-korudu\/#breadcrumb"},"inLanguage":"ru-RU","potentialAction":[{"@type":"ReadAction","target":["https:\/\/denizcankizil.tr\/ru\/haberler\/gundem\/izmit-belediye-baskani-hurriyet-komisyon-uyeligini-korudu\/"]}]},{"@type":"BreadcrumbList","@id":"https:\/\/denizcankizil.tr\/ru\/haberler\/gundem\/izmit-belediye-baskani-hurriyet-komisyon-uyeligini-korudu\/#breadcrumb","itemListElement":[{"@type":"ListItem","position":1,"name":"Home","item":"https:\/\/denizcankizil.tr\/de\/"},{"@type":"ListItem","position":2,"name":"\u0130zmit Belediye Ba\u015fkan\u0131 H\u00fcrriyet, komisyon \u00fcyeli\u011fini korudu"}]},{"@type":"WebSite","@id":"https:\/\/denizcankizil.tr\/de\/#website","url":"https:\/\/denizcankizil.tr\/de\/","name":"Av. Deniz Can K\u0131z\u0131l","description":"Avukat Deniz Can K\u0131z\u0131l Antalya Barosu","publisher":{"@id":"https:\/\/denizcankizil.tr\/de\/#organization"},"potentialAction":[{"@type":"SearchAction","target":{"@type":"EntryPoint","urlTemplate":"https:\/\/denizcankizil.tr\/de\/?s={search_term_string}"},"query-input":{"@type":"PropertyValueSpecification","valueRequired":true,"valueName":"search_term_string"}}],"inLanguage":"ru-RU"},{"@type":"Organization","@id":"https:\/\/denizcankizil.tr\/de\/#organization","name":"Av. Deniz Can K\u0131z\u0131l","url":"https:\/\/denizcankizil.tr\/de\/","logo":{"@type":"ImageObject","inLanguage":"ru-RU","@id":"https:\/\/denizcankizil.tr\/de\/#\/schema\/logo\/image\/","url":"https:\/\/denizcankizil.tr\/wp-content\/uploads\/2024\/10\/siyah-logo-svg.svg","contentUrl":"https:\/\/denizcankizil.tr\/wp-content\/uploads\/2024\/10\/siyah-logo-svg.svg","width":1080,"height":1080,"caption":"Av. Deniz Can K\u0131z\u0131l"},"image":{"@id":"https:\/\/denizcankizil.tr\/de\/#\/schema\/logo\/image\/"}},{"@type":"Person","@id":"https:\/\/denizcankizil.tr\/de\/#\/schema\/person\/be3c05fe6a12686905512445d8185489","name":"\u0430\u0434\u043c\u0438\u043d","image":{"@type":"ImageObject","inLanguage":"ru-RU","@id":"https:\/\/denizcankizil.tr\/de\/#\/schema\/person\/image\/","url":"https:\/\/secure.gravatar.com\/avatar\/c1fce94c830dc79107e174f890d7210541c4a63e8e5d816341794a2151c9d58c?s=96&d=mm&r=g","contentUrl":"https:\/\/secure.gravatar.com\/avatar\/c1fce94c830dc79107e174f890d7210541c4a63e8e5d816341794a2151c9d58c?s=96&d=mm&r=g","caption":"admin"},"sameAs":["http:\/\/denizcankizil.tr"],"url":"https:\/\/www.iskenderun.org\/izmit-belediye-baskani-hurriyet-komisyon-uyeligini-korudu"}]}},"_links":{"self":[{"href":"https:\/\/denizcankizil.tr\/ru\/wp-json\/wp\/v2\/posts\/94075","targetHints":{"allow":["GET"]}}],"collection":[{"href":"https:\/\/denizcankizil.tr\/ru\/wp-json\/wp\/v2\/posts"}],"about":[{"href":"https:\/\/denizcankizil.tr\/ru\/wp-json\/wp\/v2\/types\/post"}],"author":[{"embeddable":true,"href":"https:\/\/denizcankizil.tr\/ru\/wp-json\/wp\/v2\/users\/1"}],"replies":[{"embeddable":true,"href":"https:\/\/denizcankizil.tr\/ru\/wp-json\/wp\/v2\/comments?post=94075"}],"version-history":[{"count":0,"href":"https:\/\/denizcankizil.tr\/ru\/wp-json\/wp\/v2\/posts\/94075\/revisions"}],"wp:attachment":[{"href":"https:\/\/denizcankizil.tr\/ru\/wp-json\/wp\/v2\/media?parent=94075"}],"wp:term":[{"taxonomy":"category","embeddable":true,"href":"https:\/\/denizcankizil.tr\/ru\/wp-json\/wp\/v2\/categories?post=94075"},{"taxonomy":"post_tag","embeddable":true,"href":"https:\/\/denizcankizil.tr\/ru\/wp-json\/wp\/v2\/tags?post=94075"}],"curies":[{"name":"wp","href":"https:\/\/api.w.org\/{rel}","templated":true}]}}