{"id":93752,"date":"2025-05-21T22:41:21","date_gmt":"2025-05-21T19:41:21","guid":{"rendered":"https:\/\/denizcankizil.tr\/uncategorized-tr\/eylem-tok-ve-oglunun-karistigi-olumlu-kazada-flas-gelisme-esi-sikayetini-geri-cekti\/"},"modified":"2025-05-21T22:41:21","modified_gmt":"2025-05-21T19:41:21","slug":"eylem-tok-ve-oglunun-karistigi-olumlu-kazada-flas-gelisme-esi-sikayetini-geri-cekti","status":"publish","type":"post","link":"https:\/\/denizcankizil.tr\/ru\/haberler\/gundem\/eylem-tok-ve-oglunun-karistigi-olumlu-kazada-flas-gelisme-esi-sikayetini-geri-cekti\/","title":{"rendered":"Eylem Tok ve o\u011flunun kar\u0131\u015ft\u0131\u011f\u0131 \u00f6l\u00fcml\u00fc kazada fla\u015f geli\u015fme: E\u015fi \u015fikayetini geri \u00e7ekti"},"content":{"rendered":"<p>Ey\u00fcpsultan&#8217;da 1 Mart 2024&#8217;te O\u011fuz Murat Aci&#8217;nin hayat\u0131n\u0131 kaybetti\u011fi kazan\u0131n ard\u0131ndan \u0130stanbul Cumhuriyet Ba\u015fsavc\u0131l\u0131\u011f\u0131 taraf\u0131ndan y\u00fcr\u00fct\u00fclen soru\u015fturma devam ederken yeni bir geli\u015fme ya\u015fand\u0131. O\u011fuz Murat Aci&#8217;nin e\u015fi \u015e\u00fckriye Aci, aralar\u0131nda ABD&#8217;ye ka\u00e7an Timur Cihantimur&#8217;un annesi Eylem Tok ile babas\u0131 B\u00fclent Cihantimur&#8217;un da bulundu\u011fu d\u00f6rt \u015f\u00fcpheli hakk\u0131ndaki \u015fikayetinden vazge\u00e7ti.<\/p>\n<p>\u015e\u0130K\u00c2YETLER\u0130NDEN VAZGE\u00c7T\u0130LER <\/p>\n<p>\u015e\u00fckriye Aci&#8217;nin avukat\u0131 Ahmet Aslan taraf\u0131ndan \u0130stanbul Cumhuriyet Ba\u015fsavc\u0131l\u0131\u011f\u0131na sunulan \u015fikayetten vazge\u00e7me dilek\u00e7esinde, \u015e\u00fckriye Aci&#8217;nin bu olaydan kaynakl\u0131 maddi ve manevi zarar\u0131n\u0131n, kazaya sebep olan su\u00e7a s\u00fcr\u00fcklenen \u00e7ocuk Timur Cihantimur&#8217;un babas\u0131 B\u00fclent Cihantimur taraf\u0131ndan kar\u015f\u0131land\u0131\u011f\u0131 belirtildi.<\/p>\n<p>SORU\u015eTURMA DEVAM ED\u0130YOR<\/p>\n<p>Ey\u00fcpsultan\u2019da 1 Mart 2024 tarihinde Timur Cihantimur\u2019un \u00e7arparak \u00f6l\u00fcm\u00fcne neden oldu\u011fu O\u011fuz Murat Aci, hakk\u0131nda y\u00fcr\u00fct\u00fclen soru\u015fturma s\u00fcr\u00fcyor. Soru\u015fturmada Aci\u2019nin dosyada m\u00fc\u015fteki olarak bulunan e\u015fi \u015e\u00fckriye Aci ve kazada yaralanan 4 m\u00fc\u015fteki, maddi ve manevi zararlar\u0131n\u0131n giderildi\u011fini gerek\u00e7e g\u00f6stererek \u015fikayetlerinden vazge\u00e7ti\u011fine dair dilek sundu.<\/p>\n<p>A\u0130LE VAZGE\u00c7MED\u0130<\/p>\n<p>Kazada hayat\u0131n\u0131 kaybeden Aci&#8217;nin anne ve babas\u0131 ise \u015fikayetten vazge\u00e7medi\u011fini bildirdi. Aile Avukat\u0131 Hac\u0131 Orhan, sosyal medya hesab\u0131ndan yapt\u0131\u011f\u0131 a\u00e7\u0131klamada, &#8220;Televizyonda \u00e7\u0131kan haberlerde ac\u0131 ailesinin \u015fikayetinden vazge\u00e7ti yaz\u0131yor. Rahmetlinin e\u015fi \u015e\u00fckriye Aci, maddi-manevi zararlar\u0131n\u0131n kar\u015f\u0131land\u0131\u011f\u0131n\u0131 s\u00f6yleyerek \u015fikayetten vazge\u00e7mi\u015ftir. Di\u011fer m\u00fc\u015ftekilerin \u015fikayeti devam etmektedir&#8221; ifadelerine yer verdi.<\/p>\n<p>\u200b\u0130stanbul Ey\u00fcpsultan\u2019da 1 Mart 2024\u2019te O\u011fuz Murat Aci\u2019nin hayat\u0131n\u0131 kaybetti\u011fi kazaya ili\u015fkin soru\u015fturma s\u00fcrerken yeni bir geli\u015fme ya\u015fand\u0131. \u015e\u00fckriye Aci, Timur Cihantimur&#8217;un annesi Eylem Tok ile babas\u0131 B\u00fclent Cihantimur&#8217;un da bulundu\u011fu d\u00f6rt \u015f\u00fcpheli hakk\u0131ndaki \u015fikayetinden vazge\u00e7ti.\u00a0<\/p>\n<p>\u200bHaberin Al\u0131nt\u0131land\u0131\u011f\u0131 Kaynak: www.antalyakorfez.com<\/p>","protected":false},"excerpt":{"rendered":"<p>Ey\u00fcpsultan&#8217;da 1 Mart 2024&#8217;te O\u011fuz Murat Aci&#8217;nin hayat\u0131n\u0131 kaybetti\u011fi kazan\u0131n ard\u0131ndan \u0130stanbul Cumhuriyet Ba\u015fsavc\u0131l\u0131\u011f\u0131 taraf\u0131ndan y\u00fcr\u00fct\u00fclen soru\u015fturma devam ederken yeni bir geli\u015fme ya\u015fand\u0131. O\u011fuz Murat Aci&#8217;nin e\u015fi \u015e\u00fckriye Aci, aralar\u0131nda ABD&#8217;ye ka\u00e7an Timur Cihantimur&#8217;un annesi Eylem Tok ile babas\u0131 B\u00fclent Cihantimur&#8217;un da bulundu\u011fu d\u00f6rt \u015f\u00fcpheli hakk\u0131ndaki \u015fikayetinden vazge\u00e7ti. \u015e\u0130K\u00c2YETLER\u0130NDEN VAZGE\u00c7T\u0130LER \u015e\u00fckriye Aci&#8217;nin avukat\u0131 Ahmet Aslan taraf\u0131ndan \u0130stanbul Cumhuriyet Ba\u015fsavc\u0131l\u0131\u011f\u0131na sunulan \u015fikayetten vazge\u00e7me dilek\u00e7esinde, \u015e\u00fckriye Aci&#8217;nin bu olaydan kaynakl\u0131 maddi ve manevi zarar\u0131n\u0131n, kazaya sebep olan su\u00e7a s\u00fcr\u00fcklenen \u00e7ocuk Timur Cihantimur&#8217;un babas\u0131 B\u00fclent Cihantimur taraf\u0131ndan kar\u015f\u0131land\u0131\u011f\u0131 belirtildi. SORU\u015eTURMA DEVAM ED\u0130YOR Ey\u00fcpsultan\u2019da 1 Mart 2024 tarihinde Timur Cihantimur\u2019un \u00e7arparak \u00f6l\u00fcm\u00fcne neden oldu\u011fu O\u011fuz Murat Aci, hakk\u0131nda y\u00fcr\u00fct\u00fclen soru\u015fturma s\u00fcr\u00fcyor. Soru\u015fturmada Aci\u2019nin dosyada m\u00fc\u015fteki olarak bulunan e\u015fi \u015e\u00fckriye Aci ve kazada yaralanan 4 m\u00fc\u015fteki, maddi ve manevi zararlar\u0131n\u0131n giderildi\u011fini gerek\u00e7e g\u00f6stererek \u015fikayetlerinden vazge\u00e7ti\u011fine dair dilek sundu. A\u0130LE VAZGE\u00c7MED\u0130 Kazada hayat\u0131n\u0131 kaybeden Aci&#8217;nin anne ve babas\u0131 ise \u015fikayetten vazge\u00e7medi\u011fini bildirdi. Aile Avukat\u0131 Hac\u0131 Orhan, sosyal medya hesab\u0131ndan yapt\u0131\u011f\u0131 a\u00e7\u0131klamada, &#8220;Televizyonda \u00e7\u0131kan haberlerde ac\u0131 ailesinin \u015fikayetinden vazge\u00e7ti yaz\u0131yor. Rahmetlinin e\u015fi \u015e\u00fckriye Aci, maddi-manevi zararlar\u0131n\u0131n kar\u015f\u0131land\u0131\u011f\u0131n\u0131 s\u00f6yleyerek \u015fikayetten vazge\u00e7mi\u015ftir. Di\u011fer m\u00fc\u015ftekilerin \u015fikayeti devam etmektedir&#8221; ifadelerine yer verdi. \u200b\u0130stanbul Ey\u00fcpsultan\u2019da 1 Mart 2024\u2019te O\u011fuz Murat Aci\u2019nin hayat\u0131n\u0131 kaybetti\u011fi kazaya ili\u015fkin soru\u015fturma s\u00fcrerken yeni bir geli\u015fme ya\u015fand\u0131. \u015e\u00fckriye &hellip;<\/p>","protected":false},"author":5,"featured_media":0,"comment_status":"","ping_status":"open","sticky":false,"template":"","format":"standard","meta":{"_acf_changed":false,"footnotes":""},"categories":[24],"tags":[],"class_list":["post-93752","post","type-post","status-publish","format-standard","has-post-thumbnail","hentry","category-gundem"],"acf":[],"yoast_head":"<!-- This site is optimized with the Yoast SEO Premium plugin v26.6 (Yoast SEO v27.1.1) - https:\/\/yoast.com\/product\/yoast-seo-premium-wordpress\/ -->\n<title>Eylem Tok ve o\u011flunun kar\u0131\u015ft\u0131\u011f\u0131 \u00f6l\u00fcml\u00fc kazada fla\u015f geli\u015fme: E\u015fi \u015fikayetini geri \u00e7ekti - Av. Deniz Can K\u0131z\u0131l<\/title>\n<meta name=\"robots\" content=\"index, follow, max-snippet:-1, max-image-preview:large, max-video-preview:-1\" \/>\n<link rel=\"canonical\" href=\"https:\/\/denizcankizil.tr\/ru\/haberler\/gundem\/eylem-tok-ve-oglunun-karistigi-olumlu-kazada-flas-gelisme-esi-sikayetini-geri-cekti\/\" \/>\n<meta property=\"og:locale\" content=\"ru_RU\" \/>\n<meta property=\"og:type\" content=\"article\" \/>\n<meta property=\"og:title\" content=\"Eylem Tok ve o\u011flunun kar\u0131\u015ft\u0131\u011f\u0131 \u00f6l\u00fcml\u00fc kazada fla\u015f geli\u015fme: E\u015fi \u015fikayetini geri \u00e7ekti\" \/>\n<meta property=\"og:description\" content=\"Ey\u00fcpsultan&#8217;da 1 Mart 2024&#8217;te O\u011fuz Murat Aci&#8217;nin hayat\u0131n\u0131 kaybetti\u011fi kazan\u0131n ard\u0131ndan \u0130stanbul Cumhuriyet Ba\u015fsavc\u0131l\u0131\u011f\u0131 taraf\u0131ndan y\u00fcr\u00fct\u00fclen soru\u015fturma devam ederken yeni bir geli\u015fme ya\u015fand\u0131. O\u011fuz Murat Aci&#8217;nin e\u015fi \u015e\u00fckriye Aci, aralar\u0131nda ABD&#8217;ye ka\u00e7an Timur Cihantimur&#8217;un annesi Eylem Tok ile babas\u0131 B\u00fclent Cihantimur&#8217;un da bulundu\u011fu d\u00f6rt \u015f\u00fcpheli hakk\u0131ndaki \u015fikayetinden vazge\u00e7ti. \u015e\u0130K\u00c2YETLER\u0130NDEN VAZGE\u00c7T\u0130LER \u015e\u00fckriye Aci&#8217;nin avukat\u0131 Ahmet Aslan taraf\u0131ndan \u0130stanbul Cumhuriyet Ba\u015fsavc\u0131l\u0131\u011f\u0131na sunulan \u015fikayetten vazge\u00e7me dilek\u00e7esinde, \u015e\u00fckriye Aci&#8217;nin bu olaydan kaynakl\u0131 maddi ve manevi zarar\u0131n\u0131n, kazaya sebep olan su\u00e7a s\u00fcr\u00fcklenen \u00e7ocuk Timur Cihantimur&#8217;un babas\u0131 B\u00fclent Cihantimur taraf\u0131ndan kar\u015f\u0131land\u0131\u011f\u0131 belirtildi. SORU\u015eTURMA DEVAM ED\u0130YOR Ey\u00fcpsultan\u2019da 1 Mart 2024 tarihinde Timur Cihantimur\u2019un \u00e7arparak \u00f6l\u00fcm\u00fcne neden oldu\u011fu O\u011fuz Murat Aci, hakk\u0131nda y\u00fcr\u00fct\u00fclen soru\u015fturma s\u00fcr\u00fcyor. Soru\u015fturmada Aci\u2019nin dosyada m\u00fc\u015fteki olarak bulunan e\u015fi \u015e\u00fckriye Aci ve kazada yaralanan 4 m\u00fc\u015fteki, maddi ve manevi zararlar\u0131n\u0131n giderildi\u011fini gerek\u00e7e g\u00f6stererek \u015fikayetlerinden vazge\u00e7ti\u011fine dair dilek sundu. A\u0130LE VAZGE\u00c7MED\u0130 Kazada hayat\u0131n\u0131 kaybeden Aci&#8217;nin anne ve babas\u0131 ise \u015fikayetten vazge\u00e7medi\u011fini bildirdi. Aile Avukat\u0131 Hac\u0131 Orhan, sosyal medya hesab\u0131ndan yapt\u0131\u011f\u0131 a\u00e7\u0131klamada, &#8220;Televizyonda \u00e7\u0131kan haberlerde ac\u0131 ailesinin \u015fikayetinden vazge\u00e7ti yaz\u0131yor. Rahmetlinin e\u015fi \u015e\u00fckriye Aci, maddi-manevi zararlar\u0131n\u0131n kar\u015f\u0131land\u0131\u011f\u0131n\u0131 s\u00f6yleyerek \u015fikayetten vazge\u00e7mi\u015ftir. Di\u011fer m\u00fc\u015ftekilerin \u015fikayeti devam etmektedir&#8221; ifadelerine yer verdi. \u200b\u0130stanbul Ey\u00fcpsultan\u2019da 1 Mart 2024\u2019te O\u011fuz Murat Aci\u2019nin hayat\u0131n\u0131 kaybetti\u011fi kazaya ili\u015fkin soru\u015fturma s\u00fcrerken yeni bir geli\u015fme ya\u015fand\u0131. \u015e\u00fckriye &hellip;\" \/>\n<meta property=\"og:url\" content=\"https:\/\/denizcankizil.tr\/ru\/haberler\/gundem\/eylem-tok-ve-oglunun-karistigi-olumlu-kazada-flas-gelisme-esi-sikayetini-geri-cekti\/\" \/>\n<meta property=\"og:site_name\" content=\"Av. Deniz Can K\u0131z\u0131l\" \/>\n<meta property=\"article:published_time\" content=\"2025-05-21T19:41:21+00:00\" \/>\n<meta name=\"author\" content=\"Antalya K\u00f6rfez\" \/>\n<meta name=\"twitter:card\" content=\"summary_large_image\" \/>\n<meta name=\"twitter:label1\" content=\"\u041d\u0430\u043f\u0438\u0441\u0430\u043d\u043e \u0430\u0432\u0442\u043e\u0440\u043e\u043c\" \/>\n\t<meta name=\"twitter:data1\" content=\"Antalya K\u00f6rfez\" \/>\n\t<meta name=\"twitter:label2\" content=\"\u041f\u0440\u0438\u043c\u0435\u0440\u043d\u043e\u0435 \u0432\u0440\u0435\u043c\u044f \u0434\u043b\u044f \u0447\u0442\u0435\u043d\u0438\u044f\" \/>\n\t<meta name=\"twitter:data2\" content=\"2 \u043c\u0438\u043d\u0443\u0442\u044b\" \/>\n<script type=\"application\/ld+json\" class=\"yoast-schema-graph\">{\"@context\":\"https:\/\/schema.org\",\"@graph\":[{\"@type\":\"Article\",\"@id\":\"https:\/\/denizcankizil.tr\/ru\/haberler\/gundem\/eylem-tok-ve-oglunun-karistigi-olumlu-kazada-flas-gelisme-esi-sikayetini-geri-cekti\/#article\",\"isPartOf\":{\"@id\":\"https:\/\/denizcankizil.tr\/ru\/haberler\/gundem\/eylem-tok-ve-oglunun-karistigi-olumlu-kazada-flas-gelisme-esi-sikayetini-geri-cekti\/\"},\"author\":{\"name\":\"Antalya K\u00f6rfez\",\"@id\":\"https:\/\/denizcankizil.tr\/#\/schema\/person\/e1eb71bb4dd684d46563f0af307e1234\"},\"headline\":\"Eylem Tok ve o\u011flunun kar\u0131\u015ft\u0131\u011f\u0131 \u00f6l\u00fcml\u00fc kazada fla\u015f geli\u015fme: E\u015fi \u015fikayetini geri \u00e7ekti\",\"datePublished\":\"2025-05-21T19:41:21+00:00\",\"mainEntityOfPage\":{\"@id\":\"https:\/\/denizcankizil.tr\/ru\/haberler\/gundem\/eylem-tok-ve-oglunun-karistigi-olumlu-kazada-flas-gelisme-esi-sikayetini-geri-cekti\/\"},\"wordCount\":355,\"publisher\":{\"@id\":\"https:\/\/denizcankizil.tr\/#organization\"},\"articleSection\":[\"G\u00fcndem\"],\"inLanguage\":\"ru-RU\"},{\"@type\":\"WebPage\",\"@id\":\"https:\/\/denizcankizil.tr\/ru\/haberler\/gundem\/eylem-tok-ve-oglunun-karistigi-olumlu-kazada-flas-gelisme-esi-sikayetini-geri-cekti\/\",\"url\":\"https:\/\/denizcankizil.tr\/ru\/haberler\/gundem\/eylem-tok-ve-oglunun-karistigi-olumlu-kazada-flas-gelisme-esi-sikayetini-geri-cekti\/\",\"name\":\"Eylem Tok ve o\u011flunun kar\u0131\u015ft\u0131\u011f\u0131 \u00f6l\u00fcml\u00fc kazada fla\u015f geli\u015fme: E\u015fi \u015fikayetini geri \u00e7ekti - Av. Deniz Can K\u0131z\u0131l\",\"isPartOf\":{\"@id\":\"https:\/\/denizcankizil.tr\/#website\"},\"datePublished\":\"2025-05-21T19:41:21+00:00\",\"breadcrumb\":{\"@id\":\"https:\/\/denizcankizil.tr\/ru\/haberler\/gundem\/eylem-tok-ve-oglunun-karistigi-olumlu-kazada-flas-gelisme-esi-sikayetini-geri-cekti\/#breadcrumb\"},\"inLanguage\":\"ru-RU\",\"potentialAction\":[{\"@type\":\"ReadAction\",\"target\":[\"https:\/\/denizcankizil.tr\/ru\/haberler\/gundem\/eylem-tok-ve-oglunun-karistigi-olumlu-kazada-flas-gelisme-esi-sikayetini-geri-cekti\/\"]}]},{\"@type\":\"BreadcrumbList\",\"@id\":\"https:\/\/denizcankizil.tr\/ru\/haberler\/gundem\/eylem-tok-ve-oglunun-karistigi-olumlu-kazada-flas-gelisme-esi-sikayetini-geri-cekti\/#breadcrumb\",\"itemListElement\":[{\"@type\":\"ListItem\",\"position\":1,\"name\":\"Home\",\"item\":\"https:\/\/denizcankizil.tr\/uk\/\"},{\"@type\":\"ListItem\",\"position\":2,\"name\":\"Eylem Tok ve o\u011flunun kar\u0131\u015ft\u0131\u011f\u0131 \u00f6l\u00fcml\u00fc kazada fla\u015f geli\u015fme: E\u015fi \u015fikayetini geri \u00e7ekti\"}]},{\"@type\":\"WebSite\",\"@id\":\"https:\/\/denizcankizil.tr\/#website\",\"url\":\"https:\/\/denizcankizil.tr\/\",\"name\":\"Av. Deniz Can K\u0131z\u0131l\",\"description\":\"Avukat Deniz Can K\u0131z\u0131l Antalya Barosu\",\"publisher\":{\"@id\":\"https:\/\/denizcankizil.tr\/#organization\"},\"potentialAction\":[{\"@type\":\"SearchAction\",\"target\":{\"@type\":\"EntryPoint\",\"urlTemplate\":\"https:\/\/denizcankizil.tr\/?s={search_term_string}\"},\"query-input\":{\"@type\":\"PropertyValueSpecification\",\"valueRequired\":true,\"valueName\":\"search_term_string\"}}],\"inLanguage\":\"ru-RU\"},{\"@type\":\"Organization\",\"@id\":\"https:\/\/denizcankizil.tr\/#organization\",\"name\":\"Av. Deniz Can K\u0131z\u0131l\",\"url\":\"https:\/\/denizcankizil.tr\/\",\"logo\":{\"@type\":\"ImageObject\",\"inLanguage\":\"ru-RU\",\"@id\":\"https:\/\/denizcankizil.tr\/#\/schema\/logo\/image\/\",\"url\":\"https:\/\/denizcankizil.tr\/wp-content\/uploads\/2024\/10\/siyah-logo-svg.svg\",\"contentUrl\":\"https:\/\/denizcankizil.tr\/wp-content\/uploads\/2024\/10\/siyah-logo-svg.svg\",\"width\":1080,\"height\":1080,\"caption\":\"Av. Deniz Can K\u0131z\u0131l\"},\"image\":{\"@id\":\"https:\/\/denizcankizil.tr\/#\/schema\/logo\/image\/\"}},{\"@type\":\"Person\",\"@id\":\"https:\/\/denizcankizil.tr\/#\/schema\/person\/e1eb71bb4dd684d46563f0af307e1234\",\"name\":\"Antalya K\u00f6rfez\",\"image\":{\"@type\":\"ImageObject\",\"inLanguage\":\"ru-RU\",\"@id\":\"https:\/\/denizcankizil.tr\/#\/schema\/person\/image\/\",\"url\":\"https:\/\/secure.gravatar.com\/avatar\/42b01982558a48a0b501fdcab6a408d3717ea5919095ee2e67b0e521799c5905?s=96&d=mm&r=g\",\"contentUrl\":\"https:\/\/secure.gravatar.com\/avatar\/42b01982558a48a0b501fdcab6a408d3717ea5919095ee2e67b0e521799c5905?s=96&d=mm&r=g\",\"caption\":\"Antalya K\u00f6rfez\"},\"sameAs\":[\"http:\/\/www.antalyakorfez.com\"],\"url\":\"https:\/\/www.antalyakorfez.com\/eylem-tok-ve-oglunun-karistigi-olumlu-kazada-flas-gelisme-esi-sikayetini-geri-cekti\"}]}<\/script>\n<!-- \/ Yoast SEO Premium plugin. -->","yoast_head_json":{"title":"Eylem Tok ve o\u011flunun kar\u0131\u015ft\u0131\u011f\u0131 \u00f6l\u00fcml\u00fc kazada fla\u015f geli\u015fme: E\u015fi \u015fikayetini geri \u00e7ekti - Av. Deniz Can K\u0131z\u0131l","robots":{"index":"index","follow":"follow","max-snippet":"max-snippet:-1","max-image-preview":"max-image-preview:large","max-video-preview":"max-video-preview:-1"},"canonical":"https:\/\/denizcankizil.tr\/ru\/haberler\/gundem\/eylem-tok-ve-oglunun-karistigi-olumlu-kazada-flas-gelisme-esi-sikayetini-geri-cekti\/","og_locale":"ru_RU","og_type":"article","og_title":"Eylem Tok ve o\u011flunun kar\u0131\u015ft\u0131\u011f\u0131 \u00f6l\u00fcml\u00fc kazada fla\u015f geli\u015fme: E\u015fi \u015fikayetini geri \u00e7ekti","og_description":"Ey\u00fcpsultan&#8217;da 1 Mart 2024&#8217;te O\u011fuz Murat Aci&#8217;nin hayat\u0131n\u0131 kaybetti\u011fi kazan\u0131n ard\u0131ndan \u0130stanbul Cumhuriyet Ba\u015fsavc\u0131l\u0131\u011f\u0131 taraf\u0131ndan y\u00fcr\u00fct\u00fclen soru\u015fturma devam ederken yeni bir geli\u015fme ya\u015fand\u0131. O\u011fuz Murat Aci&#8217;nin e\u015fi \u015e\u00fckriye Aci, aralar\u0131nda ABD&#8217;ye ka\u00e7an Timur Cihantimur&#8217;un annesi Eylem Tok ile babas\u0131 B\u00fclent Cihantimur&#8217;un da bulundu\u011fu d\u00f6rt \u015f\u00fcpheli hakk\u0131ndaki \u015fikayetinden vazge\u00e7ti. \u015e\u0130K\u00c2YETLER\u0130NDEN VAZGE\u00c7T\u0130LER \u015e\u00fckriye Aci&#8217;nin avukat\u0131 Ahmet Aslan taraf\u0131ndan \u0130stanbul Cumhuriyet Ba\u015fsavc\u0131l\u0131\u011f\u0131na sunulan \u015fikayetten vazge\u00e7me dilek\u00e7esinde, \u015e\u00fckriye Aci&#8217;nin bu olaydan kaynakl\u0131 maddi ve manevi zarar\u0131n\u0131n, kazaya sebep olan su\u00e7a s\u00fcr\u00fcklenen \u00e7ocuk Timur Cihantimur&#8217;un babas\u0131 B\u00fclent Cihantimur taraf\u0131ndan kar\u015f\u0131land\u0131\u011f\u0131 belirtildi. SORU\u015eTURMA DEVAM ED\u0130YOR Ey\u00fcpsultan\u2019da 1 Mart 2024 tarihinde Timur Cihantimur\u2019un \u00e7arparak \u00f6l\u00fcm\u00fcne neden oldu\u011fu O\u011fuz Murat Aci, hakk\u0131nda y\u00fcr\u00fct\u00fclen soru\u015fturma s\u00fcr\u00fcyor. Soru\u015fturmada Aci\u2019nin dosyada m\u00fc\u015fteki olarak bulunan e\u015fi \u015e\u00fckriye Aci ve kazada yaralanan 4 m\u00fc\u015fteki, maddi ve manevi zararlar\u0131n\u0131n giderildi\u011fini gerek\u00e7e g\u00f6stererek \u015fikayetlerinden vazge\u00e7ti\u011fine dair dilek sundu. A\u0130LE VAZGE\u00c7MED\u0130 Kazada hayat\u0131n\u0131 kaybeden Aci&#8217;nin anne ve babas\u0131 ise \u015fikayetten vazge\u00e7medi\u011fini bildirdi. Aile Avukat\u0131 Hac\u0131 Orhan, sosyal medya hesab\u0131ndan yapt\u0131\u011f\u0131 a\u00e7\u0131klamada, &#8220;Televizyonda \u00e7\u0131kan haberlerde ac\u0131 ailesinin \u015fikayetinden vazge\u00e7ti yaz\u0131yor. Rahmetlinin e\u015fi \u015e\u00fckriye Aci, maddi-manevi zararlar\u0131n\u0131n kar\u015f\u0131land\u0131\u011f\u0131n\u0131 s\u00f6yleyerek \u015fikayetten vazge\u00e7mi\u015ftir. Di\u011fer m\u00fc\u015ftekilerin \u015fikayeti devam etmektedir&#8221; ifadelerine yer verdi. \u200b\u0130stanbul Ey\u00fcpsultan\u2019da 1 Mart 2024\u2019te O\u011fuz Murat Aci\u2019nin hayat\u0131n\u0131 kaybetti\u011fi kazaya ili\u015fkin soru\u015fturma s\u00fcrerken yeni bir geli\u015fme ya\u015fand\u0131. \u015e\u00fckriye &hellip;","og_url":"https:\/\/denizcankizil.tr\/ru\/haberler\/gundem\/eylem-tok-ve-oglunun-karistigi-olumlu-kazada-flas-gelisme-esi-sikayetini-geri-cekti\/","og_site_name":"Av. Deniz Can K\u0131z\u0131l","article_published_time":"2025-05-21T19:41:21+00:00","author":"Antalya K\u00f6rfez","twitter_card":"summary_large_image","twitter_misc":{"\u041d\u0430\u043f\u0438\u0441\u0430\u043d\u043e \u0430\u0432\u0442\u043e\u0440\u043e\u043c":"Antalya K\u00f6rfez","\u041f\u0440\u0438\u043c\u0435\u0440\u043d\u043e\u0435 \u0432\u0440\u0435\u043c\u044f \u0434\u043b\u044f \u0447\u0442\u0435\u043d\u0438\u044f":"2 \u043c\u0438\u043d\u0443\u0442\u044b"},"schema":{"@context":"https:\/\/schema.org","@graph":[{"@type":"Article","@id":"https:\/\/denizcankizil.tr\/ru\/haberler\/gundem\/eylem-tok-ve-oglunun-karistigi-olumlu-kazada-flas-gelisme-esi-sikayetini-geri-cekti\/#article","isPartOf":{"@id":"https:\/\/denizcankizil.tr\/ru\/haberler\/gundem\/eylem-tok-ve-oglunun-karistigi-olumlu-kazada-flas-gelisme-esi-sikayetini-geri-cekti\/"},"author":{"name":"Antalya K\u00f6rfez","@id":"https:\/\/denizcankizil.tr\/#\/schema\/person\/e1eb71bb4dd684d46563f0af307e1234"},"headline":"Eylem Tok ve o\u011flunun kar\u0131\u015ft\u0131\u011f\u0131 \u00f6l\u00fcml\u00fc kazada fla\u015f geli\u015fme: E\u015fi \u015fikayetini geri \u00e7ekti","datePublished":"2025-05-21T19:41:21+00:00","mainEntityOfPage":{"@id":"https:\/\/denizcankizil.tr\/ru\/haberler\/gundem\/eylem-tok-ve-oglunun-karistigi-olumlu-kazada-flas-gelisme-esi-sikayetini-geri-cekti\/"},"wordCount":355,"publisher":{"@id":"https:\/\/denizcankizil.tr\/#organization"},"articleSection":["G\u00fcndem"],"inLanguage":"ru-RU"},{"@type":"WebPage","@id":"https:\/\/denizcankizil.tr\/ru\/haberler\/gundem\/eylem-tok-ve-oglunun-karistigi-olumlu-kazada-flas-gelisme-esi-sikayetini-geri-cekti\/","url":"https:\/\/denizcankizil.tr\/ru\/haberler\/gundem\/eylem-tok-ve-oglunun-karistigi-olumlu-kazada-flas-gelisme-esi-sikayetini-geri-cekti\/","name":"Eylem Tok ve o\u011flunun kar\u0131\u015ft\u0131\u011f\u0131 \u00f6l\u00fcml\u00fc kazada fla\u015f geli\u015fme: E\u015fi \u015fikayetini geri \u00e7ekti - Av. Deniz Can K\u0131z\u0131l","isPartOf":{"@id":"https:\/\/denizcankizil.tr\/#website"},"datePublished":"2025-05-21T19:41:21+00:00","breadcrumb":{"@id":"https:\/\/denizcankizil.tr\/ru\/haberler\/gundem\/eylem-tok-ve-oglunun-karistigi-olumlu-kazada-flas-gelisme-esi-sikayetini-geri-cekti\/#breadcrumb"},"inLanguage":"ru-RU","potentialAction":[{"@type":"ReadAction","target":["https:\/\/denizcankizil.tr\/ru\/haberler\/gundem\/eylem-tok-ve-oglunun-karistigi-olumlu-kazada-flas-gelisme-esi-sikayetini-geri-cekti\/"]}]},{"@type":"BreadcrumbList","@id":"https:\/\/denizcankizil.tr\/ru\/haberler\/gundem\/eylem-tok-ve-oglunun-karistigi-olumlu-kazada-flas-gelisme-esi-sikayetini-geri-cekti\/#breadcrumb","itemListElement":[{"@type":"ListItem","position":1,"name":"Home","item":"https:\/\/denizcankizil.tr\/uk\/"},{"@type":"ListItem","position":2,"name":"Eylem Tok ve o\u011flunun kar\u0131\u015ft\u0131\u011f\u0131 \u00f6l\u00fcml\u00fc kazada fla\u015f geli\u015fme: E\u015fi \u015fikayetini geri \u00e7ekti"}]},{"@type":"WebSite","@id":"https:\/\/denizcankizil.tr\/#website","url":"https:\/\/denizcankizil.tr\/","name":"Av. Deniz Can K\u0131z\u0131l","description":"Avukat Deniz Can K\u0131z\u0131l Antalya Barosu","publisher":{"@id":"https:\/\/denizcankizil.tr\/#organization"},"potentialAction":[{"@type":"SearchAction","target":{"@type":"EntryPoint","urlTemplate":"https:\/\/denizcankizil.tr\/?s={search_term_string}"},"query-input":{"@type":"PropertyValueSpecification","valueRequired":true,"valueName":"search_term_string"}}],"inLanguage":"ru-RU"},{"@type":"Organization","@id":"https:\/\/denizcankizil.tr\/#organization","name":"Av. Deniz Can K\u0131z\u0131l","url":"https:\/\/denizcankizil.tr\/","logo":{"@type":"ImageObject","inLanguage":"ru-RU","@id":"https:\/\/denizcankizil.tr\/#\/schema\/logo\/image\/","url":"https:\/\/denizcankizil.tr\/wp-content\/uploads\/2024\/10\/siyah-logo-svg.svg","contentUrl":"https:\/\/denizcankizil.tr\/wp-content\/uploads\/2024\/10\/siyah-logo-svg.svg","width":1080,"height":1080,"caption":"Av. Deniz Can K\u0131z\u0131l"},"image":{"@id":"https:\/\/denizcankizil.tr\/#\/schema\/logo\/image\/"}},{"@type":"Person","@id":"https:\/\/denizcankizil.tr\/#\/schema\/person\/e1eb71bb4dd684d46563f0af307e1234","name":"Antalya K\u00f6rfez","image":{"@type":"ImageObject","inLanguage":"ru-RU","@id":"https:\/\/denizcankizil.tr\/#\/schema\/person\/image\/","url":"https:\/\/secure.gravatar.com\/avatar\/42b01982558a48a0b501fdcab6a408d3717ea5919095ee2e67b0e521799c5905?s=96&d=mm&r=g","contentUrl":"https:\/\/secure.gravatar.com\/avatar\/42b01982558a48a0b501fdcab6a408d3717ea5919095ee2e67b0e521799c5905?s=96&d=mm&r=g","caption":"Antalya K\u00f6rfez"},"sameAs":["http:\/\/www.antalyakorfez.com"],"url":"https:\/\/www.antalyakorfez.com\/eylem-tok-ve-oglunun-karistigi-olumlu-kazada-flas-gelisme-esi-sikayetini-geri-cekti"}]}},"_links":{"self":[{"href":"https:\/\/denizcankizil.tr\/ru\/wp-json\/wp\/v2\/posts\/93752","targetHints":{"allow":["GET"]}}],"collection":[{"href":"https:\/\/denizcankizil.tr\/ru\/wp-json\/wp\/v2\/posts"}],"about":[{"href":"https:\/\/denizcankizil.tr\/ru\/wp-json\/wp\/v2\/types\/post"}],"author":[{"embeddable":true,"href":"https:\/\/denizcankizil.tr\/ru\/wp-json\/wp\/v2\/users\/5"}],"replies":[{"embeddable":true,"href":"https:\/\/denizcankizil.tr\/ru\/wp-json\/wp\/v2\/comments?post=93752"}],"version-history":[{"count":0,"href":"https:\/\/denizcankizil.tr\/ru\/wp-json\/wp\/v2\/posts\/93752\/revisions"}],"wp:attachment":[{"href":"https:\/\/denizcankizil.tr\/ru\/wp-json\/wp\/v2\/media?parent=93752"}],"wp:term":[{"taxonomy":"category","embeddable":true,"href":"https:\/\/denizcankizil.tr\/ru\/wp-json\/wp\/v2\/categories?post=93752"},{"taxonomy":"post_tag","embeddable":true,"href":"https:\/\/denizcankizil.tr\/ru\/wp-json\/wp\/v2\/tags?post=93752"}],"curies":[{"name":"wp","href":"https:\/\/api.w.org\/{rel}","templated":true}]}}