{"id":92865,"date":"2025-05-20T16:42:47","date_gmt":"2025-05-20T13:42:47","guid":{"rendered":"https:\/\/denizcankizil.tr\/uncategorized-tr\/baskan-alemdardan-sapancaya-buyuk-mujde\/"},"modified":"2025-05-20T16:42:47","modified_gmt":"2025-05-20T13:42:47","slug":"baskan-alemdardan-sapancaya-buyuk-mujde","status":"publish","type":"post","link":"https:\/\/denizcankizil.tr\/ru\/haberler\/gundem\/baskan-alemdardan-sapancaya-buyuk-mujde\/","title":{"rendered":"Ba\u015fkan Alemdar\u2019dan Sapanca\u2019ya b\u00fcy\u00fck m\u00fcjde!"},"content":{"rendered":"<p>Sakarya B\u00fcy\u00fck\u015fehir Belediye Ba\u015fkan\u0131 Yusuf Alemdar, Sapanca\u2019da turizme ve il\u00e7edeki ya\u015fant\u0131ya de\u011fer katacak b\u00fcy\u00fck bir projeyi daha kamuoyu ile payla\u015ft\u0131.SAKARYA (\u0130GFA) &#8211; Sakarya B\u00fcy\u00fck\u015fehir Belediye Ba\u015fkan\u0131 Yusuf Alemdar, AK Parti Sapanca Geni\u015fletilmi\u015f \u0130l\u00e7e Dan\u0131\u015fma Meclisi\u2019ne kat\u0131larak te\u015fkilat y\u00f6neticileri ve partililerle bir araya geldi.<br \/>\nGeni\u015fletilmi\u015f \u0130l\u00e7e Dan\u0131\u015fma Meclisine ayr\u0131ca AK Parti Sakarya Milletvekilleri L\u00fctfi Bayraktar, Ertu\u011frul Kocac\u0131k, Ali \u0130nci, AK Parti \u0130l Ba\u015fkan\u0131 Yunus Tever, AK Parti Sapanca \u0130l\u00e7e Ba\u015fkan\u0131 \u015eafak Ba\u015fo\u011flu, MHP Sapanca \u0130l\u00e7e Ba\u015fkan\u0131 G\u00f6khan Alemdar, il\u00e7e ba\u015fkanlar\u0131, muhtarlar, \u00e7ok say\u0131da partili ve bas\u0131n mensuplar\u0131 kat\u0131ld\u0131.<br \/>\n\u0130l\u00e7eye de\u011fer katacak, turizmi canland\u0131racak, gen\u00e7leri sporla bulu\u015fturacak toplam 500 milyon TL\u2019lik projeyi bu programda m\u00fcjdeleyen Ba\u015fkan Alemdar, ayr\u0131ca il\u00e7enin do\u011fas\u0131n\u0131, d\u00fcnyan\u0131n en b\u00fcy\u00fck i\u00e7me suyu cennetlerinden olan Sapanca G\u00f6l\u00fc\u2019n\u00fc koruyacak planlar\u0131 tek tek anlatt\u0131.<br \/>\nSapanca\u2019n\u0131n dev projesi olacak<br \/>\nBa\u015fkan Alemdar, il\u00e7edeki canl\u0131l\u0131\u011f\u0131 ve sosyal potansiyeli b\u00fcy\u00fck oranda destekleyecek dev bir projeyi de kamuoyu ile ilk kez payla\u015ft\u0131.<br \/>\nSapanca G\u00f6l\u00fc sahil hatt\u0131nda Kocaeli s\u0131n\u0131r\u0131 Yan\u0131k\u2019tan ba\u015flay\u0131p 6 kilometrelik hat ile uzanacak sahil yolu projesi i\u00e7in ihaleye \u00e7\u0131kacaklar\u0131n\u0131 a\u00e7\u0131klayan Alemdar, proje i\u00e7erisinde bisiklet alan\u0131, y\u00fcr\u00fcy\u00fc\u015f alanlar\u0131, sosyal donat\u0131 noktalar\u0131n\u0131n yer alaca\u011f\u0131n\u0131 ifade etti. Bu proje Sapanca\u2019n\u0131n yeni bulu\u015fma ve ya\u015fam noktas\u0131 olacak.<br \/>\n\u0130l\u00e7enin yar\u0131nlar\u0131na b\u00fcy\u00fck eserler kazand\u0131r\u0131yoruz<br \/>\nSapanca\u2019n\u0131n ihtiya\u00e7lar\u0131n\u0131 b\u00fct\u00fcnc\u00fcl olarak ele ald\u0131klar\u0131n\u0131 belirten Ba\u015fkan Alemdar, \u201cSapanca\u2019da il\u00e7emizi ba\u015ftan sona de\u011fi\u015ftirecek projeleri tek tek hayata ge\u00e7irece\u011fiz. Sapanca Meydan projemiz h\u0131zla devam ediyor. Yan\u0131k\u2019tan ba\u015flayarak 6 kilometrelik sahil yolu projemiz haz\u0131r. Sapanca sahilini bir u\u00e7tan bir uca y\u00fcr\u00fcnebilir, bisiklet kullan\u0131labilir sosyal bir alan hale getirece\u011fiz. Her il\u00e7eye kazand\u0131raca\u011f\u0131m\u0131z spor komplekslerinin bir benzerini Sapanca\u2019ya da in\u015fa edece\u011fiz. \u0130l\u00e7eye kapal\u0131 spor salonu ve bireysel sporlara uygun tesisler kazand\u0131rmak i\u00e7in ihaleye \u00e7\u0131k\u0131yoruz. Bunun yan\u0131nda mahallelerdeki mevcut spor alanlar\u0131n\u0131n ve parklar\u0131n bak\u0131m-onar\u0131m \u00e7al\u0131\u015fmalar\u0131n\u0131 da s\u00fcrd\u00fcr\u00fcyoruz\u201d dedi.<br \/>\n\u201cSapanca G\u00f6l\u00fc\u2019n\u00fcn gelece\u011fini kolekt\u00f6r sistemiyle koruyaca\u011f\u0131z\u201d<br \/>\nSapanca\u2019n\u0131n altyap\u0131s\u0131 ve \u00fcstyap\u0131s\u0131 i\u00e7in projeler \u00fcrettiklerini belirten Ba\u015fkan Alemdar, \u201cAltyap\u0131 yat\u0131r\u0131mlar\u0131 kapsam\u0131nda ise 13 milyon euroluk kaynak ile Sapanca\u2019n\u0131n i\u00e7me suyu ve kanalizasyon hatlar\u0131n\u0131 ba\u015ftan sona yenileyece\u011fiz. Yan\u0131k\u2019tan ba\u015flayarak kolekt\u00f6r sistemi ile Sapanca G\u00f6l\u00fc\u2019n\u00fcn gelece\u011fini koruyaca\u011f\u0131z. \u0130pekyolu, Ba\u011fdat Caddesi gibi grup yollar\u0131nda kapsaml\u0131 asfaltlama \u00e7al\u0131\u015fmalar\u0131 planl\u0131yoruz\u201d diye konu\u015ftu.<br \/>\n\u201cAK Parti milletin terc\u00fcman\u0131d\u0131r\u201d<br \/>\nMilletvekili L\u00fctfi Bayraktar, \u201cBug\u00fcn burada sadece bir toplant\u0131 i\u00e7in de\u011fil, ge\u00e7mi\u015fimizi hat\u0131rlamak, bug\u00fcn yapt\u0131klar\u0131m\u0131z\u0131 de\u011ferlendirmek ve yar\u0131n\u0131n planlar\u0131n\u0131 yapmak i\u00e7in bir araya geldik. 2001 y\u0131l\u0131nda AK Parti, milletin terc\u00fcman\u0131 olmak i\u00e7in kuruldu. O g\u00fcnden bu yana milletin derdine derman olduk, T\u00fcrkiye\u2019yi b\u00fcy\u00fctt\u00fck, g\u00fc\u00e7lendirdik ve bug\u00fcn art\u0131k sadece kendimize de\u011fil, d\u00fcnyaya y\u00f6n veren bir \u00fclke haline geldik. T\u00fcrkiye bug\u00fcn k\u00fcresel bir g\u00fc\u00e7 olma m\u00fccadelesi veriyor ve bu m\u00fccadeleyi hep birlikte, omuz omuza s\u00fcrd\u00fcr\u00fcyoruz\u201d dedi.<br \/>\nT\u00fcrkiye Y\u00fczy\u0131l\u0131<br \/>\nMilletvekili Ertu\u011frul Kocac\u0131k ise, \u201cBizler, bu b\u00fcy\u00fck hareketi bir \u00e7at\u0131 olarak g\u00f6ren, bu \u00e7at\u0131n\u0131n alt\u0131nda birlik olan bir davan\u0131n mensuplar\u0131y\u0131z. Bu hareketin lideri, Genel Ba\u015fkan\u0131m\u0131z ve Cumhurba\u015fkan\u0131m\u0131z Say\u0131n Recep Tayyip Erdo\u011fan, sadece T\u00fcrkiye\u2019nin de\u011fil, t\u00fcm mazlum co\u011frafyalar\u0131n umudu olmu\u015f bir d\u00fcnya lideridir. Say\u0131n Cumhurba\u015fkan\u0131m\u0131z\u0131n ortaya koydu\u011fu vizyon, sadece bug\u00fcn\u00fc de\u011fil, yar\u0131n\u0131 da in\u015fa eden bir vizyondur. \u201cT\u00fcrkiye Y\u00fczy\u0131l\u0131\u201d hedefi i\u015fte bu b\u00fcy\u00fck vizyonun en g\u00fc\u00e7l\u00fc ifadesidir\u201d diye konu\u015ftu.<br \/>\n\u201cBirlikte \u00e7\u00f6z\u00fcm \u00fcretece\u011fiz\u201d<br \/>\nMilletvekili Ali \u0130nci, \u201cCumhurba\u015fkan\u0131m\u0131z, bug\u00fcn sadece T\u00fcrkiye\u2019nin de\u011fil, t\u00fcm d\u00fcnyan\u0131n bar\u0131\u015f\u0131n\u0131 temsil eden bir liderdir. Yurti\u00e7inde oldu\u011fu kadar yurtd\u0131\u015f\u0131nda da bizleri gururla, onurla temsil ediyor. Biz bu partiyi milletimizle beraber kurduk. Her kesimden, her b\u00f6lgeden insan\u0131m\u0131zla birlikte bu davan\u0131n ta\u015f\u0131n\u0131 omuzlad\u0131k. Biz her zaman yan\u0131n\u0131zday\u0131z. Bu \u015fehrin her meselesinde birlikte \u00e7al\u0131\u015facak, birlikte \u00e7\u00f6z\u00fcm \u00fcretece\u011fiz\u201d dedi.<br \/>\n\u201cMazlumlar\u0131n hamisi Recep Tayyip Erdo\u011fan\u201d<br \/>\nAK Parti \u0130l Ba\u015fkan\u0131 Yunus Tever, \u201cSapanca\u2019daki bu co\u015fkuyu g\u00f6r\u00fcnce 672 mahalleyi kapsayan bir \u00e7al\u0131\u015fma ba\u015flatt\u0131k. Her mahalleye gidece\u011fiz. Neden mi? \u00c7\u00fcnk\u00fc derdimiz hizmet. \u00c7\u00fcnk\u00fc biz, bu millete ne yapt\u0131\u011f\u0131m\u0131z\u0131 ve ne yapaca\u011f\u0131m\u0131z\u0131 anlatmakla m\u00fckellefiz. Mazlumlar\u0131n oldu\u011fu her co\u011frafyada Say\u0131n Cumhurba\u015fkan\u0131m\u0131z var. Bizler de onun y\u00fck\u00fcn\u00fc hafifletmek i\u00e7in, mahalle ba\u015fkan\u0131m\u0131zdan il\u00e7e ba\u015fkan\u0131m\u0131za kadar hep birlikte canla ba\u015fla \u00e7al\u0131\u015f\u0131yoruz. Her birimiz bu davan\u0131n yol arkada\u015flar\u0131y\u0131z\u201d diye konu\u015ftu.<br \/>\n\u201cBir milletin umut y\u00fcr\u00fcy\u00fc\u015f\u00fc\u2026\u201d<br \/>\nAK Parti Sapanca \u0130l\u00e7e Ba\u015fkan\u0131 \u015eafak Ba\u015fo\u011flu, \u201cSapanca Te\u015fkilat\u0131 olarak her daim milletimizin yan\u0131nday\u0131z. Sahaday\u0131z, \u00e7\u00fcnk\u00fc bu dava sadece se\u00e7im zamanlar\u0131nda hat\u0131rlanacak bir hareket de\u011fil, milletin umudu olmu\u015f bir y\u00fcr\u00fcy\u00fc\u015ft\u00fcr. T\u00fcm kademelerimizle el ele, daha \u00e7ok \u00e7al\u0131\u015facak, daha \u00e7ok insana ula\u015faca\u011f\u0131z. \u00c7\u00fcnk\u00fc biz bu davay\u0131 y\u00fcrekten sahiplenmi\u015f bir te\u015fkilat\u0131z\u201d ifadelerini kulland\u0131.<br \/>\n\u201cCumhurba\u015fkan\u0131m\u0131z\u0131n izinden gidiyoruz\u201d<br \/>\nAK Parti \u0130l\u00e7e Kad\u0131n Kollar\u0131 Ba\u015fkan\u0131 Arzu Ak\u00e7ay, \u201cT\u00fcrk kad\u0131n\u0131 her zaman ailesini ve milletini ayakta tutmay\u0131 ba\u015farm\u0131\u015ft\u0131r. AK kad\u0131nlar\u0131m\u0131z vatan\u0131 ve milleti i\u00e7in do\u011fruyu anlatmaya, gelecek nesillere g\u00fc\u00e7l\u00fc bir T\u00fcrkiye b\u0131rakmak isteyen Cumhurba\u015fkan\u0131m\u0131z\u0131n arkas\u0131nda y\u00fcr\u00fcmeye devam edecektir\u201d derken, AK Parti \u0130l\u00e7e Gen\u00e7lik Kollar\u0131 Ba\u015fkan\u0131 Hasan Yayla ise, \u201cBizler sahada, sokakta, g\u00f6n\u00fcllerde var olma m\u00fccadelesindeyiz. Memleket sevdas\u0131 i\u00e7in yorulmadan \u00e7al\u0131\u015faca\u011f\u0131z\u201d \u015feklinde konu\u015ftu.<\/p>\n<p>\u200bSakarya B\u00fcy\u00fck\u015fehir Belediye Ba\u015fkan\u0131 Yusuf Alemdar, Sapanca\u2019da turizme ve il\u00e7edeki ya\u015fant\u0131ya de\u011fer katacak b\u00fcy\u00fck bir projeyi daha kamuoyu ile payla\u015ft\u0131.SAKARYA (\u0130GFA) &#8211; Sakarya B\u00fcy\u00fck\u015fehir Belediye Ba\u015fkan\u0131 Yusuf Alemdar, AK Parti Sapanca Geni\u015fletilmi\u015f \u0130l\u00e7e Dan\u0131\u015fma Meclisi\u2019ne kat\u0131larak te\u015fkilat y\u00f6neticileri ve partililerle bir araya geldi.<br \/>\nGeni\u015fletilmi\u015f \u0130l\u00e7e Dan\u0131\u015fma Meclisine ayr\u0131ca AK Parti Sakarya Milletvekilleri L\u00fctfi Bayraktar, Ertu\u011frul Kocac\u0131k, Ali \u0130nci, AK Parti \u0130l Ba\u015fkan\u0131 Yunus Tever, AK Parti Sapanca \u0130l\u00e7e Ba\u015fkan\u0131 \u015eafak Ba\u015fo\u011flu, MHP Sapanca \u0130l\u00e7e Ba\u015fkan\u0131 G\u00f6khan Alemdar, il\u00e7e ba\u015fkanlar\u0131, muhtarlar, \u00e7ok say\u0131da partili ve bas\u0131n mensuplar\u0131 kat\u0131ld\u0131.<br \/>\n\u0130l\u00e7eye de\u011fer katacak, turizmi canland\u0131racak, gen\u00e7leri sporla bulu\u015fturacak toplam 500 milyon TL\u2019lik projeyi bu programda m\u00fcjdeleyen Ba\u015fkan Alemdar, ayr\u0131ca il\u00e7enin do\u011fas\u0131n\u0131, d\u00fcnyan\u0131n en b\u00fcy\u00fck i\u00e7me suyu cennetlerinden olan Sapanca G\u00f6l\u00fc\u2019n\u00fc koruyacak planlar\u0131 tek tek anlatt\u0131.<br \/>\nSapanca\u2019n\u0131n dev projesi olacak<br \/>\nBa\u015fkan Alemdar, il\u00e7edeki canl\u0131l\u0131\u011f\u0131 ve sosyal potansiyeli b\u00fcy\u00fck oranda destekleyecek dev bir projeyi de kamuoyu ile ilk kez payla\u015ft\u0131.<br \/>\nSapanca G\u00f6l\u00fc sahil hatt\u0131nda Kocaeli s\u0131n\u0131r\u0131 Yan\u0131k\u2019tan ba\u015flay\u0131p 6 kilometrelik hat ile uzanacak sahil yolu projesi i\u00e7in ihaleye \u00e7\u0131kacaklar\u0131n\u0131 a\u00e7\u0131klayan Alemdar, proje i\u00e7erisinde bisiklet alan\u0131, y\u00fcr\u00fcy\u00fc\u015f alanlar\u0131, sosyal donat\u0131 noktalar\u0131n\u0131n yer alaca\u011f\u0131n\u0131 ifade etti. Bu proje Sapanca\u2019n\u0131n yeni bulu\u015fma ve ya\u015fam noktas\u0131 olacak.<br \/>\n\u0130l\u00e7enin yar\u0131nlar\u0131na b\u00fcy\u00fck eserler kazand\u0131r\u0131yoruz<br \/>\nSapanca\u2019n\u0131n ihtiya\u00e7lar\u0131n\u0131 b\u00fct\u00fcnc\u00fcl olarak ele ald\u0131klar\u0131n\u0131 belirten Ba\u015fkan Alemdar, \u201cSapanca\u2019da il\u00e7emizi ba\u015ftan sona de\u011fi\u015ftirecek projeleri tek tek hayata ge\u00e7irece\u011fiz. Sapanca Meydan projemiz h\u0131zla devam ediyor. Yan\u0131k\u2019tan ba\u015flayarak 6 kilometrelik sahil yolu projemiz haz\u0131r. Sapanca sahilini bir u\u00e7tan bir uca y\u00fcr\u00fcnebilir, bisiklet kullan\u0131labilir sosyal bir alan hale getirece\u011fiz. Her il\u00e7eye kazand\u0131raca\u011f\u0131m\u0131z spor komplekslerinin bir benzerini Sapanca\u2019ya da in\u015fa edece\u011fiz. \u0130l\u00e7eye kapal\u0131 spor salonu ve bireysel sporlara uygun tesisler kazand\u0131rmak i\u00e7in ihaleye \u00e7\u0131k\u0131yoruz. Bunun yan\u0131nda mahallelerdeki mevcut spor alanlar\u0131n\u0131n ve parklar\u0131n bak\u0131m-onar\u0131m \u00e7al\u0131\u015fmalar\u0131n\u0131 da s\u00fcrd\u00fcr\u00fcyoruz\u201d dedi.<br \/>\n\u201cSapanca G\u00f6l\u00fc\u2019n\u00fcn gelece\u011fini kolekt\u00f6r sistemiyle koruyaca\u011f\u0131z\u201d<br \/>\nSapanca\u2019n\u0131n altyap\u0131s\u0131 ve \u00fcstyap\u0131s\u0131 i\u00e7in projeler \u00fcrettiklerini belirten Ba\u015fkan Alemdar, \u201cAltyap\u0131 yat\u0131r\u0131mlar\u0131 kapsam\u0131nda ise 13 milyon euroluk kaynak ile Sapanca\u2019n\u0131n i\u00e7me suyu ve kanalizasyon hatlar\u0131n\u0131 ba\u015ftan sona yenileyece\u011fiz. Yan\u0131k\u2019tan ba\u015flayarak kolekt\u00f6r sistemi ile Sapanca G\u00f6l\u00fc\u2019n\u00fcn gelece\u011fini koruyaca\u011f\u0131z. \u0130pekyolu, Ba\u011fdat Caddesi gibi grup yollar\u0131nda kapsaml\u0131 asfaltlama \u00e7al\u0131\u015fmalar\u0131 planl\u0131yoruz\u201d diye konu\u015ftu.<br \/>\n\u201cAK Parti milletin terc\u00fcman\u0131d\u0131r\u201d<br \/>\nMilletvekili L\u00fctfi Bayraktar, \u201cBug\u00fcn burada sadece bir toplant\u0131 i\u00e7in de\u011fil, ge\u00e7mi\u015fimizi hat\u0131rlamak, bug\u00fcn yapt\u0131klar\u0131m\u0131z\u0131 de\u011ferlendirmek ve yar\u0131n\u0131n planlar\u0131n\u0131 yapmak i\u00e7in bir araya geldik. 2001 y\u0131l\u0131nda AK Parti, milletin terc\u00fcman\u0131 olmak i\u00e7in kuruldu. O g\u00fcnden bu yana milletin derdine derman olduk, T\u00fcrkiye\u2019yi b\u00fcy\u00fctt\u00fck, g\u00fc\u00e7lendirdik ve bug\u00fcn art\u0131k sadece kendimize de\u011fil, d\u00fcnyaya y\u00f6n veren bir \u00fclke haline geldik. T\u00fcrkiye bug\u00fcn k\u00fcresel bir g\u00fc\u00e7 olma m\u00fccadelesi veriyor ve bu m\u00fccadeleyi hep birlikte, omuz omuza s\u00fcrd\u00fcr\u00fcyoruz\u201d dedi.<br \/>\nT\u00fcrkiye Y\u00fczy\u0131l\u0131<br \/>\nMilletvekili Ertu\u011frul Kocac\u0131k ise, \u201cBizler, bu b\u00fcy\u00fck hareketi bir \u00e7at\u0131 olarak g\u00f6ren, bu \u00e7at\u0131n\u0131n alt\u0131nda birlik olan bir davan\u0131n mensuplar\u0131y\u0131z. Bu hareketin lideri, Genel Ba\u015fkan\u0131m\u0131z ve Cumhurba\u015fkan\u0131m\u0131z Say\u0131n Recep Tayyip Erdo\u011fan, sadece T\u00fcrkiye\u2019nin de\u011fil, t\u00fcm mazlum co\u011frafyalar\u0131n umudu olmu\u015f bir d\u00fcnya lideridir. Say\u0131n Cumhurba\u015fkan\u0131m\u0131z\u0131n ortaya koydu\u011fu vizyon, sadece bug\u00fcn\u00fc de\u011fil, yar\u0131n\u0131 da in\u015fa eden bir vizyondur. \u201cT\u00fcrkiye Y\u00fczy\u0131l\u0131\u201d hedefi i\u015fte bu b\u00fcy\u00fck vizyonun en g\u00fc\u00e7l\u00fc ifadesidir\u201d diye konu\u015ftu.<br \/>\n\u201cBirlikte \u00e7\u00f6z\u00fcm \u00fcretece\u011fiz\u201d<br \/>\nMilletvekili Ali \u0130nci, \u201cCumhurba\u015fkan\u0131m\u0131z, bug\u00fcn sadece T\u00fcrkiye\u2019nin de\u011fil, t\u00fcm d\u00fcnyan\u0131n bar\u0131\u015f\u0131n\u0131 temsil eden bir liderdir. Yurti\u00e7inde oldu\u011fu kadar yurtd\u0131\u015f\u0131nda da bizleri gururla, onurla temsil ediyor. Biz bu partiyi milletimizle beraber kurduk. Her kesimden, her b\u00f6lgeden insan\u0131m\u0131zla birlikte bu davan\u0131n ta\u015f\u0131n\u0131 omuzlad\u0131k. Biz her zaman yan\u0131n\u0131zday\u0131z. Bu \u015fehrin her meselesinde birlikte \u00e7al\u0131\u015facak, birlikte \u00e7\u00f6z\u00fcm \u00fcretece\u011fiz\u201d dedi.<br \/>\n\u201cMazlumlar\u0131n hamisi Recep Tayyip Erdo\u011fan\u201d<br \/>\nAK Parti \u0130l Ba\u015fkan\u0131 Yunus Tever, \u201cSapanca\u2019daki bu co\u015fkuyu g\u00f6r\u00fcnce 672 mahalleyi kapsayan bir \u00e7al\u0131\u015fma ba\u015flatt\u0131k. Her mahalleye gidece\u011fiz. Neden mi? \u00c7\u00fcnk\u00fc derdimiz hizmet. \u00c7\u00fcnk\u00fc biz, bu millete ne yapt\u0131\u011f\u0131m\u0131z\u0131 ve ne yapaca\u011f\u0131m\u0131z\u0131 anlatmakla m\u00fckellefiz. Mazlumlar\u0131n oldu\u011fu her co\u011frafyada Say\u0131n Cumhurba\u015fkan\u0131m\u0131z var. Bizler de onun y\u00fck\u00fcn\u00fc hafifletmek i\u00e7in, mahalle ba\u015fkan\u0131m\u0131zdan il\u00e7e ba\u015fkan\u0131m\u0131za kadar hep birlikte canla ba\u015fla \u00e7al\u0131\u015f\u0131yoruz. Her birimiz bu davan\u0131n yol arkada\u015flar\u0131y\u0131z\u201d diye konu\u015ftu.<br \/>\n\u201cBir milletin umut y\u00fcr\u00fcy\u00fc\u015f\u00fc\u2026\u201d<br \/>\nAK Parti Sapanca \u0130l\u00e7e Ba\u015fkan\u0131 \u015eafak Ba\u015fo\u011flu, \u201cSapanca Te\u015fkilat\u0131 olarak her daim milletimizin yan\u0131nday\u0131z. Sahaday\u0131z, \u00e7\u00fcnk\u00fc bu dava sadece se\u00e7im zamanlar\u0131nda hat\u0131rlanacak bir hareket de\u011fil, milletin umudu olmu\u015f bir y\u00fcr\u00fcy\u00fc\u015ft\u00fcr. T\u00fcm kademelerimizle el ele, daha \u00e7ok \u00e7al\u0131\u015facak, daha \u00e7ok insana ula\u015faca\u011f\u0131z. \u00c7\u00fcnk\u00fc biz bu davay\u0131 y\u00fcrekten sahiplenmi\u015f bir te\u015fkilat\u0131z\u201d ifadelerini kulland\u0131.<br \/>\n\u201cCumhurba\u015fkan\u0131m\u0131z\u0131n izinden gidiyoruz\u201d<br \/>\nAK Parti \u0130l\u00e7e Kad\u0131n Kollar\u0131 Ba\u015fkan\u0131 Arzu Ak\u00e7ay, \u201cT\u00fcrk kad\u0131n\u0131 her zaman ailesini ve milletini ayakta tutmay\u0131 ba\u015farm\u0131\u015ft\u0131r. AK kad\u0131nlar\u0131m\u0131z vatan\u0131 ve milleti i\u00e7in do\u011fruyu anlatmaya, gelecek nesillere g\u00fc\u00e7l\u00fc bir T\u00fcrkiye b\u0131rakmak isteyen Cumhurba\u015fkan\u0131m\u0131z\u0131n arkas\u0131nda y\u00fcr\u00fcmeye devam edecektir\u201d derken, AK Parti \u0130l\u00e7e Gen\u00e7lik Kollar\u0131 Ba\u015fkan\u0131 Hasan Yayla ise, \u201cBizler sahada, sokakta, g\u00f6n\u00fcllerde var olma m\u00fccadelesindeyiz. Memleket sevdas\u0131 i\u00e7in yorulmadan \u00e7al\u0131\u015faca\u011f\u0131z\u201d \u015feklinde konu\u015ftu.\u00a0<\/p>\n<p>\u200bHaberin Al\u0131nt\u0131land\u0131\u011f\u0131 Kaynak: www.iskenderun.org<\/p>","protected":false},"excerpt":{"rendered":"<p>Sakarya B\u00fcy\u00fck\u015fehir Belediye Ba\u015fkan\u0131 Yusuf Alemdar, Sapanca\u2019da turizme ve il\u00e7edeki ya\u015fant\u0131ya de\u011fer katacak b\u00fcy\u00fck bir projeyi daha kamuoyu ile payla\u015ft\u0131.SAKARYA (\u0130GFA) &#8211; Sakarya B\u00fcy\u00fck\u015fehir Belediye Ba\u015fkan\u0131 Yusuf Alemdar, AK Parti Sapanca Geni\u015fletilmi\u015f \u0130l\u00e7e Dan\u0131\u015fma Meclisi\u2019ne kat\u0131larak te\u015fkilat y\u00f6neticileri ve partililerle bir araya geldi. Geni\u015fletilmi\u015f \u0130l\u00e7e Dan\u0131\u015fma Meclisine ayr\u0131ca AK Parti Sakarya Milletvekilleri L\u00fctfi Bayraktar, Ertu\u011frul Kocac\u0131k, Ali \u0130nci, AK Parti \u0130l Ba\u015fkan\u0131 Yunus Tever, AK Parti Sapanca \u0130l\u00e7e Ba\u015fkan\u0131 \u015eafak Ba\u015fo\u011flu, MHP Sapanca \u0130l\u00e7e Ba\u015fkan\u0131 G\u00f6khan Alemdar, il\u00e7e ba\u015fkanlar\u0131, muhtarlar, \u00e7ok say\u0131da partili ve bas\u0131n mensuplar\u0131 kat\u0131ld\u0131. \u0130l\u00e7eye de\u011fer katacak, turizmi canland\u0131racak, gen\u00e7leri sporla bulu\u015fturacak toplam 500 milyon TL\u2019lik projeyi bu programda m\u00fcjdeleyen Ba\u015fkan Alemdar, ayr\u0131ca il\u00e7enin do\u011fas\u0131n\u0131, d\u00fcnyan\u0131n en b\u00fcy\u00fck i\u00e7me suyu cennetlerinden olan Sapanca G\u00f6l\u00fc\u2019n\u00fc koruyacak planlar\u0131 tek tek anlatt\u0131. Sapanca\u2019n\u0131n dev projesi olacak Ba\u015fkan Alemdar, il\u00e7edeki canl\u0131l\u0131\u011f\u0131 ve sosyal potansiyeli b\u00fcy\u00fck oranda destekleyecek dev bir projeyi de kamuoyu ile ilk kez payla\u015ft\u0131. Sapanca G\u00f6l\u00fc sahil hatt\u0131nda Kocaeli s\u0131n\u0131r\u0131 Yan\u0131k\u2019tan ba\u015flay\u0131p 6 kilometrelik hat ile uzanacak sahil yolu projesi i\u00e7in ihaleye \u00e7\u0131kacaklar\u0131n\u0131 a\u00e7\u0131klayan Alemdar, proje i\u00e7erisinde bisiklet alan\u0131, y\u00fcr\u00fcy\u00fc\u015f alanlar\u0131, sosyal donat\u0131 noktalar\u0131n\u0131n yer alaca\u011f\u0131n\u0131 ifade etti. Bu proje Sapanca\u2019n\u0131n yeni bulu\u015fma ve ya\u015fam noktas\u0131 olacak. \u0130l\u00e7enin yar\u0131nlar\u0131na b\u00fcy\u00fck eserler kazand\u0131r\u0131yoruz Sapanca\u2019n\u0131n ihtiya\u00e7lar\u0131n\u0131 b\u00fct\u00fcnc\u00fcl olarak ele ald\u0131klar\u0131n\u0131 belirten &hellip;<\/p>","protected":false},"author":1,"featured_media":0,"comment_status":"","ping_status":"open","sticky":false,"template":"","format":"standard","meta":{"_acf_changed":false,"footnotes":""},"categories":[24],"tags":[],"class_list":["post-92865","post","type-post","status-publish","format-standard","has-post-thumbnail","hentry","category-gundem"],"acf":[],"yoast_head":"<!-- This site is optimized with the Yoast SEO Premium plugin v26.6 (Yoast SEO v27.1.1) - https:\/\/yoast.com\/product\/yoast-seo-premium-wordpress\/ -->\n<title>Ba\u015fkan Alemdar\u2019dan Sapanca\u2019ya b\u00fcy\u00fck m\u00fcjde! - Av. Deniz Can K\u0131z\u0131l<\/title>\n<meta name=\"robots\" content=\"index, follow, max-snippet:-1, max-image-preview:large, max-video-preview:-1\" \/>\n<link rel=\"canonical\" href=\"http:\/\/denizcankizil.tr\/ru\/haberler\/gundem\/baskan-alemdardan-sapancaya-buyuk-mujde\/\" \/>\n<meta property=\"og:locale\" content=\"ru_RU\" \/>\n<meta property=\"og:type\" content=\"article\" \/>\n<meta property=\"og:title\" content=\"Ba\u015fkan Alemdar\u2019dan Sapanca\u2019ya b\u00fcy\u00fck m\u00fcjde!\" \/>\n<meta property=\"og:description\" content=\"Sakarya B\u00fcy\u00fck\u015fehir Belediye Ba\u015fkan\u0131 Yusuf Alemdar, Sapanca\u2019da turizme ve il\u00e7edeki ya\u015fant\u0131ya de\u011fer katacak b\u00fcy\u00fck bir projeyi daha kamuoyu ile payla\u015ft\u0131.SAKARYA (\u0130GFA) &#8211; Sakarya B\u00fcy\u00fck\u015fehir Belediye Ba\u015fkan\u0131 Yusuf Alemdar, AK Parti Sapanca Geni\u015fletilmi\u015f \u0130l\u00e7e Dan\u0131\u015fma Meclisi\u2019ne kat\u0131larak te\u015fkilat y\u00f6neticileri ve partililerle bir araya geldi. Geni\u015fletilmi\u015f \u0130l\u00e7e Dan\u0131\u015fma Meclisine ayr\u0131ca AK Parti Sakarya Milletvekilleri L\u00fctfi Bayraktar, Ertu\u011frul Kocac\u0131k, Ali \u0130nci, AK Parti \u0130l Ba\u015fkan\u0131 Yunus Tever, AK Parti Sapanca \u0130l\u00e7e Ba\u015fkan\u0131 \u015eafak Ba\u015fo\u011flu, MHP Sapanca \u0130l\u00e7e Ba\u015fkan\u0131 G\u00f6khan Alemdar, il\u00e7e ba\u015fkanlar\u0131, muhtarlar, \u00e7ok say\u0131da partili ve bas\u0131n mensuplar\u0131 kat\u0131ld\u0131. \u0130l\u00e7eye de\u011fer katacak, turizmi canland\u0131racak, gen\u00e7leri sporla bulu\u015fturacak toplam 500 milyon TL\u2019lik projeyi bu programda m\u00fcjdeleyen Ba\u015fkan Alemdar, ayr\u0131ca il\u00e7enin do\u011fas\u0131n\u0131, d\u00fcnyan\u0131n en b\u00fcy\u00fck i\u00e7me suyu cennetlerinden olan Sapanca G\u00f6l\u00fc\u2019n\u00fc koruyacak planlar\u0131 tek tek anlatt\u0131. Sapanca\u2019n\u0131n dev projesi olacak Ba\u015fkan Alemdar, il\u00e7edeki canl\u0131l\u0131\u011f\u0131 ve sosyal potansiyeli b\u00fcy\u00fck oranda destekleyecek dev bir projeyi de kamuoyu ile ilk kez payla\u015ft\u0131. Sapanca G\u00f6l\u00fc sahil hatt\u0131nda Kocaeli s\u0131n\u0131r\u0131 Yan\u0131k\u2019tan ba\u015flay\u0131p 6 kilometrelik hat ile uzanacak sahil yolu projesi i\u00e7in ihaleye \u00e7\u0131kacaklar\u0131n\u0131 a\u00e7\u0131klayan Alemdar, proje i\u00e7erisinde bisiklet alan\u0131, y\u00fcr\u00fcy\u00fc\u015f alanlar\u0131, sosyal donat\u0131 noktalar\u0131n\u0131n yer alaca\u011f\u0131n\u0131 ifade etti. Bu proje Sapanca\u2019n\u0131n yeni bulu\u015fma ve ya\u015fam noktas\u0131 olacak. \u0130l\u00e7enin yar\u0131nlar\u0131na b\u00fcy\u00fck eserler kazand\u0131r\u0131yoruz Sapanca\u2019n\u0131n ihtiya\u00e7lar\u0131n\u0131 b\u00fct\u00fcnc\u00fcl olarak ele ald\u0131klar\u0131n\u0131 belirten &hellip;\" \/>\n<meta property=\"og:url\" content=\"http:\/\/denizcankizil.tr\/ru\/haberler\/gundem\/baskan-alemdardan-sapancaya-buyuk-mujde\/\" \/>\n<meta property=\"og:site_name\" content=\"Av. Deniz Can K\u0131z\u0131l\" \/>\n<meta property=\"article:published_time\" content=\"2025-05-20T13:42:47+00:00\" \/>\n<meta name=\"author\" content=\"admin\" \/>\n<meta name=\"twitter:card\" content=\"summary_large_image\" \/>\n<meta name=\"twitter:label1\" content=\"\u041d\u0430\u043f\u0438\u0441\u0430\u043d\u043e \u0430\u0432\u0442\u043e\u0440\u043e\u043c\" \/>\n\t<meta name=\"twitter:data1\" content=\"admin\" \/>\n\t<meta name=\"twitter:label2\" content=\"\u041f\u0440\u0438\u043c\u0435\u0440\u043d\u043e\u0435 \u0432\u0440\u0435\u043c\u044f \u0434\u043b\u044f \u0447\u0442\u0435\u043d\u0438\u044f\" \/>\n\t<meta name=\"twitter:data2\" content=\"11 \u043c\u0438\u043d\u0443\u0442\" \/>\n<script type=\"application\/ld+json\" class=\"yoast-schema-graph\">{\"@context\":\"https:\/\/schema.org\",\"@graph\":[{\"@type\":\"Article\",\"@id\":\"http:\/\/denizcankizil.tr\/en\/haberler\/gundem\/baskan-alemdardan-sapancaya-buyuk-mujde\/#article\",\"isPartOf\":{\"@id\":\"http:\/\/denizcankizil.tr\/en\/haberler\/gundem\/baskan-alemdardan-sapancaya-buyuk-mujde\/\"},\"author\":{\"name\":\"admin\",\"@id\":\"https:\/\/denizcankizil.tr\/de\/#\/schema\/person\/be3c05fe6a12686905512445d8185489\"},\"headline\":\"Ba\u015fkan Alemdar\u2019dan Sapanca\u2019ya b\u00fcy\u00fck m\u00fcjde!\",\"datePublished\":\"2025-05-20T13:42:47+00:00\",\"mainEntityOfPage\":{\"@id\":\"http:\/\/denizcankizil.tr\/en\/haberler\/gundem\/baskan-alemdardan-sapancaya-buyuk-mujde\/\"},\"wordCount\":2271,\"publisher\":{\"@id\":\"https:\/\/denizcankizil.tr\/de\/#organization\"},\"articleSection\":[\"G\u00fcndem\"],\"inLanguage\":\"ru-RU\"},{\"@type\":\"WebPage\",\"@id\":\"http:\/\/denizcankizil.tr\/en\/haberler\/gundem\/baskan-alemdardan-sapancaya-buyuk-mujde\/\",\"url\":\"http:\/\/denizcankizil.tr\/en\/haberler\/gundem\/baskan-alemdardan-sapancaya-buyuk-mujde\/\",\"name\":\"Ba\u015fkan Alemdar\u2019dan Sapanca\u2019ya b\u00fcy\u00fck m\u00fcjde! - Av. Deniz Can K\u0131z\u0131l\",\"isPartOf\":{\"@id\":\"https:\/\/denizcankizil.tr\/de\/#website\"},\"datePublished\":\"2025-05-20T13:42:47+00:00\",\"breadcrumb\":{\"@id\":\"http:\/\/denizcankizil.tr\/en\/haberler\/gundem\/baskan-alemdardan-sapancaya-buyuk-mujde\/#breadcrumb\"},\"inLanguage\":\"ru-RU\",\"potentialAction\":[{\"@type\":\"ReadAction\",\"target\":[\"http:\/\/denizcankizil.tr\/en\/haberler\/gundem\/baskan-alemdardan-sapancaya-buyuk-mujde\/\"]}]},{\"@type\":\"BreadcrumbList\",\"@id\":\"http:\/\/denizcankizil.tr\/en\/haberler\/gundem\/baskan-alemdardan-sapancaya-buyuk-mujde\/#breadcrumb\",\"itemListElement\":[{\"@type\":\"ListItem\",\"position\":1,\"name\":\"Home\",\"item\":\"https:\/\/denizcankizil.tr\/de\/\"},{\"@type\":\"ListItem\",\"position\":2,\"name\":\"Ba\u015fkan Alemdar\u2019dan Sapanca\u2019ya b\u00fcy\u00fck m\u00fcjde!\"}]},{\"@type\":\"WebSite\",\"@id\":\"https:\/\/denizcankizil.tr\/de\/#website\",\"url\":\"https:\/\/denizcankizil.tr\/de\/\",\"name\":\"Av. Deniz Can K\u0131z\u0131l\",\"description\":\"Avukat Deniz Can K\u0131z\u0131l Antalya Barosu\",\"publisher\":{\"@id\":\"https:\/\/denizcankizil.tr\/de\/#organization\"},\"potentialAction\":[{\"@type\":\"SearchAction\",\"target\":{\"@type\":\"EntryPoint\",\"urlTemplate\":\"https:\/\/denizcankizil.tr\/de\/?s={search_term_string}\"},\"query-input\":{\"@type\":\"PropertyValueSpecification\",\"valueRequired\":true,\"valueName\":\"search_term_string\"}}],\"inLanguage\":\"ru-RU\"},{\"@type\":\"Organization\",\"@id\":\"https:\/\/denizcankizil.tr\/de\/#organization\",\"name\":\"Av. Deniz Can K\u0131z\u0131l\",\"url\":\"https:\/\/denizcankizil.tr\/de\/\",\"logo\":{\"@type\":\"ImageObject\",\"inLanguage\":\"ru-RU\",\"@id\":\"https:\/\/denizcankizil.tr\/de\/#\/schema\/logo\/image\/\",\"url\":\"https:\/\/denizcankizil.tr\/wp-content\/uploads\/2024\/10\/siyah-logo-svg.svg\",\"contentUrl\":\"https:\/\/denizcankizil.tr\/wp-content\/uploads\/2024\/10\/siyah-logo-svg.svg\",\"width\":1080,\"height\":1080,\"caption\":\"Av. Deniz Can K\u0131z\u0131l\"},\"image\":{\"@id\":\"https:\/\/denizcankizil.tr\/de\/#\/schema\/logo\/image\/\"}},{\"@type\":\"Person\",\"@id\":\"https:\/\/denizcankizil.tr\/de\/#\/schema\/person\/be3c05fe6a12686905512445d8185489\",\"name\":\"admin\",\"image\":{\"@type\":\"ImageObject\",\"inLanguage\":\"ru-RU\",\"@id\":\"https:\/\/denizcankizil.tr\/de\/#\/schema\/person\/image\/\",\"url\":\"https:\/\/secure.gravatar.com\/avatar\/c1fce94c830dc79107e174f890d7210541c4a63e8e5d816341794a2151c9d58c?s=96&d=mm&r=g\",\"contentUrl\":\"https:\/\/secure.gravatar.com\/avatar\/c1fce94c830dc79107e174f890d7210541c4a63e8e5d816341794a2151c9d58c?s=96&d=mm&r=g\",\"caption\":\"admin\"},\"sameAs\":[\"http:\/\/denizcankizil.tr\"],\"url\":\"https:\/\/www.iskenderun.org\/baskan-alemdardan-sapancaya-buyuk-mujde\"}]}<\/script>\n<!-- \/ Yoast SEO Premium plugin. -->","yoast_head_json":{"title":"Ba\u015fkan Alemdar\u2019dan Sapanca\u2019ya b\u00fcy\u00fck m\u00fcjde! - Av. Deniz Can K\u0131z\u0131l","robots":{"index":"index","follow":"follow","max-snippet":"max-snippet:-1","max-image-preview":"max-image-preview:large","max-video-preview":"max-video-preview:-1"},"canonical":"http:\/\/denizcankizil.tr\/ru\/haberler\/gundem\/baskan-alemdardan-sapancaya-buyuk-mujde\/","og_locale":"ru_RU","og_type":"article","og_title":"Ba\u015fkan Alemdar\u2019dan Sapanca\u2019ya b\u00fcy\u00fck m\u00fcjde!","og_description":"Sakarya B\u00fcy\u00fck\u015fehir Belediye Ba\u015fkan\u0131 Yusuf Alemdar, Sapanca\u2019da turizme ve il\u00e7edeki ya\u015fant\u0131ya de\u011fer katacak b\u00fcy\u00fck bir projeyi daha kamuoyu ile payla\u015ft\u0131.SAKARYA (\u0130GFA) &#8211; Sakarya B\u00fcy\u00fck\u015fehir Belediye Ba\u015fkan\u0131 Yusuf Alemdar, AK Parti Sapanca Geni\u015fletilmi\u015f \u0130l\u00e7e Dan\u0131\u015fma Meclisi\u2019ne kat\u0131larak te\u015fkilat y\u00f6neticileri ve partililerle bir araya geldi. Geni\u015fletilmi\u015f \u0130l\u00e7e Dan\u0131\u015fma Meclisine ayr\u0131ca AK Parti Sakarya Milletvekilleri L\u00fctfi Bayraktar, Ertu\u011frul Kocac\u0131k, Ali \u0130nci, AK Parti \u0130l Ba\u015fkan\u0131 Yunus Tever, AK Parti Sapanca \u0130l\u00e7e Ba\u015fkan\u0131 \u015eafak Ba\u015fo\u011flu, MHP Sapanca \u0130l\u00e7e Ba\u015fkan\u0131 G\u00f6khan Alemdar, il\u00e7e ba\u015fkanlar\u0131, muhtarlar, \u00e7ok say\u0131da partili ve bas\u0131n mensuplar\u0131 kat\u0131ld\u0131. \u0130l\u00e7eye de\u011fer katacak, turizmi canland\u0131racak, gen\u00e7leri sporla bulu\u015fturacak toplam 500 milyon TL\u2019lik projeyi bu programda m\u00fcjdeleyen Ba\u015fkan Alemdar, ayr\u0131ca il\u00e7enin do\u011fas\u0131n\u0131, d\u00fcnyan\u0131n en b\u00fcy\u00fck i\u00e7me suyu cennetlerinden olan Sapanca G\u00f6l\u00fc\u2019n\u00fc koruyacak planlar\u0131 tek tek anlatt\u0131. Sapanca\u2019n\u0131n dev projesi olacak Ba\u015fkan Alemdar, il\u00e7edeki canl\u0131l\u0131\u011f\u0131 ve sosyal potansiyeli b\u00fcy\u00fck oranda destekleyecek dev bir projeyi de kamuoyu ile ilk kez payla\u015ft\u0131. Sapanca G\u00f6l\u00fc sahil hatt\u0131nda Kocaeli s\u0131n\u0131r\u0131 Yan\u0131k\u2019tan ba\u015flay\u0131p 6 kilometrelik hat ile uzanacak sahil yolu projesi i\u00e7in ihaleye \u00e7\u0131kacaklar\u0131n\u0131 a\u00e7\u0131klayan Alemdar, proje i\u00e7erisinde bisiklet alan\u0131, y\u00fcr\u00fcy\u00fc\u015f alanlar\u0131, sosyal donat\u0131 noktalar\u0131n\u0131n yer alaca\u011f\u0131n\u0131 ifade etti. Bu proje Sapanca\u2019n\u0131n yeni bulu\u015fma ve ya\u015fam noktas\u0131 olacak. \u0130l\u00e7enin yar\u0131nlar\u0131na b\u00fcy\u00fck eserler kazand\u0131r\u0131yoruz Sapanca\u2019n\u0131n ihtiya\u00e7lar\u0131n\u0131 b\u00fct\u00fcnc\u00fcl olarak ele ald\u0131klar\u0131n\u0131 belirten &hellip;","og_url":"http:\/\/denizcankizil.tr\/ru\/haberler\/gundem\/baskan-alemdardan-sapancaya-buyuk-mujde\/","og_site_name":"Av. Deniz Can K\u0131z\u0131l","article_published_time":"2025-05-20T13:42:47+00:00","author":"admin","twitter_card":"summary_large_image","twitter_misc":{"\u041d\u0430\u043f\u0438\u0441\u0430\u043d\u043e \u0430\u0432\u0442\u043e\u0440\u043e\u043c":"admin","\u041f\u0440\u0438\u043c\u0435\u0440\u043d\u043e\u0435 \u0432\u0440\u0435\u043c\u044f \u0434\u043b\u044f \u0447\u0442\u0435\u043d\u0438\u044f":"11 \u043c\u0438\u043d\u0443\u0442"},"schema":{"@context":"https:\/\/schema.org","@graph":[{"@type":"Article","@id":"http:\/\/denizcankizil.tr\/en\/haberler\/gundem\/baskan-alemdardan-sapancaya-buyuk-mujde\/#article","isPartOf":{"@id":"http:\/\/denizcankizil.tr\/en\/haberler\/gundem\/baskan-alemdardan-sapancaya-buyuk-mujde\/"},"author":{"name":"admin","@id":"https:\/\/denizcankizil.tr\/de\/#\/schema\/person\/be3c05fe6a12686905512445d8185489"},"headline":"Ba\u015fkan Alemdar\u2019dan Sapanca\u2019ya b\u00fcy\u00fck m\u00fcjde!","datePublished":"2025-05-20T13:42:47+00:00","mainEntityOfPage":{"@id":"http:\/\/denizcankizil.tr\/en\/haberler\/gundem\/baskan-alemdardan-sapancaya-buyuk-mujde\/"},"wordCount":2271,"publisher":{"@id":"https:\/\/denizcankizil.tr\/de\/#organization"},"articleSection":["G\u00fcndem"],"inLanguage":"ru-RU"},{"@type":"WebPage","@id":"http:\/\/denizcankizil.tr\/en\/haberler\/gundem\/baskan-alemdardan-sapancaya-buyuk-mujde\/","url":"http:\/\/denizcankizil.tr\/en\/haberler\/gundem\/baskan-alemdardan-sapancaya-buyuk-mujde\/","name":"Ba\u015fkan Alemdar\u2019dan Sapanca\u2019ya b\u00fcy\u00fck m\u00fcjde! - Av. Deniz Can K\u0131z\u0131l","isPartOf":{"@id":"https:\/\/denizcankizil.tr\/de\/#website"},"datePublished":"2025-05-20T13:42:47+00:00","breadcrumb":{"@id":"http:\/\/denizcankizil.tr\/en\/haberler\/gundem\/baskan-alemdardan-sapancaya-buyuk-mujde\/#breadcrumb"},"inLanguage":"ru-RU","potentialAction":[{"@type":"ReadAction","target":["http:\/\/denizcankizil.tr\/en\/haberler\/gundem\/baskan-alemdardan-sapancaya-buyuk-mujde\/"]}]},{"@type":"BreadcrumbList","@id":"http:\/\/denizcankizil.tr\/en\/haberler\/gundem\/baskan-alemdardan-sapancaya-buyuk-mujde\/#breadcrumb","itemListElement":[{"@type":"ListItem","position":1,"name":"Home","item":"https:\/\/denizcankizil.tr\/de\/"},{"@type":"ListItem","position":2,"name":"Ba\u015fkan Alemdar\u2019dan Sapanca\u2019ya b\u00fcy\u00fck m\u00fcjde!"}]},{"@type":"WebSite","@id":"https:\/\/denizcankizil.tr\/de\/#website","url":"https:\/\/denizcankizil.tr\/de\/","name":"Av. Deniz Can K\u0131z\u0131l","description":"Avukat Deniz Can K\u0131z\u0131l Antalya Barosu","publisher":{"@id":"https:\/\/denizcankizil.tr\/de\/#organization"},"potentialAction":[{"@type":"SearchAction","target":{"@type":"EntryPoint","urlTemplate":"https:\/\/denizcankizil.tr\/de\/?s={search_term_string}"},"query-input":{"@type":"PropertyValueSpecification","valueRequired":true,"valueName":"search_term_string"}}],"inLanguage":"ru-RU"},{"@type":"Organization","@id":"https:\/\/denizcankizil.tr\/de\/#organization","name":"Av. Deniz Can K\u0131z\u0131l","url":"https:\/\/denizcankizil.tr\/de\/","logo":{"@type":"ImageObject","inLanguage":"ru-RU","@id":"https:\/\/denizcankizil.tr\/de\/#\/schema\/logo\/image\/","url":"https:\/\/denizcankizil.tr\/wp-content\/uploads\/2024\/10\/siyah-logo-svg.svg","contentUrl":"https:\/\/denizcankizil.tr\/wp-content\/uploads\/2024\/10\/siyah-logo-svg.svg","width":1080,"height":1080,"caption":"Av. Deniz Can K\u0131z\u0131l"},"image":{"@id":"https:\/\/denizcankizil.tr\/de\/#\/schema\/logo\/image\/"}},{"@type":"Person","@id":"https:\/\/denizcankizil.tr\/de\/#\/schema\/person\/be3c05fe6a12686905512445d8185489","name":"\u0430\u0434\u043c\u0438\u043d","image":{"@type":"ImageObject","inLanguage":"ru-RU","@id":"https:\/\/denizcankizil.tr\/de\/#\/schema\/person\/image\/","url":"https:\/\/secure.gravatar.com\/avatar\/c1fce94c830dc79107e174f890d7210541c4a63e8e5d816341794a2151c9d58c?s=96&d=mm&r=g","contentUrl":"https:\/\/secure.gravatar.com\/avatar\/c1fce94c830dc79107e174f890d7210541c4a63e8e5d816341794a2151c9d58c?s=96&d=mm&r=g","caption":"admin"},"sameAs":["http:\/\/denizcankizil.tr"],"url":"https:\/\/www.iskenderun.org\/baskan-alemdardan-sapancaya-buyuk-mujde"}]}},"_links":{"self":[{"href":"https:\/\/denizcankizil.tr\/ru\/wp-json\/wp\/v2\/posts\/92865","targetHints":{"allow":["GET"]}}],"collection":[{"href":"https:\/\/denizcankizil.tr\/ru\/wp-json\/wp\/v2\/posts"}],"about":[{"href":"https:\/\/denizcankizil.tr\/ru\/wp-json\/wp\/v2\/types\/post"}],"author":[{"embeddable":true,"href":"https:\/\/denizcankizil.tr\/ru\/wp-json\/wp\/v2\/users\/1"}],"replies":[{"embeddable":true,"href":"https:\/\/denizcankizil.tr\/ru\/wp-json\/wp\/v2\/comments?post=92865"}],"version-history":[{"count":0,"href":"https:\/\/denizcankizil.tr\/ru\/wp-json\/wp\/v2\/posts\/92865\/revisions"}],"wp:attachment":[{"href":"https:\/\/denizcankizil.tr\/ru\/wp-json\/wp\/v2\/media?parent=92865"}],"wp:term":[{"taxonomy":"category","embeddable":true,"href":"https:\/\/denizcankizil.tr\/ru\/wp-json\/wp\/v2\/categories?post=92865"},{"taxonomy":"post_tag","embeddable":true,"href":"https:\/\/denizcankizil.tr\/ru\/wp-json\/wp\/v2\/tags?post=92865"}],"curies":[{"name":"wp","href":"https:\/\/api.w.org\/{rel}","templated":true}]}}