{"id":92659,"date":"2025-05-20T12:43:13","date_gmt":"2025-05-20T09:43:13","guid":{"rendered":"https:\/\/denizcankizil.tr\/uncategorized-tr\/afyonkarahisar-mermer-zenginligi-ile-kuresel-bulusma-noktasi-olacak\/"},"modified":"2025-05-20T12:43:13","modified_gmt":"2025-05-20T09:43:13","slug":"afyonkarahisar-mermer-zenginligi-ile-kuresel-bulusma-noktasi-olacak","status":"publish","type":"post","link":"https:\/\/denizcankizil.tr\/ru\/haberler\/gundem\/afyonkarahisar-mermer-zenginligi-ile-kuresel-bulusma-noktasi-olacak\/","title":{"rendered":"Afyonkarahisar, mermer zenginli\u011fi ile k\u00fcresel bulu\u015fma noktas\u0131 olacak"},"content":{"rendered":"<p>T\u00fcrkiye\u2019nin en \u00f6nemli do\u011fal ta\u015f \u00fcretim b\u00f6lgelerinden biri olan Afyonkarahisar, 2025 y\u0131l\u0131n\u0131n en b\u00fcy\u00fck blok mermer fuar\u0131na ev sahipli\u011fi yap\u0131yor.\u00a0<\/p>\n<p>\u200bT\u00fcrkiye\u2019nin en \u00f6nemli do\u011fal ta\u015f \u00fcretim b\u00f6lgelerinden biri olan Afyonkarahisar, 2025 y\u0131l\u0131n\u0131n en b\u00fcy\u00fck blok mermer fuar\u0131na ev sahipli\u011fi yap\u0131yor.\u00a0\u00a0<\/p>\n<p>\u200bHaberin Al\u0131nt\u0131land\u0131\u011f\u0131 Kaynak: www.iskenderun.org<\/p>","protected":false},"excerpt":{"rendered":"<p>T\u00fcrkiye\u2019nin en \u00f6nemli do\u011fal ta\u015f \u00fcretim b\u00f6lgelerinden biri olan Afyonkarahisar, 2025 y\u0131l\u0131n\u0131n en b\u00fcy\u00fck blok mermer fuar\u0131na ev sahipli\u011fi yap\u0131yor.\u00a0 \u200bT\u00fcrkiye\u2019nin en \u00f6nemli do\u011fal ta\u015f \u00fcretim b\u00f6lgelerinden biri olan Afyonkarahisar, 2025 y\u0131l\u0131n\u0131n en b\u00fcy\u00fck blok mermer fuar\u0131na ev sahipli\u011fi yap\u0131yor.\u00a0\u00a0 \u200bHaberin Al\u0131nt\u0131land\u0131\u011f\u0131 Kaynak: www.iskenderun.org<\/p>","protected":false},"author":1,"featured_media":0,"comment_status":"","ping_status":"open","sticky":false,"template":"","format":"standard","meta":{"_acf_changed":false,"footnotes":""},"categories":[24],"tags":[],"class_list":["post-92659","post","type-post","status-publish","format-standard","has-post-thumbnail","hentry","category-gundem"],"acf":[],"yoast_head":"<!-- This site is optimized with the Yoast SEO Premium plugin v26.6 (Yoast SEO v27.1.1) - https:\/\/yoast.com\/product\/yoast-seo-premium-wordpress\/ -->\n<title>Afyonkarahisar, mermer zenginli\u011fi ile k\u00fcresel bulu\u015fma noktas\u0131 olacak - Av. Deniz Can K\u0131z\u0131l<\/title>\n<meta name=\"robots\" content=\"index, follow, max-snippet:-1, max-image-preview:large, max-video-preview:-1\" \/>\n<link rel=\"canonical\" href=\"https:\/\/denizcankizil.tr\/ru\/haberler\/gundem\/afyonkarahisar-mermer-zenginligi-ile-kuresel-bulusma-noktasi-olacak\/\" \/>\n<meta property=\"og:locale\" content=\"ru_RU\" \/>\n<meta property=\"og:type\" content=\"article\" \/>\n<meta property=\"og:title\" content=\"Afyonkarahisar, mermer zenginli\u011fi ile k\u00fcresel bulu\u015fma noktas\u0131 olacak\" \/>\n<meta property=\"og:description\" content=\"T\u00fcrkiye\u2019nin en \u00f6nemli do\u011fal ta\u015f \u00fcretim b\u00f6lgelerinden biri olan Afyonkarahisar, 2025 y\u0131l\u0131n\u0131n en b\u00fcy\u00fck blok mermer fuar\u0131na ev sahipli\u011fi yap\u0131yor.\u00a0 \u200bT\u00fcrkiye\u2019nin en \u00f6nemli do\u011fal ta\u015f \u00fcretim b\u00f6lgelerinden biri olan Afyonkarahisar, 2025 y\u0131l\u0131n\u0131n en b\u00fcy\u00fck blok mermer fuar\u0131na ev sahipli\u011fi yap\u0131yor.\u00a0\u00a0 \u200bHaberin Al\u0131nt\u0131land\u0131\u011f\u0131 Kaynak: www.iskenderun.org\" \/>\n<meta property=\"og:url\" content=\"https:\/\/denizcankizil.tr\/ru\/haberler\/gundem\/afyonkarahisar-mermer-zenginligi-ile-kuresel-bulusma-noktasi-olacak\/\" \/>\n<meta property=\"og:site_name\" content=\"Av. Deniz Can K\u0131z\u0131l\" \/>\n<meta property=\"article:published_time\" content=\"2025-05-20T09:43:13+00:00\" \/>\n<meta name=\"author\" content=\"admin\" \/>\n<meta name=\"twitter:card\" content=\"summary_large_image\" \/>\n<meta name=\"twitter:label1\" content=\"\u041d\u0430\u043f\u0438\u0441\u0430\u043d\u043e \u0430\u0432\u0442\u043e\u0440\u043e\u043c\" \/>\n\t<meta name=\"twitter:data1\" content=\"admin\" \/>\n<script type=\"application\/ld+json\" class=\"yoast-schema-graph\">{\"@context\":\"https:\/\/schema.org\",\"@graph\":[{\"@type\":\"Article\",\"@id\":\"https:\/\/denizcankizil.tr\/en\/haberler\/gundem\/afyonkarahisar-mermer-zenginligi-ile-kuresel-bulusma-noktasi-olacak\/#article\",\"isPartOf\":{\"@id\":\"https:\/\/denizcankizil.tr\/en\/haberler\/gundem\/afyonkarahisar-mermer-zenginligi-ile-kuresel-bulusma-noktasi-olacak\/\"},\"author\":{\"name\":\"admin\",\"@id\":\"https:\/\/denizcankizil.tr\/#\/schema\/person\/be3c05fe6a12686905512445d8185489\"},\"headline\":\"Afyonkarahisar, mermer zenginli\u011fi ile k\u00fcresel bulu\u015fma noktas\u0131 olacak\",\"datePublished\":\"2025-05-20T09:43:13+00:00\",\"mainEntityOfPage\":{\"@id\":\"https:\/\/denizcankizil.tr\/en\/haberler\/gundem\/afyonkarahisar-mermer-zenginligi-ile-kuresel-bulusma-noktasi-olacak\/\"},\"wordCount\":81,\"publisher\":{\"@id\":\"https:\/\/denizcankizil.tr\/#organization\"},\"articleSection\":[\"G\u00fcndem\"],\"inLanguage\":\"ru-RU\"},{\"@type\":\"WebPage\",\"@id\":\"https:\/\/denizcankizil.tr\/en\/haberler\/gundem\/afyonkarahisar-mermer-zenginligi-ile-kuresel-bulusma-noktasi-olacak\/\",\"url\":\"https:\/\/denizcankizil.tr\/en\/haberler\/gundem\/afyonkarahisar-mermer-zenginligi-ile-kuresel-bulusma-noktasi-olacak\/\",\"name\":\"Afyonkarahisar, mermer zenginli\u011fi ile k\u00fcresel bulu\u015fma noktas\u0131 olacak - Av. Deniz Can K\u0131z\u0131l\",\"isPartOf\":{\"@id\":\"https:\/\/denizcankizil.tr\/#website\"},\"datePublished\":\"2025-05-20T09:43:13+00:00\",\"breadcrumb\":{\"@id\":\"https:\/\/denizcankizil.tr\/en\/haberler\/gundem\/afyonkarahisar-mermer-zenginligi-ile-kuresel-bulusma-noktasi-olacak\/#breadcrumb\"},\"inLanguage\":\"ru-RU\",\"potentialAction\":[{\"@type\":\"ReadAction\",\"target\":[\"https:\/\/denizcankizil.tr\/en\/haberler\/gundem\/afyonkarahisar-mermer-zenginligi-ile-kuresel-bulusma-noktasi-olacak\/\"]}]},{\"@type\":\"BreadcrumbList\",\"@id\":\"https:\/\/denizcankizil.tr\/en\/haberler\/gundem\/afyonkarahisar-mermer-zenginligi-ile-kuresel-bulusma-noktasi-olacak\/#breadcrumb\",\"itemListElement\":[{\"@type\":\"ListItem\",\"position\":1,\"name\":\"Home\",\"item\":\"https:\/\/denizcankizil.tr\/de\/\"},{\"@type\":\"ListItem\",\"position\":2,\"name\":\"Afyonkarahisar, mermer zenginli\u011fi ile k\u00fcresel bulu\u015fma noktas\u0131 olacak\"}]},{\"@type\":\"WebSite\",\"@id\":\"https:\/\/denizcankizil.tr\/#website\",\"url\":\"https:\/\/denizcankizil.tr\/\",\"name\":\"Av. Deniz Can K\u0131z\u0131l\",\"description\":\"Avukat Deniz Can K\u0131z\u0131l Antalya Barosu\",\"publisher\":{\"@id\":\"https:\/\/denizcankizil.tr\/#organization\"},\"potentialAction\":[{\"@type\":\"SearchAction\",\"target\":{\"@type\":\"EntryPoint\",\"urlTemplate\":\"https:\/\/denizcankizil.tr\/?s={search_term_string}\"},\"query-input\":{\"@type\":\"PropertyValueSpecification\",\"valueRequired\":true,\"valueName\":\"search_term_string\"}}],\"inLanguage\":\"ru-RU\"},{\"@type\":\"Organization\",\"@id\":\"https:\/\/denizcankizil.tr\/#organization\",\"name\":\"Av. Deniz Can K\u0131z\u0131l\",\"url\":\"https:\/\/denizcankizil.tr\/\",\"logo\":{\"@type\":\"ImageObject\",\"inLanguage\":\"ru-RU\",\"@id\":\"https:\/\/denizcankizil.tr\/#\/schema\/logo\/image\/\",\"url\":\"https:\/\/denizcankizil.tr\/wp-content\/uploads\/2024\/10\/siyah-logo-svg.svg\",\"contentUrl\":\"https:\/\/denizcankizil.tr\/wp-content\/uploads\/2024\/10\/siyah-logo-svg.svg\",\"width\":1080,\"height\":1080,\"caption\":\"Av. Deniz Can K\u0131z\u0131l\"},\"image\":{\"@id\":\"https:\/\/denizcankizil.tr\/#\/schema\/logo\/image\/\"}},{\"@type\":\"Person\",\"@id\":\"https:\/\/denizcankizil.tr\/#\/schema\/person\/be3c05fe6a12686905512445d8185489\",\"name\":\"admin\",\"image\":{\"@type\":\"ImageObject\",\"inLanguage\":\"ru-RU\",\"@id\":\"https:\/\/denizcankizil.tr\/#\/schema\/person\/image\/\",\"url\":\"https:\/\/secure.gravatar.com\/avatar\/c1fce94c830dc79107e174f890d7210541c4a63e8e5d816341794a2151c9d58c?s=96&d=mm&r=g\",\"contentUrl\":\"https:\/\/secure.gravatar.com\/avatar\/c1fce94c830dc79107e174f890d7210541c4a63e8e5d816341794a2151c9d58c?s=96&d=mm&r=g\",\"caption\":\"admin\"},\"sameAs\":[\"http:\/\/denizcankizil.tr\"],\"url\":\"https:\/\/www.iskenderun.org\/afyonkarahisar-mermer-zenginligi-ile-kuresel-bulusma-noktasi-olacak\"}]}<\/script>\n<!-- \/ Yoast SEO Premium plugin. -->","yoast_head_json":{"title":"Afyonkarahisar, mermer zenginli\u011fi ile k\u00fcresel bulu\u015fma noktas\u0131 olacak - Av. Deniz Can K\u0131z\u0131l","robots":{"index":"index","follow":"follow","max-snippet":"max-snippet:-1","max-image-preview":"max-image-preview:large","max-video-preview":"max-video-preview:-1"},"canonical":"https:\/\/denizcankizil.tr\/ru\/haberler\/gundem\/afyonkarahisar-mermer-zenginligi-ile-kuresel-bulusma-noktasi-olacak\/","og_locale":"ru_RU","og_type":"article","og_title":"Afyonkarahisar, mermer zenginli\u011fi ile k\u00fcresel bulu\u015fma noktas\u0131 olacak","og_description":"T\u00fcrkiye\u2019nin en \u00f6nemli do\u011fal ta\u015f \u00fcretim b\u00f6lgelerinden biri olan Afyonkarahisar, 2025 y\u0131l\u0131n\u0131n en b\u00fcy\u00fck blok mermer fuar\u0131na ev sahipli\u011fi yap\u0131yor.\u00a0 \u200bT\u00fcrkiye\u2019nin en \u00f6nemli do\u011fal ta\u015f \u00fcretim b\u00f6lgelerinden biri olan Afyonkarahisar, 2025 y\u0131l\u0131n\u0131n en b\u00fcy\u00fck blok mermer fuar\u0131na ev sahipli\u011fi yap\u0131yor.\u00a0\u00a0 \u200bHaberin Al\u0131nt\u0131land\u0131\u011f\u0131 Kaynak: www.iskenderun.org","og_url":"https:\/\/denizcankizil.tr\/ru\/haberler\/gundem\/afyonkarahisar-mermer-zenginligi-ile-kuresel-bulusma-noktasi-olacak\/","og_site_name":"Av. Deniz Can K\u0131z\u0131l","article_published_time":"2025-05-20T09:43:13+00:00","author":"admin","twitter_card":"summary_large_image","twitter_misc":{"\u041d\u0430\u043f\u0438\u0441\u0430\u043d\u043e \u0430\u0432\u0442\u043e\u0440\u043e\u043c":"admin"},"schema":{"@context":"https:\/\/schema.org","@graph":[{"@type":"Article","@id":"https:\/\/denizcankizil.tr\/en\/haberler\/gundem\/afyonkarahisar-mermer-zenginligi-ile-kuresel-bulusma-noktasi-olacak\/#article","isPartOf":{"@id":"https:\/\/denizcankizil.tr\/en\/haberler\/gundem\/afyonkarahisar-mermer-zenginligi-ile-kuresel-bulusma-noktasi-olacak\/"},"author":{"name":"admin","@id":"https:\/\/denizcankizil.tr\/#\/schema\/person\/be3c05fe6a12686905512445d8185489"},"headline":"Afyonkarahisar, mermer zenginli\u011fi ile k\u00fcresel bulu\u015fma noktas\u0131 olacak","datePublished":"2025-05-20T09:43:13+00:00","mainEntityOfPage":{"@id":"https:\/\/denizcankizil.tr\/en\/haberler\/gundem\/afyonkarahisar-mermer-zenginligi-ile-kuresel-bulusma-noktasi-olacak\/"},"wordCount":81,"publisher":{"@id":"https:\/\/denizcankizil.tr\/#organization"},"articleSection":["G\u00fcndem"],"inLanguage":"ru-RU"},{"@type":"WebPage","@id":"https:\/\/denizcankizil.tr\/en\/haberler\/gundem\/afyonkarahisar-mermer-zenginligi-ile-kuresel-bulusma-noktasi-olacak\/","url":"https:\/\/denizcankizil.tr\/en\/haberler\/gundem\/afyonkarahisar-mermer-zenginligi-ile-kuresel-bulusma-noktasi-olacak\/","name":"Afyonkarahisar, mermer zenginli\u011fi ile k\u00fcresel bulu\u015fma noktas\u0131 olacak - Av. Deniz Can K\u0131z\u0131l","isPartOf":{"@id":"https:\/\/denizcankizil.tr\/#website"},"datePublished":"2025-05-20T09:43:13+00:00","breadcrumb":{"@id":"https:\/\/denizcankizil.tr\/en\/haberler\/gundem\/afyonkarahisar-mermer-zenginligi-ile-kuresel-bulusma-noktasi-olacak\/#breadcrumb"},"inLanguage":"ru-RU","potentialAction":[{"@type":"ReadAction","target":["https:\/\/denizcankizil.tr\/en\/haberler\/gundem\/afyonkarahisar-mermer-zenginligi-ile-kuresel-bulusma-noktasi-olacak\/"]}]},{"@type":"BreadcrumbList","@id":"https:\/\/denizcankizil.tr\/en\/haberler\/gundem\/afyonkarahisar-mermer-zenginligi-ile-kuresel-bulusma-noktasi-olacak\/#breadcrumb","itemListElement":[{"@type":"ListItem","position":1,"name":"Home","item":"https:\/\/denizcankizil.tr\/de\/"},{"@type":"ListItem","position":2,"name":"Afyonkarahisar, mermer zenginli\u011fi ile k\u00fcresel bulu\u015fma noktas\u0131 olacak"}]},{"@type":"WebSite","@id":"https:\/\/denizcankizil.tr\/#website","url":"https:\/\/denizcankizil.tr\/","name":"Av. Deniz Can K\u0131z\u0131l","description":"Avukat Deniz Can K\u0131z\u0131l Antalya Barosu","publisher":{"@id":"https:\/\/denizcankizil.tr\/#organization"},"potentialAction":[{"@type":"SearchAction","target":{"@type":"EntryPoint","urlTemplate":"https:\/\/denizcankizil.tr\/?s={search_term_string}"},"query-input":{"@type":"PropertyValueSpecification","valueRequired":true,"valueName":"search_term_string"}}],"inLanguage":"ru-RU"},{"@type":"Organization","@id":"https:\/\/denizcankizil.tr\/#organization","name":"Av. Deniz Can K\u0131z\u0131l","url":"https:\/\/denizcankizil.tr\/","logo":{"@type":"ImageObject","inLanguage":"ru-RU","@id":"https:\/\/denizcankizil.tr\/#\/schema\/logo\/image\/","url":"https:\/\/denizcankizil.tr\/wp-content\/uploads\/2024\/10\/siyah-logo-svg.svg","contentUrl":"https:\/\/denizcankizil.tr\/wp-content\/uploads\/2024\/10\/siyah-logo-svg.svg","width":1080,"height":1080,"caption":"Av. Deniz Can K\u0131z\u0131l"},"image":{"@id":"https:\/\/denizcankizil.tr\/#\/schema\/logo\/image\/"}},{"@type":"Person","@id":"https:\/\/denizcankizil.tr\/#\/schema\/person\/be3c05fe6a12686905512445d8185489","name":"\u0430\u0434\u043c\u0438\u043d","image":{"@type":"ImageObject","inLanguage":"ru-RU","@id":"https:\/\/denizcankizil.tr\/#\/schema\/person\/image\/","url":"https:\/\/secure.gravatar.com\/avatar\/c1fce94c830dc79107e174f890d7210541c4a63e8e5d816341794a2151c9d58c?s=96&d=mm&r=g","contentUrl":"https:\/\/secure.gravatar.com\/avatar\/c1fce94c830dc79107e174f890d7210541c4a63e8e5d816341794a2151c9d58c?s=96&d=mm&r=g","caption":"admin"},"sameAs":["http:\/\/denizcankizil.tr"],"url":"https:\/\/www.iskenderun.org\/afyonkarahisar-mermer-zenginligi-ile-kuresel-bulusma-noktasi-olacak"}]}},"_links":{"self":[{"href":"https:\/\/denizcankizil.tr\/ru\/wp-json\/wp\/v2\/posts\/92659","targetHints":{"allow":["GET"]}}],"collection":[{"href":"https:\/\/denizcankizil.tr\/ru\/wp-json\/wp\/v2\/posts"}],"about":[{"href":"https:\/\/denizcankizil.tr\/ru\/wp-json\/wp\/v2\/types\/post"}],"author":[{"embeddable":true,"href":"https:\/\/denizcankizil.tr\/ru\/wp-json\/wp\/v2\/users\/1"}],"replies":[{"embeddable":true,"href":"https:\/\/denizcankizil.tr\/ru\/wp-json\/wp\/v2\/comments?post=92659"}],"version-history":[{"count":0,"href":"https:\/\/denizcankizil.tr\/ru\/wp-json\/wp\/v2\/posts\/92659\/revisions"}],"wp:attachment":[{"href":"https:\/\/denizcankizil.tr\/ru\/wp-json\/wp\/v2\/media?parent=92659"}],"wp:term":[{"taxonomy":"category","embeddable":true,"href":"https:\/\/denizcankizil.tr\/ru\/wp-json\/wp\/v2\/categories?post=92659"},{"taxonomy":"post_tag","embeddable":true,"href":"https:\/\/denizcankizil.tr\/ru\/wp-json\/wp\/v2\/tags?post=92659"}],"curies":[{"name":"wp","href":"https:\/\/api.w.org\/{rel}","templated":true}]}}