{"id":91660,"date":"2025-05-19T15:41:26","date_gmt":"2025-05-19T12:41:26","guid":{"rendered":"https:\/\/denizcankizil.tr\/uncategorized-tr\/gazipasa-ermenek-yolunda-kritik-esik-asildi\/"},"modified":"2025-05-19T15:41:26","modified_gmt":"2025-05-19T12:41:26","slug":"gazipasa-ermenek-yolunda-kritik-esik-asildi","status":"publish","type":"post","link":"https:\/\/denizcankizil.tr\/ru\/haberler\/gundem\/gazipasa-ermenek-yolunda-kritik-esik-asildi\/","title":{"rendered":"Gazipa\u015fa-Ermenek yolunda kritik e\u015fik a\u015f\u0131ld\u0131"},"content":{"rendered":"<p>Gazipa\u015fa\u2019y\u0131 \u0130\u00e7 Anadolu\u2019ya ba\u011flayacak olan ve uzun y\u0131llard\u0131r yap\u0131lmas\u0131 beklenen Gazipa\u015fa-Kazanc\u0131-Ermenek Karayolu Projesi ile ilgili \u00f6nemli bir e\u015fik daha a\u015f\u0131ld\u0131. Y\u0131llarca siyasi vaatlerle g\u00fcndeme gelen ancak bir t\u00fcrl\u00fc yap\u0131m\u0131na ba\u015flanamayan projede, &#8220;\u00c7evresel Etki De\u011ferlendirmesi (\u00c7ED) gerekli de\u011fildir&#8221; karar\u0131 \u00e7\u0131kmas\u0131yla birlikte yolun \u00f6n\u00fcndeki en b\u00fcy\u00fck idari engel ortadan kalkm\u0131\u015ft\u0131. Proje tan\u0131t\u0131m dosyas\u0131 29 Temmuz 2022 tarihinde haz\u0131rlanm\u0131\u015f, ard\u0131ndan Karayollar\u0131 13. B\u00f6lge M\u00fcd\u00fcrl\u00fc\u011f\u00fc s\u00fcreci h\u0131zland\u0131rmak ad\u0131na gerekli ba\u015fvurular\u0131 tamamlam\u0131\u015ft\u0131. Ekipler art\u0131k sahada aktif \u00e7al\u0131\u015fma y\u00fcr\u00fct\u00fcyor. Yolun Yunt Yaylas\u0131\u2019na kadar olan b\u00f6l\u00fcm\u00fcn\u00fcn bu yaz mevsiminde tamamlanmas\u0131 hedefleniyor.<\/p>\n<p>&#8220;HALKIN YILLARDIR \u00d6ZLEM\u0130N\u0130 \u00c7EKT\u0130\u011e\u0130 YOLUN YAPIMINA BA\u015eLANDI&#8221;<\/p>\n<p>Gazipa\u015fa Mahalle Muhtarlar\u0131 Derne\u011fi Ba\u015fkan\u0131 ve G\u00fcneyk\u00f6y Mahalle Muhtar\u0131 Yahya K\u00fc\u00e7\u00fckball\u0131 ile Sar\u0131a\u011fa\u00e7 Mahalle Muhtar\u0131 Ahmet Aman, Karaman ilinin Sar\u0131veliler il\u00e7esine ba\u011fl\u0131 G\u00f6ktepe Belediyesi\u2019ni ziyaret etti. G\u00f6ktepe Belediye Ba\u015fkan\u0131 Mustafa Koruk\u2019un ev sahipli\u011finde ger\u00e7ekle\u015fen bulu\u015fmada, muhtarlar Cumhurba\u015fkanl\u0131\u011f\u0131 \u00d6zel Kalem M\u00fcd\u00fcr\u00fc Beh\u00e7et Kaynar ile de bir araya geldi. G\u00f6r\u00fc\u015fmenin ard\u0131ndan birlikte yol projesinin \u015fantiye sahas\u0131nda incelemelerde bulunuldu. Ziyaretin ard\u0131ndan a\u00e7\u0131klama yapan Yahya K\u00fc\u00e7\u00fckball\u0131, &#8220;G\u00f6ktepe Belediye Ba\u015fkan\u0131m\u0131z Say\u0131n Mustafa Koruk\u2019un ev sahipli\u011finde, Cumhurba\u015fkanl\u0131\u011f\u0131 \u00d6zel Kalem M\u00fcd\u00fcr\u00fcm\u00fcz Say\u0131n Beh\u00e7et Kaynar\u2019la bir araya geldik. Gazipa\u015fa, Ermenek, G\u00f6ktepe, Sar\u0131veliler ve Anamur halk\u0131n\u0131n y\u0131llard\u0131r \u00f6zlemle bekledi\u011fi bu yolun yap\u0131m\u0131na ba\u015fland\u0131. \u015eantiye alan\u0131nda bizzat inceledik. Yunt Yaylas\u0131\u2019na kadar olan b\u00f6l\u00fcm\u00fcn yaz bitmeden tamamlanaca\u011f\u0131 m\u00fcjdesini ald\u0131k. Ayr\u0131ca, Mustafa Koruk ba\u015fkan\u0131m\u0131zdan; Ko\u00e7a\u015fl\u0131 K\u00f6y\u00fc, Daran K\u00f6y\u00fc ve Yunt Yaylas\u0131 aras\u0131ndaki S\u00f6\u011f\u00fct Bo\u011faz\u0131 yolunun onar\u0131m\u0131 i\u00e7in ba\u015fkan\u0131m\u0131zdan s\u00f6z ald\u0131k. Bizi en iyi \u015fekilde a\u011f\u0131rlayan Mustafa Koruk ba\u015fkan\u0131m\u0131za, yol projesine katk\u0131 sunan Cumhurba\u015fkanl\u0131\u011f\u0131 \u00d6zel Kalem M\u00fcd\u00fcr\u00fcm\u00fcz Say\u0131n Beh\u00e7et Kaynar\u2019a, AK Parti b\u00f6lge milletvekillerimize ve eme\u011fi ge\u00e7en herkese te\u015fekk\u00fcr ederiz&#8221; dedi.<\/p>\n<p>&#8220;B\u00d6LGE HALKI YATIRIMI HAK ED\u0130YOR&#8221;<\/p>\n<p>Sar\u0131a\u011fa\u00e7 Mahalle Muhtar\u0131 Ahmet Aman ise yapt\u0131\u011f\u0131 a\u00e7\u0131klamada, &#8220;Bu yol, yaln\u0131zca bir ula\u015f\u0131m projesi de\u011fil, b\u00f6lgemizin gelece\u011fini olumlu tekliyecek bir geli\u015fmedir. Y\u0131llard\u0131r s\u00fcren ma\u011fduriyetin art\u0131k sona erecek olmas\u0131 hepimizi sevindirdi. G\u00f6ktepe\u2019den Ermenek\u2019e, Sar\u0131veliler\u2019den Gazipa\u015fa\u2019ya kadar t\u00fcm b\u00f6lge halk\u0131 bu yat\u0131r\u0131m\u0131 hak ediyor. \u00c7al\u0131\u015fmalar\u0131n h\u0131z kesmeden devam edece\u011fine inan\u0131yoruz. S\u00fcrece destek olan ve Gazipa\u015fa\u2019ya yak\u0131nl\u0131\u011f\u0131n\u0131 her zaman g\u00f6steren G\u00f6tepe Belediye Ba\u015fkan\u0131m\u0131z Mustafa Koruk\u2019a, Cumhurba\u015fkanl\u0131\u011f\u0131 \u00d6zel Kalem M\u00fcd\u00fcr\u00fcm\u00fcz Say\u0131n Beh\u00e7et Kaynar\u2019a ve eme\u011fi bulunan herkese sonsuz te\u015fekk\u00fcr ederim&#8221; ifadelerini kulland\u0131.<\/p>\n<p>Gazipa\u015fa-Kazanc\u0131-Ermenek yolu tamamland\u0131\u011f\u0131nda, yaln\u0131zca b\u00f6lge halk\u0131n\u0131n ula\u015f\u0131m\u0131 kolayla\u015fmayacak; ayn\u0131 zamanda tar\u0131m, turizm ve ticaret a\u00e7\u0131s\u0131ndan da yeni kap\u0131lar a\u00e7\u0131lacak. Yol projesinin, Akdeniz ile \u0130\u00e7 Anadolu\u2019yu birbirine ba\u011flayan stratejik bir ge\u00e7it olarak hem ekonomik hem de sosyal anlamda b\u00fcy\u00fck katk\u0131lar sunmas\u0131 bekleniyor.<\/p>\n<p>\u200bAntalya&#8217;n\u0131n Gazipa\u015fa il\u00e7esini \u0130\u00e7 Anadolu&#8217;ya ba\u011flayacak Gazipa\u015fa-Kazanc\u0131-Ermenek Karayolu Projesi&#8217;nde sahaya inildi. Y\u0131llard\u0131r beklenen projede &#8220;\u00c7ED gerekli de\u011fildir&#8221; karar\u0131 sonras\u0131 \u00e7al\u0131\u015fmalar h\u0131z kazand\u0131. Yolun Yunt Yaylas\u0131&#8217;na kadar olan b\u00f6l\u00fcm\u00fcn\u00fcn yaz bitmeden tamamlanmas\u0131 hedefleniyor\u00a0<\/p>\n<p>\u200bHaberin Al\u0131nt\u0131land\u0131\u011f\u0131 Kaynak: www.antalyakorfez.com<\/p>","protected":false},"excerpt":{"rendered":"<p>Gazipa\u015fa\u2019y\u0131 \u0130\u00e7 Anadolu\u2019ya ba\u011flayacak olan ve uzun y\u0131llard\u0131r yap\u0131lmas\u0131 beklenen Gazipa\u015fa-Kazanc\u0131-Ermenek Karayolu Projesi ile ilgili \u00f6nemli bir e\u015fik daha a\u015f\u0131ld\u0131. Y\u0131llarca siyasi vaatlerle g\u00fcndeme gelen ancak bir t\u00fcrl\u00fc yap\u0131m\u0131na ba\u015flanamayan projede, &#8220;\u00c7evresel Etki De\u011ferlendirmesi (\u00c7ED) gerekli de\u011fildir&#8221; karar\u0131 \u00e7\u0131kmas\u0131yla birlikte yolun \u00f6n\u00fcndeki en b\u00fcy\u00fck idari engel ortadan kalkm\u0131\u015ft\u0131. Proje tan\u0131t\u0131m dosyas\u0131 29 Temmuz 2022 tarihinde haz\u0131rlanm\u0131\u015f, ard\u0131ndan Karayollar\u0131 13. B\u00f6lge M\u00fcd\u00fcrl\u00fc\u011f\u00fc s\u00fcreci h\u0131zland\u0131rmak ad\u0131na gerekli ba\u015fvurular\u0131 tamamlam\u0131\u015ft\u0131. Ekipler art\u0131k sahada aktif \u00e7al\u0131\u015fma y\u00fcr\u00fct\u00fcyor. Yolun Yunt Yaylas\u0131\u2019na kadar olan b\u00f6l\u00fcm\u00fcn\u00fcn bu yaz mevsiminde tamamlanmas\u0131 hedefleniyor. &#8220;HALKIN YILLARDIR \u00d6ZLEM\u0130N\u0130 \u00c7EKT\u0130\u011e\u0130 YOLUN YAPIMINA BA\u015eLANDI&#8221; Gazipa\u015fa Mahalle Muhtarlar\u0131 Derne\u011fi Ba\u015fkan\u0131 ve G\u00fcneyk\u00f6y Mahalle Muhtar\u0131 Yahya K\u00fc\u00e7\u00fckball\u0131 ile Sar\u0131a\u011fa\u00e7 Mahalle Muhtar\u0131 Ahmet Aman, Karaman ilinin Sar\u0131veliler il\u00e7esine ba\u011fl\u0131 G\u00f6ktepe Belediyesi\u2019ni ziyaret etti. G\u00f6ktepe Belediye Ba\u015fkan\u0131 Mustafa Koruk\u2019un ev sahipli\u011finde ger\u00e7ekle\u015fen bulu\u015fmada, muhtarlar Cumhurba\u015fkanl\u0131\u011f\u0131 \u00d6zel Kalem M\u00fcd\u00fcr\u00fc Beh\u00e7et Kaynar ile de bir araya geldi. G\u00f6r\u00fc\u015fmenin ard\u0131ndan birlikte yol projesinin \u015fantiye sahas\u0131nda incelemelerde bulunuldu. Ziyaretin ard\u0131ndan a\u00e7\u0131klama yapan Yahya K\u00fc\u00e7\u00fckball\u0131, &#8220;G\u00f6ktepe Belediye Ba\u015fkan\u0131m\u0131z Say\u0131n Mustafa Koruk\u2019un ev sahipli\u011finde, Cumhurba\u015fkanl\u0131\u011f\u0131 \u00d6zel Kalem M\u00fcd\u00fcr\u00fcm\u00fcz Say\u0131n Beh\u00e7et Kaynar\u2019la bir araya geldik. Gazipa\u015fa, Ermenek, G\u00f6ktepe, Sar\u0131veliler ve Anamur halk\u0131n\u0131n y\u0131llard\u0131r \u00f6zlemle bekledi\u011fi bu yolun yap\u0131m\u0131na ba\u015fland\u0131. \u015eantiye alan\u0131nda bizzat inceledik. Yunt Yaylas\u0131\u2019na kadar olan b\u00f6l\u00fcm\u00fcn yaz bitmeden tamamlanaca\u011f\u0131 m\u00fcjdesini ald\u0131k. Ayr\u0131ca, &hellip;<\/p>","protected":false},"author":5,"featured_media":0,"comment_status":"","ping_status":"open","sticky":false,"template":"","format":"standard","meta":{"_acf_changed":false,"footnotes":""},"categories":[24],"tags":[],"class_list":["post-91660","post","type-post","status-publish","format-standard","has-post-thumbnail","hentry","category-gundem"],"acf":[],"yoast_head":"<!-- This site is optimized with the Yoast SEO Premium plugin v26.6 (Yoast SEO v27.1.1) - https:\/\/yoast.com\/product\/yoast-seo-premium-wordpress\/ -->\n<title>Gazipa\u015fa-Ermenek yolunda kritik e\u015fik a\u015f\u0131ld\u0131 - Av. Deniz Can K\u0131z\u0131l<\/title>\n<meta name=\"robots\" content=\"index, follow, max-snippet:-1, max-image-preview:large, max-video-preview:-1\" \/>\n<link rel=\"canonical\" href=\"https:\/\/denizcankizil.tr\/ru\/haberler\/gundem\/gazipasa-ermenek-yolunda-kritik-esik-asildi\/\" \/>\n<meta property=\"og:locale\" content=\"ru_RU\" \/>\n<meta property=\"og:type\" content=\"article\" \/>\n<meta property=\"og:title\" content=\"Gazipa\u015fa-Ermenek yolunda kritik e\u015fik a\u015f\u0131ld\u0131\" \/>\n<meta property=\"og:description\" content=\"Gazipa\u015fa\u2019y\u0131 \u0130\u00e7 Anadolu\u2019ya ba\u011flayacak olan ve uzun y\u0131llard\u0131r yap\u0131lmas\u0131 beklenen Gazipa\u015fa-Kazanc\u0131-Ermenek Karayolu Projesi ile ilgili \u00f6nemli bir e\u015fik daha a\u015f\u0131ld\u0131. Y\u0131llarca siyasi vaatlerle g\u00fcndeme gelen ancak bir t\u00fcrl\u00fc yap\u0131m\u0131na ba\u015flanamayan projede, &#8220;\u00c7evresel Etki De\u011ferlendirmesi (\u00c7ED) gerekli de\u011fildir&#8221; karar\u0131 \u00e7\u0131kmas\u0131yla birlikte yolun \u00f6n\u00fcndeki en b\u00fcy\u00fck idari engel ortadan kalkm\u0131\u015ft\u0131. Proje tan\u0131t\u0131m dosyas\u0131 29 Temmuz 2022 tarihinde haz\u0131rlanm\u0131\u015f, ard\u0131ndan Karayollar\u0131 13. B\u00f6lge M\u00fcd\u00fcrl\u00fc\u011f\u00fc s\u00fcreci h\u0131zland\u0131rmak ad\u0131na gerekli ba\u015fvurular\u0131 tamamlam\u0131\u015ft\u0131. Ekipler art\u0131k sahada aktif \u00e7al\u0131\u015fma y\u00fcr\u00fct\u00fcyor. Yolun Yunt Yaylas\u0131\u2019na kadar olan b\u00f6l\u00fcm\u00fcn\u00fcn bu yaz mevsiminde tamamlanmas\u0131 hedefleniyor. &#8220;HALKIN YILLARDIR \u00d6ZLEM\u0130N\u0130 \u00c7EKT\u0130\u011e\u0130 YOLUN YAPIMINA BA\u015eLANDI&#8221; Gazipa\u015fa Mahalle Muhtarlar\u0131 Derne\u011fi Ba\u015fkan\u0131 ve G\u00fcneyk\u00f6y Mahalle Muhtar\u0131 Yahya K\u00fc\u00e7\u00fckball\u0131 ile Sar\u0131a\u011fa\u00e7 Mahalle Muhtar\u0131 Ahmet Aman, Karaman ilinin Sar\u0131veliler il\u00e7esine ba\u011fl\u0131 G\u00f6ktepe Belediyesi\u2019ni ziyaret etti. G\u00f6ktepe Belediye Ba\u015fkan\u0131 Mustafa Koruk\u2019un ev sahipli\u011finde ger\u00e7ekle\u015fen bulu\u015fmada, muhtarlar Cumhurba\u015fkanl\u0131\u011f\u0131 \u00d6zel Kalem M\u00fcd\u00fcr\u00fc Beh\u00e7et Kaynar ile de bir araya geldi. G\u00f6r\u00fc\u015fmenin ard\u0131ndan birlikte yol projesinin \u015fantiye sahas\u0131nda incelemelerde bulunuldu. Ziyaretin ard\u0131ndan a\u00e7\u0131klama yapan Yahya K\u00fc\u00e7\u00fckball\u0131, &#8220;G\u00f6ktepe Belediye Ba\u015fkan\u0131m\u0131z Say\u0131n Mustafa Koruk\u2019un ev sahipli\u011finde, Cumhurba\u015fkanl\u0131\u011f\u0131 \u00d6zel Kalem M\u00fcd\u00fcr\u00fcm\u00fcz Say\u0131n Beh\u00e7et Kaynar\u2019la bir araya geldik. Gazipa\u015fa, Ermenek, G\u00f6ktepe, Sar\u0131veliler ve Anamur halk\u0131n\u0131n y\u0131llard\u0131r \u00f6zlemle bekledi\u011fi bu yolun yap\u0131m\u0131na ba\u015fland\u0131. \u015eantiye alan\u0131nda bizzat inceledik. Yunt Yaylas\u0131\u2019na kadar olan b\u00f6l\u00fcm\u00fcn yaz bitmeden tamamlanaca\u011f\u0131 m\u00fcjdesini ald\u0131k. Ayr\u0131ca, &hellip;\" \/>\n<meta property=\"og:url\" content=\"https:\/\/denizcankizil.tr\/ru\/haberler\/gundem\/gazipasa-ermenek-yolunda-kritik-esik-asildi\/\" \/>\n<meta property=\"og:site_name\" content=\"Av. Deniz Can K\u0131z\u0131l\" \/>\n<meta property=\"article:published_time\" content=\"2025-05-19T12:41:26+00:00\" \/>\n<meta name=\"author\" content=\"Antalya K\u00f6rfez\" \/>\n<meta name=\"twitter:card\" content=\"summary_large_image\" \/>\n<meta name=\"twitter:label1\" content=\"\u041d\u0430\u043f\u0438\u0441\u0430\u043d\u043e \u0430\u0432\u0442\u043e\u0440\u043e\u043c\" \/>\n\t<meta name=\"twitter:data1\" content=\"Antalya K\u00f6rfez\" \/>\n\t<meta name=\"twitter:label2\" content=\"\u041f\u0440\u0438\u043c\u0435\u0440\u043d\u043e\u0435 \u0432\u0440\u0435\u043c\u044f \u0434\u043b\u044f \u0447\u0442\u0435\u043d\u0438\u044f\" \/>\n\t<meta name=\"twitter:data2\" content=\"3 \u043c\u0438\u043d\u0443\u0442\u044b\" \/>\n<script type=\"application\/ld+json\" class=\"yoast-schema-graph\">{\"@context\":\"https:\/\/schema.org\",\"@graph\":[{\"@type\":\"Article\",\"@id\":\"https:\/\/denizcankizil.tr\/ru\/haberler\/gundem\/gazipasa-ermenek-yolunda-kritik-esik-asildi\/#article\",\"isPartOf\":{\"@id\":\"https:\/\/denizcankizil.tr\/ru\/haberler\/gundem\/gazipasa-ermenek-yolunda-kritik-esik-asildi\/\"},\"author\":{\"name\":\"Antalya K\u00f6rfez\",\"@id\":\"https:\/\/denizcankizil.tr\/de\/#\/schema\/person\/e1eb71bb4dd684d46563f0af307e1234\"},\"headline\":\"Gazipa\u015fa-Ermenek yolunda kritik e\u015fik a\u015f\u0131ld\u0131\",\"datePublished\":\"2025-05-19T12:41:26+00:00\",\"mainEntityOfPage\":{\"@id\":\"https:\/\/denizcankizil.tr\/ru\/haberler\/gundem\/gazipasa-ermenek-yolunda-kritik-esik-asildi\/\"},\"wordCount\":656,\"publisher\":{\"@id\":\"https:\/\/denizcankizil.tr\/de\/#organization\"},\"articleSection\":[\"G\u00fcndem\"],\"inLanguage\":\"ru-RU\"},{\"@type\":\"WebPage\",\"@id\":\"https:\/\/denizcankizil.tr\/ru\/haberler\/gundem\/gazipasa-ermenek-yolunda-kritik-esik-asildi\/\",\"url\":\"https:\/\/denizcankizil.tr\/ru\/haberler\/gundem\/gazipasa-ermenek-yolunda-kritik-esik-asildi\/\",\"name\":\"Gazipa\u015fa-Ermenek yolunda kritik e\u015fik a\u015f\u0131ld\u0131 - Av. Deniz Can K\u0131z\u0131l\",\"isPartOf\":{\"@id\":\"https:\/\/denizcankizil.tr\/de\/#website\"},\"datePublished\":\"2025-05-19T12:41:26+00:00\",\"breadcrumb\":{\"@id\":\"https:\/\/denizcankizil.tr\/ru\/haberler\/gundem\/gazipasa-ermenek-yolunda-kritik-esik-asildi\/#breadcrumb\"},\"inLanguage\":\"ru-RU\",\"potentialAction\":[{\"@type\":\"ReadAction\",\"target\":[\"https:\/\/denizcankizil.tr\/ru\/haberler\/gundem\/gazipasa-ermenek-yolunda-kritik-esik-asildi\/\"]}]},{\"@type\":\"BreadcrumbList\",\"@id\":\"https:\/\/denizcankizil.tr\/ru\/haberler\/gundem\/gazipasa-ermenek-yolunda-kritik-esik-asildi\/#breadcrumb\",\"itemListElement\":[{\"@type\":\"ListItem\",\"position\":1,\"name\":\"Home\",\"item\":\"https:\/\/denizcankizil.tr\/de\/\"},{\"@type\":\"ListItem\",\"position\":2,\"name\":\"Gazipa\u015fa-Ermenek yolunda kritik e\u015fik a\u015f\u0131ld\u0131\"}]},{\"@type\":\"WebSite\",\"@id\":\"https:\/\/denizcankizil.tr\/de\/#website\",\"url\":\"https:\/\/denizcankizil.tr\/de\/\",\"name\":\"Av. Deniz Can K\u0131z\u0131l\",\"description\":\"Avukat Deniz Can K\u0131z\u0131l Antalya Barosu\",\"publisher\":{\"@id\":\"https:\/\/denizcankizil.tr\/de\/#organization\"},\"potentialAction\":[{\"@type\":\"SearchAction\",\"target\":{\"@type\":\"EntryPoint\",\"urlTemplate\":\"https:\/\/denizcankizil.tr\/de\/?s={search_term_string}\"},\"query-input\":{\"@type\":\"PropertyValueSpecification\",\"valueRequired\":true,\"valueName\":\"search_term_string\"}}],\"inLanguage\":\"ru-RU\"},{\"@type\":\"Organization\",\"@id\":\"https:\/\/denizcankizil.tr\/de\/#organization\",\"name\":\"Av. Deniz Can K\u0131z\u0131l\",\"url\":\"https:\/\/denizcankizil.tr\/de\/\",\"logo\":{\"@type\":\"ImageObject\",\"inLanguage\":\"ru-RU\",\"@id\":\"https:\/\/denizcankizil.tr\/de\/#\/schema\/logo\/image\/\",\"url\":\"https:\/\/denizcankizil.tr\/wp-content\/uploads\/2024\/10\/siyah-logo-svg.svg\",\"contentUrl\":\"https:\/\/denizcankizil.tr\/wp-content\/uploads\/2024\/10\/siyah-logo-svg.svg\",\"width\":1080,\"height\":1080,\"caption\":\"Av. Deniz Can K\u0131z\u0131l\"},\"image\":{\"@id\":\"https:\/\/denizcankizil.tr\/de\/#\/schema\/logo\/image\/\"}},{\"@type\":\"Person\",\"@id\":\"https:\/\/denizcankizil.tr\/de\/#\/schema\/person\/e1eb71bb4dd684d46563f0af307e1234\",\"name\":\"Antalya K\u00f6rfez\",\"image\":{\"@type\":\"ImageObject\",\"inLanguage\":\"ru-RU\",\"@id\":\"https:\/\/denizcankizil.tr\/de\/#\/schema\/person\/image\/\",\"url\":\"https:\/\/secure.gravatar.com\/avatar\/42b01982558a48a0b501fdcab6a408d3717ea5919095ee2e67b0e521799c5905?s=96&d=mm&r=g\",\"contentUrl\":\"https:\/\/secure.gravatar.com\/avatar\/42b01982558a48a0b501fdcab6a408d3717ea5919095ee2e67b0e521799c5905?s=96&d=mm&r=g\",\"caption\":\"Antalya K\u00f6rfez\"},\"sameAs\":[\"http:\/\/www.antalyakorfez.com\"],\"url\":\"https:\/\/www.antalyakorfez.com\/gazipasa-ermenek-yolunda-kritik-esik-asildi\"}]}<\/script>\n<!-- \/ Yoast SEO Premium plugin. -->","yoast_head_json":{"title":"Gazipa\u015fa-Ermenek yolunda kritik e\u015fik a\u015f\u0131ld\u0131 - Av. Deniz Can K\u0131z\u0131l","robots":{"index":"index","follow":"follow","max-snippet":"max-snippet:-1","max-image-preview":"max-image-preview:large","max-video-preview":"max-video-preview:-1"},"canonical":"https:\/\/denizcankizil.tr\/ru\/haberler\/gundem\/gazipasa-ermenek-yolunda-kritik-esik-asildi\/","og_locale":"ru_RU","og_type":"article","og_title":"Gazipa\u015fa-Ermenek yolunda kritik e\u015fik a\u015f\u0131ld\u0131","og_description":"Gazipa\u015fa\u2019y\u0131 \u0130\u00e7 Anadolu\u2019ya ba\u011flayacak olan ve uzun y\u0131llard\u0131r yap\u0131lmas\u0131 beklenen Gazipa\u015fa-Kazanc\u0131-Ermenek Karayolu Projesi ile ilgili \u00f6nemli bir e\u015fik daha a\u015f\u0131ld\u0131. Y\u0131llarca siyasi vaatlerle g\u00fcndeme gelen ancak bir t\u00fcrl\u00fc yap\u0131m\u0131na ba\u015flanamayan projede, &#8220;\u00c7evresel Etki De\u011ferlendirmesi (\u00c7ED) gerekli de\u011fildir&#8221; karar\u0131 \u00e7\u0131kmas\u0131yla birlikte yolun \u00f6n\u00fcndeki en b\u00fcy\u00fck idari engel ortadan kalkm\u0131\u015ft\u0131. Proje tan\u0131t\u0131m dosyas\u0131 29 Temmuz 2022 tarihinde haz\u0131rlanm\u0131\u015f, ard\u0131ndan Karayollar\u0131 13. B\u00f6lge M\u00fcd\u00fcrl\u00fc\u011f\u00fc s\u00fcreci h\u0131zland\u0131rmak ad\u0131na gerekli ba\u015fvurular\u0131 tamamlam\u0131\u015ft\u0131. Ekipler art\u0131k sahada aktif \u00e7al\u0131\u015fma y\u00fcr\u00fct\u00fcyor. Yolun Yunt Yaylas\u0131\u2019na kadar olan b\u00f6l\u00fcm\u00fcn\u00fcn bu yaz mevsiminde tamamlanmas\u0131 hedefleniyor. &#8220;HALKIN YILLARDIR \u00d6ZLEM\u0130N\u0130 \u00c7EKT\u0130\u011e\u0130 YOLUN YAPIMINA BA\u015eLANDI&#8221; Gazipa\u015fa Mahalle Muhtarlar\u0131 Derne\u011fi Ba\u015fkan\u0131 ve G\u00fcneyk\u00f6y Mahalle Muhtar\u0131 Yahya K\u00fc\u00e7\u00fckball\u0131 ile Sar\u0131a\u011fa\u00e7 Mahalle Muhtar\u0131 Ahmet Aman, Karaman ilinin Sar\u0131veliler il\u00e7esine ba\u011fl\u0131 G\u00f6ktepe Belediyesi\u2019ni ziyaret etti. G\u00f6ktepe Belediye Ba\u015fkan\u0131 Mustafa Koruk\u2019un ev sahipli\u011finde ger\u00e7ekle\u015fen bulu\u015fmada, muhtarlar Cumhurba\u015fkanl\u0131\u011f\u0131 \u00d6zel Kalem M\u00fcd\u00fcr\u00fc Beh\u00e7et Kaynar ile de bir araya geldi. G\u00f6r\u00fc\u015fmenin ard\u0131ndan birlikte yol projesinin \u015fantiye sahas\u0131nda incelemelerde bulunuldu. Ziyaretin ard\u0131ndan a\u00e7\u0131klama yapan Yahya K\u00fc\u00e7\u00fckball\u0131, &#8220;G\u00f6ktepe Belediye Ba\u015fkan\u0131m\u0131z Say\u0131n Mustafa Koruk\u2019un ev sahipli\u011finde, Cumhurba\u015fkanl\u0131\u011f\u0131 \u00d6zel Kalem M\u00fcd\u00fcr\u00fcm\u00fcz Say\u0131n Beh\u00e7et Kaynar\u2019la bir araya geldik. Gazipa\u015fa, Ermenek, G\u00f6ktepe, Sar\u0131veliler ve Anamur halk\u0131n\u0131n y\u0131llard\u0131r \u00f6zlemle bekledi\u011fi bu yolun yap\u0131m\u0131na ba\u015fland\u0131. \u015eantiye alan\u0131nda bizzat inceledik. Yunt Yaylas\u0131\u2019na kadar olan b\u00f6l\u00fcm\u00fcn yaz bitmeden tamamlanaca\u011f\u0131 m\u00fcjdesini ald\u0131k. Ayr\u0131ca, &hellip;","og_url":"https:\/\/denizcankizil.tr\/ru\/haberler\/gundem\/gazipasa-ermenek-yolunda-kritik-esik-asildi\/","og_site_name":"Av. Deniz Can K\u0131z\u0131l","article_published_time":"2025-05-19T12:41:26+00:00","author":"Antalya K\u00f6rfez","twitter_card":"summary_large_image","twitter_misc":{"\u041d\u0430\u043f\u0438\u0441\u0430\u043d\u043e \u0430\u0432\u0442\u043e\u0440\u043e\u043c":"Antalya K\u00f6rfez","\u041f\u0440\u0438\u043c\u0435\u0440\u043d\u043e\u0435 \u0432\u0440\u0435\u043c\u044f \u0434\u043b\u044f \u0447\u0442\u0435\u043d\u0438\u044f":"3 \u043c\u0438\u043d\u0443\u0442\u044b"},"schema":{"@context":"https:\/\/schema.org","@graph":[{"@type":"Article","@id":"https:\/\/denizcankizil.tr\/ru\/haberler\/gundem\/gazipasa-ermenek-yolunda-kritik-esik-asildi\/#article","isPartOf":{"@id":"https:\/\/denizcankizil.tr\/ru\/haberler\/gundem\/gazipasa-ermenek-yolunda-kritik-esik-asildi\/"},"author":{"name":"Antalya K\u00f6rfez","@id":"https:\/\/denizcankizil.tr\/de\/#\/schema\/person\/e1eb71bb4dd684d46563f0af307e1234"},"headline":"Gazipa\u015fa-Ermenek yolunda kritik e\u015fik a\u015f\u0131ld\u0131","datePublished":"2025-05-19T12:41:26+00:00","mainEntityOfPage":{"@id":"https:\/\/denizcankizil.tr\/ru\/haberler\/gundem\/gazipasa-ermenek-yolunda-kritik-esik-asildi\/"},"wordCount":656,"publisher":{"@id":"https:\/\/denizcankizil.tr\/de\/#organization"},"articleSection":["G\u00fcndem"],"inLanguage":"ru-RU"},{"@type":"WebPage","@id":"https:\/\/denizcankizil.tr\/ru\/haberler\/gundem\/gazipasa-ermenek-yolunda-kritik-esik-asildi\/","url":"https:\/\/denizcankizil.tr\/ru\/haberler\/gundem\/gazipasa-ermenek-yolunda-kritik-esik-asildi\/","name":"Gazipa\u015fa-Ermenek yolunda kritik e\u015fik a\u015f\u0131ld\u0131 - Av. Deniz Can K\u0131z\u0131l","isPartOf":{"@id":"https:\/\/denizcankizil.tr\/de\/#website"},"datePublished":"2025-05-19T12:41:26+00:00","breadcrumb":{"@id":"https:\/\/denizcankizil.tr\/ru\/haberler\/gundem\/gazipasa-ermenek-yolunda-kritik-esik-asildi\/#breadcrumb"},"inLanguage":"ru-RU","potentialAction":[{"@type":"ReadAction","target":["https:\/\/denizcankizil.tr\/ru\/haberler\/gundem\/gazipasa-ermenek-yolunda-kritik-esik-asildi\/"]}]},{"@type":"BreadcrumbList","@id":"https:\/\/denizcankizil.tr\/ru\/haberler\/gundem\/gazipasa-ermenek-yolunda-kritik-esik-asildi\/#breadcrumb","itemListElement":[{"@type":"ListItem","position":1,"name":"Home","item":"https:\/\/denizcankizil.tr\/de\/"},{"@type":"ListItem","position":2,"name":"Gazipa\u015fa-Ermenek yolunda kritik e\u015fik a\u015f\u0131ld\u0131"}]},{"@type":"WebSite","@id":"https:\/\/denizcankizil.tr\/de\/#website","url":"https:\/\/denizcankizil.tr\/de\/","name":"Av. Deniz Can K\u0131z\u0131l","description":"Avukat Deniz Can K\u0131z\u0131l Antalya Barosu","publisher":{"@id":"https:\/\/denizcankizil.tr\/de\/#organization"},"potentialAction":[{"@type":"SearchAction","target":{"@type":"EntryPoint","urlTemplate":"https:\/\/denizcankizil.tr\/de\/?s={search_term_string}"},"query-input":{"@type":"PropertyValueSpecification","valueRequired":true,"valueName":"search_term_string"}}],"inLanguage":"ru-RU"},{"@type":"Organization","@id":"https:\/\/denizcankizil.tr\/de\/#organization","name":"Av. Deniz Can K\u0131z\u0131l","url":"https:\/\/denizcankizil.tr\/de\/","logo":{"@type":"ImageObject","inLanguage":"ru-RU","@id":"https:\/\/denizcankizil.tr\/de\/#\/schema\/logo\/image\/","url":"https:\/\/denizcankizil.tr\/wp-content\/uploads\/2024\/10\/siyah-logo-svg.svg","contentUrl":"https:\/\/denizcankizil.tr\/wp-content\/uploads\/2024\/10\/siyah-logo-svg.svg","width":1080,"height":1080,"caption":"Av. Deniz Can K\u0131z\u0131l"},"image":{"@id":"https:\/\/denizcankizil.tr\/de\/#\/schema\/logo\/image\/"}},{"@type":"Person","@id":"https:\/\/denizcankizil.tr\/de\/#\/schema\/person\/e1eb71bb4dd684d46563f0af307e1234","name":"Antalya K\u00f6rfez","image":{"@type":"ImageObject","inLanguage":"ru-RU","@id":"https:\/\/denizcankizil.tr\/de\/#\/schema\/person\/image\/","url":"https:\/\/secure.gravatar.com\/avatar\/42b01982558a48a0b501fdcab6a408d3717ea5919095ee2e67b0e521799c5905?s=96&d=mm&r=g","contentUrl":"https:\/\/secure.gravatar.com\/avatar\/42b01982558a48a0b501fdcab6a408d3717ea5919095ee2e67b0e521799c5905?s=96&d=mm&r=g","caption":"Antalya K\u00f6rfez"},"sameAs":["http:\/\/www.antalyakorfez.com"],"url":"https:\/\/www.antalyakorfez.com\/gazipasa-ermenek-yolunda-kritik-esik-asildi"}]}},"_links":{"self":[{"href":"https:\/\/denizcankizil.tr\/ru\/wp-json\/wp\/v2\/posts\/91660","targetHints":{"allow":["GET"]}}],"collection":[{"href":"https:\/\/denizcankizil.tr\/ru\/wp-json\/wp\/v2\/posts"}],"about":[{"href":"https:\/\/denizcankizil.tr\/ru\/wp-json\/wp\/v2\/types\/post"}],"author":[{"embeddable":true,"href":"https:\/\/denizcankizil.tr\/ru\/wp-json\/wp\/v2\/users\/5"}],"replies":[{"embeddable":true,"href":"https:\/\/denizcankizil.tr\/ru\/wp-json\/wp\/v2\/comments?post=91660"}],"version-history":[{"count":0,"href":"https:\/\/denizcankizil.tr\/ru\/wp-json\/wp\/v2\/posts\/91660\/revisions"}],"wp:attachment":[{"href":"https:\/\/denizcankizil.tr\/ru\/wp-json\/wp\/v2\/media?parent=91660"}],"wp:term":[{"taxonomy":"category","embeddable":true,"href":"https:\/\/denizcankizil.tr\/ru\/wp-json\/wp\/v2\/categories?post=91660"},{"taxonomy":"post_tag","embeddable":true,"href":"https:\/\/denizcankizil.tr\/ru\/wp-json\/wp\/v2\/tags?post=91660"}],"curies":[{"name":"wp","href":"https:\/\/api.w.org\/{rel}","templated":true}]}}