{"id":91563,"date":"2025-05-19T13:41:47","date_gmt":"2025-05-19T10:41:47","guid":{"rendered":"https:\/\/denizcankizil.tr\/uncategorized-tr\/turk-hava-kurumundan-19-mayisa-ozel-gosteri-turk-bayraklari-antalya-semalarinda-dalgalandi\/"},"modified":"2025-05-19T13:41:47","modified_gmt":"2025-05-19T10:41:47","slug":"turk-hava-kurumundan-19-mayisa-ozel-gosteri-turk-bayraklari-antalya-semalarinda-dalgalandi","status":"publish","type":"post","link":"https:\/\/denizcankizil.tr\/ru\/haberler\/gundem\/turk-hava-kurumundan-19-mayisa-ozel-gosteri-turk-bayraklari-antalya-semalarinda-dalgalandi\/","title":{"rendered":"T\u00fcrk Hava Kurumu\u2019ndan 19 May\u0131s\u2019a \u00f6zel g\u00f6steri! T\u00fcrk bayraklar\u0131 Antalya semalar\u0131nda dalgaland\u0131"},"content":{"rendered":"<p>Etkinlik kapsam\u0131nda Konyaalt\u0131 Sahili&#8217;nden havalanan 5 paramotor pilotu, deniz \u00fczerindeki u\u00e7u\u015flar\u0131n\u0131 Karaalio\u011flu Park\u0131&#8217;na kadar s\u00fcrd\u00fcrd\u00fc. U\u00e7u\u015f s\u0131ras\u0131nda a\u00e7\u0131lan T\u00fcrk bayra\u011f\u0131 ve Atat\u00fcrk posteri, vatanda\u015flar taraf\u0131ndan alk\u0131\u015flarla kar\u015f\u0131land\u0131. G\u00f6steri u\u00e7u\u015funun ard\u0131ndan pilotlar, Konyaalt\u0131 Sahili&#8217;nde de bir g\u00f6steri daha ger\u00e7ekle\u015ftirdi. Renkli g\u00f6r\u00fcnt\u00fclere sahne olan etkinlik, 19 May\u0131s co\u015fkusunu g\u00f6ky\u00fcz\u00fcne ta\u015f\u0131d\u0131.<\/p>\n<p>ANTALYA SEMALARINDA E\u015eS\u0130Z G\u00d6STER\u0130 <\/p>\n<p>THK Antalya \u015eube ba\u015fkan yard\u0131mc\u0131s\u0131 Selami Alt\u0131oko\u011flu, \u201cBug\u00fcn Ankara&#8217;dan gelen THK paramotorcular\u0131 g\u00f6steri u\u00e7u\u015fu yapt\u0131. Atat\u00fcrk posteri ve T\u00fcrk bayra\u011f\u0131 a\u00e7\u0131ld\u0131 g\u00f6ky\u00fcz\u00fcnde. Amac\u0131m\u0131z havac\u0131l\u0131\u011f\u0131 herkese sevdirmek&#8221; dedi. THK yama\u00e7 para\u015f\u00fct\u00fc okul m\u00fcd\u00fcr\u00fc Ali Zaimo\u011flu, \u201c19 May\u0131s&#8217;ta Antalya&#8217;da yap\u0131lan t\u00f6renlere i\u015ftirak ettik. 5 paramotorda 5 bayrak a\u00e7\u0131p g\u00f6steri alanlar\u0131n\u0131n \u00fczerinde u\u00e7tuk. G\u00fczel bir etkinlik oldu. T\u00fcrk bayra\u011f\u0131n\u0131 ve Mustafa Kemal Atat\u00fcrk&#8217;\u00fc ta\u015f\u0131d\u0131k&#8221; ifadelerini kulland\u0131.<\/p>\n<p>\u200bT\u00fcrk Hava Kurumu (THK), 19 May\u0131s Atat\u00fcrk&#8217;\u00fc Anma, Gen\u00e7lik ve Spor Bayram\u0131 i\u00e7in unutulmaz bir g\u00f6steriye imza att\u0131. THK, Antalya semalar\u0131nda dev T\u00fcrk bayra\u011f\u0131 ve Atat\u00fcrk posteri a\u00e7arak, e\u015fsiz bir g\u00f6rsel \u015f\u00f6len sundu.\u00a0<\/p>\n<p>\u200bHaberin Al\u0131nt\u0131land\u0131\u011f\u0131 Kaynak: www.antalyakorfez.com<\/p>","protected":false},"excerpt":{"rendered":"<p>Etkinlik kapsam\u0131nda Konyaalt\u0131 Sahili&#8217;nden havalanan 5 paramotor pilotu, deniz \u00fczerindeki u\u00e7u\u015flar\u0131n\u0131 Karaalio\u011flu Park\u0131&#8217;na kadar s\u00fcrd\u00fcrd\u00fc. U\u00e7u\u015f s\u0131ras\u0131nda a\u00e7\u0131lan T\u00fcrk bayra\u011f\u0131 ve Atat\u00fcrk posteri, vatanda\u015flar taraf\u0131ndan alk\u0131\u015flarla kar\u015f\u0131land\u0131. G\u00f6steri u\u00e7u\u015funun ard\u0131ndan pilotlar, Konyaalt\u0131 Sahili&#8217;nde de bir g\u00f6steri daha ger\u00e7ekle\u015ftirdi. Renkli g\u00f6r\u00fcnt\u00fclere sahne olan etkinlik, 19 May\u0131s co\u015fkusunu g\u00f6ky\u00fcz\u00fcne ta\u015f\u0131d\u0131. ANTALYA SEMALARINDA E\u015eS\u0130Z G\u00d6STER\u0130 THK Antalya \u015eube ba\u015fkan yard\u0131mc\u0131s\u0131 Selami Alt\u0131oko\u011flu, \u201cBug\u00fcn Ankara&#8217;dan gelen THK paramotorcular\u0131 g\u00f6steri u\u00e7u\u015fu yapt\u0131. Atat\u00fcrk posteri ve T\u00fcrk bayra\u011f\u0131 a\u00e7\u0131ld\u0131 g\u00f6ky\u00fcz\u00fcnde. Amac\u0131m\u0131z havac\u0131l\u0131\u011f\u0131 herkese sevdirmek&#8221; dedi. THK yama\u00e7 para\u015f\u00fct\u00fc okul m\u00fcd\u00fcr\u00fc Ali Zaimo\u011flu, \u201c19 May\u0131s&#8217;ta Antalya&#8217;da yap\u0131lan t\u00f6renlere i\u015ftirak ettik. 5 paramotorda 5 bayrak a\u00e7\u0131p g\u00f6steri alanlar\u0131n\u0131n \u00fczerinde u\u00e7tuk. G\u00fczel bir etkinlik oldu. T\u00fcrk bayra\u011f\u0131n\u0131 ve Mustafa Kemal Atat\u00fcrk&#8217;\u00fc ta\u015f\u0131d\u0131k&#8221; ifadelerini kulland\u0131. \u200bT\u00fcrk Hava Kurumu (THK), 19 May\u0131s Atat\u00fcrk&#8217;\u00fc Anma, Gen\u00e7lik ve Spor Bayram\u0131 i\u00e7in unutulmaz bir g\u00f6steriye imza att\u0131. THK, Antalya semalar\u0131nda dev T\u00fcrk bayra\u011f\u0131 ve Atat\u00fcrk posteri a\u00e7arak, e\u015fsiz bir g\u00f6rsel \u015f\u00f6len sundu.\u00a0 \u200bHaberin Al\u0131nt\u0131land\u0131\u011f\u0131 Kaynak: www.antalyakorfez.com<\/p>","protected":false},"author":5,"featured_media":0,"comment_status":"","ping_status":"open","sticky":false,"template":"","format":"standard","meta":{"_acf_changed":false,"footnotes":""},"categories":[24],"tags":[],"class_list":["post-91563","post","type-post","status-publish","format-standard","has-post-thumbnail","hentry","category-gundem"],"acf":[],"yoast_head":"<!-- This site is optimized with the Yoast SEO Premium plugin v26.6 (Yoast SEO v27.1.1) - https:\/\/yoast.com\/product\/yoast-seo-premium-wordpress\/ -->\n<title>T\u00fcrk Hava Kurumu\u2019ndan 19 May\u0131s\u2019a \u00f6zel g\u00f6steri! T\u00fcrk bayraklar\u0131 Antalya semalar\u0131nda dalgaland\u0131 - Av. Deniz Can K\u0131z\u0131l<\/title>\n<meta name=\"robots\" content=\"index, follow, max-snippet:-1, max-image-preview:large, max-video-preview:-1\" \/>\n<link rel=\"canonical\" href=\"https:\/\/denizcankizil.tr\/ru\/haberler\/gundem\/turk-hava-kurumundan-19-mayisa-ozel-gosteri-turk-bayraklari-antalya-semalarinda-dalgalandi\/\" \/>\n<meta property=\"og:locale\" content=\"ru_RU\" \/>\n<meta property=\"og:type\" content=\"article\" \/>\n<meta property=\"og:title\" content=\"T\u00fcrk Hava Kurumu\u2019ndan 19 May\u0131s\u2019a \u00f6zel g\u00f6steri! T\u00fcrk bayraklar\u0131 Antalya semalar\u0131nda dalgaland\u0131\" \/>\n<meta property=\"og:description\" content=\"Etkinlik kapsam\u0131nda Konyaalt\u0131 Sahili&#8217;nden havalanan 5 paramotor pilotu, deniz \u00fczerindeki u\u00e7u\u015flar\u0131n\u0131 Karaalio\u011flu Park\u0131&#8217;na kadar s\u00fcrd\u00fcrd\u00fc. U\u00e7u\u015f s\u0131ras\u0131nda a\u00e7\u0131lan T\u00fcrk bayra\u011f\u0131 ve Atat\u00fcrk posteri, vatanda\u015flar taraf\u0131ndan alk\u0131\u015flarla kar\u015f\u0131land\u0131. G\u00f6steri u\u00e7u\u015funun ard\u0131ndan pilotlar, Konyaalt\u0131 Sahili&#8217;nde de bir g\u00f6steri daha ger\u00e7ekle\u015ftirdi. Renkli g\u00f6r\u00fcnt\u00fclere sahne olan etkinlik, 19 May\u0131s co\u015fkusunu g\u00f6ky\u00fcz\u00fcne ta\u015f\u0131d\u0131. ANTALYA SEMALARINDA E\u015eS\u0130Z G\u00d6STER\u0130 THK Antalya \u015eube ba\u015fkan yard\u0131mc\u0131s\u0131 Selami Alt\u0131oko\u011flu, \u201cBug\u00fcn Ankara&#8217;dan gelen THK paramotorcular\u0131 g\u00f6steri u\u00e7u\u015fu yapt\u0131. Atat\u00fcrk posteri ve T\u00fcrk bayra\u011f\u0131 a\u00e7\u0131ld\u0131 g\u00f6ky\u00fcz\u00fcnde. Amac\u0131m\u0131z havac\u0131l\u0131\u011f\u0131 herkese sevdirmek&#8221; dedi. THK yama\u00e7 para\u015f\u00fct\u00fc okul m\u00fcd\u00fcr\u00fc Ali Zaimo\u011flu, \u201c19 May\u0131s&#8217;ta Antalya&#8217;da yap\u0131lan t\u00f6renlere i\u015ftirak ettik. 5 paramotorda 5 bayrak a\u00e7\u0131p g\u00f6steri alanlar\u0131n\u0131n \u00fczerinde u\u00e7tuk. G\u00fczel bir etkinlik oldu. T\u00fcrk bayra\u011f\u0131n\u0131 ve Mustafa Kemal Atat\u00fcrk&#8217;\u00fc ta\u015f\u0131d\u0131k&#8221; ifadelerini kulland\u0131. \u200bT\u00fcrk Hava Kurumu (THK), 19 May\u0131s Atat\u00fcrk&#8217;\u00fc Anma, Gen\u00e7lik ve Spor Bayram\u0131 i\u00e7in unutulmaz bir g\u00f6steriye imza att\u0131. THK, Antalya semalar\u0131nda dev T\u00fcrk bayra\u011f\u0131 ve Atat\u00fcrk posteri a\u00e7arak, e\u015fsiz bir g\u00f6rsel \u015f\u00f6len sundu.\u00a0 \u200bHaberin Al\u0131nt\u0131land\u0131\u011f\u0131 Kaynak: www.antalyakorfez.com\" \/>\n<meta property=\"og:url\" content=\"https:\/\/denizcankizil.tr\/ru\/haberler\/gundem\/turk-hava-kurumundan-19-mayisa-ozel-gosteri-turk-bayraklari-antalya-semalarinda-dalgalandi\/\" \/>\n<meta property=\"og:site_name\" content=\"Av. Deniz Can K\u0131z\u0131l\" \/>\n<meta property=\"article:published_time\" content=\"2025-05-19T10:41:47+00:00\" \/>\n<meta name=\"author\" content=\"Antalya K\u00f6rfez\" \/>\n<meta name=\"twitter:card\" content=\"summary_large_image\" \/>\n<meta name=\"twitter:label1\" content=\"\u041d\u0430\u043f\u0438\u0441\u0430\u043d\u043e \u0430\u0432\u0442\u043e\u0440\u043e\u043c\" \/>\n\t<meta name=\"twitter:data1\" content=\"Antalya K\u00f6rfez\" \/>\n\t<meta name=\"twitter:label2\" content=\"\u041f\u0440\u0438\u043c\u0435\u0440\u043d\u043e\u0435 \u0432\u0440\u0435\u043c\u044f \u0434\u043b\u044f \u0447\u0442\u0435\u043d\u0438\u044f\" \/>\n\t<meta name=\"twitter:data2\" content=\"1 \u043c\u0438\u043d\u0443\u0442\u0430\" \/>\n<script type=\"application\/ld+json\" class=\"yoast-schema-graph\">{\"@context\":\"https:\/\/schema.org\",\"@graph\":[{\"@type\":\"Article\",\"@id\":\"https:\/\/denizcankizil.tr\/ru\/haberler\/gundem\/turk-hava-kurumundan-19-mayisa-ozel-gosteri-turk-bayraklari-antalya-semalarinda-dalgalandi\/#article\",\"isPartOf\":{\"@id\":\"https:\/\/denizcankizil.tr\/ru\/haberler\/gundem\/turk-hava-kurumundan-19-mayisa-ozel-gosteri-turk-bayraklari-antalya-semalarinda-dalgalandi\/\"},\"author\":{\"name\":\"Antalya K\u00f6rfez\",\"@id\":\"https:\/\/denizcankizil.tr\/#\/schema\/person\/e1eb71bb4dd684d46563f0af307e1234\"},\"headline\":\"T\u00fcrk Hava Kurumu\u2019ndan 19 May\u0131s\u2019a \u00f6zel g\u00f6steri! T\u00fcrk bayraklar\u0131 Antalya semalar\u0131nda dalgaland\u0131\",\"datePublished\":\"2025-05-19T10:41:47+00:00\",\"mainEntityOfPage\":{\"@id\":\"https:\/\/denizcankizil.tr\/ru\/haberler\/gundem\/turk-hava-kurumundan-19-mayisa-ozel-gosteri-turk-bayraklari-antalya-semalarinda-dalgalandi\/\"},\"wordCount\":259,\"publisher\":{\"@id\":\"https:\/\/denizcankizil.tr\/#organization\"},\"articleSection\":[\"G\u00fcndem\"],\"inLanguage\":\"ru-RU\"},{\"@type\":\"WebPage\",\"@id\":\"https:\/\/denizcankizil.tr\/ru\/haberler\/gundem\/turk-hava-kurumundan-19-mayisa-ozel-gosteri-turk-bayraklari-antalya-semalarinda-dalgalandi\/\",\"url\":\"https:\/\/denizcankizil.tr\/ru\/haberler\/gundem\/turk-hava-kurumundan-19-mayisa-ozel-gosteri-turk-bayraklari-antalya-semalarinda-dalgalandi\/\",\"name\":\"T\u00fcrk Hava Kurumu\u2019ndan 19 May\u0131s\u2019a \u00f6zel g\u00f6steri! T\u00fcrk bayraklar\u0131 Antalya semalar\u0131nda dalgaland\u0131 - Av. Deniz Can K\u0131z\u0131l\",\"isPartOf\":{\"@id\":\"https:\/\/denizcankizil.tr\/#website\"},\"datePublished\":\"2025-05-19T10:41:47+00:00\",\"breadcrumb\":{\"@id\":\"https:\/\/denizcankizil.tr\/ru\/haberler\/gundem\/turk-hava-kurumundan-19-mayisa-ozel-gosteri-turk-bayraklari-antalya-semalarinda-dalgalandi\/#breadcrumb\"},\"inLanguage\":\"ru-RU\",\"potentialAction\":[{\"@type\":\"ReadAction\",\"target\":[\"https:\/\/denizcankizil.tr\/ru\/haberler\/gundem\/turk-hava-kurumundan-19-mayisa-ozel-gosteri-turk-bayraklari-antalya-semalarinda-dalgalandi\/\"]}]},{\"@type\":\"BreadcrumbList\",\"@id\":\"https:\/\/denizcankizil.tr\/ru\/haberler\/gundem\/turk-hava-kurumundan-19-mayisa-ozel-gosteri-turk-bayraklari-antalya-semalarinda-dalgalandi\/#breadcrumb\",\"itemListElement\":[{\"@type\":\"ListItem\",\"position\":1,\"name\":\"Home\",\"item\":\"https:\/\/denizcankizil.tr\/de\/\"},{\"@type\":\"ListItem\",\"position\":2,\"name\":\"T\u00fcrk Hava Kurumu\u2019ndan 19 May\u0131s\u2019a \u00f6zel g\u00f6steri! T\u00fcrk bayraklar\u0131 Antalya semalar\u0131nda dalgaland\u0131\"}]},{\"@type\":\"WebSite\",\"@id\":\"https:\/\/denizcankizil.tr\/#website\",\"url\":\"https:\/\/denizcankizil.tr\/\",\"name\":\"Av. Deniz Can K\u0131z\u0131l\",\"description\":\"Avukat Deniz Can K\u0131z\u0131l Antalya Barosu\",\"publisher\":{\"@id\":\"https:\/\/denizcankizil.tr\/#organization\"},\"potentialAction\":[{\"@type\":\"SearchAction\",\"target\":{\"@type\":\"EntryPoint\",\"urlTemplate\":\"https:\/\/denizcankizil.tr\/?s={search_term_string}\"},\"query-input\":{\"@type\":\"PropertyValueSpecification\",\"valueRequired\":true,\"valueName\":\"search_term_string\"}}],\"inLanguage\":\"ru-RU\"},{\"@type\":\"Organization\",\"@id\":\"https:\/\/denizcankizil.tr\/#organization\",\"name\":\"Av. Deniz Can K\u0131z\u0131l\",\"url\":\"https:\/\/denizcankizil.tr\/\",\"logo\":{\"@type\":\"ImageObject\",\"inLanguage\":\"ru-RU\",\"@id\":\"https:\/\/denizcankizil.tr\/#\/schema\/logo\/image\/\",\"url\":\"https:\/\/denizcankizil.tr\/wp-content\/uploads\/2024\/10\/siyah-logo-svg.svg\",\"contentUrl\":\"https:\/\/denizcankizil.tr\/wp-content\/uploads\/2024\/10\/siyah-logo-svg.svg\",\"width\":1080,\"height\":1080,\"caption\":\"Av. Deniz Can K\u0131z\u0131l\"},\"image\":{\"@id\":\"https:\/\/denizcankizil.tr\/#\/schema\/logo\/image\/\"}},{\"@type\":\"Person\",\"@id\":\"https:\/\/denizcankizil.tr\/#\/schema\/person\/e1eb71bb4dd684d46563f0af307e1234\",\"name\":\"Antalya K\u00f6rfez\",\"image\":{\"@type\":\"ImageObject\",\"inLanguage\":\"ru-RU\",\"@id\":\"https:\/\/denizcankizil.tr\/#\/schema\/person\/image\/\",\"url\":\"https:\/\/secure.gravatar.com\/avatar\/42b01982558a48a0b501fdcab6a408d3717ea5919095ee2e67b0e521799c5905?s=96&d=mm&r=g\",\"contentUrl\":\"https:\/\/secure.gravatar.com\/avatar\/42b01982558a48a0b501fdcab6a408d3717ea5919095ee2e67b0e521799c5905?s=96&d=mm&r=g\",\"caption\":\"Antalya K\u00f6rfez\"},\"sameAs\":[\"http:\/\/www.antalyakorfez.com\"],\"url\":\"https:\/\/www.antalyakorfez.com\/turk-hava-kurumundan-19-mayisa-ozel-gosteri-turk-bayraklari-antalya-semalarinda-dalgalandi\"}]}<\/script>\n<!-- \/ Yoast SEO Premium plugin. -->","yoast_head_json":{"title":"T\u00fcrk Hava Kurumu\u2019ndan 19 May\u0131s\u2019a \u00f6zel g\u00f6steri! T\u00fcrk bayraklar\u0131 Antalya semalar\u0131nda dalgaland\u0131 - Av. Deniz Can K\u0131z\u0131l","robots":{"index":"index","follow":"follow","max-snippet":"max-snippet:-1","max-image-preview":"max-image-preview:large","max-video-preview":"max-video-preview:-1"},"canonical":"https:\/\/denizcankizil.tr\/ru\/haberler\/gundem\/turk-hava-kurumundan-19-mayisa-ozel-gosteri-turk-bayraklari-antalya-semalarinda-dalgalandi\/","og_locale":"ru_RU","og_type":"article","og_title":"T\u00fcrk Hava Kurumu\u2019ndan 19 May\u0131s\u2019a \u00f6zel g\u00f6steri! T\u00fcrk bayraklar\u0131 Antalya semalar\u0131nda dalgaland\u0131","og_description":"Etkinlik kapsam\u0131nda Konyaalt\u0131 Sahili&#8217;nden havalanan 5 paramotor pilotu, deniz \u00fczerindeki u\u00e7u\u015flar\u0131n\u0131 Karaalio\u011flu Park\u0131&#8217;na kadar s\u00fcrd\u00fcrd\u00fc. U\u00e7u\u015f s\u0131ras\u0131nda a\u00e7\u0131lan T\u00fcrk bayra\u011f\u0131 ve Atat\u00fcrk posteri, vatanda\u015flar taraf\u0131ndan alk\u0131\u015flarla kar\u015f\u0131land\u0131. G\u00f6steri u\u00e7u\u015funun ard\u0131ndan pilotlar, Konyaalt\u0131 Sahili&#8217;nde de bir g\u00f6steri daha ger\u00e7ekle\u015ftirdi. Renkli g\u00f6r\u00fcnt\u00fclere sahne olan etkinlik, 19 May\u0131s co\u015fkusunu g\u00f6ky\u00fcz\u00fcne ta\u015f\u0131d\u0131. ANTALYA SEMALARINDA E\u015eS\u0130Z G\u00d6STER\u0130 THK Antalya \u015eube ba\u015fkan yard\u0131mc\u0131s\u0131 Selami Alt\u0131oko\u011flu, \u201cBug\u00fcn Ankara&#8217;dan gelen THK paramotorcular\u0131 g\u00f6steri u\u00e7u\u015fu yapt\u0131. Atat\u00fcrk posteri ve T\u00fcrk bayra\u011f\u0131 a\u00e7\u0131ld\u0131 g\u00f6ky\u00fcz\u00fcnde. Amac\u0131m\u0131z havac\u0131l\u0131\u011f\u0131 herkese sevdirmek&#8221; dedi. THK yama\u00e7 para\u015f\u00fct\u00fc okul m\u00fcd\u00fcr\u00fc Ali Zaimo\u011flu, \u201c19 May\u0131s&#8217;ta Antalya&#8217;da yap\u0131lan t\u00f6renlere i\u015ftirak ettik. 5 paramotorda 5 bayrak a\u00e7\u0131p g\u00f6steri alanlar\u0131n\u0131n \u00fczerinde u\u00e7tuk. G\u00fczel bir etkinlik oldu. T\u00fcrk bayra\u011f\u0131n\u0131 ve Mustafa Kemal Atat\u00fcrk&#8217;\u00fc ta\u015f\u0131d\u0131k&#8221; ifadelerini kulland\u0131. \u200bT\u00fcrk Hava Kurumu (THK), 19 May\u0131s Atat\u00fcrk&#8217;\u00fc Anma, Gen\u00e7lik ve Spor Bayram\u0131 i\u00e7in unutulmaz bir g\u00f6steriye imza att\u0131. THK, Antalya semalar\u0131nda dev T\u00fcrk bayra\u011f\u0131 ve Atat\u00fcrk posteri a\u00e7arak, e\u015fsiz bir g\u00f6rsel \u015f\u00f6len sundu.\u00a0 \u200bHaberin Al\u0131nt\u0131land\u0131\u011f\u0131 Kaynak: www.antalyakorfez.com","og_url":"https:\/\/denizcankizil.tr\/ru\/haberler\/gundem\/turk-hava-kurumundan-19-mayisa-ozel-gosteri-turk-bayraklari-antalya-semalarinda-dalgalandi\/","og_site_name":"Av. Deniz Can K\u0131z\u0131l","article_published_time":"2025-05-19T10:41:47+00:00","author":"Antalya K\u00f6rfez","twitter_card":"summary_large_image","twitter_misc":{"\u041d\u0430\u043f\u0438\u0441\u0430\u043d\u043e \u0430\u0432\u0442\u043e\u0440\u043e\u043c":"Antalya K\u00f6rfez","\u041f\u0440\u0438\u043c\u0435\u0440\u043d\u043e\u0435 \u0432\u0440\u0435\u043c\u044f \u0434\u043b\u044f \u0447\u0442\u0435\u043d\u0438\u044f":"1 \u043c\u0438\u043d\u0443\u0442\u0430"},"schema":{"@context":"https:\/\/schema.org","@graph":[{"@type":"Article","@id":"https:\/\/denizcankizil.tr\/ru\/haberler\/gundem\/turk-hava-kurumundan-19-mayisa-ozel-gosteri-turk-bayraklari-antalya-semalarinda-dalgalandi\/#article","isPartOf":{"@id":"https:\/\/denizcankizil.tr\/ru\/haberler\/gundem\/turk-hava-kurumundan-19-mayisa-ozel-gosteri-turk-bayraklari-antalya-semalarinda-dalgalandi\/"},"author":{"name":"Antalya K\u00f6rfez","@id":"https:\/\/denizcankizil.tr\/#\/schema\/person\/e1eb71bb4dd684d46563f0af307e1234"},"headline":"T\u00fcrk Hava Kurumu\u2019ndan 19 May\u0131s\u2019a \u00f6zel g\u00f6steri! T\u00fcrk bayraklar\u0131 Antalya semalar\u0131nda dalgaland\u0131","datePublished":"2025-05-19T10:41:47+00:00","mainEntityOfPage":{"@id":"https:\/\/denizcankizil.tr\/ru\/haberler\/gundem\/turk-hava-kurumundan-19-mayisa-ozel-gosteri-turk-bayraklari-antalya-semalarinda-dalgalandi\/"},"wordCount":259,"publisher":{"@id":"https:\/\/denizcankizil.tr\/#organization"},"articleSection":["G\u00fcndem"],"inLanguage":"ru-RU"},{"@type":"WebPage","@id":"https:\/\/denizcankizil.tr\/ru\/haberler\/gundem\/turk-hava-kurumundan-19-mayisa-ozel-gosteri-turk-bayraklari-antalya-semalarinda-dalgalandi\/","url":"https:\/\/denizcankizil.tr\/ru\/haberler\/gundem\/turk-hava-kurumundan-19-mayisa-ozel-gosteri-turk-bayraklari-antalya-semalarinda-dalgalandi\/","name":"T\u00fcrk Hava Kurumu\u2019ndan 19 May\u0131s\u2019a \u00f6zel g\u00f6steri! T\u00fcrk bayraklar\u0131 Antalya semalar\u0131nda dalgaland\u0131 - Av. Deniz Can K\u0131z\u0131l","isPartOf":{"@id":"https:\/\/denizcankizil.tr\/#website"},"datePublished":"2025-05-19T10:41:47+00:00","breadcrumb":{"@id":"https:\/\/denizcankizil.tr\/ru\/haberler\/gundem\/turk-hava-kurumundan-19-mayisa-ozel-gosteri-turk-bayraklari-antalya-semalarinda-dalgalandi\/#breadcrumb"},"inLanguage":"ru-RU","potentialAction":[{"@type":"ReadAction","target":["https:\/\/denizcankizil.tr\/ru\/haberler\/gundem\/turk-hava-kurumundan-19-mayisa-ozel-gosteri-turk-bayraklari-antalya-semalarinda-dalgalandi\/"]}]},{"@type":"BreadcrumbList","@id":"https:\/\/denizcankizil.tr\/ru\/haberler\/gundem\/turk-hava-kurumundan-19-mayisa-ozel-gosteri-turk-bayraklari-antalya-semalarinda-dalgalandi\/#breadcrumb","itemListElement":[{"@type":"ListItem","position":1,"name":"Home","item":"https:\/\/denizcankizil.tr\/de\/"},{"@type":"ListItem","position":2,"name":"T\u00fcrk Hava Kurumu\u2019ndan 19 May\u0131s\u2019a \u00f6zel g\u00f6steri! T\u00fcrk bayraklar\u0131 Antalya semalar\u0131nda dalgaland\u0131"}]},{"@type":"WebSite","@id":"https:\/\/denizcankizil.tr\/#website","url":"https:\/\/denizcankizil.tr\/","name":"Av. Deniz Can K\u0131z\u0131l","description":"Avukat Deniz Can K\u0131z\u0131l Antalya Barosu","publisher":{"@id":"https:\/\/denizcankizil.tr\/#organization"},"potentialAction":[{"@type":"SearchAction","target":{"@type":"EntryPoint","urlTemplate":"https:\/\/denizcankizil.tr\/?s={search_term_string}"},"query-input":{"@type":"PropertyValueSpecification","valueRequired":true,"valueName":"search_term_string"}}],"inLanguage":"ru-RU"},{"@type":"Organization","@id":"https:\/\/denizcankizil.tr\/#organization","name":"Av. Deniz Can K\u0131z\u0131l","url":"https:\/\/denizcankizil.tr\/","logo":{"@type":"ImageObject","inLanguage":"ru-RU","@id":"https:\/\/denizcankizil.tr\/#\/schema\/logo\/image\/","url":"https:\/\/denizcankizil.tr\/wp-content\/uploads\/2024\/10\/siyah-logo-svg.svg","contentUrl":"https:\/\/denizcankizil.tr\/wp-content\/uploads\/2024\/10\/siyah-logo-svg.svg","width":1080,"height":1080,"caption":"Av. Deniz Can K\u0131z\u0131l"},"image":{"@id":"https:\/\/denizcankizil.tr\/#\/schema\/logo\/image\/"}},{"@type":"Person","@id":"https:\/\/denizcankizil.tr\/#\/schema\/person\/e1eb71bb4dd684d46563f0af307e1234","name":"Antalya K\u00f6rfez","image":{"@type":"ImageObject","inLanguage":"ru-RU","@id":"https:\/\/denizcankizil.tr\/#\/schema\/person\/image\/","url":"https:\/\/secure.gravatar.com\/avatar\/42b01982558a48a0b501fdcab6a408d3717ea5919095ee2e67b0e521799c5905?s=96&d=mm&r=g","contentUrl":"https:\/\/secure.gravatar.com\/avatar\/42b01982558a48a0b501fdcab6a408d3717ea5919095ee2e67b0e521799c5905?s=96&d=mm&r=g","caption":"Antalya K\u00f6rfez"},"sameAs":["http:\/\/www.antalyakorfez.com"],"url":"https:\/\/www.antalyakorfez.com\/turk-hava-kurumundan-19-mayisa-ozel-gosteri-turk-bayraklari-antalya-semalarinda-dalgalandi"}]}},"_links":{"self":[{"href":"https:\/\/denizcankizil.tr\/ru\/wp-json\/wp\/v2\/posts\/91563","targetHints":{"allow":["GET"]}}],"collection":[{"href":"https:\/\/denizcankizil.tr\/ru\/wp-json\/wp\/v2\/posts"}],"about":[{"href":"https:\/\/denizcankizil.tr\/ru\/wp-json\/wp\/v2\/types\/post"}],"author":[{"embeddable":true,"href":"https:\/\/denizcankizil.tr\/ru\/wp-json\/wp\/v2\/users\/5"}],"replies":[{"embeddable":true,"href":"https:\/\/denizcankizil.tr\/ru\/wp-json\/wp\/v2\/comments?post=91563"}],"version-history":[{"count":0,"href":"https:\/\/denizcankizil.tr\/ru\/wp-json\/wp\/v2\/posts\/91563\/revisions"}],"wp:attachment":[{"href":"https:\/\/denizcankizil.tr\/ru\/wp-json\/wp\/v2\/media?parent=91563"}],"wp:term":[{"taxonomy":"category","embeddable":true,"href":"https:\/\/denizcankizil.tr\/ru\/wp-json\/wp\/v2\/categories?post=91563"},{"taxonomy":"post_tag","embeddable":true,"href":"https:\/\/denizcankizil.tr\/ru\/wp-json\/wp\/v2\/tags?post=91563"}],"curies":[{"name":"wp","href":"https:\/\/api.w.org\/{rel}","templated":true}]}}