{"id":90328,"date":"2025-05-18T08:42:08","date_gmt":"2025-05-18T05:42:08","guid":{"rendered":"https:\/\/denizcankizil.tr\/uncategorized-tr\/hatayda-taze-fasulye-hasadi-basladi\/"},"modified":"2025-05-18T08:42:08","modified_gmt":"2025-05-18T05:42:08","slug":"hatayda-taze-fasulye-hasadi-basladi","status":"publish","type":"post","link":"https:\/\/denizcankizil.tr\/ru\/haberler\/gundem\/hatayda-taze-fasulye-hasadi-basladi\/","title":{"rendered":"Hatay&#8217;da Taze Fasulye Hasad\u0131 Ba\u015flad\u0131"},"content":{"rendered":"<p>Payas il\u00e7esinde ya\u015fayan \u00fcretici Mehmet Akt\u00fcrk, 3 d\u00f6n\u00fcml\u00fck arazisinde yeti\u015ftirdi\u011fi taze fasulyenin hasad\u0131n\u0131 yap\u0131yor. Akt\u00fcrk&#8217;\u00fcn tarlas\u0131ndan perakende olarak da sat\u0131\u015fa sundu\u011fu fasulye 40 TL\u2019den al\u0131c\u0131 bulurken, sebze haline 30 TL&#8217;den g\u00f6nderiliyor.<\/p>\n<p>Yaz sebzeleri aras\u0131nda yer alan Erzin, D\u00f6rtyol ve Payas ovas\u0131nda\u00a0 bu mevsimde ekimi yap\u0131lan fasulyenin bu y\u0131lki veriminden memnun oldu\u011funu belirten \u00fcretici Akt\u00fcrk, hava ko\u015fullar\u0131n\u0131n olumlu seyretmesiyle birlikte hasad\u0131n bereketli ge\u00e7mesini beklediklerini ifade etti.<\/p>\n<p>Hatay\u2019da \u00fcreticiler, taze fasulyeye olan talebin ilerleyen g\u00fcnlerde artmas\u0131n\u0131 ve fiyatlar\u0131n \u00fcretici lehine seyretmesini umut ediyor.<\/p>\n<p>\u200bHatay&#8217;da bahar mevsiminin gelmesiyle birlikte bereketli Amik Ovas\u0131 ba\u015fta olmak \u00fczere ilin ekili \u00e7e\u015fitli b\u00f6lgelerinde bir\u00e7ok tar\u0131m \u00fcr\u00fcn\u00fcnde oldu\u011fu gibi fasulye tarlalar\u0131nda da hareketlilik dikkat \u00e7ekiyor. Payas il\u00e7esinde de de a\u00e7\u0131k alanda ekimi yap\u0131lan taze fasulyenin hasad\u0131na ba\u015fland\u0131.\u00a0<\/p>\n<p>\u200bHaberin Al\u0131nt\u0131land\u0131\u011f\u0131 Kaynak: www.iskenderun.org<\/p>","protected":false},"excerpt":{"rendered":"<p>Payas il\u00e7esinde ya\u015fayan \u00fcretici Mehmet Akt\u00fcrk, 3 d\u00f6n\u00fcml\u00fck arazisinde yeti\u015ftirdi\u011fi taze fasulyenin hasad\u0131n\u0131 yap\u0131yor. Akt\u00fcrk&#8217;\u00fcn tarlas\u0131ndan perakende olarak da sat\u0131\u015fa sundu\u011fu fasulye 40 TL\u2019den al\u0131c\u0131 bulurken, sebze haline 30 TL&#8217;den g\u00f6nderiliyor. Yaz sebzeleri aras\u0131nda yer alan Erzin, D\u00f6rtyol ve Payas ovas\u0131nda\u00a0 bu mevsimde ekimi yap\u0131lan fasulyenin bu y\u0131lki veriminden memnun oldu\u011funu belirten \u00fcretici Akt\u00fcrk, hava ko\u015fullar\u0131n\u0131n olumlu seyretmesiyle birlikte hasad\u0131n bereketli ge\u00e7mesini beklediklerini ifade etti. Hatay\u2019da \u00fcreticiler, taze fasulyeye olan talebin ilerleyen g\u00fcnlerde artmas\u0131n\u0131 ve fiyatlar\u0131n \u00fcretici lehine seyretmesini umut ediyor. \u200bHatay&#8217;da bahar mevsiminin gelmesiyle birlikte bereketli Amik Ovas\u0131 ba\u015fta olmak \u00fczere ilin ekili \u00e7e\u015fitli b\u00f6lgelerinde bir\u00e7ok tar\u0131m \u00fcr\u00fcn\u00fcnde oldu\u011fu gibi fasulye tarlalar\u0131nda da hareketlilik dikkat \u00e7ekiyor. Payas il\u00e7esinde de de a\u00e7\u0131k alanda ekimi yap\u0131lan taze fasulyenin hasad\u0131na ba\u015fland\u0131.\u00a0 \u200bHaberin Al\u0131nt\u0131land\u0131\u011f\u0131 Kaynak: www.iskenderun.org<\/p>","protected":false},"author":1,"featured_media":0,"comment_status":"","ping_status":"open","sticky":false,"template":"","format":"standard","meta":{"_acf_changed":false,"footnotes":""},"categories":[24],"tags":[],"class_list":["post-90328","post","type-post","status-publish","format-standard","has-post-thumbnail","hentry","category-gundem"],"acf":[],"yoast_head":"<!-- This site is optimized with the Yoast SEO Premium plugin v26.6 (Yoast SEO v27.1.1) - https:\/\/yoast.com\/product\/yoast-seo-premium-wordpress\/ -->\n<title>Hatay&#039;da Taze Fasulye Hasad\u0131 Ba\u015flad\u0131 - Av. Deniz Can K\u0131z\u0131l<\/title>\n<meta name=\"robots\" content=\"index, follow, max-snippet:-1, max-image-preview:large, max-video-preview:-1\" \/>\n<link rel=\"canonical\" href=\"https:\/\/denizcankizil.tr\/ru\/haberler\/gundem\/hatayda-taze-fasulye-hasadi-basladi\/\" \/>\n<meta property=\"og:locale\" content=\"ru_RU\" \/>\n<meta property=\"og:type\" content=\"article\" \/>\n<meta property=\"og:title\" content=\"Hatay&#039;da Taze Fasulye Hasad\u0131 Ba\u015flad\u0131\" \/>\n<meta property=\"og:description\" content=\"Payas il\u00e7esinde ya\u015fayan \u00fcretici Mehmet Akt\u00fcrk, 3 d\u00f6n\u00fcml\u00fck arazisinde yeti\u015ftirdi\u011fi taze fasulyenin hasad\u0131n\u0131 yap\u0131yor. Akt\u00fcrk&#8217;\u00fcn tarlas\u0131ndan perakende olarak da sat\u0131\u015fa sundu\u011fu fasulye 40 TL\u2019den al\u0131c\u0131 bulurken, sebze haline 30 TL&#8217;den g\u00f6nderiliyor. Yaz sebzeleri aras\u0131nda yer alan Erzin, D\u00f6rtyol ve Payas ovas\u0131nda\u00a0 bu mevsimde ekimi yap\u0131lan fasulyenin bu y\u0131lki veriminden memnun oldu\u011funu belirten \u00fcretici Akt\u00fcrk, hava ko\u015fullar\u0131n\u0131n olumlu seyretmesiyle birlikte hasad\u0131n bereketli ge\u00e7mesini beklediklerini ifade etti. Hatay\u2019da \u00fcreticiler, taze fasulyeye olan talebin ilerleyen g\u00fcnlerde artmas\u0131n\u0131 ve fiyatlar\u0131n \u00fcretici lehine seyretmesini umut ediyor. \u200bHatay&#8217;da bahar mevsiminin gelmesiyle birlikte bereketli Amik Ovas\u0131 ba\u015fta olmak \u00fczere ilin ekili \u00e7e\u015fitli b\u00f6lgelerinde bir\u00e7ok tar\u0131m \u00fcr\u00fcn\u00fcnde oldu\u011fu gibi fasulye tarlalar\u0131nda da hareketlilik dikkat \u00e7ekiyor. Payas il\u00e7esinde de de a\u00e7\u0131k alanda ekimi yap\u0131lan taze fasulyenin hasad\u0131na ba\u015fland\u0131.\u00a0 \u200bHaberin Al\u0131nt\u0131land\u0131\u011f\u0131 Kaynak: www.iskenderun.org\" \/>\n<meta property=\"og:url\" content=\"https:\/\/denizcankizil.tr\/ru\/haberler\/gundem\/hatayda-taze-fasulye-hasadi-basladi\/\" \/>\n<meta property=\"og:site_name\" content=\"Av. Deniz Can K\u0131z\u0131l\" \/>\n<meta property=\"article:published_time\" content=\"2025-05-18T05:42:08+00:00\" \/>\n<meta name=\"author\" content=\"admin\" \/>\n<meta name=\"twitter:card\" content=\"summary_large_image\" \/>\n<meta name=\"twitter:label1\" content=\"\u041d\u0430\u043f\u0438\u0441\u0430\u043d\u043e \u0430\u0432\u0442\u043e\u0440\u043e\u043c\" \/>\n\t<meta name=\"twitter:data1\" content=\"admin\" \/>\n\t<meta name=\"twitter:label2\" content=\"\u041f\u0440\u0438\u043c\u0435\u0440\u043d\u043e\u0435 \u0432\u0440\u0435\u043c\u044f \u0434\u043b\u044f \u0447\u0442\u0435\u043d\u0438\u044f\" \/>\n\t<meta name=\"twitter:data2\" content=\"1 \u043c\u0438\u043d\u0443\u0442\u0430\" \/>\n<script type=\"application\/ld+json\" class=\"yoast-schema-graph\">{\"@context\":\"https:\/\/schema.org\",\"@graph\":[{\"@type\":\"Article\",\"@id\":\"https:\/\/denizcankizil.tr\/en\/haberler\/gundem\/hatayda-taze-fasulye-hasadi-basladi\/#article\",\"isPartOf\":{\"@id\":\"https:\/\/denizcankizil.tr\/en\/haberler\/gundem\/hatayda-taze-fasulye-hasadi-basladi\/\"},\"author\":{\"name\":\"admin\",\"@id\":\"https:\/\/denizcankizil.tr\/de\/#\/schema\/person\/be3c05fe6a12686905512445d8185489\"},\"headline\":\"Hatay&#8217;da Taze Fasulye Hasad\u0131 Ba\u015flad\u0131\",\"datePublished\":\"2025-05-18T05:42:08+00:00\",\"mainEntityOfPage\":{\"@id\":\"https:\/\/denizcankizil.tr\/en\/haberler\/gundem\/hatayda-taze-fasulye-hasadi-basladi\/\"},\"wordCount\":181,\"publisher\":{\"@id\":\"https:\/\/denizcankizil.tr\/de\/#organization\"},\"articleSection\":[\"G\u00fcndem\"],\"inLanguage\":\"ru-RU\"},{\"@type\":\"WebPage\",\"@id\":\"https:\/\/denizcankizil.tr\/en\/haberler\/gundem\/hatayda-taze-fasulye-hasadi-basladi\/\",\"url\":\"https:\/\/denizcankizil.tr\/en\/haberler\/gundem\/hatayda-taze-fasulye-hasadi-basladi\/\",\"name\":\"Hatay'da Taze Fasulye Hasad\u0131 Ba\u015flad\u0131 - Av. Deniz Can K\u0131z\u0131l\",\"isPartOf\":{\"@id\":\"https:\/\/denizcankizil.tr\/de\/#website\"},\"datePublished\":\"2025-05-18T05:42:08+00:00\",\"breadcrumb\":{\"@id\":\"https:\/\/denizcankizil.tr\/en\/haberler\/gundem\/hatayda-taze-fasulye-hasadi-basladi\/#breadcrumb\"},\"inLanguage\":\"ru-RU\",\"potentialAction\":[{\"@type\":\"ReadAction\",\"target\":[\"https:\/\/denizcankizil.tr\/en\/haberler\/gundem\/hatayda-taze-fasulye-hasadi-basladi\/\"]}]},{\"@type\":\"BreadcrumbList\",\"@id\":\"https:\/\/denizcankizil.tr\/en\/haberler\/gundem\/hatayda-taze-fasulye-hasadi-basladi\/#breadcrumb\",\"itemListElement\":[{\"@type\":\"ListItem\",\"position\":1,\"name\":\"Home\",\"item\":\"https:\/\/denizcankizil.tr\/de\/\"},{\"@type\":\"ListItem\",\"position\":2,\"name\":\"Hatay&#8217;da Taze Fasulye Hasad\u0131 Ba\u015flad\u0131\"}]},{\"@type\":\"WebSite\",\"@id\":\"https:\/\/denizcankizil.tr\/de\/#website\",\"url\":\"https:\/\/denizcankizil.tr\/de\/\",\"name\":\"Av. Deniz Can K\u0131z\u0131l\",\"description\":\"Avukat Deniz Can K\u0131z\u0131l Antalya Barosu\",\"publisher\":{\"@id\":\"https:\/\/denizcankizil.tr\/de\/#organization\"},\"potentialAction\":[{\"@type\":\"SearchAction\",\"target\":{\"@type\":\"EntryPoint\",\"urlTemplate\":\"https:\/\/denizcankizil.tr\/de\/?s={search_term_string}\"},\"query-input\":{\"@type\":\"PropertyValueSpecification\",\"valueRequired\":true,\"valueName\":\"search_term_string\"}}],\"inLanguage\":\"ru-RU\"},{\"@type\":\"Organization\",\"@id\":\"https:\/\/denizcankizil.tr\/de\/#organization\",\"name\":\"Av. Deniz Can K\u0131z\u0131l\",\"url\":\"https:\/\/denizcankizil.tr\/de\/\",\"logo\":{\"@type\":\"ImageObject\",\"inLanguage\":\"ru-RU\",\"@id\":\"https:\/\/denizcankizil.tr\/de\/#\/schema\/logo\/image\/\",\"url\":\"https:\/\/denizcankizil.tr\/wp-content\/uploads\/2024\/10\/siyah-logo-svg.svg\",\"contentUrl\":\"https:\/\/denizcankizil.tr\/wp-content\/uploads\/2024\/10\/siyah-logo-svg.svg\",\"width\":1080,\"height\":1080,\"caption\":\"Av. Deniz Can K\u0131z\u0131l\"},\"image\":{\"@id\":\"https:\/\/denizcankizil.tr\/de\/#\/schema\/logo\/image\/\"}},{\"@type\":\"Person\",\"@id\":\"https:\/\/denizcankizil.tr\/de\/#\/schema\/person\/be3c05fe6a12686905512445d8185489\",\"name\":\"admin\",\"image\":{\"@type\":\"ImageObject\",\"inLanguage\":\"ru-RU\",\"@id\":\"https:\/\/denizcankizil.tr\/de\/#\/schema\/person\/image\/\",\"url\":\"https:\/\/secure.gravatar.com\/avatar\/c1fce94c830dc79107e174f890d7210541c4a63e8e5d816341794a2151c9d58c?s=96&d=mm&r=g\",\"contentUrl\":\"https:\/\/secure.gravatar.com\/avatar\/c1fce94c830dc79107e174f890d7210541c4a63e8e5d816341794a2151c9d58c?s=96&d=mm&r=g\",\"caption\":\"admin\"},\"sameAs\":[\"http:\/\/denizcankizil.tr\"],\"url\":\"https:\/\/www.iskenderun.org\/hatayda-taze-fasulye-hasadi-basladi\"}]}<\/script>\n<!-- \/ Yoast SEO Premium plugin. -->","yoast_head_json":{"title":"Hatay'da Taze Fasulye Hasad\u0131 Ba\u015flad\u0131 - Av. Deniz Can K\u0131z\u0131l","robots":{"index":"index","follow":"follow","max-snippet":"max-snippet:-1","max-image-preview":"max-image-preview:large","max-video-preview":"max-video-preview:-1"},"canonical":"https:\/\/denizcankizil.tr\/ru\/haberler\/gundem\/hatayda-taze-fasulye-hasadi-basladi\/","og_locale":"ru_RU","og_type":"article","og_title":"Hatay'da Taze Fasulye Hasad\u0131 Ba\u015flad\u0131","og_description":"Payas il\u00e7esinde ya\u015fayan \u00fcretici Mehmet Akt\u00fcrk, 3 d\u00f6n\u00fcml\u00fck arazisinde yeti\u015ftirdi\u011fi taze fasulyenin hasad\u0131n\u0131 yap\u0131yor. Akt\u00fcrk&#8217;\u00fcn tarlas\u0131ndan perakende olarak da sat\u0131\u015fa sundu\u011fu fasulye 40 TL\u2019den al\u0131c\u0131 bulurken, sebze haline 30 TL&#8217;den g\u00f6nderiliyor. Yaz sebzeleri aras\u0131nda yer alan Erzin, D\u00f6rtyol ve Payas ovas\u0131nda\u00a0 bu mevsimde ekimi yap\u0131lan fasulyenin bu y\u0131lki veriminden memnun oldu\u011funu belirten \u00fcretici Akt\u00fcrk, hava ko\u015fullar\u0131n\u0131n olumlu seyretmesiyle birlikte hasad\u0131n bereketli ge\u00e7mesini beklediklerini ifade etti. Hatay\u2019da \u00fcreticiler, taze fasulyeye olan talebin ilerleyen g\u00fcnlerde artmas\u0131n\u0131 ve fiyatlar\u0131n \u00fcretici lehine seyretmesini umut ediyor. \u200bHatay&#8217;da bahar mevsiminin gelmesiyle birlikte bereketli Amik Ovas\u0131 ba\u015fta olmak \u00fczere ilin ekili \u00e7e\u015fitli b\u00f6lgelerinde bir\u00e7ok tar\u0131m \u00fcr\u00fcn\u00fcnde oldu\u011fu gibi fasulye tarlalar\u0131nda da hareketlilik dikkat \u00e7ekiyor. Payas il\u00e7esinde de de a\u00e7\u0131k alanda ekimi yap\u0131lan taze fasulyenin hasad\u0131na ba\u015fland\u0131.\u00a0 \u200bHaberin Al\u0131nt\u0131land\u0131\u011f\u0131 Kaynak: www.iskenderun.org","og_url":"https:\/\/denizcankizil.tr\/ru\/haberler\/gundem\/hatayda-taze-fasulye-hasadi-basladi\/","og_site_name":"Av. Deniz Can K\u0131z\u0131l","article_published_time":"2025-05-18T05:42:08+00:00","author":"admin","twitter_card":"summary_large_image","twitter_misc":{"\u041d\u0430\u043f\u0438\u0441\u0430\u043d\u043e \u0430\u0432\u0442\u043e\u0440\u043e\u043c":"admin","\u041f\u0440\u0438\u043c\u0435\u0440\u043d\u043e\u0435 \u0432\u0440\u0435\u043c\u044f \u0434\u043b\u044f \u0447\u0442\u0435\u043d\u0438\u044f":"1 \u043c\u0438\u043d\u0443\u0442\u0430"},"schema":{"@context":"https:\/\/schema.org","@graph":[{"@type":"Article","@id":"https:\/\/denizcankizil.tr\/en\/haberler\/gundem\/hatayda-taze-fasulye-hasadi-basladi\/#article","isPartOf":{"@id":"https:\/\/denizcankizil.tr\/en\/haberler\/gundem\/hatayda-taze-fasulye-hasadi-basladi\/"},"author":{"name":"admin","@id":"https:\/\/denizcankizil.tr\/de\/#\/schema\/person\/be3c05fe6a12686905512445d8185489"},"headline":"Hatay&#8217;da Taze Fasulye Hasad\u0131 Ba\u015flad\u0131","datePublished":"2025-05-18T05:42:08+00:00","mainEntityOfPage":{"@id":"https:\/\/denizcankizil.tr\/en\/haberler\/gundem\/hatayda-taze-fasulye-hasadi-basladi\/"},"wordCount":181,"publisher":{"@id":"https:\/\/denizcankizil.tr\/de\/#organization"},"articleSection":["G\u00fcndem"],"inLanguage":"ru-RU"},{"@type":"WebPage","@id":"https:\/\/denizcankizil.tr\/en\/haberler\/gundem\/hatayda-taze-fasulye-hasadi-basladi\/","url":"https:\/\/denizcankizil.tr\/en\/haberler\/gundem\/hatayda-taze-fasulye-hasadi-basladi\/","name":"Hatay'da Taze Fasulye Hasad\u0131 Ba\u015flad\u0131 - Av. Deniz Can K\u0131z\u0131l","isPartOf":{"@id":"https:\/\/denizcankizil.tr\/de\/#website"},"datePublished":"2025-05-18T05:42:08+00:00","breadcrumb":{"@id":"https:\/\/denizcankizil.tr\/en\/haberler\/gundem\/hatayda-taze-fasulye-hasadi-basladi\/#breadcrumb"},"inLanguage":"ru-RU","potentialAction":[{"@type":"ReadAction","target":["https:\/\/denizcankizil.tr\/en\/haberler\/gundem\/hatayda-taze-fasulye-hasadi-basladi\/"]}]},{"@type":"BreadcrumbList","@id":"https:\/\/denizcankizil.tr\/en\/haberler\/gundem\/hatayda-taze-fasulye-hasadi-basladi\/#breadcrumb","itemListElement":[{"@type":"ListItem","position":1,"name":"Home","item":"https:\/\/denizcankizil.tr\/de\/"},{"@type":"ListItem","position":2,"name":"Hatay&#8217;da Taze Fasulye Hasad\u0131 Ba\u015flad\u0131"}]},{"@type":"WebSite","@id":"https:\/\/denizcankizil.tr\/de\/#website","url":"https:\/\/denizcankizil.tr\/de\/","name":"Av. Deniz Can K\u0131z\u0131l","description":"Avukat Deniz Can K\u0131z\u0131l Antalya Barosu","publisher":{"@id":"https:\/\/denizcankizil.tr\/de\/#organization"},"potentialAction":[{"@type":"SearchAction","target":{"@type":"EntryPoint","urlTemplate":"https:\/\/denizcankizil.tr\/de\/?s={search_term_string}"},"query-input":{"@type":"PropertyValueSpecification","valueRequired":true,"valueName":"search_term_string"}}],"inLanguage":"ru-RU"},{"@type":"Organization","@id":"https:\/\/denizcankizil.tr\/de\/#organization","name":"Av. Deniz Can K\u0131z\u0131l","url":"https:\/\/denizcankizil.tr\/de\/","logo":{"@type":"ImageObject","inLanguage":"ru-RU","@id":"https:\/\/denizcankizil.tr\/de\/#\/schema\/logo\/image\/","url":"https:\/\/denizcankizil.tr\/wp-content\/uploads\/2024\/10\/siyah-logo-svg.svg","contentUrl":"https:\/\/denizcankizil.tr\/wp-content\/uploads\/2024\/10\/siyah-logo-svg.svg","width":1080,"height":1080,"caption":"Av. Deniz Can K\u0131z\u0131l"},"image":{"@id":"https:\/\/denizcankizil.tr\/de\/#\/schema\/logo\/image\/"}},{"@type":"Person","@id":"https:\/\/denizcankizil.tr\/de\/#\/schema\/person\/be3c05fe6a12686905512445d8185489","name":"\u0430\u0434\u043c\u0438\u043d","image":{"@type":"ImageObject","inLanguage":"ru-RU","@id":"https:\/\/denizcankizil.tr\/de\/#\/schema\/person\/image\/","url":"https:\/\/secure.gravatar.com\/avatar\/c1fce94c830dc79107e174f890d7210541c4a63e8e5d816341794a2151c9d58c?s=96&d=mm&r=g","contentUrl":"https:\/\/secure.gravatar.com\/avatar\/c1fce94c830dc79107e174f890d7210541c4a63e8e5d816341794a2151c9d58c?s=96&d=mm&r=g","caption":"admin"},"sameAs":["http:\/\/denizcankizil.tr"],"url":"https:\/\/www.iskenderun.org\/hatayda-taze-fasulye-hasadi-basladi"}]}},"_links":{"self":[{"href":"https:\/\/denizcankizil.tr\/ru\/wp-json\/wp\/v2\/posts\/90328","targetHints":{"allow":["GET"]}}],"collection":[{"href":"https:\/\/denizcankizil.tr\/ru\/wp-json\/wp\/v2\/posts"}],"about":[{"href":"https:\/\/denizcankizil.tr\/ru\/wp-json\/wp\/v2\/types\/post"}],"author":[{"embeddable":true,"href":"https:\/\/denizcankizil.tr\/ru\/wp-json\/wp\/v2\/users\/1"}],"replies":[{"embeddable":true,"href":"https:\/\/denizcankizil.tr\/ru\/wp-json\/wp\/v2\/comments?post=90328"}],"version-history":[{"count":0,"href":"https:\/\/denizcankizil.tr\/ru\/wp-json\/wp\/v2\/posts\/90328\/revisions"}],"wp:attachment":[{"href":"https:\/\/denizcankizil.tr\/ru\/wp-json\/wp\/v2\/media?parent=90328"}],"wp:term":[{"taxonomy":"category","embeddable":true,"href":"https:\/\/denizcankizil.tr\/ru\/wp-json\/wp\/v2\/categories?post=90328"},{"taxonomy":"post_tag","embeddable":true,"href":"https:\/\/denizcankizil.tr\/ru\/wp-json\/wp\/v2\/tags?post=90328"}],"curies":[{"name":"wp","href":"https:\/\/api.w.org\/{rel}","templated":true}]}}