{"id":9004,"date":"2024-10-27T17:43:09","date_gmt":"2024-10-27T14:43:09","guid":{"rendered":"https:\/\/denizcankizil.tr\/uncategorized-tr\/hain-saldiriyla-ilgili-tusasta-staj-iddialari-asilsiz\/"},"modified":"2024-10-27T17:43:09","modified_gmt":"2024-10-27T14:43:09","slug":"hain-saldiriyla-ilgili-tusasta-staj-iddialari-asilsiz","status":"publish","type":"post","link":"https:\/\/denizcankizil.tr\/ru\/haberler\/gundem\/hain-saldiriyla-ilgili-tusasta-staj-iddialari-asilsiz\/","title":{"rendered":"Hain sald\u0131r\u0131yla ilgili TUSA\u015e&#8217;ta staj iddialar\u0131 as\u0131ls\u0131z!"},"content":{"rendered":"<p>Baz\u0131 sosyal medya hesaplar\u0131ndan payla\u015f\u0131lan, \u201cTUSA\u015e\u2019taki hain sald\u0131r\u0131ya destek veren \u015fah\u0131s TE\u0130\/TUSA\u015e\u2019ta 6 ay staj yapm\u0131\u015f\u201d iddias\u0131 do\u011fru olmad\u0131\u011f\u0131 belirtildi.ANKARA (\u0130GFA) &#8211; TUSA\u015e&#8217;taki hain sald\u0131r\u0131ya destek veren \u015fahsa y\u00f6nelik iddialar\u0131n dezenformasyondan ibaret oldu\u011fu a\u00e7\u0131kland\u0131.<br \/>\n\u0130leti\u015fim Ba\u015fkanl\u0131\u011f\u0131 Dezenformasyonla M\u00fccadele Merkezi, bahsi ge\u00e7en \u015fahs\u0131n TUSA\u015e ile hi\u00e7bir ba\u011flant\u0131s\u0131 bulunmad\u0131\u011f\u0131n\u0131n alt\u0131n\u0131 \u00e7izdi\u011fi a\u00e7\u0131klamada \u015fu ifadelere yer verdi:<br \/>\n&#8220;\u015eah\u0131s, iddia edildi\u011fi gibi daha \u00f6nce TUSA\u015e yerle\u015fkesinde de bulunmam\u0131\u015ft\u0131r. Habere konu e\u011fitim, TE\u0130 Motor Sanayii b\u00fcnyesinde ger\u00e7ekle\u015ftirilen \u201cHavac\u0131l\u0131k Motorlar\u0131 Okulu\u201d uzaktan e\u011fitim program\u0131d\u0131r. Program, Mart 2021 y\u0131l\u0131nda devreye al\u0131nm\u0131\u015f, ilgili b\u00f6l\u00fcmlerde okuyan t\u00fcm \u00f6\u011frenciler i\u00e7in kat\u0131l\u0131m imkan\u0131 sunmu\u015ftur. E\u011fitim hi\u00e7bir \u015fekilde geni\u015f kapsaml\u0131 olmay\u0131p, sadece \u00f6\u011frencilere y\u00f6nelik temel e\u011fitim seviyesinde ger\u00e7ekle\u015ftirilmektedir. Bir sosyal sorumluluk program\u0131 olan Havac\u0131l\u0131k Motorlar\u0131 Okulu dersleri online platformda yay\u0131nlanmakta olup, kurum i\u00e7erisinde herhangi bir ders yap\u0131lmamaktad\u0131r&#8221;<\/p>\n<p>\u200bBaz\u0131 sosyal medya hesaplar\u0131ndan payla\u015f\u0131lan, \u201cTUSA\u015e\u2019taki hain sald\u0131r\u0131ya destek veren \u015fah\u0131s TE\u0130\/TUSA\u015e\u2019ta 6 ay staj yapm\u0131\u015f\u201d iddias\u0131 do\u011fru olmad\u0131\u011f\u0131 belirtildi\u00a0<\/p>\n<p>\u200bHaberin Al\u0131nt\u0131land\u0131\u011f\u0131 Kaynak: www.iskenderun.org<\/p>","protected":false},"excerpt":{"rendered":"<p>Baz\u0131 sosyal medya hesaplar\u0131ndan payla\u015f\u0131lan, \u201cTUSA\u015e\u2019taki hain sald\u0131r\u0131ya destek veren \u015fah\u0131s TE\u0130\/TUSA\u015e\u2019ta 6 ay staj yapm\u0131\u015f\u201d iddias\u0131 do\u011fru olmad\u0131\u011f\u0131 belirtildi.ANKARA (\u0130GFA) &#8211; TUSA\u015e&#8217;taki hain sald\u0131r\u0131ya destek veren \u015fahsa y\u00f6nelik iddialar\u0131n dezenformasyondan ibaret oldu\u011fu a\u00e7\u0131kland\u0131. \u0130leti\u015fim Ba\u015fkanl\u0131\u011f\u0131 Dezenformasyonla M\u00fccadele Merkezi, bahsi ge\u00e7en \u015fahs\u0131n TUSA\u015e ile hi\u00e7bir ba\u011flant\u0131s\u0131 bulunmad\u0131\u011f\u0131n\u0131n alt\u0131n\u0131 \u00e7izdi\u011fi a\u00e7\u0131klamada \u015fu ifadelere yer verdi: &#8220;\u015eah\u0131s, iddia edildi\u011fi gibi daha \u00f6nce TUSA\u015e yerle\u015fkesinde de bulunmam\u0131\u015ft\u0131r. Habere konu e\u011fitim, TE\u0130 Motor Sanayii b\u00fcnyesinde ger\u00e7ekle\u015ftirilen \u201cHavac\u0131l\u0131k Motorlar\u0131 Okulu\u201d uzaktan e\u011fitim program\u0131d\u0131r. Program, Mart 2021 y\u0131l\u0131nda devreye al\u0131nm\u0131\u015f, ilgili b\u00f6l\u00fcmlerde okuyan t\u00fcm \u00f6\u011frenciler i\u00e7in kat\u0131l\u0131m imkan\u0131 sunmu\u015ftur. E\u011fitim hi\u00e7bir \u015fekilde geni\u015f kapsaml\u0131 olmay\u0131p, sadece \u00f6\u011frencilere y\u00f6nelik temel e\u011fitim seviyesinde ger\u00e7ekle\u015ftirilmektedir. Bir sosyal sorumluluk program\u0131 olan Havac\u0131l\u0131k Motorlar\u0131 Okulu dersleri online platformda yay\u0131nlanmakta olup, kurum i\u00e7erisinde herhangi bir ders yap\u0131lmamaktad\u0131r&#8221; \u200bBaz\u0131 sosyal medya hesaplar\u0131ndan payla\u015f\u0131lan, \u201cTUSA\u015e\u2019taki hain sald\u0131r\u0131ya destek veren \u015fah\u0131s TE\u0130\/TUSA\u015e\u2019ta 6 ay staj yapm\u0131\u015f\u201d iddias\u0131 do\u011fru olmad\u0131\u011f\u0131 belirtildi\u00a0 \u200bHaberin Al\u0131nt\u0131land\u0131\u011f\u0131 Kaynak: www.iskenderun.org<\/p>","protected":false},"author":0,"featured_media":0,"comment_status":"open","ping_status":"open","sticky":false,"template":"","format":"standard","meta":{"_acf_changed":false,"footnotes":""},"categories":[24,535],"tags":[],"class_list":["post-9004","post","type-post","status-publish","format-standard","has-post-thumbnail","hentry","category-gundem","category-uncategorized-tr"],"acf":[],"yoast_head":"<!-- This site is optimized with the Yoast SEO Premium plugin v26.6 (Yoast SEO v27.1.1) - https:\/\/yoast.com\/product\/yoast-seo-premium-wordpress\/ -->\n<title>Hain sald\u0131r\u0131yla ilgili TUSA\u015e&#039;ta staj iddialar\u0131 as\u0131ls\u0131z! - Av. Deniz Can K\u0131z\u0131l<\/title>\n<meta name=\"robots\" content=\"index, follow, max-snippet:-1, max-image-preview:large, max-video-preview:-1\" \/>\n<link rel=\"canonical\" href=\"https:\/\/denizcankizil.tr\/ru\/haberler\/gundem\/hain-saldiriyla-ilgili-tusasta-staj-iddialari-asilsiz\/\" \/>\n<meta property=\"og:locale\" content=\"ru_RU\" \/>\n<meta property=\"og:type\" content=\"article\" \/>\n<meta property=\"og:title\" content=\"Hain sald\u0131r\u0131yla ilgili TUSA\u015e&#039;ta staj iddialar\u0131 as\u0131ls\u0131z!\" \/>\n<meta property=\"og:description\" content=\"Baz\u0131 sosyal medya hesaplar\u0131ndan payla\u015f\u0131lan, \u201cTUSA\u015e\u2019taki hain sald\u0131r\u0131ya destek veren \u015fah\u0131s TE\u0130\/TUSA\u015e\u2019ta 6 ay staj yapm\u0131\u015f\u201d iddias\u0131 do\u011fru olmad\u0131\u011f\u0131 belirtildi.ANKARA (\u0130GFA) &#8211; TUSA\u015e&#8217;taki hain sald\u0131r\u0131ya destek veren \u015fahsa y\u00f6nelik iddialar\u0131n dezenformasyondan ibaret oldu\u011fu a\u00e7\u0131kland\u0131. \u0130leti\u015fim Ba\u015fkanl\u0131\u011f\u0131 Dezenformasyonla M\u00fccadele Merkezi, bahsi ge\u00e7en \u015fahs\u0131n TUSA\u015e ile hi\u00e7bir ba\u011flant\u0131s\u0131 bulunmad\u0131\u011f\u0131n\u0131n alt\u0131n\u0131 \u00e7izdi\u011fi a\u00e7\u0131klamada \u015fu ifadelere yer verdi: &#8220;\u015eah\u0131s, iddia edildi\u011fi gibi daha \u00f6nce TUSA\u015e yerle\u015fkesinde de bulunmam\u0131\u015ft\u0131r. Habere konu e\u011fitim, TE\u0130 Motor Sanayii b\u00fcnyesinde ger\u00e7ekle\u015ftirilen \u201cHavac\u0131l\u0131k Motorlar\u0131 Okulu\u201d uzaktan e\u011fitim program\u0131d\u0131r. Program, Mart 2021 y\u0131l\u0131nda devreye al\u0131nm\u0131\u015f, ilgili b\u00f6l\u00fcmlerde okuyan t\u00fcm \u00f6\u011frenciler i\u00e7in kat\u0131l\u0131m imkan\u0131 sunmu\u015ftur. E\u011fitim hi\u00e7bir \u015fekilde geni\u015f kapsaml\u0131 olmay\u0131p, sadece \u00f6\u011frencilere y\u00f6nelik temel e\u011fitim seviyesinde ger\u00e7ekle\u015ftirilmektedir. Bir sosyal sorumluluk program\u0131 olan Havac\u0131l\u0131k Motorlar\u0131 Okulu dersleri online platformda yay\u0131nlanmakta olup, kurum i\u00e7erisinde herhangi bir ders yap\u0131lmamaktad\u0131r&#8221; \u200bBaz\u0131 sosyal medya hesaplar\u0131ndan payla\u015f\u0131lan, \u201cTUSA\u015e\u2019taki hain sald\u0131r\u0131ya destek veren \u015fah\u0131s TE\u0130\/TUSA\u015e\u2019ta 6 ay staj yapm\u0131\u015f\u201d iddias\u0131 do\u011fru olmad\u0131\u011f\u0131 belirtildi\u00a0 \u200bHaberin Al\u0131nt\u0131land\u0131\u011f\u0131 Kaynak: www.iskenderun.org\" \/>\n<meta property=\"og:url\" content=\"https:\/\/denizcankizil.tr\/ru\/haberler\/gundem\/hain-saldiriyla-ilgili-tusasta-staj-iddialari-asilsiz\/\" \/>\n<meta property=\"og:site_name\" content=\"Av. Deniz Can K\u0131z\u0131l\" \/>\n<meta property=\"article:published_time\" content=\"2024-10-27T14:43:09+00:00\" \/>\n<meta name=\"twitter:card\" content=\"summary_large_image\" \/>\n<meta name=\"twitter:label1\" content=\"\u041f\u0440\u0438\u043c\u0435\u0440\u043d\u043e\u0435 \u0432\u0440\u0435\u043c\u044f \u0434\u043b\u044f \u0447\u0442\u0435\u043d\u0438\u044f\" \/>\n\t<meta name=\"twitter:data1\" content=\"1 \u043c\u0438\u043d\u0443\u0442\u0430\" \/>\n<script type=\"application\/ld+json\" class=\"yoast-schema-graph\">{\"@context\":\"https:\/\/schema.org\",\"@graph\":[{\"@type\":\"Article\",\"@id\":\"https:\/\/denizcankizil.tr\/ru\/haberler\/gundem\/hain-saldiriyla-ilgili-tusasta-staj-iddialari-asilsiz\/#article\",\"isPartOf\":{\"@id\":\"https:\/\/denizcankizil.tr\/ru\/haberler\/gundem\/hain-saldiriyla-ilgili-tusasta-staj-iddialari-asilsiz\/\"},\"author\":{\"name\":\"\",\"@id\":\"\"},\"headline\":\"Hain sald\u0131r\u0131yla ilgili TUSA\u015e&#8217;ta staj iddialar\u0131 as\u0131ls\u0131z!\",\"datePublished\":\"2024-10-27T14:43:09+00:00\",\"mainEntityOfPage\":{\"@id\":\"https:\/\/denizcankizil.tr\/ru\/haberler\/gundem\/hain-saldiriyla-ilgili-tusasta-staj-iddialari-asilsiz\/\"},\"wordCount\":238,\"commentCount\":0,\"publisher\":{\"@id\":\"https:\/\/denizcankizil.tr\/#organization\"},\"articleSection\":[\"G\u00fcndem\",\"Uncategorized\"],\"inLanguage\":\"ru-RU\",\"potentialAction\":[{\"@type\":\"CommentAction\",\"name\":\"Comment\",\"target\":[\"https:\/\/denizcankizil.tr\/ru\/haberler\/gundem\/hain-saldiriyla-ilgili-tusasta-staj-iddialari-asilsiz\/#respond\"]}]},{\"@type\":\"WebPage\",\"@id\":\"https:\/\/denizcankizil.tr\/ru\/haberler\/gundem\/hain-saldiriyla-ilgili-tusasta-staj-iddialari-asilsiz\/\",\"url\":\"https:\/\/denizcankizil.tr\/ru\/haberler\/gundem\/hain-saldiriyla-ilgili-tusasta-staj-iddialari-asilsiz\/\",\"name\":\"Hain sald\u0131r\u0131yla ilgili TUSA\u015e'ta staj iddialar\u0131 as\u0131ls\u0131z! - Av. Deniz Can K\u0131z\u0131l\",\"isPartOf\":{\"@id\":\"https:\/\/denizcankizil.tr\/#website\"},\"datePublished\":\"2024-10-27T14:43:09+00:00\",\"breadcrumb\":{\"@id\":\"https:\/\/denizcankizil.tr\/ru\/haberler\/gundem\/hain-saldiriyla-ilgili-tusasta-staj-iddialari-asilsiz\/#breadcrumb\"},\"inLanguage\":\"ru-RU\",\"potentialAction\":[{\"@type\":\"ReadAction\",\"target\":[\"https:\/\/denizcankizil.tr\/ru\/haberler\/gundem\/hain-saldiriyla-ilgili-tusasta-staj-iddialari-asilsiz\/\"]}]},{\"@type\":\"BreadcrumbList\",\"@id\":\"https:\/\/denizcankizil.tr\/ru\/haberler\/gundem\/hain-saldiriyla-ilgili-tusasta-staj-iddialari-asilsiz\/#breadcrumb\",\"itemListElement\":[{\"@type\":\"ListItem\",\"position\":1,\"name\":\"Home\",\"item\":\"https:\/\/denizcankizil.tr\/de\/\"},{\"@type\":\"ListItem\",\"position\":2,\"name\":\"Hain sald\u0131r\u0131yla ilgili TUSA\u015e&#8217;ta staj iddialar\u0131 as\u0131ls\u0131z!\"}]},{\"@type\":\"WebSite\",\"@id\":\"https:\/\/denizcankizil.tr\/#website\",\"url\":\"https:\/\/denizcankizil.tr\/\",\"name\":\"Av. Deniz Can K\u0131z\u0131l\",\"description\":\"Avukat Deniz Can K\u0131z\u0131l Antalya Barosu\",\"publisher\":{\"@id\":\"https:\/\/denizcankizil.tr\/#organization\"},\"potentialAction\":[{\"@type\":\"SearchAction\",\"target\":{\"@type\":\"EntryPoint\",\"urlTemplate\":\"https:\/\/denizcankizil.tr\/?s={search_term_string}\"},\"query-input\":{\"@type\":\"PropertyValueSpecification\",\"valueRequired\":true,\"valueName\":\"search_term_string\"}}],\"inLanguage\":\"ru-RU\"},{\"@type\":\"Organization\",\"@id\":\"https:\/\/denizcankizil.tr\/#organization\",\"name\":\"Av. Deniz Can K\u0131z\u0131l\",\"url\":\"https:\/\/denizcankizil.tr\/\",\"logo\":{\"@type\":\"ImageObject\",\"inLanguage\":\"ru-RU\",\"@id\":\"https:\/\/denizcankizil.tr\/#\/schema\/logo\/image\/\",\"url\":\"https:\/\/denizcankizil.tr\/wp-content\/uploads\/2024\/10\/siyah-logo-svg.svg\",\"contentUrl\":\"https:\/\/denizcankizil.tr\/wp-content\/uploads\/2024\/10\/siyah-logo-svg.svg\",\"width\":1080,\"height\":1080,\"caption\":\"Av. Deniz Can K\u0131z\u0131l\"},\"image\":{\"@id\":\"https:\/\/denizcankizil.tr\/#\/schema\/logo\/image\/\"}}]}<\/script>\n<!-- \/ Yoast SEO Premium plugin. -->","yoast_head_json":{"title":"Hain sald\u0131r\u0131yla ilgili TUSA\u015e'ta staj iddialar\u0131 as\u0131ls\u0131z! - Av. Deniz Can K\u0131z\u0131l","robots":{"index":"index","follow":"follow","max-snippet":"max-snippet:-1","max-image-preview":"max-image-preview:large","max-video-preview":"max-video-preview:-1"},"canonical":"https:\/\/denizcankizil.tr\/ru\/haberler\/gundem\/hain-saldiriyla-ilgili-tusasta-staj-iddialari-asilsiz\/","og_locale":"ru_RU","og_type":"article","og_title":"Hain sald\u0131r\u0131yla ilgili TUSA\u015e'ta staj iddialar\u0131 as\u0131ls\u0131z!","og_description":"Baz\u0131 sosyal medya hesaplar\u0131ndan payla\u015f\u0131lan, \u201cTUSA\u015e\u2019taki hain sald\u0131r\u0131ya destek veren \u015fah\u0131s TE\u0130\/TUSA\u015e\u2019ta 6 ay staj yapm\u0131\u015f\u201d iddias\u0131 do\u011fru olmad\u0131\u011f\u0131 belirtildi.ANKARA (\u0130GFA) &#8211; TUSA\u015e&#8217;taki hain sald\u0131r\u0131ya destek veren \u015fahsa y\u00f6nelik iddialar\u0131n dezenformasyondan ibaret oldu\u011fu a\u00e7\u0131kland\u0131. \u0130leti\u015fim Ba\u015fkanl\u0131\u011f\u0131 Dezenformasyonla M\u00fccadele Merkezi, bahsi ge\u00e7en \u015fahs\u0131n TUSA\u015e ile hi\u00e7bir ba\u011flant\u0131s\u0131 bulunmad\u0131\u011f\u0131n\u0131n alt\u0131n\u0131 \u00e7izdi\u011fi a\u00e7\u0131klamada \u015fu ifadelere yer verdi: &#8220;\u015eah\u0131s, iddia edildi\u011fi gibi daha \u00f6nce TUSA\u015e yerle\u015fkesinde de bulunmam\u0131\u015ft\u0131r. Habere konu e\u011fitim, TE\u0130 Motor Sanayii b\u00fcnyesinde ger\u00e7ekle\u015ftirilen \u201cHavac\u0131l\u0131k Motorlar\u0131 Okulu\u201d uzaktan e\u011fitim program\u0131d\u0131r. Program, Mart 2021 y\u0131l\u0131nda devreye al\u0131nm\u0131\u015f, ilgili b\u00f6l\u00fcmlerde okuyan t\u00fcm \u00f6\u011frenciler i\u00e7in kat\u0131l\u0131m imkan\u0131 sunmu\u015ftur. E\u011fitim hi\u00e7bir \u015fekilde geni\u015f kapsaml\u0131 olmay\u0131p, sadece \u00f6\u011frencilere y\u00f6nelik temel e\u011fitim seviyesinde ger\u00e7ekle\u015ftirilmektedir. Bir sosyal sorumluluk program\u0131 olan Havac\u0131l\u0131k Motorlar\u0131 Okulu dersleri online platformda yay\u0131nlanmakta olup, kurum i\u00e7erisinde herhangi bir ders yap\u0131lmamaktad\u0131r&#8221; \u200bBaz\u0131 sosyal medya hesaplar\u0131ndan payla\u015f\u0131lan, \u201cTUSA\u015e\u2019taki hain sald\u0131r\u0131ya destek veren \u015fah\u0131s TE\u0130\/TUSA\u015e\u2019ta 6 ay staj yapm\u0131\u015f\u201d iddias\u0131 do\u011fru olmad\u0131\u011f\u0131 belirtildi\u00a0 \u200bHaberin Al\u0131nt\u0131land\u0131\u011f\u0131 Kaynak: www.iskenderun.org","og_url":"https:\/\/denizcankizil.tr\/ru\/haberler\/gundem\/hain-saldiriyla-ilgili-tusasta-staj-iddialari-asilsiz\/","og_site_name":"Av. Deniz Can K\u0131z\u0131l","article_published_time":"2024-10-27T14:43:09+00:00","twitter_card":"summary_large_image","twitter_misc":{"\u041f\u0440\u0438\u043c\u0435\u0440\u043d\u043e\u0435 \u0432\u0440\u0435\u043c\u044f \u0434\u043b\u044f \u0447\u0442\u0435\u043d\u0438\u044f":"1 \u043c\u0438\u043d\u0443\u0442\u0430"},"schema":{"@context":"https:\/\/schema.org","@graph":[{"@type":"Article","@id":"https:\/\/denizcankizil.tr\/ru\/haberler\/gundem\/hain-saldiriyla-ilgili-tusasta-staj-iddialari-asilsiz\/#article","isPartOf":{"@id":"https:\/\/denizcankizil.tr\/ru\/haberler\/gundem\/hain-saldiriyla-ilgili-tusasta-staj-iddialari-asilsiz\/"},"author":{"name":"","@id":""},"headline":"Hain sald\u0131r\u0131yla ilgili TUSA\u015e&#8217;ta staj iddialar\u0131 as\u0131ls\u0131z!","datePublished":"2024-10-27T14:43:09+00:00","mainEntityOfPage":{"@id":"https:\/\/denizcankizil.tr\/ru\/haberler\/gundem\/hain-saldiriyla-ilgili-tusasta-staj-iddialari-asilsiz\/"},"wordCount":238,"commentCount":0,"publisher":{"@id":"https:\/\/denizcankizil.tr\/#organization"},"articleSection":["G\u00fcndem","Uncategorized"],"inLanguage":"ru-RU","potentialAction":[{"@type":"CommentAction","name":"Comment","target":["https:\/\/denizcankizil.tr\/ru\/haberler\/gundem\/hain-saldiriyla-ilgili-tusasta-staj-iddialari-asilsiz\/#respond"]}]},{"@type":"WebPage","@id":"https:\/\/denizcankizil.tr\/ru\/haberler\/gundem\/hain-saldiriyla-ilgili-tusasta-staj-iddialari-asilsiz\/","url":"https:\/\/denizcankizil.tr\/ru\/haberler\/gundem\/hain-saldiriyla-ilgili-tusasta-staj-iddialari-asilsiz\/","name":"Hain sald\u0131r\u0131yla ilgili TUSA\u015e'ta staj iddialar\u0131 as\u0131ls\u0131z! - Av. Deniz Can K\u0131z\u0131l","isPartOf":{"@id":"https:\/\/denizcankizil.tr\/#website"},"datePublished":"2024-10-27T14:43:09+00:00","breadcrumb":{"@id":"https:\/\/denizcankizil.tr\/ru\/haberler\/gundem\/hain-saldiriyla-ilgili-tusasta-staj-iddialari-asilsiz\/#breadcrumb"},"inLanguage":"ru-RU","potentialAction":[{"@type":"ReadAction","target":["https:\/\/denizcankizil.tr\/ru\/haberler\/gundem\/hain-saldiriyla-ilgili-tusasta-staj-iddialari-asilsiz\/"]}]},{"@type":"BreadcrumbList","@id":"https:\/\/denizcankizil.tr\/ru\/haberler\/gundem\/hain-saldiriyla-ilgili-tusasta-staj-iddialari-asilsiz\/#breadcrumb","itemListElement":[{"@type":"ListItem","position":1,"name":"Home","item":"https:\/\/denizcankizil.tr\/de\/"},{"@type":"ListItem","position":2,"name":"Hain sald\u0131r\u0131yla ilgili TUSA\u015e&#8217;ta staj iddialar\u0131 as\u0131ls\u0131z!"}]},{"@type":"WebSite","@id":"https:\/\/denizcankizil.tr\/#website","url":"https:\/\/denizcankizil.tr\/","name":"Av. Deniz Can K\u0131z\u0131l","description":"Avukat Deniz Can K\u0131z\u0131l Antalya Barosu","publisher":{"@id":"https:\/\/denizcankizil.tr\/#organization"},"potentialAction":[{"@type":"SearchAction","target":{"@type":"EntryPoint","urlTemplate":"https:\/\/denizcankizil.tr\/?s={search_term_string}"},"query-input":{"@type":"PropertyValueSpecification","valueRequired":true,"valueName":"search_term_string"}}],"inLanguage":"ru-RU"},{"@type":"Organization","@id":"https:\/\/denizcankizil.tr\/#organization","name":"Av. Deniz Can K\u0131z\u0131l","url":"https:\/\/denizcankizil.tr\/","logo":{"@type":"ImageObject","inLanguage":"ru-RU","@id":"https:\/\/denizcankizil.tr\/#\/schema\/logo\/image\/","url":"https:\/\/denizcankizil.tr\/wp-content\/uploads\/2024\/10\/siyah-logo-svg.svg","contentUrl":"https:\/\/denizcankizil.tr\/wp-content\/uploads\/2024\/10\/siyah-logo-svg.svg","width":1080,"height":1080,"caption":"Av. Deniz Can K\u0131z\u0131l"},"image":{"@id":"https:\/\/denizcankizil.tr\/#\/schema\/logo\/image\/"}}]}},"_links":{"self":[{"href":"https:\/\/denizcankizil.tr\/ru\/wp-json\/wp\/v2\/posts\/9004","targetHints":{"allow":["GET"]}}],"collection":[{"href":"https:\/\/denizcankizil.tr\/ru\/wp-json\/wp\/v2\/posts"}],"about":[{"href":"https:\/\/denizcankizil.tr\/ru\/wp-json\/wp\/v2\/types\/post"}],"replies":[{"embeddable":true,"href":"https:\/\/denizcankizil.tr\/ru\/wp-json\/wp\/v2\/comments?post=9004"}],"version-history":[{"count":0,"href":"https:\/\/denizcankizil.tr\/ru\/wp-json\/wp\/v2\/posts\/9004\/revisions"}],"wp:attachment":[{"href":"https:\/\/denizcankizil.tr\/ru\/wp-json\/wp\/v2\/media?parent=9004"}],"wp:term":[{"taxonomy":"category","embeddable":true,"href":"https:\/\/denizcankizil.tr\/ru\/wp-json\/wp\/v2\/categories?post=9004"},{"taxonomy":"post_tag","embeddable":true,"href":"https:\/\/denizcankizil.tr\/ru\/wp-json\/wp\/v2\/tags?post=9004"}],"curies":[{"name":"wp","href":"https:\/\/api.w.org\/{rel}","templated":true}]}}