{"id":89673,"date":"2025-05-17T18:41:16","date_gmt":"2025-05-17T15:41:16","guid":{"rendered":"https:\/\/denizcankizil.tr\/uncategorized-tr\/bogacayini-mahveden-proje-menderes-turele-kahkaha-attirdi\/"},"modified":"2025-05-17T18:41:16","modified_gmt":"2025-05-17T15:41:16","slug":"bogacayini-mahveden-proje-menderes-turele-kahkaha-attirdi","status":"publish","type":"post","link":"https:\/\/denizcankizil.tr\/ru\/haberler\/gundem\/bogacayini-mahveden-proje-menderes-turele-kahkaha-attirdi\/","title":{"rendered":"Bo\u011fa\u00e7ay\u0131n\u0131 mahveden proje,  Menderes T\u00fcrel\u2019e kahkaha att\u0131rd\u0131"},"content":{"rendered":"<p>Antalya B\u00fcy\u00fck\u015fehir Belediyesi eski ba\u015fkan\u0131 Menderes T\u00fcrel, belediye ba\u015fkanl\u0131\u011f\u0131 d\u00f6neminde hayata ge\u00e7irilen Bo\u011fa\u00e7ay\u0131 projesi \u00fczerinden mevcut Ba\u015fkan Muhittin B\u00f6cek\u2019e ele\u015ftiride bulundu. T\u00fcrel, Ak Partili bir sosyal medya sayfas\u0131nda yap\u0131lan payla\u015f\u0131m\u0131 g\u00fclme ikonuyla yeniden payla\u015farak dikkat \u00e7ekti.<\/p>\n<p>MUH\u0130TT\u0130N B\u00d6CEK\u2019E BANK BOYATTILAR<\/p>\n<p>Yapay zeka ile olu\u015fturulan g\u00f6nderide Muhittin B\u00f6cek, elinde boya f\u0131r\u00e7as\u0131yla Bo\u011fa\u00e7ay\u0131\u2019nda belediye banklar\u0131n\u0131 boyarken resmedildi. Menderes T\u00fcrel d\u00f6nemi hat\u0131rlat\u0131lan payla\u015f\u0131mda, \u201cMaalesef 6 y\u0131ld\u0131r Antalya&#8217;ya tek \u00e7ivi \u00e7akmay\u0131p sadece Menderes T\u00fcrel\u2019in yapt\u0131klar\u0131n\u0131 boyay\u0131p ben yapt\u0131m diyen bir belediye ba\u015fkan\u0131m\u0131z var\u201d s\u00f6zlerine yer verildi.<\/p>\n<p>BO\u011eA\u00c7AYININ ZARARI SAYMAKLA B\u0130TM\u0130YOR<\/p>\n<p>Yap\u0131ld\u0131\u011f\u0131 d\u00f6nemde meslek odalar\u0131n\u0131n ve siyaset\u00e7ilerin kar\u015f\u0131 \u00e7\u0131kt\u0131\u011f\u0131 proje nedeniyle Bo\u011fa\u00e7ay\u0131nda temiz suya  zarar veren yosunlar t\u00fcredi. B\u00fcy\u00fck\u015fehir Belediyesi her y\u0131l bu yosunlar\u0131 temizlemek i\u00e7in ayr\u0131 bir b\u00fct\u00e7e ay\u0131r\u0131yor. Menderes T\u00fcrel\u2019in \u2018alt\u0131n projem\u2019 dedi\u011fi Bo\u011fa\u00e7ay\u0131\u2019na yerle\u015ftirilen yapay \u00e7i\u00e7ekler ilk f\u0131rt\u0131nada y\u0131k\u0131larak kamu zarar\u0131 yaratt\u0131. Bo\u011fa\u00e7ay\u0131 d\u00fczenlemesi kapsam\u0131nda b\u00f6lgedeki \u00e7ok say\u0131da bitki \u00e7e\u015fidi yok oldu.<\/p>\n<p>\u200bAntalya B\u00fcy\u00fck\u015fehir Belediyesi eski ba\u015fkan\u0131 Menderes T\u00fcrel, kendi d\u00f6neminde yap\u0131lan Bo\u011fa\u00e7ay\u0131 projesi \u00fczerinden Muhittin B\u00f6cek\u2019e g\u00f6nderme yapt\u0131. T\u00fcrel, Ak Partili bir sosyal medya sayfas\u0131n\u0131n payla\u015f\u0131m\u0131n\u0131 g\u00fclme emojisiyle yeniden payla\u015ft\u0131\u00a0<\/p>\n<p>\u200bHaberin Al\u0131nt\u0131land\u0131\u011f\u0131 Kaynak: www.antalyakorfez.com<\/p>","protected":false},"excerpt":{"rendered":"<p>Antalya B\u00fcy\u00fck\u015fehir Belediyesi eski ba\u015fkan\u0131 Menderes T\u00fcrel, belediye ba\u015fkanl\u0131\u011f\u0131 d\u00f6neminde hayata ge\u00e7irilen Bo\u011fa\u00e7ay\u0131 projesi \u00fczerinden mevcut Ba\u015fkan Muhittin B\u00f6cek\u2019e ele\u015ftiride bulundu. T\u00fcrel, Ak Partili bir sosyal medya sayfas\u0131nda yap\u0131lan payla\u015f\u0131m\u0131 g\u00fclme ikonuyla yeniden payla\u015farak dikkat \u00e7ekti. MUH\u0130TT\u0130N B\u00d6CEK\u2019E BANK BOYATTILAR Yapay zeka ile olu\u015fturulan g\u00f6nderide Muhittin B\u00f6cek, elinde boya f\u0131r\u00e7as\u0131yla Bo\u011fa\u00e7ay\u0131\u2019nda belediye banklar\u0131n\u0131 boyarken resmedildi. Menderes T\u00fcrel d\u00f6nemi hat\u0131rlat\u0131lan payla\u015f\u0131mda, \u201cMaalesef 6 y\u0131ld\u0131r Antalya&#8217;ya tek \u00e7ivi \u00e7akmay\u0131p sadece Menderes T\u00fcrel\u2019in yapt\u0131klar\u0131n\u0131 boyay\u0131p ben yapt\u0131m diyen bir belediye ba\u015fkan\u0131m\u0131z var\u201d s\u00f6zlerine yer verildi. BO\u011eA\u00c7AYININ ZARARI SAYMAKLA B\u0130TM\u0130YOR Yap\u0131ld\u0131\u011f\u0131 d\u00f6nemde meslek odalar\u0131n\u0131n ve siyaset\u00e7ilerin kar\u015f\u0131 \u00e7\u0131kt\u0131\u011f\u0131 proje nedeniyle Bo\u011fa\u00e7ay\u0131nda temiz suya zarar veren yosunlar t\u00fcredi. B\u00fcy\u00fck\u015fehir Belediyesi her y\u0131l bu yosunlar\u0131 temizlemek i\u00e7in ayr\u0131 bir b\u00fct\u00e7e ay\u0131r\u0131yor. Menderes T\u00fcrel\u2019in \u2018alt\u0131n projem\u2019 dedi\u011fi Bo\u011fa\u00e7ay\u0131\u2019na yerle\u015ftirilen yapay \u00e7i\u00e7ekler ilk f\u0131rt\u0131nada y\u0131k\u0131larak kamu zarar\u0131 yaratt\u0131. Bo\u011fa\u00e7ay\u0131 d\u00fczenlemesi kapsam\u0131nda b\u00f6lgedeki \u00e7ok say\u0131da bitki \u00e7e\u015fidi yok oldu. \u200bAntalya B\u00fcy\u00fck\u015fehir Belediyesi eski ba\u015fkan\u0131 Menderes T\u00fcrel, kendi d\u00f6neminde yap\u0131lan Bo\u011fa\u00e7ay\u0131 projesi \u00fczerinden Muhittin B\u00f6cek\u2019e g\u00f6nderme yapt\u0131. T\u00fcrel, Ak Partili bir sosyal medya sayfas\u0131n\u0131n payla\u015f\u0131m\u0131n\u0131 g\u00fclme emojisiyle yeniden payla\u015ft\u0131\u00a0 \u200bHaberin Al\u0131nt\u0131land\u0131\u011f\u0131 Kaynak: www.antalyakorfez.com<\/p>","protected":false},"author":5,"featured_media":0,"comment_status":"","ping_status":"open","sticky":false,"template":"","format":"standard","meta":{"_acf_changed":false,"footnotes":""},"categories":[24],"tags":[],"class_list":["post-89673","post","type-post","status-publish","format-standard","has-post-thumbnail","hentry","category-gundem"],"acf":[],"yoast_head":"<!-- This site is optimized with the Yoast SEO Premium plugin v26.6 (Yoast SEO v27.1.1) - https:\/\/yoast.com\/product\/yoast-seo-premium-wordpress\/ -->\n<title>Bo\u011fa\u00e7ay\u0131n\u0131 mahveden proje, Menderes T\u00fcrel\u2019e kahkaha att\u0131rd\u0131 - Av. Deniz Can K\u0131z\u0131l<\/title>\n<meta name=\"robots\" content=\"index, follow, max-snippet:-1, max-image-preview:large, max-video-preview:-1\" \/>\n<link rel=\"canonical\" href=\"https:\/\/denizcankizil.tr\/ru\/haberler\/gundem\/bogacayini-mahveden-proje-menderes-turele-kahkaha-attirdi\/\" \/>\n<meta property=\"og:locale\" content=\"ru_RU\" \/>\n<meta property=\"og:type\" content=\"article\" \/>\n<meta property=\"og:title\" content=\"Bo\u011fa\u00e7ay\u0131n\u0131 mahveden proje, Menderes T\u00fcrel\u2019e kahkaha att\u0131rd\u0131\" \/>\n<meta property=\"og:description\" content=\"Antalya B\u00fcy\u00fck\u015fehir Belediyesi eski ba\u015fkan\u0131 Menderes T\u00fcrel, belediye ba\u015fkanl\u0131\u011f\u0131 d\u00f6neminde hayata ge\u00e7irilen Bo\u011fa\u00e7ay\u0131 projesi \u00fczerinden mevcut Ba\u015fkan Muhittin B\u00f6cek\u2019e ele\u015ftiride bulundu. T\u00fcrel, Ak Partili bir sosyal medya sayfas\u0131nda yap\u0131lan payla\u015f\u0131m\u0131 g\u00fclme ikonuyla yeniden payla\u015farak dikkat \u00e7ekti. MUH\u0130TT\u0130N B\u00d6CEK\u2019E BANK BOYATTILAR Yapay zeka ile olu\u015fturulan g\u00f6nderide Muhittin B\u00f6cek, elinde boya f\u0131r\u00e7as\u0131yla Bo\u011fa\u00e7ay\u0131\u2019nda belediye banklar\u0131n\u0131 boyarken resmedildi. Menderes T\u00fcrel d\u00f6nemi hat\u0131rlat\u0131lan payla\u015f\u0131mda, \u201cMaalesef 6 y\u0131ld\u0131r Antalya&#8217;ya tek \u00e7ivi \u00e7akmay\u0131p sadece Menderes T\u00fcrel\u2019in yapt\u0131klar\u0131n\u0131 boyay\u0131p ben yapt\u0131m diyen bir belediye ba\u015fkan\u0131m\u0131z var\u201d s\u00f6zlerine yer verildi. BO\u011eA\u00c7AYININ ZARARI SAYMAKLA B\u0130TM\u0130YOR Yap\u0131ld\u0131\u011f\u0131 d\u00f6nemde meslek odalar\u0131n\u0131n ve siyaset\u00e7ilerin kar\u015f\u0131 \u00e7\u0131kt\u0131\u011f\u0131 proje nedeniyle Bo\u011fa\u00e7ay\u0131nda temiz suya zarar veren yosunlar t\u00fcredi. B\u00fcy\u00fck\u015fehir Belediyesi her y\u0131l bu yosunlar\u0131 temizlemek i\u00e7in ayr\u0131 bir b\u00fct\u00e7e ay\u0131r\u0131yor. Menderes T\u00fcrel\u2019in \u2018alt\u0131n projem\u2019 dedi\u011fi Bo\u011fa\u00e7ay\u0131\u2019na yerle\u015ftirilen yapay \u00e7i\u00e7ekler ilk f\u0131rt\u0131nada y\u0131k\u0131larak kamu zarar\u0131 yaratt\u0131. Bo\u011fa\u00e7ay\u0131 d\u00fczenlemesi kapsam\u0131nda b\u00f6lgedeki \u00e7ok say\u0131da bitki \u00e7e\u015fidi yok oldu. \u200bAntalya B\u00fcy\u00fck\u015fehir Belediyesi eski ba\u015fkan\u0131 Menderes T\u00fcrel, kendi d\u00f6neminde yap\u0131lan Bo\u011fa\u00e7ay\u0131 projesi \u00fczerinden Muhittin B\u00f6cek\u2019e g\u00f6nderme yapt\u0131. T\u00fcrel, Ak Partili bir sosyal medya sayfas\u0131n\u0131n payla\u015f\u0131m\u0131n\u0131 g\u00fclme emojisiyle yeniden payla\u015ft\u0131\u00a0 \u200bHaberin Al\u0131nt\u0131land\u0131\u011f\u0131 Kaynak: www.antalyakorfez.com\" \/>\n<meta property=\"og:url\" content=\"https:\/\/denizcankizil.tr\/ru\/haberler\/gundem\/bogacayini-mahveden-proje-menderes-turele-kahkaha-attirdi\/\" \/>\n<meta property=\"og:site_name\" content=\"Av. Deniz Can K\u0131z\u0131l\" \/>\n<meta property=\"article:published_time\" content=\"2025-05-17T15:41:16+00:00\" \/>\n<meta name=\"author\" content=\"Antalya K\u00f6rfez\" \/>\n<meta name=\"twitter:card\" content=\"summary_large_image\" \/>\n<meta name=\"twitter:label1\" content=\"\u041d\u0430\u043f\u0438\u0441\u0430\u043d\u043e \u0430\u0432\u0442\u043e\u0440\u043e\u043c\" \/>\n\t<meta name=\"twitter:data1\" content=\"Antalya K\u00f6rfez\" \/>\n\t<meta name=\"twitter:label2\" content=\"\u041f\u0440\u0438\u043c\u0435\u0440\u043d\u043e\u0435 \u0432\u0440\u0435\u043c\u044f \u0434\u043b\u044f \u0447\u0442\u0435\u043d\u0438\u044f\" \/>\n\t<meta name=\"twitter:data2\" content=\"1 \u043c\u0438\u043d\u0443\u0442\u0430\" \/>\n<script type=\"application\/ld+json\" class=\"yoast-schema-graph\">{\"@context\":\"https:\/\/schema.org\",\"@graph\":[{\"@type\":\"Article\",\"@id\":\"https:\/\/denizcankizil.tr\/ru\/haberler\/gundem\/bogacayini-mahveden-proje-menderes-turele-kahkaha-attirdi\/#article\",\"isPartOf\":{\"@id\":\"https:\/\/denizcankizil.tr\/ru\/haberler\/gundem\/bogacayini-mahveden-proje-menderes-turele-kahkaha-attirdi\/\"},\"author\":{\"name\":\"Antalya K\u00f6rfez\",\"@id\":\"https:\/\/denizcankizil.tr\/de\/#\/schema\/person\/e1eb71bb4dd684d46563f0af307e1234\"},\"headline\":\"Bo\u011fa\u00e7ay\u0131n\u0131 mahveden proje, Menderes T\u00fcrel\u2019e kahkaha att\u0131rd\u0131\",\"datePublished\":\"2025-05-17T15:41:16+00:00\",\"mainEntityOfPage\":{\"@id\":\"https:\/\/denizcankizil.tr\/ru\/haberler\/gundem\/bogacayini-mahveden-proje-menderes-turele-kahkaha-attirdi\/\"},\"wordCount\":303,\"publisher\":{\"@id\":\"https:\/\/denizcankizil.tr\/de\/#organization\"},\"articleSection\":[\"G\u00fcndem\"],\"inLanguage\":\"ru-RU\"},{\"@type\":\"WebPage\",\"@id\":\"https:\/\/denizcankizil.tr\/ru\/haberler\/gundem\/bogacayini-mahveden-proje-menderes-turele-kahkaha-attirdi\/\",\"url\":\"https:\/\/denizcankizil.tr\/ru\/haberler\/gundem\/bogacayini-mahveden-proje-menderes-turele-kahkaha-attirdi\/\",\"name\":\"Bo\u011fa\u00e7ay\u0131n\u0131 mahveden proje, Menderes T\u00fcrel\u2019e kahkaha att\u0131rd\u0131 - Av. Deniz Can K\u0131z\u0131l\",\"isPartOf\":{\"@id\":\"https:\/\/denizcankizil.tr\/de\/#website\"},\"datePublished\":\"2025-05-17T15:41:16+00:00\",\"breadcrumb\":{\"@id\":\"https:\/\/denizcankizil.tr\/ru\/haberler\/gundem\/bogacayini-mahveden-proje-menderes-turele-kahkaha-attirdi\/#breadcrumb\"},\"inLanguage\":\"ru-RU\",\"potentialAction\":[{\"@type\":\"ReadAction\",\"target\":[\"https:\/\/denizcankizil.tr\/ru\/haberler\/gundem\/bogacayini-mahveden-proje-menderes-turele-kahkaha-attirdi\/\"]}]},{\"@type\":\"BreadcrumbList\",\"@id\":\"https:\/\/denizcankizil.tr\/ru\/haberler\/gundem\/bogacayini-mahveden-proje-menderes-turele-kahkaha-attirdi\/#breadcrumb\",\"itemListElement\":[{\"@type\":\"ListItem\",\"position\":1,\"name\":\"Home\",\"item\":\"https:\/\/denizcankizil.tr\/de\/\"},{\"@type\":\"ListItem\",\"position\":2,\"name\":\"Bo\u011fa\u00e7ay\u0131n\u0131 mahveden proje, Menderes T\u00fcrel\u2019e kahkaha att\u0131rd\u0131\"}]},{\"@type\":\"WebSite\",\"@id\":\"https:\/\/denizcankizil.tr\/de\/#website\",\"url\":\"https:\/\/denizcankizil.tr\/de\/\",\"name\":\"Av. Deniz Can K\u0131z\u0131l\",\"description\":\"Avukat Deniz Can K\u0131z\u0131l Antalya Barosu\",\"publisher\":{\"@id\":\"https:\/\/denizcankizil.tr\/de\/#organization\"},\"potentialAction\":[{\"@type\":\"SearchAction\",\"target\":{\"@type\":\"EntryPoint\",\"urlTemplate\":\"https:\/\/denizcankizil.tr\/de\/?s={search_term_string}\"},\"query-input\":{\"@type\":\"PropertyValueSpecification\",\"valueRequired\":true,\"valueName\":\"search_term_string\"}}],\"inLanguage\":\"ru-RU\"},{\"@type\":\"Organization\",\"@id\":\"https:\/\/denizcankizil.tr\/de\/#organization\",\"name\":\"Av. Deniz Can K\u0131z\u0131l\",\"url\":\"https:\/\/denizcankizil.tr\/de\/\",\"logo\":{\"@type\":\"ImageObject\",\"inLanguage\":\"ru-RU\",\"@id\":\"https:\/\/denizcankizil.tr\/de\/#\/schema\/logo\/image\/\",\"url\":\"https:\/\/denizcankizil.tr\/wp-content\/uploads\/2024\/10\/siyah-logo-svg.svg\",\"contentUrl\":\"https:\/\/denizcankizil.tr\/wp-content\/uploads\/2024\/10\/siyah-logo-svg.svg\",\"width\":1080,\"height\":1080,\"caption\":\"Av. Deniz Can K\u0131z\u0131l\"},\"image\":{\"@id\":\"https:\/\/denizcankizil.tr\/de\/#\/schema\/logo\/image\/\"}},{\"@type\":\"Person\",\"@id\":\"https:\/\/denizcankizil.tr\/de\/#\/schema\/person\/e1eb71bb4dd684d46563f0af307e1234\",\"name\":\"Antalya K\u00f6rfez\",\"image\":{\"@type\":\"ImageObject\",\"inLanguage\":\"ru-RU\",\"@id\":\"https:\/\/denizcankizil.tr\/de\/#\/schema\/person\/image\/\",\"url\":\"https:\/\/secure.gravatar.com\/avatar\/42b01982558a48a0b501fdcab6a408d3717ea5919095ee2e67b0e521799c5905?s=96&d=mm&r=g\",\"contentUrl\":\"https:\/\/secure.gravatar.com\/avatar\/42b01982558a48a0b501fdcab6a408d3717ea5919095ee2e67b0e521799c5905?s=96&d=mm&r=g\",\"caption\":\"Antalya K\u00f6rfez\"},\"sameAs\":[\"http:\/\/www.antalyakorfez.com\"],\"url\":\"https:\/\/www.antalyakorfez.com\/bogacayini-mahveden-proje-menderes-turele-kahkaha-attirdi\"}]}<\/script>\n<!-- \/ Yoast SEO Premium plugin. -->","yoast_head_json":{"title":"Bo\u011fa\u00e7ay\u0131n\u0131 mahveden proje, Menderes T\u00fcrel\u2019e kahkaha att\u0131rd\u0131 - Av. Deniz Can K\u0131z\u0131l","robots":{"index":"index","follow":"follow","max-snippet":"max-snippet:-1","max-image-preview":"max-image-preview:large","max-video-preview":"max-video-preview:-1"},"canonical":"https:\/\/denizcankizil.tr\/ru\/haberler\/gundem\/bogacayini-mahveden-proje-menderes-turele-kahkaha-attirdi\/","og_locale":"ru_RU","og_type":"article","og_title":"Bo\u011fa\u00e7ay\u0131n\u0131 mahveden proje, Menderes T\u00fcrel\u2019e kahkaha att\u0131rd\u0131","og_description":"Antalya B\u00fcy\u00fck\u015fehir Belediyesi eski ba\u015fkan\u0131 Menderes T\u00fcrel, belediye ba\u015fkanl\u0131\u011f\u0131 d\u00f6neminde hayata ge\u00e7irilen Bo\u011fa\u00e7ay\u0131 projesi \u00fczerinden mevcut Ba\u015fkan Muhittin B\u00f6cek\u2019e ele\u015ftiride bulundu. T\u00fcrel, Ak Partili bir sosyal medya sayfas\u0131nda yap\u0131lan payla\u015f\u0131m\u0131 g\u00fclme ikonuyla yeniden payla\u015farak dikkat \u00e7ekti. MUH\u0130TT\u0130N B\u00d6CEK\u2019E BANK BOYATTILAR Yapay zeka ile olu\u015fturulan g\u00f6nderide Muhittin B\u00f6cek, elinde boya f\u0131r\u00e7as\u0131yla Bo\u011fa\u00e7ay\u0131\u2019nda belediye banklar\u0131n\u0131 boyarken resmedildi. Menderes T\u00fcrel d\u00f6nemi hat\u0131rlat\u0131lan payla\u015f\u0131mda, \u201cMaalesef 6 y\u0131ld\u0131r Antalya&#8217;ya tek \u00e7ivi \u00e7akmay\u0131p sadece Menderes T\u00fcrel\u2019in yapt\u0131klar\u0131n\u0131 boyay\u0131p ben yapt\u0131m diyen bir belediye ba\u015fkan\u0131m\u0131z var\u201d s\u00f6zlerine yer verildi. BO\u011eA\u00c7AYININ ZARARI SAYMAKLA B\u0130TM\u0130YOR Yap\u0131ld\u0131\u011f\u0131 d\u00f6nemde meslek odalar\u0131n\u0131n ve siyaset\u00e7ilerin kar\u015f\u0131 \u00e7\u0131kt\u0131\u011f\u0131 proje nedeniyle Bo\u011fa\u00e7ay\u0131nda temiz suya zarar veren yosunlar t\u00fcredi. B\u00fcy\u00fck\u015fehir Belediyesi her y\u0131l bu yosunlar\u0131 temizlemek i\u00e7in ayr\u0131 bir b\u00fct\u00e7e ay\u0131r\u0131yor. Menderes T\u00fcrel\u2019in \u2018alt\u0131n projem\u2019 dedi\u011fi Bo\u011fa\u00e7ay\u0131\u2019na yerle\u015ftirilen yapay \u00e7i\u00e7ekler ilk f\u0131rt\u0131nada y\u0131k\u0131larak kamu zarar\u0131 yaratt\u0131. Bo\u011fa\u00e7ay\u0131 d\u00fczenlemesi kapsam\u0131nda b\u00f6lgedeki \u00e7ok say\u0131da bitki \u00e7e\u015fidi yok oldu. \u200bAntalya B\u00fcy\u00fck\u015fehir Belediyesi eski ba\u015fkan\u0131 Menderes T\u00fcrel, kendi d\u00f6neminde yap\u0131lan Bo\u011fa\u00e7ay\u0131 projesi \u00fczerinden Muhittin B\u00f6cek\u2019e g\u00f6nderme yapt\u0131. T\u00fcrel, Ak Partili bir sosyal medya sayfas\u0131n\u0131n payla\u015f\u0131m\u0131n\u0131 g\u00fclme emojisiyle yeniden payla\u015ft\u0131\u00a0 \u200bHaberin Al\u0131nt\u0131land\u0131\u011f\u0131 Kaynak: www.antalyakorfez.com","og_url":"https:\/\/denizcankizil.tr\/ru\/haberler\/gundem\/bogacayini-mahveden-proje-menderes-turele-kahkaha-attirdi\/","og_site_name":"Av. Deniz Can K\u0131z\u0131l","article_published_time":"2025-05-17T15:41:16+00:00","author":"Antalya K\u00f6rfez","twitter_card":"summary_large_image","twitter_misc":{"\u041d\u0430\u043f\u0438\u0441\u0430\u043d\u043e \u0430\u0432\u0442\u043e\u0440\u043e\u043c":"Antalya K\u00f6rfez","\u041f\u0440\u0438\u043c\u0435\u0440\u043d\u043e\u0435 \u0432\u0440\u0435\u043c\u044f \u0434\u043b\u044f \u0447\u0442\u0435\u043d\u0438\u044f":"1 \u043c\u0438\u043d\u0443\u0442\u0430"},"schema":{"@context":"https:\/\/schema.org","@graph":[{"@type":"Article","@id":"https:\/\/denizcankizil.tr\/ru\/haberler\/gundem\/bogacayini-mahveden-proje-menderes-turele-kahkaha-attirdi\/#article","isPartOf":{"@id":"https:\/\/denizcankizil.tr\/ru\/haberler\/gundem\/bogacayini-mahveden-proje-menderes-turele-kahkaha-attirdi\/"},"author":{"name":"Antalya K\u00f6rfez","@id":"https:\/\/denizcankizil.tr\/de\/#\/schema\/person\/e1eb71bb4dd684d46563f0af307e1234"},"headline":"Bo\u011fa\u00e7ay\u0131n\u0131 mahveden proje, Menderes T\u00fcrel\u2019e kahkaha att\u0131rd\u0131","datePublished":"2025-05-17T15:41:16+00:00","mainEntityOfPage":{"@id":"https:\/\/denizcankizil.tr\/ru\/haberler\/gundem\/bogacayini-mahveden-proje-menderes-turele-kahkaha-attirdi\/"},"wordCount":303,"publisher":{"@id":"https:\/\/denizcankizil.tr\/de\/#organization"},"articleSection":["G\u00fcndem"],"inLanguage":"ru-RU"},{"@type":"WebPage","@id":"https:\/\/denizcankizil.tr\/ru\/haberler\/gundem\/bogacayini-mahveden-proje-menderes-turele-kahkaha-attirdi\/","url":"https:\/\/denizcankizil.tr\/ru\/haberler\/gundem\/bogacayini-mahveden-proje-menderes-turele-kahkaha-attirdi\/","name":"Bo\u011fa\u00e7ay\u0131n\u0131 mahveden proje, Menderes T\u00fcrel\u2019e kahkaha att\u0131rd\u0131 - Av. Deniz Can K\u0131z\u0131l","isPartOf":{"@id":"https:\/\/denizcankizil.tr\/de\/#website"},"datePublished":"2025-05-17T15:41:16+00:00","breadcrumb":{"@id":"https:\/\/denizcankizil.tr\/ru\/haberler\/gundem\/bogacayini-mahveden-proje-menderes-turele-kahkaha-attirdi\/#breadcrumb"},"inLanguage":"ru-RU","potentialAction":[{"@type":"ReadAction","target":["https:\/\/denizcankizil.tr\/ru\/haberler\/gundem\/bogacayini-mahveden-proje-menderes-turele-kahkaha-attirdi\/"]}]},{"@type":"BreadcrumbList","@id":"https:\/\/denizcankizil.tr\/ru\/haberler\/gundem\/bogacayini-mahveden-proje-menderes-turele-kahkaha-attirdi\/#breadcrumb","itemListElement":[{"@type":"ListItem","position":1,"name":"Home","item":"https:\/\/denizcankizil.tr\/de\/"},{"@type":"ListItem","position":2,"name":"Bo\u011fa\u00e7ay\u0131n\u0131 mahveden proje, Menderes T\u00fcrel\u2019e kahkaha att\u0131rd\u0131"}]},{"@type":"WebSite","@id":"https:\/\/denizcankizil.tr\/de\/#website","url":"https:\/\/denizcankizil.tr\/de\/","name":"Av. Deniz Can K\u0131z\u0131l","description":"Avukat Deniz Can K\u0131z\u0131l Antalya Barosu","publisher":{"@id":"https:\/\/denizcankizil.tr\/de\/#organization"},"potentialAction":[{"@type":"SearchAction","target":{"@type":"EntryPoint","urlTemplate":"https:\/\/denizcankizil.tr\/de\/?s={search_term_string}"},"query-input":{"@type":"PropertyValueSpecification","valueRequired":true,"valueName":"search_term_string"}}],"inLanguage":"ru-RU"},{"@type":"Organization","@id":"https:\/\/denizcankizil.tr\/de\/#organization","name":"Av. Deniz Can K\u0131z\u0131l","url":"https:\/\/denizcankizil.tr\/de\/","logo":{"@type":"ImageObject","inLanguage":"ru-RU","@id":"https:\/\/denizcankizil.tr\/de\/#\/schema\/logo\/image\/","url":"https:\/\/denizcankizil.tr\/wp-content\/uploads\/2024\/10\/siyah-logo-svg.svg","contentUrl":"https:\/\/denizcankizil.tr\/wp-content\/uploads\/2024\/10\/siyah-logo-svg.svg","width":1080,"height":1080,"caption":"Av. Deniz Can K\u0131z\u0131l"},"image":{"@id":"https:\/\/denizcankizil.tr\/de\/#\/schema\/logo\/image\/"}},{"@type":"Person","@id":"https:\/\/denizcankizil.tr\/de\/#\/schema\/person\/e1eb71bb4dd684d46563f0af307e1234","name":"Antalya K\u00f6rfez","image":{"@type":"ImageObject","inLanguage":"ru-RU","@id":"https:\/\/denizcankizil.tr\/de\/#\/schema\/person\/image\/","url":"https:\/\/secure.gravatar.com\/avatar\/42b01982558a48a0b501fdcab6a408d3717ea5919095ee2e67b0e521799c5905?s=96&d=mm&r=g","contentUrl":"https:\/\/secure.gravatar.com\/avatar\/42b01982558a48a0b501fdcab6a408d3717ea5919095ee2e67b0e521799c5905?s=96&d=mm&r=g","caption":"Antalya K\u00f6rfez"},"sameAs":["http:\/\/www.antalyakorfez.com"],"url":"https:\/\/www.antalyakorfez.com\/bogacayini-mahveden-proje-menderes-turele-kahkaha-attirdi"}]}},"_links":{"self":[{"href":"https:\/\/denizcankizil.tr\/ru\/wp-json\/wp\/v2\/posts\/89673","targetHints":{"allow":["GET"]}}],"collection":[{"href":"https:\/\/denizcankizil.tr\/ru\/wp-json\/wp\/v2\/posts"}],"about":[{"href":"https:\/\/denizcankizil.tr\/ru\/wp-json\/wp\/v2\/types\/post"}],"author":[{"embeddable":true,"href":"https:\/\/denizcankizil.tr\/ru\/wp-json\/wp\/v2\/users\/5"}],"replies":[{"embeddable":true,"href":"https:\/\/denizcankizil.tr\/ru\/wp-json\/wp\/v2\/comments?post=89673"}],"version-history":[{"count":0,"href":"https:\/\/denizcankizil.tr\/ru\/wp-json\/wp\/v2\/posts\/89673\/revisions"}],"wp:attachment":[{"href":"https:\/\/denizcankizil.tr\/ru\/wp-json\/wp\/v2\/media?parent=89673"}],"wp:term":[{"taxonomy":"category","embeddable":true,"href":"https:\/\/denizcankizil.tr\/ru\/wp-json\/wp\/v2\/categories?post=89673"},{"taxonomy":"post_tag","embeddable":true,"href":"https:\/\/denizcankizil.tr\/ru\/wp-json\/wp\/v2\/tags?post=89673"}],"curies":[{"name":"wp","href":"https:\/\/api.w.org\/{rel}","templated":true}]}}