{"id":89672,"date":"2025-05-17T18:41:15","date_gmt":"2025-05-17T15:41:15","guid":{"rendered":"https:\/\/denizcankizil.tr\/uncategorized-tr\/musiad-antalya-sube-baskani-akgulden-guvenlik-uyarisi\/"},"modified":"2025-05-17T18:41:15","modified_gmt":"2025-05-17T15:41:15","slug":"musiad-antalya-sube-baskani-akgulden-guvenlik-uyarisi","status":"publish","type":"post","link":"https:\/\/denizcankizil.tr\/ru\/haberler\/gundem\/musiad-antalya-sube-baskani-akgulden-guvenlik-uyarisi\/","title":{"rendered":"M\u00dcS\u0130AD Antalya \u015eube Ba\u015fkan\u0131 Akg\u00fcl\u2019den g\u00fcvenlik uyar\u0131s\u0131"},"content":{"rendered":"<p>Antalya&#8217;da y\u00fcr\u00fct\u00fclen yang\u0131n g\u00fcvenli\u011fi denetimleri, bir\u00e7ok yap\u0131n\u0131n g\u00fcvenlik standartlar\u0131n\u0131 kar\u015f\u0131lamad\u0131\u011f\u0131n\u0131 ortaya koyarken, en b\u00fcy\u00fck eksikliklerin ba\u015f\u0131nda yang\u0131na dayan\u0131kl\u0131 kap\u0131lar geliyor. M\u00fcstakil Sanayici ve \u0130\u015fadamlar\u0131 Derne\u011fi (M\u00dcS\u0130AD) Antalya Ba\u015fkan\u0131 Yusuf Akg\u00fcl,  &#8220;Yang\u0131na dayan\u0131kl\u0131 kap\u0131, hayat kurtar\u0131r. Bilgiyle \u00fcretilir, sorumlulukla uygulan\u0131r&#8221; dedi.  Akg\u00fcl, \u00f6zellikle konaklama sekt\u00f6r\u00fcndeki yap\u0131lar\u0131n her an yang\u0131n riskine kar\u015f\u0131 haz\u0131r olmas\u0131 gerekti\u011fini belirterek denetimlerde yang\u0131na dayan\u0131kl\u0131 gibi g\u00f6r\u00fcnen, ancak teknik yeterlili\u011fi bulunmayan bir\u00e7ok kap\u0131yla kar\u015f\u0131la\u015ft\u0131klar\u0131n\u0131 s\u00f6yledi.<\/p>\n<p> &#8220;G\u00d6R\u00dcN\u00dc\u015e ALDATICI OLAB\u0130L\u0130R&#8221;<\/p>\n<p>Akg\u00fcl, &#8220;Kal\u0131n ya da metal y\u00fczeyli olmas\u0131, o kap\u0131n\u0131n yang\u0131na dayan\u0131kl\u0131 oldu\u011funu g\u00f6stermez. As\u0131l \u00f6nemli olan, kap\u0131n\u0131n t\u00fcm bile\u015fenleriyle birlikte test edilmi\u015f ve belgelendirilmi\u015f olmas\u0131d\u0131r&#8221; dedi.<\/p>\n<p> SERT\u0130F\u0130KALI G\u0130B\u0130 G\u00d6R\u00dcNEN KAPILAR TEHL\u0130KE SA\u00c7IYOR<\/p>\n<p>Piyasada sertifikal\u0131 gibi duran ancak eksik montajl\u0131, uyumsuz aksesuarlarla uygulanm\u0131\u015f kap\u0131lar\u0131n ciddi risk olu\u015fturdu\u011funa dikkat \u00e7eken Akg\u00fcl, &#8220;Bu \u00fcr\u00fcnler yaln\u0131zca ka\u011f\u0131t \u00fczerinde g\u00fcven verir. Ger\u00e7ek bir yang\u0131n an\u0131nda ise hayat\u0131 tehdit eder&#8221; uyar\u0131s\u0131nda bulundu.<\/p>\n<p> &#8220;YANGIN BELGEY\u0130 DE\u011e\u0130L, UYGULAMAYI SINAR&#8221;<\/p>\n<p>Yang\u0131na dayan\u0131kl\u0131 kap\u0131n\u0131n sadece \u00fcretimi de\u011fil, montaj\u0131 ve performans takibinin de hayati \u00f6neme sahip oldu\u011funu belirten Akg\u00fcl, d\u00fc\u015f\u00fck maliyetli ve eksik uygulamalar\u0131n sadece teknik de\u011fil, hukuki ve vicdani sorumluluk do\u011furdu\u011funu s\u00f6yleyerek, &#8220;Yang\u0131n ba\u015flad\u0131\u011f\u0131nda a\u00e7\u0131lmayan bir kap\u0131, yaln\u0131zca e\u015fyay\u0131 de\u011fil, can\u0131 da tehdit eder&#8221; dedi.<\/p>\n<p> HER YAPIYA \u00d6ZEL \u00c7\u00d6Z\u00dcM VURGUSU<\/p>\n<p>Her binan\u0131n yap\u0131s\u0131 ve ihtiya\u00e7lar\u0131n\u0131n farkl\u0131 oldu\u011funu vurgulayan Akg\u00fcl, &#8220;Ger\u00e7ek g\u00fcvenlik, do\u011fru teknikle m\u00fcmk\u00fcnd\u00fcr. Baz\u0131 binalar \u00f6zel ebat ister, baz\u0131lar\u0131 tarihi dokuya uygun tasar\u0131m. Her projeye \u00f6zel \u00e7\u00f6z\u00fcm geli\u015ftirilmelidir&#8221; dedi.<\/p>\n<p>\u200bM\u00dcS\u0130AD Antalya Ba\u015fkan\u0131 Yusuf Akg\u00fcl, Antalya\u2019daki denetimler s\u0131ras\u0131nda tespit edilen eksiklikleri g\u00fcndeme getirerek, sertifikas\u0131z veya eksik montajl\u0131 yang\u0131n kap\u0131lar\u0131n\u0131n ciddi risk olu\u015fturdu\u011funu vurgulad\u0131. Akg\u00fcl, \u201cGer\u00e7ek g\u00fcvenlik, do\u011fru teknikle m\u00fcmk\u00fcnd\u00fcr\u201d diyerek g\u00fcvenlik standartlar\u0131n\u0131n \u00f6nemine dikkat \u00e7ekti.\u00a0<\/p>\n<p>\u200bHaberin Al\u0131nt\u0131land\u0131\u011f\u0131 Kaynak: www.antalyakorfez.com<\/p>","protected":false},"excerpt":{"rendered":"<p>Antalya&#8217;da y\u00fcr\u00fct\u00fclen yang\u0131n g\u00fcvenli\u011fi denetimleri, bir\u00e7ok yap\u0131n\u0131n g\u00fcvenlik standartlar\u0131n\u0131 kar\u015f\u0131lamad\u0131\u011f\u0131n\u0131 ortaya koyarken, en b\u00fcy\u00fck eksikliklerin ba\u015f\u0131nda yang\u0131na dayan\u0131kl\u0131 kap\u0131lar geliyor. M\u00fcstakil Sanayici ve \u0130\u015fadamlar\u0131 Derne\u011fi (M\u00dcS\u0130AD) Antalya Ba\u015fkan\u0131 Yusuf Akg\u00fcl, &#8220;Yang\u0131na dayan\u0131kl\u0131 kap\u0131, hayat kurtar\u0131r. Bilgiyle \u00fcretilir, sorumlulukla uygulan\u0131r&#8221; dedi. Akg\u00fcl, \u00f6zellikle konaklama sekt\u00f6r\u00fcndeki yap\u0131lar\u0131n her an yang\u0131n riskine kar\u015f\u0131 haz\u0131r olmas\u0131 gerekti\u011fini belirterek denetimlerde yang\u0131na dayan\u0131kl\u0131 gibi g\u00f6r\u00fcnen, ancak teknik yeterlili\u011fi bulunmayan bir\u00e7ok kap\u0131yla kar\u015f\u0131la\u015ft\u0131klar\u0131n\u0131 s\u00f6yledi. &#8220;G\u00d6R\u00dcN\u00dc\u015e ALDATICI OLAB\u0130L\u0130R&#8221; Akg\u00fcl, &#8220;Kal\u0131n ya da metal y\u00fczeyli olmas\u0131, o kap\u0131n\u0131n yang\u0131na dayan\u0131kl\u0131 oldu\u011funu g\u00f6stermez. As\u0131l \u00f6nemli olan, kap\u0131n\u0131n t\u00fcm bile\u015fenleriyle birlikte test edilmi\u015f ve belgelendirilmi\u015f olmas\u0131d\u0131r&#8221; dedi. SERT\u0130F\u0130KALI G\u0130B\u0130 G\u00d6R\u00dcNEN KAPILAR TEHL\u0130KE SA\u00c7IYOR Piyasada sertifikal\u0131 gibi duran ancak eksik montajl\u0131, uyumsuz aksesuarlarla uygulanm\u0131\u015f kap\u0131lar\u0131n ciddi risk olu\u015fturdu\u011funa dikkat \u00e7eken Akg\u00fcl, &#8220;Bu \u00fcr\u00fcnler yaln\u0131zca ka\u011f\u0131t \u00fczerinde g\u00fcven verir. Ger\u00e7ek bir yang\u0131n an\u0131nda ise hayat\u0131 tehdit eder&#8221; uyar\u0131s\u0131nda bulundu. &#8220;YANGIN BELGEY\u0130 DE\u011e\u0130L, UYGULAMAYI SINAR&#8221; Yang\u0131na dayan\u0131kl\u0131 kap\u0131n\u0131n sadece \u00fcretimi de\u011fil, montaj\u0131 ve performans takibinin de hayati \u00f6neme sahip oldu\u011funu belirten Akg\u00fcl, d\u00fc\u015f\u00fck maliyetli ve eksik uygulamalar\u0131n sadece teknik de\u011fil, hukuki ve vicdani sorumluluk do\u011furdu\u011funu s\u00f6yleyerek, &#8220;Yang\u0131n ba\u015flad\u0131\u011f\u0131nda a\u00e7\u0131lmayan bir kap\u0131, yaln\u0131zca e\u015fyay\u0131 de\u011fil, can\u0131 da tehdit eder&#8221; dedi. HER YAPIYA \u00d6ZEL \u00c7\u00d6Z\u00dcM VURGUSU Her binan\u0131n yap\u0131s\u0131 ve ihtiya\u00e7lar\u0131n\u0131n farkl\u0131 oldu\u011funu vurgulayan Akg\u00fcl, &#8220;Ger\u00e7ek &hellip;<\/p>","protected":false},"author":5,"featured_media":0,"comment_status":"","ping_status":"open","sticky":false,"template":"","format":"standard","meta":{"_acf_changed":false,"footnotes":""},"categories":[24],"tags":[],"class_list":["post-89672","post","type-post","status-publish","format-standard","has-post-thumbnail","hentry","category-gundem"],"acf":[],"yoast_head":"<!-- This site is optimized with the Yoast SEO Premium plugin v26.6 (Yoast SEO v27.1.1) - https:\/\/yoast.com\/product\/yoast-seo-premium-wordpress\/ -->\n<title>M\u00dcS\u0130AD Antalya \u015eube Ba\u015fkan\u0131 Akg\u00fcl\u2019den g\u00fcvenlik uyar\u0131s\u0131 - Av. Deniz Can K\u0131z\u0131l<\/title>\n<meta name=\"robots\" content=\"index, follow, max-snippet:-1, max-image-preview:large, max-video-preview:-1\" \/>\n<link rel=\"canonical\" href=\"https:\/\/denizcankizil.tr\/ru\/haberler\/gundem\/musiad-antalya-sube-baskani-akgulden-guvenlik-uyarisi\/\" \/>\n<meta property=\"og:locale\" content=\"ru_RU\" \/>\n<meta property=\"og:type\" content=\"article\" \/>\n<meta property=\"og:title\" content=\"M\u00dcS\u0130AD Antalya \u015eube Ba\u015fkan\u0131 Akg\u00fcl\u2019den g\u00fcvenlik uyar\u0131s\u0131\" \/>\n<meta property=\"og:description\" content=\"Antalya&#8217;da y\u00fcr\u00fct\u00fclen yang\u0131n g\u00fcvenli\u011fi denetimleri, bir\u00e7ok yap\u0131n\u0131n g\u00fcvenlik standartlar\u0131n\u0131 kar\u015f\u0131lamad\u0131\u011f\u0131n\u0131 ortaya koyarken, en b\u00fcy\u00fck eksikliklerin ba\u015f\u0131nda yang\u0131na dayan\u0131kl\u0131 kap\u0131lar geliyor. M\u00fcstakil Sanayici ve \u0130\u015fadamlar\u0131 Derne\u011fi (M\u00dcS\u0130AD) Antalya Ba\u015fkan\u0131 Yusuf Akg\u00fcl, &#8220;Yang\u0131na dayan\u0131kl\u0131 kap\u0131, hayat kurtar\u0131r. Bilgiyle \u00fcretilir, sorumlulukla uygulan\u0131r&#8221; dedi. Akg\u00fcl, \u00f6zellikle konaklama sekt\u00f6r\u00fcndeki yap\u0131lar\u0131n her an yang\u0131n riskine kar\u015f\u0131 haz\u0131r olmas\u0131 gerekti\u011fini belirterek denetimlerde yang\u0131na dayan\u0131kl\u0131 gibi g\u00f6r\u00fcnen, ancak teknik yeterlili\u011fi bulunmayan bir\u00e7ok kap\u0131yla kar\u015f\u0131la\u015ft\u0131klar\u0131n\u0131 s\u00f6yledi. &#8220;G\u00d6R\u00dcN\u00dc\u015e ALDATICI OLAB\u0130L\u0130R&#8221; Akg\u00fcl, &#8220;Kal\u0131n ya da metal y\u00fczeyli olmas\u0131, o kap\u0131n\u0131n yang\u0131na dayan\u0131kl\u0131 oldu\u011funu g\u00f6stermez. As\u0131l \u00f6nemli olan, kap\u0131n\u0131n t\u00fcm bile\u015fenleriyle birlikte test edilmi\u015f ve belgelendirilmi\u015f olmas\u0131d\u0131r&#8221; dedi. SERT\u0130F\u0130KALI G\u0130B\u0130 G\u00d6R\u00dcNEN KAPILAR TEHL\u0130KE SA\u00c7IYOR Piyasada sertifikal\u0131 gibi duran ancak eksik montajl\u0131, uyumsuz aksesuarlarla uygulanm\u0131\u015f kap\u0131lar\u0131n ciddi risk olu\u015fturdu\u011funa dikkat \u00e7eken Akg\u00fcl, &#8220;Bu \u00fcr\u00fcnler yaln\u0131zca ka\u011f\u0131t \u00fczerinde g\u00fcven verir. Ger\u00e7ek bir yang\u0131n an\u0131nda ise hayat\u0131 tehdit eder&#8221; uyar\u0131s\u0131nda bulundu. &#8220;YANGIN BELGEY\u0130 DE\u011e\u0130L, UYGULAMAYI SINAR&#8221; Yang\u0131na dayan\u0131kl\u0131 kap\u0131n\u0131n sadece \u00fcretimi de\u011fil, montaj\u0131 ve performans takibinin de hayati \u00f6neme sahip oldu\u011funu belirten Akg\u00fcl, d\u00fc\u015f\u00fck maliyetli ve eksik uygulamalar\u0131n sadece teknik de\u011fil, hukuki ve vicdani sorumluluk do\u011furdu\u011funu s\u00f6yleyerek, &#8220;Yang\u0131n ba\u015flad\u0131\u011f\u0131nda a\u00e7\u0131lmayan bir kap\u0131, yaln\u0131zca e\u015fyay\u0131 de\u011fil, can\u0131 da tehdit eder&#8221; dedi. HER YAPIYA \u00d6ZEL \u00c7\u00d6Z\u00dcM VURGUSU Her binan\u0131n yap\u0131s\u0131 ve ihtiya\u00e7lar\u0131n\u0131n farkl\u0131 oldu\u011funu vurgulayan Akg\u00fcl, &#8220;Ger\u00e7ek &hellip;\" \/>\n<meta property=\"og:url\" content=\"https:\/\/denizcankizil.tr\/ru\/haberler\/gundem\/musiad-antalya-sube-baskani-akgulden-guvenlik-uyarisi\/\" \/>\n<meta property=\"og:site_name\" content=\"Av. Deniz Can K\u0131z\u0131l\" \/>\n<meta property=\"article:published_time\" content=\"2025-05-17T15:41:15+00:00\" \/>\n<meta name=\"author\" content=\"Antalya K\u00f6rfez\" \/>\n<meta name=\"twitter:card\" content=\"summary_large_image\" \/>\n<meta name=\"twitter:label1\" content=\"\u041d\u0430\u043f\u0438\u0441\u0430\u043d\u043e \u0430\u0432\u0442\u043e\u0440\u043e\u043c\" \/>\n\t<meta name=\"twitter:data1\" content=\"Antalya K\u00f6rfez\" \/>\n\t<meta name=\"twitter:label2\" content=\"\u041f\u0440\u0438\u043c\u0435\u0440\u043d\u043e\u0435 \u0432\u0440\u0435\u043c\u044f \u0434\u043b\u044f \u0447\u0442\u0435\u043d\u0438\u044f\" \/>\n\t<meta name=\"twitter:data2\" content=\"2 \u043c\u0438\u043d\u0443\u0442\u044b\" \/>\n<script type=\"application\/ld+json\" class=\"yoast-schema-graph\">{\"@context\":\"https:\/\/schema.org\",\"@graph\":[{\"@type\":\"Article\",\"@id\":\"https:\/\/denizcankizil.tr\/ru\/haberler\/gundem\/musiad-antalya-sube-baskani-akgulden-guvenlik-uyarisi\/#article\",\"isPartOf\":{\"@id\":\"https:\/\/denizcankizil.tr\/ru\/haberler\/gundem\/musiad-antalya-sube-baskani-akgulden-guvenlik-uyarisi\/\"},\"author\":{\"name\":\"Antalya K\u00f6rfez\",\"@id\":\"https:\/\/denizcankizil.tr\/de\/#\/schema\/person\/e1eb71bb4dd684d46563f0af307e1234\"},\"headline\":\"M\u00dcS\u0130AD Antalya \u015eube Ba\u015fkan\u0131 Akg\u00fcl\u2019den g\u00fcvenlik uyar\u0131s\u0131\",\"datePublished\":\"2025-05-17T15:41:15+00:00\",\"mainEntityOfPage\":{\"@id\":\"https:\/\/denizcankizil.tr\/ru\/haberler\/gundem\/musiad-antalya-sube-baskani-akgulden-guvenlik-uyarisi\/\"},\"wordCount\":432,\"publisher\":{\"@id\":\"https:\/\/denizcankizil.tr\/de\/#organization\"},\"articleSection\":[\"G\u00fcndem\"],\"inLanguage\":\"ru-RU\"},{\"@type\":\"WebPage\",\"@id\":\"https:\/\/denizcankizil.tr\/ru\/haberler\/gundem\/musiad-antalya-sube-baskani-akgulden-guvenlik-uyarisi\/\",\"url\":\"https:\/\/denizcankizil.tr\/ru\/haberler\/gundem\/musiad-antalya-sube-baskani-akgulden-guvenlik-uyarisi\/\",\"name\":\"M\u00dcS\u0130AD Antalya \u015eube Ba\u015fkan\u0131 Akg\u00fcl\u2019den g\u00fcvenlik uyar\u0131s\u0131 - Av. Deniz Can K\u0131z\u0131l\",\"isPartOf\":{\"@id\":\"https:\/\/denizcankizil.tr\/de\/#website\"},\"datePublished\":\"2025-05-17T15:41:15+00:00\",\"breadcrumb\":{\"@id\":\"https:\/\/denizcankizil.tr\/ru\/haberler\/gundem\/musiad-antalya-sube-baskani-akgulden-guvenlik-uyarisi\/#breadcrumb\"},\"inLanguage\":\"ru-RU\",\"potentialAction\":[{\"@type\":\"ReadAction\",\"target\":[\"https:\/\/denizcankizil.tr\/ru\/haberler\/gundem\/musiad-antalya-sube-baskani-akgulden-guvenlik-uyarisi\/\"]}]},{\"@type\":\"BreadcrumbList\",\"@id\":\"https:\/\/denizcankizil.tr\/ru\/haberler\/gundem\/musiad-antalya-sube-baskani-akgulden-guvenlik-uyarisi\/#breadcrumb\",\"itemListElement\":[{\"@type\":\"ListItem\",\"position\":1,\"name\":\"Home\",\"item\":\"https:\/\/denizcankizil.tr\/de\/\"},{\"@type\":\"ListItem\",\"position\":2,\"name\":\"M\u00dcS\u0130AD Antalya \u015eube Ba\u015fkan\u0131 Akg\u00fcl\u2019den g\u00fcvenlik uyar\u0131s\u0131\"}]},{\"@type\":\"WebSite\",\"@id\":\"https:\/\/denizcankizil.tr\/de\/#website\",\"url\":\"https:\/\/denizcankizil.tr\/de\/\",\"name\":\"Av. Deniz Can K\u0131z\u0131l\",\"description\":\"Avukat Deniz Can K\u0131z\u0131l Antalya Barosu\",\"publisher\":{\"@id\":\"https:\/\/denizcankizil.tr\/de\/#organization\"},\"potentialAction\":[{\"@type\":\"SearchAction\",\"target\":{\"@type\":\"EntryPoint\",\"urlTemplate\":\"https:\/\/denizcankizil.tr\/de\/?s={search_term_string}\"},\"query-input\":{\"@type\":\"PropertyValueSpecification\",\"valueRequired\":true,\"valueName\":\"search_term_string\"}}],\"inLanguage\":\"ru-RU\"},{\"@type\":\"Organization\",\"@id\":\"https:\/\/denizcankizil.tr\/de\/#organization\",\"name\":\"Av. Deniz Can K\u0131z\u0131l\",\"url\":\"https:\/\/denizcankizil.tr\/de\/\",\"logo\":{\"@type\":\"ImageObject\",\"inLanguage\":\"ru-RU\",\"@id\":\"https:\/\/denizcankizil.tr\/de\/#\/schema\/logo\/image\/\",\"url\":\"https:\/\/denizcankizil.tr\/wp-content\/uploads\/2024\/10\/siyah-logo-svg.svg\",\"contentUrl\":\"https:\/\/denizcankizil.tr\/wp-content\/uploads\/2024\/10\/siyah-logo-svg.svg\",\"width\":1080,\"height\":1080,\"caption\":\"Av. Deniz Can K\u0131z\u0131l\"},\"image\":{\"@id\":\"https:\/\/denizcankizil.tr\/de\/#\/schema\/logo\/image\/\"}},{\"@type\":\"Person\",\"@id\":\"https:\/\/denizcankizil.tr\/de\/#\/schema\/person\/e1eb71bb4dd684d46563f0af307e1234\",\"name\":\"Antalya K\u00f6rfez\",\"image\":{\"@type\":\"ImageObject\",\"inLanguage\":\"ru-RU\",\"@id\":\"https:\/\/denizcankizil.tr\/de\/#\/schema\/person\/image\/\",\"url\":\"https:\/\/secure.gravatar.com\/avatar\/42b01982558a48a0b501fdcab6a408d3717ea5919095ee2e67b0e521799c5905?s=96&d=mm&r=g\",\"contentUrl\":\"https:\/\/secure.gravatar.com\/avatar\/42b01982558a48a0b501fdcab6a408d3717ea5919095ee2e67b0e521799c5905?s=96&d=mm&r=g\",\"caption\":\"Antalya K\u00f6rfez\"},\"sameAs\":[\"http:\/\/www.antalyakorfez.com\"],\"url\":\"https:\/\/www.antalyakorfez.com\/musiad-antalya-sube-baskani-akgulden-guvenlik-uyarisi\"}]}<\/script>\n<!-- \/ Yoast SEO Premium plugin. -->","yoast_head_json":{"title":"M\u00dcS\u0130AD Antalya \u015eube Ba\u015fkan\u0131 Akg\u00fcl\u2019den g\u00fcvenlik uyar\u0131s\u0131 - Av. Deniz Can K\u0131z\u0131l","robots":{"index":"index","follow":"follow","max-snippet":"max-snippet:-1","max-image-preview":"max-image-preview:large","max-video-preview":"max-video-preview:-1"},"canonical":"https:\/\/denizcankizil.tr\/ru\/haberler\/gundem\/musiad-antalya-sube-baskani-akgulden-guvenlik-uyarisi\/","og_locale":"ru_RU","og_type":"article","og_title":"M\u00dcS\u0130AD Antalya \u015eube Ba\u015fkan\u0131 Akg\u00fcl\u2019den g\u00fcvenlik uyar\u0131s\u0131","og_description":"Antalya&#8217;da y\u00fcr\u00fct\u00fclen yang\u0131n g\u00fcvenli\u011fi denetimleri, bir\u00e7ok yap\u0131n\u0131n g\u00fcvenlik standartlar\u0131n\u0131 kar\u015f\u0131lamad\u0131\u011f\u0131n\u0131 ortaya koyarken, en b\u00fcy\u00fck eksikliklerin ba\u015f\u0131nda yang\u0131na dayan\u0131kl\u0131 kap\u0131lar geliyor. M\u00fcstakil Sanayici ve \u0130\u015fadamlar\u0131 Derne\u011fi (M\u00dcS\u0130AD) Antalya Ba\u015fkan\u0131 Yusuf Akg\u00fcl, &#8220;Yang\u0131na dayan\u0131kl\u0131 kap\u0131, hayat kurtar\u0131r. Bilgiyle \u00fcretilir, sorumlulukla uygulan\u0131r&#8221; dedi. Akg\u00fcl, \u00f6zellikle konaklama sekt\u00f6r\u00fcndeki yap\u0131lar\u0131n her an yang\u0131n riskine kar\u015f\u0131 haz\u0131r olmas\u0131 gerekti\u011fini belirterek denetimlerde yang\u0131na dayan\u0131kl\u0131 gibi g\u00f6r\u00fcnen, ancak teknik yeterlili\u011fi bulunmayan bir\u00e7ok kap\u0131yla kar\u015f\u0131la\u015ft\u0131klar\u0131n\u0131 s\u00f6yledi. &#8220;G\u00d6R\u00dcN\u00dc\u015e ALDATICI OLAB\u0130L\u0130R&#8221; Akg\u00fcl, &#8220;Kal\u0131n ya da metal y\u00fczeyli olmas\u0131, o kap\u0131n\u0131n yang\u0131na dayan\u0131kl\u0131 oldu\u011funu g\u00f6stermez. As\u0131l \u00f6nemli olan, kap\u0131n\u0131n t\u00fcm bile\u015fenleriyle birlikte test edilmi\u015f ve belgelendirilmi\u015f olmas\u0131d\u0131r&#8221; dedi. SERT\u0130F\u0130KALI G\u0130B\u0130 G\u00d6R\u00dcNEN KAPILAR TEHL\u0130KE SA\u00c7IYOR Piyasada sertifikal\u0131 gibi duran ancak eksik montajl\u0131, uyumsuz aksesuarlarla uygulanm\u0131\u015f kap\u0131lar\u0131n ciddi risk olu\u015fturdu\u011funa dikkat \u00e7eken Akg\u00fcl, &#8220;Bu \u00fcr\u00fcnler yaln\u0131zca ka\u011f\u0131t \u00fczerinde g\u00fcven verir. Ger\u00e7ek bir yang\u0131n an\u0131nda ise hayat\u0131 tehdit eder&#8221; uyar\u0131s\u0131nda bulundu. &#8220;YANGIN BELGEY\u0130 DE\u011e\u0130L, UYGULAMAYI SINAR&#8221; Yang\u0131na dayan\u0131kl\u0131 kap\u0131n\u0131n sadece \u00fcretimi de\u011fil, montaj\u0131 ve performans takibinin de hayati \u00f6neme sahip oldu\u011funu belirten Akg\u00fcl, d\u00fc\u015f\u00fck maliyetli ve eksik uygulamalar\u0131n sadece teknik de\u011fil, hukuki ve vicdani sorumluluk do\u011furdu\u011funu s\u00f6yleyerek, &#8220;Yang\u0131n ba\u015flad\u0131\u011f\u0131nda a\u00e7\u0131lmayan bir kap\u0131, yaln\u0131zca e\u015fyay\u0131 de\u011fil, can\u0131 da tehdit eder&#8221; dedi. HER YAPIYA \u00d6ZEL \u00c7\u00d6Z\u00dcM VURGUSU Her binan\u0131n yap\u0131s\u0131 ve ihtiya\u00e7lar\u0131n\u0131n farkl\u0131 oldu\u011funu vurgulayan Akg\u00fcl, &#8220;Ger\u00e7ek &hellip;","og_url":"https:\/\/denizcankizil.tr\/ru\/haberler\/gundem\/musiad-antalya-sube-baskani-akgulden-guvenlik-uyarisi\/","og_site_name":"Av. Deniz Can K\u0131z\u0131l","article_published_time":"2025-05-17T15:41:15+00:00","author":"Antalya K\u00f6rfez","twitter_card":"summary_large_image","twitter_misc":{"\u041d\u0430\u043f\u0438\u0441\u0430\u043d\u043e \u0430\u0432\u0442\u043e\u0440\u043e\u043c":"Antalya K\u00f6rfez","\u041f\u0440\u0438\u043c\u0435\u0440\u043d\u043e\u0435 \u0432\u0440\u0435\u043c\u044f \u0434\u043b\u044f \u0447\u0442\u0435\u043d\u0438\u044f":"2 \u043c\u0438\u043d\u0443\u0442\u044b"},"schema":{"@context":"https:\/\/schema.org","@graph":[{"@type":"Article","@id":"https:\/\/denizcankizil.tr\/ru\/haberler\/gundem\/musiad-antalya-sube-baskani-akgulden-guvenlik-uyarisi\/#article","isPartOf":{"@id":"https:\/\/denizcankizil.tr\/ru\/haberler\/gundem\/musiad-antalya-sube-baskani-akgulden-guvenlik-uyarisi\/"},"author":{"name":"Antalya K\u00f6rfez","@id":"https:\/\/denizcankizil.tr\/de\/#\/schema\/person\/e1eb71bb4dd684d46563f0af307e1234"},"headline":"M\u00dcS\u0130AD Antalya \u015eube Ba\u015fkan\u0131 Akg\u00fcl\u2019den g\u00fcvenlik uyar\u0131s\u0131","datePublished":"2025-05-17T15:41:15+00:00","mainEntityOfPage":{"@id":"https:\/\/denizcankizil.tr\/ru\/haberler\/gundem\/musiad-antalya-sube-baskani-akgulden-guvenlik-uyarisi\/"},"wordCount":432,"publisher":{"@id":"https:\/\/denizcankizil.tr\/de\/#organization"},"articleSection":["G\u00fcndem"],"inLanguage":"ru-RU"},{"@type":"WebPage","@id":"https:\/\/denizcankizil.tr\/ru\/haberler\/gundem\/musiad-antalya-sube-baskani-akgulden-guvenlik-uyarisi\/","url":"https:\/\/denizcankizil.tr\/ru\/haberler\/gundem\/musiad-antalya-sube-baskani-akgulden-guvenlik-uyarisi\/","name":"M\u00dcS\u0130AD Antalya \u015eube Ba\u015fkan\u0131 Akg\u00fcl\u2019den g\u00fcvenlik uyar\u0131s\u0131 - Av. Deniz Can K\u0131z\u0131l","isPartOf":{"@id":"https:\/\/denizcankizil.tr\/de\/#website"},"datePublished":"2025-05-17T15:41:15+00:00","breadcrumb":{"@id":"https:\/\/denizcankizil.tr\/ru\/haberler\/gundem\/musiad-antalya-sube-baskani-akgulden-guvenlik-uyarisi\/#breadcrumb"},"inLanguage":"ru-RU","potentialAction":[{"@type":"ReadAction","target":["https:\/\/denizcankizil.tr\/ru\/haberler\/gundem\/musiad-antalya-sube-baskani-akgulden-guvenlik-uyarisi\/"]}]},{"@type":"BreadcrumbList","@id":"https:\/\/denizcankizil.tr\/ru\/haberler\/gundem\/musiad-antalya-sube-baskani-akgulden-guvenlik-uyarisi\/#breadcrumb","itemListElement":[{"@type":"ListItem","position":1,"name":"Home","item":"https:\/\/denizcankizil.tr\/de\/"},{"@type":"ListItem","position":2,"name":"M\u00dcS\u0130AD Antalya \u015eube Ba\u015fkan\u0131 Akg\u00fcl\u2019den g\u00fcvenlik uyar\u0131s\u0131"}]},{"@type":"WebSite","@id":"https:\/\/denizcankizil.tr\/de\/#website","url":"https:\/\/denizcankizil.tr\/de\/","name":"Av. Deniz Can K\u0131z\u0131l","description":"Avukat Deniz Can K\u0131z\u0131l Antalya Barosu","publisher":{"@id":"https:\/\/denizcankizil.tr\/de\/#organization"},"potentialAction":[{"@type":"SearchAction","target":{"@type":"EntryPoint","urlTemplate":"https:\/\/denizcankizil.tr\/de\/?s={search_term_string}"},"query-input":{"@type":"PropertyValueSpecification","valueRequired":true,"valueName":"search_term_string"}}],"inLanguage":"ru-RU"},{"@type":"Organization","@id":"https:\/\/denizcankizil.tr\/de\/#organization","name":"Av. Deniz Can K\u0131z\u0131l","url":"https:\/\/denizcankizil.tr\/de\/","logo":{"@type":"ImageObject","inLanguage":"ru-RU","@id":"https:\/\/denizcankizil.tr\/de\/#\/schema\/logo\/image\/","url":"https:\/\/denizcankizil.tr\/wp-content\/uploads\/2024\/10\/siyah-logo-svg.svg","contentUrl":"https:\/\/denizcankizil.tr\/wp-content\/uploads\/2024\/10\/siyah-logo-svg.svg","width":1080,"height":1080,"caption":"Av. Deniz Can K\u0131z\u0131l"},"image":{"@id":"https:\/\/denizcankizil.tr\/de\/#\/schema\/logo\/image\/"}},{"@type":"Person","@id":"https:\/\/denizcankizil.tr\/de\/#\/schema\/person\/e1eb71bb4dd684d46563f0af307e1234","name":"Antalya K\u00f6rfez","image":{"@type":"ImageObject","inLanguage":"ru-RU","@id":"https:\/\/denizcankizil.tr\/de\/#\/schema\/person\/image\/","url":"https:\/\/secure.gravatar.com\/avatar\/42b01982558a48a0b501fdcab6a408d3717ea5919095ee2e67b0e521799c5905?s=96&d=mm&r=g","contentUrl":"https:\/\/secure.gravatar.com\/avatar\/42b01982558a48a0b501fdcab6a408d3717ea5919095ee2e67b0e521799c5905?s=96&d=mm&r=g","caption":"Antalya K\u00f6rfez"},"sameAs":["http:\/\/www.antalyakorfez.com"],"url":"https:\/\/www.antalyakorfez.com\/musiad-antalya-sube-baskani-akgulden-guvenlik-uyarisi"}]}},"_links":{"self":[{"href":"https:\/\/denizcankizil.tr\/ru\/wp-json\/wp\/v2\/posts\/89672","targetHints":{"allow":["GET"]}}],"collection":[{"href":"https:\/\/denizcankizil.tr\/ru\/wp-json\/wp\/v2\/posts"}],"about":[{"href":"https:\/\/denizcankizil.tr\/ru\/wp-json\/wp\/v2\/types\/post"}],"author":[{"embeddable":true,"href":"https:\/\/denizcankizil.tr\/ru\/wp-json\/wp\/v2\/users\/5"}],"replies":[{"embeddable":true,"href":"https:\/\/denizcankizil.tr\/ru\/wp-json\/wp\/v2\/comments?post=89672"}],"version-history":[{"count":0,"href":"https:\/\/denizcankizil.tr\/ru\/wp-json\/wp\/v2\/posts\/89672\/revisions"}],"wp:attachment":[{"href":"https:\/\/denizcankizil.tr\/ru\/wp-json\/wp\/v2\/media?parent=89672"}],"wp:term":[{"taxonomy":"category","embeddable":true,"href":"https:\/\/denizcankizil.tr\/ru\/wp-json\/wp\/v2\/categories?post=89672"},{"taxonomy":"post_tag","embeddable":true,"href":"https:\/\/denizcankizil.tr\/ru\/wp-json\/wp\/v2\/tags?post=89672"}],"curies":[{"name":"wp","href":"https:\/\/api.w.org\/{rel}","templated":true}]}}