{"id":89365,"date":"2025-05-17T11:41:46","date_gmt":"2025-05-17T08:41:46","guid":{"rendered":"https:\/\/denizcankizil.tr\/uncategorized-tr\/antalyada-bir-hayal-gercek-oldu-milli-halterci-ilk-kez-motosiklete-bindi\/"},"modified":"2025-05-17T11:41:46","modified_gmt":"2025-05-17T08:41:46","slug":"antalyada-bir-hayal-gercek-oldu-milli-halterci-ilk-kez-motosiklete-bindi","status":"publish","type":"post","link":"https:\/\/denizcankizil.tr\/ru\/haberler\/gundem\/antalyada-bir-hayal-gercek-oldu-milli-halterci-ilk-kez-motosiklete-bindi\/","title":{"rendered":"Antalya\u2019da bir hayal ger\u00e7ek oldu: Milli halterci ilk kez motosiklete bindi"},"content":{"rendered":"<p>Antalya&#8217;da trafik kazas\u0131 sonucu 3 ya\u015f\u0131nda bedensel engelli kalan \u0130smail Zeki Korkmaz, y\u0131llar s\u00fcren fizik tedavi s\u00fcrecinin ard\u0131ndan halter sporuyla tan\u0131\u015ft\u0131. Fizyoterapistinin y\u00f6nlendirmesiyle spora odaklanan Korkmaz, 2018 y\u0131l\u0131nda ba\u015flad\u0131\u011f\u0131 halterde k\u0131sa s\u00fcrede b\u00fcy\u00fck ba\u015far\u0131lar elde etti. Haltere ba\u015flad\u0131ktan 3 ay sonra T\u00fcrkiye \u015eampiyonas\u0131&#8217;na kat\u0131lan Korkmaz, 1 y\u0131l sonra &#8216;T\u00fcrkiye \u015eampiyonu&#8217; oldu. \u015eu ana kadar 4 T\u00fcrkiye \u015fampiyonlu\u011fu bulunan milli sporcu, &#8220;Benim ba\u015far\u0131m benim ad\u0131mla an\u0131ls\u0131n istedim&#8221; diyerek, bireysel sporlarda ba\u015far\u0131ya ula\u015fman\u0131n verdi\u011fi motivasyonla ya\u015fam\u0131na y\u00f6n verdi.<\/p>\n<p>HAYAL\u0130M YARI\u015e MOTORUNA B\u0130NMEKT\u0130<\/p>\n<p>Engelli bireylerin \u00f6zel donan\u0131ml\u0131 ara\u00e7lar kullanabildi\u011fini, ancak motosikletin bu kapsamda olmad\u0131\u011f\u0131n\u0131 belirten Korkmaz, &#8220;Benim hayalim yar\u0131\u015f motoruna binmekti. Yusuf Kemer arkada\u015f\u0131m bu hayalimi, b\u00fct\u00fcn \u00f6nlemleri, gerekli izinleri alarak g\u00fczel bir \u015fekilde ger\u00e7ekle\u015ftirdi&#8221; dedi.<\/p>\n<p>KALB\u0130M K\u00dcT K\u00dcT ATIYOR<\/p>\n<p>Daha \u00f6nce motosiklete binme \u015fans\u0131 olmad\u0131\u011f\u0131n\u0131 aktaran Korkmaz, &#8220;Ben bisiklet gibi bir \u015fey bekliyordum. Ama yar\u0131\u015f motoruna bindi\u011fin zaman \u00f6yle heyecan veriyor ki. \u0130nsan\u0131n kalbi k\u00fct k\u00fct at\u0131yor, heyecan dorukta, r\u00fczgar yan\u0131ndan ge\u00e7ip gidiyor. \u00c7ok de\u011fi\u015fik bir his&#8221; diye konu\u015ftu. H\u0131z, adrenalin, heyecan verici aktiviteler yapmay\u0131 \u00e7ok istedi\u011fini belirten Korkmaz, bu hayalinin ger\u00e7ekle\u015fmesinden dolay\u0131 mutluluk duydu\u011funu aktard\u0131.<\/p>\n<p>&#8216;SIRTIMDA KALB\u0130N\u0130N ATI\u015eINI H\u0130SSETT\u0130M&#8217;<\/p>\n<p>Dijital i\u00e7erik \u00fcreticisi Yusuf Kemer, projenin \u00e7\u0131k\u0131\u015f noktas\u0131n\u0131n engelli bireylerin yeterince f\u0131rsat sunulmayan hayalleri oldu\u011funu, bu konuda fark\u0131ndal\u0131k yaratmak istemesi oldu\u011funu belirterek, &#8220;Hi\u00e7bir platformda Engelliler Haftas\u0131 ile ilgili bir payla\u015f\u0131ma rastlamad\u0131m. Bu konuda fark\u0131ndal\u0131k yaratmak ad\u0131na bu videoyu \u00e7ekmek istedim&#8221; dedi.<\/p>\n<p>\u200bAntalya\u2019da bedensel engelli milli halterci \u0130smail Zeki Korkmaz\u2019\u0131n motosiklete binme hayali, dijital i\u00e7erik \u00fcreticisi Yusuf Kemer taraf\u0131ndan ger\u00e7e\u011fe d\u00f6n\u00fc\u015ft\u00fcr\u00fcld\u00fc. Kemer\u2019in kulland\u0131\u011f\u0131 motosikletin arkas\u0131na oturan Korkmaz, hayat\u0131nda ilk kez bu deneyimi ya\u015fad\u0131.\u00a0<\/p>\n<p>\u200bHaberin Al\u0131nt\u0131land\u0131\u011f\u0131 Kaynak: www.antalyakorfez.com<\/p>","protected":false},"excerpt":{"rendered":"<p>Antalya&#8217;da trafik kazas\u0131 sonucu 3 ya\u015f\u0131nda bedensel engelli kalan \u0130smail Zeki Korkmaz, y\u0131llar s\u00fcren fizik tedavi s\u00fcrecinin ard\u0131ndan halter sporuyla tan\u0131\u015ft\u0131. Fizyoterapistinin y\u00f6nlendirmesiyle spora odaklanan Korkmaz, 2018 y\u0131l\u0131nda ba\u015flad\u0131\u011f\u0131 halterde k\u0131sa s\u00fcrede b\u00fcy\u00fck ba\u015far\u0131lar elde etti. Haltere ba\u015flad\u0131ktan 3 ay sonra T\u00fcrkiye \u015eampiyonas\u0131&#8217;na kat\u0131lan Korkmaz, 1 y\u0131l sonra &#8216;T\u00fcrkiye \u015eampiyonu&#8217; oldu. \u015eu ana kadar 4 T\u00fcrkiye \u015fampiyonlu\u011fu bulunan milli sporcu, &#8220;Benim ba\u015far\u0131m benim ad\u0131mla an\u0131ls\u0131n istedim&#8221; diyerek, bireysel sporlarda ba\u015far\u0131ya ula\u015fman\u0131n verdi\u011fi motivasyonla ya\u015fam\u0131na y\u00f6n verdi. HAYAL\u0130M YARI\u015e MOTORUNA B\u0130NMEKT\u0130 Engelli bireylerin \u00f6zel donan\u0131ml\u0131 ara\u00e7lar kullanabildi\u011fini, ancak motosikletin bu kapsamda olmad\u0131\u011f\u0131n\u0131 belirten Korkmaz, &#8220;Benim hayalim yar\u0131\u015f motoruna binmekti. Yusuf Kemer arkada\u015f\u0131m bu hayalimi, b\u00fct\u00fcn \u00f6nlemleri, gerekli izinleri alarak g\u00fczel bir \u015fekilde ger\u00e7ekle\u015ftirdi&#8221; dedi. KALB\u0130M K\u00dcT K\u00dcT ATIYOR Daha \u00f6nce motosiklete binme \u015fans\u0131 olmad\u0131\u011f\u0131n\u0131 aktaran Korkmaz, &#8220;Ben bisiklet gibi bir \u015fey bekliyordum. Ama yar\u0131\u015f motoruna bindi\u011fin zaman \u00f6yle heyecan veriyor ki. \u0130nsan\u0131n kalbi k\u00fct k\u00fct at\u0131yor, heyecan dorukta, r\u00fczgar yan\u0131ndan ge\u00e7ip gidiyor. \u00c7ok de\u011fi\u015fik bir his&#8221; diye konu\u015ftu. H\u0131z, adrenalin, heyecan verici aktiviteler yapmay\u0131 \u00e7ok istedi\u011fini belirten Korkmaz, bu hayalinin ger\u00e7ekle\u015fmesinden dolay\u0131 mutluluk duydu\u011funu aktard\u0131. &#8216;SIRTIMDA KALB\u0130N\u0130N ATI\u015eINI H\u0130SSETT\u0130M&#8217; Dijital i\u00e7erik \u00fcreticisi Yusuf Kemer, projenin \u00e7\u0131k\u0131\u015f noktas\u0131n\u0131n engelli bireylerin yeterince f\u0131rsat sunulmayan hayalleri oldu\u011funu, bu konuda fark\u0131ndal\u0131k yaratmak istemesi oldu\u011funu belirterek, &hellip;<\/p>","protected":false},"author":5,"featured_media":0,"comment_status":"","ping_status":"open","sticky":false,"template":"","format":"standard","meta":{"_acf_changed":false,"footnotes":""},"categories":[24],"tags":[],"class_list":["post-89365","post","type-post","status-publish","format-standard","has-post-thumbnail","hentry","category-gundem"],"acf":[],"yoast_head":"<!-- This site is optimized with the Yoast SEO Premium plugin v26.6 (Yoast SEO v27.1.1) - https:\/\/yoast.com\/product\/yoast-seo-premium-wordpress\/ -->\n<title>Antalya\u2019da bir hayal ger\u00e7ek oldu: Milli halterci ilk kez motosiklete bindi - Av. Deniz Can K\u0131z\u0131l<\/title>\n<meta name=\"robots\" content=\"index, follow, max-snippet:-1, max-image-preview:large, max-video-preview:-1\" \/>\n<link rel=\"canonical\" href=\"https:\/\/denizcankizil.tr\/ru\/haberler\/gundem\/antalyada-bir-hayal-gercek-oldu-milli-halterci-ilk-kez-motosiklete-bindi\/\" \/>\n<meta property=\"og:locale\" content=\"ru_RU\" \/>\n<meta property=\"og:type\" content=\"article\" \/>\n<meta property=\"og:title\" content=\"Antalya\u2019da bir hayal ger\u00e7ek oldu: Milli halterci ilk kez motosiklete bindi\" \/>\n<meta property=\"og:description\" content=\"Antalya&#8217;da trafik kazas\u0131 sonucu 3 ya\u015f\u0131nda bedensel engelli kalan \u0130smail Zeki Korkmaz, y\u0131llar s\u00fcren fizik tedavi s\u00fcrecinin ard\u0131ndan halter sporuyla tan\u0131\u015ft\u0131. Fizyoterapistinin y\u00f6nlendirmesiyle spora odaklanan Korkmaz, 2018 y\u0131l\u0131nda ba\u015flad\u0131\u011f\u0131 halterde k\u0131sa s\u00fcrede b\u00fcy\u00fck ba\u015far\u0131lar elde etti. Haltere ba\u015flad\u0131ktan 3 ay sonra T\u00fcrkiye \u015eampiyonas\u0131&#8217;na kat\u0131lan Korkmaz, 1 y\u0131l sonra &#8216;T\u00fcrkiye \u015eampiyonu&#8217; oldu. \u015eu ana kadar 4 T\u00fcrkiye \u015fampiyonlu\u011fu bulunan milli sporcu, &#8220;Benim ba\u015far\u0131m benim ad\u0131mla an\u0131ls\u0131n istedim&#8221; diyerek, bireysel sporlarda ba\u015far\u0131ya ula\u015fman\u0131n verdi\u011fi motivasyonla ya\u015fam\u0131na y\u00f6n verdi. HAYAL\u0130M YARI\u015e MOTORUNA B\u0130NMEKT\u0130 Engelli bireylerin \u00f6zel donan\u0131ml\u0131 ara\u00e7lar kullanabildi\u011fini, ancak motosikletin bu kapsamda olmad\u0131\u011f\u0131n\u0131 belirten Korkmaz, &#8220;Benim hayalim yar\u0131\u015f motoruna binmekti. Yusuf Kemer arkada\u015f\u0131m bu hayalimi, b\u00fct\u00fcn \u00f6nlemleri, gerekli izinleri alarak g\u00fczel bir \u015fekilde ger\u00e7ekle\u015ftirdi&#8221; dedi. KALB\u0130M K\u00dcT K\u00dcT ATIYOR Daha \u00f6nce motosiklete binme \u015fans\u0131 olmad\u0131\u011f\u0131n\u0131 aktaran Korkmaz, &#8220;Ben bisiklet gibi bir \u015fey bekliyordum. Ama yar\u0131\u015f motoruna bindi\u011fin zaman \u00f6yle heyecan veriyor ki. \u0130nsan\u0131n kalbi k\u00fct k\u00fct at\u0131yor, heyecan dorukta, r\u00fczgar yan\u0131ndan ge\u00e7ip gidiyor. \u00c7ok de\u011fi\u015fik bir his&#8221; diye konu\u015ftu. H\u0131z, adrenalin, heyecan verici aktiviteler yapmay\u0131 \u00e7ok istedi\u011fini belirten Korkmaz, bu hayalinin ger\u00e7ekle\u015fmesinden dolay\u0131 mutluluk duydu\u011funu aktard\u0131. &#8216;SIRTIMDA KALB\u0130N\u0130N ATI\u015eINI H\u0130SSETT\u0130M&#8217; Dijital i\u00e7erik \u00fcreticisi Yusuf Kemer, projenin \u00e7\u0131k\u0131\u015f noktas\u0131n\u0131n engelli bireylerin yeterince f\u0131rsat sunulmayan hayalleri oldu\u011funu, bu konuda fark\u0131ndal\u0131k yaratmak istemesi oldu\u011funu belirterek, &hellip;\" \/>\n<meta property=\"og:url\" content=\"https:\/\/denizcankizil.tr\/ru\/haberler\/gundem\/antalyada-bir-hayal-gercek-oldu-milli-halterci-ilk-kez-motosiklete-bindi\/\" \/>\n<meta property=\"og:site_name\" content=\"Av. Deniz Can K\u0131z\u0131l\" \/>\n<meta property=\"article:published_time\" content=\"2025-05-17T08:41:46+00:00\" \/>\n<meta name=\"author\" content=\"Antalya K\u00f6rfez\" \/>\n<meta name=\"twitter:card\" content=\"summary_large_image\" \/>\n<meta name=\"twitter:label1\" content=\"\u041d\u0430\u043f\u0438\u0441\u0430\u043d\u043e \u0430\u0432\u0442\u043e\u0440\u043e\u043c\" \/>\n\t<meta name=\"twitter:data1\" content=\"Antalya K\u00f6rfez\" \/>\n\t<meta name=\"twitter:label2\" content=\"\u041f\u0440\u0438\u043c\u0435\u0440\u043d\u043e\u0435 \u0432\u0440\u0435\u043c\u044f \u0434\u043b\u044f \u0447\u0442\u0435\u043d\u0438\u044f\" \/>\n\t<meta name=\"twitter:data2\" content=\"2 \u043c\u0438\u043d\u0443\u0442\u044b\" \/>\n<script type=\"application\/ld+json\" class=\"yoast-schema-graph\">{\"@context\":\"https:\/\/schema.org\",\"@graph\":[{\"@type\":\"Article\",\"@id\":\"https:\/\/denizcankizil.tr\/de\/haberler\/gundem\/antalyada-bir-hayal-gercek-oldu-milli-halterci-ilk-kez-motosiklete-bindi\/#article\",\"isPartOf\":{\"@id\":\"https:\/\/denizcankizil.tr\/de\/haberler\/gundem\/antalyada-bir-hayal-gercek-oldu-milli-halterci-ilk-kez-motosiklete-bindi\/\"},\"author\":{\"name\":\"Antalya K\u00f6rfez\",\"@id\":\"https:\/\/denizcankizil.tr\/de\/#\/schema\/person\/e1eb71bb4dd684d46563f0af307e1234\"},\"headline\":\"Antalya\u2019da bir hayal ger\u00e7ek oldu: Milli halterci ilk kez motosiklete bindi\",\"datePublished\":\"2025-05-17T08:41:46+00:00\",\"mainEntityOfPage\":{\"@id\":\"https:\/\/denizcankizil.tr\/de\/haberler\/gundem\/antalyada-bir-hayal-gercek-oldu-milli-halterci-ilk-kez-motosiklete-bindi\/\"},\"wordCount\":370,\"publisher\":{\"@id\":\"https:\/\/denizcankizil.tr\/de\/#organization\"},\"articleSection\":[\"G\u00fcndem\"],\"inLanguage\":\"ru-RU\"},{\"@type\":\"WebPage\",\"@id\":\"https:\/\/denizcankizil.tr\/de\/haberler\/gundem\/antalyada-bir-hayal-gercek-oldu-milli-halterci-ilk-kez-motosiklete-bindi\/\",\"url\":\"https:\/\/denizcankizil.tr\/de\/haberler\/gundem\/antalyada-bir-hayal-gercek-oldu-milli-halterci-ilk-kez-motosiklete-bindi\/\",\"name\":\"Antalya\u2019da bir hayal ger\u00e7ek oldu: Milli halterci ilk kez motosiklete bindi - Av. Deniz Can K\u0131z\u0131l\",\"isPartOf\":{\"@id\":\"https:\/\/denizcankizil.tr\/de\/#website\"},\"datePublished\":\"2025-05-17T08:41:46+00:00\",\"breadcrumb\":{\"@id\":\"https:\/\/denizcankizil.tr\/de\/haberler\/gundem\/antalyada-bir-hayal-gercek-oldu-milli-halterci-ilk-kez-motosiklete-bindi\/#breadcrumb\"},\"inLanguage\":\"ru-RU\",\"potentialAction\":[{\"@type\":\"ReadAction\",\"target\":[\"https:\/\/denizcankizil.tr\/de\/haberler\/gundem\/antalyada-bir-hayal-gercek-oldu-milli-halterci-ilk-kez-motosiklete-bindi\/\"]}]},{\"@type\":\"BreadcrumbList\",\"@id\":\"https:\/\/denizcankizil.tr\/de\/haberler\/gundem\/antalyada-bir-hayal-gercek-oldu-milli-halterci-ilk-kez-motosiklete-bindi\/#breadcrumb\",\"itemListElement\":[{\"@type\":\"ListItem\",\"position\":1,\"name\":\"Home\",\"item\":\"https:\/\/denizcankizil.tr\/de\/\"},{\"@type\":\"ListItem\",\"position\":2,\"name\":\"Antalya\u2019da bir hayal ger\u00e7ek oldu: Milli halterci ilk kez motosiklete bindi\"}]},{\"@type\":\"WebSite\",\"@id\":\"https:\/\/denizcankizil.tr\/de\/#website\",\"url\":\"https:\/\/denizcankizil.tr\/de\/\",\"name\":\"Av. Deniz Can K\u0131z\u0131l\",\"description\":\"Avukat Deniz Can K\u0131z\u0131l Antalya Barosu\",\"publisher\":{\"@id\":\"https:\/\/denizcankizil.tr\/de\/#organization\"},\"potentialAction\":[{\"@type\":\"SearchAction\",\"target\":{\"@type\":\"EntryPoint\",\"urlTemplate\":\"https:\/\/denizcankizil.tr\/de\/?s={search_term_string}\"},\"query-input\":{\"@type\":\"PropertyValueSpecification\",\"valueRequired\":true,\"valueName\":\"search_term_string\"}}],\"inLanguage\":\"ru-RU\"},{\"@type\":\"Organization\",\"@id\":\"https:\/\/denizcankizil.tr\/de\/#organization\",\"name\":\"Av. Deniz Can K\u0131z\u0131l\",\"url\":\"https:\/\/denizcankizil.tr\/de\/\",\"logo\":{\"@type\":\"ImageObject\",\"inLanguage\":\"ru-RU\",\"@id\":\"https:\/\/denizcankizil.tr\/de\/#\/schema\/logo\/image\/\",\"url\":\"https:\/\/denizcankizil.tr\/wp-content\/uploads\/2024\/10\/siyah-logo-svg.svg\",\"contentUrl\":\"https:\/\/denizcankizil.tr\/wp-content\/uploads\/2024\/10\/siyah-logo-svg.svg\",\"width\":1080,\"height\":1080,\"caption\":\"Av. Deniz Can K\u0131z\u0131l\"},\"image\":{\"@id\":\"https:\/\/denizcankizil.tr\/de\/#\/schema\/logo\/image\/\"}},{\"@type\":\"Person\",\"@id\":\"https:\/\/denizcankizil.tr\/de\/#\/schema\/person\/e1eb71bb4dd684d46563f0af307e1234\",\"name\":\"Antalya K\u00f6rfez\",\"image\":{\"@type\":\"ImageObject\",\"inLanguage\":\"ru-RU\",\"@id\":\"https:\/\/denizcankizil.tr\/de\/#\/schema\/person\/image\/\",\"url\":\"https:\/\/secure.gravatar.com\/avatar\/42b01982558a48a0b501fdcab6a408d3717ea5919095ee2e67b0e521799c5905?s=96&d=mm&r=g\",\"contentUrl\":\"https:\/\/secure.gravatar.com\/avatar\/42b01982558a48a0b501fdcab6a408d3717ea5919095ee2e67b0e521799c5905?s=96&d=mm&r=g\",\"caption\":\"Antalya K\u00f6rfez\"},\"sameAs\":[\"http:\/\/www.antalyakorfez.com\"],\"url\":\"https:\/\/www.antalyakorfez.com\/antalyada-bir-hayal-gercek-oldu-milli-halterci-ilk-kez-motosiklete-bindi\"}]}<\/script>\n<!-- \/ Yoast SEO Premium plugin. -->","yoast_head_json":{"title":"Antalya\u2019da bir hayal ger\u00e7ek oldu: Milli halterci ilk kez motosiklete bindi - Av. Deniz Can K\u0131z\u0131l","robots":{"index":"index","follow":"follow","max-snippet":"max-snippet:-1","max-image-preview":"max-image-preview:large","max-video-preview":"max-video-preview:-1"},"canonical":"https:\/\/denizcankizil.tr\/ru\/haberler\/gundem\/antalyada-bir-hayal-gercek-oldu-milli-halterci-ilk-kez-motosiklete-bindi\/","og_locale":"ru_RU","og_type":"article","og_title":"Antalya\u2019da bir hayal ger\u00e7ek oldu: Milli halterci ilk kez motosiklete bindi","og_description":"Antalya&#8217;da trafik kazas\u0131 sonucu 3 ya\u015f\u0131nda bedensel engelli kalan \u0130smail Zeki Korkmaz, y\u0131llar s\u00fcren fizik tedavi s\u00fcrecinin ard\u0131ndan halter sporuyla tan\u0131\u015ft\u0131. Fizyoterapistinin y\u00f6nlendirmesiyle spora odaklanan Korkmaz, 2018 y\u0131l\u0131nda ba\u015flad\u0131\u011f\u0131 halterde k\u0131sa s\u00fcrede b\u00fcy\u00fck ba\u015far\u0131lar elde etti. Haltere ba\u015flad\u0131ktan 3 ay sonra T\u00fcrkiye \u015eampiyonas\u0131&#8217;na kat\u0131lan Korkmaz, 1 y\u0131l sonra &#8216;T\u00fcrkiye \u015eampiyonu&#8217; oldu. \u015eu ana kadar 4 T\u00fcrkiye \u015fampiyonlu\u011fu bulunan milli sporcu, &#8220;Benim ba\u015far\u0131m benim ad\u0131mla an\u0131ls\u0131n istedim&#8221; diyerek, bireysel sporlarda ba\u015far\u0131ya ula\u015fman\u0131n verdi\u011fi motivasyonla ya\u015fam\u0131na y\u00f6n verdi. HAYAL\u0130M YARI\u015e MOTORUNA B\u0130NMEKT\u0130 Engelli bireylerin \u00f6zel donan\u0131ml\u0131 ara\u00e7lar kullanabildi\u011fini, ancak motosikletin bu kapsamda olmad\u0131\u011f\u0131n\u0131 belirten Korkmaz, &#8220;Benim hayalim yar\u0131\u015f motoruna binmekti. Yusuf Kemer arkada\u015f\u0131m bu hayalimi, b\u00fct\u00fcn \u00f6nlemleri, gerekli izinleri alarak g\u00fczel bir \u015fekilde ger\u00e7ekle\u015ftirdi&#8221; dedi. KALB\u0130M K\u00dcT K\u00dcT ATIYOR Daha \u00f6nce motosiklete binme \u015fans\u0131 olmad\u0131\u011f\u0131n\u0131 aktaran Korkmaz, &#8220;Ben bisiklet gibi bir \u015fey bekliyordum. Ama yar\u0131\u015f motoruna bindi\u011fin zaman \u00f6yle heyecan veriyor ki. \u0130nsan\u0131n kalbi k\u00fct k\u00fct at\u0131yor, heyecan dorukta, r\u00fczgar yan\u0131ndan ge\u00e7ip gidiyor. \u00c7ok de\u011fi\u015fik bir his&#8221; diye konu\u015ftu. H\u0131z, adrenalin, heyecan verici aktiviteler yapmay\u0131 \u00e7ok istedi\u011fini belirten Korkmaz, bu hayalinin ger\u00e7ekle\u015fmesinden dolay\u0131 mutluluk duydu\u011funu aktard\u0131. &#8216;SIRTIMDA KALB\u0130N\u0130N ATI\u015eINI H\u0130SSETT\u0130M&#8217; Dijital i\u00e7erik \u00fcreticisi Yusuf Kemer, projenin \u00e7\u0131k\u0131\u015f noktas\u0131n\u0131n engelli bireylerin yeterince f\u0131rsat sunulmayan hayalleri oldu\u011funu, bu konuda fark\u0131ndal\u0131k yaratmak istemesi oldu\u011funu belirterek, &hellip;","og_url":"https:\/\/denizcankizil.tr\/ru\/haberler\/gundem\/antalyada-bir-hayal-gercek-oldu-milli-halterci-ilk-kez-motosiklete-bindi\/","og_site_name":"Av. Deniz Can K\u0131z\u0131l","article_published_time":"2025-05-17T08:41:46+00:00","author":"Antalya K\u00f6rfez","twitter_card":"summary_large_image","twitter_misc":{"\u041d\u0430\u043f\u0438\u0441\u0430\u043d\u043e \u0430\u0432\u0442\u043e\u0440\u043e\u043c":"Antalya K\u00f6rfez","\u041f\u0440\u0438\u043c\u0435\u0440\u043d\u043e\u0435 \u0432\u0440\u0435\u043c\u044f \u0434\u043b\u044f \u0447\u0442\u0435\u043d\u0438\u044f":"2 \u043c\u0438\u043d\u0443\u0442\u044b"},"schema":{"@context":"https:\/\/schema.org","@graph":[{"@type":"Article","@id":"https:\/\/denizcankizil.tr\/de\/haberler\/gundem\/antalyada-bir-hayal-gercek-oldu-milli-halterci-ilk-kez-motosiklete-bindi\/#article","isPartOf":{"@id":"https:\/\/denizcankizil.tr\/de\/haberler\/gundem\/antalyada-bir-hayal-gercek-oldu-milli-halterci-ilk-kez-motosiklete-bindi\/"},"author":{"name":"Antalya K\u00f6rfez","@id":"https:\/\/denizcankizil.tr\/de\/#\/schema\/person\/e1eb71bb4dd684d46563f0af307e1234"},"headline":"Antalya\u2019da bir hayal ger\u00e7ek oldu: Milli halterci ilk kez motosiklete bindi","datePublished":"2025-05-17T08:41:46+00:00","mainEntityOfPage":{"@id":"https:\/\/denizcankizil.tr\/de\/haberler\/gundem\/antalyada-bir-hayal-gercek-oldu-milli-halterci-ilk-kez-motosiklete-bindi\/"},"wordCount":370,"publisher":{"@id":"https:\/\/denizcankizil.tr\/de\/#organization"},"articleSection":["G\u00fcndem"],"inLanguage":"ru-RU"},{"@type":"WebPage","@id":"https:\/\/denizcankizil.tr\/de\/haberler\/gundem\/antalyada-bir-hayal-gercek-oldu-milli-halterci-ilk-kez-motosiklete-bindi\/","url":"https:\/\/denizcankizil.tr\/de\/haberler\/gundem\/antalyada-bir-hayal-gercek-oldu-milli-halterci-ilk-kez-motosiklete-bindi\/","name":"Antalya\u2019da bir hayal ger\u00e7ek oldu: Milli halterci ilk kez motosiklete bindi - Av. Deniz Can K\u0131z\u0131l","isPartOf":{"@id":"https:\/\/denizcankizil.tr\/de\/#website"},"datePublished":"2025-05-17T08:41:46+00:00","breadcrumb":{"@id":"https:\/\/denizcankizil.tr\/de\/haberler\/gundem\/antalyada-bir-hayal-gercek-oldu-milli-halterci-ilk-kez-motosiklete-bindi\/#breadcrumb"},"inLanguage":"ru-RU","potentialAction":[{"@type":"ReadAction","target":["https:\/\/denizcankizil.tr\/de\/haberler\/gundem\/antalyada-bir-hayal-gercek-oldu-milli-halterci-ilk-kez-motosiklete-bindi\/"]}]},{"@type":"BreadcrumbList","@id":"https:\/\/denizcankizil.tr\/de\/haberler\/gundem\/antalyada-bir-hayal-gercek-oldu-milli-halterci-ilk-kez-motosiklete-bindi\/#breadcrumb","itemListElement":[{"@type":"ListItem","position":1,"name":"Home","item":"https:\/\/denizcankizil.tr\/de\/"},{"@type":"ListItem","position":2,"name":"Antalya\u2019da bir hayal ger\u00e7ek oldu: Milli halterci ilk kez motosiklete bindi"}]},{"@type":"WebSite","@id":"https:\/\/denizcankizil.tr\/de\/#website","url":"https:\/\/denizcankizil.tr\/de\/","name":"Av. Deniz Can K\u0131z\u0131l","description":"Avukat Deniz Can K\u0131z\u0131l Antalya Barosu","publisher":{"@id":"https:\/\/denizcankizil.tr\/de\/#organization"},"potentialAction":[{"@type":"SearchAction","target":{"@type":"EntryPoint","urlTemplate":"https:\/\/denizcankizil.tr\/de\/?s={search_term_string}"},"query-input":{"@type":"PropertyValueSpecification","valueRequired":true,"valueName":"search_term_string"}}],"inLanguage":"ru-RU"},{"@type":"Organization","@id":"https:\/\/denizcankizil.tr\/de\/#organization","name":"Av. Deniz Can K\u0131z\u0131l","url":"https:\/\/denizcankizil.tr\/de\/","logo":{"@type":"ImageObject","inLanguage":"ru-RU","@id":"https:\/\/denizcankizil.tr\/de\/#\/schema\/logo\/image\/","url":"https:\/\/denizcankizil.tr\/wp-content\/uploads\/2024\/10\/siyah-logo-svg.svg","contentUrl":"https:\/\/denizcankizil.tr\/wp-content\/uploads\/2024\/10\/siyah-logo-svg.svg","width":1080,"height":1080,"caption":"Av. Deniz Can K\u0131z\u0131l"},"image":{"@id":"https:\/\/denizcankizil.tr\/de\/#\/schema\/logo\/image\/"}},{"@type":"Person","@id":"https:\/\/denizcankizil.tr\/de\/#\/schema\/person\/e1eb71bb4dd684d46563f0af307e1234","name":"Antalya K\u00f6rfez","image":{"@type":"ImageObject","inLanguage":"ru-RU","@id":"https:\/\/denizcankizil.tr\/de\/#\/schema\/person\/image\/","url":"https:\/\/secure.gravatar.com\/avatar\/42b01982558a48a0b501fdcab6a408d3717ea5919095ee2e67b0e521799c5905?s=96&d=mm&r=g","contentUrl":"https:\/\/secure.gravatar.com\/avatar\/42b01982558a48a0b501fdcab6a408d3717ea5919095ee2e67b0e521799c5905?s=96&d=mm&r=g","caption":"Antalya K\u00f6rfez"},"sameAs":["http:\/\/www.antalyakorfez.com"],"url":"https:\/\/www.antalyakorfez.com\/antalyada-bir-hayal-gercek-oldu-milli-halterci-ilk-kez-motosiklete-bindi"}]}},"_links":{"self":[{"href":"https:\/\/denizcankizil.tr\/ru\/wp-json\/wp\/v2\/posts\/89365","targetHints":{"allow":["GET"]}}],"collection":[{"href":"https:\/\/denizcankizil.tr\/ru\/wp-json\/wp\/v2\/posts"}],"about":[{"href":"https:\/\/denizcankizil.tr\/ru\/wp-json\/wp\/v2\/types\/post"}],"author":[{"embeddable":true,"href":"https:\/\/denizcankizil.tr\/ru\/wp-json\/wp\/v2\/users\/5"}],"replies":[{"embeddable":true,"href":"https:\/\/denizcankizil.tr\/ru\/wp-json\/wp\/v2\/comments?post=89365"}],"version-history":[{"count":0,"href":"https:\/\/denizcankizil.tr\/ru\/wp-json\/wp\/v2\/posts\/89365\/revisions"}],"wp:attachment":[{"href":"https:\/\/denizcankizil.tr\/ru\/wp-json\/wp\/v2\/media?parent=89365"}],"wp:term":[{"taxonomy":"category","embeddable":true,"href":"https:\/\/denizcankizil.tr\/ru\/wp-json\/wp\/v2\/categories?post=89365"},{"taxonomy":"post_tag","embeddable":true,"href":"https:\/\/denizcankizil.tr\/ru\/wp-json\/wp\/v2\/tags?post=89365"}],"curies":[{"name":"wp","href":"https:\/\/api.w.org\/{rel}","templated":true}]}}