{"id":88482,"date":"2025-05-16T15:41:34","date_gmt":"2025-05-16T12:41:34","guid":{"rendered":"https:\/\/denizcankizil.tr\/uncategorized-tr\/antalyanin-genc-yildizlari-turkiye-3-su-oldu\/"},"modified":"2025-05-16T15:41:34","modified_gmt":"2025-05-16T12:41:34","slug":"antalyanin-genc-yildizlari-turkiye-3-su-oldu","status":"publish","type":"post","link":"https:\/\/denizcankizil.tr\/ru\/haberler\/antalya\/antalyanin-genc-yildizlari-turkiye-3-su-oldu\/","title":{"rendered":"Antalya&#8217;n\u0131n gen\u00e7 y\u0131ld\u0131zlar\u0131 T\u00fcrkiye 3.&#8217;s\u00fc oldu"},"content":{"rendered":"<p>Denizli&#8217;de 5-11 May\u0131s tarihleri aras\u0131nda d\u00fczenlenen U16 Erkekler T\u00fcrkiye \u015eampiyonas\u0131, T\u00fcrk basketbolunun gelece\u011fini \u015fekillendirecek gen\u00e7 y\u0131ld\u0131zlar\u0131n k\u0131yas\u0131ya m\u00fccadelesine sahne oldu. Bah\u00e7e\u015fehir Koleji\u2019nin \u015fampiyon, A. Efes\u2019in ikinci oldu\u011fu turnuvada, Antalya Geli\u015fim Gen\u00e7lik Spor Kul\u00fcb\u00fc (AGG\u0130K), Fenerbah\u00e7e\u2019yi 79-72\u2019lik skorla ma\u011flup ederek T\u00fcrkiye \u00fc\u00e7\u00fcnc\u00fcs\u00fc olmay\u0131 ba\u015fard\u0131.<\/p>\n<p>Devleri eleyerek zirveye \u00e7\u0131kt\u0131<br \/>\nTurnuva boyunca Kar\u015f\u0131yaka ve TOFA\u015e gibi S\u00fcper Lig devlerinin altyap\u0131 tak\u0131mlar\u0131n\u0131 eleyen Antalya temsilcisi, yar\u0131 finalde A. Efes kar\u015f\u0131s\u0131nda di\u015fe di\u015f bir m\u00fccadele ortaya koydu. Finali k\u0131l pay\u0131 ka\u00e7\u0131ran ekip, klasman ma\u00e7\u0131nda Fenerbah\u00e7e kar\u015f\u0131s\u0131nda g\u00f6sterdi\u011fi \u00fcst\u00fcn performansla ad\u0131n\u0131 k\u00fcrs\u00fcye yazd\u0131rmay\u0131 ba\u015fard\u0131.<\/p>\n<p>Cemil G\u00fcney B\u00fcge: &#8220;Bu ba\u015far\u0131 tesad\u00fcf de\u011fil&#8221;<br \/>\nKul\u00fcp Ba\u015fkan\u0131 Cemil G\u00fcney B\u00fcge, turnuva sonras\u0131 duygular\u0131n\u0131 \u015fu s\u00f6zlerle ifade etti:<br \/>\n&#8220;Bu ba\u015far\u0131 asla tesad\u00fcf de\u011fil. \u00c7ok s\u0131k\u0131 bir antrenman temposuyla, disiplinli ve \u00f6zverili bir \u015fekilde \u00e7al\u0131\u015f\u0131yoruz. Ko\u00e7lar\u0131m\u0131z ve oyuncular\u0131m\u0131z b\u00fcy\u00fck emek verdiler. Yakla\u015f\u0131k 8 y\u0131ld\u0131r d\u00fczenli olarak T\u00fcrkiye \u015eampiyonas\u0131\u2019na kat\u0131l\u0131yor, ad\u0131m ad\u0131m bu ba\u015far\u0131ya y\u00fcr\u00fcyorduk. 2021-2022 sezonunda U18\u2019de T\u00fcrkiye \u015eampiyonu olmu\u015ftuk. \u015eimdi U16\u2019da T\u00fcrkiye 3.\u2019s\u00fc olarak Antalya basketbolunda yeni bir tarih yazd\u0131k. AGG\u0130K\u2019in altyap\u0131ya ve yerli yeteneklere verdi\u011fi \u00f6nem, ortaya koydu\u011fu bu b\u00fcy\u00fck ba\u015far\u0131yla t\u00fcm spor camias\u0131na ilham kayna\u011f\u0131 oldu. Bu gurur hepimizin, bu gurur Antalya\u2019n\u0131n. T\u00fcm oyuncular\u0131ma ve teknik ekibimize y\u00fcrekten te\u015fekk\u00fcr ediyorum.&#8221;<\/p>\n<p>Bireysel \u00f6d\u00fcllerde g\u00f6z doldurdu<br \/>\nTak\u0131m ba\u015far\u0131s\u0131n\u0131n yan\u0131 s\u0131ra oyuncular\u0131n bireysel performanslar\u0131 da turnuvaya damga vurdu. Furkan Kaan M\u00fcstecep ve Kemal Batu \u00c7opur, \u015fampiyonan\u0131n en iyi 5\u2019ine se\u00e7ildi. Utku Yasan, turnuvan\u0131n asist lideri oldu. Furkan Tepe de top \u00e7alma lideri olarak \u00f6d\u00fcllendirildi.<\/p>\n<p>Kaynak: www.kanalv.com.tr Haber Sitesinden Al\u0131nm\u0131\u015ft\u0131r.<\/p>","protected":false},"excerpt":{"rendered":"<p>Denizli&#8217;de 5-11 May\u0131s tarihleri aras\u0131nda d\u00fczenlenen U16 Erkekler T\u00fcrkiye \u015eampiyonas\u0131, T\u00fcrk basketbolunun gelece\u011fini \u015fekillendirecek gen\u00e7 y\u0131ld\u0131zlar\u0131n k\u0131yas\u0131ya m\u00fccadelesine sahne oldu. Bah\u00e7e\u015fehir Koleji\u2019nin \u015fampiyon, A. Efes\u2019in ikinci oldu\u011fu turnuvada, Antalya Geli\u015fim Gen\u00e7lik Spor Kul\u00fcb\u00fc (AGG\u0130K), Fenerbah\u00e7e\u2019yi 79-72\u2019lik skorla ma\u011flup ederek T\u00fcrkiye \u00fc\u00e7\u00fcnc\u00fcs\u00fc olmay\u0131 ba\u015fard\u0131. Devleri eleyerek zirveye \u00e7\u0131kt\u0131 Turnuva boyunca Kar\u015f\u0131yaka ve TOFA\u015e gibi S\u00fcper Lig devlerinin altyap\u0131 tak\u0131mlar\u0131n\u0131 eleyen Antalya temsilcisi, yar\u0131 finalde A. Efes kar\u015f\u0131s\u0131nda di\u015fe di\u015f bir m\u00fccadele ortaya koydu. Finali k\u0131l pay\u0131 ka\u00e7\u0131ran ekip, klasman ma\u00e7\u0131nda Fenerbah\u00e7e kar\u015f\u0131s\u0131nda g\u00f6sterdi\u011fi \u00fcst\u00fcn performansla ad\u0131n\u0131 k\u00fcrs\u00fcye yazd\u0131rmay\u0131 ba\u015fard\u0131. Cemil G\u00fcney B\u00fcge: &#8220;Bu ba\u015far\u0131 tesad\u00fcf de\u011fil&#8221; Kul\u00fcp Ba\u015fkan\u0131 Cemil G\u00fcney B\u00fcge, turnuva sonras\u0131 duygular\u0131n\u0131 \u015fu s\u00f6zlerle ifade etti: &#8220;Bu ba\u015far\u0131 asla tesad\u00fcf de\u011fil. \u00c7ok s\u0131k\u0131 bir antrenman temposuyla, disiplinli ve \u00f6zverili bir \u015fekilde \u00e7al\u0131\u015f\u0131yoruz. Ko\u00e7lar\u0131m\u0131z ve oyuncular\u0131m\u0131z b\u00fcy\u00fck emek verdiler. Yakla\u015f\u0131k 8 y\u0131ld\u0131r d\u00fczenli olarak T\u00fcrkiye \u015eampiyonas\u0131\u2019na kat\u0131l\u0131yor, ad\u0131m ad\u0131m bu ba\u015far\u0131ya y\u00fcr\u00fcyorduk. 2021-2022 sezonunda U18\u2019de T\u00fcrkiye \u015eampiyonu olmu\u015ftuk. \u015eimdi U16\u2019da T\u00fcrkiye 3.\u2019s\u00fc olarak Antalya basketbolunda yeni bir tarih yazd\u0131k. AGG\u0130K\u2019in altyap\u0131ya ve yerli yeteneklere verdi\u011fi \u00f6nem, ortaya koydu\u011fu bu b\u00fcy\u00fck ba\u015far\u0131yla t\u00fcm spor camias\u0131na ilham kayna\u011f\u0131 oldu. Bu gurur hepimizin, bu gurur Antalya\u2019n\u0131n. T\u00fcm oyuncular\u0131ma ve teknik ekibimize y\u00fcrekten te\u015fekk\u00fcr ediyorum.&#8221; Bireysel \u00f6d\u00fcllerde g\u00f6z doldurdu Tak\u0131m ba\u015far\u0131s\u0131n\u0131n yan\u0131 s\u0131ra oyuncular\u0131n &hellip;<\/p>","protected":false},"author":4,"featured_media":88483,"comment_status":"","ping_status":"open","sticky":false,"template":"","format":"standard","meta":{"_acf_changed":false,"footnotes":""},"categories":[26],"tags":[],"class_list":["post-88482","post","type-post","status-publish","format-standard","has-post-thumbnail","hentry","category-antalya"],"acf":[],"yoast_head":"<!-- This site is optimized with the Yoast SEO Premium plugin v26.6 (Yoast SEO v27.1.1) - https:\/\/yoast.com\/product\/yoast-seo-premium-wordpress\/ -->\n<title>Antalya&#039;n\u0131n gen\u00e7 y\u0131ld\u0131zlar\u0131 T\u00fcrkiye 3.&#039;s\u00fc oldu - Av. Deniz Can K\u0131z\u0131l<\/title>\n<meta name=\"robots\" content=\"index, follow, max-snippet:-1, max-image-preview:large, max-video-preview:-1\" \/>\n<link rel=\"canonical\" href=\"http:\/\/denizcankizil.tr\/ru\/haberler\/antalya\/antalyanin-genc-yildizlari-turkiye-3-su-oldu\/\" \/>\n<meta property=\"og:locale\" content=\"ru_RU\" \/>\n<meta property=\"og:type\" content=\"article\" \/>\n<meta property=\"og:title\" content=\"Antalya&#039;n\u0131n gen\u00e7 y\u0131ld\u0131zlar\u0131 T\u00fcrkiye 3.&#039;s\u00fc oldu\" \/>\n<meta property=\"og:description\" content=\"Denizli&#8217;de 5-11 May\u0131s tarihleri aras\u0131nda d\u00fczenlenen U16 Erkekler T\u00fcrkiye \u015eampiyonas\u0131, T\u00fcrk basketbolunun gelece\u011fini \u015fekillendirecek gen\u00e7 y\u0131ld\u0131zlar\u0131n k\u0131yas\u0131ya m\u00fccadelesine sahne oldu. Bah\u00e7e\u015fehir Koleji\u2019nin \u015fampiyon, A. Efes\u2019in ikinci oldu\u011fu turnuvada, Antalya Geli\u015fim Gen\u00e7lik Spor Kul\u00fcb\u00fc (AGG\u0130K), Fenerbah\u00e7e\u2019yi 79-72\u2019lik skorla ma\u011flup ederek T\u00fcrkiye \u00fc\u00e7\u00fcnc\u00fcs\u00fc olmay\u0131 ba\u015fard\u0131. Devleri eleyerek zirveye \u00e7\u0131kt\u0131 Turnuva boyunca Kar\u015f\u0131yaka ve TOFA\u015e gibi S\u00fcper Lig devlerinin altyap\u0131 tak\u0131mlar\u0131n\u0131 eleyen Antalya temsilcisi, yar\u0131 finalde A. Efes kar\u015f\u0131s\u0131nda di\u015fe di\u015f bir m\u00fccadele ortaya koydu. Finali k\u0131l pay\u0131 ka\u00e7\u0131ran ekip, klasman ma\u00e7\u0131nda Fenerbah\u00e7e kar\u015f\u0131s\u0131nda g\u00f6sterdi\u011fi \u00fcst\u00fcn performansla ad\u0131n\u0131 k\u00fcrs\u00fcye yazd\u0131rmay\u0131 ba\u015fard\u0131. Cemil G\u00fcney B\u00fcge: &#8220;Bu ba\u015far\u0131 tesad\u00fcf de\u011fil&#8221; Kul\u00fcp Ba\u015fkan\u0131 Cemil G\u00fcney B\u00fcge, turnuva sonras\u0131 duygular\u0131n\u0131 \u015fu s\u00f6zlerle ifade etti: &#8220;Bu ba\u015far\u0131 asla tesad\u00fcf de\u011fil. \u00c7ok s\u0131k\u0131 bir antrenman temposuyla, disiplinli ve \u00f6zverili bir \u015fekilde \u00e7al\u0131\u015f\u0131yoruz. Ko\u00e7lar\u0131m\u0131z ve oyuncular\u0131m\u0131z b\u00fcy\u00fck emek verdiler. Yakla\u015f\u0131k 8 y\u0131ld\u0131r d\u00fczenli olarak T\u00fcrkiye \u015eampiyonas\u0131\u2019na kat\u0131l\u0131yor, ad\u0131m ad\u0131m bu ba\u015far\u0131ya y\u00fcr\u00fcyorduk. 2021-2022 sezonunda U18\u2019de T\u00fcrkiye \u015eampiyonu olmu\u015ftuk. \u015eimdi U16\u2019da T\u00fcrkiye 3.\u2019s\u00fc olarak Antalya basketbolunda yeni bir tarih yazd\u0131k. AGG\u0130K\u2019in altyap\u0131ya ve yerli yeteneklere verdi\u011fi \u00f6nem, ortaya koydu\u011fu bu b\u00fcy\u00fck ba\u015far\u0131yla t\u00fcm spor camias\u0131na ilham kayna\u011f\u0131 oldu. Bu gurur hepimizin, bu gurur Antalya\u2019n\u0131n. T\u00fcm oyuncular\u0131ma ve teknik ekibimize y\u00fcrekten te\u015fekk\u00fcr ediyorum.&#8221; Bireysel \u00f6d\u00fcllerde g\u00f6z doldurdu Tak\u0131m ba\u015far\u0131s\u0131n\u0131n yan\u0131 s\u0131ra oyuncular\u0131n &hellip;\" \/>\n<meta property=\"og:url\" content=\"http:\/\/denizcankizil.tr\/ru\/haberler\/antalya\/antalyanin-genc-yildizlari-turkiye-3-su-oldu\/\" \/>\n<meta property=\"og:site_name\" content=\"Av. Deniz Can K\u0131z\u0131l\" \/>\n<meta property=\"article:published_time\" content=\"2025-05-16T12:41:34+00:00\" \/>\n<meta property=\"og:image\" content=\"http:\/\/denizcankizil.tr\/wp-content\/uploads\/2025\/05\/6374-01-sy2G2V.jpg\" \/>\n\t<meta property=\"og:image:width\" content=\"1280\" \/>\n\t<meta property=\"og:image:height\" content=\"720\" \/>\n\t<meta property=\"og:image:type\" content=\"image\/jpeg\" \/>\n<meta name=\"author\" content=\"Av. Deniz Can K\u0131z\u0131l\" \/>\n<meta name=\"twitter:card\" content=\"summary_large_image\" \/>\n<meta name=\"twitter:label1\" content=\"\u041d\u0430\u043f\u0438\u0441\u0430\u043d\u043e \u0430\u0432\u0442\u043e\u0440\u043e\u043c\" \/>\n\t<meta name=\"twitter:data1\" content=\"Av. Deniz Can K\u0131z\u0131l\" \/>\n\t<meta name=\"twitter:label2\" content=\"\u041f\u0440\u0438\u043c\u0435\u0440\u043d\u043e\u0435 \u0432\u0440\u0435\u043c\u044f \u0434\u043b\u044f \u0447\u0442\u0435\u043d\u0438\u044f\" \/>\n\t<meta name=\"twitter:data2\" content=\"2 \u043c\u0438\u043d\u0443\u0442\u044b\" \/>\n<script type=\"application\/ld+json\" class=\"yoast-schema-graph\">{\"@context\":\"https:\/\/schema.org\",\"@graph\":[{\"@type\":\"Article\",\"@id\":\"http:\/\/denizcankizil.tr\/de\/haberler\/antalya\/antalyanin-genc-yildizlari-turkiye-3-su-oldu\/#article\",\"isPartOf\":{\"@id\":\"http:\/\/denizcankizil.tr\/de\/haberler\/antalya\/antalyanin-genc-yildizlari-turkiye-3-su-oldu\/\"},\"author\":{\"name\":\"Av. Deniz Can K\u0131z\u0131l\",\"@id\":\"https:\/\/denizcankizil.tr\/de\/#\/schema\/person\/5dc1b22991bd7ac833867c10afc9b0ff\"},\"headline\":\"Antalya&#8217;n\u0131n gen\u00e7 y\u0131ld\u0131zlar\u0131 T\u00fcrkiye 3.&#8217;s\u00fc oldu\",\"datePublished\":\"2025-05-16T12:41:34+00:00\",\"mainEntityOfPage\":{\"@id\":\"http:\/\/denizcankizil.tr\/de\/haberler\/antalya\/antalyanin-genc-yildizlari-turkiye-3-su-oldu\/\"},\"wordCount\":379,\"publisher\":{\"@id\":\"https:\/\/denizcankizil.tr\/de\/#organization\"},\"image\":{\"@id\":\"http:\/\/denizcankizil.tr\/de\/haberler\/antalya\/antalyanin-genc-yildizlari-turkiye-3-su-oldu\/#primaryimage\"},\"thumbnailUrl\":\"https:\/\/denizcankizil.tr\/wp-content\/uploads\/2025\/05\/6374-01-sy2G2V.jpg\",\"articleSection\":[\"Antalya\"],\"inLanguage\":\"ru-RU\"},{\"@type\":\"WebPage\",\"@id\":\"http:\/\/denizcankizil.tr\/de\/haberler\/antalya\/antalyanin-genc-yildizlari-turkiye-3-su-oldu\/\",\"url\":\"http:\/\/denizcankizil.tr\/de\/haberler\/antalya\/antalyanin-genc-yildizlari-turkiye-3-su-oldu\/\",\"name\":\"Antalya'n\u0131n gen\u00e7 y\u0131ld\u0131zlar\u0131 T\u00fcrkiye 3.'s\u00fc oldu - Av. Deniz Can K\u0131z\u0131l\",\"isPartOf\":{\"@id\":\"https:\/\/denizcankizil.tr\/de\/#website\"},\"primaryImageOfPage\":{\"@id\":\"http:\/\/denizcankizil.tr\/de\/haberler\/antalya\/antalyanin-genc-yildizlari-turkiye-3-su-oldu\/#primaryimage\"},\"image\":{\"@id\":\"http:\/\/denizcankizil.tr\/de\/haberler\/antalya\/antalyanin-genc-yildizlari-turkiye-3-su-oldu\/#primaryimage\"},\"thumbnailUrl\":\"https:\/\/denizcankizil.tr\/wp-content\/uploads\/2025\/05\/6374-01-sy2G2V.jpg\",\"datePublished\":\"2025-05-16T12:41:34+00:00\",\"breadcrumb\":{\"@id\":\"http:\/\/denizcankizil.tr\/de\/haberler\/antalya\/antalyanin-genc-yildizlari-turkiye-3-su-oldu\/#breadcrumb\"},\"inLanguage\":\"ru-RU\",\"potentialAction\":[{\"@type\":\"ReadAction\",\"target\":[\"http:\/\/denizcankizil.tr\/de\/haberler\/antalya\/antalyanin-genc-yildizlari-turkiye-3-su-oldu\/\"]}]},{\"@type\":\"ImageObject\",\"inLanguage\":\"ru-RU\",\"@id\":\"http:\/\/denizcankizil.tr\/de\/haberler\/antalya\/antalyanin-genc-yildizlari-turkiye-3-su-oldu\/#primaryimage\",\"url\":\"https:\/\/denizcankizil.tr\/wp-content\/uploads\/2025\/05\/6374-01-sy2G2V.jpg\",\"contentUrl\":\"https:\/\/denizcankizil.tr\/wp-content\/uploads\/2025\/05\/6374-01-sy2G2V.jpg\",\"width\":1280,\"height\":720},{\"@type\":\"BreadcrumbList\",\"@id\":\"http:\/\/denizcankizil.tr\/de\/haberler\/antalya\/antalyanin-genc-yildizlari-turkiye-3-su-oldu\/#breadcrumb\",\"itemListElement\":[{\"@type\":\"ListItem\",\"position\":1,\"name\":\"Home\",\"item\":\"https:\/\/denizcankizil.tr\/de\/\"},{\"@type\":\"ListItem\",\"position\":2,\"name\":\"Antalya&#8217;n\u0131n gen\u00e7 y\u0131ld\u0131zlar\u0131 T\u00fcrkiye 3.&#8217;s\u00fc oldu\"}]},{\"@type\":\"WebSite\",\"@id\":\"https:\/\/denizcankizil.tr\/de\/#website\",\"url\":\"https:\/\/denizcankizil.tr\/de\/\",\"name\":\"Av. Deniz Can K\u0131z\u0131l\",\"description\":\"Avukat Deniz Can K\u0131z\u0131l Antalya Barosu\",\"publisher\":{\"@id\":\"https:\/\/denizcankizil.tr\/de\/#organization\"},\"potentialAction\":[{\"@type\":\"SearchAction\",\"target\":{\"@type\":\"EntryPoint\",\"urlTemplate\":\"https:\/\/denizcankizil.tr\/de\/?s={search_term_string}\"},\"query-input\":{\"@type\":\"PropertyValueSpecification\",\"valueRequired\":true,\"valueName\":\"search_term_string\"}}],\"inLanguage\":\"ru-RU\"},{\"@type\":\"Organization\",\"@id\":\"https:\/\/denizcankizil.tr\/de\/#organization\",\"name\":\"Av. Deniz Can K\u0131z\u0131l\",\"url\":\"https:\/\/denizcankizil.tr\/de\/\",\"logo\":{\"@type\":\"ImageObject\",\"inLanguage\":\"ru-RU\",\"@id\":\"https:\/\/denizcankizil.tr\/de\/#\/schema\/logo\/image\/\",\"url\":\"https:\/\/denizcankizil.tr\/wp-content\/uploads\/2024\/10\/siyah-logo-svg.svg\",\"contentUrl\":\"https:\/\/denizcankizil.tr\/wp-content\/uploads\/2024\/10\/siyah-logo-svg.svg\",\"width\":1080,\"height\":1080,\"caption\":\"Av. Deniz Can K\u0131z\u0131l\"},\"image\":{\"@id\":\"https:\/\/denizcankizil.tr\/de\/#\/schema\/logo\/image\/\"}},{\"@type\":\"Person\",\"@id\":\"https:\/\/denizcankizil.tr\/de\/#\/schema\/person\/5dc1b22991bd7ac833867c10afc9b0ff\",\"name\":\"Av. Deniz Can K\u0131z\u0131l\",\"image\":{\"@type\":\"ImageObject\",\"inLanguage\":\"ru-RU\",\"@id\":\"https:\/\/denizcankizil.tr\/de\/#\/schema\/person\/image\/\",\"url\":\"https:\/\/secure.gravatar.com\/avatar\/a0b128fb9855c79efc976d5640eedb31dc35ec297594d6016d2cf7c60e975bb6?s=96&d=mm&r=g\",\"contentUrl\":\"https:\/\/secure.gravatar.com\/avatar\/a0b128fb9855c79efc976d5640eedb31dc35ec297594d6016d2cf7c60e975bb6?s=96&d=mm&r=g\",\"caption\":\"Av. Deniz Can K\u0131z\u0131l\"},\"sameAs\":[\"http:\/\/www.denizcankizil.tr\"],\"url\":\"https:\/\/denizcankizil.tr\/ru\/author\/denizcankizil\/\"}]}<\/script>\n<!-- \/ Yoast SEO Premium plugin. -->","yoast_head_json":{"title":"Antalya'n\u0131n gen\u00e7 y\u0131ld\u0131zlar\u0131 T\u00fcrkiye 3.'s\u00fc oldu - Av. Deniz Can K\u0131z\u0131l","robots":{"index":"index","follow":"follow","max-snippet":"max-snippet:-1","max-image-preview":"max-image-preview:large","max-video-preview":"max-video-preview:-1"},"canonical":"http:\/\/denizcankizil.tr\/ru\/haberler\/antalya\/antalyanin-genc-yildizlari-turkiye-3-su-oldu\/","og_locale":"ru_RU","og_type":"article","og_title":"Antalya'n\u0131n gen\u00e7 y\u0131ld\u0131zlar\u0131 T\u00fcrkiye 3.'s\u00fc oldu","og_description":"Denizli&#8217;de 5-11 May\u0131s tarihleri aras\u0131nda d\u00fczenlenen U16 Erkekler T\u00fcrkiye \u015eampiyonas\u0131, T\u00fcrk basketbolunun gelece\u011fini \u015fekillendirecek gen\u00e7 y\u0131ld\u0131zlar\u0131n k\u0131yas\u0131ya m\u00fccadelesine sahne oldu. Bah\u00e7e\u015fehir Koleji\u2019nin \u015fampiyon, A. Efes\u2019in ikinci oldu\u011fu turnuvada, Antalya Geli\u015fim Gen\u00e7lik Spor Kul\u00fcb\u00fc (AGG\u0130K), Fenerbah\u00e7e\u2019yi 79-72\u2019lik skorla ma\u011flup ederek T\u00fcrkiye \u00fc\u00e7\u00fcnc\u00fcs\u00fc olmay\u0131 ba\u015fard\u0131. Devleri eleyerek zirveye \u00e7\u0131kt\u0131 Turnuva boyunca Kar\u015f\u0131yaka ve TOFA\u015e gibi S\u00fcper Lig devlerinin altyap\u0131 tak\u0131mlar\u0131n\u0131 eleyen Antalya temsilcisi, yar\u0131 finalde A. Efes kar\u015f\u0131s\u0131nda di\u015fe di\u015f bir m\u00fccadele ortaya koydu. Finali k\u0131l pay\u0131 ka\u00e7\u0131ran ekip, klasman ma\u00e7\u0131nda Fenerbah\u00e7e kar\u015f\u0131s\u0131nda g\u00f6sterdi\u011fi \u00fcst\u00fcn performansla ad\u0131n\u0131 k\u00fcrs\u00fcye yazd\u0131rmay\u0131 ba\u015fard\u0131. Cemil G\u00fcney B\u00fcge: &#8220;Bu ba\u015far\u0131 tesad\u00fcf de\u011fil&#8221; Kul\u00fcp Ba\u015fkan\u0131 Cemil G\u00fcney B\u00fcge, turnuva sonras\u0131 duygular\u0131n\u0131 \u015fu s\u00f6zlerle ifade etti: &#8220;Bu ba\u015far\u0131 asla tesad\u00fcf de\u011fil. \u00c7ok s\u0131k\u0131 bir antrenman temposuyla, disiplinli ve \u00f6zverili bir \u015fekilde \u00e7al\u0131\u015f\u0131yoruz. Ko\u00e7lar\u0131m\u0131z ve oyuncular\u0131m\u0131z b\u00fcy\u00fck emek verdiler. Yakla\u015f\u0131k 8 y\u0131ld\u0131r d\u00fczenli olarak T\u00fcrkiye \u015eampiyonas\u0131\u2019na kat\u0131l\u0131yor, ad\u0131m ad\u0131m bu ba\u015far\u0131ya y\u00fcr\u00fcyorduk. 2021-2022 sezonunda U18\u2019de T\u00fcrkiye \u015eampiyonu olmu\u015ftuk. \u015eimdi U16\u2019da T\u00fcrkiye 3.\u2019s\u00fc olarak Antalya basketbolunda yeni bir tarih yazd\u0131k. AGG\u0130K\u2019in altyap\u0131ya ve yerli yeteneklere verdi\u011fi \u00f6nem, ortaya koydu\u011fu bu b\u00fcy\u00fck ba\u015far\u0131yla t\u00fcm spor camias\u0131na ilham kayna\u011f\u0131 oldu. Bu gurur hepimizin, bu gurur Antalya\u2019n\u0131n. T\u00fcm oyuncular\u0131ma ve teknik ekibimize y\u00fcrekten te\u015fekk\u00fcr ediyorum.&#8221; Bireysel \u00f6d\u00fcllerde g\u00f6z doldurdu Tak\u0131m ba\u015far\u0131s\u0131n\u0131n yan\u0131 s\u0131ra oyuncular\u0131n &hellip;","og_url":"http:\/\/denizcankizil.tr\/ru\/haberler\/antalya\/antalyanin-genc-yildizlari-turkiye-3-su-oldu\/","og_site_name":"Av. Deniz Can K\u0131z\u0131l","article_published_time":"2025-05-16T12:41:34+00:00","og_image":[{"width":1280,"height":720,"url":"http:\/\/denizcankizil.tr\/wp-content\/uploads\/2025\/05\/6374-01-sy2G2V.jpg","type":"image\/jpeg"}],"author":"Av. Deniz Can K\u0131z\u0131l","twitter_card":"summary_large_image","twitter_misc":{"\u041d\u0430\u043f\u0438\u0441\u0430\u043d\u043e \u0430\u0432\u0442\u043e\u0440\u043e\u043c":"Av. Deniz Can K\u0131z\u0131l","\u041f\u0440\u0438\u043c\u0435\u0440\u043d\u043e\u0435 \u0432\u0440\u0435\u043c\u044f \u0434\u043b\u044f \u0447\u0442\u0435\u043d\u0438\u044f":"2 \u043c\u0438\u043d\u0443\u0442\u044b"},"schema":{"@context":"https:\/\/schema.org","@graph":[{"@type":"Article","@id":"http:\/\/denizcankizil.tr\/de\/haberler\/antalya\/antalyanin-genc-yildizlari-turkiye-3-su-oldu\/#article","isPartOf":{"@id":"http:\/\/denizcankizil.tr\/de\/haberler\/antalya\/antalyanin-genc-yildizlari-turkiye-3-su-oldu\/"},"author":{"name":"Av. Deniz Can K\u0131z\u0131l","@id":"https:\/\/denizcankizil.tr\/de\/#\/schema\/person\/5dc1b22991bd7ac833867c10afc9b0ff"},"headline":"Antalya&#8217;n\u0131n gen\u00e7 y\u0131ld\u0131zlar\u0131 T\u00fcrkiye 3.&#8217;s\u00fc oldu","datePublished":"2025-05-16T12:41:34+00:00","mainEntityOfPage":{"@id":"http:\/\/denizcankizil.tr\/de\/haberler\/antalya\/antalyanin-genc-yildizlari-turkiye-3-su-oldu\/"},"wordCount":379,"publisher":{"@id":"https:\/\/denizcankizil.tr\/de\/#organization"},"image":{"@id":"http:\/\/denizcankizil.tr\/de\/haberler\/antalya\/antalyanin-genc-yildizlari-turkiye-3-su-oldu\/#primaryimage"},"thumbnailUrl":"https:\/\/denizcankizil.tr\/wp-content\/uploads\/2025\/05\/6374-01-sy2G2V.jpg","articleSection":["Antalya"],"inLanguage":"ru-RU"},{"@type":"WebPage","@id":"http:\/\/denizcankizil.tr\/de\/haberler\/antalya\/antalyanin-genc-yildizlari-turkiye-3-su-oldu\/","url":"http:\/\/denizcankizil.tr\/de\/haberler\/antalya\/antalyanin-genc-yildizlari-turkiye-3-su-oldu\/","name":"Antalya'n\u0131n gen\u00e7 y\u0131ld\u0131zlar\u0131 T\u00fcrkiye 3.'s\u00fc oldu - Av. Deniz Can K\u0131z\u0131l","isPartOf":{"@id":"https:\/\/denizcankizil.tr\/de\/#website"},"primaryImageOfPage":{"@id":"http:\/\/denizcankizil.tr\/de\/haberler\/antalya\/antalyanin-genc-yildizlari-turkiye-3-su-oldu\/#primaryimage"},"image":{"@id":"http:\/\/denizcankizil.tr\/de\/haberler\/antalya\/antalyanin-genc-yildizlari-turkiye-3-su-oldu\/#primaryimage"},"thumbnailUrl":"https:\/\/denizcankizil.tr\/wp-content\/uploads\/2025\/05\/6374-01-sy2G2V.jpg","datePublished":"2025-05-16T12:41:34+00:00","breadcrumb":{"@id":"http:\/\/denizcankizil.tr\/de\/haberler\/antalya\/antalyanin-genc-yildizlari-turkiye-3-su-oldu\/#breadcrumb"},"inLanguage":"ru-RU","potentialAction":[{"@type":"ReadAction","target":["http:\/\/denizcankizil.tr\/de\/haberler\/antalya\/antalyanin-genc-yildizlari-turkiye-3-su-oldu\/"]}]},{"@type":"ImageObject","inLanguage":"ru-RU","@id":"http:\/\/denizcankizil.tr\/de\/haberler\/antalya\/antalyanin-genc-yildizlari-turkiye-3-su-oldu\/#primaryimage","url":"https:\/\/denizcankizil.tr\/wp-content\/uploads\/2025\/05\/6374-01-sy2G2V.jpg","contentUrl":"https:\/\/denizcankizil.tr\/wp-content\/uploads\/2025\/05\/6374-01-sy2G2V.jpg","width":1280,"height":720},{"@type":"BreadcrumbList","@id":"http:\/\/denizcankizil.tr\/de\/haberler\/antalya\/antalyanin-genc-yildizlari-turkiye-3-su-oldu\/#breadcrumb","itemListElement":[{"@type":"ListItem","position":1,"name":"Home","item":"https:\/\/denizcankizil.tr\/de\/"},{"@type":"ListItem","position":2,"name":"Antalya&#8217;n\u0131n gen\u00e7 y\u0131ld\u0131zlar\u0131 T\u00fcrkiye 3.&#8217;s\u00fc oldu"}]},{"@type":"WebSite","@id":"https:\/\/denizcankizil.tr\/de\/#website","url":"https:\/\/denizcankizil.tr\/de\/","name":"Av. Deniz Can K\u0131z\u0131l","description":"Avukat Deniz Can K\u0131z\u0131l Antalya Barosu","publisher":{"@id":"https:\/\/denizcankizil.tr\/de\/#organization"},"potentialAction":[{"@type":"SearchAction","target":{"@type":"EntryPoint","urlTemplate":"https:\/\/denizcankizil.tr\/de\/?s={search_term_string}"},"query-input":{"@type":"PropertyValueSpecification","valueRequired":true,"valueName":"search_term_string"}}],"inLanguage":"ru-RU"},{"@type":"Organization","@id":"https:\/\/denizcankizil.tr\/de\/#organization","name":"Av. Deniz Can K\u0131z\u0131l","url":"https:\/\/denizcankizil.tr\/de\/","logo":{"@type":"ImageObject","inLanguage":"ru-RU","@id":"https:\/\/denizcankizil.tr\/de\/#\/schema\/logo\/image\/","url":"https:\/\/denizcankizil.tr\/wp-content\/uploads\/2024\/10\/siyah-logo-svg.svg","contentUrl":"https:\/\/denizcankizil.tr\/wp-content\/uploads\/2024\/10\/siyah-logo-svg.svg","width":1080,"height":1080,"caption":"Av. Deniz Can K\u0131z\u0131l"},"image":{"@id":"https:\/\/denizcankizil.tr\/de\/#\/schema\/logo\/image\/"}},{"@type":"Person","@id":"https:\/\/denizcankizil.tr\/de\/#\/schema\/person\/5dc1b22991bd7ac833867c10afc9b0ff","name":"Av. Deniz Can K\u0131z\u0131l","image":{"@type":"ImageObject","inLanguage":"ru-RU","@id":"https:\/\/denizcankizil.tr\/de\/#\/schema\/person\/image\/","url":"https:\/\/secure.gravatar.com\/avatar\/a0b128fb9855c79efc976d5640eedb31dc35ec297594d6016d2cf7c60e975bb6?s=96&d=mm&r=g","contentUrl":"https:\/\/secure.gravatar.com\/avatar\/a0b128fb9855c79efc976d5640eedb31dc35ec297594d6016d2cf7c60e975bb6?s=96&d=mm&r=g","caption":"Av. Deniz Can K\u0131z\u0131l"},"sameAs":["http:\/\/www.denizcankizil.tr"],"url":"https:\/\/denizcankizil.tr\/ru\/author\/denizcankizil\/"}]}},"_links":{"self":[{"href":"https:\/\/denizcankizil.tr\/ru\/wp-json\/wp\/v2\/posts\/88482","targetHints":{"allow":["GET"]}}],"collection":[{"href":"https:\/\/denizcankizil.tr\/ru\/wp-json\/wp\/v2\/posts"}],"about":[{"href":"https:\/\/denizcankizil.tr\/ru\/wp-json\/wp\/v2\/types\/post"}],"author":[{"embeddable":true,"href":"https:\/\/denizcankizil.tr\/ru\/wp-json\/wp\/v2\/users\/4"}],"replies":[{"embeddable":true,"href":"https:\/\/denizcankizil.tr\/ru\/wp-json\/wp\/v2\/comments?post=88482"}],"version-history":[{"count":0,"href":"https:\/\/denizcankizil.tr\/ru\/wp-json\/wp\/v2\/posts\/88482\/revisions"}],"wp:featuredmedia":[{"embeddable":true,"href":"https:\/\/denizcankizil.tr\/ru\/wp-json\/wp\/v2\/media\/88483"}],"wp:attachment":[{"href":"https:\/\/denizcankizil.tr\/ru\/wp-json\/wp\/v2\/media?parent=88482"}],"wp:term":[{"taxonomy":"category","embeddable":true,"href":"https:\/\/denizcankizil.tr\/ru\/wp-json\/wp\/v2\/categories?post=88482"},{"taxonomy":"post_tag","embeddable":true,"href":"https:\/\/denizcankizil.tr\/ru\/wp-json\/wp\/v2\/tags?post=88482"}],"curies":[{"name":"wp","href":"https:\/\/api.w.org\/{rel}","templated":true}]}}