{"id":88470,"date":"2025-05-16T14:42:30","date_gmt":"2025-05-16T11:42:30","guid":{"rendered":"https:\/\/denizcankizil.tr\/uncategorized-tr\/dmm-12-yil-ceza-alip-9-ay-yatacak-iddiasi-asilsiz\/"},"modified":"2025-05-16T14:42:30","modified_gmt":"2025-05-16T11:42:30","slug":"dmm-12-yil-ceza-alip-9-ay-yatacak-iddiasi-asilsiz","status":"publish","type":"post","link":"https:\/\/denizcankizil.tr\/ru\/haberler\/gundem\/dmm-12-yil-ceza-alip-9-ay-yatacak-iddiasi-asilsiz\/","title":{"rendered":"DMM: &#8217;12 y\u0131l ceza al\u0131p 9 ay yatacak&#8217; iddias\u0131 as\u0131ls\u0131z"},"content":{"rendered":"<p>\u0130leti\u015fim Ba\u015fkanl\u0131\u011f\u0131 Dezenformasyonla M\u00fccadele Merkezi, baz\u0131 bas\u0131n organlar\u0131nda yer alan \u201cYeni yarg\u0131 paketiyle 12 y\u0131l ceza alan biri 9 ay hapis yat\u0131p \u00e7\u0131kacak\u201d iddias\u0131n\u0131 yalanlad\u0131. 10. Yarg\u0131 Paketi\u2019nin, 2 y\u0131l alt\u0131ndaki cezalarda \u201ccezas\u0131zl\u0131k alg\u0131s\u0131n\u0131\u201d ortadan kald\u0131rmak i\u00e7in en az 8\u2019de 1 oran\u0131nda hapis zorunlulu\u011fu getirece\u011fi belirtildi.ANKARA (\u0130GFA) &#8211; Dezenformasyonla M\u00fccadele Merkezi, baz\u0131 bas\u0131n yay\u0131n organlar\u0131nda yer alan \u201cYeni yarg\u0131 paketiyle 12 y\u0131l ceza alan biri 9 ay hapis yat\u0131p \u00e7\u0131kacak\u201d iddias\u0131n\u0131n ger\u00e7e\u011fi yans\u0131tmad\u0131\u011f\u0131n\u0131 duyurdu. Merkez, kamuoyunu manip\u00fcle etmeye y\u00f6nelik bu as\u0131ls\u0131z iddialara itibar edilmemesi gerekti\u011fini vurgulad\u0131.<br \/>\n\u201cCEZASIZLIK ALGISI\u201dNA KAR\u015eI ADIM<br \/>\nAdalet Bakanl\u0131\u011f\u0131\u2019n\u0131n yapt\u0131\u011f\u0131 \u00e7al\u0131\u015fmalar, 2 y\u0131l\u0131n alt\u0131ndaki su\u00e7larda yatar olmamas\u0131n\u0131n \u201ccezas\u0131zl\u0131k alg\u0131s\u0131na\u201d yol a\u00e7t\u0131\u011f\u0131n\u0131 ortaya koydu.<br \/>\nBu kapsamda haz\u0131rlanan 10. Yarg\u0131 Paketi, cezada indirim yerine, 2 y\u0131l ve alt\u0131nda ceza alanlar\u0131n da en az 8\u2019de 1 oran\u0131nda cezaevinde kalmas\u0131n\u0131 zorunlu k\u0131laca\u011f\u0131 ve b\u00f6ylece, daha \u00f6nce hapis yat\u0131lmayan baz\u0131 su\u00e7lar i\u00e7in ceza infaz\u0131 uygulanaca\u011f\u0131 kaydedildi.<br \/>\n\u0130leti\u015fim Ba\u015fkanl\u0131\u011f\u0131&#8217;ndan yap\u0131lan a\u00e7\u0131klamada, \u201c12 y\u0131l ceza alan birinin 9 ay hapis yat\u0131p \u00e7\u0131kaca\u011f\u0131\u201d iddias\u0131n\u0131n tamamen as\u0131ls\u0131z oldu\u011funu, bu t\u00fcr hesaplamalar\u0131n ger\u00e7e\u011fi yans\u0131tmad\u0131\u011f\u0131n\u0131 belirtilirken, Yarg\u0131 Paketi\u2019nin genel af de\u011fil, infaz sisteminde d\u00fczenleme amac\u0131 ta\u015f\u0131d\u0131\u011f\u0131 ifade edildi. Paketin yasala\u015fmas\u0131 halinde, cezalar\u0131n daha etkin uygulanmas\u0131 ve cezas\u0131zl\u0131k alg\u0131s\u0131n\u0131n k\u0131r\u0131lmas\u0131 hedefleniyor.<\/p>\n<p>\u200b\u0130leti\u015fim Ba\u015fkanl\u0131\u011f\u0131 Dezenformasyonla M\u00fccadele Merkezi, baz\u0131 bas\u0131n organlar\u0131nda yer alan \u201cYeni yarg\u0131 paketiyle 12 y\u0131l ceza alan biri 9 ay hapis yat\u0131p \u00e7\u0131kacak\u201d iddias\u0131n\u0131 yalanlad\u0131. 10. Yarg\u0131 Paketi\u2019nin, 2 y\u0131l alt\u0131ndaki cezalarda \u201ccezas\u0131zl\u0131k alg\u0131s\u0131n\u0131\u201d ortadan kald\u0131rmak i\u00e7in en az 8\u2019de 1 oran\u0131nda hapis zorunlulu\u011fu getirece\u011fi belirtildi.ANKARA (\u0130GFA) &#8211; Dezenformasyonla M\u00fccadele Merkezi, baz\u0131 bas\u0131n yay\u0131n organlar\u0131nda yer alan \u201cYeni yarg\u0131 paketiyle 12 y\u0131l ceza alan biri 9 ay hapis yat\u0131p \u00e7\u0131kacak\u201d iddias\u0131n\u0131n ger\u00e7e\u011fi yans\u0131tmad\u0131\u011f\u0131n\u0131 duyurdu. Merkez, kamuoyunu manip\u00fcle etmeye y\u00f6nelik bu as\u0131ls\u0131z iddialara itibar edilmemesi gerekti\u011fini vurgulad\u0131.<br \/>\n\u201cCEZASIZLIK ALGISI\u201dNA KAR\u015eI ADIM<br \/>\nAdalet Bakanl\u0131\u011f\u0131\u2019n\u0131n yapt\u0131\u011f\u0131 \u00e7al\u0131\u015fmalar, 2 y\u0131l\u0131n alt\u0131ndaki su\u00e7larda yatar olmamas\u0131n\u0131n \u201ccezas\u0131zl\u0131k alg\u0131s\u0131na\u201d yol a\u00e7t\u0131\u011f\u0131n\u0131 ortaya koydu.<br \/>\nBu kapsamda haz\u0131rlanan 10. Yarg\u0131 Paketi, cezada indirim yerine, 2 y\u0131l ve alt\u0131nda ceza alanlar\u0131n da en az 8\u2019de 1 oran\u0131nda cezaevinde kalmas\u0131n\u0131 zorunlu k\u0131laca\u011f\u0131 ve b\u00f6ylece, daha \u00f6nce hapis yat\u0131lmayan baz\u0131 su\u00e7lar i\u00e7in ceza infaz\u0131 uygulanaca\u011f\u0131 kaydedildi.<br \/>\n\u0130leti\u015fim Ba\u015fkanl\u0131\u011f\u0131&#8217;ndan yap\u0131lan a\u00e7\u0131klamada, \u201c12 y\u0131l ceza alan birinin 9 ay hapis yat\u0131p \u00e7\u0131kaca\u011f\u0131\u201d iddias\u0131n\u0131n tamamen as\u0131ls\u0131z oldu\u011funu, bu t\u00fcr hesaplamalar\u0131n ger\u00e7e\u011fi yans\u0131tmad\u0131\u011f\u0131n\u0131 belirtilirken, Yarg\u0131 Paketi\u2019nin genel af de\u011fil, infaz sisteminde d\u00fczenleme amac\u0131 ta\u015f\u0131d\u0131\u011f\u0131 ifade edildi. Paketin yasala\u015fmas\u0131 halinde, cezalar\u0131n daha etkin uygulanmas\u0131 ve cezas\u0131zl\u0131k alg\u0131s\u0131n\u0131n k\u0131r\u0131lmas\u0131 hedefleniyor.\u00a0<\/p>\n<p>\u200bHaberin Al\u0131nt\u0131land\u0131\u011f\u0131 Kaynak: www.iskenderun.org<\/p>","protected":false},"excerpt":{"rendered":"<p>\u0130leti\u015fim Ba\u015fkanl\u0131\u011f\u0131 Dezenformasyonla M\u00fccadele Merkezi, baz\u0131 bas\u0131n organlar\u0131nda yer alan \u201cYeni yarg\u0131 paketiyle 12 y\u0131l ceza alan biri 9 ay hapis yat\u0131p \u00e7\u0131kacak\u201d iddias\u0131n\u0131 yalanlad\u0131. 10. Yarg\u0131 Paketi\u2019nin, 2 y\u0131l alt\u0131ndaki cezalarda \u201ccezas\u0131zl\u0131k alg\u0131s\u0131n\u0131\u201d ortadan kald\u0131rmak i\u00e7in en az 8\u2019de 1 oran\u0131nda hapis zorunlulu\u011fu getirece\u011fi belirtildi.ANKARA (\u0130GFA) &#8211; Dezenformasyonla M\u00fccadele Merkezi, baz\u0131 bas\u0131n yay\u0131n organlar\u0131nda yer alan \u201cYeni yarg\u0131 paketiyle 12 y\u0131l ceza alan biri 9 ay hapis yat\u0131p \u00e7\u0131kacak\u201d iddias\u0131n\u0131n ger\u00e7e\u011fi yans\u0131tmad\u0131\u011f\u0131n\u0131 duyurdu. Merkez, kamuoyunu manip\u00fcle etmeye y\u00f6nelik bu as\u0131ls\u0131z iddialara itibar edilmemesi gerekti\u011fini vurgulad\u0131. \u201cCEZASIZLIK ALGISI\u201dNA KAR\u015eI ADIM Adalet Bakanl\u0131\u011f\u0131\u2019n\u0131n yapt\u0131\u011f\u0131 \u00e7al\u0131\u015fmalar, 2 y\u0131l\u0131n alt\u0131ndaki su\u00e7larda yatar olmamas\u0131n\u0131n \u201ccezas\u0131zl\u0131k alg\u0131s\u0131na\u201d yol a\u00e7t\u0131\u011f\u0131n\u0131 ortaya koydu. Bu kapsamda haz\u0131rlanan 10. Yarg\u0131 Paketi, cezada indirim yerine, 2 y\u0131l ve alt\u0131nda ceza alanlar\u0131n da en az 8\u2019de 1 oran\u0131nda cezaevinde kalmas\u0131n\u0131 zorunlu k\u0131laca\u011f\u0131 ve b\u00f6ylece, daha \u00f6nce hapis yat\u0131lmayan baz\u0131 su\u00e7lar i\u00e7in ceza infaz\u0131 uygulanaca\u011f\u0131 kaydedildi. \u0130leti\u015fim Ba\u015fkanl\u0131\u011f\u0131&#8217;ndan yap\u0131lan a\u00e7\u0131klamada, \u201c12 y\u0131l ceza alan birinin 9 ay hapis yat\u0131p \u00e7\u0131kaca\u011f\u0131\u201d iddias\u0131n\u0131n tamamen as\u0131ls\u0131z oldu\u011funu, bu t\u00fcr hesaplamalar\u0131n ger\u00e7e\u011fi yans\u0131tmad\u0131\u011f\u0131n\u0131 belirtilirken, Yarg\u0131 Paketi\u2019nin genel af de\u011fil, infaz sisteminde d\u00fczenleme amac\u0131 ta\u015f\u0131d\u0131\u011f\u0131 ifade edildi. Paketin yasala\u015fmas\u0131 halinde, cezalar\u0131n daha etkin uygulanmas\u0131 ve cezas\u0131zl\u0131k alg\u0131s\u0131n\u0131n k\u0131r\u0131lmas\u0131 hedefleniyor. \u200b\u0130leti\u015fim Ba\u015fkanl\u0131\u011f\u0131 Dezenformasyonla M\u00fccadele Merkezi, baz\u0131 bas\u0131n organlar\u0131nda &hellip;<\/p>","protected":false},"author":1,"featured_media":0,"comment_status":"","ping_status":"open","sticky":false,"template":"","format":"standard","meta":{"_acf_changed":false,"footnotes":""},"categories":[24],"tags":[],"class_list":["post-88470","post","type-post","status-publish","format-standard","has-post-thumbnail","hentry","category-gundem"],"acf":[],"yoast_head":"<!-- This site is optimized with the Yoast SEO Premium plugin v26.6 (Yoast SEO v27.1.1) - https:\/\/yoast.com\/product\/yoast-seo-premium-wordpress\/ -->\n<title>DMM: &#039;12 y\u0131l ceza al\u0131p 9 ay yatacak&#039; iddias\u0131 as\u0131ls\u0131z - Av. Deniz Can K\u0131z\u0131l<\/title>\n<meta name=\"robots\" content=\"index, follow, max-snippet:-1, max-image-preview:large, max-video-preview:-1\" \/>\n<link rel=\"canonical\" href=\"https:\/\/denizcankizil.tr\/ru\/haberler\/gundem\/dmm-12-yil-ceza-alip-9-ay-yatacak-iddiasi-asilsiz\/\" \/>\n<meta property=\"og:locale\" content=\"ru_RU\" \/>\n<meta property=\"og:type\" content=\"article\" \/>\n<meta property=\"og:title\" content=\"DMM: &#039;12 y\u0131l ceza al\u0131p 9 ay yatacak&#039; iddias\u0131 as\u0131ls\u0131z\" \/>\n<meta property=\"og:description\" content=\"\u0130leti\u015fim Ba\u015fkanl\u0131\u011f\u0131 Dezenformasyonla M\u00fccadele Merkezi, baz\u0131 bas\u0131n organlar\u0131nda yer alan \u201cYeni yarg\u0131 paketiyle 12 y\u0131l ceza alan biri 9 ay hapis yat\u0131p \u00e7\u0131kacak\u201d iddias\u0131n\u0131 yalanlad\u0131. 10. Yarg\u0131 Paketi\u2019nin, 2 y\u0131l alt\u0131ndaki cezalarda \u201ccezas\u0131zl\u0131k alg\u0131s\u0131n\u0131\u201d ortadan kald\u0131rmak i\u00e7in en az 8\u2019de 1 oran\u0131nda hapis zorunlulu\u011fu getirece\u011fi belirtildi.ANKARA (\u0130GFA) &#8211; Dezenformasyonla M\u00fccadele Merkezi, baz\u0131 bas\u0131n yay\u0131n organlar\u0131nda yer alan \u201cYeni yarg\u0131 paketiyle 12 y\u0131l ceza alan biri 9 ay hapis yat\u0131p \u00e7\u0131kacak\u201d iddias\u0131n\u0131n ger\u00e7e\u011fi yans\u0131tmad\u0131\u011f\u0131n\u0131 duyurdu. Merkez, kamuoyunu manip\u00fcle etmeye y\u00f6nelik bu as\u0131ls\u0131z iddialara itibar edilmemesi gerekti\u011fini vurgulad\u0131. \u201cCEZASIZLIK ALGISI\u201dNA KAR\u015eI ADIM Adalet Bakanl\u0131\u011f\u0131\u2019n\u0131n yapt\u0131\u011f\u0131 \u00e7al\u0131\u015fmalar, 2 y\u0131l\u0131n alt\u0131ndaki su\u00e7larda yatar olmamas\u0131n\u0131n \u201ccezas\u0131zl\u0131k alg\u0131s\u0131na\u201d yol a\u00e7t\u0131\u011f\u0131n\u0131 ortaya koydu. Bu kapsamda haz\u0131rlanan 10. Yarg\u0131 Paketi, cezada indirim yerine, 2 y\u0131l ve alt\u0131nda ceza alanlar\u0131n da en az 8\u2019de 1 oran\u0131nda cezaevinde kalmas\u0131n\u0131 zorunlu k\u0131laca\u011f\u0131 ve b\u00f6ylece, daha \u00f6nce hapis yat\u0131lmayan baz\u0131 su\u00e7lar i\u00e7in ceza infaz\u0131 uygulanaca\u011f\u0131 kaydedildi. \u0130leti\u015fim Ba\u015fkanl\u0131\u011f\u0131&#8217;ndan yap\u0131lan a\u00e7\u0131klamada, \u201c12 y\u0131l ceza alan birinin 9 ay hapis yat\u0131p \u00e7\u0131kaca\u011f\u0131\u201d iddias\u0131n\u0131n tamamen as\u0131ls\u0131z oldu\u011funu, bu t\u00fcr hesaplamalar\u0131n ger\u00e7e\u011fi yans\u0131tmad\u0131\u011f\u0131n\u0131 belirtilirken, Yarg\u0131 Paketi\u2019nin genel af de\u011fil, infaz sisteminde d\u00fczenleme amac\u0131 ta\u015f\u0131d\u0131\u011f\u0131 ifade edildi. Paketin yasala\u015fmas\u0131 halinde, cezalar\u0131n daha etkin uygulanmas\u0131 ve cezas\u0131zl\u0131k alg\u0131s\u0131n\u0131n k\u0131r\u0131lmas\u0131 hedefleniyor. \u200b\u0130leti\u015fim Ba\u015fkanl\u0131\u011f\u0131 Dezenformasyonla M\u00fccadele Merkezi, baz\u0131 bas\u0131n organlar\u0131nda &hellip;\" \/>\n<meta property=\"og:url\" content=\"https:\/\/denizcankizil.tr\/ru\/haberler\/gundem\/dmm-12-yil-ceza-alip-9-ay-yatacak-iddiasi-asilsiz\/\" \/>\n<meta property=\"og:site_name\" content=\"Av. Deniz Can K\u0131z\u0131l\" \/>\n<meta property=\"article:published_time\" content=\"2025-05-16T11:42:30+00:00\" \/>\n<meta name=\"author\" content=\"admin\" \/>\n<meta name=\"twitter:card\" content=\"summary_large_image\" \/>\n<meta name=\"twitter:label1\" content=\"\u041d\u0430\u043f\u0438\u0441\u0430\u043d\u043e \u0430\u0432\u0442\u043e\u0440\u043e\u043c\" \/>\n\t<meta name=\"twitter:data1\" content=\"admin\" \/>\n\t<meta name=\"twitter:label2\" content=\"\u041f\u0440\u0438\u043c\u0435\u0440\u043d\u043e\u0435 \u0432\u0440\u0435\u043c\u044f \u0434\u043b\u044f \u0447\u0442\u0435\u043d\u0438\u044f\" \/>\n\t<meta name=\"twitter:data2\" content=\"3 \u043c\u0438\u043d\u0443\u0442\u044b\" \/>\n<script type=\"application\/ld+json\" class=\"yoast-schema-graph\">{\"@context\":\"https:\/\/schema.org\",\"@graph\":[{\"@type\":\"Article\",\"@id\":\"https:\/\/denizcankizil.tr\/uk\/haberler\/gundem\/dmm-12-yil-ceza-alip-9-ay-yatacak-iddiasi-asilsiz\/#article\",\"isPartOf\":{\"@id\":\"https:\/\/denizcankizil.tr\/uk\/haberler\/gundem\/dmm-12-yil-ceza-alip-9-ay-yatacak-iddiasi-asilsiz\/\"},\"author\":{\"name\":\"admin\",\"@id\":\"https:\/\/denizcankizil.tr\/de\/#\/schema\/person\/be3c05fe6a12686905512445d8185489\"},\"headline\":\"DMM: &#8217;12 y\u0131l ceza al\u0131p 9 ay yatacak&#8217; iddias\u0131 as\u0131ls\u0131z\",\"datePublished\":\"2025-05-16T11:42:30+00:00\",\"mainEntityOfPage\":{\"@id\":\"https:\/\/denizcankizil.tr\/uk\/haberler\/gundem\/dmm-12-yil-ceza-alip-9-ay-yatacak-iddiasi-asilsiz\/\"},\"wordCount\":572,\"publisher\":{\"@id\":\"https:\/\/denizcankizil.tr\/de\/#organization\"},\"articleSection\":[\"G\u00fcndem\"],\"inLanguage\":\"ru-RU\"},{\"@type\":\"WebPage\",\"@id\":\"https:\/\/denizcankizil.tr\/uk\/haberler\/gundem\/dmm-12-yil-ceza-alip-9-ay-yatacak-iddiasi-asilsiz\/\",\"url\":\"https:\/\/denizcankizil.tr\/uk\/haberler\/gundem\/dmm-12-yil-ceza-alip-9-ay-yatacak-iddiasi-asilsiz\/\",\"name\":\"DMM: '12 y\u0131l ceza al\u0131p 9 ay yatacak' iddias\u0131 as\u0131ls\u0131z - Av. Deniz Can K\u0131z\u0131l\",\"isPartOf\":{\"@id\":\"https:\/\/denizcankizil.tr\/de\/#website\"},\"datePublished\":\"2025-05-16T11:42:30+00:00\",\"breadcrumb\":{\"@id\":\"https:\/\/denizcankizil.tr\/uk\/haberler\/gundem\/dmm-12-yil-ceza-alip-9-ay-yatacak-iddiasi-asilsiz\/#breadcrumb\"},\"inLanguage\":\"ru-RU\",\"potentialAction\":[{\"@type\":\"ReadAction\",\"target\":[\"https:\/\/denizcankizil.tr\/uk\/haberler\/gundem\/dmm-12-yil-ceza-alip-9-ay-yatacak-iddiasi-asilsiz\/\"]}]},{\"@type\":\"BreadcrumbList\",\"@id\":\"https:\/\/denizcankizil.tr\/uk\/haberler\/gundem\/dmm-12-yil-ceza-alip-9-ay-yatacak-iddiasi-asilsiz\/#breadcrumb\",\"itemListElement\":[{\"@type\":\"ListItem\",\"position\":1,\"name\":\"Home\",\"item\":\"https:\/\/denizcankizil.tr\/de\/\"},{\"@type\":\"ListItem\",\"position\":2,\"name\":\"DMM: &#8217;12 y\u0131l ceza al\u0131p 9 ay yatacak&#8217; iddias\u0131 as\u0131ls\u0131z\"}]},{\"@type\":\"WebSite\",\"@id\":\"https:\/\/denizcankizil.tr\/de\/#website\",\"url\":\"https:\/\/denizcankizil.tr\/de\/\",\"name\":\"Av. Deniz Can K\u0131z\u0131l\",\"description\":\"Avukat Deniz Can K\u0131z\u0131l Antalya Barosu\",\"publisher\":{\"@id\":\"https:\/\/denizcankizil.tr\/de\/#organization\"},\"potentialAction\":[{\"@type\":\"SearchAction\",\"target\":{\"@type\":\"EntryPoint\",\"urlTemplate\":\"https:\/\/denizcankizil.tr\/de\/?s={search_term_string}\"},\"query-input\":{\"@type\":\"PropertyValueSpecification\",\"valueRequired\":true,\"valueName\":\"search_term_string\"}}],\"inLanguage\":\"ru-RU\"},{\"@type\":\"Organization\",\"@id\":\"https:\/\/denizcankizil.tr\/de\/#organization\",\"name\":\"Av. Deniz Can K\u0131z\u0131l\",\"url\":\"https:\/\/denizcankizil.tr\/de\/\",\"logo\":{\"@type\":\"ImageObject\",\"inLanguage\":\"ru-RU\",\"@id\":\"https:\/\/denizcankizil.tr\/de\/#\/schema\/logo\/image\/\",\"url\":\"https:\/\/denizcankizil.tr\/wp-content\/uploads\/2024\/10\/siyah-logo-svg.svg\",\"contentUrl\":\"https:\/\/denizcankizil.tr\/wp-content\/uploads\/2024\/10\/siyah-logo-svg.svg\",\"width\":1080,\"height\":1080,\"caption\":\"Av. Deniz Can K\u0131z\u0131l\"},\"image\":{\"@id\":\"https:\/\/denizcankizil.tr\/de\/#\/schema\/logo\/image\/\"}},{\"@type\":\"Person\",\"@id\":\"https:\/\/denizcankizil.tr\/de\/#\/schema\/person\/be3c05fe6a12686905512445d8185489\",\"name\":\"admin\",\"image\":{\"@type\":\"ImageObject\",\"inLanguage\":\"ru-RU\",\"@id\":\"https:\/\/denizcankizil.tr\/de\/#\/schema\/person\/image\/\",\"url\":\"https:\/\/secure.gravatar.com\/avatar\/c1fce94c830dc79107e174f890d7210541c4a63e8e5d816341794a2151c9d58c?s=96&d=mm&r=g\",\"contentUrl\":\"https:\/\/secure.gravatar.com\/avatar\/c1fce94c830dc79107e174f890d7210541c4a63e8e5d816341794a2151c9d58c?s=96&d=mm&r=g\",\"caption\":\"admin\"},\"sameAs\":[\"http:\/\/denizcankizil.tr\"],\"url\":\"https:\/\/www.iskenderun.org\/dmm-12-yil-ceza-alip-9-ay-yatacak-iddiasi-asilsiz\"}]}<\/script>\n<!-- \/ Yoast SEO Premium plugin. -->","yoast_head_json":{"title":"DMM: '12 y\u0131l ceza al\u0131p 9 ay yatacak' iddias\u0131 as\u0131ls\u0131z - Av. Deniz Can K\u0131z\u0131l","robots":{"index":"index","follow":"follow","max-snippet":"max-snippet:-1","max-image-preview":"max-image-preview:large","max-video-preview":"max-video-preview:-1"},"canonical":"https:\/\/denizcankizil.tr\/ru\/haberler\/gundem\/dmm-12-yil-ceza-alip-9-ay-yatacak-iddiasi-asilsiz\/","og_locale":"ru_RU","og_type":"article","og_title":"DMM: '12 y\u0131l ceza al\u0131p 9 ay yatacak' iddias\u0131 as\u0131ls\u0131z","og_description":"\u0130leti\u015fim Ba\u015fkanl\u0131\u011f\u0131 Dezenformasyonla M\u00fccadele Merkezi, baz\u0131 bas\u0131n organlar\u0131nda yer alan \u201cYeni yarg\u0131 paketiyle 12 y\u0131l ceza alan biri 9 ay hapis yat\u0131p \u00e7\u0131kacak\u201d iddias\u0131n\u0131 yalanlad\u0131. 10. Yarg\u0131 Paketi\u2019nin, 2 y\u0131l alt\u0131ndaki cezalarda \u201ccezas\u0131zl\u0131k alg\u0131s\u0131n\u0131\u201d ortadan kald\u0131rmak i\u00e7in en az 8\u2019de 1 oran\u0131nda hapis zorunlulu\u011fu getirece\u011fi belirtildi.ANKARA (\u0130GFA) &#8211; Dezenformasyonla M\u00fccadele Merkezi, baz\u0131 bas\u0131n yay\u0131n organlar\u0131nda yer alan \u201cYeni yarg\u0131 paketiyle 12 y\u0131l ceza alan biri 9 ay hapis yat\u0131p \u00e7\u0131kacak\u201d iddias\u0131n\u0131n ger\u00e7e\u011fi yans\u0131tmad\u0131\u011f\u0131n\u0131 duyurdu. Merkez, kamuoyunu manip\u00fcle etmeye y\u00f6nelik bu as\u0131ls\u0131z iddialara itibar edilmemesi gerekti\u011fini vurgulad\u0131. \u201cCEZASIZLIK ALGISI\u201dNA KAR\u015eI ADIM Adalet Bakanl\u0131\u011f\u0131\u2019n\u0131n yapt\u0131\u011f\u0131 \u00e7al\u0131\u015fmalar, 2 y\u0131l\u0131n alt\u0131ndaki su\u00e7larda yatar olmamas\u0131n\u0131n \u201ccezas\u0131zl\u0131k alg\u0131s\u0131na\u201d yol a\u00e7t\u0131\u011f\u0131n\u0131 ortaya koydu. Bu kapsamda haz\u0131rlanan 10. Yarg\u0131 Paketi, cezada indirim yerine, 2 y\u0131l ve alt\u0131nda ceza alanlar\u0131n da en az 8\u2019de 1 oran\u0131nda cezaevinde kalmas\u0131n\u0131 zorunlu k\u0131laca\u011f\u0131 ve b\u00f6ylece, daha \u00f6nce hapis yat\u0131lmayan baz\u0131 su\u00e7lar i\u00e7in ceza infaz\u0131 uygulanaca\u011f\u0131 kaydedildi. \u0130leti\u015fim Ba\u015fkanl\u0131\u011f\u0131&#8217;ndan yap\u0131lan a\u00e7\u0131klamada, \u201c12 y\u0131l ceza alan birinin 9 ay hapis yat\u0131p \u00e7\u0131kaca\u011f\u0131\u201d iddias\u0131n\u0131n tamamen as\u0131ls\u0131z oldu\u011funu, bu t\u00fcr hesaplamalar\u0131n ger\u00e7e\u011fi yans\u0131tmad\u0131\u011f\u0131n\u0131 belirtilirken, Yarg\u0131 Paketi\u2019nin genel af de\u011fil, infaz sisteminde d\u00fczenleme amac\u0131 ta\u015f\u0131d\u0131\u011f\u0131 ifade edildi. Paketin yasala\u015fmas\u0131 halinde, cezalar\u0131n daha etkin uygulanmas\u0131 ve cezas\u0131zl\u0131k alg\u0131s\u0131n\u0131n k\u0131r\u0131lmas\u0131 hedefleniyor. \u200b\u0130leti\u015fim Ba\u015fkanl\u0131\u011f\u0131 Dezenformasyonla M\u00fccadele Merkezi, baz\u0131 bas\u0131n organlar\u0131nda &hellip;","og_url":"https:\/\/denizcankizil.tr\/ru\/haberler\/gundem\/dmm-12-yil-ceza-alip-9-ay-yatacak-iddiasi-asilsiz\/","og_site_name":"Av. Deniz Can K\u0131z\u0131l","article_published_time":"2025-05-16T11:42:30+00:00","author":"admin","twitter_card":"summary_large_image","twitter_misc":{"\u041d\u0430\u043f\u0438\u0441\u0430\u043d\u043e \u0430\u0432\u0442\u043e\u0440\u043e\u043c":"admin","\u041f\u0440\u0438\u043c\u0435\u0440\u043d\u043e\u0435 \u0432\u0440\u0435\u043c\u044f \u0434\u043b\u044f \u0447\u0442\u0435\u043d\u0438\u044f":"3 \u043c\u0438\u043d\u0443\u0442\u044b"},"schema":{"@context":"https:\/\/schema.org","@graph":[{"@type":"Article","@id":"https:\/\/denizcankizil.tr\/uk\/haberler\/gundem\/dmm-12-yil-ceza-alip-9-ay-yatacak-iddiasi-asilsiz\/#article","isPartOf":{"@id":"https:\/\/denizcankizil.tr\/uk\/haberler\/gundem\/dmm-12-yil-ceza-alip-9-ay-yatacak-iddiasi-asilsiz\/"},"author":{"name":"admin","@id":"https:\/\/denizcankizil.tr\/de\/#\/schema\/person\/be3c05fe6a12686905512445d8185489"},"headline":"DMM: &#8217;12 y\u0131l ceza al\u0131p 9 ay yatacak&#8217; iddias\u0131 as\u0131ls\u0131z","datePublished":"2025-05-16T11:42:30+00:00","mainEntityOfPage":{"@id":"https:\/\/denizcankizil.tr\/uk\/haberler\/gundem\/dmm-12-yil-ceza-alip-9-ay-yatacak-iddiasi-asilsiz\/"},"wordCount":572,"publisher":{"@id":"https:\/\/denizcankizil.tr\/de\/#organization"},"articleSection":["G\u00fcndem"],"inLanguage":"ru-RU"},{"@type":"WebPage","@id":"https:\/\/denizcankizil.tr\/uk\/haberler\/gundem\/dmm-12-yil-ceza-alip-9-ay-yatacak-iddiasi-asilsiz\/","url":"https:\/\/denizcankizil.tr\/uk\/haberler\/gundem\/dmm-12-yil-ceza-alip-9-ay-yatacak-iddiasi-asilsiz\/","name":"DMM: '12 y\u0131l ceza al\u0131p 9 ay yatacak' iddias\u0131 as\u0131ls\u0131z - Av. Deniz Can K\u0131z\u0131l","isPartOf":{"@id":"https:\/\/denizcankizil.tr\/de\/#website"},"datePublished":"2025-05-16T11:42:30+00:00","breadcrumb":{"@id":"https:\/\/denizcankizil.tr\/uk\/haberler\/gundem\/dmm-12-yil-ceza-alip-9-ay-yatacak-iddiasi-asilsiz\/#breadcrumb"},"inLanguage":"ru-RU","potentialAction":[{"@type":"ReadAction","target":["https:\/\/denizcankizil.tr\/uk\/haberler\/gundem\/dmm-12-yil-ceza-alip-9-ay-yatacak-iddiasi-asilsiz\/"]}]},{"@type":"BreadcrumbList","@id":"https:\/\/denizcankizil.tr\/uk\/haberler\/gundem\/dmm-12-yil-ceza-alip-9-ay-yatacak-iddiasi-asilsiz\/#breadcrumb","itemListElement":[{"@type":"ListItem","position":1,"name":"Home","item":"https:\/\/denizcankizil.tr\/de\/"},{"@type":"ListItem","position":2,"name":"DMM: &#8217;12 y\u0131l ceza al\u0131p 9 ay yatacak&#8217; iddias\u0131 as\u0131ls\u0131z"}]},{"@type":"WebSite","@id":"https:\/\/denizcankizil.tr\/de\/#website","url":"https:\/\/denizcankizil.tr\/de\/","name":"Av. Deniz Can K\u0131z\u0131l","description":"Avukat Deniz Can K\u0131z\u0131l Antalya Barosu","publisher":{"@id":"https:\/\/denizcankizil.tr\/de\/#organization"},"potentialAction":[{"@type":"SearchAction","target":{"@type":"EntryPoint","urlTemplate":"https:\/\/denizcankizil.tr\/de\/?s={search_term_string}"},"query-input":{"@type":"PropertyValueSpecification","valueRequired":true,"valueName":"search_term_string"}}],"inLanguage":"ru-RU"},{"@type":"Organization","@id":"https:\/\/denizcankizil.tr\/de\/#organization","name":"Av. Deniz Can K\u0131z\u0131l","url":"https:\/\/denizcankizil.tr\/de\/","logo":{"@type":"ImageObject","inLanguage":"ru-RU","@id":"https:\/\/denizcankizil.tr\/de\/#\/schema\/logo\/image\/","url":"https:\/\/denizcankizil.tr\/wp-content\/uploads\/2024\/10\/siyah-logo-svg.svg","contentUrl":"https:\/\/denizcankizil.tr\/wp-content\/uploads\/2024\/10\/siyah-logo-svg.svg","width":1080,"height":1080,"caption":"Av. Deniz Can K\u0131z\u0131l"},"image":{"@id":"https:\/\/denizcankizil.tr\/de\/#\/schema\/logo\/image\/"}},{"@type":"Person","@id":"https:\/\/denizcankizil.tr\/de\/#\/schema\/person\/be3c05fe6a12686905512445d8185489","name":"\u0430\u0434\u043c\u0438\u043d","image":{"@type":"ImageObject","inLanguage":"ru-RU","@id":"https:\/\/denizcankizil.tr\/de\/#\/schema\/person\/image\/","url":"https:\/\/secure.gravatar.com\/avatar\/c1fce94c830dc79107e174f890d7210541c4a63e8e5d816341794a2151c9d58c?s=96&d=mm&r=g","contentUrl":"https:\/\/secure.gravatar.com\/avatar\/c1fce94c830dc79107e174f890d7210541c4a63e8e5d816341794a2151c9d58c?s=96&d=mm&r=g","caption":"admin"},"sameAs":["http:\/\/denizcankizil.tr"],"url":"https:\/\/www.iskenderun.org\/dmm-12-yil-ceza-alip-9-ay-yatacak-iddiasi-asilsiz"}]}},"_links":{"self":[{"href":"https:\/\/denizcankizil.tr\/ru\/wp-json\/wp\/v2\/posts\/88470","targetHints":{"allow":["GET"]}}],"collection":[{"href":"https:\/\/denizcankizil.tr\/ru\/wp-json\/wp\/v2\/posts"}],"about":[{"href":"https:\/\/denizcankizil.tr\/ru\/wp-json\/wp\/v2\/types\/post"}],"author":[{"embeddable":true,"href":"https:\/\/denizcankizil.tr\/ru\/wp-json\/wp\/v2\/users\/1"}],"replies":[{"embeddable":true,"href":"https:\/\/denizcankizil.tr\/ru\/wp-json\/wp\/v2\/comments?post=88470"}],"version-history":[{"count":0,"href":"https:\/\/denizcankizil.tr\/ru\/wp-json\/wp\/v2\/posts\/88470\/revisions"}],"wp:attachment":[{"href":"https:\/\/denizcankizil.tr\/ru\/wp-json\/wp\/v2\/media?parent=88470"}],"wp:term":[{"taxonomy":"category","embeddable":true,"href":"https:\/\/denizcankizil.tr\/ru\/wp-json\/wp\/v2\/categories?post=88470"},{"taxonomy":"post_tag","embeddable":true,"href":"https:\/\/denizcankizil.tr\/ru\/wp-json\/wp\/v2\/tags?post=88470"}],"curies":[{"name":"wp","href":"https:\/\/api.w.org\/{rel}","templated":true}]}}