{"id":88425,"date":"2025-05-16T14:41:22","date_gmt":"2025-05-16T11:41:22","guid":{"rendered":"https:\/\/denizcankizil.tr\/uncategorized-tr\/akdeniz-heykeli-antalya-ve-akdenizle-bulustu\/"},"modified":"2025-05-16T14:41:22","modified_gmt":"2025-05-16T11:41:22","slug":"akdeniz-heykeli-antalya-ve-akdenizle-bulustu","status":"publish","type":"post","link":"https:\/\/denizcankizil.tr\/ru\/haberler\/antalya\/akdeniz-heykeli-antalya-ve-akdenizle-bulustu\/","title":{"rendered":"&#8216;Akdeniz Heykeli&#8217; Antalya ve Akdeniz&#8217;le bulu\u015ftu"},"content":{"rendered":"<p>Antalya Ticaret ve Sanayi Odas\u0131 (ATSO) E\u011fitim Ara\u015ft\u0131rma ve K\u00fclt\u00fcr Vakf\u0131 Ba\u015fkan\u0131 ve ATSO Y\u00f6netim Kurulu Ba\u015fkan\u0131 Yusuf Hac\u0131s\u00fcleyman&#8217;\u0131n ev sahipli\u011finde, modern heykel sanat\u0131n\u0131n \u00f6nc\u00fclerinden \u0130lhan Koman&#8217;\u0131n 50 eserinden olu\u015fan retrospektif &#8216;Akdeniz&#8217;e Do\u011fru&#8217; sergisinin a\u00e7\u0131l\u0131\u015f\u0131, Antalya K\u00fclt\u00fcr Sanat&#8217;ta ger\u00e7ekle\u015fti. \u0130lhan Koman Vakf\u0131 i\u015f birli\u011fiyle d\u00fczenlenen ve k\u00fcrat\u00f6rl\u00fc\u011f\u00fcn\u00fc \u00d6mer Faruk \u015eerifo\u011flu&#8217;nun \u00fcstlendi\u011fi sergi, heykel sanat\u0131n\u0131n dev isimlerinden Koman&#8217;\u0131n hayat\u0131n\u0131 ve eserlerini kapsaml\u0131 bir retrospektifle sunuyor.<\/p>\n<p>&#8216;ANTALYAMIZA \u00c7OK YAKI\u015eACAK&#8217;<\/p>\n<p>A\u00e7\u0131l\u0131\u015fta konu\u015fan Ba\u015fkan Hac\u0131s\u00fcleyman, \u0130lhan Koman&#8217;\u0131n en tan\u0131nan eserlerinden olan &#8216;Akdeniz Heykeli&#8217;ni Antalya&#8217;ya kazand\u0131rmak istediklerini belirterek, \u201c\u0130lhan Koman&#8217;\u0131n vasiyeti niteli\u011findeki bu esere \u00e7ok iyi ev sahipli\u011fi yapaca\u011f\u0131m\u0131za inan\u0131yorum. Antalyam\u0131za da \u00e7ok yak\u0131\u015faca\u011f\u0131n\u0131 d\u00fc\u015f\u00fcn\u00fcyorum&#8221; dedi.<\/p>\n<p>SANAT VE \u0130\u015e D\u00dcNYASI A\u00c7ILI\u015eTA BULU\u015eTU<\/p>\n<p>Sergi a\u00e7\u0131l\u0131\u015f\u0131na \u0130lhan Koman Vakf\u0131 Y\u00f6netim Kurulu Ba\u015fkan\u0131 Ahmet Koman, ATSO Y\u00f6netim Kurulu Ba\u015fkan Yard\u0131mc\u0131s\u0131 Hakan Pakal\u0131n, Sayman \u00dcye Murat Toto\u015f, ATSO Meclis \u00dcyesi ve Vak\u0131f Ba\u015fkan Yard\u0131mc\u0131s\u0131 \u00d6mer Gilan, Vak\u0131f Y\u00f6netim Kurulu \u00dcyesi ve T\u00dcRSAB Antalya Muratpa\u015fa BTK Ba\u015fkan\u0131 Onur \u00d6zer, ATSO Meclis \u00dcyesi ve ATAV Ba\u015fkan\u0131 Emir G\u00fcndal, BAKS\u0130FED Ba\u015fkan\u0131 Mustafa Cengiz ve \u00e7ok say\u0131da sanatsever kat\u0131ld\u0131.<\/p>\n<p>KOMAN&#8217;IN AKDEN\u0130Z&#8217;LE \u00d6ZDE\u015eLE\u015eEN HEYKEL\u0130 ANTALYA&#8217;DA<\/p>\n<p>Serginin merkezinde yer alan &#8216;Akdeniz Heykeli&#8217;, yaln\u0131zca bi\u00e7imiyle de\u011fil, ta\u015f\u0131d\u0131\u011f\u0131 anlamla da izleyicileri derinden etkiliyor. Koman&#8217;\u0131n, \u201cSevgiyi ve kucakla\u015fmay\u0131 anlat\u0131rken bir kad\u0131n\u0131n b\u00fct\u00fcnl\u00fc\u011f\u00fcnden yararlanmak istedim&#8221; s\u00f6zleriyle tan\u0131mlad\u0131\u011f\u0131 bu eser, bir zamanlar \u0130stanbul&#8217;da bir bina \u00f6n\u00fcne yerle\u015ftirilmi\u015f, ancak sanat\u00e7\u0131 bu yerle\u015ftirmeden memnun kalmam\u0131\u015ft\u0131. Yak\u0131n dostu G\u00fcne\u015f Karabuda&#8217;n\u0131n aktard\u0131\u011f\u0131na g\u00f6re Koman, \u201cG\u00fcneyde bir Akdeniz kentinin liman giri\u015fine konsa, gemiler ona d\u00fcd\u00fck \u00e7alsa&#8221; s\u00f6zleriyle ifade etmi\u015fti.<\/p>\n<p>Sergi K\u00fcrat\u00f6r\u00fc \u00d6mer Faruk \u015eerifo\u011flu, \u0130lhan Koman&#8217;\u0131n heykellerinde hareketin merkezde oldu\u011funu belirterek, \u201cAkdeniz Heykeli&#8217;nin yar\u0131s\u0131 metalden, di\u011fer yar\u0131s\u0131 bo\u015fluktan yap\u0131lm\u0131\u015ft\u0131r. Bu y\u00fczden i\u00e7inde bulundu\u011fu mek\u00e2na hayat verir&#8221; ifadelerini kulland\u0131. Sanat\u00e7\u0131n\u0131n \u00f6l\u00fcm\u00fcn\u00fcn 40&#8217;\u0131nc\u0131 y\u0131l\u0131nda d\u00fczenlenen bu \u00f6zel sergi, 10 A\u011fustos tarihine kadar Antalya K\u00fclt\u00fcr Sanat&#8217;ta sanatseverlerin ziyaretine a\u00e7\u0131k olacak.<\/p>\n<p>Kaynak: www.kanalv.com.tr Haber Sitesinden Al\u0131nm\u0131\u015ft\u0131r.<\/p>","protected":false},"excerpt":{"rendered":"<p>Antalya Ticaret ve Sanayi Odas\u0131 (ATSO) E\u011fitim Ara\u015ft\u0131rma ve K\u00fclt\u00fcr Vakf\u0131 Ba\u015fkan\u0131 ve ATSO Y\u00f6netim Kurulu Ba\u015fkan\u0131 Yusuf Hac\u0131s\u00fcleyman&#8217;\u0131n ev sahipli\u011finde, modern heykel sanat\u0131n\u0131n \u00f6nc\u00fclerinden \u0130lhan Koman&#8217;\u0131n 50 eserinden olu\u015fan retrospektif &#8216;Akdeniz&#8217;e Do\u011fru&#8217; sergisinin a\u00e7\u0131l\u0131\u015f\u0131, Antalya K\u00fclt\u00fcr Sanat&#8217;ta ger\u00e7ekle\u015fti. \u0130lhan Koman Vakf\u0131 i\u015f birli\u011fiyle d\u00fczenlenen ve k\u00fcrat\u00f6rl\u00fc\u011f\u00fcn\u00fc \u00d6mer Faruk \u015eerifo\u011flu&#8217;nun \u00fcstlendi\u011fi sergi, heykel sanat\u0131n\u0131n dev isimlerinden Koman&#8217;\u0131n hayat\u0131n\u0131 ve eserlerini kapsaml\u0131 bir retrospektifle sunuyor. &#8216;ANTALYAMIZA \u00c7OK YAKI\u015eACAK&#8217; A\u00e7\u0131l\u0131\u015fta konu\u015fan Ba\u015fkan Hac\u0131s\u00fcleyman, \u0130lhan Koman&#8217;\u0131n en tan\u0131nan eserlerinden olan &#8216;Akdeniz Heykeli&#8217;ni Antalya&#8217;ya kazand\u0131rmak istediklerini belirterek, \u201c\u0130lhan Koman&#8217;\u0131n vasiyeti niteli\u011findeki bu esere \u00e7ok iyi ev sahipli\u011fi yapaca\u011f\u0131m\u0131za inan\u0131yorum. Antalyam\u0131za da \u00e7ok yak\u0131\u015faca\u011f\u0131n\u0131 d\u00fc\u015f\u00fcn\u00fcyorum&#8221; dedi. SANAT VE \u0130\u015e D\u00dcNYASI A\u00c7ILI\u015eTA BULU\u015eTU Sergi a\u00e7\u0131l\u0131\u015f\u0131na \u0130lhan Koman Vakf\u0131 Y\u00f6netim Kurulu Ba\u015fkan\u0131 Ahmet Koman, ATSO Y\u00f6netim Kurulu Ba\u015fkan Yard\u0131mc\u0131s\u0131 Hakan Pakal\u0131n, Sayman \u00dcye Murat Toto\u015f, ATSO Meclis \u00dcyesi ve Vak\u0131f Ba\u015fkan Yard\u0131mc\u0131s\u0131 \u00d6mer Gilan, Vak\u0131f Y\u00f6netim Kurulu \u00dcyesi ve T\u00dcRSAB Antalya Muratpa\u015fa BTK Ba\u015fkan\u0131 Onur \u00d6zer, ATSO Meclis \u00dcyesi ve ATAV Ba\u015fkan\u0131 Emir G\u00fcndal, BAKS\u0130FED Ba\u015fkan\u0131 Mustafa Cengiz ve \u00e7ok say\u0131da sanatsever kat\u0131ld\u0131. KOMAN&#8217;IN AKDEN\u0130Z&#8217;LE \u00d6ZDE\u015eLE\u015eEN HEYKEL\u0130 ANTALYA&#8217;DA Serginin merkezinde yer alan &#8216;Akdeniz Heykeli&#8217;, yaln\u0131zca bi\u00e7imiyle de\u011fil, ta\u015f\u0131d\u0131\u011f\u0131 anlamla da izleyicileri derinden etkiliyor. Koman&#8217;\u0131n, \u201cSevgiyi ve kucakla\u015fmay\u0131 anlat\u0131rken bir kad\u0131n\u0131n b\u00fct\u00fcnl\u00fc\u011f\u00fcnden yararlanmak istedim&#8221; s\u00f6zleriyle tan\u0131mlad\u0131\u011f\u0131 bu eser, &hellip;<\/p>","protected":false},"author":4,"featured_media":88426,"comment_status":"","ping_status":"open","sticky":false,"template":"","format":"standard","meta":{"_acf_changed":false,"footnotes":""},"categories":[26],"tags":[],"class_list":["post-88425","post","type-post","status-publish","format-standard","has-post-thumbnail","hentry","category-antalya"],"acf":[],"yoast_head":"<!-- This site is optimized with the Yoast SEO Premium plugin v26.6 (Yoast SEO v27.1.1) - https:\/\/yoast.com\/product\/yoast-seo-premium-wordpress\/ -->\n<title>&#039;Akdeniz Heykeli&#039; Antalya ve Akdeniz&#039;le bulu\u015ftu - Av. Deniz Can K\u0131z\u0131l<\/title>\n<meta name=\"robots\" content=\"index, follow, max-snippet:-1, max-image-preview:large, max-video-preview:-1\" \/>\n<link rel=\"canonical\" href=\"https:\/\/denizcankizil.tr\/ru\/haberler\/antalya\/akdeniz-heykeli-antalya-ve-akdenizle-bulustu\/\" \/>\n<meta property=\"og:locale\" content=\"ru_RU\" \/>\n<meta property=\"og:type\" content=\"article\" \/>\n<meta property=\"og:title\" content=\"&#039;Akdeniz Heykeli&#039; Antalya ve Akdeniz&#039;le bulu\u015ftu\" \/>\n<meta property=\"og:description\" content=\"Antalya Ticaret ve Sanayi Odas\u0131 (ATSO) E\u011fitim Ara\u015ft\u0131rma ve K\u00fclt\u00fcr Vakf\u0131 Ba\u015fkan\u0131 ve ATSO Y\u00f6netim Kurulu Ba\u015fkan\u0131 Yusuf Hac\u0131s\u00fcleyman&#8217;\u0131n ev sahipli\u011finde, modern heykel sanat\u0131n\u0131n \u00f6nc\u00fclerinden \u0130lhan Koman&#8217;\u0131n 50 eserinden olu\u015fan retrospektif &#8216;Akdeniz&#8217;e Do\u011fru&#8217; sergisinin a\u00e7\u0131l\u0131\u015f\u0131, Antalya K\u00fclt\u00fcr Sanat&#8217;ta ger\u00e7ekle\u015fti. \u0130lhan Koman Vakf\u0131 i\u015f birli\u011fiyle d\u00fczenlenen ve k\u00fcrat\u00f6rl\u00fc\u011f\u00fcn\u00fc \u00d6mer Faruk \u015eerifo\u011flu&#8217;nun \u00fcstlendi\u011fi sergi, heykel sanat\u0131n\u0131n dev isimlerinden Koman&#8217;\u0131n hayat\u0131n\u0131 ve eserlerini kapsaml\u0131 bir retrospektifle sunuyor. &#8216;ANTALYAMIZA \u00c7OK YAKI\u015eACAK&#8217; A\u00e7\u0131l\u0131\u015fta konu\u015fan Ba\u015fkan Hac\u0131s\u00fcleyman, \u0130lhan Koman&#8217;\u0131n en tan\u0131nan eserlerinden olan &#8216;Akdeniz Heykeli&#8217;ni Antalya&#8217;ya kazand\u0131rmak istediklerini belirterek, \u201c\u0130lhan Koman&#8217;\u0131n vasiyeti niteli\u011findeki bu esere \u00e7ok iyi ev sahipli\u011fi yapaca\u011f\u0131m\u0131za inan\u0131yorum. Antalyam\u0131za da \u00e7ok yak\u0131\u015faca\u011f\u0131n\u0131 d\u00fc\u015f\u00fcn\u00fcyorum&#8221; dedi. SANAT VE \u0130\u015e D\u00dcNYASI A\u00c7ILI\u015eTA BULU\u015eTU Sergi a\u00e7\u0131l\u0131\u015f\u0131na \u0130lhan Koman Vakf\u0131 Y\u00f6netim Kurulu Ba\u015fkan\u0131 Ahmet Koman, ATSO Y\u00f6netim Kurulu Ba\u015fkan Yard\u0131mc\u0131s\u0131 Hakan Pakal\u0131n, Sayman \u00dcye Murat Toto\u015f, ATSO Meclis \u00dcyesi ve Vak\u0131f Ba\u015fkan Yard\u0131mc\u0131s\u0131 \u00d6mer Gilan, Vak\u0131f Y\u00f6netim Kurulu \u00dcyesi ve T\u00dcRSAB Antalya Muratpa\u015fa BTK Ba\u015fkan\u0131 Onur \u00d6zer, ATSO Meclis \u00dcyesi ve ATAV Ba\u015fkan\u0131 Emir G\u00fcndal, BAKS\u0130FED Ba\u015fkan\u0131 Mustafa Cengiz ve \u00e7ok say\u0131da sanatsever kat\u0131ld\u0131. KOMAN&#8217;IN AKDEN\u0130Z&#8217;LE \u00d6ZDE\u015eLE\u015eEN HEYKEL\u0130 ANTALYA&#8217;DA Serginin merkezinde yer alan &#8216;Akdeniz Heykeli&#8217;, yaln\u0131zca bi\u00e7imiyle de\u011fil, ta\u015f\u0131d\u0131\u011f\u0131 anlamla da izleyicileri derinden etkiliyor. Koman&#8217;\u0131n, \u201cSevgiyi ve kucakla\u015fmay\u0131 anlat\u0131rken bir kad\u0131n\u0131n b\u00fct\u00fcnl\u00fc\u011f\u00fcnden yararlanmak istedim&#8221; s\u00f6zleriyle tan\u0131mlad\u0131\u011f\u0131 bu eser, &hellip;\" \/>\n<meta property=\"og:url\" content=\"https:\/\/denizcankizil.tr\/ru\/haberler\/antalya\/akdeniz-heykeli-antalya-ve-akdenizle-bulustu\/\" \/>\n<meta property=\"og:site_name\" content=\"Av. Deniz Can K\u0131z\u0131l\" \/>\n<meta property=\"article:published_time\" content=\"2025-05-16T11:41:22+00:00\" \/>\n<meta property=\"og:image\" content=\"https:\/\/denizcankizil.tr\/wp-content\/uploads\/2025\/05\/6372-01-6YxjtT.jpg\" \/>\n\t<meta property=\"og:image:width\" content=\"1280\" \/>\n\t<meta property=\"og:image:height\" content=\"720\" \/>\n\t<meta property=\"og:image:type\" content=\"image\/jpeg\" \/>\n<meta name=\"author\" content=\"Av. Deniz Can K\u0131z\u0131l\" \/>\n<meta name=\"twitter:card\" content=\"summary_large_image\" \/>\n<meta name=\"twitter:label1\" content=\"\u041d\u0430\u043f\u0438\u0441\u0430\u043d\u043e \u0430\u0432\u0442\u043e\u0440\u043e\u043c\" \/>\n\t<meta name=\"twitter:data1\" content=\"Av. Deniz Can K\u0131z\u0131l\" \/>\n\t<meta name=\"twitter:label2\" content=\"\u041f\u0440\u0438\u043c\u0435\u0440\u043d\u043e\u0435 \u0432\u0440\u0435\u043c\u044f \u0434\u043b\u044f \u0447\u0442\u0435\u043d\u0438\u044f\" \/>\n\t<meta name=\"twitter:data2\" content=\"2 \u043c\u0438\u043d\u0443\u0442\u044b\" \/>\n<script type=\"application\/ld+json\" class=\"yoast-schema-graph\">{\"@context\":\"https:\/\/schema.org\",\"@graph\":[{\"@type\":\"Article\",\"@id\":\"https:\/\/denizcankizil.tr\/ru\/haberler\/antalya\/akdeniz-heykeli-antalya-ve-akdenizle-bulustu\/#article\",\"isPartOf\":{\"@id\":\"https:\/\/denizcankizil.tr\/ru\/haberler\/antalya\/akdeniz-heykeli-antalya-ve-akdenizle-bulustu\/\"},\"author\":{\"name\":\"Av. Deniz Can K\u0131z\u0131l\",\"@id\":\"https:\/\/denizcankizil.tr\/de\/#\/schema\/person\/5dc1b22991bd7ac833867c10afc9b0ff\"},\"headline\":\"&#8216;Akdeniz Heykeli&#8217; Antalya ve Akdeniz&#8217;le bulu\u015ftu\",\"datePublished\":\"2025-05-16T11:41:22+00:00\",\"mainEntityOfPage\":{\"@id\":\"https:\/\/denizcankizil.tr\/ru\/haberler\/antalya\/akdeniz-heykeli-antalya-ve-akdenizle-bulustu\/\"},\"wordCount\":453,\"publisher\":{\"@id\":\"https:\/\/denizcankizil.tr\/de\/#organization\"},\"image\":{\"@id\":\"https:\/\/denizcankizil.tr\/ru\/haberler\/antalya\/akdeniz-heykeli-antalya-ve-akdenizle-bulustu\/#primaryimage\"},\"thumbnailUrl\":\"https:\/\/denizcankizil.tr\/wp-content\/uploads\/2025\/05\/6372-01-6YxjtT.jpg\",\"articleSection\":[\"Antalya\"],\"inLanguage\":\"ru-RU\"},{\"@type\":\"WebPage\",\"@id\":\"https:\/\/denizcankizil.tr\/ru\/haberler\/antalya\/akdeniz-heykeli-antalya-ve-akdenizle-bulustu\/\",\"url\":\"https:\/\/denizcankizil.tr\/ru\/haberler\/antalya\/akdeniz-heykeli-antalya-ve-akdenizle-bulustu\/\",\"name\":\"'Akdeniz Heykeli' Antalya ve Akdeniz'le bulu\u015ftu - Av. Deniz Can K\u0131z\u0131l\",\"isPartOf\":{\"@id\":\"https:\/\/denizcankizil.tr\/de\/#website\"},\"primaryImageOfPage\":{\"@id\":\"https:\/\/denizcankizil.tr\/ru\/haberler\/antalya\/akdeniz-heykeli-antalya-ve-akdenizle-bulustu\/#primaryimage\"},\"image\":{\"@id\":\"https:\/\/denizcankizil.tr\/ru\/haberler\/antalya\/akdeniz-heykeli-antalya-ve-akdenizle-bulustu\/#primaryimage\"},\"thumbnailUrl\":\"https:\/\/denizcankizil.tr\/wp-content\/uploads\/2025\/05\/6372-01-6YxjtT.jpg\",\"datePublished\":\"2025-05-16T11:41:22+00:00\",\"breadcrumb\":{\"@id\":\"https:\/\/denizcankizil.tr\/ru\/haberler\/antalya\/akdeniz-heykeli-antalya-ve-akdenizle-bulustu\/#breadcrumb\"},\"inLanguage\":\"ru-RU\",\"potentialAction\":[{\"@type\":\"ReadAction\",\"target\":[\"https:\/\/denizcankizil.tr\/ru\/haberler\/antalya\/akdeniz-heykeli-antalya-ve-akdenizle-bulustu\/\"]}]},{\"@type\":\"ImageObject\",\"inLanguage\":\"ru-RU\",\"@id\":\"https:\/\/denizcankizil.tr\/ru\/haberler\/antalya\/akdeniz-heykeli-antalya-ve-akdenizle-bulustu\/#primaryimage\",\"url\":\"https:\/\/denizcankizil.tr\/wp-content\/uploads\/2025\/05\/6372-01-6YxjtT.jpg\",\"contentUrl\":\"https:\/\/denizcankizil.tr\/wp-content\/uploads\/2025\/05\/6372-01-6YxjtT.jpg\",\"width\":1280,\"height\":720},{\"@type\":\"BreadcrumbList\",\"@id\":\"https:\/\/denizcankizil.tr\/ru\/haberler\/antalya\/akdeniz-heykeli-antalya-ve-akdenizle-bulustu\/#breadcrumb\",\"itemListElement\":[{\"@type\":\"ListItem\",\"position\":1,\"name\":\"Home\",\"item\":\"https:\/\/denizcankizil.tr\/de\/\"},{\"@type\":\"ListItem\",\"position\":2,\"name\":\"&#8216;Akdeniz Heykeli&#8217; Antalya ve Akdeniz&#8217;le bulu\u015ftu\"}]},{\"@type\":\"WebSite\",\"@id\":\"https:\/\/denizcankizil.tr\/de\/#website\",\"url\":\"https:\/\/denizcankizil.tr\/de\/\",\"name\":\"Av. Deniz Can K\u0131z\u0131l\",\"description\":\"Avukat Deniz Can K\u0131z\u0131l Antalya Barosu\",\"publisher\":{\"@id\":\"https:\/\/denizcankizil.tr\/de\/#organization\"},\"potentialAction\":[{\"@type\":\"SearchAction\",\"target\":{\"@type\":\"EntryPoint\",\"urlTemplate\":\"https:\/\/denizcankizil.tr\/de\/?s={search_term_string}\"},\"query-input\":{\"@type\":\"PropertyValueSpecification\",\"valueRequired\":true,\"valueName\":\"search_term_string\"}}],\"inLanguage\":\"ru-RU\"},{\"@type\":\"Organization\",\"@id\":\"https:\/\/denizcankizil.tr\/de\/#organization\",\"name\":\"Av. Deniz Can K\u0131z\u0131l\",\"url\":\"https:\/\/denizcankizil.tr\/de\/\",\"logo\":{\"@type\":\"ImageObject\",\"inLanguage\":\"ru-RU\",\"@id\":\"https:\/\/denizcankizil.tr\/de\/#\/schema\/logo\/image\/\",\"url\":\"https:\/\/denizcankizil.tr\/wp-content\/uploads\/2024\/10\/siyah-logo-svg.svg\",\"contentUrl\":\"https:\/\/denizcankizil.tr\/wp-content\/uploads\/2024\/10\/siyah-logo-svg.svg\",\"width\":1080,\"height\":1080,\"caption\":\"Av. Deniz Can K\u0131z\u0131l\"},\"image\":{\"@id\":\"https:\/\/denizcankizil.tr\/de\/#\/schema\/logo\/image\/\"}},{\"@type\":\"Person\",\"@id\":\"https:\/\/denizcankizil.tr\/de\/#\/schema\/person\/5dc1b22991bd7ac833867c10afc9b0ff\",\"name\":\"Av. Deniz Can K\u0131z\u0131l\",\"image\":{\"@type\":\"ImageObject\",\"inLanguage\":\"ru-RU\",\"@id\":\"https:\/\/denizcankizil.tr\/de\/#\/schema\/person\/image\/\",\"url\":\"https:\/\/secure.gravatar.com\/avatar\/a0b128fb9855c79efc976d5640eedb31dc35ec297594d6016d2cf7c60e975bb6?s=96&d=mm&r=g\",\"contentUrl\":\"https:\/\/secure.gravatar.com\/avatar\/a0b128fb9855c79efc976d5640eedb31dc35ec297594d6016d2cf7c60e975bb6?s=96&d=mm&r=g\",\"caption\":\"Av. Deniz Can K\u0131z\u0131l\"},\"sameAs\":[\"http:\/\/www.denizcankizil.tr\"],\"url\":\"https:\/\/denizcankizil.tr\/ru\/author\/denizcankizil\/\"}]}<\/script>\n<!-- \/ Yoast SEO Premium plugin. -->","yoast_head_json":{"title":"'Akdeniz Heykeli' Antalya ve Akdeniz'le bulu\u015ftu - Av. Deniz Can K\u0131z\u0131l","robots":{"index":"index","follow":"follow","max-snippet":"max-snippet:-1","max-image-preview":"max-image-preview:large","max-video-preview":"max-video-preview:-1"},"canonical":"https:\/\/denizcankizil.tr\/ru\/haberler\/antalya\/akdeniz-heykeli-antalya-ve-akdenizle-bulustu\/","og_locale":"ru_RU","og_type":"article","og_title":"'Akdeniz Heykeli' Antalya ve Akdeniz'le bulu\u015ftu","og_description":"Antalya Ticaret ve Sanayi Odas\u0131 (ATSO) E\u011fitim Ara\u015ft\u0131rma ve K\u00fclt\u00fcr Vakf\u0131 Ba\u015fkan\u0131 ve ATSO Y\u00f6netim Kurulu Ba\u015fkan\u0131 Yusuf Hac\u0131s\u00fcleyman&#8217;\u0131n ev sahipli\u011finde, modern heykel sanat\u0131n\u0131n \u00f6nc\u00fclerinden \u0130lhan Koman&#8217;\u0131n 50 eserinden olu\u015fan retrospektif &#8216;Akdeniz&#8217;e Do\u011fru&#8217; sergisinin a\u00e7\u0131l\u0131\u015f\u0131, Antalya K\u00fclt\u00fcr Sanat&#8217;ta ger\u00e7ekle\u015fti. \u0130lhan Koman Vakf\u0131 i\u015f birli\u011fiyle d\u00fczenlenen ve k\u00fcrat\u00f6rl\u00fc\u011f\u00fcn\u00fc \u00d6mer Faruk \u015eerifo\u011flu&#8217;nun \u00fcstlendi\u011fi sergi, heykel sanat\u0131n\u0131n dev isimlerinden Koman&#8217;\u0131n hayat\u0131n\u0131 ve eserlerini kapsaml\u0131 bir retrospektifle sunuyor. &#8216;ANTALYAMIZA \u00c7OK YAKI\u015eACAK&#8217; A\u00e7\u0131l\u0131\u015fta konu\u015fan Ba\u015fkan Hac\u0131s\u00fcleyman, \u0130lhan Koman&#8217;\u0131n en tan\u0131nan eserlerinden olan &#8216;Akdeniz Heykeli&#8217;ni Antalya&#8217;ya kazand\u0131rmak istediklerini belirterek, \u201c\u0130lhan Koman&#8217;\u0131n vasiyeti niteli\u011findeki bu esere \u00e7ok iyi ev sahipli\u011fi yapaca\u011f\u0131m\u0131za inan\u0131yorum. Antalyam\u0131za da \u00e7ok yak\u0131\u015faca\u011f\u0131n\u0131 d\u00fc\u015f\u00fcn\u00fcyorum&#8221; dedi. SANAT VE \u0130\u015e D\u00dcNYASI A\u00c7ILI\u015eTA BULU\u015eTU Sergi a\u00e7\u0131l\u0131\u015f\u0131na \u0130lhan Koman Vakf\u0131 Y\u00f6netim Kurulu Ba\u015fkan\u0131 Ahmet Koman, ATSO Y\u00f6netim Kurulu Ba\u015fkan Yard\u0131mc\u0131s\u0131 Hakan Pakal\u0131n, Sayman \u00dcye Murat Toto\u015f, ATSO Meclis \u00dcyesi ve Vak\u0131f Ba\u015fkan Yard\u0131mc\u0131s\u0131 \u00d6mer Gilan, Vak\u0131f Y\u00f6netim Kurulu \u00dcyesi ve T\u00dcRSAB Antalya Muratpa\u015fa BTK Ba\u015fkan\u0131 Onur \u00d6zer, ATSO Meclis \u00dcyesi ve ATAV Ba\u015fkan\u0131 Emir G\u00fcndal, BAKS\u0130FED Ba\u015fkan\u0131 Mustafa Cengiz ve \u00e7ok say\u0131da sanatsever kat\u0131ld\u0131. KOMAN&#8217;IN AKDEN\u0130Z&#8217;LE \u00d6ZDE\u015eLE\u015eEN HEYKEL\u0130 ANTALYA&#8217;DA Serginin merkezinde yer alan &#8216;Akdeniz Heykeli&#8217;, yaln\u0131zca bi\u00e7imiyle de\u011fil, ta\u015f\u0131d\u0131\u011f\u0131 anlamla da izleyicileri derinden etkiliyor. Koman&#8217;\u0131n, \u201cSevgiyi ve kucakla\u015fmay\u0131 anlat\u0131rken bir kad\u0131n\u0131n b\u00fct\u00fcnl\u00fc\u011f\u00fcnden yararlanmak istedim&#8221; s\u00f6zleriyle tan\u0131mlad\u0131\u011f\u0131 bu eser, &hellip;","og_url":"https:\/\/denizcankizil.tr\/ru\/haberler\/antalya\/akdeniz-heykeli-antalya-ve-akdenizle-bulustu\/","og_site_name":"Av. Deniz Can K\u0131z\u0131l","article_published_time":"2025-05-16T11:41:22+00:00","og_image":[{"width":1280,"height":720,"url":"https:\/\/denizcankizil.tr\/wp-content\/uploads\/2025\/05\/6372-01-6YxjtT.jpg","type":"image\/jpeg"}],"author":"Av. Deniz Can K\u0131z\u0131l","twitter_card":"summary_large_image","twitter_misc":{"\u041d\u0430\u043f\u0438\u0441\u0430\u043d\u043e \u0430\u0432\u0442\u043e\u0440\u043e\u043c":"Av. Deniz Can K\u0131z\u0131l","\u041f\u0440\u0438\u043c\u0435\u0440\u043d\u043e\u0435 \u0432\u0440\u0435\u043c\u044f \u0434\u043b\u044f \u0447\u0442\u0435\u043d\u0438\u044f":"2 \u043c\u0438\u043d\u0443\u0442\u044b"},"schema":{"@context":"https:\/\/schema.org","@graph":[{"@type":"Article","@id":"https:\/\/denizcankizil.tr\/ru\/haberler\/antalya\/akdeniz-heykeli-antalya-ve-akdenizle-bulustu\/#article","isPartOf":{"@id":"https:\/\/denizcankizil.tr\/ru\/haberler\/antalya\/akdeniz-heykeli-antalya-ve-akdenizle-bulustu\/"},"author":{"name":"Av. Deniz Can K\u0131z\u0131l","@id":"https:\/\/denizcankizil.tr\/de\/#\/schema\/person\/5dc1b22991bd7ac833867c10afc9b0ff"},"headline":"&#8216;Akdeniz Heykeli&#8217; Antalya ve Akdeniz&#8217;le bulu\u015ftu","datePublished":"2025-05-16T11:41:22+00:00","mainEntityOfPage":{"@id":"https:\/\/denizcankizil.tr\/ru\/haberler\/antalya\/akdeniz-heykeli-antalya-ve-akdenizle-bulustu\/"},"wordCount":453,"publisher":{"@id":"https:\/\/denizcankizil.tr\/de\/#organization"},"image":{"@id":"https:\/\/denizcankizil.tr\/ru\/haberler\/antalya\/akdeniz-heykeli-antalya-ve-akdenizle-bulustu\/#primaryimage"},"thumbnailUrl":"https:\/\/denizcankizil.tr\/wp-content\/uploads\/2025\/05\/6372-01-6YxjtT.jpg","articleSection":["Antalya"],"inLanguage":"ru-RU"},{"@type":"WebPage","@id":"https:\/\/denizcankizil.tr\/ru\/haberler\/antalya\/akdeniz-heykeli-antalya-ve-akdenizle-bulustu\/","url":"https:\/\/denizcankizil.tr\/ru\/haberler\/antalya\/akdeniz-heykeli-antalya-ve-akdenizle-bulustu\/","name":"'Akdeniz Heykeli' Antalya ve Akdeniz'le bulu\u015ftu - Av. Deniz Can K\u0131z\u0131l","isPartOf":{"@id":"https:\/\/denizcankizil.tr\/de\/#website"},"primaryImageOfPage":{"@id":"https:\/\/denizcankizil.tr\/ru\/haberler\/antalya\/akdeniz-heykeli-antalya-ve-akdenizle-bulustu\/#primaryimage"},"image":{"@id":"https:\/\/denizcankizil.tr\/ru\/haberler\/antalya\/akdeniz-heykeli-antalya-ve-akdenizle-bulustu\/#primaryimage"},"thumbnailUrl":"https:\/\/denizcankizil.tr\/wp-content\/uploads\/2025\/05\/6372-01-6YxjtT.jpg","datePublished":"2025-05-16T11:41:22+00:00","breadcrumb":{"@id":"https:\/\/denizcankizil.tr\/ru\/haberler\/antalya\/akdeniz-heykeli-antalya-ve-akdenizle-bulustu\/#breadcrumb"},"inLanguage":"ru-RU","potentialAction":[{"@type":"ReadAction","target":["https:\/\/denizcankizil.tr\/ru\/haberler\/antalya\/akdeniz-heykeli-antalya-ve-akdenizle-bulustu\/"]}]},{"@type":"ImageObject","inLanguage":"ru-RU","@id":"https:\/\/denizcankizil.tr\/ru\/haberler\/antalya\/akdeniz-heykeli-antalya-ve-akdenizle-bulustu\/#primaryimage","url":"https:\/\/denizcankizil.tr\/wp-content\/uploads\/2025\/05\/6372-01-6YxjtT.jpg","contentUrl":"https:\/\/denizcankizil.tr\/wp-content\/uploads\/2025\/05\/6372-01-6YxjtT.jpg","width":1280,"height":720},{"@type":"BreadcrumbList","@id":"https:\/\/denizcankizil.tr\/ru\/haberler\/antalya\/akdeniz-heykeli-antalya-ve-akdenizle-bulustu\/#breadcrumb","itemListElement":[{"@type":"ListItem","position":1,"name":"Home","item":"https:\/\/denizcankizil.tr\/de\/"},{"@type":"ListItem","position":2,"name":"&#8216;Akdeniz Heykeli&#8217; Antalya ve Akdeniz&#8217;le bulu\u015ftu"}]},{"@type":"WebSite","@id":"https:\/\/denizcankizil.tr\/de\/#website","url":"https:\/\/denizcankizil.tr\/de\/","name":"Av. Deniz Can K\u0131z\u0131l","description":"Avukat Deniz Can K\u0131z\u0131l Antalya Barosu","publisher":{"@id":"https:\/\/denizcankizil.tr\/de\/#organization"},"potentialAction":[{"@type":"SearchAction","target":{"@type":"EntryPoint","urlTemplate":"https:\/\/denizcankizil.tr\/de\/?s={search_term_string}"},"query-input":{"@type":"PropertyValueSpecification","valueRequired":true,"valueName":"search_term_string"}}],"inLanguage":"ru-RU"},{"@type":"Organization","@id":"https:\/\/denizcankizil.tr\/de\/#organization","name":"Av. Deniz Can K\u0131z\u0131l","url":"https:\/\/denizcankizil.tr\/de\/","logo":{"@type":"ImageObject","inLanguage":"ru-RU","@id":"https:\/\/denizcankizil.tr\/de\/#\/schema\/logo\/image\/","url":"https:\/\/denizcankizil.tr\/wp-content\/uploads\/2024\/10\/siyah-logo-svg.svg","contentUrl":"https:\/\/denizcankizil.tr\/wp-content\/uploads\/2024\/10\/siyah-logo-svg.svg","width":1080,"height":1080,"caption":"Av. Deniz Can K\u0131z\u0131l"},"image":{"@id":"https:\/\/denizcankizil.tr\/de\/#\/schema\/logo\/image\/"}},{"@type":"Person","@id":"https:\/\/denizcankizil.tr\/de\/#\/schema\/person\/5dc1b22991bd7ac833867c10afc9b0ff","name":"Av. Deniz Can K\u0131z\u0131l","image":{"@type":"ImageObject","inLanguage":"ru-RU","@id":"https:\/\/denizcankizil.tr\/de\/#\/schema\/person\/image\/","url":"https:\/\/secure.gravatar.com\/avatar\/a0b128fb9855c79efc976d5640eedb31dc35ec297594d6016d2cf7c60e975bb6?s=96&d=mm&r=g","contentUrl":"https:\/\/secure.gravatar.com\/avatar\/a0b128fb9855c79efc976d5640eedb31dc35ec297594d6016d2cf7c60e975bb6?s=96&d=mm&r=g","caption":"Av. Deniz Can K\u0131z\u0131l"},"sameAs":["http:\/\/www.denizcankizil.tr"],"url":"https:\/\/denizcankizil.tr\/ru\/author\/denizcankizil\/"}]}},"_links":{"self":[{"href":"https:\/\/denizcankizil.tr\/ru\/wp-json\/wp\/v2\/posts\/88425","targetHints":{"allow":["GET"]}}],"collection":[{"href":"https:\/\/denizcankizil.tr\/ru\/wp-json\/wp\/v2\/posts"}],"about":[{"href":"https:\/\/denizcankizil.tr\/ru\/wp-json\/wp\/v2\/types\/post"}],"author":[{"embeddable":true,"href":"https:\/\/denizcankizil.tr\/ru\/wp-json\/wp\/v2\/users\/4"}],"replies":[{"embeddable":true,"href":"https:\/\/denizcankizil.tr\/ru\/wp-json\/wp\/v2\/comments?post=88425"}],"version-history":[{"count":0,"href":"https:\/\/denizcankizil.tr\/ru\/wp-json\/wp\/v2\/posts\/88425\/revisions"}],"wp:featuredmedia":[{"embeddable":true,"href":"https:\/\/denizcankizil.tr\/ru\/wp-json\/wp\/v2\/media\/88426"}],"wp:attachment":[{"href":"https:\/\/denizcankizil.tr\/ru\/wp-json\/wp\/v2\/media?parent=88425"}],"wp:term":[{"taxonomy":"category","embeddable":true,"href":"https:\/\/denizcankizil.tr\/ru\/wp-json\/wp\/v2\/categories?post=88425"},{"taxonomy":"post_tag","embeddable":true,"href":"https:\/\/denizcankizil.tr\/ru\/wp-json\/wp\/v2\/tags?post=88425"}],"curies":[{"name":"wp","href":"https:\/\/api.w.org\/{rel}","templated":true}]}}