{"id":87486,"date":"2025-05-15T17:52:21","date_gmt":"2025-05-15T14:52:21","guid":{"rendered":"https:\/\/denizcankizil.tr\/uncategorized-tr\/akdeniz-ve-bilim-universitesine-ek-otobus-seferleri-duzenlenecek\/"},"modified":"2025-05-15T17:52:21","modified_gmt":"2025-05-15T14:52:21","slug":"akdeniz-ve-bilim-universitesine-ek-otobus-seferleri-duzenlenecek","status":"publish","type":"post","link":"https:\/\/denizcankizil.tr\/ru\/haberler\/gundem\/akdeniz-ve-bilim-universitesine-ek-otobus-seferleri-duzenlenecek\/","title":{"rendered":"Akdeniz ve Bilim \u00dcniversitesi\u2019ne ek otob\u00fcs seferleri d\u00fczenlenecek"},"content":{"rendered":"<p>Antalya Kart uygulama \u00fczerinden \u00fcniversite \u00f6\u011frencilerini ilgilendiren \u00f6nemli bir duyuru yay\u0131nlad\u0131. Yay\u0131nlana duyuruda Akdeniz \u00fcniversitesi ile Bilim \u00dcniversitesi aras\u0131nda hizmet veren AB07 otob\u00fcs hatt\u0131n\u0131n seferlerinin art\u0131r\u0131laca\u011f\u0131 a\u00e7\u0131kland\u0131.<\/p>\n<p>\u00dcN\u0130VERS\u0130TELERE EK SEFERLER <\/p>\n<p>Antalya Kart, 15 May\u0131s 2025 Per\u015fembe g\u00fcn\u00fc (bug\u00fcn) ve 16 May\u0131s 2025 Cuma g\u00fcn\u00fc (yar\u0131n) AB07 otob\u00fcs hatlar\u0131n\u0131n Akdeniz \u00dcniversitesi ile Bilim \u00dcniversitesi aras\u0131nda ek seferler verece\u011fini duyurdu.<\/p>\n<p>SEFER SAATLER\u0130 <\/p>\n<p>AB07 otob\u00fcs hatt\u0131, Akdeniz \u00dcniversitesi\u2019nde 19.30 ile 20.30 saatleri aras\u0131nda hizmet verecek. AB07 otob\u00fcs hatt\u0131n\u0131n Bilim \u00dcniversitesi sefer saatleri ise 00.00 ile 00.30 aras\u0131nda ger\u00e7ekle\u015fecek. Detayl\u0131 bilgi almak isteyen vatanda\u015flar 0242 606 0707 numaral\u0131 hatt\u0131 aray\u0131p, ak\u0131llar\u0131ndaki sorular\u0131 sorabilirler.<\/p>\n<p>\u200bAntalya Kart, Akdeniz ile Bilim \u00dcniversitesi aras\u0131nda sefer d\u00fczenleyen AB07 numaral\u0131 otob\u00fcs hatt\u0131n\u0131n, 15-16 May\u0131s tarihleri aras\u0131nda ek seferler d\u00fczenleyece\u011fini a\u00e7\u0131kland\u0131.\u00a0<\/p>\n<p>\u200bHaberin Al\u0131nt\u0131land\u0131\u011f\u0131 Kaynak: www.antalyakorfez.com<\/p>","protected":false},"excerpt":{"rendered":"<p>Antalya Kart uygulama \u00fczerinden \u00fcniversite \u00f6\u011frencilerini ilgilendiren \u00f6nemli bir duyuru yay\u0131nlad\u0131. Yay\u0131nlana duyuruda Akdeniz \u00fcniversitesi ile Bilim \u00dcniversitesi aras\u0131nda hizmet veren AB07 otob\u00fcs hatt\u0131n\u0131n seferlerinin art\u0131r\u0131laca\u011f\u0131 a\u00e7\u0131kland\u0131. \u00dcN\u0130VERS\u0130TELERE EK SEFERLER Antalya Kart, 15 May\u0131s 2025 Per\u015fembe g\u00fcn\u00fc (bug\u00fcn) ve 16 May\u0131s 2025 Cuma g\u00fcn\u00fc (yar\u0131n) AB07 otob\u00fcs hatlar\u0131n\u0131n Akdeniz \u00dcniversitesi ile Bilim \u00dcniversitesi aras\u0131nda ek seferler verece\u011fini duyurdu. SEFER SAATLER\u0130 AB07 otob\u00fcs hatt\u0131, Akdeniz \u00dcniversitesi\u2019nde 19.30 ile 20.30 saatleri aras\u0131nda hizmet verecek. AB07 otob\u00fcs hatt\u0131n\u0131n Bilim \u00dcniversitesi sefer saatleri ise 00.00 ile 00.30 aras\u0131nda ger\u00e7ekle\u015fecek. Detayl\u0131 bilgi almak isteyen vatanda\u015flar 0242 606 0707 numaral\u0131 hatt\u0131 aray\u0131p, ak\u0131llar\u0131ndaki sorular\u0131 sorabilirler. \u200bAntalya Kart, Akdeniz ile Bilim \u00dcniversitesi aras\u0131nda sefer d\u00fczenleyen AB07 numaral\u0131 otob\u00fcs hatt\u0131n\u0131n, 15-16 May\u0131s tarihleri aras\u0131nda ek seferler d\u00fczenleyece\u011fini a\u00e7\u0131kland\u0131.\u00a0 \u200bHaberin Al\u0131nt\u0131land\u0131\u011f\u0131 Kaynak: www.antalyakorfez.com<\/p>","protected":false},"author":5,"featured_media":0,"comment_status":"","ping_status":"open","sticky":false,"template":"","format":"standard","meta":{"_acf_changed":false,"footnotes":""},"categories":[24],"tags":[],"class_list":["post-87486","post","type-post","status-publish","format-standard","has-post-thumbnail","hentry","category-gundem"],"acf":[],"yoast_head":"<!-- This site is optimized with the Yoast SEO Premium plugin v26.6 (Yoast SEO v27.1.1) - https:\/\/yoast.com\/product\/yoast-seo-premium-wordpress\/ -->\n<title>Akdeniz ve Bilim \u00dcniversitesi\u2019ne ek otob\u00fcs seferleri d\u00fczenlenecek - Av. Deniz Can K\u0131z\u0131l<\/title>\n<meta name=\"robots\" content=\"index, follow, max-snippet:-1, max-image-preview:large, max-video-preview:-1\" \/>\n<link rel=\"canonical\" href=\"https:\/\/denizcankizil.tr\/ru\/haberler\/gundem\/akdeniz-ve-bilim-universitesine-ek-otobus-seferleri-duzenlenecek\/\" \/>\n<meta property=\"og:locale\" content=\"ru_RU\" \/>\n<meta property=\"og:type\" content=\"article\" \/>\n<meta property=\"og:title\" content=\"Akdeniz ve Bilim \u00dcniversitesi\u2019ne ek otob\u00fcs seferleri d\u00fczenlenecek\" \/>\n<meta property=\"og:description\" content=\"Antalya Kart uygulama \u00fczerinden \u00fcniversite \u00f6\u011frencilerini ilgilendiren \u00f6nemli bir duyuru yay\u0131nlad\u0131. Yay\u0131nlana duyuruda Akdeniz \u00fcniversitesi ile Bilim \u00dcniversitesi aras\u0131nda hizmet veren AB07 otob\u00fcs hatt\u0131n\u0131n seferlerinin art\u0131r\u0131laca\u011f\u0131 a\u00e7\u0131kland\u0131. \u00dcN\u0130VERS\u0130TELERE EK SEFERLER Antalya Kart, 15 May\u0131s 2025 Per\u015fembe g\u00fcn\u00fc (bug\u00fcn) ve 16 May\u0131s 2025 Cuma g\u00fcn\u00fc (yar\u0131n) AB07 otob\u00fcs hatlar\u0131n\u0131n Akdeniz \u00dcniversitesi ile Bilim \u00dcniversitesi aras\u0131nda ek seferler verece\u011fini duyurdu. SEFER SAATLER\u0130 AB07 otob\u00fcs hatt\u0131, Akdeniz \u00dcniversitesi\u2019nde 19.30 ile 20.30 saatleri aras\u0131nda hizmet verecek. AB07 otob\u00fcs hatt\u0131n\u0131n Bilim \u00dcniversitesi sefer saatleri ise 00.00 ile 00.30 aras\u0131nda ger\u00e7ekle\u015fecek. Detayl\u0131 bilgi almak isteyen vatanda\u015flar 0242 606 0707 numaral\u0131 hatt\u0131 aray\u0131p, ak\u0131llar\u0131ndaki sorular\u0131 sorabilirler. \u200bAntalya Kart, Akdeniz ile Bilim \u00dcniversitesi aras\u0131nda sefer d\u00fczenleyen AB07 numaral\u0131 otob\u00fcs hatt\u0131n\u0131n, 15-16 May\u0131s tarihleri aras\u0131nda ek seferler d\u00fczenleyece\u011fini a\u00e7\u0131kland\u0131.\u00a0 \u200bHaberin Al\u0131nt\u0131land\u0131\u011f\u0131 Kaynak: www.antalyakorfez.com\" \/>\n<meta property=\"og:url\" content=\"https:\/\/denizcankizil.tr\/ru\/haberler\/gundem\/akdeniz-ve-bilim-universitesine-ek-otobus-seferleri-duzenlenecek\/\" \/>\n<meta property=\"og:site_name\" content=\"Av. Deniz Can K\u0131z\u0131l\" \/>\n<meta property=\"article:published_time\" content=\"2025-05-15T14:52:21+00:00\" \/>\n<meta name=\"author\" content=\"Antalya K\u00f6rfez\" \/>\n<meta name=\"twitter:card\" content=\"summary_large_image\" \/>\n<meta name=\"twitter:label1\" content=\"\u041d\u0430\u043f\u0438\u0441\u0430\u043d\u043e \u0430\u0432\u0442\u043e\u0440\u043e\u043c\" \/>\n\t<meta name=\"twitter:data1\" content=\"Antalya K\u00f6rfez\" \/>\n\t<meta name=\"twitter:label2\" content=\"\u041f\u0440\u0438\u043c\u0435\u0440\u043d\u043e\u0435 \u0432\u0440\u0435\u043c\u044f \u0434\u043b\u044f \u0447\u0442\u0435\u043d\u0438\u044f\" \/>\n\t<meta name=\"twitter:data2\" content=\"1 \u043c\u0438\u043d\u0443\u0442\u0430\" \/>\n<script type=\"application\/ld+json\" class=\"yoast-schema-graph\">{\"@context\":\"https:\/\/schema.org\",\"@graph\":[{\"@type\":\"Article\",\"@id\":\"https:\/\/denizcankizil.tr\/ru\/haberler\/gundem\/akdeniz-ve-bilim-universitesine-ek-otobus-seferleri-duzenlenecek\/#article\",\"isPartOf\":{\"@id\":\"https:\/\/denizcankizil.tr\/ru\/haberler\/gundem\/akdeniz-ve-bilim-universitesine-ek-otobus-seferleri-duzenlenecek\/\"},\"author\":{\"name\":\"Antalya K\u00f6rfez\",\"@id\":\"https:\/\/denizcankizil.tr\/de\/#\/schema\/person\/e1eb71bb4dd684d46563f0af307e1234\"},\"headline\":\"Akdeniz ve Bilim \u00dcniversitesi\u2019ne ek otob\u00fcs seferleri d\u00fczenlenecek\",\"datePublished\":\"2025-05-15T14:52:21+00:00\",\"mainEntityOfPage\":{\"@id\":\"https:\/\/denizcankizil.tr\/ru\/haberler\/gundem\/akdeniz-ve-bilim-universitesine-ek-otobus-seferleri-duzenlenecek\/\"},\"wordCount\":174,\"publisher\":{\"@id\":\"https:\/\/denizcankizil.tr\/de\/#organization\"},\"articleSection\":[\"G\u00fcndem\"],\"inLanguage\":\"ru-RU\"},{\"@type\":\"WebPage\",\"@id\":\"https:\/\/denizcankizil.tr\/ru\/haberler\/gundem\/akdeniz-ve-bilim-universitesine-ek-otobus-seferleri-duzenlenecek\/\",\"url\":\"https:\/\/denizcankizil.tr\/ru\/haberler\/gundem\/akdeniz-ve-bilim-universitesine-ek-otobus-seferleri-duzenlenecek\/\",\"name\":\"Akdeniz ve Bilim \u00dcniversitesi\u2019ne ek otob\u00fcs seferleri d\u00fczenlenecek - Av. Deniz Can K\u0131z\u0131l\",\"isPartOf\":{\"@id\":\"https:\/\/denizcankizil.tr\/de\/#website\"},\"datePublished\":\"2025-05-15T14:52:21+00:00\",\"breadcrumb\":{\"@id\":\"https:\/\/denizcankizil.tr\/ru\/haberler\/gundem\/akdeniz-ve-bilim-universitesine-ek-otobus-seferleri-duzenlenecek\/#breadcrumb\"},\"inLanguage\":\"ru-RU\",\"potentialAction\":[{\"@type\":\"ReadAction\",\"target\":[\"https:\/\/denizcankizil.tr\/ru\/haberler\/gundem\/akdeniz-ve-bilim-universitesine-ek-otobus-seferleri-duzenlenecek\/\"]}]},{\"@type\":\"BreadcrumbList\",\"@id\":\"https:\/\/denizcankizil.tr\/ru\/haberler\/gundem\/akdeniz-ve-bilim-universitesine-ek-otobus-seferleri-duzenlenecek\/#breadcrumb\",\"itemListElement\":[{\"@type\":\"ListItem\",\"position\":1,\"name\":\"Home\",\"item\":\"https:\/\/denizcankizil.tr\/de\/\"},{\"@type\":\"ListItem\",\"position\":2,\"name\":\"Akdeniz ve Bilim \u00dcniversitesi\u2019ne ek otob\u00fcs seferleri d\u00fczenlenecek\"}]},{\"@type\":\"WebSite\",\"@id\":\"https:\/\/denizcankizil.tr\/de\/#website\",\"url\":\"https:\/\/denizcankizil.tr\/de\/\",\"name\":\"Av. Deniz Can K\u0131z\u0131l\",\"description\":\"Avukat Deniz Can K\u0131z\u0131l Antalya Barosu\",\"publisher\":{\"@id\":\"https:\/\/denizcankizil.tr\/de\/#organization\"},\"potentialAction\":[{\"@type\":\"SearchAction\",\"target\":{\"@type\":\"EntryPoint\",\"urlTemplate\":\"https:\/\/denizcankizil.tr\/de\/?s={search_term_string}\"},\"query-input\":{\"@type\":\"PropertyValueSpecification\",\"valueRequired\":true,\"valueName\":\"search_term_string\"}}],\"inLanguage\":\"ru-RU\"},{\"@type\":\"Organization\",\"@id\":\"https:\/\/denizcankizil.tr\/de\/#organization\",\"name\":\"Av. Deniz Can K\u0131z\u0131l\",\"url\":\"https:\/\/denizcankizil.tr\/de\/\",\"logo\":{\"@type\":\"ImageObject\",\"inLanguage\":\"ru-RU\",\"@id\":\"https:\/\/denizcankizil.tr\/de\/#\/schema\/logo\/image\/\",\"url\":\"https:\/\/denizcankizil.tr\/wp-content\/uploads\/2024\/10\/siyah-logo-svg.svg\",\"contentUrl\":\"https:\/\/denizcankizil.tr\/wp-content\/uploads\/2024\/10\/siyah-logo-svg.svg\",\"width\":1080,\"height\":1080,\"caption\":\"Av. Deniz Can K\u0131z\u0131l\"},\"image\":{\"@id\":\"https:\/\/denizcankizil.tr\/de\/#\/schema\/logo\/image\/\"}},{\"@type\":\"Person\",\"@id\":\"https:\/\/denizcankizil.tr\/de\/#\/schema\/person\/e1eb71bb4dd684d46563f0af307e1234\",\"name\":\"Antalya K\u00f6rfez\",\"image\":{\"@type\":\"ImageObject\",\"inLanguage\":\"ru-RU\",\"@id\":\"https:\/\/denizcankizil.tr\/de\/#\/schema\/person\/image\/\",\"url\":\"https:\/\/secure.gravatar.com\/avatar\/42b01982558a48a0b501fdcab6a408d3717ea5919095ee2e67b0e521799c5905?s=96&d=mm&r=g\",\"contentUrl\":\"https:\/\/secure.gravatar.com\/avatar\/42b01982558a48a0b501fdcab6a408d3717ea5919095ee2e67b0e521799c5905?s=96&d=mm&r=g\",\"caption\":\"Antalya K\u00f6rfez\"},\"sameAs\":[\"http:\/\/www.antalyakorfez.com\"],\"url\":\"https:\/\/www.antalyakorfez.com\/akdeniz-ve-bilim-universitesine-ek-otobus-seferleri-duzenlenecek\"}]}<\/script>\n<!-- \/ Yoast SEO Premium plugin. -->","yoast_head_json":{"title":"Akdeniz ve Bilim \u00dcniversitesi\u2019ne ek otob\u00fcs seferleri d\u00fczenlenecek - Av. Deniz Can K\u0131z\u0131l","robots":{"index":"index","follow":"follow","max-snippet":"max-snippet:-1","max-image-preview":"max-image-preview:large","max-video-preview":"max-video-preview:-1"},"canonical":"https:\/\/denizcankizil.tr\/ru\/haberler\/gundem\/akdeniz-ve-bilim-universitesine-ek-otobus-seferleri-duzenlenecek\/","og_locale":"ru_RU","og_type":"article","og_title":"Akdeniz ve Bilim \u00dcniversitesi\u2019ne ek otob\u00fcs seferleri d\u00fczenlenecek","og_description":"Antalya Kart uygulama \u00fczerinden \u00fcniversite \u00f6\u011frencilerini ilgilendiren \u00f6nemli bir duyuru yay\u0131nlad\u0131. Yay\u0131nlana duyuruda Akdeniz \u00fcniversitesi ile Bilim \u00dcniversitesi aras\u0131nda hizmet veren AB07 otob\u00fcs hatt\u0131n\u0131n seferlerinin art\u0131r\u0131laca\u011f\u0131 a\u00e7\u0131kland\u0131. \u00dcN\u0130VERS\u0130TELERE EK SEFERLER Antalya Kart, 15 May\u0131s 2025 Per\u015fembe g\u00fcn\u00fc (bug\u00fcn) ve 16 May\u0131s 2025 Cuma g\u00fcn\u00fc (yar\u0131n) AB07 otob\u00fcs hatlar\u0131n\u0131n Akdeniz \u00dcniversitesi ile Bilim \u00dcniversitesi aras\u0131nda ek seferler verece\u011fini duyurdu. SEFER SAATLER\u0130 AB07 otob\u00fcs hatt\u0131, Akdeniz \u00dcniversitesi\u2019nde 19.30 ile 20.30 saatleri aras\u0131nda hizmet verecek. AB07 otob\u00fcs hatt\u0131n\u0131n Bilim \u00dcniversitesi sefer saatleri ise 00.00 ile 00.30 aras\u0131nda ger\u00e7ekle\u015fecek. Detayl\u0131 bilgi almak isteyen vatanda\u015flar 0242 606 0707 numaral\u0131 hatt\u0131 aray\u0131p, ak\u0131llar\u0131ndaki sorular\u0131 sorabilirler. \u200bAntalya Kart, Akdeniz ile Bilim \u00dcniversitesi aras\u0131nda sefer d\u00fczenleyen AB07 numaral\u0131 otob\u00fcs hatt\u0131n\u0131n, 15-16 May\u0131s tarihleri aras\u0131nda ek seferler d\u00fczenleyece\u011fini a\u00e7\u0131kland\u0131.\u00a0 \u200bHaberin Al\u0131nt\u0131land\u0131\u011f\u0131 Kaynak: www.antalyakorfez.com","og_url":"https:\/\/denizcankizil.tr\/ru\/haberler\/gundem\/akdeniz-ve-bilim-universitesine-ek-otobus-seferleri-duzenlenecek\/","og_site_name":"Av. Deniz Can K\u0131z\u0131l","article_published_time":"2025-05-15T14:52:21+00:00","author":"Antalya K\u00f6rfez","twitter_card":"summary_large_image","twitter_misc":{"\u041d\u0430\u043f\u0438\u0441\u0430\u043d\u043e \u0430\u0432\u0442\u043e\u0440\u043e\u043c":"Antalya K\u00f6rfez","\u041f\u0440\u0438\u043c\u0435\u0440\u043d\u043e\u0435 \u0432\u0440\u0435\u043c\u044f \u0434\u043b\u044f \u0447\u0442\u0435\u043d\u0438\u044f":"1 \u043c\u0438\u043d\u0443\u0442\u0430"},"schema":{"@context":"https:\/\/schema.org","@graph":[{"@type":"Article","@id":"https:\/\/denizcankizil.tr\/ru\/haberler\/gundem\/akdeniz-ve-bilim-universitesine-ek-otobus-seferleri-duzenlenecek\/#article","isPartOf":{"@id":"https:\/\/denizcankizil.tr\/ru\/haberler\/gundem\/akdeniz-ve-bilim-universitesine-ek-otobus-seferleri-duzenlenecek\/"},"author":{"name":"Antalya K\u00f6rfez","@id":"https:\/\/denizcankizil.tr\/de\/#\/schema\/person\/e1eb71bb4dd684d46563f0af307e1234"},"headline":"Akdeniz ve Bilim \u00dcniversitesi\u2019ne ek otob\u00fcs seferleri d\u00fczenlenecek","datePublished":"2025-05-15T14:52:21+00:00","mainEntityOfPage":{"@id":"https:\/\/denizcankizil.tr\/ru\/haberler\/gundem\/akdeniz-ve-bilim-universitesine-ek-otobus-seferleri-duzenlenecek\/"},"wordCount":174,"publisher":{"@id":"https:\/\/denizcankizil.tr\/de\/#organization"},"articleSection":["G\u00fcndem"],"inLanguage":"ru-RU"},{"@type":"WebPage","@id":"https:\/\/denizcankizil.tr\/ru\/haberler\/gundem\/akdeniz-ve-bilim-universitesine-ek-otobus-seferleri-duzenlenecek\/","url":"https:\/\/denizcankizil.tr\/ru\/haberler\/gundem\/akdeniz-ve-bilim-universitesine-ek-otobus-seferleri-duzenlenecek\/","name":"Akdeniz ve Bilim \u00dcniversitesi\u2019ne ek otob\u00fcs seferleri d\u00fczenlenecek - Av. Deniz Can K\u0131z\u0131l","isPartOf":{"@id":"https:\/\/denizcankizil.tr\/de\/#website"},"datePublished":"2025-05-15T14:52:21+00:00","breadcrumb":{"@id":"https:\/\/denizcankizil.tr\/ru\/haberler\/gundem\/akdeniz-ve-bilim-universitesine-ek-otobus-seferleri-duzenlenecek\/#breadcrumb"},"inLanguage":"ru-RU","potentialAction":[{"@type":"ReadAction","target":["https:\/\/denizcankizil.tr\/ru\/haberler\/gundem\/akdeniz-ve-bilim-universitesine-ek-otobus-seferleri-duzenlenecek\/"]}]},{"@type":"BreadcrumbList","@id":"https:\/\/denizcankizil.tr\/ru\/haberler\/gundem\/akdeniz-ve-bilim-universitesine-ek-otobus-seferleri-duzenlenecek\/#breadcrumb","itemListElement":[{"@type":"ListItem","position":1,"name":"Home","item":"https:\/\/denizcankizil.tr\/de\/"},{"@type":"ListItem","position":2,"name":"Akdeniz ve Bilim \u00dcniversitesi\u2019ne ek otob\u00fcs seferleri d\u00fczenlenecek"}]},{"@type":"WebSite","@id":"https:\/\/denizcankizil.tr\/de\/#website","url":"https:\/\/denizcankizil.tr\/de\/","name":"Av. Deniz Can K\u0131z\u0131l","description":"Avukat Deniz Can K\u0131z\u0131l Antalya Barosu","publisher":{"@id":"https:\/\/denizcankizil.tr\/de\/#organization"},"potentialAction":[{"@type":"SearchAction","target":{"@type":"EntryPoint","urlTemplate":"https:\/\/denizcankizil.tr\/de\/?s={search_term_string}"},"query-input":{"@type":"PropertyValueSpecification","valueRequired":true,"valueName":"search_term_string"}}],"inLanguage":"ru-RU"},{"@type":"Organization","@id":"https:\/\/denizcankizil.tr\/de\/#organization","name":"Av. Deniz Can K\u0131z\u0131l","url":"https:\/\/denizcankizil.tr\/de\/","logo":{"@type":"ImageObject","inLanguage":"ru-RU","@id":"https:\/\/denizcankizil.tr\/de\/#\/schema\/logo\/image\/","url":"https:\/\/denizcankizil.tr\/wp-content\/uploads\/2024\/10\/siyah-logo-svg.svg","contentUrl":"https:\/\/denizcankizil.tr\/wp-content\/uploads\/2024\/10\/siyah-logo-svg.svg","width":1080,"height":1080,"caption":"Av. Deniz Can K\u0131z\u0131l"},"image":{"@id":"https:\/\/denizcankizil.tr\/de\/#\/schema\/logo\/image\/"}},{"@type":"Person","@id":"https:\/\/denizcankizil.tr\/de\/#\/schema\/person\/e1eb71bb4dd684d46563f0af307e1234","name":"Antalya K\u00f6rfez","image":{"@type":"ImageObject","inLanguage":"ru-RU","@id":"https:\/\/denizcankizil.tr\/de\/#\/schema\/person\/image\/","url":"https:\/\/secure.gravatar.com\/avatar\/42b01982558a48a0b501fdcab6a408d3717ea5919095ee2e67b0e521799c5905?s=96&d=mm&r=g","contentUrl":"https:\/\/secure.gravatar.com\/avatar\/42b01982558a48a0b501fdcab6a408d3717ea5919095ee2e67b0e521799c5905?s=96&d=mm&r=g","caption":"Antalya K\u00f6rfez"},"sameAs":["http:\/\/www.antalyakorfez.com"],"url":"https:\/\/www.antalyakorfez.com\/akdeniz-ve-bilim-universitesine-ek-otobus-seferleri-duzenlenecek"}]}},"_links":{"self":[{"href":"https:\/\/denizcankizil.tr\/ru\/wp-json\/wp\/v2\/posts\/87486","targetHints":{"allow":["GET"]}}],"collection":[{"href":"https:\/\/denizcankizil.tr\/ru\/wp-json\/wp\/v2\/posts"}],"about":[{"href":"https:\/\/denizcankizil.tr\/ru\/wp-json\/wp\/v2\/types\/post"}],"author":[{"embeddable":true,"href":"https:\/\/denizcankizil.tr\/ru\/wp-json\/wp\/v2\/users\/5"}],"replies":[{"embeddable":true,"href":"https:\/\/denizcankizil.tr\/ru\/wp-json\/wp\/v2\/comments?post=87486"}],"version-history":[{"count":0,"href":"https:\/\/denizcankizil.tr\/ru\/wp-json\/wp\/v2\/posts\/87486\/revisions"}],"wp:attachment":[{"href":"https:\/\/denizcankizil.tr\/ru\/wp-json\/wp\/v2\/media?parent=87486"}],"wp:term":[{"taxonomy":"category","embeddable":true,"href":"https:\/\/denizcankizil.tr\/ru\/wp-json\/wp\/v2\/categories?post=87486"},{"taxonomy":"post_tag","embeddable":true,"href":"https:\/\/denizcankizil.tr\/ru\/wp-json\/wp\/v2\/tags?post=87486"}],"curies":[{"name":"wp","href":"https:\/\/api.w.org\/{rel}","templated":true}]}}