{"id":87189,"date":"2025-05-15T11:41:17","date_gmt":"2025-05-15T08:41:17","guid":{"rendered":"https:\/\/denizcankizil.tr\/uncategorized-tr\/polisin-dur-ihtarina-uymayip-kacan-surucu-yakalandi\/"},"modified":"2025-05-15T11:41:17","modified_gmt":"2025-05-15T08:41:17","slug":"polisin-dur-ihtarina-uymayip-kacan-surucu-yakalandi","status":"publish","type":"post","link":"https:\/\/denizcankizil.tr\/ru\/haberler\/antalya\/polisin-dur-ihtarina-uymayip-kacan-surucu-yakalandi\/","title":{"rendered":"Polisin \u2018dur&#8217; ihtar\u0131na uymay\u0131p ka\u00e7an s\u00fcr\u00fcc\u00fc yakaland\u0131"},"content":{"rendered":"<p>Manavgat il\u00e7esi Yukar\u0131 Pazarc\u0131 Mahallesi Mimar Sinan Caddesinde meydana gelen olayda, seyir halindeki 07 BDU 543 plakal\u0131 Tofa\u015f marka otomobilin s\u00fcr\u00fcc\u00fcs\u00fc uygulama yapan Manavgat Emniyet M\u00fcd\u00fcrl\u00fc\u011f\u00fc Asayi\u015f B\u00fcro Amirli\u011fi ekiplerinin \u2018dur&#8217; ihtar\u0131na uymayarak ka\u00e7maya ba\u015flad\u0131. Otomobili takibe alan ekipler arac\u0131 \u00c7a\u011flayan Mahallesinde sokak ortas\u0131ndaki bo\u015f arazideki otluk alanda terk edilmi\u015f olarak buldu. \u00c7evredeki vatanda\u015flardan edinilen bilgiye g\u00f6re s\u00fcr\u00fcc\u00fcn\u00fcn arac\u0131 b\u0131rakt\u0131ktan sonra Hastane Caddesine do\u011fru ka\u00e7t\u0131\u011f\u0131 belirlendi.<\/p>\n<p>Arac\u0131 saklay\u0131p yaya olarak ka\u00e7t\u0131<br \/>\n\u00c7evrede yap\u0131lan kontrollerde arac\u0131 b\u0131rak\u0131p ka\u00e7an otomobil s\u00fcr\u00fcc\u00fcs\u00fc Devlet Hastanesi yak\u0131nlar\u0131nda Manavgat Emniyet M\u00fcd\u00fcrl\u00fc\u011f\u00fc Trafik Denetleme B\u00fcro Amirli\u011fi ekiplerince yakaland\u0131. Trafik ekipleri taraf\u0131ndan otomobilin bulundu\u011fu yere getirilen E.O.\u00c7. isimli ara\u00e7 s\u00fcr\u00fcc\u00fcs\u00fcn\u00fcn ya\u015f\u0131n\u0131n k\u00fc\u00e7\u00fck oldu\u011fu, ehliyetinin olmad\u0131\u011f\u0131 belirlendi. Ara\u00e7 s\u00fcr\u00fcc\u00fcs\u00fcne ehliyetsiz ara\u00e7 kullanmaktan, dur ihtar\u0131na uymamak ve tehlikeli ara\u00e7 kullanmaktan 23 bin 11 TL, ara\u00e7 sahibine de s\u00fcr\u00fcc\u00fc belgesiz ki\u015fiye ara\u00e7 kulland\u0131rmaktan 18 bin 678 TL para cezas\u0131 uyguland\u0131.<\/p>\n<p>Kaynak: www.kanalv.com.tr Haber Sitesinden Al\u0131nm\u0131\u015ft\u0131r.<\/p>","protected":false},"excerpt":{"rendered":"<p>Manavgat il\u00e7esi Yukar\u0131 Pazarc\u0131 Mahallesi Mimar Sinan Caddesinde meydana gelen olayda, seyir halindeki 07 BDU 543 plakal\u0131 Tofa\u015f marka otomobilin s\u00fcr\u00fcc\u00fcs\u00fc uygulama yapan Manavgat Emniyet M\u00fcd\u00fcrl\u00fc\u011f\u00fc Asayi\u015f B\u00fcro Amirli\u011fi ekiplerinin \u2018dur&#8217; ihtar\u0131na uymayarak ka\u00e7maya ba\u015flad\u0131. Otomobili takibe alan ekipler arac\u0131 \u00c7a\u011flayan Mahallesinde sokak ortas\u0131ndaki bo\u015f arazideki otluk alanda terk edilmi\u015f olarak buldu. \u00c7evredeki vatanda\u015flardan edinilen bilgiye g\u00f6re s\u00fcr\u00fcc\u00fcn\u00fcn arac\u0131 b\u0131rakt\u0131ktan sonra Hastane Caddesine do\u011fru ka\u00e7t\u0131\u011f\u0131 belirlendi. Arac\u0131 saklay\u0131p yaya olarak ka\u00e7t\u0131 \u00c7evrede yap\u0131lan kontrollerde arac\u0131 b\u0131rak\u0131p ka\u00e7an otomobil s\u00fcr\u00fcc\u00fcs\u00fc Devlet Hastanesi yak\u0131nlar\u0131nda Manavgat Emniyet M\u00fcd\u00fcrl\u00fc\u011f\u00fc Trafik Denetleme B\u00fcro Amirli\u011fi ekiplerince yakaland\u0131. Trafik ekipleri taraf\u0131ndan otomobilin bulundu\u011fu yere getirilen E.O.\u00c7. isimli ara\u00e7 s\u00fcr\u00fcc\u00fcs\u00fcn\u00fcn ya\u015f\u0131n\u0131n k\u00fc\u00e7\u00fck oldu\u011fu, ehliyetinin olmad\u0131\u011f\u0131 belirlendi. Ara\u00e7 s\u00fcr\u00fcc\u00fcs\u00fcne ehliyetsiz ara\u00e7 kullanmaktan, dur ihtar\u0131na uymamak ve tehlikeli ara\u00e7 kullanmaktan 23 bin 11 TL, ara\u00e7 sahibine de s\u00fcr\u00fcc\u00fc belgesiz ki\u015fiye ara\u00e7 kulland\u0131rmaktan 18 bin 678 TL para cezas\u0131 uyguland\u0131. Kaynak: www.kanalv.com.tr Haber Sitesinden Al\u0131nm\u0131\u015ft\u0131r.<\/p>","protected":false},"author":4,"featured_media":87190,"comment_status":"","ping_status":"open","sticky":false,"template":"","format":"standard","meta":{"_acf_changed":false,"footnotes":""},"categories":[26],"tags":[],"class_list":["post-87189","post","type-post","status-publish","format-standard","has-post-thumbnail","hentry","category-antalya"],"acf":[],"yoast_head":"<!-- This site is optimized with the Yoast SEO Premium plugin v26.6 (Yoast SEO v27.1.1) - https:\/\/yoast.com\/product\/yoast-seo-premium-wordpress\/ -->\n<title>Polisin \u2018dur&#039; ihtar\u0131na uymay\u0131p ka\u00e7an s\u00fcr\u00fcc\u00fc yakaland\u0131 - Av. Deniz Can K\u0131z\u0131l<\/title>\n<meta name=\"robots\" content=\"index, follow, max-snippet:-1, max-image-preview:large, max-video-preview:-1\" \/>\n<link rel=\"canonical\" href=\"https:\/\/denizcankizil.tr\/ru\/haberler\/antalya\/polisin-dur-ihtarina-uymayip-kacan-surucu-yakalandi\/\" \/>\n<meta property=\"og:locale\" content=\"ru_RU\" \/>\n<meta property=\"og:type\" content=\"article\" \/>\n<meta property=\"og:title\" content=\"Polisin \u2018dur&#039; ihtar\u0131na uymay\u0131p ka\u00e7an s\u00fcr\u00fcc\u00fc yakaland\u0131\" \/>\n<meta property=\"og:description\" content=\"Manavgat il\u00e7esi Yukar\u0131 Pazarc\u0131 Mahallesi Mimar Sinan Caddesinde meydana gelen olayda, seyir halindeki 07 BDU 543 plakal\u0131 Tofa\u015f marka otomobilin s\u00fcr\u00fcc\u00fcs\u00fc uygulama yapan Manavgat Emniyet M\u00fcd\u00fcrl\u00fc\u011f\u00fc Asayi\u015f B\u00fcro Amirli\u011fi ekiplerinin \u2018dur&#8217; ihtar\u0131na uymayarak ka\u00e7maya ba\u015flad\u0131. Otomobili takibe alan ekipler arac\u0131 \u00c7a\u011flayan Mahallesinde sokak ortas\u0131ndaki bo\u015f arazideki otluk alanda terk edilmi\u015f olarak buldu. \u00c7evredeki vatanda\u015flardan edinilen bilgiye g\u00f6re s\u00fcr\u00fcc\u00fcn\u00fcn arac\u0131 b\u0131rakt\u0131ktan sonra Hastane Caddesine do\u011fru ka\u00e7t\u0131\u011f\u0131 belirlendi. Arac\u0131 saklay\u0131p yaya olarak ka\u00e7t\u0131 \u00c7evrede yap\u0131lan kontrollerde arac\u0131 b\u0131rak\u0131p ka\u00e7an otomobil s\u00fcr\u00fcc\u00fcs\u00fc Devlet Hastanesi yak\u0131nlar\u0131nda Manavgat Emniyet M\u00fcd\u00fcrl\u00fc\u011f\u00fc Trafik Denetleme B\u00fcro Amirli\u011fi ekiplerince yakaland\u0131. Trafik ekipleri taraf\u0131ndan otomobilin bulundu\u011fu yere getirilen E.O.\u00c7. isimli ara\u00e7 s\u00fcr\u00fcc\u00fcs\u00fcn\u00fcn ya\u015f\u0131n\u0131n k\u00fc\u00e7\u00fck oldu\u011fu, ehliyetinin olmad\u0131\u011f\u0131 belirlendi. Ara\u00e7 s\u00fcr\u00fcc\u00fcs\u00fcne ehliyetsiz ara\u00e7 kullanmaktan, dur ihtar\u0131na uymamak ve tehlikeli ara\u00e7 kullanmaktan 23 bin 11 TL, ara\u00e7 sahibine de s\u00fcr\u00fcc\u00fc belgesiz ki\u015fiye ara\u00e7 kulland\u0131rmaktan 18 bin 678 TL para cezas\u0131 uyguland\u0131. Kaynak: www.kanalv.com.tr Haber Sitesinden Al\u0131nm\u0131\u015ft\u0131r.\" \/>\n<meta property=\"og:url\" content=\"https:\/\/denizcankizil.tr\/ru\/haberler\/antalya\/polisin-dur-ihtarina-uymayip-kacan-surucu-yakalandi\/\" \/>\n<meta property=\"og:site_name\" content=\"Av. Deniz Can K\u0131z\u0131l\" \/>\n<meta property=\"article:published_time\" content=\"2025-05-15T08:41:17+00:00\" \/>\n<meta property=\"og:image\" content=\"https:\/\/denizcankizil.tr\/wp-content\/uploads\/2025\/05\/6342-01-aNyCOh.jpg\" \/>\n\t<meta property=\"og:image:width\" content=\"1280\" \/>\n\t<meta property=\"og:image:height\" content=\"720\" \/>\n\t<meta property=\"og:image:type\" content=\"image\/jpeg\" \/>\n<meta name=\"author\" content=\"Av. Deniz Can K\u0131z\u0131l\" \/>\n<meta name=\"twitter:card\" content=\"summary_large_image\" \/>\n<meta name=\"twitter:label1\" content=\"\u041d\u0430\u043f\u0438\u0441\u0430\u043d\u043e \u0430\u0432\u0442\u043e\u0440\u043e\u043c\" \/>\n\t<meta name=\"twitter:data1\" content=\"Av. Deniz Can K\u0131z\u0131l\" \/>\n\t<meta name=\"twitter:label2\" content=\"\u041f\u0440\u0438\u043c\u0435\u0440\u043d\u043e\u0435 \u0432\u0440\u0435\u043c\u044f \u0434\u043b\u044f \u0447\u0442\u0435\u043d\u0438\u044f\" \/>\n\t<meta name=\"twitter:data2\" content=\"1 \u043c\u0438\u043d\u0443\u0442\u0430\" \/>\n<script type=\"application\/ld+json\" class=\"yoast-schema-graph\">{\"@context\":\"https:\/\/schema.org\",\"@graph\":[{\"@type\":\"Article\",\"@id\":\"https:\/\/denizcankizil.tr\/ru\/haberler\/antalya\/polisin-dur-ihtarina-uymayip-kacan-surucu-yakalandi\/#article\",\"isPartOf\":{\"@id\":\"https:\/\/denizcankizil.tr\/ru\/haberler\/antalya\/polisin-dur-ihtarina-uymayip-kacan-surucu-yakalandi\/\"},\"author\":{\"name\":\"Av. Deniz Can K\u0131z\u0131l\",\"@id\":\"https:\/\/denizcankizil.tr\/de\/#\/schema\/person\/5dc1b22991bd7ac833867c10afc9b0ff\"},\"headline\":\"Polisin \u2018dur&#8217; ihtar\u0131na uymay\u0131p ka\u00e7an s\u00fcr\u00fcc\u00fc yakaland\u0131\",\"datePublished\":\"2025-05-15T08:41:17+00:00\",\"mainEntityOfPage\":{\"@id\":\"https:\/\/denizcankizil.tr\/ru\/haberler\/antalya\/polisin-dur-ihtarina-uymayip-kacan-surucu-yakalandi\/\"},\"wordCount\":215,\"publisher\":{\"@id\":\"https:\/\/denizcankizil.tr\/de\/#organization\"},\"image\":{\"@id\":\"https:\/\/denizcankizil.tr\/ru\/haberler\/antalya\/polisin-dur-ihtarina-uymayip-kacan-surucu-yakalandi\/#primaryimage\"},\"thumbnailUrl\":\"https:\/\/denizcankizil.tr\/wp-content\/uploads\/2025\/05\/6342-01-aNyCOh.jpg\",\"articleSection\":[\"Antalya\"],\"inLanguage\":\"ru-RU\"},{\"@type\":\"WebPage\",\"@id\":\"https:\/\/denizcankizil.tr\/ru\/haberler\/antalya\/polisin-dur-ihtarina-uymayip-kacan-surucu-yakalandi\/\",\"url\":\"https:\/\/denizcankizil.tr\/ru\/haberler\/antalya\/polisin-dur-ihtarina-uymayip-kacan-surucu-yakalandi\/\",\"name\":\"Polisin \u2018dur' ihtar\u0131na uymay\u0131p ka\u00e7an s\u00fcr\u00fcc\u00fc yakaland\u0131 - Av. Deniz Can K\u0131z\u0131l\",\"isPartOf\":{\"@id\":\"https:\/\/denizcankizil.tr\/de\/#website\"},\"primaryImageOfPage\":{\"@id\":\"https:\/\/denizcankizil.tr\/ru\/haberler\/antalya\/polisin-dur-ihtarina-uymayip-kacan-surucu-yakalandi\/#primaryimage\"},\"image\":{\"@id\":\"https:\/\/denizcankizil.tr\/ru\/haberler\/antalya\/polisin-dur-ihtarina-uymayip-kacan-surucu-yakalandi\/#primaryimage\"},\"thumbnailUrl\":\"https:\/\/denizcankizil.tr\/wp-content\/uploads\/2025\/05\/6342-01-aNyCOh.jpg\",\"datePublished\":\"2025-05-15T08:41:17+00:00\",\"breadcrumb\":{\"@id\":\"https:\/\/denizcankizil.tr\/ru\/haberler\/antalya\/polisin-dur-ihtarina-uymayip-kacan-surucu-yakalandi\/#breadcrumb\"},\"inLanguage\":\"ru-RU\",\"potentialAction\":[{\"@type\":\"ReadAction\",\"target\":[\"https:\/\/denizcankizil.tr\/ru\/haberler\/antalya\/polisin-dur-ihtarina-uymayip-kacan-surucu-yakalandi\/\"]}]},{\"@type\":\"ImageObject\",\"inLanguage\":\"ru-RU\",\"@id\":\"https:\/\/denizcankizil.tr\/ru\/haberler\/antalya\/polisin-dur-ihtarina-uymayip-kacan-surucu-yakalandi\/#primaryimage\",\"url\":\"https:\/\/denizcankizil.tr\/wp-content\/uploads\/2025\/05\/6342-01-aNyCOh.jpg\",\"contentUrl\":\"https:\/\/denizcankizil.tr\/wp-content\/uploads\/2025\/05\/6342-01-aNyCOh.jpg\",\"width\":1280,\"height\":720},{\"@type\":\"BreadcrumbList\",\"@id\":\"https:\/\/denizcankizil.tr\/ru\/haberler\/antalya\/polisin-dur-ihtarina-uymayip-kacan-surucu-yakalandi\/#breadcrumb\",\"itemListElement\":[{\"@type\":\"ListItem\",\"position\":1,\"name\":\"Home\",\"item\":\"https:\/\/denizcankizil.tr\/de\/\"},{\"@type\":\"ListItem\",\"position\":2,\"name\":\"Polisin \u2018dur&#8217; ihtar\u0131na uymay\u0131p ka\u00e7an s\u00fcr\u00fcc\u00fc yakaland\u0131\"}]},{\"@type\":\"WebSite\",\"@id\":\"https:\/\/denizcankizil.tr\/de\/#website\",\"url\":\"https:\/\/denizcankizil.tr\/de\/\",\"name\":\"Av. Deniz Can K\u0131z\u0131l\",\"description\":\"Avukat Deniz Can K\u0131z\u0131l Antalya Barosu\",\"publisher\":{\"@id\":\"https:\/\/denizcankizil.tr\/de\/#organization\"},\"potentialAction\":[{\"@type\":\"SearchAction\",\"target\":{\"@type\":\"EntryPoint\",\"urlTemplate\":\"https:\/\/denizcankizil.tr\/de\/?s={search_term_string}\"},\"query-input\":{\"@type\":\"PropertyValueSpecification\",\"valueRequired\":true,\"valueName\":\"search_term_string\"}}],\"inLanguage\":\"ru-RU\"},{\"@type\":\"Organization\",\"@id\":\"https:\/\/denizcankizil.tr\/de\/#organization\",\"name\":\"Av. Deniz Can K\u0131z\u0131l\",\"url\":\"https:\/\/denizcankizil.tr\/de\/\",\"logo\":{\"@type\":\"ImageObject\",\"inLanguage\":\"ru-RU\",\"@id\":\"https:\/\/denizcankizil.tr\/de\/#\/schema\/logo\/image\/\",\"url\":\"https:\/\/denizcankizil.tr\/wp-content\/uploads\/2024\/10\/siyah-logo-svg.svg\",\"contentUrl\":\"https:\/\/denizcankizil.tr\/wp-content\/uploads\/2024\/10\/siyah-logo-svg.svg\",\"width\":1080,\"height\":1080,\"caption\":\"Av. Deniz Can K\u0131z\u0131l\"},\"image\":{\"@id\":\"https:\/\/denizcankizil.tr\/de\/#\/schema\/logo\/image\/\"}},{\"@type\":\"Person\",\"@id\":\"https:\/\/denizcankizil.tr\/de\/#\/schema\/person\/5dc1b22991bd7ac833867c10afc9b0ff\",\"name\":\"Av. Deniz Can K\u0131z\u0131l\",\"image\":{\"@type\":\"ImageObject\",\"inLanguage\":\"ru-RU\",\"@id\":\"https:\/\/denizcankizil.tr\/de\/#\/schema\/person\/image\/\",\"url\":\"https:\/\/secure.gravatar.com\/avatar\/a0b128fb9855c79efc976d5640eedb31dc35ec297594d6016d2cf7c60e975bb6?s=96&d=mm&r=g\",\"contentUrl\":\"https:\/\/secure.gravatar.com\/avatar\/a0b128fb9855c79efc976d5640eedb31dc35ec297594d6016d2cf7c60e975bb6?s=96&d=mm&r=g\",\"caption\":\"Av. Deniz Can K\u0131z\u0131l\"},\"sameAs\":[\"http:\/\/www.denizcankizil.tr\"],\"url\":\"https:\/\/denizcankizil.tr\/ru\/author\/denizcankizil\/\"}]}<\/script>\n<!-- \/ Yoast SEO Premium plugin. -->","yoast_head_json":{"title":"Polisin \u2018dur' ihtar\u0131na uymay\u0131p ka\u00e7an s\u00fcr\u00fcc\u00fc yakaland\u0131 - Av. Deniz Can K\u0131z\u0131l","robots":{"index":"index","follow":"follow","max-snippet":"max-snippet:-1","max-image-preview":"max-image-preview:large","max-video-preview":"max-video-preview:-1"},"canonical":"https:\/\/denizcankizil.tr\/ru\/haberler\/antalya\/polisin-dur-ihtarina-uymayip-kacan-surucu-yakalandi\/","og_locale":"ru_RU","og_type":"article","og_title":"Polisin \u2018dur' ihtar\u0131na uymay\u0131p ka\u00e7an s\u00fcr\u00fcc\u00fc yakaland\u0131","og_description":"Manavgat il\u00e7esi Yukar\u0131 Pazarc\u0131 Mahallesi Mimar Sinan Caddesinde meydana gelen olayda, seyir halindeki 07 BDU 543 plakal\u0131 Tofa\u015f marka otomobilin s\u00fcr\u00fcc\u00fcs\u00fc uygulama yapan Manavgat Emniyet M\u00fcd\u00fcrl\u00fc\u011f\u00fc Asayi\u015f B\u00fcro Amirli\u011fi ekiplerinin \u2018dur&#8217; ihtar\u0131na uymayarak ka\u00e7maya ba\u015flad\u0131. Otomobili takibe alan ekipler arac\u0131 \u00c7a\u011flayan Mahallesinde sokak ortas\u0131ndaki bo\u015f arazideki otluk alanda terk edilmi\u015f olarak buldu. \u00c7evredeki vatanda\u015flardan edinilen bilgiye g\u00f6re s\u00fcr\u00fcc\u00fcn\u00fcn arac\u0131 b\u0131rakt\u0131ktan sonra Hastane Caddesine do\u011fru ka\u00e7t\u0131\u011f\u0131 belirlendi. Arac\u0131 saklay\u0131p yaya olarak ka\u00e7t\u0131 \u00c7evrede yap\u0131lan kontrollerde arac\u0131 b\u0131rak\u0131p ka\u00e7an otomobil s\u00fcr\u00fcc\u00fcs\u00fc Devlet Hastanesi yak\u0131nlar\u0131nda Manavgat Emniyet M\u00fcd\u00fcrl\u00fc\u011f\u00fc Trafik Denetleme B\u00fcro Amirli\u011fi ekiplerince yakaland\u0131. Trafik ekipleri taraf\u0131ndan otomobilin bulundu\u011fu yere getirilen E.O.\u00c7. isimli ara\u00e7 s\u00fcr\u00fcc\u00fcs\u00fcn\u00fcn ya\u015f\u0131n\u0131n k\u00fc\u00e7\u00fck oldu\u011fu, ehliyetinin olmad\u0131\u011f\u0131 belirlendi. Ara\u00e7 s\u00fcr\u00fcc\u00fcs\u00fcne ehliyetsiz ara\u00e7 kullanmaktan, dur ihtar\u0131na uymamak ve tehlikeli ara\u00e7 kullanmaktan 23 bin 11 TL, ara\u00e7 sahibine de s\u00fcr\u00fcc\u00fc belgesiz ki\u015fiye ara\u00e7 kulland\u0131rmaktan 18 bin 678 TL para cezas\u0131 uyguland\u0131. Kaynak: www.kanalv.com.tr Haber Sitesinden Al\u0131nm\u0131\u015ft\u0131r.","og_url":"https:\/\/denizcankizil.tr\/ru\/haberler\/antalya\/polisin-dur-ihtarina-uymayip-kacan-surucu-yakalandi\/","og_site_name":"Av. Deniz Can K\u0131z\u0131l","article_published_time":"2025-05-15T08:41:17+00:00","og_image":[{"width":1280,"height":720,"url":"https:\/\/denizcankizil.tr\/wp-content\/uploads\/2025\/05\/6342-01-aNyCOh.jpg","type":"image\/jpeg"}],"author":"Av. Deniz Can K\u0131z\u0131l","twitter_card":"summary_large_image","twitter_misc":{"\u041d\u0430\u043f\u0438\u0441\u0430\u043d\u043e \u0430\u0432\u0442\u043e\u0440\u043e\u043c":"Av. Deniz Can K\u0131z\u0131l","\u041f\u0440\u0438\u043c\u0435\u0440\u043d\u043e\u0435 \u0432\u0440\u0435\u043c\u044f \u0434\u043b\u044f \u0447\u0442\u0435\u043d\u0438\u044f":"1 \u043c\u0438\u043d\u0443\u0442\u0430"},"schema":{"@context":"https:\/\/schema.org","@graph":[{"@type":"Article","@id":"https:\/\/denizcankizil.tr\/ru\/haberler\/antalya\/polisin-dur-ihtarina-uymayip-kacan-surucu-yakalandi\/#article","isPartOf":{"@id":"https:\/\/denizcankizil.tr\/ru\/haberler\/antalya\/polisin-dur-ihtarina-uymayip-kacan-surucu-yakalandi\/"},"author":{"name":"Av. Deniz Can K\u0131z\u0131l","@id":"https:\/\/denizcankizil.tr\/de\/#\/schema\/person\/5dc1b22991bd7ac833867c10afc9b0ff"},"headline":"Polisin \u2018dur&#8217; ihtar\u0131na uymay\u0131p ka\u00e7an s\u00fcr\u00fcc\u00fc yakaland\u0131","datePublished":"2025-05-15T08:41:17+00:00","mainEntityOfPage":{"@id":"https:\/\/denizcankizil.tr\/ru\/haberler\/antalya\/polisin-dur-ihtarina-uymayip-kacan-surucu-yakalandi\/"},"wordCount":215,"publisher":{"@id":"https:\/\/denizcankizil.tr\/de\/#organization"},"image":{"@id":"https:\/\/denizcankizil.tr\/ru\/haberler\/antalya\/polisin-dur-ihtarina-uymayip-kacan-surucu-yakalandi\/#primaryimage"},"thumbnailUrl":"https:\/\/denizcankizil.tr\/wp-content\/uploads\/2025\/05\/6342-01-aNyCOh.jpg","articleSection":["Antalya"],"inLanguage":"ru-RU"},{"@type":"WebPage","@id":"https:\/\/denizcankizil.tr\/ru\/haberler\/antalya\/polisin-dur-ihtarina-uymayip-kacan-surucu-yakalandi\/","url":"https:\/\/denizcankizil.tr\/ru\/haberler\/antalya\/polisin-dur-ihtarina-uymayip-kacan-surucu-yakalandi\/","name":"Polisin \u2018dur' ihtar\u0131na uymay\u0131p ka\u00e7an s\u00fcr\u00fcc\u00fc yakaland\u0131 - Av. Deniz Can K\u0131z\u0131l","isPartOf":{"@id":"https:\/\/denizcankizil.tr\/de\/#website"},"primaryImageOfPage":{"@id":"https:\/\/denizcankizil.tr\/ru\/haberler\/antalya\/polisin-dur-ihtarina-uymayip-kacan-surucu-yakalandi\/#primaryimage"},"image":{"@id":"https:\/\/denizcankizil.tr\/ru\/haberler\/antalya\/polisin-dur-ihtarina-uymayip-kacan-surucu-yakalandi\/#primaryimage"},"thumbnailUrl":"https:\/\/denizcankizil.tr\/wp-content\/uploads\/2025\/05\/6342-01-aNyCOh.jpg","datePublished":"2025-05-15T08:41:17+00:00","breadcrumb":{"@id":"https:\/\/denizcankizil.tr\/ru\/haberler\/antalya\/polisin-dur-ihtarina-uymayip-kacan-surucu-yakalandi\/#breadcrumb"},"inLanguage":"ru-RU","potentialAction":[{"@type":"ReadAction","target":["https:\/\/denizcankizil.tr\/ru\/haberler\/antalya\/polisin-dur-ihtarina-uymayip-kacan-surucu-yakalandi\/"]}]},{"@type":"ImageObject","inLanguage":"ru-RU","@id":"https:\/\/denizcankizil.tr\/ru\/haberler\/antalya\/polisin-dur-ihtarina-uymayip-kacan-surucu-yakalandi\/#primaryimage","url":"https:\/\/denizcankizil.tr\/wp-content\/uploads\/2025\/05\/6342-01-aNyCOh.jpg","contentUrl":"https:\/\/denizcankizil.tr\/wp-content\/uploads\/2025\/05\/6342-01-aNyCOh.jpg","width":1280,"height":720},{"@type":"BreadcrumbList","@id":"https:\/\/denizcankizil.tr\/ru\/haberler\/antalya\/polisin-dur-ihtarina-uymayip-kacan-surucu-yakalandi\/#breadcrumb","itemListElement":[{"@type":"ListItem","position":1,"name":"Home","item":"https:\/\/denizcankizil.tr\/de\/"},{"@type":"ListItem","position":2,"name":"Polisin \u2018dur&#8217; ihtar\u0131na uymay\u0131p ka\u00e7an s\u00fcr\u00fcc\u00fc yakaland\u0131"}]},{"@type":"WebSite","@id":"https:\/\/denizcankizil.tr\/de\/#website","url":"https:\/\/denizcankizil.tr\/de\/","name":"Av. Deniz Can K\u0131z\u0131l","description":"Avukat Deniz Can K\u0131z\u0131l Antalya Barosu","publisher":{"@id":"https:\/\/denizcankizil.tr\/de\/#organization"},"potentialAction":[{"@type":"SearchAction","target":{"@type":"EntryPoint","urlTemplate":"https:\/\/denizcankizil.tr\/de\/?s={search_term_string}"},"query-input":{"@type":"PropertyValueSpecification","valueRequired":true,"valueName":"search_term_string"}}],"inLanguage":"ru-RU"},{"@type":"Organization","@id":"https:\/\/denizcankizil.tr\/de\/#organization","name":"Av. Deniz Can K\u0131z\u0131l","url":"https:\/\/denizcankizil.tr\/de\/","logo":{"@type":"ImageObject","inLanguage":"ru-RU","@id":"https:\/\/denizcankizil.tr\/de\/#\/schema\/logo\/image\/","url":"https:\/\/denizcankizil.tr\/wp-content\/uploads\/2024\/10\/siyah-logo-svg.svg","contentUrl":"https:\/\/denizcankizil.tr\/wp-content\/uploads\/2024\/10\/siyah-logo-svg.svg","width":1080,"height":1080,"caption":"Av. Deniz Can K\u0131z\u0131l"},"image":{"@id":"https:\/\/denizcankizil.tr\/de\/#\/schema\/logo\/image\/"}},{"@type":"Person","@id":"https:\/\/denizcankizil.tr\/de\/#\/schema\/person\/5dc1b22991bd7ac833867c10afc9b0ff","name":"Av. Deniz Can K\u0131z\u0131l","image":{"@type":"ImageObject","inLanguage":"ru-RU","@id":"https:\/\/denizcankizil.tr\/de\/#\/schema\/person\/image\/","url":"https:\/\/secure.gravatar.com\/avatar\/a0b128fb9855c79efc976d5640eedb31dc35ec297594d6016d2cf7c60e975bb6?s=96&d=mm&r=g","contentUrl":"https:\/\/secure.gravatar.com\/avatar\/a0b128fb9855c79efc976d5640eedb31dc35ec297594d6016d2cf7c60e975bb6?s=96&d=mm&r=g","caption":"Av. Deniz Can K\u0131z\u0131l"},"sameAs":["http:\/\/www.denizcankizil.tr"],"url":"https:\/\/denizcankizil.tr\/ru\/author\/denizcankizil\/"}]}},"_links":{"self":[{"href":"https:\/\/denizcankizil.tr\/ru\/wp-json\/wp\/v2\/posts\/87189","targetHints":{"allow":["GET"]}}],"collection":[{"href":"https:\/\/denizcankizil.tr\/ru\/wp-json\/wp\/v2\/posts"}],"about":[{"href":"https:\/\/denizcankizil.tr\/ru\/wp-json\/wp\/v2\/types\/post"}],"author":[{"embeddable":true,"href":"https:\/\/denizcankizil.tr\/ru\/wp-json\/wp\/v2\/users\/4"}],"replies":[{"embeddable":true,"href":"https:\/\/denizcankizil.tr\/ru\/wp-json\/wp\/v2\/comments?post=87189"}],"version-history":[{"count":0,"href":"https:\/\/denizcankizil.tr\/ru\/wp-json\/wp\/v2\/posts\/87189\/revisions"}],"wp:featuredmedia":[{"embeddable":true,"href":"https:\/\/denizcankizil.tr\/ru\/wp-json\/wp\/v2\/media\/87190"}],"wp:attachment":[{"href":"https:\/\/denizcankizil.tr\/ru\/wp-json\/wp\/v2\/media?parent=87189"}],"wp:term":[{"taxonomy":"category","embeddable":true,"href":"https:\/\/denizcankizil.tr\/ru\/wp-json\/wp\/v2\/categories?post=87189"},{"taxonomy":"post_tag","embeddable":true,"href":"https:\/\/denizcankizil.tr\/ru\/wp-json\/wp\/v2\/tags?post=87189"}],"curies":[{"name":"wp","href":"https:\/\/api.w.org\/{rel}","templated":true}]}}