{"id":87143,"date":"2025-05-15T09:42:35","date_gmt":"2025-05-15T06:42:35","guid":{"rendered":"https:\/\/denizcankizil.tr\/uncategorized-tr\/baskan-tugay-yetkiyi-merkeze-toplamak-tarihi-hata\/"},"modified":"2025-05-15T09:42:35","modified_gmt":"2025-05-15T06:42:35","slug":"baskan-tugay-yetkiyi-merkeze-toplamak-tarihi-hata","status":"publish","type":"post","link":"https:\/\/denizcankizil.tr\/ru\/haberler\/gundem\/baskan-tugay-yetkiyi-merkeze-toplamak-tarihi-hata\/","title":{"rendered":"Ba\u015fkan Tugay: Yetkiyi merkeze toplamak tarihi hata!"},"content":{"rendered":"<p>\u0130zmir B\u00fcy\u00fck\u015fehir Belediye Ba\u015fkan\u0131 Dr. Cemil Tugay, Cumhurba\u015fkan\u0131 Erdo\u011fan\u2019\u0131n yerel y\u00f6netim yetkilerinin g\u00f6zden ge\u00e7irilmesi \u00f6nerisini \u201ctarihi hata\u201d olarak nitelendirdi. Tugay, yerelle\u015fmenin \u00f6nemini vurgulayarak, belediyelere daha fazla yetki ve kaynak talebinde bulundu.\u0130ZM\u0130R (\u0130GFA)  &#8211; \u0130zmir B\u00fcy\u00fck\u015fehir Belediyesi\u2019nin May\u0131s ay\u0131 meclis toplant\u0131s\u0131nda konu\u015fan Ba\u015fkan Dr. Cemil Tugay, Cumhurba\u015fkan\u0131 Recep Tayyip Erdo\u011fan\u2019\u0131n \u201cYetki payla\u015f\u0131m\u0131 g\u00f6zden ge\u00e7irilmeli\u201d a\u00e7\u0131klamas\u0131n\u0131 ele\u015ftirdi.<br \/>\nBa\u015fkan Tugay, \u201cD\u00fcnyada y\u00f6netimler yerelle\u015firken, bizde yetkilerin merkeze toplanmas\u0131 \u00fclkemizi k\u00f6t\u00fcye g\u00f6t\u00fcr\u00fcyor. Bu tarihi bir hata. Hangi partiden olursa olsun, bu yanl\u0131\u015f\u0131 kimse savunamaz. Yerel y\u00f6netimlere daha fazla yetki ve kaynak sa\u011flanmal\u0131\u201d dedi. Belediyelerin halk\u0131n her sorununa 24 saat ko\u015ftu\u011funu, merkezi h\u00fck\u00fcmetin yeti\u015femedi\u011fi alanlarda bile destek verdi\u011fini belirtti.<br \/>\nSANATA VE ORMANLARA VURGU<br \/>\nKar\u015f\u0131yaka Oda Orkestras\u0131\u2019n\u0131 \u0130zmir Senfoni Orkestras\u0131\u2019na d\u00f6n\u00fc\u015ft\u00fcrme plan\u0131n\u0131 duyuran Ba\u015fkan Tugay, 30 May\u0131s\u2019ta ilk konserin verilece\u011fini s\u00f6yledi. Bayrakl\u0131\u2019da orman alanlar\u0131n\u0131n yang\u0131n sonras\u0131 imara a\u00e7\u0131lmas\u0131na tepki g\u00f6steren Tugay, \u201cYanan a\u011fa\u00e7lar\u0131n foto\u011fraflar\u0131n\u0131 g\u00f6rd\u00fcm. Ormanlar\u0131 g\u00f6z\u00fcm\u00fcz gibi korumal\u0131y\u0131z. Yang\u0131nlar\u0131 f\u0131rsat bilip yap\u0131la\u015fmaya a\u00e7mak b\u00fcy\u00fck su\u00e7\u201d dedi.<br \/>\nMenderes ve Yamanlar\u2019daki yanan alanlarda a\u011fa\u00e7land\u0131rma \u00e7al\u0131\u015fmalar\u0131n\u0131n yetersiz oldu\u011funu, ormanlar\u0131n korunmas\u0131 i\u00e7in havadan s\u00f6nd\u00fcrme gibi etkili \u00f6nlemler gerekti\u011fini ifade etti.<\/p>\n<p>\u200b\u0130zmir B\u00fcy\u00fck\u015fehir Belediye Ba\u015fkan\u0131 Dr. Cemil Tugay, Cumhurba\u015fkan\u0131 Erdo\u011fan\u2019\u0131n yerel y\u00f6netim yetkilerinin g\u00f6zden ge\u00e7irilmesi \u00f6nerisini \u201ctarihi hata\u201d olarak nitelendirdi. Tugay, yerelle\u015fmenin \u00f6nemini vurgulayarak, belediyelere daha fazla yetki ve kaynak talebinde bulundu.\u0130ZM\u0130R (\u0130GFA)  &#8211; \u0130zmir B\u00fcy\u00fck\u015fehir Belediyesi\u2019nin May\u0131s ay\u0131 meclis toplant\u0131s\u0131nda konu\u015fan Ba\u015fkan Dr. Cemil Tugay, Cumhurba\u015fkan\u0131 Recep Tayyip Erdo\u011fan\u2019\u0131n \u201cYetki payla\u015f\u0131m\u0131 g\u00f6zden ge\u00e7irilmeli\u201d a\u00e7\u0131klamas\u0131n\u0131 ele\u015ftirdi.<br \/>\nBa\u015fkan Tugay, \u201cD\u00fcnyada y\u00f6netimler yerelle\u015firken, bizde yetkilerin merkeze toplanmas\u0131 \u00fclkemizi k\u00f6t\u00fcye g\u00f6t\u00fcr\u00fcyor. Bu tarihi bir hata. Hangi partiden olursa olsun, bu yanl\u0131\u015f\u0131 kimse savunamaz. Yerel y\u00f6netimlere daha fazla yetki ve kaynak sa\u011flanmal\u0131\u201d dedi. Belediyelerin halk\u0131n her sorununa 24 saat ko\u015ftu\u011funu, merkezi h\u00fck\u00fcmetin yeti\u015femedi\u011fi alanlarda bile destek verdi\u011fini belirtti.<br \/>\nSANATA VE ORMANLARA VURGU<br \/>\nKar\u015f\u0131yaka Oda Orkestras\u0131\u2019n\u0131 \u0130zmir Senfoni Orkestras\u0131\u2019na d\u00f6n\u00fc\u015ft\u00fcrme plan\u0131n\u0131 duyuran Ba\u015fkan Tugay, 30 May\u0131s\u2019ta ilk konserin verilece\u011fini s\u00f6yledi. Bayrakl\u0131\u2019da orman alanlar\u0131n\u0131n yang\u0131n sonras\u0131 imara a\u00e7\u0131lmas\u0131na tepki g\u00f6steren Tugay, \u201cYanan a\u011fa\u00e7lar\u0131n foto\u011fraflar\u0131n\u0131 g\u00f6rd\u00fcm. Ormanlar\u0131 g\u00f6z\u00fcm\u00fcz gibi korumal\u0131y\u0131z. Yang\u0131nlar\u0131 f\u0131rsat bilip yap\u0131la\u015fmaya a\u00e7mak b\u00fcy\u00fck su\u00e7\u201d dedi.<br \/>\nMenderes ve Yamanlar\u2019daki yanan alanlarda a\u011fa\u00e7land\u0131rma \u00e7al\u0131\u015fmalar\u0131n\u0131n yetersiz oldu\u011funu, ormanlar\u0131n korunmas\u0131 i\u00e7in havadan s\u00f6nd\u00fcrme gibi etkili \u00f6nlemler gerekti\u011fini ifade etti.\u00a0<\/p>\n<p>\u200bHaberin Al\u0131nt\u0131land\u0131\u011f\u0131 Kaynak: www.iskenderun.org<\/p>","protected":false},"excerpt":{"rendered":"<p>\u0130zmir B\u00fcy\u00fck\u015fehir Belediye Ba\u015fkan\u0131 Dr. Cemil Tugay, Cumhurba\u015fkan\u0131 Erdo\u011fan\u2019\u0131n yerel y\u00f6netim yetkilerinin g\u00f6zden ge\u00e7irilmesi \u00f6nerisini \u201ctarihi hata\u201d olarak nitelendirdi. Tugay, yerelle\u015fmenin \u00f6nemini vurgulayarak, belediyelere daha fazla yetki ve kaynak talebinde bulundu.\u0130ZM\u0130R (\u0130GFA) &#8211; \u0130zmir B\u00fcy\u00fck\u015fehir Belediyesi\u2019nin May\u0131s ay\u0131 meclis toplant\u0131s\u0131nda konu\u015fan Ba\u015fkan Dr. Cemil Tugay, Cumhurba\u015fkan\u0131 Recep Tayyip Erdo\u011fan\u2019\u0131n \u201cYetki payla\u015f\u0131m\u0131 g\u00f6zden ge\u00e7irilmeli\u201d a\u00e7\u0131klamas\u0131n\u0131 ele\u015ftirdi. Ba\u015fkan Tugay, \u201cD\u00fcnyada y\u00f6netimler yerelle\u015firken, bizde yetkilerin merkeze toplanmas\u0131 \u00fclkemizi k\u00f6t\u00fcye g\u00f6t\u00fcr\u00fcyor. Bu tarihi bir hata. Hangi partiden olursa olsun, bu yanl\u0131\u015f\u0131 kimse savunamaz. Yerel y\u00f6netimlere daha fazla yetki ve kaynak sa\u011flanmal\u0131\u201d dedi. Belediyelerin halk\u0131n her sorununa 24 saat ko\u015ftu\u011funu, merkezi h\u00fck\u00fcmetin yeti\u015femedi\u011fi alanlarda bile destek verdi\u011fini belirtti. SANATA VE ORMANLARA VURGU Kar\u015f\u0131yaka Oda Orkestras\u0131\u2019n\u0131 \u0130zmir Senfoni Orkestras\u0131\u2019na d\u00f6n\u00fc\u015ft\u00fcrme plan\u0131n\u0131 duyuran Ba\u015fkan Tugay, 30 May\u0131s\u2019ta ilk konserin verilece\u011fini s\u00f6yledi. Bayrakl\u0131\u2019da orman alanlar\u0131n\u0131n yang\u0131n sonras\u0131 imara a\u00e7\u0131lmas\u0131na tepki g\u00f6steren Tugay, \u201cYanan a\u011fa\u00e7lar\u0131n foto\u011fraflar\u0131n\u0131 g\u00f6rd\u00fcm. Ormanlar\u0131 g\u00f6z\u00fcm\u00fcz gibi korumal\u0131y\u0131z. Yang\u0131nlar\u0131 f\u0131rsat bilip yap\u0131la\u015fmaya a\u00e7mak b\u00fcy\u00fck su\u00e7\u201d dedi. Menderes ve Yamanlar\u2019daki yanan alanlarda a\u011fa\u00e7land\u0131rma \u00e7al\u0131\u015fmalar\u0131n\u0131n yetersiz oldu\u011funu, ormanlar\u0131n korunmas\u0131 i\u00e7in havadan s\u00f6nd\u00fcrme gibi etkili \u00f6nlemler gerekti\u011fini ifade etti. \u200b\u0130zmir B\u00fcy\u00fck\u015fehir Belediye Ba\u015fkan\u0131 Dr. Cemil Tugay, Cumhurba\u015fkan\u0131 Erdo\u011fan\u2019\u0131n yerel y\u00f6netim yetkilerinin g\u00f6zden ge\u00e7irilmesi \u00f6nerisini \u201ctarihi hata\u201d olarak nitelendirdi. Tugay, yerelle\u015fmenin \u00f6nemini vurgulayarak, belediyelere daha fazla yetki ve kaynak talebinde &hellip;<\/p>","protected":false},"author":1,"featured_media":0,"comment_status":"","ping_status":"open","sticky":false,"template":"","format":"standard","meta":{"_acf_changed":false,"footnotes":""},"categories":[24],"tags":[],"class_list":["post-87143","post","type-post","status-publish","format-standard","has-post-thumbnail","hentry","category-gundem"],"acf":[],"yoast_head":"<!-- This site is optimized with the Yoast SEO Premium plugin v26.6 (Yoast SEO v27.1.1) - https:\/\/yoast.com\/product\/yoast-seo-premium-wordpress\/ -->\n<title>Ba\u015fkan Tugay: Yetkiyi merkeze toplamak tarihi hata! - Av. Deniz Can K\u0131z\u0131l<\/title>\n<meta name=\"robots\" content=\"index, follow, max-snippet:-1, max-image-preview:large, max-video-preview:-1\" \/>\n<link rel=\"canonical\" href=\"https:\/\/denizcankizil.tr\/ru\/haberler\/gundem\/baskan-tugay-yetkiyi-merkeze-toplamak-tarihi-hata\/\" \/>\n<meta property=\"og:locale\" content=\"ru_RU\" \/>\n<meta property=\"og:type\" content=\"article\" \/>\n<meta property=\"og:title\" content=\"Ba\u015fkan Tugay: Yetkiyi merkeze toplamak tarihi hata!\" \/>\n<meta property=\"og:description\" content=\"\u0130zmir B\u00fcy\u00fck\u015fehir Belediye Ba\u015fkan\u0131 Dr. Cemil Tugay, Cumhurba\u015fkan\u0131 Erdo\u011fan\u2019\u0131n yerel y\u00f6netim yetkilerinin g\u00f6zden ge\u00e7irilmesi \u00f6nerisini \u201ctarihi hata\u201d olarak nitelendirdi. Tugay, yerelle\u015fmenin \u00f6nemini vurgulayarak, belediyelere daha fazla yetki ve kaynak talebinde bulundu.\u0130ZM\u0130R (\u0130GFA) &#8211; \u0130zmir B\u00fcy\u00fck\u015fehir Belediyesi\u2019nin May\u0131s ay\u0131 meclis toplant\u0131s\u0131nda konu\u015fan Ba\u015fkan Dr. Cemil Tugay, Cumhurba\u015fkan\u0131 Recep Tayyip Erdo\u011fan\u2019\u0131n \u201cYetki payla\u015f\u0131m\u0131 g\u00f6zden ge\u00e7irilmeli\u201d a\u00e7\u0131klamas\u0131n\u0131 ele\u015ftirdi. Ba\u015fkan Tugay, \u201cD\u00fcnyada y\u00f6netimler yerelle\u015firken, bizde yetkilerin merkeze toplanmas\u0131 \u00fclkemizi k\u00f6t\u00fcye g\u00f6t\u00fcr\u00fcyor. Bu tarihi bir hata. Hangi partiden olursa olsun, bu yanl\u0131\u015f\u0131 kimse savunamaz. Yerel y\u00f6netimlere daha fazla yetki ve kaynak sa\u011flanmal\u0131\u201d dedi. Belediyelerin halk\u0131n her sorununa 24 saat ko\u015ftu\u011funu, merkezi h\u00fck\u00fcmetin yeti\u015femedi\u011fi alanlarda bile destek verdi\u011fini belirtti. SANATA VE ORMANLARA VURGU Kar\u015f\u0131yaka Oda Orkestras\u0131\u2019n\u0131 \u0130zmir Senfoni Orkestras\u0131\u2019na d\u00f6n\u00fc\u015ft\u00fcrme plan\u0131n\u0131 duyuran Ba\u015fkan Tugay, 30 May\u0131s\u2019ta ilk konserin verilece\u011fini s\u00f6yledi. Bayrakl\u0131\u2019da orman alanlar\u0131n\u0131n yang\u0131n sonras\u0131 imara a\u00e7\u0131lmas\u0131na tepki g\u00f6steren Tugay, \u201cYanan a\u011fa\u00e7lar\u0131n foto\u011fraflar\u0131n\u0131 g\u00f6rd\u00fcm. Ormanlar\u0131 g\u00f6z\u00fcm\u00fcz gibi korumal\u0131y\u0131z. Yang\u0131nlar\u0131 f\u0131rsat bilip yap\u0131la\u015fmaya a\u00e7mak b\u00fcy\u00fck su\u00e7\u201d dedi. Menderes ve Yamanlar\u2019daki yanan alanlarda a\u011fa\u00e7land\u0131rma \u00e7al\u0131\u015fmalar\u0131n\u0131n yetersiz oldu\u011funu, ormanlar\u0131n korunmas\u0131 i\u00e7in havadan s\u00f6nd\u00fcrme gibi etkili \u00f6nlemler gerekti\u011fini ifade etti. \u200b\u0130zmir B\u00fcy\u00fck\u015fehir Belediye Ba\u015fkan\u0131 Dr. Cemil Tugay, Cumhurba\u015fkan\u0131 Erdo\u011fan\u2019\u0131n yerel y\u00f6netim yetkilerinin g\u00f6zden ge\u00e7irilmesi \u00f6nerisini \u201ctarihi hata\u201d olarak nitelendirdi. Tugay, yerelle\u015fmenin \u00f6nemini vurgulayarak, belediyelere daha fazla yetki ve kaynak talebinde &hellip;\" \/>\n<meta property=\"og:url\" content=\"https:\/\/denizcankizil.tr\/ru\/haberler\/gundem\/baskan-tugay-yetkiyi-merkeze-toplamak-tarihi-hata\/\" \/>\n<meta property=\"og:site_name\" content=\"Av. Deniz Can K\u0131z\u0131l\" \/>\n<meta property=\"article:published_time\" content=\"2025-05-15T06:42:35+00:00\" \/>\n<meta name=\"author\" content=\"admin\" \/>\n<meta name=\"twitter:card\" content=\"summary_large_image\" \/>\n<meta name=\"twitter:label1\" content=\"\u041d\u0430\u043f\u0438\u0441\u0430\u043d\u043e \u0430\u0432\u0442\u043e\u0440\u043e\u043c\" \/>\n\t<meta name=\"twitter:data1\" content=\"admin\" \/>\n\t<meta name=\"twitter:label2\" content=\"\u041f\u0440\u0438\u043c\u0435\u0440\u043d\u043e\u0435 \u0432\u0440\u0435\u043c\u044f \u0434\u043b\u044f \u0447\u0442\u0435\u043d\u0438\u044f\" \/>\n\t<meta name=\"twitter:data2\" content=\"3 \u043c\u0438\u043d\u0443\u0442\u044b\" \/>\n<script type=\"application\/ld+json\" class=\"yoast-schema-graph\">{\"@context\":\"https:\/\/schema.org\",\"@graph\":[{\"@type\":\"Article\",\"@id\":\"https:\/\/denizcankizil.tr\/ru\/haberler\/gundem\/baskan-tugay-yetkiyi-merkeze-toplamak-tarihi-hata\/#article\",\"isPartOf\":{\"@id\":\"https:\/\/denizcankizil.tr\/ru\/haberler\/gundem\/baskan-tugay-yetkiyi-merkeze-toplamak-tarihi-hata\/\"},\"author\":{\"name\":\"admin\",\"@id\":\"https:\/\/denizcankizil.tr\/#\/schema\/person\/be3c05fe6a12686905512445d8185489\"},\"headline\":\"Ba\u015fkan Tugay: Yetkiyi merkeze toplamak tarihi hata!\",\"datePublished\":\"2025-05-15T06:42:35+00:00\",\"mainEntityOfPage\":{\"@id\":\"https:\/\/denizcankizil.tr\/ru\/haberler\/gundem\/baskan-tugay-yetkiyi-merkeze-toplamak-tarihi-hata\/\"},\"wordCount\":554,\"publisher\":{\"@id\":\"https:\/\/denizcankizil.tr\/#organization\"},\"articleSection\":[\"G\u00fcndem\"],\"inLanguage\":\"ru-RU\"},{\"@type\":\"WebPage\",\"@id\":\"https:\/\/denizcankizil.tr\/ru\/haberler\/gundem\/baskan-tugay-yetkiyi-merkeze-toplamak-tarihi-hata\/\",\"url\":\"https:\/\/denizcankizil.tr\/ru\/haberler\/gundem\/baskan-tugay-yetkiyi-merkeze-toplamak-tarihi-hata\/\",\"name\":\"Ba\u015fkan Tugay: Yetkiyi merkeze toplamak tarihi hata! - Av. Deniz Can K\u0131z\u0131l\",\"isPartOf\":{\"@id\":\"https:\/\/denizcankizil.tr\/#website\"},\"datePublished\":\"2025-05-15T06:42:35+00:00\",\"breadcrumb\":{\"@id\":\"https:\/\/denizcankizil.tr\/ru\/haberler\/gundem\/baskan-tugay-yetkiyi-merkeze-toplamak-tarihi-hata\/#breadcrumb\"},\"inLanguage\":\"ru-RU\",\"potentialAction\":[{\"@type\":\"ReadAction\",\"target\":[\"https:\/\/denizcankizil.tr\/ru\/haberler\/gundem\/baskan-tugay-yetkiyi-merkeze-toplamak-tarihi-hata\/\"]}]},{\"@type\":\"BreadcrumbList\",\"@id\":\"https:\/\/denizcankizil.tr\/ru\/haberler\/gundem\/baskan-tugay-yetkiyi-merkeze-toplamak-tarihi-hata\/#breadcrumb\",\"itemListElement\":[{\"@type\":\"ListItem\",\"position\":1,\"name\":\"Home\",\"item\":\"https:\/\/denizcankizil.tr\/uk\/\"},{\"@type\":\"ListItem\",\"position\":2,\"name\":\"Ba\u015fkan Tugay: Yetkiyi merkeze toplamak tarihi hata!\"}]},{\"@type\":\"WebSite\",\"@id\":\"https:\/\/denizcankizil.tr\/#website\",\"url\":\"https:\/\/denizcankizil.tr\/\",\"name\":\"Av. Deniz Can K\u0131z\u0131l\",\"description\":\"Avukat Deniz Can K\u0131z\u0131l Antalya Barosu\",\"publisher\":{\"@id\":\"https:\/\/denizcankizil.tr\/#organization\"},\"potentialAction\":[{\"@type\":\"SearchAction\",\"target\":{\"@type\":\"EntryPoint\",\"urlTemplate\":\"https:\/\/denizcankizil.tr\/?s={search_term_string}\"},\"query-input\":{\"@type\":\"PropertyValueSpecification\",\"valueRequired\":true,\"valueName\":\"search_term_string\"}}],\"inLanguage\":\"ru-RU\"},{\"@type\":\"Organization\",\"@id\":\"https:\/\/denizcankizil.tr\/#organization\",\"name\":\"Av. Deniz Can K\u0131z\u0131l\",\"url\":\"https:\/\/denizcankizil.tr\/\",\"logo\":{\"@type\":\"ImageObject\",\"inLanguage\":\"ru-RU\",\"@id\":\"https:\/\/denizcankizil.tr\/#\/schema\/logo\/image\/\",\"url\":\"https:\/\/denizcankizil.tr\/wp-content\/uploads\/2024\/10\/siyah-logo-svg.svg\",\"contentUrl\":\"https:\/\/denizcankizil.tr\/wp-content\/uploads\/2024\/10\/siyah-logo-svg.svg\",\"width\":1080,\"height\":1080,\"caption\":\"Av. Deniz Can K\u0131z\u0131l\"},\"image\":{\"@id\":\"https:\/\/denizcankizil.tr\/#\/schema\/logo\/image\/\"}},{\"@type\":\"Person\",\"@id\":\"https:\/\/denizcankizil.tr\/#\/schema\/person\/be3c05fe6a12686905512445d8185489\",\"name\":\"admin\",\"image\":{\"@type\":\"ImageObject\",\"inLanguage\":\"ru-RU\",\"@id\":\"https:\/\/denizcankizil.tr\/#\/schema\/person\/image\/\",\"url\":\"https:\/\/secure.gravatar.com\/avatar\/c1fce94c830dc79107e174f890d7210541c4a63e8e5d816341794a2151c9d58c?s=96&d=mm&r=g\",\"contentUrl\":\"https:\/\/secure.gravatar.com\/avatar\/c1fce94c830dc79107e174f890d7210541c4a63e8e5d816341794a2151c9d58c?s=96&d=mm&r=g\",\"caption\":\"admin\"},\"sameAs\":[\"http:\/\/denizcankizil.tr\"],\"url\":\"https:\/\/www.iskenderun.org\/baskan-tugay-yetkiyi-merkeze-toplamak-tarihi-hata\"}]}<\/script>\n<!-- \/ Yoast SEO Premium plugin. -->","yoast_head_json":{"title":"Ba\u015fkan Tugay: Yetkiyi merkeze toplamak tarihi hata! - Av. Deniz Can K\u0131z\u0131l","robots":{"index":"index","follow":"follow","max-snippet":"max-snippet:-1","max-image-preview":"max-image-preview:large","max-video-preview":"max-video-preview:-1"},"canonical":"https:\/\/denizcankizil.tr\/ru\/haberler\/gundem\/baskan-tugay-yetkiyi-merkeze-toplamak-tarihi-hata\/","og_locale":"ru_RU","og_type":"article","og_title":"Ba\u015fkan Tugay: Yetkiyi merkeze toplamak tarihi hata!","og_description":"\u0130zmir B\u00fcy\u00fck\u015fehir Belediye Ba\u015fkan\u0131 Dr. Cemil Tugay, Cumhurba\u015fkan\u0131 Erdo\u011fan\u2019\u0131n yerel y\u00f6netim yetkilerinin g\u00f6zden ge\u00e7irilmesi \u00f6nerisini \u201ctarihi hata\u201d olarak nitelendirdi. Tugay, yerelle\u015fmenin \u00f6nemini vurgulayarak, belediyelere daha fazla yetki ve kaynak talebinde bulundu.\u0130ZM\u0130R (\u0130GFA) &#8211; \u0130zmir B\u00fcy\u00fck\u015fehir Belediyesi\u2019nin May\u0131s ay\u0131 meclis toplant\u0131s\u0131nda konu\u015fan Ba\u015fkan Dr. Cemil Tugay, Cumhurba\u015fkan\u0131 Recep Tayyip Erdo\u011fan\u2019\u0131n \u201cYetki payla\u015f\u0131m\u0131 g\u00f6zden ge\u00e7irilmeli\u201d a\u00e7\u0131klamas\u0131n\u0131 ele\u015ftirdi. Ba\u015fkan Tugay, \u201cD\u00fcnyada y\u00f6netimler yerelle\u015firken, bizde yetkilerin merkeze toplanmas\u0131 \u00fclkemizi k\u00f6t\u00fcye g\u00f6t\u00fcr\u00fcyor. Bu tarihi bir hata. Hangi partiden olursa olsun, bu yanl\u0131\u015f\u0131 kimse savunamaz. Yerel y\u00f6netimlere daha fazla yetki ve kaynak sa\u011flanmal\u0131\u201d dedi. Belediyelerin halk\u0131n her sorununa 24 saat ko\u015ftu\u011funu, merkezi h\u00fck\u00fcmetin yeti\u015femedi\u011fi alanlarda bile destek verdi\u011fini belirtti. SANATA VE ORMANLARA VURGU Kar\u015f\u0131yaka Oda Orkestras\u0131\u2019n\u0131 \u0130zmir Senfoni Orkestras\u0131\u2019na d\u00f6n\u00fc\u015ft\u00fcrme plan\u0131n\u0131 duyuran Ba\u015fkan Tugay, 30 May\u0131s\u2019ta ilk konserin verilece\u011fini s\u00f6yledi. Bayrakl\u0131\u2019da orman alanlar\u0131n\u0131n yang\u0131n sonras\u0131 imara a\u00e7\u0131lmas\u0131na tepki g\u00f6steren Tugay, \u201cYanan a\u011fa\u00e7lar\u0131n foto\u011fraflar\u0131n\u0131 g\u00f6rd\u00fcm. Ormanlar\u0131 g\u00f6z\u00fcm\u00fcz gibi korumal\u0131y\u0131z. Yang\u0131nlar\u0131 f\u0131rsat bilip yap\u0131la\u015fmaya a\u00e7mak b\u00fcy\u00fck su\u00e7\u201d dedi. Menderes ve Yamanlar\u2019daki yanan alanlarda a\u011fa\u00e7land\u0131rma \u00e7al\u0131\u015fmalar\u0131n\u0131n yetersiz oldu\u011funu, ormanlar\u0131n korunmas\u0131 i\u00e7in havadan s\u00f6nd\u00fcrme gibi etkili \u00f6nlemler gerekti\u011fini ifade etti. \u200b\u0130zmir B\u00fcy\u00fck\u015fehir Belediye Ba\u015fkan\u0131 Dr. Cemil Tugay, Cumhurba\u015fkan\u0131 Erdo\u011fan\u2019\u0131n yerel y\u00f6netim yetkilerinin g\u00f6zden ge\u00e7irilmesi \u00f6nerisini \u201ctarihi hata\u201d olarak nitelendirdi. Tugay, yerelle\u015fmenin \u00f6nemini vurgulayarak, belediyelere daha fazla yetki ve kaynak talebinde &hellip;","og_url":"https:\/\/denizcankizil.tr\/ru\/haberler\/gundem\/baskan-tugay-yetkiyi-merkeze-toplamak-tarihi-hata\/","og_site_name":"Av. Deniz Can K\u0131z\u0131l","article_published_time":"2025-05-15T06:42:35+00:00","author":"admin","twitter_card":"summary_large_image","twitter_misc":{"\u041d\u0430\u043f\u0438\u0441\u0430\u043d\u043e \u0430\u0432\u0442\u043e\u0440\u043e\u043c":"admin","\u041f\u0440\u0438\u043c\u0435\u0440\u043d\u043e\u0435 \u0432\u0440\u0435\u043c\u044f \u0434\u043b\u044f \u0447\u0442\u0435\u043d\u0438\u044f":"3 \u043c\u0438\u043d\u0443\u0442\u044b"},"schema":{"@context":"https:\/\/schema.org","@graph":[{"@type":"Article","@id":"https:\/\/denizcankizil.tr\/ru\/haberler\/gundem\/baskan-tugay-yetkiyi-merkeze-toplamak-tarihi-hata\/#article","isPartOf":{"@id":"https:\/\/denizcankizil.tr\/ru\/haberler\/gundem\/baskan-tugay-yetkiyi-merkeze-toplamak-tarihi-hata\/"},"author":{"name":"admin","@id":"https:\/\/denizcankizil.tr\/#\/schema\/person\/be3c05fe6a12686905512445d8185489"},"headline":"Ba\u015fkan Tugay: Yetkiyi merkeze toplamak tarihi hata!","datePublished":"2025-05-15T06:42:35+00:00","mainEntityOfPage":{"@id":"https:\/\/denizcankizil.tr\/ru\/haberler\/gundem\/baskan-tugay-yetkiyi-merkeze-toplamak-tarihi-hata\/"},"wordCount":554,"publisher":{"@id":"https:\/\/denizcankizil.tr\/#organization"},"articleSection":["G\u00fcndem"],"inLanguage":"ru-RU"},{"@type":"WebPage","@id":"https:\/\/denizcankizil.tr\/ru\/haberler\/gundem\/baskan-tugay-yetkiyi-merkeze-toplamak-tarihi-hata\/","url":"https:\/\/denizcankizil.tr\/ru\/haberler\/gundem\/baskan-tugay-yetkiyi-merkeze-toplamak-tarihi-hata\/","name":"Ba\u015fkan Tugay: Yetkiyi merkeze toplamak tarihi hata! - Av. Deniz Can K\u0131z\u0131l","isPartOf":{"@id":"https:\/\/denizcankizil.tr\/#website"},"datePublished":"2025-05-15T06:42:35+00:00","breadcrumb":{"@id":"https:\/\/denizcankizil.tr\/ru\/haberler\/gundem\/baskan-tugay-yetkiyi-merkeze-toplamak-tarihi-hata\/#breadcrumb"},"inLanguage":"ru-RU","potentialAction":[{"@type":"ReadAction","target":["https:\/\/denizcankizil.tr\/ru\/haberler\/gundem\/baskan-tugay-yetkiyi-merkeze-toplamak-tarihi-hata\/"]}]},{"@type":"BreadcrumbList","@id":"https:\/\/denizcankizil.tr\/ru\/haberler\/gundem\/baskan-tugay-yetkiyi-merkeze-toplamak-tarihi-hata\/#breadcrumb","itemListElement":[{"@type":"ListItem","position":1,"name":"Home","item":"https:\/\/denizcankizil.tr\/uk\/"},{"@type":"ListItem","position":2,"name":"Ba\u015fkan Tugay: Yetkiyi merkeze toplamak tarihi hata!"}]},{"@type":"WebSite","@id":"https:\/\/denizcankizil.tr\/#website","url":"https:\/\/denizcankizil.tr\/","name":"Av. Deniz Can K\u0131z\u0131l","description":"Avukat Deniz Can K\u0131z\u0131l Antalya Barosu","publisher":{"@id":"https:\/\/denizcankizil.tr\/#organization"},"potentialAction":[{"@type":"SearchAction","target":{"@type":"EntryPoint","urlTemplate":"https:\/\/denizcankizil.tr\/?s={search_term_string}"},"query-input":{"@type":"PropertyValueSpecification","valueRequired":true,"valueName":"search_term_string"}}],"inLanguage":"ru-RU"},{"@type":"Organization","@id":"https:\/\/denizcankizil.tr\/#organization","name":"Av. Deniz Can K\u0131z\u0131l","url":"https:\/\/denizcankizil.tr\/","logo":{"@type":"ImageObject","inLanguage":"ru-RU","@id":"https:\/\/denizcankizil.tr\/#\/schema\/logo\/image\/","url":"https:\/\/denizcankizil.tr\/wp-content\/uploads\/2024\/10\/siyah-logo-svg.svg","contentUrl":"https:\/\/denizcankizil.tr\/wp-content\/uploads\/2024\/10\/siyah-logo-svg.svg","width":1080,"height":1080,"caption":"Av. Deniz Can K\u0131z\u0131l"},"image":{"@id":"https:\/\/denizcankizil.tr\/#\/schema\/logo\/image\/"}},{"@type":"Person","@id":"https:\/\/denizcankizil.tr\/#\/schema\/person\/be3c05fe6a12686905512445d8185489","name":"\u0430\u0434\u043c\u0438\u043d","image":{"@type":"ImageObject","inLanguage":"ru-RU","@id":"https:\/\/denizcankizil.tr\/#\/schema\/person\/image\/","url":"https:\/\/secure.gravatar.com\/avatar\/c1fce94c830dc79107e174f890d7210541c4a63e8e5d816341794a2151c9d58c?s=96&d=mm&r=g","contentUrl":"https:\/\/secure.gravatar.com\/avatar\/c1fce94c830dc79107e174f890d7210541c4a63e8e5d816341794a2151c9d58c?s=96&d=mm&r=g","caption":"admin"},"sameAs":["http:\/\/denizcankizil.tr"],"url":"https:\/\/www.iskenderun.org\/baskan-tugay-yetkiyi-merkeze-toplamak-tarihi-hata"}]}},"_links":{"self":[{"href":"https:\/\/denizcankizil.tr\/ru\/wp-json\/wp\/v2\/posts\/87143","targetHints":{"allow":["GET"]}}],"collection":[{"href":"https:\/\/denizcankizil.tr\/ru\/wp-json\/wp\/v2\/posts"}],"about":[{"href":"https:\/\/denizcankizil.tr\/ru\/wp-json\/wp\/v2\/types\/post"}],"author":[{"embeddable":true,"href":"https:\/\/denizcankizil.tr\/ru\/wp-json\/wp\/v2\/users\/1"}],"replies":[{"embeddable":true,"href":"https:\/\/denizcankizil.tr\/ru\/wp-json\/wp\/v2\/comments?post=87143"}],"version-history":[{"count":0,"href":"https:\/\/denizcankizil.tr\/ru\/wp-json\/wp\/v2\/posts\/87143\/revisions"}],"wp:attachment":[{"href":"https:\/\/denizcankizil.tr\/ru\/wp-json\/wp\/v2\/media?parent=87143"}],"wp:term":[{"taxonomy":"category","embeddable":true,"href":"https:\/\/denizcankizil.tr\/ru\/wp-json\/wp\/v2\/categories?post=87143"},{"taxonomy":"post_tag","embeddable":true,"href":"https:\/\/denizcankizil.tr\/ru\/wp-json\/wp\/v2\/tags?post=87143"}],"curies":[{"name":"wp","href":"https:\/\/api.w.org\/{rel}","templated":true}]}}