{"id":86565,"date":"2025-05-14T19:42:05","date_gmt":"2025-05-14T16:42:05","guid":{"rendered":"https:\/\/denizcankizil.tr\/uncategorized-tr\/bursa-buyuksehirden-surdurulebilir-gelecekicin-dev-yatirim\/"},"modified":"2025-05-14T19:42:05","modified_gmt":"2025-05-14T16:42:05","slug":"bursa-buyuksehirden-surdurulebilir-gelecekicin-dev-yatirim","status":"publish","type":"post","link":"https:\/\/denizcankizil.tr\/ru\/haberler\/gundem\/bursa-buyuksehirden-surdurulebilir-gelecekicin-dev-yatirim\/","title":{"rendered":"Bursa B\u00fcy\u00fck\u015fehir\u2019den s\u00fcrd\u00fcr\u00fclebilir geleceki\u00e7in dev yat\u0131r\u0131m"},"content":{"rendered":"<p>Bursa B\u00fcy\u00fck\u015fehir Belediyesi, Orhangazi At\u0131ksu Ar\u0131tma Tesisi\u2019nin kapasitesini 17 bin metrek\u00fcpten 51 bin metrek\u00fcpe \u00e7\u0131karan \u0130leri Biyolojik Ar\u0131tma Tesisi\u2019ni t\u00f6renle hizmete a\u00e7t\u0131.BURSA (\u0130GFA) &#8211; Avrupa Birli\u011fi standartlar\u0131na uygun olarak tasarlanan tesis, \u00e7evre kirlili\u011fiyle m\u00fccadelede \u00f6nemli bir ad\u0131m olarak nitelendiriliyor. Bursa B\u00fcy\u00fck\u015fehir Belediye Ba\u015fkan\u0131 Mustafa Bozbey, tesisin yaln\u0131zca bir m\u00fchendislik ba\u015far\u0131s\u0131 de\u011fil, ayn\u0131 zamanda temiz ve sa\u011fl\u0131kl\u0131 bir \u00e7evrede ya\u015fama hakk\u0131n\u0131 savunan y\u00f6netim anlay\u0131\u015flar\u0131n\u0131n g\u00fc\u00e7l\u00fc bir g\u00f6stergesi oldu\u011funu vurgulad\u0131.<br \/>\nT\u00d6RENE YO\u011eUN KATILIM<br \/>\nA\u00e7\u0131l\u0131\u015f t\u00f6renine Bursa B\u00fcy\u00fck\u015fehir Belediye Ba\u015fkan\u0131 Mustafa Bozbey\u2019in yan\u0131 s\u0131ra Orhangazi Kaymakam\u0131 Zafer Karamehmeto\u011flu, Orhangazi Belediye Ba\u015fkan\u0131 Bekir Ayd\u0131n, Gemlik Belediye Ba\u015fkan\u0131 \u015e\u00fckr\u00fc Deviren, \u0130ller Bankas\u0131 Bursa B\u00f6lge M\u00fcd\u00fcr\u00fc Ayhan Kayat\u00fcrk, BUSK\u0130 Genel M\u00fcd\u00fcr\u00fc Mehmet Ercihan Suba\u015f\u0131o\u011flu, CHP Orhangazi \u0130l\u00e7e Ba\u015fkan\u0131 Berna \u0130l, CHP Gemlik \u0130l\u00e7e Ba\u015fkan\u0131 Servet Pehlivan, CHP \u0130znik \u0130l\u00e7e Ba\u015fkan\u0131 Sadullah E\u015fiyok, B\u00fcy\u00fck\u015fehir Belediyesi ve BUSK\u0130 y\u00f6neticileri, meclis \u00fcyeleri, oda ba\u015fkanlar\u0131, muhtarlar ve vatanda\u015flar kat\u0131ld\u0131.<\/p>\n<p>150 B\u0130N K\u0130\u015e\u0130YE H\u0130ZMET VERECEK KAPAS\u0130TE<br \/>\n2050 y\u0131l\u0131 projeksiyonuyla planlanan tesis, 150 bin ki\u015fiye hizmet verebilecek \u015fekilde tasarland\u0131. Mevcut kapasitesi \u00fc\u00e7 kat\u0131na \u00e7\u0131kar\u0131lan tesis, \u00f6zellikle Marmara Denizi\u2019nde m\u00fcsilaj sorununa kar\u015f\u0131 etkili bir \u00e7\u00f6z\u00fcm sunacak. Ba\u015fkan Bozbey, \u201cOrhangazi\u2019nin n\u00fcfusu 82 bini a\u015ft\u0131. Tesisimiz, 150 bin ki\u015fiye hitap edebilecek \u015fekilde tasarland\u0131. Art\u0131k bu b\u00f6lgedeki her bir vatanda\u015f\u0131m\u0131z, sa\u011fl\u0131kl\u0131 bir \u00e7evrede g\u00fcvenle ya\u015fayabilecek. Bu yat\u0131r\u0131m, Orhangazi\u2019de ya\u015fam kalitesini art\u0131ran ve halk sa\u011fl\u0131\u011f\u0131n\u0131 do\u011frudan g\u00f6zeten \u00f6nemli bir kalk\u0131nma hamlesidir. Projenin finansman\u0131 tamam\u0131yla Avrupa Yat\u0131r\u0131m Bankas\u0131\u2019ndan temin edilen kaynakla, \u0130ller Bankas\u0131 Genel M\u00fcd\u00fcrl\u00fc\u011f\u00fc arac\u0131l\u0131\u011f\u0131yla sa\u011flanm\u0131\u015ft\u0131r. Projeye sa\u011flad\u0131klar\u0131 katk\u0131lardan dolay\u0131 \u0130ller Bankas\u0131\u2019na te\u015fekk\u00fcr ediyorum. Projemiz, b\u00f6lgeye ve Bursa\u2019ya hay\u0131rl\u0131 olsun\u201d dedi.<\/p>\n<p>M\u00dcS\u0130LAJLA M\u00dcCADELEDE KR\u0130T\u0130K ADIM<br \/>\nBursa\u2019n\u0131n 155 kilometrelik sahil \u015feridine dikkat \u00e7eken Bozbey, Marmara Denizi\u2019nin 2007\u2019den beri m\u00fcsilaj sorunuyla m\u00fccadele etti\u011fini, 2021\u2019de ise bu sorunun alarm verdi\u011fini belirtti. \u201cMarmara\u2019da 30 milyona yak\u0131n insan ya\u015f\u0131yor. Y\u0131llard\u0131r yap\u0131lmas\u0131 gerekenleri yapmad\u0131\u011f\u0131m\u0131z i\u00e7in b\u00fcy\u00fck sorumlulu\u011fumuz var. Evsel ve sanayi at\u0131klar\u0131n\u0131n ileri biyolojik ar\u0131tma tesislerinde ar\u0131t\u0131larak denize verilmesi, Marmara\u2019y\u0131 koruyacak\u201d diyen Bozbey, vatanda\u015flara ka\u00e7ak de\u015farjlar\u0131 bildirme \u00e7a\u011fr\u0131s\u0131 yapt\u0131. Bozbey konu\u015fmas\u0131nda ayr\u0131ca, Nil\u00fcfer \u00c7ay\u0131\u2019n\u0131n ard\u0131ndan derelerde de tespit \u00e7al\u0131\u015fmalar\u0131 yapaca\u011f\u0131z. \u00c7ocuklar\u0131m\u0131z\u0131n gelece\u011fiyle oynuyorlar. \u00c7evreye zarar verenleri cezaland\u0131rmak bizim en b\u00fcy\u00fck sorumlulu\u011fumuz\u201d diye konu\u015ftu.<\/p>\n<p>KARSAK DERES\u0130 VE GEDELEK\u2019E \u00c7\u00d6Z\u00dcM<br \/>\nTesis, Orhangazi, Gemlik ve \u0130znik b\u00f6lgelerindeki \u00e7evre sorunlar\u0131na da \u00e7\u00f6z\u00fcm getirecek. \u00d6zellikle Karsak Deresi\u2019nin temizlenmesi ve Gedelek Mahallesi\u2019nde tur\u015fu \u00fcretim tesislerinin at\u0131k sular\u0131n\u0131n ar\u0131t\u0131lmas\u0131 sa\u011flanacak. Bozbey, \u201cBu yap\u0131lanlar \u00e7evre i\u00e7in bir zaferdir. \u2018Ye\u015fil Bursa\u2019 s\u00f6z\u00fcn\u00fc bir sorumluluk olarak g\u00f6r\u00fcyoruz. Do\u011fam\u0131z\u0131, sa\u011fl\u0131\u011f\u0131m\u0131z\u0131 ve gelece\u011fimizi \u00f6ncelemeye devam edece\u011fiz\u201d diye konu\u015ftu.<\/p>\n<p>\u201cBURSA\u2019NIN DERD\u0130 B\u0130Z\u0130M DERD\u0130M\u0130Z\u201d<br \/>\nBa\u015fkan Bozbey, su t\u00fcketiminde tasarruf \u00e7a\u011fr\u0131s\u0131 yaparak iklim de\u011fi\u015fikli\u011fi nedeniyle barajlardaki su seviyelerinin d\u00fc\u015ft\u00fc\u011f\u00fcn\u00fc hat\u0131rlatt\u0131. B\u00f6lgedeki su depolar\u0131n\u0131n yenilenmesi i\u00e7in \u00e7al\u0131\u015ft\u0131klar\u0131n\u0131 belirten Bozbey, \u201cDerdimiz Bursa, derdimiz Bursal\u0131lar. Sorunlar\u0131 en aza indirmek en b\u00fcy\u00fck g\u00f6revimiz\u201d dedi. T\u00f6ren, kurdele kesimi ve tesis gezisiyle sona erdi.Bursa B\u00fcy\u00fck\u015fehir Belediyesi, \u00e7evre dostu yat\u0131r\u0131mlarla s\u00fcrd\u00fcr\u00fclebilir bir gelecek i\u00e7in \u00e7al\u0131\u015fmalar\u0131na h\u0131z kesmeden devam ediyor.<\/p>\n<p>Konu\u015fmalar\u0131n ard\u0131ndan Ba\u015fkan Mustafa Bozbey ve protokol \u00fcyeleri taraf\u0131ndan kurdele kesimiyle tesis hizmete al\u0131nd\u0131. Ba\u015fkan Bozbey ve beraberindekiler daha sonra tesisi gezerek yetkililerden bilgi ald\u0131.<\/p>\n<p>\u200bBursa B\u00fcy\u00fck\u015fehir Belediyesi, Orhangazi At\u0131ksu Ar\u0131tma Tesisi\u2019nin kapasitesini 17 bin metrek\u00fcpten 51 bin metrek\u00fcpe \u00e7\u0131karan \u0130leri Biyolojik Ar\u0131tma Tesisi\u2019ni t\u00f6renle hizmete a\u00e7t\u0131.BURSA (\u0130GFA) &#8211; Avrupa Birli\u011fi standartlar\u0131na uygun olarak tasarlanan tesis, \u00e7evre kirlili\u011fiyle m\u00fccadelede \u00f6nemli bir ad\u0131m olarak nitelendiriliyor. Bursa B\u00fcy\u00fck\u015fehir Belediye Ba\u015fkan\u0131 Mustafa Bozbey, tesisin yaln\u0131zca bir m\u00fchendislik ba\u015far\u0131s\u0131 de\u011fil, ayn\u0131 zamanda temiz ve sa\u011fl\u0131kl\u0131 bir \u00e7evrede ya\u015fama hakk\u0131n\u0131 savunan y\u00f6netim anlay\u0131\u015flar\u0131n\u0131n g\u00fc\u00e7l\u00fc bir g\u00f6stergesi oldu\u011funu vurgulad\u0131.<br \/>\nT\u00d6RENE YO\u011eUN KATILIM<br \/>\nA\u00e7\u0131l\u0131\u015f t\u00f6renine Bursa B\u00fcy\u00fck\u015fehir Belediye Ba\u015fkan\u0131 Mustafa Bozbey\u2019in yan\u0131 s\u0131ra Orhangazi Kaymakam\u0131 Zafer Karamehmeto\u011flu, Orhangazi Belediye Ba\u015fkan\u0131 Bekir Ayd\u0131n, Gemlik Belediye Ba\u015fkan\u0131 \u015e\u00fckr\u00fc Deviren, \u0130ller Bankas\u0131 Bursa B\u00f6lge M\u00fcd\u00fcr\u00fc Ayhan Kayat\u00fcrk, BUSK\u0130 Genel M\u00fcd\u00fcr\u00fc Mehmet Ercihan Suba\u015f\u0131o\u011flu, CHP Orhangazi \u0130l\u00e7e Ba\u015fkan\u0131 Berna \u0130l, CHP Gemlik \u0130l\u00e7e Ba\u015fkan\u0131 Servet Pehlivan, CHP \u0130znik \u0130l\u00e7e Ba\u015fkan\u0131 Sadullah E\u015fiyok, B\u00fcy\u00fck\u015fehir Belediyesi ve BUSK\u0130 y\u00f6neticileri, meclis \u00fcyeleri, oda ba\u015fkanlar\u0131, muhtarlar ve vatanda\u015flar kat\u0131ld\u0131.<\/p>\n<p>150 B\u0130N K\u0130\u015e\u0130YE H\u0130ZMET VERECEK KAPAS\u0130TE<br \/>\n2050 y\u0131l\u0131 projeksiyonuyla planlanan tesis, 150 bin ki\u015fiye hizmet verebilecek \u015fekilde tasarland\u0131. Mevcut kapasitesi \u00fc\u00e7 kat\u0131na \u00e7\u0131kar\u0131lan tesis, \u00f6zellikle Marmara Denizi\u2019nde m\u00fcsilaj sorununa kar\u015f\u0131 etkili bir \u00e7\u00f6z\u00fcm sunacak. Ba\u015fkan Bozbey, \u201cOrhangazi\u2019nin n\u00fcfusu 82 bini a\u015ft\u0131. Tesisimiz, 150 bin ki\u015fiye hitap edebilecek \u015fekilde tasarland\u0131. Art\u0131k bu b\u00f6lgedeki her bir vatanda\u015f\u0131m\u0131z, sa\u011fl\u0131kl\u0131 bir \u00e7evrede g\u00fcvenle ya\u015fayabilecek. Bu yat\u0131r\u0131m, Orhangazi\u2019de ya\u015fam kalitesini art\u0131ran ve halk sa\u011fl\u0131\u011f\u0131n\u0131 do\u011frudan g\u00f6zeten \u00f6nemli bir kalk\u0131nma hamlesidir. Projenin finansman\u0131 tamam\u0131yla Avrupa Yat\u0131r\u0131m Bankas\u0131\u2019ndan temin edilen kaynakla, \u0130ller Bankas\u0131 Genel M\u00fcd\u00fcrl\u00fc\u011f\u00fc arac\u0131l\u0131\u011f\u0131yla sa\u011flanm\u0131\u015ft\u0131r. Projeye sa\u011flad\u0131klar\u0131 katk\u0131lardan dolay\u0131 \u0130ller Bankas\u0131\u2019na te\u015fekk\u00fcr ediyorum. Projemiz, b\u00f6lgeye ve Bursa\u2019ya hay\u0131rl\u0131 olsun\u201d dedi.<\/p>\n<p>M\u00dcS\u0130LAJLA M\u00dcCADELEDE KR\u0130T\u0130K ADIM<br \/>\nBursa\u2019n\u0131n 155 kilometrelik sahil \u015feridine dikkat \u00e7eken Bozbey, Marmara Denizi\u2019nin 2007\u2019den beri m\u00fcsilaj sorunuyla m\u00fccadele etti\u011fini, 2021\u2019de ise bu sorunun alarm verdi\u011fini belirtti. \u201cMarmara\u2019da 30 milyona yak\u0131n insan ya\u015f\u0131yor. Y\u0131llard\u0131r yap\u0131lmas\u0131 gerekenleri yapmad\u0131\u011f\u0131m\u0131z i\u00e7in b\u00fcy\u00fck sorumlulu\u011fumuz var. Evsel ve sanayi at\u0131klar\u0131n\u0131n ileri biyolojik ar\u0131tma tesislerinde ar\u0131t\u0131larak denize verilmesi, Marmara\u2019y\u0131 koruyacak\u201d diyen Bozbey, vatanda\u015flara ka\u00e7ak de\u015farjlar\u0131 bildirme \u00e7a\u011fr\u0131s\u0131 yapt\u0131. Bozbey konu\u015fmas\u0131nda ayr\u0131ca, Nil\u00fcfer \u00c7ay\u0131\u2019n\u0131n ard\u0131ndan derelerde de tespit \u00e7al\u0131\u015fmalar\u0131 yapaca\u011f\u0131z. \u00c7ocuklar\u0131m\u0131z\u0131n gelece\u011fiyle oynuyorlar. \u00c7evreye zarar verenleri cezaland\u0131rmak bizim en b\u00fcy\u00fck sorumlulu\u011fumuz\u201d diye konu\u015ftu.<\/p>\n<p>KARSAK DERES\u0130 VE GEDELEK\u2019E \u00c7\u00d6Z\u00dcM<br \/>\nTesis, Orhangazi, Gemlik ve \u0130znik b\u00f6lgelerindeki \u00e7evre sorunlar\u0131na da \u00e7\u00f6z\u00fcm getirecek. \u00d6zellikle Karsak Deresi\u2019nin temizlenmesi ve Gedelek Mahallesi\u2019nde tur\u015fu \u00fcretim tesislerinin at\u0131k sular\u0131n\u0131n ar\u0131t\u0131lmas\u0131 sa\u011flanacak. Bozbey, \u201cBu yap\u0131lanlar \u00e7evre i\u00e7in bir zaferdir. \u2018Ye\u015fil Bursa\u2019 s\u00f6z\u00fcn\u00fc bir sorumluluk olarak g\u00f6r\u00fcyoruz. Do\u011fam\u0131z\u0131, sa\u011fl\u0131\u011f\u0131m\u0131z\u0131 ve gelece\u011fimizi \u00f6ncelemeye devam edece\u011fiz\u201d diye konu\u015ftu.<\/p>\n<p>\u201cBURSA\u2019NIN DERD\u0130 B\u0130Z\u0130M DERD\u0130M\u0130Z\u201d<br \/>\nBa\u015fkan Bozbey, su t\u00fcketiminde tasarruf \u00e7a\u011fr\u0131s\u0131 yaparak iklim de\u011fi\u015fikli\u011fi nedeniyle barajlardaki su seviyelerinin d\u00fc\u015ft\u00fc\u011f\u00fcn\u00fc hat\u0131rlatt\u0131. B\u00f6lgedeki su depolar\u0131n\u0131n yenilenmesi i\u00e7in \u00e7al\u0131\u015ft\u0131klar\u0131n\u0131 belirten Bozbey, \u201cDerdimiz Bursa, derdimiz Bursal\u0131lar. Sorunlar\u0131 en aza indirmek en b\u00fcy\u00fck g\u00f6revimiz\u201d dedi. T\u00f6ren, kurdele kesimi ve tesis gezisiyle sona erdi.Bursa B\u00fcy\u00fck\u015fehir Belediyesi, \u00e7evre dostu yat\u0131r\u0131mlarla s\u00fcrd\u00fcr\u00fclebilir bir gelecek i\u00e7in \u00e7al\u0131\u015fmalar\u0131na h\u0131z kesmeden devam ediyor.<\/p>\n<p>Konu\u015fmalar\u0131n ard\u0131ndan Ba\u015fkan Mustafa Bozbey ve protokol \u00fcyeleri taraf\u0131ndan kurdele kesimiyle tesis hizmete al\u0131nd\u0131. Ba\u015fkan Bozbey ve beraberindekiler daha sonra tesisi gezerek yetkililerden bilgi ald\u0131.\u00a0<\/p>\n<p>\u200bHaberin Al\u0131nt\u0131land\u0131\u011f\u0131 Kaynak: www.iskenderun.org<\/p>","protected":false},"excerpt":{"rendered":"<p>Bursa B\u00fcy\u00fck\u015fehir Belediyesi, Orhangazi At\u0131ksu Ar\u0131tma Tesisi\u2019nin kapasitesini 17 bin metrek\u00fcpten 51 bin metrek\u00fcpe \u00e7\u0131karan \u0130leri Biyolojik Ar\u0131tma Tesisi\u2019ni t\u00f6renle hizmete a\u00e7t\u0131.BURSA (\u0130GFA) &#8211; Avrupa Birli\u011fi standartlar\u0131na uygun olarak tasarlanan tesis, \u00e7evre kirlili\u011fiyle m\u00fccadelede \u00f6nemli bir ad\u0131m olarak nitelendiriliyor. Bursa B\u00fcy\u00fck\u015fehir Belediye Ba\u015fkan\u0131 Mustafa Bozbey, tesisin yaln\u0131zca bir m\u00fchendislik ba\u015far\u0131s\u0131 de\u011fil, ayn\u0131 zamanda temiz ve sa\u011fl\u0131kl\u0131 bir \u00e7evrede ya\u015fama hakk\u0131n\u0131 savunan y\u00f6netim anlay\u0131\u015flar\u0131n\u0131n g\u00fc\u00e7l\u00fc bir g\u00f6stergesi oldu\u011funu vurgulad\u0131. T\u00d6RENE YO\u011eUN KATILIM A\u00e7\u0131l\u0131\u015f t\u00f6renine Bursa B\u00fcy\u00fck\u015fehir Belediye Ba\u015fkan\u0131 Mustafa Bozbey\u2019in yan\u0131 s\u0131ra Orhangazi Kaymakam\u0131 Zafer Karamehmeto\u011flu, Orhangazi Belediye Ba\u015fkan\u0131 Bekir Ayd\u0131n, Gemlik Belediye Ba\u015fkan\u0131 \u015e\u00fckr\u00fc Deviren, \u0130ller Bankas\u0131 Bursa B\u00f6lge M\u00fcd\u00fcr\u00fc Ayhan Kayat\u00fcrk, BUSK\u0130 Genel M\u00fcd\u00fcr\u00fc Mehmet Ercihan Suba\u015f\u0131o\u011flu, CHP Orhangazi \u0130l\u00e7e Ba\u015fkan\u0131 Berna \u0130l, CHP Gemlik \u0130l\u00e7e Ba\u015fkan\u0131 Servet Pehlivan, CHP \u0130znik \u0130l\u00e7e Ba\u015fkan\u0131 Sadullah E\u015fiyok, B\u00fcy\u00fck\u015fehir Belediyesi ve BUSK\u0130 y\u00f6neticileri, meclis \u00fcyeleri, oda ba\u015fkanlar\u0131, muhtarlar ve vatanda\u015flar kat\u0131ld\u0131. 150 B\u0130N K\u0130\u015e\u0130YE H\u0130ZMET VERECEK KAPAS\u0130TE 2050 y\u0131l\u0131 projeksiyonuyla planlanan tesis, 150 bin ki\u015fiye hizmet verebilecek \u015fekilde tasarland\u0131. Mevcut kapasitesi \u00fc\u00e7 kat\u0131na \u00e7\u0131kar\u0131lan tesis, \u00f6zellikle Marmara Denizi\u2019nde m\u00fcsilaj sorununa kar\u015f\u0131 etkili bir \u00e7\u00f6z\u00fcm sunacak. Ba\u015fkan Bozbey, \u201cOrhangazi\u2019nin n\u00fcfusu 82 bini a\u015ft\u0131. Tesisimiz, 150 bin ki\u015fiye hitap edebilecek \u015fekilde tasarland\u0131. Art\u0131k bu b\u00f6lgedeki her bir vatanda\u015f\u0131m\u0131z, sa\u011fl\u0131kl\u0131 bir \u00e7evrede g\u00fcvenle ya\u015fayabilecek. Bu &hellip;<\/p>","protected":false},"author":1,"featured_media":0,"comment_status":"","ping_status":"open","sticky":false,"template":"","format":"standard","meta":{"_acf_changed":false,"footnotes":""},"categories":[24],"tags":[],"class_list":["post-86565","post","type-post","status-publish","format-standard","has-post-thumbnail","hentry","category-gundem"],"acf":[],"yoast_head":"<!-- This site is optimized with the Yoast SEO Premium plugin v26.6 (Yoast SEO v27.1.1) - https:\/\/yoast.com\/product\/yoast-seo-premium-wordpress\/ -->\n<title>Bursa B\u00fcy\u00fck\u015fehir\u2019den s\u00fcrd\u00fcr\u00fclebilir geleceki\u00e7in dev yat\u0131r\u0131m - Av. Deniz Can K\u0131z\u0131l<\/title>\n<meta name=\"robots\" content=\"index, follow, max-snippet:-1, max-image-preview:large, max-video-preview:-1\" \/>\n<link rel=\"canonical\" href=\"https:\/\/denizcankizil.tr\/ru\/haberler\/gundem\/bursa-buyuksehirden-surdurulebilir-gelecekicin-dev-yatirim\/\" \/>\n<meta property=\"og:locale\" content=\"ru_RU\" \/>\n<meta property=\"og:type\" content=\"article\" \/>\n<meta property=\"og:title\" content=\"Bursa B\u00fcy\u00fck\u015fehir\u2019den s\u00fcrd\u00fcr\u00fclebilir geleceki\u00e7in dev yat\u0131r\u0131m\" \/>\n<meta property=\"og:description\" content=\"Bursa B\u00fcy\u00fck\u015fehir Belediyesi, Orhangazi At\u0131ksu Ar\u0131tma Tesisi\u2019nin kapasitesini 17 bin metrek\u00fcpten 51 bin metrek\u00fcpe \u00e7\u0131karan \u0130leri Biyolojik Ar\u0131tma Tesisi\u2019ni t\u00f6renle hizmete a\u00e7t\u0131.BURSA (\u0130GFA) &#8211; Avrupa Birli\u011fi standartlar\u0131na uygun olarak tasarlanan tesis, \u00e7evre kirlili\u011fiyle m\u00fccadelede \u00f6nemli bir ad\u0131m olarak nitelendiriliyor. Bursa B\u00fcy\u00fck\u015fehir Belediye Ba\u015fkan\u0131 Mustafa Bozbey, tesisin yaln\u0131zca bir m\u00fchendislik ba\u015far\u0131s\u0131 de\u011fil, ayn\u0131 zamanda temiz ve sa\u011fl\u0131kl\u0131 bir \u00e7evrede ya\u015fama hakk\u0131n\u0131 savunan y\u00f6netim anlay\u0131\u015flar\u0131n\u0131n g\u00fc\u00e7l\u00fc bir g\u00f6stergesi oldu\u011funu vurgulad\u0131. T\u00d6RENE YO\u011eUN KATILIM A\u00e7\u0131l\u0131\u015f t\u00f6renine Bursa B\u00fcy\u00fck\u015fehir Belediye Ba\u015fkan\u0131 Mustafa Bozbey\u2019in yan\u0131 s\u0131ra Orhangazi Kaymakam\u0131 Zafer Karamehmeto\u011flu, Orhangazi Belediye Ba\u015fkan\u0131 Bekir Ayd\u0131n, Gemlik Belediye Ba\u015fkan\u0131 \u015e\u00fckr\u00fc Deviren, \u0130ller Bankas\u0131 Bursa B\u00f6lge M\u00fcd\u00fcr\u00fc Ayhan Kayat\u00fcrk, BUSK\u0130 Genel M\u00fcd\u00fcr\u00fc Mehmet Ercihan Suba\u015f\u0131o\u011flu, CHP Orhangazi \u0130l\u00e7e Ba\u015fkan\u0131 Berna \u0130l, CHP Gemlik \u0130l\u00e7e Ba\u015fkan\u0131 Servet Pehlivan, CHP \u0130znik \u0130l\u00e7e Ba\u015fkan\u0131 Sadullah E\u015fiyok, B\u00fcy\u00fck\u015fehir Belediyesi ve BUSK\u0130 y\u00f6neticileri, meclis \u00fcyeleri, oda ba\u015fkanlar\u0131, muhtarlar ve vatanda\u015flar kat\u0131ld\u0131. 150 B\u0130N K\u0130\u015e\u0130YE H\u0130ZMET VERECEK KAPAS\u0130TE 2050 y\u0131l\u0131 projeksiyonuyla planlanan tesis, 150 bin ki\u015fiye hizmet verebilecek \u015fekilde tasarland\u0131. Mevcut kapasitesi \u00fc\u00e7 kat\u0131na \u00e7\u0131kar\u0131lan tesis, \u00f6zellikle Marmara Denizi\u2019nde m\u00fcsilaj sorununa kar\u015f\u0131 etkili bir \u00e7\u00f6z\u00fcm sunacak. Ba\u015fkan Bozbey, \u201cOrhangazi\u2019nin n\u00fcfusu 82 bini a\u015ft\u0131. Tesisimiz, 150 bin ki\u015fiye hitap edebilecek \u015fekilde tasarland\u0131. Art\u0131k bu b\u00f6lgedeki her bir vatanda\u015f\u0131m\u0131z, sa\u011fl\u0131kl\u0131 bir \u00e7evrede g\u00fcvenle ya\u015fayabilecek. Bu &hellip;\" \/>\n<meta property=\"og:url\" content=\"https:\/\/denizcankizil.tr\/ru\/haberler\/gundem\/bursa-buyuksehirden-surdurulebilir-gelecekicin-dev-yatirim\/\" \/>\n<meta property=\"og:site_name\" content=\"Av. Deniz Can K\u0131z\u0131l\" \/>\n<meta property=\"article:published_time\" content=\"2025-05-14T16:42:05+00:00\" \/>\n<meta name=\"author\" content=\"admin\" \/>\n<meta name=\"twitter:card\" content=\"summary_large_image\" \/>\n<meta name=\"twitter:label1\" content=\"\u041d\u0430\u043f\u0438\u0441\u0430\u043d\u043e \u0430\u0432\u0442\u043e\u0440\u043e\u043c\" \/>\n\t<meta name=\"twitter:data1\" content=\"admin\" \/>\n\t<meta name=\"twitter:label2\" content=\"\u041f\u0440\u0438\u043c\u0435\u0440\u043d\u043e\u0435 \u0432\u0440\u0435\u043c\u044f \u0434\u043b\u044f \u0447\u0442\u0435\u043d\u0438\u044f\" \/>\n\t<meta name=\"twitter:data2\" content=\"7 \u043c\u0438\u043d\u0443\u0442\" \/>\n<script type=\"application\/ld+json\" class=\"yoast-schema-graph\">{\"@context\":\"https:\/\/schema.org\",\"@graph\":[{\"@type\":\"Article\",\"@id\":\"https:\/\/denizcankizil.tr\/ru\/haberler\/gundem\/bursa-buyuksehirden-surdurulebilir-gelecekicin-dev-yatirim\/#article\",\"isPartOf\":{\"@id\":\"https:\/\/denizcankizil.tr\/ru\/haberler\/gundem\/bursa-buyuksehirden-surdurulebilir-gelecekicin-dev-yatirim\/\"},\"author\":{\"name\":\"admin\",\"@id\":\"https:\/\/denizcankizil.tr\/de\/#\/schema\/person\/be3c05fe6a12686905512445d8185489\"},\"headline\":\"Bursa B\u00fcy\u00fck\u015fehir\u2019den s\u00fcrd\u00fcr\u00fclebilir geleceki\u00e7in dev yat\u0131r\u0131m\",\"datePublished\":\"2025-05-14T16:42:05+00:00\",\"mainEntityOfPage\":{\"@id\":\"https:\/\/denizcankizil.tr\/ru\/haberler\/gundem\/bursa-buyuksehirden-surdurulebilir-gelecekicin-dev-yatirim\/\"},\"wordCount\":1458,\"publisher\":{\"@id\":\"https:\/\/denizcankizil.tr\/de\/#organization\"},\"articleSection\":[\"G\u00fcndem\"],\"inLanguage\":\"ru-RU\"},{\"@type\":\"WebPage\",\"@id\":\"https:\/\/denizcankizil.tr\/ru\/haberler\/gundem\/bursa-buyuksehirden-surdurulebilir-gelecekicin-dev-yatirim\/\",\"url\":\"https:\/\/denizcankizil.tr\/ru\/haberler\/gundem\/bursa-buyuksehirden-surdurulebilir-gelecekicin-dev-yatirim\/\",\"name\":\"Bursa B\u00fcy\u00fck\u015fehir\u2019den s\u00fcrd\u00fcr\u00fclebilir geleceki\u00e7in dev yat\u0131r\u0131m - Av. Deniz Can K\u0131z\u0131l\",\"isPartOf\":{\"@id\":\"https:\/\/denizcankizil.tr\/de\/#website\"},\"datePublished\":\"2025-05-14T16:42:05+00:00\",\"breadcrumb\":{\"@id\":\"https:\/\/denizcankizil.tr\/ru\/haberler\/gundem\/bursa-buyuksehirden-surdurulebilir-gelecekicin-dev-yatirim\/#breadcrumb\"},\"inLanguage\":\"ru-RU\",\"potentialAction\":[{\"@type\":\"ReadAction\",\"target\":[\"https:\/\/denizcankizil.tr\/ru\/haberler\/gundem\/bursa-buyuksehirden-surdurulebilir-gelecekicin-dev-yatirim\/\"]}]},{\"@type\":\"BreadcrumbList\",\"@id\":\"https:\/\/denizcankizil.tr\/ru\/haberler\/gundem\/bursa-buyuksehirden-surdurulebilir-gelecekicin-dev-yatirim\/#breadcrumb\",\"itemListElement\":[{\"@type\":\"ListItem\",\"position\":1,\"name\":\"Home\",\"item\":\"https:\/\/denizcankizil.tr\/de\/\"},{\"@type\":\"ListItem\",\"position\":2,\"name\":\"Bursa B\u00fcy\u00fck\u015fehir\u2019den s\u00fcrd\u00fcr\u00fclebilir geleceki\u00e7in dev yat\u0131r\u0131m\"}]},{\"@type\":\"WebSite\",\"@id\":\"https:\/\/denizcankizil.tr\/de\/#website\",\"url\":\"https:\/\/denizcankizil.tr\/de\/\",\"name\":\"Av. Deniz Can K\u0131z\u0131l\",\"description\":\"Avukat Deniz Can K\u0131z\u0131l Antalya Barosu\",\"publisher\":{\"@id\":\"https:\/\/denizcankizil.tr\/de\/#organization\"},\"potentialAction\":[{\"@type\":\"SearchAction\",\"target\":{\"@type\":\"EntryPoint\",\"urlTemplate\":\"https:\/\/denizcankizil.tr\/de\/?s={search_term_string}\"},\"query-input\":{\"@type\":\"PropertyValueSpecification\",\"valueRequired\":true,\"valueName\":\"search_term_string\"}}],\"inLanguage\":\"ru-RU\"},{\"@type\":\"Organization\",\"@id\":\"https:\/\/denizcankizil.tr\/de\/#organization\",\"name\":\"Av. Deniz Can K\u0131z\u0131l\",\"url\":\"https:\/\/denizcankizil.tr\/de\/\",\"logo\":{\"@type\":\"ImageObject\",\"inLanguage\":\"ru-RU\",\"@id\":\"https:\/\/denizcankizil.tr\/de\/#\/schema\/logo\/image\/\",\"url\":\"https:\/\/denizcankizil.tr\/wp-content\/uploads\/2024\/10\/siyah-logo-svg.svg\",\"contentUrl\":\"https:\/\/denizcankizil.tr\/wp-content\/uploads\/2024\/10\/siyah-logo-svg.svg\",\"width\":1080,\"height\":1080,\"caption\":\"Av. Deniz Can K\u0131z\u0131l\"},\"image\":{\"@id\":\"https:\/\/denizcankizil.tr\/de\/#\/schema\/logo\/image\/\"}},{\"@type\":\"Person\",\"@id\":\"https:\/\/denizcankizil.tr\/de\/#\/schema\/person\/be3c05fe6a12686905512445d8185489\",\"name\":\"admin\",\"image\":{\"@type\":\"ImageObject\",\"inLanguage\":\"ru-RU\",\"@id\":\"https:\/\/denizcankizil.tr\/de\/#\/schema\/person\/image\/\",\"url\":\"https:\/\/secure.gravatar.com\/avatar\/c1fce94c830dc79107e174f890d7210541c4a63e8e5d816341794a2151c9d58c?s=96&d=mm&r=g\",\"contentUrl\":\"https:\/\/secure.gravatar.com\/avatar\/c1fce94c830dc79107e174f890d7210541c4a63e8e5d816341794a2151c9d58c?s=96&d=mm&r=g\",\"caption\":\"admin\"},\"sameAs\":[\"http:\/\/denizcankizil.tr\"],\"url\":\"https:\/\/www.iskenderun.org\/bursa-buyuksehirden-surdurulebilir-gelecekicin-dev-yatirim\"}]}<\/script>\n<!-- \/ Yoast SEO Premium plugin. -->","yoast_head_json":{"title":"Bursa B\u00fcy\u00fck\u015fehir\u2019den s\u00fcrd\u00fcr\u00fclebilir geleceki\u00e7in dev yat\u0131r\u0131m - Av. Deniz Can K\u0131z\u0131l","robots":{"index":"index","follow":"follow","max-snippet":"max-snippet:-1","max-image-preview":"max-image-preview:large","max-video-preview":"max-video-preview:-1"},"canonical":"https:\/\/denizcankizil.tr\/ru\/haberler\/gundem\/bursa-buyuksehirden-surdurulebilir-gelecekicin-dev-yatirim\/","og_locale":"ru_RU","og_type":"article","og_title":"Bursa B\u00fcy\u00fck\u015fehir\u2019den s\u00fcrd\u00fcr\u00fclebilir geleceki\u00e7in dev yat\u0131r\u0131m","og_description":"Bursa B\u00fcy\u00fck\u015fehir Belediyesi, Orhangazi At\u0131ksu Ar\u0131tma Tesisi\u2019nin kapasitesini 17 bin metrek\u00fcpten 51 bin metrek\u00fcpe \u00e7\u0131karan \u0130leri Biyolojik Ar\u0131tma Tesisi\u2019ni t\u00f6renle hizmete a\u00e7t\u0131.BURSA (\u0130GFA) &#8211; Avrupa Birli\u011fi standartlar\u0131na uygun olarak tasarlanan tesis, \u00e7evre kirlili\u011fiyle m\u00fccadelede \u00f6nemli bir ad\u0131m olarak nitelendiriliyor. Bursa B\u00fcy\u00fck\u015fehir Belediye Ba\u015fkan\u0131 Mustafa Bozbey, tesisin yaln\u0131zca bir m\u00fchendislik ba\u015far\u0131s\u0131 de\u011fil, ayn\u0131 zamanda temiz ve sa\u011fl\u0131kl\u0131 bir \u00e7evrede ya\u015fama hakk\u0131n\u0131 savunan y\u00f6netim anlay\u0131\u015flar\u0131n\u0131n g\u00fc\u00e7l\u00fc bir g\u00f6stergesi oldu\u011funu vurgulad\u0131. T\u00d6RENE YO\u011eUN KATILIM A\u00e7\u0131l\u0131\u015f t\u00f6renine Bursa B\u00fcy\u00fck\u015fehir Belediye Ba\u015fkan\u0131 Mustafa Bozbey\u2019in yan\u0131 s\u0131ra Orhangazi Kaymakam\u0131 Zafer Karamehmeto\u011flu, Orhangazi Belediye Ba\u015fkan\u0131 Bekir Ayd\u0131n, Gemlik Belediye Ba\u015fkan\u0131 \u015e\u00fckr\u00fc Deviren, \u0130ller Bankas\u0131 Bursa B\u00f6lge M\u00fcd\u00fcr\u00fc Ayhan Kayat\u00fcrk, BUSK\u0130 Genel M\u00fcd\u00fcr\u00fc Mehmet Ercihan Suba\u015f\u0131o\u011flu, CHP Orhangazi \u0130l\u00e7e Ba\u015fkan\u0131 Berna \u0130l, CHP Gemlik \u0130l\u00e7e Ba\u015fkan\u0131 Servet Pehlivan, CHP \u0130znik \u0130l\u00e7e Ba\u015fkan\u0131 Sadullah E\u015fiyok, B\u00fcy\u00fck\u015fehir Belediyesi ve BUSK\u0130 y\u00f6neticileri, meclis \u00fcyeleri, oda ba\u015fkanlar\u0131, muhtarlar ve vatanda\u015flar kat\u0131ld\u0131. 150 B\u0130N K\u0130\u015e\u0130YE H\u0130ZMET VERECEK KAPAS\u0130TE 2050 y\u0131l\u0131 projeksiyonuyla planlanan tesis, 150 bin ki\u015fiye hizmet verebilecek \u015fekilde tasarland\u0131. Mevcut kapasitesi \u00fc\u00e7 kat\u0131na \u00e7\u0131kar\u0131lan tesis, \u00f6zellikle Marmara Denizi\u2019nde m\u00fcsilaj sorununa kar\u015f\u0131 etkili bir \u00e7\u00f6z\u00fcm sunacak. Ba\u015fkan Bozbey, \u201cOrhangazi\u2019nin n\u00fcfusu 82 bini a\u015ft\u0131. Tesisimiz, 150 bin ki\u015fiye hitap edebilecek \u015fekilde tasarland\u0131. Art\u0131k bu b\u00f6lgedeki her bir vatanda\u015f\u0131m\u0131z, sa\u011fl\u0131kl\u0131 bir \u00e7evrede g\u00fcvenle ya\u015fayabilecek. Bu &hellip;","og_url":"https:\/\/denizcankizil.tr\/ru\/haberler\/gundem\/bursa-buyuksehirden-surdurulebilir-gelecekicin-dev-yatirim\/","og_site_name":"Av. Deniz Can K\u0131z\u0131l","article_published_time":"2025-05-14T16:42:05+00:00","author":"admin","twitter_card":"summary_large_image","twitter_misc":{"\u041d\u0430\u043f\u0438\u0441\u0430\u043d\u043e \u0430\u0432\u0442\u043e\u0440\u043e\u043c":"admin","\u041f\u0440\u0438\u043c\u0435\u0440\u043d\u043e\u0435 \u0432\u0440\u0435\u043c\u044f \u0434\u043b\u044f \u0447\u0442\u0435\u043d\u0438\u044f":"7 \u043c\u0438\u043d\u0443\u0442"},"schema":{"@context":"https:\/\/schema.org","@graph":[{"@type":"Article","@id":"https:\/\/denizcankizil.tr\/ru\/haberler\/gundem\/bursa-buyuksehirden-surdurulebilir-gelecekicin-dev-yatirim\/#article","isPartOf":{"@id":"https:\/\/denizcankizil.tr\/ru\/haberler\/gundem\/bursa-buyuksehirden-surdurulebilir-gelecekicin-dev-yatirim\/"},"author":{"name":"admin","@id":"https:\/\/denizcankizil.tr\/de\/#\/schema\/person\/be3c05fe6a12686905512445d8185489"},"headline":"Bursa B\u00fcy\u00fck\u015fehir\u2019den s\u00fcrd\u00fcr\u00fclebilir geleceki\u00e7in dev yat\u0131r\u0131m","datePublished":"2025-05-14T16:42:05+00:00","mainEntityOfPage":{"@id":"https:\/\/denizcankizil.tr\/ru\/haberler\/gundem\/bursa-buyuksehirden-surdurulebilir-gelecekicin-dev-yatirim\/"},"wordCount":1458,"publisher":{"@id":"https:\/\/denizcankizil.tr\/de\/#organization"},"articleSection":["G\u00fcndem"],"inLanguage":"ru-RU"},{"@type":"WebPage","@id":"https:\/\/denizcankizil.tr\/ru\/haberler\/gundem\/bursa-buyuksehirden-surdurulebilir-gelecekicin-dev-yatirim\/","url":"https:\/\/denizcankizil.tr\/ru\/haberler\/gundem\/bursa-buyuksehirden-surdurulebilir-gelecekicin-dev-yatirim\/","name":"Bursa B\u00fcy\u00fck\u015fehir\u2019den s\u00fcrd\u00fcr\u00fclebilir geleceki\u00e7in dev yat\u0131r\u0131m - Av. Deniz Can K\u0131z\u0131l","isPartOf":{"@id":"https:\/\/denizcankizil.tr\/de\/#website"},"datePublished":"2025-05-14T16:42:05+00:00","breadcrumb":{"@id":"https:\/\/denizcankizil.tr\/ru\/haberler\/gundem\/bursa-buyuksehirden-surdurulebilir-gelecekicin-dev-yatirim\/#breadcrumb"},"inLanguage":"ru-RU","potentialAction":[{"@type":"ReadAction","target":["https:\/\/denizcankizil.tr\/ru\/haberler\/gundem\/bursa-buyuksehirden-surdurulebilir-gelecekicin-dev-yatirim\/"]}]},{"@type":"BreadcrumbList","@id":"https:\/\/denizcankizil.tr\/ru\/haberler\/gundem\/bursa-buyuksehirden-surdurulebilir-gelecekicin-dev-yatirim\/#breadcrumb","itemListElement":[{"@type":"ListItem","position":1,"name":"Home","item":"https:\/\/denizcankizil.tr\/de\/"},{"@type":"ListItem","position":2,"name":"Bursa B\u00fcy\u00fck\u015fehir\u2019den s\u00fcrd\u00fcr\u00fclebilir geleceki\u00e7in dev yat\u0131r\u0131m"}]},{"@type":"WebSite","@id":"https:\/\/denizcankizil.tr\/de\/#website","url":"https:\/\/denizcankizil.tr\/de\/","name":"Av. Deniz Can K\u0131z\u0131l","description":"Avukat Deniz Can K\u0131z\u0131l Antalya Barosu","publisher":{"@id":"https:\/\/denizcankizil.tr\/de\/#organization"},"potentialAction":[{"@type":"SearchAction","target":{"@type":"EntryPoint","urlTemplate":"https:\/\/denizcankizil.tr\/de\/?s={search_term_string}"},"query-input":{"@type":"PropertyValueSpecification","valueRequired":true,"valueName":"search_term_string"}}],"inLanguage":"ru-RU"},{"@type":"Organization","@id":"https:\/\/denizcankizil.tr\/de\/#organization","name":"Av. Deniz Can K\u0131z\u0131l","url":"https:\/\/denizcankizil.tr\/de\/","logo":{"@type":"ImageObject","inLanguage":"ru-RU","@id":"https:\/\/denizcankizil.tr\/de\/#\/schema\/logo\/image\/","url":"https:\/\/denizcankizil.tr\/wp-content\/uploads\/2024\/10\/siyah-logo-svg.svg","contentUrl":"https:\/\/denizcankizil.tr\/wp-content\/uploads\/2024\/10\/siyah-logo-svg.svg","width":1080,"height":1080,"caption":"Av. Deniz Can K\u0131z\u0131l"},"image":{"@id":"https:\/\/denizcankizil.tr\/de\/#\/schema\/logo\/image\/"}},{"@type":"Person","@id":"https:\/\/denizcankizil.tr\/de\/#\/schema\/person\/be3c05fe6a12686905512445d8185489","name":"\u0430\u0434\u043c\u0438\u043d","image":{"@type":"ImageObject","inLanguage":"ru-RU","@id":"https:\/\/denizcankizil.tr\/de\/#\/schema\/person\/image\/","url":"https:\/\/secure.gravatar.com\/avatar\/c1fce94c830dc79107e174f890d7210541c4a63e8e5d816341794a2151c9d58c?s=96&d=mm&r=g","contentUrl":"https:\/\/secure.gravatar.com\/avatar\/c1fce94c830dc79107e174f890d7210541c4a63e8e5d816341794a2151c9d58c?s=96&d=mm&r=g","caption":"admin"},"sameAs":["http:\/\/denizcankizil.tr"],"url":"https:\/\/www.iskenderun.org\/bursa-buyuksehirden-surdurulebilir-gelecekicin-dev-yatirim"}]}},"_links":{"self":[{"href":"https:\/\/denizcankizil.tr\/ru\/wp-json\/wp\/v2\/posts\/86565","targetHints":{"allow":["GET"]}}],"collection":[{"href":"https:\/\/denizcankizil.tr\/ru\/wp-json\/wp\/v2\/posts"}],"about":[{"href":"https:\/\/denizcankizil.tr\/ru\/wp-json\/wp\/v2\/types\/post"}],"author":[{"embeddable":true,"href":"https:\/\/denizcankizil.tr\/ru\/wp-json\/wp\/v2\/users\/1"}],"replies":[{"embeddable":true,"href":"https:\/\/denizcankizil.tr\/ru\/wp-json\/wp\/v2\/comments?post=86565"}],"version-history":[{"count":0,"href":"https:\/\/denizcankizil.tr\/ru\/wp-json\/wp\/v2\/posts\/86565\/revisions"}],"wp:attachment":[{"href":"https:\/\/denizcankizil.tr\/ru\/wp-json\/wp\/v2\/media?parent=86565"}],"wp:term":[{"taxonomy":"category","embeddable":true,"href":"https:\/\/denizcankizil.tr\/ru\/wp-json\/wp\/v2\/categories?post=86565"},{"taxonomy":"post_tag","embeddable":true,"href":"https:\/\/denizcankizil.tr\/ru\/wp-json\/wp\/v2\/tags?post=86565"}],"curies":[{"name":"wp","href":"https:\/\/api.w.org\/{rel}","templated":true}]}}