{"id":86487,"date":"2025-05-14T18:41:17","date_gmt":"2025-05-14T15:41:17","guid":{"rendered":"https:\/\/denizcankizil.tr\/uncategorized-tr\/erdogana-hakaretten-tutuklanmisti-ilave-tv-sahibi-arif-kocabiyik-icin-karar\/"},"modified":"2025-05-14T18:41:17","modified_gmt":"2025-05-14T15:41:17","slug":"erdogana-hakaretten-tutuklanmisti-ilave-tv-sahibi-arif-kocabiyik-icin-karar","status":"publish","type":"post","link":"https:\/\/denizcankizil.tr\/ru\/haberler\/gundem\/erdogana-hakaretten-tutuklanmisti-ilave-tv-sahibi-arif-kocabiyik-icin-karar\/","title":{"rendered":"Erdo\u011fan\u2019a hakaretten tutuklanm\u0131\u015ft\u0131! \u0130lave TV sahibi Arif Kocab\u0131y\u0131k i\u00e7in karar\u2026"},"content":{"rendered":"<p>Antalya\u2019da &#8216;\u0130lave TV&#8217; isimli Youtube kanal\u0131nda yapt\u0131\u011f\u0131 sokak r\u00f6portajlar\u0131 ile tan\u0131nan sosyal medya fenomeni Ahmet Kocab\u0131y\u0131k, 7 May\u0131s 2025 tarihinde Cumhurba\u015fkan\u0131 Recep Tayyip Erdo\u011fan\u2019a hakaret su\u00e7lamas\u0131ndan tutuklanm\u0131\u015ft\u0131. Bug\u00fcn ise (14 May\u0131s 2025) Kocab\u0131y\u0131k, tahliye edildi\u011fi a\u00e7\u0131kland\u0131. Tahliye sonras\u0131 sosyal medya \u00fczerinden a\u00e7\u0131klama yapan Kocab\u0131y\u0131k, &#8220;Nerede kalm\u0131\u015ft\u0131k&#8221; dedi.<\/p>\n<p>EMN\u0130YETTEN YAPILAN A\u00c7IKLAMA<\/p>\n<p>Emniyet Genel M\u00fcd\u00fcrl\u00fc\u011f\u00fc (EGM), Arif Kocab\u0131y\u0131k hakk\u0131nda yapt\u0131\u011f\u0131 a\u00e7\u0131klamada, Kocab\u0131y\u0131k&#8217;\u0131n \u0130nstagram sosyal medya platformunda bir r\u00f6portaj s\u0131ras\u0131nda AKP Genel Ba\u015fkan\u0131 ve Cumhurba\u015fkan\u0131 Recep Tayyip Erdo\u011fan&#8217;a y\u00f6nelik hakaret i\u00e7erikli ifadeler kulland\u0131\u011f\u0131n\u0131n belirlendi\u011fi kaydedilmi\u015fti.<\/p>\n<p>\u200bAntalya\u2019da &#8216;\u0130lave TV&#8217; isimli Youtube kanal\u0131 \u00fczerinden yapt\u0131\u011f\u0131 sokak r\u00f6portajlar\u0131 ile tan\u0131nan Arif Kocab\u0131y\u0131k, Cumhurba\u015fkan\u0131 Recep Tayyip Erdo\u011fan\u2019a hakaret su\u00e7lamas\u0131ndan tutuklanm\u0131\u015ft\u0131. Kocab\u0131y\u0131k, bug\u00fcn ak\u015fam saatlerine do\u011fru tahliye edildi.\u00a0<\/p>\n<p>\u200bHaberin Al\u0131nt\u0131land\u0131\u011f\u0131 Kaynak: www.antalyakorfez.com<\/p>","protected":false},"excerpt":{"rendered":"<p>Antalya\u2019da &#8216;\u0130lave TV&#8217; isimli Youtube kanal\u0131nda yapt\u0131\u011f\u0131 sokak r\u00f6portajlar\u0131 ile tan\u0131nan sosyal medya fenomeni Ahmet Kocab\u0131y\u0131k, 7 May\u0131s 2025 tarihinde Cumhurba\u015fkan\u0131 Recep Tayyip Erdo\u011fan\u2019a hakaret su\u00e7lamas\u0131ndan tutuklanm\u0131\u015ft\u0131. Bug\u00fcn ise (14 May\u0131s 2025) Kocab\u0131y\u0131k, tahliye edildi\u011fi a\u00e7\u0131kland\u0131. Tahliye sonras\u0131 sosyal medya \u00fczerinden a\u00e7\u0131klama yapan Kocab\u0131y\u0131k, &#8220;Nerede kalm\u0131\u015ft\u0131k&#8221; dedi. EMN\u0130YETTEN YAPILAN A\u00c7IKLAMA Emniyet Genel M\u00fcd\u00fcrl\u00fc\u011f\u00fc (EGM), Arif Kocab\u0131y\u0131k hakk\u0131nda yapt\u0131\u011f\u0131 a\u00e7\u0131klamada, Kocab\u0131y\u0131k&#8217;\u0131n \u0130nstagram sosyal medya platformunda bir r\u00f6portaj s\u0131ras\u0131nda AKP Genel Ba\u015fkan\u0131 ve Cumhurba\u015fkan\u0131 Recep Tayyip Erdo\u011fan&#8217;a y\u00f6nelik hakaret i\u00e7erikli ifadeler kulland\u0131\u011f\u0131n\u0131n belirlendi\u011fi kaydedilmi\u015fti. \u200bAntalya\u2019da &#8216;\u0130lave TV&#8217; isimli Youtube kanal\u0131 \u00fczerinden yapt\u0131\u011f\u0131 sokak r\u00f6portajlar\u0131 ile tan\u0131nan Arif Kocab\u0131y\u0131k, Cumhurba\u015fkan\u0131 Recep Tayyip Erdo\u011fan\u2019a hakaret su\u00e7lamas\u0131ndan tutuklanm\u0131\u015ft\u0131. Kocab\u0131y\u0131k, bug\u00fcn ak\u015fam saatlerine do\u011fru tahliye edildi.\u00a0 \u200bHaberin Al\u0131nt\u0131land\u0131\u011f\u0131 Kaynak: www.antalyakorfez.com<\/p>","protected":false},"author":5,"featured_media":0,"comment_status":"","ping_status":"open","sticky":false,"template":"","format":"standard","meta":{"_acf_changed":false,"footnotes":""},"categories":[24],"tags":[],"class_list":["post-86487","post","type-post","status-publish","format-standard","has-post-thumbnail","hentry","category-gundem"],"acf":[],"yoast_head":"<!-- This site is optimized with the Yoast SEO Premium plugin v26.6 (Yoast SEO v27.1.1) - https:\/\/yoast.com\/product\/yoast-seo-premium-wordpress\/ -->\n<title>Erdo\u011fan\u2019a hakaretten tutuklanm\u0131\u015ft\u0131! \u0130lave TV sahibi Arif Kocab\u0131y\u0131k i\u00e7in karar\u2026 - Av. Deniz Can K\u0131z\u0131l<\/title>\n<meta name=\"robots\" content=\"index, follow, max-snippet:-1, max-image-preview:large, max-video-preview:-1\" \/>\n<link rel=\"canonical\" href=\"https:\/\/denizcankizil.tr\/ru\/haberler\/gundem\/erdogana-hakaretten-tutuklanmisti-ilave-tv-sahibi-arif-kocabiyik-icin-karar\/\" \/>\n<meta property=\"og:locale\" content=\"ru_RU\" \/>\n<meta property=\"og:type\" content=\"article\" \/>\n<meta property=\"og:title\" content=\"Erdo\u011fan\u2019a hakaretten tutuklanm\u0131\u015ft\u0131! \u0130lave TV sahibi Arif Kocab\u0131y\u0131k i\u00e7in karar\u2026\" \/>\n<meta property=\"og:description\" content=\"Antalya\u2019da &#8216;\u0130lave TV&#8217; isimli Youtube kanal\u0131nda yapt\u0131\u011f\u0131 sokak r\u00f6portajlar\u0131 ile tan\u0131nan sosyal medya fenomeni Ahmet Kocab\u0131y\u0131k, 7 May\u0131s 2025 tarihinde Cumhurba\u015fkan\u0131 Recep Tayyip Erdo\u011fan\u2019a hakaret su\u00e7lamas\u0131ndan tutuklanm\u0131\u015ft\u0131. Bug\u00fcn ise (14 May\u0131s 2025) Kocab\u0131y\u0131k, tahliye edildi\u011fi a\u00e7\u0131kland\u0131. Tahliye sonras\u0131 sosyal medya \u00fczerinden a\u00e7\u0131klama yapan Kocab\u0131y\u0131k, &#8220;Nerede kalm\u0131\u015ft\u0131k&#8221; dedi. EMN\u0130YETTEN YAPILAN A\u00c7IKLAMA Emniyet Genel M\u00fcd\u00fcrl\u00fc\u011f\u00fc (EGM), Arif Kocab\u0131y\u0131k hakk\u0131nda yapt\u0131\u011f\u0131 a\u00e7\u0131klamada, Kocab\u0131y\u0131k&#8217;\u0131n \u0130nstagram sosyal medya platformunda bir r\u00f6portaj s\u0131ras\u0131nda AKP Genel Ba\u015fkan\u0131 ve Cumhurba\u015fkan\u0131 Recep Tayyip Erdo\u011fan&#8217;a y\u00f6nelik hakaret i\u00e7erikli ifadeler kulland\u0131\u011f\u0131n\u0131n belirlendi\u011fi kaydedilmi\u015fti. \u200bAntalya\u2019da &#8216;\u0130lave TV&#8217; isimli Youtube kanal\u0131 \u00fczerinden yapt\u0131\u011f\u0131 sokak r\u00f6portajlar\u0131 ile tan\u0131nan Arif Kocab\u0131y\u0131k, Cumhurba\u015fkan\u0131 Recep Tayyip Erdo\u011fan\u2019a hakaret su\u00e7lamas\u0131ndan tutuklanm\u0131\u015ft\u0131. Kocab\u0131y\u0131k, bug\u00fcn ak\u015fam saatlerine do\u011fru tahliye edildi.\u00a0 \u200bHaberin Al\u0131nt\u0131land\u0131\u011f\u0131 Kaynak: www.antalyakorfez.com\" \/>\n<meta property=\"og:url\" content=\"https:\/\/denizcankizil.tr\/ru\/haberler\/gundem\/erdogana-hakaretten-tutuklanmisti-ilave-tv-sahibi-arif-kocabiyik-icin-karar\/\" \/>\n<meta property=\"og:site_name\" content=\"Av. Deniz Can K\u0131z\u0131l\" \/>\n<meta property=\"article:published_time\" content=\"2025-05-14T15:41:17+00:00\" \/>\n<meta name=\"author\" content=\"Antalya K\u00f6rfez\" \/>\n<meta name=\"twitter:card\" content=\"summary_large_image\" \/>\n<meta name=\"twitter:label1\" content=\"\u041d\u0430\u043f\u0438\u0441\u0430\u043d\u043e \u0430\u0432\u0442\u043e\u0440\u043e\u043c\" \/>\n\t<meta name=\"twitter:data1\" content=\"Antalya K\u00f6rfez\" \/>\n\t<meta name=\"twitter:label2\" content=\"\u041f\u0440\u0438\u043c\u0435\u0440\u043d\u043e\u0435 \u0432\u0440\u0435\u043c\u044f \u0434\u043b\u044f \u0447\u0442\u0435\u043d\u0438\u044f\" \/>\n\t<meta name=\"twitter:data2\" content=\"1 \u043c\u0438\u043d\u0443\u0442\u0430\" \/>\n<script type=\"application\/ld+json\" class=\"yoast-schema-graph\">{\"@context\":\"https:\/\/schema.org\",\"@graph\":[{\"@type\":\"Article\",\"@id\":\"https:\/\/denizcankizil.tr\/de\/haberler\/gundem\/erdogana-hakaretten-tutuklanmisti-ilave-tv-sahibi-arif-kocabiyik-icin-karar\/#article\",\"isPartOf\":{\"@id\":\"https:\/\/denizcankizil.tr\/de\/haberler\/gundem\/erdogana-hakaretten-tutuklanmisti-ilave-tv-sahibi-arif-kocabiyik-icin-karar\/\"},\"author\":{\"name\":\"Antalya K\u00f6rfez\",\"@id\":\"https:\/\/denizcankizil.tr\/de\/#\/schema\/person\/e1eb71bb4dd684d46563f0af307e1234\"},\"headline\":\"Erdo\u011fan\u2019a hakaretten tutuklanm\u0131\u015ft\u0131! \u0130lave TV sahibi Arif Kocab\u0131y\u0131k i\u00e7in karar\u2026\",\"datePublished\":\"2025-05-14T15:41:17+00:00\",\"mainEntityOfPage\":{\"@id\":\"https:\/\/denizcankizil.tr\/de\/haberler\/gundem\/erdogana-hakaretten-tutuklanmisti-ilave-tv-sahibi-arif-kocabiyik-icin-karar\/\"},\"wordCount\":194,\"publisher\":{\"@id\":\"https:\/\/denizcankizil.tr\/de\/#organization\"},\"articleSection\":[\"G\u00fcndem\"],\"inLanguage\":\"ru-RU\"},{\"@type\":\"WebPage\",\"@id\":\"https:\/\/denizcankizil.tr\/de\/haberler\/gundem\/erdogana-hakaretten-tutuklanmisti-ilave-tv-sahibi-arif-kocabiyik-icin-karar\/\",\"url\":\"https:\/\/denizcankizil.tr\/de\/haberler\/gundem\/erdogana-hakaretten-tutuklanmisti-ilave-tv-sahibi-arif-kocabiyik-icin-karar\/\",\"name\":\"Erdo\u011fan\u2019a hakaretten tutuklanm\u0131\u015ft\u0131! \u0130lave TV sahibi Arif Kocab\u0131y\u0131k i\u00e7in karar\u2026 - Av. Deniz Can K\u0131z\u0131l\",\"isPartOf\":{\"@id\":\"https:\/\/denizcankizil.tr\/de\/#website\"},\"datePublished\":\"2025-05-14T15:41:17+00:00\",\"breadcrumb\":{\"@id\":\"https:\/\/denizcankizil.tr\/de\/haberler\/gundem\/erdogana-hakaretten-tutuklanmisti-ilave-tv-sahibi-arif-kocabiyik-icin-karar\/#breadcrumb\"},\"inLanguage\":\"ru-RU\",\"potentialAction\":[{\"@type\":\"ReadAction\",\"target\":[\"https:\/\/denizcankizil.tr\/de\/haberler\/gundem\/erdogana-hakaretten-tutuklanmisti-ilave-tv-sahibi-arif-kocabiyik-icin-karar\/\"]}]},{\"@type\":\"BreadcrumbList\",\"@id\":\"https:\/\/denizcankizil.tr\/de\/haberler\/gundem\/erdogana-hakaretten-tutuklanmisti-ilave-tv-sahibi-arif-kocabiyik-icin-karar\/#breadcrumb\",\"itemListElement\":[{\"@type\":\"ListItem\",\"position\":1,\"name\":\"Home\",\"item\":\"https:\/\/denizcankizil.tr\/de\/\"},{\"@type\":\"ListItem\",\"position\":2,\"name\":\"Erdo\u011fan\u2019a hakaretten tutuklanm\u0131\u015ft\u0131! \u0130lave TV sahibi Arif Kocab\u0131y\u0131k i\u00e7in karar\u2026\"}]},{\"@type\":\"WebSite\",\"@id\":\"https:\/\/denizcankizil.tr\/de\/#website\",\"url\":\"https:\/\/denizcankizil.tr\/de\/\",\"name\":\"Av. Deniz Can K\u0131z\u0131l\",\"description\":\"Avukat Deniz Can K\u0131z\u0131l Antalya Barosu\",\"publisher\":{\"@id\":\"https:\/\/denizcankizil.tr\/de\/#organization\"},\"potentialAction\":[{\"@type\":\"SearchAction\",\"target\":{\"@type\":\"EntryPoint\",\"urlTemplate\":\"https:\/\/denizcankizil.tr\/de\/?s={search_term_string}\"},\"query-input\":{\"@type\":\"PropertyValueSpecification\",\"valueRequired\":true,\"valueName\":\"search_term_string\"}}],\"inLanguage\":\"ru-RU\"},{\"@type\":\"Organization\",\"@id\":\"https:\/\/denizcankizil.tr\/de\/#organization\",\"name\":\"Av. Deniz Can K\u0131z\u0131l\",\"url\":\"https:\/\/denizcankizil.tr\/de\/\",\"logo\":{\"@type\":\"ImageObject\",\"inLanguage\":\"ru-RU\",\"@id\":\"https:\/\/denizcankizil.tr\/de\/#\/schema\/logo\/image\/\",\"url\":\"https:\/\/denizcankizil.tr\/wp-content\/uploads\/2024\/10\/siyah-logo-svg.svg\",\"contentUrl\":\"https:\/\/denizcankizil.tr\/wp-content\/uploads\/2024\/10\/siyah-logo-svg.svg\",\"width\":1080,\"height\":1080,\"caption\":\"Av. Deniz Can K\u0131z\u0131l\"},\"image\":{\"@id\":\"https:\/\/denizcankizil.tr\/de\/#\/schema\/logo\/image\/\"}},{\"@type\":\"Person\",\"@id\":\"https:\/\/denizcankizil.tr\/de\/#\/schema\/person\/e1eb71bb4dd684d46563f0af307e1234\",\"name\":\"Antalya K\u00f6rfez\",\"image\":{\"@type\":\"ImageObject\",\"inLanguage\":\"ru-RU\",\"@id\":\"https:\/\/denizcankizil.tr\/de\/#\/schema\/person\/image\/\",\"url\":\"https:\/\/secure.gravatar.com\/avatar\/42b01982558a48a0b501fdcab6a408d3717ea5919095ee2e67b0e521799c5905?s=96&d=mm&r=g\",\"contentUrl\":\"https:\/\/secure.gravatar.com\/avatar\/42b01982558a48a0b501fdcab6a408d3717ea5919095ee2e67b0e521799c5905?s=96&d=mm&r=g\",\"caption\":\"Antalya K\u00f6rfez\"},\"sameAs\":[\"http:\/\/www.antalyakorfez.com\"],\"url\":\"https:\/\/www.antalyakorfez.com\/erdogana-hakaretten-tutuklanmisti-ilave-tv-sahibi-arif-kocabiyik-icin-karar\"}]}<\/script>\n<!-- \/ Yoast SEO Premium plugin. -->","yoast_head_json":{"title":"Erdo\u011fan\u2019a hakaretten tutuklanm\u0131\u015ft\u0131! \u0130lave TV sahibi Arif Kocab\u0131y\u0131k i\u00e7in karar\u2026 - Av. Deniz Can K\u0131z\u0131l","robots":{"index":"index","follow":"follow","max-snippet":"max-snippet:-1","max-image-preview":"max-image-preview:large","max-video-preview":"max-video-preview:-1"},"canonical":"https:\/\/denizcankizil.tr\/ru\/haberler\/gundem\/erdogana-hakaretten-tutuklanmisti-ilave-tv-sahibi-arif-kocabiyik-icin-karar\/","og_locale":"ru_RU","og_type":"article","og_title":"Erdo\u011fan\u2019a hakaretten tutuklanm\u0131\u015ft\u0131! \u0130lave TV sahibi Arif Kocab\u0131y\u0131k i\u00e7in karar\u2026","og_description":"Antalya\u2019da &#8216;\u0130lave TV&#8217; isimli Youtube kanal\u0131nda yapt\u0131\u011f\u0131 sokak r\u00f6portajlar\u0131 ile tan\u0131nan sosyal medya fenomeni Ahmet Kocab\u0131y\u0131k, 7 May\u0131s 2025 tarihinde Cumhurba\u015fkan\u0131 Recep Tayyip Erdo\u011fan\u2019a hakaret su\u00e7lamas\u0131ndan tutuklanm\u0131\u015ft\u0131. Bug\u00fcn ise (14 May\u0131s 2025) Kocab\u0131y\u0131k, tahliye edildi\u011fi a\u00e7\u0131kland\u0131. Tahliye sonras\u0131 sosyal medya \u00fczerinden a\u00e7\u0131klama yapan Kocab\u0131y\u0131k, &#8220;Nerede kalm\u0131\u015ft\u0131k&#8221; dedi. EMN\u0130YETTEN YAPILAN A\u00c7IKLAMA Emniyet Genel M\u00fcd\u00fcrl\u00fc\u011f\u00fc (EGM), Arif Kocab\u0131y\u0131k hakk\u0131nda yapt\u0131\u011f\u0131 a\u00e7\u0131klamada, Kocab\u0131y\u0131k&#8217;\u0131n \u0130nstagram sosyal medya platformunda bir r\u00f6portaj s\u0131ras\u0131nda AKP Genel Ba\u015fkan\u0131 ve Cumhurba\u015fkan\u0131 Recep Tayyip Erdo\u011fan&#8217;a y\u00f6nelik hakaret i\u00e7erikli ifadeler kulland\u0131\u011f\u0131n\u0131n belirlendi\u011fi kaydedilmi\u015fti. \u200bAntalya\u2019da &#8216;\u0130lave TV&#8217; isimli Youtube kanal\u0131 \u00fczerinden yapt\u0131\u011f\u0131 sokak r\u00f6portajlar\u0131 ile tan\u0131nan Arif Kocab\u0131y\u0131k, Cumhurba\u015fkan\u0131 Recep Tayyip Erdo\u011fan\u2019a hakaret su\u00e7lamas\u0131ndan tutuklanm\u0131\u015ft\u0131. Kocab\u0131y\u0131k, bug\u00fcn ak\u015fam saatlerine do\u011fru tahliye edildi.\u00a0 \u200bHaberin Al\u0131nt\u0131land\u0131\u011f\u0131 Kaynak: www.antalyakorfez.com","og_url":"https:\/\/denizcankizil.tr\/ru\/haberler\/gundem\/erdogana-hakaretten-tutuklanmisti-ilave-tv-sahibi-arif-kocabiyik-icin-karar\/","og_site_name":"Av. Deniz Can K\u0131z\u0131l","article_published_time":"2025-05-14T15:41:17+00:00","author":"Antalya K\u00f6rfez","twitter_card":"summary_large_image","twitter_misc":{"\u041d\u0430\u043f\u0438\u0441\u0430\u043d\u043e \u0430\u0432\u0442\u043e\u0440\u043e\u043c":"Antalya K\u00f6rfez","\u041f\u0440\u0438\u043c\u0435\u0440\u043d\u043e\u0435 \u0432\u0440\u0435\u043c\u044f \u0434\u043b\u044f \u0447\u0442\u0435\u043d\u0438\u044f":"1 \u043c\u0438\u043d\u0443\u0442\u0430"},"schema":{"@context":"https:\/\/schema.org","@graph":[{"@type":"Article","@id":"https:\/\/denizcankizil.tr\/de\/haberler\/gundem\/erdogana-hakaretten-tutuklanmisti-ilave-tv-sahibi-arif-kocabiyik-icin-karar\/#article","isPartOf":{"@id":"https:\/\/denizcankizil.tr\/de\/haberler\/gundem\/erdogana-hakaretten-tutuklanmisti-ilave-tv-sahibi-arif-kocabiyik-icin-karar\/"},"author":{"name":"Antalya K\u00f6rfez","@id":"https:\/\/denizcankizil.tr\/de\/#\/schema\/person\/e1eb71bb4dd684d46563f0af307e1234"},"headline":"Erdo\u011fan\u2019a hakaretten tutuklanm\u0131\u015ft\u0131! \u0130lave TV sahibi Arif Kocab\u0131y\u0131k i\u00e7in karar\u2026","datePublished":"2025-05-14T15:41:17+00:00","mainEntityOfPage":{"@id":"https:\/\/denizcankizil.tr\/de\/haberler\/gundem\/erdogana-hakaretten-tutuklanmisti-ilave-tv-sahibi-arif-kocabiyik-icin-karar\/"},"wordCount":194,"publisher":{"@id":"https:\/\/denizcankizil.tr\/de\/#organization"},"articleSection":["G\u00fcndem"],"inLanguage":"ru-RU"},{"@type":"WebPage","@id":"https:\/\/denizcankizil.tr\/de\/haberler\/gundem\/erdogana-hakaretten-tutuklanmisti-ilave-tv-sahibi-arif-kocabiyik-icin-karar\/","url":"https:\/\/denizcankizil.tr\/de\/haberler\/gundem\/erdogana-hakaretten-tutuklanmisti-ilave-tv-sahibi-arif-kocabiyik-icin-karar\/","name":"Erdo\u011fan\u2019a hakaretten tutuklanm\u0131\u015ft\u0131! \u0130lave TV sahibi Arif Kocab\u0131y\u0131k i\u00e7in karar\u2026 - Av. Deniz Can K\u0131z\u0131l","isPartOf":{"@id":"https:\/\/denizcankizil.tr\/de\/#website"},"datePublished":"2025-05-14T15:41:17+00:00","breadcrumb":{"@id":"https:\/\/denizcankizil.tr\/de\/haberler\/gundem\/erdogana-hakaretten-tutuklanmisti-ilave-tv-sahibi-arif-kocabiyik-icin-karar\/#breadcrumb"},"inLanguage":"ru-RU","potentialAction":[{"@type":"ReadAction","target":["https:\/\/denizcankizil.tr\/de\/haberler\/gundem\/erdogana-hakaretten-tutuklanmisti-ilave-tv-sahibi-arif-kocabiyik-icin-karar\/"]}]},{"@type":"BreadcrumbList","@id":"https:\/\/denizcankizil.tr\/de\/haberler\/gundem\/erdogana-hakaretten-tutuklanmisti-ilave-tv-sahibi-arif-kocabiyik-icin-karar\/#breadcrumb","itemListElement":[{"@type":"ListItem","position":1,"name":"Home","item":"https:\/\/denizcankizil.tr\/de\/"},{"@type":"ListItem","position":2,"name":"Erdo\u011fan\u2019a hakaretten tutuklanm\u0131\u015ft\u0131! \u0130lave TV sahibi Arif Kocab\u0131y\u0131k i\u00e7in karar\u2026"}]},{"@type":"WebSite","@id":"https:\/\/denizcankizil.tr\/de\/#website","url":"https:\/\/denizcankizil.tr\/de\/","name":"Av. Deniz Can K\u0131z\u0131l","description":"Avukat Deniz Can K\u0131z\u0131l Antalya Barosu","publisher":{"@id":"https:\/\/denizcankizil.tr\/de\/#organization"},"potentialAction":[{"@type":"SearchAction","target":{"@type":"EntryPoint","urlTemplate":"https:\/\/denizcankizil.tr\/de\/?s={search_term_string}"},"query-input":{"@type":"PropertyValueSpecification","valueRequired":true,"valueName":"search_term_string"}}],"inLanguage":"ru-RU"},{"@type":"Organization","@id":"https:\/\/denizcankizil.tr\/de\/#organization","name":"Av. Deniz Can K\u0131z\u0131l","url":"https:\/\/denizcankizil.tr\/de\/","logo":{"@type":"ImageObject","inLanguage":"ru-RU","@id":"https:\/\/denizcankizil.tr\/de\/#\/schema\/logo\/image\/","url":"https:\/\/denizcankizil.tr\/wp-content\/uploads\/2024\/10\/siyah-logo-svg.svg","contentUrl":"https:\/\/denizcankizil.tr\/wp-content\/uploads\/2024\/10\/siyah-logo-svg.svg","width":1080,"height":1080,"caption":"Av. Deniz Can K\u0131z\u0131l"},"image":{"@id":"https:\/\/denizcankizil.tr\/de\/#\/schema\/logo\/image\/"}},{"@type":"Person","@id":"https:\/\/denizcankizil.tr\/de\/#\/schema\/person\/e1eb71bb4dd684d46563f0af307e1234","name":"Antalya K\u00f6rfez","image":{"@type":"ImageObject","inLanguage":"ru-RU","@id":"https:\/\/denizcankizil.tr\/de\/#\/schema\/person\/image\/","url":"https:\/\/secure.gravatar.com\/avatar\/42b01982558a48a0b501fdcab6a408d3717ea5919095ee2e67b0e521799c5905?s=96&d=mm&r=g","contentUrl":"https:\/\/secure.gravatar.com\/avatar\/42b01982558a48a0b501fdcab6a408d3717ea5919095ee2e67b0e521799c5905?s=96&d=mm&r=g","caption":"Antalya K\u00f6rfez"},"sameAs":["http:\/\/www.antalyakorfez.com"],"url":"https:\/\/www.antalyakorfez.com\/erdogana-hakaretten-tutuklanmisti-ilave-tv-sahibi-arif-kocabiyik-icin-karar"}]}},"_links":{"self":[{"href":"https:\/\/denizcankizil.tr\/ru\/wp-json\/wp\/v2\/posts\/86487","targetHints":{"allow":["GET"]}}],"collection":[{"href":"https:\/\/denizcankizil.tr\/ru\/wp-json\/wp\/v2\/posts"}],"about":[{"href":"https:\/\/denizcankizil.tr\/ru\/wp-json\/wp\/v2\/types\/post"}],"author":[{"embeddable":true,"href":"https:\/\/denizcankizil.tr\/ru\/wp-json\/wp\/v2\/users\/5"}],"replies":[{"embeddable":true,"href":"https:\/\/denizcankizil.tr\/ru\/wp-json\/wp\/v2\/comments?post=86487"}],"version-history":[{"count":0,"href":"https:\/\/denizcankizil.tr\/ru\/wp-json\/wp\/v2\/posts\/86487\/revisions"}],"wp:attachment":[{"href":"https:\/\/denizcankizil.tr\/ru\/wp-json\/wp\/v2\/media?parent=86487"}],"wp:term":[{"taxonomy":"category","embeddable":true,"href":"https:\/\/denizcankizil.tr\/ru\/wp-json\/wp\/v2\/categories?post=86487"},{"taxonomy":"post_tag","embeddable":true,"href":"https:\/\/denizcankizil.tr\/ru\/wp-json\/wp\/v2\/tags?post=86487"}],"curies":[{"name":"wp","href":"https:\/\/api.w.org\/{rel}","templated":true}]}}