{"id":85247,"date":"2025-05-13T15:41:14","date_gmt":"2025-05-13T12:41:14","guid":{"rendered":"https:\/\/denizcankizil.tr\/uncategorized-tr\/antalyada-hijyen-ve-guvenlikte-yeni-bir-donem-basliyor\/"},"modified":"2025-05-13T15:41:14","modified_gmt":"2025-05-13T12:41:14","slug":"antalyada-hijyen-ve-guvenlikte-yeni-bir-donem-basliyor","status":"publish","type":"post","link":"https:\/\/denizcankizil.tr\/ru\/haberler\/antalya\/antalyada-hijyen-ve-guvenlikte-yeni-bir-donem-basliyor\/","title":{"rendered":"Antalya&#8217;da hijyen ve g\u00fcvenlikte yeni bir d\u00f6nem ba\u015fl\u0131yor"},"content":{"rendered":"<p>Muratpa\u015fa Belediyesi, Antalya Gastronomi Yat\u0131r\u0131mc\u0131lar\u0131 ve \u0130\u015fletmecileri Derne\u011fi (AGY\u0130D) ve hijyen markas\u0131 Diversey ile g\u00fc\u00e7lerini, Antalya&#8217;y\u0131 hijyen ve g\u0131da g\u00fcvenli\u011finde \u00f6rnek bir \u015fehir haline getirmek i\u00e7in birle\u015ftirdi.<br \/>\nHayata ge\u00e7irilen Gold Town G\u0131da G\u00fcvenli\u011fi ve Hijyen Program\u0131yla T\u00fcrk turizminin ba\u015fkenti Antalya&#8217;da, turizmin en \u00f6nemli bile\u015fenlerinden gastronomi alan\u0131nda g\u0131da g\u00fcvenli\u011finin art\u0131r\u0131lmas\u0131, \u015feffafl\u0131k ve g\u00fcven ortam\u0131n\u0131n olu\u015fturulmas\u0131, ekonomik katk\u0131 ve b\u00f6lgesel de\u011ferlerin korunmas\u0131, i\u015fletmeler aras\u0131 i\u015fbirli\u011fi ve s\u00fcreklili\u011fin sa\u011flanmas\u0131 hedefleniyor.<br \/>\nRestoranlardan kafelere, lokantalardan pastanelere bir\u00e7ok i\u015fletme, g\u00f6n\u00fcll\u00fcl\u00fck esas\u0131na dayanan bu programa ba\u015fvurarak belirlenen kriterleri kar\u015f\u0131lamalar\u0131 halinde Gold Town G\u0131da G\u00fcvenli\u011fi ve Hijyen Sertifikas\u0131 almaya hak kazanacak. Sertifika alan i\u015fletmeler uluslararas\u0131 standartlara uygunluklar\u0131n\u0131 ziyaret\u00e7ilerine belgeleyebilecek. Antalya art\u0131k yaln\u0131zca deniziyle, g\u00fcne\u015fiyle de\u011fil hijyenik, g\u00fcvenilir ve kaliteli gastronomi duraklar\u0131yla da an\u0131lacak.<br \/>\nMuratpa\u015fa il\u00e7e s\u0131n\u0131rlar\u0131nda yer alan i\u015fletmeler i\u00e7in ge\u00e7erli olan Gold Town G\u0131da G\u00fcvenli\u011fi ve Hijyen Serifika Program\u0131na kat\u0131lmak isteyen i\u015fletmelerin goldtown.muratpasa-bld.gov.tr adresinden ba\u015fvurular\u0131n\u0131 tamamlamas\u0131 gerekiyor.<\/p>\n<p>Kaynak: www.kanalv.com.tr Haber Sitesinden Al\u0131nm\u0131\u015ft\u0131r.<\/p>","protected":false},"excerpt":{"rendered":"<p>Muratpa\u015fa Belediyesi, Antalya Gastronomi Yat\u0131r\u0131mc\u0131lar\u0131 ve \u0130\u015fletmecileri Derne\u011fi (AGY\u0130D) ve hijyen markas\u0131 Diversey ile g\u00fc\u00e7lerini, Antalya&#8217;y\u0131 hijyen ve g\u0131da g\u00fcvenli\u011finde \u00f6rnek bir \u015fehir haline getirmek i\u00e7in birle\u015ftirdi. Hayata ge\u00e7irilen Gold Town G\u0131da G\u00fcvenli\u011fi ve Hijyen Program\u0131yla T\u00fcrk turizminin ba\u015fkenti Antalya&#8217;da, turizmin en \u00f6nemli bile\u015fenlerinden gastronomi alan\u0131nda g\u0131da g\u00fcvenli\u011finin art\u0131r\u0131lmas\u0131, \u015feffafl\u0131k ve g\u00fcven ortam\u0131n\u0131n olu\u015fturulmas\u0131, ekonomik katk\u0131 ve b\u00f6lgesel de\u011ferlerin korunmas\u0131, i\u015fletmeler aras\u0131 i\u015fbirli\u011fi ve s\u00fcreklili\u011fin sa\u011flanmas\u0131 hedefleniyor. Restoranlardan kafelere, lokantalardan pastanelere bir\u00e7ok i\u015fletme, g\u00f6n\u00fcll\u00fcl\u00fck esas\u0131na dayanan bu programa ba\u015fvurarak belirlenen kriterleri kar\u015f\u0131lamalar\u0131 halinde Gold Town G\u0131da G\u00fcvenli\u011fi ve Hijyen Sertifikas\u0131 almaya hak kazanacak. Sertifika alan i\u015fletmeler uluslararas\u0131 standartlara uygunluklar\u0131n\u0131 ziyaret\u00e7ilerine belgeleyebilecek. Antalya art\u0131k yaln\u0131zca deniziyle, g\u00fcne\u015fiyle de\u011fil hijyenik, g\u00fcvenilir ve kaliteli gastronomi duraklar\u0131yla da an\u0131lacak. Muratpa\u015fa il\u00e7e s\u0131n\u0131rlar\u0131nda yer alan i\u015fletmeler i\u00e7in ge\u00e7erli olan Gold Town G\u0131da G\u00fcvenli\u011fi ve Hijyen Serifika Program\u0131na kat\u0131lmak isteyen i\u015fletmelerin goldtown.muratpasa-bld.gov.tr adresinden ba\u015fvurular\u0131n\u0131 tamamlamas\u0131 gerekiyor. Kaynak: www.kanalv.com.tr Haber Sitesinden Al\u0131nm\u0131\u015ft\u0131r.<\/p>","protected":false},"author":4,"featured_media":85248,"comment_status":"","ping_status":"open","sticky":false,"template":"","format":"standard","meta":{"_acf_changed":false,"footnotes":""},"categories":[26],"tags":[],"class_list":["post-85247","post","type-post","status-publish","format-standard","has-post-thumbnail","hentry","category-antalya"],"acf":[],"yoast_head":"<!-- This site is optimized with the Yoast SEO Premium plugin v26.6 (Yoast SEO v27.1.1) - https:\/\/yoast.com\/product\/yoast-seo-premium-wordpress\/ -->\n<title>Antalya&#039;da hijyen ve g\u00fcvenlikte yeni bir d\u00f6nem ba\u015fl\u0131yor - Av. Deniz Can K\u0131z\u0131l<\/title>\n<meta name=\"robots\" content=\"index, follow, max-snippet:-1, max-image-preview:large, max-video-preview:-1\" \/>\n<link rel=\"canonical\" href=\"http:\/\/denizcankizil.tr\/ru\/haberler\/antalya\/antalyada-hijyen-ve-guvenlikte-yeni-bir-donem-basliyor\/\" \/>\n<meta property=\"og:locale\" content=\"ru_RU\" \/>\n<meta property=\"og:type\" content=\"article\" \/>\n<meta property=\"og:title\" content=\"Antalya&#039;da hijyen ve g\u00fcvenlikte yeni bir d\u00f6nem ba\u015fl\u0131yor\" \/>\n<meta property=\"og:description\" content=\"Muratpa\u015fa Belediyesi, Antalya Gastronomi Yat\u0131r\u0131mc\u0131lar\u0131 ve \u0130\u015fletmecileri Derne\u011fi (AGY\u0130D) ve hijyen markas\u0131 Diversey ile g\u00fc\u00e7lerini, Antalya&#8217;y\u0131 hijyen ve g\u0131da g\u00fcvenli\u011finde \u00f6rnek bir \u015fehir haline getirmek i\u00e7in birle\u015ftirdi. Hayata ge\u00e7irilen Gold Town G\u0131da G\u00fcvenli\u011fi ve Hijyen Program\u0131yla T\u00fcrk turizminin ba\u015fkenti Antalya&#8217;da, turizmin en \u00f6nemli bile\u015fenlerinden gastronomi alan\u0131nda g\u0131da g\u00fcvenli\u011finin art\u0131r\u0131lmas\u0131, \u015feffafl\u0131k ve g\u00fcven ortam\u0131n\u0131n olu\u015fturulmas\u0131, ekonomik katk\u0131 ve b\u00f6lgesel de\u011ferlerin korunmas\u0131, i\u015fletmeler aras\u0131 i\u015fbirli\u011fi ve s\u00fcreklili\u011fin sa\u011flanmas\u0131 hedefleniyor. Restoranlardan kafelere, lokantalardan pastanelere bir\u00e7ok i\u015fletme, g\u00f6n\u00fcll\u00fcl\u00fck esas\u0131na dayanan bu programa ba\u015fvurarak belirlenen kriterleri kar\u015f\u0131lamalar\u0131 halinde Gold Town G\u0131da G\u00fcvenli\u011fi ve Hijyen Sertifikas\u0131 almaya hak kazanacak. Sertifika alan i\u015fletmeler uluslararas\u0131 standartlara uygunluklar\u0131n\u0131 ziyaret\u00e7ilerine belgeleyebilecek. Antalya art\u0131k yaln\u0131zca deniziyle, g\u00fcne\u015fiyle de\u011fil hijyenik, g\u00fcvenilir ve kaliteli gastronomi duraklar\u0131yla da an\u0131lacak. Muratpa\u015fa il\u00e7e s\u0131n\u0131rlar\u0131nda yer alan i\u015fletmeler i\u00e7in ge\u00e7erli olan Gold Town G\u0131da G\u00fcvenli\u011fi ve Hijyen Serifika Program\u0131na kat\u0131lmak isteyen i\u015fletmelerin goldtown.muratpasa-bld.gov.tr adresinden ba\u015fvurular\u0131n\u0131 tamamlamas\u0131 gerekiyor. Kaynak: www.kanalv.com.tr Haber Sitesinden Al\u0131nm\u0131\u015ft\u0131r.\" \/>\n<meta property=\"og:url\" content=\"http:\/\/denizcankizil.tr\/ru\/haberler\/antalya\/antalyada-hijyen-ve-guvenlikte-yeni-bir-donem-basliyor\/\" \/>\n<meta property=\"og:site_name\" content=\"Av. Deniz Can K\u0131z\u0131l\" \/>\n<meta property=\"article:published_time\" content=\"2025-05-13T12:41:14+00:00\" \/>\n<meta property=\"og:image\" content=\"http:\/\/denizcankizil.tr\/wp-content\/uploads\/2025\/05\/6306-01-NDPhkd.jpg\" \/>\n\t<meta property=\"og:image:width\" content=\"1280\" \/>\n\t<meta property=\"og:image:height\" content=\"720\" \/>\n\t<meta property=\"og:image:type\" content=\"image\/jpeg\" \/>\n<meta name=\"author\" content=\"Av. Deniz Can K\u0131z\u0131l\" \/>\n<meta name=\"twitter:card\" content=\"summary_large_image\" \/>\n<meta name=\"twitter:label1\" content=\"\u041d\u0430\u043f\u0438\u0441\u0430\u043d\u043e \u0430\u0432\u0442\u043e\u0440\u043e\u043c\" \/>\n\t<meta name=\"twitter:data1\" content=\"Av. Deniz Can K\u0131z\u0131l\" \/>\n\t<meta name=\"twitter:label2\" content=\"\u041f\u0440\u0438\u043c\u0435\u0440\u043d\u043e\u0435 \u0432\u0440\u0435\u043c\u044f \u0434\u043b\u044f \u0447\u0442\u0435\u043d\u0438\u044f\" \/>\n\t<meta name=\"twitter:data2\" content=\"1 \u043c\u0438\u043d\u0443\u0442\u0430\" \/>\n<script type=\"application\/ld+json\" class=\"yoast-schema-graph\">{\"@context\":\"https:\/\/schema.org\",\"@graph\":[{\"@type\":\"Article\",\"@id\":\"http:\/\/denizcankizil.tr\/en\/haberler\/antalya\/antalyada-hijyen-ve-guvenlikte-yeni-bir-donem-basliyor\/#article\",\"isPartOf\":{\"@id\":\"http:\/\/denizcankizil.tr\/en\/haberler\/antalya\/antalyada-hijyen-ve-guvenlikte-yeni-bir-donem-basliyor\/\"},\"author\":{\"name\":\"Av. Deniz Can K\u0131z\u0131l\",\"@id\":\"https:\/\/denizcankizil.tr\/de\/#\/schema\/person\/5dc1b22991bd7ac833867c10afc9b0ff\"},\"headline\":\"Antalya&#8217;da hijyen ve g\u00fcvenlikte yeni bir d\u00f6nem ba\u015fl\u0131yor\",\"datePublished\":\"2025-05-13T12:41:14+00:00\",\"mainEntityOfPage\":{\"@id\":\"http:\/\/denizcankizil.tr\/en\/haberler\/antalya\/antalyada-hijyen-ve-guvenlikte-yeni-bir-donem-basliyor\/\"},\"wordCount\":247,\"publisher\":{\"@id\":\"https:\/\/denizcankizil.tr\/de\/#organization\"},\"image\":{\"@id\":\"http:\/\/denizcankizil.tr\/en\/haberler\/antalya\/antalyada-hijyen-ve-guvenlikte-yeni-bir-donem-basliyor\/#primaryimage\"},\"thumbnailUrl\":\"https:\/\/denizcankizil.tr\/wp-content\/uploads\/2025\/05\/6306-01-NDPhkd.jpg\",\"articleSection\":[\"Antalya\"],\"inLanguage\":\"ru-RU\"},{\"@type\":\"WebPage\",\"@id\":\"http:\/\/denizcankizil.tr\/en\/haberler\/antalya\/antalyada-hijyen-ve-guvenlikte-yeni-bir-donem-basliyor\/\",\"url\":\"http:\/\/denizcankizil.tr\/en\/haberler\/antalya\/antalyada-hijyen-ve-guvenlikte-yeni-bir-donem-basliyor\/\",\"name\":\"Antalya'da hijyen ve g\u00fcvenlikte yeni bir d\u00f6nem ba\u015fl\u0131yor - Av. Deniz Can K\u0131z\u0131l\",\"isPartOf\":{\"@id\":\"https:\/\/denizcankizil.tr\/de\/#website\"},\"primaryImageOfPage\":{\"@id\":\"http:\/\/denizcankizil.tr\/en\/haberler\/antalya\/antalyada-hijyen-ve-guvenlikte-yeni-bir-donem-basliyor\/#primaryimage\"},\"image\":{\"@id\":\"http:\/\/denizcankizil.tr\/en\/haberler\/antalya\/antalyada-hijyen-ve-guvenlikte-yeni-bir-donem-basliyor\/#primaryimage\"},\"thumbnailUrl\":\"https:\/\/denizcankizil.tr\/wp-content\/uploads\/2025\/05\/6306-01-NDPhkd.jpg\",\"datePublished\":\"2025-05-13T12:41:14+00:00\",\"breadcrumb\":{\"@id\":\"http:\/\/denizcankizil.tr\/en\/haberler\/antalya\/antalyada-hijyen-ve-guvenlikte-yeni-bir-donem-basliyor\/#breadcrumb\"},\"inLanguage\":\"ru-RU\",\"potentialAction\":[{\"@type\":\"ReadAction\",\"target\":[\"http:\/\/denizcankizil.tr\/en\/haberler\/antalya\/antalyada-hijyen-ve-guvenlikte-yeni-bir-donem-basliyor\/\"]}]},{\"@type\":\"ImageObject\",\"inLanguage\":\"ru-RU\",\"@id\":\"http:\/\/denizcankizil.tr\/en\/haberler\/antalya\/antalyada-hijyen-ve-guvenlikte-yeni-bir-donem-basliyor\/#primaryimage\",\"url\":\"https:\/\/denizcankizil.tr\/wp-content\/uploads\/2025\/05\/6306-01-NDPhkd.jpg\",\"contentUrl\":\"https:\/\/denizcankizil.tr\/wp-content\/uploads\/2025\/05\/6306-01-NDPhkd.jpg\",\"width\":1280,\"height\":720},{\"@type\":\"BreadcrumbList\",\"@id\":\"http:\/\/denizcankizil.tr\/en\/haberler\/antalya\/antalyada-hijyen-ve-guvenlikte-yeni-bir-donem-basliyor\/#breadcrumb\",\"itemListElement\":[{\"@type\":\"ListItem\",\"position\":1,\"name\":\"Home\",\"item\":\"https:\/\/denizcankizil.tr\/de\/\"},{\"@type\":\"ListItem\",\"position\":2,\"name\":\"Antalya&#8217;da hijyen ve g\u00fcvenlikte yeni bir d\u00f6nem ba\u015fl\u0131yor\"}]},{\"@type\":\"WebSite\",\"@id\":\"https:\/\/denizcankizil.tr\/de\/#website\",\"url\":\"https:\/\/denizcankizil.tr\/de\/\",\"name\":\"Av. Deniz Can K\u0131z\u0131l\",\"description\":\"Avukat Deniz Can K\u0131z\u0131l Antalya Barosu\",\"publisher\":{\"@id\":\"https:\/\/denizcankizil.tr\/de\/#organization\"},\"potentialAction\":[{\"@type\":\"SearchAction\",\"target\":{\"@type\":\"EntryPoint\",\"urlTemplate\":\"https:\/\/denizcankizil.tr\/de\/?s={search_term_string}\"},\"query-input\":{\"@type\":\"PropertyValueSpecification\",\"valueRequired\":true,\"valueName\":\"search_term_string\"}}],\"inLanguage\":\"ru-RU\"},{\"@type\":\"Organization\",\"@id\":\"https:\/\/denizcankizil.tr\/de\/#organization\",\"name\":\"Av. Deniz Can K\u0131z\u0131l\",\"url\":\"https:\/\/denizcankizil.tr\/de\/\",\"logo\":{\"@type\":\"ImageObject\",\"inLanguage\":\"ru-RU\",\"@id\":\"https:\/\/denizcankizil.tr\/de\/#\/schema\/logo\/image\/\",\"url\":\"https:\/\/denizcankizil.tr\/wp-content\/uploads\/2024\/10\/siyah-logo-svg.svg\",\"contentUrl\":\"https:\/\/denizcankizil.tr\/wp-content\/uploads\/2024\/10\/siyah-logo-svg.svg\",\"width\":1080,\"height\":1080,\"caption\":\"Av. Deniz Can K\u0131z\u0131l\"},\"image\":{\"@id\":\"https:\/\/denizcankizil.tr\/de\/#\/schema\/logo\/image\/\"}},{\"@type\":\"Person\",\"@id\":\"https:\/\/denizcankizil.tr\/de\/#\/schema\/person\/5dc1b22991bd7ac833867c10afc9b0ff\",\"name\":\"Av. Deniz Can K\u0131z\u0131l\",\"image\":{\"@type\":\"ImageObject\",\"inLanguage\":\"ru-RU\",\"@id\":\"https:\/\/denizcankizil.tr\/de\/#\/schema\/person\/image\/\",\"url\":\"https:\/\/secure.gravatar.com\/avatar\/a0b128fb9855c79efc976d5640eedb31dc35ec297594d6016d2cf7c60e975bb6?s=96&d=mm&r=g\",\"contentUrl\":\"https:\/\/secure.gravatar.com\/avatar\/a0b128fb9855c79efc976d5640eedb31dc35ec297594d6016d2cf7c60e975bb6?s=96&d=mm&r=g\",\"caption\":\"Av. Deniz Can K\u0131z\u0131l\"},\"sameAs\":[\"http:\/\/www.denizcankizil.tr\"],\"url\":\"https:\/\/denizcankizil.tr\/ru\/author\/denizcankizil\/\"}]}<\/script>\n<!-- \/ Yoast SEO Premium plugin. -->","yoast_head_json":{"title":"Antalya'da hijyen ve g\u00fcvenlikte yeni bir d\u00f6nem ba\u015fl\u0131yor - Av. Deniz Can K\u0131z\u0131l","robots":{"index":"index","follow":"follow","max-snippet":"max-snippet:-1","max-image-preview":"max-image-preview:large","max-video-preview":"max-video-preview:-1"},"canonical":"http:\/\/denizcankizil.tr\/ru\/haberler\/antalya\/antalyada-hijyen-ve-guvenlikte-yeni-bir-donem-basliyor\/","og_locale":"ru_RU","og_type":"article","og_title":"Antalya'da hijyen ve g\u00fcvenlikte yeni bir d\u00f6nem ba\u015fl\u0131yor","og_description":"Muratpa\u015fa Belediyesi, Antalya Gastronomi Yat\u0131r\u0131mc\u0131lar\u0131 ve \u0130\u015fletmecileri Derne\u011fi (AGY\u0130D) ve hijyen markas\u0131 Diversey ile g\u00fc\u00e7lerini, Antalya&#8217;y\u0131 hijyen ve g\u0131da g\u00fcvenli\u011finde \u00f6rnek bir \u015fehir haline getirmek i\u00e7in birle\u015ftirdi. Hayata ge\u00e7irilen Gold Town G\u0131da G\u00fcvenli\u011fi ve Hijyen Program\u0131yla T\u00fcrk turizminin ba\u015fkenti Antalya&#8217;da, turizmin en \u00f6nemli bile\u015fenlerinden gastronomi alan\u0131nda g\u0131da g\u00fcvenli\u011finin art\u0131r\u0131lmas\u0131, \u015feffafl\u0131k ve g\u00fcven ortam\u0131n\u0131n olu\u015fturulmas\u0131, ekonomik katk\u0131 ve b\u00f6lgesel de\u011ferlerin korunmas\u0131, i\u015fletmeler aras\u0131 i\u015fbirli\u011fi ve s\u00fcreklili\u011fin sa\u011flanmas\u0131 hedefleniyor. Restoranlardan kafelere, lokantalardan pastanelere bir\u00e7ok i\u015fletme, g\u00f6n\u00fcll\u00fcl\u00fck esas\u0131na dayanan bu programa ba\u015fvurarak belirlenen kriterleri kar\u015f\u0131lamalar\u0131 halinde Gold Town G\u0131da G\u00fcvenli\u011fi ve Hijyen Sertifikas\u0131 almaya hak kazanacak. Sertifika alan i\u015fletmeler uluslararas\u0131 standartlara uygunluklar\u0131n\u0131 ziyaret\u00e7ilerine belgeleyebilecek. Antalya art\u0131k yaln\u0131zca deniziyle, g\u00fcne\u015fiyle de\u011fil hijyenik, g\u00fcvenilir ve kaliteli gastronomi duraklar\u0131yla da an\u0131lacak. Muratpa\u015fa il\u00e7e s\u0131n\u0131rlar\u0131nda yer alan i\u015fletmeler i\u00e7in ge\u00e7erli olan Gold Town G\u0131da G\u00fcvenli\u011fi ve Hijyen Serifika Program\u0131na kat\u0131lmak isteyen i\u015fletmelerin goldtown.muratpasa-bld.gov.tr adresinden ba\u015fvurular\u0131n\u0131 tamamlamas\u0131 gerekiyor. Kaynak: www.kanalv.com.tr Haber Sitesinden Al\u0131nm\u0131\u015ft\u0131r.","og_url":"http:\/\/denizcankizil.tr\/ru\/haberler\/antalya\/antalyada-hijyen-ve-guvenlikte-yeni-bir-donem-basliyor\/","og_site_name":"Av. Deniz Can K\u0131z\u0131l","article_published_time":"2025-05-13T12:41:14+00:00","og_image":[{"width":1280,"height":720,"url":"http:\/\/denizcankizil.tr\/wp-content\/uploads\/2025\/05\/6306-01-NDPhkd.jpg","type":"image\/jpeg"}],"author":"Av. Deniz Can K\u0131z\u0131l","twitter_card":"summary_large_image","twitter_misc":{"\u041d\u0430\u043f\u0438\u0441\u0430\u043d\u043e \u0430\u0432\u0442\u043e\u0440\u043e\u043c":"Av. Deniz Can K\u0131z\u0131l","\u041f\u0440\u0438\u043c\u0435\u0440\u043d\u043e\u0435 \u0432\u0440\u0435\u043c\u044f \u0434\u043b\u044f \u0447\u0442\u0435\u043d\u0438\u044f":"1 \u043c\u0438\u043d\u0443\u0442\u0430"},"schema":{"@context":"https:\/\/schema.org","@graph":[{"@type":"Article","@id":"http:\/\/denizcankizil.tr\/en\/haberler\/antalya\/antalyada-hijyen-ve-guvenlikte-yeni-bir-donem-basliyor\/#article","isPartOf":{"@id":"http:\/\/denizcankizil.tr\/en\/haberler\/antalya\/antalyada-hijyen-ve-guvenlikte-yeni-bir-donem-basliyor\/"},"author":{"name":"Av. Deniz Can K\u0131z\u0131l","@id":"https:\/\/denizcankizil.tr\/de\/#\/schema\/person\/5dc1b22991bd7ac833867c10afc9b0ff"},"headline":"Antalya&#8217;da hijyen ve g\u00fcvenlikte yeni bir d\u00f6nem ba\u015fl\u0131yor","datePublished":"2025-05-13T12:41:14+00:00","mainEntityOfPage":{"@id":"http:\/\/denizcankizil.tr\/en\/haberler\/antalya\/antalyada-hijyen-ve-guvenlikte-yeni-bir-donem-basliyor\/"},"wordCount":247,"publisher":{"@id":"https:\/\/denizcankizil.tr\/de\/#organization"},"image":{"@id":"http:\/\/denizcankizil.tr\/en\/haberler\/antalya\/antalyada-hijyen-ve-guvenlikte-yeni-bir-donem-basliyor\/#primaryimage"},"thumbnailUrl":"https:\/\/denizcankizil.tr\/wp-content\/uploads\/2025\/05\/6306-01-NDPhkd.jpg","articleSection":["Antalya"],"inLanguage":"ru-RU"},{"@type":"WebPage","@id":"http:\/\/denizcankizil.tr\/en\/haberler\/antalya\/antalyada-hijyen-ve-guvenlikte-yeni-bir-donem-basliyor\/","url":"http:\/\/denizcankizil.tr\/en\/haberler\/antalya\/antalyada-hijyen-ve-guvenlikte-yeni-bir-donem-basliyor\/","name":"Antalya'da hijyen ve g\u00fcvenlikte yeni bir d\u00f6nem ba\u015fl\u0131yor - Av. Deniz Can K\u0131z\u0131l","isPartOf":{"@id":"https:\/\/denizcankizil.tr\/de\/#website"},"primaryImageOfPage":{"@id":"http:\/\/denizcankizil.tr\/en\/haberler\/antalya\/antalyada-hijyen-ve-guvenlikte-yeni-bir-donem-basliyor\/#primaryimage"},"image":{"@id":"http:\/\/denizcankizil.tr\/en\/haberler\/antalya\/antalyada-hijyen-ve-guvenlikte-yeni-bir-donem-basliyor\/#primaryimage"},"thumbnailUrl":"https:\/\/denizcankizil.tr\/wp-content\/uploads\/2025\/05\/6306-01-NDPhkd.jpg","datePublished":"2025-05-13T12:41:14+00:00","breadcrumb":{"@id":"http:\/\/denizcankizil.tr\/en\/haberler\/antalya\/antalyada-hijyen-ve-guvenlikte-yeni-bir-donem-basliyor\/#breadcrumb"},"inLanguage":"ru-RU","potentialAction":[{"@type":"ReadAction","target":["http:\/\/denizcankizil.tr\/en\/haberler\/antalya\/antalyada-hijyen-ve-guvenlikte-yeni-bir-donem-basliyor\/"]}]},{"@type":"ImageObject","inLanguage":"ru-RU","@id":"http:\/\/denizcankizil.tr\/en\/haberler\/antalya\/antalyada-hijyen-ve-guvenlikte-yeni-bir-donem-basliyor\/#primaryimage","url":"https:\/\/denizcankizil.tr\/wp-content\/uploads\/2025\/05\/6306-01-NDPhkd.jpg","contentUrl":"https:\/\/denizcankizil.tr\/wp-content\/uploads\/2025\/05\/6306-01-NDPhkd.jpg","width":1280,"height":720},{"@type":"BreadcrumbList","@id":"http:\/\/denizcankizil.tr\/en\/haberler\/antalya\/antalyada-hijyen-ve-guvenlikte-yeni-bir-donem-basliyor\/#breadcrumb","itemListElement":[{"@type":"ListItem","position":1,"name":"Home","item":"https:\/\/denizcankizil.tr\/de\/"},{"@type":"ListItem","position":2,"name":"Antalya&#8217;da hijyen ve g\u00fcvenlikte yeni bir d\u00f6nem ba\u015fl\u0131yor"}]},{"@type":"WebSite","@id":"https:\/\/denizcankizil.tr\/de\/#website","url":"https:\/\/denizcankizil.tr\/de\/","name":"Av. Deniz Can K\u0131z\u0131l","description":"Avukat Deniz Can K\u0131z\u0131l Antalya Barosu","publisher":{"@id":"https:\/\/denizcankizil.tr\/de\/#organization"},"potentialAction":[{"@type":"SearchAction","target":{"@type":"EntryPoint","urlTemplate":"https:\/\/denizcankizil.tr\/de\/?s={search_term_string}"},"query-input":{"@type":"PropertyValueSpecification","valueRequired":true,"valueName":"search_term_string"}}],"inLanguage":"ru-RU"},{"@type":"Organization","@id":"https:\/\/denizcankizil.tr\/de\/#organization","name":"Av. Deniz Can K\u0131z\u0131l","url":"https:\/\/denizcankizil.tr\/de\/","logo":{"@type":"ImageObject","inLanguage":"ru-RU","@id":"https:\/\/denizcankizil.tr\/de\/#\/schema\/logo\/image\/","url":"https:\/\/denizcankizil.tr\/wp-content\/uploads\/2024\/10\/siyah-logo-svg.svg","contentUrl":"https:\/\/denizcankizil.tr\/wp-content\/uploads\/2024\/10\/siyah-logo-svg.svg","width":1080,"height":1080,"caption":"Av. Deniz Can K\u0131z\u0131l"},"image":{"@id":"https:\/\/denizcankizil.tr\/de\/#\/schema\/logo\/image\/"}},{"@type":"Person","@id":"https:\/\/denizcankizil.tr\/de\/#\/schema\/person\/5dc1b22991bd7ac833867c10afc9b0ff","name":"Av. Deniz Can K\u0131z\u0131l","image":{"@type":"ImageObject","inLanguage":"ru-RU","@id":"https:\/\/denizcankizil.tr\/de\/#\/schema\/person\/image\/","url":"https:\/\/secure.gravatar.com\/avatar\/a0b128fb9855c79efc976d5640eedb31dc35ec297594d6016d2cf7c60e975bb6?s=96&d=mm&r=g","contentUrl":"https:\/\/secure.gravatar.com\/avatar\/a0b128fb9855c79efc976d5640eedb31dc35ec297594d6016d2cf7c60e975bb6?s=96&d=mm&r=g","caption":"Av. Deniz Can K\u0131z\u0131l"},"sameAs":["http:\/\/www.denizcankizil.tr"],"url":"https:\/\/denizcankizil.tr\/ru\/author\/denizcankizil\/"}]}},"_links":{"self":[{"href":"https:\/\/denizcankizil.tr\/ru\/wp-json\/wp\/v2\/posts\/85247","targetHints":{"allow":["GET"]}}],"collection":[{"href":"https:\/\/denizcankizil.tr\/ru\/wp-json\/wp\/v2\/posts"}],"about":[{"href":"https:\/\/denizcankizil.tr\/ru\/wp-json\/wp\/v2\/types\/post"}],"author":[{"embeddable":true,"href":"https:\/\/denizcankizil.tr\/ru\/wp-json\/wp\/v2\/users\/4"}],"replies":[{"embeddable":true,"href":"https:\/\/denizcankizil.tr\/ru\/wp-json\/wp\/v2\/comments?post=85247"}],"version-history":[{"count":0,"href":"https:\/\/denizcankizil.tr\/ru\/wp-json\/wp\/v2\/posts\/85247\/revisions"}],"wp:featuredmedia":[{"embeddable":true,"href":"https:\/\/denizcankizil.tr\/ru\/wp-json\/wp\/v2\/media\/85248"}],"wp:attachment":[{"href":"https:\/\/denizcankizil.tr\/ru\/wp-json\/wp\/v2\/media?parent=85247"}],"wp:term":[{"taxonomy":"category","embeddable":true,"href":"https:\/\/denizcankizil.tr\/ru\/wp-json\/wp\/v2\/categories?post=85247"},{"taxonomy":"post_tag","embeddable":true,"href":"https:\/\/denizcankizil.tr\/ru\/wp-json\/wp\/v2\/tags?post=85247"}],"curies":[{"name":"wp","href":"https:\/\/api.w.org\/{rel}","templated":true}]}}