{"id":84305,"date":"2025-05-12T17:41:20","date_gmt":"2025-05-12T14:41:20","guid":{"rendered":"https:\/\/denizcankizil.tr\/uncategorized-tr\/hristiyan-aleminin-yeni-lideri-papa-14-leo-kayserili-mi\/"},"modified":"2025-05-12T17:41:20","modified_gmt":"2025-05-12T14:41:20","slug":"hristiyan-aleminin-yeni-lideri-papa-14-leo-kayserili-mi","status":"publish","type":"post","link":"https:\/\/denizcankizil.tr\/ru\/haberler\/gundem\/hristiyan-aleminin-yeni-lideri-papa-14-leo-kayserili-mi\/","title":{"rendered":"Hristiyan aleminin yeni lideri Papa 14. Leo Kayserili mi?"},"content":{"rendered":"<p>Vatikan&#8217;daki papal\u0131k se\u00e7iminde (Konklav), 69 ya\u015f\u0131ndaki ABD&#8217;li Kardinal Robert Francis Prevost&#8217;un yeni Papa olarak se\u00e7ildi\u011fi ve &#8216;Papa 14. Leo&#8217; ad\u0131n\u0131 ald\u0131\u011f\u0131 a\u00e7\u0131kland\u0131. Katolik Kilisesi&#8217;nin yeni lideri olarak se\u00e7ilen Papa 14. Leo&#8217;nun ge\u00e7mi\u015finin Kayseri&#8217;nin Develi il\u00e7esinden oldu\u011fu iddias\u0131 il\u00e7e sakinlerini \u015fa\u015f\u0131rtt\u0131. Re\u015fadiye Mahalle Muhtar\u0131 Yusuf \u00c7elik, &#8220;Hay\u0131rl\u0131 olsun&#8221; a\u00e7\u0131klamas\u0131nda bulundu.<\/p>\n<p>&#8220;B\u0130ZDE SOSYAL MEDYADAN \u00d6\u011eREND\u0130K VE \u015eA\u015eIRDIK <\/p>\n<p>Katolik Kilisesi&#8217;nin yeni lideri olarak se\u00e7ilen Papa 14. Leo&#8217;nun b\u00fcy\u00fck dedesi Setrak Parsehyan&#8217;\u0131n 1915&#8217;li y\u0131llarda Kayseri&#8217;nin Develi il\u00e7esinden Arjantin&#8217;e g\u00f6\u00e7 etti\u011fi iddia edildi. 14. Leo&#8217;nun aile ge\u00e7mi\u015fiyle Kayserili oldu\u011fu iddia edilirken, bu haber Develileri \u015fa\u015f\u0131rtt\u0131. Develi il\u00e7esinde eski Ermeni evlerinin bulundu\u011fu Re\u015fadiye Mahallesi Muhtar\u0131 Yusuf \u00c7elik, &#8220;Bizde Papa&#8217;n\u0131n Develili oldu\u011funu sosyal medyadan \u00f6\u011frendik ve \u015fa\u015f\u0131rd\u0131k. Katolik Kilisesinin ruhani lideri 14. Leo&#8217;nun dedelerinin bu mahallede ya\u015fad\u0131\u011f\u0131 s\u00f6yleniyor. Bizde &#8220;hay\u0131rl\u0131s\u0131 olsun&#8221; diyoruz&#8221; ifadelerini kulland\u0131.<\/p>\n<p>TAR\u0130HTE NE YA\u015eANDI?<\/p>\n<p>20. y\u00fczy\u0131lda Develi ve \u00e7evresindeki en \u00f6nemli hadise Ermeni hadisesi ve buna ba\u011fl\u0131 olarak Ha\u00e7in olay\u0131d\u0131r. 1878 Osmanl\u0131-Rus sava\u015f\u0131 sonunda Ruslar\u0131n te\u015fvik ve himayeleri ile kurulan Ermeni cemiyet ve komiteleri Osmanl\u0131 Devleti&#8217;ni i\u00e7ten y\u0131kmak \u00fczere g\u00f6revlendirilmi\u015flerdir. Bunlar\u0131n Anadolu&#8217;daki merkezlerinden bir tanesi de Develi&#8217;dir. Bunun sebebi Develi&#8217;nin hem Do\u011fu Anadolu&#8217;ya hem de G\u00fcney Anadolu&#8217;ya yak\u0131n bir merkez olmas\u0131d\u0131r. Ermeni ihtilal komitelerinden H\u0131n\u00e7ak ve Ta\u015fnak cemiyetleri, ileride T\u00fcrklerle yap\u0131lacak \u00e7arp\u0131\u015fmalarda kullanmak \u00fczere b\u00fcy\u00fck ihtiya\u00e7 duyduklar\u0131 bombalar\u0131n \u00fcretimini Develi&#8217;de yapmay\u0131 uygun g\u00f6rm\u00fc\u015flerdir. Birka\u00e7 y\u0131ll\u0131\u011f\u0131na Develi Ermenilerinden Amerika&#8217;ya bomba tahsiline g\u00f6nderilen Kevork Elek\u00e7\u0131yan, 1913 y\u0131l\u0131nda Everek&#8217;e d\u00f6nm\u00fc\u015ft\u00fcr. Everek&#8217;te Kevork&#8217;un evinde bulunan imalathanede bomba \u00fcretimi esnas\u0131nda Kevork&#8217;un yapt\u0131\u011f\u0131 bir bomba elinde patlam\u0131\u015f, bu hadisenin Kayseri&#8217;de duyulmas\u0131ndan sonra Ermeni evlerinde arama yap\u0131lm\u0131\u015f ve bir\u00e7ok bomba ve bomba yap\u0131m\u0131nda kullan\u0131lan te\u00e7hizat ele ge\u00e7irilmi\u015ftir. Fakat Ermeniler b\u00f6yle bir aramay\u0131 \u00f6nceden tahmin ettikleri i\u00e7in bir\u00e7ok bombay\u0131 evlerinin gizli b\u00f6lmelerine saklamay\u0131 ba\u015farm\u0131\u015flard\u0131r. Ermeniler Frans\u0131zlarla ortak hareket ediyorlard\u0131. Frans\u0131z i\u015fgal kuvvetlerinin Develi&#8217;nin 20 km. kadar yak\u0131n\u0131na gelerek Zamant\u0131 suyunu s\u0131n\u0131r olarak ilan etmeleri Atat\u00fcrk&#8217;\u00fcn dikkatini \u00e7ekmi\u015fti. M. Kemal Pa\u015fa, K\u0131l\u0131\u00e7 Ali Bey&#8217;i bu l\u00fczum \u00fczerine Develi&#8217;ye, Anadolu ve Rumeli M\u00fcdafaa-i Hukuk Cemiyet-i Heyeti Temsilcisi olarak g\u00f6ndermi\u015ftir.<\/p>\n<p>Develi&#8217;ye gelen K\u0131l\u0131\u00e7 Ali Bey, Erzurum ve Sivas kongrelerinde al\u0131nan kararlar\u0131 anlatarak, Mustafa Kemal&#8217;in pek yak\u0131nda b\u00f6lgeye b\u00fcy\u00fck bir askeri kuvvet yollayaca\u011f\u0131n\u0131 bildirmi\u015f, halktan bu harekete destek vermesini istemi\u015ftir. Develi Kaymakam\u0131&#8217;n\u0131n yard\u0131mlar\u0131 ile K\u0131l\u0131\u00e7 Ali Bey halk\u0131 Ermenilere kar\u015f\u0131 te\u015fkilatland\u0131rmaya ba\u015flam\u0131\u015ft\u0131r. Bu arada Ermeniler Ha\u00e7in&#8217;de yedi Develiliyi bo\u011fazlar\u0131n\u0131 keserek katletmi\u015flerdir. M\u00fcdafaa-i Hukuk Cemiyeti daha fazla beklemenin olu\u015fturaca\u011f\u0131 tehlike ve sak\u0131ncalar\u0131 tahmin ederek Kilikya Kuva-i Milliye Kumandan\u0131 Do\u011fan Bey&#8217;i harekete ge\u00e7irme karar\u0131n\u0131 alm\u0131\u015ft\u0131r. Gerekli asker ve silah topland\u0131ktan sonra, Ha\u00e7in&#8217;e taarruz emri 6 Nisan 1920 de verildi. Kayseri \u0130ntikam Alay\u0131&#8217;n\u0131n da b\u00f6lgeye gelmesi ile Ha\u00e7\u0131n ele ge\u00e7irildi. Ha\u00e7\u0131n&#8217;de sa\u011f kalan Ermeniler, Develi&#8217;ye g\u00f6nderilmi\u015fler ve bunlar\u0131n korunmas\u0131n\u0131 bizzat Develi M\u00fcdafaa-i Hukuk Cemiyeti \u00fcstlenmi\u015ftir. Bu uygulamayla T\u00fcrk milleti bir kez daha ne kadar aziz bir millet oldu\u011funu ispatlam\u0131\u015ft\u0131r. Develi&#8217;de Ermeniler d\u0131\u015f\u0131nda Rum az\u0131nl\u0131klar da yer almaktayd\u0131, fakat onlar Ermenilere kar\u015f\u0131 T\u00fcrkleri desteklemi\u015flerdir. Rumlar, 1920&#8217;de yap\u0131lan n\u00fcfus m\u00fcbadeleleri ile Trakya T\u00fcrkleriyle de\u011fi\u015ftirilerek Develi&#8217;den ayr\u0131lm\u0131\u015flard\u0131r. Develi&#8217;de bulunan Ermeni az\u0131nl\u0131k ise Halep, Suriye ve \u015eam&#8217;a g\u00f6nderilmi\u015ftir.<\/p>\n<p>\u200bKayseri&#8217;nin Develi il\u00e7esinden muhtar Yusuf \u00c7elik, Katolik Kilisesi&#8217;nin yeni lideri Papa 14. Leo&#8217;nun Kayserili oldu\u011funu iddia etti. Muhtar \u00c7elik, Papa 14. Leo&#8217;nun b\u00fcy\u00fck dedesi Setrak Parsehyan&#8217;\u0131n 1915&#8217;li y\u0131llarda Kayseri&#8217;den Arjantin&#8217;e g\u00f6\u00e7 etti\u011fini s\u00f6yledi. \u0130\u015fte ayr\u0131nt\u0131lar&#8230;\u00a0<\/p>\n<p>\u200bHaberin Al\u0131nt\u0131land\u0131\u011f\u0131 Kaynak: www.antalyakorfez.com<\/p>","protected":false},"excerpt":{"rendered":"<p>Vatikan&#8217;daki papal\u0131k se\u00e7iminde (Konklav), 69 ya\u015f\u0131ndaki ABD&#8217;li Kardinal Robert Francis Prevost&#8217;un yeni Papa olarak se\u00e7ildi\u011fi ve &#8216;Papa 14. Leo&#8217; ad\u0131n\u0131 ald\u0131\u011f\u0131 a\u00e7\u0131kland\u0131. Katolik Kilisesi&#8217;nin yeni lideri olarak se\u00e7ilen Papa 14. Leo&#8217;nun ge\u00e7mi\u015finin Kayseri&#8217;nin Develi il\u00e7esinden oldu\u011fu iddias\u0131 il\u00e7e sakinlerini \u015fa\u015f\u0131rtt\u0131. Re\u015fadiye Mahalle Muhtar\u0131 Yusuf \u00c7elik, &#8220;Hay\u0131rl\u0131 olsun&#8221; a\u00e7\u0131klamas\u0131nda bulundu. &#8220;B\u0130ZDE SOSYAL MEDYADAN \u00d6\u011eREND\u0130K VE \u015eA\u015eIRDIK Katolik Kilisesi&#8217;nin yeni lideri olarak se\u00e7ilen Papa 14. Leo&#8217;nun b\u00fcy\u00fck dedesi Setrak Parsehyan&#8217;\u0131n 1915&#8217;li y\u0131llarda Kayseri&#8217;nin Develi il\u00e7esinden Arjantin&#8217;e g\u00f6\u00e7 etti\u011fi iddia edildi. 14. Leo&#8217;nun aile ge\u00e7mi\u015fiyle Kayserili oldu\u011fu iddia edilirken, bu haber Develileri \u015fa\u015f\u0131rtt\u0131. Develi il\u00e7esinde eski Ermeni evlerinin bulundu\u011fu Re\u015fadiye Mahallesi Muhtar\u0131 Yusuf \u00c7elik, &#8220;Bizde Papa&#8217;n\u0131n Develili oldu\u011funu sosyal medyadan \u00f6\u011frendik ve \u015fa\u015f\u0131rd\u0131k. Katolik Kilisesinin ruhani lideri 14. Leo&#8217;nun dedelerinin bu mahallede ya\u015fad\u0131\u011f\u0131 s\u00f6yleniyor. Bizde &#8220;hay\u0131rl\u0131s\u0131 olsun&#8221; diyoruz&#8221; ifadelerini kulland\u0131. TAR\u0130HTE NE YA\u015eANDI? 20. y\u00fczy\u0131lda Develi ve \u00e7evresindeki en \u00f6nemli hadise Ermeni hadisesi ve buna ba\u011fl\u0131 olarak Ha\u00e7in olay\u0131d\u0131r. 1878 Osmanl\u0131-Rus sava\u015f\u0131 sonunda Ruslar\u0131n te\u015fvik ve himayeleri ile kurulan Ermeni cemiyet ve komiteleri Osmanl\u0131 Devleti&#8217;ni i\u00e7ten y\u0131kmak \u00fczere g\u00f6revlendirilmi\u015flerdir. Bunlar\u0131n Anadolu&#8217;daki merkezlerinden bir tanesi de Develi&#8217;dir. Bunun sebebi Develi&#8217;nin hem Do\u011fu Anadolu&#8217;ya hem de G\u00fcney Anadolu&#8217;ya yak\u0131n bir merkez olmas\u0131d\u0131r. Ermeni ihtilal komitelerinden H\u0131n\u00e7ak ve Ta\u015fnak cemiyetleri, ileride T\u00fcrklerle yap\u0131lacak \u00e7arp\u0131\u015fmalarda kullanmak \u00fczere &hellip;<\/p>","protected":false},"author":5,"featured_media":0,"comment_status":"","ping_status":"open","sticky":false,"template":"","format":"standard","meta":{"_acf_changed":false,"footnotes":""},"categories":[24],"tags":[],"class_list":["post-84305","post","type-post","status-publish","format-standard","has-post-thumbnail","hentry","category-gundem"],"acf":[],"yoast_head":"<!-- This site is optimized with the Yoast SEO Premium plugin v26.6 (Yoast SEO v27.1.1) - https:\/\/yoast.com\/product\/yoast-seo-premium-wordpress\/ -->\n<title>Hristiyan aleminin yeni lideri Papa 14. Leo Kayserili mi? - Av. Deniz Can K\u0131z\u0131l<\/title>\n<meta name=\"robots\" content=\"index, follow, max-snippet:-1, max-image-preview:large, max-video-preview:-1\" \/>\n<link rel=\"canonical\" href=\"https:\/\/denizcankizil.tr\/ru\/haberler\/gundem\/hristiyan-aleminin-yeni-lideri-papa-14-leo-kayserili-mi\/\" \/>\n<meta property=\"og:locale\" content=\"ru_RU\" \/>\n<meta property=\"og:type\" content=\"article\" \/>\n<meta property=\"og:title\" content=\"Hristiyan aleminin yeni lideri Papa 14. Leo Kayserili mi?\" \/>\n<meta property=\"og:description\" content=\"Vatikan&#8217;daki papal\u0131k se\u00e7iminde (Konklav), 69 ya\u015f\u0131ndaki ABD&#8217;li Kardinal Robert Francis Prevost&#8217;un yeni Papa olarak se\u00e7ildi\u011fi ve &#8216;Papa 14. Leo&#8217; ad\u0131n\u0131 ald\u0131\u011f\u0131 a\u00e7\u0131kland\u0131. Katolik Kilisesi&#8217;nin yeni lideri olarak se\u00e7ilen Papa 14. Leo&#8217;nun ge\u00e7mi\u015finin Kayseri&#8217;nin Develi il\u00e7esinden oldu\u011fu iddias\u0131 il\u00e7e sakinlerini \u015fa\u015f\u0131rtt\u0131. Re\u015fadiye Mahalle Muhtar\u0131 Yusuf \u00c7elik, &#8220;Hay\u0131rl\u0131 olsun&#8221; a\u00e7\u0131klamas\u0131nda bulundu. &#8220;B\u0130ZDE SOSYAL MEDYADAN \u00d6\u011eREND\u0130K VE \u015eA\u015eIRDIK Katolik Kilisesi&#8217;nin yeni lideri olarak se\u00e7ilen Papa 14. Leo&#8217;nun b\u00fcy\u00fck dedesi Setrak Parsehyan&#8217;\u0131n 1915&#8217;li y\u0131llarda Kayseri&#8217;nin Develi il\u00e7esinden Arjantin&#8217;e g\u00f6\u00e7 etti\u011fi iddia edildi. 14. Leo&#8217;nun aile ge\u00e7mi\u015fiyle Kayserili oldu\u011fu iddia edilirken, bu haber Develileri \u015fa\u015f\u0131rtt\u0131. Develi il\u00e7esinde eski Ermeni evlerinin bulundu\u011fu Re\u015fadiye Mahallesi Muhtar\u0131 Yusuf \u00c7elik, &#8220;Bizde Papa&#8217;n\u0131n Develili oldu\u011funu sosyal medyadan \u00f6\u011frendik ve \u015fa\u015f\u0131rd\u0131k. Katolik Kilisesinin ruhani lideri 14. Leo&#8217;nun dedelerinin bu mahallede ya\u015fad\u0131\u011f\u0131 s\u00f6yleniyor. Bizde &#8220;hay\u0131rl\u0131s\u0131 olsun&#8221; diyoruz&#8221; ifadelerini kulland\u0131. TAR\u0130HTE NE YA\u015eANDI? 20. y\u00fczy\u0131lda Develi ve \u00e7evresindeki en \u00f6nemli hadise Ermeni hadisesi ve buna ba\u011fl\u0131 olarak Ha\u00e7in olay\u0131d\u0131r. 1878 Osmanl\u0131-Rus sava\u015f\u0131 sonunda Ruslar\u0131n te\u015fvik ve himayeleri ile kurulan Ermeni cemiyet ve komiteleri Osmanl\u0131 Devleti&#8217;ni i\u00e7ten y\u0131kmak \u00fczere g\u00f6revlendirilmi\u015flerdir. Bunlar\u0131n Anadolu&#8217;daki merkezlerinden bir tanesi de Develi&#8217;dir. Bunun sebebi Develi&#8217;nin hem Do\u011fu Anadolu&#8217;ya hem de G\u00fcney Anadolu&#8217;ya yak\u0131n bir merkez olmas\u0131d\u0131r. Ermeni ihtilal komitelerinden H\u0131n\u00e7ak ve Ta\u015fnak cemiyetleri, ileride T\u00fcrklerle yap\u0131lacak \u00e7arp\u0131\u015fmalarda kullanmak \u00fczere &hellip;\" \/>\n<meta property=\"og:url\" content=\"https:\/\/denizcankizil.tr\/ru\/haberler\/gundem\/hristiyan-aleminin-yeni-lideri-papa-14-leo-kayserili-mi\/\" \/>\n<meta property=\"og:site_name\" content=\"Av. Deniz Can K\u0131z\u0131l\" \/>\n<meta property=\"article:published_time\" content=\"2025-05-12T14:41:20+00:00\" \/>\n<meta name=\"author\" content=\"Antalya K\u00f6rfez\" \/>\n<meta name=\"twitter:card\" content=\"summary_large_image\" \/>\n<meta name=\"twitter:label1\" content=\"\u041d\u0430\u043f\u0438\u0441\u0430\u043d\u043e \u0430\u0432\u0442\u043e\u0440\u043e\u043c\" \/>\n\t<meta name=\"twitter:data1\" content=\"Antalya K\u00f6rfez\" \/>\n\t<meta name=\"twitter:label2\" content=\"\u041f\u0440\u0438\u043c\u0435\u0440\u043d\u043e\u0435 \u0432\u0440\u0435\u043c\u044f \u0434\u043b\u044f \u0447\u0442\u0435\u043d\u0438\u044f\" \/>\n\t<meta name=\"twitter:data2\" content=\"3 \u043c\u0438\u043d\u0443\u0442\u044b\" \/>\n<script type=\"application\/ld+json\" class=\"yoast-schema-graph\">{\"@context\":\"https:\/\/schema.org\",\"@graph\":[{\"@type\":\"Article\",\"@id\":\"https:\/\/denizcankizil.tr\/ru\/haberler\/gundem\/hristiyan-aleminin-yeni-lideri-papa-14-leo-kayserili-mi\/#article\",\"isPartOf\":{\"@id\":\"https:\/\/denizcankizil.tr\/ru\/haberler\/gundem\/hristiyan-aleminin-yeni-lideri-papa-14-leo-kayserili-mi\/\"},\"author\":{\"name\":\"Antalya K\u00f6rfez\",\"@id\":\"https:\/\/denizcankizil.tr\/de\/#\/schema\/person\/e1eb71bb4dd684d46563f0af307e1234\"},\"headline\":\"Hristiyan aleminin yeni lideri Papa 14. Leo Kayserili mi?\",\"datePublished\":\"2025-05-12T14:41:20+00:00\",\"mainEntityOfPage\":{\"@id\":\"https:\/\/denizcankizil.tr\/ru\/haberler\/gundem\/hristiyan-aleminin-yeni-lideri-papa-14-leo-kayserili-mi\/\"},\"wordCount\":750,\"publisher\":{\"@id\":\"https:\/\/denizcankizil.tr\/de\/#organization\"},\"articleSection\":[\"G\u00fcndem\"],\"inLanguage\":\"ru-RU\"},{\"@type\":\"WebPage\",\"@id\":\"https:\/\/denizcankizil.tr\/ru\/haberler\/gundem\/hristiyan-aleminin-yeni-lideri-papa-14-leo-kayserili-mi\/\",\"url\":\"https:\/\/denizcankizil.tr\/ru\/haberler\/gundem\/hristiyan-aleminin-yeni-lideri-papa-14-leo-kayserili-mi\/\",\"name\":\"Hristiyan aleminin yeni lideri Papa 14. Leo Kayserili mi? - Av. Deniz Can K\u0131z\u0131l\",\"isPartOf\":{\"@id\":\"https:\/\/denizcankizil.tr\/de\/#website\"},\"datePublished\":\"2025-05-12T14:41:20+00:00\",\"breadcrumb\":{\"@id\":\"https:\/\/denizcankizil.tr\/ru\/haberler\/gundem\/hristiyan-aleminin-yeni-lideri-papa-14-leo-kayserili-mi\/#breadcrumb\"},\"inLanguage\":\"ru-RU\",\"potentialAction\":[{\"@type\":\"ReadAction\",\"target\":[\"https:\/\/denizcankizil.tr\/ru\/haberler\/gundem\/hristiyan-aleminin-yeni-lideri-papa-14-leo-kayserili-mi\/\"]}]},{\"@type\":\"BreadcrumbList\",\"@id\":\"https:\/\/denizcankizil.tr\/ru\/haberler\/gundem\/hristiyan-aleminin-yeni-lideri-papa-14-leo-kayserili-mi\/#breadcrumb\",\"itemListElement\":[{\"@type\":\"ListItem\",\"position\":1,\"name\":\"Home\",\"item\":\"https:\/\/denizcankizil.tr\/de\/\"},{\"@type\":\"ListItem\",\"position\":2,\"name\":\"Hristiyan aleminin yeni lideri Papa 14. Leo Kayserili mi?\"}]},{\"@type\":\"WebSite\",\"@id\":\"https:\/\/denizcankizil.tr\/de\/#website\",\"url\":\"https:\/\/denizcankizil.tr\/de\/\",\"name\":\"Av. Deniz Can K\u0131z\u0131l\",\"description\":\"Avukat Deniz Can K\u0131z\u0131l Antalya Barosu\",\"publisher\":{\"@id\":\"https:\/\/denizcankizil.tr\/de\/#organization\"},\"potentialAction\":[{\"@type\":\"SearchAction\",\"target\":{\"@type\":\"EntryPoint\",\"urlTemplate\":\"https:\/\/denizcankizil.tr\/de\/?s={search_term_string}\"},\"query-input\":{\"@type\":\"PropertyValueSpecification\",\"valueRequired\":true,\"valueName\":\"search_term_string\"}}],\"inLanguage\":\"ru-RU\"},{\"@type\":\"Organization\",\"@id\":\"https:\/\/denizcankizil.tr\/de\/#organization\",\"name\":\"Av. Deniz Can K\u0131z\u0131l\",\"url\":\"https:\/\/denizcankizil.tr\/de\/\",\"logo\":{\"@type\":\"ImageObject\",\"inLanguage\":\"ru-RU\",\"@id\":\"https:\/\/denizcankizil.tr\/de\/#\/schema\/logo\/image\/\",\"url\":\"https:\/\/denizcankizil.tr\/wp-content\/uploads\/2024\/10\/siyah-logo-svg.svg\",\"contentUrl\":\"https:\/\/denizcankizil.tr\/wp-content\/uploads\/2024\/10\/siyah-logo-svg.svg\",\"width\":1080,\"height\":1080,\"caption\":\"Av. Deniz Can K\u0131z\u0131l\"},\"image\":{\"@id\":\"https:\/\/denizcankizil.tr\/de\/#\/schema\/logo\/image\/\"}},{\"@type\":\"Person\",\"@id\":\"https:\/\/denizcankizil.tr\/de\/#\/schema\/person\/e1eb71bb4dd684d46563f0af307e1234\",\"name\":\"Antalya K\u00f6rfez\",\"image\":{\"@type\":\"ImageObject\",\"inLanguage\":\"ru-RU\",\"@id\":\"https:\/\/denizcankizil.tr\/de\/#\/schema\/person\/image\/\",\"url\":\"https:\/\/secure.gravatar.com\/avatar\/42b01982558a48a0b501fdcab6a408d3717ea5919095ee2e67b0e521799c5905?s=96&d=mm&r=g\",\"contentUrl\":\"https:\/\/secure.gravatar.com\/avatar\/42b01982558a48a0b501fdcab6a408d3717ea5919095ee2e67b0e521799c5905?s=96&d=mm&r=g\",\"caption\":\"Antalya K\u00f6rfez\"},\"sameAs\":[\"http:\/\/www.antalyakorfez.com\"],\"url\":\"https:\/\/www.antalyakorfez.com\/hristiyan-aleminin-yeni-lideri-papa-14-leo-kayserili-mi\"}]}<\/script>\n<!-- \/ Yoast SEO Premium plugin. -->","yoast_head_json":{"title":"Hristiyan aleminin yeni lideri Papa 14. Leo Kayserili mi? - Av. Deniz Can K\u0131z\u0131l","robots":{"index":"index","follow":"follow","max-snippet":"max-snippet:-1","max-image-preview":"max-image-preview:large","max-video-preview":"max-video-preview:-1"},"canonical":"https:\/\/denizcankizil.tr\/ru\/haberler\/gundem\/hristiyan-aleminin-yeni-lideri-papa-14-leo-kayserili-mi\/","og_locale":"ru_RU","og_type":"article","og_title":"Hristiyan aleminin yeni lideri Papa 14. Leo Kayserili mi?","og_description":"Vatikan&#8217;daki papal\u0131k se\u00e7iminde (Konklav), 69 ya\u015f\u0131ndaki ABD&#8217;li Kardinal Robert Francis Prevost&#8217;un yeni Papa olarak se\u00e7ildi\u011fi ve &#8216;Papa 14. Leo&#8217; ad\u0131n\u0131 ald\u0131\u011f\u0131 a\u00e7\u0131kland\u0131. Katolik Kilisesi&#8217;nin yeni lideri olarak se\u00e7ilen Papa 14. Leo&#8217;nun ge\u00e7mi\u015finin Kayseri&#8217;nin Develi il\u00e7esinden oldu\u011fu iddias\u0131 il\u00e7e sakinlerini \u015fa\u015f\u0131rtt\u0131. Re\u015fadiye Mahalle Muhtar\u0131 Yusuf \u00c7elik, &#8220;Hay\u0131rl\u0131 olsun&#8221; a\u00e7\u0131klamas\u0131nda bulundu. &#8220;B\u0130ZDE SOSYAL MEDYADAN \u00d6\u011eREND\u0130K VE \u015eA\u015eIRDIK Katolik Kilisesi&#8217;nin yeni lideri olarak se\u00e7ilen Papa 14. Leo&#8217;nun b\u00fcy\u00fck dedesi Setrak Parsehyan&#8217;\u0131n 1915&#8217;li y\u0131llarda Kayseri&#8217;nin Develi il\u00e7esinden Arjantin&#8217;e g\u00f6\u00e7 etti\u011fi iddia edildi. 14. Leo&#8217;nun aile ge\u00e7mi\u015fiyle Kayserili oldu\u011fu iddia edilirken, bu haber Develileri \u015fa\u015f\u0131rtt\u0131. Develi il\u00e7esinde eski Ermeni evlerinin bulundu\u011fu Re\u015fadiye Mahallesi Muhtar\u0131 Yusuf \u00c7elik, &#8220;Bizde Papa&#8217;n\u0131n Develili oldu\u011funu sosyal medyadan \u00f6\u011frendik ve \u015fa\u015f\u0131rd\u0131k. Katolik Kilisesinin ruhani lideri 14. Leo&#8217;nun dedelerinin bu mahallede ya\u015fad\u0131\u011f\u0131 s\u00f6yleniyor. Bizde &#8220;hay\u0131rl\u0131s\u0131 olsun&#8221; diyoruz&#8221; ifadelerini kulland\u0131. TAR\u0130HTE NE YA\u015eANDI? 20. y\u00fczy\u0131lda Develi ve \u00e7evresindeki en \u00f6nemli hadise Ermeni hadisesi ve buna ba\u011fl\u0131 olarak Ha\u00e7in olay\u0131d\u0131r. 1878 Osmanl\u0131-Rus sava\u015f\u0131 sonunda Ruslar\u0131n te\u015fvik ve himayeleri ile kurulan Ermeni cemiyet ve komiteleri Osmanl\u0131 Devleti&#8217;ni i\u00e7ten y\u0131kmak \u00fczere g\u00f6revlendirilmi\u015flerdir. Bunlar\u0131n Anadolu&#8217;daki merkezlerinden bir tanesi de Develi&#8217;dir. Bunun sebebi Develi&#8217;nin hem Do\u011fu Anadolu&#8217;ya hem de G\u00fcney Anadolu&#8217;ya yak\u0131n bir merkez olmas\u0131d\u0131r. Ermeni ihtilal komitelerinden H\u0131n\u00e7ak ve Ta\u015fnak cemiyetleri, ileride T\u00fcrklerle yap\u0131lacak \u00e7arp\u0131\u015fmalarda kullanmak \u00fczere &hellip;","og_url":"https:\/\/denizcankizil.tr\/ru\/haberler\/gundem\/hristiyan-aleminin-yeni-lideri-papa-14-leo-kayserili-mi\/","og_site_name":"Av. Deniz Can K\u0131z\u0131l","article_published_time":"2025-05-12T14:41:20+00:00","author":"Antalya K\u00f6rfez","twitter_card":"summary_large_image","twitter_misc":{"\u041d\u0430\u043f\u0438\u0441\u0430\u043d\u043e \u0430\u0432\u0442\u043e\u0440\u043e\u043c":"Antalya K\u00f6rfez","\u041f\u0440\u0438\u043c\u0435\u0440\u043d\u043e\u0435 \u0432\u0440\u0435\u043c\u044f \u0434\u043b\u044f \u0447\u0442\u0435\u043d\u0438\u044f":"3 \u043c\u0438\u043d\u0443\u0442\u044b"},"schema":{"@context":"https:\/\/schema.org","@graph":[{"@type":"Article","@id":"https:\/\/denizcankizil.tr\/ru\/haberler\/gundem\/hristiyan-aleminin-yeni-lideri-papa-14-leo-kayserili-mi\/#article","isPartOf":{"@id":"https:\/\/denizcankizil.tr\/ru\/haberler\/gundem\/hristiyan-aleminin-yeni-lideri-papa-14-leo-kayserili-mi\/"},"author":{"name":"Antalya K\u00f6rfez","@id":"https:\/\/denizcankizil.tr\/de\/#\/schema\/person\/e1eb71bb4dd684d46563f0af307e1234"},"headline":"Hristiyan aleminin yeni lideri Papa 14. Leo Kayserili mi?","datePublished":"2025-05-12T14:41:20+00:00","mainEntityOfPage":{"@id":"https:\/\/denizcankizil.tr\/ru\/haberler\/gundem\/hristiyan-aleminin-yeni-lideri-papa-14-leo-kayserili-mi\/"},"wordCount":750,"publisher":{"@id":"https:\/\/denizcankizil.tr\/de\/#organization"},"articleSection":["G\u00fcndem"],"inLanguage":"ru-RU"},{"@type":"WebPage","@id":"https:\/\/denizcankizil.tr\/ru\/haberler\/gundem\/hristiyan-aleminin-yeni-lideri-papa-14-leo-kayserili-mi\/","url":"https:\/\/denizcankizil.tr\/ru\/haberler\/gundem\/hristiyan-aleminin-yeni-lideri-papa-14-leo-kayserili-mi\/","name":"Hristiyan aleminin yeni lideri Papa 14. Leo Kayserili mi? - Av. Deniz Can K\u0131z\u0131l","isPartOf":{"@id":"https:\/\/denizcankizil.tr\/de\/#website"},"datePublished":"2025-05-12T14:41:20+00:00","breadcrumb":{"@id":"https:\/\/denizcankizil.tr\/ru\/haberler\/gundem\/hristiyan-aleminin-yeni-lideri-papa-14-leo-kayserili-mi\/#breadcrumb"},"inLanguage":"ru-RU","potentialAction":[{"@type":"ReadAction","target":["https:\/\/denizcankizil.tr\/ru\/haberler\/gundem\/hristiyan-aleminin-yeni-lideri-papa-14-leo-kayserili-mi\/"]}]},{"@type":"BreadcrumbList","@id":"https:\/\/denizcankizil.tr\/ru\/haberler\/gundem\/hristiyan-aleminin-yeni-lideri-papa-14-leo-kayserili-mi\/#breadcrumb","itemListElement":[{"@type":"ListItem","position":1,"name":"Home","item":"https:\/\/denizcankizil.tr\/de\/"},{"@type":"ListItem","position":2,"name":"Hristiyan aleminin yeni lideri Papa 14. Leo Kayserili mi?"}]},{"@type":"WebSite","@id":"https:\/\/denizcankizil.tr\/de\/#website","url":"https:\/\/denizcankizil.tr\/de\/","name":"Av. Deniz Can K\u0131z\u0131l","description":"Avukat Deniz Can K\u0131z\u0131l Antalya Barosu","publisher":{"@id":"https:\/\/denizcankizil.tr\/de\/#organization"},"potentialAction":[{"@type":"SearchAction","target":{"@type":"EntryPoint","urlTemplate":"https:\/\/denizcankizil.tr\/de\/?s={search_term_string}"},"query-input":{"@type":"PropertyValueSpecification","valueRequired":true,"valueName":"search_term_string"}}],"inLanguage":"ru-RU"},{"@type":"Organization","@id":"https:\/\/denizcankizil.tr\/de\/#organization","name":"Av. Deniz Can K\u0131z\u0131l","url":"https:\/\/denizcankizil.tr\/de\/","logo":{"@type":"ImageObject","inLanguage":"ru-RU","@id":"https:\/\/denizcankizil.tr\/de\/#\/schema\/logo\/image\/","url":"https:\/\/denizcankizil.tr\/wp-content\/uploads\/2024\/10\/siyah-logo-svg.svg","contentUrl":"https:\/\/denizcankizil.tr\/wp-content\/uploads\/2024\/10\/siyah-logo-svg.svg","width":1080,"height":1080,"caption":"Av. Deniz Can K\u0131z\u0131l"},"image":{"@id":"https:\/\/denizcankizil.tr\/de\/#\/schema\/logo\/image\/"}},{"@type":"Person","@id":"https:\/\/denizcankizil.tr\/de\/#\/schema\/person\/e1eb71bb4dd684d46563f0af307e1234","name":"Antalya K\u00f6rfez","image":{"@type":"ImageObject","inLanguage":"ru-RU","@id":"https:\/\/denizcankizil.tr\/de\/#\/schema\/person\/image\/","url":"https:\/\/secure.gravatar.com\/avatar\/42b01982558a48a0b501fdcab6a408d3717ea5919095ee2e67b0e521799c5905?s=96&d=mm&r=g","contentUrl":"https:\/\/secure.gravatar.com\/avatar\/42b01982558a48a0b501fdcab6a408d3717ea5919095ee2e67b0e521799c5905?s=96&d=mm&r=g","caption":"Antalya K\u00f6rfez"},"sameAs":["http:\/\/www.antalyakorfez.com"],"url":"https:\/\/www.antalyakorfez.com\/hristiyan-aleminin-yeni-lideri-papa-14-leo-kayserili-mi"}]}},"_links":{"self":[{"href":"https:\/\/denizcankizil.tr\/ru\/wp-json\/wp\/v2\/posts\/84305","targetHints":{"allow":["GET"]}}],"collection":[{"href":"https:\/\/denizcankizil.tr\/ru\/wp-json\/wp\/v2\/posts"}],"about":[{"href":"https:\/\/denizcankizil.tr\/ru\/wp-json\/wp\/v2\/types\/post"}],"author":[{"embeddable":true,"href":"https:\/\/denizcankizil.tr\/ru\/wp-json\/wp\/v2\/users\/5"}],"replies":[{"embeddable":true,"href":"https:\/\/denizcankizil.tr\/ru\/wp-json\/wp\/v2\/comments?post=84305"}],"version-history":[{"count":0,"href":"https:\/\/denizcankizil.tr\/ru\/wp-json\/wp\/v2\/posts\/84305\/revisions"}],"wp:attachment":[{"href":"https:\/\/denizcankizil.tr\/ru\/wp-json\/wp\/v2\/media?parent=84305"}],"wp:term":[{"taxonomy":"category","embeddable":true,"href":"https:\/\/denizcankizil.tr\/ru\/wp-json\/wp\/v2\/categories?post=84305"},{"taxonomy":"post_tag","embeddable":true,"href":"https:\/\/denizcankizil.tr\/ru\/wp-json\/wp\/v2\/tags?post=84305"}],"curies":[{"name":"wp","href":"https:\/\/api.w.org\/{rel}","templated":true}]}}