{"id":83443,"date":"2025-05-11T18:42:26","date_gmt":"2025-05-11T15:42:26","guid":{"rendered":"https:\/\/denizcankizil.tr\/uncategorized-tr\/buyukakindan-annesine-cicekli-kutlama\/"},"modified":"2025-05-11T18:42:26","modified_gmt":"2025-05-11T15:42:26","slug":"buyukakindan-annesine-cicekli-kutlama","status":"publish","type":"post","link":"https:\/\/denizcankizil.tr\/ru\/haberler\/gundem\/buyukakindan-annesine-cicekli-kutlama\/","title":{"rendered":"B\u00fcy\u00fckak\u0131n&#8217;dan annesine \u00e7i\u00e7ekli kutlama"},"content":{"rendered":"<p>Kocaeli B\u00fcy\u00fck\u015fehir Belediye Ba\u015fkan\u0131 Do\u00e7.Dr.Tahir B\u00fcy\u00fckak\u0131n, Anneler G\u00fcn\u00fc \u00f6zel program\u0131nda annesi Semra B\u00fcy\u00fckak\u0131n\u2019a \u00e7i\u00e7ek takdim ederek, duygusal anlar ya\u015fatt\u0131.<\/p>\n<p>\u200bKocaeli B\u00fcy\u00fck\u015fehir Belediye Ba\u015fkan\u0131 Do\u00e7.Dr.Tahir B\u00fcy\u00fckak\u0131n, Anneler G\u00fcn\u00fc \u00f6zel program\u0131nda annesi Semra B\u00fcy\u00fckak\u0131n\u2019a \u00e7i\u00e7ek takdim ederek, duygusal anlar ya\u015fatt\u0131.\u00a0<\/p>\n<p>\u200bHaberin Al\u0131nt\u0131land\u0131\u011f\u0131 Kaynak: www.iskenderun.org<\/p>","protected":false},"excerpt":{"rendered":"<p>Kocaeli B\u00fcy\u00fck\u015fehir Belediye Ba\u015fkan\u0131 Do\u00e7.Dr.Tahir B\u00fcy\u00fckak\u0131n, Anneler G\u00fcn\u00fc \u00f6zel program\u0131nda annesi Semra B\u00fcy\u00fckak\u0131n\u2019a \u00e7i\u00e7ek takdim ederek, duygusal anlar ya\u015fatt\u0131. \u200bKocaeli B\u00fcy\u00fck\u015fehir Belediye Ba\u015fkan\u0131 Do\u00e7.Dr.Tahir B\u00fcy\u00fckak\u0131n, Anneler G\u00fcn\u00fc \u00f6zel program\u0131nda annesi Semra B\u00fcy\u00fckak\u0131n\u2019a \u00e7i\u00e7ek takdim ederek, duygusal anlar ya\u015fatt\u0131.\u00a0 \u200bHaberin Al\u0131nt\u0131land\u0131\u011f\u0131 Kaynak: www.iskenderun.org<\/p>","protected":false},"author":1,"featured_media":0,"comment_status":"","ping_status":"open","sticky":false,"template":"","format":"standard","meta":{"_acf_changed":false,"footnotes":""},"categories":[24],"tags":[],"class_list":["post-83443","post","type-post","status-publish","format-standard","has-post-thumbnail","hentry","category-gundem"],"acf":[],"yoast_head":"<!-- This site is optimized with the Yoast SEO Premium plugin v26.6 (Yoast SEO v27.1.1) - https:\/\/yoast.com\/product\/yoast-seo-premium-wordpress\/ -->\n<title>B\u00fcy\u00fckak\u0131n&#039;dan annesine \u00e7i\u00e7ekli kutlama - Av. Deniz Can K\u0131z\u0131l<\/title>\n<meta name=\"robots\" content=\"index, follow, max-snippet:-1, max-image-preview:large, max-video-preview:-1\" \/>\n<link rel=\"canonical\" href=\"https:\/\/denizcankizil.tr\/ru\/haberler\/gundem\/buyukakindan-annesine-cicekli-kutlama\/\" \/>\n<meta property=\"og:locale\" content=\"ru_RU\" \/>\n<meta property=\"og:type\" content=\"article\" \/>\n<meta property=\"og:title\" content=\"B\u00fcy\u00fckak\u0131n&#039;dan annesine \u00e7i\u00e7ekli kutlama\" \/>\n<meta property=\"og:description\" content=\"Kocaeli B\u00fcy\u00fck\u015fehir Belediye Ba\u015fkan\u0131 Do\u00e7.Dr.Tahir B\u00fcy\u00fckak\u0131n, Anneler G\u00fcn\u00fc \u00f6zel program\u0131nda annesi Semra B\u00fcy\u00fckak\u0131n\u2019a \u00e7i\u00e7ek takdim ederek, duygusal anlar ya\u015fatt\u0131. \u200bKocaeli B\u00fcy\u00fck\u015fehir Belediye Ba\u015fkan\u0131 Do\u00e7.Dr.Tahir B\u00fcy\u00fckak\u0131n, Anneler G\u00fcn\u00fc \u00f6zel program\u0131nda annesi Semra B\u00fcy\u00fckak\u0131n\u2019a \u00e7i\u00e7ek takdim ederek, duygusal anlar ya\u015fatt\u0131.\u00a0 \u200bHaberin Al\u0131nt\u0131land\u0131\u011f\u0131 Kaynak: www.iskenderun.org\" \/>\n<meta property=\"og:url\" content=\"https:\/\/denizcankizil.tr\/ru\/haberler\/gundem\/buyukakindan-annesine-cicekli-kutlama\/\" \/>\n<meta property=\"og:site_name\" content=\"Av. Deniz Can K\u0131z\u0131l\" \/>\n<meta property=\"article:published_time\" content=\"2025-05-11T15:42:26+00:00\" \/>\n<meta name=\"author\" content=\"admin\" \/>\n<meta name=\"twitter:card\" content=\"summary_large_image\" \/>\n<meta name=\"twitter:label1\" content=\"\u041d\u0430\u043f\u0438\u0441\u0430\u043d\u043e \u0430\u0432\u0442\u043e\u0440\u043e\u043c\" \/>\n\t<meta name=\"twitter:data1\" content=\"admin\" \/>\n<script type=\"application\/ld+json\" class=\"yoast-schema-graph\">{\"@context\":\"https:\/\/schema.org\",\"@graph\":[{\"@type\":\"Article\",\"@id\":\"https:\/\/denizcankizil.tr\/ru\/haberler\/gundem\/buyukakindan-annesine-cicekli-kutlama\/#article\",\"isPartOf\":{\"@id\":\"https:\/\/denizcankizil.tr\/ru\/haberler\/gundem\/buyukakindan-annesine-cicekli-kutlama\/\"},\"author\":{\"name\":\"admin\",\"@id\":\"https:\/\/denizcankizil.tr\/#\/schema\/person\/be3c05fe6a12686905512445d8185489\"},\"headline\":\"B\u00fcy\u00fckak\u0131n&#8217;dan annesine \u00e7i\u00e7ekli kutlama\",\"datePublished\":\"2025-05-11T15:42:26+00:00\",\"mainEntityOfPage\":{\"@id\":\"https:\/\/denizcankizil.tr\/ru\/haberler\/gundem\/buyukakindan-annesine-cicekli-kutlama\/\"},\"wordCount\":89,\"publisher\":{\"@id\":\"https:\/\/denizcankizil.tr\/#organization\"},\"articleSection\":[\"G\u00fcndem\"],\"inLanguage\":\"ru-RU\"},{\"@type\":\"WebPage\",\"@id\":\"https:\/\/denizcankizil.tr\/ru\/haberler\/gundem\/buyukakindan-annesine-cicekli-kutlama\/\",\"url\":\"https:\/\/denizcankizil.tr\/ru\/haberler\/gundem\/buyukakindan-annesine-cicekli-kutlama\/\",\"name\":\"B\u00fcy\u00fckak\u0131n'dan annesine \u00e7i\u00e7ekli kutlama - Av. Deniz Can K\u0131z\u0131l\",\"isPartOf\":{\"@id\":\"https:\/\/denizcankizil.tr\/#website\"},\"datePublished\":\"2025-05-11T15:42:26+00:00\",\"breadcrumb\":{\"@id\":\"https:\/\/denizcankizil.tr\/ru\/haberler\/gundem\/buyukakindan-annesine-cicekli-kutlama\/#breadcrumb\"},\"inLanguage\":\"ru-RU\",\"potentialAction\":[{\"@type\":\"ReadAction\",\"target\":[\"https:\/\/denizcankizil.tr\/ru\/haberler\/gundem\/buyukakindan-annesine-cicekli-kutlama\/\"]}]},{\"@type\":\"BreadcrumbList\",\"@id\":\"https:\/\/denizcankizil.tr\/ru\/haberler\/gundem\/buyukakindan-annesine-cicekli-kutlama\/#breadcrumb\",\"itemListElement\":[{\"@type\":\"ListItem\",\"position\":1,\"name\":\"Home\",\"item\":\"https:\/\/denizcankizil.tr\/de\/\"},{\"@type\":\"ListItem\",\"position\":2,\"name\":\"B\u00fcy\u00fckak\u0131n&#8217;dan annesine \u00e7i\u00e7ekli kutlama\"}]},{\"@type\":\"WebSite\",\"@id\":\"https:\/\/denizcankizil.tr\/#website\",\"url\":\"https:\/\/denizcankizil.tr\/\",\"name\":\"Av. Deniz Can K\u0131z\u0131l\",\"description\":\"Avukat Deniz Can K\u0131z\u0131l Antalya Barosu\",\"publisher\":{\"@id\":\"https:\/\/denizcankizil.tr\/#organization\"},\"potentialAction\":[{\"@type\":\"SearchAction\",\"target\":{\"@type\":\"EntryPoint\",\"urlTemplate\":\"https:\/\/denizcankizil.tr\/?s={search_term_string}\"},\"query-input\":{\"@type\":\"PropertyValueSpecification\",\"valueRequired\":true,\"valueName\":\"search_term_string\"}}],\"inLanguage\":\"ru-RU\"},{\"@type\":\"Organization\",\"@id\":\"https:\/\/denizcankizil.tr\/#organization\",\"name\":\"Av. Deniz Can K\u0131z\u0131l\",\"url\":\"https:\/\/denizcankizil.tr\/\",\"logo\":{\"@type\":\"ImageObject\",\"inLanguage\":\"ru-RU\",\"@id\":\"https:\/\/denizcankizil.tr\/#\/schema\/logo\/image\/\",\"url\":\"https:\/\/denizcankizil.tr\/wp-content\/uploads\/2024\/10\/siyah-logo-svg.svg\",\"contentUrl\":\"https:\/\/denizcankizil.tr\/wp-content\/uploads\/2024\/10\/siyah-logo-svg.svg\",\"width\":1080,\"height\":1080,\"caption\":\"Av. Deniz Can K\u0131z\u0131l\"},\"image\":{\"@id\":\"https:\/\/denizcankizil.tr\/#\/schema\/logo\/image\/\"}},{\"@type\":\"Person\",\"@id\":\"https:\/\/denizcankizil.tr\/#\/schema\/person\/be3c05fe6a12686905512445d8185489\",\"name\":\"admin\",\"image\":{\"@type\":\"ImageObject\",\"inLanguage\":\"ru-RU\",\"@id\":\"https:\/\/denizcankizil.tr\/#\/schema\/person\/image\/\",\"url\":\"https:\/\/secure.gravatar.com\/avatar\/c1fce94c830dc79107e174f890d7210541c4a63e8e5d816341794a2151c9d58c?s=96&d=mm&r=g\",\"contentUrl\":\"https:\/\/secure.gravatar.com\/avatar\/c1fce94c830dc79107e174f890d7210541c4a63e8e5d816341794a2151c9d58c?s=96&d=mm&r=g\",\"caption\":\"admin\"},\"sameAs\":[\"http:\/\/denizcankizil.tr\"],\"url\":\"https:\/\/www.iskenderun.org\/buyukakindan-annesine-cicekli-kutlama\"}]}<\/script>\n<!-- \/ Yoast SEO Premium plugin. -->","yoast_head_json":{"title":"B\u00fcy\u00fckak\u0131n'dan annesine \u00e7i\u00e7ekli kutlama - Av. Deniz Can K\u0131z\u0131l","robots":{"index":"index","follow":"follow","max-snippet":"max-snippet:-1","max-image-preview":"max-image-preview:large","max-video-preview":"max-video-preview:-1"},"canonical":"https:\/\/denizcankizil.tr\/ru\/haberler\/gundem\/buyukakindan-annesine-cicekli-kutlama\/","og_locale":"ru_RU","og_type":"article","og_title":"B\u00fcy\u00fckak\u0131n'dan annesine \u00e7i\u00e7ekli kutlama","og_description":"Kocaeli B\u00fcy\u00fck\u015fehir Belediye Ba\u015fkan\u0131 Do\u00e7.Dr.Tahir B\u00fcy\u00fckak\u0131n, Anneler G\u00fcn\u00fc \u00f6zel program\u0131nda annesi Semra B\u00fcy\u00fckak\u0131n\u2019a \u00e7i\u00e7ek takdim ederek, duygusal anlar ya\u015fatt\u0131. \u200bKocaeli B\u00fcy\u00fck\u015fehir Belediye Ba\u015fkan\u0131 Do\u00e7.Dr.Tahir B\u00fcy\u00fckak\u0131n, Anneler G\u00fcn\u00fc \u00f6zel program\u0131nda annesi Semra B\u00fcy\u00fckak\u0131n\u2019a \u00e7i\u00e7ek takdim ederek, duygusal anlar ya\u015fatt\u0131.\u00a0 \u200bHaberin Al\u0131nt\u0131land\u0131\u011f\u0131 Kaynak: www.iskenderun.org","og_url":"https:\/\/denizcankizil.tr\/ru\/haberler\/gundem\/buyukakindan-annesine-cicekli-kutlama\/","og_site_name":"Av. Deniz Can K\u0131z\u0131l","article_published_time":"2025-05-11T15:42:26+00:00","author":"admin","twitter_card":"summary_large_image","twitter_misc":{"\u041d\u0430\u043f\u0438\u0441\u0430\u043d\u043e \u0430\u0432\u0442\u043e\u0440\u043e\u043c":"admin"},"schema":{"@context":"https:\/\/schema.org","@graph":[{"@type":"Article","@id":"https:\/\/denizcankizil.tr\/ru\/haberler\/gundem\/buyukakindan-annesine-cicekli-kutlama\/#article","isPartOf":{"@id":"https:\/\/denizcankizil.tr\/ru\/haberler\/gundem\/buyukakindan-annesine-cicekli-kutlama\/"},"author":{"name":"admin","@id":"https:\/\/denizcankizil.tr\/#\/schema\/person\/be3c05fe6a12686905512445d8185489"},"headline":"B\u00fcy\u00fckak\u0131n&#8217;dan annesine \u00e7i\u00e7ekli kutlama","datePublished":"2025-05-11T15:42:26+00:00","mainEntityOfPage":{"@id":"https:\/\/denizcankizil.tr\/ru\/haberler\/gundem\/buyukakindan-annesine-cicekli-kutlama\/"},"wordCount":89,"publisher":{"@id":"https:\/\/denizcankizil.tr\/#organization"},"articleSection":["G\u00fcndem"],"inLanguage":"ru-RU"},{"@type":"WebPage","@id":"https:\/\/denizcankizil.tr\/ru\/haberler\/gundem\/buyukakindan-annesine-cicekli-kutlama\/","url":"https:\/\/denizcankizil.tr\/ru\/haberler\/gundem\/buyukakindan-annesine-cicekli-kutlama\/","name":"B\u00fcy\u00fckak\u0131n'dan annesine \u00e7i\u00e7ekli kutlama - Av. Deniz Can K\u0131z\u0131l","isPartOf":{"@id":"https:\/\/denizcankizil.tr\/#website"},"datePublished":"2025-05-11T15:42:26+00:00","breadcrumb":{"@id":"https:\/\/denizcankizil.tr\/ru\/haberler\/gundem\/buyukakindan-annesine-cicekli-kutlama\/#breadcrumb"},"inLanguage":"ru-RU","potentialAction":[{"@type":"ReadAction","target":["https:\/\/denizcankizil.tr\/ru\/haberler\/gundem\/buyukakindan-annesine-cicekli-kutlama\/"]}]},{"@type":"BreadcrumbList","@id":"https:\/\/denizcankizil.tr\/ru\/haberler\/gundem\/buyukakindan-annesine-cicekli-kutlama\/#breadcrumb","itemListElement":[{"@type":"ListItem","position":1,"name":"Home","item":"https:\/\/denizcankizil.tr\/de\/"},{"@type":"ListItem","position":2,"name":"B\u00fcy\u00fckak\u0131n&#8217;dan annesine \u00e7i\u00e7ekli kutlama"}]},{"@type":"WebSite","@id":"https:\/\/denizcankizil.tr\/#website","url":"https:\/\/denizcankizil.tr\/","name":"Av. Deniz Can K\u0131z\u0131l","description":"Avukat Deniz Can K\u0131z\u0131l Antalya Barosu","publisher":{"@id":"https:\/\/denizcankizil.tr\/#organization"},"potentialAction":[{"@type":"SearchAction","target":{"@type":"EntryPoint","urlTemplate":"https:\/\/denizcankizil.tr\/?s={search_term_string}"},"query-input":{"@type":"PropertyValueSpecification","valueRequired":true,"valueName":"search_term_string"}}],"inLanguage":"ru-RU"},{"@type":"Organization","@id":"https:\/\/denizcankizil.tr\/#organization","name":"Av. Deniz Can K\u0131z\u0131l","url":"https:\/\/denizcankizil.tr\/","logo":{"@type":"ImageObject","inLanguage":"ru-RU","@id":"https:\/\/denizcankizil.tr\/#\/schema\/logo\/image\/","url":"https:\/\/denizcankizil.tr\/wp-content\/uploads\/2024\/10\/siyah-logo-svg.svg","contentUrl":"https:\/\/denizcankizil.tr\/wp-content\/uploads\/2024\/10\/siyah-logo-svg.svg","width":1080,"height":1080,"caption":"Av. Deniz Can K\u0131z\u0131l"},"image":{"@id":"https:\/\/denizcankizil.tr\/#\/schema\/logo\/image\/"}},{"@type":"Person","@id":"https:\/\/denizcankizil.tr\/#\/schema\/person\/be3c05fe6a12686905512445d8185489","name":"\u0430\u0434\u043c\u0438\u043d","image":{"@type":"ImageObject","inLanguage":"ru-RU","@id":"https:\/\/denizcankizil.tr\/#\/schema\/person\/image\/","url":"https:\/\/secure.gravatar.com\/avatar\/c1fce94c830dc79107e174f890d7210541c4a63e8e5d816341794a2151c9d58c?s=96&d=mm&r=g","contentUrl":"https:\/\/secure.gravatar.com\/avatar\/c1fce94c830dc79107e174f890d7210541c4a63e8e5d816341794a2151c9d58c?s=96&d=mm&r=g","caption":"admin"},"sameAs":["http:\/\/denizcankizil.tr"],"url":"https:\/\/www.iskenderun.org\/buyukakindan-annesine-cicekli-kutlama"}]}},"_links":{"self":[{"href":"https:\/\/denizcankizil.tr\/ru\/wp-json\/wp\/v2\/posts\/83443","targetHints":{"allow":["GET"]}}],"collection":[{"href":"https:\/\/denizcankizil.tr\/ru\/wp-json\/wp\/v2\/posts"}],"about":[{"href":"https:\/\/denizcankizil.tr\/ru\/wp-json\/wp\/v2\/types\/post"}],"author":[{"embeddable":true,"href":"https:\/\/denizcankizil.tr\/ru\/wp-json\/wp\/v2\/users\/1"}],"replies":[{"embeddable":true,"href":"https:\/\/denizcankizil.tr\/ru\/wp-json\/wp\/v2\/comments?post=83443"}],"version-history":[{"count":0,"href":"https:\/\/denizcankizil.tr\/ru\/wp-json\/wp\/v2\/posts\/83443\/revisions"}],"wp:attachment":[{"href":"https:\/\/denizcankizil.tr\/ru\/wp-json\/wp\/v2\/media?parent=83443"}],"wp:term":[{"taxonomy":"category","embeddable":true,"href":"https:\/\/denizcankizil.tr\/ru\/wp-json\/wp\/v2\/categories?post=83443"},{"taxonomy":"post_tag","embeddable":true,"href":"https:\/\/denizcankizil.tr\/ru\/wp-json\/wp\/v2\/tags?post=83443"}],"curies":[{"name":"wp","href":"https:\/\/api.w.org\/{rel}","templated":true}]}}