{"id":82148,"date":"2025-05-10T12:42:13","date_gmt":"2025-05-10T09:42:13","guid":{"rendered":"https:\/\/denizcankizil.tr\/uncategorized-tr\/izmirde-en-anlamli-anneler-gunu-kutlamasi\/"},"modified":"2025-05-10T12:42:13","modified_gmt":"2025-05-10T09:42:13","slug":"izmirde-en-anlamli-anneler-gunu-kutlamasi","status":"publish","type":"post","link":"https:\/\/denizcankizil.tr\/ru\/haberler\/gundem\/izmirde-en-anlamli-anneler-gunu-kutlamasi\/","title":{"rendered":"\u0130zmir\u2019de En Anlaml\u0131 Anneler G\u00fcn\u00fc Kutlamas\u0131"},"content":{"rendered":"<p>\u0130zmir Olgunla\u015fma Enstit\u00fcs\u00fc K\u00fclt\u00fcr Sanat Merkezi, Anneler G\u00fcn\u00fc\u2019ne \u00f6zel anlaml\u0131 bir bulu\u015fmaya ev sahipli\u011fi yapt\u0131.<\/p>\n<p>\u200b\u0130zmir Olgunla\u015fma Enstit\u00fcs\u00fc K\u00fclt\u00fcr Sanat Merkezi, Anneler G\u00fcn\u00fc\u2019ne \u00f6zel anlaml\u0131 bir bulu\u015fmaya ev sahipli\u011fi yapt\u0131.\u00a0<\/p>\n<p>\u200bHaberin Al\u0131nt\u0131land\u0131\u011f\u0131 Kaynak: www.iskenderun.org<\/p>","protected":false},"excerpt":{"rendered":"<p>\u0130zmir Olgunla\u015fma Enstit\u00fcs\u00fc K\u00fclt\u00fcr Sanat Merkezi, Anneler G\u00fcn\u00fc\u2019ne \u00f6zel anlaml\u0131 bir bulu\u015fmaya ev sahipli\u011fi yapt\u0131. \u200b\u0130zmir Olgunla\u015fma Enstit\u00fcs\u00fc K\u00fclt\u00fcr Sanat Merkezi, Anneler G\u00fcn\u00fc\u2019ne \u00f6zel anlaml\u0131 bir bulu\u015fmaya ev sahipli\u011fi yapt\u0131.\u00a0 \u200bHaberin Al\u0131nt\u0131land\u0131\u011f\u0131 Kaynak: www.iskenderun.org<\/p>","protected":false},"author":1,"featured_media":0,"comment_status":"","ping_status":"open","sticky":false,"template":"","format":"standard","meta":{"_acf_changed":false,"footnotes":""},"categories":[24],"tags":[],"class_list":["post-82148","post","type-post","status-publish","format-standard","has-post-thumbnail","hentry","category-gundem"],"acf":[],"yoast_head":"<!-- This site is optimized with the Yoast SEO Premium plugin v26.6 (Yoast SEO v27.1.1) - https:\/\/yoast.com\/product\/yoast-seo-premium-wordpress\/ -->\n<title>\u0130zmir\u2019de En Anlaml\u0131 Anneler G\u00fcn\u00fc Kutlamas\u0131 - Av. Deniz Can K\u0131z\u0131l<\/title>\n<meta name=\"robots\" content=\"index, follow, max-snippet:-1, max-image-preview:large, max-video-preview:-1\" \/>\n<link rel=\"canonical\" href=\"https:\/\/denizcankizil.tr\/ru\/haberler\/gundem\/izmirde-en-anlamli-anneler-gunu-kutlamasi\/\" \/>\n<meta property=\"og:locale\" content=\"ru_RU\" \/>\n<meta property=\"og:type\" content=\"article\" \/>\n<meta property=\"og:title\" content=\"\u0130zmir\u2019de En Anlaml\u0131 Anneler G\u00fcn\u00fc Kutlamas\u0131\" \/>\n<meta property=\"og:description\" content=\"\u0130zmir Olgunla\u015fma Enstit\u00fcs\u00fc K\u00fclt\u00fcr Sanat Merkezi, Anneler G\u00fcn\u00fc\u2019ne \u00f6zel anlaml\u0131 bir bulu\u015fmaya ev sahipli\u011fi yapt\u0131. \u200b\u0130zmir Olgunla\u015fma Enstit\u00fcs\u00fc K\u00fclt\u00fcr Sanat Merkezi, Anneler G\u00fcn\u00fc\u2019ne \u00f6zel anlaml\u0131 bir bulu\u015fmaya ev sahipli\u011fi yapt\u0131.\u00a0 \u200bHaberin Al\u0131nt\u0131land\u0131\u011f\u0131 Kaynak: www.iskenderun.org\" \/>\n<meta property=\"og:url\" content=\"https:\/\/denizcankizil.tr\/ru\/haberler\/gundem\/izmirde-en-anlamli-anneler-gunu-kutlamasi\/\" \/>\n<meta property=\"og:site_name\" content=\"Av. Deniz Can K\u0131z\u0131l\" \/>\n<meta property=\"article:published_time\" content=\"2025-05-10T09:42:13+00:00\" \/>\n<meta name=\"author\" content=\"admin\" \/>\n<meta name=\"twitter:card\" content=\"summary_large_image\" \/>\n<meta name=\"twitter:label1\" content=\"\u041d\u0430\u043f\u0438\u0441\u0430\u043d\u043e \u0430\u0432\u0442\u043e\u0440\u043e\u043c\" \/>\n\t<meta name=\"twitter:data1\" content=\"admin\" \/>\n<script type=\"application\/ld+json\" class=\"yoast-schema-graph\">{\"@context\":\"https:\/\/schema.org\",\"@graph\":[{\"@type\":\"Article\",\"@id\":\"https:\/\/denizcankizil.tr\/ru\/haberler\/gundem\/izmirde-en-anlamli-anneler-gunu-kutlamasi\/#article\",\"isPartOf\":{\"@id\":\"https:\/\/denizcankizil.tr\/ru\/haberler\/gundem\/izmirde-en-anlamli-anneler-gunu-kutlamasi\/\"},\"author\":{\"name\":\"admin\",\"@id\":\"https:\/\/denizcankizil.tr\/#\/schema\/person\/be3c05fe6a12686905512445d8185489\"},\"headline\":\"\u0130zmir\u2019de En Anlaml\u0131 Anneler G\u00fcn\u00fc Kutlamas\u0131\",\"datePublished\":\"2025-05-10T09:42:13+00:00\",\"mainEntityOfPage\":{\"@id\":\"https:\/\/denizcankizil.tr\/ru\/haberler\/gundem\/izmirde-en-anlamli-anneler-gunu-kutlamasi\/\"},\"wordCount\":62,\"publisher\":{\"@id\":\"https:\/\/denizcankizil.tr\/#organization\"},\"articleSection\":[\"G\u00fcndem\"],\"inLanguage\":\"ru-RU\"},{\"@type\":\"WebPage\",\"@id\":\"https:\/\/denizcankizil.tr\/ru\/haberler\/gundem\/izmirde-en-anlamli-anneler-gunu-kutlamasi\/\",\"url\":\"https:\/\/denizcankizil.tr\/ru\/haberler\/gundem\/izmirde-en-anlamli-anneler-gunu-kutlamasi\/\",\"name\":\"\u0130zmir\u2019de En Anlaml\u0131 Anneler G\u00fcn\u00fc Kutlamas\u0131 - Av. Deniz Can K\u0131z\u0131l\",\"isPartOf\":{\"@id\":\"https:\/\/denizcankizil.tr\/#website\"},\"datePublished\":\"2025-05-10T09:42:13+00:00\",\"breadcrumb\":{\"@id\":\"https:\/\/denizcankizil.tr\/ru\/haberler\/gundem\/izmirde-en-anlamli-anneler-gunu-kutlamasi\/#breadcrumb\"},\"inLanguage\":\"ru-RU\",\"potentialAction\":[{\"@type\":\"ReadAction\",\"target\":[\"https:\/\/denizcankizil.tr\/ru\/haberler\/gundem\/izmirde-en-anlamli-anneler-gunu-kutlamasi\/\"]}]},{\"@type\":\"BreadcrumbList\",\"@id\":\"https:\/\/denizcankizil.tr\/ru\/haberler\/gundem\/izmirde-en-anlamli-anneler-gunu-kutlamasi\/#breadcrumb\",\"itemListElement\":[{\"@type\":\"ListItem\",\"position\":1,\"name\":\"Home\",\"item\":\"https:\/\/denizcankizil.tr\/uk\/\"},{\"@type\":\"ListItem\",\"position\":2,\"name\":\"\u0130zmir\u2019de En Anlaml\u0131 Anneler G\u00fcn\u00fc Kutlamas\u0131\"}]},{\"@type\":\"WebSite\",\"@id\":\"https:\/\/denizcankizil.tr\/#website\",\"url\":\"https:\/\/denizcankizil.tr\/\",\"name\":\"Av. Deniz Can K\u0131z\u0131l\",\"description\":\"Avukat Deniz Can K\u0131z\u0131l Antalya Barosu\",\"publisher\":{\"@id\":\"https:\/\/denizcankizil.tr\/#organization\"},\"potentialAction\":[{\"@type\":\"SearchAction\",\"target\":{\"@type\":\"EntryPoint\",\"urlTemplate\":\"https:\/\/denizcankizil.tr\/?s={search_term_string}\"},\"query-input\":{\"@type\":\"PropertyValueSpecification\",\"valueRequired\":true,\"valueName\":\"search_term_string\"}}],\"inLanguage\":\"ru-RU\"},{\"@type\":\"Organization\",\"@id\":\"https:\/\/denizcankizil.tr\/#organization\",\"name\":\"Av. Deniz Can K\u0131z\u0131l\",\"url\":\"https:\/\/denizcankizil.tr\/\",\"logo\":{\"@type\":\"ImageObject\",\"inLanguage\":\"ru-RU\",\"@id\":\"https:\/\/denizcankizil.tr\/#\/schema\/logo\/image\/\",\"url\":\"https:\/\/denizcankizil.tr\/wp-content\/uploads\/2024\/10\/siyah-logo-svg.svg\",\"contentUrl\":\"https:\/\/denizcankizil.tr\/wp-content\/uploads\/2024\/10\/siyah-logo-svg.svg\",\"width\":1080,\"height\":1080,\"caption\":\"Av. Deniz Can K\u0131z\u0131l\"},\"image\":{\"@id\":\"https:\/\/denizcankizil.tr\/#\/schema\/logo\/image\/\"}},{\"@type\":\"Person\",\"@id\":\"https:\/\/denizcankizil.tr\/#\/schema\/person\/be3c05fe6a12686905512445d8185489\",\"name\":\"admin\",\"image\":{\"@type\":\"ImageObject\",\"inLanguage\":\"ru-RU\",\"@id\":\"https:\/\/denizcankizil.tr\/#\/schema\/person\/image\/\",\"url\":\"https:\/\/secure.gravatar.com\/avatar\/c1fce94c830dc79107e174f890d7210541c4a63e8e5d816341794a2151c9d58c?s=96&d=mm&r=g\",\"contentUrl\":\"https:\/\/secure.gravatar.com\/avatar\/c1fce94c830dc79107e174f890d7210541c4a63e8e5d816341794a2151c9d58c?s=96&d=mm&r=g\",\"caption\":\"admin\"},\"sameAs\":[\"http:\/\/denizcankizil.tr\"],\"url\":\"https:\/\/www.iskenderun.org\/izmirde-en-anlamli-anneler-gunu-kutlamasi\"}]}<\/script>\n<!-- \/ Yoast SEO Premium plugin. -->","yoast_head_json":{"title":"\u0130zmir\u2019de En Anlaml\u0131 Anneler G\u00fcn\u00fc Kutlamas\u0131 - Av. Deniz Can K\u0131z\u0131l","robots":{"index":"index","follow":"follow","max-snippet":"max-snippet:-1","max-image-preview":"max-image-preview:large","max-video-preview":"max-video-preview:-1"},"canonical":"https:\/\/denizcankizil.tr\/ru\/haberler\/gundem\/izmirde-en-anlamli-anneler-gunu-kutlamasi\/","og_locale":"ru_RU","og_type":"article","og_title":"\u0130zmir\u2019de En Anlaml\u0131 Anneler G\u00fcn\u00fc Kutlamas\u0131","og_description":"\u0130zmir Olgunla\u015fma Enstit\u00fcs\u00fc K\u00fclt\u00fcr Sanat Merkezi, Anneler G\u00fcn\u00fc\u2019ne \u00f6zel anlaml\u0131 bir bulu\u015fmaya ev sahipli\u011fi yapt\u0131. \u200b\u0130zmir Olgunla\u015fma Enstit\u00fcs\u00fc K\u00fclt\u00fcr Sanat Merkezi, Anneler G\u00fcn\u00fc\u2019ne \u00f6zel anlaml\u0131 bir bulu\u015fmaya ev sahipli\u011fi yapt\u0131.\u00a0 \u200bHaberin Al\u0131nt\u0131land\u0131\u011f\u0131 Kaynak: www.iskenderun.org","og_url":"https:\/\/denizcankizil.tr\/ru\/haberler\/gundem\/izmirde-en-anlamli-anneler-gunu-kutlamasi\/","og_site_name":"Av. Deniz Can K\u0131z\u0131l","article_published_time":"2025-05-10T09:42:13+00:00","author":"admin","twitter_card":"summary_large_image","twitter_misc":{"\u041d\u0430\u043f\u0438\u0441\u0430\u043d\u043e \u0430\u0432\u0442\u043e\u0440\u043e\u043c":"admin"},"schema":{"@context":"https:\/\/schema.org","@graph":[{"@type":"Article","@id":"https:\/\/denizcankizil.tr\/ru\/haberler\/gundem\/izmirde-en-anlamli-anneler-gunu-kutlamasi\/#article","isPartOf":{"@id":"https:\/\/denizcankizil.tr\/ru\/haberler\/gundem\/izmirde-en-anlamli-anneler-gunu-kutlamasi\/"},"author":{"name":"admin","@id":"https:\/\/denizcankizil.tr\/#\/schema\/person\/be3c05fe6a12686905512445d8185489"},"headline":"\u0130zmir\u2019de En Anlaml\u0131 Anneler G\u00fcn\u00fc Kutlamas\u0131","datePublished":"2025-05-10T09:42:13+00:00","mainEntityOfPage":{"@id":"https:\/\/denizcankizil.tr\/ru\/haberler\/gundem\/izmirde-en-anlamli-anneler-gunu-kutlamasi\/"},"wordCount":62,"publisher":{"@id":"https:\/\/denizcankizil.tr\/#organization"},"articleSection":["G\u00fcndem"],"inLanguage":"ru-RU"},{"@type":"WebPage","@id":"https:\/\/denizcankizil.tr\/ru\/haberler\/gundem\/izmirde-en-anlamli-anneler-gunu-kutlamasi\/","url":"https:\/\/denizcankizil.tr\/ru\/haberler\/gundem\/izmirde-en-anlamli-anneler-gunu-kutlamasi\/","name":"\u0130zmir\u2019de En Anlaml\u0131 Anneler G\u00fcn\u00fc Kutlamas\u0131 - Av. Deniz Can K\u0131z\u0131l","isPartOf":{"@id":"https:\/\/denizcankizil.tr\/#website"},"datePublished":"2025-05-10T09:42:13+00:00","breadcrumb":{"@id":"https:\/\/denizcankizil.tr\/ru\/haberler\/gundem\/izmirde-en-anlamli-anneler-gunu-kutlamasi\/#breadcrumb"},"inLanguage":"ru-RU","potentialAction":[{"@type":"ReadAction","target":["https:\/\/denizcankizil.tr\/ru\/haberler\/gundem\/izmirde-en-anlamli-anneler-gunu-kutlamasi\/"]}]},{"@type":"BreadcrumbList","@id":"https:\/\/denizcankizil.tr\/ru\/haberler\/gundem\/izmirde-en-anlamli-anneler-gunu-kutlamasi\/#breadcrumb","itemListElement":[{"@type":"ListItem","position":1,"name":"Home","item":"https:\/\/denizcankizil.tr\/uk\/"},{"@type":"ListItem","position":2,"name":"\u0130zmir\u2019de En Anlaml\u0131 Anneler G\u00fcn\u00fc Kutlamas\u0131"}]},{"@type":"WebSite","@id":"https:\/\/denizcankizil.tr\/#website","url":"https:\/\/denizcankizil.tr\/","name":"Av. Deniz Can K\u0131z\u0131l","description":"Avukat Deniz Can K\u0131z\u0131l Antalya Barosu","publisher":{"@id":"https:\/\/denizcankizil.tr\/#organization"},"potentialAction":[{"@type":"SearchAction","target":{"@type":"EntryPoint","urlTemplate":"https:\/\/denizcankizil.tr\/?s={search_term_string}"},"query-input":{"@type":"PropertyValueSpecification","valueRequired":true,"valueName":"search_term_string"}}],"inLanguage":"ru-RU"},{"@type":"Organization","@id":"https:\/\/denizcankizil.tr\/#organization","name":"Av. Deniz Can K\u0131z\u0131l","url":"https:\/\/denizcankizil.tr\/","logo":{"@type":"ImageObject","inLanguage":"ru-RU","@id":"https:\/\/denizcankizil.tr\/#\/schema\/logo\/image\/","url":"https:\/\/denizcankizil.tr\/wp-content\/uploads\/2024\/10\/siyah-logo-svg.svg","contentUrl":"https:\/\/denizcankizil.tr\/wp-content\/uploads\/2024\/10\/siyah-logo-svg.svg","width":1080,"height":1080,"caption":"Av. Deniz Can K\u0131z\u0131l"},"image":{"@id":"https:\/\/denizcankizil.tr\/#\/schema\/logo\/image\/"}},{"@type":"Person","@id":"https:\/\/denizcankizil.tr\/#\/schema\/person\/be3c05fe6a12686905512445d8185489","name":"\u0430\u0434\u043c\u0438\u043d","image":{"@type":"ImageObject","inLanguage":"ru-RU","@id":"https:\/\/denizcankizil.tr\/#\/schema\/person\/image\/","url":"https:\/\/secure.gravatar.com\/avatar\/c1fce94c830dc79107e174f890d7210541c4a63e8e5d816341794a2151c9d58c?s=96&d=mm&r=g","contentUrl":"https:\/\/secure.gravatar.com\/avatar\/c1fce94c830dc79107e174f890d7210541c4a63e8e5d816341794a2151c9d58c?s=96&d=mm&r=g","caption":"admin"},"sameAs":["http:\/\/denizcankizil.tr"],"url":"https:\/\/www.iskenderun.org\/izmirde-en-anlamli-anneler-gunu-kutlamasi"}]}},"_links":{"self":[{"href":"https:\/\/denizcankizil.tr\/ru\/wp-json\/wp\/v2\/posts\/82148","targetHints":{"allow":["GET"]}}],"collection":[{"href":"https:\/\/denizcankizil.tr\/ru\/wp-json\/wp\/v2\/posts"}],"about":[{"href":"https:\/\/denizcankizil.tr\/ru\/wp-json\/wp\/v2\/types\/post"}],"author":[{"embeddable":true,"href":"https:\/\/denizcankizil.tr\/ru\/wp-json\/wp\/v2\/users\/1"}],"replies":[{"embeddable":true,"href":"https:\/\/denizcankizil.tr\/ru\/wp-json\/wp\/v2\/comments?post=82148"}],"version-history":[{"count":0,"href":"https:\/\/denizcankizil.tr\/ru\/wp-json\/wp\/v2\/posts\/82148\/revisions"}],"wp:attachment":[{"href":"https:\/\/denizcankizil.tr\/ru\/wp-json\/wp\/v2\/media?parent=82148"}],"wp:term":[{"taxonomy":"category","embeddable":true,"href":"https:\/\/denizcankizil.tr\/ru\/wp-json\/wp\/v2\/categories?post=82148"},{"taxonomy":"post_tag","embeddable":true,"href":"https:\/\/denizcankizil.tr\/ru\/wp-json\/wp\/v2\/tags?post=82148"}],"curies":[{"name":"wp","href":"https:\/\/api.w.org\/{rel}","templated":true}]}}