{"id":81443,"date":"2025-05-09T20:42:15","date_gmt":"2025-05-09T17:42:15","guid":{"rendered":"https:\/\/denizcankizil.tr\/uncategorized-tr\/mudanyada-tarihi-dokuyu-korumak-icin-adim\/"},"modified":"2025-05-09T20:42:15","modified_gmt":"2025-05-09T17:42:15","slug":"mudanyada-tarihi-dokuyu-korumak-icin-adim","status":"publish","type":"post","link":"https:\/\/denizcankizil.tr\/ru\/haberler\/gundem\/mudanyada-tarihi-dokuyu-korumak-icin-adim\/","title":{"rendered":"Mudanya\u2019da tarihi dokuyu korumak i\u00e7in ad\u0131m"},"content":{"rendered":"<p>Bursa&#8217;da Mudanya Belediye Ba\u015fkan\u0131 Deniz Dalg\u0131\u00e7, TMMOB Mimarlar Odas\u0131 Bursa \u015eubesi\u2019nin d\u00fczenledi\u011fi Koruma ve Onar\u0131m Semineri\u2019nde, kentin tarihi dokusunu korumak i\u00e7in Kentsel Tasar\u0131m Rehberi haz\u0131rlad\u0131klar\u0131n\u0131 a\u00e7\u0131klad\u0131.BURSA (\u0130GFA) &#8211;\u00a0 TMMOB Mimarlar Odas\u0131 Bursa \u015eubesi\u2019nin bu y\u0131l \u00fc\u00e7\u00fcnc\u00fcs\u00fcn\u00fc d\u00fczenledi\u011fi Koruma ve Onar\u0131m Semineri, Bursa Akademik Odalar Birli\u011fi Konferans Salonu\u2019nda ba\u015flad\u0131.<br \/>\nAkademisyenler, STK\u2019lar, kamu ve meslek temsilcilerinin kat\u0131ld\u0131\u011f\u0131 seminerde Mudanya Belediye Ba\u015fkan\u0131 Deniz Dalg\u0131\u00e7, kentin k\u00fclt\u00fcrel ve do\u011fal miras\u0131n\u0131 koruma \u00e7al\u0131\u015fmalar\u0131n\u0131 anlatt\u0131.<br \/>\nBa\u015fkan Dalg\u0131\u00e7, \u201cMudanya, 2800 y\u0131ll\u0131k tarihiyle \u00f6zel bir yer. Kurtulu\u015f m\u00fccadelesini m\u00fctarekeyle sonu\u00e7land\u0131ran bir kent. \u00c7ok say\u0131da tarihi esere ev sahipli\u011fi yap\u0131yor. Her k\u00fclt\u00fcr varl\u0131\u011f\u0131 i\u00e7in hayal kuruyorum. Myrleia Antik Kenti\u2019nin bulundu\u011fu alan\u0131 kamula\u015ft\u0131rmak i\u00e7in \u00e7al\u0131\u015f\u0131yoruz, ancak bu alan\u0131n sahile ve antik limanlara kadar uzanan k\u0131sm\u0131nda devletin de deste\u011fi \u015fart\u201d dedi. Dalg\u0131\u00e7, 14 ayd\u0131r kurulmas\u0131 i\u00e7in \u00e7aba g\u00f6sterdikleri Koruma Uygulama ve Denetim B\u00fcrosu (KUDEB) i\u00e7in yan\u0131t alamamalar\u0131na tepki g\u00f6stererek,\u00a0 \u201cMudanya gibi tarihi bir kentte KUDEB\u2019e itiraz olur mu?\u201d diye sordu.<\/p>\n<p>KENTSEL TASARIM REHBER\u0130 \u0130LE S\u00dcRD\u00dcR\u00dcLEB\u0130L\u0130R KORUMA<br \/>\nDalg\u0131\u00e7, kent tarihi dokusunu korumak i\u00e7in Kentsel Tasar\u0131m Rehberi haz\u0131rlad\u0131klar\u0131n\u0131 belirtti. \u201cKent merkezinde 12,5 hektarl\u0131k koruma alan\u0131nda, s\u00fcrd\u00fcr\u00fclebilir, \u00e7evreye duyarl\u0131 ve kimlikli ya\u015fam alanlar\u0131 olu\u015fturmay\u0131 hedefliyoruz. Tasar\u0131m kriterlerini belirledik, rehberi Koruma Kurulu onay\u0131na sunaca\u011f\u0131z. Ayr\u0131ca binalarda tarihi dokuya uygun cephe sa\u011fl\u0131kla\u015ft\u0131rmalar\u0131 ve kentsel yenilemeler planl\u0131yoruz\u201d diye konu\u015ftu.<br \/>\nMimarlar Odas\u0131 Y\u00f6netim Kurulu Ba\u015fkan\u0131 Do\u00e7. Dr. Zeynep Erez \u00d6zdo\u011fan, k\u00fclt\u00fcr varl\u0131klar\u0131n\u0131n korunmas\u0131n\u0131n temel sorumluluklar\u0131 oldu\u011funu vurgulad\u0131. T\u00fcrkiye K\u0131rsal Mimarl\u0131k Atlas\u0131 Projesi\u2019nden bahseden \u00d6zdo\u011fan, Emek Sinemas\u0131, Atat\u00fcrk K\u00fclt\u00fcr Merkezi ve Gezi Park\u0131 gibi alanlar\u0131n korunmas\u0131 i\u00e7in m\u00fccadele verdiklerini belirtti. \u00d6zdo\u011fan, adli s\u00fcre\u00e7ler nedeniyle seminere kat\u0131lamayan \u0130stanbul B\u00fcy\u00fck\u015fehir Belediyesi Genel Sekreter Yard\u0131mc\u0131s\u0131 Mahir Polat\u2019\u0131 selamlayarak, \u201cBedel \u00f6deyen meslekta\u015flar\u0131m\u0131z\u0131n \u00f6zg\u00fcrl\u00fc\u011f\u00fcne kavu\u015fmas\u0131n\u0131 diliyorum\u201d dedi.<br \/>\n\u015eube Ba\u015fkan\u0131 \u015eirin Rodoplu \u015eim\u015fek ise k\u00fclt\u00fcrel miras\u0131 koruman\u0131n yaln\u0131zca kamuyla s\u0131n\u0131rl\u0131 olmad\u0131\u011f\u0131n\u0131, meslek odalar\u0131 ve STK\u2019lara da g\u00f6rev d\u00fc\u015ft\u00fc\u011f\u00fcn\u00fc ifade etti.<br \/>\nSeminer, 10 May\u0131s Cumartesi g\u00fcn\u00fc de Tirilye Ta\u015f Mektep\u2019teki oturumlarla devam edece\u011fi bildirildi.<\/p>\n<p>\u200bBursa&#8217;da Mudanya Belediye Ba\u015fkan\u0131 Deniz Dalg\u0131\u00e7, TMMOB Mimarlar Odas\u0131 Bursa \u015eubesi\u2019nin d\u00fczenledi\u011fi Koruma ve Onar\u0131m Semineri\u2019nde, kentin tarihi dokusunu korumak i\u00e7in Kentsel Tasar\u0131m Rehberi haz\u0131rlad\u0131klar\u0131n\u0131 a\u00e7\u0131klad\u0131.BURSA (\u0130GFA) &#8211;\u00a0 TMMOB Mimarlar Odas\u0131 Bursa \u015eubesi\u2019nin bu y\u0131l \u00fc\u00e7\u00fcnc\u00fcs\u00fcn\u00fc d\u00fczenledi\u011fi Koruma ve Onar\u0131m Semineri, Bursa Akademik Odalar Birli\u011fi Konferans Salonu\u2019nda ba\u015flad\u0131.<br \/>\nAkademisyenler, STK\u2019lar, kamu ve meslek temsilcilerinin kat\u0131ld\u0131\u011f\u0131 seminerde Mudanya Belediye Ba\u015fkan\u0131 Deniz Dalg\u0131\u00e7, kentin k\u00fclt\u00fcrel ve do\u011fal miras\u0131n\u0131 koruma \u00e7al\u0131\u015fmalar\u0131n\u0131 anlatt\u0131.<br \/>\nBa\u015fkan Dalg\u0131\u00e7, \u201cMudanya, 2800 y\u0131ll\u0131k tarihiyle \u00f6zel bir yer. Kurtulu\u015f m\u00fccadelesini m\u00fctarekeyle sonu\u00e7land\u0131ran bir kent. \u00c7ok say\u0131da tarihi esere ev sahipli\u011fi yap\u0131yor. Her k\u00fclt\u00fcr varl\u0131\u011f\u0131 i\u00e7in hayal kuruyorum. Myrleia Antik Kenti\u2019nin bulundu\u011fu alan\u0131 kamula\u015ft\u0131rmak i\u00e7in \u00e7al\u0131\u015f\u0131yoruz, ancak bu alan\u0131n sahile ve antik limanlara kadar uzanan k\u0131sm\u0131nda devletin de deste\u011fi \u015fart\u201d dedi. Dalg\u0131\u00e7, 14 ayd\u0131r kurulmas\u0131 i\u00e7in \u00e7aba g\u00f6sterdikleri Koruma Uygulama ve Denetim B\u00fcrosu (KUDEB) i\u00e7in yan\u0131t alamamalar\u0131na tepki g\u00f6stererek,\u00a0 \u201cMudanya gibi tarihi bir kentte KUDEB\u2019e itiraz olur mu?\u201d diye sordu.<\/p>\n<p>KENTSEL TASARIM REHBER\u0130 \u0130LE S\u00dcRD\u00dcR\u00dcLEB\u0130L\u0130R KORUMA<br \/>\nDalg\u0131\u00e7, kent tarihi dokusunu korumak i\u00e7in Kentsel Tasar\u0131m Rehberi haz\u0131rlad\u0131klar\u0131n\u0131 belirtti. \u201cKent merkezinde 12,5 hektarl\u0131k koruma alan\u0131nda, s\u00fcrd\u00fcr\u00fclebilir, \u00e7evreye duyarl\u0131 ve kimlikli ya\u015fam alanlar\u0131 olu\u015fturmay\u0131 hedefliyoruz. Tasar\u0131m kriterlerini belirledik, rehberi Koruma Kurulu onay\u0131na sunaca\u011f\u0131z. Ayr\u0131ca binalarda tarihi dokuya uygun cephe sa\u011fl\u0131kla\u015ft\u0131rmalar\u0131 ve kentsel yenilemeler planl\u0131yoruz\u201d diye konu\u015ftu.<br \/>\nMimarlar Odas\u0131 Y\u00f6netim Kurulu Ba\u015fkan\u0131 Do\u00e7. Dr. Zeynep Erez \u00d6zdo\u011fan, k\u00fclt\u00fcr varl\u0131klar\u0131n\u0131n korunmas\u0131n\u0131n temel sorumluluklar\u0131 oldu\u011funu vurgulad\u0131. T\u00fcrkiye K\u0131rsal Mimarl\u0131k Atlas\u0131 Projesi\u2019nden bahseden \u00d6zdo\u011fan, Emek Sinemas\u0131, Atat\u00fcrk K\u00fclt\u00fcr Merkezi ve Gezi Park\u0131 gibi alanlar\u0131n korunmas\u0131 i\u00e7in m\u00fccadele verdiklerini belirtti. \u00d6zdo\u011fan, adli s\u00fcre\u00e7ler nedeniyle seminere kat\u0131lamayan \u0130stanbul B\u00fcy\u00fck\u015fehir Belediyesi Genel Sekreter Yard\u0131mc\u0131s\u0131 Mahir Polat\u2019\u0131 selamlayarak, \u201cBedel \u00f6deyen meslekta\u015flar\u0131m\u0131z\u0131n \u00f6zg\u00fcrl\u00fc\u011f\u00fcne kavu\u015fmas\u0131n\u0131 diliyorum\u201d dedi.<br \/>\n\u015eube Ba\u015fkan\u0131 \u015eirin Rodoplu \u015eim\u015fek ise k\u00fclt\u00fcrel miras\u0131 koruman\u0131n yaln\u0131zca kamuyla s\u0131n\u0131rl\u0131 olmad\u0131\u011f\u0131n\u0131, meslek odalar\u0131 ve STK\u2019lara da g\u00f6rev d\u00fc\u015ft\u00fc\u011f\u00fcn\u00fc ifade etti.<br \/>\nSeminer, 10 May\u0131s Cumartesi g\u00fcn\u00fc de Tirilye Ta\u015f Mektep\u2019teki oturumlarla devam edece\u011fi bildirildi.\u00a0<\/p>\n<p>\u200bHaberin Al\u0131nt\u0131land\u0131\u011f\u0131 Kaynak: www.iskenderun.org<\/p>","protected":false},"excerpt":{"rendered":"<p>Bursa&#8217;da Mudanya Belediye Ba\u015fkan\u0131 Deniz Dalg\u0131\u00e7, TMMOB Mimarlar Odas\u0131 Bursa \u015eubesi\u2019nin d\u00fczenledi\u011fi Koruma ve Onar\u0131m Semineri\u2019nde, kentin tarihi dokusunu korumak i\u00e7in Kentsel Tasar\u0131m Rehberi haz\u0131rlad\u0131klar\u0131n\u0131 a\u00e7\u0131klad\u0131.BURSA (\u0130GFA) &#8211;\u00a0 TMMOB Mimarlar Odas\u0131 Bursa \u015eubesi\u2019nin bu y\u0131l \u00fc\u00e7\u00fcnc\u00fcs\u00fcn\u00fc d\u00fczenledi\u011fi Koruma ve Onar\u0131m Semineri, Bursa Akademik Odalar Birli\u011fi Konferans Salonu\u2019nda ba\u015flad\u0131. Akademisyenler, STK\u2019lar, kamu ve meslek temsilcilerinin kat\u0131ld\u0131\u011f\u0131 seminerde Mudanya Belediye Ba\u015fkan\u0131 Deniz Dalg\u0131\u00e7, kentin k\u00fclt\u00fcrel ve do\u011fal miras\u0131n\u0131 koruma \u00e7al\u0131\u015fmalar\u0131n\u0131 anlatt\u0131. Ba\u015fkan Dalg\u0131\u00e7, \u201cMudanya, 2800 y\u0131ll\u0131k tarihiyle \u00f6zel bir yer. Kurtulu\u015f m\u00fccadelesini m\u00fctarekeyle sonu\u00e7land\u0131ran bir kent. \u00c7ok say\u0131da tarihi esere ev sahipli\u011fi yap\u0131yor. Her k\u00fclt\u00fcr varl\u0131\u011f\u0131 i\u00e7in hayal kuruyorum. Myrleia Antik Kenti\u2019nin bulundu\u011fu alan\u0131 kamula\u015ft\u0131rmak i\u00e7in \u00e7al\u0131\u015f\u0131yoruz, ancak bu alan\u0131n sahile ve antik limanlara kadar uzanan k\u0131sm\u0131nda devletin de deste\u011fi \u015fart\u201d dedi. Dalg\u0131\u00e7, 14 ayd\u0131r kurulmas\u0131 i\u00e7in \u00e7aba g\u00f6sterdikleri Koruma Uygulama ve Denetim B\u00fcrosu (KUDEB) i\u00e7in yan\u0131t alamamalar\u0131na tepki g\u00f6stererek,\u00a0 \u201cMudanya gibi tarihi bir kentte KUDEB\u2019e itiraz olur mu?\u201d diye sordu. KENTSEL TASARIM REHBER\u0130 \u0130LE S\u00dcRD\u00dcR\u00dcLEB\u0130L\u0130R KORUMA Dalg\u0131\u00e7, kent tarihi dokusunu korumak i\u00e7in Kentsel Tasar\u0131m Rehberi haz\u0131rlad\u0131klar\u0131n\u0131 belirtti. \u201cKent merkezinde 12,5 hektarl\u0131k koruma alan\u0131nda, s\u00fcrd\u00fcr\u00fclebilir, \u00e7evreye duyarl\u0131 ve kimlikli ya\u015fam alanlar\u0131 olu\u015fturmay\u0131 hedefliyoruz. Tasar\u0131m kriterlerini belirledik, rehberi Koruma Kurulu onay\u0131na sunaca\u011f\u0131z. Ayr\u0131ca binalarda tarihi dokuya uygun cephe sa\u011fl\u0131kla\u015ft\u0131rmalar\u0131 ve kentsel yenilemeler planl\u0131yoruz\u201d &hellip;<\/p>","protected":false},"author":1,"featured_media":0,"comment_status":"","ping_status":"open","sticky":false,"template":"","format":"standard","meta":{"_acf_changed":false,"footnotes":""},"categories":[24],"tags":[],"class_list":["post-81443","post","type-post","status-publish","format-standard","has-post-thumbnail","hentry","category-gundem"],"acf":[],"yoast_head":"<!-- This site is optimized with the Yoast SEO Premium plugin v26.6 (Yoast SEO v27.1.1) - https:\/\/yoast.com\/product\/yoast-seo-premium-wordpress\/ -->\n<title>Mudanya\u2019da tarihi dokuyu korumak i\u00e7in ad\u0131m - Av. Deniz Can K\u0131z\u0131l<\/title>\n<meta name=\"robots\" content=\"index, follow, max-snippet:-1, max-image-preview:large, max-video-preview:-1\" \/>\n<link rel=\"canonical\" href=\"https:\/\/denizcankizil.tr\/ru\/haberler\/gundem\/mudanyada-tarihi-dokuyu-korumak-icin-adim\/\" \/>\n<meta property=\"og:locale\" content=\"ru_RU\" \/>\n<meta property=\"og:type\" content=\"article\" \/>\n<meta property=\"og:title\" content=\"Mudanya\u2019da tarihi dokuyu korumak i\u00e7in ad\u0131m\" \/>\n<meta property=\"og:description\" content=\"Bursa&#8217;da Mudanya Belediye Ba\u015fkan\u0131 Deniz Dalg\u0131\u00e7, TMMOB Mimarlar Odas\u0131 Bursa \u015eubesi\u2019nin d\u00fczenledi\u011fi Koruma ve Onar\u0131m Semineri\u2019nde, kentin tarihi dokusunu korumak i\u00e7in Kentsel Tasar\u0131m Rehberi haz\u0131rlad\u0131klar\u0131n\u0131 a\u00e7\u0131klad\u0131.BURSA (\u0130GFA) &#8211;\u00a0 TMMOB Mimarlar Odas\u0131 Bursa \u015eubesi\u2019nin bu y\u0131l \u00fc\u00e7\u00fcnc\u00fcs\u00fcn\u00fc d\u00fczenledi\u011fi Koruma ve Onar\u0131m Semineri, Bursa Akademik Odalar Birli\u011fi Konferans Salonu\u2019nda ba\u015flad\u0131. Akademisyenler, STK\u2019lar, kamu ve meslek temsilcilerinin kat\u0131ld\u0131\u011f\u0131 seminerde Mudanya Belediye Ba\u015fkan\u0131 Deniz Dalg\u0131\u00e7, kentin k\u00fclt\u00fcrel ve do\u011fal miras\u0131n\u0131 koruma \u00e7al\u0131\u015fmalar\u0131n\u0131 anlatt\u0131. Ba\u015fkan Dalg\u0131\u00e7, \u201cMudanya, 2800 y\u0131ll\u0131k tarihiyle \u00f6zel bir yer. Kurtulu\u015f m\u00fccadelesini m\u00fctarekeyle sonu\u00e7land\u0131ran bir kent. \u00c7ok say\u0131da tarihi esere ev sahipli\u011fi yap\u0131yor. Her k\u00fclt\u00fcr varl\u0131\u011f\u0131 i\u00e7in hayal kuruyorum. Myrleia Antik Kenti\u2019nin bulundu\u011fu alan\u0131 kamula\u015ft\u0131rmak i\u00e7in \u00e7al\u0131\u015f\u0131yoruz, ancak bu alan\u0131n sahile ve antik limanlara kadar uzanan k\u0131sm\u0131nda devletin de deste\u011fi \u015fart\u201d dedi. Dalg\u0131\u00e7, 14 ayd\u0131r kurulmas\u0131 i\u00e7in \u00e7aba g\u00f6sterdikleri Koruma Uygulama ve Denetim B\u00fcrosu (KUDEB) i\u00e7in yan\u0131t alamamalar\u0131na tepki g\u00f6stererek,\u00a0 \u201cMudanya gibi tarihi bir kentte KUDEB\u2019e itiraz olur mu?\u201d diye sordu. KENTSEL TASARIM REHBER\u0130 \u0130LE S\u00dcRD\u00dcR\u00dcLEB\u0130L\u0130R KORUMA Dalg\u0131\u00e7, kent tarihi dokusunu korumak i\u00e7in Kentsel Tasar\u0131m Rehberi haz\u0131rlad\u0131klar\u0131n\u0131 belirtti. \u201cKent merkezinde 12,5 hektarl\u0131k koruma alan\u0131nda, s\u00fcrd\u00fcr\u00fclebilir, \u00e7evreye duyarl\u0131 ve kimlikli ya\u015fam alanlar\u0131 olu\u015fturmay\u0131 hedefliyoruz. Tasar\u0131m kriterlerini belirledik, rehberi Koruma Kurulu onay\u0131na sunaca\u011f\u0131z. Ayr\u0131ca binalarda tarihi dokuya uygun cephe sa\u011fl\u0131kla\u015ft\u0131rmalar\u0131 ve kentsel yenilemeler planl\u0131yoruz\u201d &hellip;\" \/>\n<meta property=\"og:url\" content=\"https:\/\/denizcankizil.tr\/ru\/haberler\/gundem\/mudanyada-tarihi-dokuyu-korumak-icin-adim\/\" \/>\n<meta property=\"og:site_name\" content=\"Av. Deniz Can K\u0131z\u0131l\" \/>\n<meta property=\"article:published_time\" content=\"2025-05-09T17:42:15+00:00\" \/>\n<meta name=\"author\" content=\"admin\" \/>\n<meta name=\"twitter:card\" content=\"summary_large_image\" \/>\n<meta name=\"twitter:label1\" content=\"\u041d\u0430\u043f\u0438\u0441\u0430\u043d\u043e \u0430\u0432\u0442\u043e\u0440\u043e\u043c\" \/>\n\t<meta name=\"twitter:data1\" content=\"admin\" \/>\n\t<meta name=\"twitter:label2\" content=\"\u041f\u0440\u0438\u043c\u0435\u0440\u043d\u043e\u0435 \u0432\u0440\u0435\u043c\u044f \u0434\u043b\u044f \u0447\u0442\u0435\u043d\u0438\u044f\" \/>\n\t<meta name=\"twitter:data2\" content=\"4 \u043c\u0438\u043d\u0443\u0442\u044b\" \/>\n<script type=\"application\/ld+json\" class=\"yoast-schema-graph\">{\"@context\":\"https:\/\/schema.org\",\"@graph\":[{\"@type\":\"Article\",\"@id\":\"https:\/\/denizcankizil.tr\/ru\/haberler\/gundem\/mudanyada-tarihi-dokuyu-korumak-icin-adim\/#article\",\"isPartOf\":{\"@id\":\"https:\/\/denizcankizil.tr\/ru\/haberler\/gundem\/mudanyada-tarihi-dokuyu-korumak-icin-adim\/\"},\"author\":{\"name\":\"admin\",\"@id\":\"https:\/\/denizcankizil.tr\/#\/schema\/person\/be3c05fe6a12686905512445d8185489\"},\"headline\":\"Mudanya\u2019da tarihi dokuyu korumak i\u00e7in ad\u0131m\",\"datePublished\":\"2025-05-09T17:42:15+00:00\",\"mainEntityOfPage\":{\"@id\":\"https:\/\/denizcankizil.tr\/ru\/haberler\/gundem\/mudanyada-tarihi-dokuyu-korumak-icin-adim\/\"},\"wordCount\":901,\"publisher\":{\"@id\":\"https:\/\/denizcankizil.tr\/#organization\"},\"articleSection\":[\"G\u00fcndem\"],\"inLanguage\":\"ru-RU\"},{\"@type\":\"WebPage\",\"@id\":\"https:\/\/denizcankizil.tr\/ru\/haberler\/gundem\/mudanyada-tarihi-dokuyu-korumak-icin-adim\/\",\"url\":\"https:\/\/denizcankizil.tr\/ru\/haberler\/gundem\/mudanyada-tarihi-dokuyu-korumak-icin-adim\/\",\"name\":\"Mudanya\u2019da tarihi dokuyu korumak i\u00e7in ad\u0131m - Av. Deniz Can K\u0131z\u0131l\",\"isPartOf\":{\"@id\":\"https:\/\/denizcankizil.tr\/#website\"},\"datePublished\":\"2025-05-09T17:42:15+00:00\",\"breadcrumb\":{\"@id\":\"https:\/\/denizcankizil.tr\/ru\/haberler\/gundem\/mudanyada-tarihi-dokuyu-korumak-icin-adim\/#breadcrumb\"},\"inLanguage\":\"ru-RU\",\"potentialAction\":[{\"@type\":\"ReadAction\",\"target\":[\"https:\/\/denizcankizil.tr\/ru\/haberler\/gundem\/mudanyada-tarihi-dokuyu-korumak-icin-adim\/\"]}]},{\"@type\":\"BreadcrumbList\",\"@id\":\"https:\/\/denizcankizil.tr\/ru\/haberler\/gundem\/mudanyada-tarihi-dokuyu-korumak-icin-adim\/#breadcrumb\",\"itemListElement\":[{\"@type\":\"ListItem\",\"position\":1,\"name\":\"Home\",\"item\":\"https:\/\/denizcankizil.tr\/uk\/\"},{\"@type\":\"ListItem\",\"position\":2,\"name\":\"Mudanya\u2019da tarihi dokuyu korumak i\u00e7in ad\u0131m\"}]},{\"@type\":\"WebSite\",\"@id\":\"https:\/\/denizcankizil.tr\/#website\",\"url\":\"https:\/\/denizcankizil.tr\/\",\"name\":\"Av. Deniz Can K\u0131z\u0131l\",\"description\":\"Avukat Deniz Can K\u0131z\u0131l Antalya Barosu\",\"publisher\":{\"@id\":\"https:\/\/denizcankizil.tr\/#organization\"},\"potentialAction\":[{\"@type\":\"SearchAction\",\"target\":{\"@type\":\"EntryPoint\",\"urlTemplate\":\"https:\/\/denizcankizil.tr\/?s={search_term_string}\"},\"query-input\":{\"@type\":\"PropertyValueSpecification\",\"valueRequired\":true,\"valueName\":\"search_term_string\"}}],\"inLanguage\":\"ru-RU\"},{\"@type\":\"Organization\",\"@id\":\"https:\/\/denizcankizil.tr\/#organization\",\"name\":\"Av. Deniz Can K\u0131z\u0131l\",\"url\":\"https:\/\/denizcankizil.tr\/\",\"logo\":{\"@type\":\"ImageObject\",\"inLanguage\":\"ru-RU\",\"@id\":\"https:\/\/denizcankizil.tr\/#\/schema\/logo\/image\/\",\"url\":\"https:\/\/denizcankizil.tr\/wp-content\/uploads\/2024\/10\/siyah-logo-svg.svg\",\"contentUrl\":\"https:\/\/denizcankizil.tr\/wp-content\/uploads\/2024\/10\/siyah-logo-svg.svg\",\"width\":1080,\"height\":1080,\"caption\":\"Av. Deniz Can K\u0131z\u0131l\"},\"image\":{\"@id\":\"https:\/\/denizcankizil.tr\/#\/schema\/logo\/image\/\"}},{\"@type\":\"Person\",\"@id\":\"https:\/\/denizcankizil.tr\/#\/schema\/person\/be3c05fe6a12686905512445d8185489\",\"name\":\"admin\",\"image\":{\"@type\":\"ImageObject\",\"inLanguage\":\"ru-RU\",\"@id\":\"https:\/\/denizcankizil.tr\/#\/schema\/person\/image\/\",\"url\":\"https:\/\/secure.gravatar.com\/avatar\/c1fce94c830dc79107e174f890d7210541c4a63e8e5d816341794a2151c9d58c?s=96&d=mm&r=g\",\"contentUrl\":\"https:\/\/secure.gravatar.com\/avatar\/c1fce94c830dc79107e174f890d7210541c4a63e8e5d816341794a2151c9d58c?s=96&d=mm&r=g\",\"caption\":\"admin\"},\"sameAs\":[\"http:\/\/denizcankizil.tr\"],\"url\":\"https:\/\/www.iskenderun.org\/mudanyada-tarihi-dokuyu-korumak-icin-adim\"}]}<\/script>\n<!-- \/ Yoast SEO Premium plugin. -->","yoast_head_json":{"title":"Mudanya\u2019da tarihi dokuyu korumak i\u00e7in ad\u0131m - Av. Deniz Can K\u0131z\u0131l","robots":{"index":"index","follow":"follow","max-snippet":"max-snippet:-1","max-image-preview":"max-image-preview:large","max-video-preview":"max-video-preview:-1"},"canonical":"https:\/\/denizcankizil.tr\/ru\/haberler\/gundem\/mudanyada-tarihi-dokuyu-korumak-icin-adim\/","og_locale":"ru_RU","og_type":"article","og_title":"Mudanya\u2019da tarihi dokuyu korumak i\u00e7in ad\u0131m","og_description":"Bursa&#8217;da Mudanya Belediye Ba\u015fkan\u0131 Deniz Dalg\u0131\u00e7, TMMOB Mimarlar Odas\u0131 Bursa \u015eubesi\u2019nin d\u00fczenledi\u011fi Koruma ve Onar\u0131m Semineri\u2019nde, kentin tarihi dokusunu korumak i\u00e7in Kentsel Tasar\u0131m Rehberi haz\u0131rlad\u0131klar\u0131n\u0131 a\u00e7\u0131klad\u0131.BURSA (\u0130GFA) &#8211;\u00a0 TMMOB Mimarlar Odas\u0131 Bursa \u015eubesi\u2019nin bu y\u0131l \u00fc\u00e7\u00fcnc\u00fcs\u00fcn\u00fc d\u00fczenledi\u011fi Koruma ve Onar\u0131m Semineri, Bursa Akademik Odalar Birli\u011fi Konferans Salonu\u2019nda ba\u015flad\u0131. Akademisyenler, STK\u2019lar, kamu ve meslek temsilcilerinin kat\u0131ld\u0131\u011f\u0131 seminerde Mudanya Belediye Ba\u015fkan\u0131 Deniz Dalg\u0131\u00e7, kentin k\u00fclt\u00fcrel ve do\u011fal miras\u0131n\u0131 koruma \u00e7al\u0131\u015fmalar\u0131n\u0131 anlatt\u0131. Ba\u015fkan Dalg\u0131\u00e7, \u201cMudanya, 2800 y\u0131ll\u0131k tarihiyle \u00f6zel bir yer. Kurtulu\u015f m\u00fccadelesini m\u00fctarekeyle sonu\u00e7land\u0131ran bir kent. \u00c7ok say\u0131da tarihi esere ev sahipli\u011fi yap\u0131yor. Her k\u00fclt\u00fcr varl\u0131\u011f\u0131 i\u00e7in hayal kuruyorum. Myrleia Antik Kenti\u2019nin bulundu\u011fu alan\u0131 kamula\u015ft\u0131rmak i\u00e7in \u00e7al\u0131\u015f\u0131yoruz, ancak bu alan\u0131n sahile ve antik limanlara kadar uzanan k\u0131sm\u0131nda devletin de deste\u011fi \u015fart\u201d dedi. Dalg\u0131\u00e7, 14 ayd\u0131r kurulmas\u0131 i\u00e7in \u00e7aba g\u00f6sterdikleri Koruma Uygulama ve Denetim B\u00fcrosu (KUDEB) i\u00e7in yan\u0131t alamamalar\u0131na tepki g\u00f6stererek,\u00a0 \u201cMudanya gibi tarihi bir kentte KUDEB\u2019e itiraz olur mu?\u201d diye sordu. KENTSEL TASARIM REHBER\u0130 \u0130LE S\u00dcRD\u00dcR\u00dcLEB\u0130L\u0130R KORUMA Dalg\u0131\u00e7, kent tarihi dokusunu korumak i\u00e7in Kentsel Tasar\u0131m Rehberi haz\u0131rlad\u0131klar\u0131n\u0131 belirtti. \u201cKent merkezinde 12,5 hektarl\u0131k koruma alan\u0131nda, s\u00fcrd\u00fcr\u00fclebilir, \u00e7evreye duyarl\u0131 ve kimlikli ya\u015fam alanlar\u0131 olu\u015fturmay\u0131 hedefliyoruz. Tasar\u0131m kriterlerini belirledik, rehberi Koruma Kurulu onay\u0131na sunaca\u011f\u0131z. Ayr\u0131ca binalarda tarihi dokuya uygun cephe sa\u011fl\u0131kla\u015ft\u0131rmalar\u0131 ve kentsel yenilemeler planl\u0131yoruz\u201d &hellip;","og_url":"https:\/\/denizcankizil.tr\/ru\/haberler\/gundem\/mudanyada-tarihi-dokuyu-korumak-icin-adim\/","og_site_name":"Av. Deniz Can K\u0131z\u0131l","article_published_time":"2025-05-09T17:42:15+00:00","author":"admin","twitter_card":"summary_large_image","twitter_misc":{"\u041d\u0430\u043f\u0438\u0441\u0430\u043d\u043e \u0430\u0432\u0442\u043e\u0440\u043e\u043c":"admin","\u041f\u0440\u0438\u043c\u0435\u0440\u043d\u043e\u0435 \u0432\u0440\u0435\u043c\u044f \u0434\u043b\u044f \u0447\u0442\u0435\u043d\u0438\u044f":"4 \u043c\u0438\u043d\u0443\u0442\u044b"},"schema":{"@context":"https:\/\/schema.org","@graph":[{"@type":"Article","@id":"https:\/\/denizcankizil.tr\/ru\/haberler\/gundem\/mudanyada-tarihi-dokuyu-korumak-icin-adim\/#article","isPartOf":{"@id":"https:\/\/denizcankizil.tr\/ru\/haberler\/gundem\/mudanyada-tarihi-dokuyu-korumak-icin-adim\/"},"author":{"name":"admin","@id":"https:\/\/denizcankizil.tr\/#\/schema\/person\/be3c05fe6a12686905512445d8185489"},"headline":"Mudanya\u2019da tarihi dokuyu korumak i\u00e7in ad\u0131m","datePublished":"2025-05-09T17:42:15+00:00","mainEntityOfPage":{"@id":"https:\/\/denizcankizil.tr\/ru\/haberler\/gundem\/mudanyada-tarihi-dokuyu-korumak-icin-adim\/"},"wordCount":901,"publisher":{"@id":"https:\/\/denizcankizil.tr\/#organization"},"articleSection":["G\u00fcndem"],"inLanguage":"ru-RU"},{"@type":"WebPage","@id":"https:\/\/denizcankizil.tr\/ru\/haberler\/gundem\/mudanyada-tarihi-dokuyu-korumak-icin-adim\/","url":"https:\/\/denizcankizil.tr\/ru\/haberler\/gundem\/mudanyada-tarihi-dokuyu-korumak-icin-adim\/","name":"Mudanya\u2019da tarihi dokuyu korumak i\u00e7in ad\u0131m - Av. Deniz Can K\u0131z\u0131l","isPartOf":{"@id":"https:\/\/denizcankizil.tr\/#website"},"datePublished":"2025-05-09T17:42:15+00:00","breadcrumb":{"@id":"https:\/\/denizcankizil.tr\/ru\/haberler\/gundem\/mudanyada-tarihi-dokuyu-korumak-icin-adim\/#breadcrumb"},"inLanguage":"ru-RU","potentialAction":[{"@type":"ReadAction","target":["https:\/\/denizcankizil.tr\/ru\/haberler\/gundem\/mudanyada-tarihi-dokuyu-korumak-icin-adim\/"]}]},{"@type":"BreadcrumbList","@id":"https:\/\/denizcankizil.tr\/ru\/haberler\/gundem\/mudanyada-tarihi-dokuyu-korumak-icin-adim\/#breadcrumb","itemListElement":[{"@type":"ListItem","position":1,"name":"Home","item":"https:\/\/denizcankizil.tr\/uk\/"},{"@type":"ListItem","position":2,"name":"Mudanya\u2019da tarihi dokuyu korumak i\u00e7in ad\u0131m"}]},{"@type":"WebSite","@id":"https:\/\/denizcankizil.tr\/#website","url":"https:\/\/denizcankizil.tr\/","name":"Av. Deniz Can K\u0131z\u0131l","description":"Avukat Deniz Can K\u0131z\u0131l Antalya Barosu","publisher":{"@id":"https:\/\/denizcankizil.tr\/#organization"},"potentialAction":[{"@type":"SearchAction","target":{"@type":"EntryPoint","urlTemplate":"https:\/\/denizcankizil.tr\/?s={search_term_string}"},"query-input":{"@type":"PropertyValueSpecification","valueRequired":true,"valueName":"search_term_string"}}],"inLanguage":"ru-RU"},{"@type":"Organization","@id":"https:\/\/denizcankizil.tr\/#organization","name":"Av. Deniz Can K\u0131z\u0131l","url":"https:\/\/denizcankizil.tr\/","logo":{"@type":"ImageObject","inLanguage":"ru-RU","@id":"https:\/\/denizcankizil.tr\/#\/schema\/logo\/image\/","url":"https:\/\/denizcankizil.tr\/wp-content\/uploads\/2024\/10\/siyah-logo-svg.svg","contentUrl":"https:\/\/denizcankizil.tr\/wp-content\/uploads\/2024\/10\/siyah-logo-svg.svg","width":1080,"height":1080,"caption":"Av. Deniz Can K\u0131z\u0131l"},"image":{"@id":"https:\/\/denizcankizil.tr\/#\/schema\/logo\/image\/"}},{"@type":"Person","@id":"https:\/\/denizcankizil.tr\/#\/schema\/person\/be3c05fe6a12686905512445d8185489","name":"\u0430\u0434\u043c\u0438\u043d","image":{"@type":"ImageObject","inLanguage":"ru-RU","@id":"https:\/\/denizcankizil.tr\/#\/schema\/person\/image\/","url":"https:\/\/secure.gravatar.com\/avatar\/c1fce94c830dc79107e174f890d7210541c4a63e8e5d816341794a2151c9d58c?s=96&d=mm&r=g","contentUrl":"https:\/\/secure.gravatar.com\/avatar\/c1fce94c830dc79107e174f890d7210541c4a63e8e5d816341794a2151c9d58c?s=96&d=mm&r=g","caption":"admin"},"sameAs":["http:\/\/denizcankizil.tr"],"url":"https:\/\/www.iskenderun.org\/mudanyada-tarihi-dokuyu-korumak-icin-adim"}]}},"_links":{"self":[{"href":"https:\/\/denizcankizil.tr\/ru\/wp-json\/wp\/v2\/posts\/81443","targetHints":{"allow":["GET"]}}],"collection":[{"href":"https:\/\/denizcankizil.tr\/ru\/wp-json\/wp\/v2\/posts"}],"about":[{"href":"https:\/\/denizcankizil.tr\/ru\/wp-json\/wp\/v2\/types\/post"}],"author":[{"embeddable":true,"href":"https:\/\/denizcankizil.tr\/ru\/wp-json\/wp\/v2\/users\/1"}],"replies":[{"embeddable":true,"href":"https:\/\/denizcankizil.tr\/ru\/wp-json\/wp\/v2\/comments?post=81443"}],"version-history":[{"count":0,"href":"https:\/\/denizcankizil.tr\/ru\/wp-json\/wp\/v2\/posts\/81443\/revisions"}],"wp:attachment":[{"href":"https:\/\/denizcankizil.tr\/ru\/wp-json\/wp\/v2\/media?parent=81443"}],"wp:term":[{"taxonomy":"category","embeddable":true,"href":"https:\/\/denizcankizil.tr\/ru\/wp-json\/wp\/v2\/categories?post=81443"},{"taxonomy":"post_tag","embeddable":true,"href":"https:\/\/denizcankizil.tr\/ru\/wp-json\/wp\/v2\/tags?post=81443"}],"curies":[{"name":"wp","href":"https:\/\/api.w.org\/{rel}","templated":true}]}}