{"id":81270,"date":"2025-05-09T17:41:20","date_gmt":"2025-05-09T14:41:20","guid":{"rendered":"https:\/\/denizcankizil.tr\/uncategorized-tr\/antalyada-falezlerdeki-tuneller-gundemden-dusmuyor-televizyon-programinda-genis-yer-buldu\/"},"modified":"2025-05-09T17:41:20","modified_gmt":"2025-05-09T14:41:20","slug":"antalyada-falezlerdeki-tuneller-gundemden-dusmuyor-televizyon-programinda-genis-yer-buldu","status":"publish","type":"post","link":"https:\/\/denizcankizil.tr\/ru\/haberler\/gundem\/antalyada-falezlerdeki-tuneller-gundemden-dusmuyor-televizyon-programinda-genis-yer-buldu\/","title":{"rendered":"Antalya\u2019da falezlerdeki t\u00fcneller g\u00fcndemden d\u00fc\u015fm\u00fcyor: Televizyon program\u0131nda geni\u015f yer buldu!"},"content":{"rendered":"<p>Antalya\u2019n\u0131n simgesi haline gelen falezlerde a\u00e7\u0131lan gizli t\u00fcneller kamuoyunun g\u00fcndeminden d\u00fc\u015fm\u00fcyor. Do\u011fal sit alan\u0131 olarak koruma alt\u0131nda bulunan falezlerde, iki turistik tesisin denize ula\u015f\u0131m sa\u011flamak amac\u0131yla t\u00fcnel a\u00e7t\u0131\u011f\u0131 ortaya \u00e7\u0131km\u0131\u015ft\u0131. \u0130lk olarak K\u00f6rfez Gazetesi taraf\u0131ndan g\u00fcndeme getirilen olay, k\u0131sa s\u00fcrede b\u00fcy\u00fck yank\u0131 uyand\u0131rd\u0131. T\u00fcnellerin g\u00f6r\u00fcnt\u00fclenmesinin ard\u0131ndan hem sosyal medyada hem de yerel televizyon programlar\u0131nda geni\u015f yer buldu.<\/p>\n<p>T\u00dcNELLER G\u00dcNDEMDE<\/p>\n<p>Kanal V\u2019de yay\u0131nlanan \u201cHakan \u00c7\u0131rak ile G\u00fcne Bak\u0131\u015f\u201d program\u0131nda konu\u015fan gazeteci Hakan \u00c7\u0131rak, \u201cBu t\u00fcnelleri kim yapt\u0131ysa ciddi bir ceza almal\u0131. \u00dclkemizde kanunsuzluk yapan\u0131n yan\u0131na k\u00e2r kal\u0131yor. Art\u0131k \u00f6yle bir ceza verilmeli ki bir daha falezlere kazma bile vurulamas\u0131n\u201d diyerek tepkisini dile getirdi.<\/p>\n<p>HALKA KAPATIYORLAR<\/p>\n<p>Sosyal medyada binlerce kullan\u0131c\u0131 da falezlerdeki yap\u0131la\u015fmaya kar\u015f\u0131 \u00e7\u0131kt\u0131. Sosyal medya kullan\u0131c\u0131lar\u0131, \u201cOteller sahilleri halka kapat\u0131yor, belediyeler g\u00f6z yumuyor\u201d yorumlar\u0131 yap\u0131l\u0131rken, bir\u00e7ok ki\u015fi devletin bu duruma m\u00fcdahale etmesini talep etti. Baz\u0131 kullan\u0131c\u0131lar, ka\u00e7ak mendirekler, aquaparklar ve sahil i\u015fletmelerinin de y\u0131k\u0131lmas\u0131 gerekti\u011fini savundu.<\/p>\n<p>D\u0130POVA\u2019DAN TEPK\u0130<\/p>\n<p>Akdeniz \u00dcniversitesi \u0130n\u015faat M\u00fchendisli\u011fi B\u00f6l\u00fcm\u00fc\u2019nden Prof. Dr. Nihat Dipova ise falezlerin do\u011fal yap\u0131s\u0131n\u0131n y\u0131llard\u0131r \u00e7e\u015fitli m\u00fcdahalelerle bozuldu\u011funu s\u00f6ylemi\u015fti. Dipova, \u201cFalezlerin alt\u0131na iki otel taraf\u0131ndan turistleri denizle bulu\u015fturmak i\u00e7in t\u00fcnel yap\u0131ld\u0131\u011f\u0131n\u0131 \u00f6\u011frendik. Bu t\u00fcneller falezlerin jeolojik yap\u0131s\u0131n\u0131 tehdit ediyor. Kentte bu konunun tart\u0131\u015f\u0131lmas\u0131 gerekiyor\u201d demi\u015fti.<\/p>\n<p>TANITIM V\u0130DEOALARINA G\u0130RD\u0130<\/p>\n<p>K\u00f6rfez Gazetesi\u2019nin elde etti\u011fi g\u00f6r\u00fcnt\u00fclerde, otellerin zemin katlar\u0131ndan denize a\u00e7\u0131lan t\u00fcnellerin i\u00e7ten ayd\u0131nlat\u0131ld\u0131\u011f\u0131 ve turistlerin do\u011frudan denizle bulu\u015fturuldu\u011fu g\u00f6r\u00fclm\u00fc\u015ft\u00fc. \u00dc\u00e7 ki\u015finin yan yana ge\u00e7ebilece\u011fi geni\u015flikte in\u015fa edilen bu t\u00fcnellerin, otellerin tan\u0131t\u0131m videolar\u0131nda kullan\u0131l\u0131yor.<\/p>\n<p>\u200bAntalya\u2019da K\u00f6rfez Gazetesi\u2019nin g\u00fcndeme getirdi\u011fi falezlerdeki t\u00fcneller g\u00fcndemden d\u00fc\u015fm\u00fcyor. T\u00fcneller g\u00f6r\u00fcnt\u00fclenmenin ard\u0131ndan hem sosyal medyada hem de yerel televizyon programlar\u0131nda geni\u015f yer buldu.\u00a0<\/p>\n<p>\u200bHaberin Al\u0131nt\u0131land\u0131\u011f\u0131 Kaynak: www.antalyakorfez.com<\/p>","protected":false},"excerpt":{"rendered":"<p>Antalya\u2019n\u0131n simgesi haline gelen falezlerde a\u00e7\u0131lan gizli t\u00fcneller kamuoyunun g\u00fcndeminden d\u00fc\u015fm\u00fcyor. Do\u011fal sit alan\u0131 olarak koruma alt\u0131nda bulunan falezlerde, iki turistik tesisin denize ula\u015f\u0131m sa\u011flamak amac\u0131yla t\u00fcnel a\u00e7t\u0131\u011f\u0131 ortaya \u00e7\u0131km\u0131\u015ft\u0131. \u0130lk olarak K\u00f6rfez Gazetesi taraf\u0131ndan g\u00fcndeme getirilen olay, k\u0131sa s\u00fcrede b\u00fcy\u00fck yank\u0131 uyand\u0131rd\u0131. T\u00fcnellerin g\u00f6r\u00fcnt\u00fclenmesinin ard\u0131ndan hem sosyal medyada hem de yerel televizyon programlar\u0131nda geni\u015f yer buldu. T\u00dcNELLER G\u00dcNDEMDE Kanal V\u2019de yay\u0131nlanan \u201cHakan \u00c7\u0131rak ile G\u00fcne Bak\u0131\u015f\u201d program\u0131nda konu\u015fan gazeteci Hakan \u00c7\u0131rak, \u201cBu t\u00fcnelleri kim yapt\u0131ysa ciddi bir ceza almal\u0131. \u00dclkemizde kanunsuzluk yapan\u0131n yan\u0131na k\u00e2r kal\u0131yor. Art\u0131k \u00f6yle bir ceza verilmeli ki bir daha falezlere kazma bile vurulamas\u0131n\u201d diyerek tepkisini dile getirdi. HALKA KAPATIYORLAR Sosyal medyada binlerce kullan\u0131c\u0131 da falezlerdeki yap\u0131la\u015fmaya kar\u015f\u0131 \u00e7\u0131kt\u0131. Sosyal medya kullan\u0131c\u0131lar\u0131, \u201cOteller sahilleri halka kapat\u0131yor, belediyeler g\u00f6z yumuyor\u201d yorumlar\u0131 yap\u0131l\u0131rken, bir\u00e7ok ki\u015fi devletin bu duruma m\u00fcdahale etmesini talep etti. Baz\u0131 kullan\u0131c\u0131lar, ka\u00e7ak mendirekler, aquaparklar ve sahil i\u015fletmelerinin de y\u0131k\u0131lmas\u0131 gerekti\u011fini savundu. D\u0130POVA\u2019DAN TEPK\u0130 Akdeniz \u00dcniversitesi \u0130n\u015faat M\u00fchendisli\u011fi B\u00f6l\u00fcm\u00fc\u2019nden Prof. Dr. Nihat Dipova ise falezlerin do\u011fal yap\u0131s\u0131n\u0131n y\u0131llard\u0131r \u00e7e\u015fitli m\u00fcdahalelerle bozuldu\u011funu s\u00f6ylemi\u015fti. Dipova, \u201cFalezlerin alt\u0131na iki otel taraf\u0131ndan turistleri denizle bulu\u015fturmak i\u00e7in t\u00fcnel yap\u0131ld\u0131\u011f\u0131n\u0131 \u00f6\u011frendik. Bu t\u00fcneller falezlerin jeolojik yap\u0131s\u0131n\u0131 tehdit ediyor. Kentte bu konunun tart\u0131\u015f\u0131lmas\u0131 gerekiyor\u201d demi\u015fti. TANITIM V\u0130DEOALARINA G\u0130RD\u0130 K\u00f6rfez Gazetesi\u2019nin elde etti\u011fi g\u00f6r\u00fcnt\u00fclerde, &hellip;<\/p>","protected":false},"author":5,"featured_media":0,"comment_status":"","ping_status":"open","sticky":false,"template":"","format":"standard","meta":{"_acf_changed":false,"footnotes":""},"categories":[24],"tags":[],"class_list":["post-81270","post","type-post","status-publish","format-standard","has-post-thumbnail","hentry","category-gundem"],"acf":[],"yoast_head":"<!-- This site is optimized with the Yoast SEO Premium plugin v26.6 (Yoast SEO v27.1.1) - https:\/\/yoast.com\/product\/yoast-seo-premium-wordpress\/ -->\n<title>Antalya\u2019da falezlerdeki t\u00fcneller g\u00fcndemden d\u00fc\u015fm\u00fcyor: Televizyon program\u0131nda geni\u015f yer buldu! - Av. Deniz Can K\u0131z\u0131l<\/title>\n<meta name=\"robots\" content=\"index, follow, max-snippet:-1, max-image-preview:large, max-video-preview:-1\" \/>\n<link rel=\"canonical\" href=\"https:\/\/denizcankizil.tr\/ru\/haberler\/gundem\/antalyada-falezlerdeki-tuneller-gundemden-dusmuyor-televizyon-programinda-genis-yer-buldu\/\" \/>\n<meta property=\"og:locale\" content=\"ru_RU\" \/>\n<meta property=\"og:type\" content=\"article\" \/>\n<meta property=\"og:title\" content=\"Antalya\u2019da falezlerdeki t\u00fcneller g\u00fcndemden d\u00fc\u015fm\u00fcyor: Televizyon program\u0131nda geni\u015f yer buldu!\" \/>\n<meta property=\"og:description\" content=\"Antalya\u2019n\u0131n simgesi haline gelen falezlerde a\u00e7\u0131lan gizli t\u00fcneller kamuoyunun g\u00fcndeminden d\u00fc\u015fm\u00fcyor. Do\u011fal sit alan\u0131 olarak koruma alt\u0131nda bulunan falezlerde, iki turistik tesisin denize ula\u015f\u0131m sa\u011flamak amac\u0131yla t\u00fcnel a\u00e7t\u0131\u011f\u0131 ortaya \u00e7\u0131km\u0131\u015ft\u0131. \u0130lk olarak K\u00f6rfez Gazetesi taraf\u0131ndan g\u00fcndeme getirilen olay, k\u0131sa s\u00fcrede b\u00fcy\u00fck yank\u0131 uyand\u0131rd\u0131. T\u00fcnellerin g\u00f6r\u00fcnt\u00fclenmesinin ard\u0131ndan hem sosyal medyada hem de yerel televizyon programlar\u0131nda geni\u015f yer buldu. T\u00dcNELLER G\u00dcNDEMDE Kanal V\u2019de yay\u0131nlanan \u201cHakan \u00c7\u0131rak ile G\u00fcne Bak\u0131\u015f\u201d program\u0131nda konu\u015fan gazeteci Hakan \u00c7\u0131rak, \u201cBu t\u00fcnelleri kim yapt\u0131ysa ciddi bir ceza almal\u0131. \u00dclkemizde kanunsuzluk yapan\u0131n yan\u0131na k\u00e2r kal\u0131yor. Art\u0131k \u00f6yle bir ceza verilmeli ki bir daha falezlere kazma bile vurulamas\u0131n\u201d diyerek tepkisini dile getirdi. HALKA KAPATIYORLAR Sosyal medyada binlerce kullan\u0131c\u0131 da falezlerdeki yap\u0131la\u015fmaya kar\u015f\u0131 \u00e7\u0131kt\u0131. Sosyal medya kullan\u0131c\u0131lar\u0131, \u201cOteller sahilleri halka kapat\u0131yor, belediyeler g\u00f6z yumuyor\u201d yorumlar\u0131 yap\u0131l\u0131rken, bir\u00e7ok ki\u015fi devletin bu duruma m\u00fcdahale etmesini talep etti. Baz\u0131 kullan\u0131c\u0131lar, ka\u00e7ak mendirekler, aquaparklar ve sahil i\u015fletmelerinin de y\u0131k\u0131lmas\u0131 gerekti\u011fini savundu. D\u0130POVA\u2019DAN TEPK\u0130 Akdeniz \u00dcniversitesi \u0130n\u015faat M\u00fchendisli\u011fi B\u00f6l\u00fcm\u00fc\u2019nden Prof. Dr. Nihat Dipova ise falezlerin do\u011fal yap\u0131s\u0131n\u0131n y\u0131llard\u0131r \u00e7e\u015fitli m\u00fcdahalelerle bozuldu\u011funu s\u00f6ylemi\u015fti. Dipova, \u201cFalezlerin alt\u0131na iki otel taraf\u0131ndan turistleri denizle bulu\u015fturmak i\u00e7in t\u00fcnel yap\u0131ld\u0131\u011f\u0131n\u0131 \u00f6\u011frendik. Bu t\u00fcneller falezlerin jeolojik yap\u0131s\u0131n\u0131 tehdit ediyor. Kentte bu konunun tart\u0131\u015f\u0131lmas\u0131 gerekiyor\u201d demi\u015fti. TANITIM V\u0130DEOALARINA G\u0130RD\u0130 K\u00f6rfez Gazetesi\u2019nin elde etti\u011fi g\u00f6r\u00fcnt\u00fclerde, &hellip;\" \/>\n<meta property=\"og:url\" content=\"https:\/\/denizcankizil.tr\/ru\/haberler\/gundem\/antalyada-falezlerdeki-tuneller-gundemden-dusmuyor-televizyon-programinda-genis-yer-buldu\/\" \/>\n<meta property=\"og:site_name\" content=\"Av. Deniz Can K\u0131z\u0131l\" \/>\n<meta property=\"article:published_time\" content=\"2025-05-09T14:41:20+00:00\" \/>\n<meta name=\"author\" content=\"Antalya K\u00f6rfez\" \/>\n<meta name=\"twitter:card\" content=\"summary_large_image\" \/>\n<meta name=\"twitter:label1\" content=\"\u041d\u0430\u043f\u0438\u0441\u0430\u043d\u043e \u0430\u0432\u0442\u043e\u0440\u043e\u043c\" \/>\n\t<meta name=\"twitter:data1\" content=\"Antalya K\u00f6rfez\" \/>\n\t<meta name=\"twitter:label2\" content=\"\u041f\u0440\u0438\u043c\u0435\u0440\u043d\u043e\u0435 \u0432\u0440\u0435\u043c\u044f \u0434\u043b\u044f \u0447\u0442\u0435\u043d\u0438\u044f\" \/>\n\t<meta name=\"twitter:data2\" content=\"2 \u043c\u0438\u043d\u0443\u0442\u044b\" \/>\n<script type=\"application\/ld+json\" class=\"yoast-schema-graph\">{\"@context\":\"https:\/\/schema.org\",\"@graph\":[{\"@type\":\"Article\",\"@id\":\"https:\/\/denizcankizil.tr\/ru\/haberler\/gundem\/antalyada-falezlerdeki-tuneller-gundemden-dusmuyor-televizyon-programinda-genis-yer-buldu\/#article\",\"isPartOf\":{\"@id\":\"https:\/\/denizcankizil.tr\/ru\/haberler\/gundem\/antalyada-falezlerdeki-tuneller-gundemden-dusmuyor-televizyon-programinda-genis-yer-buldu\/\"},\"author\":{\"name\":\"Antalya K\u00f6rfez\",\"@id\":\"https:\/\/denizcankizil.tr\/#\/schema\/person\/e1eb71bb4dd684d46563f0af307e1234\"},\"headline\":\"Antalya\u2019da falezlerdeki t\u00fcneller g\u00fcndemden d\u00fc\u015fm\u00fcyor: Televizyon program\u0131nda geni\u015f yer buldu!\",\"datePublished\":\"2025-05-09T14:41:20+00:00\",\"mainEntityOfPage\":{\"@id\":\"https:\/\/denizcankizil.tr\/ru\/haberler\/gundem\/antalyada-falezlerdeki-tuneller-gundemden-dusmuyor-televizyon-programinda-genis-yer-buldu\/\"},\"wordCount\":414,\"publisher\":{\"@id\":\"https:\/\/denizcankizil.tr\/#organization\"},\"articleSection\":[\"G\u00fcndem\"],\"inLanguage\":\"ru-RU\"},{\"@type\":\"WebPage\",\"@id\":\"https:\/\/denizcankizil.tr\/ru\/haberler\/gundem\/antalyada-falezlerdeki-tuneller-gundemden-dusmuyor-televizyon-programinda-genis-yer-buldu\/\",\"url\":\"https:\/\/denizcankizil.tr\/ru\/haberler\/gundem\/antalyada-falezlerdeki-tuneller-gundemden-dusmuyor-televizyon-programinda-genis-yer-buldu\/\",\"name\":\"Antalya\u2019da falezlerdeki t\u00fcneller g\u00fcndemden d\u00fc\u015fm\u00fcyor: Televizyon program\u0131nda geni\u015f yer buldu! - Av. Deniz Can K\u0131z\u0131l\",\"isPartOf\":{\"@id\":\"https:\/\/denizcankizil.tr\/#website\"},\"datePublished\":\"2025-05-09T14:41:20+00:00\",\"breadcrumb\":{\"@id\":\"https:\/\/denizcankizil.tr\/ru\/haberler\/gundem\/antalyada-falezlerdeki-tuneller-gundemden-dusmuyor-televizyon-programinda-genis-yer-buldu\/#breadcrumb\"},\"inLanguage\":\"ru-RU\",\"potentialAction\":[{\"@type\":\"ReadAction\",\"target\":[\"https:\/\/denizcankizil.tr\/ru\/haberler\/gundem\/antalyada-falezlerdeki-tuneller-gundemden-dusmuyor-televizyon-programinda-genis-yer-buldu\/\"]}]},{\"@type\":\"BreadcrumbList\",\"@id\":\"https:\/\/denizcankizil.tr\/ru\/haberler\/gundem\/antalyada-falezlerdeki-tuneller-gundemden-dusmuyor-televizyon-programinda-genis-yer-buldu\/#breadcrumb\",\"itemListElement\":[{\"@type\":\"ListItem\",\"position\":1,\"name\":\"Home\",\"item\":\"https:\/\/denizcankizil.tr\/de\/\"},{\"@type\":\"ListItem\",\"position\":2,\"name\":\"Antalya\u2019da falezlerdeki t\u00fcneller g\u00fcndemden d\u00fc\u015fm\u00fcyor: Televizyon program\u0131nda geni\u015f yer buldu!\"}]},{\"@type\":\"WebSite\",\"@id\":\"https:\/\/denizcankizil.tr\/#website\",\"url\":\"https:\/\/denizcankizil.tr\/\",\"name\":\"Av. Deniz Can K\u0131z\u0131l\",\"description\":\"Avukat Deniz Can K\u0131z\u0131l Antalya Barosu\",\"publisher\":{\"@id\":\"https:\/\/denizcankizil.tr\/#organization\"},\"potentialAction\":[{\"@type\":\"SearchAction\",\"target\":{\"@type\":\"EntryPoint\",\"urlTemplate\":\"https:\/\/denizcankizil.tr\/?s={search_term_string}\"},\"query-input\":{\"@type\":\"PropertyValueSpecification\",\"valueRequired\":true,\"valueName\":\"search_term_string\"}}],\"inLanguage\":\"ru-RU\"},{\"@type\":\"Organization\",\"@id\":\"https:\/\/denizcankizil.tr\/#organization\",\"name\":\"Av. Deniz Can K\u0131z\u0131l\",\"url\":\"https:\/\/denizcankizil.tr\/\",\"logo\":{\"@type\":\"ImageObject\",\"inLanguage\":\"ru-RU\",\"@id\":\"https:\/\/denizcankizil.tr\/#\/schema\/logo\/image\/\",\"url\":\"https:\/\/denizcankizil.tr\/wp-content\/uploads\/2024\/10\/siyah-logo-svg.svg\",\"contentUrl\":\"https:\/\/denizcankizil.tr\/wp-content\/uploads\/2024\/10\/siyah-logo-svg.svg\",\"width\":1080,\"height\":1080,\"caption\":\"Av. Deniz Can K\u0131z\u0131l\"},\"image\":{\"@id\":\"https:\/\/denizcankizil.tr\/#\/schema\/logo\/image\/\"}},{\"@type\":\"Person\",\"@id\":\"https:\/\/denizcankizil.tr\/#\/schema\/person\/e1eb71bb4dd684d46563f0af307e1234\",\"name\":\"Antalya K\u00f6rfez\",\"image\":{\"@type\":\"ImageObject\",\"inLanguage\":\"ru-RU\",\"@id\":\"https:\/\/denizcankizil.tr\/#\/schema\/person\/image\/\",\"url\":\"https:\/\/secure.gravatar.com\/avatar\/42b01982558a48a0b501fdcab6a408d3717ea5919095ee2e67b0e521799c5905?s=96&d=mm&r=g\",\"contentUrl\":\"https:\/\/secure.gravatar.com\/avatar\/42b01982558a48a0b501fdcab6a408d3717ea5919095ee2e67b0e521799c5905?s=96&d=mm&r=g\",\"caption\":\"Antalya K\u00f6rfez\"},\"sameAs\":[\"http:\/\/www.antalyakorfez.com\"],\"url\":\"https:\/\/www.antalyakorfez.com\/antalyada-falezlerdeki-tuneller-gundemden-dusmuyor-televizyon-programinda-genis-yer-buldu\"}]}<\/script>\n<!-- \/ Yoast SEO Premium plugin. -->","yoast_head_json":{"title":"Antalya\u2019da falezlerdeki t\u00fcneller g\u00fcndemden d\u00fc\u015fm\u00fcyor: Televizyon program\u0131nda geni\u015f yer buldu! - Av. Deniz Can K\u0131z\u0131l","robots":{"index":"index","follow":"follow","max-snippet":"max-snippet:-1","max-image-preview":"max-image-preview:large","max-video-preview":"max-video-preview:-1"},"canonical":"https:\/\/denizcankizil.tr\/ru\/haberler\/gundem\/antalyada-falezlerdeki-tuneller-gundemden-dusmuyor-televizyon-programinda-genis-yer-buldu\/","og_locale":"ru_RU","og_type":"article","og_title":"Antalya\u2019da falezlerdeki t\u00fcneller g\u00fcndemden d\u00fc\u015fm\u00fcyor: Televizyon program\u0131nda geni\u015f yer buldu!","og_description":"Antalya\u2019n\u0131n simgesi haline gelen falezlerde a\u00e7\u0131lan gizli t\u00fcneller kamuoyunun g\u00fcndeminden d\u00fc\u015fm\u00fcyor. Do\u011fal sit alan\u0131 olarak koruma alt\u0131nda bulunan falezlerde, iki turistik tesisin denize ula\u015f\u0131m sa\u011flamak amac\u0131yla t\u00fcnel a\u00e7t\u0131\u011f\u0131 ortaya \u00e7\u0131km\u0131\u015ft\u0131. \u0130lk olarak K\u00f6rfez Gazetesi taraf\u0131ndan g\u00fcndeme getirilen olay, k\u0131sa s\u00fcrede b\u00fcy\u00fck yank\u0131 uyand\u0131rd\u0131. T\u00fcnellerin g\u00f6r\u00fcnt\u00fclenmesinin ard\u0131ndan hem sosyal medyada hem de yerel televizyon programlar\u0131nda geni\u015f yer buldu. T\u00dcNELLER G\u00dcNDEMDE Kanal V\u2019de yay\u0131nlanan \u201cHakan \u00c7\u0131rak ile G\u00fcne Bak\u0131\u015f\u201d program\u0131nda konu\u015fan gazeteci Hakan \u00c7\u0131rak, \u201cBu t\u00fcnelleri kim yapt\u0131ysa ciddi bir ceza almal\u0131. \u00dclkemizde kanunsuzluk yapan\u0131n yan\u0131na k\u00e2r kal\u0131yor. Art\u0131k \u00f6yle bir ceza verilmeli ki bir daha falezlere kazma bile vurulamas\u0131n\u201d diyerek tepkisini dile getirdi. HALKA KAPATIYORLAR Sosyal medyada binlerce kullan\u0131c\u0131 da falezlerdeki yap\u0131la\u015fmaya kar\u015f\u0131 \u00e7\u0131kt\u0131. Sosyal medya kullan\u0131c\u0131lar\u0131, \u201cOteller sahilleri halka kapat\u0131yor, belediyeler g\u00f6z yumuyor\u201d yorumlar\u0131 yap\u0131l\u0131rken, bir\u00e7ok ki\u015fi devletin bu duruma m\u00fcdahale etmesini talep etti. Baz\u0131 kullan\u0131c\u0131lar, ka\u00e7ak mendirekler, aquaparklar ve sahil i\u015fletmelerinin de y\u0131k\u0131lmas\u0131 gerekti\u011fini savundu. D\u0130POVA\u2019DAN TEPK\u0130 Akdeniz \u00dcniversitesi \u0130n\u015faat M\u00fchendisli\u011fi B\u00f6l\u00fcm\u00fc\u2019nden Prof. Dr. Nihat Dipova ise falezlerin do\u011fal yap\u0131s\u0131n\u0131n y\u0131llard\u0131r \u00e7e\u015fitli m\u00fcdahalelerle bozuldu\u011funu s\u00f6ylemi\u015fti. Dipova, \u201cFalezlerin alt\u0131na iki otel taraf\u0131ndan turistleri denizle bulu\u015fturmak i\u00e7in t\u00fcnel yap\u0131ld\u0131\u011f\u0131n\u0131 \u00f6\u011frendik. Bu t\u00fcneller falezlerin jeolojik yap\u0131s\u0131n\u0131 tehdit ediyor. Kentte bu konunun tart\u0131\u015f\u0131lmas\u0131 gerekiyor\u201d demi\u015fti. TANITIM V\u0130DEOALARINA G\u0130RD\u0130 K\u00f6rfez Gazetesi\u2019nin elde etti\u011fi g\u00f6r\u00fcnt\u00fclerde, &hellip;","og_url":"https:\/\/denizcankizil.tr\/ru\/haberler\/gundem\/antalyada-falezlerdeki-tuneller-gundemden-dusmuyor-televizyon-programinda-genis-yer-buldu\/","og_site_name":"Av. Deniz Can K\u0131z\u0131l","article_published_time":"2025-05-09T14:41:20+00:00","author":"Antalya K\u00f6rfez","twitter_card":"summary_large_image","twitter_misc":{"\u041d\u0430\u043f\u0438\u0441\u0430\u043d\u043e \u0430\u0432\u0442\u043e\u0440\u043e\u043c":"Antalya K\u00f6rfez","\u041f\u0440\u0438\u043c\u0435\u0440\u043d\u043e\u0435 \u0432\u0440\u0435\u043c\u044f \u0434\u043b\u044f \u0447\u0442\u0435\u043d\u0438\u044f":"2 \u043c\u0438\u043d\u0443\u0442\u044b"},"schema":{"@context":"https:\/\/schema.org","@graph":[{"@type":"Article","@id":"https:\/\/denizcankizil.tr\/ru\/haberler\/gundem\/antalyada-falezlerdeki-tuneller-gundemden-dusmuyor-televizyon-programinda-genis-yer-buldu\/#article","isPartOf":{"@id":"https:\/\/denizcankizil.tr\/ru\/haberler\/gundem\/antalyada-falezlerdeki-tuneller-gundemden-dusmuyor-televizyon-programinda-genis-yer-buldu\/"},"author":{"name":"Antalya K\u00f6rfez","@id":"https:\/\/denizcankizil.tr\/#\/schema\/person\/e1eb71bb4dd684d46563f0af307e1234"},"headline":"Antalya\u2019da falezlerdeki t\u00fcneller g\u00fcndemden d\u00fc\u015fm\u00fcyor: Televizyon program\u0131nda geni\u015f yer buldu!","datePublished":"2025-05-09T14:41:20+00:00","mainEntityOfPage":{"@id":"https:\/\/denizcankizil.tr\/ru\/haberler\/gundem\/antalyada-falezlerdeki-tuneller-gundemden-dusmuyor-televizyon-programinda-genis-yer-buldu\/"},"wordCount":414,"publisher":{"@id":"https:\/\/denizcankizil.tr\/#organization"},"articleSection":["G\u00fcndem"],"inLanguage":"ru-RU"},{"@type":"WebPage","@id":"https:\/\/denizcankizil.tr\/ru\/haberler\/gundem\/antalyada-falezlerdeki-tuneller-gundemden-dusmuyor-televizyon-programinda-genis-yer-buldu\/","url":"https:\/\/denizcankizil.tr\/ru\/haberler\/gundem\/antalyada-falezlerdeki-tuneller-gundemden-dusmuyor-televizyon-programinda-genis-yer-buldu\/","name":"Antalya\u2019da falezlerdeki t\u00fcneller g\u00fcndemden d\u00fc\u015fm\u00fcyor: Televizyon program\u0131nda geni\u015f yer buldu! - Av. Deniz Can K\u0131z\u0131l","isPartOf":{"@id":"https:\/\/denizcankizil.tr\/#website"},"datePublished":"2025-05-09T14:41:20+00:00","breadcrumb":{"@id":"https:\/\/denizcankizil.tr\/ru\/haberler\/gundem\/antalyada-falezlerdeki-tuneller-gundemden-dusmuyor-televizyon-programinda-genis-yer-buldu\/#breadcrumb"},"inLanguage":"ru-RU","potentialAction":[{"@type":"ReadAction","target":["https:\/\/denizcankizil.tr\/ru\/haberler\/gundem\/antalyada-falezlerdeki-tuneller-gundemden-dusmuyor-televizyon-programinda-genis-yer-buldu\/"]}]},{"@type":"BreadcrumbList","@id":"https:\/\/denizcankizil.tr\/ru\/haberler\/gundem\/antalyada-falezlerdeki-tuneller-gundemden-dusmuyor-televizyon-programinda-genis-yer-buldu\/#breadcrumb","itemListElement":[{"@type":"ListItem","position":1,"name":"Home","item":"https:\/\/denizcankizil.tr\/de\/"},{"@type":"ListItem","position":2,"name":"Antalya\u2019da falezlerdeki t\u00fcneller g\u00fcndemden d\u00fc\u015fm\u00fcyor: Televizyon program\u0131nda geni\u015f yer buldu!"}]},{"@type":"WebSite","@id":"https:\/\/denizcankizil.tr\/#website","url":"https:\/\/denizcankizil.tr\/","name":"Av. Deniz Can K\u0131z\u0131l","description":"Avukat Deniz Can K\u0131z\u0131l Antalya Barosu","publisher":{"@id":"https:\/\/denizcankizil.tr\/#organization"},"potentialAction":[{"@type":"SearchAction","target":{"@type":"EntryPoint","urlTemplate":"https:\/\/denizcankizil.tr\/?s={search_term_string}"},"query-input":{"@type":"PropertyValueSpecification","valueRequired":true,"valueName":"search_term_string"}}],"inLanguage":"ru-RU"},{"@type":"Organization","@id":"https:\/\/denizcankizil.tr\/#organization","name":"Av. Deniz Can K\u0131z\u0131l","url":"https:\/\/denizcankizil.tr\/","logo":{"@type":"ImageObject","inLanguage":"ru-RU","@id":"https:\/\/denizcankizil.tr\/#\/schema\/logo\/image\/","url":"https:\/\/denizcankizil.tr\/wp-content\/uploads\/2024\/10\/siyah-logo-svg.svg","contentUrl":"https:\/\/denizcankizil.tr\/wp-content\/uploads\/2024\/10\/siyah-logo-svg.svg","width":1080,"height":1080,"caption":"Av. Deniz Can K\u0131z\u0131l"},"image":{"@id":"https:\/\/denizcankizil.tr\/#\/schema\/logo\/image\/"}},{"@type":"Person","@id":"https:\/\/denizcankizil.tr\/#\/schema\/person\/e1eb71bb4dd684d46563f0af307e1234","name":"Antalya K\u00f6rfez","image":{"@type":"ImageObject","inLanguage":"ru-RU","@id":"https:\/\/denizcankizil.tr\/#\/schema\/person\/image\/","url":"https:\/\/secure.gravatar.com\/avatar\/42b01982558a48a0b501fdcab6a408d3717ea5919095ee2e67b0e521799c5905?s=96&d=mm&r=g","contentUrl":"https:\/\/secure.gravatar.com\/avatar\/42b01982558a48a0b501fdcab6a408d3717ea5919095ee2e67b0e521799c5905?s=96&d=mm&r=g","caption":"Antalya K\u00f6rfez"},"sameAs":["http:\/\/www.antalyakorfez.com"],"url":"https:\/\/www.antalyakorfez.com\/antalyada-falezlerdeki-tuneller-gundemden-dusmuyor-televizyon-programinda-genis-yer-buldu"}]}},"_links":{"self":[{"href":"https:\/\/denizcankizil.tr\/ru\/wp-json\/wp\/v2\/posts\/81270","targetHints":{"allow":["GET"]}}],"collection":[{"href":"https:\/\/denizcankizil.tr\/ru\/wp-json\/wp\/v2\/posts"}],"about":[{"href":"https:\/\/denizcankizil.tr\/ru\/wp-json\/wp\/v2\/types\/post"}],"author":[{"embeddable":true,"href":"https:\/\/denizcankizil.tr\/ru\/wp-json\/wp\/v2\/users\/5"}],"replies":[{"embeddable":true,"href":"https:\/\/denizcankizil.tr\/ru\/wp-json\/wp\/v2\/comments?post=81270"}],"version-history":[{"count":0,"href":"https:\/\/denizcankizil.tr\/ru\/wp-json\/wp\/v2\/posts\/81270\/revisions"}],"wp:attachment":[{"href":"https:\/\/denizcankizil.tr\/ru\/wp-json\/wp\/v2\/media?parent=81270"}],"wp:term":[{"taxonomy":"category","embeddable":true,"href":"https:\/\/denizcankizil.tr\/ru\/wp-json\/wp\/v2\/categories?post=81270"},{"taxonomy":"post_tag","embeddable":true,"href":"https:\/\/denizcankizil.tr\/ru\/wp-json\/wp\/v2\/tags?post=81270"}],"curies":[{"name":"wp","href":"https:\/\/api.w.org\/{rel}","templated":true}]}}