{"id":81219,"date":"2025-05-09T15:42:23","date_gmt":"2025-05-09T12:42:23","guid":{"rendered":"https:\/\/denizcankizil.tr\/uncategorized-tr\/antakya-cevreyolunda-tek-tarafli-kamyon-kazasi\/"},"modified":"2025-05-09T15:42:23","modified_gmt":"2025-05-09T12:42:23","slug":"antakya-cevreyolunda-tek-tarafli-kamyon-kazasi","status":"publish","type":"post","link":"https:\/\/denizcankizil.tr\/ru\/haberler\/gundem\/antakya-cevreyolunda-tek-tarafli-kamyon-kazasi\/","title":{"rendered":"Antakya \u00c7evreyolunda tek tarafl\u0131 kamyon kazas\u0131&#8230;"},"content":{"rendered":"<p>Kontrolden \u00e7\u0131kan kamyon, bariyerler sayesinde \u00fcst ge\u00e7itten alt yola devrilmekten son anda kurtulurken, olayda ara\u00e7 s\u00fcr\u00fcc\u00fcs\u00fc hafif \u015fekilde yaraland\u0131. \u0130hbar \u00fczerine olay yerine sa\u011fl\u0131k ve polis ekipleri sevk edildi.<\/p>\n<p>Yaral\u0131 s\u00fcr\u00fcc\u00fc, sa\u011fl\u0131k ekiplerinin ilk m\u00fcdahalesinin ard\u0131ndan tedavi alt\u0131na al\u0131nd\u0131. Polis ekipleri kaza yerinde gerekli g\u00fcvenlik \u00f6nlemlerini alarak trafik ak\u0131\u015f\u0131n\u0131 kontroll\u00fc \u015fekilde sa\u011flad\u0131. Olayla ilgili soru\u015fturma ba\u015flat\u0131ld\u0131.<\/p>\n<p>\u200bHatay\u2019\u0131n Antakya il\u00e7esinde, \u00c7evreyolu Kisecik \u00dcst Ge\u00e7idi \u00fczerinde meydana gelen trafik kazas\u0131nda bir hafriyat kamyonu s\u00fcr\u00fcc\u00fcs\u00fc direksiyon hakimiyetini kaybederek orta ref\u00fcj\u00fc a\u015ft\u0131 ve kar\u015f\u0131 \u015feride ge\u00e7ti.\u00a0<\/p>\n<p>\u200bHaberin Al\u0131nt\u0131land\u0131\u011f\u0131 Kaynak: www.iskenderun.org<\/p>","protected":false},"excerpt":{"rendered":"<p>Kontrolden \u00e7\u0131kan kamyon, bariyerler sayesinde \u00fcst ge\u00e7itten alt yola devrilmekten son anda kurtulurken, olayda ara\u00e7 s\u00fcr\u00fcc\u00fcs\u00fc hafif \u015fekilde yaraland\u0131. \u0130hbar \u00fczerine olay yerine sa\u011fl\u0131k ve polis ekipleri sevk edildi. Yaral\u0131 s\u00fcr\u00fcc\u00fc, sa\u011fl\u0131k ekiplerinin ilk m\u00fcdahalesinin ard\u0131ndan tedavi alt\u0131na al\u0131nd\u0131. Polis ekipleri kaza yerinde gerekli g\u00fcvenlik \u00f6nlemlerini alarak trafik ak\u0131\u015f\u0131n\u0131 kontroll\u00fc \u015fekilde sa\u011flad\u0131. Olayla ilgili soru\u015fturma ba\u015flat\u0131ld\u0131. \u200bHatay\u2019\u0131n Antakya il\u00e7esinde, \u00c7evreyolu Kisecik \u00dcst Ge\u00e7idi \u00fczerinde meydana gelen trafik kazas\u0131nda bir hafriyat kamyonu s\u00fcr\u00fcc\u00fcs\u00fc direksiyon hakimiyetini kaybederek orta ref\u00fcj\u00fc a\u015ft\u0131 ve kar\u015f\u0131 \u015feride ge\u00e7ti.\u00a0 \u200bHaberin Al\u0131nt\u0131land\u0131\u011f\u0131 Kaynak: www.iskenderun.org<\/p>","protected":false},"author":1,"featured_media":0,"comment_status":"","ping_status":"open","sticky":false,"template":"","format":"standard","meta":{"_acf_changed":false,"footnotes":""},"categories":[24],"tags":[],"class_list":["post-81219","post","type-post","status-publish","format-standard","has-post-thumbnail","hentry","category-gundem"],"acf":[],"yoast_head":"<!-- This site is optimized with the Yoast SEO Premium plugin v26.6 (Yoast SEO v27.1.1) - https:\/\/yoast.com\/product\/yoast-seo-premium-wordpress\/ -->\n<title>Antakya \u00c7evreyolunda tek tarafl\u0131 kamyon kazas\u0131... - Av. Deniz Can K\u0131z\u0131l<\/title>\n<meta name=\"robots\" content=\"index, follow, max-snippet:-1, max-image-preview:large, max-video-preview:-1\" \/>\n<link rel=\"canonical\" href=\"https:\/\/denizcankizil.tr\/ru\/haberler\/gundem\/antakya-cevreyolunda-tek-tarafli-kamyon-kazasi\/\" \/>\n<meta property=\"og:locale\" content=\"ru_RU\" \/>\n<meta property=\"og:type\" content=\"article\" \/>\n<meta property=\"og:title\" content=\"Antakya \u00c7evreyolunda tek tarafl\u0131 kamyon kazas\u0131...\" \/>\n<meta property=\"og:description\" content=\"Kontrolden \u00e7\u0131kan kamyon, bariyerler sayesinde \u00fcst ge\u00e7itten alt yola devrilmekten son anda kurtulurken, olayda ara\u00e7 s\u00fcr\u00fcc\u00fcs\u00fc hafif \u015fekilde yaraland\u0131. \u0130hbar \u00fczerine olay yerine sa\u011fl\u0131k ve polis ekipleri sevk edildi. Yaral\u0131 s\u00fcr\u00fcc\u00fc, sa\u011fl\u0131k ekiplerinin ilk m\u00fcdahalesinin ard\u0131ndan tedavi alt\u0131na al\u0131nd\u0131. Polis ekipleri kaza yerinde gerekli g\u00fcvenlik \u00f6nlemlerini alarak trafik ak\u0131\u015f\u0131n\u0131 kontroll\u00fc \u015fekilde sa\u011flad\u0131. Olayla ilgili soru\u015fturma ba\u015flat\u0131ld\u0131. \u200bHatay\u2019\u0131n Antakya il\u00e7esinde, \u00c7evreyolu Kisecik \u00dcst Ge\u00e7idi \u00fczerinde meydana gelen trafik kazas\u0131nda bir hafriyat kamyonu s\u00fcr\u00fcc\u00fcs\u00fc direksiyon hakimiyetini kaybederek orta ref\u00fcj\u00fc a\u015ft\u0131 ve kar\u015f\u0131 \u015feride ge\u00e7ti.\u00a0 \u200bHaberin Al\u0131nt\u0131land\u0131\u011f\u0131 Kaynak: www.iskenderun.org\" \/>\n<meta property=\"og:url\" content=\"https:\/\/denizcankizil.tr\/ru\/haberler\/gundem\/antakya-cevreyolunda-tek-tarafli-kamyon-kazasi\/\" \/>\n<meta property=\"og:site_name\" content=\"Av. Deniz Can K\u0131z\u0131l\" \/>\n<meta property=\"article:published_time\" content=\"2025-05-09T12:42:23+00:00\" \/>\n<meta name=\"author\" content=\"admin\" \/>\n<meta name=\"twitter:card\" content=\"summary_large_image\" \/>\n<meta name=\"twitter:label1\" content=\"\u041d\u0430\u043f\u0438\u0441\u0430\u043d\u043e \u0430\u0432\u0442\u043e\u0440\u043e\u043c\" \/>\n\t<meta name=\"twitter:data1\" content=\"admin\" \/>\n\t<meta name=\"twitter:label2\" content=\"\u041f\u0440\u0438\u043c\u0435\u0440\u043d\u043e\u0435 \u0432\u0440\u0435\u043c\u044f \u0434\u043b\u044f \u0447\u0442\u0435\u043d\u0438\u044f\" \/>\n\t<meta name=\"twitter:data2\" content=\"1 \u043c\u0438\u043d\u0443\u0442\u0430\" \/>\n<script type=\"application\/ld+json\" class=\"yoast-schema-graph\">{\"@context\":\"https:\/\/schema.org\",\"@graph\":[{\"@type\":\"Article\",\"@id\":\"https:\/\/denizcankizil.tr\/ru\/haberler\/gundem\/antakya-cevreyolunda-tek-tarafli-kamyon-kazasi\/#article\",\"isPartOf\":{\"@id\":\"https:\/\/denizcankizil.tr\/ru\/haberler\/gundem\/antakya-cevreyolunda-tek-tarafli-kamyon-kazasi\/\"},\"author\":{\"name\":\"admin\",\"@id\":\"https:\/\/denizcankizil.tr\/#\/schema\/person\/be3c05fe6a12686905512445d8185489\"},\"headline\":\"Antakya \u00c7evreyolunda tek tarafl\u0131 kamyon kazas\u0131&#8230;\",\"datePublished\":\"2025-05-09T12:42:23+00:00\",\"mainEntityOfPage\":{\"@id\":\"https:\/\/denizcankizil.tr\/ru\/haberler\/gundem\/antakya-cevreyolunda-tek-tarafli-kamyon-kazasi\/\"},\"wordCount\":126,\"publisher\":{\"@id\":\"https:\/\/denizcankizil.tr\/#organization\"},\"articleSection\":[\"G\u00fcndem\"],\"inLanguage\":\"ru-RU\"},{\"@type\":\"WebPage\",\"@id\":\"https:\/\/denizcankizil.tr\/ru\/haberler\/gundem\/antakya-cevreyolunda-tek-tarafli-kamyon-kazasi\/\",\"url\":\"https:\/\/denizcankizil.tr\/ru\/haberler\/gundem\/antakya-cevreyolunda-tek-tarafli-kamyon-kazasi\/\",\"name\":\"Antakya \u00c7evreyolunda tek tarafl\u0131 kamyon kazas\u0131... - Av. Deniz Can K\u0131z\u0131l\",\"isPartOf\":{\"@id\":\"https:\/\/denizcankizil.tr\/#website\"},\"datePublished\":\"2025-05-09T12:42:23+00:00\",\"breadcrumb\":{\"@id\":\"https:\/\/denizcankizil.tr\/ru\/haberler\/gundem\/antakya-cevreyolunda-tek-tarafli-kamyon-kazasi\/#breadcrumb\"},\"inLanguage\":\"ru-RU\",\"potentialAction\":[{\"@type\":\"ReadAction\",\"target\":[\"https:\/\/denizcankizil.tr\/ru\/haberler\/gundem\/antakya-cevreyolunda-tek-tarafli-kamyon-kazasi\/\"]}]},{\"@type\":\"BreadcrumbList\",\"@id\":\"https:\/\/denizcankizil.tr\/ru\/haberler\/gundem\/antakya-cevreyolunda-tek-tarafli-kamyon-kazasi\/#breadcrumb\",\"itemListElement\":[{\"@type\":\"ListItem\",\"position\":1,\"name\":\"Home\",\"item\":\"https:\/\/denizcankizil.tr\/de\/\"},{\"@type\":\"ListItem\",\"position\":2,\"name\":\"Antakya \u00c7evreyolunda tek tarafl\u0131 kamyon kazas\u0131&#8230;\"}]},{\"@type\":\"WebSite\",\"@id\":\"https:\/\/denizcankizil.tr\/#website\",\"url\":\"https:\/\/denizcankizil.tr\/\",\"name\":\"Av. Deniz Can K\u0131z\u0131l\",\"description\":\"Avukat Deniz Can K\u0131z\u0131l Antalya Barosu\",\"publisher\":{\"@id\":\"https:\/\/denizcankizil.tr\/#organization\"},\"potentialAction\":[{\"@type\":\"SearchAction\",\"target\":{\"@type\":\"EntryPoint\",\"urlTemplate\":\"https:\/\/denizcankizil.tr\/?s={search_term_string}\"},\"query-input\":{\"@type\":\"PropertyValueSpecification\",\"valueRequired\":true,\"valueName\":\"search_term_string\"}}],\"inLanguage\":\"ru-RU\"},{\"@type\":\"Organization\",\"@id\":\"https:\/\/denizcankizil.tr\/#organization\",\"name\":\"Av. Deniz Can K\u0131z\u0131l\",\"url\":\"https:\/\/denizcankizil.tr\/\",\"logo\":{\"@type\":\"ImageObject\",\"inLanguage\":\"ru-RU\",\"@id\":\"https:\/\/denizcankizil.tr\/#\/schema\/logo\/image\/\",\"url\":\"https:\/\/denizcankizil.tr\/wp-content\/uploads\/2024\/10\/siyah-logo-svg.svg\",\"contentUrl\":\"https:\/\/denizcankizil.tr\/wp-content\/uploads\/2024\/10\/siyah-logo-svg.svg\",\"width\":1080,\"height\":1080,\"caption\":\"Av. Deniz Can K\u0131z\u0131l\"},\"image\":{\"@id\":\"https:\/\/denizcankizil.tr\/#\/schema\/logo\/image\/\"}},{\"@type\":\"Person\",\"@id\":\"https:\/\/denizcankizil.tr\/#\/schema\/person\/be3c05fe6a12686905512445d8185489\",\"name\":\"admin\",\"image\":{\"@type\":\"ImageObject\",\"inLanguage\":\"ru-RU\",\"@id\":\"https:\/\/denizcankizil.tr\/#\/schema\/person\/image\/\",\"url\":\"https:\/\/secure.gravatar.com\/avatar\/c1fce94c830dc79107e174f890d7210541c4a63e8e5d816341794a2151c9d58c?s=96&d=mm&r=g\",\"contentUrl\":\"https:\/\/secure.gravatar.com\/avatar\/c1fce94c830dc79107e174f890d7210541c4a63e8e5d816341794a2151c9d58c?s=96&d=mm&r=g\",\"caption\":\"admin\"},\"sameAs\":[\"http:\/\/denizcankizil.tr\"],\"url\":\"https:\/\/www.iskenderun.org\/antakya-cevreyolunda-tek-tarafli-kamyon-kazasi\"}]}<\/script>\n<!-- \/ Yoast SEO Premium plugin. -->","yoast_head_json":{"title":"Antakya \u00c7evreyolunda tek tarafl\u0131 kamyon kazas\u0131... - Av. Deniz Can K\u0131z\u0131l","robots":{"index":"index","follow":"follow","max-snippet":"max-snippet:-1","max-image-preview":"max-image-preview:large","max-video-preview":"max-video-preview:-1"},"canonical":"https:\/\/denizcankizil.tr\/ru\/haberler\/gundem\/antakya-cevreyolunda-tek-tarafli-kamyon-kazasi\/","og_locale":"ru_RU","og_type":"article","og_title":"Antakya \u00c7evreyolunda tek tarafl\u0131 kamyon kazas\u0131...","og_description":"Kontrolden \u00e7\u0131kan kamyon, bariyerler sayesinde \u00fcst ge\u00e7itten alt yola devrilmekten son anda kurtulurken, olayda ara\u00e7 s\u00fcr\u00fcc\u00fcs\u00fc hafif \u015fekilde yaraland\u0131. \u0130hbar \u00fczerine olay yerine sa\u011fl\u0131k ve polis ekipleri sevk edildi. Yaral\u0131 s\u00fcr\u00fcc\u00fc, sa\u011fl\u0131k ekiplerinin ilk m\u00fcdahalesinin ard\u0131ndan tedavi alt\u0131na al\u0131nd\u0131. Polis ekipleri kaza yerinde gerekli g\u00fcvenlik \u00f6nlemlerini alarak trafik ak\u0131\u015f\u0131n\u0131 kontroll\u00fc \u015fekilde sa\u011flad\u0131. Olayla ilgili soru\u015fturma ba\u015flat\u0131ld\u0131. \u200bHatay\u2019\u0131n Antakya il\u00e7esinde, \u00c7evreyolu Kisecik \u00dcst Ge\u00e7idi \u00fczerinde meydana gelen trafik kazas\u0131nda bir hafriyat kamyonu s\u00fcr\u00fcc\u00fcs\u00fc direksiyon hakimiyetini kaybederek orta ref\u00fcj\u00fc a\u015ft\u0131 ve kar\u015f\u0131 \u015feride ge\u00e7ti.\u00a0 \u200bHaberin Al\u0131nt\u0131land\u0131\u011f\u0131 Kaynak: www.iskenderun.org","og_url":"https:\/\/denizcankizil.tr\/ru\/haberler\/gundem\/antakya-cevreyolunda-tek-tarafli-kamyon-kazasi\/","og_site_name":"Av. Deniz Can K\u0131z\u0131l","article_published_time":"2025-05-09T12:42:23+00:00","author":"admin","twitter_card":"summary_large_image","twitter_misc":{"\u041d\u0430\u043f\u0438\u0441\u0430\u043d\u043e \u0430\u0432\u0442\u043e\u0440\u043e\u043c":"admin","\u041f\u0440\u0438\u043c\u0435\u0440\u043d\u043e\u0435 \u0432\u0440\u0435\u043c\u044f \u0434\u043b\u044f \u0447\u0442\u0435\u043d\u0438\u044f":"1 \u043c\u0438\u043d\u0443\u0442\u0430"},"schema":{"@context":"https:\/\/schema.org","@graph":[{"@type":"Article","@id":"https:\/\/denizcankizil.tr\/ru\/haberler\/gundem\/antakya-cevreyolunda-tek-tarafli-kamyon-kazasi\/#article","isPartOf":{"@id":"https:\/\/denizcankizil.tr\/ru\/haberler\/gundem\/antakya-cevreyolunda-tek-tarafli-kamyon-kazasi\/"},"author":{"name":"admin","@id":"https:\/\/denizcankizil.tr\/#\/schema\/person\/be3c05fe6a12686905512445d8185489"},"headline":"Antakya \u00c7evreyolunda tek tarafl\u0131 kamyon kazas\u0131&#8230;","datePublished":"2025-05-09T12:42:23+00:00","mainEntityOfPage":{"@id":"https:\/\/denizcankizil.tr\/ru\/haberler\/gundem\/antakya-cevreyolunda-tek-tarafli-kamyon-kazasi\/"},"wordCount":126,"publisher":{"@id":"https:\/\/denizcankizil.tr\/#organization"},"articleSection":["G\u00fcndem"],"inLanguage":"ru-RU"},{"@type":"WebPage","@id":"https:\/\/denizcankizil.tr\/ru\/haberler\/gundem\/antakya-cevreyolunda-tek-tarafli-kamyon-kazasi\/","url":"https:\/\/denizcankizil.tr\/ru\/haberler\/gundem\/antakya-cevreyolunda-tek-tarafli-kamyon-kazasi\/","name":"Antakya \u00c7evreyolunda tek tarafl\u0131 kamyon kazas\u0131... - Av. Deniz Can K\u0131z\u0131l","isPartOf":{"@id":"https:\/\/denizcankizil.tr\/#website"},"datePublished":"2025-05-09T12:42:23+00:00","breadcrumb":{"@id":"https:\/\/denizcankizil.tr\/ru\/haberler\/gundem\/antakya-cevreyolunda-tek-tarafli-kamyon-kazasi\/#breadcrumb"},"inLanguage":"ru-RU","potentialAction":[{"@type":"ReadAction","target":["https:\/\/denizcankizil.tr\/ru\/haberler\/gundem\/antakya-cevreyolunda-tek-tarafli-kamyon-kazasi\/"]}]},{"@type":"BreadcrumbList","@id":"https:\/\/denizcankizil.tr\/ru\/haberler\/gundem\/antakya-cevreyolunda-tek-tarafli-kamyon-kazasi\/#breadcrumb","itemListElement":[{"@type":"ListItem","position":1,"name":"Home","item":"https:\/\/denizcankizil.tr\/de\/"},{"@type":"ListItem","position":2,"name":"Antakya \u00c7evreyolunda tek tarafl\u0131 kamyon kazas\u0131&#8230;"}]},{"@type":"WebSite","@id":"https:\/\/denizcankizil.tr\/#website","url":"https:\/\/denizcankizil.tr\/","name":"Av. Deniz Can K\u0131z\u0131l","description":"Avukat Deniz Can K\u0131z\u0131l Antalya Barosu","publisher":{"@id":"https:\/\/denizcankizil.tr\/#organization"},"potentialAction":[{"@type":"SearchAction","target":{"@type":"EntryPoint","urlTemplate":"https:\/\/denizcankizil.tr\/?s={search_term_string}"},"query-input":{"@type":"PropertyValueSpecification","valueRequired":true,"valueName":"search_term_string"}}],"inLanguage":"ru-RU"},{"@type":"Organization","@id":"https:\/\/denizcankizil.tr\/#organization","name":"Av. Deniz Can K\u0131z\u0131l","url":"https:\/\/denizcankizil.tr\/","logo":{"@type":"ImageObject","inLanguage":"ru-RU","@id":"https:\/\/denizcankizil.tr\/#\/schema\/logo\/image\/","url":"https:\/\/denizcankizil.tr\/wp-content\/uploads\/2024\/10\/siyah-logo-svg.svg","contentUrl":"https:\/\/denizcankizil.tr\/wp-content\/uploads\/2024\/10\/siyah-logo-svg.svg","width":1080,"height":1080,"caption":"Av. Deniz Can K\u0131z\u0131l"},"image":{"@id":"https:\/\/denizcankizil.tr\/#\/schema\/logo\/image\/"}},{"@type":"Person","@id":"https:\/\/denizcankizil.tr\/#\/schema\/person\/be3c05fe6a12686905512445d8185489","name":"\u0430\u0434\u043c\u0438\u043d","image":{"@type":"ImageObject","inLanguage":"ru-RU","@id":"https:\/\/denizcankizil.tr\/#\/schema\/person\/image\/","url":"https:\/\/secure.gravatar.com\/avatar\/c1fce94c830dc79107e174f890d7210541c4a63e8e5d816341794a2151c9d58c?s=96&d=mm&r=g","contentUrl":"https:\/\/secure.gravatar.com\/avatar\/c1fce94c830dc79107e174f890d7210541c4a63e8e5d816341794a2151c9d58c?s=96&d=mm&r=g","caption":"admin"},"sameAs":["http:\/\/denizcankizil.tr"],"url":"https:\/\/www.iskenderun.org\/antakya-cevreyolunda-tek-tarafli-kamyon-kazasi"}]}},"_links":{"self":[{"href":"https:\/\/denizcankizil.tr\/ru\/wp-json\/wp\/v2\/posts\/81219","targetHints":{"allow":["GET"]}}],"collection":[{"href":"https:\/\/denizcankizil.tr\/ru\/wp-json\/wp\/v2\/posts"}],"about":[{"href":"https:\/\/denizcankizil.tr\/ru\/wp-json\/wp\/v2\/types\/post"}],"author":[{"embeddable":true,"href":"https:\/\/denizcankizil.tr\/ru\/wp-json\/wp\/v2\/users\/1"}],"replies":[{"embeddable":true,"href":"https:\/\/denizcankizil.tr\/ru\/wp-json\/wp\/v2\/comments?post=81219"}],"version-history":[{"count":0,"href":"https:\/\/denizcankizil.tr\/ru\/wp-json\/wp\/v2\/posts\/81219\/revisions"}],"wp:attachment":[{"href":"https:\/\/denizcankizil.tr\/ru\/wp-json\/wp\/v2\/media?parent=81219"}],"wp:term":[{"taxonomy":"category","embeddable":true,"href":"https:\/\/denizcankizil.tr\/ru\/wp-json\/wp\/v2\/categories?post=81219"},{"taxonomy":"post_tag","embeddable":true,"href":"https:\/\/denizcankizil.tr\/ru\/wp-json\/wp\/v2\/tags?post=81219"}],"curies":[{"name":"wp","href":"https:\/\/api.w.org\/{rel}","templated":true}]}}