{"id":79837,"date":"2025-05-08T10:42:50","date_gmt":"2025-05-08T07:42:50","guid":{"rendered":"https:\/\/denizcankizil.tr\/uncategorized-tr\/jav-yerleskesi-100-yil-koyunun-2-faz-acilisi-gerceklesti\/"},"modified":"2025-05-08T10:42:50","modified_gmt":"2025-05-08T07:42:50","slug":"jav-yerleskesi-100-yil-koyunun-2-faz-acilisi-gerceklesti","status":"publish","type":"post","link":"https:\/\/denizcankizil.tr\/ru\/haberler\/gundem\/jav-yerleskesi-100-yil-koyunun-2-faz-acilisi-gerceklesti\/","title":{"rendered":"JAV Yerle\u015fkesi 100. Y\u0131l K\u00f6y\u00fc&#8217;n\u00fcn 2. Faz A\u00e7\u0131l\u0131\u015f\u0131 Ger\u00e7ekle\u015fti"},"content":{"rendered":"<p>6 \u015eubat depremlerinin y\u0131k\u0131c\u0131 etkisini en derinden hisseden \u015fehirlerden Hatay\u2019da depremden etkilenenler i\u00e7in kal\u0131c\u0131 ve dayan\u0131\u015fma temelli ya\u015fam alanlar\u0131 yaratmay\u0131 ama\u00e7layan projede, ilk faz\u0131n ard\u0131ndan be\u015f bu\u00e7uk ay gibi k\u0131sa bir s\u00fcrede Jandarma Asayi\u015f Vakf\u0131(JAV) Yerle\u015fkesi ad\u0131 verilen alanda 66 yeni konut daha kullan\u0131ma sunuldu.<\/p>\n<p>JAV Yerle\u015fkesi 100. Y\u0131l K\u00f6y\u00fc\u2019n\u00fcn 2. Faz A\u00e7\u0131l\u0131\u015f t\u00f6renine Hatay Valisi Mustafa Masatl\u0131, Hatay MK\u00dc Rekt\u00f6r\u00fc Prof. Dr. Veysel Eren, Hatay \u0130l Jandarma Komutan\u0131 Tu\u011fgeneral \u00d6mer Ersever, Jandarma Asayi\u015f Vakf\u0131 Genel M\u00fcd\u00fcr\u00fc Mehmet Boyraz, projeye destek veren T\u00fcmen Ailesi, Blocks for Hope g\u00f6n\u00fcll\u00fcleri, G\u00fclmek \u0130yile\u015ftirir Derne\u011fi ve bir\u00e7ok destek\u00e7i kat\u0131ld\u0131. A\u00e7\u0131l\u0131\u015f\u0131n sunuculu\u011funu \u00fcstlenen G\u00fclmek \u0130yile\u015ftirir Derne\u011fi\u2019nden sanat\u00e7\u0131 \u0130lker Ayr\u0131k, program boyunca esprileriyle salona ne\u015fe sa\u00e7t\u0131.<\/p>\n<p>\u200bHatay Mustafa Kemal \u00dcniversitesi(MK\u00dc) kamp\u00fcs\u00fcnde, Blocks for Hope G\u00f6n\u00fcll\u00fcleri, G\u00fclmek \u0130yile\u015ftirir Derne\u011fi, Jandarma Asayi\u015f Vakf\u0131(JAV) ve \u00fcniversite i\u015f birli\u011fiyle hayata ge\u00e7irilen 100. Y\u0131l K\u00f6y\u00fc projesinin JAV Yerle\u015fkesi 2. Faz a\u00e7\u0131l\u0131\u015f\u0131 yap\u0131ld\u0131.\u00a0<\/p>\n<p>\u200bHaberin Al\u0131nt\u0131land\u0131\u011f\u0131 Kaynak: www.iskenderun.org<\/p>","protected":false},"excerpt":{"rendered":"<p>6 \u015eubat depremlerinin y\u0131k\u0131c\u0131 etkisini en derinden hisseden \u015fehirlerden Hatay\u2019da depremden etkilenenler i\u00e7in kal\u0131c\u0131 ve dayan\u0131\u015fma temelli ya\u015fam alanlar\u0131 yaratmay\u0131 ama\u00e7layan projede, ilk faz\u0131n ard\u0131ndan be\u015f bu\u00e7uk ay gibi k\u0131sa bir s\u00fcrede Jandarma Asayi\u015f Vakf\u0131(JAV) Yerle\u015fkesi ad\u0131 verilen alanda 66 yeni konut daha kullan\u0131ma sunuldu. JAV Yerle\u015fkesi 100. Y\u0131l K\u00f6y\u00fc\u2019n\u00fcn 2. Faz A\u00e7\u0131l\u0131\u015f t\u00f6renine Hatay Valisi Mustafa Masatl\u0131, Hatay MK\u00dc Rekt\u00f6r\u00fc Prof. Dr. Veysel Eren, Hatay \u0130l Jandarma Komutan\u0131 Tu\u011fgeneral \u00d6mer Ersever, Jandarma Asayi\u015f Vakf\u0131 Genel M\u00fcd\u00fcr\u00fc Mehmet Boyraz, projeye destek veren T\u00fcmen Ailesi, Blocks for Hope g\u00f6n\u00fcll\u00fcleri, G\u00fclmek \u0130yile\u015ftirir Derne\u011fi ve bir\u00e7ok destek\u00e7i kat\u0131ld\u0131. A\u00e7\u0131l\u0131\u015f\u0131n sunuculu\u011funu \u00fcstlenen G\u00fclmek \u0130yile\u015ftirir Derne\u011fi\u2019nden sanat\u00e7\u0131 \u0130lker Ayr\u0131k, program boyunca esprileriyle salona ne\u015fe sa\u00e7t\u0131. \u200bHatay Mustafa Kemal \u00dcniversitesi(MK\u00dc) kamp\u00fcs\u00fcnde, Blocks for Hope G\u00f6n\u00fcll\u00fcleri, G\u00fclmek \u0130yile\u015ftirir Derne\u011fi, Jandarma Asayi\u015f Vakf\u0131(JAV) ve \u00fcniversite i\u015f birli\u011fiyle hayata ge\u00e7irilen 100. Y\u0131l K\u00f6y\u00fc projesinin JAV Yerle\u015fkesi 2. Faz a\u00e7\u0131l\u0131\u015f\u0131 yap\u0131ld\u0131.\u00a0 \u200bHaberin Al\u0131nt\u0131land\u0131\u011f\u0131 Kaynak: www.iskenderun.org<\/p>","protected":false},"author":1,"featured_media":0,"comment_status":"","ping_status":"open","sticky":false,"template":"","format":"standard","meta":{"_acf_changed":false,"footnotes":""},"categories":[24],"tags":[],"class_list":["post-79837","post","type-post","status-publish","format-standard","has-post-thumbnail","hentry","category-gundem"],"acf":[],"yoast_head":"<!-- This site is optimized with the Yoast SEO Premium plugin v26.6 (Yoast SEO v27.1.1) - https:\/\/yoast.com\/product\/yoast-seo-premium-wordpress\/ -->\n<title>JAV Yerle\u015fkesi 100. Y\u0131l K\u00f6y\u00fc&#039;n\u00fcn 2. Faz A\u00e7\u0131l\u0131\u015f\u0131 Ger\u00e7ekle\u015fti - Av. Deniz Can K\u0131z\u0131l<\/title>\n<meta name=\"robots\" content=\"index, follow, max-snippet:-1, max-image-preview:large, max-video-preview:-1\" \/>\n<link rel=\"canonical\" href=\"https:\/\/denizcankizil.tr\/ru\/haberler\/gundem\/jav-yerleskesi-100-yil-koyunun-2-faz-acilisi-gerceklesti\/\" \/>\n<meta property=\"og:locale\" content=\"ru_RU\" \/>\n<meta property=\"og:type\" content=\"article\" \/>\n<meta property=\"og:title\" content=\"JAV Yerle\u015fkesi 100. Y\u0131l K\u00f6y\u00fc&#039;n\u00fcn 2. Faz A\u00e7\u0131l\u0131\u015f\u0131 Ger\u00e7ekle\u015fti\" \/>\n<meta property=\"og:description\" content=\"6 \u015eubat depremlerinin y\u0131k\u0131c\u0131 etkisini en derinden hisseden \u015fehirlerden Hatay\u2019da depremden etkilenenler i\u00e7in kal\u0131c\u0131 ve dayan\u0131\u015fma temelli ya\u015fam alanlar\u0131 yaratmay\u0131 ama\u00e7layan projede, ilk faz\u0131n ard\u0131ndan be\u015f bu\u00e7uk ay gibi k\u0131sa bir s\u00fcrede Jandarma Asayi\u015f Vakf\u0131(JAV) Yerle\u015fkesi ad\u0131 verilen alanda 66 yeni konut daha kullan\u0131ma sunuldu. JAV Yerle\u015fkesi 100. Y\u0131l K\u00f6y\u00fc\u2019n\u00fcn 2. Faz A\u00e7\u0131l\u0131\u015f t\u00f6renine Hatay Valisi Mustafa Masatl\u0131, Hatay MK\u00dc Rekt\u00f6r\u00fc Prof. Dr. Veysel Eren, Hatay \u0130l Jandarma Komutan\u0131 Tu\u011fgeneral \u00d6mer Ersever, Jandarma Asayi\u015f Vakf\u0131 Genel M\u00fcd\u00fcr\u00fc Mehmet Boyraz, projeye destek veren T\u00fcmen Ailesi, Blocks for Hope g\u00f6n\u00fcll\u00fcleri, G\u00fclmek \u0130yile\u015ftirir Derne\u011fi ve bir\u00e7ok destek\u00e7i kat\u0131ld\u0131. A\u00e7\u0131l\u0131\u015f\u0131n sunuculu\u011funu \u00fcstlenen G\u00fclmek \u0130yile\u015ftirir Derne\u011fi\u2019nden sanat\u00e7\u0131 \u0130lker Ayr\u0131k, program boyunca esprileriyle salona ne\u015fe sa\u00e7t\u0131. \u200bHatay Mustafa Kemal \u00dcniversitesi(MK\u00dc) kamp\u00fcs\u00fcnde, Blocks for Hope G\u00f6n\u00fcll\u00fcleri, G\u00fclmek \u0130yile\u015ftirir Derne\u011fi, Jandarma Asayi\u015f Vakf\u0131(JAV) ve \u00fcniversite i\u015f birli\u011fiyle hayata ge\u00e7irilen 100. Y\u0131l K\u00f6y\u00fc projesinin JAV Yerle\u015fkesi 2. Faz a\u00e7\u0131l\u0131\u015f\u0131 yap\u0131ld\u0131.\u00a0 \u200bHaberin Al\u0131nt\u0131land\u0131\u011f\u0131 Kaynak: www.iskenderun.org\" \/>\n<meta property=\"og:url\" content=\"https:\/\/denizcankizil.tr\/ru\/haberler\/gundem\/jav-yerleskesi-100-yil-koyunun-2-faz-acilisi-gerceklesti\/\" \/>\n<meta property=\"og:site_name\" content=\"Av. Deniz Can K\u0131z\u0131l\" \/>\n<meta property=\"article:published_time\" content=\"2025-05-08T07:42:50+00:00\" \/>\n<meta name=\"author\" content=\"admin\" \/>\n<meta name=\"twitter:card\" content=\"summary_large_image\" \/>\n<meta name=\"twitter:label1\" content=\"\u041d\u0430\u043f\u0438\u0441\u0430\u043d\u043e \u0430\u0432\u0442\u043e\u0440\u043e\u043c\" \/>\n\t<meta name=\"twitter:data1\" content=\"admin\" \/>\n\t<meta name=\"twitter:label2\" content=\"\u041f\u0440\u0438\u043c\u0435\u0440\u043d\u043e\u0435 \u0432\u0440\u0435\u043c\u044f \u0434\u043b\u044f \u0447\u0442\u0435\u043d\u0438\u044f\" \/>\n\t<meta name=\"twitter:data2\" content=\"1 \u043c\u0438\u043d\u0443\u0442\u0430\" \/>\n<script type=\"application\/ld+json\" class=\"yoast-schema-graph\">{\"@context\":\"https:\/\/schema.org\",\"@graph\":[{\"@type\":\"Article\",\"@id\":\"https:\/\/denizcankizil.tr\/ru\/haberler\/gundem\/jav-yerleskesi-100-yil-koyunun-2-faz-acilisi-gerceklesti\/#article\",\"isPartOf\":{\"@id\":\"https:\/\/denizcankizil.tr\/ru\/haberler\/gundem\/jav-yerleskesi-100-yil-koyunun-2-faz-acilisi-gerceklesti\/\"},\"author\":{\"name\":\"admin\",\"@id\":\"https:\/\/denizcankizil.tr\/de\/#\/schema\/person\/be3c05fe6a12686905512445d8185489\"},\"headline\":\"JAV Yerle\u015fkesi 100. Y\u0131l K\u00f6y\u00fc&#8217;n\u00fcn 2. Faz A\u00e7\u0131l\u0131\u015f\u0131 Ger\u00e7ekle\u015fti\",\"datePublished\":\"2025-05-08T07:42:50+00:00\",\"mainEntityOfPage\":{\"@id\":\"https:\/\/denizcankizil.tr\/ru\/haberler\/gundem\/jav-yerleskesi-100-yil-koyunun-2-faz-acilisi-gerceklesti\/\"},\"wordCount\":222,\"publisher\":{\"@id\":\"https:\/\/denizcankizil.tr\/de\/#organization\"},\"articleSection\":[\"G\u00fcndem\"],\"inLanguage\":\"ru-RU\"},{\"@type\":\"WebPage\",\"@id\":\"https:\/\/denizcankizil.tr\/ru\/haberler\/gundem\/jav-yerleskesi-100-yil-koyunun-2-faz-acilisi-gerceklesti\/\",\"url\":\"https:\/\/denizcankizil.tr\/ru\/haberler\/gundem\/jav-yerleskesi-100-yil-koyunun-2-faz-acilisi-gerceklesti\/\",\"name\":\"JAV Yerle\u015fkesi 100. Y\u0131l K\u00f6y\u00fc'n\u00fcn 2. Faz A\u00e7\u0131l\u0131\u015f\u0131 Ger\u00e7ekle\u015fti - Av. Deniz Can K\u0131z\u0131l\",\"isPartOf\":{\"@id\":\"https:\/\/denizcankizil.tr\/de\/#website\"},\"datePublished\":\"2025-05-08T07:42:50+00:00\",\"breadcrumb\":{\"@id\":\"https:\/\/denizcankizil.tr\/ru\/haberler\/gundem\/jav-yerleskesi-100-yil-koyunun-2-faz-acilisi-gerceklesti\/#breadcrumb\"},\"inLanguage\":\"ru-RU\",\"potentialAction\":[{\"@type\":\"ReadAction\",\"target\":[\"https:\/\/denizcankizil.tr\/ru\/haberler\/gundem\/jav-yerleskesi-100-yil-koyunun-2-faz-acilisi-gerceklesti\/\"]}]},{\"@type\":\"BreadcrumbList\",\"@id\":\"https:\/\/denizcankizil.tr\/ru\/haberler\/gundem\/jav-yerleskesi-100-yil-koyunun-2-faz-acilisi-gerceklesti\/#breadcrumb\",\"itemListElement\":[{\"@type\":\"ListItem\",\"position\":1,\"name\":\"Home\",\"item\":\"https:\/\/denizcankizil.tr\/de\/\"},{\"@type\":\"ListItem\",\"position\":2,\"name\":\"JAV Yerle\u015fkesi 100. Y\u0131l K\u00f6y\u00fc&#8217;n\u00fcn 2. Faz A\u00e7\u0131l\u0131\u015f\u0131 Ger\u00e7ekle\u015fti\"}]},{\"@type\":\"WebSite\",\"@id\":\"https:\/\/denizcankizil.tr\/de\/#website\",\"url\":\"https:\/\/denizcankizil.tr\/de\/\",\"name\":\"Av. Deniz Can K\u0131z\u0131l\",\"description\":\"Avukat Deniz Can K\u0131z\u0131l Antalya Barosu\",\"publisher\":{\"@id\":\"https:\/\/denizcankizil.tr\/de\/#organization\"},\"potentialAction\":[{\"@type\":\"SearchAction\",\"target\":{\"@type\":\"EntryPoint\",\"urlTemplate\":\"https:\/\/denizcankizil.tr\/de\/?s={search_term_string}\"},\"query-input\":{\"@type\":\"PropertyValueSpecification\",\"valueRequired\":true,\"valueName\":\"search_term_string\"}}],\"inLanguage\":\"ru-RU\"},{\"@type\":\"Organization\",\"@id\":\"https:\/\/denizcankizil.tr\/de\/#organization\",\"name\":\"Av. Deniz Can K\u0131z\u0131l\",\"url\":\"https:\/\/denizcankizil.tr\/de\/\",\"logo\":{\"@type\":\"ImageObject\",\"inLanguage\":\"ru-RU\",\"@id\":\"https:\/\/denizcankizil.tr\/de\/#\/schema\/logo\/image\/\",\"url\":\"https:\/\/denizcankizil.tr\/wp-content\/uploads\/2024\/10\/siyah-logo-svg.svg\",\"contentUrl\":\"https:\/\/denizcankizil.tr\/wp-content\/uploads\/2024\/10\/siyah-logo-svg.svg\",\"width\":1080,\"height\":1080,\"caption\":\"Av. Deniz Can K\u0131z\u0131l\"},\"image\":{\"@id\":\"https:\/\/denizcankizil.tr\/de\/#\/schema\/logo\/image\/\"}},{\"@type\":\"Person\",\"@id\":\"https:\/\/denizcankizil.tr\/de\/#\/schema\/person\/be3c05fe6a12686905512445d8185489\",\"name\":\"admin\",\"image\":{\"@type\":\"ImageObject\",\"inLanguage\":\"ru-RU\",\"@id\":\"https:\/\/denizcankizil.tr\/de\/#\/schema\/person\/image\/\",\"url\":\"https:\/\/secure.gravatar.com\/avatar\/c1fce94c830dc79107e174f890d7210541c4a63e8e5d816341794a2151c9d58c?s=96&d=mm&r=g\",\"contentUrl\":\"https:\/\/secure.gravatar.com\/avatar\/c1fce94c830dc79107e174f890d7210541c4a63e8e5d816341794a2151c9d58c?s=96&d=mm&r=g\",\"caption\":\"admin\"},\"sameAs\":[\"http:\/\/denizcankizil.tr\"],\"url\":\"https:\/\/www.iskenderun.org\/jav-yerleskesi-100-yil-koyunun-2-faz-acilisi-gerceklesti\"}]}<\/script>\n<!-- \/ Yoast SEO Premium plugin. -->","yoast_head_json":{"title":"JAV Yerle\u015fkesi 100. Y\u0131l K\u00f6y\u00fc'n\u00fcn 2. Faz A\u00e7\u0131l\u0131\u015f\u0131 Ger\u00e7ekle\u015fti - Av. Deniz Can K\u0131z\u0131l","robots":{"index":"index","follow":"follow","max-snippet":"max-snippet:-1","max-image-preview":"max-image-preview:large","max-video-preview":"max-video-preview:-1"},"canonical":"https:\/\/denizcankizil.tr\/ru\/haberler\/gundem\/jav-yerleskesi-100-yil-koyunun-2-faz-acilisi-gerceklesti\/","og_locale":"ru_RU","og_type":"article","og_title":"JAV Yerle\u015fkesi 100. Y\u0131l K\u00f6y\u00fc'n\u00fcn 2. Faz A\u00e7\u0131l\u0131\u015f\u0131 Ger\u00e7ekle\u015fti","og_description":"6 \u015eubat depremlerinin y\u0131k\u0131c\u0131 etkisini en derinden hisseden \u015fehirlerden Hatay\u2019da depremden etkilenenler i\u00e7in kal\u0131c\u0131 ve dayan\u0131\u015fma temelli ya\u015fam alanlar\u0131 yaratmay\u0131 ama\u00e7layan projede, ilk faz\u0131n ard\u0131ndan be\u015f bu\u00e7uk ay gibi k\u0131sa bir s\u00fcrede Jandarma Asayi\u015f Vakf\u0131(JAV) Yerle\u015fkesi ad\u0131 verilen alanda 66 yeni konut daha kullan\u0131ma sunuldu. JAV Yerle\u015fkesi 100. Y\u0131l K\u00f6y\u00fc\u2019n\u00fcn 2. Faz A\u00e7\u0131l\u0131\u015f t\u00f6renine Hatay Valisi Mustafa Masatl\u0131, Hatay MK\u00dc Rekt\u00f6r\u00fc Prof. Dr. Veysel Eren, Hatay \u0130l Jandarma Komutan\u0131 Tu\u011fgeneral \u00d6mer Ersever, Jandarma Asayi\u015f Vakf\u0131 Genel M\u00fcd\u00fcr\u00fc Mehmet Boyraz, projeye destek veren T\u00fcmen Ailesi, Blocks for Hope g\u00f6n\u00fcll\u00fcleri, G\u00fclmek \u0130yile\u015ftirir Derne\u011fi ve bir\u00e7ok destek\u00e7i kat\u0131ld\u0131. A\u00e7\u0131l\u0131\u015f\u0131n sunuculu\u011funu \u00fcstlenen G\u00fclmek \u0130yile\u015ftirir Derne\u011fi\u2019nden sanat\u00e7\u0131 \u0130lker Ayr\u0131k, program boyunca esprileriyle salona ne\u015fe sa\u00e7t\u0131. \u200bHatay Mustafa Kemal \u00dcniversitesi(MK\u00dc) kamp\u00fcs\u00fcnde, Blocks for Hope G\u00f6n\u00fcll\u00fcleri, G\u00fclmek \u0130yile\u015ftirir Derne\u011fi, Jandarma Asayi\u015f Vakf\u0131(JAV) ve \u00fcniversite i\u015f birli\u011fiyle hayata ge\u00e7irilen 100. Y\u0131l K\u00f6y\u00fc projesinin JAV Yerle\u015fkesi 2. Faz a\u00e7\u0131l\u0131\u015f\u0131 yap\u0131ld\u0131.\u00a0 \u200bHaberin Al\u0131nt\u0131land\u0131\u011f\u0131 Kaynak: www.iskenderun.org","og_url":"https:\/\/denizcankizil.tr\/ru\/haberler\/gundem\/jav-yerleskesi-100-yil-koyunun-2-faz-acilisi-gerceklesti\/","og_site_name":"Av. Deniz Can K\u0131z\u0131l","article_published_time":"2025-05-08T07:42:50+00:00","author":"admin","twitter_card":"summary_large_image","twitter_misc":{"\u041d\u0430\u043f\u0438\u0441\u0430\u043d\u043e \u0430\u0432\u0442\u043e\u0440\u043e\u043c":"admin","\u041f\u0440\u0438\u043c\u0435\u0440\u043d\u043e\u0435 \u0432\u0440\u0435\u043c\u044f \u0434\u043b\u044f \u0447\u0442\u0435\u043d\u0438\u044f":"1 \u043c\u0438\u043d\u0443\u0442\u0430"},"schema":{"@context":"https:\/\/schema.org","@graph":[{"@type":"Article","@id":"https:\/\/denizcankizil.tr\/ru\/haberler\/gundem\/jav-yerleskesi-100-yil-koyunun-2-faz-acilisi-gerceklesti\/#article","isPartOf":{"@id":"https:\/\/denizcankizil.tr\/ru\/haberler\/gundem\/jav-yerleskesi-100-yil-koyunun-2-faz-acilisi-gerceklesti\/"},"author":{"name":"admin","@id":"https:\/\/denizcankizil.tr\/de\/#\/schema\/person\/be3c05fe6a12686905512445d8185489"},"headline":"JAV Yerle\u015fkesi 100. Y\u0131l K\u00f6y\u00fc&#8217;n\u00fcn 2. Faz A\u00e7\u0131l\u0131\u015f\u0131 Ger\u00e7ekle\u015fti","datePublished":"2025-05-08T07:42:50+00:00","mainEntityOfPage":{"@id":"https:\/\/denizcankizil.tr\/ru\/haberler\/gundem\/jav-yerleskesi-100-yil-koyunun-2-faz-acilisi-gerceklesti\/"},"wordCount":222,"publisher":{"@id":"https:\/\/denizcankizil.tr\/de\/#organization"},"articleSection":["G\u00fcndem"],"inLanguage":"ru-RU"},{"@type":"WebPage","@id":"https:\/\/denizcankizil.tr\/ru\/haberler\/gundem\/jav-yerleskesi-100-yil-koyunun-2-faz-acilisi-gerceklesti\/","url":"https:\/\/denizcankizil.tr\/ru\/haberler\/gundem\/jav-yerleskesi-100-yil-koyunun-2-faz-acilisi-gerceklesti\/","name":"JAV Yerle\u015fkesi 100. Y\u0131l K\u00f6y\u00fc'n\u00fcn 2. Faz A\u00e7\u0131l\u0131\u015f\u0131 Ger\u00e7ekle\u015fti - Av. Deniz Can K\u0131z\u0131l","isPartOf":{"@id":"https:\/\/denizcankizil.tr\/de\/#website"},"datePublished":"2025-05-08T07:42:50+00:00","breadcrumb":{"@id":"https:\/\/denizcankizil.tr\/ru\/haberler\/gundem\/jav-yerleskesi-100-yil-koyunun-2-faz-acilisi-gerceklesti\/#breadcrumb"},"inLanguage":"ru-RU","potentialAction":[{"@type":"ReadAction","target":["https:\/\/denizcankizil.tr\/ru\/haberler\/gundem\/jav-yerleskesi-100-yil-koyunun-2-faz-acilisi-gerceklesti\/"]}]},{"@type":"BreadcrumbList","@id":"https:\/\/denizcankizil.tr\/ru\/haberler\/gundem\/jav-yerleskesi-100-yil-koyunun-2-faz-acilisi-gerceklesti\/#breadcrumb","itemListElement":[{"@type":"ListItem","position":1,"name":"Home","item":"https:\/\/denizcankizil.tr\/de\/"},{"@type":"ListItem","position":2,"name":"JAV Yerle\u015fkesi 100. Y\u0131l K\u00f6y\u00fc&#8217;n\u00fcn 2. Faz A\u00e7\u0131l\u0131\u015f\u0131 Ger\u00e7ekle\u015fti"}]},{"@type":"WebSite","@id":"https:\/\/denizcankizil.tr\/de\/#website","url":"https:\/\/denizcankizil.tr\/de\/","name":"Av. Deniz Can K\u0131z\u0131l","description":"Avukat Deniz Can K\u0131z\u0131l Antalya Barosu","publisher":{"@id":"https:\/\/denizcankizil.tr\/de\/#organization"},"potentialAction":[{"@type":"SearchAction","target":{"@type":"EntryPoint","urlTemplate":"https:\/\/denizcankizil.tr\/de\/?s={search_term_string}"},"query-input":{"@type":"PropertyValueSpecification","valueRequired":true,"valueName":"search_term_string"}}],"inLanguage":"ru-RU"},{"@type":"Organization","@id":"https:\/\/denizcankizil.tr\/de\/#organization","name":"Av. Deniz Can K\u0131z\u0131l","url":"https:\/\/denizcankizil.tr\/de\/","logo":{"@type":"ImageObject","inLanguage":"ru-RU","@id":"https:\/\/denizcankizil.tr\/de\/#\/schema\/logo\/image\/","url":"https:\/\/denizcankizil.tr\/wp-content\/uploads\/2024\/10\/siyah-logo-svg.svg","contentUrl":"https:\/\/denizcankizil.tr\/wp-content\/uploads\/2024\/10\/siyah-logo-svg.svg","width":1080,"height":1080,"caption":"Av. Deniz Can K\u0131z\u0131l"},"image":{"@id":"https:\/\/denizcankizil.tr\/de\/#\/schema\/logo\/image\/"}},{"@type":"Person","@id":"https:\/\/denizcankizil.tr\/de\/#\/schema\/person\/be3c05fe6a12686905512445d8185489","name":"\u0430\u0434\u043c\u0438\u043d","image":{"@type":"ImageObject","inLanguage":"ru-RU","@id":"https:\/\/denizcankizil.tr\/de\/#\/schema\/person\/image\/","url":"https:\/\/secure.gravatar.com\/avatar\/c1fce94c830dc79107e174f890d7210541c4a63e8e5d816341794a2151c9d58c?s=96&d=mm&r=g","contentUrl":"https:\/\/secure.gravatar.com\/avatar\/c1fce94c830dc79107e174f890d7210541c4a63e8e5d816341794a2151c9d58c?s=96&d=mm&r=g","caption":"admin"},"sameAs":["http:\/\/denizcankizil.tr"],"url":"https:\/\/www.iskenderun.org\/jav-yerleskesi-100-yil-koyunun-2-faz-acilisi-gerceklesti"}]}},"_links":{"self":[{"href":"https:\/\/denizcankizil.tr\/ru\/wp-json\/wp\/v2\/posts\/79837","targetHints":{"allow":["GET"]}}],"collection":[{"href":"https:\/\/denizcankizil.tr\/ru\/wp-json\/wp\/v2\/posts"}],"about":[{"href":"https:\/\/denizcankizil.tr\/ru\/wp-json\/wp\/v2\/types\/post"}],"author":[{"embeddable":true,"href":"https:\/\/denizcankizil.tr\/ru\/wp-json\/wp\/v2\/users\/1"}],"replies":[{"embeddable":true,"href":"https:\/\/denizcankizil.tr\/ru\/wp-json\/wp\/v2\/comments?post=79837"}],"version-history":[{"count":0,"href":"https:\/\/denizcankizil.tr\/ru\/wp-json\/wp\/v2\/posts\/79837\/revisions"}],"wp:attachment":[{"href":"https:\/\/denizcankizil.tr\/ru\/wp-json\/wp\/v2\/media?parent=79837"}],"wp:term":[{"taxonomy":"category","embeddable":true,"href":"https:\/\/denizcankizil.tr\/ru\/wp-json\/wp\/v2\/categories?post=79837"},{"taxonomy":"post_tag","embeddable":true,"href":"https:\/\/denizcankizil.tr\/ru\/wp-json\/wp\/v2\/tags?post=79837"}],"curies":[{"name":"wp","href":"https:\/\/api.w.org\/{rel}","templated":true}]}}