{"id":7918,"date":"2024-10-25T10:41:42","date_gmt":"2024-10-25T07:41:42","guid":{"rendered":"https:\/\/denizcankizil.tr\/uncategorized-tr\/kristal-flamingolar-sahiplerini-bekliyor\/"},"modified":"2024-10-25T10:41:42","modified_gmt":"2024-10-25T07:41:42","slug":"kristal-flamingolar-sahiplerini-bekliyor","status":"publish","type":"post","link":"https:\/\/denizcankizil.tr\/ru\/haberler\/gundem\/kristal-flamingolar-sahiplerini-bekliyor\/","title":{"rendered":"Kristal Flamingolar sahiplerini bekliyor"},"content":{"rendered":"<p>\u0130zmir B\u00fcy\u00fck\u015fehir Belediyesi\u2019nin, K\u00fclt\u00fcr ve Turizm Bakanl\u0131\u011f\u0131, Avrupa Birli\u011fi T\u00fcrkiye Delegasyonu deste\u011fi ve K\u00fclt\u00fcrleraras\u0131 Sanat Derne\u011fi i\u015f birli\u011fi ile \u201c\u0130zmir K\u00fclt\u00fcr Yolu Festivali\u201d kapsam\u0131nda d\u00fczenleyece\u011fi 4. \u0130zmir Uluslararas\u0131 Film ve M\u00fczik Festivali 30 Ekim \u00c7ar\u015famba g\u00fcn\u00fc ba\u015fl\u0131yor. Festivalde 9 kategoride Kristal Flamingo \u00f6d\u00fclleri verilecek.<\/p>\n<p>\u200b\u0130zmir B\u00fcy\u00fck\u015fehir Belediyesi\u2019nin, K\u00fclt\u00fcr ve Turizm Bakanl\u0131\u011f\u0131, Avrupa Birli\u011fi T\u00fcrkiye Delegasyonu deste\u011fi ve K\u00fclt\u00fcrleraras\u0131 Sanat Derne\u011fi i\u015f birli\u011fi ile \u201c\u0130zmir K\u00fclt\u00fcr Yolu Festivali\u201d kapsam\u0131nda d\u00fczenleyece\u011fi 4. \u0130zmir Uluslararas\u0131 Film ve M\u00fczik Festivali 30 Ekim \u00c7ar\u015famba g\u00fcn\u00fc ba\u015fl\u0131yor. Festivalde 9 kategoride Kristal Flamingo \u00f6d\u00fclleri verilecek.\u00a0<\/p>\n<p>\u200bHaberin Al\u0131nt\u0131land\u0131\u011f\u0131 Kaynak: www.iskenderun.org<\/p>","protected":false},"excerpt":{"rendered":"<p>\u0130zmir B\u00fcy\u00fck\u015fehir Belediyesi\u2019nin, K\u00fclt\u00fcr ve Turizm Bakanl\u0131\u011f\u0131, Avrupa Birli\u011fi T\u00fcrkiye Delegasyonu deste\u011fi ve K\u00fclt\u00fcrleraras\u0131 Sanat Derne\u011fi i\u015f birli\u011fi ile \u201c\u0130zmir K\u00fclt\u00fcr Yolu Festivali\u201d kapsam\u0131nda d\u00fczenleyece\u011fi 4. \u0130zmir Uluslararas\u0131 Film ve M\u00fczik Festivali 30 Ekim \u00c7ar\u015famba g\u00fcn\u00fc ba\u015fl\u0131yor. Festivalde 9 kategoride Kristal Flamingo \u00f6d\u00fclleri verilecek. \u200b\u0130zmir B\u00fcy\u00fck\u015fehir Belediyesi\u2019nin, K\u00fclt\u00fcr ve Turizm Bakanl\u0131\u011f\u0131, Avrupa Birli\u011fi T\u00fcrkiye Delegasyonu deste\u011fi ve K\u00fclt\u00fcrleraras\u0131 Sanat Derne\u011fi i\u015f birli\u011fi ile \u201c\u0130zmir K\u00fclt\u00fcr Yolu Festivali\u201d kapsam\u0131nda d\u00fczenleyece\u011fi 4. \u0130zmir Uluslararas\u0131 Film ve M\u00fczik Festivali 30 Ekim \u00c7ar\u015famba g\u00fcn\u00fc ba\u015fl\u0131yor. Festivalde 9 kategoride Kristal Flamingo \u00f6d\u00fclleri verilecek.\u00a0 \u200bHaberin Al\u0131nt\u0131land\u0131\u011f\u0131 Kaynak: www.iskenderun.org<\/p>","protected":false},"author":0,"featured_media":0,"comment_status":"open","ping_status":"open","sticky":false,"template":"","format":"standard","meta":{"_acf_changed":false,"footnotes":""},"categories":[24,535],"tags":[],"class_list":["post-7918","post","type-post","status-publish","format-standard","has-post-thumbnail","hentry","category-gundem","category-uncategorized-tr"],"acf":[],"yoast_head":"<!-- This site is optimized with the Yoast SEO Premium plugin v26.6 (Yoast SEO v27.1.1) - https:\/\/yoast.com\/product\/yoast-seo-premium-wordpress\/ -->\n<title>Kristal Flamingolar sahiplerini bekliyor - Av. Deniz Can K\u0131z\u0131l<\/title>\n<meta name=\"robots\" content=\"index, follow, max-snippet:-1, max-image-preview:large, max-video-preview:-1\" \/>\n<link rel=\"canonical\" href=\"https:\/\/denizcankizil.tr\/ru\/haberler\/gundem\/kristal-flamingolar-sahiplerini-bekliyor\/\" \/>\n<meta property=\"og:locale\" content=\"ru_RU\" \/>\n<meta property=\"og:type\" content=\"article\" \/>\n<meta property=\"og:title\" content=\"Kristal Flamingolar sahiplerini bekliyor\" \/>\n<meta property=\"og:description\" content=\"\u0130zmir B\u00fcy\u00fck\u015fehir Belediyesi\u2019nin, K\u00fclt\u00fcr ve Turizm Bakanl\u0131\u011f\u0131, Avrupa Birli\u011fi T\u00fcrkiye Delegasyonu deste\u011fi ve K\u00fclt\u00fcrleraras\u0131 Sanat Derne\u011fi i\u015f birli\u011fi ile \u201c\u0130zmir K\u00fclt\u00fcr Yolu Festivali\u201d kapsam\u0131nda d\u00fczenleyece\u011fi 4. \u0130zmir Uluslararas\u0131 Film ve M\u00fczik Festivali 30 Ekim \u00c7ar\u015famba g\u00fcn\u00fc ba\u015fl\u0131yor. Festivalde 9 kategoride Kristal Flamingo \u00f6d\u00fclleri verilecek. \u200b\u0130zmir B\u00fcy\u00fck\u015fehir Belediyesi\u2019nin, K\u00fclt\u00fcr ve Turizm Bakanl\u0131\u011f\u0131, Avrupa Birli\u011fi T\u00fcrkiye Delegasyonu deste\u011fi ve K\u00fclt\u00fcrleraras\u0131 Sanat Derne\u011fi i\u015f birli\u011fi ile \u201c\u0130zmir K\u00fclt\u00fcr Yolu Festivali\u201d kapsam\u0131nda d\u00fczenleyece\u011fi 4. \u0130zmir Uluslararas\u0131 Film ve M\u00fczik Festivali 30 Ekim \u00c7ar\u015famba g\u00fcn\u00fc ba\u015fl\u0131yor. Festivalde 9 kategoride Kristal Flamingo \u00f6d\u00fclleri verilecek.\u00a0 \u200bHaberin Al\u0131nt\u0131land\u0131\u011f\u0131 Kaynak: www.iskenderun.org\" \/>\n<meta property=\"og:url\" content=\"https:\/\/denizcankizil.tr\/ru\/haberler\/gundem\/kristal-flamingolar-sahiplerini-bekliyor\/\" \/>\n<meta property=\"og:site_name\" content=\"Av. Deniz Can K\u0131z\u0131l\" \/>\n<meta property=\"article:published_time\" content=\"2024-10-25T07:41:42+00:00\" \/>\n<meta name=\"twitter:card\" content=\"summary_large_image\" \/>\n<meta name=\"twitter:label1\" content=\"\u041f\u0440\u0438\u043c\u0435\u0440\u043d\u043e\u0435 \u0432\u0440\u0435\u043c\u044f \u0434\u043b\u044f \u0447\u0442\u0435\u043d\u0438\u044f\" \/>\n\t<meta name=\"twitter:data1\" content=\"1 \u043c\u0438\u043d\u0443\u0442\u0430\" \/>\n<script type=\"application\/ld+json\" class=\"yoast-schema-graph\">{\"@context\":\"https:\/\/schema.org\",\"@graph\":[{\"@type\":\"Article\",\"@id\":\"https:\/\/denizcankizil.tr\/ru\/haberler\/gundem\/kristal-flamingolar-sahiplerini-bekliyor\/#article\",\"isPartOf\":{\"@id\":\"https:\/\/denizcankizil.tr\/ru\/haberler\/gundem\/kristal-flamingolar-sahiplerini-bekliyor\/\"},\"author\":{\"name\":\"\",\"@id\":\"\"},\"headline\":\"Kristal Flamingolar sahiplerini bekliyor\",\"datePublished\":\"2024-10-25T07:41:42+00:00\",\"mainEntityOfPage\":{\"@id\":\"https:\/\/denizcankizil.tr\/ru\/haberler\/gundem\/kristal-flamingolar-sahiplerini-bekliyor\/\"},\"wordCount\":142,\"commentCount\":0,\"publisher\":{\"@id\":\"https:\/\/denizcankizil.tr\/#organization\"},\"articleSection\":[\"G\u00fcndem\",\"Uncategorized\"],\"inLanguage\":\"ru-RU\",\"potentialAction\":[{\"@type\":\"CommentAction\",\"name\":\"Comment\",\"target\":[\"https:\/\/denizcankizil.tr\/ru\/haberler\/gundem\/kristal-flamingolar-sahiplerini-bekliyor\/#respond\"]}]},{\"@type\":\"WebPage\",\"@id\":\"https:\/\/denizcankizil.tr\/ru\/haberler\/gundem\/kristal-flamingolar-sahiplerini-bekliyor\/\",\"url\":\"https:\/\/denizcankizil.tr\/ru\/haberler\/gundem\/kristal-flamingolar-sahiplerini-bekliyor\/\",\"name\":\"Kristal Flamingolar sahiplerini bekliyor - Av. Deniz Can K\u0131z\u0131l\",\"isPartOf\":{\"@id\":\"https:\/\/denizcankizil.tr\/#website\"},\"datePublished\":\"2024-10-25T07:41:42+00:00\",\"breadcrumb\":{\"@id\":\"https:\/\/denizcankizil.tr\/ru\/haberler\/gundem\/kristal-flamingolar-sahiplerini-bekliyor\/#breadcrumb\"},\"inLanguage\":\"ru-RU\",\"potentialAction\":[{\"@type\":\"ReadAction\",\"target\":[\"https:\/\/denizcankizil.tr\/ru\/haberler\/gundem\/kristal-flamingolar-sahiplerini-bekliyor\/\"]}]},{\"@type\":\"BreadcrumbList\",\"@id\":\"https:\/\/denizcankizil.tr\/ru\/haberler\/gundem\/kristal-flamingolar-sahiplerini-bekliyor\/#breadcrumb\",\"itemListElement\":[{\"@type\":\"ListItem\",\"position\":1,\"name\":\"Home\",\"item\":\"https:\/\/denizcankizil.tr\/de\/\"},{\"@type\":\"ListItem\",\"position\":2,\"name\":\"Kristal Flamingolar sahiplerini bekliyor\"}]},{\"@type\":\"WebSite\",\"@id\":\"https:\/\/denizcankizil.tr\/#website\",\"url\":\"https:\/\/denizcankizil.tr\/\",\"name\":\"Av. Deniz Can K\u0131z\u0131l\",\"description\":\"Avukat Deniz Can K\u0131z\u0131l Antalya Barosu\",\"publisher\":{\"@id\":\"https:\/\/denizcankizil.tr\/#organization\"},\"potentialAction\":[{\"@type\":\"SearchAction\",\"target\":{\"@type\":\"EntryPoint\",\"urlTemplate\":\"https:\/\/denizcankizil.tr\/?s={search_term_string}\"},\"query-input\":{\"@type\":\"PropertyValueSpecification\",\"valueRequired\":true,\"valueName\":\"search_term_string\"}}],\"inLanguage\":\"ru-RU\"},{\"@type\":\"Organization\",\"@id\":\"https:\/\/denizcankizil.tr\/#organization\",\"name\":\"Av. Deniz Can K\u0131z\u0131l\",\"url\":\"https:\/\/denizcankizil.tr\/\",\"logo\":{\"@type\":\"ImageObject\",\"inLanguage\":\"ru-RU\",\"@id\":\"https:\/\/denizcankizil.tr\/#\/schema\/logo\/image\/\",\"url\":\"https:\/\/denizcankizil.tr\/wp-content\/uploads\/2024\/10\/siyah-logo-svg.svg\",\"contentUrl\":\"https:\/\/denizcankizil.tr\/wp-content\/uploads\/2024\/10\/siyah-logo-svg.svg\",\"width\":1080,\"height\":1080,\"caption\":\"Av. Deniz Can K\u0131z\u0131l\"},\"image\":{\"@id\":\"https:\/\/denizcankizil.tr\/#\/schema\/logo\/image\/\"}}]}<\/script>\n<!-- \/ Yoast SEO Premium plugin. -->","yoast_head_json":{"title":"Kristal Flamingolar sahiplerini bekliyor - Av. Deniz Can K\u0131z\u0131l","robots":{"index":"index","follow":"follow","max-snippet":"max-snippet:-1","max-image-preview":"max-image-preview:large","max-video-preview":"max-video-preview:-1"},"canonical":"https:\/\/denizcankizil.tr\/ru\/haberler\/gundem\/kristal-flamingolar-sahiplerini-bekliyor\/","og_locale":"ru_RU","og_type":"article","og_title":"Kristal Flamingolar sahiplerini bekliyor","og_description":"\u0130zmir B\u00fcy\u00fck\u015fehir Belediyesi\u2019nin, K\u00fclt\u00fcr ve Turizm Bakanl\u0131\u011f\u0131, Avrupa Birli\u011fi T\u00fcrkiye Delegasyonu deste\u011fi ve K\u00fclt\u00fcrleraras\u0131 Sanat Derne\u011fi i\u015f birli\u011fi ile \u201c\u0130zmir K\u00fclt\u00fcr Yolu Festivali\u201d kapsam\u0131nda d\u00fczenleyece\u011fi 4. \u0130zmir Uluslararas\u0131 Film ve M\u00fczik Festivali 30 Ekim \u00c7ar\u015famba g\u00fcn\u00fc ba\u015fl\u0131yor. Festivalde 9 kategoride Kristal Flamingo \u00f6d\u00fclleri verilecek. \u200b\u0130zmir B\u00fcy\u00fck\u015fehir Belediyesi\u2019nin, K\u00fclt\u00fcr ve Turizm Bakanl\u0131\u011f\u0131, Avrupa Birli\u011fi T\u00fcrkiye Delegasyonu deste\u011fi ve K\u00fclt\u00fcrleraras\u0131 Sanat Derne\u011fi i\u015f birli\u011fi ile \u201c\u0130zmir K\u00fclt\u00fcr Yolu Festivali\u201d kapsam\u0131nda d\u00fczenleyece\u011fi 4. \u0130zmir Uluslararas\u0131 Film ve M\u00fczik Festivali 30 Ekim \u00c7ar\u015famba g\u00fcn\u00fc ba\u015fl\u0131yor. Festivalde 9 kategoride Kristal Flamingo \u00f6d\u00fclleri verilecek.\u00a0 \u200bHaberin Al\u0131nt\u0131land\u0131\u011f\u0131 Kaynak: www.iskenderun.org","og_url":"https:\/\/denizcankizil.tr\/ru\/haberler\/gundem\/kristal-flamingolar-sahiplerini-bekliyor\/","og_site_name":"Av. Deniz Can K\u0131z\u0131l","article_published_time":"2024-10-25T07:41:42+00:00","twitter_card":"summary_large_image","twitter_misc":{"\u041f\u0440\u0438\u043c\u0435\u0440\u043d\u043e\u0435 \u0432\u0440\u0435\u043c\u044f \u0434\u043b\u044f \u0447\u0442\u0435\u043d\u0438\u044f":"1 \u043c\u0438\u043d\u0443\u0442\u0430"},"schema":{"@context":"https:\/\/schema.org","@graph":[{"@type":"Article","@id":"https:\/\/denizcankizil.tr\/ru\/haberler\/gundem\/kristal-flamingolar-sahiplerini-bekliyor\/#article","isPartOf":{"@id":"https:\/\/denizcankizil.tr\/ru\/haberler\/gundem\/kristal-flamingolar-sahiplerini-bekliyor\/"},"author":{"name":"","@id":""},"headline":"Kristal Flamingolar sahiplerini bekliyor","datePublished":"2024-10-25T07:41:42+00:00","mainEntityOfPage":{"@id":"https:\/\/denizcankizil.tr\/ru\/haberler\/gundem\/kristal-flamingolar-sahiplerini-bekliyor\/"},"wordCount":142,"commentCount":0,"publisher":{"@id":"https:\/\/denizcankizil.tr\/#organization"},"articleSection":["G\u00fcndem","Uncategorized"],"inLanguage":"ru-RU","potentialAction":[{"@type":"CommentAction","name":"Comment","target":["https:\/\/denizcankizil.tr\/ru\/haberler\/gundem\/kristal-flamingolar-sahiplerini-bekliyor\/#respond"]}]},{"@type":"WebPage","@id":"https:\/\/denizcankizil.tr\/ru\/haberler\/gundem\/kristal-flamingolar-sahiplerini-bekliyor\/","url":"https:\/\/denizcankizil.tr\/ru\/haberler\/gundem\/kristal-flamingolar-sahiplerini-bekliyor\/","name":"Kristal Flamingolar sahiplerini bekliyor - Av. Deniz Can K\u0131z\u0131l","isPartOf":{"@id":"https:\/\/denizcankizil.tr\/#website"},"datePublished":"2024-10-25T07:41:42+00:00","breadcrumb":{"@id":"https:\/\/denizcankizil.tr\/ru\/haberler\/gundem\/kristal-flamingolar-sahiplerini-bekliyor\/#breadcrumb"},"inLanguage":"ru-RU","potentialAction":[{"@type":"ReadAction","target":["https:\/\/denizcankizil.tr\/ru\/haberler\/gundem\/kristal-flamingolar-sahiplerini-bekliyor\/"]}]},{"@type":"BreadcrumbList","@id":"https:\/\/denizcankizil.tr\/ru\/haberler\/gundem\/kristal-flamingolar-sahiplerini-bekliyor\/#breadcrumb","itemListElement":[{"@type":"ListItem","position":1,"name":"Home","item":"https:\/\/denizcankizil.tr\/de\/"},{"@type":"ListItem","position":2,"name":"Kristal Flamingolar sahiplerini bekliyor"}]},{"@type":"WebSite","@id":"https:\/\/denizcankizil.tr\/#website","url":"https:\/\/denizcankizil.tr\/","name":"Av. Deniz Can K\u0131z\u0131l","description":"Avukat Deniz Can K\u0131z\u0131l Antalya Barosu","publisher":{"@id":"https:\/\/denizcankizil.tr\/#organization"},"potentialAction":[{"@type":"SearchAction","target":{"@type":"EntryPoint","urlTemplate":"https:\/\/denizcankizil.tr\/?s={search_term_string}"},"query-input":{"@type":"PropertyValueSpecification","valueRequired":true,"valueName":"search_term_string"}}],"inLanguage":"ru-RU"},{"@type":"Organization","@id":"https:\/\/denizcankizil.tr\/#organization","name":"Av. Deniz Can K\u0131z\u0131l","url":"https:\/\/denizcankizil.tr\/","logo":{"@type":"ImageObject","inLanguage":"ru-RU","@id":"https:\/\/denizcankizil.tr\/#\/schema\/logo\/image\/","url":"https:\/\/denizcankizil.tr\/wp-content\/uploads\/2024\/10\/siyah-logo-svg.svg","contentUrl":"https:\/\/denizcankizil.tr\/wp-content\/uploads\/2024\/10\/siyah-logo-svg.svg","width":1080,"height":1080,"caption":"Av. Deniz Can K\u0131z\u0131l"},"image":{"@id":"https:\/\/denizcankizil.tr\/#\/schema\/logo\/image\/"}}]}},"_links":{"self":[{"href":"https:\/\/denizcankizil.tr\/ru\/wp-json\/wp\/v2\/posts\/7918","targetHints":{"allow":["GET"]}}],"collection":[{"href":"https:\/\/denizcankizil.tr\/ru\/wp-json\/wp\/v2\/posts"}],"about":[{"href":"https:\/\/denizcankizil.tr\/ru\/wp-json\/wp\/v2\/types\/post"}],"replies":[{"embeddable":true,"href":"https:\/\/denizcankizil.tr\/ru\/wp-json\/wp\/v2\/comments?post=7918"}],"version-history":[{"count":0,"href":"https:\/\/denizcankizil.tr\/ru\/wp-json\/wp\/v2\/posts\/7918\/revisions"}],"wp:attachment":[{"href":"https:\/\/denizcankizil.tr\/ru\/wp-json\/wp\/v2\/media?parent=7918"}],"wp:term":[{"taxonomy":"category","embeddable":true,"href":"https:\/\/denizcankizil.tr\/ru\/wp-json\/wp\/v2\/categories?post=7918"},{"taxonomy":"post_tag","embeddable":true,"href":"https:\/\/denizcankizil.tr\/ru\/wp-json\/wp\/v2\/tags?post=7918"}],"curies":[{"name":"wp","href":"https:\/\/api.w.org\/{rel}","templated":true}]}}