{"id":78980,"date":"2025-05-07T14:42:15","date_gmt":"2025-05-07T11:42:15","guid":{"rendered":"https:\/\/denizcankizil.tr\/uncategorized-tr\/iskenderun-sehir-ici-ulasimini-rahatlatma-calismasi\/"},"modified":"2025-05-07T14:42:15","modified_gmt":"2025-05-07T11:42:15","slug":"iskenderun-sehir-ici-ulasimini-rahatlatma-calismasi","status":"publish","type":"post","link":"https:\/\/denizcankizil.tr\/ru\/haberler\/gundem\/iskenderun-sehir-ici-ulasimini-rahatlatma-calismasi\/","title":{"rendered":"\u0130skenderun \u015fehir i\u00e7i ula\u015f\u0131m\u0131n\u0131 rahatlatma \u00e7al\u0131\u015fmas\u0131\u2026"},"content":{"rendered":"<p>HBB Ula\u015f\u0131m Dairesi Ba\u015fkanl\u0131\u011f\u0131na ba\u011fl\u0131 ekipler, \u0130skenderun Belediyesi i\u015f birli\u011fiyle ba\u015flat\u0131lan projeler kapsam\u0131nda kav\u015fak d\u00fczenleme ve yol geni\u015fletme \u00e7al\u0131\u015fmalar\u0131na h\u0131z verdi. \u00d6zellikle kent giri\u015f ve \u00e7\u0131k\u0131\u015flar\u0131nda ya\u015fanan trafik s\u0131k\u0131\u015f\u0131kl\u0131\u011f\u0131n\u0131 azaltmak amac\u0131yla s\u00fcrd\u00fcr\u00fclen \u00e7al\u0131\u015fmalar kapsam\u0131nda, \u0130skenderun U\u011fur Mumcu Caddesi Adliye Kav\u015fa\u011f\u0131\u2019nda \u00f6nemli bir d\u00f6n\u00fc\u015f\u00fcm ba\u015flat\u0131ld\u0131. Proje \u00e7er\u00e7evesinde mevcut iki \u015feritli yol, d\u00f6rt \u015feride \u00e7\u0131kar\u0131lacak. Bu sayede hem trafik ak\u0131\u015f\u0131n\u0131n h\u0131zlanmas\u0131 hem de b\u00f6lgenin \u015fehir esteti\u011fi a\u00e7\u0131s\u0131ndan daha modern bir g\u00f6r\u00fcn\u00fcme kavu\u015fmas\u0131 hedefleniyor.<\/p>\n<p>\u015eehir i\u00e7i trafi\u011fin en yo\u011fun noktalar\u0131ndan biri olan bu g\u00fczerg\u00e2hta, \u0130skenderun Teknik \u00dcniversitesi (\u0130STE) \u00f6n\u00fcnden ba\u015flayarak Deniz Alay\u0131 istikametine uzanan yolda yap\u0131lacak d\u00fczenlemelerle s\u00fcr\u00fcc\u00fclere daha konforlu, g\u00fcvenli ve rahat bir ula\u015f\u0131m imk\u00e2n\u0131 sunulacak.<\/p>\n<p>Yol geni\u015fletme \u00e7al\u0131\u015fmalar\u0131n\u0131n tamamlanmas\u0131n\u0131n ard\u0131ndan yap\u0131lacak \u00e7evre d\u00fczenlemeleri ile kav\u015fak modern bir g\u00f6r\u00fcn\u00fcme kavu\u015fturulacak. HBB yetkilileri, \u0130skenderun kent merkezinde ula\u015f\u0131m\u0131 kolayla\u015ft\u0131rmaya y\u00f6nelik projelerin artarak devam edece\u011fini belirtti.<\/p>\n<p>\u200bHatay B\u00fcy\u00fck\u015fehir Belediyesi, Adliye-AVM b\u00f6lgesinde \u0130skenderun \u015fehir i\u00e7i ula\u015f\u0131m\u0131nda ya\u015fanan yo\u011funluk ve trafik sorunlar\u0131na \u00e7\u00f6z\u00fcm \u00fcretmek amac\u0131yla kapsaml\u0131 \u00e7al\u0131\u015fmalar y\u00fcr\u00fct\u00fcyor.\u00a0<\/p>\n<p>\u200bHaberin Al\u0131nt\u0131land\u0131\u011f\u0131 Kaynak: www.iskenderun.org<\/p>","protected":false},"excerpt":{"rendered":"<p>HBB Ula\u015f\u0131m Dairesi Ba\u015fkanl\u0131\u011f\u0131na ba\u011fl\u0131 ekipler, \u0130skenderun Belediyesi i\u015f birli\u011fiyle ba\u015flat\u0131lan projeler kapsam\u0131nda kav\u015fak d\u00fczenleme ve yol geni\u015fletme \u00e7al\u0131\u015fmalar\u0131na h\u0131z verdi. \u00d6zellikle kent giri\u015f ve \u00e7\u0131k\u0131\u015flar\u0131nda ya\u015fanan trafik s\u0131k\u0131\u015f\u0131kl\u0131\u011f\u0131n\u0131 azaltmak amac\u0131yla s\u00fcrd\u00fcr\u00fclen \u00e7al\u0131\u015fmalar kapsam\u0131nda, \u0130skenderun U\u011fur Mumcu Caddesi Adliye Kav\u015fa\u011f\u0131\u2019nda \u00f6nemli bir d\u00f6n\u00fc\u015f\u00fcm ba\u015flat\u0131ld\u0131. Proje \u00e7er\u00e7evesinde mevcut iki \u015feritli yol, d\u00f6rt \u015feride \u00e7\u0131kar\u0131lacak. Bu sayede hem trafik ak\u0131\u015f\u0131n\u0131n h\u0131zlanmas\u0131 hem de b\u00f6lgenin \u015fehir esteti\u011fi a\u00e7\u0131s\u0131ndan daha modern bir g\u00f6r\u00fcn\u00fcme kavu\u015fmas\u0131 hedefleniyor. \u015eehir i\u00e7i trafi\u011fin en yo\u011fun noktalar\u0131ndan biri olan bu g\u00fczerg\u00e2hta, \u0130skenderun Teknik \u00dcniversitesi (\u0130STE) \u00f6n\u00fcnden ba\u015flayarak Deniz Alay\u0131 istikametine uzanan yolda yap\u0131lacak d\u00fczenlemelerle s\u00fcr\u00fcc\u00fclere daha konforlu, g\u00fcvenli ve rahat bir ula\u015f\u0131m imk\u00e2n\u0131 sunulacak. Yol geni\u015fletme \u00e7al\u0131\u015fmalar\u0131n\u0131n tamamlanmas\u0131n\u0131n ard\u0131ndan yap\u0131lacak \u00e7evre d\u00fczenlemeleri ile kav\u015fak modern bir g\u00f6r\u00fcn\u00fcme kavu\u015fturulacak. HBB yetkilileri, \u0130skenderun kent merkezinde ula\u015f\u0131m\u0131 kolayla\u015ft\u0131rmaya y\u00f6nelik projelerin artarak devam edece\u011fini belirtti. \u200bHatay B\u00fcy\u00fck\u015fehir Belediyesi, Adliye-AVM b\u00f6lgesinde \u0130skenderun \u015fehir i\u00e7i ula\u015f\u0131m\u0131nda ya\u015fanan yo\u011funluk ve trafik sorunlar\u0131na \u00e7\u00f6z\u00fcm \u00fcretmek amac\u0131yla kapsaml\u0131 \u00e7al\u0131\u015fmalar y\u00fcr\u00fct\u00fcyor.\u00a0 \u200bHaberin Al\u0131nt\u0131land\u0131\u011f\u0131 Kaynak: www.iskenderun.org<\/p>","protected":false},"author":1,"featured_media":0,"comment_status":"","ping_status":"open","sticky":false,"template":"","format":"standard","meta":{"_acf_changed":false,"footnotes":""},"categories":[24],"tags":[],"class_list":["post-78980","post","type-post","status-publish","format-standard","has-post-thumbnail","hentry","category-gundem"],"acf":[],"yoast_head":"<!-- This site is optimized with the Yoast SEO Premium plugin v26.6 (Yoast SEO v27.1.1) - https:\/\/yoast.com\/product\/yoast-seo-premium-wordpress\/ -->\n<title>\u0130skenderun \u015fehir i\u00e7i ula\u015f\u0131m\u0131n\u0131 rahatlatma \u00e7al\u0131\u015fmas\u0131\u2026 - Av. Deniz Can K\u0131z\u0131l<\/title>\n<meta name=\"robots\" content=\"index, follow, max-snippet:-1, max-image-preview:large, max-video-preview:-1\" \/>\n<link rel=\"canonical\" href=\"https:\/\/denizcankizil.tr\/ru\/haberler\/gundem\/iskenderun-sehir-ici-ulasimini-rahatlatma-calismasi\/\" \/>\n<meta property=\"og:locale\" content=\"ru_RU\" \/>\n<meta property=\"og:type\" content=\"article\" \/>\n<meta property=\"og:title\" content=\"\u0130skenderun \u015fehir i\u00e7i ula\u015f\u0131m\u0131n\u0131 rahatlatma \u00e7al\u0131\u015fmas\u0131\u2026\" \/>\n<meta property=\"og:description\" content=\"HBB Ula\u015f\u0131m Dairesi Ba\u015fkanl\u0131\u011f\u0131na ba\u011fl\u0131 ekipler, \u0130skenderun Belediyesi i\u015f birli\u011fiyle ba\u015flat\u0131lan projeler kapsam\u0131nda kav\u015fak d\u00fczenleme ve yol geni\u015fletme \u00e7al\u0131\u015fmalar\u0131na h\u0131z verdi. \u00d6zellikle kent giri\u015f ve \u00e7\u0131k\u0131\u015flar\u0131nda ya\u015fanan trafik s\u0131k\u0131\u015f\u0131kl\u0131\u011f\u0131n\u0131 azaltmak amac\u0131yla s\u00fcrd\u00fcr\u00fclen \u00e7al\u0131\u015fmalar kapsam\u0131nda, \u0130skenderun U\u011fur Mumcu Caddesi Adliye Kav\u015fa\u011f\u0131\u2019nda \u00f6nemli bir d\u00f6n\u00fc\u015f\u00fcm ba\u015flat\u0131ld\u0131. Proje \u00e7er\u00e7evesinde mevcut iki \u015feritli yol, d\u00f6rt \u015feride \u00e7\u0131kar\u0131lacak. Bu sayede hem trafik ak\u0131\u015f\u0131n\u0131n h\u0131zlanmas\u0131 hem de b\u00f6lgenin \u015fehir esteti\u011fi a\u00e7\u0131s\u0131ndan daha modern bir g\u00f6r\u00fcn\u00fcme kavu\u015fmas\u0131 hedefleniyor. \u015eehir i\u00e7i trafi\u011fin en yo\u011fun noktalar\u0131ndan biri olan bu g\u00fczerg\u00e2hta, \u0130skenderun Teknik \u00dcniversitesi (\u0130STE) \u00f6n\u00fcnden ba\u015flayarak Deniz Alay\u0131 istikametine uzanan yolda yap\u0131lacak d\u00fczenlemelerle s\u00fcr\u00fcc\u00fclere daha konforlu, g\u00fcvenli ve rahat bir ula\u015f\u0131m imk\u00e2n\u0131 sunulacak. Yol geni\u015fletme \u00e7al\u0131\u015fmalar\u0131n\u0131n tamamlanmas\u0131n\u0131n ard\u0131ndan yap\u0131lacak \u00e7evre d\u00fczenlemeleri ile kav\u015fak modern bir g\u00f6r\u00fcn\u00fcme kavu\u015fturulacak. HBB yetkilileri, \u0130skenderun kent merkezinde ula\u015f\u0131m\u0131 kolayla\u015ft\u0131rmaya y\u00f6nelik projelerin artarak devam edece\u011fini belirtti. \u200bHatay B\u00fcy\u00fck\u015fehir Belediyesi, Adliye-AVM b\u00f6lgesinde \u0130skenderun \u015fehir i\u00e7i ula\u015f\u0131m\u0131nda ya\u015fanan yo\u011funluk ve trafik sorunlar\u0131na \u00e7\u00f6z\u00fcm \u00fcretmek amac\u0131yla kapsaml\u0131 \u00e7al\u0131\u015fmalar y\u00fcr\u00fct\u00fcyor.\u00a0 \u200bHaberin Al\u0131nt\u0131land\u0131\u011f\u0131 Kaynak: www.iskenderun.org\" \/>\n<meta property=\"og:url\" content=\"https:\/\/denizcankizil.tr\/ru\/haberler\/gundem\/iskenderun-sehir-ici-ulasimini-rahatlatma-calismasi\/\" \/>\n<meta property=\"og:site_name\" content=\"Av. Deniz Can K\u0131z\u0131l\" \/>\n<meta property=\"article:published_time\" content=\"2025-05-07T11:42:15+00:00\" \/>\n<meta name=\"author\" content=\"admin\" \/>\n<meta name=\"twitter:card\" content=\"summary_large_image\" \/>\n<meta name=\"twitter:label1\" content=\"\u041d\u0430\u043f\u0438\u0441\u0430\u043d\u043e \u0430\u0432\u0442\u043e\u0440\u043e\u043c\" \/>\n\t<meta name=\"twitter:data1\" content=\"admin\" \/>\n\t<meta name=\"twitter:label2\" content=\"\u041f\u0440\u0438\u043c\u0435\u0440\u043d\u043e\u0435 \u0432\u0440\u0435\u043c\u044f \u0434\u043b\u044f \u0447\u0442\u0435\u043d\u0438\u044f\" \/>\n\t<meta name=\"twitter:data2\" content=\"1 \u043c\u0438\u043d\u0443\u0442\u0430\" \/>\n<script type=\"application\/ld+json\" class=\"yoast-schema-graph\">{\"@context\":\"https:\/\/schema.org\",\"@graph\":[{\"@type\":\"Article\",\"@id\":\"https:\/\/denizcankizil.tr\/ru\/haberler\/gundem\/iskenderun-sehir-ici-ulasimini-rahatlatma-calismasi\/#article\",\"isPartOf\":{\"@id\":\"https:\/\/denizcankizil.tr\/ru\/haberler\/gundem\/iskenderun-sehir-ici-ulasimini-rahatlatma-calismasi\/\"},\"author\":{\"name\":\"admin\",\"@id\":\"https:\/\/denizcankizil.tr\/de\/#\/schema\/person\/be3c05fe6a12686905512445d8185489\"},\"headline\":\"\u0130skenderun \u015fehir i\u00e7i ula\u015f\u0131m\u0131n\u0131 rahatlatma \u00e7al\u0131\u015fmas\u0131\u2026\",\"datePublished\":\"2025-05-07T11:42:15+00:00\",\"mainEntityOfPage\":{\"@id\":\"https:\/\/denizcankizil.tr\/ru\/haberler\/gundem\/iskenderun-sehir-ici-ulasimini-rahatlatma-calismasi\/\"},\"wordCount\":267,\"publisher\":{\"@id\":\"https:\/\/denizcankizil.tr\/de\/#organization\"},\"articleSection\":[\"G\u00fcndem\"],\"inLanguage\":\"ru-RU\"},{\"@type\":\"WebPage\",\"@id\":\"https:\/\/denizcankizil.tr\/ru\/haberler\/gundem\/iskenderun-sehir-ici-ulasimini-rahatlatma-calismasi\/\",\"url\":\"https:\/\/denizcankizil.tr\/ru\/haberler\/gundem\/iskenderun-sehir-ici-ulasimini-rahatlatma-calismasi\/\",\"name\":\"\u0130skenderun \u015fehir i\u00e7i ula\u015f\u0131m\u0131n\u0131 rahatlatma \u00e7al\u0131\u015fmas\u0131\u2026 - Av. Deniz Can K\u0131z\u0131l\",\"isPartOf\":{\"@id\":\"https:\/\/denizcankizil.tr\/de\/#website\"},\"datePublished\":\"2025-05-07T11:42:15+00:00\",\"breadcrumb\":{\"@id\":\"https:\/\/denizcankizil.tr\/ru\/haberler\/gundem\/iskenderun-sehir-ici-ulasimini-rahatlatma-calismasi\/#breadcrumb\"},\"inLanguage\":\"ru-RU\",\"potentialAction\":[{\"@type\":\"ReadAction\",\"target\":[\"https:\/\/denizcankizil.tr\/ru\/haberler\/gundem\/iskenderun-sehir-ici-ulasimini-rahatlatma-calismasi\/\"]}]},{\"@type\":\"BreadcrumbList\",\"@id\":\"https:\/\/denizcankizil.tr\/ru\/haberler\/gundem\/iskenderun-sehir-ici-ulasimini-rahatlatma-calismasi\/#breadcrumb\",\"itemListElement\":[{\"@type\":\"ListItem\",\"position\":1,\"name\":\"Home\",\"item\":\"https:\/\/denizcankizil.tr\/de\/\"},{\"@type\":\"ListItem\",\"position\":2,\"name\":\"\u0130skenderun \u015fehir i\u00e7i ula\u015f\u0131m\u0131n\u0131 rahatlatma \u00e7al\u0131\u015fmas\u0131\u2026\"}]},{\"@type\":\"WebSite\",\"@id\":\"https:\/\/denizcankizil.tr\/de\/#website\",\"url\":\"https:\/\/denizcankizil.tr\/de\/\",\"name\":\"Av. Deniz Can K\u0131z\u0131l\",\"description\":\"Avukat Deniz Can K\u0131z\u0131l Antalya Barosu\",\"publisher\":{\"@id\":\"https:\/\/denizcankizil.tr\/de\/#organization\"},\"potentialAction\":[{\"@type\":\"SearchAction\",\"target\":{\"@type\":\"EntryPoint\",\"urlTemplate\":\"https:\/\/denizcankizil.tr\/de\/?s={search_term_string}\"},\"query-input\":{\"@type\":\"PropertyValueSpecification\",\"valueRequired\":true,\"valueName\":\"search_term_string\"}}],\"inLanguage\":\"ru-RU\"},{\"@type\":\"Organization\",\"@id\":\"https:\/\/denizcankizil.tr\/de\/#organization\",\"name\":\"Av. Deniz Can K\u0131z\u0131l\",\"url\":\"https:\/\/denizcankizil.tr\/de\/\",\"logo\":{\"@type\":\"ImageObject\",\"inLanguage\":\"ru-RU\",\"@id\":\"https:\/\/denizcankizil.tr\/de\/#\/schema\/logo\/image\/\",\"url\":\"https:\/\/denizcankizil.tr\/wp-content\/uploads\/2024\/10\/siyah-logo-svg.svg\",\"contentUrl\":\"https:\/\/denizcankizil.tr\/wp-content\/uploads\/2024\/10\/siyah-logo-svg.svg\",\"width\":1080,\"height\":1080,\"caption\":\"Av. Deniz Can K\u0131z\u0131l\"},\"image\":{\"@id\":\"https:\/\/denizcankizil.tr\/de\/#\/schema\/logo\/image\/\"}},{\"@type\":\"Person\",\"@id\":\"https:\/\/denizcankizil.tr\/de\/#\/schema\/person\/be3c05fe6a12686905512445d8185489\",\"name\":\"admin\",\"image\":{\"@type\":\"ImageObject\",\"inLanguage\":\"ru-RU\",\"@id\":\"https:\/\/denizcankizil.tr\/de\/#\/schema\/person\/image\/\",\"url\":\"https:\/\/secure.gravatar.com\/avatar\/c1fce94c830dc79107e174f890d7210541c4a63e8e5d816341794a2151c9d58c?s=96&d=mm&r=g\",\"contentUrl\":\"https:\/\/secure.gravatar.com\/avatar\/c1fce94c830dc79107e174f890d7210541c4a63e8e5d816341794a2151c9d58c?s=96&d=mm&r=g\",\"caption\":\"admin\"},\"sameAs\":[\"http:\/\/denizcankizil.tr\"],\"url\":\"https:\/\/www.iskenderun.org\/iskenderun-sehir-ici-ulasimini-rahatlatma-calismasi\"}]}<\/script>\n<!-- \/ Yoast SEO Premium plugin. -->","yoast_head_json":{"title":"\u0130skenderun \u015fehir i\u00e7i ula\u015f\u0131m\u0131n\u0131 rahatlatma \u00e7al\u0131\u015fmas\u0131\u2026 - Av. Deniz Can K\u0131z\u0131l","robots":{"index":"index","follow":"follow","max-snippet":"max-snippet:-1","max-image-preview":"max-image-preview:large","max-video-preview":"max-video-preview:-1"},"canonical":"https:\/\/denizcankizil.tr\/ru\/haberler\/gundem\/iskenderun-sehir-ici-ulasimini-rahatlatma-calismasi\/","og_locale":"ru_RU","og_type":"article","og_title":"\u0130skenderun \u015fehir i\u00e7i ula\u015f\u0131m\u0131n\u0131 rahatlatma \u00e7al\u0131\u015fmas\u0131\u2026","og_description":"HBB Ula\u015f\u0131m Dairesi Ba\u015fkanl\u0131\u011f\u0131na ba\u011fl\u0131 ekipler, \u0130skenderun Belediyesi i\u015f birli\u011fiyle ba\u015flat\u0131lan projeler kapsam\u0131nda kav\u015fak d\u00fczenleme ve yol geni\u015fletme \u00e7al\u0131\u015fmalar\u0131na h\u0131z verdi. \u00d6zellikle kent giri\u015f ve \u00e7\u0131k\u0131\u015flar\u0131nda ya\u015fanan trafik s\u0131k\u0131\u015f\u0131kl\u0131\u011f\u0131n\u0131 azaltmak amac\u0131yla s\u00fcrd\u00fcr\u00fclen \u00e7al\u0131\u015fmalar kapsam\u0131nda, \u0130skenderun U\u011fur Mumcu Caddesi Adliye Kav\u015fa\u011f\u0131\u2019nda \u00f6nemli bir d\u00f6n\u00fc\u015f\u00fcm ba\u015flat\u0131ld\u0131. Proje \u00e7er\u00e7evesinde mevcut iki \u015feritli yol, d\u00f6rt \u015feride \u00e7\u0131kar\u0131lacak. Bu sayede hem trafik ak\u0131\u015f\u0131n\u0131n h\u0131zlanmas\u0131 hem de b\u00f6lgenin \u015fehir esteti\u011fi a\u00e7\u0131s\u0131ndan daha modern bir g\u00f6r\u00fcn\u00fcme kavu\u015fmas\u0131 hedefleniyor. \u015eehir i\u00e7i trafi\u011fin en yo\u011fun noktalar\u0131ndan biri olan bu g\u00fczerg\u00e2hta, \u0130skenderun Teknik \u00dcniversitesi (\u0130STE) \u00f6n\u00fcnden ba\u015flayarak Deniz Alay\u0131 istikametine uzanan yolda yap\u0131lacak d\u00fczenlemelerle s\u00fcr\u00fcc\u00fclere daha konforlu, g\u00fcvenli ve rahat bir ula\u015f\u0131m imk\u00e2n\u0131 sunulacak. Yol geni\u015fletme \u00e7al\u0131\u015fmalar\u0131n\u0131n tamamlanmas\u0131n\u0131n ard\u0131ndan yap\u0131lacak \u00e7evre d\u00fczenlemeleri ile kav\u015fak modern bir g\u00f6r\u00fcn\u00fcme kavu\u015fturulacak. HBB yetkilileri, \u0130skenderun kent merkezinde ula\u015f\u0131m\u0131 kolayla\u015ft\u0131rmaya y\u00f6nelik projelerin artarak devam edece\u011fini belirtti. \u200bHatay B\u00fcy\u00fck\u015fehir Belediyesi, Adliye-AVM b\u00f6lgesinde \u0130skenderun \u015fehir i\u00e7i ula\u015f\u0131m\u0131nda ya\u015fanan yo\u011funluk ve trafik sorunlar\u0131na \u00e7\u00f6z\u00fcm \u00fcretmek amac\u0131yla kapsaml\u0131 \u00e7al\u0131\u015fmalar y\u00fcr\u00fct\u00fcyor.\u00a0 \u200bHaberin Al\u0131nt\u0131land\u0131\u011f\u0131 Kaynak: www.iskenderun.org","og_url":"https:\/\/denizcankizil.tr\/ru\/haberler\/gundem\/iskenderun-sehir-ici-ulasimini-rahatlatma-calismasi\/","og_site_name":"Av. Deniz Can K\u0131z\u0131l","article_published_time":"2025-05-07T11:42:15+00:00","author":"admin","twitter_card":"summary_large_image","twitter_misc":{"\u041d\u0430\u043f\u0438\u0441\u0430\u043d\u043e \u0430\u0432\u0442\u043e\u0440\u043e\u043c":"admin","\u041f\u0440\u0438\u043c\u0435\u0440\u043d\u043e\u0435 \u0432\u0440\u0435\u043c\u044f \u0434\u043b\u044f \u0447\u0442\u0435\u043d\u0438\u044f":"1 \u043c\u0438\u043d\u0443\u0442\u0430"},"schema":{"@context":"https:\/\/schema.org","@graph":[{"@type":"Article","@id":"https:\/\/denizcankizil.tr\/ru\/haberler\/gundem\/iskenderun-sehir-ici-ulasimini-rahatlatma-calismasi\/#article","isPartOf":{"@id":"https:\/\/denizcankizil.tr\/ru\/haberler\/gundem\/iskenderun-sehir-ici-ulasimini-rahatlatma-calismasi\/"},"author":{"name":"admin","@id":"https:\/\/denizcankizil.tr\/de\/#\/schema\/person\/be3c05fe6a12686905512445d8185489"},"headline":"\u0130skenderun \u015fehir i\u00e7i ula\u015f\u0131m\u0131n\u0131 rahatlatma \u00e7al\u0131\u015fmas\u0131\u2026","datePublished":"2025-05-07T11:42:15+00:00","mainEntityOfPage":{"@id":"https:\/\/denizcankizil.tr\/ru\/haberler\/gundem\/iskenderun-sehir-ici-ulasimini-rahatlatma-calismasi\/"},"wordCount":267,"publisher":{"@id":"https:\/\/denizcankizil.tr\/de\/#organization"},"articleSection":["G\u00fcndem"],"inLanguage":"ru-RU"},{"@type":"WebPage","@id":"https:\/\/denizcankizil.tr\/ru\/haberler\/gundem\/iskenderun-sehir-ici-ulasimini-rahatlatma-calismasi\/","url":"https:\/\/denizcankizil.tr\/ru\/haberler\/gundem\/iskenderun-sehir-ici-ulasimini-rahatlatma-calismasi\/","name":"\u0130skenderun \u015fehir i\u00e7i ula\u015f\u0131m\u0131n\u0131 rahatlatma \u00e7al\u0131\u015fmas\u0131\u2026 - Av. Deniz Can K\u0131z\u0131l","isPartOf":{"@id":"https:\/\/denizcankizil.tr\/de\/#website"},"datePublished":"2025-05-07T11:42:15+00:00","breadcrumb":{"@id":"https:\/\/denizcankizil.tr\/ru\/haberler\/gundem\/iskenderun-sehir-ici-ulasimini-rahatlatma-calismasi\/#breadcrumb"},"inLanguage":"ru-RU","potentialAction":[{"@type":"ReadAction","target":["https:\/\/denizcankizil.tr\/ru\/haberler\/gundem\/iskenderun-sehir-ici-ulasimini-rahatlatma-calismasi\/"]}]},{"@type":"BreadcrumbList","@id":"https:\/\/denizcankizil.tr\/ru\/haberler\/gundem\/iskenderun-sehir-ici-ulasimini-rahatlatma-calismasi\/#breadcrumb","itemListElement":[{"@type":"ListItem","position":1,"name":"Home","item":"https:\/\/denizcankizil.tr\/de\/"},{"@type":"ListItem","position":2,"name":"\u0130skenderun \u015fehir i\u00e7i ula\u015f\u0131m\u0131n\u0131 rahatlatma \u00e7al\u0131\u015fmas\u0131\u2026"}]},{"@type":"WebSite","@id":"https:\/\/denizcankizil.tr\/de\/#website","url":"https:\/\/denizcankizil.tr\/de\/","name":"Av. Deniz Can K\u0131z\u0131l","description":"Avukat Deniz Can K\u0131z\u0131l Antalya Barosu","publisher":{"@id":"https:\/\/denizcankizil.tr\/de\/#organization"},"potentialAction":[{"@type":"SearchAction","target":{"@type":"EntryPoint","urlTemplate":"https:\/\/denizcankizil.tr\/de\/?s={search_term_string}"},"query-input":{"@type":"PropertyValueSpecification","valueRequired":true,"valueName":"search_term_string"}}],"inLanguage":"ru-RU"},{"@type":"Organization","@id":"https:\/\/denizcankizil.tr\/de\/#organization","name":"Av. Deniz Can K\u0131z\u0131l","url":"https:\/\/denizcankizil.tr\/de\/","logo":{"@type":"ImageObject","inLanguage":"ru-RU","@id":"https:\/\/denizcankizil.tr\/de\/#\/schema\/logo\/image\/","url":"https:\/\/denizcankizil.tr\/wp-content\/uploads\/2024\/10\/siyah-logo-svg.svg","contentUrl":"https:\/\/denizcankizil.tr\/wp-content\/uploads\/2024\/10\/siyah-logo-svg.svg","width":1080,"height":1080,"caption":"Av. Deniz Can K\u0131z\u0131l"},"image":{"@id":"https:\/\/denizcankizil.tr\/de\/#\/schema\/logo\/image\/"}},{"@type":"Person","@id":"https:\/\/denizcankizil.tr\/de\/#\/schema\/person\/be3c05fe6a12686905512445d8185489","name":"\u0430\u0434\u043c\u0438\u043d","image":{"@type":"ImageObject","inLanguage":"ru-RU","@id":"https:\/\/denizcankizil.tr\/de\/#\/schema\/person\/image\/","url":"https:\/\/secure.gravatar.com\/avatar\/c1fce94c830dc79107e174f890d7210541c4a63e8e5d816341794a2151c9d58c?s=96&d=mm&r=g","contentUrl":"https:\/\/secure.gravatar.com\/avatar\/c1fce94c830dc79107e174f890d7210541c4a63e8e5d816341794a2151c9d58c?s=96&d=mm&r=g","caption":"admin"},"sameAs":["http:\/\/denizcankizil.tr"],"url":"https:\/\/www.iskenderun.org\/iskenderun-sehir-ici-ulasimini-rahatlatma-calismasi"}]}},"_links":{"self":[{"href":"https:\/\/denizcankizil.tr\/ru\/wp-json\/wp\/v2\/posts\/78980","targetHints":{"allow":["GET"]}}],"collection":[{"href":"https:\/\/denizcankizil.tr\/ru\/wp-json\/wp\/v2\/posts"}],"about":[{"href":"https:\/\/denizcankizil.tr\/ru\/wp-json\/wp\/v2\/types\/post"}],"author":[{"embeddable":true,"href":"https:\/\/denizcankizil.tr\/ru\/wp-json\/wp\/v2\/users\/1"}],"replies":[{"embeddable":true,"href":"https:\/\/denizcankizil.tr\/ru\/wp-json\/wp\/v2\/comments?post=78980"}],"version-history":[{"count":0,"href":"https:\/\/denizcankizil.tr\/ru\/wp-json\/wp\/v2\/posts\/78980\/revisions"}],"wp:attachment":[{"href":"https:\/\/denizcankizil.tr\/ru\/wp-json\/wp\/v2\/media?parent=78980"}],"wp:term":[{"taxonomy":"category","embeddable":true,"href":"https:\/\/denizcankizil.tr\/ru\/wp-json\/wp\/v2\/categories?post=78980"},{"taxonomy":"post_tag","embeddable":true,"href":"https:\/\/denizcankizil.tr\/ru\/wp-json\/wp\/v2\/tags?post=78980"}],"curies":[{"name":"wp","href":"https:\/\/api.w.org\/{rel}","templated":true}]}}