{"id":78942,"date":"2025-05-07T13:43:12","date_gmt":"2025-05-07T10:43:12","guid":{"rendered":"https:\/\/denizcankizil.tr\/uncategorized-tr\/hatayda-fuhus-denetimi-4-sahsa-islem-yapildi\/"},"modified":"2025-05-07T13:43:12","modified_gmt":"2025-05-07T10:43:12","slug":"hatayda-fuhus-denetimi-4-sahsa-islem-yapildi","status":"publish","type":"post","link":"https:\/\/denizcankizil.tr\/ru\/haberler\/gundem\/hatayda-fuhus-denetimi-4-sahsa-islem-yapildi\/","title":{"rendered":"Hatay\u2019da Fuhu\u015f Denetimi, 4 \u015eahsa \u0130\u015flem Yap\u0131ld\u0131"},"content":{"rendered":"<p>Emniyet M\u00fcd\u00fcrl\u00fc\u011f\u00fc ekipleri, genel asayi\u015fin sa\u011flanmas\u0131 ve kamu d\u00fczeninin korunmas\u0131 amac\u0131yla \u0130skenderun il\u00e7esinde g\u00fcn\u00fcbirlik kiralanan yerlerde denetimlerini s\u00fcrd\u00fcr\u00fcyor. Bu kapsamda 2 May\u0131s 2025 tarihinde yap\u0131lan denetimlerde, E.B. ve D.C.G. isimli \u015fah\u0131slar\u0131n fuhu\u015f yapt\u0131\u011f\u0131 tespit edildi. \u015e\u00fcpheliler hakk\u0131nda idari i\u015flem uyguland\u0131.<\/p>\n<p>5 May\u0131s 2025 tarihinde yap\u0131lan benzer denetimlerde ise M.R. ve A.P. isimli \u015fah\u0131slar\u0131n fuhu\u015f yapt\u0131\u011f\u0131 belirlendi. Hem \u015fah\u0131slara hem de fuhu\u015f i\u00e7in kullan\u0131ld\u0131\u011f\u0131 tespit edilen i\u015f yerine gerekli idari i\u015flemler uyguland\u0131. Ayr\u0131ca, M.R. isimli \u015fahs\u0131n kay\u0131p olarak arand\u0131\u011f\u0131 da yap\u0131lan kontroller s\u0131ras\u0131nda tespit edildi.<\/p>\n<p>Emniyet yetkilileri, fuhu\u015fla m\u00fccadele ve halk\u0131n huzurunun sa\u011flanmas\u0131 amac\u0131yla denetimlerin aral\u0131ks\u0131z s\u00fcrd\u00fcr\u00fclece\u011fini bildirdi.<\/p>\n<p>\u200bHatay\u2019\u0131n \u0130skenderun il\u00e7esinde ekiplerin iki farkl\u0131 zamanda ger\u00e7ekle\u015ftirdi\u011fi \u00e7al\u0131\u015fma sonucunda fuhu\u015f yapt\u0131klar\u0131 tespit edilen d\u00f6rt \u015fah\u0131s hakk\u0131nda i\u015flem yap\u0131ld\u0131, yakalanan \u015fah\u0131slar aras\u0131nda bir ki\u015finin de kay\u0131p olarak arand\u0131\u011f\u0131 belirlendi.\u00a0<\/p>\n<p>\u200bHaberin Al\u0131nt\u0131land\u0131\u011f\u0131 Kaynak: www.iskenderun.org<\/p>","protected":false},"excerpt":{"rendered":"<p>Emniyet M\u00fcd\u00fcrl\u00fc\u011f\u00fc ekipleri, genel asayi\u015fin sa\u011flanmas\u0131 ve kamu d\u00fczeninin korunmas\u0131 amac\u0131yla \u0130skenderun il\u00e7esinde g\u00fcn\u00fcbirlik kiralanan yerlerde denetimlerini s\u00fcrd\u00fcr\u00fcyor. Bu kapsamda 2 May\u0131s 2025 tarihinde yap\u0131lan denetimlerde, E.B. ve D.C.G. isimli \u015fah\u0131slar\u0131n fuhu\u015f yapt\u0131\u011f\u0131 tespit edildi. \u015e\u00fcpheliler hakk\u0131nda idari i\u015flem uyguland\u0131. 5 May\u0131s 2025 tarihinde yap\u0131lan benzer denetimlerde ise M.R. ve A.P. isimli \u015fah\u0131slar\u0131n fuhu\u015f yapt\u0131\u011f\u0131 belirlendi. Hem \u015fah\u0131slara hem de fuhu\u015f i\u00e7in kullan\u0131ld\u0131\u011f\u0131 tespit edilen i\u015f yerine gerekli idari i\u015flemler uyguland\u0131. Ayr\u0131ca, M.R. isimli \u015fahs\u0131n kay\u0131p olarak arand\u0131\u011f\u0131 da yap\u0131lan kontroller s\u0131ras\u0131nda tespit edildi. Emniyet yetkilileri, fuhu\u015fla m\u00fccadele ve halk\u0131n huzurunun sa\u011flanmas\u0131 amac\u0131yla denetimlerin aral\u0131ks\u0131z s\u00fcrd\u00fcr\u00fclece\u011fini bildirdi. \u200bHatay\u2019\u0131n \u0130skenderun il\u00e7esinde ekiplerin iki farkl\u0131 zamanda ger\u00e7ekle\u015ftirdi\u011fi \u00e7al\u0131\u015fma sonucunda fuhu\u015f yapt\u0131klar\u0131 tespit edilen d\u00f6rt \u015fah\u0131s hakk\u0131nda i\u015flem yap\u0131ld\u0131, yakalanan \u015fah\u0131slar aras\u0131nda bir ki\u015finin de kay\u0131p olarak arand\u0131\u011f\u0131 belirlendi.\u00a0 \u200bHaberin Al\u0131nt\u0131land\u0131\u011f\u0131 Kaynak: www.iskenderun.org<\/p>","protected":false},"author":1,"featured_media":0,"comment_status":"","ping_status":"open","sticky":false,"template":"","format":"standard","meta":{"_acf_changed":false,"footnotes":""},"categories":[24],"tags":[],"class_list":["post-78942","post","type-post","status-publish","format-standard","has-post-thumbnail","hentry","category-gundem"],"acf":[],"yoast_head":"<!-- This site is optimized with the Yoast SEO Premium plugin v26.6 (Yoast SEO v27.1.1) - https:\/\/yoast.com\/product\/yoast-seo-premium-wordpress\/ -->\n<title>Hatay\u2019da Fuhu\u015f Denetimi, 4 \u015eahsa \u0130\u015flem Yap\u0131ld\u0131 - Av. Deniz Can K\u0131z\u0131l<\/title>\n<meta name=\"robots\" content=\"index, follow, max-snippet:-1, max-image-preview:large, max-video-preview:-1\" \/>\n<link rel=\"canonical\" href=\"https:\/\/denizcankizil.tr\/ru\/haberler\/gundem\/hatayda-fuhus-denetimi-4-sahsa-islem-yapildi\/\" \/>\n<meta property=\"og:locale\" content=\"ru_RU\" \/>\n<meta property=\"og:type\" content=\"article\" \/>\n<meta property=\"og:title\" content=\"Hatay\u2019da Fuhu\u015f Denetimi, 4 \u015eahsa \u0130\u015flem Yap\u0131ld\u0131\" \/>\n<meta property=\"og:description\" content=\"Emniyet M\u00fcd\u00fcrl\u00fc\u011f\u00fc ekipleri, genel asayi\u015fin sa\u011flanmas\u0131 ve kamu d\u00fczeninin korunmas\u0131 amac\u0131yla \u0130skenderun il\u00e7esinde g\u00fcn\u00fcbirlik kiralanan yerlerde denetimlerini s\u00fcrd\u00fcr\u00fcyor. Bu kapsamda 2 May\u0131s 2025 tarihinde yap\u0131lan denetimlerde, E.B. ve D.C.G. isimli \u015fah\u0131slar\u0131n fuhu\u015f yapt\u0131\u011f\u0131 tespit edildi. \u015e\u00fcpheliler hakk\u0131nda idari i\u015flem uyguland\u0131. 5 May\u0131s 2025 tarihinde yap\u0131lan benzer denetimlerde ise M.R. ve A.P. isimli \u015fah\u0131slar\u0131n fuhu\u015f yapt\u0131\u011f\u0131 belirlendi. Hem \u015fah\u0131slara hem de fuhu\u015f i\u00e7in kullan\u0131ld\u0131\u011f\u0131 tespit edilen i\u015f yerine gerekli idari i\u015flemler uyguland\u0131. Ayr\u0131ca, M.R. isimli \u015fahs\u0131n kay\u0131p olarak arand\u0131\u011f\u0131 da yap\u0131lan kontroller s\u0131ras\u0131nda tespit edildi. Emniyet yetkilileri, fuhu\u015fla m\u00fccadele ve halk\u0131n huzurunun sa\u011flanmas\u0131 amac\u0131yla denetimlerin aral\u0131ks\u0131z s\u00fcrd\u00fcr\u00fclece\u011fini bildirdi. \u200bHatay\u2019\u0131n \u0130skenderun il\u00e7esinde ekiplerin iki farkl\u0131 zamanda ger\u00e7ekle\u015ftirdi\u011fi \u00e7al\u0131\u015fma sonucunda fuhu\u015f yapt\u0131klar\u0131 tespit edilen d\u00f6rt \u015fah\u0131s hakk\u0131nda i\u015flem yap\u0131ld\u0131, yakalanan \u015fah\u0131slar aras\u0131nda bir ki\u015finin de kay\u0131p olarak arand\u0131\u011f\u0131 belirlendi.\u00a0 \u200bHaberin Al\u0131nt\u0131land\u0131\u011f\u0131 Kaynak: www.iskenderun.org\" \/>\n<meta property=\"og:url\" content=\"https:\/\/denizcankizil.tr\/ru\/haberler\/gundem\/hatayda-fuhus-denetimi-4-sahsa-islem-yapildi\/\" \/>\n<meta property=\"og:site_name\" content=\"Av. Deniz Can K\u0131z\u0131l\" \/>\n<meta property=\"article:published_time\" content=\"2025-05-07T10:43:12+00:00\" \/>\n<meta name=\"author\" content=\"admin\" \/>\n<meta name=\"twitter:card\" content=\"summary_large_image\" \/>\n<meta name=\"twitter:label1\" content=\"\u041d\u0430\u043f\u0438\u0441\u0430\u043d\u043e \u0430\u0432\u0442\u043e\u0440\u043e\u043c\" \/>\n\t<meta name=\"twitter:data1\" content=\"admin\" \/>\n\t<meta name=\"twitter:label2\" content=\"\u041f\u0440\u0438\u043c\u0435\u0440\u043d\u043e\u0435 \u0432\u0440\u0435\u043c\u044f \u0434\u043b\u044f \u0447\u0442\u0435\u043d\u0438\u044f\" \/>\n\t<meta name=\"twitter:data2\" content=\"1 \u043c\u0438\u043d\u0443\u0442\u0430\" \/>\n<script type=\"application\/ld+json\" class=\"yoast-schema-graph\">{\"@context\":\"https:\/\/schema.org\",\"@graph\":[{\"@type\":\"Article\",\"@id\":\"https:\/\/denizcankizil.tr\/ru\/haberler\/gundem\/hatayda-fuhus-denetimi-4-sahsa-islem-yapildi\/#article\",\"isPartOf\":{\"@id\":\"https:\/\/denizcankizil.tr\/ru\/haberler\/gundem\/hatayda-fuhus-denetimi-4-sahsa-islem-yapildi\/\"},\"author\":{\"name\":\"admin\",\"@id\":\"https:\/\/denizcankizil.tr\/de\/#\/schema\/person\/be3c05fe6a12686905512445d8185489\"},\"headline\":\"Hatay\u2019da Fuhu\u015f Denetimi, 4 \u015eahsa \u0130\u015flem Yap\u0131ld\u0131\",\"datePublished\":\"2025-05-07T10:43:12+00:00\",\"mainEntityOfPage\":{\"@id\":\"https:\/\/denizcankizil.tr\/ru\/haberler\/gundem\/hatayda-fuhus-denetimi-4-sahsa-islem-yapildi\/\"},\"wordCount\":203,\"publisher\":{\"@id\":\"https:\/\/denizcankizil.tr\/de\/#organization\"},\"articleSection\":[\"G\u00fcndem\"],\"inLanguage\":\"ru-RU\"},{\"@type\":\"WebPage\",\"@id\":\"https:\/\/denizcankizil.tr\/ru\/haberler\/gundem\/hatayda-fuhus-denetimi-4-sahsa-islem-yapildi\/\",\"url\":\"https:\/\/denizcankizil.tr\/ru\/haberler\/gundem\/hatayda-fuhus-denetimi-4-sahsa-islem-yapildi\/\",\"name\":\"Hatay\u2019da Fuhu\u015f Denetimi, 4 \u015eahsa \u0130\u015flem Yap\u0131ld\u0131 - Av. Deniz Can K\u0131z\u0131l\",\"isPartOf\":{\"@id\":\"https:\/\/denizcankizil.tr\/de\/#website\"},\"datePublished\":\"2025-05-07T10:43:12+00:00\",\"breadcrumb\":{\"@id\":\"https:\/\/denizcankizil.tr\/ru\/haberler\/gundem\/hatayda-fuhus-denetimi-4-sahsa-islem-yapildi\/#breadcrumb\"},\"inLanguage\":\"ru-RU\",\"potentialAction\":[{\"@type\":\"ReadAction\",\"target\":[\"https:\/\/denizcankizil.tr\/ru\/haberler\/gundem\/hatayda-fuhus-denetimi-4-sahsa-islem-yapildi\/\"]}]},{\"@type\":\"BreadcrumbList\",\"@id\":\"https:\/\/denizcankizil.tr\/ru\/haberler\/gundem\/hatayda-fuhus-denetimi-4-sahsa-islem-yapildi\/#breadcrumb\",\"itemListElement\":[{\"@type\":\"ListItem\",\"position\":1,\"name\":\"Home\",\"item\":\"https:\/\/denizcankizil.tr\/de\/\"},{\"@type\":\"ListItem\",\"position\":2,\"name\":\"Hatay\u2019da Fuhu\u015f Denetimi, 4 \u015eahsa \u0130\u015flem Yap\u0131ld\u0131\"}]},{\"@type\":\"WebSite\",\"@id\":\"https:\/\/denizcankizil.tr\/de\/#website\",\"url\":\"https:\/\/denizcankizil.tr\/de\/\",\"name\":\"Av. Deniz Can K\u0131z\u0131l\",\"description\":\"Avukat Deniz Can K\u0131z\u0131l Antalya Barosu\",\"publisher\":{\"@id\":\"https:\/\/denizcankizil.tr\/de\/#organization\"},\"potentialAction\":[{\"@type\":\"SearchAction\",\"target\":{\"@type\":\"EntryPoint\",\"urlTemplate\":\"https:\/\/denizcankizil.tr\/de\/?s={search_term_string}\"},\"query-input\":{\"@type\":\"PropertyValueSpecification\",\"valueRequired\":true,\"valueName\":\"search_term_string\"}}],\"inLanguage\":\"ru-RU\"},{\"@type\":\"Organization\",\"@id\":\"https:\/\/denizcankizil.tr\/de\/#organization\",\"name\":\"Av. Deniz Can K\u0131z\u0131l\",\"url\":\"https:\/\/denizcankizil.tr\/de\/\",\"logo\":{\"@type\":\"ImageObject\",\"inLanguage\":\"ru-RU\",\"@id\":\"https:\/\/denizcankizil.tr\/de\/#\/schema\/logo\/image\/\",\"url\":\"https:\/\/denizcankizil.tr\/wp-content\/uploads\/2024\/10\/siyah-logo-svg.svg\",\"contentUrl\":\"https:\/\/denizcankizil.tr\/wp-content\/uploads\/2024\/10\/siyah-logo-svg.svg\",\"width\":1080,\"height\":1080,\"caption\":\"Av. Deniz Can K\u0131z\u0131l\"},\"image\":{\"@id\":\"https:\/\/denizcankizil.tr\/de\/#\/schema\/logo\/image\/\"}},{\"@type\":\"Person\",\"@id\":\"https:\/\/denizcankizil.tr\/de\/#\/schema\/person\/be3c05fe6a12686905512445d8185489\",\"name\":\"admin\",\"image\":{\"@type\":\"ImageObject\",\"inLanguage\":\"ru-RU\",\"@id\":\"https:\/\/denizcankizil.tr\/de\/#\/schema\/person\/image\/\",\"url\":\"https:\/\/secure.gravatar.com\/avatar\/c1fce94c830dc79107e174f890d7210541c4a63e8e5d816341794a2151c9d58c?s=96&d=mm&r=g\",\"contentUrl\":\"https:\/\/secure.gravatar.com\/avatar\/c1fce94c830dc79107e174f890d7210541c4a63e8e5d816341794a2151c9d58c?s=96&d=mm&r=g\",\"caption\":\"admin\"},\"sameAs\":[\"http:\/\/denizcankizil.tr\"],\"url\":\"https:\/\/www.iskenderun.org\/hatayda-fuhus-denetimi-4-sahsa-islem-yapildi\"}]}<\/script>\n<!-- \/ Yoast SEO Premium plugin. -->","yoast_head_json":{"title":"Hatay\u2019da Fuhu\u015f Denetimi, 4 \u015eahsa \u0130\u015flem Yap\u0131ld\u0131 - Av. Deniz Can K\u0131z\u0131l","robots":{"index":"index","follow":"follow","max-snippet":"max-snippet:-1","max-image-preview":"max-image-preview:large","max-video-preview":"max-video-preview:-1"},"canonical":"https:\/\/denizcankizil.tr\/ru\/haberler\/gundem\/hatayda-fuhus-denetimi-4-sahsa-islem-yapildi\/","og_locale":"ru_RU","og_type":"article","og_title":"Hatay\u2019da Fuhu\u015f Denetimi, 4 \u015eahsa \u0130\u015flem Yap\u0131ld\u0131","og_description":"Emniyet M\u00fcd\u00fcrl\u00fc\u011f\u00fc ekipleri, genel asayi\u015fin sa\u011flanmas\u0131 ve kamu d\u00fczeninin korunmas\u0131 amac\u0131yla \u0130skenderun il\u00e7esinde g\u00fcn\u00fcbirlik kiralanan yerlerde denetimlerini s\u00fcrd\u00fcr\u00fcyor. Bu kapsamda 2 May\u0131s 2025 tarihinde yap\u0131lan denetimlerde, E.B. ve D.C.G. isimli \u015fah\u0131slar\u0131n fuhu\u015f yapt\u0131\u011f\u0131 tespit edildi. \u015e\u00fcpheliler hakk\u0131nda idari i\u015flem uyguland\u0131. 5 May\u0131s 2025 tarihinde yap\u0131lan benzer denetimlerde ise M.R. ve A.P. isimli \u015fah\u0131slar\u0131n fuhu\u015f yapt\u0131\u011f\u0131 belirlendi. Hem \u015fah\u0131slara hem de fuhu\u015f i\u00e7in kullan\u0131ld\u0131\u011f\u0131 tespit edilen i\u015f yerine gerekli idari i\u015flemler uyguland\u0131. Ayr\u0131ca, M.R. isimli \u015fahs\u0131n kay\u0131p olarak arand\u0131\u011f\u0131 da yap\u0131lan kontroller s\u0131ras\u0131nda tespit edildi. Emniyet yetkilileri, fuhu\u015fla m\u00fccadele ve halk\u0131n huzurunun sa\u011flanmas\u0131 amac\u0131yla denetimlerin aral\u0131ks\u0131z s\u00fcrd\u00fcr\u00fclece\u011fini bildirdi. \u200bHatay\u2019\u0131n \u0130skenderun il\u00e7esinde ekiplerin iki farkl\u0131 zamanda ger\u00e7ekle\u015ftirdi\u011fi \u00e7al\u0131\u015fma sonucunda fuhu\u015f yapt\u0131klar\u0131 tespit edilen d\u00f6rt \u015fah\u0131s hakk\u0131nda i\u015flem yap\u0131ld\u0131, yakalanan \u015fah\u0131slar aras\u0131nda bir ki\u015finin de kay\u0131p olarak arand\u0131\u011f\u0131 belirlendi.\u00a0 \u200bHaberin Al\u0131nt\u0131land\u0131\u011f\u0131 Kaynak: www.iskenderun.org","og_url":"https:\/\/denizcankizil.tr\/ru\/haberler\/gundem\/hatayda-fuhus-denetimi-4-sahsa-islem-yapildi\/","og_site_name":"Av. Deniz Can K\u0131z\u0131l","article_published_time":"2025-05-07T10:43:12+00:00","author":"admin","twitter_card":"summary_large_image","twitter_misc":{"\u041d\u0430\u043f\u0438\u0441\u0430\u043d\u043e \u0430\u0432\u0442\u043e\u0440\u043e\u043c":"admin","\u041f\u0440\u0438\u043c\u0435\u0440\u043d\u043e\u0435 \u0432\u0440\u0435\u043c\u044f \u0434\u043b\u044f \u0447\u0442\u0435\u043d\u0438\u044f":"1 \u043c\u0438\u043d\u0443\u0442\u0430"},"schema":{"@context":"https:\/\/schema.org","@graph":[{"@type":"Article","@id":"https:\/\/denizcankizil.tr\/ru\/haberler\/gundem\/hatayda-fuhus-denetimi-4-sahsa-islem-yapildi\/#article","isPartOf":{"@id":"https:\/\/denizcankizil.tr\/ru\/haberler\/gundem\/hatayda-fuhus-denetimi-4-sahsa-islem-yapildi\/"},"author":{"name":"admin","@id":"https:\/\/denizcankizil.tr\/de\/#\/schema\/person\/be3c05fe6a12686905512445d8185489"},"headline":"Hatay\u2019da Fuhu\u015f Denetimi, 4 \u015eahsa \u0130\u015flem Yap\u0131ld\u0131","datePublished":"2025-05-07T10:43:12+00:00","mainEntityOfPage":{"@id":"https:\/\/denizcankizil.tr\/ru\/haberler\/gundem\/hatayda-fuhus-denetimi-4-sahsa-islem-yapildi\/"},"wordCount":203,"publisher":{"@id":"https:\/\/denizcankizil.tr\/de\/#organization"},"articleSection":["G\u00fcndem"],"inLanguage":"ru-RU"},{"@type":"WebPage","@id":"https:\/\/denizcankizil.tr\/ru\/haberler\/gundem\/hatayda-fuhus-denetimi-4-sahsa-islem-yapildi\/","url":"https:\/\/denizcankizil.tr\/ru\/haberler\/gundem\/hatayda-fuhus-denetimi-4-sahsa-islem-yapildi\/","name":"Hatay\u2019da Fuhu\u015f Denetimi, 4 \u015eahsa \u0130\u015flem Yap\u0131ld\u0131 - Av. Deniz Can K\u0131z\u0131l","isPartOf":{"@id":"https:\/\/denizcankizil.tr\/de\/#website"},"datePublished":"2025-05-07T10:43:12+00:00","breadcrumb":{"@id":"https:\/\/denizcankizil.tr\/ru\/haberler\/gundem\/hatayda-fuhus-denetimi-4-sahsa-islem-yapildi\/#breadcrumb"},"inLanguage":"ru-RU","potentialAction":[{"@type":"ReadAction","target":["https:\/\/denizcankizil.tr\/ru\/haberler\/gundem\/hatayda-fuhus-denetimi-4-sahsa-islem-yapildi\/"]}]},{"@type":"BreadcrumbList","@id":"https:\/\/denizcankizil.tr\/ru\/haberler\/gundem\/hatayda-fuhus-denetimi-4-sahsa-islem-yapildi\/#breadcrumb","itemListElement":[{"@type":"ListItem","position":1,"name":"Home","item":"https:\/\/denizcankizil.tr\/de\/"},{"@type":"ListItem","position":2,"name":"Hatay\u2019da Fuhu\u015f Denetimi, 4 \u015eahsa \u0130\u015flem Yap\u0131ld\u0131"}]},{"@type":"WebSite","@id":"https:\/\/denizcankizil.tr\/de\/#website","url":"https:\/\/denizcankizil.tr\/de\/","name":"Av. Deniz Can K\u0131z\u0131l","description":"Avukat Deniz Can K\u0131z\u0131l Antalya Barosu","publisher":{"@id":"https:\/\/denizcankizil.tr\/de\/#organization"},"potentialAction":[{"@type":"SearchAction","target":{"@type":"EntryPoint","urlTemplate":"https:\/\/denizcankizil.tr\/de\/?s={search_term_string}"},"query-input":{"@type":"PropertyValueSpecification","valueRequired":true,"valueName":"search_term_string"}}],"inLanguage":"ru-RU"},{"@type":"Organization","@id":"https:\/\/denizcankizil.tr\/de\/#organization","name":"Av. Deniz Can K\u0131z\u0131l","url":"https:\/\/denizcankizil.tr\/de\/","logo":{"@type":"ImageObject","inLanguage":"ru-RU","@id":"https:\/\/denizcankizil.tr\/de\/#\/schema\/logo\/image\/","url":"https:\/\/denizcankizil.tr\/wp-content\/uploads\/2024\/10\/siyah-logo-svg.svg","contentUrl":"https:\/\/denizcankizil.tr\/wp-content\/uploads\/2024\/10\/siyah-logo-svg.svg","width":1080,"height":1080,"caption":"Av. Deniz Can K\u0131z\u0131l"},"image":{"@id":"https:\/\/denizcankizil.tr\/de\/#\/schema\/logo\/image\/"}},{"@type":"Person","@id":"https:\/\/denizcankizil.tr\/de\/#\/schema\/person\/be3c05fe6a12686905512445d8185489","name":"\u0430\u0434\u043c\u0438\u043d","image":{"@type":"ImageObject","inLanguage":"ru-RU","@id":"https:\/\/denizcankizil.tr\/de\/#\/schema\/person\/image\/","url":"https:\/\/secure.gravatar.com\/avatar\/c1fce94c830dc79107e174f890d7210541c4a63e8e5d816341794a2151c9d58c?s=96&d=mm&r=g","contentUrl":"https:\/\/secure.gravatar.com\/avatar\/c1fce94c830dc79107e174f890d7210541c4a63e8e5d816341794a2151c9d58c?s=96&d=mm&r=g","caption":"admin"},"sameAs":["http:\/\/denizcankizil.tr"],"url":"https:\/\/www.iskenderun.org\/hatayda-fuhus-denetimi-4-sahsa-islem-yapildi"}]}},"_links":{"self":[{"href":"https:\/\/denizcankizil.tr\/ru\/wp-json\/wp\/v2\/posts\/78942","targetHints":{"allow":["GET"]}}],"collection":[{"href":"https:\/\/denizcankizil.tr\/ru\/wp-json\/wp\/v2\/posts"}],"about":[{"href":"https:\/\/denizcankizil.tr\/ru\/wp-json\/wp\/v2\/types\/post"}],"author":[{"embeddable":true,"href":"https:\/\/denizcankizil.tr\/ru\/wp-json\/wp\/v2\/users\/1"}],"replies":[{"embeddable":true,"href":"https:\/\/denizcankizil.tr\/ru\/wp-json\/wp\/v2\/comments?post=78942"}],"version-history":[{"count":0,"href":"https:\/\/denizcankizil.tr\/ru\/wp-json\/wp\/v2\/posts\/78942\/revisions"}],"wp:attachment":[{"href":"https:\/\/denizcankizil.tr\/ru\/wp-json\/wp\/v2\/media?parent=78942"}],"wp:term":[{"taxonomy":"category","embeddable":true,"href":"https:\/\/denizcankizil.tr\/ru\/wp-json\/wp\/v2\/categories?post=78942"},{"taxonomy":"post_tag","embeddable":true,"href":"https:\/\/denizcankizil.tr\/ru\/wp-json\/wp\/v2\/tags?post=78942"}],"curies":[{"name":"wp","href":"https:\/\/api.w.org\/{rel}","templated":true}]}}