{"id":78895,"date":"2025-05-07T13:41:26","date_gmt":"2025-05-07T10:41:26","guid":{"rendered":"https:\/\/denizcankizil.tr\/uncategorized-tr\/antalya-osbye-tse-onayi\/"},"modified":"2025-05-07T13:41:26","modified_gmt":"2025-05-07T10:41:26","slug":"antalya-osbye-tse-onayi","status":"publish","type":"post","link":"https:\/\/denizcankizil.tr\/ru\/haberler\/antalya\/antalya-osbye-tse-onayi\/","title":{"rendered":"Antalya OSB&#8217;ye TSE onay\u0131"},"content":{"rendered":"<p>\u00dcst \u00fcste 3 y\u0131l<br \/>\n\u00dc\u00e7 y\u0131l \u00fcst \u00fcste do\u011frulama alan Antalya OSB B\u00f6lge M\u00fcd\u00fcrl\u00fc\u011f\u00fc, bu y\u00f6n\u00fcyle T\u00fcrkiye\u2019de \u00e7evresel \u015feffafl\u0131k ve kurumsal s\u00fcrd\u00fcr\u00fclebilirlik a\u00e7\u0131s\u0131ndan \u00f6nc\u00fc OSB\u2019ler aras\u0131nda yer ald\u0131. Denetimler, 17-18 Nisan 2025 tarihlerinde TSE Muayene ve G\u00f6zetim Merkezi Ba\u015fkanl\u0131\u011f\u0131 taraf\u0131ndan ger\u00e7ekle\u015ftirilirken, Sera Gaz\u0131 Emisyon Beyan\u0131 22 Nisan 2025 tarihinde resmi olarak do\u011fruland\u0131.<\/p>\n<p>Emisyonlarda dikkat \u00e7eken d\u00fc\u015f\u00fc\u015fler<br \/>\nAntalya OSB B\u00f6lge M\u00fcd\u00fcrl\u00fc\u011f\u00fc\u2019n\u00fcn 2024 y\u0131l\u0131 Sera Gaz\u0131 Emisyon Raporu\u2019nda dikkat \u00e7eken en \u00f6nemli ba\u015fl\u0131klardan biri, \u00f6nceki y\u0131la k\u0131yasla bir\u00e7ok alanda sa\u011flanan sera gaz\u0131 emisyon d\u00fc\u015f\u00fc\u015fleri oldu. En belirgin iyile\u015fme, \u00fcr\u00fcn imalat\u0131 kaynakl\u0131 emisyonlarda ya\u015fand\u0131. Bu kategoride yer alan sera gaz\u0131 emisyonlar\u0131nda 2023 y\u0131l\u0131na oranla y\u00fczde 64 oran\u0131nda azalma ger\u00e7ekle\u015fti.<\/p>\n<p>Ara\u00e7 yak\u0131t emisyonlar\u0131 da d\u00fc\u015ft\u00fc<br \/>\nAra\u00e7 yak\u0131tlar\u0131ndan kaynakl\u0131 emisyonlarda da azalma dikkat \u00e7ekti. Bu kategoride yer alan sera gaz\u0131 emisyonlar\u0131nda y\u00fczde 20,20 oran\u0131nda azalma oldu. Bu geli\u015fme, Antalya OSB B\u00f6lge M\u00fcd\u00fcrl\u00fc\u011f\u00fc b\u00fcnyesinde s\u00fcrd\u00fcr\u00fclen yak\u0131t optimizasyonu ve ara\u00e7 kullan\u0131m\u0131nda verimlilik art\u0131r\u0131c\u0131 uygulamalar\u0131n etkili oldu\u011funu ortaya koydu. \u0130\u015f seyahatlerinden ve konaklamalardan kaynakl\u0131 emisyonlar ise 2023 y\u0131l\u0131na g\u00f6re ciddi bir iyile\u015fme g\u00f6sterdi. 2024 y\u0131l\u0131nda bu kategoride yer alan sera gaz\u0131 emisyonlar\u0131nda y\u00fczde 84,65 oran\u0131nda azalma sa\u011fland\u0131. Bu d\u00fc\u015f\u00fc\u015f, dijital toplant\u0131lar\u0131n yayg\u0131nla\u015fmas\u0131 ve \u00e7evre dostu ula\u015f\u0131m tercihlerinin artmas\u0131yla ili\u015fkilendiriliyor. Benzer \u015fekilde, personel servis ta\u015f\u0131mac\u0131l\u0131\u011f\u0131ndan kaynakl\u0131 emisyonlarda k\u00fc\u00e7\u00fck de olsa bir iyile\u015fme kaydedildi ve y\u00fczde 1,72 oran\u0131nda emisyon azal\u0131m\u0131 sa\u011fland\u0131.<\/p>\n<p>Belgeli \u00e7evreci<br \/>\nAntalya OSB B\u00f6lge M\u00fcd\u00fcrl\u00fc\u011f\u00fc, TS EN ISO 14064-1:2019 standard\u0131na uygun olarak haz\u0131rlanan bu raporun yan\u0131 s\u0131ra, daha \u00f6nce TS EN ISO 50001 Enerji Y\u00f6netim Sistemi, TS EN ISO 14001 \u00c7evre Y\u00f6netim Sistemi, TS ISO 46001 Su Verimlili\u011fi Y\u00f6netim Sistemi ve TSE G\u00fcm\u00fc\u015f Seviye Ye\u015fil OSB belgelerini de alarak \u00e7evre dostu yap\u0131s\u0131n\u0131 peki\u015ftirdi. Antalya OSB Y\u00f6netimi bu belgelere sahip olarak ve sera gaz\u0131 emisyon oranlar\u0131nda toplamda y\u00fczde 50,33 oran\u0131nda bir azalma sa\u011flayarak yaln\u0131zca yasal uyumu de\u011fil, ayn\u0131 zamanda \u00e7evresel liderlik vizyonunu da ortaya koymu\u015f oldu.<\/p>\n<p>Ba\u015fkan G\u00f6nen: &#8220;Hedef de\u011fil sorumluluk&#8221;<br \/>\nS\u00fcrd\u00fcr\u00fclebilirlik vizyonunu bir ad\u0131m daha ileriye ta\u015f\u0131yan Antalya OSB Y\u00f6netim Kurulu Ba\u015fkan\u0131 Hasanali G\u00f6nen, yap\u0131lan \u00e7al\u0131\u015fmalarla ilgili olarak \u015fu ifadeleri kulland\u0131:<br \/>\n&#8220;Bu y\u0131l \u00fc\u00e7\u00fcnc\u00fc kez haz\u0131rlad\u0131\u011f\u0131m\u0131z Sera Gaz\u0131 Emisyon Raporumuzda beyan etti\u011fimiz sera gaz\u0131 emisyon d\u00fc\u015f\u00fc\u015f oran\u0131, Antalya OSB olarak \u00e7evreye verdi\u011fimiz de\u011ferin ve bu konuda y\u00fcr\u00fctt\u00fc\u011f\u00fcm\u00fcz stratejik \u00e7al\u0131\u015fmalar\u0131n somut bir \u00e7\u0131kt\u0131s\u0131d\u0131r. Her alanda oldu\u011fu gibi \u00e7evresel s\u00fcrd\u00fcr\u00fclebilirlikte de \u00f6rnek OSB olma misyonumuzu s\u00fcrd\u00fcr\u00fcyoruz. Karbon sal\u0131m\u0131ndaki bu \u00f6nemli d\u00fc\u015f\u00fc\u015f, ekiplerimizin \u00f6zverili \u00e7al\u0131\u015fmalar\u0131, sanayicilerimizin katk\u0131s\u0131 ve teknolojiyi do\u011fru kullanan altyap\u0131m\u0131z sayesinde m\u00fcmk\u00fcn oldu. Hedefimiz, gelecek nesillere daha ya\u015fanabilir bir d\u00fcnya b\u0131rakmak.&#8221;<br \/>\nAntalya OSB B\u00f6lge M\u00fcd\u00fcrl\u00fc\u011f\u00fc\u2019n\u00fcn, 2025 ve sonras\u0131nda da s\u00fcrd\u00fcr\u00fclebilirli\u011fi merkeze alan stratejilerine devam edece\u011fini belirten G\u00f6nen, emisyon izleme sistemlerinin g\u00fc\u00e7lendirilmesi, yenilenebilir enerji kullan\u0131m\u0131n\u0131n art\u0131r\u0131lmas\u0131 ve at\u0131k y\u00f6netimi gibi alanlarda yeni projeler hayata ge\u00e7irilece\u011fini s\u00f6yledi. G\u00f6nen, &#8220;Antalya OSB, \u00e7evreye duyarl\u0131 \u00fcretim, enerji verimlili\u011fi, su y\u00f6netimi ve toplumsal sorumluluk alanlar\u0131ndaki \u00e7al\u0131\u015fmalar\u0131yla Ye\u015fil OSB uyum kriterlerini sa\u011flamada \u00f6rnek bir yap\u0131ya sahiptir&#8221; dedi.<\/p>\n<p>Kaynak: www.kanalv.com.tr Haber Sitesinden Al\u0131nm\u0131\u015ft\u0131r.<\/p>","protected":false},"excerpt":{"rendered":"<p>\u00dcst \u00fcste 3 y\u0131l \u00dc\u00e7 y\u0131l \u00fcst \u00fcste do\u011frulama alan Antalya OSB B\u00f6lge M\u00fcd\u00fcrl\u00fc\u011f\u00fc, bu y\u00f6n\u00fcyle T\u00fcrkiye\u2019de \u00e7evresel \u015feffafl\u0131k ve kurumsal s\u00fcrd\u00fcr\u00fclebilirlik a\u00e7\u0131s\u0131ndan \u00f6nc\u00fc OSB\u2019ler aras\u0131nda yer ald\u0131. Denetimler, 17-18 Nisan 2025 tarihlerinde TSE Muayene ve G\u00f6zetim Merkezi Ba\u015fkanl\u0131\u011f\u0131 taraf\u0131ndan ger\u00e7ekle\u015ftirilirken, Sera Gaz\u0131 Emisyon Beyan\u0131 22 Nisan 2025 tarihinde resmi olarak do\u011fruland\u0131. Emisyonlarda dikkat \u00e7eken d\u00fc\u015f\u00fc\u015fler Antalya OSB B\u00f6lge M\u00fcd\u00fcrl\u00fc\u011f\u00fc\u2019n\u00fcn 2024 y\u0131l\u0131 Sera Gaz\u0131 Emisyon Raporu\u2019nda dikkat \u00e7eken en \u00f6nemli ba\u015fl\u0131klardan biri, \u00f6nceki y\u0131la k\u0131yasla bir\u00e7ok alanda sa\u011flanan sera gaz\u0131 emisyon d\u00fc\u015f\u00fc\u015fleri oldu. En belirgin iyile\u015fme, \u00fcr\u00fcn imalat\u0131 kaynakl\u0131 emisyonlarda ya\u015fand\u0131. Bu kategoride yer alan sera gaz\u0131 emisyonlar\u0131nda 2023 y\u0131l\u0131na oranla y\u00fczde 64 oran\u0131nda azalma ger\u00e7ekle\u015fti. Ara\u00e7 yak\u0131t emisyonlar\u0131 da d\u00fc\u015ft\u00fc Ara\u00e7 yak\u0131tlar\u0131ndan kaynakl\u0131 emisyonlarda da azalma dikkat \u00e7ekti. Bu kategoride yer alan sera gaz\u0131 emisyonlar\u0131nda y\u00fczde 20,20 oran\u0131nda azalma oldu. Bu geli\u015fme, Antalya OSB B\u00f6lge M\u00fcd\u00fcrl\u00fc\u011f\u00fc b\u00fcnyesinde s\u00fcrd\u00fcr\u00fclen yak\u0131t optimizasyonu ve ara\u00e7 kullan\u0131m\u0131nda verimlilik art\u0131r\u0131c\u0131 uygulamalar\u0131n etkili oldu\u011funu ortaya koydu. \u0130\u015f seyahatlerinden ve konaklamalardan kaynakl\u0131 emisyonlar ise 2023 y\u0131l\u0131na g\u00f6re ciddi bir iyile\u015fme g\u00f6sterdi. 2024 y\u0131l\u0131nda bu kategoride yer alan sera gaz\u0131 emisyonlar\u0131nda y\u00fczde 84,65 oran\u0131nda azalma sa\u011fland\u0131. Bu d\u00fc\u015f\u00fc\u015f, dijital toplant\u0131lar\u0131n yayg\u0131nla\u015fmas\u0131 ve \u00e7evre dostu ula\u015f\u0131m tercihlerinin artmas\u0131yla ili\u015fkilendiriliyor. Benzer \u015fekilde, personel servis ta\u015f\u0131mac\u0131l\u0131\u011f\u0131ndan kaynakl\u0131 emisyonlarda k\u00fc\u00e7\u00fck de &hellip;<\/p>","protected":false},"author":4,"featured_media":78896,"comment_status":"","ping_status":"open","sticky":false,"template":"","format":"standard","meta":{"_acf_changed":false,"footnotes":""},"categories":[26],"tags":[],"class_list":["post-78895","post","type-post","status-publish","format-standard","has-post-thumbnail","hentry","category-antalya"],"acf":[],"yoast_head":"<!-- This site is optimized with the Yoast SEO Premium plugin v26.6 (Yoast SEO v27.1.1) - https:\/\/yoast.com\/product\/yoast-seo-premium-wordpress\/ -->\n<title>Antalya OSB&#039;ye TSE onay\u0131 - Av. Deniz Can K\u0131z\u0131l<\/title>\n<meta name=\"robots\" content=\"index, follow, max-snippet:-1, max-image-preview:large, max-video-preview:-1\" \/>\n<link rel=\"canonical\" href=\"https:\/\/denizcankizil.tr\/ru\/haberler\/antalya\/antalya-osbye-tse-onayi\/\" \/>\n<meta property=\"og:locale\" content=\"ru_RU\" \/>\n<meta property=\"og:type\" content=\"article\" \/>\n<meta property=\"og:title\" content=\"Antalya OSB&#039;ye TSE onay\u0131\" \/>\n<meta property=\"og:description\" content=\"\u00dcst \u00fcste 3 y\u0131l \u00dc\u00e7 y\u0131l \u00fcst \u00fcste do\u011frulama alan Antalya OSB B\u00f6lge M\u00fcd\u00fcrl\u00fc\u011f\u00fc, bu y\u00f6n\u00fcyle T\u00fcrkiye\u2019de \u00e7evresel \u015feffafl\u0131k ve kurumsal s\u00fcrd\u00fcr\u00fclebilirlik a\u00e7\u0131s\u0131ndan \u00f6nc\u00fc OSB\u2019ler aras\u0131nda yer ald\u0131. Denetimler, 17-18 Nisan 2025 tarihlerinde TSE Muayene ve G\u00f6zetim Merkezi Ba\u015fkanl\u0131\u011f\u0131 taraf\u0131ndan ger\u00e7ekle\u015ftirilirken, Sera Gaz\u0131 Emisyon Beyan\u0131 22 Nisan 2025 tarihinde resmi olarak do\u011fruland\u0131. Emisyonlarda dikkat \u00e7eken d\u00fc\u015f\u00fc\u015fler Antalya OSB B\u00f6lge M\u00fcd\u00fcrl\u00fc\u011f\u00fc\u2019n\u00fcn 2024 y\u0131l\u0131 Sera Gaz\u0131 Emisyon Raporu\u2019nda dikkat \u00e7eken en \u00f6nemli ba\u015fl\u0131klardan biri, \u00f6nceki y\u0131la k\u0131yasla bir\u00e7ok alanda sa\u011flanan sera gaz\u0131 emisyon d\u00fc\u015f\u00fc\u015fleri oldu. En belirgin iyile\u015fme, \u00fcr\u00fcn imalat\u0131 kaynakl\u0131 emisyonlarda ya\u015fand\u0131. Bu kategoride yer alan sera gaz\u0131 emisyonlar\u0131nda 2023 y\u0131l\u0131na oranla y\u00fczde 64 oran\u0131nda azalma ger\u00e7ekle\u015fti. Ara\u00e7 yak\u0131t emisyonlar\u0131 da d\u00fc\u015ft\u00fc Ara\u00e7 yak\u0131tlar\u0131ndan kaynakl\u0131 emisyonlarda da azalma dikkat \u00e7ekti. Bu kategoride yer alan sera gaz\u0131 emisyonlar\u0131nda y\u00fczde 20,20 oran\u0131nda azalma oldu. Bu geli\u015fme, Antalya OSB B\u00f6lge M\u00fcd\u00fcrl\u00fc\u011f\u00fc b\u00fcnyesinde s\u00fcrd\u00fcr\u00fclen yak\u0131t optimizasyonu ve ara\u00e7 kullan\u0131m\u0131nda verimlilik art\u0131r\u0131c\u0131 uygulamalar\u0131n etkili oldu\u011funu ortaya koydu. \u0130\u015f seyahatlerinden ve konaklamalardan kaynakl\u0131 emisyonlar ise 2023 y\u0131l\u0131na g\u00f6re ciddi bir iyile\u015fme g\u00f6sterdi. 2024 y\u0131l\u0131nda bu kategoride yer alan sera gaz\u0131 emisyonlar\u0131nda y\u00fczde 84,65 oran\u0131nda azalma sa\u011fland\u0131. Bu d\u00fc\u015f\u00fc\u015f, dijital toplant\u0131lar\u0131n yayg\u0131nla\u015fmas\u0131 ve \u00e7evre dostu ula\u015f\u0131m tercihlerinin artmas\u0131yla ili\u015fkilendiriliyor. Benzer \u015fekilde, personel servis ta\u015f\u0131mac\u0131l\u0131\u011f\u0131ndan kaynakl\u0131 emisyonlarda k\u00fc\u00e7\u00fck de &hellip;\" \/>\n<meta property=\"og:url\" content=\"https:\/\/denizcankizil.tr\/ru\/haberler\/antalya\/antalya-osbye-tse-onayi\/\" \/>\n<meta property=\"og:site_name\" content=\"Av. Deniz Can K\u0131z\u0131l\" \/>\n<meta property=\"article:published_time\" content=\"2025-05-07T10:41:26+00:00\" \/>\n<meta property=\"og:image\" content=\"https:\/\/denizcankizil.tr\/wp-content\/uploads\/2025\/05\/6210-01-fHh5jK.jpg\" \/>\n\t<meta property=\"og:image:width\" content=\"1280\" \/>\n\t<meta property=\"og:image:height\" content=\"720\" \/>\n\t<meta property=\"og:image:type\" content=\"image\/jpeg\" \/>\n<meta name=\"author\" content=\"Av. Deniz Can K\u0131z\u0131l\" \/>\n<meta name=\"twitter:card\" content=\"summary_large_image\" \/>\n<meta name=\"twitter:label1\" content=\"\u041d\u0430\u043f\u0438\u0441\u0430\u043d\u043e \u0430\u0432\u0442\u043e\u0440\u043e\u043c\" \/>\n\t<meta name=\"twitter:data1\" content=\"Av. Deniz Can K\u0131z\u0131l\" \/>\n\t<meta name=\"twitter:label2\" content=\"\u041f\u0440\u0438\u043c\u0435\u0440\u043d\u043e\u0435 \u0432\u0440\u0435\u043c\u044f \u0434\u043b\u044f \u0447\u0442\u0435\u043d\u0438\u044f\" \/>\n\t<meta name=\"twitter:data2\" content=\"3 \u043c\u0438\u043d\u0443\u0442\u044b\" \/>\n<script type=\"application\/ld+json\" class=\"yoast-schema-graph\">{\"@context\":\"https:\/\/schema.org\",\"@graph\":[{\"@type\":\"Article\",\"@id\":\"https:\/\/denizcankizil.tr\/ru\/haberler\/antalya\/antalya-osbye-tse-onayi\/#article\",\"isPartOf\":{\"@id\":\"https:\/\/denizcankizil.tr\/ru\/haberler\/antalya\/antalya-osbye-tse-onayi\/\"},\"author\":{\"name\":\"Av. Deniz Can K\u0131z\u0131l\",\"@id\":\"https:\/\/denizcankizil.tr\/de\/#\/schema\/person\/5dc1b22991bd7ac833867c10afc9b0ff\"},\"headline\":\"Antalya OSB&#8217;ye TSE onay\u0131\",\"datePublished\":\"2025-05-07T10:41:26+00:00\",\"mainEntityOfPage\":{\"@id\":\"https:\/\/denizcankizil.tr\/ru\/haberler\/antalya\/antalya-osbye-tse-onayi\/\"},\"wordCount\":648,\"publisher\":{\"@id\":\"https:\/\/denizcankizil.tr\/de\/#organization\"},\"image\":{\"@id\":\"https:\/\/denizcankizil.tr\/ru\/haberler\/antalya\/antalya-osbye-tse-onayi\/#primaryimage\"},\"thumbnailUrl\":\"https:\/\/denizcankizil.tr\/wp-content\/uploads\/2025\/05\/6210-01-fHh5jK.jpg\",\"articleSection\":[\"Antalya\"],\"inLanguage\":\"ru-RU\"},{\"@type\":\"WebPage\",\"@id\":\"https:\/\/denizcankizil.tr\/ru\/haberler\/antalya\/antalya-osbye-tse-onayi\/\",\"url\":\"https:\/\/denizcankizil.tr\/ru\/haberler\/antalya\/antalya-osbye-tse-onayi\/\",\"name\":\"Antalya OSB'ye TSE onay\u0131 - Av. Deniz Can K\u0131z\u0131l\",\"isPartOf\":{\"@id\":\"https:\/\/denizcankizil.tr\/de\/#website\"},\"primaryImageOfPage\":{\"@id\":\"https:\/\/denizcankizil.tr\/ru\/haberler\/antalya\/antalya-osbye-tse-onayi\/#primaryimage\"},\"image\":{\"@id\":\"https:\/\/denizcankizil.tr\/ru\/haberler\/antalya\/antalya-osbye-tse-onayi\/#primaryimage\"},\"thumbnailUrl\":\"https:\/\/denizcankizil.tr\/wp-content\/uploads\/2025\/05\/6210-01-fHh5jK.jpg\",\"datePublished\":\"2025-05-07T10:41:26+00:00\",\"breadcrumb\":{\"@id\":\"https:\/\/denizcankizil.tr\/ru\/haberler\/antalya\/antalya-osbye-tse-onayi\/#breadcrumb\"},\"inLanguage\":\"ru-RU\",\"potentialAction\":[{\"@type\":\"ReadAction\",\"target\":[\"https:\/\/denizcankizil.tr\/ru\/haberler\/antalya\/antalya-osbye-tse-onayi\/\"]}]},{\"@type\":\"ImageObject\",\"inLanguage\":\"ru-RU\",\"@id\":\"https:\/\/denizcankizil.tr\/ru\/haberler\/antalya\/antalya-osbye-tse-onayi\/#primaryimage\",\"url\":\"https:\/\/denizcankizil.tr\/wp-content\/uploads\/2025\/05\/6210-01-fHh5jK.jpg\",\"contentUrl\":\"https:\/\/denizcankizil.tr\/wp-content\/uploads\/2025\/05\/6210-01-fHh5jK.jpg\",\"width\":1280,\"height\":720},{\"@type\":\"BreadcrumbList\",\"@id\":\"https:\/\/denizcankizil.tr\/ru\/haberler\/antalya\/antalya-osbye-tse-onayi\/#breadcrumb\",\"itemListElement\":[{\"@type\":\"ListItem\",\"position\":1,\"name\":\"Home\",\"item\":\"https:\/\/denizcankizil.tr\/de\/\"},{\"@type\":\"ListItem\",\"position\":2,\"name\":\"Antalya OSB&#8217;ye TSE onay\u0131\"}]},{\"@type\":\"WebSite\",\"@id\":\"https:\/\/denizcankizil.tr\/de\/#website\",\"url\":\"https:\/\/denizcankizil.tr\/de\/\",\"name\":\"Av. Deniz Can K\u0131z\u0131l\",\"description\":\"Avukat Deniz Can K\u0131z\u0131l Antalya Barosu\",\"publisher\":{\"@id\":\"https:\/\/denizcankizil.tr\/de\/#organization\"},\"potentialAction\":[{\"@type\":\"SearchAction\",\"target\":{\"@type\":\"EntryPoint\",\"urlTemplate\":\"https:\/\/denizcankizil.tr\/de\/?s={search_term_string}\"},\"query-input\":{\"@type\":\"PropertyValueSpecification\",\"valueRequired\":true,\"valueName\":\"search_term_string\"}}],\"inLanguage\":\"ru-RU\"},{\"@type\":\"Organization\",\"@id\":\"https:\/\/denizcankizil.tr\/de\/#organization\",\"name\":\"Av. Deniz Can K\u0131z\u0131l\",\"url\":\"https:\/\/denizcankizil.tr\/de\/\",\"logo\":{\"@type\":\"ImageObject\",\"inLanguage\":\"ru-RU\",\"@id\":\"https:\/\/denizcankizil.tr\/de\/#\/schema\/logo\/image\/\",\"url\":\"https:\/\/denizcankizil.tr\/wp-content\/uploads\/2024\/10\/siyah-logo-svg.svg\",\"contentUrl\":\"https:\/\/denizcankizil.tr\/wp-content\/uploads\/2024\/10\/siyah-logo-svg.svg\",\"width\":1080,\"height\":1080,\"caption\":\"Av. Deniz Can K\u0131z\u0131l\"},\"image\":{\"@id\":\"https:\/\/denizcankizil.tr\/de\/#\/schema\/logo\/image\/\"}},{\"@type\":\"Person\",\"@id\":\"https:\/\/denizcankizil.tr\/de\/#\/schema\/person\/5dc1b22991bd7ac833867c10afc9b0ff\",\"name\":\"Av. Deniz Can K\u0131z\u0131l\",\"image\":{\"@type\":\"ImageObject\",\"inLanguage\":\"ru-RU\",\"@id\":\"https:\/\/denizcankizil.tr\/de\/#\/schema\/person\/image\/\",\"url\":\"https:\/\/secure.gravatar.com\/avatar\/a0b128fb9855c79efc976d5640eedb31dc35ec297594d6016d2cf7c60e975bb6?s=96&d=mm&r=g\",\"contentUrl\":\"https:\/\/secure.gravatar.com\/avatar\/a0b128fb9855c79efc976d5640eedb31dc35ec297594d6016d2cf7c60e975bb6?s=96&d=mm&r=g\",\"caption\":\"Av. Deniz Can K\u0131z\u0131l\"},\"sameAs\":[\"http:\/\/www.denizcankizil.tr\"],\"url\":\"https:\/\/denizcankizil.tr\/ru\/author\/denizcankizil\/\"}]}<\/script>\n<!-- \/ Yoast SEO Premium plugin. -->","yoast_head_json":{"title":"Antalya OSB'ye TSE onay\u0131 - Av. Deniz Can K\u0131z\u0131l","robots":{"index":"index","follow":"follow","max-snippet":"max-snippet:-1","max-image-preview":"max-image-preview:large","max-video-preview":"max-video-preview:-1"},"canonical":"https:\/\/denizcankizil.tr\/ru\/haberler\/antalya\/antalya-osbye-tse-onayi\/","og_locale":"ru_RU","og_type":"article","og_title":"Antalya OSB'ye TSE onay\u0131","og_description":"\u00dcst \u00fcste 3 y\u0131l \u00dc\u00e7 y\u0131l \u00fcst \u00fcste do\u011frulama alan Antalya OSB B\u00f6lge M\u00fcd\u00fcrl\u00fc\u011f\u00fc, bu y\u00f6n\u00fcyle T\u00fcrkiye\u2019de \u00e7evresel \u015feffafl\u0131k ve kurumsal s\u00fcrd\u00fcr\u00fclebilirlik a\u00e7\u0131s\u0131ndan \u00f6nc\u00fc OSB\u2019ler aras\u0131nda yer ald\u0131. Denetimler, 17-18 Nisan 2025 tarihlerinde TSE Muayene ve G\u00f6zetim Merkezi Ba\u015fkanl\u0131\u011f\u0131 taraf\u0131ndan ger\u00e7ekle\u015ftirilirken, Sera Gaz\u0131 Emisyon Beyan\u0131 22 Nisan 2025 tarihinde resmi olarak do\u011fruland\u0131. Emisyonlarda dikkat \u00e7eken d\u00fc\u015f\u00fc\u015fler Antalya OSB B\u00f6lge M\u00fcd\u00fcrl\u00fc\u011f\u00fc\u2019n\u00fcn 2024 y\u0131l\u0131 Sera Gaz\u0131 Emisyon Raporu\u2019nda dikkat \u00e7eken en \u00f6nemli ba\u015fl\u0131klardan biri, \u00f6nceki y\u0131la k\u0131yasla bir\u00e7ok alanda sa\u011flanan sera gaz\u0131 emisyon d\u00fc\u015f\u00fc\u015fleri oldu. En belirgin iyile\u015fme, \u00fcr\u00fcn imalat\u0131 kaynakl\u0131 emisyonlarda ya\u015fand\u0131. Bu kategoride yer alan sera gaz\u0131 emisyonlar\u0131nda 2023 y\u0131l\u0131na oranla y\u00fczde 64 oran\u0131nda azalma ger\u00e7ekle\u015fti. Ara\u00e7 yak\u0131t emisyonlar\u0131 da d\u00fc\u015ft\u00fc Ara\u00e7 yak\u0131tlar\u0131ndan kaynakl\u0131 emisyonlarda da azalma dikkat \u00e7ekti. Bu kategoride yer alan sera gaz\u0131 emisyonlar\u0131nda y\u00fczde 20,20 oran\u0131nda azalma oldu. Bu geli\u015fme, Antalya OSB B\u00f6lge M\u00fcd\u00fcrl\u00fc\u011f\u00fc b\u00fcnyesinde s\u00fcrd\u00fcr\u00fclen yak\u0131t optimizasyonu ve ara\u00e7 kullan\u0131m\u0131nda verimlilik art\u0131r\u0131c\u0131 uygulamalar\u0131n etkili oldu\u011funu ortaya koydu. \u0130\u015f seyahatlerinden ve konaklamalardan kaynakl\u0131 emisyonlar ise 2023 y\u0131l\u0131na g\u00f6re ciddi bir iyile\u015fme g\u00f6sterdi. 2024 y\u0131l\u0131nda bu kategoride yer alan sera gaz\u0131 emisyonlar\u0131nda y\u00fczde 84,65 oran\u0131nda azalma sa\u011fland\u0131. Bu d\u00fc\u015f\u00fc\u015f, dijital toplant\u0131lar\u0131n yayg\u0131nla\u015fmas\u0131 ve \u00e7evre dostu ula\u015f\u0131m tercihlerinin artmas\u0131yla ili\u015fkilendiriliyor. Benzer \u015fekilde, personel servis ta\u015f\u0131mac\u0131l\u0131\u011f\u0131ndan kaynakl\u0131 emisyonlarda k\u00fc\u00e7\u00fck de &hellip;","og_url":"https:\/\/denizcankizil.tr\/ru\/haberler\/antalya\/antalya-osbye-tse-onayi\/","og_site_name":"Av. Deniz Can K\u0131z\u0131l","article_published_time":"2025-05-07T10:41:26+00:00","og_image":[{"width":1280,"height":720,"url":"https:\/\/denizcankizil.tr\/wp-content\/uploads\/2025\/05\/6210-01-fHh5jK.jpg","type":"image\/jpeg"}],"author":"Av. Deniz Can K\u0131z\u0131l","twitter_card":"summary_large_image","twitter_misc":{"\u041d\u0430\u043f\u0438\u0441\u0430\u043d\u043e \u0430\u0432\u0442\u043e\u0440\u043e\u043c":"Av. Deniz Can K\u0131z\u0131l","\u041f\u0440\u0438\u043c\u0435\u0440\u043d\u043e\u0435 \u0432\u0440\u0435\u043c\u044f \u0434\u043b\u044f \u0447\u0442\u0435\u043d\u0438\u044f":"3 \u043c\u0438\u043d\u0443\u0442\u044b"},"schema":{"@context":"https:\/\/schema.org","@graph":[{"@type":"Article","@id":"https:\/\/denizcankizil.tr\/ru\/haberler\/antalya\/antalya-osbye-tse-onayi\/#article","isPartOf":{"@id":"https:\/\/denizcankizil.tr\/ru\/haberler\/antalya\/antalya-osbye-tse-onayi\/"},"author":{"name":"Av. Deniz Can K\u0131z\u0131l","@id":"https:\/\/denizcankizil.tr\/de\/#\/schema\/person\/5dc1b22991bd7ac833867c10afc9b0ff"},"headline":"Antalya OSB&#8217;ye TSE onay\u0131","datePublished":"2025-05-07T10:41:26+00:00","mainEntityOfPage":{"@id":"https:\/\/denizcankizil.tr\/ru\/haberler\/antalya\/antalya-osbye-tse-onayi\/"},"wordCount":648,"publisher":{"@id":"https:\/\/denizcankizil.tr\/de\/#organization"},"image":{"@id":"https:\/\/denizcankizil.tr\/ru\/haberler\/antalya\/antalya-osbye-tse-onayi\/#primaryimage"},"thumbnailUrl":"https:\/\/denizcankizil.tr\/wp-content\/uploads\/2025\/05\/6210-01-fHh5jK.jpg","articleSection":["Antalya"],"inLanguage":"ru-RU"},{"@type":"WebPage","@id":"https:\/\/denizcankizil.tr\/ru\/haberler\/antalya\/antalya-osbye-tse-onayi\/","url":"https:\/\/denizcankizil.tr\/ru\/haberler\/antalya\/antalya-osbye-tse-onayi\/","name":"Antalya OSB'ye TSE onay\u0131 - Av. Deniz Can K\u0131z\u0131l","isPartOf":{"@id":"https:\/\/denizcankizil.tr\/de\/#website"},"primaryImageOfPage":{"@id":"https:\/\/denizcankizil.tr\/ru\/haberler\/antalya\/antalya-osbye-tse-onayi\/#primaryimage"},"image":{"@id":"https:\/\/denizcankizil.tr\/ru\/haberler\/antalya\/antalya-osbye-tse-onayi\/#primaryimage"},"thumbnailUrl":"https:\/\/denizcankizil.tr\/wp-content\/uploads\/2025\/05\/6210-01-fHh5jK.jpg","datePublished":"2025-05-07T10:41:26+00:00","breadcrumb":{"@id":"https:\/\/denizcankizil.tr\/ru\/haberler\/antalya\/antalya-osbye-tse-onayi\/#breadcrumb"},"inLanguage":"ru-RU","potentialAction":[{"@type":"ReadAction","target":["https:\/\/denizcankizil.tr\/ru\/haberler\/antalya\/antalya-osbye-tse-onayi\/"]}]},{"@type":"ImageObject","inLanguage":"ru-RU","@id":"https:\/\/denizcankizil.tr\/ru\/haberler\/antalya\/antalya-osbye-tse-onayi\/#primaryimage","url":"https:\/\/denizcankizil.tr\/wp-content\/uploads\/2025\/05\/6210-01-fHh5jK.jpg","contentUrl":"https:\/\/denizcankizil.tr\/wp-content\/uploads\/2025\/05\/6210-01-fHh5jK.jpg","width":1280,"height":720},{"@type":"BreadcrumbList","@id":"https:\/\/denizcankizil.tr\/ru\/haberler\/antalya\/antalya-osbye-tse-onayi\/#breadcrumb","itemListElement":[{"@type":"ListItem","position":1,"name":"Home","item":"https:\/\/denizcankizil.tr\/de\/"},{"@type":"ListItem","position":2,"name":"Antalya OSB&#8217;ye TSE onay\u0131"}]},{"@type":"WebSite","@id":"https:\/\/denizcankizil.tr\/de\/#website","url":"https:\/\/denizcankizil.tr\/de\/","name":"Av. Deniz Can K\u0131z\u0131l","description":"Avukat Deniz Can K\u0131z\u0131l Antalya Barosu","publisher":{"@id":"https:\/\/denizcankizil.tr\/de\/#organization"},"potentialAction":[{"@type":"SearchAction","target":{"@type":"EntryPoint","urlTemplate":"https:\/\/denizcankizil.tr\/de\/?s={search_term_string}"},"query-input":{"@type":"PropertyValueSpecification","valueRequired":true,"valueName":"search_term_string"}}],"inLanguage":"ru-RU"},{"@type":"Organization","@id":"https:\/\/denizcankizil.tr\/de\/#organization","name":"Av. Deniz Can K\u0131z\u0131l","url":"https:\/\/denizcankizil.tr\/de\/","logo":{"@type":"ImageObject","inLanguage":"ru-RU","@id":"https:\/\/denizcankizil.tr\/de\/#\/schema\/logo\/image\/","url":"https:\/\/denizcankizil.tr\/wp-content\/uploads\/2024\/10\/siyah-logo-svg.svg","contentUrl":"https:\/\/denizcankizil.tr\/wp-content\/uploads\/2024\/10\/siyah-logo-svg.svg","width":1080,"height":1080,"caption":"Av. Deniz Can K\u0131z\u0131l"},"image":{"@id":"https:\/\/denizcankizil.tr\/de\/#\/schema\/logo\/image\/"}},{"@type":"Person","@id":"https:\/\/denizcankizil.tr\/de\/#\/schema\/person\/5dc1b22991bd7ac833867c10afc9b0ff","name":"Av. Deniz Can K\u0131z\u0131l","image":{"@type":"ImageObject","inLanguage":"ru-RU","@id":"https:\/\/denizcankizil.tr\/de\/#\/schema\/person\/image\/","url":"https:\/\/secure.gravatar.com\/avatar\/a0b128fb9855c79efc976d5640eedb31dc35ec297594d6016d2cf7c60e975bb6?s=96&d=mm&r=g","contentUrl":"https:\/\/secure.gravatar.com\/avatar\/a0b128fb9855c79efc976d5640eedb31dc35ec297594d6016d2cf7c60e975bb6?s=96&d=mm&r=g","caption":"Av. Deniz Can K\u0131z\u0131l"},"sameAs":["http:\/\/www.denizcankizil.tr"],"url":"https:\/\/denizcankizil.tr\/ru\/author\/denizcankizil\/"}]}},"_links":{"self":[{"href":"https:\/\/denizcankizil.tr\/ru\/wp-json\/wp\/v2\/posts\/78895","targetHints":{"allow":["GET"]}}],"collection":[{"href":"https:\/\/denizcankizil.tr\/ru\/wp-json\/wp\/v2\/posts"}],"about":[{"href":"https:\/\/denizcankizil.tr\/ru\/wp-json\/wp\/v2\/types\/post"}],"author":[{"embeddable":true,"href":"https:\/\/denizcankizil.tr\/ru\/wp-json\/wp\/v2\/users\/4"}],"replies":[{"embeddable":true,"href":"https:\/\/denizcankizil.tr\/ru\/wp-json\/wp\/v2\/comments?post=78895"}],"version-history":[{"count":0,"href":"https:\/\/denizcankizil.tr\/ru\/wp-json\/wp\/v2\/posts\/78895\/revisions"}],"wp:featuredmedia":[{"embeddable":true,"href":"https:\/\/denizcankizil.tr\/ru\/wp-json\/wp\/v2\/media\/78896"}],"wp:attachment":[{"href":"https:\/\/denizcankizil.tr\/ru\/wp-json\/wp\/v2\/media?parent=78895"}],"wp:term":[{"taxonomy":"category","embeddable":true,"href":"https:\/\/denizcankizil.tr\/ru\/wp-json\/wp\/v2\/categories?post=78895"},{"taxonomy":"post_tag","embeddable":true,"href":"https:\/\/denizcankizil.tr\/ru\/wp-json\/wp\/v2\/tags?post=78895"}],"curies":[{"name":"wp","href":"https:\/\/api.w.org\/{rel}","templated":true}]}}