{"id":78846,"date":"2025-05-07T12:41:46","date_gmt":"2025-05-07T09:41:46","guid":{"rendered":"https:\/\/denizcankizil.tr\/uncategorized-tr\/camiye-gelen-eski-baskana-sok\/"},"modified":"2025-05-07T12:41:46","modified_gmt":"2025-05-07T09:41:46","slug":"camiye-gelen-eski-baskana-sok","status":"publish","type":"post","link":"https:\/\/denizcankizil.tr\/ru\/haberler\/antalya\/camiye-gelen-eski-baskana-sok\/","title":{"rendered":"Camiye gelen eski ba\u015fkana \u015fok!"},"content":{"rendered":"<p>Manavgat il\u00e7esi \u00c7a\u011flayan Mahallesi&#8217;nde sabah saat 09.00 s\u0131ralar\u0131nda meydana gelen olayda, Oymap\u0131nar eski Belediye Ba\u015fkanlar\u0131ndan Tevfik G\u00fcven 07 LJN 91 plakal\u0131 arac\u0131yla \u00c7a\u011flayan Camii&#8217;ne geldi. Arac\u0131n\u0131 park edip kontak anahtar\u0131n\u0131 \u00fczerinde b\u0131rakarak cami imam\u0131 ile g\u00f6r\u00fc\u015fmeye ba\u015flayan G\u00fcven, 10-15 metre mesafedeki arac\u0131n\u0131n bir anda hareket ederek uzakla\u015ft\u0131\u011f\u0131n\u0131 g\u00f6rd\u00fc. 112 Acil \u00c7a\u011fr\u0131 Merkezi&#8217;ni arayarak durumu bildiren Tevfik G\u00fcven&#8217;in ihbar\u0131 ile harekete ge\u00e7en Manavgat il\u00e7e Emniyet M\u00fcd\u00fcrl\u00fc\u011f\u00fc&#8217;ne ba\u011fl\u0131 ekipleri olay yerine gelerek g\u00fcvenlik kameralar\u0131n\u0131 incelemeye ald\u0131.<\/p>\n<p>Ara\u00e7 park halinde bulundu<br \/>\n\u00c7evredeki g\u00fcvenlik kameralar\u0131n\u0131 inceleyen ekipler arac\u0131n bir kad\u0131n taraf\u0131ndan \u00e7al\u0131narak Sar\u0131lar istikametine gitti\u011fini belirledi. Asayi\u015f B\u00fcro Amirli\u011fi ekiplerinin \u00e7al\u0131\u015fmas\u0131 sonucu otomobil ak\u015fam saatlerinde Sar\u0131lar Mahallesi 1123 Sokak \u00fczerinde park halinde bulundu. Arac\u0131 \u00e7alarak g\u00f6t\u00fcrd\u00fc\u011f\u00fc tespit edilen, \u00e7ok say\u0131da su\u00e7 kayd\u0131 bulunan ve maddenin etkisi alt\u0131nda oldu\u011fu \u00f6\u011frenilen D.Y. isimli kad\u0131n ise ara\u00e7tan yakla\u015f\u0131k 400 metre uzakl\u0131kla yol \u00fczerinde yaya olarak y\u00fcr\u00fcrken yakaland\u0131. Otomobil, Olay Yeri \u0130nceleme ekibinin yapt\u0131\u011f\u0131 incelemelerin ard\u0131ndan ekipler taraf\u0131ndan sahibine teslim edildi.<\/p>\n<p>&#8220;Ders oldu&#8221;<br \/>\n\u00c7al\u0131nan arac\u0131n\u0131 teslim alan eski Belediye Ba\u015fkan\u0131 Tevfik G\u00fcven, &#8220;\u00c7a\u011flayan Camii imam-hatibi ile Akseki&#8217;ye gitmek \u00fczere s\u00f6zle\u015fmi\u015ftik. Sabah 09.00 s\u0131ralar\u0131nda arac\u0131mla caminin \u00f6n\u00fcne geldim. H\u00fcseyin hoca 10 dakika i\u015fi oldu\u011funu, halledince hemen gidebilece\u011fimizi s\u00f6yledi. H\u00fcseyin Hocay\u0131 beklerken d\u00f6n\u00fcp bakt\u0131\u011f\u0131mda arac\u0131m yerinde yoktu. Hemen polise haber verdim. Olay yerine gelen polisler \u00e7evredeki g\u00fcvenlik kameras\u0131n\u0131 izlediklerinde otomobili g\u00f6t\u00fcren kad\u0131n\u0131n kendileri taraf\u0131ndan bilinen birisi oldu\u011funu s\u00f6yledi. Hemen arac\u0131m\u0131 bulmak i\u00e7in \u00e7al\u0131\u015fma ba\u015flatt\u0131lar. Az \u00f6nce arac\u0131m\u0131 bulduklar\u0131n\u0131 s\u00f6ylediler ve gelip arac\u0131m\u0131 teslim ald\u0131m. Herkes arabas\u0131n\u0131 5 metre gidecekse bile kitlesin, iyi bir ders oldu&#8221; dedi.<\/p>\n<p>Kaynak: www.kanalv.com.tr Haber Sitesinden Al\u0131nm\u0131\u015ft\u0131r.<\/p>","protected":false},"excerpt":{"rendered":"<p>Manavgat il\u00e7esi \u00c7a\u011flayan Mahallesi&#8217;nde sabah saat 09.00 s\u0131ralar\u0131nda meydana gelen olayda, Oymap\u0131nar eski Belediye Ba\u015fkanlar\u0131ndan Tevfik G\u00fcven 07 LJN 91 plakal\u0131 arac\u0131yla \u00c7a\u011flayan Camii&#8217;ne geldi. Arac\u0131n\u0131 park edip kontak anahtar\u0131n\u0131 \u00fczerinde b\u0131rakarak cami imam\u0131 ile g\u00f6r\u00fc\u015fmeye ba\u015flayan G\u00fcven, 10-15 metre mesafedeki arac\u0131n\u0131n bir anda hareket ederek uzakla\u015ft\u0131\u011f\u0131n\u0131 g\u00f6rd\u00fc. 112 Acil \u00c7a\u011fr\u0131 Merkezi&#8217;ni arayarak durumu bildiren Tevfik G\u00fcven&#8217;in ihbar\u0131 ile harekete ge\u00e7en Manavgat il\u00e7e Emniyet M\u00fcd\u00fcrl\u00fc\u011f\u00fc&#8217;ne ba\u011fl\u0131 ekipleri olay yerine gelerek g\u00fcvenlik kameralar\u0131n\u0131 incelemeye ald\u0131. Ara\u00e7 park halinde bulundu \u00c7evredeki g\u00fcvenlik kameralar\u0131n\u0131 inceleyen ekipler arac\u0131n bir kad\u0131n taraf\u0131ndan \u00e7al\u0131narak Sar\u0131lar istikametine gitti\u011fini belirledi. Asayi\u015f B\u00fcro Amirli\u011fi ekiplerinin \u00e7al\u0131\u015fmas\u0131 sonucu otomobil ak\u015fam saatlerinde Sar\u0131lar Mahallesi 1123 Sokak \u00fczerinde park halinde bulundu. Arac\u0131 \u00e7alarak g\u00f6t\u00fcrd\u00fc\u011f\u00fc tespit edilen, \u00e7ok say\u0131da su\u00e7 kayd\u0131 bulunan ve maddenin etkisi alt\u0131nda oldu\u011fu \u00f6\u011frenilen D.Y. isimli kad\u0131n ise ara\u00e7tan yakla\u015f\u0131k 400 metre uzakl\u0131kla yol \u00fczerinde yaya olarak y\u00fcr\u00fcrken yakaland\u0131. Otomobil, Olay Yeri \u0130nceleme ekibinin yapt\u0131\u011f\u0131 incelemelerin ard\u0131ndan ekipler taraf\u0131ndan sahibine teslim edildi. &#8220;Ders oldu&#8221; \u00c7al\u0131nan arac\u0131n\u0131 teslim alan eski Belediye Ba\u015fkan\u0131 Tevfik G\u00fcven, &#8220;\u00c7a\u011flayan Camii imam-hatibi ile Akseki&#8217;ye gitmek \u00fczere s\u00f6zle\u015fmi\u015ftik. Sabah 09.00 s\u0131ralar\u0131nda arac\u0131mla caminin \u00f6n\u00fcne geldim. H\u00fcseyin hoca 10 dakika i\u015fi oldu\u011funu, halledince hemen gidebilece\u011fimizi s\u00f6yledi. H\u00fcseyin Hocay\u0131 beklerken d\u00f6n\u00fcp bakt\u0131\u011f\u0131mda arac\u0131m yerinde yoktu. Hemen polise haber &hellip;<\/p>","protected":false},"author":4,"featured_media":78847,"comment_status":"","ping_status":"open","sticky":false,"template":"","format":"standard","meta":{"_acf_changed":false,"footnotes":""},"categories":[26],"tags":[],"class_list":["post-78846","post","type-post","status-publish","format-standard","has-post-thumbnail","hentry","category-antalya"],"acf":[],"yoast_head":"<!-- This site is optimized with the Yoast SEO Premium plugin v26.6 (Yoast SEO v27.1.1) - https:\/\/yoast.com\/product\/yoast-seo-premium-wordpress\/ -->\n<title>Camiye gelen eski ba\u015fkana \u015fok! - Av. Deniz Can K\u0131z\u0131l<\/title>\n<meta name=\"robots\" content=\"index, follow, max-snippet:-1, max-image-preview:large, max-video-preview:-1\" \/>\n<link rel=\"canonical\" href=\"https:\/\/denizcankizil.tr\/ru\/haberler\/antalya\/camiye-gelen-eski-baskana-sok\/\" \/>\n<meta property=\"og:locale\" content=\"ru_RU\" \/>\n<meta property=\"og:type\" content=\"article\" \/>\n<meta property=\"og:title\" content=\"Camiye gelen eski ba\u015fkana \u015fok!\" \/>\n<meta property=\"og:description\" content=\"Manavgat il\u00e7esi \u00c7a\u011flayan Mahallesi&#8217;nde sabah saat 09.00 s\u0131ralar\u0131nda meydana gelen olayda, Oymap\u0131nar eski Belediye Ba\u015fkanlar\u0131ndan Tevfik G\u00fcven 07 LJN 91 plakal\u0131 arac\u0131yla \u00c7a\u011flayan Camii&#8217;ne geldi. Arac\u0131n\u0131 park edip kontak anahtar\u0131n\u0131 \u00fczerinde b\u0131rakarak cami imam\u0131 ile g\u00f6r\u00fc\u015fmeye ba\u015flayan G\u00fcven, 10-15 metre mesafedeki arac\u0131n\u0131n bir anda hareket ederek uzakla\u015ft\u0131\u011f\u0131n\u0131 g\u00f6rd\u00fc. 112 Acil \u00c7a\u011fr\u0131 Merkezi&#8217;ni arayarak durumu bildiren Tevfik G\u00fcven&#8217;in ihbar\u0131 ile harekete ge\u00e7en Manavgat il\u00e7e Emniyet M\u00fcd\u00fcrl\u00fc\u011f\u00fc&#8217;ne ba\u011fl\u0131 ekipleri olay yerine gelerek g\u00fcvenlik kameralar\u0131n\u0131 incelemeye ald\u0131. Ara\u00e7 park halinde bulundu \u00c7evredeki g\u00fcvenlik kameralar\u0131n\u0131 inceleyen ekipler arac\u0131n bir kad\u0131n taraf\u0131ndan \u00e7al\u0131narak Sar\u0131lar istikametine gitti\u011fini belirledi. Asayi\u015f B\u00fcro Amirli\u011fi ekiplerinin \u00e7al\u0131\u015fmas\u0131 sonucu otomobil ak\u015fam saatlerinde Sar\u0131lar Mahallesi 1123 Sokak \u00fczerinde park halinde bulundu. Arac\u0131 \u00e7alarak g\u00f6t\u00fcrd\u00fc\u011f\u00fc tespit edilen, \u00e7ok say\u0131da su\u00e7 kayd\u0131 bulunan ve maddenin etkisi alt\u0131nda oldu\u011fu \u00f6\u011frenilen D.Y. isimli kad\u0131n ise ara\u00e7tan yakla\u015f\u0131k 400 metre uzakl\u0131kla yol \u00fczerinde yaya olarak y\u00fcr\u00fcrken yakaland\u0131. Otomobil, Olay Yeri \u0130nceleme ekibinin yapt\u0131\u011f\u0131 incelemelerin ard\u0131ndan ekipler taraf\u0131ndan sahibine teslim edildi. &#8220;Ders oldu&#8221; \u00c7al\u0131nan arac\u0131n\u0131 teslim alan eski Belediye Ba\u015fkan\u0131 Tevfik G\u00fcven, &#8220;\u00c7a\u011flayan Camii imam-hatibi ile Akseki&#8217;ye gitmek \u00fczere s\u00f6zle\u015fmi\u015ftik. Sabah 09.00 s\u0131ralar\u0131nda arac\u0131mla caminin \u00f6n\u00fcne geldim. H\u00fcseyin hoca 10 dakika i\u015fi oldu\u011funu, halledince hemen gidebilece\u011fimizi s\u00f6yledi. H\u00fcseyin Hocay\u0131 beklerken d\u00f6n\u00fcp bakt\u0131\u011f\u0131mda arac\u0131m yerinde yoktu. Hemen polise haber &hellip;\" \/>\n<meta property=\"og:url\" content=\"https:\/\/denizcankizil.tr\/ru\/haberler\/antalya\/camiye-gelen-eski-baskana-sok\/\" \/>\n<meta property=\"og:site_name\" content=\"Av. Deniz Can K\u0131z\u0131l\" \/>\n<meta property=\"article:published_time\" content=\"2025-05-07T09:41:46+00:00\" \/>\n<meta property=\"og:image\" content=\"https:\/\/denizcankizil.tr\/wp-content\/uploads\/2025\/05\/6204-01-OxVSvk.jpg\" \/>\n\t<meta property=\"og:image:width\" content=\"1280\" \/>\n\t<meta property=\"og:image:height\" content=\"720\" \/>\n\t<meta property=\"og:image:type\" content=\"image\/jpeg\" \/>\n<meta name=\"author\" content=\"Av. Deniz Can K\u0131z\u0131l\" \/>\n<meta name=\"twitter:card\" content=\"summary_large_image\" \/>\n<meta name=\"twitter:label1\" content=\"\u041d\u0430\u043f\u0438\u0441\u0430\u043d\u043e \u0430\u0432\u0442\u043e\u0440\u043e\u043c\" \/>\n\t<meta name=\"twitter:data1\" content=\"Av. Deniz Can K\u0131z\u0131l\" \/>\n\t<meta name=\"twitter:label2\" content=\"\u041f\u0440\u0438\u043c\u0435\u0440\u043d\u043e\u0435 \u0432\u0440\u0435\u043c\u044f \u0434\u043b\u044f \u0447\u0442\u0435\u043d\u0438\u044f\" \/>\n\t<meta name=\"twitter:data2\" content=\"2 \u043c\u0438\u043d\u0443\u0442\u044b\" \/>\n<script type=\"application\/ld+json\" class=\"yoast-schema-graph\">{\"@context\":\"https:\/\/schema.org\",\"@graph\":[{\"@type\":\"Article\",\"@id\":\"https:\/\/denizcankizil.tr\/uk\/haberler\/antalya\/camiye-gelen-eski-baskana-sok\/#article\",\"isPartOf\":{\"@id\":\"https:\/\/denizcankizil.tr\/uk\/haberler\/antalya\/camiye-gelen-eski-baskana-sok\/\"},\"author\":{\"name\":\"Av. Deniz Can K\u0131z\u0131l\",\"@id\":\"https:\/\/denizcankizil.tr\/de\/#\/schema\/person\/5dc1b22991bd7ac833867c10afc9b0ff\"},\"headline\":\"Camiye gelen eski ba\u015fkana \u015fok!\",\"datePublished\":\"2025-05-07T09:41:46+00:00\",\"mainEntityOfPage\":{\"@id\":\"https:\/\/denizcankizil.tr\/uk\/haberler\/antalya\/camiye-gelen-eski-baskana-sok\/\"},\"wordCount\":360,\"publisher\":{\"@id\":\"https:\/\/denizcankizil.tr\/de\/#organization\"},\"image\":{\"@id\":\"https:\/\/denizcankizil.tr\/uk\/haberler\/antalya\/camiye-gelen-eski-baskana-sok\/#primaryimage\"},\"thumbnailUrl\":\"https:\/\/denizcankizil.tr\/wp-content\/uploads\/2025\/05\/6204-01-OxVSvk.jpg\",\"articleSection\":[\"Antalya\"],\"inLanguage\":\"ru-RU\"},{\"@type\":\"WebPage\",\"@id\":\"https:\/\/denizcankizil.tr\/uk\/haberler\/antalya\/camiye-gelen-eski-baskana-sok\/\",\"url\":\"https:\/\/denizcankizil.tr\/uk\/haberler\/antalya\/camiye-gelen-eski-baskana-sok\/\",\"name\":\"Camiye gelen eski ba\u015fkana \u015fok! - Av. Deniz Can K\u0131z\u0131l\",\"isPartOf\":{\"@id\":\"https:\/\/denizcankizil.tr\/de\/#website\"},\"primaryImageOfPage\":{\"@id\":\"https:\/\/denizcankizil.tr\/uk\/haberler\/antalya\/camiye-gelen-eski-baskana-sok\/#primaryimage\"},\"image\":{\"@id\":\"https:\/\/denizcankizil.tr\/uk\/haberler\/antalya\/camiye-gelen-eski-baskana-sok\/#primaryimage\"},\"thumbnailUrl\":\"https:\/\/denizcankizil.tr\/wp-content\/uploads\/2025\/05\/6204-01-OxVSvk.jpg\",\"datePublished\":\"2025-05-07T09:41:46+00:00\",\"breadcrumb\":{\"@id\":\"https:\/\/denizcankizil.tr\/uk\/haberler\/antalya\/camiye-gelen-eski-baskana-sok\/#breadcrumb\"},\"inLanguage\":\"ru-RU\",\"potentialAction\":[{\"@type\":\"ReadAction\",\"target\":[\"https:\/\/denizcankizil.tr\/uk\/haberler\/antalya\/camiye-gelen-eski-baskana-sok\/\"]}]},{\"@type\":\"ImageObject\",\"inLanguage\":\"ru-RU\",\"@id\":\"https:\/\/denizcankizil.tr\/uk\/haberler\/antalya\/camiye-gelen-eski-baskana-sok\/#primaryimage\",\"url\":\"https:\/\/denizcankizil.tr\/wp-content\/uploads\/2025\/05\/6204-01-OxVSvk.jpg\",\"contentUrl\":\"https:\/\/denizcankizil.tr\/wp-content\/uploads\/2025\/05\/6204-01-OxVSvk.jpg\",\"width\":1280,\"height\":720},{\"@type\":\"BreadcrumbList\",\"@id\":\"https:\/\/denizcankizil.tr\/uk\/haberler\/antalya\/camiye-gelen-eski-baskana-sok\/#breadcrumb\",\"itemListElement\":[{\"@type\":\"ListItem\",\"position\":1,\"name\":\"Home\",\"item\":\"https:\/\/denizcankizil.tr\/de\/\"},{\"@type\":\"ListItem\",\"position\":2,\"name\":\"Camiye gelen eski ba\u015fkana \u015fok!\"}]},{\"@type\":\"WebSite\",\"@id\":\"https:\/\/denizcankizil.tr\/de\/#website\",\"url\":\"https:\/\/denizcankizil.tr\/de\/\",\"name\":\"Av. Deniz Can K\u0131z\u0131l\",\"description\":\"Avukat Deniz Can K\u0131z\u0131l Antalya Barosu\",\"publisher\":{\"@id\":\"https:\/\/denizcankizil.tr\/de\/#organization\"},\"potentialAction\":[{\"@type\":\"SearchAction\",\"target\":{\"@type\":\"EntryPoint\",\"urlTemplate\":\"https:\/\/denizcankizil.tr\/de\/?s={search_term_string}\"},\"query-input\":{\"@type\":\"PropertyValueSpecification\",\"valueRequired\":true,\"valueName\":\"search_term_string\"}}],\"inLanguage\":\"ru-RU\"},{\"@type\":\"Organization\",\"@id\":\"https:\/\/denizcankizil.tr\/de\/#organization\",\"name\":\"Av. Deniz Can K\u0131z\u0131l\",\"url\":\"https:\/\/denizcankizil.tr\/de\/\",\"logo\":{\"@type\":\"ImageObject\",\"inLanguage\":\"ru-RU\",\"@id\":\"https:\/\/denizcankizil.tr\/de\/#\/schema\/logo\/image\/\",\"url\":\"https:\/\/denizcankizil.tr\/wp-content\/uploads\/2024\/10\/siyah-logo-svg.svg\",\"contentUrl\":\"https:\/\/denizcankizil.tr\/wp-content\/uploads\/2024\/10\/siyah-logo-svg.svg\",\"width\":1080,\"height\":1080,\"caption\":\"Av. Deniz Can K\u0131z\u0131l\"},\"image\":{\"@id\":\"https:\/\/denizcankizil.tr\/de\/#\/schema\/logo\/image\/\"}},{\"@type\":\"Person\",\"@id\":\"https:\/\/denizcankizil.tr\/de\/#\/schema\/person\/5dc1b22991bd7ac833867c10afc9b0ff\",\"name\":\"Av. Deniz Can K\u0131z\u0131l\",\"image\":{\"@type\":\"ImageObject\",\"inLanguage\":\"ru-RU\",\"@id\":\"https:\/\/denizcankizil.tr\/de\/#\/schema\/person\/image\/\",\"url\":\"https:\/\/secure.gravatar.com\/avatar\/a0b128fb9855c79efc976d5640eedb31dc35ec297594d6016d2cf7c60e975bb6?s=96&d=mm&r=g\",\"contentUrl\":\"https:\/\/secure.gravatar.com\/avatar\/a0b128fb9855c79efc976d5640eedb31dc35ec297594d6016d2cf7c60e975bb6?s=96&d=mm&r=g\",\"caption\":\"Av. Deniz Can K\u0131z\u0131l\"},\"sameAs\":[\"http:\/\/www.denizcankizil.tr\"],\"url\":\"https:\/\/denizcankizil.tr\/ru\/author\/denizcankizil\/\"}]}<\/script>\n<!-- \/ Yoast SEO Premium plugin. -->","yoast_head_json":{"title":"Camiye gelen eski ba\u015fkana \u015fok! - Av. Deniz Can K\u0131z\u0131l","robots":{"index":"index","follow":"follow","max-snippet":"max-snippet:-1","max-image-preview":"max-image-preview:large","max-video-preview":"max-video-preview:-1"},"canonical":"https:\/\/denizcankizil.tr\/ru\/haberler\/antalya\/camiye-gelen-eski-baskana-sok\/","og_locale":"ru_RU","og_type":"article","og_title":"Camiye gelen eski ba\u015fkana \u015fok!","og_description":"Manavgat il\u00e7esi \u00c7a\u011flayan Mahallesi&#8217;nde sabah saat 09.00 s\u0131ralar\u0131nda meydana gelen olayda, Oymap\u0131nar eski Belediye Ba\u015fkanlar\u0131ndan Tevfik G\u00fcven 07 LJN 91 plakal\u0131 arac\u0131yla \u00c7a\u011flayan Camii&#8217;ne geldi. Arac\u0131n\u0131 park edip kontak anahtar\u0131n\u0131 \u00fczerinde b\u0131rakarak cami imam\u0131 ile g\u00f6r\u00fc\u015fmeye ba\u015flayan G\u00fcven, 10-15 metre mesafedeki arac\u0131n\u0131n bir anda hareket ederek uzakla\u015ft\u0131\u011f\u0131n\u0131 g\u00f6rd\u00fc. 112 Acil \u00c7a\u011fr\u0131 Merkezi&#8217;ni arayarak durumu bildiren Tevfik G\u00fcven&#8217;in ihbar\u0131 ile harekete ge\u00e7en Manavgat il\u00e7e Emniyet M\u00fcd\u00fcrl\u00fc\u011f\u00fc&#8217;ne ba\u011fl\u0131 ekipleri olay yerine gelerek g\u00fcvenlik kameralar\u0131n\u0131 incelemeye ald\u0131. Ara\u00e7 park halinde bulundu \u00c7evredeki g\u00fcvenlik kameralar\u0131n\u0131 inceleyen ekipler arac\u0131n bir kad\u0131n taraf\u0131ndan \u00e7al\u0131narak Sar\u0131lar istikametine gitti\u011fini belirledi. Asayi\u015f B\u00fcro Amirli\u011fi ekiplerinin \u00e7al\u0131\u015fmas\u0131 sonucu otomobil ak\u015fam saatlerinde Sar\u0131lar Mahallesi 1123 Sokak \u00fczerinde park halinde bulundu. Arac\u0131 \u00e7alarak g\u00f6t\u00fcrd\u00fc\u011f\u00fc tespit edilen, \u00e7ok say\u0131da su\u00e7 kayd\u0131 bulunan ve maddenin etkisi alt\u0131nda oldu\u011fu \u00f6\u011frenilen D.Y. isimli kad\u0131n ise ara\u00e7tan yakla\u015f\u0131k 400 metre uzakl\u0131kla yol \u00fczerinde yaya olarak y\u00fcr\u00fcrken yakaland\u0131. Otomobil, Olay Yeri \u0130nceleme ekibinin yapt\u0131\u011f\u0131 incelemelerin ard\u0131ndan ekipler taraf\u0131ndan sahibine teslim edildi. &#8220;Ders oldu&#8221; \u00c7al\u0131nan arac\u0131n\u0131 teslim alan eski Belediye Ba\u015fkan\u0131 Tevfik G\u00fcven, &#8220;\u00c7a\u011flayan Camii imam-hatibi ile Akseki&#8217;ye gitmek \u00fczere s\u00f6zle\u015fmi\u015ftik. Sabah 09.00 s\u0131ralar\u0131nda arac\u0131mla caminin \u00f6n\u00fcne geldim. H\u00fcseyin hoca 10 dakika i\u015fi oldu\u011funu, halledince hemen gidebilece\u011fimizi s\u00f6yledi. H\u00fcseyin Hocay\u0131 beklerken d\u00f6n\u00fcp bakt\u0131\u011f\u0131mda arac\u0131m yerinde yoktu. Hemen polise haber &hellip;","og_url":"https:\/\/denizcankizil.tr\/ru\/haberler\/antalya\/camiye-gelen-eski-baskana-sok\/","og_site_name":"Av. Deniz Can K\u0131z\u0131l","article_published_time":"2025-05-07T09:41:46+00:00","og_image":[{"width":1280,"height":720,"url":"https:\/\/denizcankizil.tr\/wp-content\/uploads\/2025\/05\/6204-01-OxVSvk.jpg","type":"image\/jpeg"}],"author":"Av. Deniz Can K\u0131z\u0131l","twitter_card":"summary_large_image","twitter_misc":{"\u041d\u0430\u043f\u0438\u0441\u0430\u043d\u043e \u0430\u0432\u0442\u043e\u0440\u043e\u043c":"Av. Deniz Can K\u0131z\u0131l","\u041f\u0440\u0438\u043c\u0435\u0440\u043d\u043e\u0435 \u0432\u0440\u0435\u043c\u044f \u0434\u043b\u044f \u0447\u0442\u0435\u043d\u0438\u044f":"2 \u043c\u0438\u043d\u0443\u0442\u044b"},"schema":{"@context":"https:\/\/schema.org","@graph":[{"@type":"Article","@id":"https:\/\/denizcankizil.tr\/uk\/haberler\/antalya\/camiye-gelen-eski-baskana-sok\/#article","isPartOf":{"@id":"https:\/\/denizcankizil.tr\/uk\/haberler\/antalya\/camiye-gelen-eski-baskana-sok\/"},"author":{"name":"Av. Deniz Can K\u0131z\u0131l","@id":"https:\/\/denizcankizil.tr\/de\/#\/schema\/person\/5dc1b22991bd7ac833867c10afc9b0ff"},"headline":"Camiye gelen eski ba\u015fkana \u015fok!","datePublished":"2025-05-07T09:41:46+00:00","mainEntityOfPage":{"@id":"https:\/\/denizcankizil.tr\/uk\/haberler\/antalya\/camiye-gelen-eski-baskana-sok\/"},"wordCount":360,"publisher":{"@id":"https:\/\/denizcankizil.tr\/de\/#organization"},"image":{"@id":"https:\/\/denizcankizil.tr\/uk\/haberler\/antalya\/camiye-gelen-eski-baskana-sok\/#primaryimage"},"thumbnailUrl":"https:\/\/denizcankizil.tr\/wp-content\/uploads\/2025\/05\/6204-01-OxVSvk.jpg","articleSection":["Antalya"],"inLanguage":"ru-RU"},{"@type":"WebPage","@id":"https:\/\/denizcankizil.tr\/uk\/haberler\/antalya\/camiye-gelen-eski-baskana-sok\/","url":"https:\/\/denizcankizil.tr\/uk\/haberler\/antalya\/camiye-gelen-eski-baskana-sok\/","name":"Camiye gelen eski ba\u015fkana \u015fok! - Av. Deniz Can K\u0131z\u0131l","isPartOf":{"@id":"https:\/\/denizcankizil.tr\/de\/#website"},"primaryImageOfPage":{"@id":"https:\/\/denizcankizil.tr\/uk\/haberler\/antalya\/camiye-gelen-eski-baskana-sok\/#primaryimage"},"image":{"@id":"https:\/\/denizcankizil.tr\/uk\/haberler\/antalya\/camiye-gelen-eski-baskana-sok\/#primaryimage"},"thumbnailUrl":"https:\/\/denizcankizil.tr\/wp-content\/uploads\/2025\/05\/6204-01-OxVSvk.jpg","datePublished":"2025-05-07T09:41:46+00:00","breadcrumb":{"@id":"https:\/\/denizcankizil.tr\/uk\/haberler\/antalya\/camiye-gelen-eski-baskana-sok\/#breadcrumb"},"inLanguage":"ru-RU","potentialAction":[{"@type":"ReadAction","target":["https:\/\/denizcankizil.tr\/uk\/haberler\/antalya\/camiye-gelen-eski-baskana-sok\/"]}]},{"@type":"ImageObject","inLanguage":"ru-RU","@id":"https:\/\/denizcankizil.tr\/uk\/haberler\/antalya\/camiye-gelen-eski-baskana-sok\/#primaryimage","url":"https:\/\/denizcankizil.tr\/wp-content\/uploads\/2025\/05\/6204-01-OxVSvk.jpg","contentUrl":"https:\/\/denizcankizil.tr\/wp-content\/uploads\/2025\/05\/6204-01-OxVSvk.jpg","width":1280,"height":720},{"@type":"BreadcrumbList","@id":"https:\/\/denizcankizil.tr\/uk\/haberler\/antalya\/camiye-gelen-eski-baskana-sok\/#breadcrumb","itemListElement":[{"@type":"ListItem","position":1,"name":"Home","item":"https:\/\/denizcankizil.tr\/de\/"},{"@type":"ListItem","position":2,"name":"Camiye gelen eski ba\u015fkana \u015fok!"}]},{"@type":"WebSite","@id":"https:\/\/denizcankizil.tr\/de\/#website","url":"https:\/\/denizcankizil.tr\/de\/","name":"Av. Deniz Can K\u0131z\u0131l","description":"Avukat Deniz Can K\u0131z\u0131l Antalya Barosu","publisher":{"@id":"https:\/\/denizcankizil.tr\/de\/#organization"},"potentialAction":[{"@type":"SearchAction","target":{"@type":"EntryPoint","urlTemplate":"https:\/\/denizcankizil.tr\/de\/?s={search_term_string}"},"query-input":{"@type":"PropertyValueSpecification","valueRequired":true,"valueName":"search_term_string"}}],"inLanguage":"ru-RU"},{"@type":"Organization","@id":"https:\/\/denizcankizil.tr\/de\/#organization","name":"Av. Deniz Can K\u0131z\u0131l","url":"https:\/\/denizcankizil.tr\/de\/","logo":{"@type":"ImageObject","inLanguage":"ru-RU","@id":"https:\/\/denizcankizil.tr\/de\/#\/schema\/logo\/image\/","url":"https:\/\/denizcankizil.tr\/wp-content\/uploads\/2024\/10\/siyah-logo-svg.svg","contentUrl":"https:\/\/denizcankizil.tr\/wp-content\/uploads\/2024\/10\/siyah-logo-svg.svg","width":1080,"height":1080,"caption":"Av. Deniz Can K\u0131z\u0131l"},"image":{"@id":"https:\/\/denizcankizil.tr\/de\/#\/schema\/logo\/image\/"}},{"@type":"Person","@id":"https:\/\/denizcankizil.tr\/de\/#\/schema\/person\/5dc1b22991bd7ac833867c10afc9b0ff","name":"Av. Deniz Can K\u0131z\u0131l","image":{"@type":"ImageObject","inLanguage":"ru-RU","@id":"https:\/\/denizcankizil.tr\/de\/#\/schema\/person\/image\/","url":"https:\/\/secure.gravatar.com\/avatar\/a0b128fb9855c79efc976d5640eedb31dc35ec297594d6016d2cf7c60e975bb6?s=96&d=mm&r=g","contentUrl":"https:\/\/secure.gravatar.com\/avatar\/a0b128fb9855c79efc976d5640eedb31dc35ec297594d6016d2cf7c60e975bb6?s=96&d=mm&r=g","caption":"Av. Deniz Can K\u0131z\u0131l"},"sameAs":["http:\/\/www.denizcankizil.tr"],"url":"https:\/\/denizcankizil.tr\/ru\/author\/denizcankizil\/"}]}},"_links":{"self":[{"href":"https:\/\/denizcankizil.tr\/ru\/wp-json\/wp\/v2\/posts\/78846","targetHints":{"allow":["GET"]}}],"collection":[{"href":"https:\/\/denizcankizil.tr\/ru\/wp-json\/wp\/v2\/posts"}],"about":[{"href":"https:\/\/denizcankizil.tr\/ru\/wp-json\/wp\/v2\/types\/post"}],"author":[{"embeddable":true,"href":"https:\/\/denizcankizil.tr\/ru\/wp-json\/wp\/v2\/users\/4"}],"replies":[{"embeddable":true,"href":"https:\/\/denizcankizil.tr\/ru\/wp-json\/wp\/v2\/comments?post=78846"}],"version-history":[{"count":0,"href":"https:\/\/denizcankizil.tr\/ru\/wp-json\/wp\/v2\/posts\/78846\/revisions"}],"wp:featuredmedia":[{"embeddable":true,"href":"https:\/\/denizcankizil.tr\/ru\/wp-json\/wp\/v2\/media\/78847"}],"wp:attachment":[{"href":"https:\/\/denizcankizil.tr\/ru\/wp-json\/wp\/v2\/media?parent=78846"}],"wp:term":[{"taxonomy":"category","embeddable":true,"href":"https:\/\/denizcankizil.tr\/ru\/wp-json\/wp\/v2\/categories?post=78846"},{"taxonomy":"post_tag","embeddable":true,"href":"https:\/\/denizcankizil.tr\/ru\/wp-json\/wp\/v2\/tags?post=78846"}],"curies":[{"name":"wp","href":"https:\/\/api.w.org\/{rel}","templated":true}]}}