{"id":78051,"date":"2025-05-06T16:41:39","date_gmt":"2025-05-06T13:41:39","guid":{"rendered":"https:\/\/denizcankizil.tr\/uncategorized-tr\/manavgatta-atv-kazasi-2-olu\/"},"modified":"2025-05-06T16:41:39","modified_gmt":"2025-05-06T13:41:39","slug":"manavgatta-atv-kazasi-2-olu","status":"publish","type":"post","link":"https:\/\/denizcankizil.tr\/ru\/haberler\/antalya\/manavgatta-atv-kazasi-2-olu\/","title":{"rendered":"Manavgat&#8217;ta ATV kazas\u0131: 2 \u00f6l\u00fc"},"content":{"rendered":"<p>Kaza, \u00f6\u011fle saatlerinde Manavgat il\u00e7esine ba\u011fl\u0131 Il\u0131ca-Kumk\u00f6y yolu \u00fczerinde meydana geldi. Edinilen bilgiye g\u00f6re, Kumk\u00f6y istikametinden Il\u0131ca y\u00f6n\u00fcne seyir halinde olan Yaman Ak\u0131nc\u0131 (36) idaresindeki 48 BH 398 plakal\u0131 ATV, sa\u011f arka tekerinin kopmas\u0131 sonucu s\u00fcr\u00fcc\u00fcn\u00fcn direksiyon hakimiyetini kaybetmesiyle kald\u0131r\u0131ma \u00e7arparak takla att\u0131. Meydana gelen kazada ATV s\u00fcr\u00fcc\u00fcs\u00fc Yaman Ak\u0131nc\u0131 olay yerinde hayat\u0131n\u0131 kaybederken, ara\u00e7ta yolcu olarak bulunan L\u00fctfullah G\u00f6kdere (29) a\u011f\u0131r yaraland\u0131. Olay yerine sevk edilen 112 Sa\u011fl\u0131k ekiplerinin ilk m\u00fcdahalesinin ard\u0131ndan hastaneye kald\u0131r\u0131lan G\u00f6kdere, burada yap\u0131lan t\u00fcm m\u00fcdahalelere ra\u011fmen kurtar\u0131lamad\u0131. Kazay\u0131 duyan yak\u0131nlar\u0131 ve arkada\u015flar\u0131 olay yerine ko\u015farken, iki gencin ayn\u0131 otelde animat\u00f6r olarak \u00e7al\u0131\u015ft\u0131klar\u0131 \u00f6\u011frenildi. Kazayla ilgili inceleme ba\u015flat\u0131ld\u0131.<\/p>\n<p>Kaynak: www.kanalv.com.tr Haber Sitesinden Al\u0131nm\u0131\u015ft\u0131r.<\/p>","protected":false},"excerpt":{"rendered":"<p>Kaza, \u00f6\u011fle saatlerinde Manavgat il\u00e7esine ba\u011fl\u0131 Il\u0131ca-Kumk\u00f6y yolu \u00fczerinde meydana geldi. Edinilen bilgiye g\u00f6re, Kumk\u00f6y istikametinden Il\u0131ca y\u00f6n\u00fcne seyir halinde olan Yaman Ak\u0131nc\u0131 (36) idaresindeki 48 BH 398 plakal\u0131 ATV, sa\u011f arka tekerinin kopmas\u0131 sonucu s\u00fcr\u00fcc\u00fcn\u00fcn direksiyon hakimiyetini kaybetmesiyle kald\u0131r\u0131ma \u00e7arparak takla att\u0131. Meydana gelen kazada ATV s\u00fcr\u00fcc\u00fcs\u00fc Yaman Ak\u0131nc\u0131 olay yerinde hayat\u0131n\u0131 kaybederken, ara\u00e7ta yolcu olarak bulunan L\u00fctfullah G\u00f6kdere (29) a\u011f\u0131r yaraland\u0131. Olay yerine sevk edilen 112 Sa\u011fl\u0131k ekiplerinin ilk m\u00fcdahalesinin ard\u0131ndan hastaneye kald\u0131r\u0131lan G\u00f6kdere, burada yap\u0131lan t\u00fcm m\u00fcdahalelere ra\u011fmen kurtar\u0131lamad\u0131. Kazay\u0131 duyan yak\u0131nlar\u0131 ve arkada\u015flar\u0131 olay yerine ko\u015farken, iki gencin ayn\u0131 otelde animat\u00f6r olarak \u00e7al\u0131\u015ft\u0131klar\u0131 \u00f6\u011frenildi. Kazayla ilgili inceleme ba\u015flat\u0131ld\u0131. Kaynak: www.kanalv.com.tr Haber Sitesinden Al\u0131nm\u0131\u015ft\u0131r.<\/p>","protected":false},"author":4,"featured_media":78052,"comment_status":"","ping_status":"open","sticky":false,"template":"","format":"standard","meta":{"_acf_changed":false,"footnotes":""},"categories":[26],"tags":[],"class_list":["post-78051","post","type-post","status-publish","format-standard","has-post-thumbnail","hentry","category-antalya"],"acf":[],"yoast_head":"<!-- This site is optimized with the Yoast SEO Premium plugin v26.6 (Yoast SEO v27.1.1) - https:\/\/yoast.com\/product\/yoast-seo-premium-wordpress\/ -->\n<title>Manavgat&#039;ta ATV kazas\u0131: 2 \u00f6l\u00fc - Av. Deniz Can K\u0131z\u0131l<\/title>\n<meta name=\"robots\" content=\"index, follow, max-snippet:-1, max-image-preview:large, max-video-preview:-1\" \/>\n<link rel=\"canonical\" href=\"https:\/\/denizcankizil.tr\/ru\/haberler\/antalya\/manavgatta-atv-kazasi-2-olu\/\" \/>\n<meta property=\"og:locale\" content=\"ru_RU\" \/>\n<meta property=\"og:type\" content=\"article\" \/>\n<meta property=\"og:title\" content=\"Manavgat&#039;ta ATV kazas\u0131: 2 \u00f6l\u00fc\" \/>\n<meta property=\"og:description\" content=\"Kaza, \u00f6\u011fle saatlerinde Manavgat il\u00e7esine ba\u011fl\u0131 Il\u0131ca-Kumk\u00f6y yolu \u00fczerinde meydana geldi. Edinilen bilgiye g\u00f6re, Kumk\u00f6y istikametinden Il\u0131ca y\u00f6n\u00fcne seyir halinde olan Yaman Ak\u0131nc\u0131 (36) idaresindeki 48 BH 398 plakal\u0131 ATV, sa\u011f arka tekerinin kopmas\u0131 sonucu s\u00fcr\u00fcc\u00fcn\u00fcn direksiyon hakimiyetini kaybetmesiyle kald\u0131r\u0131ma \u00e7arparak takla att\u0131. Meydana gelen kazada ATV s\u00fcr\u00fcc\u00fcs\u00fc Yaman Ak\u0131nc\u0131 olay yerinde hayat\u0131n\u0131 kaybederken, ara\u00e7ta yolcu olarak bulunan L\u00fctfullah G\u00f6kdere (29) a\u011f\u0131r yaraland\u0131. Olay yerine sevk edilen 112 Sa\u011fl\u0131k ekiplerinin ilk m\u00fcdahalesinin ard\u0131ndan hastaneye kald\u0131r\u0131lan G\u00f6kdere, burada yap\u0131lan t\u00fcm m\u00fcdahalelere ra\u011fmen kurtar\u0131lamad\u0131. Kazay\u0131 duyan yak\u0131nlar\u0131 ve arkada\u015flar\u0131 olay yerine ko\u015farken, iki gencin ayn\u0131 otelde animat\u00f6r olarak \u00e7al\u0131\u015ft\u0131klar\u0131 \u00f6\u011frenildi. Kazayla ilgili inceleme ba\u015flat\u0131ld\u0131. Kaynak: www.kanalv.com.tr Haber Sitesinden Al\u0131nm\u0131\u015ft\u0131r.\" \/>\n<meta property=\"og:url\" content=\"https:\/\/denizcankizil.tr\/ru\/haberler\/antalya\/manavgatta-atv-kazasi-2-olu\/\" \/>\n<meta property=\"og:site_name\" content=\"Av. Deniz Can K\u0131z\u0131l\" \/>\n<meta property=\"article:published_time\" content=\"2025-05-06T13:41:39+00:00\" \/>\n<meta property=\"og:image\" content=\"https:\/\/denizcankizil.tr\/wp-content\/uploads\/2025\/05\/6189-01-x0R6PP.jpg\" \/>\n\t<meta property=\"og:image:width\" content=\"1280\" \/>\n\t<meta property=\"og:image:height\" content=\"720\" \/>\n\t<meta property=\"og:image:type\" content=\"image\/jpeg\" \/>\n<meta name=\"author\" content=\"Av. Deniz Can K\u0131z\u0131l\" \/>\n<meta name=\"twitter:card\" content=\"summary_large_image\" \/>\n<meta name=\"twitter:label1\" content=\"\u041d\u0430\u043f\u0438\u0441\u0430\u043d\u043e \u0430\u0432\u0442\u043e\u0440\u043e\u043c\" \/>\n\t<meta name=\"twitter:data1\" content=\"Av. Deniz Can K\u0131z\u0131l\" \/>\n\t<meta name=\"twitter:label2\" content=\"\u041f\u0440\u0438\u043c\u0435\u0440\u043d\u043e\u0435 \u0432\u0440\u0435\u043c\u044f \u0434\u043b\u044f \u0447\u0442\u0435\u043d\u0438\u044f\" \/>\n\t<meta name=\"twitter:data2\" content=\"1 \u043c\u0438\u043d\u0443\u0442\u0430\" \/>\n<script type=\"application\/ld+json\" class=\"yoast-schema-graph\">{\"@context\":\"https:\/\/schema.org\",\"@graph\":[{\"@type\":\"Article\",\"@id\":\"https:\/\/denizcankizil.tr\/ru\/haberler\/antalya\/manavgatta-atv-kazasi-2-olu\/#article\",\"isPartOf\":{\"@id\":\"https:\/\/denizcankizil.tr\/ru\/haberler\/antalya\/manavgatta-atv-kazasi-2-olu\/\"},\"author\":{\"name\":\"Av. Deniz Can K\u0131z\u0131l\",\"@id\":\"https:\/\/denizcankizil.tr\/#\/schema\/person\/5dc1b22991bd7ac833867c10afc9b0ff\"},\"headline\":\"Manavgat&#8217;ta ATV kazas\u0131: 2 \u00f6l\u00fc\",\"datePublished\":\"2025-05-06T13:41:39+00:00\",\"mainEntityOfPage\":{\"@id\":\"https:\/\/denizcankizil.tr\/ru\/haberler\/antalya\/manavgatta-atv-kazasi-2-olu\/\"},\"wordCount\":158,\"publisher\":{\"@id\":\"https:\/\/denizcankizil.tr\/#organization\"},\"image\":{\"@id\":\"https:\/\/denizcankizil.tr\/ru\/haberler\/antalya\/manavgatta-atv-kazasi-2-olu\/#primaryimage\"},\"thumbnailUrl\":\"https:\/\/denizcankizil.tr\/wp-content\/uploads\/2025\/05\/6189-01-x0R6PP.jpg\",\"articleSection\":[\"Antalya\"],\"inLanguage\":\"ru-RU\"},{\"@type\":\"WebPage\",\"@id\":\"https:\/\/denizcankizil.tr\/ru\/haberler\/antalya\/manavgatta-atv-kazasi-2-olu\/\",\"url\":\"https:\/\/denizcankizil.tr\/ru\/haberler\/antalya\/manavgatta-atv-kazasi-2-olu\/\",\"name\":\"Manavgat'ta ATV kazas\u0131: 2 \u00f6l\u00fc - Av. Deniz Can K\u0131z\u0131l\",\"isPartOf\":{\"@id\":\"https:\/\/denizcankizil.tr\/#website\"},\"primaryImageOfPage\":{\"@id\":\"https:\/\/denizcankizil.tr\/ru\/haberler\/antalya\/manavgatta-atv-kazasi-2-olu\/#primaryimage\"},\"image\":{\"@id\":\"https:\/\/denizcankizil.tr\/ru\/haberler\/antalya\/manavgatta-atv-kazasi-2-olu\/#primaryimage\"},\"thumbnailUrl\":\"https:\/\/denizcankizil.tr\/wp-content\/uploads\/2025\/05\/6189-01-x0R6PP.jpg\",\"datePublished\":\"2025-05-06T13:41:39+00:00\",\"breadcrumb\":{\"@id\":\"https:\/\/denizcankizil.tr\/ru\/haberler\/antalya\/manavgatta-atv-kazasi-2-olu\/#breadcrumb\"},\"inLanguage\":\"ru-RU\",\"potentialAction\":[{\"@type\":\"ReadAction\",\"target\":[\"https:\/\/denizcankizil.tr\/ru\/haberler\/antalya\/manavgatta-atv-kazasi-2-olu\/\"]}]},{\"@type\":\"ImageObject\",\"inLanguage\":\"ru-RU\",\"@id\":\"https:\/\/denizcankizil.tr\/ru\/haberler\/antalya\/manavgatta-atv-kazasi-2-olu\/#primaryimage\",\"url\":\"https:\/\/denizcankizil.tr\/wp-content\/uploads\/2025\/05\/6189-01-x0R6PP.jpg\",\"contentUrl\":\"https:\/\/denizcankizil.tr\/wp-content\/uploads\/2025\/05\/6189-01-x0R6PP.jpg\",\"width\":1280,\"height\":720},{\"@type\":\"BreadcrumbList\",\"@id\":\"https:\/\/denizcankizil.tr\/ru\/haberler\/antalya\/manavgatta-atv-kazasi-2-olu\/#breadcrumb\",\"itemListElement\":[{\"@type\":\"ListItem\",\"position\":1,\"name\":\"Home\",\"item\":\"https:\/\/denizcankizil.tr\/de\/\"},{\"@type\":\"ListItem\",\"position\":2,\"name\":\"Manavgat&#8217;ta ATV kazas\u0131: 2 \u00f6l\u00fc\"}]},{\"@type\":\"WebSite\",\"@id\":\"https:\/\/denizcankizil.tr\/#website\",\"url\":\"https:\/\/denizcankizil.tr\/\",\"name\":\"Av. Deniz Can K\u0131z\u0131l\",\"description\":\"Avukat Deniz Can K\u0131z\u0131l Antalya Barosu\",\"publisher\":{\"@id\":\"https:\/\/denizcankizil.tr\/#organization\"},\"potentialAction\":[{\"@type\":\"SearchAction\",\"target\":{\"@type\":\"EntryPoint\",\"urlTemplate\":\"https:\/\/denizcankizil.tr\/?s={search_term_string}\"},\"query-input\":{\"@type\":\"PropertyValueSpecification\",\"valueRequired\":true,\"valueName\":\"search_term_string\"}}],\"inLanguage\":\"ru-RU\"},{\"@type\":\"Organization\",\"@id\":\"https:\/\/denizcankizil.tr\/#organization\",\"name\":\"Av. Deniz Can K\u0131z\u0131l\",\"url\":\"https:\/\/denizcankizil.tr\/\",\"logo\":{\"@type\":\"ImageObject\",\"inLanguage\":\"ru-RU\",\"@id\":\"https:\/\/denizcankizil.tr\/#\/schema\/logo\/image\/\",\"url\":\"https:\/\/denizcankizil.tr\/wp-content\/uploads\/2024\/10\/siyah-logo-svg.svg\",\"contentUrl\":\"https:\/\/denizcankizil.tr\/wp-content\/uploads\/2024\/10\/siyah-logo-svg.svg\",\"width\":1080,\"height\":1080,\"caption\":\"Av. Deniz Can K\u0131z\u0131l\"},\"image\":{\"@id\":\"https:\/\/denizcankizil.tr\/#\/schema\/logo\/image\/\"}},{\"@type\":\"Person\",\"@id\":\"https:\/\/denizcankizil.tr\/#\/schema\/person\/5dc1b22991bd7ac833867c10afc9b0ff\",\"name\":\"Av. Deniz Can K\u0131z\u0131l\",\"image\":{\"@type\":\"ImageObject\",\"inLanguage\":\"ru-RU\",\"@id\":\"https:\/\/denizcankizil.tr\/#\/schema\/person\/image\/\",\"url\":\"https:\/\/secure.gravatar.com\/avatar\/a0b128fb9855c79efc976d5640eedb31dc35ec297594d6016d2cf7c60e975bb6?s=96&d=mm&r=g\",\"contentUrl\":\"https:\/\/secure.gravatar.com\/avatar\/a0b128fb9855c79efc976d5640eedb31dc35ec297594d6016d2cf7c60e975bb6?s=96&d=mm&r=g\",\"caption\":\"Av. Deniz Can K\u0131z\u0131l\"},\"sameAs\":[\"http:\/\/www.denizcankizil.tr\"],\"url\":\"https:\/\/denizcankizil.tr\/ru\/author\/denizcankizil\/\"}]}<\/script>\n<!-- \/ Yoast SEO Premium plugin. -->","yoast_head_json":{"title":"Manavgat'ta ATV kazas\u0131: 2 \u00f6l\u00fc - Av. Deniz Can K\u0131z\u0131l","robots":{"index":"index","follow":"follow","max-snippet":"max-snippet:-1","max-image-preview":"max-image-preview:large","max-video-preview":"max-video-preview:-1"},"canonical":"https:\/\/denizcankizil.tr\/ru\/haberler\/antalya\/manavgatta-atv-kazasi-2-olu\/","og_locale":"ru_RU","og_type":"article","og_title":"Manavgat'ta ATV kazas\u0131: 2 \u00f6l\u00fc","og_description":"Kaza, \u00f6\u011fle saatlerinde Manavgat il\u00e7esine ba\u011fl\u0131 Il\u0131ca-Kumk\u00f6y yolu \u00fczerinde meydana geldi. Edinilen bilgiye g\u00f6re, Kumk\u00f6y istikametinden Il\u0131ca y\u00f6n\u00fcne seyir halinde olan Yaman Ak\u0131nc\u0131 (36) idaresindeki 48 BH 398 plakal\u0131 ATV, sa\u011f arka tekerinin kopmas\u0131 sonucu s\u00fcr\u00fcc\u00fcn\u00fcn direksiyon hakimiyetini kaybetmesiyle kald\u0131r\u0131ma \u00e7arparak takla att\u0131. Meydana gelen kazada ATV s\u00fcr\u00fcc\u00fcs\u00fc Yaman Ak\u0131nc\u0131 olay yerinde hayat\u0131n\u0131 kaybederken, ara\u00e7ta yolcu olarak bulunan L\u00fctfullah G\u00f6kdere (29) a\u011f\u0131r yaraland\u0131. Olay yerine sevk edilen 112 Sa\u011fl\u0131k ekiplerinin ilk m\u00fcdahalesinin ard\u0131ndan hastaneye kald\u0131r\u0131lan G\u00f6kdere, burada yap\u0131lan t\u00fcm m\u00fcdahalelere ra\u011fmen kurtar\u0131lamad\u0131. Kazay\u0131 duyan yak\u0131nlar\u0131 ve arkada\u015flar\u0131 olay yerine ko\u015farken, iki gencin ayn\u0131 otelde animat\u00f6r olarak \u00e7al\u0131\u015ft\u0131klar\u0131 \u00f6\u011frenildi. Kazayla ilgili inceleme ba\u015flat\u0131ld\u0131. Kaynak: www.kanalv.com.tr Haber Sitesinden Al\u0131nm\u0131\u015ft\u0131r.","og_url":"https:\/\/denizcankizil.tr\/ru\/haberler\/antalya\/manavgatta-atv-kazasi-2-olu\/","og_site_name":"Av. Deniz Can K\u0131z\u0131l","article_published_time":"2025-05-06T13:41:39+00:00","og_image":[{"width":1280,"height":720,"url":"https:\/\/denizcankizil.tr\/wp-content\/uploads\/2025\/05\/6189-01-x0R6PP.jpg","type":"image\/jpeg"}],"author":"Av. Deniz Can K\u0131z\u0131l","twitter_card":"summary_large_image","twitter_misc":{"\u041d\u0430\u043f\u0438\u0441\u0430\u043d\u043e \u0430\u0432\u0442\u043e\u0440\u043e\u043c":"Av. Deniz Can K\u0131z\u0131l","\u041f\u0440\u0438\u043c\u0435\u0440\u043d\u043e\u0435 \u0432\u0440\u0435\u043c\u044f \u0434\u043b\u044f \u0447\u0442\u0435\u043d\u0438\u044f":"1 \u043c\u0438\u043d\u0443\u0442\u0430"},"schema":{"@context":"https:\/\/schema.org","@graph":[{"@type":"Article","@id":"https:\/\/denizcankizil.tr\/ru\/haberler\/antalya\/manavgatta-atv-kazasi-2-olu\/#article","isPartOf":{"@id":"https:\/\/denizcankizil.tr\/ru\/haberler\/antalya\/manavgatta-atv-kazasi-2-olu\/"},"author":{"name":"Av. Deniz Can K\u0131z\u0131l","@id":"https:\/\/denizcankizil.tr\/#\/schema\/person\/5dc1b22991bd7ac833867c10afc9b0ff"},"headline":"Manavgat&#8217;ta ATV kazas\u0131: 2 \u00f6l\u00fc","datePublished":"2025-05-06T13:41:39+00:00","mainEntityOfPage":{"@id":"https:\/\/denizcankizil.tr\/ru\/haberler\/antalya\/manavgatta-atv-kazasi-2-olu\/"},"wordCount":158,"publisher":{"@id":"https:\/\/denizcankizil.tr\/#organization"},"image":{"@id":"https:\/\/denizcankizil.tr\/ru\/haberler\/antalya\/manavgatta-atv-kazasi-2-olu\/#primaryimage"},"thumbnailUrl":"https:\/\/denizcankizil.tr\/wp-content\/uploads\/2025\/05\/6189-01-x0R6PP.jpg","articleSection":["Antalya"],"inLanguage":"ru-RU"},{"@type":"WebPage","@id":"https:\/\/denizcankizil.tr\/ru\/haberler\/antalya\/manavgatta-atv-kazasi-2-olu\/","url":"https:\/\/denizcankizil.tr\/ru\/haberler\/antalya\/manavgatta-atv-kazasi-2-olu\/","name":"Manavgat'ta ATV kazas\u0131: 2 \u00f6l\u00fc - Av. Deniz Can K\u0131z\u0131l","isPartOf":{"@id":"https:\/\/denizcankizil.tr\/#website"},"primaryImageOfPage":{"@id":"https:\/\/denizcankizil.tr\/ru\/haberler\/antalya\/manavgatta-atv-kazasi-2-olu\/#primaryimage"},"image":{"@id":"https:\/\/denizcankizil.tr\/ru\/haberler\/antalya\/manavgatta-atv-kazasi-2-olu\/#primaryimage"},"thumbnailUrl":"https:\/\/denizcankizil.tr\/wp-content\/uploads\/2025\/05\/6189-01-x0R6PP.jpg","datePublished":"2025-05-06T13:41:39+00:00","breadcrumb":{"@id":"https:\/\/denizcankizil.tr\/ru\/haberler\/antalya\/manavgatta-atv-kazasi-2-olu\/#breadcrumb"},"inLanguage":"ru-RU","potentialAction":[{"@type":"ReadAction","target":["https:\/\/denizcankizil.tr\/ru\/haberler\/antalya\/manavgatta-atv-kazasi-2-olu\/"]}]},{"@type":"ImageObject","inLanguage":"ru-RU","@id":"https:\/\/denizcankizil.tr\/ru\/haberler\/antalya\/manavgatta-atv-kazasi-2-olu\/#primaryimage","url":"https:\/\/denizcankizil.tr\/wp-content\/uploads\/2025\/05\/6189-01-x0R6PP.jpg","contentUrl":"https:\/\/denizcankizil.tr\/wp-content\/uploads\/2025\/05\/6189-01-x0R6PP.jpg","width":1280,"height":720},{"@type":"BreadcrumbList","@id":"https:\/\/denizcankizil.tr\/ru\/haberler\/antalya\/manavgatta-atv-kazasi-2-olu\/#breadcrumb","itemListElement":[{"@type":"ListItem","position":1,"name":"Home","item":"https:\/\/denizcankizil.tr\/de\/"},{"@type":"ListItem","position":2,"name":"Manavgat&#8217;ta ATV kazas\u0131: 2 \u00f6l\u00fc"}]},{"@type":"WebSite","@id":"https:\/\/denizcankizil.tr\/#website","url":"https:\/\/denizcankizil.tr\/","name":"Av. Deniz Can K\u0131z\u0131l","description":"Avukat Deniz Can K\u0131z\u0131l Antalya Barosu","publisher":{"@id":"https:\/\/denizcankizil.tr\/#organization"},"potentialAction":[{"@type":"SearchAction","target":{"@type":"EntryPoint","urlTemplate":"https:\/\/denizcankizil.tr\/?s={search_term_string}"},"query-input":{"@type":"PropertyValueSpecification","valueRequired":true,"valueName":"search_term_string"}}],"inLanguage":"ru-RU"},{"@type":"Organization","@id":"https:\/\/denizcankizil.tr\/#organization","name":"Av. Deniz Can K\u0131z\u0131l","url":"https:\/\/denizcankizil.tr\/","logo":{"@type":"ImageObject","inLanguage":"ru-RU","@id":"https:\/\/denizcankizil.tr\/#\/schema\/logo\/image\/","url":"https:\/\/denizcankizil.tr\/wp-content\/uploads\/2024\/10\/siyah-logo-svg.svg","contentUrl":"https:\/\/denizcankizil.tr\/wp-content\/uploads\/2024\/10\/siyah-logo-svg.svg","width":1080,"height":1080,"caption":"Av. Deniz Can K\u0131z\u0131l"},"image":{"@id":"https:\/\/denizcankizil.tr\/#\/schema\/logo\/image\/"}},{"@type":"Person","@id":"https:\/\/denizcankizil.tr\/#\/schema\/person\/5dc1b22991bd7ac833867c10afc9b0ff","name":"Av. Deniz Can K\u0131z\u0131l","image":{"@type":"ImageObject","inLanguage":"ru-RU","@id":"https:\/\/denizcankizil.tr\/#\/schema\/person\/image\/","url":"https:\/\/secure.gravatar.com\/avatar\/a0b128fb9855c79efc976d5640eedb31dc35ec297594d6016d2cf7c60e975bb6?s=96&d=mm&r=g","contentUrl":"https:\/\/secure.gravatar.com\/avatar\/a0b128fb9855c79efc976d5640eedb31dc35ec297594d6016d2cf7c60e975bb6?s=96&d=mm&r=g","caption":"Av. Deniz Can K\u0131z\u0131l"},"sameAs":["http:\/\/www.denizcankizil.tr"],"url":"https:\/\/denizcankizil.tr\/ru\/author\/denizcankizil\/"}]}},"_links":{"self":[{"href":"https:\/\/denizcankizil.tr\/ru\/wp-json\/wp\/v2\/posts\/78051","targetHints":{"allow":["GET"]}}],"collection":[{"href":"https:\/\/denizcankizil.tr\/ru\/wp-json\/wp\/v2\/posts"}],"about":[{"href":"https:\/\/denizcankizil.tr\/ru\/wp-json\/wp\/v2\/types\/post"}],"author":[{"embeddable":true,"href":"https:\/\/denizcankizil.tr\/ru\/wp-json\/wp\/v2\/users\/4"}],"replies":[{"embeddable":true,"href":"https:\/\/denizcankizil.tr\/ru\/wp-json\/wp\/v2\/comments?post=78051"}],"version-history":[{"count":0,"href":"https:\/\/denizcankizil.tr\/ru\/wp-json\/wp\/v2\/posts\/78051\/revisions"}],"wp:featuredmedia":[{"embeddable":true,"href":"https:\/\/denizcankizil.tr\/ru\/wp-json\/wp\/v2\/media\/78052"}],"wp:attachment":[{"href":"https:\/\/denizcankizil.tr\/ru\/wp-json\/wp\/v2\/media?parent=78051"}],"wp:term":[{"taxonomy":"category","embeddable":true,"href":"https:\/\/denizcankizil.tr\/ru\/wp-json\/wp\/v2\/categories?post=78051"},{"taxonomy":"post_tag","embeddable":true,"href":"https:\/\/denizcankizil.tr\/ru\/wp-json\/wp\/v2\/tags?post=78051"}],"curies":[{"name":"wp","href":"https:\/\/api.w.org\/{rel}","templated":true}]}}