{"id":77914,"date":"2025-05-06T12:42:42","date_gmt":"2025-05-06T09:42:42","guid":{"rendered":"https:\/\/denizcankizil.tr\/uncategorized-tr\/sivas-kale-projesi-calistayda-sekilleniyor\/"},"modified":"2025-05-06T12:42:42","modified_gmt":"2025-05-06T09:42:42","slug":"sivas-kale-projesi-calistayda-sekilleniyor","status":"publish","type":"post","link":"https:\/\/denizcankizil.tr\/ru\/haberler\/gundem\/sivas-kale-projesi-calistayda-sekilleniyor\/","title":{"rendered":"Sivas Kale projesi \u00e7al\u0131\u015ftayda \u015fekilleniyor"},"content":{"rendered":"<p>Sivas Belediyesi\u2019nin Tarihi Kale Projesi i\u00e7in d\u00fczenlenen \u00e7al\u0131\u015ftayda, projenin gelece\u011fi ve at\u0131lacak ad\u0131mlar uzmanlarla de\u011ferlendirildi. Hedef, 2028\u2019de turizm ve k\u00fclt\u00fcr merkezi olarak \u015fehre kazand\u0131rmak.S\u0130VAS (\u0130GFA) &#8211; Sivas Belediyesi\u2019nin 36 y\u0131ll\u0131k Tarihi Kale Projesi i\u00e7in Fidan Yaz\u0131c\u0131o\u011flu K\u00fclt\u00fcr Merkezi\u2019nde bir \u00e7al\u0131\u015ftay d\u00fczenlendi.<br \/>\nSivas Belediye Ba\u015fkan\u0131 Dr. Adem Uzun\u2019un ev sahipli\u011findeki \u00e7al\u0131\u015ftaya, Geleneksel Anadolu K\u00fclt\u00fcr ve Sanat At\u00f6lyeleri Akademi Ba\u015fkan\u0131 Do\u00e7. Dr. I\u015f\u0131n F\u0131rat, akademisyenler, bilim insanlar\u0131, kamu ve sivil toplum temsilcileri kat\u0131ld\u0131.<br \/>\nDo\u00e7. Dr. I\u015f\u0131n F\u0131rat, projeyi \u00f6vg\u00fcyle kar\u015f\u0131layarak, \u201cSel\u00e7uklu\u2019yu yans\u0131tan bir ya\u015fayan m\u00fcze olu\u015fturulmal\u0131. M\u00fczeler, ziyaret\u00e7ilere bilgi ve \u00f6\u011freti sunmal\u0131\u201d dedi. Ba\u015fkan Uzun, Hititlerden Cumhuriyet\u2019e uzanan zengin bir tarihe sahip Sivas Kalesi\u2019nin, Sel\u00e7uklu ve Osmanl\u0131 mimarisiyle canland\u0131r\u0131laca\u011f\u0131n\u0131 belirtti. Uzun, \u201cBu d\u00f6nem projede ciddi yol kat etmek istiyoruz. 2025\u2019te 25 binay\u0131, 2026\u2019da peyzaj\u0131 tamamlayarak 51 yap\u0131y\u0131 hayata ge\u00e7irece\u011fiz. 2028\u2019de turizm, ticaret ve k\u00fclt\u00fcrle \u00f6ne \u00e7\u0131kan bir mek\u00e2n hedefliyoruz\u201d diye konu\u015ftu.<\/p>\n<p>ARKEO PARK VE S\u00dcRD\u00dcR\u00dcLEB\u0130L\u0130RL\u0130K<br \/>\nProjenin Terzio\u011flu Kona\u011f\u0131\u2019ndan Kerim \u00c7avu\u015f Camii\u2019ne uzanan alanda bir arkeo park i\u00e7erece\u011fini kaydeden Uzun, otopark ve konaklarla donat\u0131laca\u011f\u0131n\u0131 s\u00f6yledi. \u00c7al\u0131\u015ftayda, yap\u0131lar\u0131n nas\u0131l i\u015fletilece\u011fi ve s\u00fcrd\u00fcr\u00fclebilirlik konular\u0131 tart\u0131\u015f\u0131ld\u0131. Uzun, \u201cSivas halk\u0131 buran\u0131n tarihi bir turizm merkezi olmas\u0131n\u0131 istiyor. Kent Konseyi ve ekibime te\u015fekk\u00fcr ediyorum. Toplumun her kesiminden fikirler alarak projeyi \u015fehre kazand\u0131raca\u011f\u0131z\u201d dedi.<br \/>\n\u00c7al\u0131\u015ftay, tematik oturumlarla devam etti.<br \/>\nKat\u0131l\u0131mc\u0131lar, alanda incelemelerde bulunarak projeye katk\u0131 sunan Ba\u015fkan Uzun ve ekibine te\u015fekk\u00fcr etti.<\/p>\n<p>\u200bSivas Belediyesi\u2019nin Tarihi Kale Projesi i\u00e7in d\u00fczenlenen \u00e7al\u0131\u015ftayda, projenin gelece\u011fi ve at\u0131lacak ad\u0131mlar uzmanlarla de\u011ferlendirildi. Hedef, 2028\u2019de turizm ve k\u00fclt\u00fcr merkezi olarak \u015fehre kazand\u0131rmak.S\u0130VAS (\u0130GFA) &#8211; Sivas Belediyesi\u2019nin 36 y\u0131ll\u0131k Tarihi Kale Projesi i\u00e7in Fidan Yaz\u0131c\u0131o\u011flu K\u00fclt\u00fcr Merkezi\u2019nde bir \u00e7al\u0131\u015ftay d\u00fczenlendi.<br \/>\nSivas Belediye Ba\u015fkan\u0131 Dr. Adem Uzun\u2019un ev sahipli\u011findeki \u00e7al\u0131\u015ftaya, Geleneksel Anadolu K\u00fclt\u00fcr ve Sanat At\u00f6lyeleri Akademi Ba\u015fkan\u0131 Do\u00e7. Dr. I\u015f\u0131n F\u0131rat, akademisyenler, bilim insanlar\u0131, kamu ve sivil toplum temsilcileri kat\u0131ld\u0131.<br \/>\nDo\u00e7. Dr. I\u015f\u0131n F\u0131rat, projeyi \u00f6vg\u00fcyle kar\u015f\u0131layarak, \u201cSel\u00e7uklu\u2019yu yans\u0131tan bir ya\u015fayan m\u00fcze olu\u015fturulmal\u0131. M\u00fczeler, ziyaret\u00e7ilere bilgi ve \u00f6\u011freti sunmal\u0131\u201d dedi. Ba\u015fkan Uzun, Hititlerden Cumhuriyet\u2019e uzanan zengin bir tarihe sahip Sivas Kalesi\u2019nin, Sel\u00e7uklu ve Osmanl\u0131 mimarisiyle canland\u0131r\u0131laca\u011f\u0131n\u0131 belirtti. Uzun, \u201cBu d\u00f6nem projede ciddi yol kat etmek istiyoruz. 2025\u2019te 25 binay\u0131, 2026\u2019da peyzaj\u0131 tamamlayarak 51 yap\u0131y\u0131 hayata ge\u00e7irece\u011fiz. 2028\u2019de turizm, ticaret ve k\u00fclt\u00fcrle \u00f6ne \u00e7\u0131kan bir mek\u00e2n hedefliyoruz\u201d diye konu\u015ftu.<\/p>\n<p>ARKEO PARK VE S\u00dcRD\u00dcR\u00dcLEB\u0130L\u0130RL\u0130K<br \/>\nProjenin Terzio\u011flu Kona\u011f\u0131\u2019ndan Kerim \u00c7avu\u015f Camii\u2019ne uzanan alanda bir arkeo park i\u00e7erece\u011fini kaydeden Uzun, otopark ve konaklarla donat\u0131laca\u011f\u0131n\u0131 s\u00f6yledi. \u00c7al\u0131\u015ftayda, yap\u0131lar\u0131n nas\u0131l i\u015fletilece\u011fi ve s\u00fcrd\u00fcr\u00fclebilirlik konular\u0131 tart\u0131\u015f\u0131ld\u0131. Uzun, \u201cSivas halk\u0131 buran\u0131n tarihi bir turizm merkezi olmas\u0131n\u0131 istiyor. Kent Konseyi ve ekibime te\u015fekk\u00fcr ediyorum. Toplumun her kesiminden fikirler alarak projeyi \u015fehre kazand\u0131raca\u011f\u0131z\u201d dedi.<br \/>\n\u00c7al\u0131\u015ftay, tematik oturumlarla devam etti.<br \/>\nKat\u0131l\u0131mc\u0131lar, alanda incelemelerde bulunarak projeye katk\u0131 sunan Ba\u015fkan Uzun ve ekibine te\u015fekk\u00fcr etti.\u00a0<\/p>\n<p>\u200bHaberin Al\u0131nt\u0131land\u0131\u011f\u0131 Kaynak: www.iskenderun.org<\/p>","protected":false},"excerpt":{"rendered":"<p>Sivas Belediyesi\u2019nin Tarihi Kale Projesi i\u00e7in d\u00fczenlenen \u00e7al\u0131\u015ftayda, projenin gelece\u011fi ve at\u0131lacak ad\u0131mlar uzmanlarla de\u011ferlendirildi. Hedef, 2028\u2019de turizm ve k\u00fclt\u00fcr merkezi olarak \u015fehre kazand\u0131rmak.S\u0130VAS (\u0130GFA) &#8211; Sivas Belediyesi\u2019nin 36 y\u0131ll\u0131k Tarihi Kale Projesi i\u00e7in Fidan Yaz\u0131c\u0131o\u011flu K\u00fclt\u00fcr Merkezi\u2019nde bir \u00e7al\u0131\u015ftay d\u00fczenlendi. Sivas Belediye Ba\u015fkan\u0131 Dr. Adem Uzun\u2019un ev sahipli\u011findeki \u00e7al\u0131\u015ftaya, Geleneksel Anadolu K\u00fclt\u00fcr ve Sanat At\u00f6lyeleri Akademi Ba\u015fkan\u0131 Do\u00e7. Dr. I\u015f\u0131n F\u0131rat, akademisyenler, bilim insanlar\u0131, kamu ve sivil toplum temsilcileri kat\u0131ld\u0131. Do\u00e7. Dr. I\u015f\u0131n F\u0131rat, projeyi \u00f6vg\u00fcyle kar\u015f\u0131layarak, \u201cSel\u00e7uklu\u2019yu yans\u0131tan bir ya\u015fayan m\u00fcze olu\u015fturulmal\u0131. M\u00fczeler, ziyaret\u00e7ilere bilgi ve \u00f6\u011freti sunmal\u0131\u201d dedi. Ba\u015fkan Uzun, Hititlerden Cumhuriyet\u2019e uzanan zengin bir tarihe sahip Sivas Kalesi\u2019nin, Sel\u00e7uklu ve Osmanl\u0131 mimarisiyle canland\u0131r\u0131laca\u011f\u0131n\u0131 belirtti. Uzun, \u201cBu d\u00f6nem projede ciddi yol kat etmek istiyoruz. 2025\u2019te 25 binay\u0131, 2026\u2019da peyzaj\u0131 tamamlayarak 51 yap\u0131y\u0131 hayata ge\u00e7irece\u011fiz. 2028\u2019de turizm, ticaret ve k\u00fclt\u00fcrle \u00f6ne \u00e7\u0131kan bir mek\u00e2n hedefliyoruz\u201d diye konu\u015ftu. ARKEO PARK VE S\u00dcRD\u00dcR\u00dcLEB\u0130L\u0130RL\u0130K Projenin Terzio\u011flu Kona\u011f\u0131\u2019ndan Kerim \u00c7avu\u015f Camii\u2019ne uzanan alanda bir arkeo park i\u00e7erece\u011fini kaydeden Uzun, otopark ve konaklarla donat\u0131laca\u011f\u0131n\u0131 s\u00f6yledi. \u00c7al\u0131\u015ftayda, yap\u0131lar\u0131n nas\u0131l i\u015fletilece\u011fi ve s\u00fcrd\u00fcr\u00fclebilirlik konular\u0131 tart\u0131\u015f\u0131ld\u0131. Uzun, \u201cSivas halk\u0131 buran\u0131n tarihi bir turizm merkezi olmas\u0131n\u0131 istiyor. Kent Konseyi ve ekibime te\u015fekk\u00fcr ediyorum. Toplumun her kesiminden fikirler alarak projeyi \u015fehre kazand\u0131raca\u011f\u0131z\u201d dedi. \u00c7al\u0131\u015ftay, tematik oturumlarla devam etti. &hellip;<\/p>","protected":false},"author":1,"featured_media":0,"comment_status":"","ping_status":"open","sticky":false,"template":"","format":"standard","meta":{"_acf_changed":false,"footnotes":""},"categories":[24],"tags":[],"class_list":["post-77914","post","type-post","status-publish","format-standard","has-post-thumbnail","hentry","category-gundem"],"acf":[],"yoast_head":"<!-- This site is optimized with the Yoast SEO Premium plugin v26.6 (Yoast SEO v27.1.1) - https:\/\/yoast.com\/product\/yoast-seo-premium-wordpress\/ -->\n<title>Sivas Kale projesi \u00e7al\u0131\u015ftayda \u015fekilleniyor - Av. Deniz Can K\u0131z\u0131l<\/title>\n<meta name=\"robots\" content=\"index, follow, max-snippet:-1, max-image-preview:large, max-video-preview:-1\" \/>\n<link rel=\"canonical\" href=\"https:\/\/denizcankizil.tr\/ru\/haberler\/gundem\/sivas-kale-projesi-calistayda-sekilleniyor\/\" \/>\n<meta property=\"og:locale\" content=\"ru_RU\" \/>\n<meta property=\"og:type\" content=\"article\" \/>\n<meta property=\"og:title\" content=\"Sivas Kale projesi \u00e7al\u0131\u015ftayda \u015fekilleniyor\" \/>\n<meta property=\"og:description\" content=\"Sivas Belediyesi\u2019nin Tarihi Kale Projesi i\u00e7in d\u00fczenlenen \u00e7al\u0131\u015ftayda, projenin gelece\u011fi ve at\u0131lacak ad\u0131mlar uzmanlarla de\u011ferlendirildi. Hedef, 2028\u2019de turizm ve k\u00fclt\u00fcr merkezi olarak \u015fehre kazand\u0131rmak.S\u0130VAS (\u0130GFA) &#8211; Sivas Belediyesi\u2019nin 36 y\u0131ll\u0131k Tarihi Kale Projesi i\u00e7in Fidan Yaz\u0131c\u0131o\u011flu K\u00fclt\u00fcr Merkezi\u2019nde bir \u00e7al\u0131\u015ftay d\u00fczenlendi. Sivas Belediye Ba\u015fkan\u0131 Dr. Adem Uzun\u2019un ev sahipli\u011findeki \u00e7al\u0131\u015ftaya, Geleneksel Anadolu K\u00fclt\u00fcr ve Sanat At\u00f6lyeleri Akademi Ba\u015fkan\u0131 Do\u00e7. Dr. I\u015f\u0131n F\u0131rat, akademisyenler, bilim insanlar\u0131, kamu ve sivil toplum temsilcileri kat\u0131ld\u0131. Do\u00e7. Dr. I\u015f\u0131n F\u0131rat, projeyi \u00f6vg\u00fcyle kar\u015f\u0131layarak, \u201cSel\u00e7uklu\u2019yu yans\u0131tan bir ya\u015fayan m\u00fcze olu\u015fturulmal\u0131. M\u00fczeler, ziyaret\u00e7ilere bilgi ve \u00f6\u011freti sunmal\u0131\u201d dedi. Ba\u015fkan Uzun, Hititlerden Cumhuriyet\u2019e uzanan zengin bir tarihe sahip Sivas Kalesi\u2019nin, Sel\u00e7uklu ve Osmanl\u0131 mimarisiyle canland\u0131r\u0131laca\u011f\u0131n\u0131 belirtti. Uzun, \u201cBu d\u00f6nem projede ciddi yol kat etmek istiyoruz. 2025\u2019te 25 binay\u0131, 2026\u2019da peyzaj\u0131 tamamlayarak 51 yap\u0131y\u0131 hayata ge\u00e7irece\u011fiz. 2028\u2019de turizm, ticaret ve k\u00fclt\u00fcrle \u00f6ne \u00e7\u0131kan bir mek\u00e2n hedefliyoruz\u201d diye konu\u015ftu. ARKEO PARK VE S\u00dcRD\u00dcR\u00dcLEB\u0130L\u0130RL\u0130K Projenin Terzio\u011flu Kona\u011f\u0131\u2019ndan Kerim \u00c7avu\u015f Camii\u2019ne uzanan alanda bir arkeo park i\u00e7erece\u011fini kaydeden Uzun, otopark ve konaklarla donat\u0131laca\u011f\u0131n\u0131 s\u00f6yledi. \u00c7al\u0131\u015ftayda, yap\u0131lar\u0131n nas\u0131l i\u015fletilece\u011fi ve s\u00fcrd\u00fcr\u00fclebilirlik konular\u0131 tart\u0131\u015f\u0131ld\u0131. Uzun, \u201cSivas halk\u0131 buran\u0131n tarihi bir turizm merkezi olmas\u0131n\u0131 istiyor. Kent Konseyi ve ekibime te\u015fekk\u00fcr ediyorum. Toplumun her kesiminden fikirler alarak projeyi \u015fehre kazand\u0131raca\u011f\u0131z\u201d dedi. \u00c7al\u0131\u015ftay, tematik oturumlarla devam etti. &hellip;\" \/>\n<meta property=\"og:url\" content=\"https:\/\/denizcankizil.tr\/ru\/haberler\/gundem\/sivas-kale-projesi-calistayda-sekilleniyor\/\" \/>\n<meta property=\"og:site_name\" content=\"Av. Deniz Can K\u0131z\u0131l\" \/>\n<meta property=\"article:published_time\" content=\"2025-05-06T09:42:42+00:00\" \/>\n<meta name=\"author\" content=\"admin\" \/>\n<meta name=\"twitter:card\" content=\"summary_large_image\" \/>\n<meta name=\"twitter:label1\" content=\"\u041d\u0430\u043f\u0438\u0441\u0430\u043d\u043e \u0430\u0432\u0442\u043e\u0440\u043e\u043c\" \/>\n\t<meta name=\"twitter:data1\" content=\"admin\" \/>\n\t<meta name=\"twitter:label2\" content=\"\u041f\u0440\u0438\u043c\u0435\u0440\u043d\u043e\u0435 \u0432\u0440\u0435\u043c\u044f \u0434\u043b\u044f \u0447\u0442\u0435\u043d\u0438\u044f\" \/>\n\t<meta name=\"twitter:data2\" content=\"3 \u043c\u0438\u043d\u0443\u0442\u044b\" \/>\n<script type=\"application\/ld+json\" class=\"yoast-schema-graph\">{\"@context\":\"https:\/\/schema.org\",\"@graph\":[{\"@type\":\"Article\",\"@id\":\"https:\/\/denizcankizil.tr\/ru\/haberler\/gundem\/sivas-kale-projesi-calistayda-sekilleniyor\/#article\",\"isPartOf\":{\"@id\":\"https:\/\/denizcankizil.tr\/ru\/haberler\/gundem\/sivas-kale-projesi-calistayda-sekilleniyor\/\"},\"author\":{\"name\":\"admin\",\"@id\":\"https:\/\/denizcankizil.tr\/#\/schema\/person\/be3c05fe6a12686905512445d8185489\"},\"headline\":\"Sivas Kale projesi \u00e7al\u0131\u015ftayda \u015fekilleniyor\",\"datePublished\":\"2025-05-06T09:42:42+00:00\",\"mainEntityOfPage\":{\"@id\":\"https:\/\/denizcankizil.tr\/ru\/haberler\/gundem\/sivas-kale-projesi-calistayda-sekilleniyor\/\"},\"wordCount\":634,\"publisher\":{\"@id\":\"https:\/\/denizcankizil.tr\/#organization\"},\"articleSection\":[\"G\u00fcndem\"],\"inLanguage\":\"ru-RU\"},{\"@type\":\"WebPage\",\"@id\":\"https:\/\/denizcankizil.tr\/ru\/haberler\/gundem\/sivas-kale-projesi-calistayda-sekilleniyor\/\",\"url\":\"https:\/\/denizcankizil.tr\/ru\/haberler\/gundem\/sivas-kale-projesi-calistayda-sekilleniyor\/\",\"name\":\"Sivas Kale projesi \u00e7al\u0131\u015ftayda \u015fekilleniyor - Av. Deniz Can K\u0131z\u0131l\",\"isPartOf\":{\"@id\":\"https:\/\/denizcankizil.tr\/#website\"},\"datePublished\":\"2025-05-06T09:42:42+00:00\",\"breadcrumb\":{\"@id\":\"https:\/\/denizcankizil.tr\/ru\/haberler\/gundem\/sivas-kale-projesi-calistayda-sekilleniyor\/#breadcrumb\"},\"inLanguage\":\"ru-RU\",\"potentialAction\":[{\"@type\":\"ReadAction\",\"target\":[\"https:\/\/denizcankizil.tr\/ru\/haberler\/gundem\/sivas-kale-projesi-calistayda-sekilleniyor\/\"]}]},{\"@type\":\"BreadcrumbList\",\"@id\":\"https:\/\/denizcankizil.tr\/ru\/haberler\/gundem\/sivas-kale-projesi-calistayda-sekilleniyor\/#breadcrumb\",\"itemListElement\":[{\"@type\":\"ListItem\",\"position\":1,\"name\":\"Home\",\"item\":\"https:\/\/denizcankizil.tr\/uk\/\"},{\"@type\":\"ListItem\",\"position\":2,\"name\":\"Sivas Kale projesi \u00e7al\u0131\u015ftayda \u015fekilleniyor\"}]},{\"@type\":\"WebSite\",\"@id\":\"https:\/\/denizcankizil.tr\/#website\",\"url\":\"https:\/\/denizcankizil.tr\/\",\"name\":\"Av. Deniz Can K\u0131z\u0131l\",\"description\":\"Avukat Deniz Can K\u0131z\u0131l Antalya Barosu\",\"publisher\":{\"@id\":\"https:\/\/denizcankizil.tr\/#organization\"},\"potentialAction\":[{\"@type\":\"SearchAction\",\"target\":{\"@type\":\"EntryPoint\",\"urlTemplate\":\"https:\/\/denizcankizil.tr\/?s={search_term_string}\"},\"query-input\":{\"@type\":\"PropertyValueSpecification\",\"valueRequired\":true,\"valueName\":\"search_term_string\"}}],\"inLanguage\":\"ru-RU\"},{\"@type\":\"Organization\",\"@id\":\"https:\/\/denizcankizil.tr\/#organization\",\"name\":\"Av. Deniz Can K\u0131z\u0131l\",\"url\":\"https:\/\/denizcankizil.tr\/\",\"logo\":{\"@type\":\"ImageObject\",\"inLanguage\":\"ru-RU\",\"@id\":\"https:\/\/denizcankizil.tr\/#\/schema\/logo\/image\/\",\"url\":\"https:\/\/denizcankizil.tr\/wp-content\/uploads\/2024\/10\/siyah-logo-svg.svg\",\"contentUrl\":\"https:\/\/denizcankizil.tr\/wp-content\/uploads\/2024\/10\/siyah-logo-svg.svg\",\"width\":1080,\"height\":1080,\"caption\":\"Av. Deniz Can K\u0131z\u0131l\"},\"image\":{\"@id\":\"https:\/\/denizcankizil.tr\/#\/schema\/logo\/image\/\"}},{\"@type\":\"Person\",\"@id\":\"https:\/\/denizcankizil.tr\/#\/schema\/person\/be3c05fe6a12686905512445d8185489\",\"name\":\"admin\",\"image\":{\"@type\":\"ImageObject\",\"inLanguage\":\"ru-RU\",\"@id\":\"https:\/\/denizcankizil.tr\/#\/schema\/person\/image\/\",\"url\":\"https:\/\/secure.gravatar.com\/avatar\/c1fce94c830dc79107e174f890d7210541c4a63e8e5d816341794a2151c9d58c?s=96&d=mm&r=g\",\"contentUrl\":\"https:\/\/secure.gravatar.com\/avatar\/c1fce94c830dc79107e174f890d7210541c4a63e8e5d816341794a2151c9d58c?s=96&d=mm&r=g\",\"caption\":\"admin\"},\"sameAs\":[\"http:\/\/denizcankizil.tr\"],\"url\":\"https:\/\/www.iskenderun.org\/sivas-kale-projesi-calistayda-sekilleniyor\"}]}<\/script>\n<!-- \/ Yoast SEO Premium plugin. -->","yoast_head_json":{"title":"Sivas Kale projesi \u00e7al\u0131\u015ftayda \u015fekilleniyor - Av. Deniz Can K\u0131z\u0131l","robots":{"index":"index","follow":"follow","max-snippet":"max-snippet:-1","max-image-preview":"max-image-preview:large","max-video-preview":"max-video-preview:-1"},"canonical":"https:\/\/denizcankizil.tr\/ru\/haberler\/gundem\/sivas-kale-projesi-calistayda-sekilleniyor\/","og_locale":"ru_RU","og_type":"article","og_title":"Sivas Kale projesi \u00e7al\u0131\u015ftayda \u015fekilleniyor","og_description":"Sivas Belediyesi\u2019nin Tarihi Kale Projesi i\u00e7in d\u00fczenlenen \u00e7al\u0131\u015ftayda, projenin gelece\u011fi ve at\u0131lacak ad\u0131mlar uzmanlarla de\u011ferlendirildi. Hedef, 2028\u2019de turizm ve k\u00fclt\u00fcr merkezi olarak \u015fehre kazand\u0131rmak.S\u0130VAS (\u0130GFA) &#8211; Sivas Belediyesi\u2019nin 36 y\u0131ll\u0131k Tarihi Kale Projesi i\u00e7in Fidan Yaz\u0131c\u0131o\u011flu K\u00fclt\u00fcr Merkezi\u2019nde bir \u00e7al\u0131\u015ftay d\u00fczenlendi. Sivas Belediye Ba\u015fkan\u0131 Dr. Adem Uzun\u2019un ev sahipli\u011findeki \u00e7al\u0131\u015ftaya, Geleneksel Anadolu K\u00fclt\u00fcr ve Sanat At\u00f6lyeleri Akademi Ba\u015fkan\u0131 Do\u00e7. Dr. I\u015f\u0131n F\u0131rat, akademisyenler, bilim insanlar\u0131, kamu ve sivil toplum temsilcileri kat\u0131ld\u0131. Do\u00e7. Dr. I\u015f\u0131n F\u0131rat, projeyi \u00f6vg\u00fcyle kar\u015f\u0131layarak, \u201cSel\u00e7uklu\u2019yu yans\u0131tan bir ya\u015fayan m\u00fcze olu\u015fturulmal\u0131. M\u00fczeler, ziyaret\u00e7ilere bilgi ve \u00f6\u011freti sunmal\u0131\u201d dedi. Ba\u015fkan Uzun, Hititlerden Cumhuriyet\u2019e uzanan zengin bir tarihe sahip Sivas Kalesi\u2019nin, Sel\u00e7uklu ve Osmanl\u0131 mimarisiyle canland\u0131r\u0131laca\u011f\u0131n\u0131 belirtti. Uzun, \u201cBu d\u00f6nem projede ciddi yol kat etmek istiyoruz. 2025\u2019te 25 binay\u0131, 2026\u2019da peyzaj\u0131 tamamlayarak 51 yap\u0131y\u0131 hayata ge\u00e7irece\u011fiz. 2028\u2019de turizm, ticaret ve k\u00fclt\u00fcrle \u00f6ne \u00e7\u0131kan bir mek\u00e2n hedefliyoruz\u201d diye konu\u015ftu. ARKEO PARK VE S\u00dcRD\u00dcR\u00dcLEB\u0130L\u0130RL\u0130K Projenin Terzio\u011flu Kona\u011f\u0131\u2019ndan Kerim \u00c7avu\u015f Camii\u2019ne uzanan alanda bir arkeo park i\u00e7erece\u011fini kaydeden Uzun, otopark ve konaklarla donat\u0131laca\u011f\u0131n\u0131 s\u00f6yledi. \u00c7al\u0131\u015ftayda, yap\u0131lar\u0131n nas\u0131l i\u015fletilece\u011fi ve s\u00fcrd\u00fcr\u00fclebilirlik konular\u0131 tart\u0131\u015f\u0131ld\u0131. Uzun, \u201cSivas halk\u0131 buran\u0131n tarihi bir turizm merkezi olmas\u0131n\u0131 istiyor. Kent Konseyi ve ekibime te\u015fekk\u00fcr ediyorum. Toplumun her kesiminden fikirler alarak projeyi \u015fehre kazand\u0131raca\u011f\u0131z\u201d dedi. \u00c7al\u0131\u015ftay, tematik oturumlarla devam etti. &hellip;","og_url":"https:\/\/denizcankizil.tr\/ru\/haberler\/gundem\/sivas-kale-projesi-calistayda-sekilleniyor\/","og_site_name":"Av. Deniz Can K\u0131z\u0131l","article_published_time":"2025-05-06T09:42:42+00:00","author":"admin","twitter_card":"summary_large_image","twitter_misc":{"\u041d\u0430\u043f\u0438\u0441\u0430\u043d\u043e \u0430\u0432\u0442\u043e\u0440\u043e\u043c":"admin","\u041f\u0440\u0438\u043c\u0435\u0440\u043d\u043e\u0435 \u0432\u0440\u0435\u043c\u044f \u0434\u043b\u044f \u0447\u0442\u0435\u043d\u0438\u044f":"3 \u043c\u0438\u043d\u0443\u0442\u044b"},"schema":{"@context":"https:\/\/schema.org","@graph":[{"@type":"Article","@id":"https:\/\/denizcankizil.tr\/ru\/haberler\/gundem\/sivas-kale-projesi-calistayda-sekilleniyor\/#article","isPartOf":{"@id":"https:\/\/denizcankizil.tr\/ru\/haberler\/gundem\/sivas-kale-projesi-calistayda-sekilleniyor\/"},"author":{"name":"admin","@id":"https:\/\/denizcankizil.tr\/#\/schema\/person\/be3c05fe6a12686905512445d8185489"},"headline":"Sivas Kale projesi \u00e7al\u0131\u015ftayda \u015fekilleniyor","datePublished":"2025-05-06T09:42:42+00:00","mainEntityOfPage":{"@id":"https:\/\/denizcankizil.tr\/ru\/haberler\/gundem\/sivas-kale-projesi-calistayda-sekilleniyor\/"},"wordCount":634,"publisher":{"@id":"https:\/\/denizcankizil.tr\/#organization"},"articleSection":["G\u00fcndem"],"inLanguage":"ru-RU"},{"@type":"WebPage","@id":"https:\/\/denizcankizil.tr\/ru\/haberler\/gundem\/sivas-kale-projesi-calistayda-sekilleniyor\/","url":"https:\/\/denizcankizil.tr\/ru\/haberler\/gundem\/sivas-kale-projesi-calistayda-sekilleniyor\/","name":"Sivas Kale projesi \u00e7al\u0131\u015ftayda \u015fekilleniyor - Av. Deniz Can K\u0131z\u0131l","isPartOf":{"@id":"https:\/\/denizcankizil.tr\/#website"},"datePublished":"2025-05-06T09:42:42+00:00","breadcrumb":{"@id":"https:\/\/denizcankizil.tr\/ru\/haberler\/gundem\/sivas-kale-projesi-calistayda-sekilleniyor\/#breadcrumb"},"inLanguage":"ru-RU","potentialAction":[{"@type":"ReadAction","target":["https:\/\/denizcankizil.tr\/ru\/haberler\/gundem\/sivas-kale-projesi-calistayda-sekilleniyor\/"]}]},{"@type":"BreadcrumbList","@id":"https:\/\/denizcankizil.tr\/ru\/haberler\/gundem\/sivas-kale-projesi-calistayda-sekilleniyor\/#breadcrumb","itemListElement":[{"@type":"ListItem","position":1,"name":"Home","item":"https:\/\/denizcankizil.tr\/uk\/"},{"@type":"ListItem","position":2,"name":"Sivas Kale projesi \u00e7al\u0131\u015ftayda \u015fekilleniyor"}]},{"@type":"WebSite","@id":"https:\/\/denizcankizil.tr\/#website","url":"https:\/\/denizcankizil.tr\/","name":"Av. Deniz Can K\u0131z\u0131l","description":"Avukat Deniz Can K\u0131z\u0131l Antalya Barosu","publisher":{"@id":"https:\/\/denizcankizil.tr\/#organization"},"potentialAction":[{"@type":"SearchAction","target":{"@type":"EntryPoint","urlTemplate":"https:\/\/denizcankizil.tr\/?s={search_term_string}"},"query-input":{"@type":"PropertyValueSpecification","valueRequired":true,"valueName":"search_term_string"}}],"inLanguage":"ru-RU"},{"@type":"Organization","@id":"https:\/\/denizcankizil.tr\/#organization","name":"Av. Deniz Can K\u0131z\u0131l","url":"https:\/\/denizcankizil.tr\/","logo":{"@type":"ImageObject","inLanguage":"ru-RU","@id":"https:\/\/denizcankizil.tr\/#\/schema\/logo\/image\/","url":"https:\/\/denizcankizil.tr\/wp-content\/uploads\/2024\/10\/siyah-logo-svg.svg","contentUrl":"https:\/\/denizcankizil.tr\/wp-content\/uploads\/2024\/10\/siyah-logo-svg.svg","width":1080,"height":1080,"caption":"Av. Deniz Can K\u0131z\u0131l"},"image":{"@id":"https:\/\/denizcankizil.tr\/#\/schema\/logo\/image\/"}},{"@type":"Person","@id":"https:\/\/denizcankizil.tr\/#\/schema\/person\/be3c05fe6a12686905512445d8185489","name":"\u0430\u0434\u043c\u0438\u043d","image":{"@type":"ImageObject","inLanguage":"ru-RU","@id":"https:\/\/denizcankizil.tr\/#\/schema\/person\/image\/","url":"https:\/\/secure.gravatar.com\/avatar\/c1fce94c830dc79107e174f890d7210541c4a63e8e5d816341794a2151c9d58c?s=96&d=mm&r=g","contentUrl":"https:\/\/secure.gravatar.com\/avatar\/c1fce94c830dc79107e174f890d7210541c4a63e8e5d816341794a2151c9d58c?s=96&d=mm&r=g","caption":"admin"},"sameAs":["http:\/\/denizcankizil.tr"],"url":"https:\/\/www.iskenderun.org\/sivas-kale-projesi-calistayda-sekilleniyor"}]}},"_links":{"self":[{"href":"https:\/\/denizcankizil.tr\/ru\/wp-json\/wp\/v2\/posts\/77914","targetHints":{"allow":["GET"]}}],"collection":[{"href":"https:\/\/denizcankizil.tr\/ru\/wp-json\/wp\/v2\/posts"}],"about":[{"href":"https:\/\/denizcankizil.tr\/ru\/wp-json\/wp\/v2\/types\/post"}],"author":[{"embeddable":true,"href":"https:\/\/denizcankizil.tr\/ru\/wp-json\/wp\/v2\/users\/1"}],"replies":[{"embeddable":true,"href":"https:\/\/denizcankizil.tr\/ru\/wp-json\/wp\/v2\/comments?post=77914"}],"version-history":[{"count":0,"href":"https:\/\/denizcankizil.tr\/ru\/wp-json\/wp\/v2\/posts\/77914\/revisions"}],"wp:attachment":[{"href":"https:\/\/denizcankizil.tr\/ru\/wp-json\/wp\/v2\/media?parent=77914"}],"wp:term":[{"taxonomy":"category","embeddable":true,"href":"https:\/\/denizcankizil.tr\/ru\/wp-json\/wp\/v2\/categories?post=77914"},{"taxonomy":"post_tag","embeddable":true,"href":"https:\/\/denizcankizil.tr\/ru\/wp-json\/wp\/v2\/tags?post=77914"}],"curies":[{"name":"wp","href":"https:\/\/api.w.org\/{rel}","templated":true}]}}