{"id":76960,"date":"2025-05-05T15:42:14","date_gmt":"2025-05-05T12:42:14","guid":{"rendered":"https:\/\/denizcankizil.tr\/uncategorized-tr\/antakya-ve-kirikhanda-iki-arac-takla-atti\/"},"modified":"2025-05-05T15:42:14","modified_gmt":"2025-05-05T12:42:14","slug":"antakya-ve-kirikhanda-iki-arac-takla-atti","status":"publish","type":"post","link":"https:\/\/denizcankizil.tr\/ru\/haberler\/gundem\/antakya-ve-kirikhanda-iki-arac-takla-atti\/","title":{"rendered":"Antakya ve K\u0131r\u0131khan\u2019da iki ara\u00e7 takla att\u0131!"},"content":{"rendered":"<p>DERE YATA\u011eINA<\/p>\n<p>YUVARLANDI\u2026<\/p>\n<p>Edinilen bilgilere g\u00f6re, ilk kaza, K\u0131r\u0131khan il\u00e7esi Kurtluso\u011fuksu Mahallesi\u2019nde meydana geldi. Seyir halindeyken s\u00fcr\u00fcc\u00fcn\u00fcn kontrol\u00fcnden \u00e7\u0131kan otomobil \u015farampole, yol kenar\u0131ndaki tar\u0131m arazisi yan\u0131ndan ge\u00e7en kuru dere yata\u011f\u0131na yuvarland\u0131. Kazada ara\u00e7 i\u00e7inde s\u0131k\u0131\u015fan s\u00fcr\u00fcc\u00fc, olay yerine h\u0131zla ula\u015fan HBB \u0130tfaiye Daire Ba\u015fkanl\u0131\u011f\u0131na ba\u011fl\u0131 itfaiye ekiplerinin seri m\u00fcdahalesiyle kurtar\u0131ld\u0131. Yaral\u0131 s\u00fcr\u00fcc\u00fc sa\u011fl\u0131k ekiplerine teslim edildikten sonra hastaneye sevk edildi. Olay yerinde polis ekipleri g\u00fcvenlik \u00f6nlemleri alarak kazayla ilgili inceleme ba\u015flatt\u0131.<\/p>\n<p>YOL \u00c7ALI\u015eMASI <\/p>\n<p>ALANINDA KAZA<\/p>\n<p>\u0130kinci kaza ise Antakya \u00e7evreyolu Kuzeytepe Mahallesi\u2019nde yol \u00e7al\u0131\u015fmas\u0131 yap\u0131lan bir b\u00f6lgede meydana geldi. S\u00fcr\u00fcc\u00fcs\u00fcn\u00fcn direksiyon h\u00e2kimiyetini kaybetti\u011fi hafif ticari ara\u00e7 yoldan \u00e7\u0131karak yol \u00e7al\u0131\u015fmas\u0131n\u0131n yap\u0131ld\u0131\u011f\u0131 alanda yakla\u015f\u0131k 3 metre derinli\u011findeki \u00e7ukura d\u00fc\u015ft\u00fc ve takla atarak ters d\u00f6nd\u00fc. Kazada ara\u00e7 i\u00e7inde s\u0131k\u0131\u015fan s\u00fcr\u00fcc\u00fc i\u00e7in Hatay B\u00fcy\u00fck\u015fehir Belediyesi \u0130tfaiye Daire Ba\u015fkanl\u0131\u011f\u0131\u2019na ba\u011fl\u0131 ekipler olay yerine sevk edildi. \u0130tfaiye ekiplerinin \u00f6zverili \u00e7al\u0131\u015fmas\u0131 sonucu s\u00fcr\u00fcc\u00fc, ters d\u00f6nen ara\u00e7tan \u00e7\u0131kar\u0131larak sa\u011fl\u0131k ekiplerine teslim edildi. Yaral\u0131, ilk m\u00fcdahalenin ard\u0131ndan ambulansla hastaneye sevk edildi.<\/p>\n<p>Her iki kazayla ilgili olarak polis ekipleri, olaylar\u0131n meydana geli\u015f nedeni \u00fczerinde detayl\u0131 incelemelerini s\u00fcrd\u00fcr\u00fcyor.<\/p>\n<p>\u200bHatay\u2019\u0131n Antakya ve K\u0131r\u0131khan il\u00e7elerinde meydana gelen iki ayr\u0131 trafik kazas\u0131nda, takla atan ara\u00e7larda s\u0131k\u0131\u015fan s\u00fcr\u00fcc\u00fcler itfaiye ekiplerinin m\u00fcdahalesiyle kurtar\u0131ld\u0131. Kazalarda yaralanan iki s\u00fcr\u00fcc\u00fc, olay yerindeki ilk m\u00fcdahalenin ard\u0131ndan hastaneye kald\u0131r\u0131ld\u0131.\u00a0<\/p>\n<p>\u200bHaberin Al\u0131nt\u0131land\u0131\u011f\u0131 Kaynak: www.iskenderun.org<\/p>","protected":false},"excerpt":{"rendered":"<p>DERE YATA\u011eINA YUVARLANDI\u2026 Edinilen bilgilere g\u00f6re, ilk kaza, K\u0131r\u0131khan il\u00e7esi Kurtluso\u011fuksu Mahallesi\u2019nde meydana geldi. Seyir halindeyken s\u00fcr\u00fcc\u00fcn\u00fcn kontrol\u00fcnden \u00e7\u0131kan otomobil \u015farampole, yol kenar\u0131ndaki tar\u0131m arazisi yan\u0131ndan ge\u00e7en kuru dere yata\u011f\u0131na yuvarland\u0131. Kazada ara\u00e7 i\u00e7inde s\u0131k\u0131\u015fan s\u00fcr\u00fcc\u00fc, olay yerine h\u0131zla ula\u015fan HBB \u0130tfaiye Daire Ba\u015fkanl\u0131\u011f\u0131na ba\u011fl\u0131 itfaiye ekiplerinin seri m\u00fcdahalesiyle kurtar\u0131ld\u0131. Yaral\u0131 s\u00fcr\u00fcc\u00fc sa\u011fl\u0131k ekiplerine teslim edildikten sonra hastaneye sevk edildi. Olay yerinde polis ekipleri g\u00fcvenlik \u00f6nlemleri alarak kazayla ilgili inceleme ba\u015flatt\u0131. YOL \u00c7ALI\u015eMASI ALANINDA KAZA \u0130kinci kaza ise Antakya \u00e7evreyolu Kuzeytepe Mahallesi\u2019nde yol \u00e7al\u0131\u015fmas\u0131 yap\u0131lan bir b\u00f6lgede meydana geldi. S\u00fcr\u00fcc\u00fcs\u00fcn\u00fcn direksiyon h\u00e2kimiyetini kaybetti\u011fi hafif ticari ara\u00e7 yoldan \u00e7\u0131karak yol \u00e7al\u0131\u015fmas\u0131n\u0131n yap\u0131ld\u0131\u011f\u0131 alanda yakla\u015f\u0131k 3 metre derinli\u011findeki \u00e7ukura d\u00fc\u015ft\u00fc ve takla atarak ters d\u00f6nd\u00fc. Kazada ara\u00e7 i\u00e7inde s\u0131k\u0131\u015fan s\u00fcr\u00fcc\u00fc i\u00e7in Hatay B\u00fcy\u00fck\u015fehir Belediyesi \u0130tfaiye Daire Ba\u015fkanl\u0131\u011f\u0131\u2019na ba\u011fl\u0131 ekipler olay yerine sevk edildi. \u0130tfaiye ekiplerinin \u00f6zverili \u00e7al\u0131\u015fmas\u0131 sonucu s\u00fcr\u00fcc\u00fc, ters d\u00f6nen ara\u00e7tan \u00e7\u0131kar\u0131larak sa\u011fl\u0131k ekiplerine teslim edildi. Yaral\u0131, ilk m\u00fcdahalenin ard\u0131ndan ambulansla hastaneye sevk edildi. Her iki kazayla ilgili olarak polis ekipleri, olaylar\u0131n meydana geli\u015f nedeni \u00fczerinde detayl\u0131 incelemelerini s\u00fcrd\u00fcr\u00fcyor. \u200bHatay\u2019\u0131n Antakya ve K\u0131r\u0131khan il\u00e7elerinde meydana gelen iki ayr\u0131 trafik kazas\u0131nda, takla atan ara\u00e7larda s\u0131k\u0131\u015fan s\u00fcr\u00fcc\u00fcler itfaiye ekiplerinin m\u00fcdahalesiyle kurtar\u0131ld\u0131. Kazalarda yaralanan iki s\u00fcr\u00fcc\u00fc, olay yerindeki ilk m\u00fcdahalenin ard\u0131ndan hastaneye kald\u0131r\u0131ld\u0131.\u00a0 \u200bHaberin &hellip;<\/p>","protected":false},"author":1,"featured_media":0,"comment_status":"","ping_status":"open","sticky":false,"template":"","format":"standard","meta":{"_acf_changed":false,"footnotes":""},"categories":[24],"tags":[],"class_list":["post-76960","post","type-post","status-publish","format-standard","has-post-thumbnail","hentry","category-gundem"],"acf":[],"yoast_head":"<!-- This site is optimized with the Yoast SEO Premium plugin v26.6 (Yoast SEO v27.1.1) - https:\/\/yoast.com\/product\/yoast-seo-premium-wordpress\/ -->\n<title>Antakya ve K\u0131r\u0131khan\u2019da iki ara\u00e7 takla att\u0131! - Av. Deniz Can K\u0131z\u0131l<\/title>\n<meta name=\"robots\" content=\"index, follow, max-snippet:-1, max-image-preview:large, max-video-preview:-1\" \/>\n<link rel=\"canonical\" href=\"https:\/\/denizcankizil.tr\/ru\/haberler\/gundem\/antakya-ve-kirikhanda-iki-arac-takla-atti\/\" \/>\n<meta property=\"og:locale\" content=\"ru_RU\" \/>\n<meta property=\"og:type\" content=\"article\" \/>\n<meta property=\"og:title\" content=\"Antakya ve K\u0131r\u0131khan\u2019da iki ara\u00e7 takla att\u0131!\" \/>\n<meta property=\"og:description\" content=\"DERE YATA\u011eINA YUVARLANDI\u2026 Edinilen bilgilere g\u00f6re, ilk kaza, K\u0131r\u0131khan il\u00e7esi Kurtluso\u011fuksu Mahallesi\u2019nde meydana geldi. Seyir halindeyken s\u00fcr\u00fcc\u00fcn\u00fcn kontrol\u00fcnden \u00e7\u0131kan otomobil \u015farampole, yol kenar\u0131ndaki tar\u0131m arazisi yan\u0131ndan ge\u00e7en kuru dere yata\u011f\u0131na yuvarland\u0131. Kazada ara\u00e7 i\u00e7inde s\u0131k\u0131\u015fan s\u00fcr\u00fcc\u00fc, olay yerine h\u0131zla ula\u015fan HBB \u0130tfaiye Daire Ba\u015fkanl\u0131\u011f\u0131na ba\u011fl\u0131 itfaiye ekiplerinin seri m\u00fcdahalesiyle kurtar\u0131ld\u0131. Yaral\u0131 s\u00fcr\u00fcc\u00fc sa\u011fl\u0131k ekiplerine teslim edildikten sonra hastaneye sevk edildi. Olay yerinde polis ekipleri g\u00fcvenlik \u00f6nlemleri alarak kazayla ilgili inceleme ba\u015flatt\u0131. YOL \u00c7ALI\u015eMASI ALANINDA KAZA \u0130kinci kaza ise Antakya \u00e7evreyolu Kuzeytepe Mahallesi\u2019nde yol \u00e7al\u0131\u015fmas\u0131 yap\u0131lan bir b\u00f6lgede meydana geldi. S\u00fcr\u00fcc\u00fcs\u00fcn\u00fcn direksiyon h\u00e2kimiyetini kaybetti\u011fi hafif ticari ara\u00e7 yoldan \u00e7\u0131karak yol \u00e7al\u0131\u015fmas\u0131n\u0131n yap\u0131ld\u0131\u011f\u0131 alanda yakla\u015f\u0131k 3 metre derinli\u011findeki \u00e7ukura d\u00fc\u015ft\u00fc ve takla atarak ters d\u00f6nd\u00fc. Kazada ara\u00e7 i\u00e7inde s\u0131k\u0131\u015fan s\u00fcr\u00fcc\u00fc i\u00e7in Hatay B\u00fcy\u00fck\u015fehir Belediyesi \u0130tfaiye Daire Ba\u015fkanl\u0131\u011f\u0131\u2019na ba\u011fl\u0131 ekipler olay yerine sevk edildi. \u0130tfaiye ekiplerinin \u00f6zverili \u00e7al\u0131\u015fmas\u0131 sonucu s\u00fcr\u00fcc\u00fc, ters d\u00f6nen ara\u00e7tan \u00e7\u0131kar\u0131larak sa\u011fl\u0131k ekiplerine teslim edildi. Yaral\u0131, ilk m\u00fcdahalenin ard\u0131ndan ambulansla hastaneye sevk edildi. Her iki kazayla ilgili olarak polis ekipleri, olaylar\u0131n meydana geli\u015f nedeni \u00fczerinde detayl\u0131 incelemelerini s\u00fcrd\u00fcr\u00fcyor. \u200bHatay\u2019\u0131n Antakya ve K\u0131r\u0131khan il\u00e7elerinde meydana gelen iki ayr\u0131 trafik kazas\u0131nda, takla atan ara\u00e7larda s\u0131k\u0131\u015fan s\u00fcr\u00fcc\u00fcler itfaiye ekiplerinin m\u00fcdahalesiyle kurtar\u0131ld\u0131. Kazalarda yaralanan iki s\u00fcr\u00fcc\u00fc, olay yerindeki ilk m\u00fcdahalenin ard\u0131ndan hastaneye kald\u0131r\u0131ld\u0131.\u00a0 \u200bHaberin &hellip;\" \/>\n<meta property=\"og:url\" content=\"https:\/\/denizcankizil.tr\/ru\/haberler\/gundem\/antakya-ve-kirikhanda-iki-arac-takla-atti\/\" \/>\n<meta property=\"og:site_name\" content=\"Av. Deniz Can K\u0131z\u0131l\" \/>\n<meta property=\"article:published_time\" content=\"2025-05-05T12:42:14+00:00\" \/>\n<meta name=\"author\" content=\"admin\" \/>\n<meta name=\"twitter:card\" content=\"summary_large_image\" \/>\n<meta name=\"twitter:label1\" content=\"\u041d\u0430\u043f\u0438\u0441\u0430\u043d\u043e \u0430\u0432\u0442\u043e\u0440\u043e\u043c\" \/>\n\t<meta name=\"twitter:data1\" content=\"admin\" \/>\n\t<meta name=\"twitter:label2\" content=\"\u041f\u0440\u0438\u043c\u0435\u0440\u043d\u043e\u0435 \u0432\u0440\u0435\u043c\u044f \u0434\u043b\u044f \u0447\u0442\u0435\u043d\u0438\u044f\" \/>\n\t<meta name=\"twitter:data2\" content=\"2 \u043c\u0438\u043d\u0443\u0442\u044b\" \/>\n<script type=\"application\/ld+json\" class=\"yoast-schema-graph\">{\"@context\":\"https:\/\/schema.org\",\"@graph\":[{\"@type\":\"Article\",\"@id\":\"https:\/\/denizcankizil.tr\/ru\/haberler\/gundem\/antakya-ve-kirikhanda-iki-arac-takla-atti\/#article\",\"isPartOf\":{\"@id\":\"https:\/\/denizcankizil.tr\/ru\/haberler\/gundem\/antakya-ve-kirikhanda-iki-arac-takla-atti\/\"},\"author\":{\"name\":\"admin\",\"@id\":\"https:\/\/denizcankizil.tr\/de\/#\/schema\/person\/be3c05fe6a12686905512445d8185489\"},\"headline\":\"Antakya ve K\u0131r\u0131khan\u2019da iki ara\u00e7 takla att\u0131!\",\"datePublished\":\"2025-05-05T12:42:14+00:00\",\"mainEntityOfPage\":{\"@id\":\"https:\/\/denizcankizil.tr\/ru\/haberler\/gundem\/antakya-ve-kirikhanda-iki-arac-takla-atti\/\"},\"wordCount\":316,\"publisher\":{\"@id\":\"https:\/\/denizcankizil.tr\/de\/#organization\"},\"articleSection\":[\"G\u00fcndem\"],\"inLanguage\":\"ru-RU\"},{\"@type\":\"WebPage\",\"@id\":\"https:\/\/denizcankizil.tr\/ru\/haberler\/gundem\/antakya-ve-kirikhanda-iki-arac-takla-atti\/\",\"url\":\"https:\/\/denizcankizil.tr\/ru\/haberler\/gundem\/antakya-ve-kirikhanda-iki-arac-takla-atti\/\",\"name\":\"Antakya ve K\u0131r\u0131khan\u2019da iki ara\u00e7 takla att\u0131! - Av. Deniz Can K\u0131z\u0131l\",\"isPartOf\":{\"@id\":\"https:\/\/denizcankizil.tr\/de\/#website\"},\"datePublished\":\"2025-05-05T12:42:14+00:00\",\"breadcrumb\":{\"@id\":\"https:\/\/denizcankizil.tr\/ru\/haberler\/gundem\/antakya-ve-kirikhanda-iki-arac-takla-atti\/#breadcrumb\"},\"inLanguage\":\"ru-RU\",\"potentialAction\":[{\"@type\":\"ReadAction\",\"target\":[\"https:\/\/denizcankizil.tr\/ru\/haberler\/gundem\/antakya-ve-kirikhanda-iki-arac-takla-atti\/\"]}]},{\"@type\":\"BreadcrumbList\",\"@id\":\"https:\/\/denizcankizil.tr\/ru\/haberler\/gundem\/antakya-ve-kirikhanda-iki-arac-takla-atti\/#breadcrumb\",\"itemListElement\":[{\"@type\":\"ListItem\",\"position\":1,\"name\":\"Home\",\"item\":\"https:\/\/denizcankizil.tr\/de\/\"},{\"@type\":\"ListItem\",\"position\":2,\"name\":\"Antakya ve K\u0131r\u0131khan\u2019da iki ara\u00e7 takla att\u0131!\"}]},{\"@type\":\"WebSite\",\"@id\":\"https:\/\/denizcankizil.tr\/de\/#website\",\"url\":\"https:\/\/denizcankizil.tr\/de\/\",\"name\":\"Av. Deniz Can K\u0131z\u0131l\",\"description\":\"Avukat Deniz Can K\u0131z\u0131l Antalya Barosu\",\"publisher\":{\"@id\":\"https:\/\/denizcankizil.tr\/de\/#organization\"},\"potentialAction\":[{\"@type\":\"SearchAction\",\"target\":{\"@type\":\"EntryPoint\",\"urlTemplate\":\"https:\/\/denizcankizil.tr\/de\/?s={search_term_string}\"},\"query-input\":{\"@type\":\"PropertyValueSpecification\",\"valueRequired\":true,\"valueName\":\"search_term_string\"}}],\"inLanguage\":\"ru-RU\"},{\"@type\":\"Organization\",\"@id\":\"https:\/\/denizcankizil.tr\/de\/#organization\",\"name\":\"Av. Deniz Can K\u0131z\u0131l\",\"url\":\"https:\/\/denizcankizil.tr\/de\/\",\"logo\":{\"@type\":\"ImageObject\",\"inLanguage\":\"ru-RU\",\"@id\":\"https:\/\/denizcankizil.tr\/de\/#\/schema\/logo\/image\/\",\"url\":\"https:\/\/denizcankizil.tr\/wp-content\/uploads\/2024\/10\/siyah-logo-svg.svg\",\"contentUrl\":\"https:\/\/denizcankizil.tr\/wp-content\/uploads\/2024\/10\/siyah-logo-svg.svg\",\"width\":1080,\"height\":1080,\"caption\":\"Av. Deniz Can K\u0131z\u0131l\"},\"image\":{\"@id\":\"https:\/\/denizcankizil.tr\/de\/#\/schema\/logo\/image\/\"}},{\"@type\":\"Person\",\"@id\":\"https:\/\/denizcankizil.tr\/de\/#\/schema\/person\/be3c05fe6a12686905512445d8185489\",\"name\":\"admin\",\"image\":{\"@type\":\"ImageObject\",\"inLanguage\":\"ru-RU\",\"@id\":\"https:\/\/denizcankizil.tr\/de\/#\/schema\/person\/image\/\",\"url\":\"https:\/\/secure.gravatar.com\/avatar\/c1fce94c830dc79107e174f890d7210541c4a63e8e5d816341794a2151c9d58c?s=96&d=mm&r=g\",\"contentUrl\":\"https:\/\/secure.gravatar.com\/avatar\/c1fce94c830dc79107e174f890d7210541c4a63e8e5d816341794a2151c9d58c?s=96&d=mm&r=g\",\"caption\":\"admin\"},\"sameAs\":[\"http:\/\/denizcankizil.tr\"],\"url\":\"https:\/\/www.iskenderun.org\/antakya-ve-kirikhanda-iki-arac-takla-atti\"}]}<\/script>\n<!-- \/ Yoast SEO Premium plugin. -->","yoast_head_json":{"title":"Antakya ve K\u0131r\u0131khan\u2019da iki ara\u00e7 takla att\u0131! - Av. Deniz Can K\u0131z\u0131l","robots":{"index":"index","follow":"follow","max-snippet":"max-snippet:-1","max-image-preview":"max-image-preview:large","max-video-preview":"max-video-preview:-1"},"canonical":"https:\/\/denizcankizil.tr\/ru\/haberler\/gundem\/antakya-ve-kirikhanda-iki-arac-takla-atti\/","og_locale":"ru_RU","og_type":"article","og_title":"Antakya ve K\u0131r\u0131khan\u2019da iki ara\u00e7 takla att\u0131!","og_description":"DERE YATA\u011eINA YUVARLANDI\u2026 Edinilen bilgilere g\u00f6re, ilk kaza, K\u0131r\u0131khan il\u00e7esi Kurtluso\u011fuksu Mahallesi\u2019nde meydana geldi. Seyir halindeyken s\u00fcr\u00fcc\u00fcn\u00fcn kontrol\u00fcnden \u00e7\u0131kan otomobil \u015farampole, yol kenar\u0131ndaki tar\u0131m arazisi yan\u0131ndan ge\u00e7en kuru dere yata\u011f\u0131na yuvarland\u0131. Kazada ara\u00e7 i\u00e7inde s\u0131k\u0131\u015fan s\u00fcr\u00fcc\u00fc, olay yerine h\u0131zla ula\u015fan HBB \u0130tfaiye Daire Ba\u015fkanl\u0131\u011f\u0131na ba\u011fl\u0131 itfaiye ekiplerinin seri m\u00fcdahalesiyle kurtar\u0131ld\u0131. Yaral\u0131 s\u00fcr\u00fcc\u00fc sa\u011fl\u0131k ekiplerine teslim edildikten sonra hastaneye sevk edildi. Olay yerinde polis ekipleri g\u00fcvenlik \u00f6nlemleri alarak kazayla ilgili inceleme ba\u015flatt\u0131. YOL \u00c7ALI\u015eMASI ALANINDA KAZA \u0130kinci kaza ise Antakya \u00e7evreyolu Kuzeytepe Mahallesi\u2019nde yol \u00e7al\u0131\u015fmas\u0131 yap\u0131lan bir b\u00f6lgede meydana geldi. S\u00fcr\u00fcc\u00fcs\u00fcn\u00fcn direksiyon h\u00e2kimiyetini kaybetti\u011fi hafif ticari ara\u00e7 yoldan \u00e7\u0131karak yol \u00e7al\u0131\u015fmas\u0131n\u0131n yap\u0131ld\u0131\u011f\u0131 alanda yakla\u015f\u0131k 3 metre derinli\u011findeki \u00e7ukura d\u00fc\u015ft\u00fc ve takla atarak ters d\u00f6nd\u00fc. Kazada ara\u00e7 i\u00e7inde s\u0131k\u0131\u015fan s\u00fcr\u00fcc\u00fc i\u00e7in Hatay B\u00fcy\u00fck\u015fehir Belediyesi \u0130tfaiye Daire Ba\u015fkanl\u0131\u011f\u0131\u2019na ba\u011fl\u0131 ekipler olay yerine sevk edildi. \u0130tfaiye ekiplerinin \u00f6zverili \u00e7al\u0131\u015fmas\u0131 sonucu s\u00fcr\u00fcc\u00fc, ters d\u00f6nen ara\u00e7tan \u00e7\u0131kar\u0131larak sa\u011fl\u0131k ekiplerine teslim edildi. Yaral\u0131, ilk m\u00fcdahalenin ard\u0131ndan ambulansla hastaneye sevk edildi. Her iki kazayla ilgili olarak polis ekipleri, olaylar\u0131n meydana geli\u015f nedeni \u00fczerinde detayl\u0131 incelemelerini s\u00fcrd\u00fcr\u00fcyor. \u200bHatay\u2019\u0131n Antakya ve K\u0131r\u0131khan il\u00e7elerinde meydana gelen iki ayr\u0131 trafik kazas\u0131nda, takla atan ara\u00e7larda s\u0131k\u0131\u015fan s\u00fcr\u00fcc\u00fcler itfaiye ekiplerinin m\u00fcdahalesiyle kurtar\u0131ld\u0131. Kazalarda yaralanan iki s\u00fcr\u00fcc\u00fc, olay yerindeki ilk m\u00fcdahalenin ard\u0131ndan hastaneye kald\u0131r\u0131ld\u0131.\u00a0 \u200bHaberin &hellip;","og_url":"https:\/\/denizcankizil.tr\/ru\/haberler\/gundem\/antakya-ve-kirikhanda-iki-arac-takla-atti\/","og_site_name":"Av. Deniz Can K\u0131z\u0131l","article_published_time":"2025-05-05T12:42:14+00:00","author":"admin","twitter_card":"summary_large_image","twitter_misc":{"\u041d\u0430\u043f\u0438\u0441\u0430\u043d\u043e \u0430\u0432\u0442\u043e\u0440\u043e\u043c":"admin","\u041f\u0440\u0438\u043c\u0435\u0440\u043d\u043e\u0435 \u0432\u0440\u0435\u043c\u044f \u0434\u043b\u044f \u0447\u0442\u0435\u043d\u0438\u044f":"2 \u043c\u0438\u043d\u0443\u0442\u044b"},"schema":{"@context":"https:\/\/schema.org","@graph":[{"@type":"Article","@id":"https:\/\/denizcankizil.tr\/ru\/haberler\/gundem\/antakya-ve-kirikhanda-iki-arac-takla-atti\/#article","isPartOf":{"@id":"https:\/\/denizcankizil.tr\/ru\/haberler\/gundem\/antakya-ve-kirikhanda-iki-arac-takla-atti\/"},"author":{"name":"admin","@id":"https:\/\/denizcankizil.tr\/de\/#\/schema\/person\/be3c05fe6a12686905512445d8185489"},"headline":"Antakya ve K\u0131r\u0131khan\u2019da iki ara\u00e7 takla att\u0131!","datePublished":"2025-05-05T12:42:14+00:00","mainEntityOfPage":{"@id":"https:\/\/denizcankizil.tr\/ru\/haberler\/gundem\/antakya-ve-kirikhanda-iki-arac-takla-atti\/"},"wordCount":316,"publisher":{"@id":"https:\/\/denizcankizil.tr\/de\/#organization"},"articleSection":["G\u00fcndem"],"inLanguage":"ru-RU"},{"@type":"WebPage","@id":"https:\/\/denizcankizil.tr\/ru\/haberler\/gundem\/antakya-ve-kirikhanda-iki-arac-takla-atti\/","url":"https:\/\/denizcankizil.tr\/ru\/haberler\/gundem\/antakya-ve-kirikhanda-iki-arac-takla-atti\/","name":"Antakya ve K\u0131r\u0131khan\u2019da iki ara\u00e7 takla att\u0131! - Av. Deniz Can K\u0131z\u0131l","isPartOf":{"@id":"https:\/\/denizcankizil.tr\/de\/#website"},"datePublished":"2025-05-05T12:42:14+00:00","breadcrumb":{"@id":"https:\/\/denizcankizil.tr\/ru\/haberler\/gundem\/antakya-ve-kirikhanda-iki-arac-takla-atti\/#breadcrumb"},"inLanguage":"ru-RU","potentialAction":[{"@type":"ReadAction","target":["https:\/\/denizcankizil.tr\/ru\/haberler\/gundem\/antakya-ve-kirikhanda-iki-arac-takla-atti\/"]}]},{"@type":"BreadcrumbList","@id":"https:\/\/denizcankizil.tr\/ru\/haberler\/gundem\/antakya-ve-kirikhanda-iki-arac-takla-atti\/#breadcrumb","itemListElement":[{"@type":"ListItem","position":1,"name":"Home","item":"https:\/\/denizcankizil.tr\/de\/"},{"@type":"ListItem","position":2,"name":"Antakya ve K\u0131r\u0131khan\u2019da iki ara\u00e7 takla att\u0131!"}]},{"@type":"WebSite","@id":"https:\/\/denizcankizil.tr\/de\/#website","url":"https:\/\/denizcankizil.tr\/de\/","name":"Av. Deniz Can K\u0131z\u0131l","description":"Avukat Deniz Can K\u0131z\u0131l Antalya Barosu","publisher":{"@id":"https:\/\/denizcankizil.tr\/de\/#organization"},"potentialAction":[{"@type":"SearchAction","target":{"@type":"EntryPoint","urlTemplate":"https:\/\/denizcankizil.tr\/de\/?s={search_term_string}"},"query-input":{"@type":"PropertyValueSpecification","valueRequired":true,"valueName":"search_term_string"}}],"inLanguage":"ru-RU"},{"@type":"Organization","@id":"https:\/\/denizcankizil.tr\/de\/#organization","name":"Av. Deniz Can K\u0131z\u0131l","url":"https:\/\/denizcankizil.tr\/de\/","logo":{"@type":"ImageObject","inLanguage":"ru-RU","@id":"https:\/\/denizcankizil.tr\/de\/#\/schema\/logo\/image\/","url":"https:\/\/denizcankizil.tr\/wp-content\/uploads\/2024\/10\/siyah-logo-svg.svg","contentUrl":"https:\/\/denizcankizil.tr\/wp-content\/uploads\/2024\/10\/siyah-logo-svg.svg","width":1080,"height":1080,"caption":"Av. Deniz Can K\u0131z\u0131l"},"image":{"@id":"https:\/\/denizcankizil.tr\/de\/#\/schema\/logo\/image\/"}},{"@type":"Person","@id":"https:\/\/denizcankizil.tr\/de\/#\/schema\/person\/be3c05fe6a12686905512445d8185489","name":"\u0430\u0434\u043c\u0438\u043d","image":{"@type":"ImageObject","inLanguage":"ru-RU","@id":"https:\/\/denizcankizil.tr\/de\/#\/schema\/person\/image\/","url":"https:\/\/secure.gravatar.com\/avatar\/c1fce94c830dc79107e174f890d7210541c4a63e8e5d816341794a2151c9d58c?s=96&d=mm&r=g","contentUrl":"https:\/\/secure.gravatar.com\/avatar\/c1fce94c830dc79107e174f890d7210541c4a63e8e5d816341794a2151c9d58c?s=96&d=mm&r=g","caption":"admin"},"sameAs":["http:\/\/denizcankizil.tr"],"url":"https:\/\/www.iskenderun.org\/antakya-ve-kirikhanda-iki-arac-takla-atti"}]}},"_links":{"self":[{"href":"https:\/\/denizcankizil.tr\/ru\/wp-json\/wp\/v2\/posts\/76960","targetHints":{"allow":["GET"]}}],"collection":[{"href":"https:\/\/denizcankizil.tr\/ru\/wp-json\/wp\/v2\/posts"}],"about":[{"href":"https:\/\/denizcankizil.tr\/ru\/wp-json\/wp\/v2\/types\/post"}],"author":[{"embeddable":true,"href":"https:\/\/denizcankizil.tr\/ru\/wp-json\/wp\/v2\/users\/1"}],"replies":[{"embeddable":true,"href":"https:\/\/denizcankizil.tr\/ru\/wp-json\/wp\/v2\/comments?post=76960"}],"version-history":[{"count":0,"href":"https:\/\/denizcankizil.tr\/ru\/wp-json\/wp\/v2\/posts\/76960\/revisions"}],"wp:attachment":[{"href":"https:\/\/denizcankizil.tr\/ru\/wp-json\/wp\/v2\/media?parent=76960"}],"wp:term":[{"taxonomy":"category","embeddable":true,"href":"https:\/\/denizcankizil.tr\/ru\/wp-json\/wp\/v2\/categories?post=76960"},{"taxonomy":"post_tag","embeddable":true,"href":"https:\/\/denizcankizil.tr\/ru\/wp-json\/wp\/v2\/tags?post=76960"}],"curies":[{"name":"wp","href":"https:\/\/api.w.org\/{rel}","templated":true}]}}