{"id":76694,"date":"2025-05-05T11:41:22","date_gmt":"2025-05-05T08:41:22","guid":{"rendered":"https:\/\/denizcankizil.tr\/uncategorized-tr\/antalyada-servis-minibusu-devrildi\/"},"modified":"2025-05-05T11:41:22","modified_gmt":"2025-05-05T08:41:22","slug":"antalyada-servis-minibusu-devrildi","status":"publish","type":"post","link":"https:\/\/denizcankizil.tr\/ru\/haberler\/antalya\/antalyada-servis-minibusu-devrildi\/","title":{"rendered":"Antalya\u2019da servis minib\u00fcs\u00fc devrildi"},"content":{"rendered":"<p>Kaza, saat 09.30 s\u0131ralar\u0131nda Kepez il\u00e7esi Emek Mahallesi Gazi Bulvar\u0131 \u00fczerinde meydana geldi. Edinilen bilgiye g\u00f6re, Havaliman\u0131\u2019ndan \u015fehir merkezi istikametine seyir halindeki G\u00f6khan A.\u2019n\u0131n kulland\u0131\u011f\u0131 07 C 2460 plakal\u0131 servis minib\u00fcs\u00fc s\u00fcr\u00fcc\u00fcs\u00fcn\u00fcn direksiyon hakimiyetini kaybetmesi sonucu \u00f6nce yol kenar\u0131ndaki ref\u00fcje, ard\u0131ndan da palmiyelere \u00e7arparak devrildi. Kazay\u0131 g\u00f6ren di\u011fer s\u00fcr\u00fcc\u00fclerin 112 Acil \u00c7a\u011fr\u0131 Merkezi\u2019ne ihbar\u0131 ile olay yerine itfaiye ve sa\u011fl\u0131k ekipleri sevk edildi.<\/p>\n<p>S\u0131k\u0131\u015fan s\u00fcr\u00fcc\u00fcy\u00fc ekipler \u00e7\u0131kard\u0131<br \/>\nKaza nedeniyle yolda trafik kontroll\u00fc olarak sa\u011flan\u0131rken uzun ara\u00e7 kuyruklar\u0131 olu\u015ftu. Kaza s\u0131ras\u0131nda servis arac\u0131nda kimsenin bulunmamas\u0131 ya\u015fanabilecek bir facian\u0131n \u00f6n\u00fcne ge\u00e7ti. K\u0131sa s\u00fcrede kazan\u0131n meydana geldi\u011fi noktaya gelen ekipler ara\u00e7 i\u00e7erisinde yaral\u0131 halde bulunan s\u00fcr\u00fcc\u00fcy\u00fc \u00e7\u0131karmak i\u00e7in harekete ge\u00e7ti. G\u00f6khan A.\u2019ya s\u0131k\u0131\u015ft\u0131\u011f\u0131 yerde sa\u011fl\u0131k ekipleri taraf\u0131ndan ilk m\u00fcdahalesinin yap\u0131ld\u0131, ard\u0131ndan ekipler taraf\u0131ndan \u00e7\u0131kart\u0131larak ambulansla hastaneye kald\u0131r\u0131ld\u0131.<\/p>\n<p>Kaynak: www.kanalv.com.tr Haber Sitesinden Al\u0131nm\u0131\u015ft\u0131r.<\/p>","protected":false},"excerpt":{"rendered":"<p>Kaza, saat 09.30 s\u0131ralar\u0131nda Kepez il\u00e7esi Emek Mahallesi Gazi Bulvar\u0131 \u00fczerinde meydana geldi. Edinilen bilgiye g\u00f6re, Havaliman\u0131\u2019ndan \u015fehir merkezi istikametine seyir halindeki G\u00f6khan A.\u2019n\u0131n kulland\u0131\u011f\u0131 07 C 2460 plakal\u0131 servis minib\u00fcs\u00fc s\u00fcr\u00fcc\u00fcs\u00fcn\u00fcn direksiyon hakimiyetini kaybetmesi sonucu \u00f6nce yol kenar\u0131ndaki ref\u00fcje, ard\u0131ndan da palmiyelere \u00e7arparak devrildi. Kazay\u0131 g\u00f6ren di\u011fer s\u00fcr\u00fcc\u00fclerin 112 Acil \u00c7a\u011fr\u0131 Merkezi\u2019ne ihbar\u0131 ile olay yerine itfaiye ve sa\u011fl\u0131k ekipleri sevk edildi. S\u0131k\u0131\u015fan s\u00fcr\u00fcc\u00fcy\u00fc ekipler \u00e7\u0131kard\u0131 Kaza nedeniyle yolda trafik kontroll\u00fc olarak sa\u011flan\u0131rken uzun ara\u00e7 kuyruklar\u0131 olu\u015ftu. Kaza s\u0131ras\u0131nda servis arac\u0131nda kimsenin bulunmamas\u0131 ya\u015fanabilecek bir facian\u0131n \u00f6n\u00fcne ge\u00e7ti. K\u0131sa s\u00fcrede kazan\u0131n meydana geldi\u011fi noktaya gelen ekipler ara\u00e7 i\u00e7erisinde yaral\u0131 halde bulunan s\u00fcr\u00fcc\u00fcy\u00fc \u00e7\u0131karmak i\u00e7in harekete ge\u00e7ti. G\u00f6khan A.\u2019ya s\u0131k\u0131\u015ft\u0131\u011f\u0131 yerde sa\u011fl\u0131k ekipleri taraf\u0131ndan ilk m\u00fcdahalesinin yap\u0131ld\u0131, ard\u0131ndan ekipler taraf\u0131ndan \u00e7\u0131kart\u0131larak ambulansla hastaneye kald\u0131r\u0131ld\u0131. Kaynak: www.kanalv.com.tr Haber Sitesinden Al\u0131nm\u0131\u015ft\u0131r.<\/p>","protected":false},"author":4,"featured_media":76695,"comment_status":"","ping_status":"open","sticky":false,"template":"","format":"standard","meta":{"_acf_changed":false,"footnotes":""},"categories":[26],"tags":[],"class_list":["post-76694","post","type-post","status-publish","format-standard","has-post-thumbnail","hentry","category-antalya"],"acf":[],"yoast_head":"<!-- This site is optimized with the Yoast SEO Premium plugin v26.6 (Yoast SEO v27.1.1) - https:\/\/yoast.com\/product\/yoast-seo-premium-wordpress\/ -->\n<title>Antalya\u2019da servis minib\u00fcs\u00fc devrildi - Av. Deniz Can K\u0131z\u0131l<\/title>\n<meta name=\"robots\" content=\"index, follow, max-snippet:-1, max-image-preview:large, max-video-preview:-1\" \/>\n<link rel=\"canonical\" href=\"https:\/\/denizcankizil.tr\/ru\/haberler\/antalya\/antalyada-servis-minibusu-devrildi\/\" \/>\n<meta property=\"og:locale\" content=\"ru_RU\" \/>\n<meta property=\"og:type\" content=\"article\" \/>\n<meta property=\"og:title\" content=\"Antalya\u2019da servis minib\u00fcs\u00fc devrildi\" \/>\n<meta property=\"og:description\" content=\"Kaza, saat 09.30 s\u0131ralar\u0131nda Kepez il\u00e7esi Emek Mahallesi Gazi Bulvar\u0131 \u00fczerinde meydana geldi. Edinilen bilgiye g\u00f6re, Havaliman\u0131\u2019ndan \u015fehir merkezi istikametine seyir halindeki G\u00f6khan A.\u2019n\u0131n kulland\u0131\u011f\u0131 07 C 2460 plakal\u0131 servis minib\u00fcs\u00fc s\u00fcr\u00fcc\u00fcs\u00fcn\u00fcn direksiyon hakimiyetini kaybetmesi sonucu \u00f6nce yol kenar\u0131ndaki ref\u00fcje, ard\u0131ndan da palmiyelere \u00e7arparak devrildi. Kazay\u0131 g\u00f6ren di\u011fer s\u00fcr\u00fcc\u00fclerin 112 Acil \u00c7a\u011fr\u0131 Merkezi\u2019ne ihbar\u0131 ile olay yerine itfaiye ve sa\u011fl\u0131k ekipleri sevk edildi. S\u0131k\u0131\u015fan s\u00fcr\u00fcc\u00fcy\u00fc ekipler \u00e7\u0131kard\u0131 Kaza nedeniyle yolda trafik kontroll\u00fc olarak sa\u011flan\u0131rken uzun ara\u00e7 kuyruklar\u0131 olu\u015ftu. Kaza s\u0131ras\u0131nda servis arac\u0131nda kimsenin bulunmamas\u0131 ya\u015fanabilecek bir facian\u0131n \u00f6n\u00fcne ge\u00e7ti. K\u0131sa s\u00fcrede kazan\u0131n meydana geldi\u011fi noktaya gelen ekipler ara\u00e7 i\u00e7erisinde yaral\u0131 halde bulunan s\u00fcr\u00fcc\u00fcy\u00fc \u00e7\u0131karmak i\u00e7in harekete ge\u00e7ti. G\u00f6khan A.\u2019ya s\u0131k\u0131\u015ft\u0131\u011f\u0131 yerde sa\u011fl\u0131k ekipleri taraf\u0131ndan ilk m\u00fcdahalesinin yap\u0131ld\u0131, ard\u0131ndan ekipler taraf\u0131ndan \u00e7\u0131kart\u0131larak ambulansla hastaneye kald\u0131r\u0131ld\u0131. Kaynak: www.kanalv.com.tr Haber Sitesinden Al\u0131nm\u0131\u015ft\u0131r.\" \/>\n<meta property=\"og:url\" content=\"https:\/\/denizcankizil.tr\/ru\/haberler\/antalya\/antalyada-servis-minibusu-devrildi\/\" \/>\n<meta property=\"og:site_name\" content=\"Av. Deniz Can K\u0131z\u0131l\" \/>\n<meta property=\"article:published_time\" content=\"2025-05-05T08:41:22+00:00\" \/>\n<meta property=\"og:image\" content=\"https:\/\/denizcankizil.tr\/wp-content\/uploads\/2025\/05\/6152-01-i3CHo5.jpg\" \/>\n\t<meta property=\"og:image:width\" content=\"1280\" \/>\n\t<meta property=\"og:image:height\" content=\"720\" \/>\n\t<meta property=\"og:image:type\" content=\"image\/jpeg\" \/>\n<meta name=\"author\" content=\"Av. Deniz Can K\u0131z\u0131l\" \/>\n<meta name=\"twitter:card\" content=\"summary_large_image\" \/>\n<meta name=\"twitter:label1\" content=\"\u041d\u0430\u043f\u0438\u0441\u0430\u043d\u043e \u0430\u0432\u0442\u043e\u0440\u043e\u043c\" \/>\n\t<meta name=\"twitter:data1\" content=\"Av. Deniz Can K\u0131z\u0131l\" \/>\n\t<meta name=\"twitter:label2\" content=\"\u041f\u0440\u0438\u043c\u0435\u0440\u043d\u043e\u0435 \u0432\u0440\u0435\u043c\u044f \u0434\u043b\u044f \u0447\u0442\u0435\u043d\u0438\u044f\" \/>\n\t<meta name=\"twitter:data2\" content=\"1 \u043c\u0438\u043d\u0443\u0442\u0430\" \/>\n<script type=\"application\/ld+json\" class=\"yoast-schema-graph\">{\"@context\":\"https:\/\/schema.org\",\"@graph\":[{\"@type\":\"Article\",\"@id\":\"https:\/\/denizcankizil.tr\/ru\/haberler\/antalya\/antalyada-servis-minibusu-devrildi\/#article\",\"isPartOf\":{\"@id\":\"https:\/\/denizcankizil.tr\/ru\/haberler\/antalya\/antalyada-servis-minibusu-devrildi\/\"},\"author\":{\"name\":\"Av. Deniz Can K\u0131z\u0131l\",\"@id\":\"https:\/\/denizcankizil.tr\/#\/schema\/person\/5dc1b22991bd7ac833867c10afc9b0ff\"},\"headline\":\"Antalya\u2019da servis minib\u00fcs\u00fc devrildi\",\"datePublished\":\"2025-05-05T08:41:22+00:00\",\"mainEntityOfPage\":{\"@id\":\"https:\/\/denizcankizil.tr\/ru\/haberler\/antalya\/antalyada-servis-minibusu-devrildi\/\"},\"wordCount\":202,\"publisher\":{\"@id\":\"https:\/\/denizcankizil.tr\/#organization\"},\"image\":{\"@id\":\"https:\/\/denizcankizil.tr\/ru\/haberler\/antalya\/antalyada-servis-minibusu-devrildi\/#primaryimage\"},\"thumbnailUrl\":\"https:\/\/denizcankizil.tr\/wp-content\/uploads\/2025\/05\/6152-01-i3CHo5.jpg\",\"articleSection\":[\"Antalya\"],\"inLanguage\":\"ru-RU\"},{\"@type\":\"WebPage\",\"@id\":\"https:\/\/denizcankizil.tr\/ru\/haberler\/antalya\/antalyada-servis-minibusu-devrildi\/\",\"url\":\"https:\/\/denizcankizil.tr\/ru\/haberler\/antalya\/antalyada-servis-minibusu-devrildi\/\",\"name\":\"Antalya\u2019da servis minib\u00fcs\u00fc devrildi - Av. Deniz Can K\u0131z\u0131l\",\"isPartOf\":{\"@id\":\"https:\/\/denizcankizil.tr\/#website\"},\"primaryImageOfPage\":{\"@id\":\"https:\/\/denizcankizil.tr\/ru\/haberler\/antalya\/antalyada-servis-minibusu-devrildi\/#primaryimage\"},\"image\":{\"@id\":\"https:\/\/denizcankizil.tr\/ru\/haberler\/antalya\/antalyada-servis-minibusu-devrildi\/#primaryimage\"},\"thumbnailUrl\":\"https:\/\/denizcankizil.tr\/wp-content\/uploads\/2025\/05\/6152-01-i3CHo5.jpg\",\"datePublished\":\"2025-05-05T08:41:22+00:00\",\"breadcrumb\":{\"@id\":\"https:\/\/denizcankizil.tr\/ru\/haberler\/antalya\/antalyada-servis-minibusu-devrildi\/#breadcrumb\"},\"inLanguage\":\"ru-RU\",\"potentialAction\":[{\"@type\":\"ReadAction\",\"target\":[\"https:\/\/denizcankizil.tr\/ru\/haberler\/antalya\/antalyada-servis-minibusu-devrildi\/\"]}]},{\"@type\":\"ImageObject\",\"inLanguage\":\"ru-RU\",\"@id\":\"https:\/\/denizcankizil.tr\/ru\/haberler\/antalya\/antalyada-servis-minibusu-devrildi\/#primaryimage\",\"url\":\"https:\/\/denizcankizil.tr\/wp-content\/uploads\/2025\/05\/6152-01-i3CHo5.jpg\",\"contentUrl\":\"https:\/\/denizcankizil.tr\/wp-content\/uploads\/2025\/05\/6152-01-i3CHo5.jpg\",\"width\":1280,\"height\":720},{\"@type\":\"BreadcrumbList\",\"@id\":\"https:\/\/denizcankizil.tr\/ru\/haberler\/antalya\/antalyada-servis-minibusu-devrildi\/#breadcrumb\",\"itemListElement\":[{\"@type\":\"ListItem\",\"position\":1,\"name\":\"Home\",\"item\":\"https:\/\/denizcankizil.tr\/de\/\"},{\"@type\":\"ListItem\",\"position\":2,\"name\":\"Antalya\u2019da servis minib\u00fcs\u00fc devrildi\"}]},{\"@type\":\"WebSite\",\"@id\":\"https:\/\/denizcankizil.tr\/#website\",\"url\":\"https:\/\/denizcankizil.tr\/\",\"name\":\"Av. Deniz Can K\u0131z\u0131l\",\"description\":\"Avukat Deniz Can K\u0131z\u0131l Antalya Barosu\",\"publisher\":{\"@id\":\"https:\/\/denizcankizil.tr\/#organization\"},\"potentialAction\":[{\"@type\":\"SearchAction\",\"target\":{\"@type\":\"EntryPoint\",\"urlTemplate\":\"https:\/\/denizcankizil.tr\/?s={search_term_string}\"},\"query-input\":{\"@type\":\"PropertyValueSpecification\",\"valueRequired\":true,\"valueName\":\"search_term_string\"}}],\"inLanguage\":\"ru-RU\"},{\"@type\":\"Organization\",\"@id\":\"https:\/\/denizcankizil.tr\/#organization\",\"name\":\"Av. Deniz Can K\u0131z\u0131l\",\"url\":\"https:\/\/denizcankizil.tr\/\",\"logo\":{\"@type\":\"ImageObject\",\"inLanguage\":\"ru-RU\",\"@id\":\"https:\/\/denizcankizil.tr\/#\/schema\/logo\/image\/\",\"url\":\"https:\/\/denizcankizil.tr\/wp-content\/uploads\/2024\/10\/siyah-logo-svg.svg\",\"contentUrl\":\"https:\/\/denizcankizil.tr\/wp-content\/uploads\/2024\/10\/siyah-logo-svg.svg\",\"width\":1080,\"height\":1080,\"caption\":\"Av. Deniz Can K\u0131z\u0131l\"},\"image\":{\"@id\":\"https:\/\/denizcankizil.tr\/#\/schema\/logo\/image\/\"}},{\"@type\":\"Person\",\"@id\":\"https:\/\/denizcankizil.tr\/#\/schema\/person\/5dc1b22991bd7ac833867c10afc9b0ff\",\"name\":\"Av. Deniz Can K\u0131z\u0131l\",\"image\":{\"@type\":\"ImageObject\",\"inLanguage\":\"ru-RU\",\"@id\":\"https:\/\/denizcankizil.tr\/#\/schema\/person\/image\/\",\"url\":\"https:\/\/secure.gravatar.com\/avatar\/a0b128fb9855c79efc976d5640eedb31dc35ec297594d6016d2cf7c60e975bb6?s=96&d=mm&r=g\",\"contentUrl\":\"https:\/\/secure.gravatar.com\/avatar\/a0b128fb9855c79efc976d5640eedb31dc35ec297594d6016d2cf7c60e975bb6?s=96&d=mm&r=g\",\"caption\":\"Av. Deniz Can K\u0131z\u0131l\"},\"sameAs\":[\"http:\/\/www.denizcankizil.tr\"],\"url\":\"https:\/\/denizcankizil.tr\/ru\/author\/denizcankizil\/\"}]}<\/script>\n<!-- \/ Yoast SEO Premium plugin. -->","yoast_head_json":{"title":"Antalya\u2019da servis minib\u00fcs\u00fc devrildi - Av. Deniz Can K\u0131z\u0131l","robots":{"index":"index","follow":"follow","max-snippet":"max-snippet:-1","max-image-preview":"max-image-preview:large","max-video-preview":"max-video-preview:-1"},"canonical":"https:\/\/denizcankizil.tr\/ru\/haberler\/antalya\/antalyada-servis-minibusu-devrildi\/","og_locale":"ru_RU","og_type":"article","og_title":"Antalya\u2019da servis minib\u00fcs\u00fc devrildi","og_description":"Kaza, saat 09.30 s\u0131ralar\u0131nda Kepez il\u00e7esi Emek Mahallesi Gazi Bulvar\u0131 \u00fczerinde meydana geldi. Edinilen bilgiye g\u00f6re, Havaliman\u0131\u2019ndan \u015fehir merkezi istikametine seyir halindeki G\u00f6khan A.\u2019n\u0131n kulland\u0131\u011f\u0131 07 C 2460 plakal\u0131 servis minib\u00fcs\u00fc s\u00fcr\u00fcc\u00fcs\u00fcn\u00fcn direksiyon hakimiyetini kaybetmesi sonucu \u00f6nce yol kenar\u0131ndaki ref\u00fcje, ard\u0131ndan da palmiyelere \u00e7arparak devrildi. Kazay\u0131 g\u00f6ren di\u011fer s\u00fcr\u00fcc\u00fclerin 112 Acil \u00c7a\u011fr\u0131 Merkezi\u2019ne ihbar\u0131 ile olay yerine itfaiye ve sa\u011fl\u0131k ekipleri sevk edildi. S\u0131k\u0131\u015fan s\u00fcr\u00fcc\u00fcy\u00fc ekipler \u00e7\u0131kard\u0131 Kaza nedeniyle yolda trafik kontroll\u00fc olarak sa\u011flan\u0131rken uzun ara\u00e7 kuyruklar\u0131 olu\u015ftu. Kaza s\u0131ras\u0131nda servis arac\u0131nda kimsenin bulunmamas\u0131 ya\u015fanabilecek bir facian\u0131n \u00f6n\u00fcne ge\u00e7ti. K\u0131sa s\u00fcrede kazan\u0131n meydana geldi\u011fi noktaya gelen ekipler ara\u00e7 i\u00e7erisinde yaral\u0131 halde bulunan s\u00fcr\u00fcc\u00fcy\u00fc \u00e7\u0131karmak i\u00e7in harekete ge\u00e7ti. G\u00f6khan A.\u2019ya s\u0131k\u0131\u015ft\u0131\u011f\u0131 yerde sa\u011fl\u0131k ekipleri taraf\u0131ndan ilk m\u00fcdahalesinin yap\u0131ld\u0131, ard\u0131ndan ekipler taraf\u0131ndan \u00e7\u0131kart\u0131larak ambulansla hastaneye kald\u0131r\u0131ld\u0131. Kaynak: www.kanalv.com.tr Haber Sitesinden Al\u0131nm\u0131\u015ft\u0131r.","og_url":"https:\/\/denizcankizil.tr\/ru\/haberler\/antalya\/antalyada-servis-minibusu-devrildi\/","og_site_name":"Av. Deniz Can K\u0131z\u0131l","article_published_time":"2025-05-05T08:41:22+00:00","og_image":[{"width":1280,"height":720,"url":"https:\/\/denizcankizil.tr\/wp-content\/uploads\/2025\/05\/6152-01-i3CHo5.jpg","type":"image\/jpeg"}],"author":"Av. Deniz Can K\u0131z\u0131l","twitter_card":"summary_large_image","twitter_misc":{"\u041d\u0430\u043f\u0438\u0441\u0430\u043d\u043e \u0430\u0432\u0442\u043e\u0440\u043e\u043c":"Av. Deniz Can K\u0131z\u0131l","\u041f\u0440\u0438\u043c\u0435\u0440\u043d\u043e\u0435 \u0432\u0440\u0435\u043c\u044f \u0434\u043b\u044f \u0447\u0442\u0435\u043d\u0438\u044f":"1 \u043c\u0438\u043d\u0443\u0442\u0430"},"schema":{"@context":"https:\/\/schema.org","@graph":[{"@type":"Article","@id":"https:\/\/denizcankizil.tr\/ru\/haberler\/antalya\/antalyada-servis-minibusu-devrildi\/#article","isPartOf":{"@id":"https:\/\/denizcankizil.tr\/ru\/haberler\/antalya\/antalyada-servis-minibusu-devrildi\/"},"author":{"name":"Av. Deniz Can K\u0131z\u0131l","@id":"https:\/\/denizcankizil.tr\/#\/schema\/person\/5dc1b22991bd7ac833867c10afc9b0ff"},"headline":"Antalya\u2019da servis minib\u00fcs\u00fc devrildi","datePublished":"2025-05-05T08:41:22+00:00","mainEntityOfPage":{"@id":"https:\/\/denizcankizil.tr\/ru\/haberler\/antalya\/antalyada-servis-minibusu-devrildi\/"},"wordCount":202,"publisher":{"@id":"https:\/\/denizcankizil.tr\/#organization"},"image":{"@id":"https:\/\/denizcankizil.tr\/ru\/haberler\/antalya\/antalyada-servis-minibusu-devrildi\/#primaryimage"},"thumbnailUrl":"https:\/\/denizcankizil.tr\/wp-content\/uploads\/2025\/05\/6152-01-i3CHo5.jpg","articleSection":["Antalya"],"inLanguage":"ru-RU"},{"@type":"WebPage","@id":"https:\/\/denizcankizil.tr\/ru\/haberler\/antalya\/antalyada-servis-minibusu-devrildi\/","url":"https:\/\/denizcankizil.tr\/ru\/haberler\/antalya\/antalyada-servis-minibusu-devrildi\/","name":"Antalya\u2019da servis minib\u00fcs\u00fc devrildi - Av. Deniz Can K\u0131z\u0131l","isPartOf":{"@id":"https:\/\/denizcankizil.tr\/#website"},"primaryImageOfPage":{"@id":"https:\/\/denizcankizil.tr\/ru\/haberler\/antalya\/antalyada-servis-minibusu-devrildi\/#primaryimage"},"image":{"@id":"https:\/\/denizcankizil.tr\/ru\/haberler\/antalya\/antalyada-servis-minibusu-devrildi\/#primaryimage"},"thumbnailUrl":"https:\/\/denizcankizil.tr\/wp-content\/uploads\/2025\/05\/6152-01-i3CHo5.jpg","datePublished":"2025-05-05T08:41:22+00:00","breadcrumb":{"@id":"https:\/\/denizcankizil.tr\/ru\/haberler\/antalya\/antalyada-servis-minibusu-devrildi\/#breadcrumb"},"inLanguage":"ru-RU","potentialAction":[{"@type":"ReadAction","target":["https:\/\/denizcankizil.tr\/ru\/haberler\/antalya\/antalyada-servis-minibusu-devrildi\/"]}]},{"@type":"ImageObject","inLanguage":"ru-RU","@id":"https:\/\/denizcankizil.tr\/ru\/haberler\/antalya\/antalyada-servis-minibusu-devrildi\/#primaryimage","url":"https:\/\/denizcankizil.tr\/wp-content\/uploads\/2025\/05\/6152-01-i3CHo5.jpg","contentUrl":"https:\/\/denizcankizil.tr\/wp-content\/uploads\/2025\/05\/6152-01-i3CHo5.jpg","width":1280,"height":720},{"@type":"BreadcrumbList","@id":"https:\/\/denizcankizil.tr\/ru\/haberler\/antalya\/antalyada-servis-minibusu-devrildi\/#breadcrumb","itemListElement":[{"@type":"ListItem","position":1,"name":"Home","item":"https:\/\/denizcankizil.tr\/de\/"},{"@type":"ListItem","position":2,"name":"Antalya\u2019da servis minib\u00fcs\u00fc devrildi"}]},{"@type":"WebSite","@id":"https:\/\/denizcankizil.tr\/#website","url":"https:\/\/denizcankizil.tr\/","name":"Av. Deniz Can K\u0131z\u0131l","description":"Avukat Deniz Can K\u0131z\u0131l Antalya Barosu","publisher":{"@id":"https:\/\/denizcankizil.tr\/#organization"},"potentialAction":[{"@type":"SearchAction","target":{"@type":"EntryPoint","urlTemplate":"https:\/\/denizcankizil.tr\/?s={search_term_string}"},"query-input":{"@type":"PropertyValueSpecification","valueRequired":true,"valueName":"search_term_string"}}],"inLanguage":"ru-RU"},{"@type":"Organization","@id":"https:\/\/denizcankizil.tr\/#organization","name":"Av. Deniz Can K\u0131z\u0131l","url":"https:\/\/denizcankizil.tr\/","logo":{"@type":"ImageObject","inLanguage":"ru-RU","@id":"https:\/\/denizcankizil.tr\/#\/schema\/logo\/image\/","url":"https:\/\/denizcankizil.tr\/wp-content\/uploads\/2024\/10\/siyah-logo-svg.svg","contentUrl":"https:\/\/denizcankizil.tr\/wp-content\/uploads\/2024\/10\/siyah-logo-svg.svg","width":1080,"height":1080,"caption":"Av. Deniz Can K\u0131z\u0131l"},"image":{"@id":"https:\/\/denizcankizil.tr\/#\/schema\/logo\/image\/"}},{"@type":"Person","@id":"https:\/\/denizcankizil.tr\/#\/schema\/person\/5dc1b22991bd7ac833867c10afc9b0ff","name":"Av. Deniz Can K\u0131z\u0131l","image":{"@type":"ImageObject","inLanguage":"ru-RU","@id":"https:\/\/denizcankizil.tr\/#\/schema\/person\/image\/","url":"https:\/\/secure.gravatar.com\/avatar\/a0b128fb9855c79efc976d5640eedb31dc35ec297594d6016d2cf7c60e975bb6?s=96&d=mm&r=g","contentUrl":"https:\/\/secure.gravatar.com\/avatar\/a0b128fb9855c79efc976d5640eedb31dc35ec297594d6016d2cf7c60e975bb6?s=96&d=mm&r=g","caption":"Av. Deniz Can K\u0131z\u0131l"},"sameAs":["http:\/\/www.denizcankizil.tr"],"url":"https:\/\/denizcankizil.tr\/ru\/author\/denizcankizil\/"}]}},"_links":{"self":[{"href":"https:\/\/denizcankizil.tr\/ru\/wp-json\/wp\/v2\/posts\/76694","targetHints":{"allow":["GET"]}}],"collection":[{"href":"https:\/\/denizcankizil.tr\/ru\/wp-json\/wp\/v2\/posts"}],"about":[{"href":"https:\/\/denizcankizil.tr\/ru\/wp-json\/wp\/v2\/types\/post"}],"author":[{"embeddable":true,"href":"https:\/\/denizcankizil.tr\/ru\/wp-json\/wp\/v2\/users\/4"}],"replies":[{"embeddable":true,"href":"https:\/\/denizcankizil.tr\/ru\/wp-json\/wp\/v2\/comments?post=76694"}],"version-history":[{"count":0,"href":"https:\/\/denizcankizil.tr\/ru\/wp-json\/wp\/v2\/posts\/76694\/revisions"}],"wp:featuredmedia":[{"embeddable":true,"href":"https:\/\/denizcankizil.tr\/ru\/wp-json\/wp\/v2\/media\/76695"}],"wp:attachment":[{"href":"https:\/\/denizcankizil.tr\/ru\/wp-json\/wp\/v2\/media?parent=76694"}],"wp:term":[{"taxonomy":"category","embeddable":true,"href":"https:\/\/denizcankizil.tr\/ru\/wp-json\/wp\/v2\/categories?post=76694"},{"taxonomy":"post_tag","embeddable":true,"href":"https:\/\/denizcankizil.tr\/ru\/wp-json\/wp\/v2\/tags?post=76694"}],"curies":[{"name":"wp","href":"https:\/\/api.w.org\/{rel}","templated":true}]}}