{"id":76646,"date":"2025-05-05T09:42:49","date_gmt":"2025-05-05T06:42:49","guid":{"rendered":"https:\/\/denizcankizil.tr\/uncategorized-tr\/dogu-ve-guneydoguya-toz-tasinimi-uyarisi\/"},"modified":"2025-05-05T09:42:49","modified_gmt":"2025-05-05T06:42:49","slug":"dogu-ve-guneydoguya-toz-tasinimi-uyarisi","status":"publish","type":"post","link":"https:\/\/denizcankizil.tr\/ru\/haberler\/gundem\/dogu-ve-guneydoguya-toz-tasinimi-uyarisi\/","title":{"rendered":"Do\u011fu ve G\u00fcneydo\u011fu&#8217;ya toz ta\u015f\u0131n\u0131m\u0131 uyar\u0131s\u0131!"},"content":{"rendered":"<p>Hava s\u0131cakl\u0131\u011f\u0131nda \u00f6nemli bir de\u011fi\u015fikli\u011fin olmayaca\u011f\u0131 yurdun bat\u0131 kesimlerinde mevsim normallerinin \u00fczerinde, di\u011fer yerlerde mevsim normalleri civar\u0131nda seyretmesi bekleniyor. Do\u011fu Anadolu ile G\u00fcneydo\u011fu Anadolu illeri i\u00e7in toz ta\u015f\u0131n\u0131m\u0131 uyar\u0131s\u0131 geldi.ANKARA (\u0130GFA) &#8211; Meteoroloji Genel M\u00fcd\u00fcrl\u00fc\u011f\u00fc, 5 May\u0131s Pazartesi g\u00fcn\u00fcne ili\u015fkin g\u00fcnl\u00fck hava tahmin raporunu yay\u0131mlad\u0131.<br \/>\nBuna g\u00f6re, T\u00fcrkiye genelinin par\u00e7al\u0131 ve \u00e7ok bulutlu, Orta ve Do\u011fu Akdeniz, Do\u011fu Karadeniz\u2019in i\u00e7 kesimleri, Do\u011fu ve G\u00fcneydo\u011fu Anadolu, K\u00fctahya, Afyonkarahisar, Mu\u011fla, Eski\u015fehir, Sivas, Kayseri, Ni\u011fde ve Tokat \u00e7evreleri ile Antalya&#8217;n\u0131n bat\u0131 k\u0131y\u0131 il\u00e7elerinin yerel olmak \u00fczere sa\u011fanak ve g\u00f6k g\u00fcr\u00fclt\u00fcl\u00fc sa\u011fanak ya\u011f\u0131\u015fl\u0131 ge\u00e7ece\u011fi tahmin edildi.<\/p>\n<p>Ya\u011f\u0131\u015flar\u0131n; Do\u011fu Anadolu\u2019nun kuzeydo\u011fusu ile Mu\u015f, Bitlis, \u015e\u0131rnak, Hakkari ve Siirt \u00e7evrelerinde yer yer kuvvetli olmas\u0131 bekleniyor.<br \/>\nSabah ve gece saatlerinde Marmara ve Karadeniz k\u0131y\u0131lar\u0131nda pus ve yer yer sis hadisesinin g\u00f6r\u00fclece\u011fi tahmin edilirken, Do\u011fu Anadolu ile G\u00fcneydo\u011fu Anadolu\u2019da toz ta\u015f\u0131n\u0131m\u0131 bekleniyor.<br \/>\nGenellikle g\u00fcney y\u00f6nlerden hafif ara s\u0131ra orta kuvvette, Do\u011fu Anadolu\u2019nun g\u00fcneydo\u011fu kesimlerinde kuvvetli ve k\u0131sa s\u00fcreli f\u0131rt\u0131na (50-70 km\/saat) \u015feklinde esece\u011fi tahmin ediliyor.<\/p>\n<p>\u200bHava s\u0131cakl\u0131\u011f\u0131nda \u00f6nemli bir de\u011fi\u015fikli\u011fin olmayaca\u011f\u0131 yurdun bat\u0131 kesimlerinde mevsim normallerinin \u00fczerinde, di\u011fer yerlerde mevsim normalleri civar\u0131nda seyretmesi bekleniyor. Do\u011fu Anadolu ile G\u00fcneydo\u011fu Anadolu illeri i\u00e7in toz ta\u015f\u0131n\u0131m\u0131 uyar\u0131s\u0131 geldi.ANKARA (\u0130GFA) &#8211; Meteoroloji Genel M\u00fcd\u00fcrl\u00fc\u011f\u00fc, 5 May\u0131s Pazartesi g\u00fcn\u00fcne ili\u015fkin g\u00fcnl\u00fck hava tahmin raporunu yay\u0131mlad\u0131.<br \/>\nBuna g\u00f6re, T\u00fcrkiye genelinin par\u00e7al\u0131 ve \u00e7ok bulutlu, Orta ve Do\u011fu Akdeniz, Do\u011fu Karadeniz\u2019in i\u00e7 kesimleri, Do\u011fu ve G\u00fcneydo\u011fu Anadolu, K\u00fctahya, Afyonkarahisar, Mu\u011fla, Eski\u015fehir, Sivas, Kayseri, Ni\u011fde ve Tokat \u00e7evreleri ile Antalya&#8217;n\u0131n bat\u0131 k\u0131y\u0131 il\u00e7elerinin yerel olmak \u00fczere sa\u011fanak ve g\u00f6k g\u00fcr\u00fclt\u00fcl\u00fc sa\u011fanak ya\u011f\u0131\u015fl\u0131 ge\u00e7ece\u011fi tahmin edildi.<\/p>\n<p>Ya\u011f\u0131\u015flar\u0131n; Do\u011fu Anadolu\u2019nun kuzeydo\u011fusu ile Mu\u015f, Bitlis, \u015e\u0131rnak, Hakkari ve Siirt \u00e7evrelerinde yer yer kuvvetli olmas\u0131 bekleniyor.<br \/>\nSabah ve gece saatlerinde Marmara ve Karadeniz k\u0131y\u0131lar\u0131nda pus ve yer yer sis hadisesinin g\u00f6r\u00fclece\u011fi tahmin edilirken, Do\u011fu Anadolu ile G\u00fcneydo\u011fu Anadolu\u2019da toz ta\u015f\u0131n\u0131m\u0131 bekleniyor.<br \/>\nGenellikle g\u00fcney y\u00f6nlerden hafif ara s\u0131ra orta kuvvette, Do\u011fu Anadolu\u2019nun g\u00fcneydo\u011fu kesimlerinde kuvvetli ve k\u0131sa s\u00fcreli f\u0131rt\u0131na (50-70 km\/saat) \u015feklinde esece\u011fi tahmin ediliyor.\u00a0<\/p>\n<p>\u200bHaberin Al\u0131nt\u0131land\u0131\u011f\u0131 Kaynak: www.iskenderun.org<\/p>","protected":false},"excerpt":{"rendered":"<p>Hava s\u0131cakl\u0131\u011f\u0131nda \u00f6nemli bir de\u011fi\u015fikli\u011fin olmayaca\u011f\u0131 yurdun bat\u0131 kesimlerinde mevsim normallerinin \u00fczerinde, di\u011fer yerlerde mevsim normalleri civar\u0131nda seyretmesi bekleniyor. Do\u011fu Anadolu ile G\u00fcneydo\u011fu Anadolu illeri i\u00e7in toz ta\u015f\u0131n\u0131m\u0131 uyar\u0131s\u0131 geldi.ANKARA (\u0130GFA) &#8211; Meteoroloji Genel M\u00fcd\u00fcrl\u00fc\u011f\u00fc, 5 May\u0131s Pazartesi g\u00fcn\u00fcne ili\u015fkin g\u00fcnl\u00fck hava tahmin raporunu yay\u0131mlad\u0131. Buna g\u00f6re, T\u00fcrkiye genelinin par\u00e7al\u0131 ve \u00e7ok bulutlu, Orta ve Do\u011fu Akdeniz, Do\u011fu Karadeniz\u2019in i\u00e7 kesimleri, Do\u011fu ve G\u00fcneydo\u011fu Anadolu, K\u00fctahya, Afyonkarahisar, Mu\u011fla, Eski\u015fehir, Sivas, Kayseri, Ni\u011fde ve Tokat \u00e7evreleri ile Antalya&#8217;n\u0131n bat\u0131 k\u0131y\u0131 il\u00e7elerinin yerel olmak \u00fczere sa\u011fanak ve g\u00f6k g\u00fcr\u00fclt\u00fcl\u00fc sa\u011fanak ya\u011f\u0131\u015fl\u0131 ge\u00e7ece\u011fi tahmin edildi. Ya\u011f\u0131\u015flar\u0131n; Do\u011fu Anadolu\u2019nun kuzeydo\u011fusu ile Mu\u015f, Bitlis, \u015e\u0131rnak, Hakkari ve Siirt \u00e7evrelerinde yer yer kuvvetli olmas\u0131 bekleniyor. Sabah ve gece saatlerinde Marmara ve Karadeniz k\u0131y\u0131lar\u0131nda pus ve yer yer sis hadisesinin g\u00f6r\u00fclece\u011fi tahmin edilirken, Do\u011fu Anadolu ile G\u00fcneydo\u011fu Anadolu\u2019da toz ta\u015f\u0131n\u0131m\u0131 bekleniyor. Genellikle g\u00fcney y\u00f6nlerden hafif ara s\u0131ra orta kuvvette, Do\u011fu Anadolu\u2019nun g\u00fcneydo\u011fu kesimlerinde kuvvetli ve k\u0131sa s\u00fcreli f\u0131rt\u0131na (50-70 km\/saat) \u015feklinde esece\u011fi tahmin ediliyor. \u200bHava s\u0131cakl\u0131\u011f\u0131nda \u00f6nemli bir de\u011fi\u015fikli\u011fin olmayaca\u011f\u0131 yurdun bat\u0131 kesimlerinde mevsim normallerinin \u00fczerinde, di\u011fer yerlerde mevsim normalleri civar\u0131nda seyretmesi bekleniyor. Do\u011fu Anadolu ile G\u00fcneydo\u011fu Anadolu illeri i\u00e7in toz ta\u015f\u0131n\u0131m\u0131 uyar\u0131s\u0131 geldi.ANKARA (\u0130GFA) &#8211; Meteoroloji Genel M\u00fcd\u00fcrl\u00fc\u011f\u00fc, 5 May\u0131s Pazartesi g\u00fcn\u00fcne ili\u015fkin g\u00fcnl\u00fck hava tahmin &hellip;<\/p>","protected":false},"author":1,"featured_media":0,"comment_status":"","ping_status":"open","sticky":false,"template":"","format":"standard","meta":{"_acf_changed":false,"footnotes":""},"categories":[24],"tags":[],"class_list":["post-76646","post","type-post","status-publish","format-standard","has-post-thumbnail","hentry","category-gundem"],"acf":[],"yoast_head":"<!-- This site is optimized with the Yoast SEO Premium plugin v26.6 (Yoast SEO v27.1.1) - https:\/\/yoast.com\/product\/yoast-seo-premium-wordpress\/ -->\n<title>Do\u011fu ve G\u00fcneydo\u011fu&#039;ya toz ta\u015f\u0131n\u0131m\u0131 uyar\u0131s\u0131! - Av. Deniz Can K\u0131z\u0131l<\/title>\n<meta name=\"robots\" content=\"index, follow, max-snippet:-1, max-image-preview:large, max-video-preview:-1\" \/>\n<link rel=\"canonical\" href=\"https:\/\/denizcankizil.tr\/ru\/haberler\/gundem\/dogu-ve-guneydoguya-toz-tasinimi-uyarisi\/\" \/>\n<meta property=\"og:locale\" content=\"ru_RU\" \/>\n<meta property=\"og:type\" content=\"article\" \/>\n<meta property=\"og:title\" content=\"Do\u011fu ve G\u00fcneydo\u011fu&#039;ya toz ta\u015f\u0131n\u0131m\u0131 uyar\u0131s\u0131!\" \/>\n<meta property=\"og:description\" content=\"Hava s\u0131cakl\u0131\u011f\u0131nda \u00f6nemli bir de\u011fi\u015fikli\u011fin olmayaca\u011f\u0131 yurdun bat\u0131 kesimlerinde mevsim normallerinin \u00fczerinde, di\u011fer yerlerde mevsim normalleri civar\u0131nda seyretmesi bekleniyor. Do\u011fu Anadolu ile G\u00fcneydo\u011fu Anadolu illeri i\u00e7in toz ta\u015f\u0131n\u0131m\u0131 uyar\u0131s\u0131 geldi.ANKARA (\u0130GFA) &#8211; Meteoroloji Genel M\u00fcd\u00fcrl\u00fc\u011f\u00fc, 5 May\u0131s Pazartesi g\u00fcn\u00fcne ili\u015fkin g\u00fcnl\u00fck hava tahmin raporunu yay\u0131mlad\u0131. Buna g\u00f6re, T\u00fcrkiye genelinin par\u00e7al\u0131 ve \u00e7ok bulutlu, Orta ve Do\u011fu Akdeniz, Do\u011fu Karadeniz\u2019in i\u00e7 kesimleri, Do\u011fu ve G\u00fcneydo\u011fu Anadolu, K\u00fctahya, Afyonkarahisar, Mu\u011fla, Eski\u015fehir, Sivas, Kayseri, Ni\u011fde ve Tokat \u00e7evreleri ile Antalya&#8217;n\u0131n bat\u0131 k\u0131y\u0131 il\u00e7elerinin yerel olmak \u00fczere sa\u011fanak ve g\u00f6k g\u00fcr\u00fclt\u00fcl\u00fc sa\u011fanak ya\u011f\u0131\u015fl\u0131 ge\u00e7ece\u011fi tahmin edildi. Ya\u011f\u0131\u015flar\u0131n; Do\u011fu Anadolu\u2019nun kuzeydo\u011fusu ile Mu\u015f, Bitlis, \u015e\u0131rnak, Hakkari ve Siirt \u00e7evrelerinde yer yer kuvvetli olmas\u0131 bekleniyor. Sabah ve gece saatlerinde Marmara ve Karadeniz k\u0131y\u0131lar\u0131nda pus ve yer yer sis hadisesinin g\u00f6r\u00fclece\u011fi tahmin edilirken, Do\u011fu Anadolu ile G\u00fcneydo\u011fu Anadolu\u2019da toz ta\u015f\u0131n\u0131m\u0131 bekleniyor. Genellikle g\u00fcney y\u00f6nlerden hafif ara s\u0131ra orta kuvvette, Do\u011fu Anadolu\u2019nun g\u00fcneydo\u011fu kesimlerinde kuvvetli ve k\u0131sa s\u00fcreli f\u0131rt\u0131na (50-70 km\/saat) \u015feklinde esece\u011fi tahmin ediliyor. \u200bHava s\u0131cakl\u0131\u011f\u0131nda \u00f6nemli bir de\u011fi\u015fikli\u011fin olmayaca\u011f\u0131 yurdun bat\u0131 kesimlerinde mevsim normallerinin \u00fczerinde, di\u011fer yerlerde mevsim normalleri civar\u0131nda seyretmesi bekleniyor. Do\u011fu Anadolu ile G\u00fcneydo\u011fu Anadolu illeri i\u00e7in toz ta\u015f\u0131n\u0131m\u0131 uyar\u0131s\u0131 geldi.ANKARA (\u0130GFA) &#8211; Meteoroloji Genel M\u00fcd\u00fcrl\u00fc\u011f\u00fc, 5 May\u0131s Pazartesi g\u00fcn\u00fcne ili\u015fkin g\u00fcnl\u00fck hava tahmin &hellip;\" \/>\n<meta property=\"og:url\" content=\"https:\/\/denizcankizil.tr\/ru\/haberler\/gundem\/dogu-ve-guneydoguya-toz-tasinimi-uyarisi\/\" \/>\n<meta property=\"og:site_name\" content=\"Av. Deniz Can K\u0131z\u0131l\" \/>\n<meta property=\"article:published_time\" content=\"2025-05-05T06:42:49+00:00\" \/>\n<meta name=\"author\" content=\"admin\" \/>\n<meta name=\"twitter:card\" content=\"summary_large_image\" \/>\n<meta name=\"twitter:label1\" content=\"\u041d\u0430\u043f\u0438\u0441\u0430\u043d\u043e \u0430\u0432\u0442\u043e\u0440\u043e\u043c\" \/>\n\t<meta name=\"twitter:data1\" content=\"admin\" \/>\n\t<meta name=\"twitter:label2\" content=\"\u041f\u0440\u0438\u043c\u0435\u0440\u043d\u043e\u0435 \u0432\u0440\u0435\u043c\u044f \u0434\u043b\u044f \u0447\u0442\u0435\u043d\u0438\u044f\" \/>\n\t<meta name=\"twitter:data2\" content=\"2 \u043c\u0438\u043d\u0443\u0442\u044b\" \/>\n<script type=\"application\/ld+json\" class=\"yoast-schema-graph\">{\"@context\":\"https:\/\/schema.org\",\"@graph\":[{\"@type\":\"Article\",\"@id\":\"https:\/\/denizcankizil.tr\/de\/haberler\/gundem\/dogu-ve-guneydoguya-toz-tasinimi-uyarisi\/#article\",\"isPartOf\":{\"@id\":\"https:\/\/denizcankizil.tr\/de\/haberler\/gundem\/dogu-ve-guneydoguya-toz-tasinimi-uyarisi\/\"},\"author\":{\"name\":\"admin\",\"@id\":\"https:\/\/denizcankizil.tr\/de\/#\/schema\/person\/be3c05fe6a12686905512445d8185489\"},\"headline\":\"Do\u011fu ve G\u00fcneydo\u011fu&#8217;ya toz ta\u015f\u0131n\u0131m\u0131 uyar\u0131s\u0131!\",\"datePublished\":\"2025-05-05T06:42:49+00:00\",\"mainEntityOfPage\":{\"@id\":\"https:\/\/denizcankizil.tr\/de\/haberler\/gundem\/dogu-ve-guneydoguya-toz-tasinimi-uyarisi\/\"},\"wordCount\":493,\"publisher\":{\"@id\":\"https:\/\/denizcankizil.tr\/de\/#organization\"},\"articleSection\":[\"G\u00fcndem\"],\"inLanguage\":\"ru-RU\"},{\"@type\":\"WebPage\",\"@id\":\"https:\/\/denizcankizil.tr\/de\/haberler\/gundem\/dogu-ve-guneydoguya-toz-tasinimi-uyarisi\/\",\"url\":\"https:\/\/denizcankizil.tr\/de\/haberler\/gundem\/dogu-ve-guneydoguya-toz-tasinimi-uyarisi\/\",\"name\":\"Do\u011fu ve G\u00fcneydo\u011fu'ya toz ta\u015f\u0131n\u0131m\u0131 uyar\u0131s\u0131! - Av. Deniz Can K\u0131z\u0131l\",\"isPartOf\":{\"@id\":\"https:\/\/denizcankizil.tr\/de\/#website\"},\"datePublished\":\"2025-05-05T06:42:49+00:00\",\"breadcrumb\":{\"@id\":\"https:\/\/denizcankizil.tr\/de\/haberler\/gundem\/dogu-ve-guneydoguya-toz-tasinimi-uyarisi\/#breadcrumb\"},\"inLanguage\":\"ru-RU\",\"potentialAction\":[{\"@type\":\"ReadAction\",\"target\":[\"https:\/\/denizcankizil.tr\/de\/haberler\/gundem\/dogu-ve-guneydoguya-toz-tasinimi-uyarisi\/\"]}]},{\"@type\":\"BreadcrumbList\",\"@id\":\"https:\/\/denizcankizil.tr\/de\/haberler\/gundem\/dogu-ve-guneydoguya-toz-tasinimi-uyarisi\/#breadcrumb\",\"itemListElement\":[{\"@type\":\"ListItem\",\"position\":1,\"name\":\"Home\",\"item\":\"https:\/\/denizcankizil.tr\/de\/\"},{\"@type\":\"ListItem\",\"position\":2,\"name\":\"Do\u011fu ve G\u00fcneydo\u011fu&#8217;ya toz ta\u015f\u0131n\u0131m\u0131 uyar\u0131s\u0131!\"}]},{\"@type\":\"WebSite\",\"@id\":\"https:\/\/denizcankizil.tr\/de\/#website\",\"url\":\"https:\/\/denizcankizil.tr\/de\/\",\"name\":\"Av. Deniz Can K\u0131z\u0131l\",\"description\":\"Avukat Deniz Can K\u0131z\u0131l Antalya Barosu\",\"publisher\":{\"@id\":\"https:\/\/denizcankizil.tr\/de\/#organization\"},\"potentialAction\":[{\"@type\":\"SearchAction\",\"target\":{\"@type\":\"EntryPoint\",\"urlTemplate\":\"https:\/\/denizcankizil.tr\/de\/?s={search_term_string}\"},\"query-input\":{\"@type\":\"PropertyValueSpecification\",\"valueRequired\":true,\"valueName\":\"search_term_string\"}}],\"inLanguage\":\"ru-RU\"},{\"@type\":\"Organization\",\"@id\":\"https:\/\/denizcankizil.tr\/de\/#organization\",\"name\":\"Av. Deniz Can K\u0131z\u0131l\",\"url\":\"https:\/\/denizcankizil.tr\/de\/\",\"logo\":{\"@type\":\"ImageObject\",\"inLanguage\":\"ru-RU\",\"@id\":\"https:\/\/denizcankizil.tr\/de\/#\/schema\/logo\/image\/\",\"url\":\"https:\/\/denizcankizil.tr\/wp-content\/uploads\/2024\/10\/siyah-logo-svg.svg\",\"contentUrl\":\"https:\/\/denizcankizil.tr\/wp-content\/uploads\/2024\/10\/siyah-logo-svg.svg\",\"width\":1080,\"height\":1080,\"caption\":\"Av. Deniz Can K\u0131z\u0131l\"},\"image\":{\"@id\":\"https:\/\/denizcankizil.tr\/de\/#\/schema\/logo\/image\/\"}},{\"@type\":\"Person\",\"@id\":\"https:\/\/denizcankizil.tr\/de\/#\/schema\/person\/be3c05fe6a12686905512445d8185489\",\"name\":\"admin\",\"image\":{\"@type\":\"ImageObject\",\"inLanguage\":\"ru-RU\",\"@id\":\"https:\/\/denizcankizil.tr\/de\/#\/schema\/person\/image\/\",\"url\":\"https:\/\/secure.gravatar.com\/avatar\/c1fce94c830dc79107e174f890d7210541c4a63e8e5d816341794a2151c9d58c?s=96&d=mm&r=g\",\"contentUrl\":\"https:\/\/secure.gravatar.com\/avatar\/c1fce94c830dc79107e174f890d7210541c4a63e8e5d816341794a2151c9d58c?s=96&d=mm&r=g\",\"caption\":\"admin\"},\"sameAs\":[\"http:\/\/denizcankizil.tr\"],\"url\":\"https:\/\/www.iskenderun.org\/dogu-ve-guneydoguya-toz-tasinimi-uyarisi\"}]}<\/script>\n<!-- \/ Yoast SEO Premium plugin. -->","yoast_head_json":{"title":"Do\u011fu ve G\u00fcneydo\u011fu'ya toz ta\u015f\u0131n\u0131m\u0131 uyar\u0131s\u0131! - Av. Deniz Can K\u0131z\u0131l","robots":{"index":"index","follow":"follow","max-snippet":"max-snippet:-1","max-image-preview":"max-image-preview:large","max-video-preview":"max-video-preview:-1"},"canonical":"https:\/\/denizcankizil.tr\/ru\/haberler\/gundem\/dogu-ve-guneydoguya-toz-tasinimi-uyarisi\/","og_locale":"ru_RU","og_type":"article","og_title":"Do\u011fu ve G\u00fcneydo\u011fu'ya toz ta\u015f\u0131n\u0131m\u0131 uyar\u0131s\u0131!","og_description":"Hava s\u0131cakl\u0131\u011f\u0131nda \u00f6nemli bir de\u011fi\u015fikli\u011fin olmayaca\u011f\u0131 yurdun bat\u0131 kesimlerinde mevsim normallerinin \u00fczerinde, di\u011fer yerlerde mevsim normalleri civar\u0131nda seyretmesi bekleniyor. Do\u011fu Anadolu ile G\u00fcneydo\u011fu Anadolu illeri i\u00e7in toz ta\u015f\u0131n\u0131m\u0131 uyar\u0131s\u0131 geldi.ANKARA (\u0130GFA) &#8211; Meteoroloji Genel M\u00fcd\u00fcrl\u00fc\u011f\u00fc, 5 May\u0131s Pazartesi g\u00fcn\u00fcne ili\u015fkin g\u00fcnl\u00fck hava tahmin raporunu yay\u0131mlad\u0131. Buna g\u00f6re, T\u00fcrkiye genelinin par\u00e7al\u0131 ve \u00e7ok bulutlu, Orta ve Do\u011fu Akdeniz, Do\u011fu Karadeniz\u2019in i\u00e7 kesimleri, Do\u011fu ve G\u00fcneydo\u011fu Anadolu, K\u00fctahya, Afyonkarahisar, Mu\u011fla, Eski\u015fehir, Sivas, Kayseri, Ni\u011fde ve Tokat \u00e7evreleri ile Antalya&#8217;n\u0131n bat\u0131 k\u0131y\u0131 il\u00e7elerinin yerel olmak \u00fczere sa\u011fanak ve g\u00f6k g\u00fcr\u00fclt\u00fcl\u00fc sa\u011fanak ya\u011f\u0131\u015fl\u0131 ge\u00e7ece\u011fi tahmin edildi. Ya\u011f\u0131\u015flar\u0131n; Do\u011fu Anadolu\u2019nun kuzeydo\u011fusu ile Mu\u015f, Bitlis, \u015e\u0131rnak, Hakkari ve Siirt \u00e7evrelerinde yer yer kuvvetli olmas\u0131 bekleniyor. Sabah ve gece saatlerinde Marmara ve Karadeniz k\u0131y\u0131lar\u0131nda pus ve yer yer sis hadisesinin g\u00f6r\u00fclece\u011fi tahmin edilirken, Do\u011fu Anadolu ile G\u00fcneydo\u011fu Anadolu\u2019da toz ta\u015f\u0131n\u0131m\u0131 bekleniyor. Genellikle g\u00fcney y\u00f6nlerden hafif ara s\u0131ra orta kuvvette, Do\u011fu Anadolu\u2019nun g\u00fcneydo\u011fu kesimlerinde kuvvetli ve k\u0131sa s\u00fcreli f\u0131rt\u0131na (50-70 km\/saat) \u015feklinde esece\u011fi tahmin ediliyor. \u200bHava s\u0131cakl\u0131\u011f\u0131nda \u00f6nemli bir de\u011fi\u015fikli\u011fin olmayaca\u011f\u0131 yurdun bat\u0131 kesimlerinde mevsim normallerinin \u00fczerinde, di\u011fer yerlerde mevsim normalleri civar\u0131nda seyretmesi bekleniyor. Do\u011fu Anadolu ile G\u00fcneydo\u011fu Anadolu illeri i\u00e7in toz ta\u015f\u0131n\u0131m\u0131 uyar\u0131s\u0131 geldi.ANKARA (\u0130GFA) &#8211; Meteoroloji Genel M\u00fcd\u00fcrl\u00fc\u011f\u00fc, 5 May\u0131s Pazartesi g\u00fcn\u00fcne ili\u015fkin g\u00fcnl\u00fck hava tahmin &hellip;","og_url":"https:\/\/denizcankizil.tr\/ru\/haberler\/gundem\/dogu-ve-guneydoguya-toz-tasinimi-uyarisi\/","og_site_name":"Av. Deniz Can K\u0131z\u0131l","article_published_time":"2025-05-05T06:42:49+00:00","author":"admin","twitter_card":"summary_large_image","twitter_misc":{"\u041d\u0430\u043f\u0438\u0441\u0430\u043d\u043e \u0430\u0432\u0442\u043e\u0440\u043e\u043c":"admin","\u041f\u0440\u0438\u043c\u0435\u0440\u043d\u043e\u0435 \u0432\u0440\u0435\u043c\u044f \u0434\u043b\u044f \u0447\u0442\u0435\u043d\u0438\u044f":"2 \u043c\u0438\u043d\u0443\u0442\u044b"},"schema":{"@context":"https:\/\/schema.org","@graph":[{"@type":"Article","@id":"https:\/\/denizcankizil.tr\/de\/haberler\/gundem\/dogu-ve-guneydoguya-toz-tasinimi-uyarisi\/#article","isPartOf":{"@id":"https:\/\/denizcankizil.tr\/de\/haberler\/gundem\/dogu-ve-guneydoguya-toz-tasinimi-uyarisi\/"},"author":{"name":"admin","@id":"https:\/\/denizcankizil.tr\/de\/#\/schema\/person\/be3c05fe6a12686905512445d8185489"},"headline":"Do\u011fu ve G\u00fcneydo\u011fu&#8217;ya toz ta\u015f\u0131n\u0131m\u0131 uyar\u0131s\u0131!","datePublished":"2025-05-05T06:42:49+00:00","mainEntityOfPage":{"@id":"https:\/\/denizcankizil.tr\/de\/haberler\/gundem\/dogu-ve-guneydoguya-toz-tasinimi-uyarisi\/"},"wordCount":493,"publisher":{"@id":"https:\/\/denizcankizil.tr\/de\/#organization"},"articleSection":["G\u00fcndem"],"inLanguage":"ru-RU"},{"@type":"WebPage","@id":"https:\/\/denizcankizil.tr\/de\/haberler\/gundem\/dogu-ve-guneydoguya-toz-tasinimi-uyarisi\/","url":"https:\/\/denizcankizil.tr\/de\/haberler\/gundem\/dogu-ve-guneydoguya-toz-tasinimi-uyarisi\/","name":"Do\u011fu ve G\u00fcneydo\u011fu'ya toz ta\u015f\u0131n\u0131m\u0131 uyar\u0131s\u0131! - Av. Deniz Can K\u0131z\u0131l","isPartOf":{"@id":"https:\/\/denizcankizil.tr\/de\/#website"},"datePublished":"2025-05-05T06:42:49+00:00","breadcrumb":{"@id":"https:\/\/denizcankizil.tr\/de\/haberler\/gundem\/dogu-ve-guneydoguya-toz-tasinimi-uyarisi\/#breadcrumb"},"inLanguage":"ru-RU","potentialAction":[{"@type":"ReadAction","target":["https:\/\/denizcankizil.tr\/de\/haberler\/gundem\/dogu-ve-guneydoguya-toz-tasinimi-uyarisi\/"]}]},{"@type":"BreadcrumbList","@id":"https:\/\/denizcankizil.tr\/de\/haberler\/gundem\/dogu-ve-guneydoguya-toz-tasinimi-uyarisi\/#breadcrumb","itemListElement":[{"@type":"ListItem","position":1,"name":"Home","item":"https:\/\/denizcankizil.tr\/de\/"},{"@type":"ListItem","position":2,"name":"Do\u011fu ve G\u00fcneydo\u011fu&#8217;ya toz ta\u015f\u0131n\u0131m\u0131 uyar\u0131s\u0131!"}]},{"@type":"WebSite","@id":"https:\/\/denizcankizil.tr\/de\/#website","url":"https:\/\/denizcankizil.tr\/de\/","name":"Av. Deniz Can K\u0131z\u0131l","description":"Avukat Deniz Can K\u0131z\u0131l Antalya Barosu","publisher":{"@id":"https:\/\/denizcankizil.tr\/de\/#organization"},"potentialAction":[{"@type":"SearchAction","target":{"@type":"EntryPoint","urlTemplate":"https:\/\/denizcankizil.tr\/de\/?s={search_term_string}"},"query-input":{"@type":"PropertyValueSpecification","valueRequired":true,"valueName":"search_term_string"}}],"inLanguage":"ru-RU"},{"@type":"Organization","@id":"https:\/\/denizcankizil.tr\/de\/#organization","name":"Av. Deniz Can K\u0131z\u0131l","url":"https:\/\/denizcankizil.tr\/de\/","logo":{"@type":"ImageObject","inLanguage":"ru-RU","@id":"https:\/\/denizcankizil.tr\/de\/#\/schema\/logo\/image\/","url":"https:\/\/denizcankizil.tr\/wp-content\/uploads\/2024\/10\/siyah-logo-svg.svg","contentUrl":"https:\/\/denizcankizil.tr\/wp-content\/uploads\/2024\/10\/siyah-logo-svg.svg","width":1080,"height":1080,"caption":"Av. Deniz Can K\u0131z\u0131l"},"image":{"@id":"https:\/\/denizcankizil.tr\/de\/#\/schema\/logo\/image\/"}},{"@type":"Person","@id":"https:\/\/denizcankizil.tr\/de\/#\/schema\/person\/be3c05fe6a12686905512445d8185489","name":"\u0430\u0434\u043c\u0438\u043d","image":{"@type":"ImageObject","inLanguage":"ru-RU","@id":"https:\/\/denizcankizil.tr\/de\/#\/schema\/person\/image\/","url":"https:\/\/secure.gravatar.com\/avatar\/c1fce94c830dc79107e174f890d7210541c4a63e8e5d816341794a2151c9d58c?s=96&d=mm&r=g","contentUrl":"https:\/\/secure.gravatar.com\/avatar\/c1fce94c830dc79107e174f890d7210541c4a63e8e5d816341794a2151c9d58c?s=96&d=mm&r=g","caption":"admin"},"sameAs":["http:\/\/denizcankizil.tr"],"url":"https:\/\/www.iskenderun.org\/dogu-ve-guneydoguya-toz-tasinimi-uyarisi"}]}},"_links":{"self":[{"href":"https:\/\/denizcankizil.tr\/ru\/wp-json\/wp\/v2\/posts\/76646","targetHints":{"allow":["GET"]}}],"collection":[{"href":"https:\/\/denizcankizil.tr\/ru\/wp-json\/wp\/v2\/posts"}],"about":[{"href":"https:\/\/denizcankizil.tr\/ru\/wp-json\/wp\/v2\/types\/post"}],"author":[{"embeddable":true,"href":"https:\/\/denizcankizil.tr\/ru\/wp-json\/wp\/v2\/users\/1"}],"replies":[{"embeddable":true,"href":"https:\/\/denizcankizil.tr\/ru\/wp-json\/wp\/v2\/comments?post=76646"}],"version-history":[{"count":0,"href":"https:\/\/denizcankizil.tr\/ru\/wp-json\/wp\/v2\/posts\/76646\/revisions"}],"wp:attachment":[{"href":"https:\/\/denizcankizil.tr\/ru\/wp-json\/wp\/v2\/media?parent=76646"}],"wp:term":[{"taxonomy":"category","embeddable":true,"href":"https:\/\/denizcankizil.tr\/ru\/wp-json\/wp\/v2\/categories?post=76646"},{"taxonomy":"post_tag","embeddable":true,"href":"https:\/\/denizcankizil.tr\/ru\/wp-json\/wp\/v2\/tags?post=76646"}],"curies":[{"name":"wp","href":"https:\/\/api.w.org\/{rel}","templated":true}]}}