{"id":7630,"date":"2024-10-24T17:41:18","date_gmt":"2024-10-24T14:41:18","guid":{"rendered":"https:\/\/denizcankizil.tr\/uncategorized-tr\/terorist-elebasi-fetullah-gulenin-cenazesine-qr-kodu-ile-girilecek\/"},"modified":"2024-10-24T17:41:18","modified_gmt":"2024-10-24T14:41:18","slug":"terorist-elebasi-fetullah-gulenin-cenazesine-qr-kodu-ile-girilecek","status":"publish","type":"post","link":"https:\/\/denizcankizil.tr\/ru\/haberler\/gundem\/terorist-elebasi-fetullah-gulenin-cenazesine-qr-kodu-ile-girilecek\/","title":{"rendered":"Ter\u00f6rist eleba\u015f\u0131 Fetullah G\u00fclen\u2019in cenazesine QR kodu ile girilecek"},"content":{"rendered":"<p>G\u00fcvenlik kaynaklar\u0131ndan edilen bilgilere g\u00f6re, FET\u00d6 eleba\u015f\u0131 Fetullah G\u00fclen \u00f6l\u00fcm\u00fcn\u00fcn \u00fczerinden d\u00f6rt g\u00fcn ge\u00e7mesine ra\u011fmen hala defnedilmedi. \u00d6rg\u00fct i\u00e7inde ba\u015fa gelme kavgas\u0131, G\u00fclen&#8217;in defnedilmesinin \u00f6n\u00fcne ge\u00e7ti. Cenazeye kimin kat\u0131l\u0131p kat\u0131lmayaca\u011f\u0131, nerede g\u00f6m\u00fclece\u011fi, ne zaman defnedilece\u011fi kavgalar\u0131 cenaze t\u00f6reninde gecikmelere neden olurken, tart\u0131\u015fmalar devam etmesi \u00fczerine, birlik g\u00f6r\u00fcnt\u00fcs\u00fc verme ad\u0131na cenaze t\u00f6reninin 24 Ekim&#8217;de yerel saatle 11.00&#8217;de d\u00fczenlenmesine karar verildi. Bu arada \u00f6rg\u00fct\u00fcn \u00fcst d\u00fczey isimlerinin G\u00fclen&#8217;in vasiyetnamesinin a\u00e7\u0131klanmas\u0131 i\u00e7in bir araya gelmesi gerekiyor.\u00a0<\/p>\n<p>TARTI\u015eMALAR CENAZEN\u0130N \u00d6N\u00dcNE GE\u00c7T\u0130\u00a0<\/p>\n<p>\u00d6rg\u00fct\u00fcn kendi i\u00e7inde ya\u015fad\u0131\u011f\u0131 \u00e7eli\u015fkiler, defin i\u015flemlerine de yans\u0131d\u0131. \u00d6rg\u00fct i\u00e7indeki tart\u0131\u015fmalar nedeniyle cenaze i\u015flemlerinin gecikmesinin yan\u0131 s\u0131ra haz\u0131rl\u0131klardan da m\u00fcmk\u00fcn oldu\u011funca g\u00f6r\u00fcnt\u00fc verilmemeye \u00e7al\u0131\u015f\u0131l\u0131yor. Bir taraftan da m\u00fcmk\u00fcn oldu\u011funca kalabal\u0131k bir kat\u0131l\u0131m sa\u011flanmas\u0131 isteniyor. \u00d6rg\u00fct\u00fcn \u00fcst d\u00fczey baz\u0131 isimlerinin g\u00fcvenlik ve gizlilik endi\u015fesi nedeniyle b\u00fcy\u00fck bir cenaze t\u00f6renine kar\u015f\u0131 \u00e7\u0131kt\u0131\u011f\u0131, ancak bir grubun defin i\u015flemini g\u00f6steri haline getirmek istedi\u011fi belirtildi. \u00a0<\/p>\n<p>G\u00dcLEN\u2019\u0130N CENAZES\u0130NE QR KODU \u0130LE G\u0130R\u0130LECEK<\/p>\n<p>Defin i\u015flemlerinin gizli yap\u0131lmas\u0131n\u0131 isteyenler, cenaze t\u00f6reni s\u00fcrecinde uyulmas\u0131n\u0131 istedikleri kurallar\u0131 kendi haberle\u015fme a\u011flar\u0131nda \u0131srarla vurguluyor. Bu isimler, cenazeye kat\u0131lacak \u00f6rg\u00fct mensuplar\u0131n\u0131 tan\u0131mad\u0131klar\u0131 ki\u015filere kar\u015f\u0131 dikkatli olmaya ve tahrik edici konu\u015fmalardan uzak durmaya \u00e7a\u011f\u0131r\u0131yorlar. \u00d6rg\u00fct y\u00f6netiminden \u201cCenazede bile sa\u011f\u0131n\u0131z\u0131 solunuzu dinleyin, kola\u00e7an edin\u201d gibi mesajlar haberle\u015fme a\u011flar\u0131na g\u00f6nderiliyor. Ya\u015fanan tedirginlik nedeniyle cenazeye QR kodla girilmesine karar verildi. \u00d6rg\u00fct \u00fcyelerinin isimlerine \u00f6zel QR kod tan\u0131mland\u0131. \u00a0\u00a0<\/p>\n<p>\u00d6RG\u00dcT\u00dcN NE OLACA\u011eI BEL\u0130RS\u0130Z\u00a0<\/p>\n<p>Defin i\u015flemlerinin a\u00e7\u0131k yap\u0131larak bir g\u00f6steriye d\u00f6n\u00fc\u015ft\u00fcr\u00fclmesini isteyenler ise cenazenin ba\u015fka bir boyutu ile ilgileniyor. Ama\u00e7lar\u0131 ter\u00f6r eleba\u015f\u0131n\u0131n definin t\u00fcm d\u00fcnyaya g\u00f6sterilmesi olan bu isimler ise, canl\u0131 yay\u0131n\u0131n hangi \u00f6rg\u00fct kanallar\u0131ndan yap\u0131laca\u011f\u0131n\u0131 da a\u00e7\u0131klad\u0131lar. Ayr\u0131ca k\u0131sa ve net mesajlar verilmesi istenirken, \u00f6rg\u00fct kendi i\u00e7indeki haberle\u015fmelerinde &#8220;Herkul.org&#8221; vurgusu yap\u0131yor. Bu durum \u00f6rg\u00fct\u00fcn medya yap\u0131lanmas\u0131nda de\u011fi\u015fiklik olaca\u011f\u0131 sinyallerini g\u00f6sterirken, yap\u0131lacak d\u00fczenleme ile medya aya\u011f\u0131nda Ekrem Dumanl\u0131, Cevdet T\u00fcrkyolu ve Muhammed Ye\u015filyurt etkisinin g\u00f6r\u00fclmesi bekleniyor.\u00a0<br \/>\n\u00a0 \u00a0 \u00a0 \u00a0 \u00a0 \u00a0 \u00a0 \u00a0 \u00a0 \u00a0 \u00a0 \u00a0 \u00a0 \u00a0 \u00a0 \u00a0<br \/>\n\u00a0<\/p>\n<p>\u200bFetullah\u00e7\u0131 Ter\u00f6r \u00d6rg\u00fct\u00fc&#8217;n\u00fcn (FET\u00d6) eleba\u015f\u0131s\u0131 olan Fetullah G\u00fclen&#8217;in vefat etmesi \u00fczerine \u00f6rg\u00fct i\u00e7indeki tart\u0131\u015fmalar, cenazenin \u00f6n\u00fcne ge\u00e7ti. Ya\u015fanan tart\u0131\u015fmalar sebebiyle tedirginlik ya\u015fayan \u00fcyelerin, cenazeye QR kodla girece\u011fi iddia edildi\u00a0<\/p>\n<p>\u200bHaberin Al\u0131nt\u0131land\u0131\u011f\u0131 Kaynak: www.antalyakorfez.com<\/p>","protected":false},"excerpt":{"rendered":"<p>G\u00fcvenlik kaynaklar\u0131ndan edilen bilgilere g\u00f6re, FET\u00d6 eleba\u015f\u0131 Fetullah G\u00fclen \u00f6l\u00fcm\u00fcn\u00fcn \u00fczerinden d\u00f6rt g\u00fcn ge\u00e7mesine ra\u011fmen hala defnedilmedi. \u00d6rg\u00fct i\u00e7inde ba\u015fa gelme kavgas\u0131, G\u00fclen&#8217;in defnedilmesinin \u00f6n\u00fcne ge\u00e7ti. Cenazeye kimin kat\u0131l\u0131p kat\u0131lmayaca\u011f\u0131, nerede g\u00f6m\u00fclece\u011fi, ne zaman defnedilece\u011fi kavgalar\u0131 cenaze t\u00f6reninde gecikmelere neden olurken, tart\u0131\u015fmalar devam etmesi \u00fczerine, birlik g\u00f6r\u00fcnt\u00fcs\u00fc verme ad\u0131na cenaze t\u00f6reninin 24 Ekim&#8217;de yerel saatle 11.00&#8217;de d\u00fczenlenmesine karar verildi. Bu arada \u00f6rg\u00fct\u00fcn \u00fcst d\u00fczey isimlerinin G\u00fclen&#8217;in vasiyetnamesinin a\u00e7\u0131klanmas\u0131 i\u00e7in bir araya gelmesi gerekiyor.\u00a0 TARTI\u015eMALAR CENAZEN\u0130N \u00d6N\u00dcNE GE\u00c7T\u0130\u00a0 \u00d6rg\u00fct\u00fcn kendi i\u00e7inde ya\u015fad\u0131\u011f\u0131 \u00e7eli\u015fkiler, defin i\u015flemlerine de yans\u0131d\u0131. \u00d6rg\u00fct i\u00e7indeki tart\u0131\u015fmalar nedeniyle cenaze i\u015flemlerinin gecikmesinin yan\u0131 s\u0131ra haz\u0131rl\u0131klardan da m\u00fcmk\u00fcn oldu\u011funca g\u00f6r\u00fcnt\u00fc verilmemeye \u00e7al\u0131\u015f\u0131l\u0131yor. Bir taraftan da m\u00fcmk\u00fcn oldu\u011funca kalabal\u0131k bir kat\u0131l\u0131m sa\u011flanmas\u0131 isteniyor. \u00d6rg\u00fct\u00fcn \u00fcst d\u00fczey baz\u0131 isimlerinin g\u00fcvenlik ve gizlilik endi\u015fesi nedeniyle b\u00fcy\u00fck bir cenaze t\u00f6renine kar\u015f\u0131 \u00e7\u0131kt\u0131\u011f\u0131, ancak bir grubun defin i\u015flemini g\u00f6steri haline getirmek istedi\u011fi belirtildi. \u00a0 G\u00dcLEN\u2019\u0130N CENAZES\u0130NE QR KODU \u0130LE G\u0130R\u0130LECEK Defin i\u015flemlerinin gizli yap\u0131lmas\u0131n\u0131 isteyenler, cenaze t\u00f6reni s\u00fcrecinde uyulmas\u0131n\u0131 istedikleri kurallar\u0131 kendi haberle\u015fme a\u011flar\u0131nda \u0131srarla vurguluyor. Bu isimler, cenazeye kat\u0131lacak \u00f6rg\u00fct mensuplar\u0131n\u0131 tan\u0131mad\u0131klar\u0131 ki\u015filere kar\u015f\u0131 dikkatli olmaya ve tahrik edici konu\u015fmalardan uzak durmaya \u00e7a\u011f\u0131r\u0131yorlar. \u00d6rg\u00fct y\u00f6netiminden \u201cCenazede bile sa\u011f\u0131n\u0131z\u0131 solunuzu dinleyin, kola\u00e7an edin\u201d gibi mesajlar haberle\u015fme a\u011flar\u0131na g\u00f6nderiliyor. Ya\u015fanan tedirginlik nedeniyle cenazeye QR kodla girilmesine &hellip;<\/p>","protected":false},"author":0,"featured_media":0,"comment_status":"open","ping_status":"open","sticky":false,"template":"","format":"standard","meta":{"_acf_changed":false,"footnotes":""},"categories":[24,535],"tags":[],"class_list":["post-7630","post","type-post","status-publish","format-standard","has-post-thumbnail","hentry","category-gundem","category-uncategorized-tr"],"acf":[],"yoast_head":"<!-- This site is optimized with the Yoast SEO Premium plugin v26.6 (Yoast SEO v27.1.1) - https:\/\/yoast.com\/product\/yoast-seo-premium-wordpress\/ -->\n<title>Ter\u00f6rist eleba\u015f\u0131 Fetullah G\u00fclen\u2019in cenazesine QR kodu ile girilecek - Av. Deniz Can K\u0131z\u0131l<\/title>\n<meta name=\"robots\" content=\"index, follow, max-snippet:-1, max-image-preview:large, max-video-preview:-1\" \/>\n<link rel=\"canonical\" href=\"https:\/\/denizcankizil.tr\/ru\/haberler\/gundem\/terorist-elebasi-fetullah-gulenin-cenazesine-qr-kodu-ile-girilecek\/\" \/>\n<meta property=\"og:locale\" content=\"ru_RU\" \/>\n<meta property=\"og:type\" content=\"article\" \/>\n<meta property=\"og:title\" content=\"Ter\u00f6rist eleba\u015f\u0131 Fetullah G\u00fclen\u2019in cenazesine QR kodu ile girilecek\" \/>\n<meta property=\"og:description\" content=\"G\u00fcvenlik kaynaklar\u0131ndan edilen bilgilere g\u00f6re, FET\u00d6 eleba\u015f\u0131 Fetullah G\u00fclen \u00f6l\u00fcm\u00fcn\u00fcn \u00fczerinden d\u00f6rt g\u00fcn ge\u00e7mesine ra\u011fmen hala defnedilmedi. \u00d6rg\u00fct i\u00e7inde ba\u015fa gelme kavgas\u0131, G\u00fclen&#8217;in defnedilmesinin \u00f6n\u00fcne ge\u00e7ti. Cenazeye kimin kat\u0131l\u0131p kat\u0131lmayaca\u011f\u0131, nerede g\u00f6m\u00fclece\u011fi, ne zaman defnedilece\u011fi kavgalar\u0131 cenaze t\u00f6reninde gecikmelere neden olurken, tart\u0131\u015fmalar devam etmesi \u00fczerine, birlik g\u00f6r\u00fcnt\u00fcs\u00fc verme ad\u0131na cenaze t\u00f6reninin 24 Ekim&#8217;de yerel saatle 11.00&#8217;de d\u00fczenlenmesine karar verildi. Bu arada \u00f6rg\u00fct\u00fcn \u00fcst d\u00fczey isimlerinin G\u00fclen&#8217;in vasiyetnamesinin a\u00e7\u0131klanmas\u0131 i\u00e7in bir araya gelmesi gerekiyor.\u00a0 TARTI\u015eMALAR CENAZEN\u0130N \u00d6N\u00dcNE GE\u00c7T\u0130\u00a0 \u00d6rg\u00fct\u00fcn kendi i\u00e7inde ya\u015fad\u0131\u011f\u0131 \u00e7eli\u015fkiler, defin i\u015flemlerine de yans\u0131d\u0131. \u00d6rg\u00fct i\u00e7indeki tart\u0131\u015fmalar nedeniyle cenaze i\u015flemlerinin gecikmesinin yan\u0131 s\u0131ra haz\u0131rl\u0131klardan da m\u00fcmk\u00fcn oldu\u011funca g\u00f6r\u00fcnt\u00fc verilmemeye \u00e7al\u0131\u015f\u0131l\u0131yor. Bir taraftan da m\u00fcmk\u00fcn oldu\u011funca kalabal\u0131k bir kat\u0131l\u0131m sa\u011flanmas\u0131 isteniyor. \u00d6rg\u00fct\u00fcn \u00fcst d\u00fczey baz\u0131 isimlerinin g\u00fcvenlik ve gizlilik endi\u015fesi nedeniyle b\u00fcy\u00fck bir cenaze t\u00f6renine kar\u015f\u0131 \u00e7\u0131kt\u0131\u011f\u0131, ancak bir grubun defin i\u015flemini g\u00f6steri haline getirmek istedi\u011fi belirtildi. \u00a0 G\u00dcLEN\u2019\u0130N CENAZES\u0130NE QR KODU \u0130LE G\u0130R\u0130LECEK Defin i\u015flemlerinin gizli yap\u0131lmas\u0131n\u0131 isteyenler, cenaze t\u00f6reni s\u00fcrecinde uyulmas\u0131n\u0131 istedikleri kurallar\u0131 kendi haberle\u015fme a\u011flar\u0131nda \u0131srarla vurguluyor. Bu isimler, cenazeye kat\u0131lacak \u00f6rg\u00fct mensuplar\u0131n\u0131 tan\u0131mad\u0131klar\u0131 ki\u015filere kar\u015f\u0131 dikkatli olmaya ve tahrik edici konu\u015fmalardan uzak durmaya \u00e7a\u011f\u0131r\u0131yorlar. \u00d6rg\u00fct y\u00f6netiminden \u201cCenazede bile sa\u011f\u0131n\u0131z\u0131 solunuzu dinleyin, kola\u00e7an edin\u201d gibi mesajlar haberle\u015fme a\u011flar\u0131na g\u00f6nderiliyor. Ya\u015fanan tedirginlik nedeniyle cenazeye QR kodla girilmesine &hellip;\" \/>\n<meta property=\"og:url\" content=\"https:\/\/denizcankizil.tr\/ru\/haberler\/gundem\/terorist-elebasi-fetullah-gulenin-cenazesine-qr-kodu-ile-girilecek\/\" \/>\n<meta property=\"og:site_name\" content=\"Av. Deniz Can K\u0131z\u0131l\" \/>\n<meta property=\"article:published_time\" content=\"2024-10-24T14:41:18+00:00\" \/>\n<meta name=\"twitter:card\" content=\"summary_large_image\" \/>\n<meta name=\"twitter:label1\" content=\"\u041f\u0440\u0438\u043c\u0435\u0440\u043d\u043e\u0435 \u0432\u0440\u0435\u043c\u044f \u0434\u043b\u044f \u0447\u0442\u0435\u043d\u0438\u044f\" \/>\n\t<meta name=\"twitter:data1\" content=\"3 \u043c\u0438\u043d\u0443\u0442\u044b\" \/>\n<script type=\"application\/ld+json\" class=\"yoast-schema-graph\">{\"@context\":\"https:\/\/schema.org\",\"@graph\":[{\"@type\":\"Article\",\"@id\":\"https:\/\/denizcankizil.tr\/ru\/haberler\/gundem\/terorist-elebasi-fetullah-gulenin-cenazesine-qr-kodu-ile-girilecek\/#article\",\"isPartOf\":{\"@id\":\"https:\/\/denizcankizil.tr\/ru\/haberler\/gundem\/terorist-elebasi-fetullah-gulenin-cenazesine-qr-kodu-ile-girilecek\/\"},\"author\":{\"name\":\"\",\"@id\":\"\"},\"headline\":\"Ter\u00f6rist eleba\u015f\u0131 Fetullah G\u00fclen\u2019in cenazesine QR kodu ile girilecek\",\"datePublished\":\"2024-10-24T14:41:18+00:00\",\"mainEntityOfPage\":{\"@id\":\"https:\/\/denizcankizil.tr\/ru\/haberler\/gundem\/terorist-elebasi-fetullah-gulenin-cenazesine-qr-kodu-ile-girilecek\/\"},\"wordCount\":517,\"commentCount\":0,\"publisher\":{\"@id\":\"https:\/\/denizcankizil.tr\/de\/#organization\"},\"articleSection\":[\"G\u00fcndem\",\"Uncategorized\"],\"inLanguage\":\"ru-RU\",\"potentialAction\":[{\"@type\":\"CommentAction\",\"name\":\"Comment\",\"target\":[\"https:\/\/denizcankizil.tr\/ru\/haberler\/gundem\/terorist-elebasi-fetullah-gulenin-cenazesine-qr-kodu-ile-girilecek\/#respond\"]}]},{\"@type\":\"WebPage\",\"@id\":\"https:\/\/denizcankizil.tr\/ru\/haberler\/gundem\/terorist-elebasi-fetullah-gulenin-cenazesine-qr-kodu-ile-girilecek\/\",\"url\":\"https:\/\/denizcankizil.tr\/ru\/haberler\/gundem\/terorist-elebasi-fetullah-gulenin-cenazesine-qr-kodu-ile-girilecek\/\",\"name\":\"Ter\u00f6rist eleba\u015f\u0131 Fetullah G\u00fclen\u2019in cenazesine QR kodu ile girilecek - Av. Deniz Can K\u0131z\u0131l\",\"isPartOf\":{\"@id\":\"https:\/\/denizcankizil.tr\/de\/#website\"},\"datePublished\":\"2024-10-24T14:41:18+00:00\",\"breadcrumb\":{\"@id\":\"https:\/\/denizcankizil.tr\/ru\/haberler\/gundem\/terorist-elebasi-fetullah-gulenin-cenazesine-qr-kodu-ile-girilecek\/#breadcrumb\"},\"inLanguage\":\"ru-RU\",\"potentialAction\":[{\"@type\":\"ReadAction\",\"target\":[\"https:\/\/denizcankizil.tr\/ru\/haberler\/gundem\/terorist-elebasi-fetullah-gulenin-cenazesine-qr-kodu-ile-girilecek\/\"]}]},{\"@type\":\"BreadcrumbList\",\"@id\":\"https:\/\/denizcankizil.tr\/ru\/haberler\/gundem\/terorist-elebasi-fetullah-gulenin-cenazesine-qr-kodu-ile-girilecek\/#breadcrumb\",\"itemListElement\":[{\"@type\":\"ListItem\",\"position\":1,\"name\":\"Home\",\"item\":\"https:\/\/denizcankizil.tr\/de\/\"},{\"@type\":\"ListItem\",\"position\":2,\"name\":\"Ter\u00f6rist eleba\u015f\u0131 Fetullah G\u00fclen\u2019in cenazesine QR kodu ile girilecek\"}]},{\"@type\":\"WebSite\",\"@id\":\"https:\/\/denizcankizil.tr\/de\/#website\",\"url\":\"https:\/\/denizcankizil.tr\/de\/\",\"name\":\"Av. Deniz Can K\u0131z\u0131l\",\"description\":\"Avukat Deniz Can K\u0131z\u0131l Antalya Barosu\",\"publisher\":{\"@id\":\"https:\/\/denizcankizil.tr\/de\/#organization\"},\"potentialAction\":[{\"@type\":\"SearchAction\",\"target\":{\"@type\":\"EntryPoint\",\"urlTemplate\":\"https:\/\/denizcankizil.tr\/de\/?s={search_term_string}\"},\"query-input\":{\"@type\":\"PropertyValueSpecification\",\"valueRequired\":true,\"valueName\":\"search_term_string\"}}],\"inLanguage\":\"ru-RU\"},{\"@type\":\"Organization\",\"@id\":\"https:\/\/denizcankizil.tr\/de\/#organization\",\"name\":\"Av. Deniz Can K\u0131z\u0131l\",\"url\":\"https:\/\/denizcankizil.tr\/de\/\",\"logo\":{\"@type\":\"ImageObject\",\"inLanguage\":\"ru-RU\",\"@id\":\"https:\/\/denizcankizil.tr\/de\/#\/schema\/logo\/image\/\",\"url\":\"https:\/\/denizcankizil.tr\/wp-content\/uploads\/2024\/10\/siyah-logo-svg.svg\",\"contentUrl\":\"https:\/\/denizcankizil.tr\/wp-content\/uploads\/2024\/10\/siyah-logo-svg.svg\",\"width\":1080,\"height\":1080,\"caption\":\"Av. Deniz Can K\u0131z\u0131l\"},\"image\":{\"@id\":\"https:\/\/denizcankizil.tr\/de\/#\/schema\/logo\/image\/\"}}]}<\/script>\n<!-- \/ Yoast SEO Premium plugin. -->","yoast_head_json":{"title":"Ter\u00f6rist eleba\u015f\u0131 Fetullah G\u00fclen\u2019in cenazesine QR kodu ile girilecek - Av. Deniz Can K\u0131z\u0131l","robots":{"index":"index","follow":"follow","max-snippet":"max-snippet:-1","max-image-preview":"max-image-preview:large","max-video-preview":"max-video-preview:-1"},"canonical":"https:\/\/denizcankizil.tr\/ru\/haberler\/gundem\/terorist-elebasi-fetullah-gulenin-cenazesine-qr-kodu-ile-girilecek\/","og_locale":"ru_RU","og_type":"article","og_title":"Ter\u00f6rist eleba\u015f\u0131 Fetullah G\u00fclen\u2019in cenazesine QR kodu ile girilecek","og_description":"G\u00fcvenlik kaynaklar\u0131ndan edilen bilgilere g\u00f6re, FET\u00d6 eleba\u015f\u0131 Fetullah G\u00fclen \u00f6l\u00fcm\u00fcn\u00fcn \u00fczerinden d\u00f6rt g\u00fcn ge\u00e7mesine ra\u011fmen hala defnedilmedi. \u00d6rg\u00fct i\u00e7inde ba\u015fa gelme kavgas\u0131, G\u00fclen&#8217;in defnedilmesinin \u00f6n\u00fcne ge\u00e7ti. Cenazeye kimin kat\u0131l\u0131p kat\u0131lmayaca\u011f\u0131, nerede g\u00f6m\u00fclece\u011fi, ne zaman defnedilece\u011fi kavgalar\u0131 cenaze t\u00f6reninde gecikmelere neden olurken, tart\u0131\u015fmalar devam etmesi \u00fczerine, birlik g\u00f6r\u00fcnt\u00fcs\u00fc verme ad\u0131na cenaze t\u00f6reninin 24 Ekim&#8217;de yerel saatle 11.00&#8217;de d\u00fczenlenmesine karar verildi. Bu arada \u00f6rg\u00fct\u00fcn \u00fcst d\u00fczey isimlerinin G\u00fclen&#8217;in vasiyetnamesinin a\u00e7\u0131klanmas\u0131 i\u00e7in bir araya gelmesi gerekiyor.\u00a0 TARTI\u015eMALAR CENAZEN\u0130N \u00d6N\u00dcNE GE\u00c7T\u0130\u00a0 \u00d6rg\u00fct\u00fcn kendi i\u00e7inde ya\u015fad\u0131\u011f\u0131 \u00e7eli\u015fkiler, defin i\u015flemlerine de yans\u0131d\u0131. \u00d6rg\u00fct i\u00e7indeki tart\u0131\u015fmalar nedeniyle cenaze i\u015flemlerinin gecikmesinin yan\u0131 s\u0131ra haz\u0131rl\u0131klardan da m\u00fcmk\u00fcn oldu\u011funca g\u00f6r\u00fcnt\u00fc verilmemeye \u00e7al\u0131\u015f\u0131l\u0131yor. Bir taraftan da m\u00fcmk\u00fcn oldu\u011funca kalabal\u0131k bir kat\u0131l\u0131m sa\u011flanmas\u0131 isteniyor. \u00d6rg\u00fct\u00fcn \u00fcst d\u00fczey baz\u0131 isimlerinin g\u00fcvenlik ve gizlilik endi\u015fesi nedeniyle b\u00fcy\u00fck bir cenaze t\u00f6renine kar\u015f\u0131 \u00e7\u0131kt\u0131\u011f\u0131, ancak bir grubun defin i\u015flemini g\u00f6steri haline getirmek istedi\u011fi belirtildi. \u00a0 G\u00dcLEN\u2019\u0130N CENAZES\u0130NE QR KODU \u0130LE G\u0130R\u0130LECEK Defin i\u015flemlerinin gizli yap\u0131lmas\u0131n\u0131 isteyenler, cenaze t\u00f6reni s\u00fcrecinde uyulmas\u0131n\u0131 istedikleri kurallar\u0131 kendi haberle\u015fme a\u011flar\u0131nda \u0131srarla vurguluyor. Bu isimler, cenazeye kat\u0131lacak \u00f6rg\u00fct mensuplar\u0131n\u0131 tan\u0131mad\u0131klar\u0131 ki\u015filere kar\u015f\u0131 dikkatli olmaya ve tahrik edici konu\u015fmalardan uzak durmaya \u00e7a\u011f\u0131r\u0131yorlar. \u00d6rg\u00fct y\u00f6netiminden \u201cCenazede bile sa\u011f\u0131n\u0131z\u0131 solunuzu dinleyin, kola\u00e7an edin\u201d gibi mesajlar haberle\u015fme a\u011flar\u0131na g\u00f6nderiliyor. Ya\u015fanan tedirginlik nedeniyle cenazeye QR kodla girilmesine &hellip;","og_url":"https:\/\/denizcankizil.tr\/ru\/haberler\/gundem\/terorist-elebasi-fetullah-gulenin-cenazesine-qr-kodu-ile-girilecek\/","og_site_name":"Av. Deniz Can K\u0131z\u0131l","article_published_time":"2024-10-24T14:41:18+00:00","twitter_card":"summary_large_image","twitter_misc":{"\u041f\u0440\u0438\u043c\u0435\u0440\u043d\u043e\u0435 \u0432\u0440\u0435\u043c\u044f \u0434\u043b\u044f \u0447\u0442\u0435\u043d\u0438\u044f":"3 \u043c\u0438\u043d\u0443\u0442\u044b"},"schema":{"@context":"https:\/\/schema.org","@graph":[{"@type":"Article","@id":"https:\/\/denizcankizil.tr\/ru\/haberler\/gundem\/terorist-elebasi-fetullah-gulenin-cenazesine-qr-kodu-ile-girilecek\/#article","isPartOf":{"@id":"https:\/\/denizcankizil.tr\/ru\/haberler\/gundem\/terorist-elebasi-fetullah-gulenin-cenazesine-qr-kodu-ile-girilecek\/"},"author":{"name":"","@id":""},"headline":"Ter\u00f6rist eleba\u015f\u0131 Fetullah G\u00fclen\u2019in cenazesine QR kodu ile girilecek","datePublished":"2024-10-24T14:41:18+00:00","mainEntityOfPage":{"@id":"https:\/\/denizcankizil.tr\/ru\/haberler\/gundem\/terorist-elebasi-fetullah-gulenin-cenazesine-qr-kodu-ile-girilecek\/"},"wordCount":517,"commentCount":0,"publisher":{"@id":"https:\/\/denizcankizil.tr\/de\/#organization"},"articleSection":["G\u00fcndem","Uncategorized"],"inLanguage":"ru-RU","potentialAction":[{"@type":"CommentAction","name":"Comment","target":["https:\/\/denizcankizil.tr\/ru\/haberler\/gundem\/terorist-elebasi-fetullah-gulenin-cenazesine-qr-kodu-ile-girilecek\/#respond"]}]},{"@type":"WebPage","@id":"https:\/\/denizcankizil.tr\/ru\/haberler\/gundem\/terorist-elebasi-fetullah-gulenin-cenazesine-qr-kodu-ile-girilecek\/","url":"https:\/\/denizcankizil.tr\/ru\/haberler\/gundem\/terorist-elebasi-fetullah-gulenin-cenazesine-qr-kodu-ile-girilecek\/","name":"Ter\u00f6rist eleba\u015f\u0131 Fetullah G\u00fclen\u2019in cenazesine QR kodu ile girilecek - Av. Deniz Can K\u0131z\u0131l","isPartOf":{"@id":"https:\/\/denizcankizil.tr\/de\/#website"},"datePublished":"2024-10-24T14:41:18+00:00","breadcrumb":{"@id":"https:\/\/denizcankizil.tr\/ru\/haberler\/gundem\/terorist-elebasi-fetullah-gulenin-cenazesine-qr-kodu-ile-girilecek\/#breadcrumb"},"inLanguage":"ru-RU","potentialAction":[{"@type":"ReadAction","target":["https:\/\/denizcankizil.tr\/ru\/haberler\/gundem\/terorist-elebasi-fetullah-gulenin-cenazesine-qr-kodu-ile-girilecek\/"]}]},{"@type":"BreadcrumbList","@id":"https:\/\/denizcankizil.tr\/ru\/haberler\/gundem\/terorist-elebasi-fetullah-gulenin-cenazesine-qr-kodu-ile-girilecek\/#breadcrumb","itemListElement":[{"@type":"ListItem","position":1,"name":"Home","item":"https:\/\/denizcankizil.tr\/de\/"},{"@type":"ListItem","position":2,"name":"Ter\u00f6rist eleba\u015f\u0131 Fetullah G\u00fclen\u2019in cenazesine QR kodu ile girilecek"}]},{"@type":"WebSite","@id":"https:\/\/denizcankizil.tr\/de\/#website","url":"https:\/\/denizcankizil.tr\/de\/","name":"Av. Deniz Can K\u0131z\u0131l","description":"Avukat Deniz Can K\u0131z\u0131l Antalya Barosu","publisher":{"@id":"https:\/\/denizcankizil.tr\/de\/#organization"},"potentialAction":[{"@type":"SearchAction","target":{"@type":"EntryPoint","urlTemplate":"https:\/\/denizcankizil.tr\/de\/?s={search_term_string}"},"query-input":{"@type":"PropertyValueSpecification","valueRequired":true,"valueName":"search_term_string"}}],"inLanguage":"ru-RU"},{"@type":"Organization","@id":"https:\/\/denizcankizil.tr\/de\/#organization","name":"Av. Deniz Can K\u0131z\u0131l","url":"https:\/\/denizcankizil.tr\/de\/","logo":{"@type":"ImageObject","inLanguage":"ru-RU","@id":"https:\/\/denizcankizil.tr\/de\/#\/schema\/logo\/image\/","url":"https:\/\/denizcankizil.tr\/wp-content\/uploads\/2024\/10\/siyah-logo-svg.svg","contentUrl":"https:\/\/denizcankizil.tr\/wp-content\/uploads\/2024\/10\/siyah-logo-svg.svg","width":1080,"height":1080,"caption":"Av. Deniz Can K\u0131z\u0131l"},"image":{"@id":"https:\/\/denizcankizil.tr\/de\/#\/schema\/logo\/image\/"}}]}},"_links":{"self":[{"href":"https:\/\/denizcankizil.tr\/ru\/wp-json\/wp\/v2\/posts\/7630","targetHints":{"allow":["GET"]}}],"collection":[{"href":"https:\/\/denizcankizil.tr\/ru\/wp-json\/wp\/v2\/posts"}],"about":[{"href":"https:\/\/denizcankizil.tr\/ru\/wp-json\/wp\/v2\/types\/post"}],"replies":[{"embeddable":true,"href":"https:\/\/denizcankizil.tr\/ru\/wp-json\/wp\/v2\/comments?post=7630"}],"version-history":[{"count":0,"href":"https:\/\/denizcankizil.tr\/ru\/wp-json\/wp\/v2\/posts\/7630\/revisions"}],"wp:attachment":[{"href":"https:\/\/denizcankizil.tr\/ru\/wp-json\/wp\/v2\/media?parent=7630"}],"wp:term":[{"taxonomy":"category","embeddable":true,"href":"https:\/\/denizcankizil.tr\/ru\/wp-json\/wp\/v2\/categories?post=7630"},{"taxonomy":"post_tag","embeddable":true,"href":"https:\/\/denizcankizil.tr\/ru\/wp-json\/wp\/v2\/tags?post=7630"}],"curies":[{"name":"wp","href":"https:\/\/api.w.org\/{rel}","templated":true}]}}